{"id":10074,"date":"2026-05-01T15:44:39","date_gmt":"2026-05-01T13:44:39","guid":{"rendered":"https:\/\/sarmacjabedzin.pl\/?p=10074"},"modified":"2026-05-01T15:47:49","modified_gmt":"2026-05-01T13:47:49","slug":"majowkowy-remis","status":"publish","type":"post","link":"https:\/\/sarmacjabedzin.pl\/index.php\/2026\/05\/01\/majowkowy-remis\/","title":{"rendered":"Maj\u00f3wkowy remis!"},"content":{"rendered":"<p data-start=\"99\" data-end=\"631\">Nietypowo, bo w pi\u0105tek &#8211; 1 maja 2026 roku o godzinie 11:00 pi\u0142karze Sarmacji B\u0119dzin rozegrali kolejne spotkanie ligowe. W ramach 23. kolejki zmierzyli si\u0119 na wyje\u017adzie z zespo\u0142em G\u00f3rnika Wojkowice. Gospodarze zajmowali 4. miejsce w tabeli z dorobkiem 45 punkt\u00f3w. Sarmacja natomiast pewnie przewodzi\u0142a rozgrywkom, maj\u0105c na koncie 55 oczek. W ostatniej kolejce dru\u017cyna z Wojkowic przed w\u0142asn\u0105 publiczno\u015bci\u0105 pokona\u0142a Jastrz\u0105b Bielszowice a\u017c 4:0. Sarmacja r\u00f3wnie\u017c odnios\u0142a efektowne zwyci\u0119stwo, wygrywaj\u0105c u siebie z Unia Z\u0105bkowice 5:1.<\/p>\n<p data-start=\"633\" data-end=\"1227\">Jesienne spotkanie obu zespo\u0142\u00f3w w B\u0119dzinie zako\u0144czy\u0142o si\u0119 zwyci\u0119stwem G\u00f3rnika 2:1. Jedynego gola dla b\u0119dzinian zdoby\u0142 Patryk Wnuk. By\u0142a to jak dot\u0105d jedyna pora\u017cka Sarmat\u00f3w w obecnym sezonie. Pi\u0105tkowy mecz zapowiada\u0142 si\u0119 niezwykle emocjonuj\u0105co i rzeczywi\u015bcie taki by\u0142. W \u015bwi\u0105teczne popo\u0142udnie trybuny stadionu w Wojkowicach wype\u0142ni\u0142y si\u0119 liczn\u0105 rzesz\u0105 kibic\u00f3w obu dru\u017cyn, tworz\u0105c \u015bwietn\u0105, pi\u0142karsk\u0105 atmosfer\u0119. Niestety, w sk\u0142adzie Sarmacji wci\u0105\u017c brakowa\u0142o trenera Tomasza Nowaka, kt\u00f3ry nadal zmaga si\u0119 z urazem odniesionym w finale pucharu. Kibice z B\u0119dzina z nadziej\u0105 wyczekiwali jego powrotu.<\/p>\n<p data-start=\"1229\" data-end=\"1716\">Jak przysta\u0142o na lidera, Sarmaci od pierwszego gwizdka ruszyli do ataku. Ju\u017c w 1. minucie Daniel Kami\u0144ski sprawdzi\u0142 czujno\u015b\u0107 bramkarza gospodarzy, jednak ten zdo\u0142a\u0142 nogami wybi\u0107 pi\u0142k\u0119. W 6. minucie po gro\u017anej g\u0142\u00f3wce Marka Kocota futbol\u00f3wk\u0119 zmierzaj\u0105c\u0105 do siatki z linii bramkowej wybi\u0142 obro\u0144ca G\u00f3rnika. Sze\u015b\u0107 minut p\u00f3\u017aniej pi\u0119knym uderzeniem z obrotu popisa\u0142 si\u0119 Hubert Sych, lecz i tym razem miejscowi zdo\u0142ali za\u017cegna\u0107 niebezpiecze\u0144stwo, ponownie wybijaj\u0105c futbol\u00f3wk\u0119 z linii bramkowej.<\/p>\n<p data-start=\"1718\" data-end=\"2074\">Nap\u00f3r Sarmacji przyni\u00f3s\u0142 efekt w 13. minucie. Marek Kocot pos\u0142a\u0142 pi\u0142k\u0119 w pole karne, a tam Micha\u0142 Dul skutecznie skierowa\u0142 j\u0105 do siatki. Pierwszy kwadrans spotkania by\u0142 absolutn\u0105 dominacj\u0105 b\u0119dzinian. Niestety, szybko zdobyta bramka nieco u\u015bpi\u0142a czujno\u015b\u0107 go\u015bci. Ju\u017c dwie minuty p\u00f3\u017aniej Rafa\u0142 Dawid musia\u0142 ratowa\u0107 sw\u00f3j zesp\u00f3\u0142, broni\u0105c gro\u017any strza\u0142 z bliska.<\/p>\n<p data-start=\"2076\" data-end=\"2552\">W 25. minucie gospodarze niespodziewanie doprowadzili do wyr\u00f3wnania. Sprytem wykaza\u0142 si\u0119 wychowanek Sarmacji, Klaudiusz Ku\u0142aga, kt\u00f3ry przechwyci\u0142 pi\u0142k\u0119 Markowi Kocotowi, pop\u0119dzi\u0142 na bramk\u0119 i pewnym strza\u0142em pokona\u0142 golkipera go\u015bci. Zanim Sarmaci zd\u0105\u017cyli si\u0119 otrz\u0105sn\u0105\u0107, by\u0142o ju\u017c 2:1 dla G\u00f3rnika. W 29. minucie Jakub Dobias, mimo asysty dw\u00f3ch obro\u0144c\u00f3w, zdo\u0142a\u0142 odda\u0107 skuteczny strza\u0142 z bliska. Dwa b\u0142\u0119dy kosztowa\u0142y lidera utrat\u0119 prowadzenia, a do przerwy wynik nie uleg\u0142 zmianie.<\/p>\n<p data-start=\"2554\" data-end=\"2783\">Drug\u0105 po\u0142ow\u0119 lepiej rozpocz\u0119li gospodarze, kt\u00f3rzy pr\u00f3bowali p\u00f3j\u015b\u0107 za ciosem. W 49. minucie pi\u0142ka poszybowa\u0142a nad poprzeczk\u0105 bramki Rafa\u0142a Dawida, a w 61. minucie nasz bramkarz wygra\u0142 pojedynek sam na sam, ponownie ratuj\u0105c zesp\u00f3\u0142.<\/p>\n<p data-start=\"2785\" data-end=\"3135\">Chwil\u0119 wcze\u015bniej na murawie pojawili si\u0119 \u0141ukasz Ignalski i Karol G\u00f3ral, kt\u00f3rzy wyra\u017anie o\u017cywili gr\u0119 Sarmacji. Efekt przyszed\u0142 szybko \u2013 w 62. minucie Mateusz Popczyk przechwyci\u0142 pi\u0142k\u0119 w \u015brodku pola, ruszy\u0142 dynamicznie na bramk\u0119 i w sytuacji sam na sam nie da\u0142 szans bramkarzowi, doprowadzaj\u0105c do remisu 2:2. Ulga na trybunach by\u0142a wyra\u017anie odczuwalna.<\/p>\n<p data-start=\"3137\" data-end=\"3461\">Sarmaci poczuli krew i ruszyli po zwyci\u0119stwo. Ju\u017c dwie minuty p\u00f3\u017aniej bliski szcz\u0119\u015bcia by\u0142 Daniel Kami\u0144ski, lecz jego lob nad bramkarzem zosta\u0142 wybity z linii bramkowej. W kolejnej akcji golkiper gospodarzy popisa\u0142 si\u0119 fantastycznymi interwencjami, najpierw broni\u0105c g\u0142\u00f3wk\u0119 Kami\u0144skiego, a chwil\u0119 p\u00f3\u017aniej dobitk\u0119 Micha\u0142a Dula.<\/p>\n<p data-start=\"3463\" data-end=\"3804\">Nie zabrak\u0142o r\u00f3wnie\u017c kontrowersji. W 70. minucie Kacper Jasi\u0144ski upad\u0142 w polu karnym po kontakcie z rywalem, jednak s\u0119dzia ekstraklasowy Piotr Lasyk nie dopatrzy\u0142 si\u0119 przewinienia. Ju\u017c w pierwszej po\u0142owie arbiter nie ukara\u0142 zawodnika gospodarzy za faul taktyczny na Danielu Kami\u0144skim, co wywo\u0142a\u0142o spore niezadowolenie w\u015br\u00f3d kibic\u00f3w Sarmacji.<\/p>\n<p data-start=\"3806\" data-end=\"4119\">W 75. minucie gro\u017anie z dystansu uderza\u0142 Marek Kocot, lecz bramkarz G\u00f3rnika zdo\u0142a\u0142 sparowa\u0107 pi\u0142k\u0119. Ko\u0144c\u00f3wka spotkania to prawdziwe obl\u0119\u017cenie bramki gospodarzy \u2013 przys\u0142owiowa \u201eobrona Cz\u0119stochowy\u201d. W 89. minucie po raz kolejny \u015bwietnie interweniowa\u0142a defensywa G\u00f3rnika, zatrzymuj\u0105c g\u0142\u00f3wk\u0119 Kocota na linii bramkowej.<\/p>\n<p data-start=\"4121\" data-end=\"4260\">Mimo ogromnej determinacji i naporu, Sarmaci nie zdo\u0142ali przechyli\u0107 szali zwyci\u0119stwa na swoj\u0105 stron\u0119. Spotkanie zako\u0144czy\u0142o si\u0119 remisem 2:2.<\/p>\n<p data-start=\"4262\" data-end=\"4483\">Pozostaje niedosyt, bo dwa b\u0142\u0119dy zadecydowa\u0142y o utracie punkt\u00f3w. Z drugiej strony cieszy walka do ko\u0144ca oraz powr\u00f3t \u0141ukasza Ignalskiego, kt\u00f3ry zaprezentowa\u0142 si\u0119 bardzo dobrze, pokazuj\u0105c szybko\u015b\u0107, zaanga\u017cowanie i g\u0142\u00f3d gry.<\/p>\n<p data-start=\"4485\" data-end=\"4737\">Przed dru\u017cyn\u0105 kr\u00f3tki maj\u00f3wkowy odpoczynek, a ju\u017c za tydzie\u0144 wyjazdowe starcie z Kamionk\u0105 Miko\u0142\u00f3w. W mi\u0119dzyczasie prze\u0142o\u017cono spotkanie G\u00f3rnika Piaski ze Stadionem \u015al\u0105skim Chorz\u00f3w na 6 maja, a Warta Zawiercie zmierzy si\u0119 z Jastrz\u0119biem Bielszowice 3 maja.<\/p>\n<p data-start=\"4739\" data-end=\"5044\">Mecz z trybun obserwowa\u0142 trener G\u00f3rnika Piaski, Marcin Paul \u2013 niewykluczone, \u017ce ju\u017c wkr\u00f3tce jego dru\u017cyna stanie naprzeciw Sarmacji w bezpo\u015bredniej walce o awans. Na ten moment jednak nic si\u0119 nie zmienia \u2013 Sarmacja pozostaje liderem rozgrywek, a kibice mog\u0105 z umiarkowanym optymizmem spojrze\u0107 w przysz\u0142o\u015b\u0107.<\/p>\n<hr data-start=\"2579\" data-end=\"2582\" \/>\n<p data-start=\"2584\" data-end=\"2666\"><strong data-start=\"2584\" data-end=\"2632\">G\u00f3rnik Wojkowice \u2013 Sarmacja B\u0119dzin 2:2 (2:1)<\/strong><\/p>\n<p data-start=\"2584\" data-end=\"2666\"><strong data-start=\"2635\" data-end=\"2646\">S\u0119dzia:<\/strong> Piotr Lasyk (Bytom)<\/p>\n<p data-start=\"2668\" data-end=\"2705\"><strong data-start=\"2668\" data-end=\"2679\">Bramki:<\/strong><br data-start=\"2679\" data-end=\"2682\" \/>13&#8242; Dul<br data-start=\"2689\" data-end=\"2692\" \/>62&#8242; Popczyk<br \/>\n_____________<br \/>\n25&#8242; Ku\u0142aga<br data-start=\"2717\" data-end=\"2720\" \/>29&#8242; Dobias<\/p>\n<p data-start=\"2734\" data-end=\"2930\"><strong data-start=\"2734\" data-end=\"2754\">Sarmacja B\u0119dzin:<\/strong> Dawid \u2013 Dul (74&#8242; Hajdara), Habrat, Wnuk, Kami\u0144ski, Sych (46&#8242; G\u00f3ral), Widurski (46&#8242; Ignalski), Zalewski, Kocot, Jasi\u0144ski (77&#8242; Samborski), Popczyk.<br data-start=\"2900\" data-end=\"2903\" \/><strong data-start=\"2903\" data-end=\"2914\">Trener:<\/strong> Tomasz Nowak.<\/p>\n<p data-start=\"2932\" data-end=\"3132\" data-is-last-node=\"\" data-is-only-node=\"\"><strong data-start=\"2932\" data-end=\"2953\">G\u00f3rnik Wojkowice:<\/strong> Koz\u0142owski \u2013 Nowak, Sitko, Wawrzyn, Wieczorek (74&#8242; Chru\u015bciel), Ku\u0142aga, Krzos, Wo\u017aniak (65&#8242; Sk\u00f3rka), Kiwior (83&#8242; W\u0142och), Dyrda (77&#8242; Kr\u00f3lczyk), Dobias.<br data-start=\"3102\" data-end=\"3105\" \/><strong data-start=\"3105\" data-end=\"3116\">Trener:<\/strong> Mateusz Ma\u0144dok.<\/p>\n","protected":false},"excerpt":{"rendered":"<p>Nietypowo, bo w pi\u0105tek &#8211; 1 maja 2026 roku o godzinie 11:00 pi\u0142karze Sarmacji B\u0119dzin rozegrali kolejne spotkanie ligowe. W ramach 23. kolejki zmierzyli si\u0119 na wyje\u017adzie z zespo\u0142em G\u00f3rnika Wojkowice. Gospodarze zajmowali 4. miejsce w tabeli z dorobkiem 45 punkt\u00f3w. Sarmacja natomiast pewnie przewodzi\u0142a rozgrywkom, maj\u0105c na koncie 55 oczek. W ostatniej kolejce dru\u017cyna&#8230;<\/p>\n","protected":false},"author":1,"featured_media":10076,"comment_status":"closed","ping_status":"closed","sticky":false,"template":"","format":"standard","meta":{"footnotes":""},"categories":[64,142],"tags":[],"class_list":["post-10074","post","type-post","status-publish","format-standard","has-post-thumbnail","hentry","category-soccer","category-relacja-z-meczu"],"yoast_head":"<!-- This site is optimized with the Yoast SEO plugin v25.8 - https:\/\/yoast.com\/wordpress\/plugins\/seo\/ -->\n<title>Maj\u00f3wkowy remis! | BKS Sarmacja B\u0119dzin<\/title>\n<meta name=\"robots\" content=\"index, follow, max-snippet:-1, max-image-preview:large, max-video-preview:-1\" \/>\n<link rel=\"canonical\" href=\"https:\/\/sarmacjabedzin.pl\/index.php\/2026\/05\/01\/majowkowy-remis\/\" \/>\n<meta property=\"og:locale\" content=\"pl_PL\" \/>\n<meta property=\"og:type\" content=\"article\" \/>\n<meta property=\"og:title\" content=\"Maj\u00f3wkowy remis! | BKS Sarmacja B\u0119dzin\" \/>\n<meta property=\"og:description\" content=\"Nietypowo, bo w pi\u0105tek &#8211; 1 maja 2026 roku o godzinie 11:00 pi\u0142karze Sarmacji B\u0119dzin rozegrali kolejne spotkanie ligowe. W ramach 23. kolejki zmierzyli si\u0119 na wyje\u017adzie z zespo\u0142em G\u00f3rnika Wojkowice. Gospodarze zajmowali 4. miejsce w tabeli z dorobkiem 45 punkt\u00f3w. Sarmacja natomiast pewnie przewodzi\u0142a rozgrywkom, maj\u0105c na koncie 55 oczek. W ostatniej kolejce dru\u017cyna...\" \/>\n<meta property=\"og:url\" content=\"https:\/\/sarmacjabedzin.pl\/index.php\/2026\/05\/01\/majowkowy-remis\/\" \/>\n<meta property=\"og:site_name\" content=\"BKS Sarmacja B\u0119dzin\" \/>\n<meta property=\"article:publisher\" content=\"https:\/\/www.facebook.com\/SarmacjaBedzin\" \/>\n<meta property=\"article:published_time\" content=\"2026-05-01T13:44:39+00:00\" \/>\n<meta property=\"article:modified_time\" content=\"2026-05-01T13:47:49+00:00\" \/>\n<meta property=\"og:image\" content=\"http:\/\/sarmacjabedzin.pl\/wp-content\/uploads\/2026\/05\/Gornik_www.jpg\" \/>\n\t<meta property=\"og:image:width\" content=\"1920\" \/>\n\t<meta property=\"og:image:height\" content=\"1280\" \/>\n\t<meta property=\"og:image:type\" content=\"image\/jpeg\" \/>\n<meta name=\"author\" content=\"tyrtak\" \/>\n<meta name=\"twitter:card\" content=\"summary_large_image\" \/>\n<meta name=\"twitter:label1\" content=\"Napisane przez\" \/>\n\t<meta name=\"twitter:data1\" content=\"tyrtak\" \/>\n\t<meta name=\"twitter:label2\" content=\"Szacowany czas czytania\" \/>\n\t<meta name=\"twitter:data2\" content=\"5 minut\" \/>\n<script type=\"application\/ld+json\" class=\"yoast-schema-graph\">{\"@context\":\"https:\/\/schema.org\",\"@graph\":[{\"@type\":\"WebPage\",\"@id\":\"https:\/\/sarmacjabedzin.pl\/index.php\/2026\/05\/01\/majowkowy-remis\/\",\"url\":\"https:\/\/sarmacjabedzin.pl\/index.php\/2026\/05\/01\/majowkowy-remis\/\",\"name\":\"Maj\u00f3wkowy remis! | BKS Sarmacja B\u0119dzin\",\"isPartOf\":{\"@id\":\"https:\/\/sarmacjabedzin.pl\/#website\"},\"primaryImageOfPage\":{\"@id\":\"https:\/\/sarmacjabedzin.pl\/index.php\/2026\/05\/01\/majowkowy-remis\/#primaryimage\"},\"image\":{\"@id\":\"https:\/\/sarmacjabedzin.pl\/index.php\/2026\/05\/01\/majowkowy-remis\/#primaryimage\"},\"thumbnailUrl\":\"https:\/\/sarmacjabedzin.pl\/wp-content\/uploads\/2026\/05\/Gornik_www.jpg\",\"datePublished\":\"2026-05-01T13:44:39+00:00\",\"dateModified\":\"2026-05-01T13:47:49+00:00\",\"author\":{\"@id\":\"https:\/\/sarmacjabedzin.pl\/#\/schema\/person\/5417ea7b03bcd9adf58298a2265ce03a\"},\"breadcrumb\":{\"@id\":\"https:\/\/sarmacjabedzin.pl\/index.php\/2026\/05\/01\/majowkowy-remis\/#breadcrumb\"},\"inLanguage\":\"pl-PL\",\"potentialAction\":[{\"@type\":\"ReadAction\",\"target\":[\"https:\/\/sarmacjabedzin.pl\/index.php\/2026\/05\/01\/majowkowy-remis\/\"]}]},{\"@type\":\"ImageObject\",\"inLanguage\":\"pl-PL\",\"@id\":\"https:\/\/sarmacjabedzin.pl\/index.php\/2026\/05\/01\/majowkowy-remis\/#primaryimage\",\"url\":\"https:\/\/sarmacjabedzin.pl\/wp-content\/uploads\/2026\/05\/Gornik_www.jpg\",\"contentUrl\":\"https:\/\/sarmacjabedzin.pl\/wp-content\/uploads\/2026\/05\/Gornik_www.jpg\",\"width\":1920,\"height\":1280},{\"@type\":\"BreadcrumbList\",\"@id\":\"https:\/\/sarmacjabedzin.pl\/index.php\/2026\/05\/01\/majowkowy-remis\/#breadcrumb\",\"itemListElement\":[{\"@type\":\"ListItem\",\"position\":1,\"name\":\"Strona g\u0142\u00f3wna\",\"item\":\"https:\/\/sarmacjabedzin.pl\/\"},{\"@type\":\"ListItem\",\"position\":2,\"name\":\"Maj\u00f3wkowy remis!\"}]},{\"@type\":\"WebSite\",\"@id\":\"https:\/\/sarmacjabedzin.pl\/#website\",\"url\":\"https:\/\/sarmacjabedzin.pl\/\",\"name\":\"BKS Sarmacja B\u0119dzin \u2013 Nieoficjalny serwis\",\"description\":\"Nieoficjalny serwis B\u0119dzi\u0144skiego Klubu Sportowego &quot;Sarmacja&quot;\",\"potentialAction\":[{\"@type\":\"SearchAction\",\"target\":{\"@type\":\"EntryPoint\",\"urlTemplate\":\"https:\/\/sarmacjabedzin.pl\/?s={search_term_string}\"},\"query-input\":{\"@type\":\"PropertyValueSpecification\",\"valueRequired\":true,\"valueName\":\"search_term_string\"}}],\"inLanguage\":\"pl-PL\"},{\"@type\":\"Person\",\"@id\":\"https:\/\/sarmacjabedzin.pl\/#\/schema\/person\/5417ea7b03bcd9adf58298a2265ce03a\",\"name\":\"tyrtak\",\"image\":{\"@type\":\"ImageObject\",\"inLanguage\":\"pl-PL\",\"@id\":\"https:\/\/sarmacjabedzin.pl\/#\/schema\/person\/image\/\",\"url\":\"https:\/\/secure.gravatar.com\/avatar\/49b7734c6795cf524710e96813a9fedc1ae3816e479d92490236b4cfc47a5ae1?s=96&d=mm&r=g\",\"contentUrl\":\"https:\/\/secure.gravatar.com\/avatar\/49b7734c6795cf524710e96813a9fedc1ae3816e479d92490236b4cfc47a5ae1?s=96&d=mm&r=g\",\"caption\":\"tyrtak\"}}]}<\/script>\n<!-- \/ Yoast SEO plugin. -->","yoast_head_json":{"title":"Maj\u00f3wkowy remis! | BKS Sarmacja B\u0119dzin","robots":{"index":"index","follow":"follow","max-snippet":"max-snippet:-1","max-image-preview":"max-image-preview:large","max-video-preview":"max-video-preview:-1"},"canonical":"https:\/\/sarmacjabedzin.pl\/index.php\/2026\/05\/01\/majowkowy-remis\/","og_locale":"pl_PL","og_type":"article","og_title":"Maj\u00f3wkowy remis! | BKS Sarmacja B\u0119dzin","og_description":"Nietypowo, bo w pi\u0105tek &#8211; 1 maja 2026 roku o godzinie 11:00 pi\u0142karze Sarmacji B\u0119dzin rozegrali kolejne spotkanie ligowe. W ramach 23. kolejki zmierzyli si\u0119 na wyje\u017adzie z zespo\u0142em G\u00f3rnika Wojkowice. Gospodarze zajmowali 4. miejsce w tabeli z dorobkiem 45 punkt\u00f3w. Sarmacja natomiast pewnie przewodzi\u0142a rozgrywkom, maj\u0105c na koncie 55 oczek. W ostatniej kolejce dru\u017cyna...","og_url":"https:\/\/sarmacjabedzin.pl\/index.php\/2026\/05\/01\/majowkowy-remis\/","og_site_name":"BKS Sarmacja B\u0119dzin","article_publisher":"https:\/\/www.facebook.com\/SarmacjaBedzin","article_published_time":"2026-05-01T13:44:39+00:00","article_modified_time":"2026-05-01T13:47:49+00:00","og_image":[{"width":1920,"height":1280,"url":"http:\/\/sarmacjabedzin.pl\/wp-content\/uploads\/2026\/05\/Gornik_www.jpg","type":"image\/jpeg"}],"author":"tyrtak","twitter_card":"summary_large_image","twitter_misc":{"Napisane przez":"tyrtak","Szacowany czas czytania":"5 minut"},"schema":{"@context":"https:\/\/schema.org","@graph":[{"@type":"WebPage","@id":"https:\/\/sarmacjabedzin.pl\/index.php\/2026\/05\/01\/majowkowy-remis\/","url":"https:\/\/sarmacjabedzin.pl\/index.php\/2026\/05\/01\/majowkowy-remis\/","name":"Maj\u00f3wkowy remis! | BKS Sarmacja B\u0119dzin","isPartOf":{"@id":"https:\/\/sarmacjabedzin.pl\/#website"},"primaryImageOfPage":{"@id":"https:\/\/sarmacjabedzin.pl\/index.php\/2026\/05\/01\/majowkowy-remis\/#primaryimage"},"image":{"@id":"https:\/\/sarmacjabedzin.pl\/index.php\/2026\/05\/01\/majowkowy-remis\/#primaryimage"},"thumbnailUrl":"https:\/\/sarmacjabedzin.pl\/wp-content\/uploads\/2026\/05\/Gornik_www.jpg","datePublished":"2026-05-01T13:44:39+00:00","dateModified":"2026-05-01T13:47:49+00:00","author":{"@id":"https:\/\/sarmacjabedzin.pl\/#\/schema\/person\/5417ea7b03bcd9adf58298a2265ce03a"},"breadcrumb":{"@id":"https:\/\/sarmacjabedzin.pl\/index.php\/2026\/05\/01\/majowkowy-remis\/#breadcrumb"},"inLanguage":"pl-PL","potentialAction":[{"@type":"ReadAction","target":["https:\/\/sarmacjabedzin.pl\/index.php\/2026\/05\/01\/majowkowy-remis\/"]}]},{"@type":"ImageObject","inLanguage":"pl-PL","@id":"https:\/\/sarmacjabedzin.pl\/index.php\/2026\/05\/01\/majowkowy-remis\/#primaryimage","url":"https:\/\/sarmacjabedzin.pl\/wp-content\/uploads\/2026\/05\/Gornik_www.jpg","contentUrl":"https:\/\/sarmacjabedzin.pl\/wp-content\/uploads\/2026\/05\/Gornik_www.jpg","width":1920,"height":1280},{"@type":"BreadcrumbList","@id":"https:\/\/sarmacjabedzin.pl\/index.php\/2026\/05\/01\/majowkowy-remis\/#breadcrumb","itemListElement":[{"@type":"ListItem","position":1,"name":"Strona g\u0142\u00f3wna","item":"https:\/\/sarmacjabedzin.pl\/"},{"@type":"ListItem","position":2,"name":"Maj\u00f3wkowy remis!"}]},{"@type":"WebSite","@id":"https:\/\/sarmacjabedzin.pl\/#website","url":"https:\/\/sarmacjabedzin.pl\/","name":"BKS Sarmacja B\u0119dzin \u2013 Nieoficjalny serwis","description":"Nieoficjalny serwis B\u0119dzi\u0144skiego Klubu Sportowego &quot;Sarmacja&quot;","potentialAction":[{"@type":"SearchAction","target":{"@type":"EntryPoint","urlTemplate":"https:\/\/sarmacjabedzin.pl\/?s={search_term_string}"},"query-input":{"@type":"PropertyValueSpecification","valueRequired":true,"valueName":"search_term_string"}}],"inLanguage":"pl-PL"},{"@type":"Person","@id":"https:\/\/sarmacjabedzin.pl\/#\/schema\/person\/5417ea7b03bcd9adf58298a2265ce03a","name":"tyrtak","image":{"@type":"ImageObject","inLanguage":"pl-PL","@id":"https:\/\/sarmacjabedzin.pl\/#\/schema\/person\/image\/","url":"https:\/\/secure.gravatar.com\/avatar\/49b7734c6795cf524710e96813a9fedc1ae3816e479d92490236b4cfc47a5ae1?s=96&d=mm&r=g","contentUrl":"https:\/\/secure.gravatar.com\/avatar\/49b7734c6795cf524710e96813a9fedc1ae3816e479d92490236b4cfc47a5ae1?s=96&d=mm&r=g","caption":"tyrtak"}}]}},"rttpg_featured_image_url":{"full":["https:\/\/sarmacjabedzin.pl\/wp-content\/uploads\/2026\/05\/Gornik_www.jpg",1920,1280,false],"landscape":["https:\/\/sarmacjabedzin.pl\/wp-content\/uploads\/2026\/05\/Gornik_www.jpg",1920,1280,false],"portraits":["https:\/\/sarmacjabedzin.pl\/wp-content\/uploads\/2026\/05\/Gornik_www.jpg",1920,1280,false],"thumbnail":["https:\/\/sarmacjabedzin.pl\/wp-content\/uploads\/2026\/05\/Gornik_www.jpg",150,100,false],"medium":["https:\/\/sarmacjabedzin.pl\/wp-content\/uploads\/2026\/05\/Gornik_www.jpg",300,200,false],"large":["https:\/\/sarmacjabedzin.pl\/wp-content\/uploads\/2026\/05\/Gornik_www.jpg",1024,683,false],"1536x1536":["https:\/\/sarmacjabedzin.pl\/wp-content\/uploads\/2026\/05\/Gornik_www.jpg",1536,1024,false],"2048x2048":["https:\/\/sarmacjabedzin.pl\/wp-content\/uploads\/2026\/05\/Gornik_www.jpg",1920,1280,false],"sportspress-crop-medium":["https:\/\/sarmacjabedzin.pl\/wp-content\/uploads\/2026\/05\/Gornik_www.jpg",300,200,false],"sportspress-fit-medium":["https:\/\/sarmacjabedzin.pl\/wp-content\/uploads\/2026\/05\/Gornik_www.jpg",300,200,false],"sportspress-fit-icon":["https:\/\/sarmacjabedzin.pl\/wp-content\/uploads\/2026\/05\/Gornik_www.jpg",128,85,false],"sportspress-fit-mini":["https:\/\/sarmacjabedzin.pl\/wp-content\/uploads\/2026\/05\/Gornik_www.jpg",32,21,false],"ultp_layout_landscape_large":["https:\/\/sarmacjabedzin.pl\/wp-content\/uploads\/2026\/05\/Gornik_www.jpg",1200,800,false],"ultp_layout_landscape":["https:\/\/sarmacjabedzin.pl\/wp-content\/uploads\/2026\/05\/Gornik_www.jpg",855,570,false],"ultp_layout_portrait":["https:\/\/sarmacjabedzin.pl\/wp-content\/uploads\/2026\/05\/Gornik_www.jpg",600,400,false],"ultp_layout_square":["https:\/\/sarmacjabedzin.pl\/wp-content\/uploads\/2026\/05\/Gornik_www.jpg",600,400,false],"stm-1140-666":["https:\/\/sarmacjabedzin.pl\/wp-content\/uploads\/2026\/05\/Gornik_www.jpg",999,666,false],"stm-1170-650":["https:\/\/sarmacjabedzin.pl\/wp-content\/uploads\/2026\/05\/Gornik_www.jpg",975,650,false],"stm-570-350":["https:\/\/sarmacjabedzin.pl\/wp-content\/uploads\/2026\/05\/Gornik_www.jpg",525,350,false],"stm-570-250":["https:\/\/sarmacjabedzin.pl\/wp-content\/uploads\/2026\/05\/Gornik_www.jpg",375,250,false],"stm-270-370":["https:\/\/sarmacjabedzin.pl\/wp-content\/uploads\/2026\/05\/Gornik_www.jpg",270,180,false],"stm-540-500":["https:\/\/sarmacjabedzin.pl\/wp-content\/uploads\/2026\/05\/Gornik_www.jpg",540,360,false],"stm-270-530":["https:\/\/sarmacjabedzin.pl\/wp-content\/uploads\/2026\/05\/Gornik_www.jpg",270,180,false],"stm-200-200":["https:\/\/sarmacjabedzin.pl\/wp-content\/uploads\/2026\/05\/Gornik_www.jpg",200,133,false],"stm-85-105":["https:\/\/sarmacjabedzin.pl\/wp-content\/uploads\/2026\/05\/Gornik_www.jpg",85,57,false],"stm-255-255":["https:\/\/sarmacjabedzin.pl\/wp-content\/uploads\/2026\/05\/Gornik_www.jpg",255,170,false],"stm-360-240":["https:\/\/sarmacjabedzin.pl\/wp-content\/uploads\/2026\/05\/Gornik_www.jpg",360,240,false],"stm-360-495":["https:\/\/sarmacjabedzin.pl\/wp-content\/uploads\/2026\/05\/Gornik_www.jpg",360,240,false],"stm-445-400":["https:\/\/sarmacjabedzin.pl\/wp-content\/uploads\/2026\/05\/Gornik_www.jpg",445,297,false],"stm-735-240":["https:\/\/sarmacjabedzin.pl\/wp-content\/uploads\/2026\/05\/Gornik_www.jpg",360,240,false],"stm-255-183":["https:\/\/sarmacjabedzin.pl\/wp-content\/uploads\/2026\/05\/Gornik_www.jpg",255,170,false],"stm-350-250":["https:\/\/sarmacjabedzin.pl\/wp-content\/uploads\/2026\/05\/Gornik_www.jpg",350,233,false],"blog_list":["https:\/\/sarmacjabedzin.pl\/wp-content\/uploads\/2026\/05\/Gornik_www.jpg",270,180,false],"blog_list_medium":["https:\/\/sarmacjabedzin.pl\/wp-content\/uploads\/2026\/05\/Gornik_www.jpg",390,260,false],"gallery_thumbnail":["https:\/\/sarmacjabedzin.pl\/wp-content\/uploads\/2026\/05\/Gornik_www.jpg",80,53,false],"gallery_image":["https:\/\/sarmacjabedzin.pl\/wp-content\/uploads\/2026\/05\/Gornik_www.jpg",551,367,false],"gallery_image_mini":["https:\/\/sarmacjabedzin.pl\/wp-content\/uploads\/2026\/05\/Gornik_www.jpg",143,95,false],"player_photo":["https:\/\/sarmacjabedzin.pl\/wp-content\/uploads\/2026\/05\/Gornik_www.jpg",740,493,false],"team_logo":["https:\/\/sarmacjabedzin.pl\/wp-content\/uploads\/2026\/05\/Gornik_www.jpg",98,65,false],"player_stat_ava":["https:\/\/sarmacjabedzin.pl\/wp-content\/uploads\/2026\/05\/Gornik_www.jpg",550,367,false],"post-350-220":["https:\/\/sarmacjabedzin.pl\/wp-content\/uploads\/2026\/05\/Gornik_www.jpg",330,220,false],"post-275-142":["https:\/\/sarmacjabedzin.pl\/wp-content\/uploads\/2026\/05\/Gornik_www.jpg",213,142,false],"post-160-120":["https:\/\/sarmacjabedzin.pl\/wp-content\/uploads\/2026\/05\/Gornik_www.jpg",160,107,false],"post-110-70":["https:\/\/sarmacjabedzin.pl\/wp-content\/uploads\/2026\/05\/Gornik_www.jpg",105,70,false],"post-770-450":["https:\/\/sarmacjabedzin.pl\/wp-content\/uploads\/2026\/05\/Gornik_www.jpg",675,450,false],"post-370-210":["https:\/\/sarmacjabedzin.pl\/wp-content\/uploads\/2026\/05\/Gornik_www.jpg",315,210,false],"post-457-470":["https:\/\/sarmacjabedzin.pl\/wp-content\/uploads\/2026\/05\/Gornik_www.jpg",457,305,false],"post-370-420":["https:\/\/sarmacjabedzin.pl\/wp-content\/uploads\/2026\/05\/Gornik_www.jpg",370,247,false],"stm-445-445":["https:\/\/sarmacjabedzin.pl\/wp-content\/uploads\/2026\/05\/Gornik_www.jpg",445,297,false],"stm-555-460":["https:\/\/sarmacjabedzin.pl\/wp-content\/uploads\/2026\/05\/Gornik_www.jpg",555,370,false],"stm-350-450":["https:\/\/sarmacjabedzin.pl\/wp-content\/uploads\/2026\/05\/Gornik_www.jpg",350,233,false],"stm-720-440":["https:\/\/sarmacjabedzin.pl\/wp-content\/uploads\/2026\/05\/Gornik_www.jpg",660,440,false],"stm-270-270":["https:\/\/sarmacjabedzin.pl\/wp-content\/uploads\/2026\/05\/Gornik_www.jpg",270,180,false],"stm-760-450":["https:\/\/sarmacjabedzin.pl\/wp-content\/uploads\/2026\/05\/Gornik_www.jpg",675,450,false]},"rttpg_author":{"display_name":"tyrtak","author_link":false},"rttpg_comment":0,"rttpg_category":"<a href=\"https:\/\/sarmacjabedzin.pl\/index.php\/category\/soccer\/\" rel=\"category tag\">Liga<\/a> <a href=\"https:\/\/sarmacjabedzin.pl\/index.php\/category\/soccer\/relacja-z-meczu\/\" rel=\"category tag\">Relacja z meczu<\/a>","rttpg_excerpt":"Nietypowo, bo w pi\u0105tek &#8211; 1 maja 2026 roku o godzinie 11:00 pi\u0142karze Sarmacji B\u0119dzin rozegrali kolejne spotkanie ligowe. W ramach 23. kolejki zmierzyli si\u0119 na wyje\u017adzie z zespo\u0142em G\u00f3rnika Wojkowice. Gospodarze zajmowali 4. miejsce w tabeli z dorobkiem 45 punkt\u00f3w. Sarmacja natomiast pewnie przewodzi\u0142a rozgrywkom, maj\u0105c na koncie 55 oczek. W ostatniej kolejce dru\u017cyna...","_links":{"self":[{"href":"https:\/\/sarmacjabedzin.pl\/index.php\/wp-json\/wp\/v2\/posts\/10074","targetHints":{"allow":["GET"]}}],"collection":[{"href":"https:\/\/sarmacjabedzin.pl\/index.php\/wp-json\/wp\/v2\/posts"}],"about":[{"href":"https:\/\/sarmacjabedzin.pl\/index.php\/wp-json\/wp\/v2\/types\/post"}],"author":[{"embeddable":true,"href":"https:\/\/sarmacjabedzin.pl\/index.php\/wp-json\/wp\/v2\/users\/1"}],"replies":[{"embeddable":true,"href":"https:\/\/sarmacjabedzin.pl\/index.php\/wp-json\/wp\/v2\/comments?post=10074"}],"version-history":[{"count":2,"href":"https:\/\/sarmacjabedzin.pl\/index.php\/wp-json\/wp\/v2\/posts\/10074\/revisions"}],"predecessor-version":[{"id":10078,"href":"https:\/\/sarmacjabedzin.pl\/index.php\/wp-json\/wp\/v2\/posts\/10074\/revisions\/10078"}],"wp:featuredmedia":[{"embeddable":true,"href":"https:\/\/sarmacjabedzin.pl\/index.php\/wp-json\/wp\/v2\/media\/10076"}],"wp:attachment":[{"href":"https:\/\/sarmacjabedzin.pl\/index.php\/wp-json\/wp\/v2\/media?parent=10074"}],"wp:term":[{"taxonomy":"category","embeddable":true,"href":"https:\/\/sarmacjabedzin.pl\/index.php\/wp-json\/wp\/v2\/categories?post=10074"},{"taxonomy":"post_tag","embeddable":true,"href":"https:\/\/sarmacjabedzin.pl\/index.php\/wp-json\/wp\/v2\/tags?post=10074"}],"curies":[{"name":"wp","href":"https:\/\/api.w.org\/{rel}","templated":true}]}}