{"id":1030,"date":"2017-06-11T08:15:59","date_gmt":"2017-06-11T06:15:59","guid":{"rendered":"http:\/\/sarmacjabedzin.pl\/index.php\/2017\/06\/11\/porazka-na-zakonczenie\/"},"modified":"2017-06-11T08:15:59","modified_gmt":"2017-06-11T06:15:59","slug":"porazka-na-zakonczenie","status":"publish","type":"post","link":"https:\/\/sarmacjabedzin.pl\/index.php\/2017\/06\/11\/porazka-na-zakonczenie\/","title":{"rendered":"Pora\u017cka na zako\u0144czenie!"},"content":{"rendered":"<p style=\"margin-bottom: 0cm;\">Dzi\u015b 10.06.2017r o godz.17.00 pi\u0142karze Sarmacji B\u0119dzin w meczu wyjazdowym z Poloni\u0105 Poraj rozegrali ostatnie spotkanie sezonu 2016\/2017. Jesieni\u0105 mecz pomi\u0119dzy obu dru\u017cynami zako\u0144czy\u0142 si\u0119 bezbramkowym remisem. Przed t\u0105 kolejk\u0105 b\u0119dzinianie mieli jeszcze cie\u0144 nadziei na zameldowanie si\u0119 na \u201epudle\u201d na koniec tych rozgrywek.<\/p>\n<p style=\"margin-bottom: 0cm;\">W 2 minucie pi\u0142k\u0119 wrzucon\u0105 z rzutu ro\u017cnego na d\u0142ugi s\u0142upek bramki Sarmat\u00f3w przejmuje zawodnik gospodarzy, a nast\u0119pnie zgrywa j\u0105 na czwarty metr do Marcina Kowalskiego.<\/p>\n<p style=\"margin-bottom: 0cm;\">Ten z z bliskiej odleg\u0142o\u015bci pos\u0142a\u0142 j\u0105 do siatki go\u015bci daj\u0105c szybkie prowadzenie miejscowym.<\/p>\n<p style=\"margin-bottom: 0cm;\">W 5 minucie Rafa\u0142 J\u0119drzejczyk p\u0119dz\u0105c praw\u0105 stron\u0105 boiska pos\u0142a\u0142 futbol\u00f3wk\u0119 do znajduj\u0105cego si\u0119 w polu karnym Alexa Tyszczaka. Niestety jego strza\u0142 przelecia\u0142 obok bramki.<\/p>\n<p style=\"margin-bottom: 0cm;\">W 7 minucie silne uderzenie Artura Nowaka zza pola karnego, bramkarz gospodarzy wybi\u0142 wprost pod nogi Rafa\u0142a J\u0119drzejczyka, kt\u00f3ry bez trudu zdoby\u0142 wyr\u00f3wnuj\u0105cego gola.<\/p>\n<p style=\"margin-bottom: 0cm;\">W 11 minucie Alex Tyszczak ponownie posy\u0142a pi\u0142k\u0119 nad bramk\u0105 rywala.<\/p>\n<p style=\"margin-bottom: 0cm;\">W 13 minucie strza\u0142 Remigiusza Malickiego z trudem na r\u00f3g zdo\u0142a\u0142 sparowa\u0107 golkiper Polonii.<\/p>\n<p style=\"margin-bottom: 0cm;\">W 21 minucie w identycznej sytuacji jak przy pierwszej bramce miejscowi zdobyli drugiego gola. Tym razem strzelcem by\u0142 S\u0142awomir Piwi\u0144ski.<\/p>\n<p style=\"margin-bottom: 0cm;\">Chwil\u0119 potem gospodarze prowadzili 3:1. Samotn\u0105 akcj\u0119 rozegra\u0142 Marcin Kowalski, kt\u00f3ry przechwytuj\u0105c pi\u0142k\u0119 w \u015brodku pola pobieg\u0142 z ni\u0105 w kierunku bramki Tomasza Lewandowskiego.<\/p>\n<p style=\"margin-bottom: 0cm;\">Mijaj\u0105c z \u0142atwo\u015bci\u0105 obro\u0144c\u00f3w Sarmacji z odleg\u0142o\u015bci 10 metr\u00f3w umie\u015bci\u0142 futbol\u00f3wk\u0119 w sieci go\u015bci.<\/p>\n<p style=\"margin-bottom: 0cm;\">W 24 minucie Artur Nowak wpadaj\u0105c w pole karne rywala odda\u0142 niecelny strza\u0142.<\/p>\n<p style=\"margin-bottom: 0cm;\">W 44 minucie Artur Nowak wy\u0142o\u017cy\u0142 pi\u0142k\u0119 na pi\u0105ty metr do Rafa\u0142a J\u0119drzejczyka, a ten trafi\u0142 ni\u0105 wprost w bramkarza.<\/p>\n<p style=\"margin-bottom: 0cm;\">W 53 minucie Micha\u0142 Dyrda zagra\u0142 do Bartosza Derlatki, kt\u00f3ry odda\u0142 strza\u0142 obok s\u0142upka.<\/p>\n<p style=\"margin-bottom: 0cm;\">Chwil\u0119 potem Daniel Majka po rzucie ro\u017cnym Micha\u0142a Dyrdy z bliska odda\u0142 strza\u0142, kt\u00f3ry z du\u017cym trudem bramkarz go\u015bci zdo\u0142a\u0142 obroni\u0107.<\/p>\n<p style=\"margin-bottom: 0cm;\">W 59 minucie \u015bwietn\u0105 interwencj\u0105 bramkarsk\u0105 popisa\u0142 si\u0119 Tomasz Lewandowski, kt\u00f3ry zdo\u0142a\u0142 obroni\u0107 silny strza\u0142 pi\u0142karza miejscowych.<\/p>\n<p style=\"margin-bottom: 0cm;\">W 65 minucie Rafa\u0142 J\u0119drzejczyk po podaniu Roberta Marynioka w polu karnym rywala odda\u0142 kolejne niecelne uderzenie.<\/p>\n<p style=\"margin-bottom: 0cm;\">W 66 minucie wynik spotkania na 4: 1 dla miejscowych podwy\u017cszy\u0142 Mateusz Paw\u0142owski, kt\u00f3ry z bliskiej odleg\u0142o\u015bci pokona\u0142 golkipera b\u0119dzinian.<\/p>\n<p style=\"margin-bottom: 0cm;\">W 71 minucie swojego trzeciego gola w tym spotkaniu zdoby\u0142 Marcin Kowalski, kt\u00f3ry ponownie indywidualnym rajdem zako\u0144czy\u0142 skutecznie ca\u0142\u0105 akcj\u0119 wyprowadzaj\u0105c swoj\u0105 dru\u017cyn\u0119 na 5:1.<\/p>\n<p style=\"margin-bottom: 0cm;\">W 80 minucie strza\u0142 z dystansu Tomasza Kity golkiper Polonii zdo\u0142a\u0142 wybroni\u0107.<\/p>\n<p style=\"margin-bottom: 0cm;\">W 90 minucie gospodarze nie wykorzystali idealnej sytuacji na kolejnego gola. Pi\u0142k\u0119 wrzucon\u0105 z prawej strony wprost na g\u0142ow\u0119 swojego kolegi z \u0142atwo\u015bci\u0105 przepu\u015bci\u0142 Dariusz Maciejowski. Na szcz\u0119\u015bcie zawodnik gospodarzy w idealnej sytuacji pos\u0142a\u0142 j\u0105 obok bramki.<\/p>\n<p style=\"margin-bottom: 0cm;\">W doliczonym ju\u017c czasie Artur Nowak p\u0119dz\u0105c praw\u0105 stron\u0105 boiska z \u0142atwo\u015bci\u0105 wpad\u0142 w pole karne rywala, a nast\u0119pnie skierowa\u0142 futbol\u00f3wk\u0119 do siatki gospodarzy.<\/p>\n<p style=\"margin-bottom: 0cm;\">Ostatecznie Sarmacja B\u0119dzin po\u017cegna\u0142a sezon 2016\/2017 wysok\u0105 pora\u017ck\u0105 z miejscow\u0105 Poloni\u0105 Poraj 5:1. Dzi\u015b w spotkaniu nie m\u00f3g\u0142 zagra\u0107 nasz filar dru\u017cyny kapitan J\u00f3zef Misztal pauzuj\u0105cy za kartki. Jego brak na murawie by\u0142 widoczny. Na pocieszenie pozostaje fakt, \u017ce nawet zwyci\u0119stwo w tym spotkaniu nie dawa\u0142o b\u0119dzinianom szans na zaj\u0119cie miejsca na \u201epudle\u201d. Sarmacja w ko\u0144cowej klasyfikacji uplasowa\u0142a si\u0119 na 4 lokacie, kt\u00f3ra z perspektywy ca\u0142ego sezonu nie jest najgorsza, cho\u0107 mog\u0142a by\u0107 zdecydowanie lepsza. Przy 12 pora\u017ckach w ca\u0142ych rozgrywkach wynik ostateczny jest niez\u0142y.<\/p>\n<p style=\"margin-bottom: 0cm;\">Tym samym sezon 2016\/2017 uwa\u017camy za zako\u0144czony.<\/p>\n<p style=\"margin-bottom: 0cm;\">\u00a0<\/p>\n<p style=\"margin-bottom: 0cm;\"><strong>Polonia Poraj \u2013 Sarmacja B\u0119dzin 5:2 (3:1)<\/strong><\/p>\n<p style=\"margin-bottom: 0cm;\"><strong>Bramki:<\/strong><\/p>\n<p style=\"margin-bottom: 0cm;\">7&#8242; J\u0119drzejczyk<\/p>\n<p style=\"margin-bottom: 0cm;\">90&#8217;+1&#8242; Nowak<\/p>\n<p style=\"margin-bottom: 0cm;\">________________________<\/p>\n<p style=\"margin-bottom: 0cm;\">2&#8242;, 22&#8242;, 71&#8242; Kowalski<\/p>\n<p style=\"margin-bottom: 0cm;\">21&#8242; Piwi\u0144ski<\/p>\n<p style=\"margin-bottom: 0cm;\">66&#8242; Paw\u0142owski<\/p>\n<p style=\"margin-bottom: 0cm;\">\u00a0<\/p>\n<p style=\"margin-bottom: 0cm;\"><strong>\u017b\u00f3\u0142ta kartka:<\/strong><\/p>\n<p style=\"margin-bottom: 0cm;\">73&#8242; B.Derlatka<\/p>\n<p style=\"margin-bottom: 0cm;\">\u00a0<\/p>\n<p>\u00a0<\/p>\n<p style=\"margin-bottom: 0cm;\">Sarmacja B\u0119dzin: Lewandowski (72&#8242; Maciejowski), Sroka, Majka, Buchcik, Maryniok, Tyszczak, Kita, B.Derlatka (75&#8242; Kowalczyk), J\u0119drzejczyk, Nowak, Malicki (46&#8242; Dyrda)<\/p>\n","protected":false},"excerpt":{"rendered":"<p>Dzi\u015b 10.06.2017r o godz.17.00 pi\u0142karze Sarmacji B\u0119dzin w meczu wyjazdowym z Poloni\u0105 Poraj rozegrali ostatnie spotkanie sezonu 2016\/2017. Jesieni\u0105 mecz pomi\u0119dzy obu dru\u017cynami zako\u0144czy\u0142 si\u0119 bezbramkowym remisem. Przed t\u0105 kolejk\u0105 b\u0119dzinianie mieli jeszcze cie\u0144 nadziei na zameldowanie si\u0119 na \u201epudle\u201d na koniec tych rozgrywek. W 2 minucie pi\u0142k\u0119 wrzucon\u0105 z rzutu ro\u017cnego na d\u0142ugi s\u0142upek&#8230;<\/p>\n","protected":false},"author":1,"featured_media":1029,"comment_status":"open","ping_status":"open","sticky":false,"template":"","format":"standard","meta":{"footnotes":""},"categories":[64],"tags":[],"class_list":["post-1030","post","type-post","status-publish","format-standard","has-post-thumbnail","hentry","category-soccer"],"yoast_head":"<!-- This site is optimized with the Yoast SEO plugin v25.8 - https:\/\/yoast.com\/wordpress\/plugins\/seo\/ -->\n<title>Pora\u017cka na zako\u0144czenie! | BKS Sarmacja B\u0119dzin<\/title>\n<meta name=\"robots\" content=\"index, follow, max-snippet:-1, max-image-preview:large, max-video-preview:-1\" \/>\n<link rel=\"canonical\" href=\"https:\/\/sarmacjabedzin.pl\/index.php\/2017\/06\/11\/porazka-na-zakonczenie\/\" \/>\n<meta property=\"og:locale\" content=\"pl_PL\" \/>\n<meta property=\"og:type\" content=\"article\" \/>\n<meta property=\"og:title\" content=\"Pora\u017cka na zako\u0144czenie! | BKS Sarmacja B\u0119dzin\" \/>\n<meta property=\"og:description\" content=\"Dzi\u015b 10.06.2017r o godz.17.00 pi\u0142karze Sarmacji B\u0119dzin w meczu wyjazdowym z Poloni\u0105 Poraj rozegrali ostatnie spotkanie sezonu 2016\/2017. Jesieni\u0105 mecz pomi\u0119dzy obu dru\u017cynami zako\u0144czy\u0142 si\u0119 bezbramkowym remisem. Przed t\u0105 kolejk\u0105 b\u0119dzinianie mieli jeszcze cie\u0144 nadziei na zameldowanie si\u0119 na \u201epudle\u201d na koniec tych rozgrywek. W 2 minucie pi\u0142k\u0119 wrzucon\u0105 z rzutu ro\u017cnego na d\u0142ugi s\u0142upek...\" \/>\n<meta property=\"og:url\" content=\"https:\/\/sarmacjabedzin.pl\/index.php\/2017\/06\/11\/porazka-na-zakonczenie\/\" \/>\n<meta property=\"og:site_name\" content=\"BKS Sarmacja B\u0119dzin\" \/>\n<meta property=\"article:publisher\" content=\"https:\/\/www.facebook.com\/SarmacjaBedzin\" \/>\n<meta property=\"article:published_time\" content=\"2017-06-11T06:15:59+00:00\" \/>\n<meta property=\"og:image\" content=\"https:\/\/sarmacjabedzin.pl\/wp-content\/uploads\/2017\/06\/poloniaporaj2.jpg\" \/>\n\t<meta property=\"og:image:width\" content=\"1280\" \/>\n\t<meta property=\"og:image:height\" content=\"720\" \/>\n\t<meta property=\"og:image:type\" content=\"image\/jpeg\" \/>\n<meta name=\"author\" content=\"tyrtak\" \/>\n<meta name=\"twitter:card\" content=\"summary_large_image\" \/>\n<meta name=\"twitter:label1\" content=\"Napisane przez\" \/>\n\t<meta name=\"twitter:data1\" content=\"tyrtak\" \/>\n\t<meta name=\"twitter:label2\" content=\"Szacowany czas czytania\" \/>\n\t<meta name=\"twitter:data2\" content=\"3 minuty\" \/>\n<script type=\"application\/ld+json\" class=\"yoast-schema-graph\">{\"@context\":\"https:\/\/schema.org\",\"@graph\":[{\"@type\":\"WebPage\",\"@id\":\"https:\/\/sarmacjabedzin.pl\/index.php\/2017\/06\/11\/porazka-na-zakonczenie\/\",\"url\":\"https:\/\/sarmacjabedzin.pl\/index.php\/2017\/06\/11\/porazka-na-zakonczenie\/\",\"name\":\"Pora\u017cka na zako\u0144czenie! | BKS Sarmacja B\u0119dzin\",\"isPartOf\":{\"@id\":\"https:\/\/sarmacjabedzin.pl\/#website\"},\"primaryImageOfPage\":{\"@id\":\"https:\/\/sarmacjabedzin.pl\/index.php\/2017\/06\/11\/porazka-na-zakonczenie\/#primaryimage\"},\"image\":{\"@id\":\"https:\/\/sarmacjabedzin.pl\/index.php\/2017\/06\/11\/porazka-na-zakonczenie\/#primaryimage\"},\"thumbnailUrl\":\"https:\/\/sarmacjabedzin.pl\/wp-content\/uploads\/2017\/06\/poloniaporaj2.jpg\",\"datePublished\":\"2017-06-11T06:15:59+00:00\",\"author\":{\"@id\":\"https:\/\/sarmacjabedzin.pl\/#\/schema\/person\/5417ea7b03bcd9adf58298a2265ce03a\"},\"breadcrumb\":{\"@id\":\"https:\/\/sarmacjabedzin.pl\/index.php\/2017\/06\/11\/porazka-na-zakonczenie\/#breadcrumb\"},\"inLanguage\":\"pl-PL\",\"potentialAction\":[{\"@type\":\"ReadAction\",\"target\":[\"https:\/\/sarmacjabedzin.pl\/index.php\/2017\/06\/11\/porazka-na-zakonczenie\/\"]}]},{\"@type\":\"ImageObject\",\"inLanguage\":\"pl-PL\",\"@id\":\"https:\/\/sarmacjabedzin.pl\/index.php\/2017\/06\/11\/porazka-na-zakonczenie\/#primaryimage\",\"url\":\"https:\/\/sarmacjabedzin.pl\/wp-content\/uploads\/2017\/06\/poloniaporaj2.jpg\",\"contentUrl\":\"https:\/\/sarmacjabedzin.pl\/wp-content\/uploads\/2017\/06\/poloniaporaj2.jpg\",\"width\":1280,\"height\":720},{\"@type\":\"BreadcrumbList\",\"@id\":\"https:\/\/sarmacjabedzin.pl\/index.php\/2017\/06\/11\/porazka-na-zakonczenie\/#breadcrumb\",\"itemListElement\":[{\"@type\":\"ListItem\",\"position\":1,\"name\":\"Strona g\u0142\u00f3wna\",\"item\":\"https:\/\/sarmacjabedzin.pl\/\"},{\"@type\":\"ListItem\",\"position\":2,\"name\":\"Pora\u017cka na zako\u0144czenie!\"}]},{\"@type\":\"WebSite\",\"@id\":\"https:\/\/sarmacjabedzin.pl\/#website\",\"url\":\"https:\/\/sarmacjabedzin.pl\/\",\"name\":\"BKS Sarmacja B\u0119dzin \u2013 Nieoficjalny serwis\",\"description\":\"Nieoficjalny serwis B\u0119dzi\u0144skiego Klubu Sportowego &quot;Sarmacja&quot;\",\"potentialAction\":[{\"@type\":\"SearchAction\",\"target\":{\"@type\":\"EntryPoint\",\"urlTemplate\":\"https:\/\/sarmacjabedzin.pl\/?s={search_term_string}\"},\"query-input\":{\"@type\":\"PropertyValueSpecification\",\"valueRequired\":true,\"valueName\":\"search_term_string\"}}],\"inLanguage\":\"pl-PL\"},{\"@type\":\"Person\",\"@id\":\"https:\/\/sarmacjabedzin.pl\/#\/schema\/person\/5417ea7b03bcd9adf58298a2265ce03a\",\"name\":\"tyrtak\",\"image\":{\"@type\":\"ImageObject\",\"inLanguage\":\"pl-PL\",\"@id\":\"https:\/\/sarmacjabedzin.pl\/#\/schema\/person\/image\/\",\"url\":\"https:\/\/secure.gravatar.com\/avatar\/49b7734c6795cf524710e96813a9fedc1ae3816e479d92490236b4cfc47a5ae1?s=96&d=mm&r=g\",\"contentUrl\":\"https:\/\/secure.gravatar.com\/avatar\/49b7734c6795cf524710e96813a9fedc1ae3816e479d92490236b4cfc47a5ae1?s=96&d=mm&r=g\",\"caption\":\"tyrtak\"}}]}<\/script>\n<!-- \/ Yoast SEO plugin. -->","yoast_head_json":{"title":"Pora\u017cka na zako\u0144czenie! | BKS Sarmacja B\u0119dzin","robots":{"index":"index","follow":"follow","max-snippet":"max-snippet:-1","max-image-preview":"max-image-preview:large","max-video-preview":"max-video-preview:-1"},"canonical":"https:\/\/sarmacjabedzin.pl\/index.php\/2017\/06\/11\/porazka-na-zakonczenie\/","og_locale":"pl_PL","og_type":"article","og_title":"Pora\u017cka na zako\u0144czenie! | BKS Sarmacja B\u0119dzin","og_description":"Dzi\u015b 10.06.2017r o godz.17.00 pi\u0142karze Sarmacji B\u0119dzin w meczu wyjazdowym z Poloni\u0105 Poraj rozegrali ostatnie spotkanie sezonu 2016\/2017. Jesieni\u0105 mecz pomi\u0119dzy obu dru\u017cynami zako\u0144czy\u0142 si\u0119 bezbramkowym remisem. Przed t\u0105 kolejk\u0105 b\u0119dzinianie mieli jeszcze cie\u0144 nadziei na zameldowanie si\u0119 na \u201epudle\u201d na koniec tych rozgrywek. W 2 minucie pi\u0142k\u0119 wrzucon\u0105 z rzutu ro\u017cnego na d\u0142ugi s\u0142upek...","og_url":"https:\/\/sarmacjabedzin.pl\/index.php\/2017\/06\/11\/porazka-na-zakonczenie\/","og_site_name":"BKS Sarmacja B\u0119dzin","article_publisher":"https:\/\/www.facebook.com\/SarmacjaBedzin","article_published_time":"2017-06-11T06:15:59+00:00","og_image":[{"width":1280,"height":720,"url":"https:\/\/sarmacjabedzin.pl\/wp-content\/uploads\/2017\/06\/poloniaporaj2.jpg","type":"image\/jpeg"}],"author":"tyrtak","twitter_card":"summary_large_image","twitter_misc":{"Napisane przez":"tyrtak","Szacowany czas czytania":"3 minuty"},"schema":{"@context":"https:\/\/schema.org","@graph":[{"@type":"WebPage","@id":"https:\/\/sarmacjabedzin.pl\/index.php\/2017\/06\/11\/porazka-na-zakonczenie\/","url":"https:\/\/sarmacjabedzin.pl\/index.php\/2017\/06\/11\/porazka-na-zakonczenie\/","name":"Pora\u017cka na zako\u0144czenie! | BKS Sarmacja B\u0119dzin","isPartOf":{"@id":"https:\/\/sarmacjabedzin.pl\/#website"},"primaryImageOfPage":{"@id":"https:\/\/sarmacjabedzin.pl\/index.php\/2017\/06\/11\/porazka-na-zakonczenie\/#primaryimage"},"image":{"@id":"https:\/\/sarmacjabedzin.pl\/index.php\/2017\/06\/11\/porazka-na-zakonczenie\/#primaryimage"},"thumbnailUrl":"https:\/\/sarmacjabedzin.pl\/wp-content\/uploads\/2017\/06\/poloniaporaj2.jpg","datePublished":"2017-06-11T06:15:59+00:00","author":{"@id":"https:\/\/sarmacjabedzin.pl\/#\/schema\/person\/5417ea7b03bcd9adf58298a2265ce03a"},"breadcrumb":{"@id":"https:\/\/sarmacjabedzin.pl\/index.php\/2017\/06\/11\/porazka-na-zakonczenie\/#breadcrumb"},"inLanguage":"pl-PL","potentialAction":[{"@type":"ReadAction","target":["https:\/\/sarmacjabedzin.pl\/index.php\/2017\/06\/11\/porazka-na-zakonczenie\/"]}]},{"@type":"ImageObject","inLanguage":"pl-PL","@id":"https:\/\/sarmacjabedzin.pl\/index.php\/2017\/06\/11\/porazka-na-zakonczenie\/#primaryimage","url":"https:\/\/sarmacjabedzin.pl\/wp-content\/uploads\/2017\/06\/poloniaporaj2.jpg","contentUrl":"https:\/\/sarmacjabedzin.pl\/wp-content\/uploads\/2017\/06\/poloniaporaj2.jpg","width":1280,"height":720},{"@type":"BreadcrumbList","@id":"https:\/\/sarmacjabedzin.pl\/index.php\/2017\/06\/11\/porazka-na-zakonczenie\/#breadcrumb","itemListElement":[{"@type":"ListItem","position":1,"name":"Strona g\u0142\u00f3wna","item":"https:\/\/sarmacjabedzin.pl\/"},{"@type":"ListItem","position":2,"name":"Pora\u017cka na zako\u0144czenie!"}]},{"@type":"WebSite","@id":"https:\/\/sarmacjabedzin.pl\/#website","url":"https:\/\/sarmacjabedzin.pl\/","name":"BKS Sarmacja B\u0119dzin \u2013 Nieoficjalny serwis","description":"Nieoficjalny serwis B\u0119dzi\u0144skiego Klubu Sportowego &quot;Sarmacja&quot;","potentialAction":[{"@type":"SearchAction","target":{"@type":"EntryPoint","urlTemplate":"https:\/\/sarmacjabedzin.pl\/?s={search_term_string}"},"query-input":{"@type":"PropertyValueSpecification","valueRequired":true,"valueName":"search_term_string"}}],"inLanguage":"pl-PL"},{"@type":"Person","@id":"https:\/\/sarmacjabedzin.pl\/#\/schema\/person\/5417ea7b03bcd9adf58298a2265ce03a","name":"tyrtak","image":{"@type":"ImageObject","inLanguage":"pl-PL","@id":"https:\/\/sarmacjabedzin.pl\/#\/schema\/person\/image\/","url":"https:\/\/secure.gravatar.com\/avatar\/49b7734c6795cf524710e96813a9fedc1ae3816e479d92490236b4cfc47a5ae1?s=96&d=mm&r=g","contentUrl":"https:\/\/secure.gravatar.com\/avatar\/49b7734c6795cf524710e96813a9fedc1ae3816e479d92490236b4cfc47a5ae1?s=96&d=mm&r=g","caption":"tyrtak"}}]}},"rttpg_featured_image_url":{"full":["https:\/\/sarmacjabedzin.pl\/wp-content\/uploads\/2017\/06\/poloniaporaj2.jpg",1280,720,false],"landscape":["https:\/\/sarmacjabedzin.pl\/wp-content\/uploads\/2017\/06\/poloniaporaj2.jpg",1280,720,false],"portraits":["https:\/\/sarmacjabedzin.pl\/wp-content\/uploads\/2017\/06\/poloniaporaj2.jpg",1280,720,false],"thumbnail":["https:\/\/sarmacjabedzin.pl\/wp-content\/uploads\/2017\/06\/poloniaporaj2-150x150.jpg",150,150,true],"medium":["https:\/\/sarmacjabedzin.pl\/wp-content\/uploads\/2017\/06\/poloniaporaj2-300x169.jpg",300,169,true],"large":["https:\/\/sarmacjabedzin.pl\/wp-content\/uploads\/2017\/06\/poloniaporaj2-1024x576.jpg",1024,576,true],"1536x1536":["https:\/\/sarmacjabedzin.pl\/wp-content\/uploads\/2017\/06\/poloniaporaj2.jpg",1280,720,false],"2048x2048":["https:\/\/sarmacjabedzin.pl\/wp-content\/uploads\/2017\/06\/poloniaporaj2.jpg",1280,720,false],"sportspress-crop-medium":["https:\/\/sarmacjabedzin.pl\/wp-content\/uploads\/2017\/06\/poloniaporaj2-300x300.jpg",300,300,true],"sportspress-fit-medium":["https:\/\/sarmacjabedzin.pl\/wp-content\/uploads\/2017\/06\/poloniaporaj2-300x169.jpg",300,169,true],"sportspress-fit-icon":["https:\/\/sarmacjabedzin.pl\/wp-content\/uploads\/2017\/06\/poloniaporaj2-128x72.jpg",128,72,true],"sportspress-fit-mini":["https:\/\/sarmacjabedzin.pl\/wp-content\/uploads\/2017\/06\/poloniaporaj2-32x18.jpg",32,18,true],"ultp_layout_landscape_large":["https:\/\/sarmacjabedzin.pl\/wp-content\/uploads\/2017\/06\/poloniaporaj2.jpg",1200,675,false],"ultp_layout_landscape":["https:\/\/sarmacjabedzin.pl\/wp-content\/uploads\/2017\/06\/poloniaporaj2.jpg",870,489,false],"ultp_layout_portrait":["https:\/\/sarmacjabedzin.pl\/wp-content\/uploads\/2017\/06\/poloniaporaj2.jpg",600,338,false],"ultp_layout_square":["https:\/\/sarmacjabedzin.pl\/wp-content\/uploads\/2017\/06\/poloniaporaj2.jpg",600,338,false],"stm-1140-666":["https:\/\/sarmacjabedzin.pl\/wp-content\/uploads\/2017\/06\/poloniaporaj2-1140x666.jpg",1140,666,true],"stm-1170-650":["https:\/\/sarmacjabedzin.pl\/wp-content\/uploads\/2017\/06\/poloniaporaj2-1170x650.jpg",1170,650,true],"stm-570-350":["https:\/\/sarmacjabedzin.pl\/wp-content\/uploads\/2017\/06\/poloniaporaj2-570x350.jpg",570,350,true],"stm-570-250":["https:\/\/sarmacjabedzin.pl\/wp-content\/uploads\/2017\/06\/poloniaporaj2-570x250.jpg",570,250,true],"stm-270-370":["https:\/\/sarmacjabedzin.pl\/wp-content\/uploads\/2017\/06\/poloniaporaj2-270x370.jpg",270,370,true],"stm-540-500":["https:\/\/sarmacjabedzin.pl\/wp-content\/uploads\/2017\/06\/poloniaporaj2-540x500.jpg",540,500,true],"stm-270-530":["https:\/\/sarmacjabedzin.pl\/wp-content\/uploads\/2017\/06\/poloniaporaj2-270x530.jpg",270,530,true],"stm-200-200":["https:\/\/sarmacjabedzin.pl\/wp-content\/uploads\/2017\/06\/poloniaporaj2-200x200.jpg",200,200,true],"stm-85-105":["https:\/\/sarmacjabedzin.pl\/wp-content\/uploads\/2017\/06\/poloniaporaj2-85x105.jpg",85,105,true],"stm-255-255":["https:\/\/sarmacjabedzin.pl\/wp-content\/uploads\/2017\/06\/poloniaporaj2-255x255.jpg",255,255,true],"stm-360-240":["https:\/\/sarmacjabedzin.pl\/wp-content\/uploads\/2017\/06\/poloniaporaj2-360x240.jpg",360,240,true],"stm-360-495":["https:\/\/sarmacjabedzin.pl\/wp-content\/uploads\/2017\/06\/poloniaporaj2-360x495.jpg",360,495,true],"stm-445-400":["https:\/\/sarmacjabedzin.pl\/wp-content\/uploads\/2017\/06\/poloniaporaj2-445x400.jpg",445,400,true],"stm-735-240":["https:\/\/sarmacjabedzin.pl\/wp-content\/uploads\/2017\/06\/poloniaporaj2-735x240.jpg",735,240,true],"stm-255-183":["https:\/\/sarmacjabedzin.pl\/wp-content\/uploads\/2017\/06\/poloniaporaj2-255x183.jpg",255,183,true],"stm-350-250":["https:\/\/sarmacjabedzin.pl\/wp-content\/uploads\/2017\/06\/poloniaporaj2-350x250.jpg",350,250,true],"blog_list":["https:\/\/sarmacjabedzin.pl\/wp-content\/uploads\/2017\/06\/poloniaporaj2-270x220.jpg",270,220,true],"blog_list_medium":["https:\/\/sarmacjabedzin.pl\/wp-content\/uploads\/2017\/06\/poloniaporaj2-390x345.jpg",390,345,true],"gallery_thumbnail":["https:\/\/sarmacjabedzin.pl\/wp-content\/uploads\/2017\/06\/poloniaporaj2-80x80.jpg",80,80,true],"gallery_image":["https:\/\/sarmacjabedzin.pl\/wp-content\/uploads\/2017\/06\/poloniaporaj2-560x367.jpg",560,367,true],"gallery_image_mini":["https:\/\/sarmacjabedzin.pl\/wp-content\/uploads\/2017\/06\/poloniaporaj2-143x116.jpg",143,116,true],"player_photo":["https:\/\/sarmacjabedzin.pl\/wp-content\/uploads\/2017\/06\/poloniaporaj2-740x720.jpg",740,720,true],"team_logo":["https:\/\/sarmacjabedzin.pl\/wp-content\/uploads\/2017\/06\/poloniaporaj2-98x55.jpg",98,55,true],"player_stat_ava":["https:\/\/sarmacjabedzin.pl\/wp-content\/uploads\/2017\/06\/poloniaporaj2-550x580.jpg",550,580,true],"post-350-220":["https:\/\/sarmacjabedzin.pl\/wp-content\/uploads\/2017\/06\/poloniaporaj2-350x220.jpg",350,220,true],"post-275-142":["https:\/\/sarmacjabedzin.pl\/wp-content\/uploads\/2017\/06\/poloniaporaj2-275x142.jpg",275,142,true],"post-160-120":["https:\/\/sarmacjabedzin.pl\/wp-content\/uploads\/2017\/06\/poloniaporaj2-160x120.jpg",160,120,true],"post-110-70":["https:\/\/sarmacjabedzin.pl\/wp-content\/uploads\/2017\/06\/poloniaporaj2-110x70.jpg",110,70,true],"post-770-450":["https:\/\/sarmacjabedzin.pl\/wp-content\/uploads\/2017\/06\/poloniaporaj2-770x450.jpg",770,450,true],"post-370-210":["https:\/\/sarmacjabedzin.pl\/wp-content\/uploads\/2017\/06\/poloniaporaj2-370x210.jpg",370,210,true],"post-457-470":["https:\/\/sarmacjabedzin.pl\/wp-content\/uploads\/2017\/06\/poloniaporaj2-457x470.jpg",457,470,true],"post-370-420":["https:\/\/sarmacjabedzin.pl\/wp-content\/uploads\/2017\/06\/poloniaporaj2-370x420.jpg",370,420,true],"stm-445-445":["https:\/\/sarmacjabedzin.pl\/wp-content\/uploads\/2017\/06\/poloniaporaj2-445x445.jpg",445,445,true],"stm-555-460":["https:\/\/sarmacjabedzin.pl\/wp-content\/uploads\/2017\/06\/poloniaporaj2-555x460.jpg",555,460,true],"stm-350-450":["https:\/\/sarmacjabedzin.pl\/wp-content\/uploads\/2017\/06\/poloniaporaj2-350x450.jpg",350,450,true],"stm-720-440":["https:\/\/sarmacjabedzin.pl\/wp-content\/uploads\/2017\/06\/poloniaporaj2-720x440.jpg",720,440,true],"stm-270-270":["https:\/\/sarmacjabedzin.pl\/wp-content\/uploads\/2017\/06\/poloniaporaj2.jpg",270,152,false],"stm-760-450":["https:\/\/sarmacjabedzin.pl\/wp-content\/uploads\/2017\/06\/poloniaporaj2.jpg",760,428,false]},"rttpg_author":{"display_name":"tyrtak","author_link":false},"rttpg_comment":0,"rttpg_category":"<a href=\"https:\/\/sarmacjabedzin.pl\/index.php\/category\/soccer\/\" rel=\"category tag\">Liga<\/a>","rttpg_excerpt":"Dzi\u015b 10.06.2017r o godz.17.00 pi\u0142karze Sarmacji B\u0119dzin w meczu wyjazdowym z Poloni\u0105 Poraj rozegrali ostatnie spotkanie sezonu 2016\/2017. Jesieni\u0105 mecz pomi\u0119dzy obu dru\u017cynami zako\u0144czy\u0142 si\u0119 bezbramkowym remisem. Przed t\u0105 kolejk\u0105 b\u0119dzinianie mieli jeszcze cie\u0144 nadziei na zameldowanie si\u0119 na \u201epudle\u201d na koniec tych rozgrywek. W 2 minucie pi\u0142k\u0119 wrzucon\u0105 z rzutu ro\u017cnego na d\u0142ugi s\u0142upek...","_links":{"self":[{"href":"https:\/\/sarmacjabedzin.pl\/index.php\/wp-json\/wp\/v2\/posts\/1030","targetHints":{"allow":["GET"]}}],"collection":[{"href":"https:\/\/sarmacjabedzin.pl\/index.php\/wp-json\/wp\/v2\/posts"}],"about":[{"href":"https:\/\/sarmacjabedzin.pl\/index.php\/wp-json\/wp\/v2\/types\/post"}],"author":[{"embeddable":true,"href":"https:\/\/sarmacjabedzin.pl\/index.php\/wp-json\/wp\/v2\/users\/1"}],"replies":[{"embeddable":true,"href":"https:\/\/sarmacjabedzin.pl\/index.php\/wp-json\/wp\/v2\/comments?post=1030"}],"version-history":[{"count":0,"href":"https:\/\/sarmacjabedzin.pl\/index.php\/wp-json\/wp\/v2\/posts\/1030\/revisions"}],"wp:featuredmedia":[{"embeddable":true,"href":"https:\/\/sarmacjabedzin.pl\/index.php\/wp-json\/wp\/v2\/media\/1029"}],"wp:attachment":[{"href":"https:\/\/sarmacjabedzin.pl\/index.php\/wp-json\/wp\/v2\/media?parent=1030"}],"wp:term":[{"taxonomy":"category","embeddable":true,"href":"https:\/\/sarmacjabedzin.pl\/index.php\/wp-json\/wp\/v2\/categories?post=1030"},{"taxonomy":"post_tag","embeddable":true,"href":"https:\/\/sarmacjabedzin.pl\/index.php\/wp-json\/wp\/v2\/tags?post=1030"}],"curies":[{"name":"wp","href":"https:\/\/api.w.org\/{rel}","templated":true}]}}