{"id":1068,"date":"2017-08-13T17:24:09","date_gmt":"2017-08-13T15:24:09","guid":{"rendered":"http:\/\/sarmacjabedzin.pl\/index.php\/2017\/08\/13\/barczyk-kolejnym-zawodnikiem\/"},"modified":"2017-08-13T17:24:09","modified_gmt":"2017-08-13T15:24:09","slug":"barczyk-kolejnym-zawodnikiem","status":"publish","type":"post","link":"https:\/\/sarmacjabedzin.pl\/index.php\/2017\/08\/13\/barczyk-kolejnym-zawodnikiem\/","title":{"rendered":"Barczyk kolejnym zawodnikiem!"},"content":{"rendered":"<p style=\"margin-bottom: 0cm;\">Dzi\u015b przedstawiamy kolejnego m\u0142odzie\u017cowca, kt\u00f3ry w nowym sezonie reprezentowa\u0107 b\u0119dzie barwy Sarmacji.<\/p>\n<p style=\"margin-bottom: 0cm;\"><b>Szymon Barczyk<\/b><\/p>\n<p style=\"margin-bottom: 0cm;\"><b>Urodzony: <\/b>06.08.1997r<\/p>\n<p style=\"margin-bottom: 0cm;\"><b>Wiek: <\/b>20 lat<\/p>\n<p style=\"margin-bottom: 0cm;\"><b>Wzrost:<\/b> 184<\/p>\n<p style=\"margin-bottom: 0cm;\"><b>Waga:<\/b> 79<\/p>\n<p style=\"margin-bottom: 0cm;\"><b>Pozycja:<\/b> pomocnik<\/p>\n<p style=\"margin-bottom: 0cm;\"><b>Ostatni klub: <\/b>GKS II Katowice<\/p>\n<p style=\"margin-bottom: 0cm;\"><b>Dru\u017cyny:<\/b><\/p>\n<p style=\"margin-bottom: 0cm;\">2015\/2016 GKS II Katowice \u2013 IV liga<\/p>\n<p style=\"margin-bottom: 0cm;\">2016\/2017 GKS II Katowice \u2013 IV liga<\/p>\n<p style=\"margin-bottom: 0cm;\"><strong>WITAMY W SARMACJI!<\/strong><\/p>\n<p style=\"margin-bottom: 0cm;\"><img loading=\"lazy\" decoding=\"async\" class=\" size-full wp-image-1067\" src=\"http:\/\/sarmacjabedzin.pl\/wp-content\/uploads\/2017\/08\/Barczyk-b.jpg\" alt=\"\" width=\"786\" height=\"480\" srcset=\"https:\/\/sarmacjabedzin.pl\/wp-content\/uploads\/2017\/08\/Barczyk-b-32x20.jpg 32w, https:\/\/sarmacjabedzin.pl\/wp-content\/uploads\/2017\/08\/Barczyk-b-98x61.jpg 98w, https:\/\/sarmacjabedzin.pl\/wp-content\/uploads\/2017\/08\/Barczyk-b-720x440.jpg 720w\" sizes=\"auto, (max-width: 786px) 100vw, 786px\" \/><\/p>\n","protected":false},"excerpt":{"rendered":"<p>Dzi\u015b przedstawiamy kolejnego m\u0142odzie\u017cowca, kt\u00f3ry w nowym sezonie reprezentowa\u0107 b\u0119dzie barwy Sarmacji. Szymon Barczyk Urodzony: 06.08.1997r Wiek: 20 lat Wzrost: 184 Waga: 79 Pozycja: pomocnik Ostatni klub: GKS II Katowice Dru\u017cyny: 2015\/2016 GKS II Katowice \u2013 IV liga 2016\/2017 GKS II Katowice \u2013 IV liga WITAMY W SARMACJI!<\/p>\n","protected":false},"author":1,"featured_media":1066,"comment_status":"open","ping_status":"open","sticky":false,"template":"","format":"standard","meta":{"footnotes":""},"categories":[1],"tags":[],"class_list":["post-1068","post","type-post","status-publish","format-standard","has-post-thumbnail","hentry","category-aktualnosci"],"yoast_head":"<!-- This site is optimized with the Yoast SEO plugin v25.8 - https:\/\/yoast.com\/wordpress\/plugins\/seo\/ -->\n<title>Barczyk kolejnym zawodnikiem! | BKS Sarmacja B\u0119dzin<\/title>\n<meta name=\"robots\" content=\"index, follow, max-snippet:-1, max-image-preview:large, max-video-preview:-1\" \/>\n<link rel=\"canonical\" href=\"https:\/\/sarmacjabedzin.pl\/index.php\/2017\/08\/13\/barczyk-kolejnym-zawodnikiem\/\" \/>\n<meta property=\"og:locale\" content=\"pl_PL\" \/>\n<meta property=\"og:type\" content=\"article\" \/>\n<meta property=\"og:title\" content=\"Barczyk kolejnym zawodnikiem! | BKS Sarmacja B\u0119dzin\" \/>\n<meta property=\"og:description\" content=\"Dzi\u015b przedstawiamy kolejnego m\u0142odzie\u017cowca, kt\u00f3ry w nowym sezonie reprezentowa\u0107 b\u0119dzie barwy Sarmacji. Szymon Barczyk Urodzony: 06.08.1997r Wiek: 20 lat Wzrost: 184 Waga: 79 Pozycja: pomocnik Ostatni klub: GKS II Katowice Dru\u017cyny: 2015\/2016 GKS II Katowice \u2013 IV liga 2016\/2017 GKS II Katowice \u2013 IV liga WITAMY W SARMACJI!\" \/>\n<meta property=\"og:url\" content=\"https:\/\/sarmacjabedzin.pl\/index.php\/2017\/08\/13\/barczyk-kolejnym-zawodnikiem\/\" \/>\n<meta property=\"og:site_name\" content=\"BKS Sarmacja B\u0119dzin\" \/>\n<meta property=\"article:publisher\" content=\"https:\/\/www.facebook.com\/SarmacjaBedzin\" \/>\n<meta property=\"article:published_time\" content=\"2017-08-13T15:24:09+00:00\" \/>\n<meta property=\"og:image\" content=\"https:\/\/sarmacjabedzin.pl\/wp-content\/uploads\/2017\/08\/Barczyk-a.jpg\" \/>\n\t<meta property=\"og:image:width\" content=\"1280\" \/>\n\t<meta property=\"og:image:height\" content=\"798\" \/>\n\t<meta property=\"og:image:type\" content=\"image\/jpeg\" \/>\n<meta name=\"author\" content=\"tyrtak\" \/>\n<meta name=\"twitter:card\" content=\"summary_large_image\" \/>\n<meta name=\"twitter:label1\" content=\"Napisane przez\" \/>\n\t<meta name=\"twitter:data1\" content=\"tyrtak\" \/>\n<script type=\"application\/ld+json\" class=\"yoast-schema-graph\">{\"@context\":\"https:\/\/schema.org\",\"@graph\":[{\"@type\":\"WebPage\",\"@id\":\"https:\/\/sarmacjabedzin.pl\/index.php\/2017\/08\/13\/barczyk-kolejnym-zawodnikiem\/\",\"url\":\"https:\/\/sarmacjabedzin.pl\/index.php\/2017\/08\/13\/barczyk-kolejnym-zawodnikiem\/\",\"name\":\"Barczyk kolejnym zawodnikiem! | BKS Sarmacja B\u0119dzin\",\"isPartOf\":{\"@id\":\"https:\/\/sarmacjabedzin.pl\/#website\"},\"primaryImageOfPage\":{\"@id\":\"https:\/\/sarmacjabedzin.pl\/index.php\/2017\/08\/13\/barczyk-kolejnym-zawodnikiem\/#primaryimage\"},\"image\":{\"@id\":\"https:\/\/sarmacjabedzin.pl\/index.php\/2017\/08\/13\/barczyk-kolejnym-zawodnikiem\/#primaryimage\"},\"thumbnailUrl\":\"https:\/\/sarmacjabedzin.pl\/wp-content\/uploads\/2017\/08\/Barczyk-a.jpg\",\"datePublished\":\"2017-08-13T15:24:09+00:00\",\"author\":{\"@id\":\"https:\/\/sarmacjabedzin.pl\/#\/schema\/person\/5417ea7b03bcd9adf58298a2265ce03a\"},\"breadcrumb\":{\"@id\":\"https:\/\/sarmacjabedzin.pl\/index.php\/2017\/08\/13\/barczyk-kolejnym-zawodnikiem\/#breadcrumb\"},\"inLanguage\":\"pl-PL\",\"potentialAction\":[{\"@type\":\"ReadAction\",\"target\":[\"https:\/\/sarmacjabedzin.pl\/index.php\/2017\/08\/13\/barczyk-kolejnym-zawodnikiem\/\"]}]},{\"@type\":\"ImageObject\",\"inLanguage\":\"pl-PL\",\"@id\":\"https:\/\/sarmacjabedzin.pl\/index.php\/2017\/08\/13\/barczyk-kolejnym-zawodnikiem\/#primaryimage\",\"url\":\"https:\/\/sarmacjabedzin.pl\/wp-content\/uploads\/2017\/08\/Barczyk-a.jpg\",\"contentUrl\":\"https:\/\/sarmacjabedzin.pl\/wp-content\/uploads\/2017\/08\/Barczyk-a.jpg\",\"width\":1280,\"height\":798},{\"@type\":\"BreadcrumbList\",\"@id\":\"https:\/\/sarmacjabedzin.pl\/index.php\/2017\/08\/13\/barczyk-kolejnym-zawodnikiem\/#breadcrumb\",\"itemListElement\":[{\"@type\":\"ListItem\",\"position\":1,\"name\":\"Strona g\u0142\u00f3wna\",\"item\":\"https:\/\/sarmacjabedzin.pl\/\"},{\"@type\":\"ListItem\",\"position\":2,\"name\":\"Barczyk kolejnym zawodnikiem!\"}]},{\"@type\":\"WebSite\",\"@id\":\"https:\/\/sarmacjabedzin.pl\/#website\",\"url\":\"https:\/\/sarmacjabedzin.pl\/\",\"name\":\"BKS Sarmacja B\u0119dzin \u2013 Nieoficjalny serwis\",\"description\":\"Nieoficjalny serwis B\u0119dzi\u0144skiego Klubu Sportowego &quot;Sarmacja&quot;\",\"potentialAction\":[{\"@type\":\"SearchAction\",\"target\":{\"@type\":\"EntryPoint\",\"urlTemplate\":\"https:\/\/sarmacjabedzin.pl\/?s={search_term_string}\"},\"query-input\":{\"@type\":\"PropertyValueSpecification\",\"valueRequired\":true,\"valueName\":\"search_term_string\"}}],\"inLanguage\":\"pl-PL\"},{\"@type\":\"Person\",\"@id\":\"https:\/\/sarmacjabedzin.pl\/#\/schema\/person\/5417ea7b03bcd9adf58298a2265ce03a\",\"name\":\"tyrtak\",\"image\":{\"@type\":\"ImageObject\",\"inLanguage\":\"pl-PL\",\"@id\":\"https:\/\/sarmacjabedzin.pl\/#\/schema\/person\/image\/\",\"url\":\"https:\/\/secure.gravatar.com\/avatar\/49b7734c6795cf524710e96813a9fedc1ae3816e479d92490236b4cfc47a5ae1?s=96&d=mm&r=g\",\"contentUrl\":\"https:\/\/secure.gravatar.com\/avatar\/49b7734c6795cf524710e96813a9fedc1ae3816e479d92490236b4cfc47a5ae1?s=96&d=mm&r=g\",\"caption\":\"tyrtak\"}}]}<\/script>\n<!-- \/ Yoast SEO plugin. -->","yoast_head_json":{"title":"Barczyk kolejnym zawodnikiem! | BKS Sarmacja B\u0119dzin","robots":{"index":"index","follow":"follow","max-snippet":"max-snippet:-1","max-image-preview":"max-image-preview:large","max-video-preview":"max-video-preview:-1"},"canonical":"https:\/\/sarmacjabedzin.pl\/index.php\/2017\/08\/13\/barczyk-kolejnym-zawodnikiem\/","og_locale":"pl_PL","og_type":"article","og_title":"Barczyk kolejnym zawodnikiem! | BKS Sarmacja B\u0119dzin","og_description":"Dzi\u015b przedstawiamy kolejnego m\u0142odzie\u017cowca, kt\u00f3ry w nowym sezonie reprezentowa\u0107 b\u0119dzie barwy Sarmacji. Szymon Barczyk Urodzony: 06.08.1997r Wiek: 20 lat Wzrost: 184 Waga: 79 Pozycja: pomocnik Ostatni klub: GKS II Katowice Dru\u017cyny: 2015\/2016 GKS II Katowice \u2013 IV liga 2016\/2017 GKS II Katowice \u2013 IV liga WITAMY W SARMACJI!","og_url":"https:\/\/sarmacjabedzin.pl\/index.php\/2017\/08\/13\/barczyk-kolejnym-zawodnikiem\/","og_site_name":"BKS Sarmacja B\u0119dzin","article_publisher":"https:\/\/www.facebook.com\/SarmacjaBedzin","article_published_time":"2017-08-13T15:24:09+00:00","og_image":[{"width":1280,"height":798,"url":"https:\/\/sarmacjabedzin.pl\/wp-content\/uploads\/2017\/08\/Barczyk-a.jpg","type":"image\/jpeg"}],"author":"tyrtak","twitter_card":"summary_large_image","twitter_misc":{"Napisane przez":"tyrtak"},"schema":{"@context":"https:\/\/schema.org","@graph":[{"@type":"WebPage","@id":"https:\/\/sarmacjabedzin.pl\/index.php\/2017\/08\/13\/barczyk-kolejnym-zawodnikiem\/","url":"https:\/\/sarmacjabedzin.pl\/index.php\/2017\/08\/13\/barczyk-kolejnym-zawodnikiem\/","name":"Barczyk kolejnym zawodnikiem! | BKS Sarmacja B\u0119dzin","isPartOf":{"@id":"https:\/\/sarmacjabedzin.pl\/#website"},"primaryImageOfPage":{"@id":"https:\/\/sarmacjabedzin.pl\/index.php\/2017\/08\/13\/barczyk-kolejnym-zawodnikiem\/#primaryimage"},"image":{"@id":"https:\/\/sarmacjabedzin.pl\/index.php\/2017\/08\/13\/barczyk-kolejnym-zawodnikiem\/#primaryimage"},"thumbnailUrl":"https:\/\/sarmacjabedzin.pl\/wp-content\/uploads\/2017\/08\/Barczyk-a.jpg","datePublished":"2017-08-13T15:24:09+00:00","author":{"@id":"https:\/\/sarmacjabedzin.pl\/#\/schema\/person\/5417ea7b03bcd9adf58298a2265ce03a"},"breadcrumb":{"@id":"https:\/\/sarmacjabedzin.pl\/index.php\/2017\/08\/13\/barczyk-kolejnym-zawodnikiem\/#breadcrumb"},"inLanguage":"pl-PL","potentialAction":[{"@type":"ReadAction","target":["https:\/\/sarmacjabedzin.pl\/index.php\/2017\/08\/13\/barczyk-kolejnym-zawodnikiem\/"]}]},{"@type":"ImageObject","inLanguage":"pl-PL","@id":"https:\/\/sarmacjabedzin.pl\/index.php\/2017\/08\/13\/barczyk-kolejnym-zawodnikiem\/#primaryimage","url":"https:\/\/sarmacjabedzin.pl\/wp-content\/uploads\/2017\/08\/Barczyk-a.jpg","contentUrl":"https:\/\/sarmacjabedzin.pl\/wp-content\/uploads\/2017\/08\/Barczyk-a.jpg","width":1280,"height":798},{"@type":"BreadcrumbList","@id":"https:\/\/sarmacjabedzin.pl\/index.php\/2017\/08\/13\/barczyk-kolejnym-zawodnikiem\/#breadcrumb","itemListElement":[{"@type":"ListItem","position":1,"name":"Strona g\u0142\u00f3wna","item":"https:\/\/sarmacjabedzin.pl\/"},{"@type":"ListItem","position":2,"name":"Barczyk kolejnym zawodnikiem!"}]},{"@type":"WebSite","@id":"https:\/\/sarmacjabedzin.pl\/#website","url":"https:\/\/sarmacjabedzin.pl\/","name":"BKS Sarmacja B\u0119dzin \u2013 Nieoficjalny serwis","description":"Nieoficjalny serwis B\u0119dzi\u0144skiego Klubu Sportowego &quot;Sarmacja&quot;","potentialAction":[{"@type":"SearchAction","target":{"@type":"EntryPoint","urlTemplate":"https:\/\/sarmacjabedzin.pl\/?s={search_term_string}"},"query-input":{"@type":"PropertyValueSpecification","valueRequired":true,"valueName":"search_term_string"}}],"inLanguage":"pl-PL"},{"@type":"Person","@id":"https:\/\/sarmacjabedzin.pl\/#\/schema\/person\/5417ea7b03bcd9adf58298a2265ce03a","name":"tyrtak","image":{"@type":"ImageObject","inLanguage":"pl-PL","@id":"https:\/\/sarmacjabedzin.pl\/#\/schema\/person\/image\/","url":"https:\/\/secure.gravatar.com\/avatar\/49b7734c6795cf524710e96813a9fedc1ae3816e479d92490236b4cfc47a5ae1?s=96&d=mm&r=g","contentUrl":"https:\/\/secure.gravatar.com\/avatar\/49b7734c6795cf524710e96813a9fedc1ae3816e479d92490236b4cfc47a5ae1?s=96&d=mm&r=g","caption":"tyrtak"}}]}},"rttpg_featured_image_url":{"full":["https:\/\/sarmacjabedzin.pl\/wp-content\/uploads\/2017\/08\/Barczyk-a.jpg",1280,798,false],"landscape":["https:\/\/sarmacjabedzin.pl\/wp-content\/uploads\/2017\/08\/Barczyk-a.jpg",1280,798,false],"portraits":["https:\/\/sarmacjabedzin.pl\/wp-content\/uploads\/2017\/08\/Barczyk-a.jpg",1280,798,false],"thumbnail":["https:\/\/sarmacjabedzin.pl\/wp-content\/uploads\/2017\/08\/Barczyk-a-150x150.jpg",150,150,true],"medium":["https:\/\/sarmacjabedzin.pl\/wp-content\/uploads\/2017\/08\/Barczyk-a-300x187.jpg",300,187,true],"large":["https:\/\/sarmacjabedzin.pl\/wp-content\/uploads\/2017\/08\/Barczyk-a-1024x638.jpg",1024,638,true],"1536x1536":["https:\/\/sarmacjabedzin.pl\/wp-content\/uploads\/2017\/08\/Barczyk-a.jpg",1280,798,false],"2048x2048":["https:\/\/sarmacjabedzin.pl\/wp-content\/uploads\/2017\/08\/Barczyk-a.jpg",1280,798,false],"sportspress-crop-medium":["https:\/\/sarmacjabedzin.pl\/wp-content\/uploads\/2017\/08\/Barczyk-a-300x300.jpg",300,300,true],"sportspress-fit-medium":["https:\/\/sarmacjabedzin.pl\/wp-content\/uploads\/2017\/08\/Barczyk-a-300x187.jpg",300,187,true],"sportspress-fit-icon":["https:\/\/sarmacjabedzin.pl\/wp-content\/uploads\/2017\/08\/Barczyk-a-128x80.jpg",128,80,true],"sportspress-fit-mini":["https:\/\/sarmacjabedzin.pl\/wp-content\/uploads\/2017\/08\/Barczyk-a-32x20.jpg",32,20,true],"ultp_layout_landscape_large":["https:\/\/sarmacjabedzin.pl\/wp-content\/uploads\/2017\/08\/Barczyk-a.jpg",1200,748,false],"ultp_layout_landscape":["https:\/\/sarmacjabedzin.pl\/wp-content\/uploads\/2017\/08\/Barczyk-a.jpg",870,542,false],"ultp_layout_portrait":["https:\/\/sarmacjabedzin.pl\/wp-content\/uploads\/2017\/08\/Barczyk-a.jpg",600,374,false],"ultp_layout_square":["https:\/\/sarmacjabedzin.pl\/wp-content\/uploads\/2017\/08\/Barczyk-a.jpg",600,374,false],"stm-1140-666":["https:\/\/sarmacjabedzin.pl\/wp-content\/uploads\/2017\/08\/Barczyk-a-1140x666.jpg",1140,666,true],"stm-1170-650":["https:\/\/sarmacjabedzin.pl\/wp-content\/uploads\/2017\/08\/Barczyk-a-1170x650.jpg",1170,650,true],"stm-570-350":["https:\/\/sarmacjabedzin.pl\/wp-content\/uploads\/2017\/08\/Barczyk-a-570x350.jpg",570,350,true],"stm-570-250":["https:\/\/sarmacjabedzin.pl\/wp-content\/uploads\/2017\/08\/Barczyk-a-570x250.jpg",570,250,true],"stm-270-370":["https:\/\/sarmacjabedzin.pl\/wp-content\/uploads\/2017\/08\/Barczyk-a-270x370.jpg",270,370,true],"stm-540-500":["https:\/\/sarmacjabedzin.pl\/wp-content\/uploads\/2017\/08\/Barczyk-a-540x500.jpg",540,500,true],"stm-270-530":["https:\/\/sarmacjabedzin.pl\/wp-content\/uploads\/2017\/08\/Barczyk-a-270x530.jpg",270,530,true],"stm-200-200":["https:\/\/sarmacjabedzin.pl\/wp-content\/uploads\/2017\/08\/Barczyk-a-200x200.jpg",200,200,true],"stm-85-105":["https:\/\/sarmacjabedzin.pl\/wp-content\/uploads\/2017\/08\/Barczyk-a-85x105.jpg",85,105,true],"stm-255-255":["https:\/\/sarmacjabedzin.pl\/wp-content\/uploads\/2017\/08\/Barczyk-a-255x255.jpg",255,255,true],"stm-360-240":["https:\/\/sarmacjabedzin.pl\/wp-content\/uploads\/2017\/08\/Barczyk-a-360x240.jpg",360,240,true],"stm-360-495":["https:\/\/sarmacjabedzin.pl\/wp-content\/uploads\/2017\/08\/Barczyk-a-360x495.jpg",360,495,true],"stm-445-400":["https:\/\/sarmacjabedzin.pl\/wp-content\/uploads\/2017\/08\/Barczyk-a-445x400.jpg",445,400,true],"stm-735-240":["https:\/\/sarmacjabedzin.pl\/wp-content\/uploads\/2017\/08\/Barczyk-a-735x240.jpg",735,240,true],"stm-255-183":["https:\/\/sarmacjabedzin.pl\/wp-content\/uploads\/2017\/08\/Barczyk-a-255x183.jpg",255,183,true],"stm-350-250":["https:\/\/sarmacjabedzin.pl\/wp-content\/uploads\/2017\/08\/Barczyk-a-350x250.jpg",350,250,true],"blog_list":["https:\/\/sarmacjabedzin.pl\/wp-content\/uploads\/2017\/08\/Barczyk-a-270x220.jpg",270,220,true],"blog_list_medium":["https:\/\/sarmacjabedzin.pl\/wp-content\/uploads\/2017\/08\/Barczyk-a-390x345.jpg",390,345,true],"gallery_thumbnail":["https:\/\/sarmacjabedzin.pl\/wp-content\/uploads\/2017\/08\/Barczyk-a-80x80.jpg",80,80,true],"gallery_image":["https:\/\/sarmacjabedzin.pl\/wp-content\/uploads\/2017\/08\/Barczyk-a-560x367.jpg",560,367,true],"gallery_image_mini":["https:\/\/sarmacjabedzin.pl\/wp-content\/uploads\/2017\/08\/Barczyk-a-143x116.jpg",143,116,true],"player_photo":["https:\/\/sarmacjabedzin.pl\/wp-content\/uploads\/2017\/08\/Barczyk-a-740x740.jpg",740,740,true],"team_logo":["https:\/\/sarmacjabedzin.pl\/wp-content\/uploads\/2017\/08\/Barczyk-a-98x61.jpg",98,61,true],"player_stat_ava":["https:\/\/sarmacjabedzin.pl\/wp-content\/uploads\/2017\/08\/Barczyk-a-550x580.jpg",550,580,true],"post-350-220":["https:\/\/sarmacjabedzin.pl\/wp-content\/uploads\/2017\/08\/Barczyk-a-350x220.jpg",350,220,true],"post-275-142":["https:\/\/sarmacjabedzin.pl\/wp-content\/uploads\/2017\/08\/Barczyk-a-275x142.jpg",275,142,true],"post-160-120":["https:\/\/sarmacjabedzin.pl\/wp-content\/uploads\/2017\/08\/Barczyk-a-160x120.jpg",160,120,true],"post-110-70":["https:\/\/sarmacjabedzin.pl\/wp-content\/uploads\/2017\/08\/Barczyk-a-110x70.jpg",110,70,true],"post-770-450":["https:\/\/sarmacjabedzin.pl\/wp-content\/uploads\/2017\/08\/Barczyk-a-770x450.jpg",770,450,true],"post-370-210":["https:\/\/sarmacjabedzin.pl\/wp-content\/uploads\/2017\/08\/Barczyk-a-370x210.jpg",370,210,true],"post-457-470":["https:\/\/sarmacjabedzin.pl\/wp-content\/uploads\/2017\/08\/Barczyk-a-457x470.jpg",457,470,true],"post-370-420":["https:\/\/sarmacjabedzin.pl\/wp-content\/uploads\/2017\/08\/Barczyk-a-370x420.jpg",370,420,true],"stm-445-445":["https:\/\/sarmacjabedzin.pl\/wp-content\/uploads\/2017\/08\/Barczyk-a-445x445.jpg",445,445,true],"stm-555-460":["https:\/\/sarmacjabedzin.pl\/wp-content\/uploads\/2017\/08\/Barczyk-a-555x460.jpg",555,460,true],"stm-350-450":["https:\/\/sarmacjabedzin.pl\/wp-content\/uploads\/2017\/08\/Barczyk-a-350x450.jpg",350,450,true],"stm-720-440":["https:\/\/sarmacjabedzin.pl\/wp-content\/uploads\/2017\/08\/Barczyk-a-720x440.jpg",720,440,true],"stm-270-270":["https:\/\/sarmacjabedzin.pl\/wp-content\/uploads\/2017\/08\/Barczyk-a.jpg",270,168,false],"stm-760-450":["https:\/\/sarmacjabedzin.pl\/wp-content\/uploads\/2017\/08\/Barczyk-a.jpg",722,450,false]},"rttpg_author":{"display_name":"tyrtak","author_link":false},"rttpg_comment":0,"rttpg_category":"<a href=\"https:\/\/sarmacjabedzin.pl\/index.php\/category\/aktualnosci\/\" rel=\"category tag\">Aktualno\u015bci<\/a>","rttpg_excerpt":"Dzi\u015b przedstawiamy kolejnego m\u0142odzie\u017cowca, kt\u00f3ry w nowym sezonie reprezentowa\u0107 b\u0119dzie barwy Sarmacji. Szymon Barczyk Urodzony: 06.08.1997r Wiek: 20 lat Wzrost: 184 Waga: 79 Pozycja: pomocnik Ostatni klub: GKS II Katowice Dru\u017cyny: 2015\/2016 GKS II Katowice \u2013 IV liga 2016\/2017 GKS II Katowice \u2013 IV liga WITAMY W SARMACJI!","_links":{"self":[{"href":"https:\/\/sarmacjabedzin.pl\/index.php\/wp-json\/wp\/v2\/posts\/1068","targetHints":{"allow":["GET"]}}],"collection":[{"href":"https:\/\/sarmacjabedzin.pl\/index.php\/wp-json\/wp\/v2\/posts"}],"about":[{"href":"https:\/\/sarmacjabedzin.pl\/index.php\/wp-json\/wp\/v2\/types\/post"}],"author":[{"embeddable":true,"href":"https:\/\/sarmacjabedzin.pl\/index.php\/wp-json\/wp\/v2\/users\/1"}],"replies":[{"embeddable":true,"href":"https:\/\/sarmacjabedzin.pl\/index.php\/wp-json\/wp\/v2\/comments?post=1068"}],"version-history":[{"count":0,"href":"https:\/\/sarmacjabedzin.pl\/index.php\/wp-json\/wp\/v2\/posts\/1068\/revisions"}],"wp:featuredmedia":[{"embeddable":true,"href":"https:\/\/sarmacjabedzin.pl\/index.php\/wp-json\/wp\/v2\/media\/1066"}],"wp:attachment":[{"href":"https:\/\/sarmacjabedzin.pl\/index.php\/wp-json\/wp\/v2\/media?parent=1068"}],"wp:term":[{"taxonomy":"category","embeddable":true,"href":"https:\/\/sarmacjabedzin.pl\/index.php\/wp-json\/wp\/v2\/categories?post=1068"},{"taxonomy":"post_tag","embeddable":true,"href":"https:\/\/sarmacjabedzin.pl\/index.php\/wp-json\/wp\/v2\/tags?post=1068"}],"curies":[{"name":"wp","href":"https:\/\/api.w.org\/{rel}","templated":true}]}}