{"id":1075,"date":"2017-08-19T19:02:55","date_gmt":"2017-08-19T17:02:55","guid":{"rendered":"http:\/\/sarmacjabedzin.pl\/index.php\/2017\/08\/19\/warta-rozbita-4-0\/"},"modified":"2017-08-19T19:02:55","modified_gmt":"2017-08-19T17:02:55","slug":"warta-rozbita-4-0","status":"publish","type":"post","link":"https:\/\/sarmacjabedzin.pl\/index.php\/2017\/08\/19\/warta-rozbita-4-0\/","title":{"rendered":"Warta rozbita 4:0!"},"content":{"rendered":"<p style=\"margin-bottom: 0cm;\">Dzi\u015b 19.08.2017 roku o godz.17.00 pi\u0142karze Sarmacji B\u0119dzin w drugiej kolejce nowego sezonu podejmowali dru\u017cyn\u0119 Warty Zawiercie. Po ostatniej pora\u017cce z Przemsz\u0105 Siewierz 1:2 Sarmaci do tego spotkania przyst\u0105pili mocno skoncentrowani. Od pierwszych minut ruszyli ostro na rywala chc\u0105c jak najszybciej zdoby\u0107 prowadzenie.<\/p>\n<p style=\"margin-bottom: 0cm;\">W 8 minucie po dw\u00f3jkowej akcji Micha\u0142a Dyrdy i J\u00f3zefa Misztala, ten drugi pos\u0142a\u0142 pi\u0142k\u0119 tu\u017c obok s\u0142upka bramki zawiercian.<\/p>\n<p style=\"margin-bottom: 0cm;\">W 11 minucie p\u0119dz\u0105cy praw\u0105 stron\u0105 Rafa\u0142 J\u0119drzejczyk zagra\u0142 futbol\u00f3wk\u0119 do Daniela Sroki, a ten wy\u0142o\u017cy\u0142 j\u0105 J\u00f3zefowi Misztalowi. I tym razem brak\u0142o szcz\u0119\u015bcia popularnemu \u201eJ\u00f3zkowi\u201d, kt\u00f3ry minimalnie chybi\u0142.<\/p>\n<p style=\"margin-bottom: 0cm;\">W 19 minucie ten sam pi\u0142karz wpadaj\u0105c w pole karne rywala pot\u0119\u017cnym strza\u0142em trafi\u0142 wprost w obro\u0144c\u0119 przyjezdnych. Ten ponad minut\u0119 le\u017ca\u0142 na boisku dochodz\u0105c do siebie.<\/p>\n<p style=\"margin-bottom: 0cm;\">W 25 minucie strza\u0142 z dystansu Tomasza Balula zdo\u0142a\u0142 wybroni\u0107 golkiper go\u015bci.<\/p>\n<p style=\"margin-bottom: 0cm;\">W 38 minucie wrzutk\u0119 J\u00f3zefa Misztala z prawej strony pola karnego na drugi s\u0142upek przej\u0105\u0142 Rados\u0142aw Gruszka. Niestety jego strza\u0142 trafi\u0142 wprost w bramkarza Warty.<\/p>\n<p style=\"margin-bottom: 0cm;\">W 42 minucie b\u0142\u0105d przyj\u0119cia pi\u0142ki we w\u0142asnym polu karnym obro\u0144cy zawiercian wykorzysta\u0142 J\u00f3zef Misztal, a nast\u0119pnie strza\u0142em z p\u00f3\u0142obrotu pr\u00f3bowa\u0142 zaskoczy\u0107 golkipera przyjezdnych. Pi\u0142ka trafi\u0142a jednak wprost w niego.<\/p>\n<p style=\"margin-bottom: 0cm;\">Mimo ogromnej przewagi Sarmacji obie dru\u017cyny zesz\u0142y na przerw\u0119 przy stanie 0:0.<\/p>\n<p style=\"margin-bottom: 0cm;\">Wreszcie w 60 minucie ataki b\u0119dzinian przynios\u0142y spodziewany rezultat w postaci pierwszego gola.<\/p>\n<p style=\"margin-bottom: 0cm;\">Znajduj\u0105cy si\u0119 z lewej strony Micha\u0142 Dyrda wrzuci\u0142 pi\u0142k\u0119 na drug\u0105 stron\u0119 pola karnego wprost na g\u0142ow\u0119 Tomasza Balula. Ten wykorzystuj\u0105c swoje do\u015bwiadczenie pi\u0119knym uderzeniem g\u0142owy pos\u0142a\u0142 pi\u0142k\u0119 do siatki rywala. <br \/>Pierwszy gol poderwa\u0142 Sarmat\u00f3w do jeszcze wi\u0119kszego przy\u015bpieszenia tempa gry.<\/p>\n<p style=\"margin-bottom: 0cm;\">Cztery minuty p\u00f3\u017aniej b\u0119dzinianie prowadzili ju\u017c 2:0.<\/p>\n<p style=\"margin-bottom: 0cm;\">Rozp\u0119dzony praw\u0105 stron\u0105 boiska Rafa\u0142 J\u0119drzejczyk pos\u0142a\u0142 pi\u0142k\u0119 po ziemi na drug\u0105 stron\u0119 pola karnego. Zamykaj\u0105cy akcj\u0119 na drugim s\u0142upku Artur Nowak wpakowa\u0142 pi\u0142k\u0119 wprost do siatki go\u015bci.<\/p>\n<p style=\"margin-bottom: 0cm;\">Chwil\u0119 potem pi\u0142karz Warty minimalnie przestrzeli\u0142 rzut wolny posy\u0142aj\u0105c futbol\u00f3wk\u0119 nad poprzeczk\u0105 bramki Adriana Czaplaka. <br \/>W 67 minucie wpadaj\u0105cy z lewej strony w pole karne rywala Artur Nowak pr\u00f3bowa\u0142 zagra\u0107 pi\u0142k\u0119 na drug\u0105 stron\u0119. Niefortunnie interweniuj\u0105cy obro\u0144ca zawiercian skierowa\u0142 j\u0105 niespodziewanie do w\u0142asnej siatki.<\/p>\n<p style=\"margin-bottom: 0cm;\">Trzy gole zdobyte w 6 minut jeszcze bardziej zach\u0119ci\u0142o Sarmat\u00f3w do kolejnych atak\u00f3w, tym bardziej, \u017ce rywal opada\u0142 z si\u0142. <br \/>W 73 minucie Piotr Makowski z lewej strony pola karnego zagra\u0142 pi\u0142k\u0119 do Artura Nowak, kt\u00f3ry mimo ogromnego wysi\u0142ku nie zdo\u0142a\u0142 jej si\u0119gn\u0105\u0107.<\/p>\n<p style=\"margin-bottom: 0cm;\">W 78 minucie niepewny chwyt naszego golkipera m\u00f3g\u0142 da\u0107 przyjezdnym kontaktowego gola. Na szcz\u0119\u015bcie pr\u00f3buj\u0105c trzykrotnie \u0142apa\u0107 futbol\u00f3wk\u0119 wyszed\u0142 z tej opresji zwyci\u0119sko.<\/p>\n<p style=\"margin-bottom: 0cm;\">W 82 minucie biegn\u0105cy praw\u0105 stron\u0105 boiska Daniel Sroka pos\u0142a\u0142 po ziemi pi\u0142k\u0119 wprost pod nogi nadbiegaj\u0105cego Piotra Makowskiego. Ten precyzyjnym strza\u0142em ustali\u0142 wynik tego spotkania na 4:0 dla Sarmacji.<\/p>\n<p style=\"margin-bottom: 0cm;\">Wysokie zwyci\u0119stwo nad silnym rywalem z ca\u0142\u0105 pewno\u015bci\u0105 jeszcze bardziej podbuduje morale dru\u017cyny, kt\u00f3ra pocz\u0105tek sezonu zako\u0144czy\u0142a falstartem.<br \/>Z ka\u017cd\u0105 minut\u0105 zgranie nowych pi\u0142karzy z now\u0105 dru\u017cyn\u0105 b\u0119dzie coraz bardziej widoczne.<\/p>\n<p style=\"margin-bottom: 0cm;\">Ju\u017c dzi\u015b mo\u017cna by\u0142o dostrzec potencja\u0142 tego zespo\u0142u, kt\u00f3rego aspiracje powinny si\u0119ga\u0107 wysoko.<\/p>\n<p style=\"margin-bottom: 0cm;\">\u00a0<\/p>\n<p style=\"margin-bottom: 0cm;\"><strong>Sarmacja B\u0119dzin \u2013 Warta Zawiercie 4:0 (0:0)<\/strong><\/p>\n<p style=\"margin-bottom: 0cm;\"><strong>Bramki:<\/strong><\/p>\n<p style=\"margin-bottom: 0cm;\">60&#8242; Balul<br \/>64&#8242; Nowak<\/p>\n<p style=\"margin-bottom: 0cm;\">67&#8242; samob.<\/p>\n<p style=\"margin-bottom: 0cm;\">82&#8242; Makowski<\/p>\n<p style=\"margin-bottom: 0cm;\">\u00a0<\/p>\n<p style=\"margin-bottom: 0cm;\"><strong>\u017b\u00f3\u0142te kartki:<\/strong><\/p>\n<p style=\"margin-bottom: 0cm;\">35&#8242; Zawadzki<\/p>\n<p style=\"margin-bottom: 0cm;\">43&#8242; Balul<\/p>\n<p style=\"margin-bottom: 0cm;\">80&#8242; Misztal<\/p>\n<p style=\"margin-bottom: 0cm;\">\u00a0<\/p>\n<p>\u00a0<\/p>\n<p style=\"margin-bottom: 0cm;\"><strong>Sarmacja B\u0119dzin:<\/strong> Czaplak \u2013 Sroka, Balul, Kita, Gruszka, Misztal, B.Derlatka, Dyrda (76&#8242; Tyszczak), Misztal (83&#8242; Majka), Nowak (81&#8242; Barczyk), Zawadzki (58&#8242; Makowski)<\/p>\n<p style=\"margin-bottom: 0cm;\">{gallery}warta2017{\/gallery}<\/p>\n","protected":false},"excerpt":{"rendered":"<p>Dzi\u015b 19.08.2017 roku o godz.17.00 pi\u0142karze Sarmacji B\u0119dzin w drugiej kolejce nowego sezonu podejmowali dru\u017cyn\u0119 Warty Zawiercie. Po ostatniej pora\u017cce z Przemsz\u0105 Siewierz 1:2 Sarmaci do tego spotkania przyst\u0105pili mocno skoncentrowani. Od pierwszych minut ruszyli ostro na rywala chc\u0105c jak najszybciej zdoby\u0107 prowadzenie. W 8 minucie po dw\u00f3jkowej akcji Micha\u0142a Dyrdy i J\u00f3zefa Misztala, ten&#8230;<\/p>\n","protected":false},"author":1,"featured_media":1074,"comment_status":"open","ping_status":"open","sticky":false,"template":"","format":"standard","meta":{"footnotes":""},"categories":[64],"tags":[],"class_list":["post-1075","post","type-post","status-publish","format-standard","has-post-thumbnail","hentry","category-soccer"],"yoast_head":"<!-- This site is optimized with the Yoast SEO plugin v25.8 - https:\/\/yoast.com\/wordpress\/plugins\/seo\/ -->\n<title>Warta rozbita 4:0! | BKS Sarmacja B\u0119dzin<\/title>\n<meta name=\"robots\" content=\"index, follow, max-snippet:-1, max-image-preview:large, max-video-preview:-1\" \/>\n<link rel=\"canonical\" href=\"https:\/\/sarmacjabedzin.pl\/index.php\/2017\/08\/19\/warta-rozbita-4-0\/\" \/>\n<meta property=\"og:locale\" content=\"pl_PL\" \/>\n<meta property=\"og:type\" content=\"article\" \/>\n<meta property=\"og:title\" content=\"Warta rozbita 4:0! | BKS Sarmacja B\u0119dzin\" \/>\n<meta property=\"og:description\" content=\"Dzi\u015b 19.08.2017 roku o godz.17.00 pi\u0142karze Sarmacji B\u0119dzin w drugiej kolejce nowego sezonu podejmowali dru\u017cyn\u0119 Warty Zawiercie. Po ostatniej pora\u017cce z Przemsz\u0105 Siewierz 1:2 Sarmaci do tego spotkania przyst\u0105pili mocno skoncentrowani. Od pierwszych minut ruszyli ostro na rywala chc\u0105c jak najszybciej zdoby\u0107 prowadzenie. W 8 minucie po dw\u00f3jkowej akcji Micha\u0142a Dyrdy i J\u00f3zefa Misztala, ten...\" \/>\n<meta property=\"og:url\" content=\"https:\/\/sarmacjabedzin.pl\/index.php\/2017\/08\/19\/warta-rozbita-4-0\/\" \/>\n<meta property=\"og:site_name\" content=\"BKS Sarmacja B\u0119dzin\" \/>\n<meta property=\"article:publisher\" content=\"https:\/\/www.facebook.com\/SarmacjaBedzin\" \/>\n<meta property=\"article:published_time\" content=\"2017-08-19T17:02:55+00:00\" \/>\n<meta property=\"og:image\" content=\"https:\/\/sarmacjabedzin.pl\/wp-content\/uploads\/2017\/08\/Warta2017.jpg\" \/>\n\t<meta property=\"og:image:width\" content=\"1200\" \/>\n\t<meta property=\"og:image:height\" content=\"720\" \/>\n\t<meta property=\"og:image:type\" content=\"image\/jpeg\" \/>\n<meta name=\"author\" content=\"tyrtak\" \/>\n<meta name=\"twitter:card\" content=\"summary_large_image\" \/>\n<meta name=\"twitter:label1\" content=\"Napisane przez\" \/>\n\t<meta name=\"twitter:data1\" content=\"tyrtak\" \/>\n\t<meta name=\"twitter:label2\" content=\"Szacowany czas czytania\" \/>\n\t<meta name=\"twitter:data2\" content=\"3 minuty\" \/>\n<script type=\"application\/ld+json\" class=\"yoast-schema-graph\">{\"@context\":\"https:\/\/schema.org\",\"@graph\":[{\"@type\":\"WebPage\",\"@id\":\"https:\/\/sarmacjabedzin.pl\/index.php\/2017\/08\/19\/warta-rozbita-4-0\/\",\"url\":\"https:\/\/sarmacjabedzin.pl\/index.php\/2017\/08\/19\/warta-rozbita-4-0\/\",\"name\":\"Warta rozbita 4:0! | BKS Sarmacja B\u0119dzin\",\"isPartOf\":{\"@id\":\"https:\/\/sarmacjabedzin.pl\/#website\"},\"primaryImageOfPage\":{\"@id\":\"https:\/\/sarmacjabedzin.pl\/index.php\/2017\/08\/19\/warta-rozbita-4-0\/#primaryimage\"},\"image\":{\"@id\":\"https:\/\/sarmacjabedzin.pl\/index.php\/2017\/08\/19\/warta-rozbita-4-0\/#primaryimage\"},\"thumbnailUrl\":\"https:\/\/sarmacjabedzin.pl\/wp-content\/uploads\/2017\/08\/Warta2017.jpg\",\"datePublished\":\"2017-08-19T17:02:55+00:00\",\"author\":{\"@id\":\"https:\/\/sarmacjabedzin.pl\/#\/schema\/person\/5417ea7b03bcd9adf58298a2265ce03a\"},\"breadcrumb\":{\"@id\":\"https:\/\/sarmacjabedzin.pl\/index.php\/2017\/08\/19\/warta-rozbita-4-0\/#breadcrumb\"},\"inLanguage\":\"pl-PL\",\"potentialAction\":[{\"@type\":\"ReadAction\",\"target\":[\"https:\/\/sarmacjabedzin.pl\/index.php\/2017\/08\/19\/warta-rozbita-4-0\/\"]}]},{\"@type\":\"ImageObject\",\"inLanguage\":\"pl-PL\",\"@id\":\"https:\/\/sarmacjabedzin.pl\/index.php\/2017\/08\/19\/warta-rozbita-4-0\/#primaryimage\",\"url\":\"https:\/\/sarmacjabedzin.pl\/wp-content\/uploads\/2017\/08\/Warta2017.jpg\",\"contentUrl\":\"https:\/\/sarmacjabedzin.pl\/wp-content\/uploads\/2017\/08\/Warta2017.jpg\",\"width\":1200,\"height\":720},{\"@type\":\"BreadcrumbList\",\"@id\":\"https:\/\/sarmacjabedzin.pl\/index.php\/2017\/08\/19\/warta-rozbita-4-0\/#breadcrumb\",\"itemListElement\":[{\"@type\":\"ListItem\",\"position\":1,\"name\":\"Strona g\u0142\u00f3wna\",\"item\":\"https:\/\/sarmacjabedzin.pl\/\"},{\"@type\":\"ListItem\",\"position\":2,\"name\":\"Warta rozbita 4:0!\"}]},{\"@type\":\"WebSite\",\"@id\":\"https:\/\/sarmacjabedzin.pl\/#website\",\"url\":\"https:\/\/sarmacjabedzin.pl\/\",\"name\":\"BKS Sarmacja B\u0119dzin \u2013 Nieoficjalny serwis\",\"description\":\"Nieoficjalny serwis B\u0119dzi\u0144skiego Klubu Sportowego &quot;Sarmacja&quot;\",\"potentialAction\":[{\"@type\":\"SearchAction\",\"target\":{\"@type\":\"EntryPoint\",\"urlTemplate\":\"https:\/\/sarmacjabedzin.pl\/?s={search_term_string}\"},\"query-input\":{\"@type\":\"PropertyValueSpecification\",\"valueRequired\":true,\"valueName\":\"search_term_string\"}}],\"inLanguage\":\"pl-PL\"},{\"@type\":\"Person\",\"@id\":\"https:\/\/sarmacjabedzin.pl\/#\/schema\/person\/5417ea7b03bcd9adf58298a2265ce03a\",\"name\":\"tyrtak\",\"image\":{\"@type\":\"ImageObject\",\"inLanguage\":\"pl-PL\",\"@id\":\"https:\/\/sarmacjabedzin.pl\/#\/schema\/person\/image\/\",\"url\":\"https:\/\/secure.gravatar.com\/avatar\/49b7734c6795cf524710e96813a9fedc1ae3816e479d92490236b4cfc47a5ae1?s=96&d=mm&r=g\",\"contentUrl\":\"https:\/\/secure.gravatar.com\/avatar\/49b7734c6795cf524710e96813a9fedc1ae3816e479d92490236b4cfc47a5ae1?s=96&d=mm&r=g\",\"caption\":\"tyrtak\"}}]}<\/script>\n<!-- \/ Yoast SEO plugin. -->","yoast_head_json":{"title":"Warta rozbita 4:0! | BKS Sarmacja B\u0119dzin","robots":{"index":"index","follow":"follow","max-snippet":"max-snippet:-1","max-image-preview":"max-image-preview:large","max-video-preview":"max-video-preview:-1"},"canonical":"https:\/\/sarmacjabedzin.pl\/index.php\/2017\/08\/19\/warta-rozbita-4-0\/","og_locale":"pl_PL","og_type":"article","og_title":"Warta rozbita 4:0! | BKS Sarmacja B\u0119dzin","og_description":"Dzi\u015b 19.08.2017 roku o godz.17.00 pi\u0142karze Sarmacji B\u0119dzin w drugiej kolejce nowego sezonu podejmowali dru\u017cyn\u0119 Warty Zawiercie. Po ostatniej pora\u017cce z Przemsz\u0105 Siewierz 1:2 Sarmaci do tego spotkania przyst\u0105pili mocno skoncentrowani. Od pierwszych minut ruszyli ostro na rywala chc\u0105c jak najszybciej zdoby\u0107 prowadzenie. W 8 minucie po dw\u00f3jkowej akcji Micha\u0142a Dyrdy i J\u00f3zefa Misztala, ten...","og_url":"https:\/\/sarmacjabedzin.pl\/index.php\/2017\/08\/19\/warta-rozbita-4-0\/","og_site_name":"BKS Sarmacja B\u0119dzin","article_publisher":"https:\/\/www.facebook.com\/SarmacjaBedzin","article_published_time":"2017-08-19T17:02:55+00:00","og_image":[{"width":1200,"height":720,"url":"https:\/\/sarmacjabedzin.pl\/wp-content\/uploads\/2017\/08\/Warta2017.jpg","type":"image\/jpeg"}],"author":"tyrtak","twitter_card":"summary_large_image","twitter_misc":{"Napisane przez":"tyrtak","Szacowany czas czytania":"3 minuty"},"schema":{"@context":"https:\/\/schema.org","@graph":[{"@type":"WebPage","@id":"https:\/\/sarmacjabedzin.pl\/index.php\/2017\/08\/19\/warta-rozbita-4-0\/","url":"https:\/\/sarmacjabedzin.pl\/index.php\/2017\/08\/19\/warta-rozbita-4-0\/","name":"Warta rozbita 4:0! | BKS Sarmacja B\u0119dzin","isPartOf":{"@id":"https:\/\/sarmacjabedzin.pl\/#website"},"primaryImageOfPage":{"@id":"https:\/\/sarmacjabedzin.pl\/index.php\/2017\/08\/19\/warta-rozbita-4-0\/#primaryimage"},"image":{"@id":"https:\/\/sarmacjabedzin.pl\/index.php\/2017\/08\/19\/warta-rozbita-4-0\/#primaryimage"},"thumbnailUrl":"https:\/\/sarmacjabedzin.pl\/wp-content\/uploads\/2017\/08\/Warta2017.jpg","datePublished":"2017-08-19T17:02:55+00:00","author":{"@id":"https:\/\/sarmacjabedzin.pl\/#\/schema\/person\/5417ea7b03bcd9adf58298a2265ce03a"},"breadcrumb":{"@id":"https:\/\/sarmacjabedzin.pl\/index.php\/2017\/08\/19\/warta-rozbita-4-0\/#breadcrumb"},"inLanguage":"pl-PL","potentialAction":[{"@type":"ReadAction","target":["https:\/\/sarmacjabedzin.pl\/index.php\/2017\/08\/19\/warta-rozbita-4-0\/"]}]},{"@type":"ImageObject","inLanguage":"pl-PL","@id":"https:\/\/sarmacjabedzin.pl\/index.php\/2017\/08\/19\/warta-rozbita-4-0\/#primaryimage","url":"https:\/\/sarmacjabedzin.pl\/wp-content\/uploads\/2017\/08\/Warta2017.jpg","contentUrl":"https:\/\/sarmacjabedzin.pl\/wp-content\/uploads\/2017\/08\/Warta2017.jpg","width":1200,"height":720},{"@type":"BreadcrumbList","@id":"https:\/\/sarmacjabedzin.pl\/index.php\/2017\/08\/19\/warta-rozbita-4-0\/#breadcrumb","itemListElement":[{"@type":"ListItem","position":1,"name":"Strona g\u0142\u00f3wna","item":"https:\/\/sarmacjabedzin.pl\/"},{"@type":"ListItem","position":2,"name":"Warta rozbita 4:0!"}]},{"@type":"WebSite","@id":"https:\/\/sarmacjabedzin.pl\/#website","url":"https:\/\/sarmacjabedzin.pl\/","name":"BKS Sarmacja B\u0119dzin \u2013 Nieoficjalny serwis","description":"Nieoficjalny serwis B\u0119dzi\u0144skiego Klubu Sportowego &quot;Sarmacja&quot;","potentialAction":[{"@type":"SearchAction","target":{"@type":"EntryPoint","urlTemplate":"https:\/\/sarmacjabedzin.pl\/?s={search_term_string}"},"query-input":{"@type":"PropertyValueSpecification","valueRequired":true,"valueName":"search_term_string"}}],"inLanguage":"pl-PL"},{"@type":"Person","@id":"https:\/\/sarmacjabedzin.pl\/#\/schema\/person\/5417ea7b03bcd9adf58298a2265ce03a","name":"tyrtak","image":{"@type":"ImageObject","inLanguage":"pl-PL","@id":"https:\/\/sarmacjabedzin.pl\/#\/schema\/person\/image\/","url":"https:\/\/secure.gravatar.com\/avatar\/49b7734c6795cf524710e96813a9fedc1ae3816e479d92490236b4cfc47a5ae1?s=96&d=mm&r=g","contentUrl":"https:\/\/secure.gravatar.com\/avatar\/49b7734c6795cf524710e96813a9fedc1ae3816e479d92490236b4cfc47a5ae1?s=96&d=mm&r=g","caption":"tyrtak"}}]}},"rttpg_featured_image_url":{"full":["https:\/\/sarmacjabedzin.pl\/wp-content\/uploads\/2017\/08\/Warta2017.jpg",1200,720,false],"landscape":["https:\/\/sarmacjabedzin.pl\/wp-content\/uploads\/2017\/08\/Warta2017.jpg",1200,720,false],"portraits":["https:\/\/sarmacjabedzin.pl\/wp-content\/uploads\/2017\/08\/Warta2017.jpg",1200,720,false],"thumbnail":["https:\/\/sarmacjabedzin.pl\/wp-content\/uploads\/2017\/08\/Warta2017-150x150.jpg",150,150,true],"medium":["https:\/\/sarmacjabedzin.pl\/wp-content\/uploads\/2017\/08\/Warta2017-300x180.jpg",300,180,true],"large":["https:\/\/sarmacjabedzin.pl\/wp-content\/uploads\/2017\/08\/Warta2017-1024x614.jpg",1024,614,true],"1536x1536":["https:\/\/sarmacjabedzin.pl\/wp-content\/uploads\/2017\/08\/Warta2017.jpg",1200,720,false],"2048x2048":["https:\/\/sarmacjabedzin.pl\/wp-content\/uploads\/2017\/08\/Warta2017.jpg",1200,720,false],"sportspress-crop-medium":["https:\/\/sarmacjabedzin.pl\/wp-content\/uploads\/2017\/08\/Warta2017-300x300.jpg",300,300,true],"sportspress-fit-medium":["https:\/\/sarmacjabedzin.pl\/wp-content\/uploads\/2017\/08\/Warta2017-300x180.jpg",300,180,true],"sportspress-fit-icon":["https:\/\/sarmacjabedzin.pl\/wp-content\/uploads\/2017\/08\/Warta2017-128x77.jpg",128,77,true],"sportspress-fit-mini":["https:\/\/sarmacjabedzin.pl\/wp-content\/uploads\/2017\/08\/Warta2017-32x19.jpg",32,19,true],"ultp_layout_landscape_large":["https:\/\/sarmacjabedzin.pl\/wp-content\/uploads\/2017\/08\/Warta2017.jpg",1200,720,false],"ultp_layout_landscape":["https:\/\/sarmacjabedzin.pl\/wp-content\/uploads\/2017\/08\/Warta2017.jpg",870,522,false],"ultp_layout_portrait":["https:\/\/sarmacjabedzin.pl\/wp-content\/uploads\/2017\/08\/Warta2017.jpg",600,360,false],"ultp_layout_square":["https:\/\/sarmacjabedzin.pl\/wp-content\/uploads\/2017\/08\/Warta2017.jpg",600,360,false],"stm-1140-666":["https:\/\/sarmacjabedzin.pl\/wp-content\/uploads\/2017\/08\/Warta2017-1140x666.jpg",1140,666,true],"stm-1170-650":["https:\/\/sarmacjabedzin.pl\/wp-content\/uploads\/2017\/08\/Warta2017-1170x650.jpg",1170,650,true],"stm-570-350":["https:\/\/sarmacjabedzin.pl\/wp-content\/uploads\/2017\/08\/Warta2017-570x350.jpg",570,350,true],"stm-570-250":["https:\/\/sarmacjabedzin.pl\/wp-content\/uploads\/2017\/08\/Warta2017-570x250.jpg",570,250,true],"stm-270-370":["https:\/\/sarmacjabedzin.pl\/wp-content\/uploads\/2017\/08\/Warta2017-270x370.jpg",270,370,true],"stm-540-500":["https:\/\/sarmacjabedzin.pl\/wp-content\/uploads\/2017\/08\/Warta2017-540x500.jpg",540,500,true],"stm-270-530":["https:\/\/sarmacjabedzin.pl\/wp-content\/uploads\/2017\/08\/Warta2017-270x530.jpg",270,530,true],"stm-200-200":["https:\/\/sarmacjabedzin.pl\/wp-content\/uploads\/2017\/08\/Warta2017-200x200.jpg",200,200,true],"stm-85-105":["https:\/\/sarmacjabedzin.pl\/wp-content\/uploads\/2017\/08\/Warta2017-85x105.jpg",85,105,true],"stm-255-255":["https:\/\/sarmacjabedzin.pl\/wp-content\/uploads\/2017\/08\/Warta2017-255x255.jpg",255,255,true],"stm-360-240":["https:\/\/sarmacjabedzin.pl\/wp-content\/uploads\/2017\/08\/Warta2017-360x240.jpg",360,240,true],"stm-360-495":["https:\/\/sarmacjabedzin.pl\/wp-content\/uploads\/2017\/08\/Warta2017-360x495.jpg",360,495,true],"stm-445-400":["https:\/\/sarmacjabedzin.pl\/wp-content\/uploads\/2017\/08\/Warta2017-445x400.jpg",445,400,true],"stm-735-240":["https:\/\/sarmacjabedzin.pl\/wp-content\/uploads\/2017\/08\/Warta2017-735x240.jpg",735,240,true],"stm-255-183":["https:\/\/sarmacjabedzin.pl\/wp-content\/uploads\/2017\/08\/Warta2017-255x183.jpg",255,183,true],"stm-350-250":["https:\/\/sarmacjabedzin.pl\/wp-content\/uploads\/2017\/08\/Warta2017-350x250.jpg",350,250,true],"blog_list":["https:\/\/sarmacjabedzin.pl\/wp-content\/uploads\/2017\/08\/Warta2017-270x220.jpg",270,220,true],"blog_list_medium":["https:\/\/sarmacjabedzin.pl\/wp-content\/uploads\/2017\/08\/Warta2017-390x345.jpg",390,345,true],"gallery_thumbnail":["https:\/\/sarmacjabedzin.pl\/wp-content\/uploads\/2017\/08\/Warta2017-80x80.jpg",80,80,true],"gallery_image":["https:\/\/sarmacjabedzin.pl\/wp-content\/uploads\/2017\/08\/Warta2017-560x367.jpg",560,367,true],"gallery_image_mini":["https:\/\/sarmacjabedzin.pl\/wp-content\/uploads\/2017\/08\/Warta2017-143x116.jpg",143,116,true],"player_photo":["https:\/\/sarmacjabedzin.pl\/wp-content\/uploads\/2017\/08\/Warta2017-740x720.jpg",740,720,true],"team_logo":["https:\/\/sarmacjabedzin.pl\/wp-content\/uploads\/2017\/08\/Warta2017-98x59.jpg",98,59,true],"player_stat_ava":["https:\/\/sarmacjabedzin.pl\/wp-content\/uploads\/2017\/08\/Warta2017-550x580.jpg",550,580,true],"post-350-220":["https:\/\/sarmacjabedzin.pl\/wp-content\/uploads\/2017\/08\/Warta2017-350x220.jpg",350,220,true],"post-275-142":["https:\/\/sarmacjabedzin.pl\/wp-content\/uploads\/2017\/08\/Warta2017-275x142.jpg",275,142,true],"post-160-120":["https:\/\/sarmacjabedzin.pl\/wp-content\/uploads\/2017\/08\/Warta2017-160x120.jpg",160,120,true],"post-110-70":["https:\/\/sarmacjabedzin.pl\/wp-content\/uploads\/2017\/08\/Warta2017-110x70.jpg",110,70,true],"post-770-450":["https:\/\/sarmacjabedzin.pl\/wp-content\/uploads\/2017\/08\/Warta2017-770x450.jpg",770,450,true],"post-370-210":["https:\/\/sarmacjabedzin.pl\/wp-content\/uploads\/2017\/08\/Warta2017-370x210.jpg",370,210,true],"post-457-470":["https:\/\/sarmacjabedzin.pl\/wp-content\/uploads\/2017\/08\/Warta2017-457x470.jpg",457,470,true],"post-370-420":["https:\/\/sarmacjabedzin.pl\/wp-content\/uploads\/2017\/08\/Warta2017-370x420.jpg",370,420,true],"stm-445-445":["https:\/\/sarmacjabedzin.pl\/wp-content\/uploads\/2017\/08\/Warta2017-445x445.jpg",445,445,true],"stm-555-460":["https:\/\/sarmacjabedzin.pl\/wp-content\/uploads\/2017\/08\/Warta2017-555x460.jpg",555,460,true],"stm-350-450":["https:\/\/sarmacjabedzin.pl\/wp-content\/uploads\/2017\/08\/Warta2017-350x450.jpg",350,450,true],"stm-720-440":["https:\/\/sarmacjabedzin.pl\/wp-content\/uploads\/2017\/08\/Warta2017-720x440.jpg",720,440,true],"stm-270-270":["https:\/\/sarmacjabedzin.pl\/wp-content\/uploads\/2017\/08\/Warta2017.jpg",270,162,false],"stm-760-450":["https:\/\/sarmacjabedzin.pl\/wp-content\/uploads\/2017\/08\/Warta2017.jpg",750,450,false]},"rttpg_author":{"display_name":"tyrtak","author_link":false},"rttpg_comment":0,"rttpg_category":"<a href=\"https:\/\/sarmacjabedzin.pl\/index.php\/category\/soccer\/\" rel=\"category tag\">Liga<\/a>","rttpg_excerpt":"Dzi\u015b 19.08.2017 roku o godz.17.00 pi\u0142karze Sarmacji B\u0119dzin w drugiej kolejce nowego sezonu podejmowali dru\u017cyn\u0119 Warty Zawiercie. Po ostatniej pora\u017cce z Przemsz\u0105 Siewierz 1:2 Sarmaci do tego spotkania przyst\u0105pili mocno skoncentrowani. Od pierwszych minut ruszyli ostro na rywala chc\u0105c jak najszybciej zdoby\u0107 prowadzenie. W 8 minucie po dw\u00f3jkowej akcji Micha\u0142a Dyrdy i J\u00f3zefa Misztala, ten...","_links":{"self":[{"href":"https:\/\/sarmacjabedzin.pl\/index.php\/wp-json\/wp\/v2\/posts\/1075","targetHints":{"allow":["GET"]}}],"collection":[{"href":"https:\/\/sarmacjabedzin.pl\/index.php\/wp-json\/wp\/v2\/posts"}],"about":[{"href":"https:\/\/sarmacjabedzin.pl\/index.php\/wp-json\/wp\/v2\/types\/post"}],"author":[{"embeddable":true,"href":"https:\/\/sarmacjabedzin.pl\/index.php\/wp-json\/wp\/v2\/users\/1"}],"replies":[{"embeddable":true,"href":"https:\/\/sarmacjabedzin.pl\/index.php\/wp-json\/wp\/v2\/comments?post=1075"}],"version-history":[{"count":0,"href":"https:\/\/sarmacjabedzin.pl\/index.php\/wp-json\/wp\/v2\/posts\/1075\/revisions"}],"wp:featuredmedia":[{"embeddable":true,"href":"https:\/\/sarmacjabedzin.pl\/index.php\/wp-json\/wp\/v2\/media\/1074"}],"wp:attachment":[{"href":"https:\/\/sarmacjabedzin.pl\/index.php\/wp-json\/wp\/v2\/media?parent=1075"}],"wp:term":[{"taxonomy":"category","embeddable":true,"href":"https:\/\/sarmacjabedzin.pl\/index.php\/wp-json\/wp\/v2\/categories?post=1075"},{"taxonomy":"post_tag","embeddable":true,"href":"https:\/\/sarmacjabedzin.pl\/index.php\/wp-json\/wp\/v2\/tags?post=1075"}],"curies":[{"name":"wp","href":"https:\/\/api.w.org\/{rel}","templated":true}]}}