{"id":1095,"date":"2017-10-07T17:13:11","date_gmt":"2017-10-07T15:13:11","guid":{"rendered":"http:\/\/sarmacjabedzin.pl\/index.php\/2017\/10\/07\/mokry-prysznic-w-grodzcu\/"},"modified":"2017-10-07T17:13:11","modified_gmt":"2017-10-07T15:13:11","slug":"mokry-prysznic-w-grodzcu","status":"publish","type":"post","link":"https:\/\/sarmacjabedzin.pl\/index.php\/2017\/10\/07\/mokry-prysznic-w-grodzcu\/","title":{"rendered":"Mokry prysznic w Grod\u017acu!"},"content":{"rendered":"<p style=\"margin-bottom: 0cm;\">Dzi\u015b 07.10.2017 roku o godz.15.00 pi\u0142karze Sarmacji B\u0119dzin w meczu VIII kolejki ligowej rozegrali wyjazdowe spotkanie z RKS-em Grodziec.<\/p>\n<p style=\"margin-bottom: 0cm;\">Niestety podopieczni trenera Krzysztofa Kie\u0142ba wybiegli na muraw\u0119 mocno rozkojarzeni i zdekoncentrowani.<\/p>\n<p style=\"margin-bottom: 0cm;\">Ju\u017c po pierwszym kwadransie gry przegrywali 0:2, co stawia\u0142o ich w ma\u0142o komfortowej sytuacji przed dalsz\u0105 cz\u0119\u015bci\u0105 spotkania.<\/p>\n<p style=\"margin-bottom: 0cm;\">Bardzo szybko w 7 minucie pierwszego gola dla gospodarzy zdoby\u0142 Adam Baran, kt\u00f3ry w dziecinny spos\u00f3b w polu karnym rywala ogra\u0142 Tomasza Kit\u0119, a nast\u0119pnie wpakowa\u0142 pi\u0142k\u0119 do siatki Sarmat\u00f3w.<\/p>\n<p style=\"margin-bottom: 0cm;\">W 12 minucie b\u0119dzinianie pr\u00f3bowali szybko doprowadzi\u0107 do wyr\u00f3wnania.<\/p>\n<p style=\"margin-bottom: 0cm;\">P\u0119dz\u0105cy lew\u0105 stron\u0105 boiska Rados\u0142aw Gruszka pos\u0142a\u0142 futbol\u00f3wk\u0119 na drug\u0105 stron\u0119 pola karnego wprost na g\u0142ow\u0119 Rafa\u0142a J\u0119drzejczyka. Niestety ta po jego uderzeniu poszybowa\u0142a obok bramki miejscowych.<\/p>\n<p style=\"margin-bottom: 0cm;\">W 15 minucie zamiast gola wyr\u00f3wnuj\u0105cego dla Sarmacji, grodziszczanie podwy\u017cszyli rezultat tego spotkania na 2:0. \u015awietne podanie na prawej stronie murawy otrzyma\u0142 Adam Baran, kt\u00f3ry wychodz\u0105c sam na sam z golkiperem przyjezdnych nie da\u0142 mu \u017cadnych szans oddaj\u0105c celny strza\u0142.<\/p>\n<p style=\"margin-bottom: 0cm;\">W 30 minucie miejscowi graj\u0105cy o jedno tempo szybciej i agresywniej oddali kolejny strza\u0142 na bramk\u0119 Sarmat\u00f3w. Tym razem pi\u0142ka przelecia\u0142a obok s\u0142upka.<\/p>\n<p style=\"margin-bottom: 0cm;\">W 37 minucie RKS ponownie by\u0142 bliski podwy\u017cszenia rezultatu. Pi\u0142k\u0119 wrzucon\u0105 w pole karne b\u0119dzinian pi\u0105stkowaniem wybi\u0142 przed siebie Dariusz Maciejowski. Do tej dobieg\u0142 jeszcze zawodnik gospodarzy oddaj\u0105c bardzo niecelny strza\u0142.<\/p>\n<p style=\"margin-bottom: 0cm;\">W 40 minucie miejscowi przypiecz\u0119towali ju\u017c praktycznie swoje zas\u0142u\u017cone zwyci\u0119stwo.<\/p>\n<p style=\"margin-bottom: 0cm;\">Pi\u0142k\u0119 wrzucon\u0105 z prawej strony pola karnego na d\u0142ugim s\u0142upku do siatki Sarmacji, g\u0142ow\u0105 z bliska skierowa\u0142 Kamil Zalewski.<\/p>\n<p style=\"margin-bottom: 0cm;\">I tym razem obrona b\u0119dzinian by\u0142a sp\u00f3\u017aniona w swojej interwencji.<\/p>\n<p style=\"margin-bottom: 0cm;\">W 43 minucie w ogromnym zamieszaniu podbramkowym w idealnej sytuacji Tomasz Kita z okolicy 3 metra od bramki trafi\u0142 pi\u0142k\u0105 w obro\u0144c\u0119 RKS-u.<\/p>\n<p style=\"margin-bottom: 0cm;\">Prowadzenie miejscowych do przerwy 3:0 przy fatalnej postawie pi\u0142karzy z B\u0119dzina gwarantowa\u0142o im dzi\u015b pewne zwyci\u0119stwo.<\/p>\n<p style=\"margin-bottom: 0cm;\">W 51 i 54 minucie pi\u0142ka po strza\u0142ach gospodarzy przelecia\u0142a obok bramki Sarmacji.<\/p>\n<p style=\"margin-bottom: 0cm;\">W 60 minucie dosz\u0142o do niebezpiecznego zderzenia J\u00f3zefa Misztala z bramkarzem miejscowych, po kt\u00f3rym popularny \u201eJ\u00f3zek\u201d mocno kulej\u0105c musia\u0142 opu\u015bci\u0107 boisko. W 63 minucie silny strza\u0142 po ziemi z rzutu wolnego Tomasza Balula bramkarz RKS-u z trudem wybi\u0142 przed siebie.<\/p>\n<p style=\"margin-bottom: 0cm;\">W 69 minucie gospodarze powinni prowadzi\u0107 4:0. Tym razem sytuacj\u0119 sam na sam z Dariuszem Maciejowskim zmarnowa\u0142 strzelec trzeciego gola Kamil Zalewski.<\/p>\n<p style=\"margin-bottom: 0cm;\">W 74 minucie Damian Wa\u015bniewski popisa\u0142 si\u0119 fantastycznym rajdem lew\u0105 stron\u0105 boiska, a nast\u0119pnie zagra\u0142 pi\u0142k\u0119 na drug\u0105 stron\u0119 pola karnego b\u0119dzinian wprost do Adama Barana. Na szcz\u0119\u015bcie dla Sarmat\u00f3w ten w dogodnej sytuacji spud\u0142owa\u0142. Tym samym straci\u0142 szans\u0119 na \u201ehat-tricka\u201d. <br \/>W 87 minucie Dariusz Maciejowski zmuszony by\u0142 jeszcze raz do skutecznej interwencji.<\/p>\n<p style=\"margin-bottom: 0cm;\">Ostatecznie lideruj\u0105ca Sarmacja w dzisiejszych \u201eDerbach B\u0119dzina\u201d zosta\u0142a zdecydowanie zdominowana przez bardziej zdeterminowanego rywala RKS Grodziec 0:3 (0:3).<br \/>Szybko stracone bramki po b\u0142\u0119dach kiepsko graj\u0105cej dzi\u015b defensywy b\u0119dzinian praktycznie ustawi\u0142o ca\u0142e spotkanie. Brak jakichkolwiek argument\u00f3w w ofensywie zadecydowa\u0142 o bolesnej pora\u017cce dotychczasowego lidera.<\/p>\n<p style=\"margin-bottom: 0cm;\">Niestety styl jaki dzi\u015b zaprezentowa\u0142a Sarmacja nie przystoi dru\u017cynie b\u0119d\u0105cej od kilku kolejek na czele stawki. <br \/>Nale\u017cy szybko wyci\u0105gn\u0105\u0107 z tego wnioski i ju\u017c za tydzie\u0144 na w\u0142asnym stadionie dokona\u0107 szybkiej \u201erehabilitacji\u201d pokonuj\u0105c jednego z kandydat\u00f3w do awansu Szombierki Bytom.<\/p>\n<p style=\"margin-bottom: 0cm;\">Wierzymy, \u017ce po tak s\u0142abym spotkaniu mo\u017ce by\u0107 tylko lepiej.<\/p>\n<p style=\"margin-bottom: 0cm;\">\u00a0<\/p>\n<p style=\"margin-bottom: 0cm;\"><strong>RKS Grodziec \u2013 Sarmacja B\u0119dzin 3:0 (3:0)<\/strong><\/p>\n<p style=\"margin-bottom: 0cm;\"><strong>Bramki:<\/strong><\/p>\n<p style=\"margin-bottom: 0cm;\">7&#8242;, 15&#8242; Baran<\/p>\n<p style=\"margin-bottom: 0cm;\">40&#8242; Zalewski<\/p>\n<p style=\"margin-bottom: 0cm;\">\u00a0<\/p>\n<p style=\"margin-bottom: 0cm;\"><strong>\u017b\u00f3\u0142te kartki:<\/strong><\/p>\n<p style=\"margin-bottom: 0cm;\">37&#8242; Misztal<\/p>\n<p style=\"margin-bottom: 0cm;\">\u00a0<\/p>\n<p>\u00a0<\/p>\n<p style=\"margin-bottom: 0cm;\"><strong>Sarmacja B\u0119dzin:<\/strong> Maciejowski, Sroka, Kita, Balul, Gruszka, J\u0119drzejczyk, Dyrda, Makowski (30&#8242; Tyszczak), Misztal (62&#8242; Barczyk), Malicki, Nowak (59&#8242; Zawadzki)<\/p>\n<p>{gallery}grodziec{\/gallery}<\/p>\n","protected":false},"excerpt":{"rendered":"<p>Dzi\u015b 07.10.2017 roku o godz.15.00 pi\u0142karze Sarmacji B\u0119dzin w meczu VIII kolejki ligowej rozegrali wyjazdowe spotkanie z RKS-em Grodziec. Niestety podopieczni trenera Krzysztofa Kie\u0142ba wybiegli na muraw\u0119 mocno rozkojarzeni i zdekoncentrowani. Ju\u017c po pierwszym kwadransie gry przegrywali 0:2, co stawia\u0142o ich w ma\u0142o komfortowej sytuacji przed dalsz\u0105 cz\u0119\u015bci\u0105 spotkania. Bardzo szybko w 7 minucie pierwszego&#8230;<\/p>\n","protected":false},"author":1,"featured_media":1094,"comment_status":"open","ping_status":"open","sticky":false,"template":"","format":"standard","meta":{"footnotes":""},"categories":[64],"tags":[],"class_list":["post-1095","post","type-post","status-publish","format-standard","has-post-thumbnail","hentry","category-soccer"],"yoast_head":"<!-- This site is optimized with the Yoast SEO plugin v25.8 - https:\/\/yoast.com\/wordpress\/plugins\/seo\/ -->\n<title>Mokry prysznic w Grod\u017acu! | BKS Sarmacja B\u0119dzin<\/title>\n<meta name=\"robots\" content=\"index, follow, max-snippet:-1, max-image-preview:large, max-video-preview:-1\" \/>\n<link rel=\"canonical\" href=\"https:\/\/sarmacjabedzin.pl\/index.php\/2017\/10\/07\/mokry-prysznic-w-grodzcu\/\" \/>\n<meta property=\"og:locale\" content=\"pl_PL\" \/>\n<meta property=\"og:type\" content=\"article\" \/>\n<meta property=\"og:title\" content=\"Mokry prysznic w Grod\u017acu! | BKS Sarmacja B\u0119dzin\" \/>\n<meta property=\"og:description\" content=\"Dzi\u015b 07.10.2017 roku o godz.15.00 pi\u0142karze Sarmacji B\u0119dzin w meczu VIII kolejki ligowej rozegrali wyjazdowe spotkanie z RKS-em Grodziec. Niestety podopieczni trenera Krzysztofa Kie\u0142ba wybiegli na muraw\u0119 mocno rozkojarzeni i zdekoncentrowani. Ju\u017c po pierwszym kwadransie gry przegrywali 0:2, co stawia\u0142o ich w ma\u0142o komfortowej sytuacji przed dalsz\u0105 cz\u0119\u015bci\u0105 spotkania. Bardzo szybko w 7 minucie pierwszego...\" \/>\n<meta property=\"og:url\" content=\"https:\/\/sarmacjabedzin.pl\/index.php\/2017\/10\/07\/mokry-prysznic-w-grodzcu\/\" \/>\n<meta property=\"og:site_name\" content=\"BKS Sarmacja B\u0119dzin\" \/>\n<meta property=\"article:publisher\" content=\"https:\/\/www.facebook.com\/SarmacjaBedzin\" \/>\n<meta property=\"article:published_time\" content=\"2017-10-07T15:13:11+00:00\" \/>\n<meta property=\"og:image\" content=\"https:\/\/sarmacjabedzin.pl\/wp-content\/uploads\/2017\/10\/RKS2017.jpg\" \/>\n\t<meta property=\"og:image:width\" content=\"1200\" \/>\n\t<meta property=\"og:image:height\" content=\"720\" \/>\n\t<meta property=\"og:image:type\" content=\"image\/jpeg\" \/>\n<meta name=\"author\" content=\"tyrtak\" \/>\n<meta name=\"twitter:card\" content=\"summary_large_image\" \/>\n<meta name=\"twitter:label1\" content=\"Napisane przez\" \/>\n\t<meta name=\"twitter:data1\" content=\"tyrtak\" \/>\n\t<meta name=\"twitter:label2\" content=\"Szacowany czas czytania\" \/>\n\t<meta name=\"twitter:data2\" content=\"3 minuty\" \/>\n<script type=\"application\/ld+json\" class=\"yoast-schema-graph\">{\"@context\":\"https:\/\/schema.org\",\"@graph\":[{\"@type\":\"WebPage\",\"@id\":\"https:\/\/sarmacjabedzin.pl\/index.php\/2017\/10\/07\/mokry-prysznic-w-grodzcu\/\",\"url\":\"https:\/\/sarmacjabedzin.pl\/index.php\/2017\/10\/07\/mokry-prysznic-w-grodzcu\/\",\"name\":\"Mokry prysznic w Grod\u017acu! | BKS Sarmacja B\u0119dzin\",\"isPartOf\":{\"@id\":\"https:\/\/sarmacjabedzin.pl\/#website\"},\"primaryImageOfPage\":{\"@id\":\"https:\/\/sarmacjabedzin.pl\/index.php\/2017\/10\/07\/mokry-prysznic-w-grodzcu\/#primaryimage\"},\"image\":{\"@id\":\"https:\/\/sarmacjabedzin.pl\/index.php\/2017\/10\/07\/mokry-prysznic-w-grodzcu\/#primaryimage\"},\"thumbnailUrl\":\"https:\/\/sarmacjabedzin.pl\/wp-content\/uploads\/2017\/10\/RKS2017.jpg\",\"datePublished\":\"2017-10-07T15:13:11+00:00\",\"author\":{\"@id\":\"https:\/\/sarmacjabedzin.pl\/#\/schema\/person\/5417ea7b03bcd9adf58298a2265ce03a\"},\"breadcrumb\":{\"@id\":\"https:\/\/sarmacjabedzin.pl\/index.php\/2017\/10\/07\/mokry-prysznic-w-grodzcu\/#breadcrumb\"},\"inLanguage\":\"pl-PL\",\"potentialAction\":[{\"@type\":\"ReadAction\",\"target\":[\"https:\/\/sarmacjabedzin.pl\/index.php\/2017\/10\/07\/mokry-prysznic-w-grodzcu\/\"]}]},{\"@type\":\"ImageObject\",\"inLanguage\":\"pl-PL\",\"@id\":\"https:\/\/sarmacjabedzin.pl\/index.php\/2017\/10\/07\/mokry-prysznic-w-grodzcu\/#primaryimage\",\"url\":\"https:\/\/sarmacjabedzin.pl\/wp-content\/uploads\/2017\/10\/RKS2017.jpg\",\"contentUrl\":\"https:\/\/sarmacjabedzin.pl\/wp-content\/uploads\/2017\/10\/RKS2017.jpg\",\"width\":1200,\"height\":720},{\"@type\":\"BreadcrumbList\",\"@id\":\"https:\/\/sarmacjabedzin.pl\/index.php\/2017\/10\/07\/mokry-prysznic-w-grodzcu\/#breadcrumb\",\"itemListElement\":[{\"@type\":\"ListItem\",\"position\":1,\"name\":\"Strona g\u0142\u00f3wna\",\"item\":\"https:\/\/sarmacjabedzin.pl\/\"},{\"@type\":\"ListItem\",\"position\":2,\"name\":\"Mokry prysznic w Grod\u017acu!\"}]},{\"@type\":\"WebSite\",\"@id\":\"https:\/\/sarmacjabedzin.pl\/#website\",\"url\":\"https:\/\/sarmacjabedzin.pl\/\",\"name\":\"BKS Sarmacja B\u0119dzin \u2013 Nieoficjalny serwis\",\"description\":\"Nieoficjalny serwis B\u0119dzi\u0144skiego Klubu Sportowego &quot;Sarmacja&quot;\",\"potentialAction\":[{\"@type\":\"SearchAction\",\"target\":{\"@type\":\"EntryPoint\",\"urlTemplate\":\"https:\/\/sarmacjabedzin.pl\/?s={search_term_string}\"},\"query-input\":{\"@type\":\"PropertyValueSpecification\",\"valueRequired\":true,\"valueName\":\"search_term_string\"}}],\"inLanguage\":\"pl-PL\"},{\"@type\":\"Person\",\"@id\":\"https:\/\/sarmacjabedzin.pl\/#\/schema\/person\/5417ea7b03bcd9adf58298a2265ce03a\",\"name\":\"tyrtak\",\"image\":{\"@type\":\"ImageObject\",\"inLanguage\":\"pl-PL\",\"@id\":\"https:\/\/sarmacjabedzin.pl\/#\/schema\/person\/image\/\",\"url\":\"https:\/\/secure.gravatar.com\/avatar\/49b7734c6795cf524710e96813a9fedc1ae3816e479d92490236b4cfc47a5ae1?s=96&d=mm&r=g\",\"contentUrl\":\"https:\/\/secure.gravatar.com\/avatar\/49b7734c6795cf524710e96813a9fedc1ae3816e479d92490236b4cfc47a5ae1?s=96&d=mm&r=g\",\"caption\":\"tyrtak\"}}]}<\/script>\n<!-- \/ Yoast SEO plugin. -->","yoast_head_json":{"title":"Mokry prysznic w Grod\u017acu! | BKS Sarmacja B\u0119dzin","robots":{"index":"index","follow":"follow","max-snippet":"max-snippet:-1","max-image-preview":"max-image-preview:large","max-video-preview":"max-video-preview:-1"},"canonical":"https:\/\/sarmacjabedzin.pl\/index.php\/2017\/10\/07\/mokry-prysznic-w-grodzcu\/","og_locale":"pl_PL","og_type":"article","og_title":"Mokry prysznic w Grod\u017acu! | BKS Sarmacja B\u0119dzin","og_description":"Dzi\u015b 07.10.2017 roku o godz.15.00 pi\u0142karze Sarmacji B\u0119dzin w meczu VIII kolejki ligowej rozegrali wyjazdowe spotkanie z RKS-em Grodziec. Niestety podopieczni trenera Krzysztofa Kie\u0142ba wybiegli na muraw\u0119 mocno rozkojarzeni i zdekoncentrowani. Ju\u017c po pierwszym kwadransie gry przegrywali 0:2, co stawia\u0142o ich w ma\u0142o komfortowej sytuacji przed dalsz\u0105 cz\u0119\u015bci\u0105 spotkania. Bardzo szybko w 7 minucie pierwszego...","og_url":"https:\/\/sarmacjabedzin.pl\/index.php\/2017\/10\/07\/mokry-prysznic-w-grodzcu\/","og_site_name":"BKS Sarmacja B\u0119dzin","article_publisher":"https:\/\/www.facebook.com\/SarmacjaBedzin","article_published_time":"2017-10-07T15:13:11+00:00","og_image":[{"width":1200,"height":720,"url":"https:\/\/sarmacjabedzin.pl\/wp-content\/uploads\/2017\/10\/RKS2017.jpg","type":"image\/jpeg"}],"author":"tyrtak","twitter_card":"summary_large_image","twitter_misc":{"Napisane przez":"tyrtak","Szacowany czas czytania":"3 minuty"},"schema":{"@context":"https:\/\/schema.org","@graph":[{"@type":"WebPage","@id":"https:\/\/sarmacjabedzin.pl\/index.php\/2017\/10\/07\/mokry-prysznic-w-grodzcu\/","url":"https:\/\/sarmacjabedzin.pl\/index.php\/2017\/10\/07\/mokry-prysznic-w-grodzcu\/","name":"Mokry prysznic w Grod\u017acu! | BKS Sarmacja B\u0119dzin","isPartOf":{"@id":"https:\/\/sarmacjabedzin.pl\/#website"},"primaryImageOfPage":{"@id":"https:\/\/sarmacjabedzin.pl\/index.php\/2017\/10\/07\/mokry-prysznic-w-grodzcu\/#primaryimage"},"image":{"@id":"https:\/\/sarmacjabedzin.pl\/index.php\/2017\/10\/07\/mokry-prysznic-w-grodzcu\/#primaryimage"},"thumbnailUrl":"https:\/\/sarmacjabedzin.pl\/wp-content\/uploads\/2017\/10\/RKS2017.jpg","datePublished":"2017-10-07T15:13:11+00:00","author":{"@id":"https:\/\/sarmacjabedzin.pl\/#\/schema\/person\/5417ea7b03bcd9adf58298a2265ce03a"},"breadcrumb":{"@id":"https:\/\/sarmacjabedzin.pl\/index.php\/2017\/10\/07\/mokry-prysznic-w-grodzcu\/#breadcrumb"},"inLanguage":"pl-PL","potentialAction":[{"@type":"ReadAction","target":["https:\/\/sarmacjabedzin.pl\/index.php\/2017\/10\/07\/mokry-prysznic-w-grodzcu\/"]}]},{"@type":"ImageObject","inLanguage":"pl-PL","@id":"https:\/\/sarmacjabedzin.pl\/index.php\/2017\/10\/07\/mokry-prysznic-w-grodzcu\/#primaryimage","url":"https:\/\/sarmacjabedzin.pl\/wp-content\/uploads\/2017\/10\/RKS2017.jpg","contentUrl":"https:\/\/sarmacjabedzin.pl\/wp-content\/uploads\/2017\/10\/RKS2017.jpg","width":1200,"height":720},{"@type":"BreadcrumbList","@id":"https:\/\/sarmacjabedzin.pl\/index.php\/2017\/10\/07\/mokry-prysznic-w-grodzcu\/#breadcrumb","itemListElement":[{"@type":"ListItem","position":1,"name":"Strona g\u0142\u00f3wna","item":"https:\/\/sarmacjabedzin.pl\/"},{"@type":"ListItem","position":2,"name":"Mokry prysznic w Grod\u017acu!"}]},{"@type":"WebSite","@id":"https:\/\/sarmacjabedzin.pl\/#website","url":"https:\/\/sarmacjabedzin.pl\/","name":"BKS Sarmacja B\u0119dzin \u2013 Nieoficjalny serwis","description":"Nieoficjalny serwis B\u0119dzi\u0144skiego Klubu Sportowego &quot;Sarmacja&quot;","potentialAction":[{"@type":"SearchAction","target":{"@type":"EntryPoint","urlTemplate":"https:\/\/sarmacjabedzin.pl\/?s={search_term_string}"},"query-input":{"@type":"PropertyValueSpecification","valueRequired":true,"valueName":"search_term_string"}}],"inLanguage":"pl-PL"},{"@type":"Person","@id":"https:\/\/sarmacjabedzin.pl\/#\/schema\/person\/5417ea7b03bcd9adf58298a2265ce03a","name":"tyrtak","image":{"@type":"ImageObject","inLanguage":"pl-PL","@id":"https:\/\/sarmacjabedzin.pl\/#\/schema\/person\/image\/","url":"https:\/\/secure.gravatar.com\/avatar\/49b7734c6795cf524710e96813a9fedc1ae3816e479d92490236b4cfc47a5ae1?s=96&d=mm&r=g","contentUrl":"https:\/\/secure.gravatar.com\/avatar\/49b7734c6795cf524710e96813a9fedc1ae3816e479d92490236b4cfc47a5ae1?s=96&d=mm&r=g","caption":"tyrtak"}}]}},"rttpg_featured_image_url":{"full":["https:\/\/sarmacjabedzin.pl\/wp-content\/uploads\/2017\/10\/RKS2017.jpg",1200,720,false],"landscape":["https:\/\/sarmacjabedzin.pl\/wp-content\/uploads\/2017\/10\/RKS2017.jpg",1200,720,false],"portraits":["https:\/\/sarmacjabedzin.pl\/wp-content\/uploads\/2017\/10\/RKS2017.jpg",1200,720,false],"thumbnail":["https:\/\/sarmacjabedzin.pl\/wp-content\/uploads\/2017\/10\/RKS2017-150x150.jpg",150,150,true],"medium":["https:\/\/sarmacjabedzin.pl\/wp-content\/uploads\/2017\/10\/RKS2017-300x180.jpg",300,180,true],"large":["https:\/\/sarmacjabedzin.pl\/wp-content\/uploads\/2017\/10\/RKS2017-1024x614.jpg",1024,614,true],"1536x1536":["https:\/\/sarmacjabedzin.pl\/wp-content\/uploads\/2017\/10\/RKS2017.jpg",1200,720,false],"2048x2048":["https:\/\/sarmacjabedzin.pl\/wp-content\/uploads\/2017\/10\/RKS2017.jpg",1200,720,false],"sportspress-crop-medium":["https:\/\/sarmacjabedzin.pl\/wp-content\/uploads\/2017\/10\/RKS2017-300x300.jpg",300,300,true],"sportspress-fit-medium":["https:\/\/sarmacjabedzin.pl\/wp-content\/uploads\/2017\/10\/RKS2017-300x180.jpg",300,180,true],"sportspress-fit-icon":["https:\/\/sarmacjabedzin.pl\/wp-content\/uploads\/2017\/10\/RKS2017-128x77.jpg",128,77,true],"sportspress-fit-mini":["https:\/\/sarmacjabedzin.pl\/wp-content\/uploads\/2017\/10\/RKS2017-32x19.jpg",32,19,true],"ultp_layout_landscape_large":["https:\/\/sarmacjabedzin.pl\/wp-content\/uploads\/2017\/10\/RKS2017.jpg",1200,720,false],"ultp_layout_landscape":["https:\/\/sarmacjabedzin.pl\/wp-content\/uploads\/2017\/10\/RKS2017.jpg",870,522,false],"ultp_layout_portrait":["https:\/\/sarmacjabedzin.pl\/wp-content\/uploads\/2017\/10\/RKS2017.jpg",600,360,false],"ultp_layout_square":["https:\/\/sarmacjabedzin.pl\/wp-content\/uploads\/2017\/10\/RKS2017.jpg",600,360,false],"stm-1140-666":["https:\/\/sarmacjabedzin.pl\/wp-content\/uploads\/2017\/10\/RKS2017-1140x666.jpg",1140,666,true],"stm-1170-650":["https:\/\/sarmacjabedzin.pl\/wp-content\/uploads\/2017\/10\/RKS2017-1170x650.jpg",1170,650,true],"stm-570-350":["https:\/\/sarmacjabedzin.pl\/wp-content\/uploads\/2017\/10\/RKS2017-570x350.jpg",570,350,true],"stm-570-250":["https:\/\/sarmacjabedzin.pl\/wp-content\/uploads\/2017\/10\/RKS2017-570x250.jpg",570,250,true],"stm-270-370":["https:\/\/sarmacjabedzin.pl\/wp-content\/uploads\/2017\/10\/RKS2017-270x370.jpg",270,370,true],"stm-540-500":["https:\/\/sarmacjabedzin.pl\/wp-content\/uploads\/2017\/10\/RKS2017-540x500.jpg",540,500,true],"stm-270-530":["https:\/\/sarmacjabedzin.pl\/wp-content\/uploads\/2017\/10\/RKS2017-270x530.jpg",270,530,true],"stm-200-200":["https:\/\/sarmacjabedzin.pl\/wp-content\/uploads\/2017\/10\/RKS2017-200x200.jpg",200,200,true],"stm-85-105":["https:\/\/sarmacjabedzin.pl\/wp-content\/uploads\/2017\/10\/RKS2017-85x105.jpg",85,105,true],"stm-255-255":["https:\/\/sarmacjabedzin.pl\/wp-content\/uploads\/2017\/10\/RKS2017-255x255.jpg",255,255,true],"stm-360-240":["https:\/\/sarmacjabedzin.pl\/wp-content\/uploads\/2017\/10\/RKS2017-360x240.jpg",360,240,true],"stm-360-495":["https:\/\/sarmacjabedzin.pl\/wp-content\/uploads\/2017\/10\/RKS2017-360x495.jpg",360,495,true],"stm-445-400":["https:\/\/sarmacjabedzin.pl\/wp-content\/uploads\/2017\/10\/RKS2017-445x400.jpg",445,400,true],"stm-735-240":["https:\/\/sarmacjabedzin.pl\/wp-content\/uploads\/2017\/10\/RKS2017-735x240.jpg",735,240,true],"stm-255-183":["https:\/\/sarmacjabedzin.pl\/wp-content\/uploads\/2017\/10\/RKS2017-255x183.jpg",255,183,true],"stm-350-250":["https:\/\/sarmacjabedzin.pl\/wp-content\/uploads\/2017\/10\/RKS2017-350x250.jpg",350,250,true],"blog_list":["https:\/\/sarmacjabedzin.pl\/wp-content\/uploads\/2017\/10\/RKS2017-270x220.jpg",270,220,true],"blog_list_medium":["https:\/\/sarmacjabedzin.pl\/wp-content\/uploads\/2017\/10\/RKS2017-390x345.jpg",390,345,true],"gallery_thumbnail":["https:\/\/sarmacjabedzin.pl\/wp-content\/uploads\/2017\/10\/RKS2017-80x80.jpg",80,80,true],"gallery_image":["https:\/\/sarmacjabedzin.pl\/wp-content\/uploads\/2017\/10\/RKS2017-560x367.jpg",560,367,true],"gallery_image_mini":["https:\/\/sarmacjabedzin.pl\/wp-content\/uploads\/2017\/10\/RKS2017-143x116.jpg",143,116,true],"player_photo":["https:\/\/sarmacjabedzin.pl\/wp-content\/uploads\/2017\/10\/RKS2017-740x720.jpg",740,720,true],"team_logo":["https:\/\/sarmacjabedzin.pl\/wp-content\/uploads\/2017\/10\/RKS2017-98x59.jpg",98,59,true],"player_stat_ava":["https:\/\/sarmacjabedzin.pl\/wp-content\/uploads\/2017\/10\/RKS2017-550x580.jpg",550,580,true],"post-350-220":["https:\/\/sarmacjabedzin.pl\/wp-content\/uploads\/2017\/10\/RKS2017-350x220.jpg",350,220,true],"post-275-142":["https:\/\/sarmacjabedzin.pl\/wp-content\/uploads\/2017\/10\/RKS2017-275x142.jpg",275,142,true],"post-160-120":["https:\/\/sarmacjabedzin.pl\/wp-content\/uploads\/2017\/10\/RKS2017-160x120.jpg",160,120,true],"post-110-70":["https:\/\/sarmacjabedzin.pl\/wp-content\/uploads\/2017\/10\/RKS2017-110x70.jpg",110,70,true],"post-770-450":["https:\/\/sarmacjabedzin.pl\/wp-content\/uploads\/2017\/10\/RKS2017-770x450.jpg",770,450,true],"post-370-210":["https:\/\/sarmacjabedzin.pl\/wp-content\/uploads\/2017\/10\/RKS2017-370x210.jpg",370,210,true],"post-457-470":["https:\/\/sarmacjabedzin.pl\/wp-content\/uploads\/2017\/10\/RKS2017-457x470.jpg",457,470,true],"post-370-420":["https:\/\/sarmacjabedzin.pl\/wp-content\/uploads\/2017\/10\/RKS2017-370x420.jpg",370,420,true],"stm-445-445":["https:\/\/sarmacjabedzin.pl\/wp-content\/uploads\/2017\/10\/RKS2017-445x445.jpg",445,445,true],"stm-555-460":["https:\/\/sarmacjabedzin.pl\/wp-content\/uploads\/2017\/10\/RKS2017-555x460.jpg",555,460,true],"stm-350-450":["https:\/\/sarmacjabedzin.pl\/wp-content\/uploads\/2017\/10\/RKS2017-350x450.jpg",350,450,true],"stm-720-440":["https:\/\/sarmacjabedzin.pl\/wp-content\/uploads\/2017\/10\/RKS2017-720x440.jpg",720,440,true],"stm-270-270":["https:\/\/sarmacjabedzin.pl\/wp-content\/uploads\/2017\/10\/RKS2017.jpg",270,162,false],"stm-760-450":["https:\/\/sarmacjabedzin.pl\/wp-content\/uploads\/2017\/10\/RKS2017.jpg",750,450,false]},"rttpg_author":{"display_name":"tyrtak","author_link":false},"rttpg_comment":0,"rttpg_category":"<a href=\"https:\/\/sarmacjabedzin.pl\/index.php\/category\/soccer\/\" rel=\"category tag\">Liga<\/a>","rttpg_excerpt":"Dzi\u015b 07.10.2017 roku o godz.15.00 pi\u0142karze Sarmacji B\u0119dzin w meczu VIII kolejki ligowej rozegrali wyjazdowe spotkanie z RKS-em Grodziec. Niestety podopieczni trenera Krzysztofa Kie\u0142ba wybiegli na muraw\u0119 mocno rozkojarzeni i zdekoncentrowani. Ju\u017c po pierwszym kwadransie gry przegrywali 0:2, co stawia\u0142o ich w ma\u0142o komfortowej sytuacji przed dalsz\u0105 cz\u0119\u015bci\u0105 spotkania. Bardzo szybko w 7 minucie pierwszego...","_links":{"self":[{"href":"https:\/\/sarmacjabedzin.pl\/index.php\/wp-json\/wp\/v2\/posts\/1095","targetHints":{"allow":["GET"]}}],"collection":[{"href":"https:\/\/sarmacjabedzin.pl\/index.php\/wp-json\/wp\/v2\/posts"}],"about":[{"href":"https:\/\/sarmacjabedzin.pl\/index.php\/wp-json\/wp\/v2\/types\/post"}],"author":[{"embeddable":true,"href":"https:\/\/sarmacjabedzin.pl\/index.php\/wp-json\/wp\/v2\/users\/1"}],"replies":[{"embeddable":true,"href":"https:\/\/sarmacjabedzin.pl\/index.php\/wp-json\/wp\/v2\/comments?post=1095"}],"version-history":[{"count":0,"href":"https:\/\/sarmacjabedzin.pl\/index.php\/wp-json\/wp\/v2\/posts\/1095\/revisions"}],"wp:featuredmedia":[{"embeddable":true,"href":"https:\/\/sarmacjabedzin.pl\/index.php\/wp-json\/wp\/v2\/media\/1094"}],"wp:attachment":[{"href":"https:\/\/sarmacjabedzin.pl\/index.php\/wp-json\/wp\/v2\/media?parent=1095"}],"wp:term":[{"taxonomy":"category","embeddable":true,"href":"https:\/\/sarmacjabedzin.pl\/index.php\/wp-json\/wp\/v2\/categories?post=1095"},{"taxonomy":"post_tag","embeddable":true,"href":"https:\/\/sarmacjabedzin.pl\/index.php\/wp-json\/wp\/v2\/tags?post=1095"}],"curies":[{"name":"wp","href":"https:\/\/api.w.org\/{rel}","templated":true}]}}