{"id":1102,"date":"2017-10-25T17:37:22","date_gmt":"2017-10-25T15:37:22","guid":{"rendered":"http:\/\/sarmacjabedzin.pl\/index.php\/2017\/10\/25\/pozegnanie-z-pucharem-w-fatalnym-stylu\/"},"modified":"2017-10-25T17:37:22","modified_gmt":"2017-10-25T15:37:22","slug":"pozegnanie-z-pucharem-w-fatalnym-stylu","status":"publish","type":"post","link":"https:\/\/sarmacjabedzin.pl\/index.php\/2017\/10\/25\/pozegnanie-z-pucharem-w-fatalnym-stylu\/","title":{"rendered":"Po\u017cegnanie z pucharem w fatalnym stylu!"},"content":{"rendered":"<p style=\"margin-bottom: 0cm;\">Dzi\u015b 25.10.2017 roku o godz.15.30 pi\u0142karze Sarmacji B\u0119dzin w ramach IV rundy Pucharu Polski podokr\u0119gu sosnowieckiego zmierzyli si\u0119 na wyje\u017adzie z RKS-em Grodziec.<\/p>\n<p style=\"margin-bottom: 0cm;\">Jak wida\u0107 podopiecznym trenera Krzysztofa Kie\u0142ba bardzo szybko nadarzy\u0142a si\u0119 szansa rewan\u017cu za pora\u017ck\u0119 ligow\u0105 0:3 z tym w\u0142a\u015bnie rywalem. <br \/>Pierwszy strza\u0142 na bram\u0119 przeciwnika ju\u017c w 2 minucie oddali gospodarze. Pi\u0142ka po g\u0142\u00f3wce zawodnika miejscowych przelecia\u0142a obok bramki Sarmacji.<\/p>\n<p style=\"margin-bottom: 0cm;\">W 9 minucie strzeg\u0105cy dzi\u015b bramki b\u0119dzinian 16 letni Kacper Pieszczek na raty zdo\u0142a\u0142 wy\u0142apa\u0107 silny strza\u0142 pi\u0142karza RKS-u.<\/p>\n<p style=\"margin-bottom: 0cm;\">W 12 minucie chwilowa rado\u015b\u0107 Sarmat\u00f3w ze zdobytego gola zosta\u0142a przerwana przez s\u0119dziego, kt\u00f3ry dopatrzy\u0142 si\u0119 spalonego.<\/p>\n<p style=\"margin-bottom: 0cm;\">Strzelcem pechowego gola by\u0142 Piotr Makowski.<\/p>\n<p style=\"margin-bottom: 0cm;\">W 16 minucie strza\u0142 Kacpra Zawadzkiego min\u0105\u0142 \u015bwiat\u0142o bramki rywala.<\/p>\n<p style=\"margin-bottom: 0cm;\">W 20 minucie celn\u0105 wrzutk\u0105 z lewej strony boiska w pole karne gospodarzy popisa\u0142 si\u0119 J\u00f3zef Misztal. Ta spad\u0142a wprost na g\u0142ow\u0119 Kacpra Zawadzkiego, kt\u00f3ry celnym uderzeniem skierowa\u0142 j\u0105 do siatki RKS-u. Pi\u0142ka zd\u0105\u017cy\u0142a si\u0119 wcze\u015bniej odbi\u0107 od poprzeczki utrudniaj\u0105c tym samym skuteczn\u0105 interwencj\u0119 golkiperowi miejscowych.<\/p>\n<p style=\"margin-bottom: 0cm;\">W 23 minucie zawodnik z Grod\u017aca mijaj\u0105c trzech obro\u0144c\u00f3w Sarmacji odda\u0142 strza\u0142 tu\u017c obok s\u0142upka bramki b\u0119dzinian.<\/p>\n<p style=\"margin-bottom: 0cm;\">W 30 minucie J\u00f3zef Misztal odda\u0142 niecelne uderzenie z rzutu wolnego.<\/p>\n<p style=\"margin-bottom: 0cm;\">W 37 minucie Kacper Zawadzki zagra\u0142 futbol\u00f3wk\u0119 do Piotra Makowskiego, kt\u00f3rego zbyt s\u0142aby strza\u0142 bez problemu wy\u0142apa\u0142 bramkarz gospodarzy.<\/p>\n<p style=\"margin-bottom: 0cm;\">W 39 minucie pi\u0142ka po uderzeniu g\u0142ow\u0105 zawodnika z Grod\u017aca przelecia\u0142a tuz nad poprzeczk\u0105 Sarmat\u00f3w.<\/p>\n<p style=\"margin-bottom: 0cm;\">W 43 minucie napastnik miejscowych z dziecinn\u0105 \u0142atwo\u015bci\u0105 wymanewrowa\u0142 obro\u0144c\u00f3w go\u015bci, a nast\u0119pnie pos\u0142a\u0142 pi\u0142k\u0119 na \u015brodek pola karnego. Tam silnym strza\u0142em nad poprzeczk\u0105 popisa\u0142 si\u0119 jego kolega z dru\u017cyny.<\/p>\n<p style=\"margin-bottom: 0cm;\">Po pierwszej po\u0142owie przy do\u015b\u0107 wolnej i czytelnej grze rywala Sarmacja prowadzi\u0142a 1:0.<\/p>\n<p style=\"margin-bottom: 0cm;\">Jak zwykle w ostatnim czasie b\u0119dzinianie ju\u017c na pocz\u0105tku drugiej po\u0142owy postarali si\u0119 o strat\u0119 gola.<\/p>\n<p style=\"margin-bottom: 0cm;\">W 51 minucie upadaj\u0105cy we w\u0142asnym polu karnym Daniel Sroka po zderzeniu z Damianem Wa\u015bniewskim r\u0119k\u0105 skierowa\u0142 pi\u0142k\u0119 w kierunku bramkarza. Popularny \u201eWi\u015bnia\u201d zdo\u0142a\u0142 ubiec golkipera b\u0119dzinian i wykorzystuj\u0105c jego niepewn\u0105 interwencj\u0119 wpakowa\u0142 pi\u0142k\u0119 do bramki Sarmat\u00f3w.<\/p>\n<p style=\"margin-bottom: 0cm;\">W 60 minucie silny strza\u0142 z lewej strony boiska Oskara Krawczyka zako\u0144czy\u0142 si\u0119 kolejnym golem dla gospodarzy. Tym razem golkiper Sarmacji mia\u0142 ju\u017c pi\u0142k\u0119 na r\u0119kawicy, lecz ta zdo\u0142a\u0142a wpa\u015b\u0107 do siatki.<\/p>\n<p style=\"margin-bottom: 0cm;\">W 70 minucie pi\u0119kna g\u0142\u00f3wka J\u00f3zefa Misztala mog\u0142a da\u0107 wyr\u00f3wnanie. Niestety \u015bwietna interwencja bramkarza miejscowych zapobieg\u0142a utracie gola.<\/p>\n<p style=\"margin-bottom: 0cm;\">Zupe\u0142nie inaczej graj\u0105ca w drugiej po\u0142owie dru\u017cyna RKS-u w 77 minucie przypiecz\u0119towa\u0142a swoj\u0105 dominacj\u0119 na boisku trzecim golem.<\/p>\n<p style=\"margin-bottom: 0cm;\">Celny strza\u0142 po szybkiej kontrze miejscowych Tomasza Pryszcza ustali\u0142 wynik tego spotkania na 3:1 dla RKS-u Grodziec. Niestety Sarmaci po\u017cegnali si\u0119 w fatalnym stylu z tegorocznymi rozgrywkami pucharowymi.<\/p>\n<p style=\"margin-bottom: 0cm;\">Od sezonu 2005\/2006 Sarmacja sze\u015bciokrotnie zdobywa\u0142a Puchar Polski podokr\u0119gu sosnowieckiego (trzy razy z rz\u0119du) tym samym umacniaj\u0105c swoj\u0105 wysok\u0105 pozycj\u0119 w regionie.<\/p>\n<p style=\"margin-bottom: 0cm;\">Dlatego takie podej\u015bcie do gry naszych zawodnik\u00f3w nie mo\u017ce by\u0107 powodem do satysfakcji.<\/p>\n<p style=\"margin-bottom: 0cm;\">Niestety obro\u0144cy b\u0119dzinian nie u\u0142atwili dzi\u015b debiutu w kadrze seniorskiej 16 letniemu bramkarzowi Kacprowi Pieszczkowi. To dzi\u0119ki ich s\u0142abej postawie trzykrotnie musia\u0142 wyjmowa\u0107 pi\u0142k\u0119 z w\u0142asnej siatki.<\/p>\n<p style=\"margin-bottom: 0cm;\">Dzi\u015b w ko\u0144c\u00f3wce spotkania zadebiutowa\u0142 r\u00f3wnie\u017c kolejny 16 latek &#8211; Klaudiusz Ku\u0142aga.<\/p>\n<p style=\"margin-bottom: 0cm;\">Niestety od 2015 roku Sarmaci nie mog\u0105 znale\u017a\u0107 sposobu na RKS-u Grodziec doznaj\u0105c z nim samych pora\u017cek. <br \/>To kolejny fatalny mecz w wykonaniu b\u0119dzinian, kt\u00f3rzy ju\u017c od d\u0142u\u017cszego czasu s\u0105 w g\u0142\u0119bokim kryzysie. Ka\u017cda z formacji gra zdecydowanie poni\u017cej swoich umiej\u0119tno\u015bci. Napastnicy zatracili skuteczno\u015b\u0107, a obro\u0144com przy 9 straconych golach w 4 ostatnich spotkaniach nie mo\u017cna wystawi\u0107 wysokiej noty. <br \/>Czekamy na przebudzenie dru\u017cyny, kt\u00f3ra mia\u0142a by\u0107 w tym sezonie wyj\u0105tkowo silna.<\/p>\n<p style=\"margin-bottom: 0cm;\"><strong>RKS Grodziec \u2013 Sarmacja B\u0119dzin 3:1 (0:1)<\/strong><\/p>\n<p style=\"margin-bottom: 0cm;\"><strong>Bramki:<\/strong><\/p>\n<p style=\"margin-bottom: 0cm;\">20&#8242; Zawadzki<\/p>\n<p style=\"margin-bottom: 0cm;\">_______________________<\/p>\n<p style=\"margin-bottom: 0cm;\">51&#8242; Wa\u015bniewski<\/p>\n<p style=\"margin-bottom: 0cm;\">60&#8242; Krawczyk<\/p>\n<p style=\"margin-bottom: 0cm;\">77&#8242; Pryszcz<\/p>\n<p style=\"margin-bottom: 0cm;\">\u00a0<\/p>\n<p>\u00a0<\/p>\n<p style=\"margin-bottom: 0cm;\"><strong>Sarmacja B\u0119dzin:<\/strong> Pieszczek \u2013 Sroka, Balul, Kita, Gruszka, Tyszczak (85&#8242; Ku\u0142aga), Derlatka, Barczyk (54&#8242; J\u0119drzejczyk), Misztal (73&#8242; Malicki), Makowski, Zawadzki (70&#8242; Nowak)<\/p>\n<p style=\"margin-bottom: 0cm;\">{gallery}rkspuchar{\/gallery}<\/p>\n","protected":false},"excerpt":{"rendered":"<p>Dzi\u015b 25.10.2017 roku o godz.15.30 pi\u0142karze Sarmacji B\u0119dzin w ramach IV rundy Pucharu Polski podokr\u0119gu sosnowieckiego zmierzyli si\u0119 na wyje\u017adzie z RKS-em Grodziec. Jak wida\u0107 podopiecznym trenera Krzysztofa Kie\u0142ba bardzo szybko nadarzy\u0142a si\u0119 szansa rewan\u017cu za pora\u017ck\u0119 ligow\u0105 0:3 z tym w\u0142a\u015bnie rywalem. Pierwszy strza\u0142 na bram\u0119 przeciwnika ju\u017c w 2 minucie oddali gospodarze. Pi\u0142ka&#8230;<\/p>\n","protected":false},"author":1,"featured_media":1101,"comment_status":"open","ping_status":"open","sticky":false,"template":"","format":"standard","meta":{"footnotes":""},"categories":[68],"tags":[],"class_list":["post-1102","post","type-post","status-publish","format-standard","has-post-thumbnail","hentry","category-puchar"],"yoast_head":"<!-- This site is optimized with the Yoast SEO plugin v25.8 - https:\/\/yoast.com\/wordpress\/plugins\/seo\/ -->\n<title>Po\u017cegnanie z pucharem w fatalnym stylu! | BKS Sarmacja B\u0119dzin<\/title>\n<meta name=\"robots\" content=\"index, follow, max-snippet:-1, max-image-preview:large, max-video-preview:-1\" \/>\n<link rel=\"canonical\" href=\"https:\/\/sarmacjabedzin.pl\/index.php\/2017\/10\/25\/pozegnanie-z-pucharem-w-fatalnym-stylu\/\" \/>\n<meta property=\"og:locale\" content=\"pl_PL\" \/>\n<meta property=\"og:type\" content=\"article\" \/>\n<meta property=\"og:title\" content=\"Po\u017cegnanie z pucharem w fatalnym stylu! | BKS Sarmacja B\u0119dzin\" \/>\n<meta property=\"og:description\" content=\"Dzi\u015b 25.10.2017 roku o godz.15.30 pi\u0142karze Sarmacji B\u0119dzin w ramach IV rundy Pucharu Polski podokr\u0119gu sosnowieckiego zmierzyli si\u0119 na wyje\u017adzie z RKS-em Grodziec. Jak wida\u0107 podopiecznym trenera Krzysztofa Kie\u0142ba bardzo szybko nadarzy\u0142a si\u0119 szansa rewan\u017cu za pora\u017ck\u0119 ligow\u0105 0:3 z tym w\u0142a\u015bnie rywalem. Pierwszy strza\u0142 na bram\u0119 przeciwnika ju\u017c w 2 minucie oddali gospodarze. Pi\u0142ka...\" \/>\n<meta property=\"og:url\" content=\"https:\/\/sarmacjabedzin.pl\/index.php\/2017\/10\/25\/pozegnanie-z-pucharem-w-fatalnym-stylu\/\" \/>\n<meta property=\"og:site_name\" content=\"BKS Sarmacja B\u0119dzin\" \/>\n<meta property=\"article:publisher\" content=\"https:\/\/www.facebook.com\/SarmacjaBedzin\" \/>\n<meta property=\"article:published_time\" content=\"2017-10-25T15:37:22+00:00\" \/>\n<meta property=\"og:image\" content=\"https:\/\/sarmacjabedzin.pl\/wp-content\/uploads\/2017\/10\/rkspuchar.jpg\" \/>\n\t<meta property=\"og:image:width\" content=\"1280\" \/>\n\t<meta property=\"og:image:height\" content=\"768\" \/>\n\t<meta property=\"og:image:type\" content=\"image\/jpeg\" \/>\n<meta name=\"author\" content=\"tyrtak\" \/>\n<meta name=\"twitter:card\" content=\"summary_large_image\" \/>\n<meta name=\"twitter:label1\" content=\"Napisane przez\" \/>\n\t<meta name=\"twitter:data1\" content=\"tyrtak\" \/>\n\t<meta name=\"twitter:label2\" content=\"Szacowany czas czytania\" \/>\n\t<meta name=\"twitter:data2\" content=\"4 minuty\" \/>\n<script type=\"application\/ld+json\" class=\"yoast-schema-graph\">{\"@context\":\"https:\/\/schema.org\",\"@graph\":[{\"@type\":\"WebPage\",\"@id\":\"https:\/\/sarmacjabedzin.pl\/index.php\/2017\/10\/25\/pozegnanie-z-pucharem-w-fatalnym-stylu\/\",\"url\":\"https:\/\/sarmacjabedzin.pl\/index.php\/2017\/10\/25\/pozegnanie-z-pucharem-w-fatalnym-stylu\/\",\"name\":\"Po\u017cegnanie z pucharem w fatalnym stylu! | BKS Sarmacja B\u0119dzin\",\"isPartOf\":{\"@id\":\"https:\/\/sarmacjabedzin.pl\/#website\"},\"primaryImageOfPage\":{\"@id\":\"https:\/\/sarmacjabedzin.pl\/index.php\/2017\/10\/25\/pozegnanie-z-pucharem-w-fatalnym-stylu\/#primaryimage\"},\"image\":{\"@id\":\"https:\/\/sarmacjabedzin.pl\/index.php\/2017\/10\/25\/pozegnanie-z-pucharem-w-fatalnym-stylu\/#primaryimage\"},\"thumbnailUrl\":\"https:\/\/sarmacjabedzin.pl\/wp-content\/uploads\/2017\/10\/rkspuchar.jpg\",\"datePublished\":\"2017-10-25T15:37:22+00:00\",\"author\":{\"@id\":\"https:\/\/sarmacjabedzin.pl\/#\/schema\/person\/5417ea7b03bcd9adf58298a2265ce03a\"},\"breadcrumb\":{\"@id\":\"https:\/\/sarmacjabedzin.pl\/index.php\/2017\/10\/25\/pozegnanie-z-pucharem-w-fatalnym-stylu\/#breadcrumb\"},\"inLanguage\":\"pl-PL\",\"potentialAction\":[{\"@type\":\"ReadAction\",\"target\":[\"https:\/\/sarmacjabedzin.pl\/index.php\/2017\/10\/25\/pozegnanie-z-pucharem-w-fatalnym-stylu\/\"]}]},{\"@type\":\"ImageObject\",\"inLanguage\":\"pl-PL\",\"@id\":\"https:\/\/sarmacjabedzin.pl\/index.php\/2017\/10\/25\/pozegnanie-z-pucharem-w-fatalnym-stylu\/#primaryimage\",\"url\":\"https:\/\/sarmacjabedzin.pl\/wp-content\/uploads\/2017\/10\/rkspuchar.jpg\",\"contentUrl\":\"https:\/\/sarmacjabedzin.pl\/wp-content\/uploads\/2017\/10\/rkspuchar.jpg\",\"width\":1280,\"height\":768},{\"@type\":\"BreadcrumbList\",\"@id\":\"https:\/\/sarmacjabedzin.pl\/index.php\/2017\/10\/25\/pozegnanie-z-pucharem-w-fatalnym-stylu\/#breadcrumb\",\"itemListElement\":[{\"@type\":\"ListItem\",\"position\":1,\"name\":\"Strona g\u0142\u00f3wna\",\"item\":\"https:\/\/sarmacjabedzin.pl\/\"},{\"@type\":\"ListItem\",\"position\":2,\"name\":\"Po\u017cegnanie z pucharem w fatalnym stylu!\"}]},{\"@type\":\"WebSite\",\"@id\":\"https:\/\/sarmacjabedzin.pl\/#website\",\"url\":\"https:\/\/sarmacjabedzin.pl\/\",\"name\":\"BKS Sarmacja B\u0119dzin \u2013 Nieoficjalny serwis\",\"description\":\"Nieoficjalny serwis B\u0119dzi\u0144skiego Klubu Sportowego &quot;Sarmacja&quot;\",\"potentialAction\":[{\"@type\":\"SearchAction\",\"target\":{\"@type\":\"EntryPoint\",\"urlTemplate\":\"https:\/\/sarmacjabedzin.pl\/?s={search_term_string}\"},\"query-input\":{\"@type\":\"PropertyValueSpecification\",\"valueRequired\":true,\"valueName\":\"search_term_string\"}}],\"inLanguage\":\"pl-PL\"},{\"@type\":\"Person\",\"@id\":\"https:\/\/sarmacjabedzin.pl\/#\/schema\/person\/5417ea7b03bcd9adf58298a2265ce03a\",\"name\":\"tyrtak\",\"image\":{\"@type\":\"ImageObject\",\"inLanguage\":\"pl-PL\",\"@id\":\"https:\/\/sarmacjabedzin.pl\/#\/schema\/person\/image\/\",\"url\":\"https:\/\/secure.gravatar.com\/avatar\/49b7734c6795cf524710e96813a9fedc1ae3816e479d92490236b4cfc47a5ae1?s=96&d=mm&r=g\",\"contentUrl\":\"https:\/\/secure.gravatar.com\/avatar\/49b7734c6795cf524710e96813a9fedc1ae3816e479d92490236b4cfc47a5ae1?s=96&d=mm&r=g\",\"caption\":\"tyrtak\"}}]}<\/script>\n<!-- \/ Yoast SEO plugin. -->","yoast_head_json":{"title":"Po\u017cegnanie z pucharem w fatalnym stylu! | BKS Sarmacja B\u0119dzin","robots":{"index":"index","follow":"follow","max-snippet":"max-snippet:-1","max-image-preview":"max-image-preview:large","max-video-preview":"max-video-preview:-1"},"canonical":"https:\/\/sarmacjabedzin.pl\/index.php\/2017\/10\/25\/pozegnanie-z-pucharem-w-fatalnym-stylu\/","og_locale":"pl_PL","og_type":"article","og_title":"Po\u017cegnanie z pucharem w fatalnym stylu! | BKS Sarmacja B\u0119dzin","og_description":"Dzi\u015b 25.10.2017 roku o godz.15.30 pi\u0142karze Sarmacji B\u0119dzin w ramach IV rundy Pucharu Polski podokr\u0119gu sosnowieckiego zmierzyli si\u0119 na wyje\u017adzie z RKS-em Grodziec. Jak wida\u0107 podopiecznym trenera Krzysztofa Kie\u0142ba bardzo szybko nadarzy\u0142a si\u0119 szansa rewan\u017cu za pora\u017ck\u0119 ligow\u0105 0:3 z tym w\u0142a\u015bnie rywalem. Pierwszy strza\u0142 na bram\u0119 przeciwnika ju\u017c w 2 minucie oddali gospodarze. Pi\u0142ka...","og_url":"https:\/\/sarmacjabedzin.pl\/index.php\/2017\/10\/25\/pozegnanie-z-pucharem-w-fatalnym-stylu\/","og_site_name":"BKS Sarmacja B\u0119dzin","article_publisher":"https:\/\/www.facebook.com\/SarmacjaBedzin","article_published_time":"2017-10-25T15:37:22+00:00","og_image":[{"width":1280,"height":768,"url":"https:\/\/sarmacjabedzin.pl\/wp-content\/uploads\/2017\/10\/rkspuchar.jpg","type":"image\/jpeg"}],"author":"tyrtak","twitter_card":"summary_large_image","twitter_misc":{"Napisane przez":"tyrtak","Szacowany czas czytania":"4 minuty"},"schema":{"@context":"https:\/\/schema.org","@graph":[{"@type":"WebPage","@id":"https:\/\/sarmacjabedzin.pl\/index.php\/2017\/10\/25\/pozegnanie-z-pucharem-w-fatalnym-stylu\/","url":"https:\/\/sarmacjabedzin.pl\/index.php\/2017\/10\/25\/pozegnanie-z-pucharem-w-fatalnym-stylu\/","name":"Po\u017cegnanie z pucharem w fatalnym stylu! | BKS Sarmacja B\u0119dzin","isPartOf":{"@id":"https:\/\/sarmacjabedzin.pl\/#website"},"primaryImageOfPage":{"@id":"https:\/\/sarmacjabedzin.pl\/index.php\/2017\/10\/25\/pozegnanie-z-pucharem-w-fatalnym-stylu\/#primaryimage"},"image":{"@id":"https:\/\/sarmacjabedzin.pl\/index.php\/2017\/10\/25\/pozegnanie-z-pucharem-w-fatalnym-stylu\/#primaryimage"},"thumbnailUrl":"https:\/\/sarmacjabedzin.pl\/wp-content\/uploads\/2017\/10\/rkspuchar.jpg","datePublished":"2017-10-25T15:37:22+00:00","author":{"@id":"https:\/\/sarmacjabedzin.pl\/#\/schema\/person\/5417ea7b03bcd9adf58298a2265ce03a"},"breadcrumb":{"@id":"https:\/\/sarmacjabedzin.pl\/index.php\/2017\/10\/25\/pozegnanie-z-pucharem-w-fatalnym-stylu\/#breadcrumb"},"inLanguage":"pl-PL","potentialAction":[{"@type":"ReadAction","target":["https:\/\/sarmacjabedzin.pl\/index.php\/2017\/10\/25\/pozegnanie-z-pucharem-w-fatalnym-stylu\/"]}]},{"@type":"ImageObject","inLanguage":"pl-PL","@id":"https:\/\/sarmacjabedzin.pl\/index.php\/2017\/10\/25\/pozegnanie-z-pucharem-w-fatalnym-stylu\/#primaryimage","url":"https:\/\/sarmacjabedzin.pl\/wp-content\/uploads\/2017\/10\/rkspuchar.jpg","contentUrl":"https:\/\/sarmacjabedzin.pl\/wp-content\/uploads\/2017\/10\/rkspuchar.jpg","width":1280,"height":768},{"@type":"BreadcrumbList","@id":"https:\/\/sarmacjabedzin.pl\/index.php\/2017\/10\/25\/pozegnanie-z-pucharem-w-fatalnym-stylu\/#breadcrumb","itemListElement":[{"@type":"ListItem","position":1,"name":"Strona g\u0142\u00f3wna","item":"https:\/\/sarmacjabedzin.pl\/"},{"@type":"ListItem","position":2,"name":"Po\u017cegnanie z pucharem w fatalnym stylu!"}]},{"@type":"WebSite","@id":"https:\/\/sarmacjabedzin.pl\/#website","url":"https:\/\/sarmacjabedzin.pl\/","name":"BKS Sarmacja B\u0119dzin \u2013 Nieoficjalny serwis","description":"Nieoficjalny serwis B\u0119dzi\u0144skiego Klubu Sportowego &quot;Sarmacja&quot;","potentialAction":[{"@type":"SearchAction","target":{"@type":"EntryPoint","urlTemplate":"https:\/\/sarmacjabedzin.pl\/?s={search_term_string}"},"query-input":{"@type":"PropertyValueSpecification","valueRequired":true,"valueName":"search_term_string"}}],"inLanguage":"pl-PL"},{"@type":"Person","@id":"https:\/\/sarmacjabedzin.pl\/#\/schema\/person\/5417ea7b03bcd9adf58298a2265ce03a","name":"tyrtak","image":{"@type":"ImageObject","inLanguage":"pl-PL","@id":"https:\/\/sarmacjabedzin.pl\/#\/schema\/person\/image\/","url":"https:\/\/secure.gravatar.com\/avatar\/49b7734c6795cf524710e96813a9fedc1ae3816e479d92490236b4cfc47a5ae1?s=96&d=mm&r=g","contentUrl":"https:\/\/secure.gravatar.com\/avatar\/49b7734c6795cf524710e96813a9fedc1ae3816e479d92490236b4cfc47a5ae1?s=96&d=mm&r=g","caption":"tyrtak"}}]}},"rttpg_featured_image_url":{"full":["https:\/\/sarmacjabedzin.pl\/wp-content\/uploads\/2017\/10\/rkspuchar.jpg",1280,768,false],"landscape":["https:\/\/sarmacjabedzin.pl\/wp-content\/uploads\/2017\/10\/rkspuchar.jpg",1280,768,false],"portraits":["https:\/\/sarmacjabedzin.pl\/wp-content\/uploads\/2017\/10\/rkspuchar.jpg",1280,768,false],"thumbnail":["https:\/\/sarmacjabedzin.pl\/wp-content\/uploads\/2017\/10\/rkspuchar-150x150.jpg",150,150,true],"medium":["https:\/\/sarmacjabedzin.pl\/wp-content\/uploads\/2017\/10\/rkspuchar-300x180.jpg",300,180,true],"large":["https:\/\/sarmacjabedzin.pl\/wp-content\/uploads\/2017\/10\/rkspuchar-1024x614.jpg",1024,614,true],"1536x1536":["https:\/\/sarmacjabedzin.pl\/wp-content\/uploads\/2017\/10\/rkspuchar.jpg",1280,768,false],"2048x2048":["https:\/\/sarmacjabedzin.pl\/wp-content\/uploads\/2017\/10\/rkspuchar.jpg",1280,768,false],"sportspress-crop-medium":["https:\/\/sarmacjabedzin.pl\/wp-content\/uploads\/2017\/10\/rkspuchar-300x300.jpg",300,300,true],"sportspress-fit-medium":["https:\/\/sarmacjabedzin.pl\/wp-content\/uploads\/2017\/10\/rkspuchar-300x180.jpg",300,180,true],"sportspress-fit-icon":["https:\/\/sarmacjabedzin.pl\/wp-content\/uploads\/2017\/10\/rkspuchar-128x77.jpg",128,77,true],"sportspress-fit-mini":["https:\/\/sarmacjabedzin.pl\/wp-content\/uploads\/2017\/10\/rkspuchar-32x19.jpg",32,19,true],"ultp_layout_landscape_large":["https:\/\/sarmacjabedzin.pl\/wp-content\/uploads\/2017\/10\/rkspuchar.jpg",1200,720,false],"ultp_layout_landscape":["https:\/\/sarmacjabedzin.pl\/wp-content\/uploads\/2017\/10\/rkspuchar.jpg",870,522,false],"ultp_layout_portrait":["https:\/\/sarmacjabedzin.pl\/wp-content\/uploads\/2017\/10\/rkspuchar.jpg",600,360,false],"ultp_layout_square":["https:\/\/sarmacjabedzin.pl\/wp-content\/uploads\/2017\/10\/rkspuchar.jpg",600,360,false],"stm-1140-666":["https:\/\/sarmacjabedzin.pl\/wp-content\/uploads\/2017\/10\/rkspuchar-1140x666.jpg",1140,666,true],"stm-1170-650":["https:\/\/sarmacjabedzin.pl\/wp-content\/uploads\/2017\/10\/rkspuchar-1170x650.jpg",1170,650,true],"stm-570-350":["https:\/\/sarmacjabedzin.pl\/wp-content\/uploads\/2017\/10\/rkspuchar-570x350.jpg",570,350,true],"stm-570-250":["https:\/\/sarmacjabedzin.pl\/wp-content\/uploads\/2017\/10\/rkspuchar-570x250.jpg",570,250,true],"stm-270-370":["https:\/\/sarmacjabedzin.pl\/wp-content\/uploads\/2017\/10\/rkspuchar-270x370.jpg",270,370,true],"stm-540-500":["https:\/\/sarmacjabedzin.pl\/wp-content\/uploads\/2017\/10\/rkspuchar-540x500.jpg",540,500,true],"stm-270-530":["https:\/\/sarmacjabedzin.pl\/wp-content\/uploads\/2017\/10\/rkspuchar-270x530.jpg",270,530,true],"stm-200-200":["https:\/\/sarmacjabedzin.pl\/wp-content\/uploads\/2017\/10\/rkspuchar-200x200.jpg",200,200,true],"stm-85-105":["https:\/\/sarmacjabedzin.pl\/wp-content\/uploads\/2017\/10\/rkspuchar-85x105.jpg",85,105,true],"stm-255-255":["https:\/\/sarmacjabedzin.pl\/wp-content\/uploads\/2017\/10\/rkspuchar-255x255.jpg",255,255,true],"stm-360-240":["https:\/\/sarmacjabedzin.pl\/wp-content\/uploads\/2017\/10\/rkspuchar-360x240.jpg",360,240,true],"stm-360-495":["https:\/\/sarmacjabedzin.pl\/wp-content\/uploads\/2017\/10\/rkspuchar-360x495.jpg",360,495,true],"stm-445-400":["https:\/\/sarmacjabedzin.pl\/wp-content\/uploads\/2017\/10\/rkspuchar-445x400.jpg",445,400,true],"stm-735-240":["https:\/\/sarmacjabedzin.pl\/wp-content\/uploads\/2017\/10\/rkspuchar-735x240.jpg",735,240,true],"stm-255-183":["https:\/\/sarmacjabedzin.pl\/wp-content\/uploads\/2017\/10\/rkspuchar-255x183.jpg",255,183,true],"stm-350-250":["https:\/\/sarmacjabedzin.pl\/wp-content\/uploads\/2017\/10\/rkspuchar-350x250.jpg",350,250,true],"blog_list":["https:\/\/sarmacjabedzin.pl\/wp-content\/uploads\/2017\/10\/rkspuchar-270x220.jpg",270,220,true],"blog_list_medium":["https:\/\/sarmacjabedzin.pl\/wp-content\/uploads\/2017\/10\/rkspuchar-390x345.jpg",390,345,true],"gallery_thumbnail":["https:\/\/sarmacjabedzin.pl\/wp-content\/uploads\/2017\/10\/rkspuchar-80x80.jpg",80,80,true],"gallery_image":["https:\/\/sarmacjabedzin.pl\/wp-content\/uploads\/2017\/10\/rkspuchar-560x367.jpg",560,367,true],"gallery_image_mini":["https:\/\/sarmacjabedzin.pl\/wp-content\/uploads\/2017\/10\/rkspuchar-143x116.jpg",143,116,true],"player_photo":["https:\/\/sarmacjabedzin.pl\/wp-content\/uploads\/2017\/10\/rkspuchar-740x740.jpg",740,740,true],"team_logo":["https:\/\/sarmacjabedzin.pl\/wp-content\/uploads\/2017\/10\/rkspuchar-98x59.jpg",98,59,true],"player_stat_ava":["https:\/\/sarmacjabedzin.pl\/wp-content\/uploads\/2017\/10\/rkspuchar-550x580.jpg",550,580,true],"post-350-220":["https:\/\/sarmacjabedzin.pl\/wp-content\/uploads\/2017\/10\/rkspuchar-350x220.jpg",350,220,true],"post-275-142":["https:\/\/sarmacjabedzin.pl\/wp-content\/uploads\/2017\/10\/rkspuchar-275x142.jpg",275,142,true],"post-160-120":["https:\/\/sarmacjabedzin.pl\/wp-content\/uploads\/2017\/10\/rkspuchar-160x120.jpg",160,120,true],"post-110-70":["https:\/\/sarmacjabedzin.pl\/wp-content\/uploads\/2017\/10\/rkspuchar-110x70.jpg",110,70,true],"post-770-450":["https:\/\/sarmacjabedzin.pl\/wp-content\/uploads\/2017\/10\/rkspuchar-770x450.jpg",770,450,true],"post-370-210":["https:\/\/sarmacjabedzin.pl\/wp-content\/uploads\/2017\/10\/rkspuchar-370x210.jpg",370,210,true],"post-457-470":["https:\/\/sarmacjabedzin.pl\/wp-content\/uploads\/2017\/10\/rkspuchar-457x470.jpg",457,470,true],"post-370-420":["https:\/\/sarmacjabedzin.pl\/wp-content\/uploads\/2017\/10\/rkspuchar-370x420.jpg",370,420,true],"stm-445-445":["https:\/\/sarmacjabedzin.pl\/wp-content\/uploads\/2017\/10\/rkspuchar-445x445.jpg",445,445,true],"stm-555-460":["https:\/\/sarmacjabedzin.pl\/wp-content\/uploads\/2017\/10\/rkspuchar-555x460.jpg",555,460,true],"stm-350-450":["https:\/\/sarmacjabedzin.pl\/wp-content\/uploads\/2017\/10\/rkspuchar-350x450.jpg",350,450,true],"stm-720-440":["https:\/\/sarmacjabedzin.pl\/wp-content\/uploads\/2017\/10\/rkspuchar-720x440.jpg",720,440,true],"stm-270-270":["https:\/\/sarmacjabedzin.pl\/wp-content\/uploads\/2017\/10\/rkspuchar.jpg",270,162,false],"stm-760-450":["https:\/\/sarmacjabedzin.pl\/wp-content\/uploads\/2017\/10\/rkspuchar.jpg",750,450,false]},"rttpg_author":{"display_name":"tyrtak","author_link":false},"rttpg_comment":0,"rttpg_category":"<a href=\"https:\/\/sarmacjabedzin.pl\/index.php\/category\/puchar\/\" rel=\"category tag\">Puchar<\/a>","rttpg_excerpt":"Dzi\u015b 25.10.2017 roku o godz.15.30 pi\u0142karze Sarmacji B\u0119dzin w ramach IV rundy Pucharu Polski podokr\u0119gu sosnowieckiego zmierzyli si\u0119 na wyje\u017adzie z RKS-em Grodziec. Jak wida\u0107 podopiecznym trenera Krzysztofa Kie\u0142ba bardzo szybko nadarzy\u0142a si\u0119 szansa rewan\u017cu za pora\u017ck\u0119 ligow\u0105 0:3 z tym w\u0142a\u015bnie rywalem. Pierwszy strza\u0142 na bram\u0119 przeciwnika ju\u017c w 2 minucie oddali gospodarze. Pi\u0142ka...","_links":{"self":[{"href":"https:\/\/sarmacjabedzin.pl\/index.php\/wp-json\/wp\/v2\/posts\/1102","targetHints":{"allow":["GET"]}}],"collection":[{"href":"https:\/\/sarmacjabedzin.pl\/index.php\/wp-json\/wp\/v2\/posts"}],"about":[{"href":"https:\/\/sarmacjabedzin.pl\/index.php\/wp-json\/wp\/v2\/types\/post"}],"author":[{"embeddable":true,"href":"https:\/\/sarmacjabedzin.pl\/index.php\/wp-json\/wp\/v2\/users\/1"}],"replies":[{"embeddable":true,"href":"https:\/\/sarmacjabedzin.pl\/index.php\/wp-json\/wp\/v2\/comments?post=1102"}],"version-history":[{"count":0,"href":"https:\/\/sarmacjabedzin.pl\/index.php\/wp-json\/wp\/v2\/posts\/1102\/revisions"}],"wp:featuredmedia":[{"embeddable":true,"href":"https:\/\/sarmacjabedzin.pl\/index.php\/wp-json\/wp\/v2\/media\/1101"}],"wp:attachment":[{"href":"https:\/\/sarmacjabedzin.pl\/index.php\/wp-json\/wp\/v2\/media?parent=1102"}],"wp:term":[{"taxonomy":"category","embeddable":true,"href":"https:\/\/sarmacjabedzin.pl\/index.php\/wp-json\/wp\/v2\/categories?post=1102"},{"taxonomy":"post_tag","embeddable":true,"href":"https:\/\/sarmacjabedzin.pl\/index.php\/wp-json\/wp\/v2\/tags?post=1102"}],"curies":[{"name":"wp","href":"https:\/\/api.w.org\/{rel}","templated":true}]}}