{"id":1110,"date":"2017-11-12T09:58:20","date_gmt":"2017-11-12T08:58:20","guid":{"rendered":"http:\/\/sarmacjabedzin.pl\/index.php\/2017\/11\/12\/w-koncu-3-punkty\/"},"modified":"2017-11-12T09:58:20","modified_gmt":"2017-11-12T08:58:20","slug":"w-koncu-3-punkty","status":"publish","type":"post","link":"https:\/\/sarmacjabedzin.pl\/index.php\/2017\/11\/12\/w-koncu-3-punkty\/","title":{"rendered":"W ko\u0144cu 3 punkty!"},"content":{"rendered":"<p style=\"margin-bottom: 0cm;\">Dzi\u015b 11.11.2017r o godz.13.00 pi\u0142karze Sarmacji B\u0119dzin w ramach XIV kolejki ligowej podejmowali na w\u0142asnym stadionie rezerwy Piasta Gliwice. <br \/>B\u0119d\u0105ca w kryzysie dru\u017cyna trenera Krzysztofa Kie\u0142ba ostatnie zwyci\u0119stwo w meczach o punkty odnios\u0142a 30.09.2017 roku gromi\u0105c rezerwy Rakowa Cz\u0119stochowa 8:1.<br \/>Niestety od tego czasu by\u0142o ju\u017c coraz gorzej.<br \/>K\u0142opoty kadrowe oraz kontuzje nie u\u0142atwia\u0142y szybkiego powrotu do normy. <br \/>Dzi\u015b lista nieobecnych zn\u00f3w utrudnia\u0142a ustalenie odpowiedniego sk\u0142adu meczowego.<br \/>Znale\u017ali si\u0119 na niej: Tomasz Balul, Rados\u0142aw Gruszka (kartki), Bartosz Derlatka, Daniel Majka (kontuzje) oraz Adrian S\u0142ota. Brak czterech podstawowych zawodnik\u00f3w, w tym trzech obro\u0144c\u00f3w nie wr\u00f3\u017cy\u0142 powodzenia w dzisiejszym spotkaniu.<\/p>\n<p style=\"margin-bottom: 0cm;\">Mimo to b\u0119dzinianie wybiegli na muraw\u0119 z ch\u0119ci\u0105 zdobycia kompletu punt\u00f3w.<\/p>\n<p style=\"margin-bottom: 0cm;\">W 2 minucie gro\u017any strza\u0142 z rzutu wolnego z trudem na rzut ro\u017cny sparowa\u0142 broni\u0105cy bramki gospodarzy Kacper Pieszczek. <br \/>W 11 minucie \u015bwietnej wrzutki J\u00f3zefa Misztala z 5 metr\u00f3w od bramki rywala nie zdo\u0142a\u0142 wykorzysta\u0107 Piotr Makowski. Jego uderzenie g\u0142ow\u0105 poszybowa\u0142o obok s\u0142upka.<br \/>Ten sam zawodnik ju\u017c cztery minuty p\u00f3\u017aniej zrehabilitowa\u0142 si\u0119 za wcze\u015bniejsz\u0105 sytuacj\u0119.<\/p>\n<p style=\"margin-bottom: 0cm;\">W zamieszaniu podbramkowym wykaza\u0142 si\u0119 sprytem i pos\u0142a\u0142 pi\u0142k\u0119 wprost do siatki rywala otwieraj\u0105c wynik tego spotkania na 1:0 dla Sarmacji.<br \/>W 36 minucie strza\u0142 Alexa Tyszczaka poszybowa\u0142 nad bramk\u0105 go\u015bci.<\/p>\n<p style=\"margin-bottom: 0cm;\">Mimo sporej przewagi miejscowych pierwsza po\u0142owa zako\u0144czy\u0142a si\u0119 zaledwie jednobramkowym prowadzeniem. <br \/>Na drug\u0105 ods\u0142on\u0119 tego spotkanie bardziej zdecydowanie wybiegli Sarmaci, kt\u00f3rzy ju\u017c w 47 minucie prowadzili 2:0. <br \/>Strzelcem gola by\u0142 Alex Tyszczak, kt\u00f3ry strza\u0142em g\u0142ow\u0105 pokona\u0142 golkipera przyjezdnych. Skuteczn\u0105 asyst\u0105 popisa\u0142 si\u0119 Kacper Zawadzki.<br \/>W 50 minucie p\u0142askie uderzenie zza pola karnego Szymona Barczyka trafi\u0142o w bramkarza Piasta.<\/p>\n<p style=\"margin-bottom: 0cm;\">W 57 minucie \u0142atw\u0105 strat\u0119 we w\u0142asnym polu karnym golkipera gliwiczan przej\u0105\u0142 Kacper Zawadzki, a nast\u0119pnie pos\u0142a pi\u0142k\u0119 wprost na g\u0142ow\u0119 Artura Nowaka. Ten pi\u0119knym \u201eszczupakiem\u201d zdoby\u0142 trzeciego gola dla gospodarzy.<\/p>\n<p style=\"margin-bottom: 0cm;\">Go\u015bcie w 63 minucie oddali niecelny strza\u0142 obok bramki Sarmacji.<\/p>\n<p style=\"margin-bottom: 0cm;\">W 71 minucie znajduj\u0105cy si\u0119 z lewej strony pola karnego Artur Nowak wy\u0142o\u017cy\u0142 futbol\u00f3wk\u0119 wprost pod nogi nadbiegaj\u0105cego Kacpra Zawadzkiego. Ten niestety uderzaj\u0105c j\u0105 po d\u0142ugim rogu bramki fatalnie spud\u0142owa\u0142.<\/p>\n<p style=\"margin-bottom: 0cm;\">W 77 minucie gospodarze powinni prowadzi\u0107 4:0. Zbyt s\u0142aby strza\u0142 Tomasza Kity bramkarz przyjezdnych zdo\u0142a\u0142 wybi\u0107 przed siebie. Niestety dobitk\u0119 Kacpra Zawadzkiego z linii bramkowej w ostatniej chwili wyekspediowa\u0142 obro\u0144ca Piasta.<\/p>\n<p style=\"margin-bottom: 0cm;\">W 82 minucie gliwiczanie wyprowadzili szybk\u0105 kontr\u0119. Powracaj\u0105cy ze \u015brodka boiska J\u00f3zef Misztal zdo\u0142a\u0142 dogoni\u0107 rozp\u0119dzonego napastnika przyjezdnych i wyprzedzaj\u0105c go jeszcze odebra\u0142 mu pi\u0142k\u0119. Chwil\u0119 potem kapitan naszej dru\u017cyny zagra\u0142 j\u0105 niefortunnie na drug\u0105 stron\u0119 pola karnego wprost pod nogi rywala. Ten odda\u0142 strza\u0142, kt\u00f3ry Kacper Pieszczek wybi\u0142 przed siebie. Niestety dobitka kolejnego zawodnika gliwiczan wyl\u0105dowa\u0142a w siatce Sarmacji.<\/p>\n<p style=\"margin-bottom: 0cm;\">W 89 minucie znakomitego podania Kacpra Zawadzkiego nie zdo\u0142a\u0142 wykorzysta\u0107 Alex Tyszczak, kt\u00f3ry dzi\u015b mimo dobrej gry mia\u0142 szczeg\u00f3lnie rozstrojony celownik.<\/p>\n<p style=\"margin-bottom: 0cm;\">W 90 minucie serca kibic\u00f3w b\u0119dzinian zabi\u0142y jeszcze gwa\u0142towniej.<br \/>Rozp\u0119dzeni rywale zdo\u0142ali jeszcze raz pokona\u0107 Kacpra Pieszczka posy\u0142aj\u0105 pi\u0142k\u0119 tu\u017c nad nim.<\/p>\n<p style=\"margin-bottom: 0cm;\">Ostatnie sekundy up\u0142ywa\u0142y w ogromnym napi\u0119ciu. Sarmacja trac\u0105ca dwie g\u0142upie bramki w samej ko\u0144c\u00f3wce spotkania gra\u0142a coraz bardziej nerwowo. <br \/>Mo\u017cliwo\u015b\u0107 utraty pewnego zwyci\u0119stwa jeszcze bardziej sparali\u017cowa\u0142a ich poczynania.<\/p>\n<p style=\"margin-bottom: 0cm;\">Ostatecznie Sarmacja pokona\u0142a rezerwy Piasta Gliwice 3:2 (1:0) i to jest najwa\u017cniejsze.<br \/>Niestety b\u0119dzinianie w tym spotkaniu zamiast rozgromi\u0107 rywala z trudem zdobyli 3 punkty.<br \/>Mimo k\u0142opot\u00f3w kadrowych liczy si\u0119 zwyci\u0119stwo.<br \/>Dzi\u015b w 75 minucie zadebiutowa\u0142 w pi\u0142ce seniorskiej kolejny 16-latek Klaudiusz Ku\u0142aga, kt\u00f3ry ma ju\u017c to za sob\u0105.<\/p>\n<p style=\"margin-bottom: 0cm;\"><strong>Sarmacja B\u0119dzin \u2013 Piast II Gliwice 3:2 (1:0)<\/strong><\/p>\n<p style=\"margin-bottom: 0cm;\"><strong>Bramki:<\/strong><br \/>15&#8242; Makowski<\/p>\n<p style=\"margin-bottom: 0cm;\">47&#8242; Tyszczak<\/p>\n<p style=\"margin-bottom: 0cm;\">57&#8242; Nowak<\/p>\n<p style=\"margin-bottom: 0cm;\">____________________<\/p>\n<p style=\"margin-bottom: 0cm;\">82&#8242;<br \/>90&#8242;<\/p>\n<p style=\"margin-bottom: 0cm;\">\u00a0<\/p>\n<p style=\"margin-bottom: 0cm;\"><strong>\u017b\u00f3\u0142te kartki:<\/strong><br \/>39&#8242; Dyrda<br \/>74&#8242; J\u0119drzejczyk<\/p>\n<p style=\"margin-bottom: 0cm;\">\u00a0<\/p>\n<p>\u00a0<\/p>\n<p style=\"margin-bottom: 0cm;\"><strong>Sarmacja B\u0119dzin:<\/strong> Pieszczek \u2013 Sroka, Kita, Misztal, J\u0119drzejczyk, Barczyk, Dyrda, Makowski (75&#8242; Ku\u0142aga), Tyszczak, Zawdzki, Nowak<\/p>\n<p style=\"margin-bottom: 0cm;\">{gallery}piast2017{\/gallery}<\/p>\n","protected":false},"excerpt":{"rendered":"<p>Dzi\u015b 11.11.2017r o godz.13.00 pi\u0142karze Sarmacji B\u0119dzin w ramach XIV kolejki ligowej podejmowali na w\u0142asnym stadionie rezerwy Piasta Gliwice. B\u0119d\u0105ca w kryzysie dru\u017cyna trenera Krzysztofa Kie\u0142ba ostatnie zwyci\u0119stwo w meczach o punkty odnios\u0142a 30.09.2017 roku gromi\u0105c rezerwy Rakowa Cz\u0119stochowa 8:1.Niestety od tego czasu by\u0142o ju\u017c coraz gorzej.K\u0142opoty kadrowe oraz kontuzje nie u\u0142atwia\u0142y szybkiego powrotu do&#8230;<\/p>\n","protected":false},"author":1,"featured_media":1109,"comment_status":"open","ping_status":"open","sticky":false,"template":"","format":"standard","meta":{"footnotes":""},"categories":[64],"tags":[],"class_list":["post-1110","post","type-post","status-publish","format-standard","has-post-thumbnail","hentry","category-soccer"],"yoast_head":"<!-- This site is optimized with the Yoast SEO plugin v25.8 - https:\/\/yoast.com\/wordpress\/plugins\/seo\/ -->\n<title>W ko\u0144cu 3 punkty! | BKS Sarmacja B\u0119dzin<\/title>\n<meta name=\"robots\" content=\"index, follow, max-snippet:-1, max-image-preview:large, max-video-preview:-1\" \/>\n<link rel=\"canonical\" href=\"https:\/\/sarmacjabedzin.pl\/index.php\/2017\/11\/12\/w-koncu-3-punkty\/\" \/>\n<meta property=\"og:locale\" content=\"pl_PL\" \/>\n<meta property=\"og:type\" content=\"article\" \/>\n<meta property=\"og:title\" content=\"W ko\u0144cu 3 punkty! | BKS Sarmacja B\u0119dzin\" \/>\n<meta property=\"og:description\" content=\"Dzi\u015b 11.11.2017r o godz.13.00 pi\u0142karze Sarmacji B\u0119dzin w ramach XIV kolejki ligowej podejmowali na w\u0142asnym stadionie rezerwy Piasta Gliwice. B\u0119d\u0105ca w kryzysie dru\u017cyna trenera Krzysztofa Kie\u0142ba ostatnie zwyci\u0119stwo w meczach o punkty odnios\u0142a 30.09.2017 roku gromi\u0105c rezerwy Rakowa Cz\u0119stochowa 8:1.Niestety od tego czasu by\u0142o ju\u017c coraz gorzej.K\u0142opoty kadrowe oraz kontuzje nie u\u0142atwia\u0142y szybkiego powrotu do...\" \/>\n<meta property=\"og:url\" content=\"https:\/\/sarmacjabedzin.pl\/index.php\/2017\/11\/12\/w-koncu-3-punkty\/\" \/>\n<meta property=\"og:site_name\" content=\"BKS Sarmacja B\u0119dzin\" \/>\n<meta property=\"article:publisher\" content=\"https:\/\/www.facebook.com\/SarmacjaBedzin\" \/>\n<meta property=\"article:published_time\" content=\"2017-11-12T08:58:20+00:00\" \/>\n<meta property=\"og:image\" content=\"https:\/\/sarmacjabedzin.pl\/wp-content\/uploads\/2017\/11\/piast2017.jpg\" \/>\n\t<meta property=\"og:image:width\" content=\"1280\" \/>\n\t<meta property=\"og:image:height\" content=\"768\" \/>\n\t<meta property=\"og:image:type\" content=\"image\/jpeg\" \/>\n<meta name=\"author\" content=\"tyrtak\" \/>\n<meta name=\"twitter:card\" content=\"summary_large_image\" \/>\n<meta name=\"twitter:label1\" content=\"Napisane przez\" \/>\n\t<meta name=\"twitter:data1\" content=\"tyrtak\" \/>\n\t<meta name=\"twitter:label2\" content=\"Szacowany czas czytania\" \/>\n\t<meta name=\"twitter:data2\" content=\"3 minuty\" \/>\n<script type=\"application\/ld+json\" class=\"yoast-schema-graph\">{\"@context\":\"https:\/\/schema.org\",\"@graph\":[{\"@type\":\"WebPage\",\"@id\":\"https:\/\/sarmacjabedzin.pl\/index.php\/2017\/11\/12\/w-koncu-3-punkty\/\",\"url\":\"https:\/\/sarmacjabedzin.pl\/index.php\/2017\/11\/12\/w-koncu-3-punkty\/\",\"name\":\"W ko\u0144cu 3 punkty! | BKS Sarmacja B\u0119dzin\",\"isPartOf\":{\"@id\":\"https:\/\/sarmacjabedzin.pl\/#website\"},\"primaryImageOfPage\":{\"@id\":\"https:\/\/sarmacjabedzin.pl\/index.php\/2017\/11\/12\/w-koncu-3-punkty\/#primaryimage\"},\"image\":{\"@id\":\"https:\/\/sarmacjabedzin.pl\/index.php\/2017\/11\/12\/w-koncu-3-punkty\/#primaryimage\"},\"thumbnailUrl\":\"https:\/\/sarmacjabedzin.pl\/wp-content\/uploads\/2017\/11\/piast2017.jpg\",\"datePublished\":\"2017-11-12T08:58:20+00:00\",\"author\":{\"@id\":\"https:\/\/sarmacjabedzin.pl\/#\/schema\/person\/5417ea7b03bcd9adf58298a2265ce03a\"},\"breadcrumb\":{\"@id\":\"https:\/\/sarmacjabedzin.pl\/index.php\/2017\/11\/12\/w-koncu-3-punkty\/#breadcrumb\"},\"inLanguage\":\"pl-PL\",\"potentialAction\":[{\"@type\":\"ReadAction\",\"target\":[\"https:\/\/sarmacjabedzin.pl\/index.php\/2017\/11\/12\/w-koncu-3-punkty\/\"]}]},{\"@type\":\"ImageObject\",\"inLanguage\":\"pl-PL\",\"@id\":\"https:\/\/sarmacjabedzin.pl\/index.php\/2017\/11\/12\/w-koncu-3-punkty\/#primaryimage\",\"url\":\"https:\/\/sarmacjabedzin.pl\/wp-content\/uploads\/2017\/11\/piast2017.jpg\",\"contentUrl\":\"https:\/\/sarmacjabedzin.pl\/wp-content\/uploads\/2017\/11\/piast2017.jpg\",\"width\":1280,\"height\":768},{\"@type\":\"BreadcrumbList\",\"@id\":\"https:\/\/sarmacjabedzin.pl\/index.php\/2017\/11\/12\/w-koncu-3-punkty\/#breadcrumb\",\"itemListElement\":[{\"@type\":\"ListItem\",\"position\":1,\"name\":\"Strona g\u0142\u00f3wna\",\"item\":\"https:\/\/sarmacjabedzin.pl\/\"},{\"@type\":\"ListItem\",\"position\":2,\"name\":\"W ko\u0144cu 3 punkty!\"}]},{\"@type\":\"WebSite\",\"@id\":\"https:\/\/sarmacjabedzin.pl\/#website\",\"url\":\"https:\/\/sarmacjabedzin.pl\/\",\"name\":\"BKS Sarmacja B\u0119dzin \u2013 Nieoficjalny serwis\",\"description\":\"Nieoficjalny serwis B\u0119dzi\u0144skiego Klubu Sportowego &quot;Sarmacja&quot;\",\"potentialAction\":[{\"@type\":\"SearchAction\",\"target\":{\"@type\":\"EntryPoint\",\"urlTemplate\":\"https:\/\/sarmacjabedzin.pl\/?s={search_term_string}\"},\"query-input\":{\"@type\":\"PropertyValueSpecification\",\"valueRequired\":true,\"valueName\":\"search_term_string\"}}],\"inLanguage\":\"pl-PL\"},{\"@type\":\"Person\",\"@id\":\"https:\/\/sarmacjabedzin.pl\/#\/schema\/person\/5417ea7b03bcd9adf58298a2265ce03a\",\"name\":\"tyrtak\",\"image\":{\"@type\":\"ImageObject\",\"inLanguage\":\"pl-PL\",\"@id\":\"https:\/\/sarmacjabedzin.pl\/#\/schema\/person\/image\/\",\"url\":\"https:\/\/secure.gravatar.com\/avatar\/49b7734c6795cf524710e96813a9fedc1ae3816e479d92490236b4cfc47a5ae1?s=96&d=mm&r=g\",\"contentUrl\":\"https:\/\/secure.gravatar.com\/avatar\/49b7734c6795cf524710e96813a9fedc1ae3816e479d92490236b4cfc47a5ae1?s=96&d=mm&r=g\",\"caption\":\"tyrtak\"}}]}<\/script>\n<!-- \/ Yoast SEO plugin. -->","yoast_head_json":{"title":"W ko\u0144cu 3 punkty! | BKS Sarmacja B\u0119dzin","robots":{"index":"index","follow":"follow","max-snippet":"max-snippet:-1","max-image-preview":"max-image-preview:large","max-video-preview":"max-video-preview:-1"},"canonical":"https:\/\/sarmacjabedzin.pl\/index.php\/2017\/11\/12\/w-koncu-3-punkty\/","og_locale":"pl_PL","og_type":"article","og_title":"W ko\u0144cu 3 punkty! | BKS Sarmacja B\u0119dzin","og_description":"Dzi\u015b 11.11.2017r o godz.13.00 pi\u0142karze Sarmacji B\u0119dzin w ramach XIV kolejki ligowej podejmowali na w\u0142asnym stadionie rezerwy Piasta Gliwice. B\u0119d\u0105ca w kryzysie dru\u017cyna trenera Krzysztofa Kie\u0142ba ostatnie zwyci\u0119stwo w meczach o punkty odnios\u0142a 30.09.2017 roku gromi\u0105c rezerwy Rakowa Cz\u0119stochowa 8:1.Niestety od tego czasu by\u0142o ju\u017c coraz gorzej.K\u0142opoty kadrowe oraz kontuzje nie u\u0142atwia\u0142y szybkiego powrotu do...","og_url":"https:\/\/sarmacjabedzin.pl\/index.php\/2017\/11\/12\/w-koncu-3-punkty\/","og_site_name":"BKS Sarmacja B\u0119dzin","article_publisher":"https:\/\/www.facebook.com\/SarmacjaBedzin","article_published_time":"2017-11-12T08:58:20+00:00","og_image":[{"width":1280,"height":768,"url":"https:\/\/sarmacjabedzin.pl\/wp-content\/uploads\/2017\/11\/piast2017.jpg","type":"image\/jpeg"}],"author":"tyrtak","twitter_card":"summary_large_image","twitter_misc":{"Napisane przez":"tyrtak","Szacowany czas czytania":"3 minuty"},"schema":{"@context":"https:\/\/schema.org","@graph":[{"@type":"WebPage","@id":"https:\/\/sarmacjabedzin.pl\/index.php\/2017\/11\/12\/w-koncu-3-punkty\/","url":"https:\/\/sarmacjabedzin.pl\/index.php\/2017\/11\/12\/w-koncu-3-punkty\/","name":"W ko\u0144cu 3 punkty! | BKS Sarmacja B\u0119dzin","isPartOf":{"@id":"https:\/\/sarmacjabedzin.pl\/#website"},"primaryImageOfPage":{"@id":"https:\/\/sarmacjabedzin.pl\/index.php\/2017\/11\/12\/w-koncu-3-punkty\/#primaryimage"},"image":{"@id":"https:\/\/sarmacjabedzin.pl\/index.php\/2017\/11\/12\/w-koncu-3-punkty\/#primaryimage"},"thumbnailUrl":"https:\/\/sarmacjabedzin.pl\/wp-content\/uploads\/2017\/11\/piast2017.jpg","datePublished":"2017-11-12T08:58:20+00:00","author":{"@id":"https:\/\/sarmacjabedzin.pl\/#\/schema\/person\/5417ea7b03bcd9adf58298a2265ce03a"},"breadcrumb":{"@id":"https:\/\/sarmacjabedzin.pl\/index.php\/2017\/11\/12\/w-koncu-3-punkty\/#breadcrumb"},"inLanguage":"pl-PL","potentialAction":[{"@type":"ReadAction","target":["https:\/\/sarmacjabedzin.pl\/index.php\/2017\/11\/12\/w-koncu-3-punkty\/"]}]},{"@type":"ImageObject","inLanguage":"pl-PL","@id":"https:\/\/sarmacjabedzin.pl\/index.php\/2017\/11\/12\/w-koncu-3-punkty\/#primaryimage","url":"https:\/\/sarmacjabedzin.pl\/wp-content\/uploads\/2017\/11\/piast2017.jpg","contentUrl":"https:\/\/sarmacjabedzin.pl\/wp-content\/uploads\/2017\/11\/piast2017.jpg","width":1280,"height":768},{"@type":"BreadcrumbList","@id":"https:\/\/sarmacjabedzin.pl\/index.php\/2017\/11\/12\/w-koncu-3-punkty\/#breadcrumb","itemListElement":[{"@type":"ListItem","position":1,"name":"Strona g\u0142\u00f3wna","item":"https:\/\/sarmacjabedzin.pl\/"},{"@type":"ListItem","position":2,"name":"W ko\u0144cu 3 punkty!"}]},{"@type":"WebSite","@id":"https:\/\/sarmacjabedzin.pl\/#website","url":"https:\/\/sarmacjabedzin.pl\/","name":"BKS Sarmacja B\u0119dzin \u2013 Nieoficjalny serwis","description":"Nieoficjalny serwis B\u0119dzi\u0144skiego Klubu Sportowego &quot;Sarmacja&quot;","potentialAction":[{"@type":"SearchAction","target":{"@type":"EntryPoint","urlTemplate":"https:\/\/sarmacjabedzin.pl\/?s={search_term_string}"},"query-input":{"@type":"PropertyValueSpecification","valueRequired":true,"valueName":"search_term_string"}}],"inLanguage":"pl-PL"},{"@type":"Person","@id":"https:\/\/sarmacjabedzin.pl\/#\/schema\/person\/5417ea7b03bcd9adf58298a2265ce03a","name":"tyrtak","image":{"@type":"ImageObject","inLanguage":"pl-PL","@id":"https:\/\/sarmacjabedzin.pl\/#\/schema\/person\/image\/","url":"https:\/\/secure.gravatar.com\/avatar\/49b7734c6795cf524710e96813a9fedc1ae3816e479d92490236b4cfc47a5ae1?s=96&d=mm&r=g","contentUrl":"https:\/\/secure.gravatar.com\/avatar\/49b7734c6795cf524710e96813a9fedc1ae3816e479d92490236b4cfc47a5ae1?s=96&d=mm&r=g","caption":"tyrtak"}}]}},"rttpg_featured_image_url":{"full":["https:\/\/sarmacjabedzin.pl\/wp-content\/uploads\/2017\/11\/piast2017.jpg",1280,768,false],"landscape":["https:\/\/sarmacjabedzin.pl\/wp-content\/uploads\/2017\/11\/piast2017.jpg",1280,768,false],"portraits":["https:\/\/sarmacjabedzin.pl\/wp-content\/uploads\/2017\/11\/piast2017.jpg",1280,768,false],"thumbnail":["https:\/\/sarmacjabedzin.pl\/wp-content\/uploads\/2017\/11\/piast2017-150x150.jpg",150,150,true],"medium":["https:\/\/sarmacjabedzin.pl\/wp-content\/uploads\/2017\/11\/piast2017-300x180.jpg",300,180,true],"large":["https:\/\/sarmacjabedzin.pl\/wp-content\/uploads\/2017\/11\/piast2017-1024x614.jpg",1024,614,true],"1536x1536":["https:\/\/sarmacjabedzin.pl\/wp-content\/uploads\/2017\/11\/piast2017.jpg",1280,768,false],"2048x2048":["https:\/\/sarmacjabedzin.pl\/wp-content\/uploads\/2017\/11\/piast2017.jpg",1280,768,false],"sportspress-crop-medium":["https:\/\/sarmacjabedzin.pl\/wp-content\/uploads\/2017\/11\/piast2017-300x300.jpg",300,300,true],"sportspress-fit-medium":["https:\/\/sarmacjabedzin.pl\/wp-content\/uploads\/2017\/11\/piast2017-300x180.jpg",300,180,true],"sportspress-fit-icon":["https:\/\/sarmacjabedzin.pl\/wp-content\/uploads\/2017\/11\/piast2017-128x77.jpg",128,77,true],"sportspress-fit-mini":["https:\/\/sarmacjabedzin.pl\/wp-content\/uploads\/2017\/11\/piast2017-32x19.jpg",32,19,true],"ultp_layout_landscape_large":["https:\/\/sarmacjabedzin.pl\/wp-content\/uploads\/2017\/11\/piast2017.jpg",1200,720,false],"ultp_layout_landscape":["https:\/\/sarmacjabedzin.pl\/wp-content\/uploads\/2017\/11\/piast2017.jpg",870,522,false],"ultp_layout_portrait":["https:\/\/sarmacjabedzin.pl\/wp-content\/uploads\/2017\/11\/piast2017.jpg",600,360,false],"ultp_layout_square":["https:\/\/sarmacjabedzin.pl\/wp-content\/uploads\/2017\/11\/piast2017.jpg",600,360,false],"stm-1140-666":["https:\/\/sarmacjabedzin.pl\/wp-content\/uploads\/2017\/11\/piast2017-1140x666.jpg",1140,666,true],"stm-1170-650":["https:\/\/sarmacjabedzin.pl\/wp-content\/uploads\/2017\/11\/piast2017-1170x650.jpg",1170,650,true],"stm-570-350":["https:\/\/sarmacjabedzin.pl\/wp-content\/uploads\/2017\/11\/piast2017-570x350.jpg",570,350,true],"stm-570-250":["https:\/\/sarmacjabedzin.pl\/wp-content\/uploads\/2017\/11\/piast2017-570x250.jpg",570,250,true],"stm-270-370":["https:\/\/sarmacjabedzin.pl\/wp-content\/uploads\/2017\/11\/piast2017-270x370.jpg",270,370,true],"stm-540-500":["https:\/\/sarmacjabedzin.pl\/wp-content\/uploads\/2017\/11\/piast2017-540x500.jpg",540,500,true],"stm-270-530":["https:\/\/sarmacjabedzin.pl\/wp-content\/uploads\/2017\/11\/piast2017-270x530.jpg",270,530,true],"stm-200-200":["https:\/\/sarmacjabedzin.pl\/wp-content\/uploads\/2017\/11\/piast2017-200x200.jpg",200,200,true],"stm-85-105":["https:\/\/sarmacjabedzin.pl\/wp-content\/uploads\/2017\/11\/piast2017-85x105.jpg",85,105,true],"stm-255-255":["https:\/\/sarmacjabedzin.pl\/wp-content\/uploads\/2017\/11\/piast2017-255x255.jpg",255,255,true],"stm-360-240":["https:\/\/sarmacjabedzin.pl\/wp-content\/uploads\/2017\/11\/piast2017-360x240.jpg",360,240,true],"stm-360-495":["https:\/\/sarmacjabedzin.pl\/wp-content\/uploads\/2017\/11\/piast2017-360x495.jpg",360,495,true],"stm-445-400":["https:\/\/sarmacjabedzin.pl\/wp-content\/uploads\/2017\/11\/piast2017-445x400.jpg",445,400,true],"stm-735-240":["https:\/\/sarmacjabedzin.pl\/wp-content\/uploads\/2017\/11\/piast2017-735x240.jpg",735,240,true],"stm-255-183":["https:\/\/sarmacjabedzin.pl\/wp-content\/uploads\/2017\/11\/piast2017-255x183.jpg",255,183,true],"stm-350-250":["https:\/\/sarmacjabedzin.pl\/wp-content\/uploads\/2017\/11\/piast2017-350x250.jpg",350,250,true],"blog_list":["https:\/\/sarmacjabedzin.pl\/wp-content\/uploads\/2017\/11\/piast2017-270x220.jpg",270,220,true],"blog_list_medium":["https:\/\/sarmacjabedzin.pl\/wp-content\/uploads\/2017\/11\/piast2017-390x345.jpg",390,345,true],"gallery_thumbnail":["https:\/\/sarmacjabedzin.pl\/wp-content\/uploads\/2017\/11\/piast2017-80x80.jpg",80,80,true],"gallery_image":["https:\/\/sarmacjabedzin.pl\/wp-content\/uploads\/2017\/11\/piast2017-560x367.jpg",560,367,true],"gallery_image_mini":["https:\/\/sarmacjabedzin.pl\/wp-content\/uploads\/2017\/11\/piast2017-143x116.jpg",143,116,true],"player_photo":["https:\/\/sarmacjabedzin.pl\/wp-content\/uploads\/2017\/11\/piast2017-740x740.jpg",740,740,true],"team_logo":["https:\/\/sarmacjabedzin.pl\/wp-content\/uploads\/2017\/11\/piast2017-98x59.jpg",98,59,true],"player_stat_ava":["https:\/\/sarmacjabedzin.pl\/wp-content\/uploads\/2017\/11\/piast2017-550x580.jpg",550,580,true],"post-350-220":["https:\/\/sarmacjabedzin.pl\/wp-content\/uploads\/2017\/11\/piast2017-350x220.jpg",350,220,true],"post-275-142":["https:\/\/sarmacjabedzin.pl\/wp-content\/uploads\/2017\/11\/piast2017-275x142.jpg",275,142,true],"post-160-120":["https:\/\/sarmacjabedzin.pl\/wp-content\/uploads\/2017\/11\/piast2017-160x120.jpg",160,120,true],"post-110-70":["https:\/\/sarmacjabedzin.pl\/wp-content\/uploads\/2017\/11\/piast2017-110x70.jpg",110,70,true],"post-770-450":["https:\/\/sarmacjabedzin.pl\/wp-content\/uploads\/2017\/11\/piast2017-770x450.jpg",770,450,true],"post-370-210":["https:\/\/sarmacjabedzin.pl\/wp-content\/uploads\/2017\/11\/piast2017-370x210.jpg",370,210,true],"post-457-470":["https:\/\/sarmacjabedzin.pl\/wp-content\/uploads\/2017\/11\/piast2017-457x470.jpg",457,470,true],"post-370-420":["https:\/\/sarmacjabedzin.pl\/wp-content\/uploads\/2017\/11\/piast2017-370x420.jpg",370,420,true],"stm-445-445":["https:\/\/sarmacjabedzin.pl\/wp-content\/uploads\/2017\/11\/piast2017-445x445.jpg",445,445,true],"stm-555-460":["https:\/\/sarmacjabedzin.pl\/wp-content\/uploads\/2017\/11\/piast2017-555x460.jpg",555,460,true],"stm-350-450":["https:\/\/sarmacjabedzin.pl\/wp-content\/uploads\/2017\/11\/piast2017-350x450.jpg",350,450,true],"stm-720-440":["https:\/\/sarmacjabedzin.pl\/wp-content\/uploads\/2017\/11\/piast2017-720x440.jpg",720,440,true],"stm-270-270":["https:\/\/sarmacjabedzin.pl\/wp-content\/uploads\/2017\/11\/piast2017.jpg",270,162,false],"stm-760-450":["https:\/\/sarmacjabedzin.pl\/wp-content\/uploads\/2017\/11\/piast2017.jpg",750,450,false]},"rttpg_author":{"display_name":"tyrtak","author_link":false},"rttpg_comment":0,"rttpg_category":"<a href=\"https:\/\/sarmacjabedzin.pl\/index.php\/category\/soccer\/\" rel=\"category tag\">Liga<\/a>","rttpg_excerpt":"Dzi\u015b 11.11.2017r o godz.13.00 pi\u0142karze Sarmacji B\u0119dzin w ramach XIV kolejki ligowej podejmowali na w\u0142asnym stadionie rezerwy Piasta Gliwice. B\u0119d\u0105ca w kryzysie dru\u017cyna trenera Krzysztofa Kie\u0142ba ostatnie zwyci\u0119stwo w meczach o punkty odnios\u0142a 30.09.2017 roku gromi\u0105c rezerwy Rakowa Cz\u0119stochowa 8:1.Niestety od tego czasu by\u0142o ju\u017c coraz gorzej.K\u0142opoty kadrowe oraz kontuzje nie u\u0142atwia\u0142y szybkiego powrotu do...","_links":{"self":[{"href":"https:\/\/sarmacjabedzin.pl\/index.php\/wp-json\/wp\/v2\/posts\/1110","targetHints":{"allow":["GET"]}}],"collection":[{"href":"https:\/\/sarmacjabedzin.pl\/index.php\/wp-json\/wp\/v2\/posts"}],"about":[{"href":"https:\/\/sarmacjabedzin.pl\/index.php\/wp-json\/wp\/v2\/types\/post"}],"author":[{"embeddable":true,"href":"https:\/\/sarmacjabedzin.pl\/index.php\/wp-json\/wp\/v2\/users\/1"}],"replies":[{"embeddable":true,"href":"https:\/\/sarmacjabedzin.pl\/index.php\/wp-json\/wp\/v2\/comments?post=1110"}],"version-history":[{"count":0,"href":"https:\/\/sarmacjabedzin.pl\/index.php\/wp-json\/wp\/v2\/posts\/1110\/revisions"}],"wp:featuredmedia":[{"embeddable":true,"href":"https:\/\/sarmacjabedzin.pl\/index.php\/wp-json\/wp\/v2\/media\/1109"}],"wp:attachment":[{"href":"https:\/\/sarmacjabedzin.pl\/index.php\/wp-json\/wp\/v2\/media?parent=1110"}],"wp:term":[{"taxonomy":"category","embeddable":true,"href":"https:\/\/sarmacjabedzin.pl\/index.php\/wp-json\/wp\/v2\/categories?post=1110"},{"taxonomy":"post_tag","embeddable":true,"href":"https:\/\/sarmacjabedzin.pl\/index.php\/wp-json\/wp\/v2\/tags?post=1110"}],"curies":[{"name":"wp","href":"https:\/\/api.w.org\/{rel}","templated":true}]}}