{"id":1167,"date":"2018-04-07T19:50:38","date_gmt":"2018-04-07T17:50:38","guid":{"rendered":"http:\/\/sarmacjabedzin.pl\/index.php\/2018\/04\/07\/remis-w-lublincu\/"},"modified":"2018-04-07T19:50:38","modified_gmt":"2018-04-07T17:50:38","slug":"remis-w-lublincu","status":"publish","type":"post","link":"https:\/\/sarmacjabedzin.pl\/index.php\/2018\/04\/07\/remis-w-lublincu\/","title":{"rendered":"Remis w Lubli\u0144cu!"},"content":{"rendered":"<p style=\"margin-bottom: 0cm;\">Dzi\u015b 07.04.2018 o godz.17.00 pi\u0142karze Sarmacji B\u0119dzin w meczu o ligowe punkty zmierzyli si\u0119 na wyje\u017adzie z dru\u017cyn\u0105 Sparty Lubliniec.<br \/>W rundzie jesiennej b\u0119dzinianie na w\u0142asnym stadionie odnie\u015bli g\u0142adkie zwyci\u0119stwo 3:0.<\/p>\n<p style=\"margin-bottom: 0cm;\">Podopieczni trenera Sebastiana Stemplewskiego przyst\u0105pili do tego spotkania bez dw\u00f3ch podstawowych zawodnik\u00f3w pauzuj\u0105cych za kartki: J\u00f3zefa Misztala i Paw\u0142a Lesika.<\/p>\n<p style=\"margin-bottom: 0cm;\">Pierwsza po\u0142owa w wykonaniu obu dru\u017cyn nie przynios\u0142a sporych emocji.<br \/>W 28 minucie strza\u0142 z rzutu wolnego Micha\u0142a Dyrdy poszybowa\u0142 nad bramk\u0105 gospodarzy.<\/p>\n<p style=\"margin-bottom: 0cm;\">W ko\u0144c\u00f3wce pierwszej po\u0142owy lekk\u0105 przewag\u0119 osi\u0105gn\u0119li ni\u017cej notowani miejscowi.<\/p>\n<p style=\"margin-bottom: 0cm;\">W 40 minucie po \u0142atwym ograniu obro\u0144cy b\u0119dzinian w pole karne wpad\u0142 zawodnik Sparty.<\/p>\n<p style=\"margin-bottom: 0cm;\">Na szcz\u0119\u015bcie jego strza\u0142 po d\u0142ugim s\u0142upku zdo\u0142a\u0142 wybroni\u0107 strzeg\u0105cy dzi\u015b bramki go\u015bci Dariusz Maciejowski.<\/p>\n<p style=\"margin-bottom: 0cm;\">Po bezbramkowej pierwszej po\u0142owie, w drugiej kibice doczekali si\u0119 wreszcie bramek.<br \/>W 50 minucie pi\u0142k\u0119 zagran\u0105 w pole karne rywala przez Artura Nowaka przej\u0105\u0142 Piotr Makowski.<\/p>\n<p style=\"margin-bottom: 0cm;\">Niestety jego strza\u0142 z bliskiej odleg\u0142o\u015bci nie zdo\u0142a\u0142 zaskoczy\u0107 golkipera gospodarzy.<\/p>\n<p style=\"margin-bottom: 0cm;\">W 60 minucie pr\u00f3ba lobowania bramkarza przez Kacpra Zawadzkiego zako\u0144czy\u0142a si\u0119 pos\u0142aniem futbol\u00f3wki nad bramk\u0105 przeciwnika.<\/p>\n<p style=\"margin-bottom: 0cm;\">W 64 minucie \u015bwietnego podania Artura Nowaka nie wykorzysta\u0142 Alex Tyszczak, kt\u00f3ry z pi\u0105tego metra od bramki trafi\u0142 wprost w bramkarza.<\/p>\n<p style=\"margin-bottom: 0cm;\">Nie wykorzystane sytuacje szybko si\u0119 zem\u015bci\u0142y i w 78 minucie po szybkiej kontrze miejscowi obj\u0119li prowadzenie 1:0.<\/p>\n<p style=\"margin-bottom: 0cm;\">Na szcz\u0119\u015bcie\u00a0pod sam koniec spotkania\u00a0Sarmaci doprowadzili do wyr\u00f3wnania.<\/p>\n<p style=\"margin-bottom: 0cm;\">Bramk\u0119 z rzutu karnego zdoby\u0142 wcze\u015bniej faulowany w polu karnym rywala Artur Nowak.<\/p>\n<p style=\"margin-bottom: 0cm;\">Mimo kilku okazji na zwyci\u0119stwo podopieczni trenera Sebastiana Stemplewskiego zremisowali z broni\u0105c\u0105 si\u0119 przed spadkiem Spart\u0105 Lubliniec 1:1 (0:0).<\/p>\n<p style=\"margin-bottom: 0cm;\">Po ostatniej pora\u017cce dzi\u015b b\u0119dzinianie zdobyli zaledwie 1 punkt prezentuj\u0105c kiepsk\u0105 skuteczno\u015b\u0107 strzeleck\u0105.<\/p>\n<p style=\"margin-bottom: 0cm;\">Ju\u017c w najbli\u017csz\u0105 \u015brod\u0119 Sarmacj\u0119 czeka bardzo trudne zaleg\u0142e spotkanie wyjazdowe z Przemsz\u0105 Siewierz.<br \/>Mamy nadziej\u0119, \u017ce po tym spotkaniu b\u0119dziemy w du\u017co lepszych humorach ni\u017c do tej pory.<\/p>\n<p style=\"margin-bottom: 0cm;\">\u00a0<\/p>\n<p style=\"margin-bottom: 0cm;\">\u00a0<\/p>\n<p style=\"margin-bottom: 0cm;\"><strong>Sparta Lubliniec \u2013 Sarmacja B\u0119dzin 1:1 (0:0)<\/strong><\/p>\n<p style=\"margin-bottom: 0cm;\"><strong>Bramki:<\/strong><\/p>\n<p style=\"margin-bottom: 0cm;\">88&#8242; (k) Nowak<br \/>_________________<\/p>\n<p style=\"margin-bottom: 0cm;\">78&#8242; Kravets<\/p>\n<p style=\"margin-bottom: 0cm;\">\u00a0<\/p>\n<p style=\"margin-bottom: 0cm;\"><strong>Sarmacja B\u0119dzin:<\/strong> Maciejowski \u2013 Wandzik (46&#8242; Tyszczak), Balul, Majka, Sroka, J\u0119drzejczyk, Dyrda, Derlatka, Makowski, Nowak, Zawadzki (80&#8242; S\u0142ota)<\/p>\n","protected":false},"excerpt":{"rendered":"<p>Dzi\u015b 07.04.2018 o godz.17.00 pi\u0142karze Sarmacji B\u0119dzin w meczu o ligowe punkty zmierzyli si\u0119 na wyje\u017adzie z dru\u017cyn\u0105 Sparty Lubliniec.W rundzie jesiennej b\u0119dzinianie na w\u0142asnym stadionie odnie\u015bli g\u0142adkie zwyci\u0119stwo 3:0. Podopieczni trenera Sebastiana Stemplewskiego przyst\u0105pili do tego spotkania bez dw\u00f3ch podstawowych zawodnik\u00f3w pauzuj\u0105cych za kartki: J\u00f3zefa Misztala i Paw\u0142a Lesika. Pierwsza po\u0142owa w wykonaniu obu&#8230;<\/p>\n","protected":false},"author":1,"featured_media":1166,"comment_status":"open","ping_status":"open","sticky":false,"template":"","format":"standard","meta":{"footnotes":""},"categories":[64],"tags":[],"class_list":["post-1167","post","type-post","status-publish","format-standard","has-post-thumbnail","hentry","category-soccer"],"yoast_head":"<!-- This site is optimized with the Yoast SEO plugin v25.8 - https:\/\/yoast.com\/wordpress\/plugins\/seo\/ -->\n<title>Remis w Lubli\u0144cu! | BKS Sarmacja B\u0119dzin<\/title>\n<meta name=\"robots\" content=\"index, follow, max-snippet:-1, max-image-preview:large, max-video-preview:-1\" \/>\n<link rel=\"canonical\" href=\"https:\/\/sarmacjabedzin.pl\/index.php\/2018\/04\/07\/remis-w-lublincu\/\" \/>\n<meta property=\"og:locale\" content=\"pl_PL\" \/>\n<meta property=\"og:type\" content=\"article\" \/>\n<meta property=\"og:title\" content=\"Remis w Lubli\u0144cu! | BKS Sarmacja B\u0119dzin\" \/>\n<meta property=\"og:description\" content=\"Dzi\u015b 07.04.2018 o godz.17.00 pi\u0142karze Sarmacji B\u0119dzin w meczu o ligowe punkty zmierzyli si\u0119 na wyje\u017adzie z dru\u017cyn\u0105 Sparty Lubliniec.W rundzie jesiennej b\u0119dzinianie na w\u0142asnym stadionie odnie\u015bli g\u0142adkie zwyci\u0119stwo 3:0. Podopieczni trenera Sebastiana Stemplewskiego przyst\u0105pili do tego spotkania bez dw\u00f3ch podstawowych zawodnik\u00f3w pauzuj\u0105cych za kartki: J\u00f3zefa Misztala i Paw\u0142a Lesika. Pierwsza po\u0142owa w wykonaniu obu...\" \/>\n<meta property=\"og:url\" content=\"https:\/\/sarmacjabedzin.pl\/index.php\/2018\/04\/07\/remis-w-lublincu\/\" \/>\n<meta property=\"og:site_name\" content=\"BKS Sarmacja B\u0119dzin\" \/>\n<meta property=\"article:publisher\" content=\"https:\/\/www.facebook.com\/SarmacjaBedzin\" \/>\n<meta property=\"article:published_time\" content=\"2018-04-07T17:50:38+00:00\" \/>\n<meta property=\"og:image\" content=\"https:\/\/sarmacjabedzin.pl\/wp-content\/uploads\/2018\/04\/SPARTA2018.jpg\" \/>\n\t<meta property=\"og:image:width\" content=\"1280\" \/>\n\t<meta property=\"og:image:height\" content=\"768\" \/>\n\t<meta property=\"og:image:type\" content=\"image\/jpeg\" \/>\n<meta name=\"author\" content=\"tyrtak\" \/>\n<meta name=\"twitter:card\" content=\"summary_large_image\" \/>\n<meta name=\"twitter:label1\" content=\"Napisane przez\" \/>\n\t<meta name=\"twitter:data1\" content=\"tyrtak\" \/>\n\t<meta name=\"twitter:label2\" content=\"Szacowany czas czytania\" \/>\n\t<meta name=\"twitter:data2\" content=\"2 minuty\" \/>\n<script type=\"application\/ld+json\" class=\"yoast-schema-graph\">{\"@context\":\"https:\/\/schema.org\",\"@graph\":[{\"@type\":\"WebPage\",\"@id\":\"https:\/\/sarmacjabedzin.pl\/index.php\/2018\/04\/07\/remis-w-lublincu\/\",\"url\":\"https:\/\/sarmacjabedzin.pl\/index.php\/2018\/04\/07\/remis-w-lublincu\/\",\"name\":\"Remis w Lubli\u0144cu! | BKS Sarmacja B\u0119dzin\",\"isPartOf\":{\"@id\":\"https:\/\/sarmacjabedzin.pl\/#website\"},\"primaryImageOfPage\":{\"@id\":\"https:\/\/sarmacjabedzin.pl\/index.php\/2018\/04\/07\/remis-w-lublincu\/#primaryimage\"},\"image\":{\"@id\":\"https:\/\/sarmacjabedzin.pl\/index.php\/2018\/04\/07\/remis-w-lublincu\/#primaryimage\"},\"thumbnailUrl\":\"https:\/\/sarmacjabedzin.pl\/wp-content\/uploads\/2018\/04\/SPARTA2018.jpg\",\"datePublished\":\"2018-04-07T17:50:38+00:00\",\"author\":{\"@id\":\"https:\/\/sarmacjabedzin.pl\/#\/schema\/person\/5417ea7b03bcd9adf58298a2265ce03a\"},\"breadcrumb\":{\"@id\":\"https:\/\/sarmacjabedzin.pl\/index.php\/2018\/04\/07\/remis-w-lublincu\/#breadcrumb\"},\"inLanguage\":\"pl-PL\",\"potentialAction\":[{\"@type\":\"ReadAction\",\"target\":[\"https:\/\/sarmacjabedzin.pl\/index.php\/2018\/04\/07\/remis-w-lublincu\/\"]}]},{\"@type\":\"ImageObject\",\"inLanguage\":\"pl-PL\",\"@id\":\"https:\/\/sarmacjabedzin.pl\/index.php\/2018\/04\/07\/remis-w-lublincu\/#primaryimage\",\"url\":\"https:\/\/sarmacjabedzin.pl\/wp-content\/uploads\/2018\/04\/SPARTA2018.jpg\",\"contentUrl\":\"https:\/\/sarmacjabedzin.pl\/wp-content\/uploads\/2018\/04\/SPARTA2018.jpg\",\"width\":1280,\"height\":768},{\"@type\":\"BreadcrumbList\",\"@id\":\"https:\/\/sarmacjabedzin.pl\/index.php\/2018\/04\/07\/remis-w-lublincu\/#breadcrumb\",\"itemListElement\":[{\"@type\":\"ListItem\",\"position\":1,\"name\":\"Strona g\u0142\u00f3wna\",\"item\":\"https:\/\/sarmacjabedzin.pl\/\"},{\"@type\":\"ListItem\",\"position\":2,\"name\":\"Remis w Lubli\u0144cu!\"}]},{\"@type\":\"WebSite\",\"@id\":\"https:\/\/sarmacjabedzin.pl\/#website\",\"url\":\"https:\/\/sarmacjabedzin.pl\/\",\"name\":\"BKS Sarmacja B\u0119dzin \u2013 Nieoficjalny serwis\",\"description\":\"Nieoficjalny serwis B\u0119dzi\u0144skiego Klubu Sportowego &quot;Sarmacja&quot;\",\"potentialAction\":[{\"@type\":\"SearchAction\",\"target\":{\"@type\":\"EntryPoint\",\"urlTemplate\":\"https:\/\/sarmacjabedzin.pl\/?s={search_term_string}\"},\"query-input\":{\"@type\":\"PropertyValueSpecification\",\"valueRequired\":true,\"valueName\":\"search_term_string\"}}],\"inLanguage\":\"pl-PL\"},{\"@type\":\"Person\",\"@id\":\"https:\/\/sarmacjabedzin.pl\/#\/schema\/person\/5417ea7b03bcd9adf58298a2265ce03a\",\"name\":\"tyrtak\",\"image\":{\"@type\":\"ImageObject\",\"inLanguage\":\"pl-PL\",\"@id\":\"https:\/\/sarmacjabedzin.pl\/#\/schema\/person\/image\/\",\"url\":\"https:\/\/secure.gravatar.com\/avatar\/49b7734c6795cf524710e96813a9fedc1ae3816e479d92490236b4cfc47a5ae1?s=96&d=mm&r=g\",\"contentUrl\":\"https:\/\/secure.gravatar.com\/avatar\/49b7734c6795cf524710e96813a9fedc1ae3816e479d92490236b4cfc47a5ae1?s=96&d=mm&r=g\",\"caption\":\"tyrtak\"}}]}<\/script>\n<!-- \/ Yoast SEO plugin. -->","yoast_head_json":{"title":"Remis w Lubli\u0144cu! | BKS Sarmacja B\u0119dzin","robots":{"index":"index","follow":"follow","max-snippet":"max-snippet:-1","max-image-preview":"max-image-preview:large","max-video-preview":"max-video-preview:-1"},"canonical":"https:\/\/sarmacjabedzin.pl\/index.php\/2018\/04\/07\/remis-w-lublincu\/","og_locale":"pl_PL","og_type":"article","og_title":"Remis w Lubli\u0144cu! | BKS Sarmacja B\u0119dzin","og_description":"Dzi\u015b 07.04.2018 o godz.17.00 pi\u0142karze Sarmacji B\u0119dzin w meczu o ligowe punkty zmierzyli si\u0119 na wyje\u017adzie z dru\u017cyn\u0105 Sparty Lubliniec.W rundzie jesiennej b\u0119dzinianie na w\u0142asnym stadionie odnie\u015bli g\u0142adkie zwyci\u0119stwo 3:0. Podopieczni trenera Sebastiana Stemplewskiego przyst\u0105pili do tego spotkania bez dw\u00f3ch podstawowych zawodnik\u00f3w pauzuj\u0105cych za kartki: J\u00f3zefa Misztala i Paw\u0142a Lesika. Pierwsza po\u0142owa w wykonaniu obu...","og_url":"https:\/\/sarmacjabedzin.pl\/index.php\/2018\/04\/07\/remis-w-lublincu\/","og_site_name":"BKS Sarmacja B\u0119dzin","article_publisher":"https:\/\/www.facebook.com\/SarmacjaBedzin","article_published_time":"2018-04-07T17:50:38+00:00","og_image":[{"width":1280,"height":768,"url":"https:\/\/sarmacjabedzin.pl\/wp-content\/uploads\/2018\/04\/SPARTA2018.jpg","type":"image\/jpeg"}],"author":"tyrtak","twitter_card":"summary_large_image","twitter_misc":{"Napisane przez":"tyrtak","Szacowany czas czytania":"2 minuty"},"schema":{"@context":"https:\/\/schema.org","@graph":[{"@type":"WebPage","@id":"https:\/\/sarmacjabedzin.pl\/index.php\/2018\/04\/07\/remis-w-lublincu\/","url":"https:\/\/sarmacjabedzin.pl\/index.php\/2018\/04\/07\/remis-w-lublincu\/","name":"Remis w Lubli\u0144cu! | BKS Sarmacja B\u0119dzin","isPartOf":{"@id":"https:\/\/sarmacjabedzin.pl\/#website"},"primaryImageOfPage":{"@id":"https:\/\/sarmacjabedzin.pl\/index.php\/2018\/04\/07\/remis-w-lublincu\/#primaryimage"},"image":{"@id":"https:\/\/sarmacjabedzin.pl\/index.php\/2018\/04\/07\/remis-w-lublincu\/#primaryimage"},"thumbnailUrl":"https:\/\/sarmacjabedzin.pl\/wp-content\/uploads\/2018\/04\/SPARTA2018.jpg","datePublished":"2018-04-07T17:50:38+00:00","author":{"@id":"https:\/\/sarmacjabedzin.pl\/#\/schema\/person\/5417ea7b03bcd9adf58298a2265ce03a"},"breadcrumb":{"@id":"https:\/\/sarmacjabedzin.pl\/index.php\/2018\/04\/07\/remis-w-lublincu\/#breadcrumb"},"inLanguage":"pl-PL","potentialAction":[{"@type":"ReadAction","target":["https:\/\/sarmacjabedzin.pl\/index.php\/2018\/04\/07\/remis-w-lublincu\/"]}]},{"@type":"ImageObject","inLanguage":"pl-PL","@id":"https:\/\/sarmacjabedzin.pl\/index.php\/2018\/04\/07\/remis-w-lublincu\/#primaryimage","url":"https:\/\/sarmacjabedzin.pl\/wp-content\/uploads\/2018\/04\/SPARTA2018.jpg","contentUrl":"https:\/\/sarmacjabedzin.pl\/wp-content\/uploads\/2018\/04\/SPARTA2018.jpg","width":1280,"height":768},{"@type":"BreadcrumbList","@id":"https:\/\/sarmacjabedzin.pl\/index.php\/2018\/04\/07\/remis-w-lublincu\/#breadcrumb","itemListElement":[{"@type":"ListItem","position":1,"name":"Strona g\u0142\u00f3wna","item":"https:\/\/sarmacjabedzin.pl\/"},{"@type":"ListItem","position":2,"name":"Remis w Lubli\u0144cu!"}]},{"@type":"WebSite","@id":"https:\/\/sarmacjabedzin.pl\/#website","url":"https:\/\/sarmacjabedzin.pl\/","name":"BKS Sarmacja B\u0119dzin \u2013 Nieoficjalny serwis","description":"Nieoficjalny serwis B\u0119dzi\u0144skiego Klubu Sportowego &quot;Sarmacja&quot;","potentialAction":[{"@type":"SearchAction","target":{"@type":"EntryPoint","urlTemplate":"https:\/\/sarmacjabedzin.pl\/?s={search_term_string}"},"query-input":{"@type":"PropertyValueSpecification","valueRequired":true,"valueName":"search_term_string"}}],"inLanguage":"pl-PL"},{"@type":"Person","@id":"https:\/\/sarmacjabedzin.pl\/#\/schema\/person\/5417ea7b03bcd9adf58298a2265ce03a","name":"tyrtak","image":{"@type":"ImageObject","inLanguage":"pl-PL","@id":"https:\/\/sarmacjabedzin.pl\/#\/schema\/person\/image\/","url":"https:\/\/secure.gravatar.com\/avatar\/49b7734c6795cf524710e96813a9fedc1ae3816e479d92490236b4cfc47a5ae1?s=96&d=mm&r=g","contentUrl":"https:\/\/secure.gravatar.com\/avatar\/49b7734c6795cf524710e96813a9fedc1ae3816e479d92490236b4cfc47a5ae1?s=96&d=mm&r=g","caption":"tyrtak"}}]}},"rttpg_featured_image_url":{"full":["https:\/\/sarmacjabedzin.pl\/wp-content\/uploads\/2018\/04\/SPARTA2018.jpg",1280,768,false],"landscape":["https:\/\/sarmacjabedzin.pl\/wp-content\/uploads\/2018\/04\/SPARTA2018.jpg",1280,768,false],"portraits":["https:\/\/sarmacjabedzin.pl\/wp-content\/uploads\/2018\/04\/SPARTA2018.jpg",1280,768,false],"thumbnail":["https:\/\/sarmacjabedzin.pl\/wp-content\/uploads\/2018\/04\/SPARTA2018-150x150.jpg",150,150,true],"medium":["https:\/\/sarmacjabedzin.pl\/wp-content\/uploads\/2018\/04\/SPARTA2018-300x180.jpg",300,180,true],"large":["https:\/\/sarmacjabedzin.pl\/wp-content\/uploads\/2018\/04\/SPARTA2018-1024x614.jpg",1024,614,true],"1536x1536":["https:\/\/sarmacjabedzin.pl\/wp-content\/uploads\/2018\/04\/SPARTA2018.jpg",1280,768,false],"2048x2048":["https:\/\/sarmacjabedzin.pl\/wp-content\/uploads\/2018\/04\/SPARTA2018.jpg",1280,768,false],"sportspress-crop-medium":["https:\/\/sarmacjabedzin.pl\/wp-content\/uploads\/2018\/04\/SPARTA2018-300x300.jpg",300,300,true],"sportspress-fit-medium":["https:\/\/sarmacjabedzin.pl\/wp-content\/uploads\/2018\/04\/SPARTA2018-300x180.jpg",300,180,true],"sportspress-fit-icon":["https:\/\/sarmacjabedzin.pl\/wp-content\/uploads\/2018\/04\/SPARTA2018-128x77.jpg",128,77,true],"sportspress-fit-mini":["https:\/\/sarmacjabedzin.pl\/wp-content\/uploads\/2018\/04\/SPARTA2018-32x19.jpg",32,19,true],"ultp_layout_landscape_large":["https:\/\/sarmacjabedzin.pl\/wp-content\/uploads\/2018\/04\/SPARTA2018.jpg",1200,720,false],"ultp_layout_landscape":["https:\/\/sarmacjabedzin.pl\/wp-content\/uploads\/2018\/04\/SPARTA2018.jpg",870,522,false],"ultp_layout_portrait":["https:\/\/sarmacjabedzin.pl\/wp-content\/uploads\/2018\/04\/SPARTA2018.jpg",600,360,false],"ultp_layout_square":["https:\/\/sarmacjabedzin.pl\/wp-content\/uploads\/2018\/04\/SPARTA2018.jpg",600,360,false],"stm-1140-666":["https:\/\/sarmacjabedzin.pl\/wp-content\/uploads\/2018\/04\/SPARTA2018-1140x666.jpg",1140,666,true],"stm-1170-650":["https:\/\/sarmacjabedzin.pl\/wp-content\/uploads\/2018\/04\/SPARTA2018-1170x650.jpg",1170,650,true],"stm-570-350":["https:\/\/sarmacjabedzin.pl\/wp-content\/uploads\/2018\/04\/SPARTA2018-570x350.jpg",570,350,true],"stm-570-250":["https:\/\/sarmacjabedzin.pl\/wp-content\/uploads\/2018\/04\/SPARTA2018-570x250.jpg",570,250,true],"stm-270-370":["https:\/\/sarmacjabedzin.pl\/wp-content\/uploads\/2018\/04\/SPARTA2018-270x370.jpg",270,370,true],"stm-540-500":["https:\/\/sarmacjabedzin.pl\/wp-content\/uploads\/2018\/04\/SPARTA2018-540x500.jpg",540,500,true],"stm-270-530":["https:\/\/sarmacjabedzin.pl\/wp-content\/uploads\/2018\/04\/SPARTA2018-270x530.jpg",270,530,true],"stm-200-200":["https:\/\/sarmacjabedzin.pl\/wp-content\/uploads\/2018\/04\/SPARTA2018-200x200.jpg",200,200,true],"stm-85-105":["https:\/\/sarmacjabedzin.pl\/wp-content\/uploads\/2018\/04\/SPARTA2018-85x105.jpg",85,105,true],"stm-255-255":["https:\/\/sarmacjabedzin.pl\/wp-content\/uploads\/2018\/04\/SPARTA2018-255x255.jpg",255,255,true],"stm-360-240":["https:\/\/sarmacjabedzin.pl\/wp-content\/uploads\/2018\/04\/SPARTA2018-360x240.jpg",360,240,true],"stm-360-495":["https:\/\/sarmacjabedzin.pl\/wp-content\/uploads\/2018\/04\/SPARTA2018-360x495.jpg",360,495,true],"stm-445-400":["https:\/\/sarmacjabedzin.pl\/wp-content\/uploads\/2018\/04\/SPARTA2018-445x400.jpg",445,400,true],"stm-735-240":["https:\/\/sarmacjabedzin.pl\/wp-content\/uploads\/2018\/04\/SPARTA2018-735x240.jpg",735,240,true],"stm-255-183":["https:\/\/sarmacjabedzin.pl\/wp-content\/uploads\/2018\/04\/SPARTA2018-255x183.jpg",255,183,true],"stm-350-250":["https:\/\/sarmacjabedzin.pl\/wp-content\/uploads\/2018\/04\/SPARTA2018-350x250.jpg",350,250,true],"blog_list":["https:\/\/sarmacjabedzin.pl\/wp-content\/uploads\/2018\/04\/SPARTA2018-270x220.jpg",270,220,true],"blog_list_medium":["https:\/\/sarmacjabedzin.pl\/wp-content\/uploads\/2018\/04\/SPARTA2018-390x345.jpg",390,345,true],"gallery_thumbnail":["https:\/\/sarmacjabedzin.pl\/wp-content\/uploads\/2018\/04\/SPARTA2018-80x80.jpg",80,80,true],"gallery_image":["https:\/\/sarmacjabedzin.pl\/wp-content\/uploads\/2018\/04\/SPARTA2018-560x367.jpg",560,367,true],"gallery_image_mini":["https:\/\/sarmacjabedzin.pl\/wp-content\/uploads\/2018\/04\/SPARTA2018-143x116.jpg",143,116,true],"player_photo":["https:\/\/sarmacjabedzin.pl\/wp-content\/uploads\/2018\/04\/SPARTA2018-740x740.jpg",740,740,true],"team_logo":["https:\/\/sarmacjabedzin.pl\/wp-content\/uploads\/2018\/04\/SPARTA2018-98x59.jpg",98,59,true],"player_stat_ava":["https:\/\/sarmacjabedzin.pl\/wp-content\/uploads\/2018\/04\/SPARTA2018-550x580.jpg",550,580,true],"post-350-220":["https:\/\/sarmacjabedzin.pl\/wp-content\/uploads\/2018\/04\/SPARTA2018-350x220.jpg",350,220,true],"post-275-142":["https:\/\/sarmacjabedzin.pl\/wp-content\/uploads\/2018\/04\/SPARTA2018-275x142.jpg",275,142,true],"post-160-120":["https:\/\/sarmacjabedzin.pl\/wp-content\/uploads\/2018\/04\/SPARTA2018-160x120.jpg",160,120,true],"post-110-70":["https:\/\/sarmacjabedzin.pl\/wp-content\/uploads\/2018\/04\/SPARTA2018-110x70.jpg",110,70,true],"post-770-450":["https:\/\/sarmacjabedzin.pl\/wp-content\/uploads\/2018\/04\/SPARTA2018-770x450.jpg",770,450,true],"post-370-210":["https:\/\/sarmacjabedzin.pl\/wp-content\/uploads\/2018\/04\/SPARTA2018-370x210.jpg",370,210,true],"post-457-470":["https:\/\/sarmacjabedzin.pl\/wp-content\/uploads\/2018\/04\/SPARTA2018-457x470.jpg",457,470,true],"post-370-420":["https:\/\/sarmacjabedzin.pl\/wp-content\/uploads\/2018\/04\/SPARTA2018-370x420.jpg",370,420,true],"stm-445-445":["https:\/\/sarmacjabedzin.pl\/wp-content\/uploads\/2018\/04\/SPARTA2018-445x445.jpg",445,445,true],"stm-555-460":["https:\/\/sarmacjabedzin.pl\/wp-content\/uploads\/2018\/04\/SPARTA2018-555x460.jpg",555,460,true],"stm-350-450":["https:\/\/sarmacjabedzin.pl\/wp-content\/uploads\/2018\/04\/SPARTA2018-350x450.jpg",350,450,true],"stm-720-440":["https:\/\/sarmacjabedzin.pl\/wp-content\/uploads\/2018\/04\/SPARTA2018-720x440.jpg",720,440,true],"stm-270-270":["https:\/\/sarmacjabedzin.pl\/wp-content\/uploads\/2018\/04\/SPARTA2018.jpg",270,162,false],"stm-760-450":["https:\/\/sarmacjabedzin.pl\/wp-content\/uploads\/2018\/04\/SPARTA2018.jpg",750,450,false]},"rttpg_author":{"display_name":"tyrtak","author_link":false},"rttpg_comment":0,"rttpg_category":"<a href=\"https:\/\/sarmacjabedzin.pl\/index.php\/category\/soccer\/\" rel=\"category tag\">Liga<\/a>","rttpg_excerpt":"Dzi\u015b 07.04.2018 o godz.17.00 pi\u0142karze Sarmacji B\u0119dzin w meczu o ligowe punkty zmierzyli si\u0119 na wyje\u017adzie z dru\u017cyn\u0105 Sparty Lubliniec.W rundzie jesiennej b\u0119dzinianie na w\u0142asnym stadionie odnie\u015bli g\u0142adkie zwyci\u0119stwo 3:0. Podopieczni trenera Sebastiana Stemplewskiego przyst\u0105pili do tego spotkania bez dw\u00f3ch podstawowych zawodnik\u00f3w pauzuj\u0105cych za kartki: J\u00f3zefa Misztala i Paw\u0142a Lesika. Pierwsza po\u0142owa w wykonaniu obu...","_links":{"self":[{"href":"https:\/\/sarmacjabedzin.pl\/index.php\/wp-json\/wp\/v2\/posts\/1167","targetHints":{"allow":["GET"]}}],"collection":[{"href":"https:\/\/sarmacjabedzin.pl\/index.php\/wp-json\/wp\/v2\/posts"}],"about":[{"href":"https:\/\/sarmacjabedzin.pl\/index.php\/wp-json\/wp\/v2\/types\/post"}],"author":[{"embeddable":true,"href":"https:\/\/sarmacjabedzin.pl\/index.php\/wp-json\/wp\/v2\/users\/1"}],"replies":[{"embeddable":true,"href":"https:\/\/sarmacjabedzin.pl\/index.php\/wp-json\/wp\/v2\/comments?post=1167"}],"version-history":[{"count":0,"href":"https:\/\/sarmacjabedzin.pl\/index.php\/wp-json\/wp\/v2\/posts\/1167\/revisions"}],"wp:featuredmedia":[{"embeddable":true,"href":"https:\/\/sarmacjabedzin.pl\/index.php\/wp-json\/wp\/v2\/media\/1166"}],"wp:attachment":[{"href":"https:\/\/sarmacjabedzin.pl\/index.php\/wp-json\/wp\/v2\/media?parent=1167"}],"wp:term":[{"taxonomy":"category","embeddable":true,"href":"https:\/\/sarmacjabedzin.pl\/index.php\/wp-json\/wp\/v2\/categories?post=1167"},{"taxonomy":"post_tag","embeddable":true,"href":"https:\/\/sarmacjabedzin.pl\/index.php\/wp-json\/wp\/v2\/tags?post=1167"}],"curies":[{"name":"wp","href":"https:\/\/api.w.org\/{rel}","templated":true}]}}