{"id":1179,"date":"2018-04-28T18:31:25","date_gmt":"2018-04-28T16:31:25","guid":{"rendered":"http:\/\/sarmacjabedzin.pl\/index.php\/2018\/04\/28\/porazka-z-polonia\/"},"modified":"2018-04-28T18:31:25","modified_gmt":"2018-04-28T16:31:25","slug":"porazka-z-polonia","status":"publish","type":"post","link":"https:\/\/sarmacjabedzin.pl\/index.php\/2018\/04\/28\/porazka-z-polonia\/","title":{"rendered":"Pora\u017cka z Poloni\u0105!"},"content":{"rendered":"<p style=\"margin-bottom: 0cm;\">Dzi\u015b 28.04.2018 roku o godz.17.00 pi\u0142karze Sarmacji B\u0119dzin kolejny raz zaprezentowali si\u0119 przed w\u0142asn\u0105 publiczno\u015bci\u0105 w meczu o ligowe punkty. Tym razem do kr\u00f3lewskiego miasta zawita\u0142a dru\u017cyna Polonii \u0141aziska G\u00f3rne.<br \/>W rundzie jesiennej b\u0119dzinianie zremisowali na wyje\u017adzie 1:1.<\/p>\n<p style=\"margin-bottom: 0cm;\">Po dw\u00f3ch zwyci\u0119stwach, bez straty gola podopieczni Sebastiana Stemplewskiego przyst\u0105pili do tego spotkania z nadziej\u0105 na kolejne 3 punkty.<\/p>\n<p style=\"margin-bottom: 0cm;\">Maj\u0105ca o jedno spotkanie mniej Sarmacja w\u0142a\u015bnie tyle punkt\u00f3w traci\u0142a do dzisiejszego rywala, kt\u00f3ry tu\u017c przed ni\u0105 zajmowa\u0142 5 lokat\u0119 w tabeli.<br \/>Pierwszy strza\u0142 na bramk\u0119 ju\u017c w 1 minucie oddali gospodarze.<\/p>\n<p style=\"margin-bottom: 0cm;\">Pi\u0142k\u0119 zza pola karnego uderzy\u0142 Tomasz Balul. Golkiper przyjezdnych bez trudu zdo\u0142a\u0142 j\u0105 z\u0142apa\u0107 w r\u0119kawice.<\/p>\n<p style=\"margin-bottom: 0cm;\">W 13 minucie przyjezdni r\u00f3wnie\u017c pr\u00f3bowali strza\u0142u z dystansu. Tym razem pi\u0142ka min\u0119\u0142a \u015bwiat\u0142o bramki b\u0119dzinian.<\/p>\n<p style=\"margin-bottom: 0cm;\">W 23 minucie ponownie \u0142aziszczanie pr\u00f3bowali swoich si\u0142 w polu karnym Sarmacji.<\/p>\n<p style=\"margin-bottom: 0cm;\">Tym razem strza\u0142 pi\u0142karza go\u015bci zdo\u0142a\u0142 wybi\u0107 przed siebie golkiper miejscowych Dariusz Maciejowski.<\/p>\n<p style=\"margin-bottom: 0cm;\">Przez kolejne minuty na boisku trwa\u0142a twarda i zaciek\u0142a walka, kt\u00f3ra rozgrywa\u0142a si\u0119 przewa\u017cnie w \u015brodkowej strefie boiska.<\/p>\n<p style=\"margin-bottom: 0cm;\">Do ko\u0144ca pierwszej po\u0142owy wynik spotkania nie uleg\u0142 ju\u017c zmianie i obie dru\u017cyny zesz\u0142y na przerw\u0119 przy bezbramkowym remisie.<\/p>\n<p style=\"margin-bottom: 0cm;\">W 56 minucie J\u00f3zef Misztal pos\u0142a\u0142 futbol\u00f3wk\u0119 wprost w bramkarza Polonii.<\/p>\n<p style=\"margin-bottom: 0cm;\">Niestety dwie minuty p\u00f3\u017aniej zaskakuj\u0105ce uderzenie zza pola karnego gospodarzy Dawida Kaszoka w samo okienko bramki przynios\u0142o decyduj\u0105c\u0105 bramk\u0119 dla przyjezdnych.<br \/>Po stracie gola Sarmaci maj\u0105cy jeszcze sporo czasu ruszyli do odrabiania strat.<br \/>Niestety w poczynaniach gospodarzy brakowa\u0142o spokoju i precyzji. <br \/>W 65 minucie silny strza\u0142 z okolicy 18 metra Dariusz Maciejowski zdo\u0142a\u0142 wybi\u0107 przed siebie.<\/p>\n<p style=\"margin-bottom: 0cm;\">W 69 minucie soczyste uderzenie Artura Nowaka trafi\u0142o jeszcze w obro\u0144c\u0119 rywala i pi\u0142ka wylecia\u0142a na rzut ro\u017cny.<\/p>\n<p style=\"margin-bottom: 0cm;\">W 83 minucie Sarmacja powinna remisowa\u0107.<\/p>\n<p style=\"margin-bottom: 0cm;\">Jednak przed strat\u0105 wyr\u00f3wnuj\u0105cej bramki uchroni\u0142 swoj\u0105 dru\u017cyn\u0119 golkiper \u0142aziszczan.<\/p>\n<p style=\"margin-bottom: 0cm;\">Pi\u0142k\u0119 wrzucon\u0105 w pole karne przez Rafa\u0142a J\u0119drzejczyka g\u0142ow\u0105 w kierunku bramki skierowa\u0142 Micha\u0142 Dyrda. \u015awietna interwencja bramkarza zapobieg\u0142a jednak pewnej utracie gola.<\/p>\n<p style=\"margin-bottom: 0cm;\">Atakuj\u0105cy Sarmaci nara\u017cali si\u0119 na szybkie kontry go\u015bci.<\/p>\n<p style=\"margin-bottom: 0cm;\">Po jednej z nich w 85 minucie mogli prowadzi\u0107 2:0.<\/p>\n<p style=\"margin-bottom: 0cm;\">Na szcz\u0119\u015bcie kapitalny wybieg Dariusza Maciejowskiego i wybicie pi\u0142ki spod n\u00f3g pi\u0142karza z \u0141azisk uchroni\u0142 nas przed bardzo gro\u017an\u0105 sytuacj\u0105.<\/p>\n<p style=\"margin-bottom: 0cm;\">Niestety brak\u0142o dzi\u015b jako\u015bci w grze ofensywnej naszej dru\u017cyny i Sarmacja B\u0119dzin na w\u0142asnym stadionie uleg\u0142a Polonii \u0141aziska G\u00f3rne 0:1 (0:0).<\/p>\n<p style=\"margin-bottom: 0cm;\">Dzi\u015b swoje 150 spotkanie ligowe w barwach naszego klubu rozegra\u0142 Bartosz Derlatka, kt\u00f3remu sk\u0142adamy gratulacje.<\/p>\n<p style=\"margin-bottom: 0cm;\">Ju\u017c w najbli\u017cszy wtorek podopiecznych trenera Sebastiana Stemplewskiego czeka wyjazd do Cz\u0119stochowy na spotkanie z rezerwami Rakowa.<\/p>\n<p style=\"margin-bottom: 0cm;\">\u00a0<\/p>\n<p style=\"margin-bottom: 0cm;\"><strong>Sarmacja B\u0119dzin &#8211; Polonia \u0141aziska G\u00f3rne 0:1 (0:0)<\/strong><\/p>\n<p style=\"margin-bottom: 0cm;\"><strong>Bramki:<\/strong><\/p>\n<p style=\"margin-bottom: 0cm;\">58&#8242; Kaszok<\/p>\n<p style=\"margin-bottom: 0cm;\">\u00a0<\/p>\n<p style=\"margin-bottom: 0cm;\"><strong>\u017b\u00f3\u0142te kartki:<\/strong><\/p>\n<p style=\"margin-bottom: 0cm;\">39&#8242; Balul<\/p>\n<p style=\"margin-bottom: 0cm;\">\u00a0<\/p>\n<p style=\"margin-bottom: 0cm;\"><strong>Sarmacja B\u0119dzin:<\/strong> Maciejowski, S\u0142ota (75&#8242; Makowski), Balul, Majka, Sroka, J\u0119drzejczyk, Dyrda, Derlatka, Misztal, Tyszczak (63&#8242; Zawadzki), Nowak<\/p>\n<p style=\"margin-bottom: 0cm; text-align: center;\">{gallery}polonia2018{\/gallery}<\/p>\n","protected":false},"excerpt":{"rendered":"<p>Dzi\u015b 28.04.2018 roku o godz.17.00 pi\u0142karze Sarmacji B\u0119dzin kolejny raz zaprezentowali si\u0119 przed w\u0142asn\u0105 publiczno\u015bci\u0105 w meczu o ligowe punkty. Tym razem do kr\u00f3lewskiego miasta zawita\u0142a dru\u017cyna Polonii \u0141aziska G\u00f3rne.W rundzie jesiennej b\u0119dzinianie zremisowali na wyje\u017adzie 1:1. Po dw\u00f3ch zwyci\u0119stwach, bez straty gola podopieczni Sebastiana Stemplewskiego przyst\u0105pili do tego spotkania z nadziej\u0105 na kolejne 3&#8230;<\/p>\n","protected":false},"author":1,"featured_media":1178,"comment_status":"open","ping_status":"open","sticky":false,"template":"","format":"standard","meta":{"footnotes":""},"categories":[64],"tags":[],"class_list":["post-1179","post","type-post","status-publish","format-standard","has-post-thumbnail","hentry","category-soccer"],"yoast_head":"<!-- This site is optimized with the Yoast SEO plugin v25.8 - https:\/\/yoast.com\/wordpress\/plugins\/seo\/ -->\n<title>Pora\u017cka z Poloni\u0105! | BKS Sarmacja B\u0119dzin<\/title>\n<meta name=\"robots\" content=\"index, follow, max-snippet:-1, max-image-preview:large, max-video-preview:-1\" \/>\n<link rel=\"canonical\" href=\"https:\/\/sarmacjabedzin.pl\/index.php\/2018\/04\/28\/porazka-z-polonia\/\" \/>\n<meta property=\"og:locale\" content=\"pl_PL\" \/>\n<meta property=\"og:type\" content=\"article\" \/>\n<meta property=\"og:title\" content=\"Pora\u017cka z Poloni\u0105! | BKS Sarmacja B\u0119dzin\" \/>\n<meta property=\"og:description\" content=\"Dzi\u015b 28.04.2018 roku o godz.17.00 pi\u0142karze Sarmacji B\u0119dzin kolejny raz zaprezentowali si\u0119 przed w\u0142asn\u0105 publiczno\u015bci\u0105 w meczu o ligowe punkty. Tym razem do kr\u00f3lewskiego miasta zawita\u0142a dru\u017cyna Polonii \u0141aziska G\u00f3rne.W rundzie jesiennej b\u0119dzinianie zremisowali na wyje\u017adzie 1:1. Po dw\u00f3ch zwyci\u0119stwach, bez straty gola podopieczni Sebastiana Stemplewskiego przyst\u0105pili do tego spotkania z nadziej\u0105 na kolejne 3...\" \/>\n<meta property=\"og:url\" content=\"https:\/\/sarmacjabedzin.pl\/index.php\/2018\/04\/28\/porazka-z-polonia\/\" \/>\n<meta property=\"og:site_name\" content=\"BKS Sarmacja B\u0119dzin\" \/>\n<meta property=\"article:publisher\" content=\"https:\/\/www.facebook.com\/SarmacjaBedzin\" \/>\n<meta property=\"article:published_time\" content=\"2018-04-28T16:31:25+00:00\" \/>\n<meta property=\"og:image\" content=\"https:\/\/sarmacjabedzin.pl\/wp-content\/uploads\/2018\/04\/polonia2018.jpg\" \/>\n\t<meta property=\"og:image:width\" content=\"1280\" \/>\n\t<meta property=\"og:image:height\" content=\"768\" \/>\n\t<meta property=\"og:image:type\" content=\"image\/jpeg\" \/>\n<meta name=\"author\" content=\"tyrtak\" \/>\n<meta name=\"twitter:card\" content=\"summary_large_image\" \/>\n<meta name=\"twitter:label1\" content=\"Napisane przez\" \/>\n\t<meta name=\"twitter:data1\" content=\"tyrtak\" \/>\n\t<meta name=\"twitter:label2\" content=\"Szacowany czas czytania\" \/>\n\t<meta name=\"twitter:data2\" content=\"3 minuty\" \/>\n<script type=\"application\/ld+json\" class=\"yoast-schema-graph\">{\"@context\":\"https:\/\/schema.org\",\"@graph\":[{\"@type\":\"WebPage\",\"@id\":\"https:\/\/sarmacjabedzin.pl\/index.php\/2018\/04\/28\/porazka-z-polonia\/\",\"url\":\"https:\/\/sarmacjabedzin.pl\/index.php\/2018\/04\/28\/porazka-z-polonia\/\",\"name\":\"Pora\u017cka z Poloni\u0105! | BKS Sarmacja B\u0119dzin\",\"isPartOf\":{\"@id\":\"https:\/\/sarmacjabedzin.pl\/#website\"},\"primaryImageOfPage\":{\"@id\":\"https:\/\/sarmacjabedzin.pl\/index.php\/2018\/04\/28\/porazka-z-polonia\/#primaryimage\"},\"image\":{\"@id\":\"https:\/\/sarmacjabedzin.pl\/index.php\/2018\/04\/28\/porazka-z-polonia\/#primaryimage\"},\"thumbnailUrl\":\"https:\/\/sarmacjabedzin.pl\/wp-content\/uploads\/2018\/04\/polonia2018.jpg\",\"datePublished\":\"2018-04-28T16:31:25+00:00\",\"author\":{\"@id\":\"https:\/\/sarmacjabedzin.pl\/#\/schema\/person\/5417ea7b03bcd9adf58298a2265ce03a\"},\"breadcrumb\":{\"@id\":\"https:\/\/sarmacjabedzin.pl\/index.php\/2018\/04\/28\/porazka-z-polonia\/#breadcrumb\"},\"inLanguage\":\"pl-PL\",\"potentialAction\":[{\"@type\":\"ReadAction\",\"target\":[\"https:\/\/sarmacjabedzin.pl\/index.php\/2018\/04\/28\/porazka-z-polonia\/\"]}]},{\"@type\":\"ImageObject\",\"inLanguage\":\"pl-PL\",\"@id\":\"https:\/\/sarmacjabedzin.pl\/index.php\/2018\/04\/28\/porazka-z-polonia\/#primaryimage\",\"url\":\"https:\/\/sarmacjabedzin.pl\/wp-content\/uploads\/2018\/04\/polonia2018.jpg\",\"contentUrl\":\"https:\/\/sarmacjabedzin.pl\/wp-content\/uploads\/2018\/04\/polonia2018.jpg\",\"width\":1280,\"height\":768},{\"@type\":\"BreadcrumbList\",\"@id\":\"https:\/\/sarmacjabedzin.pl\/index.php\/2018\/04\/28\/porazka-z-polonia\/#breadcrumb\",\"itemListElement\":[{\"@type\":\"ListItem\",\"position\":1,\"name\":\"Strona g\u0142\u00f3wna\",\"item\":\"https:\/\/sarmacjabedzin.pl\/\"},{\"@type\":\"ListItem\",\"position\":2,\"name\":\"Pora\u017cka z Poloni\u0105!\"}]},{\"@type\":\"WebSite\",\"@id\":\"https:\/\/sarmacjabedzin.pl\/#website\",\"url\":\"https:\/\/sarmacjabedzin.pl\/\",\"name\":\"BKS Sarmacja B\u0119dzin \u2013 Nieoficjalny serwis\",\"description\":\"Nieoficjalny serwis B\u0119dzi\u0144skiego Klubu Sportowego &quot;Sarmacja&quot;\",\"potentialAction\":[{\"@type\":\"SearchAction\",\"target\":{\"@type\":\"EntryPoint\",\"urlTemplate\":\"https:\/\/sarmacjabedzin.pl\/?s={search_term_string}\"},\"query-input\":{\"@type\":\"PropertyValueSpecification\",\"valueRequired\":true,\"valueName\":\"search_term_string\"}}],\"inLanguage\":\"pl-PL\"},{\"@type\":\"Person\",\"@id\":\"https:\/\/sarmacjabedzin.pl\/#\/schema\/person\/5417ea7b03bcd9adf58298a2265ce03a\",\"name\":\"tyrtak\",\"image\":{\"@type\":\"ImageObject\",\"inLanguage\":\"pl-PL\",\"@id\":\"https:\/\/sarmacjabedzin.pl\/#\/schema\/person\/image\/\",\"url\":\"https:\/\/secure.gravatar.com\/avatar\/49b7734c6795cf524710e96813a9fedc1ae3816e479d92490236b4cfc47a5ae1?s=96&d=mm&r=g\",\"contentUrl\":\"https:\/\/secure.gravatar.com\/avatar\/49b7734c6795cf524710e96813a9fedc1ae3816e479d92490236b4cfc47a5ae1?s=96&d=mm&r=g\",\"caption\":\"tyrtak\"}}]}<\/script>\n<!-- \/ Yoast SEO plugin. -->","yoast_head_json":{"title":"Pora\u017cka z Poloni\u0105! | BKS Sarmacja B\u0119dzin","robots":{"index":"index","follow":"follow","max-snippet":"max-snippet:-1","max-image-preview":"max-image-preview:large","max-video-preview":"max-video-preview:-1"},"canonical":"https:\/\/sarmacjabedzin.pl\/index.php\/2018\/04\/28\/porazka-z-polonia\/","og_locale":"pl_PL","og_type":"article","og_title":"Pora\u017cka z Poloni\u0105! | BKS Sarmacja B\u0119dzin","og_description":"Dzi\u015b 28.04.2018 roku o godz.17.00 pi\u0142karze Sarmacji B\u0119dzin kolejny raz zaprezentowali si\u0119 przed w\u0142asn\u0105 publiczno\u015bci\u0105 w meczu o ligowe punkty. Tym razem do kr\u00f3lewskiego miasta zawita\u0142a dru\u017cyna Polonii \u0141aziska G\u00f3rne.W rundzie jesiennej b\u0119dzinianie zremisowali na wyje\u017adzie 1:1. Po dw\u00f3ch zwyci\u0119stwach, bez straty gola podopieczni Sebastiana Stemplewskiego przyst\u0105pili do tego spotkania z nadziej\u0105 na kolejne 3...","og_url":"https:\/\/sarmacjabedzin.pl\/index.php\/2018\/04\/28\/porazka-z-polonia\/","og_site_name":"BKS Sarmacja B\u0119dzin","article_publisher":"https:\/\/www.facebook.com\/SarmacjaBedzin","article_published_time":"2018-04-28T16:31:25+00:00","og_image":[{"width":1280,"height":768,"url":"https:\/\/sarmacjabedzin.pl\/wp-content\/uploads\/2018\/04\/polonia2018.jpg","type":"image\/jpeg"}],"author":"tyrtak","twitter_card":"summary_large_image","twitter_misc":{"Napisane przez":"tyrtak","Szacowany czas czytania":"3 minuty"},"schema":{"@context":"https:\/\/schema.org","@graph":[{"@type":"WebPage","@id":"https:\/\/sarmacjabedzin.pl\/index.php\/2018\/04\/28\/porazka-z-polonia\/","url":"https:\/\/sarmacjabedzin.pl\/index.php\/2018\/04\/28\/porazka-z-polonia\/","name":"Pora\u017cka z Poloni\u0105! | BKS Sarmacja B\u0119dzin","isPartOf":{"@id":"https:\/\/sarmacjabedzin.pl\/#website"},"primaryImageOfPage":{"@id":"https:\/\/sarmacjabedzin.pl\/index.php\/2018\/04\/28\/porazka-z-polonia\/#primaryimage"},"image":{"@id":"https:\/\/sarmacjabedzin.pl\/index.php\/2018\/04\/28\/porazka-z-polonia\/#primaryimage"},"thumbnailUrl":"https:\/\/sarmacjabedzin.pl\/wp-content\/uploads\/2018\/04\/polonia2018.jpg","datePublished":"2018-04-28T16:31:25+00:00","author":{"@id":"https:\/\/sarmacjabedzin.pl\/#\/schema\/person\/5417ea7b03bcd9adf58298a2265ce03a"},"breadcrumb":{"@id":"https:\/\/sarmacjabedzin.pl\/index.php\/2018\/04\/28\/porazka-z-polonia\/#breadcrumb"},"inLanguage":"pl-PL","potentialAction":[{"@type":"ReadAction","target":["https:\/\/sarmacjabedzin.pl\/index.php\/2018\/04\/28\/porazka-z-polonia\/"]}]},{"@type":"ImageObject","inLanguage":"pl-PL","@id":"https:\/\/sarmacjabedzin.pl\/index.php\/2018\/04\/28\/porazka-z-polonia\/#primaryimage","url":"https:\/\/sarmacjabedzin.pl\/wp-content\/uploads\/2018\/04\/polonia2018.jpg","contentUrl":"https:\/\/sarmacjabedzin.pl\/wp-content\/uploads\/2018\/04\/polonia2018.jpg","width":1280,"height":768},{"@type":"BreadcrumbList","@id":"https:\/\/sarmacjabedzin.pl\/index.php\/2018\/04\/28\/porazka-z-polonia\/#breadcrumb","itemListElement":[{"@type":"ListItem","position":1,"name":"Strona g\u0142\u00f3wna","item":"https:\/\/sarmacjabedzin.pl\/"},{"@type":"ListItem","position":2,"name":"Pora\u017cka z Poloni\u0105!"}]},{"@type":"WebSite","@id":"https:\/\/sarmacjabedzin.pl\/#website","url":"https:\/\/sarmacjabedzin.pl\/","name":"BKS Sarmacja B\u0119dzin \u2013 Nieoficjalny serwis","description":"Nieoficjalny serwis B\u0119dzi\u0144skiego Klubu Sportowego &quot;Sarmacja&quot;","potentialAction":[{"@type":"SearchAction","target":{"@type":"EntryPoint","urlTemplate":"https:\/\/sarmacjabedzin.pl\/?s={search_term_string}"},"query-input":{"@type":"PropertyValueSpecification","valueRequired":true,"valueName":"search_term_string"}}],"inLanguage":"pl-PL"},{"@type":"Person","@id":"https:\/\/sarmacjabedzin.pl\/#\/schema\/person\/5417ea7b03bcd9adf58298a2265ce03a","name":"tyrtak","image":{"@type":"ImageObject","inLanguage":"pl-PL","@id":"https:\/\/sarmacjabedzin.pl\/#\/schema\/person\/image\/","url":"https:\/\/secure.gravatar.com\/avatar\/49b7734c6795cf524710e96813a9fedc1ae3816e479d92490236b4cfc47a5ae1?s=96&d=mm&r=g","contentUrl":"https:\/\/secure.gravatar.com\/avatar\/49b7734c6795cf524710e96813a9fedc1ae3816e479d92490236b4cfc47a5ae1?s=96&d=mm&r=g","caption":"tyrtak"}}]}},"rttpg_featured_image_url":{"full":["https:\/\/sarmacjabedzin.pl\/wp-content\/uploads\/2018\/04\/polonia2018.jpg",1280,768,false],"landscape":["https:\/\/sarmacjabedzin.pl\/wp-content\/uploads\/2018\/04\/polonia2018.jpg",1280,768,false],"portraits":["https:\/\/sarmacjabedzin.pl\/wp-content\/uploads\/2018\/04\/polonia2018.jpg",1280,768,false],"thumbnail":["https:\/\/sarmacjabedzin.pl\/wp-content\/uploads\/2018\/04\/polonia2018-150x150.jpg",150,150,true],"medium":["https:\/\/sarmacjabedzin.pl\/wp-content\/uploads\/2018\/04\/polonia2018-300x180.jpg",300,180,true],"large":["https:\/\/sarmacjabedzin.pl\/wp-content\/uploads\/2018\/04\/polonia2018-1024x614.jpg",1024,614,true],"1536x1536":["https:\/\/sarmacjabedzin.pl\/wp-content\/uploads\/2018\/04\/polonia2018.jpg",1280,768,false],"2048x2048":["https:\/\/sarmacjabedzin.pl\/wp-content\/uploads\/2018\/04\/polonia2018.jpg",1280,768,false],"sportspress-crop-medium":["https:\/\/sarmacjabedzin.pl\/wp-content\/uploads\/2018\/04\/polonia2018-300x300.jpg",300,300,true],"sportspress-fit-medium":["https:\/\/sarmacjabedzin.pl\/wp-content\/uploads\/2018\/04\/polonia2018-300x180.jpg",300,180,true],"sportspress-fit-icon":["https:\/\/sarmacjabedzin.pl\/wp-content\/uploads\/2018\/04\/polonia2018-128x77.jpg",128,77,true],"sportspress-fit-mini":["https:\/\/sarmacjabedzin.pl\/wp-content\/uploads\/2018\/04\/polonia2018-32x19.jpg",32,19,true],"ultp_layout_landscape_large":["https:\/\/sarmacjabedzin.pl\/wp-content\/uploads\/2018\/04\/polonia2018.jpg",1200,720,false],"ultp_layout_landscape":["https:\/\/sarmacjabedzin.pl\/wp-content\/uploads\/2018\/04\/polonia2018.jpg",870,522,false],"ultp_layout_portrait":["https:\/\/sarmacjabedzin.pl\/wp-content\/uploads\/2018\/04\/polonia2018.jpg",600,360,false],"ultp_layout_square":["https:\/\/sarmacjabedzin.pl\/wp-content\/uploads\/2018\/04\/polonia2018.jpg",600,360,false],"stm-1140-666":["https:\/\/sarmacjabedzin.pl\/wp-content\/uploads\/2018\/04\/polonia2018-1140x666.jpg",1140,666,true],"stm-1170-650":["https:\/\/sarmacjabedzin.pl\/wp-content\/uploads\/2018\/04\/polonia2018-1170x650.jpg",1170,650,true],"stm-570-350":["https:\/\/sarmacjabedzin.pl\/wp-content\/uploads\/2018\/04\/polonia2018-570x350.jpg",570,350,true],"stm-570-250":["https:\/\/sarmacjabedzin.pl\/wp-content\/uploads\/2018\/04\/polonia2018-570x250.jpg",570,250,true],"stm-270-370":["https:\/\/sarmacjabedzin.pl\/wp-content\/uploads\/2018\/04\/polonia2018-270x370.jpg",270,370,true],"stm-540-500":["https:\/\/sarmacjabedzin.pl\/wp-content\/uploads\/2018\/04\/polonia2018-540x500.jpg",540,500,true],"stm-270-530":["https:\/\/sarmacjabedzin.pl\/wp-content\/uploads\/2018\/04\/polonia2018-270x530.jpg",270,530,true],"stm-200-200":["https:\/\/sarmacjabedzin.pl\/wp-content\/uploads\/2018\/04\/polonia2018-200x200.jpg",200,200,true],"stm-85-105":["https:\/\/sarmacjabedzin.pl\/wp-content\/uploads\/2018\/04\/polonia2018-85x105.jpg",85,105,true],"stm-255-255":["https:\/\/sarmacjabedzin.pl\/wp-content\/uploads\/2018\/04\/polonia2018-255x255.jpg",255,255,true],"stm-360-240":["https:\/\/sarmacjabedzin.pl\/wp-content\/uploads\/2018\/04\/polonia2018-360x240.jpg",360,240,true],"stm-360-495":["https:\/\/sarmacjabedzin.pl\/wp-content\/uploads\/2018\/04\/polonia2018-360x495.jpg",360,495,true],"stm-445-400":["https:\/\/sarmacjabedzin.pl\/wp-content\/uploads\/2018\/04\/polonia2018-445x400.jpg",445,400,true],"stm-735-240":["https:\/\/sarmacjabedzin.pl\/wp-content\/uploads\/2018\/04\/polonia2018-735x240.jpg",735,240,true],"stm-255-183":["https:\/\/sarmacjabedzin.pl\/wp-content\/uploads\/2018\/04\/polonia2018-255x183.jpg",255,183,true],"stm-350-250":["https:\/\/sarmacjabedzin.pl\/wp-content\/uploads\/2018\/04\/polonia2018-350x250.jpg",350,250,true],"blog_list":["https:\/\/sarmacjabedzin.pl\/wp-content\/uploads\/2018\/04\/polonia2018-270x220.jpg",270,220,true],"blog_list_medium":["https:\/\/sarmacjabedzin.pl\/wp-content\/uploads\/2018\/04\/polonia2018-390x345.jpg",390,345,true],"gallery_thumbnail":["https:\/\/sarmacjabedzin.pl\/wp-content\/uploads\/2018\/04\/polonia2018-80x80.jpg",80,80,true],"gallery_image":["https:\/\/sarmacjabedzin.pl\/wp-content\/uploads\/2018\/04\/polonia2018-560x367.jpg",560,367,true],"gallery_image_mini":["https:\/\/sarmacjabedzin.pl\/wp-content\/uploads\/2018\/04\/polonia2018-143x116.jpg",143,116,true],"player_photo":["https:\/\/sarmacjabedzin.pl\/wp-content\/uploads\/2018\/04\/polonia2018-740x740.jpg",740,740,true],"team_logo":["https:\/\/sarmacjabedzin.pl\/wp-content\/uploads\/2018\/04\/polonia2018-98x59.jpg",98,59,true],"player_stat_ava":["https:\/\/sarmacjabedzin.pl\/wp-content\/uploads\/2018\/04\/polonia2018-550x580.jpg",550,580,true],"post-350-220":["https:\/\/sarmacjabedzin.pl\/wp-content\/uploads\/2018\/04\/polonia2018-350x220.jpg",350,220,true],"post-275-142":["https:\/\/sarmacjabedzin.pl\/wp-content\/uploads\/2018\/04\/polonia2018-275x142.jpg",275,142,true],"post-160-120":["https:\/\/sarmacjabedzin.pl\/wp-content\/uploads\/2018\/04\/polonia2018-160x120.jpg",160,120,true],"post-110-70":["https:\/\/sarmacjabedzin.pl\/wp-content\/uploads\/2018\/04\/polonia2018-110x70.jpg",110,70,true],"post-770-450":["https:\/\/sarmacjabedzin.pl\/wp-content\/uploads\/2018\/04\/polonia2018-770x450.jpg",770,450,true],"post-370-210":["https:\/\/sarmacjabedzin.pl\/wp-content\/uploads\/2018\/04\/polonia2018-370x210.jpg",370,210,true],"post-457-470":["https:\/\/sarmacjabedzin.pl\/wp-content\/uploads\/2018\/04\/polonia2018-457x470.jpg",457,470,true],"post-370-420":["https:\/\/sarmacjabedzin.pl\/wp-content\/uploads\/2018\/04\/polonia2018-370x420.jpg",370,420,true],"stm-445-445":["https:\/\/sarmacjabedzin.pl\/wp-content\/uploads\/2018\/04\/polonia2018-445x445.jpg",445,445,true],"stm-555-460":["https:\/\/sarmacjabedzin.pl\/wp-content\/uploads\/2018\/04\/polonia2018-555x460.jpg",555,460,true],"stm-350-450":["https:\/\/sarmacjabedzin.pl\/wp-content\/uploads\/2018\/04\/polonia2018-350x450.jpg",350,450,true],"stm-720-440":["https:\/\/sarmacjabedzin.pl\/wp-content\/uploads\/2018\/04\/polonia2018-720x440.jpg",720,440,true],"stm-270-270":["https:\/\/sarmacjabedzin.pl\/wp-content\/uploads\/2018\/04\/polonia2018.jpg",270,162,false],"stm-760-450":["https:\/\/sarmacjabedzin.pl\/wp-content\/uploads\/2018\/04\/polonia2018.jpg",750,450,false]},"rttpg_author":{"display_name":"tyrtak","author_link":false},"rttpg_comment":0,"rttpg_category":"<a href=\"https:\/\/sarmacjabedzin.pl\/index.php\/category\/soccer\/\" rel=\"category tag\">Liga<\/a>","rttpg_excerpt":"Dzi\u015b 28.04.2018 roku o godz.17.00 pi\u0142karze Sarmacji B\u0119dzin kolejny raz zaprezentowali si\u0119 przed w\u0142asn\u0105 publiczno\u015bci\u0105 w meczu o ligowe punkty. Tym razem do kr\u00f3lewskiego miasta zawita\u0142a dru\u017cyna Polonii \u0141aziska G\u00f3rne.W rundzie jesiennej b\u0119dzinianie zremisowali na wyje\u017adzie 1:1. Po dw\u00f3ch zwyci\u0119stwach, bez straty gola podopieczni Sebastiana Stemplewskiego przyst\u0105pili do tego spotkania z nadziej\u0105 na kolejne 3...","_links":{"self":[{"href":"https:\/\/sarmacjabedzin.pl\/index.php\/wp-json\/wp\/v2\/posts\/1179","targetHints":{"allow":["GET"]}}],"collection":[{"href":"https:\/\/sarmacjabedzin.pl\/index.php\/wp-json\/wp\/v2\/posts"}],"about":[{"href":"https:\/\/sarmacjabedzin.pl\/index.php\/wp-json\/wp\/v2\/types\/post"}],"author":[{"embeddable":true,"href":"https:\/\/sarmacjabedzin.pl\/index.php\/wp-json\/wp\/v2\/users\/1"}],"replies":[{"embeddable":true,"href":"https:\/\/sarmacjabedzin.pl\/index.php\/wp-json\/wp\/v2\/comments?post=1179"}],"version-history":[{"count":0,"href":"https:\/\/sarmacjabedzin.pl\/index.php\/wp-json\/wp\/v2\/posts\/1179\/revisions"}],"wp:featuredmedia":[{"embeddable":true,"href":"https:\/\/sarmacjabedzin.pl\/index.php\/wp-json\/wp\/v2\/media\/1178"}],"wp:attachment":[{"href":"https:\/\/sarmacjabedzin.pl\/index.php\/wp-json\/wp\/v2\/media?parent=1179"}],"wp:term":[{"taxonomy":"category","embeddable":true,"href":"https:\/\/sarmacjabedzin.pl\/index.php\/wp-json\/wp\/v2\/categories?post=1179"},{"taxonomy":"post_tag","embeddable":true,"href":"https:\/\/sarmacjabedzin.pl\/index.php\/wp-json\/wp\/v2\/tags?post=1179"}],"curies":[{"name":"wp","href":"https:\/\/api.w.org\/{rel}","templated":true}]}}