{"id":1181,"date":"2018-05-01T11:43:44","date_gmt":"2018-05-01T09:43:44","guid":{"rendered":"http:\/\/sarmacjabedzin.pl\/index.php\/2018\/05\/01\/remis-w-czestochowie\/"},"modified":"2018-05-01T11:43:44","modified_gmt":"2018-05-01T09:43:44","slug":"remis-w-czestochowie","status":"publish","type":"post","link":"https:\/\/sarmacjabedzin.pl\/index.php\/2018\/05\/01\/remis-w-czestochowie\/","title":{"rendered":"Remis w Cz\u0119stochowie!"},"content":{"rendered":"<p style=\"margin-bottom: 0cm;\">Dzi\u015b 1.05.2018 roku o godz.11.00 pi\u0142karze Sarmacji B\u0119dzin rozegrali wyjazdowe spotkanie o ligowe punkty z dru\u017cyn\u0105 rezerw Rakowa Cz\u0119stochowa. Po ostatniej pora\u017cce b\u0119dzinian z Poloni\u0105 \u0141aziska G\u00f3rne sytuacja w ekipie go\u015bci zdecydowanie si\u0119 pogorszy\u0142a. <br \/>Kolejna strata punkt\u00f3w w dzisiejszym meczu mog\u0142a spowodowa\u0107 dalszy spadek w ligowej tabeli.<br \/>W rundzie jesiennej Sarmacja na w\u0142asnym stadionie rozgromi\u0142a cz\u0119stochowian 8:1.<\/p>\n<p style=\"margin-bottom: 0cm;\">W 5 minucie gospodarze przeprowadzili szybk\u0105 kontr\u0119, po kt\u00f3rej dw\u00f3ch zawodnik\u00f3w Rakowa wysz\u0142o na pozycje sam na sam z bramkarzem. Tylko \u015bwietna interwencja Dariusz Maciejowskiego, kt\u00f3ry zdo\u0142a\u0142 wyekspediowa\u0107 pi\u0142k\u0119 na rzut ro\u017cny zapobieg\u0142a utracie gola.<\/p>\n<p style=\"margin-bottom: 0cm;\">Niestety nic to nie da\u0142o, gdy\u017c tu\u017c po kornerze miejscowi obj\u0119li prowadzenie 1:0.<\/p>\n<p style=\"margin-bottom: 0cm;\">Pi\u0142k\u0119 wrzucon\u0105 w pole karne b\u0119dzinian g\u0142ow\u0105 do siatki skierowa\u0142 Kamil Ko\u015bcielny.<\/p>\n<p style=\"margin-bottom: 0cm;\">W 16 minucie Adrian S\u0142ota przejmuj\u0105c pi\u0142k\u0119 w \u015brodkowej strefie boiska mijaj\u0105c obro\u0144c\u00f3w pogna\u0142 z ni\u0105 pod bramk\u0119 rywala. Niestety wpadaj\u0105c w pole karne odda\u0142 niecelny strza\u0142.<\/p>\n<p style=\"margin-bottom: 0cm;\">Z ka\u017cd\u0105 minut\u0105 przewaga b\u0119dzinian wzrasta\u0142a. <br \/>Mimo wielu znakomitych okazji wynik nie ulega\u0142 zmianie.<\/p>\n<p style=\"margin-bottom: 0cm;\">W 32 minucie Micha\u0142 Dyrda wbiegaj\u0105c z prawej strony w pole karne cz\u0119stochowian odda\u0142 strza\u0142 wprost w golkipera miejscowych.<\/p>\n<p style=\"margin-bottom: 0cm;\">W 35 minucie biegn\u0105cy lew\u0105 stron\u0105 boiska kapitan naszej dru\u017cyny J\u00f3zef Misztal zagra\u0142 futbol\u00f3wk\u0119 do znajduj\u0105cego si\u0119 tu\u017c przed bramk\u0105 rywala Artura Nowaka.<\/p>\n<p style=\"margin-bottom: 0cm;\">Ten zamiast doko\u0144czy\u0107 formalno\u015bci, kieruj\u0105c pi\u0142k\u0119 z bliskiej odleg\u0142o\u015bci do siatki gospodarzy przewr\u00f3ci\u0142 si\u0119 przy pr\u00f3bie jej przej\u0119cia.<\/p>\n<p style=\"margin-bottom: 0cm;\">W 40 minucie rozp\u0119dzony Rafa\u0142 J\u0119drzejczyk zagra\u0142 futbol\u00f3wk\u0119 w pole karne rywala wprost pod nogi nadbiegaj\u0105cego J\u00f3zefa Misztala. Niestety i ten do\u015bwiadczony zawodnik nie zdo\u0142a\u0142 pokona\u0107 golkipera cz\u0119stochowian oddaj\u0105c strza\u0142 wprost w niego.<\/p>\n<p style=\"margin-bottom: 0cm;\">Mimo sporej przewagi b\u0119dzinian wynik do przerwy by\u0142 dla nich bardzo niekorzystny.<\/p>\n<p style=\"margin-bottom: 0cm;\">Schodzili bowiem do szatni przegrywaj\u0105c niespodziewanie 0:1.<\/p>\n<p style=\"margin-bottom: 0cm;\">W drugiej po\u0142owie Sarmacja wci\u0105\u017c szuka\u0142a okazji na zdobycie wyr\u00f3wnania.<\/p>\n<p style=\"margin-bottom: 0cm;\">W 71 minucie biegn\u0105cy prawym skrzyd\u0142em Rafa\u0142 J\u0119drzejczyk pos\u0142a\u0142 pi\u0142k\u0119 do Alexa Tyszczaka.<\/p>\n<p style=\"margin-bottom: 0cm;\">Ten popisa\u0142 si\u0119 jednak strza\u0142em obok bramki.<br \/>14 minut po swoim wej\u015bciu na boisko Piotr Makowski zrobi\u0142 wreszcie to, co nie udawa\u0142o si\u0119 wcze\u015bniej jego kolegom.<\/p>\n<p style=\"margin-bottom: 0cm;\">W 71 minucie z okolicy 10 metra od bramki rywala zdoby\u0142 wyr\u00f3wnuj\u0105cego gola po asy\u015bcie J\u00f3zefa Misztala.<\/p>\n<p style=\"margin-bottom: 0cm;\">W 85 minucie wrzutk\u0119 w pole karne cz\u0119stochowian g\u0142ow\u0105 do Rafa\u0142a J\u0119drzejczyka zgra\u0142 strzelec wyr\u00f3wnuj\u0105cego gola Piotr Makowski. <br \/>Zamykaj\u0105cy akcj\u0119 na drugim s\u0142upku popularny \u201eJoka\u201d z bliskiej odleg\u0142o\u015bci pos\u0142a\u0142 pi\u0142k\u0119 nad poprzeczk\u0105 bramki gospodarzy.<\/p>\n<p style=\"margin-bottom: 0cm;\">Ostatecznie mimo sporej przewagi Sarmacja zaledwie zremisowa\u0142a z dru\u017cyn\u0105 rezerw Rakowa Cz\u0119stochowa 1:1 (0:1).<\/p>\n<p style=\"margin-bottom: 0cm;\">Kolejny raz fatalna skuteczno\u015b\u0107 naszych pi\u0142karzy zadecydowa\u0142a o takim, a nie innym wyniku.<\/p>\n<p style=\"margin-bottom: 0cm;\">W dzisiejszym spotkaniu nie wyst\u0105pi\u0142 Tomasz Balul pauzuj\u0105cy za karki.<\/p>\n<p style=\"margin-bottom: 0cm;\">Ju\u017c w najbli\u017csz\u0105 sobot\u0119 na w\u0142asnym stadionie podopiecznych trenera Sebastiana Stemplewskiego czeka arcywa\u017cne spotkanie \u201eDerb\u00f3w B\u0119dzina\u201d z RKS Grodziec.<br \/>Mamy nadziej\u0119, \u017ce pi\u0142karze mimo s\u0142abszej formy wybiegn\u0105 na boisko w pe\u0142ni zdeterminowani w walce o zwyci\u0119stwo.<\/p>\n<p style=\"margin-bottom: 0cm;\">\u00a0<\/p>\n<p style=\"margin-bottom: 0cm;\"><strong>Rak\u00f3w II Cz\u0119stochowa \u2013 Sarmacja B\u0119dzin 1:1 (1:0)<\/strong><\/p>\n<p style=\"margin-bottom: 0cm;\"><strong>Bramki:<\/strong><\/p>\n<p style=\"margin-bottom: 0cm;\">75&#8242; Makowski<\/p>\n<p style=\"margin-bottom: 0cm;\">_______________<\/p>\n<p style=\"margin-bottom: 0cm;\">6&#8242; Ko\u015bcielny<\/p>\n<p style=\"margin-bottom: 0cm;\">\u00a0<\/p>\n<p style=\"margin-bottom: 0cm;\"><strong>\u017b\u00f3\u0142te kartki:<\/strong><\/p>\n<p style=\"margin-bottom: 0cm;\">90&#8242; Tyszczak<\/p>\n<p style=\"margin-bottom: 0cm;\">\u00a0<\/p>\n<p style=\"margin-bottom: 0cm;\"><strong>Sarmacja B\u0119dzin:<\/strong> Maciejowski \u2013 S\u0142ota, Wandzik, Majka, Sroka, J\u0119drzejczyk, Dyrda (84&#8242; Gruszka), Derlatka (68&#8242; Tyszczak), Misztal, Nowak (61&#8242; Makowski), Zawadzki<\/p>\n<p>\u00a0<\/p>\n","protected":false},"excerpt":{"rendered":"<p>Dzi\u015b 1.05.2018 roku o godz.11.00 pi\u0142karze Sarmacji B\u0119dzin rozegrali wyjazdowe spotkanie o ligowe punkty z dru\u017cyn\u0105 rezerw Rakowa Cz\u0119stochowa. Po ostatniej pora\u017cce b\u0119dzinian z Poloni\u0105 \u0141aziska G\u00f3rne sytuacja w ekipie go\u015bci zdecydowanie si\u0119 pogorszy\u0142a. Kolejna strata punkt\u00f3w w dzisiejszym meczu mog\u0142a spowodowa\u0107 dalszy spadek w ligowej tabeli.W rundzie jesiennej Sarmacja na w\u0142asnym stadionie rozgromi\u0142a cz\u0119stochowian&#8230;<\/p>\n","protected":false},"author":1,"featured_media":1180,"comment_status":"open","ping_status":"open","sticky":false,"template":"","format":"standard","meta":{"footnotes":""},"categories":[64],"tags":[],"class_list":["post-1181","post","type-post","status-publish","format-standard","has-post-thumbnail","hentry","category-soccer"],"yoast_head":"<!-- This site is optimized with the Yoast SEO plugin v25.8 - https:\/\/yoast.com\/wordpress\/plugins\/seo\/ -->\n<title>Remis w Cz\u0119stochowie! | BKS Sarmacja B\u0119dzin<\/title>\n<meta name=\"robots\" content=\"index, follow, max-snippet:-1, max-image-preview:large, max-video-preview:-1\" \/>\n<link rel=\"canonical\" href=\"https:\/\/sarmacjabedzin.pl\/index.php\/2018\/05\/01\/remis-w-czestochowie\/\" \/>\n<meta property=\"og:locale\" content=\"pl_PL\" \/>\n<meta property=\"og:type\" content=\"article\" \/>\n<meta property=\"og:title\" content=\"Remis w Cz\u0119stochowie! | BKS Sarmacja B\u0119dzin\" \/>\n<meta property=\"og:description\" content=\"Dzi\u015b 1.05.2018 roku o godz.11.00 pi\u0142karze Sarmacji B\u0119dzin rozegrali wyjazdowe spotkanie o ligowe punkty z dru\u017cyn\u0105 rezerw Rakowa Cz\u0119stochowa. Po ostatniej pora\u017cce b\u0119dzinian z Poloni\u0105 \u0141aziska G\u00f3rne sytuacja w ekipie go\u015bci zdecydowanie si\u0119 pogorszy\u0142a. Kolejna strata punkt\u00f3w w dzisiejszym meczu mog\u0142a spowodowa\u0107 dalszy spadek w ligowej tabeli.W rundzie jesiennej Sarmacja na w\u0142asnym stadionie rozgromi\u0142a cz\u0119stochowian...\" \/>\n<meta property=\"og:url\" content=\"https:\/\/sarmacjabedzin.pl\/index.php\/2018\/05\/01\/remis-w-czestochowie\/\" \/>\n<meta property=\"og:site_name\" content=\"BKS Sarmacja B\u0119dzin\" \/>\n<meta property=\"article:publisher\" content=\"https:\/\/www.facebook.com\/SarmacjaBedzin\" \/>\n<meta property=\"article:published_time\" content=\"2018-05-01T09:43:44+00:00\" \/>\n<meta property=\"og:image\" content=\"https:\/\/sarmacjabedzin.pl\/wp-content\/uploads\/2018\/05\/rakow2018.jpg\" \/>\n\t<meta property=\"og:image:width\" content=\"1280\" \/>\n\t<meta property=\"og:image:height\" content=\"768\" \/>\n\t<meta property=\"og:image:type\" content=\"image\/jpeg\" \/>\n<meta name=\"author\" content=\"tyrtak\" \/>\n<meta name=\"twitter:card\" content=\"summary_large_image\" \/>\n<meta name=\"twitter:label1\" content=\"Napisane przez\" \/>\n\t<meta name=\"twitter:data1\" content=\"tyrtak\" \/>\n\t<meta name=\"twitter:label2\" content=\"Szacowany czas czytania\" \/>\n\t<meta name=\"twitter:data2\" content=\"3 minuty\" \/>\n<script type=\"application\/ld+json\" class=\"yoast-schema-graph\">{\"@context\":\"https:\/\/schema.org\",\"@graph\":[{\"@type\":\"WebPage\",\"@id\":\"https:\/\/sarmacjabedzin.pl\/index.php\/2018\/05\/01\/remis-w-czestochowie\/\",\"url\":\"https:\/\/sarmacjabedzin.pl\/index.php\/2018\/05\/01\/remis-w-czestochowie\/\",\"name\":\"Remis w Cz\u0119stochowie! | BKS Sarmacja B\u0119dzin\",\"isPartOf\":{\"@id\":\"https:\/\/sarmacjabedzin.pl\/#website\"},\"primaryImageOfPage\":{\"@id\":\"https:\/\/sarmacjabedzin.pl\/index.php\/2018\/05\/01\/remis-w-czestochowie\/#primaryimage\"},\"image\":{\"@id\":\"https:\/\/sarmacjabedzin.pl\/index.php\/2018\/05\/01\/remis-w-czestochowie\/#primaryimage\"},\"thumbnailUrl\":\"https:\/\/sarmacjabedzin.pl\/wp-content\/uploads\/2018\/05\/rakow2018.jpg\",\"datePublished\":\"2018-05-01T09:43:44+00:00\",\"author\":{\"@id\":\"https:\/\/sarmacjabedzin.pl\/#\/schema\/person\/5417ea7b03bcd9adf58298a2265ce03a\"},\"breadcrumb\":{\"@id\":\"https:\/\/sarmacjabedzin.pl\/index.php\/2018\/05\/01\/remis-w-czestochowie\/#breadcrumb\"},\"inLanguage\":\"pl-PL\",\"potentialAction\":[{\"@type\":\"ReadAction\",\"target\":[\"https:\/\/sarmacjabedzin.pl\/index.php\/2018\/05\/01\/remis-w-czestochowie\/\"]}]},{\"@type\":\"ImageObject\",\"inLanguage\":\"pl-PL\",\"@id\":\"https:\/\/sarmacjabedzin.pl\/index.php\/2018\/05\/01\/remis-w-czestochowie\/#primaryimage\",\"url\":\"https:\/\/sarmacjabedzin.pl\/wp-content\/uploads\/2018\/05\/rakow2018.jpg\",\"contentUrl\":\"https:\/\/sarmacjabedzin.pl\/wp-content\/uploads\/2018\/05\/rakow2018.jpg\",\"width\":1280,\"height\":768},{\"@type\":\"BreadcrumbList\",\"@id\":\"https:\/\/sarmacjabedzin.pl\/index.php\/2018\/05\/01\/remis-w-czestochowie\/#breadcrumb\",\"itemListElement\":[{\"@type\":\"ListItem\",\"position\":1,\"name\":\"Strona g\u0142\u00f3wna\",\"item\":\"https:\/\/sarmacjabedzin.pl\/\"},{\"@type\":\"ListItem\",\"position\":2,\"name\":\"Remis w Cz\u0119stochowie!\"}]},{\"@type\":\"WebSite\",\"@id\":\"https:\/\/sarmacjabedzin.pl\/#website\",\"url\":\"https:\/\/sarmacjabedzin.pl\/\",\"name\":\"BKS Sarmacja B\u0119dzin \u2013 Nieoficjalny serwis\",\"description\":\"Nieoficjalny serwis B\u0119dzi\u0144skiego Klubu Sportowego &quot;Sarmacja&quot;\",\"potentialAction\":[{\"@type\":\"SearchAction\",\"target\":{\"@type\":\"EntryPoint\",\"urlTemplate\":\"https:\/\/sarmacjabedzin.pl\/?s={search_term_string}\"},\"query-input\":{\"@type\":\"PropertyValueSpecification\",\"valueRequired\":true,\"valueName\":\"search_term_string\"}}],\"inLanguage\":\"pl-PL\"},{\"@type\":\"Person\",\"@id\":\"https:\/\/sarmacjabedzin.pl\/#\/schema\/person\/5417ea7b03bcd9adf58298a2265ce03a\",\"name\":\"tyrtak\",\"image\":{\"@type\":\"ImageObject\",\"inLanguage\":\"pl-PL\",\"@id\":\"https:\/\/sarmacjabedzin.pl\/#\/schema\/person\/image\/\",\"url\":\"https:\/\/secure.gravatar.com\/avatar\/49b7734c6795cf524710e96813a9fedc1ae3816e479d92490236b4cfc47a5ae1?s=96&d=mm&r=g\",\"contentUrl\":\"https:\/\/secure.gravatar.com\/avatar\/49b7734c6795cf524710e96813a9fedc1ae3816e479d92490236b4cfc47a5ae1?s=96&d=mm&r=g\",\"caption\":\"tyrtak\"}}]}<\/script>\n<!-- \/ Yoast SEO plugin. -->","yoast_head_json":{"title":"Remis w Cz\u0119stochowie! | BKS Sarmacja B\u0119dzin","robots":{"index":"index","follow":"follow","max-snippet":"max-snippet:-1","max-image-preview":"max-image-preview:large","max-video-preview":"max-video-preview:-1"},"canonical":"https:\/\/sarmacjabedzin.pl\/index.php\/2018\/05\/01\/remis-w-czestochowie\/","og_locale":"pl_PL","og_type":"article","og_title":"Remis w Cz\u0119stochowie! | BKS Sarmacja B\u0119dzin","og_description":"Dzi\u015b 1.05.2018 roku o godz.11.00 pi\u0142karze Sarmacji B\u0119dzin rozegrali wyjazdowe spotkanie o ligowe punkty z dru\u017cyn\u0105 rezerw Rakowa Cz\u0119stochowa. Po ostatniej pora\u017cce b\u0119dzinian z Poloni\u0105 \u0141aziska G\u00f3rne sytuacja w ekipie go\u015bci zdecydowanie si\u0119 pogorszy\u0142a. Kolejna strata punkt\u00f3w w dzisiejszym meczu mog\u0142a spowodowa\u0107 dalszy spadek w ligowej tabeli.W rundzie jesiennej Sarmacja na w\u0142asnym stadionie rozgromi\u0142a cz\u0119stochowian...","og_url":"https:\/\/sarmacjabedzin.pl\/index.php\/2018\/05\/01\/remis-w-czestochowie\/","og_site_name":"BKS Sarmacja B\u0119dzin","article_publisher":"https:\/\/www.facebook.com\/SarmacjaBedzin","article_published_time":"2018-05-01T09:43:44+00:00","og_image":[{"width":1280,"height":768,"url":"https:\/\/sarmacjabedzin.pl\/wp-content\/uploads\/2018\/05\/rakow2018.jpg","type":"image\/jpeg"}],"author":"tyrtak","twitter_card":"summary_large_image","twitter_misc":{"Napisane przez":"tyrtak","Szacowany czas czytania":"3 minuty"},"schema":{"@context":"https:\/\/schema.org","@graph":[{"@type":"WebPage","@id":"https:\/\/sarmacjabedzin.pl\/index.php\/2018\/05\/01\/remis-w-czestochowie\/","url":"https:\/\/sarmacjabedzin.pl\/index.php\/2018\/05\/01\/remis-w-czestochowie\/","name":"Remis w Cz\u0119stochowie! | BKS Sarmacja B\u0119dzin","isPartOf":{"@id":"https:\/\/sarmacjabedzin.pl\/#website"},"primaryImageOfPage":{"@id":"https:\/\/sarmacjabedzin.pl\/index.php\/2018\/05\/01\/remis-w-czestochowie\/#primaryimage"},"image":{"@id":"https:\/\/sarmacjabedzin.pl\/index.php\/2018\/05\/01\/remis-w-czestochowie\/#primaryimage"},"thumbnailUrl":"https:\/\/sarmacjabedzin.pl\/wp-content\/uploads\/2018\/05\/rakow2018.jpg","datePublished":"2018-05-01T09:43:44+00:00","author":{"@id":"https:\/\/sarmacjabedzin.pl\/#\/schema\/person\/5417ea7b03bcd9adf58298a2265ce03a"},"breadcrumb":{"@id":"https:\/\/sarmacjabedzin.pl\/index.php\/2018\/05\/01\/remis-w-czestochowie\/#breadcrumb"},"inLanguage":"pl-PL","potentialAction":[{"@type":"ReadAction","target":["https:\/\/sarmacjabedzin.pl\/index.php\/2018\/05\/01\/remis-w-czestochowie\/"]}]},{"@type":"ImageObject","inLanguage":"pl-PL","@id":"https:\/\/sarmacjabedzin.pl\/index.php\/2018\/05\/01\/remis-w-czestochowie\/#primaryimage","url":"https:\/\/sarmacjabedzin.pl\/wp-content\/uploads\/2018\/05\/rakow2018.jpg","contentUrl":"https:\/\/sarmacjabedzin.pl\/wp-content\/uploads\/2018\/05\/rakow2018.jpg","width":1280,"height":768},{"@type":"BreadcrumbList","@id":"https:\/\/sarmacjabedzin.pl\/index.php\/2018\/05\/01\/remis-w-czestochowie\/#breadcrumb","itemListElement":[{"@type":"ListItem","position":1,"name":"Strona g\u0142\u00f3wna","item":"https:\/\/sarmacjabedzin.pl\/"},{"@type":"ListItem","position":2,"name":"Remis w Cz\u0119stochowie!"}]},{"@type":"WebSite","@id":"https:\/\/sarmacjabedzin.pl\/#website","url":"https:\/\/sarmacjabedzin.pl\/","name":"BKS Sarmacja B\u0119dzin \u2013 Nieoficjalny serwis","description":"Nieoficjalny serwis B\u0119dzi\u0144skiego Klubu Sportowego &quot;Sarmacja&quot;","potentialAction":[{"@type":"SearchAction","target":{"@type":"EntryPoint","urlTemplate":"https:\/\/sarmacjabedzin.pl\/?s={search_term_string}"},"query-input":{"@type":"PropertyValueSpecification","valueRequired":true,"valueName":"search_term_string"}}],"inLanguage":"pl-PL"},{"@type":"Person","@id":"https:\/\/sarmacjabedzin.pl\/#\/schema\/person\/5417ea7b03bcd9adf58298a2265ce03a","name":"tyrtak","image":{"@type":"ImageObject","inLanguage":"pl-PL","@id":"https:\/\/sarmacjabedzin.pl\/#\/schema\/person\/image\/","url":"https:\/\/secure.gravatar.com\/avatar\/49b7734c6795cf524710e96813a9fedc1ae3816e479d92490236b4cfc47a5ae1?s=96&d=mm&r=g","contentUrl":"https:\/\/secure.gravatar.com\/avatar\/49b7734c6795cf524710e96813a9fedc1ae3816e479d92490236b4cfc47a5ae1?s=96&d=mm&r=g","caption":"tyrtak"}}]}},"rttpg_featured_image_url":{"full":["https:\/\/sarmacjabedzin.pl\/wp-content\/uploads\/2018\/05\/rakow2018.jpg",1280,768,false],"landscape":["https:\/\/sarmacjabedzin.pl\/wp-content\/uploads\/2018\/05\/rakow2018.jpg",1280,768,false],"portraits":["https:\/\/sarmacjabedzin.pl\/wp-content\/uploads\/2018\/05\/rakow2018.jpg",1280,768,false],"thumbnail":["https:\/\/sarmacjabedzin.pl\/wp-content\/uploads\/2018\/05\/rakow2018-150x150.jpg",150,150,true],"medium":["https:\/\/sarmacjabedzin.pl\/wp-content\/uploads\/2018\/05\/rakow2018-300x180.jpg",300,180,true],"large":["https:\/\/sarmacjabedzin.pl\/wp-content\/uploads\/2018\/05\/rakow2018-1024x614.jpg",1024,614,true],"1536x1536":["https:\/\/sarmacjabedzin.pl\/wp-content\/uploads\/2018\/05\/rakow2018.jpg",1280,768,false],"2048x2048":["https:\/\/sarmacjabedzin.pl\/wp-content\/uploads\/2018\/05\/rakow2018.jpg",1280,768,false],"sportspress-crop-medium":["https:\/\/sarmacjabedzin.pl\/wp-content\/uploads\/2018\/05\/rakow2018-300x300.jpg",300,300,true],"sportspress-fit-medium":["https:\/\/sarmacjabedzin.pl\/wp-content\/uploads\/2018\/05\/rakow2018-300x180.jpg",300,180,true],"sportspress-fit-icon":["https:\/\/sarmacjabedzin.pl\/wp-content\/uploads\/2018\/05\/rakow2018-128x77.jpg",128,77,true],"sportspress-fit-mini":["https:\/\/sarmacjabedzin.pl\/wp-content\/uploads\/2018\/05\/rakow2018-32x19.jpg",32,19,true],"ultp_layout_landscape_large":["https:\/\/sarmacjabedzin.pl\/wp-content\/uploads\/2018\/05\/rakow2018.jpg",1200,720,false],"ultp_layout_landscape":["https:\/\/sarmacjabedzin.pl\/wp-content\/uploads\/2018\/05\/rakow2018.jpg",870,522,false],"ultp_layout_portrait":["https:\/\/sarmacjabedzin.pl\/wp-content\/uploads\/2018\/05\/rakow2018.jpg",600,360,false],"ultp_layout_square":["https:\/\/sarmacjabedzin.pl\/wp-content\/uploads\/2018\/05\/rakow2018.jpg",600,360,false],"stm-1140-666":["https:\/\/sarmacjabedzin.pl\/wp-content\/uploads\/2018\/05\/rakow2018-1140x666.jpg",1140,666,true],"stm-1170-650":["https:\/\/sarmacjabedzin.pl\/wp-content\/uploads\/2018\/05\/rakow2018-1170x650.jpg",1170,650,true],"stm-570-350":["https:\/\/sarmacjabedzin.pl\/wp-content\/uploads\/2018\/05\/rakow2018-570x350.jpg",570,350,true],"stm-570-250":["https:\/\/sarmacjabedzin.pl\/wp-content\/uploads\/2018\/05\/rakow2018-570x250.jpg",570,250,true],"stm-270-370":["https:\/\/sarmacjabedzin.pl\/wp-content\/uploads\/2018\/05\/rakow2018-270x370.jpg",270,370,true],"stm-540-500":["https:\/\/sarmacjabedzin.pl\/wp-content\/uploads\/2018\/05\/rakow2018-540x500.jpg",540,500,true],"stm-270-530":["https:\/\/sarmacjabedzin.pl\/wp-content\/uploads\/2018\/05\/rakow2018-270x530.jpg",270,530,true],"stm-200-200":["https:\/\/sarmacjabedzin.pl\/wp-content\/uploads\/2018\/05\/rakow2018-200x200.jpg",200,200,true],"stm-85-105":["https:\/\/sarmacjabedzin.pl\/wp-content\/uploads\/2018\/05\/rakow2018-85x105.jpg",85,105,true],"stm-255-255":["https:\/\/sarmacjabedzin.pl\/wp-content\/uploads\/2018\/05\/rakow2018-255x255.jpg",255,255,true],"stm-360-240":["https:\/\/sarmacjabedzin.pl\/wp-content\/uploads\/2018\/05\/rakow2018-360x240.jpg",360,240,true],"stm-360-495":["https:\/\/sarmacjabedzin.pl\/wp-content\/uploads\/2018\/05\/rakow2018-360x495.jpg",360,495,true],"stm-445-400":["https:\/\/sarmacjabedzin.pl\/wp-content\/uploads\/2018\/05\/rakow2018-445x400.jpg",445,400,true],"stm-735-240":["https:\/\/sarmacjabedzin.pl\/wp-content\/uploads\/2018\/05\/rakow2018-735x240.jpg",735,240,true],"stm-255-183":["https:\/\/sarmacjabedzin.pl\/wp-content\/uploads\/2018\/05\/rakow2018-255x183.jpg",255,183,true],"stm-350-250":["https:\/\/sarmacjabedzin.pl\/wp-content\/uploads\/2018\/05\/rakow2018-350x250.jpg",350,250,true],"blog_list":["https:\/\/sarmacjabedzin.pl\/wp-content\/uploads\/2018\/05\/rakow2018-270x220.jpg",270,220,true],"blog_list_medium":["https:\/\/sarmacjabedzin.pl\/wp-content\/uploads\/2018\/05\/rakow2018-390x345.jpg",390,345,true],"gallery_thumbnail":["https:\/\/sarmacjabedzin.pl\/wp-content\/uploads\/2018\/05\/rakow2018-80x80.jpg",80,80,true],"gallery_image":["https:\/\/sarmacjabedzin.pl\/wp-content\/uploads\/2018\/05\/rakow2018-560x367.jpg",560,367,true],"gallery_image_mini":["https:\/\/sarmacjabedzin.pl\/wp-content\/uploads\/2018\/05\/rakow2018-143x116.jpg",143,116,true],"player_photo":["https:\/\/sarmacjabedzin.pl\/wp-content\/uploads\/2018\/05\/rakow2018-740x740.jpg",740,740,true],"team_logo":["https:\/\/sarmacjabedzin.pl\/wp-content\/uploads\/2018\/05\/rakow2018-98x59.jpg",98,59,true],"player_stat_ava":["https:\/\/sarmacjabedzin.pl\/wp-content\/uploads\/2018\/05\/rakow2018-550x580.jpg",550,580,true],"post-350-220":["https:\/\/sarmacjabedzin.pl\/wp-content\/uploads\/2018\/05\/rakow2018-350x220.jpg",350,220,true],"post-275-142":["https:\/\/sarmacjabedzin.pl\/wp-content\/uploads\/2018\/05\/rakow2018-275x142.jpg",275,142,true],"post-160-120":["https:\/\/sarmacjabedzin.pl\/wp-content\/uploads\/2018\/05\/rakow2018-160x120.jpg",160,120,true],"post-110-70":["https:\/\/sarmacjabedzin.pl\/wp-content\/uploads\/2018\/05\/rakow2018-110x70.jpg",110,70,true],"post-770-450":["https:\/\/sarmacjabedzin.pl\/wp-content\/uploads\/2018\/05\/rakow2018-770x450.jpg",770,450,true],"post-370-210":["https:\/\/sarmacjabedzin.pl\/wp-content\/uploads\/2018\/05\/rakow2018-370x210.jpg",370,210,true],"post-457-470":["https:\/\/sarmacjabedzin.pl\/wp-content\/uploads\/2018\/05\/rakow2018-457x470.jpg",457,470,true],"post-370-420":["https:\/\/sarmacjabedzin.pl\/wp-content\/uploads\/2018\/05\/rakow2018-370x420.jpg",370,420,true],"stm-445-445":["https:\/\/sarmacjabedzin.pl\/wp-content\/uploads\/2018\/05\/rakow2018-445x445.jpg",445,445,true],"stm-555-460":["https:\/\/sarmacjabedzin.pl\/wp-content\/uploads\/2018\/05\/rakow2018-555x460.jpg",555,460,true],"stm-350-450":["https:\/\/sarmacjabedzin.pl\/wp-content\/uploads\/2018\/05\/rakow2018-350x450.jpg",350,450,true],"stm-720-440":["https:\/\/sarmacjabedzin.pl\/wp-content\/uploads\/2018\/05\/rakow2018-720x440.jpg",720,440,true],"stm-270-270":["https:\/\/sarmacjabedzin.pl\/wp-content\/uploads\/2018\/05\/rakow2018.jpg",270,162,false],"stm-760-450":["https:\/\/sarmacjabedzin.pl\/wp-content\/uploads\/2018\/05\/rakow2018.jpg",750,450,false]},"rttpg_author":{"display_name":"tyrtak","author_link":false},"rttpg_comment":0,"rttpg_category":"<a href=\"https:\/\/sarmacjabedzin.pl\/index.php\/category\/soccer\/\" rel=\"category tag\">Liga<\/a>","rttpg_excerpt":"Dzi\u015b 1.05.2018 roku o godz.11.00 pi\u0142karze Sarmacji B\u0119dzin rozegrali wyjazdowe spotkanie o ligowe punkty z dru\u017cyn\u0105 rezerw Rakowa Cz\u0119stochowa. Po ostatniej pora\u017cce b\u0119dzinian z Poloni\u0105 \u0141aziska G\u00f3rne sytuacja w ekipie go\u015bci zdecydowanie si\u0119 pogorszy\u0142a. Kolejna strata punkt\u00f3w w dzisiejszym meczu mog\u0142a spowodowa\u0107 dalszy spadek w ligowej tabeli.W rundzie jesiennej Sarmacja na w\u0142asnym stadionie rozgromi\u0142a cz\u0119stochowian...","_links":{"self":[{"href":"https:\/\/sarmacjabedzin.pl\/index.php\/wp-json\/wp\/v2\/posts\/1181","targetHints":{"allow":["GET"]}}],"collection":[{"href":"https:\/\/sarmacjabedzin.pl\/index.php\/wp-json\/wp\/v2\/posts"}],"about":[{"href":"https:\/\/sarmacjabedzin.pl\/index.php\/wp-json\/wp\/v2\/types\/post"}],"author":[{"embeddable":true,"href":"https:\/\/sarmacjabedzin.pl\/index.php\/wp-json\/wp\/v2\/users\/1"}],"replies":[{"embeddable":true,"href":"https:\/\/sarmacjabedzin.pl\/index.php\/wp-json\/wp\/v2\/comments?post=1181"}],"version-history":[{"count":0,"href":"https:\/\/sarmacjabedzin.pl\/index.php\/wp-json\/wp\/v2\/posts\/1181\/revisions"}],"wp:featuredmedia":[{"embeddable":true,"href":"https:\/\/sarmacjabedzin.pl\/index.php\/wp-json\/wp\/v2\/media\/1180"}],"wp:attachment":[{"href":"https:\/\/sarmacjabedzin.pl\/index.php\/wp-json\/wp\/v2\/media?parent=1181"}],"wp:term":[{"taxonomy":"category","embeddable":true,"href":"https:\/\/sarmacjabedzin.pl\/index.php\/wp-json\/wp\/v2\/categories?post=1181"},{"taxonomy":"post_tag","embeddable":true,"href":"https:\/\/sarmacjabedzin.pl\/index.php\/wp-json\/wp\/v2\/tags?post=1181"}],"curies":[{"name":"wp","href":"https:\/\/api.w.org\/{rel}","templated":true}]}}