{"id":1235,"date":"2018-09-08T13:18:58","date_gmt":"2018-09-08T11:18:58","guid":{"rendered":"http:\/\/sarmacjabedzin.pl\/index.php\/2018\/09\/08\/beniaminek-pokonany\/"},"modified":"2018-09-08T13:18:58","modified_gmt":"2018-09-08T11:18:58","slug":"beniaminek-pokonany","status":"publish","type":"post","link":"https:\/\/sarmacjabedzin.pl\/index.php\/2018\/09\/08\/beniaminek-pokonany\/","title":{"rendered":"Beniaminek pokonany!"},"content":{"rendered":"<p style=\"margin-bottom: 0cm;\">Dzi\u015b 08.09.2018 roku o godz.11.00 pi\u0142karze Sarmacji B\u0119dzin rozegrali wyjazdowe spotkanie o ligowe punkty z dru\u017cyn\u0105 Slavia Ruda \u015al\u0105ska. <br \/>Podopieczni trenera Szymona Stawowego przyst\u0105pili do tego meczu z wielk\u0105 wiar\u0105 w zwyci\u0119stwo.<\/p>\n<p style=\"margin-bottom: 0cm;\">Dotychczasowy skromny bilans zdobytych goli (1) nie napawa\u0142 jednak zbytnim optymizmem.<\/p>\n<p style=\"margin-bottom: 0cm;\">Mimo to wszyscy liczyli wreszcie na popraw\u0119 tego elementu gry.<\/p>\n<p style=\"margin-bottom: 0cm;\">Pierwsze minuty spotkania zacz\u0119\u0142y si\u0119 od \u015bmia\u0142ych atak\u00f3w b\u0119dzinian.<br \/>W 5 minucie szybkim rajdem z w\u0142asnej po\u0142owy popisa\u0142 si\u0119 \u0141ukasz D\u0119bski, kt\u00f3ry nie daj\u0105c sobie odebra\u0107 pi\u0142ki zagra\u0142 j\u0105 do Arkadiusza Kowalczyka. Ten wybiegaj\u0105c na dogodn\u0105 sytuacj\u0119 zosta\u0142 jednak uprzedzony przez golkipera miejscowych.<\/p>\n<p style=\"margin-bottom: 0cm;\">Dwie minuty p\u00f3\u017aniej Wojciech Ba\u0142a uton\u0105\u0142 w obj\u0119ciach swoich koleg\u00f3w po bramce zdobytej g\u0142ow\u0105.<\/p>\n<p style=\"margin-bottom: 0cm;\">\u015awietne zagranie z lewej strony boiska Jana Januszka zdo\u0142a\u0142 wyko\u0144czy\u0107 celnym trafieniem.<br \/>Szybkie otwarcie wyniku doda\u0142o go\u015bciom jeszcze wi\u0119kszej pewno\u015bci siebie.<\/p>\n<p style=\"margin-bottom: 0cm;\">W 10 minucie Piotr Barwi\u0144ski strza\u0142em z dystansu pos\u0142a\u0142 futbol\u00f3wk\u0119 nad poprzeczk\u0105 rywala.<\/p>\n<p style=\"margin-bottom: 0cm;\">W 13 minucie \u015bwietnego zagrania z prawej strony murawy nie zdo\u0142a\u0142 wykorzysta\u0107 znajduj\u0105cy si\u0119 w polu karnym miejscowych Arkadiusz Kowalczyk. Po jego pr\u00f3bie strza\u0142u w\u015blizgiem pi\u0142ka przelecia\u0142a obok s\u0142upka.<\/p>\n<p style=\"margin-bottom: 0cm;\">W 15 i 24 minucie Jan Januszek strza\u0142ami z dystansu pr\u00f3bowa\u0142 zaskoczy\u0107 bramkarza gospodarzy.<\/p>\n<p style=\"margin-bottom: 0cm;\">Za pierwszym razem pi\u0142ka poszybowa\u0142a nad bramk\u0105, a za drugim \u015bwietna interwencja golkipera Slavii zapobieg\u0142a utracie gola.<\/p>\n<p style=\"margin-bottom: 0cm;\">W 36 minucie zaskakuj\u0105cy strza\u0142 Jakuba Dankowskiego bramkarz miejscowych zdo\u0142a\u0142 wy\u0142apa\u0107 w r\u0119kawice.<\/p>\n<p style=\"margin-bottom: 0cm;\">Chwil\u0119 potem pierwsze uderzenie na bramk\u0119 Sarmacji pad\u0142o \u0142atwym \u0142upem Dariusza Maciejowskiego.<br \/>Po przerwie zn\u00f3w stron\u0105 przewa\u017caj\u0105c\u0105 byli b\u0119dzinianie, kt\u00f3rzy ju\u017c w 50 minucie zdobyli drugiego gola.<\/p>\n<p style=\"margin-bottom: 0cm;\">Tym razem strzelec pierwszej bramki Wojciech Ba\u0142a zagra\u0142 futbol\u00f3wk\u0119 na lewo do Alexa Tyszczaka, a ten maj\u0105c przed sob\u0105 jedynie bramkarza gospodarzy umie\u015bci\u0142 j\u0105 w siatce.<\/p>\n<p style=\"margin-bottom: 0cm;\">Podra\u017cnieni rudzianie szybko ruszyli do odrabiania strat.<\/p>\n<p style=\"margin-bottom: 0cm;\">W 53 minucie w sporym zamieszaniu podbramkowym miejscowi zdobyli gola z bliskiej odleg\u0142o\u015bci.<\/p>\n<p style=\"margin-bottom: 0cm;\">S\u0119dzia jednak dopatrzy\u0142 si\u0119 pozycji spalonej strzelca bramki.<br \/>W 59 minucie Sarmaci zadali decyduj\u0105cy cios swojemu rywalowi.<br \/>Pi\u0142k\u0119 wrzucon\u0105 z lewej strony boiska przez Jana Januszka g\u0142ow\u0105 pr\u00f3bowa\u0142 wybi\u0107 obro\u0144ca gospodarzy. Ta niefortunnie dla nich spad\u0142a r\u00f3wnie\u017c na g\u0142ow\u0119 \u0141ukasza D\u0119bskiego, kt\u00f3ry bez problemu skierowa\u0142 ja do bramki rywala.<\/p>\n<p style=\"margin-bottom: 0cm;\">Wysokie prowadzenie 3:0 troch\u0119 uspokoi\u0142o b\u0119dzinia. <br \/>Za\u0142amani gospodarze mimo wszystko pr\u00f3bowali goni\u0107 niekorzystny wynik, spychaj\u0105c go\u015bci do g\u0142\u0119bokiej defensywy.<\/p>\n<p style=\"margin-bottom: 0cm;\">W 60 minucie strza\u0142 zza pola karnego wyl\u0105dowa\u0142 w r\u0119kawicach Dariusza Maciejowskiego.<\/p>\n<p style=\"margin-bottom: 0cm;\">Trzy minuty p\u00f3\u017aniej nasz golkiper maj\u0105c przed sob\u0105 szar\u017cuj\u0105cego na niego pi\u0142karza miejscowych zdo\u0142a\u0142 wybi\u0107 pi\u0142k\u0119 na rzut ro\u017cny.<br \/>W 67 minucie kolejny strza\u0142 z bliskiej odleg\u0142o\u015bci miejscowych pad\u0142 \u0142upem bramkarza b\u0119dzinian.<\/p>\n<p style=\"margin-bottom: 0cm;\">Coraz bardziej n\u0119kaj\u0105cy nas rudzianie atakuj\u0105c nasz\u0105 bramk\u0119 pr\u00f3bowali za wszelk\u0105 cen\u0119 zdoby\u0107 gola kontaktowego.<br \/>W 74 minucie silny strza\u0142 zza pola karnego trafi\u0142 w r\u0119k\u0119 obro\u0144c\u0119 przyjezdnych.<br \/>S\u0119dzia natychmiast wskaza\u0142 na wapno zarz\u0105dzaj\u0105c tym samym rzut karny.<br \/>Chwil\u0119 potem Slavia cieszy\u0142a si\u0119 z honorowego trafienia.<br \/>W kolejnych minutach gospodarze wci\u0105\u017c siali zam\u0119t pod nasz\u0105 bramk\u0105, nara\u017caj\u0105c si\u0119 cz\u0119sto na szybkie kontry Sarmat\u00f3w. W 90 minucie rozp\u0119dzony praw\u0105 stron\u0105 boiska Tomasz Maj zagra\u0142 pi\u0142k\u0119 na \u015brodek pola karnego do Jana Januszka, kt\u00f3rego strza\u0142 poszybowa\u0142 nad poprzeczk\u0105 rywala.<br \/>W doliczonym ju\u017c czasie pi\u0142karz miejscowych w sytuacji sam na sam nie zdo\u0142a\u0142 pokona\u0107 Dariusza Maciejowskiego.<\/p>\n<p style=\"margin-bottom: 0cm;\">Sarmacja pokona\u0142a na trudnym boisku beniaminka Slavi\u0119 Ruda \u015al\u0105ska 3:1 (1:0).<br \/>Jest to bardzo cenne zwyci\u0119stwo naszej dru\u017cyny, kt\u00f3ra zas\u0142ugiwa\u0142a dzi\u015b na s\u0142owa uznania.<br \/>Wreszcie nast\u0105pi\u0142o prze\u0142amanie, w wyniku kt\u00f3rego podopieczni trenera Szymona Stawowego zdobyli trzy gole. Mamy nadziej\u0119, \u017ce przeb\u0142ysk strzelecki b\u0119dzie trwa\u0142 dalej.<\/p>\n<p style=\"margin-bottom: 0cm;\">Gratulujemy i czekamy na wi\u0119cej.<\/p>\n<p style=\"margin-bottom: 0cm;\">Dzi\u015b ca\u0142a dru\u017cyny pokaza\u0142a si\u0119 ze znakomitej strony. Jednak nale\u017cy wyr\u00f3\u017cni\u0107 naszego m\u0142odzie\u017cowca Wojciecha Ba\u0142\u0119, kt\u00f3ry w tym spotkaniu zdoby\u0142 gola oraz zaliczy\u0142 asyst\u0119.<\/p>\n<p style=\"margin-bottom: 0cm;\">Ju\u017c za tydzie\u0144 na w\u0142asnym stadionie podejmowa\u0107 b\u0119dziemy Przemsz\u0119 Siewierz.<\/p>\n<p style=\"margin-bottom: 0cm;\"><strong>Slavia Ruda \u015al\u0105ska &#8211; Sarmacja B\u0119dzin 1:3 (0:1)<\/strong><br \/><strong>Bramki:<\/strong><\/p>\n<p style=\"margin-bottom: 0cm;\">7&#8242; Ba\u0142a<\/p>\n<p style=\"margin-bottom: 0cm;\">50&#8242; Tyszczak<\/p>\n<p style=\"margin-bottom: 0cm;\">59&#8242; D\u0119bski<\/p>\n<p style=\"margin-bottom: 0cm;\">\u00a0<\/p>\n<p style=\"margin-bottom: 0cm;\"><strong>\u017b\u00f3\u0142te kartki:<\/strong><\/p>\n<p style=\"margin-bottom: 0cm;\">16&#8242; Szal<\/p>\n<p style=\"margin-bottom: 0cm;\">55&#8242; Kowalczyk<\/p>\n<p style=\"margin-bottom: 0cm;\">74&#8242; Majka<\/p>\n<p style=\"margin-bottom: 0cm;\">77&#8242; Januszek<\/p>\n<p style=\"margin-bottom: 0cm;\">\u00a0<\/p>\n<p style=\"margin-bottom: 0cm;\"><strong>Sarmacja B\u0119dzin:<\/strong> Maciejowski \u2013 Dankowski (85&#8242; Sanok), Szal, D\u0119bski, Majka, Ba\u0142a (75&#8242; Maj), Barwi\u0144ski, Tyszczak (90&#8217;+2&#8242; Mendela), Pielichowski, Januszek, Kowalczyk (85&#8242; Koz\u0142owski)<\/p>\n","protected":false},"excerpt":{"rendered":"<p>Dzi\u015b 08.09.2018 roku o godz.11.00 pi\u0142karze Sarmacji B\u0119dzin rozegrali wyjazdowe spotkanie o ligowe punkty z dru\u017cyn\u0105 Slavia Ruda \u015al\u0105ska. Podopieczni trenera Szymona Stawowego przyst\u0105pili do tego meczu z wielk\u0105 wiar\u0105 w zwyci\u0119stwo. Dotychczasowy skromny bilans zdobytych goli (1) nie napawa\u0142 jednak zbytnim optymizmem. Mimo to wszyscy liczyli wreszcie na popraw\u0119 tego elementu gry. Pierwsze minuty&#8230;<\/p>\n","protected":false},"author":1,"featured_media":1234,"comment_status":"open","ping_status":"open","sticky":false,"template":"","format":"standard","meta":{"footnotes":""},"categories":[64],"tags":[],"class_list":["post-1235","post","type-post","status-publish","format-standard","has-post-thumbnail","hentry","category-soccer"],"yoast_head":"<!-- This site is optimized with the Yoast SEO plugin v25.8 - https:\/\/yoast.com\/wordpress\/plugins\/seo\/ -->\n<title>Beniaminek pokonany! | BKS Sarmacja B\u0119dzin<\/title>\n<meta name=\"robots\" content=\"index, follow, max-snippet:-1, max-image-preview:large, max-video-preview:-1\" \/>\n<link rel=\"canonical\" href=\"https:\/\/sarmacjabedzin.pl\/index.php\/2018\/09\/08\/beniaminek-pokonany\/\" \/>\n<meta property=\"og:locale\" content=\"pl_PL\" \/>\n<meta property=\"og:type\" content=\"article\" \/>\n<meta property=\"og:title\" content=\"Beniaminek pokonany! | BKS Sarmacja B\u0119dzin\" \/>\n<meta property=\"og:description\" content=\"Dzi\u015b 08.09.2018 roku o godz.11.00 pi\u0142karze Sarmacji B\u0119dzin rozegrali wyjazdowe spotkanie o ligowe punkty z dru\u017cyn\u0105 Slavia Ruda \u015al\u0105ska. Podopieczni trenera Szymona Stawowego przyst\u0105pili do tego meczu z wielk\u0105 wiar\u0105 w zwyci\u0119stwo. Dotychczasowy skromny bilans zdobytych goli (1) nie napawa\u0142 jednak zbytnim optymizmem. Mimo to wszyscy liczyli wreszcie na popraw\u0119 tego elementu gry. Pierwsze minuty...\" \/>\n<meta property=\"og:url\" content=\"https:\/\/sarmacjabedzin.pl\/index.php\/2018\/09\/08\/beniaminek-pokonany\/\" \/>\n<meta property=\"og:site_name\" content=\"BKS Sarmacja B\u0119dzin\" \/>\n<meta property=\"article:publisher\" content=\"https:\/\/www.facebook.com\/SarmacjaBedzin\" \/>\n<meta property=\"article:published_time\" content=\"2018-09-08T11:18:58+00:00\" \/>\n<meta property=\"og:image\" content=\"https:\/\/sarmacjabedzin.pl\/wp-content\/uploads\/2018\/09\/slavia2019.jpg\" \/>\n\t<meta property=\"og:image:width\" content=\"1280\" \/>\n\t<meta property=\"og:image:height\" content=\"768\" \/>\n\t<meta property=\"og:image:type\" content=\"image\/jpeg\" \/>\n<meta name=\"author\" content=\"tyrtak\" \/>\n<meta name=\"twitter:card\" content=\"summary_large_image\" \/>\n<meta name=\"twitter:label1\" content=\"Napisane przez\" \/>\n\t<meta name=\"twitter:data1\" content=\"tyrtak\" \/>\n\t<meta name=\"twitter:label2\" content=\"Szacowany czas czytania\" \/>\n\t<meta name=\"twitter:data2\" content=\"4 minuty\" \/>\n<script type=\"application\/ld+json\" class=\"yoast-schema-graph\">{\"@context\":\"https:\/\/schema.org\",\"@graph\":[{\"@type\":\"WebPage\",\"@id\":\"https:\/\/sarmacjabedzin.pl\/index.php\/2018\/09\/08\/beniaminek-pokonany\/\",\"url\":\"https:\/\/sarmacjabedzin.pl\/index.php\/2018\/09\/08\/beniaminek-pokonany\/\",\"name\":\"Beniaminek pokonany! | BKS Sarmacja B\u0119dzin\",\"isPartOf\":{\"@id\":\"https:\/\/sarmacjabedzin.pl\/#website\"},\"primaryImageOfPage\":{\"@id\":\"https:\/\/sarmacjabedzin.pl\/index.php\/2018\/09\/08\/beniaminek-pokonany\/#primaryimage\"},\"image\":{\"@id\":\"https:\/\/sarmacjabedzin.pl\/index.php\/2018\/09\/08\/beniaminek-pokonany\/#primaryimage\"},\"thumbnailUrl\":\"https:\/\/sarmacjabedzin.pl\/wp-content\/uploads\/2018\/09\/slavia2019.jpg\",\"datePublished\":\"2018-09-08T11:18:58+00:00\",\"author\":{\"@id\":\"https:\/\/sarmacjabedzin.pl\/#\/schema\/person\/5417ea7b03bcd9adf58298a2265ce03a\"},\"breadcrumb\":{\"@id\":\"https:\/\/sarmacjabedzin.pl\/index.php\/2018\/09\/08\/beniaminek-pokonany\/#breadcrumb\"},\"inLanguage\":\"pl-PL\",\"potentialAction\":[{\"@type\":\"ReadAction\",\"target\":[\"https:\/\/sarmacjabedzin.pl\/index.php\/2018\/09\/08\/beniaminek-pokonany\/\"]}]},{\"@type\":\"ImageObject\",\"inLanguage\":\"pl-PL\",\"@id\":\"https:\/\/sarmacjabedzin.pl\/index.php\/2018\/09\/08\/beniaminek-pokonany\/#primaryimage\",\"url\":\"https:\/\/sarmacjabedzin.pl\/wp-content\/uploads\/2018\/09\/slavia2019.jpg\",\"contentUrl\":\"https:\/\/sarmacjabedzin.pl\/wp-content\/uploads\/2018\/09\/slavia2019.jpg\",\"width\":1280,\"height\":768},{\"@type\":\"BreadcrumbList\",\"@id\":\"https:\/\/sarmacjabedzin.pl\/index.php\/2018\/09\/08\/beniaminek-pokonany\/#breadcrumb\",\"itemListElement\":[{\"@type\":\"ListItem\",\"position\":1,\"name\":\"Strona g\u0142\u00f3wna\",\"item\":\"https:\/\/sarmacjabedzin.pl\/\"},{\"@type\":\"ListItem\",\"position\":2,\"name\":\"Beniaminek pokonany!\"}]},{\"@type\":\"WebSite\",\"@id\":\"https:\/\/sarmacjabedzin.pl\/#website\",\"url\":\"https:\/\/sarmacjabedzin.pl\/\",\"name\":\"BKS Sarmacja B\u0119dzin \u2013 Nieoficjalny serwis\",\"description\":\"Nieoficjalny serwis B\u0119dzi\u0144skiego Klubu Sportowego &quot;Sarmacja&quot;\",\"potentialAction\":[{\"@type\":\"SearchAction\",\"target\":{\"@type\":\"EntryPoint\",\"urlTemplate\":\"https:\/\/sarmacjabedzin.pl\/?s={search_term_string}\"},\"query-input\":{\"@type\":\"PropertyValueSpecification\",\"valueRequired\":true,\"valueName\":\"search_term_string\"}}],\"inLanguage\":\"pl-PL\"},{\"@type\":\"Person\",\"@id\":\"https:\/\/sarmacjabedzin.pl\/#\/schema\/person\/5417ea7b03bcd9adf58298a2265ce03a\",\"name\":\"tyrtak\",\"image\":{\"@type\":\"ImageObject\",\"inLanguage\":\"pl-PL\",\"@id\":\"https:\/\/sarmacjabedzin.pl\/#\/schema\/person\/image\/\",\"url\":\"https:\/\/secure.gravatar.com\/avatar\/49b7734c6795cf524710e96813a9fedc1ae3816e479d92490236b4cfc47a5ae1?s=96&d=mm&r=g\",\"contentUrl\":\"https:\/\/secure.gravatar.com\/avatar\/49b7734c6795cf524710e96813a9fedc1ae3816e479d92490236b4cfc47a5ae1?s=96&d=mm&r=g\",\"caption\":\"tyrtak\"}}]}<\/script>\n<!-- \/ Yoast SEO plugin. -->","yoast_head_json":{"title":"Beniaminek pokonany! | BKS Sarmacja B\u0119dzin","robots":{"index":"index","follow":"follow","max-snippet":"max-snippet:-1","max-image-preview":"max-image-preview:large","max-video-preview":"max-video-preview:-1"},"canonical":"https:\/\/sarmacjabedzin.pl\/index.php\/2018\/09\/08\/beniaminek-pokonany\/","og_locale":"pl_PL","og_type":"article","og_title":"Beniaminek pokonany! | BKS Sarmacja B\u0119dzin","og_description":"Dzi\u015b 08.09.2018 roku o godz.11.00 pi\u0142karze Sarmacji B\u0119dzin rozegrali wyjazdowe spotkanie o ligowe punkty z dru\u017cyn\u0105 Slavia Ruda \u015al\u0105ska. Podopieczni trenera Szymona Stawowego przyst\u0105pili do tego meczu z wielk\u0105 wiar\u0105 w zwyci\u0119stwo. Dotychczasowy skromny bilans zdobytych goli (1) nie napawa\u0142 jednak zbytnim optymizmem. Mimo to wszyscy liczyli wreszcie na popraw\u0119 tego elementu gry. Pierwsze minuty...","og_url":"https:\/\/sarmacjabedzin.pl\/index.php\/2018\/09\/08\/beniaminek-pokonany\/","og_site_name":"BKS Sarmacja B\u0119dzin","article_publisher":"https:\/\/www.facebook.com\/SarmacjaBedzin","article_published_time":"2018-09-08T11:18:58+00:00","og_image":[{"width":1280,"height":768,"url":"https:\/\/sarmacjabedzin.pl\/wp-content\/uploads\/2018\/09\/slavia2019.jpg","type":"image\/jpeg"}],"author":"tyrtak","twitter_card":"summary_large_image","twitter_misc":{"Napisane przez":"tyrtak","Szacowany czas czytania":"4 minuty"},"schema":{"@context":"https:\/\/schema.org","@graph":[{"@type":"WebPage","@id":"https:\/\/sarmacjabedzin.pl\/index.php\/2018\/09\/08\/beniaminek-pokonany\/","url":"https:\/\/sarmacjabedzin.pl\/index.php\/2018\/09\/08\/beniaminek-pokonany\/","name":"Beniaminek pokonany! | BKS Sarmacja B\u0119dzin","isPartOf":{"@id":"https:\/\/sarmacjabedzin.pl\/#website"},"primaryImageOfPage":{"@id":"https:\/\/sarmacjabedzin.pl\/index.php\/2018\/09\/08\/beniaminek-pokonany\/#primaryimage"},"image":{"@id":"https:\/\/sarmacjabedzin.pl\/index.php\/2018\/09\/08\/beniaminek-pokonany\/#primaryimage"},"thumbnailUrl":"https:\/\/sarmacjabedzin.pl\/wp-content\/uploads\/2018\/09\/slavia2019.jpg","datePublished":"2018-09-08T11:18:58+00:00","author":{"@id":"https:\/\/sarmacjabedzin.pl\/#\/schema\/person\/5417ea7b03bcd9adf58298a2265ce03a"},"breadcrumb":{"@id":"https:\/\/sarmacjabedzin.pl\/index.php\/2018\/09\/08\/beniaminek-pokonany\/#breadcrumb"},"inLanguage":"pl-PL","potentialAction":[{"@type":"ReadAction","target":["https:\/\/sarmacjabedzin.pl\/index.php\/2018\/09\/08\/beniaminek-pokonany\/"]}]},{"@type":"ImageObject","inLanguage":"pl-PL","@id":"https:\/\/sarmacjabedzin.pl\/index.php\/2018\/09\/08\/beniaminek-pokonany\/#primaryimage","url":"https:\/\/sarmacjabedzin.pl\/wp-content\/uploads\/2018\/09\/slavia2019.jpg","contentUrl":"https:\/\/sarmacjabedzin.pl\/wp-content\/uploads\/2018\/09\/slavia2019.jpg","width":1280,"height":768},{"@type":"BreadcrumbList","@id":"https:\/\/sarmacjabedzin.pl\/index.php\/2018\/09\/08\/beniaminek-pokonany\/#breadcrumb","itemListElement":[{"@type":"ListItem","position":1,"name":"Strona g\u0142\u00f3wna","item":"https:\/\/sarmacjabedzin.pl\/"},{"@type":"ListItem","position":2,"name":"Beniaminek pokonany!"}]},{"@type":"WebSite","@id":"https:\/\/sarmacjabedzin.pl\/#website","url":"https:\/\/sarmacjabedzin.pl\/","name":"BKS Sarmacja B\u0119dzin \u2013 Nieoficjalny serwis","description":"Nieoficjalny serwis B\u0119dzi\u0144skiego Klubu Sportowego &quot;Sarmacja&quot;","potentialAction":[{"@type":"SearchAction","target":{"@type":"EntryPoint","urlTemplate":"https:\/\/sarmacjabedzin.pl\/?s={search_term_string}"},"query-input":{"@type":"PropertyValueSpecification","valueRequired":true,"valueName":"search_term_string"}}],"inLanguage":"pl-PL"},{"@type":"Person","@id":"https:\/\/sarmacjabedzin.pl\/#\/schema\/person\/5417ea7b03bcd9adf58298a2265ce03a","name":"tyrtak","image":{"@type":"ImageObject","inLanguage":"pl-PL","@id":"https:\/\/sarmacjabedzin.pl\/#\/schema\/person\/image\/","url":"https:\/\/secure.gravatar.com\/avatar\/49b7734c6795cf524710e96813a9fedc1ae3816e479d92490236b4cfc47a5ae1?s=96&d=mm&r=g","contentUrl":"https:\/\/secure.gravatar.com\/avatar\/49b7734c6795cf524710e96813a9fedc1ae3816e479d92490236b4cfc47a5ae1?s=96&d=mm&r=g","caption":"tyrtak"}}]}},"rttpg_featured_image_url":{"full":["https:\/\/sarmacjabedzin.pl\/wp-content\/uploads\/2018\/09\/slavia2019.jpg",1280,768,false],"landscape":["https:\/\/sarmacjabedzin.pl\/wp-content\/uploads\/2018\/09\/slavia2019.jpg",1280,768,false],"portraits":["https:\/\/sarmacjabedzin.pl\/wp-content\/uploads\/2018\/09\/slavia2019.jpg",1280,768,false],"thumbnail":["https:\/\/sarmacjabedzin.pl\/wp-content\/uploads\/2018\/09\/slavia2019-150x150.jpg",150,150,true],"medium":["https:\/\/sarmacjabedzin.pl\/wp-content\/uploads\/2018\/09\/slavia2019-300x180.jpg",300,180,true],"large":["https:\/\/sarmacjabedzin.pl\/wp-content\/uploads\/2018\/09\/slavia2019-1024x614.jpg",1024,614,true],"1536x1536":["https:\/\/sarmacjabedzin.pl\/wp-content\/uploads\/2018\/09\/slavia2019.jpg",1280,768,false],"2048x2048":["https:\/\/sarmacjabedzin.pl\/wp-content\/uploads\/2018\/09\/slavia2019.jpg",1280,768,false],"sportspress-crop-medium":["https:\/\/sarmacjabedzin.pl\/wp-content\/uploads\/2018\/09\/slavia2019-300x300.jpg",300,300,true],"sportspress-fit-medium":["https:\/\/sarmacjabedzin.pl\/wp-content\/uploads\/2018\/09\/slavia2019-300x180.jpg",300,180,true],"sportspress-fit-icon":["https:\/\/sarmacjabedzin.pl\/wp-content\/uploads\/2018\/09\/slavia2019-128x77.jpg",128,77,true],"sportspress-fit-mini":["https:\/\/sarmacjabedzin.pl\/wp-content\/uploads\/2018\/09\/slavia2019-32x19.jpg",32,19,true],"ultp_layout_landscape_large":["https:\/\/sarmacjabedzin.pl\/wp-content\/uploads\/2018\/09\/slavia2019.jpg",1200,720,false],"ultp_layout_landscape":["https:\/\/sarmacjabedzin.pl\/wp-content\/uploads\/2018\/09\/slavia2019.jpg",870,522,false],"ultp_layout_portrait":["https:\/\/sarmacjabedzin.pl\/wp-content\/uploads\/2018\/09\/slavia2019.jpg",600,360,false],"ultp_layout_square":["https:\/\/sarmacjabedzin.pl\/wp-content\/uploads\/2018\/09\/slavia2019.jpg",600,360,false],"stm-1140-666":["https:\/\/sarmacjabedzin.pl\/wp-content\/uploads\/2018\/09\/slavia2019-1140x666.jpg",1140,666,true],"stm-1170-650":["https:\/\/sarmacjabedzin.pl\/wp-content\/uploads\/2018\/09\/slavia2019-1170x650.jpg",1170,650,true],"stm-570-350":["https:\/\/sarmacjabedzin.pl\/wp-content\/uploads\/2018\/09\/slavia2019-570x350.jpg",570,350,true],"stm-570-250":["https:\/\/sarmacjabedzin.pl\/wp-content\/uploads\/2018\/09\/slavia2019-570x250.jpg",570,250,true],"stm-270-370":["https:\/\/sarmacjabedzin.pl\/wp-content\/uploads\/2018\/09\/slavia2019-270x370.jpg",270,370,true],"stm-540-500":["https:\/\/sarmacjabedzin.pl\/wp-content\/uploads\/2018\/09\/slavia2019-540x500.jpg",540,500,true],"stm-270-530":["https:\/\/sarmacjabedzin.pl\/wp-content\/uploads\/2018\/09\/slavia2019-270x530.jpg",270,530,true],"stm-200-200":["https:\/\/sarmacjabedzin.pl\/wp-content\/uploads\/2018\/09\/slavia2019-200x200.jpg",200,200,true],"stm-85-105":["https:\/\/sarmacjabedzin.pl\/wp-content\/uploads\/2018\/09\/slavia2019-85x105.jpg",85,105,true],"stm-255-255":["https:\/\/sarmacjabedzin.pl\/wp-content\/uploads\/2018\/09\/slavia2019-255x255.jpg",255,255,true],"stm-360-240":["https:\/\/sarmacjabedzin.pl\/wp-content\/uploads\/2018\/09\/slavia2019-360x240.jpg",360,240,true],"stm-360-495":["https:\/\/sarmacjabedzin.pl\/wp-content\/uploads\/2018\/09\/slavia2019-360x495.jpg",360,495,true],"stm-445-400":["https:\/\/sarmacjabedzin.pl\/wp-content\/uploads\/2018\/09\/slavia2019-445x400.jpg",445,400,true],"stm-735-240":["https:\/\/sarmacjabedzin.pl\/wp-content\/uploads\/2018\/09\/slavia2019-735x240.jpg",735,240,true],"stm-255-183":["https:\/\/sarmacjabedzin.pl\/wp-content\/uploads\/2018\/09\/slavia2019-255x183.jpg",255,183,true],"stm-350-250":["https:\/\/sarmacjabedzin.pl\/wp-content\/uploads\/2018\/09\/slavia2019-350x250.jpg",350,250,true],"blog_list":["https:\/\/sarmacjabedzin.pl\/wp-content\/uploads\/2018\/09\/slavia2019-270x220.jpg",270,220,true],"blog_list_medium":["https:\/\/sarmacjabedzin.pl\/wp-content\/uploads\/2018\/09\/slavia2019-390x345.jpg",390,345,true],"gallery_thumbnail":["https:\/\/sarmacjabedzin.pl\/wp-content\/uploads\/2018\/09\/slavia2019-80x80.jpg",80,80,true],"gallery_image":["https:\/\/sarmacjabedzin.pl\/wp-content\/uploads\/2018\/09\/slavia2019-560x367.jpg",560,367,true],"gallery_image_mini":["https:\/\/sarmacjabedzin.pl\/wp-content\/uploads\/2018\/09\/slavia2019-143x116.jpg",143,116,true],"player_photo":["https:\/\/sarmacjabedzin.pl\/wp-content\/uploads\/2018\/09\/slavia2019-740x740.jpg",740,740,true],"team_logo":["https:\/\/sarmacjabedzin.pl\/wp-content\/uploads\/2018\/09\/slavia2019-98x59.jpg",98,59,true],"player_stat_ava":["https:\/\/sarmacjabedzin.pl\/wp-content\/uploads\/2018\/09\/slavia2019-550x580.jpg",550,580,true],"post-350-220":["https:\/\/sarmacjabedzin.pl\/wp-content\/uploads\/2018\/09\/slavia2019-350x220.jpg",350,220,true],"post-275-142":["https:\/\/sarmacjabedzin.pl\/wp-content\/uploads\/2018\/09\/slavia2019-275x142.jpg",275,142,true],"post-160-120":["https:\/\/sarmacjabedzin.pl\/wp-content\/uploads\/2018\/09\/slavia2019-160x120.jpg",160,120,true],"post-110-70":["https:\/\/sarmacjabedzin.pl\/wp-content\/uploads\/2018\/09\/slavia2019-110x70.jpg",110,70,true],"post-770-450":["https:\/\/sarmacjabedzin.pl\/wp-content\/uploads\/2018\/09\/slavia2019-770x450.jpg",770,450,true],"post-370-210":["https:\/\/sarmacjabedzin.pl\/wp-content\/uploads\/2018\/09\/slavia2019-370x210.jpg",370,210,true],"post-457-470":["https:\/\/sarmacjabedzin.pl\/wp-content\/uploads\/2018\/09\/slavia2019-457x470.jpg",457,470,true],"post-370-420":["https:\/\/sarmacjabedzin.pl\/wp-content\/uploads\/2018\/09\/slavia2019-370x420.jpg",370,420,true],"stm-445-445":["https:\/\/sarmacjabedzin.pl\/wp-content\/uploads\/2018\/09\/slavia2019-445x445.jpg",445,445,true],"stm-555-460":["https:\/\/sarmacjabedzin.pl\/wp-content\/uploads\/2018\/09\/slavia2019-555x460.jpg",555,460,true],"stm-350-450":["https:\/\/sarmacjabedzin.pl\/wp-content\/uploads\/2018\/09\/slavia2019-350x450.jpg",350,450,true],"stm-720-440":["https:\/\/sarmacjabedzin.pl\/wp-content\/uploads\/2018\/09\/slavia2019-720x440.jpg",720,440,true],"stm-270-270":["https:\/\/sarmacjabedzin.pl\/wp-content\/uploads\/2018\/09\/slavia2019.jpg",270,162,false],"stm-760-450":["https:\/\/sarmacjabedzin.pl\/wp-content\/uploads\/2018\/09\/slavia2019.jpg",750,450,false]},"rttpg_author":{"display_name":"tyrtak","author_link":false},"rttpg_comment":0,"rttpg_category":"<a href=\"https:\/\/sarmacjabedzin.pl\/index.php\/category\/soccer\/\" rel=\"category tag\">Liga<\/a>","rttpg_excerpt":"Dzi\u015b 08.09.2018 roku o godz.11.00 pi\u0142karze Sarmacji B\u0119dzin rozegrali wyjazdowe spotkanie o ligowe punkty z dru\u017cyn\u0105 Slavia Ruda \u015al\u0105ska. Podopieczni trenera Szymona Stawowego przyst\u0105pili do tego meczu z wielk\u0105 wiar\u0105 w zwyci\u0119stwo. Dotychczasowy skromny bilans zdobytych goli (1) nie napawa\u0142 jednak zbytnim optymizmem. Mimo to wszyscy liczyli wreszcie na popraw\u0119 tego elementu gry. Pierwsze minuty...","_links":{"self":[{"href":"https:\/\/sarmacjabedzin.pl\/index.php\/wp-json\/wp\/v2\/posts\/1235","targetHints":{"allow":["GET"]}}],"collection":[{"href":"https:\/\/sarmacjabedzin.pl\/index.php\/wp-json\/wp\/v2\/posts"}],"about":[{"href":"https:\/\/sarmacjabedzin.pl\/index.php\/wp-json\/wp\/v2\/types\/post"}],"author":[{"embeddable":true,"href":"https:\/\/sarmacjabedzin.pl\/index.php\/wp-json\/wp\/v2\/users\/1"}],"replies":[{"embeddable":true,"href":"https:\/\/sarmacjabedzin.pl\/index.php\/wp-json\/wp\/v2\/comments?post=1235"}],"version-history":[{"count":0,"href":"https:\/\/sarmacjabedzin.pl\/index.php\/wp-json\/wp\/v2\/posts\/1235\/revisions"}],"wp:featuredmedia":[{"embeddable":true,"href":"https:\/\/sarmacjabedzin.pl\/index.php\/wp-json\/wp\/v2\/media\/1234"}],"wp:attachment":[{"href":"https:\/\/sarmacjabedzin.pl\/index.php\/wp-json\/wp\/v2\/media?parent=1235"}],"wp:term":[{"taxonomy":"category","embeddable":true,"href":"https:\/\/sarmacjabedzin.pl\/index.php\/wp-json\/wp\/v2\/categories?post=1235"},{"taxonomy":"post_tag","embeddable":true,"href":"https:\/\/sarmacjabedzin.pl\/index.php\/wp-json\/wp\/v2\/tags?post=1235"}],"curies":[{"name":"wp","href":"https:\/\/api.w.org\/{rel}","templated":true}]}}