{"id":1243,"date":"2018-09-29T18:35:36","date_gmt":"2018-09-29T16:35:36","guid":{"rendered":"http:\/\/sarmacjabedzin.pl\/index.php\/2018\/09\/29\/tylko-remis-2\/"},"modified":"2018-09-29T18:35:36","modified_gmt":"2018-09-29T16:35:36","slug":"tylko-remis-2","status":"publish","type":"post","link":"https:\/\/sarmacjabedzin.pl\/index.php\/2018\/09\/29\/tylko-remis-2\/","title":{"rendered":"Tylko remis"},"content":{"rendered":"<p style=\"margin-bottom: 0cm;\">Dzi\u015b 29.09.2018 roku o godz.16.00 pi\u0142karze Sarmacji B\u0119dzin go\u015bcili na w\u0142asnym obiekcie dru\u017cyn\u0119 Unii Kosztowy. Po ostatniej pora\u017cce na w\u0142asne \u017cyczenie z Szombierkami Bytom podopieczni trenera Szymona Stawowego przed w\u0142asna publiczno\u015bci\u0105 chcieli si\u0119gn\u0105\u0107 po komplet punkt\u00f3w.<br \/>Jednak s\u0105siaduj\u0105cy z nimi w tabeli rywale nie zamierzali u\u0142atwi\u0107 im tego zadania.<br \/>Dzi\u015b w sk\u0142adzie Sarmacji nie m\u00f3g\u0142 wyst\u0105pi\u0107 nasz podstawowy defensor Micha\u0142 Szal, pauzuj\u0105cy za kartki.<\/p>\n<p style=\"margin-bottom: 0cm;\">Go\u015bcie od pierwszych sekund ruszyli z werw\u0105 na b\u0119dzi\u0144sk\u0105 defensyw\u0119.<\/p>\n<p style=\"margin-bottom: 0cm;\">Ju\u017c w 1 minucie po strzale g\u0142ow\u0105 musia\u0142 interweniowa\u0107 Dawid Gargasz. Nie maj\u0105c zbytnich k\u0142opot\u00f3w z tym z\u0142apa\u0142 pi\u0142k\u0119 we w\u0142asne r\u0119kawice. <br \/>Chwil\u0119 potem Sarmaci odpowiedzieli strza\u0142em Seweryna Pielichowskiego.<\/p>\n<p style=\"margin-bottom: 0cm;\">Niestety futbol\u00f3wka poszybowa\u0142a nad bramk\u0105 rywala.<\/p>\n<p style=\"margin-bottom: 0cm;\">W 8 minucie gospodarze powinni cieszy\u0107 si\u0119 z pierwszego gola. \u015awietne podanie za lini\u0119 obrony Wojciecha Ba\u0142y pad\u0142o \u0142upem Jana Januszka, kt\u00f3ry dzi\u0119ki temu wybieg\u0142 na pozycj\u0119 sam na sam z golkiperem przyjezdnych. Znajduj\u0105c si\u0119 w idealnej sytuacji nie zdo\u0142a\u0142 jednak wyko\u0144czy\u0107 jej pewnym umieszczeniem pi\u0142ki w siatce. <br \/>Zbyt lekki i ma\u0142o precyzyjny strza\u0142 trafi\u0142 wprost w bramkarza Unii. <br \/>W 18 minucie Kacper Zawadzki popisa\u0142 si\u0119 bardzo niecelnym uderzeniem. <br \/>Chwil\u0119 potem go\u015bcie postraszyli b\u0119dzinian strza\u0142em obok bramki Dawida Gargasza.<br \/>W 32 minucie \u015bwietnej wrzutki z lewej strony boiska Mateusza Koz\u0142owskiego nie zdo\u0142a\u0142 wykorzysta\u0107 znajduj\u0105cy si\u0119 w polu karnym rywala Kacper Zawadzki. Jego uderzenie g\u0142ow\u0105 z bliskiej odleg\u0142o\u015bci, pi\u0119kna parad\u0105 wybroni\u0142 bramkarz przyjezdnych.<\/p>\n<p style=\"margin-bottom: 0cm;\">Do szatni na przerw\u0119 obydwa zespo\u0142y schodzi\u0142y z bezbramkowym remisem. <br \/>W 52 minucie strza\u0142 g\u0142ow\u0105 z bliskiej odleg\u0142o\u015bci przelecia\u0142 nad bramk\u0105 b\u0119dzinian.<\/p>\n<p style=\"margin-bottom: 0cm;\">Trzy minuty p\u00f3\u017aniej bliski zdobycia pierwszego gola dla naszej dru\u017cyny by\u0142 Mateusz Koz\u0142owski, kt\u00f3rego uderzenie z rzutu wolnego przelecia\u0142o tu\u017c obok s\u0142upka kosztowian.<\/p>\n<p style=\"margin-bottom: 0cm;\">Kolejne gro\u017ane sytuacje podbramkowe nast\u0119powa\u0142y co minut\u0119 pod bramk\u0105 obu dru\u017cyn. <br \/>Najpierw strza\u0142 przyjezdnych z prawej strony murawy po d\u0142ugim s\u0142upku bramki b\u0119dzinian min\u0105\u0142 minimalnie cel, a chwil\u0119 potem uderzenie Jana Januszka wpad\u0142o wprost w r\u0119kawice golkipera Unii.<\/p>\n<p style=\"margin-bottom: 0cm;\">W odpowiedzi strza\u0142 g\u0142ow\u0105 przyjezdnych min\u0105\u0142 \u015bwiat\u0142o bramki Sarmacji. <br \/>W miar\u0119 uciekaj\u0105cych minut obie dru\u017cyny za wszelk\u0105 cen\u0119 pr\u00f3bowa\u0142y zdoby\u0107 zwyci\u0119skiego gola. <br \/>W 60 minucie fantastyczne uderzenie z prawego naro\u017cnika pola karnego Wojciecha Ba\u0142y trafi\u0142o w spojenie s\u0142upka z poprzeczk\u0105. <br \/>Dwie minuty p\u00f3\u017aniej \u015bwietna interwencja we w\u0142asnym polu karnym Mateusza Koz\u0142owskiego, kt\u00f3ry uprzedzi\u0142 rywala zapobieg\u0142a gro\u017anej sytuacji podbramkowej. <br \/>W 77 minucie zbyt lekki strza\u0142 Kacpra Zawadzkiego nie zdo\u0142a\u0142 zaskoczy\u0107 bramkarza go\u015bci.<br \/>Kilkana\u015bcie sekund p\u00f3\u017aniej Dawid Gargasz z trudem wybroni\u0142 k\u0105\u015bliwy strza\u0142 rywala. <br \/>W 88 minucie ponownie nasz bramkarz zosta\u0142 bohaterem. Tym razem precyzyjny strza\u0142 tu\u017c przy s\u0142upku ko\u0144cem r\u0119kawicy zdo\u0142a\u0142 wybi\u0107 z linii bramkowej. <br \/>W doliczonym ju\u017c czasie spotkania go\u015bcie mieli znakomit\u0105 szans\u0119 na zako\u0144czenie tego meczu zwyci\u0119stwem. <br \/>Na szcz\u0119\u015bcie dla b\u0119dzinian uderzenie g\u0142\u00f3wk\u0105 pi\u0142karza przyjezdnych z bliskiej odleg\u0142o\u015bci poszybowa\u0142o nad nasz\u0105 bramk\u0105. <br \/>Ostatecznie po bardzo wyr\u00f3wnanym pojedynku Sarmacja zremisowa\u0142a z Uni\u0105 Kosztowy 0:0.<\/p>\n<p style=\"margin-bottom: 0cm;\">Beniaminek na naszym stadionie pokaza\u0142 bardzo solidn\u0105 gr\u0119 i zas\u0142u\u017cenie wywi\u00f3z\u0142 z B\u0119dzina 1 punkt.<br \/>Szkoda zmarnowanej sytuacji bramkowej w 8 minucie, kt\u00f3ra mog\u0142aby zmieni\u0107 oblicze tego spotkania. <br \/>Ju\u017c za tydzie\u0144 kolejnym rywalem b\u0119dzinian b\u0119dzie Gwarek Ornontowice, kt\u00f3ry podejmie nasz\u0105 dru\u017cyn\u0119 na w\u0142asnym obiekcie.<\/p>\n<p><strong>Sarmacja B\u0119dzin \u2013 Unia Kosztowy 0:0<\/strong><\/p>\n<p style=\"margin-bottom: 0cm;\">\u00a0<\/p>\n<p style=\"margin-bottom: 0cm;\"><strong>\u017b\u00f3\u0142te kartki:<\/strong><br \/>41&#8242; Dankowski<\/p>\n<p style=\"margin-bottom: 0cm;\">45&#8242; Majka<\/p>\n<p style=\"margin-bottom: 0cm;\">68&#8242; Pielichowski<\/p>\n<p style=\"margin-bottom: 0cm;\">\u00a0<\/p>\n<p style=\"margin-bottom: 0cm;\"><strong>Sarmacja B\u0119dzin:<\/strong> Gargasz \u2013 Dankowski, Majka (85&#8242; Sanok), Szal, Koz\u0142owski, Ba\u0142a (69&#8242; Maj), Barwi\u0144ski, Pielichowski, Januszek, Tyszczak (69&#8242; Kowalczyk), Zawadzki (79&#8242; Mendela)<\/p>\n<p style=\"margin-bottom: 0cm;\">{gallery}kosztowy{\/gallery}<\/p>\n","protected":false},"excerpt":{"rendered":"<p>Dzi\u015b 29.09.2018 roku o godz.16.00 pi\u0142karze Sarmacji B\u0119dzin go\u015bcili na w\u0142asnym obiekcie dru\u017cyn\u0119 Unii Kosztowy. Po ostatniej pora\u017cce na w\u0142asne \u017cyczenie z Szombierkami Bytom podopieczni trenera Szymona Stawowego przed w\u0142asna publiczno\u015bci\u0105 chcieli si\u0119gn\u0105\u0107 po komplet punkt\u00f3w.Jednak s\u0105siaduj\u0105cy z nimi w tabeli rywale nie zamierzali u\u0142atwi\u0107 im tego zadania.Dzi\u015b w sk\u0142adzie Sarmacji nie m\u00f3g\u0142 wyst\u0105pi\u0107 nasz&#8230;<\/p>\n","protected":false},"author":1,"featured_media":1242,"comment_status":"open","ping_status":"open","sticky":false,"template":"","format":"standard","meta":{"footnotes":""},"categories":[64],"tags":[],"class_list":["post-1243","post","type-post","status-publish","format-standard","has-post-thumbnail","hentry","category-soccer"],"yoast_head":"<!-- This site is optimized with the Yoast SEO plugin v25.8 - https:\/\/yoast.com\/wordpress\/plugins\/seo\/ -->\n<title>Tylko remis | BKS Sarmacja B\u0119dzin<\/title>\n<meta name=\"robots\" content=\"index, follow, max-snippet:-1, max-image-preview:large, max-video-preview:-1\" \/>\n<link rel=\"canonical\" href=\"https:\/\/sarmacjabedzin.pl\/index.php\/2018\/09\/29\/tylko-remis-2\/\" \/>\n<meta property=\"og:locale\" content=\"pl_PL\" \/>\n<meta property=\"og:type\" content=\"article\" \/>\n<meta property=\"og:title\" content=\"Tylko remis | BKS Sarmacja B\u0119dzin\" \/>\n<meta property=\"og:description\" content=\"Dzi\u015b 29.09.2018 roku o godz.16.00 pi\u0142karze Sarmacji B\u0119dzin go\u015bcili na w\u0142asnym obiekcie dru\u017cyn\u0119 Unii Kosztowy. Po ostatniej pora\u017cce na w\u0142asne \u017cyczenie z Szombierkami Bytom podopieczni trenera Szymona Stawowego przed w\u0142asna publiczno\u015bci\u0105 chcieli si\u0119gn\u0105\u0107 po komplet punkt\u00f3w.Jednak s\u0105siaduj\u0105cy z nimi w tabeli rywale nie zamierzali u\u0142atwi\u0107 im tego zadania.Dzi\u015b w sk\u0142adzie Sarmacji nie m\u00f3g\u0142 wyst\u0105pi\u0107 nasz...\" \/>\n<meta property=\"og:url\" content=\"https:\/\/sarmacjabedzin.pl\/index.php\/2018\/09\/29\/tylko-remis-2\/\" \/>\n<meta property=\"og:site_name\" content=\"BKS Sarmacja B\u0119dzin\" \/>\n<meta property=\"article:publisher\" content=\"https:\/\/www.facebook.com\/SarmacjaBedzin\" \/>\n<meta property=\"article:published_time\" content=\"2018-09-29T16:35:36+00:00\" \/>\n<meta property=\"og:image\" content=\"https:\/\/sarmacjabedzin.pl\/wp-content\/uploads\/2018\/09\/kosztowy2019.jpg\" \/>\n\t<meta property=\"og:image:width\" content=\"1280\" \/>\n\t<meta property=\"og:image:height\" content=\"768\" \/>\n\t<meta property=\"og:image:type\" content=\"image\/jpeg\" \/>\n<meta name=\"author\" content=\"tyrtak\" \/>\n<meta name=\"twitter:card\" content=\"summary_large_image\" \/>\n<meta name=\"twitter:label1\" content=\"Napisane przez\" \/>\n\t<meta name=\"twitter:data1\" content=\"tyrtak\" \/>\n\t<meta name=\"twitter:label2\" content=\"Szacowany czas czytania\" \/>\n\t<meta name=\"twitter:data2\" content=\"3 minuty\" \/>\n<script type=\"application\/ld+json\" class=\"yoast-schema-graph\">{\"@context\":\"https:\/\/schema.org\",\"@graph\":[{\"@type\":\"WebPage\",\"@id\":\"https:\/\/sarmacjabedzin.pl\/index.php\/2018\/09\/29\/tylko-remis-2\/\",\"url\":\"https:\/\/sarmacjabedzin.pl\/index.php\/2018\/09\/29\/tylko-remis-2\/\",\"name\":\"Tylko remis | BKS Sarmacja B\u0119dzin\",\"isPartOf\":{\"@id\":\"https:\/\/sarmacjabedzin.pl\/#website\"},\"primaryImageOfPage\":{\"@id\":\"https:\/\/sarmacjabedzin.pl\/index.php\/2018\/09\/29\/tylko-remis-2\/#primaryimage\"},\"image\":{\"@id\":\"https:\/\/sarmacjabedzin.pl\/index.php\/2018\/09\/29\/tylko-remis-2\/#primaryimage\"},\"thumbnailUrl\":\"https:\/\/sarmacjabedzin.pl\/wp-content\/uploads\/2018\/09\/kosztowy2019.jpg\",\"datePublished\":\"2018-09-29T16:35:36+00:00\",\"author\":{\"@id\":\"https:\/\/sarmacjabedzin.pl\/#\/schema\/person\/5417ea7b03bcd9adf58298a2265ce03a\"},\"breadcrumb\":{\"@id\":\"https:\/\/sarmacjabedzin.pl\/index.php\/2018\/09\/29\/tylko-remis-2\/#breadcrumb\"},\"inLanguage\":\"pl-PL\",\"potentialAction\":[{\"@type\":\"ReadAction\",\"target\":[\"https:\/\/sarmacjabedzin.pl\/index.php\/2018\/09\/29\/tylko-remis-2\/\"]}]},{\"@type\":\"ImageObject\",\"inLanguage\":\"pl-PL\",\"@id\":\"https:\/\/sarmacjabedzin.pl\/index.php\/2018\/09\/29\/tylko-remis-2\/#primaryimage\",\"url\":\"https:\/\/sarmacjabedzin.pl\/wp-content\/uploads\/2018\/09\/kosztowy2019.jpg\",\"contentUrl\":\"https:\/\/sarmacjabedzin.pl\/wp-content\/uploads\/2018\/09\/kosztowy2019.jpg\",\"width\":1280,\"height\":768},{\"@type\":\"BreadcrumbList\",\"@id\":\"https:\/\/sarmacjabedzin.pl\/index.php\/2018\/09\/29\/tylko-remis-2\/#breadcrumb\",\"itemListElement\":[{\"@type\":\"ListItem\",\"position\":1,\"name\":\"Strona g\u0142\u00f3wna\",\"item\":\"https:\/\/sarmacjabedzin.pl\/\"},{\"@type\":\"ListItem\",\"position\":2,\"name\":\"Tylko remis\"}]},{\"@type\":\"WebSite\",\"@id\":\"https:\/\/sarmacjabedzin.pl\/#website\",\"url\":\"https:\/\/sarmacjabedzin.pl\/\",\"name\":\"BKS Sarmacja B\u0119dzin \u2013 Nieoficjalny serwis\",\"description\":\"Nieoficjalny serwis B\u0119dzi\u0144skiego Klubu Sportowego &quot;Sarmacja&quot;\",\"potentialAction\":[{\"@type\":\"SearchAction\",\"target\":{\"@type\":\"EntryPoint\",\"urlTemplate\":\"https:\/\/sarmacjabedzin.pl\/?s={search_term_string}\"},\"query-input\":{\"@type\":\"PropertyValueSpecification\",\"valueRequired\":true,\"valueName\":\"search_term_string\"}}],\"inLanguage\":\"pl-PL\"},{\"@type\":\"Person\",\"@id\":\"https:\/\/sarmacjabedzin.pl\/#\/schema\/person\/5417ea7b03bcd9adf58298a2265ce03a\",\"name\":\"tyrtak\",\"image\":{\"@type\":\"ImageObject\",\"inLanguage\":\"pl-PL\",\"@id\":\"https:\/\/sarmacjabedzin.pl\/#\/schema\/person\/image\/\",\"url\":\"https:\/\/secure.gravatar.com\/avatar\/49b7734c6795cf524710e96813a9fedc1ae3816e479d92490236b4cfc47a5ae1?s=96&d=mm&r=g\",\"contentUrl\":\"https:\/\/secure.gravatar.com\/avatar\/49b7734c6795cf524710e96813a9fedc1ae3816e479d92490236b4cfc47a5ae1?s=96&d=mm&r=g\",\"caption\":\"tyrtak\"}}]}<\/script>\n<!-- \/ Yoast SEO plugin. -->","yoast_head_json":{"title":"Tylko remis | BKS Sarmacja B\u0119dzin","robots":{"index":"index","follow":"follow","max-snippet":"max-snippet:-1","max-image-preview":"max-image-preview:large","max-video-preview":"max-video-preview:-1"},"canonical":"https:\/\/sarmacjabedzin.pl\/index.php\/2018\/09\/29\/tylko-remis-2\/","og_locale":"pl_PL","og_type":"article","og_title":"Tylko remis | BKS Sarmacja B\u0119dzin","og_description":"Dzi\u015b 29.09.2018 roku o godz.16.00 pi\u0142karze Sarmacji B\u0119dzin go\u015bcili na w\u0142asnym obiekcie dru\u017cyn\u0119 Unii Kosztowy. Po ostatniej pora\u017cce na w\u0142asne \u017cyczenie z Szombierkami Bytom podopieczni trenera Szymona Stawowego przed w\u0142asna publiczno\u015bci\u0105 chcieli si\u0119gn\u0105\u0107 po komplet punkt\u00f3w.Jednak s\u0105siaduj\u0105cy z nimi w tabeli rywale nie zamierzali u\u0142atwi\u0107 im tego zadania.Dzi\u015b w sk\u0142adzie Sarmacji nie m\u00f3g\u0142 wyst\u0105pi\u0107 nasz...","og_url":"https:\/\/sarmacjabedzin.pl\/index.php\/2018\/09\/29\/tylko-remis-2\/","og_site_name":"BKS Sarmacja B\u0119dzin","article_publisher":"https:\/\/www.facebook.com\/SarmacjaBedzin","article_published_time":"2018-09-29T16:35:36+00:00","og_image":[{"width":1280,"height":768,"url":"https:\/\/sarmacjabedzin.pl\/wp-content\/uploads\/2018\/09\/kosztowy2019.jpg","type":"image\/jpeg"}],"author":"tyrtak","twitter_card":"summary_large_image","twitter_misc":{"Napisane przez":"tyrtak","Szacowany czas czytania":"3 minuty"},"schema":{"@context":"https:\/\/schema.org","@graph":[{"@type":"WebPage","@id":"https:\/\/sarmacjabedzin.pl\/index.php\/2018\/09\/29\/tylko-remis-2\/","url":"https:\/\/sarmacjabedzin.pl\/index.php\/2018\/09\/29\/tylko-remis-2\/","name":"Tylko remis | BKS Sarmacja B\u0119dzin","isPartOf":{"@id":"https:\/\/sarmacjabedzin.pl\/#website"},"primaryImageOfPage":{"@id":"https:\/\/sarmacjabedzin.pl\/index.php\/2018\/09\/29\/tylko-remis-2\/#primaryimage"},"image":{"@id":"https:\/\/sarmacjabedzin.pl\/index.php\/2018\/09\/29\/tylko-remis-2\/#primaryimage"},"thumbnailUrl":"https:\/\/sarmacjabedzin.pl\/wp-content\/uploads\/2018\/09\/kosztowy2019.jpg","datePublished":"2018-09-29T16:35:36+00:00","author":{"@id":"https:\/\/sarmacjabedzin.pl\/#\/schema\/person\/5417ea7b03bcd9adf58298a2265ce03a"},"breadcrumb":{"@id":"https:\/\/sarmacjabedzin.pl\/index.php\/2018\/09\/29\/tylko-remis-2\/#breadcrumb"},"inLanguage":"pl-PL","potentialAction":[{"@type":"ReadAction","target":["https:\/\/sarmacjabedzin.pl\/index.php\/2018\/09\/29\/tylko-remis-2\/"]}]},{"@type":"ImageObject","inLanguage":"pl-PL","@id":"https:\/\/sarmacjabedzin.pl\/index.php\/2018\/09\/29\/tylko-remis-2\/#primaryimage","url":"https:\/\/sarmacjabedzin.pl\/wp-content\/uploads\/2018\/09\/kosztowy2019.jpg","contentUrl":"https:\/\/sarmacjabedzin.pl\/wp-content\/uploads\/2018\/09\/kosztowy2019.jpg","width":1280,"height":768},{"@type":"BreadcrumbList","@id":"https:\/\/sarmacjabedzin.pl\/index.php\/2018\/09\/29\/tylko-remis-2\/#breadcrumb","itemListElement":[{"@type":"ListItem","position":1,"name":"Strona g\u0142\u00f3wna","item":"https:\/\/sarmacjabedzin.pl\/"},{"@type":"ListItem","position":2,"name":"Tylko remis"}]},{"@type":"WebSite","@id":"https:\/\/sarmacjabedzin.pl\/#website","url":"https:\/\/sarmacjabedzin.pl\/","name":"BKS Sarmacja B\u0119dzin \u2013 Nieoficjalny serwis","description":"Nieoficjalny serwis B\u0119dzi\u0144skiego Klubu Sportowego &quot;Sarmacja&quot;","potentialAction":[{"@type":"SearchAction","target":{"@type":"EntryPoint","urlTemplate":"https:\/\/sarmacjabedzin.pl\/?s={search_term_string}"},"query-input":{"@type":"PropertyValueSpecification","valueRequired":true,"valueName":"search_term_string"}}],"inLanguage":"pl-PL"},{"@type":"Person","@id":"https:\/\/sarmacjabedzin.pl\/#\/schema\/person\/5417ea7b03bcd9adf58298a2265ce03a","name":"tyrtak","image":{"@type":"ImageObject","inLanguage":"pl-PL","@id":"https:\/\/sarmacjabedzin.pl\/#\/schema\/person\/image\/","url":"https:\/\/secure.gravatar.com\/avatar\/49b7734c6795cf524710e96813a9fedc1ae3816e479d92490236b4cfc47a5ae1?s=96&d=mm&r=g","contentUrl":"https:\/\/secure.gravatar.com\/avatar\/49b7734c6795cf524710e96813a9fedc1ae3816e479d92490236b4cfc47a5ae1?s=96&d=mm&r=g","caption":"tyrtak"}}]}},"rttpg_featured_image_url":{"full":["https:\/\/sarmacjabedzin.pl\/wp-content\/uploads\/2018\/09\/kosztowy2019.jpg",1280,768,false],"landscape":["https:\/\/sarmacjabedzin.pl\/wp-content\/uploads\/2018\/09\/kosztowy2019.jpg",1280,768,false],"portraits":["https:\/\/sarmacjabedzin.pl\/wp-content\/uploads\/2018\/09\/kosztowy2019.jpg",1280,768,false],"thumbnail":["https:\/\/sarmacjabedzin.pl\/wp-content\/uploads\/2018\/09\/kosztowy2019-150x150.jpg",150,150,true],"medium":["https:\/\/sarmacjabedzin.pl\/wp-content\/uploads\/2018\/09\/kosztowy2019-300x180.jpg",300,180,true],"large":["https:\/\/sarmacjabedzin.pl\/wp-content\/uploads\/2018\/09\/kosztowy2019-1024x614.jpg",1024,614,true],"1536x1536":["https:\/\/sarmacjabedzin.pl\/wp-content\/uploads\/2018\/09\/kosztowy2019.jpg",1280,768,false],"2048x2048":["https:\/\/sarmacjabedzin.pl\/wp-content\/uploads\/2018\/09\/kosztowy2019.jpg",1280,768,false],"sportspress-crop-medium":["https:\/\/sarmacjabedzin.pl\/wp-content\/uploads\/2018\/09\/kosztowy2019-300x300.jpg",300,300,true],"sportspress-fit-medium":["https:\/\/sarmacjabedzin.pl\/wp-content\/uploads\/2018\/09\/kosztowy2019-300x180.jpg",300,180,true],"sportspress-fit-icon":["https:\/\/sarmacjabedzin.pl\/wp-content\/uploads\/2018\/09\/kosztowy2019-128x77.jpg",128,77,true],"sportspress-fit-mini":["https:\/\/sarmacjabedzin.pl\/wp-content\/uploads\/2018\/09\/kosztowy2019-32x19.jpg",32,19,true],"ultp_layout_landscape_large":["https:\/\/sarmacjabedzin.pl\/wp-content\/uploads\/2018\/09\/kosztowy2019.jpg",1200,720,false],"ultp_layout_landscape":["https:\/\/sarmacjabedzin.pl\/wp-content\/uploads\/2018\/09\/kosztowy2019.jpg",870,522,false],"ultp_layout_portrait":["https:\/\/sarmacjabedzin.pl\/wp-content\/uploads\/2018\/09\/kosztowy2019.jpg",600,360,false],"ultp_layout_square":["https:\/\/sarmacjabedzin.pl\/wp-content\/uploads\/2018\/09\/kosztowy2019.jpg",600,360,false],"stm-1140-666":["https:\/\/sarmacjabedzin.pl\/wp-content\/uploads\/2018\/09\/kosztowy2019-1140x666.jpg",1140,666,true],"stm-1170-650":["https:\/\/sarmacjabedzin.pl\/wp-content\/uploads\/2018\/09\/kosztowy2019-1170x650.jpg",1170,650,true],"stm-570-350":["https:\/\/sarmacjabedzin.pl\/wp-content\/uploads\/2018\/09\/kosztowy2019-570x350.jpg",570,350,true],"stm-570-250":["https:\/\/sarmacjabedzin.pl\/wp-content\/uploads\/2018\/09\/kosztowy2019-570x250.jpg",570,250,true],"stm-270-370":["https:\/\/sarmacjabedzin.pl\/wp-content\/uploads\/2018\/09\/kosztowy2019-270x370.jpg",270,370,true],"stm-540-500":["https:\/\/sarmacjabedzin.pl\/wp-content\/uploads\/2018\/09\/kosztowy2019-540x500.jpg",540,500,true],"stm-270-530":["https:\/\/sarmacjabedzin.pl\/wp-content\/uploads\/2018\/09\/kosztowy2019-270x530.jpg",270,530,true],"stm-200-200":["https:\/\/sarmacjabedzin.pl\/wp-content\/uploads\/2018\/09\/kosztowy2019-200x200.jpg",200,200,true],"stm-85-105":["https:\/\/sarmacjabedzin.pl\/wp-content\/uploads\/2018\/09\/kosztowy2019-85x105.jpg",85,105,true],"stm-255-255":["https:\/\/sarmacjabedzin.pl\/wp-content\/uploads\/2018\/09\/kosztowy2019-255x255.jpg",255,255,true],"stm-360-240":["https:\/\/sarmacjabedzin.pl\/wp-content\/uploads\/2018\/09\/kosztowy2019-360x240.jpg",360,240,true],"stm-360-495":["https:\/\/sarmacjabedzin.pl\/wp-content\/uploads\/2018\/09\/kosztowy2019-360x495.jpg",360,495,true],"stm-445-400":["https:\/\/sarmacjabedzin.pl\/wp-content\/uploads\/2018\/09\/kosztowy2019-445x400.jpg",445,400,true],"stm-735-240":["https:\/\/sarmacjabedzin.pl\/wp-content\/uploads\/2018\/09\/kosztowy2019-735x240.jpg",735,240,true],"stm-255-183":["https:\/\/sarmacjabedzin.pl\/wp-content\/uploads\/2018\/09\/kosztowy2019-255x183.jpg",255,183,true],"stm-350-250":["https:\/\/sarmacjabedzin.pl\/wp-content\/uploads\/2018\/09\/kosztowy2019-350x250.jpg",350,250,true],"blog_list":["https:\/\/sarmacjabedzin.pl\/wp-content\/uploads\/2018\/09\/kosztowy2019-270x220.jpg",270,220,true],"blog_list_medium":["https:\/\/sarmacjabedzin.pl\/wp-content\/uploads\/2018\/09\/kosztowy2019-390x345.jpg",390,345,true],"gallery_thumbnail":["https:\/\/sarmacjabedzin.pl\/wp-content\/uploads\/2018\/09\/kosztowy2019-80x80.jpg",80,80,true],"gallery_image":["https:\/\/sarmacjabedzin.pl\/wp-content\/uploads\/2018\/09\/kosztowy2019-560x367.jpg",560,367,true],"gallery_image_mini":["https:\/\/sarmacjabedzin.pl\/wp-content\/uploads\/2018\/09\/kosztowy2019-143x116.jpg",143,116,true],"player_photo":["https:\/\/sarmacjabedzin.pl\/wp-content\/uploads\/2018\/09\/kosztowy2019-740x740.jpg",740,740,true],"team_logo":["https:\/\/sarmacjabedzin.pl\/wp-content\/uploads\/2018\/09\/kosztowy2019-98x59.jpg",98,59,true],"player_stat_ava":["https:\/\/sarmacjabedzin.pl\/wp-content\/uploads\/2018\/09\/kosztowy2019-550x580.jpg",550,580,true],"post-350-220":["https:\/\/sarmacjabedzin.pl\/wp-content\/uploads\/2018\/09\/kosztowy2019-350x220.jpg",350,220,true],"post-275-142":["https:\/\/sarmacjabedzin.pl\/wp-content\/uploads\/2018\/09\/kosztowy2019-275x142.jpg",275,142,true],"post-160-120":["https:\/\/sarmacjabedzin.pl\/wp-content\/uploads\/2018\/09\/kosztowy2019-160x120.jpg",160,120,true],"post-110-70":["https:\/\/sarmacjabedzin.pl\/wp-content\/uploads\/2018\/09\/kosztowy2019-110x70.jpg",110,70,true],"post-770-450":["https:\/\/sarmacjabedzin.pl\/wp-content\/uploads\/2018\/09\/kosztowy2019-770x450.jpg",770,450,true],"post-370-210":["https:\/\/sarmacjabedzin.pl\/wp-content\/uploads\/2018\/09\/kosztowy2019-370x210.jpg",370,210,true],"post-457-470":["https:\/\/sarmacjabedzin.pl\/wp-content\/uploads\/2018\/09\/kosztowy2019-457x470.jpg",457,470,true],"post-370-420":["https:\/\/sarmacjabedzin.pl\/wp-content\/uploads\/2018\/09\/kosztowy2019-370x420.jpg",370,420,true],"stm-445-445":["https:\/\/sarmacjabedzin.pl\/wp-content\/uploads\/2018\/09\/kosztowy2019-445x445.jpg",445,445,true],"stm-555-460":["https:\/\/sarmacjabedzin.pl\/wp-content\/uploads\/2018\/09\/kosztowy2019-555x460.jpg",555,460,true],"stm-350-450":["https:\/\/sarmacjabedzin.pl\/wp-content\/uploads\/2018\/09\/kosztowy2019-350x450.jpg",350,450,true],"stm-720-440":["https:\/\/sarmacjabedzin.pl\/wp-content\/uploads\/2018\/09\/kosztowy2019-720x440.jpg",720,440,true],"stm-270-270":["https:\/\/sarmacjabedzin.pl\/wp-content\/uploads\/2018\/09\/kosztowy2019.jpg",270,162,false],"stm-760-450":["https:\/\/sarmacjabedzin.pl\/wp-content\/uploads\/2018\/09\/kosztowy2019.jpg",750,450,false]},"rttpg_author":{"display_name":"tyrtak","author_link":false},"rttpg_comment":0,"rttpg_category":"<a href=\"https:\/\/sarmacjabedzin.pl\/index.php\/category\/soccer\/\" rel=\"category tag\">Liga<\/a>","rttpg_excerpt":"Dzi\u015b 29.09.2018 roku o godz.16.00 pi\u0142karze Sarmacji B\u0119dzin go\u015bcili na w\u0142asnym obiekcie dru\u017cyn\u0119 Unii Kosztowy. Po ostatniej pora\u017cce na w\u0142asne \u017cyczenie z Szombierkami Bytom podopieczni trenera Szymona Stawowego przed w\u0142asna publiczno\u015bci\u0105 chcieli si\u0119gn\u0105\u0107 po komplet punkt\u00f3w.Jednak s\u0105siaduj\u0105cy z nimi w tabeli rywale nie zamierzali u\u0142atwi\u0107 im tego zadania.Dzi\u015b w sk\u0142adzie Sarmacji nie m\u00f3g\u0142 wyst\u0105pi\u0107 nasz...","_links":{"self":[{"href":"https:\/\/sarmacjabedzin.pl\/index.php\/wp-json\/wp\/v2\/posts\/1243","targetHints":{"allow":["GET"]}}],"collection":[{"href":"https:\/\/sarmacjabedzin.pl\/index.php\/wp-json\/wp\/v2\/posts"}],"about":[{"href":"https:\/\/sarmacjabedzin.pl\/index.php\/wp-json\/wp\/v2\/types\/post"}],"author":[{"embeddable":true,"href":"https:\/\/sarmacjabedzin.pl\/index.php\/wp-json\/wp\/v2\/users\/1"}],"replies":[{"embeddable":true,"href":"https:\/\/sarmacjabedzin.pl\/index.php\/wp-json\/wp\/v2\/comments?post=1243"}],"version-history":[{"count":0,"href":"https:\/\/sarmacjabedzin.pl\/index.php\/wp-json\/wp\/v2\/posts\/1243\/revisions"}],"wp:featuredmedia":[{"embeddable":true,"href":"https:\/\/sarmacjabedzin.pl\/index.php\/wp-json\/wp\/v2\/media\/1242"}],"wp:attachment":[{"href":"https:\/\/sarmacjabedzin.pl\/index.php\/wp-json\/wp\/v2\/media?parent=1243"}],"wp:term":[{"taxonomy":"category","embeddable":true,"href":"https:\/\/sarmacjabedzin.pl\/index.php\/wp-json\/wp\/v2\/categories?post=1243"},{"taxonomy":"post_tag","embeddable":true,"href":"https:\/\/sarmacjabedzin.pl\/index.php\/wp-json\/wp\/v2\/tags?post=1243"}],"curies":[{"name":"wp","href":"https:\/\/api.w.org\/{rel}","templated":true}]}}