{"id":1262,"date":"2018-10-21T21:49:25","date_gmt":"2018-10-21T19:49:25","guid":{"rendered":"http:\/\/sarmacjabedzin.pl\/index.php\/2018\/10\/21\/sarmacja-gromi-psary\/"},"modified":"2018-10-21T21:49:25","modified_gmt":"2018-10-21T19:49:25","slug":"sarmacja-gromi-psary","status":"publish","type":"post","link":"https:\/\/sarmacjabedzin.pl\/index.php\/2018\/10\/21\/sarmacja-gromi-psary\/","title":{"rendered":"Sarmacja gromi Psary!"},"content":{"rendered":"<p style=\"margin-bottom: 0cm;\">\u00a0<\/p>\n<p style=\"margin-bottom: 0cm;\">Dzi\u015b 21.10.2018 roku o godz.15.00 pi\u0142karze rezerw Sarmacji B\u0119dzin w ramach rozgrywek ligowych B-klasy go\u015bcili na w\u0142asnym stadionie dru\u017cyn\u0119 Gmina II Psary.<\/p>\n<p style=\"margin-bottom: 0cm;\">Rywale na spotkanie to przyjechali w mocno okrojonym sk\u0142adzie. Na muraw\u0119 wybiegli w dziesi\u0105tk\u0119. Mimo to przez ca\u0142\u0105 pierwsz\u0105 po\u0142ow\u0119 skutecznie stawiali op\u00f3r zdecydowanie szybszej m\u0142odzie\u017cy b\u0119dzi\u0144skiej. <br \/>Sarmaci maj\u0105c zdecydowan\u0105 przewag\u0119 d\u0142ugo nie potrafili znale\u017a\u0107 sposobu na zdobycie pierwszego gola. Du\u017ca ilo\u015b\u0107 strza\u0142\u00f3w z dystansu w wykonaniu gospodarzy mija\u0142a cz\u0119sto \u015bwiat\u0142o bramki rywala.<br \/>Dopiero w 66 minucie wyra\u017any znak do ataku da\u0142 kapitan Sarmat\u00f3w Micha\u0142 Dul, kt\u00f3ry pi\u0119kn\u0105 g\u0142\u00f3wk\u0105 otworzy\u0142 rezultat tego spotkania.<\/p>\n<p style=\"margin-bottom: 0cm;\">Niespe\u0142na dwie minuty p\u00f3\u017aniej kapitalnym uderzeniem w samo okienko bramki przyjezdnych popisa\u0142 si\u0119 zawodnik gospodarzy Dawid Kukuryk podwy\u017cszaj\u0105c rezultat tego spotkania na 2:0. <br \/>Kilka chwil p\u00f3\u017aniej najbardziej do\u015bwiadczony zawodnik b\u0119dzinian Klaudiusz Ku\u0142aga udowodni\u0142 swoje umiej\u0119tno\u015bci zdobyciem dw\u00f3ch bramek.<\/p>\n<p style=\"margin-bottom: 0cm;\">Oba gole pad\u0142y po przepi\u0119knym uderzeniu zza pola karnego rywala.<br \/>Ogromna przewaga miejscowych w ko\u0144c\u00f3wce spotkania przynios\u0142a szybkie efekty w postaci kolejnych bramek.<\/p>\n<p style=\"margin-bottom: 0cm;\">W 83 minucie \u015bwietne podanie z lewej strony pola karnego wykorzysta\u0142 strzelec pierwszego gola Micha\u0142 Dul, kt\u00f3ry z \u0142atwo\u015bci\u0105 umie\u015bci\u0142 pi\u0142k\u0119 w siatce przyjezdnych.<\/p>\n<p style=\"margin-bottom: 0cm;\">Wyczerpani fizycznie go\u015bcie nie byli wstanie przeciwstawi\u0107 si\u0119 szybkim i skutecznym gospodarzom.<\/p>\n<p style=\"margin-bottom: 0cm;\">W 86 minucie b\u0119dzinianie po strzale Macieja Matusika zdobyli sz\u00f3stego gola.<\/p>\n<p style=\"margin-bottom: 0cm;\">Przy odrobinie wi\u0119kszej dok\u0142adno\u015bci i skuteczno\u015bci naszych pi\u0142karzy wynik m\u00f3g\u0142 zdecydowanie wy\u017cszy.<br \/>Dzisiejsze zwyci\u0119stwo podopiecznych trenera Roberta Kr\u0119ciwilka 6:0 da\u0142o Sarmatom awans na 6 miejsce w tabeli. <\/p>\n<p style=\"margin-bottom: 0cm;\">\u00a0<\/p>\n<p style=\"margin-bottom: 0cm;\"><strong>Sarmacja B\u0119dzin \u2013 Gmina II Psary 6:0 (0:0)<\/strong><\/p>\n<p style=\"margin-bottom: 0cm;\"><strong>Bramki:<\/strong><br \/>66&#8242;, 82&#8242; Dul<\/p>\n<p style=\"margin-bottom: 0cm;\">68&#8242; Kukuryk<\/p>\n<p style=\"margin-bottom: 0cm;\">70&#8242;, 72&#8242; Ku\u0142aga<\/p>\n<p style=\"margin-bottom: 0cm;\">86&#8242; Matusik<\/p>\n","protected":false},"excerpt":{"rendered":"<p>\u00a0 Dzi\u015b 21.10.2018 roku o godz.15.00 pi\u0142karze rezerw Sarmacji B\u0119dzin w ramach rozgrywek ligowych B-klasy go\u015bcili na w\u0142asnym stadionie dru\u017cyn\u0119 Gmina II Psary. Rywale na spotkanie to przyjechali w mocno okrojonym sk\u0142adzie. Na muraw\u0119 wybiegli w dziesi\u0105tk\u0119. Mimo to przez ca\u0142\u0105 pierwsz\u0105 po\u0142ow\u0119 skutecznie stawiali op\u00f3r zdecydowanie szybszej m\u0142odzie\u017cy b\u0119dzi\u0144skiej. Sarmaci maj\u0105c zdecydowan\u0105 przewag\u0119 d\u0142ugo&#8230;<\/p>\n","protected":false},"author":1,"featured_media":1244,"comment_status":"open","ping_status":"open","sticky":false,"template":"","format":"standard","meta":{"footnotes":""},"categories":[1],"tags":[],"class_list":["post-1262","post","type-post","status-publish","format-standard","has-post-thumbnail","hentry","category-aktualnosci"],"yoast_head":"<!-- This site is optimized with the Yoast SEO plugin v25.8 - https:\/\/yoast.com\/wordpress\/plugins\/seo\/ -->\n<title>Sarmacja gromi Psary! | BKS Sarmacja B\u0119dzin<\/title>\n<meta name=\"robots\" content=\"index, follow, max-snippet:-1, max-image-preview:large, max-video-preview:-1\" \/>\n<link rel=\"canonical\" href=\"https:\/\/sarmacjabedzin.pl\/index.php\/2018\/10\/21\/sarmacja-gromi-psary\/\" \/>\n<meta property=\"og:locale\" content=\"pl_PL\" \/>\n<meta property=\"og:type\" content=\"article\" \/>\n<meta property=\"og:title\" content=\"Sarmacja gromi Psary! | BKS Sarmacja B\u0119dzin\" \/>\n<meta property=\"og:description\" content=\"\u00a0 Dzi\u015b 21.10.2018 roku o godz.15.00 pi\u0142karze rezerw Sarmacji B\u0119dzin w ramach rozgrywek ligowych B-klasy go\u015bcili na w\u0142asnym stadionie dru\u017cyn\u0119 Gmina II Psary. Rywale na spotkanie to przyjechali w mocno okrojonym sk\u0142adzie. Na muraw\u0119 wybiegli w dziesi\u0105tk\u0119. Mimo to przez ca\u0142\u0105 pierwsz\u0105 po\u0142ow\u0119 skutecznie stawiali op\u00f3r zdecydowanie szybszej m\u0142odzie\u017cy b\u0119dzi\u0144skiej. Sarmaci maj\u0105c zdecydowan\u0105 przewag\u0119 d\u0142ugo...\" \/>\n<meta property=\"og:url\" content=\"https:\/\/sarmacjabedzin.pl\/index.php\/2018\/10\/21\/sarmacja-gromi-psary\/\" \/>\n<meta property=\"og:site_name\" content=\"BKS Sarmacja B\u0119dzin\" \/>\n<meta property=\"article:publisher\" content=\"https:\/\/www.facebook.com\/SarmacjaBedzin\" \/>\n<meta property=\"article:published_time\" content=\"2018-10-21T19:49:25+00:00\" \/>\n<meta property=\"og:image\" content=\"https:\/\/sarmacjabedzin.pl\/wp-content\/uploads\/2018\/09\/rezerwy-liga.jpg\" \/>\n\t<meta property=\"og:image:width\" content=\"1280\" \/>\n\t<meta property=\"og:image:height\" content=\"768\" \/>\n\t<meta property=\"og:image:type\" content=\"image\/jpeg\" \/>\n<meta name=\"author\" content=\"tyrtak\" \/>\n<meta name=\"twitter:card\" content=\"summary_large_image\" \/>\n<meta name=\"twitter:label1\" content=\"Napisane przez\" \/>\n\t<meta name=\"twitter:data1\" content=\"tyrtak\" \/>\n\t<meta name=\"twitter:label2\" content=\"Szacowany czas czytania\" \/>\n\t<meta name=\"twitter:data2\" content=\"1 minuta\" \/>\n<script type=\"application\/ld+json\" class=\"yoast-schema-graph\">{\"@context\":\"https:\/\/schema.org\",\"@graph\":[{\"@type\":\"WebPage\",\"@id\":\"https:\/\/sarmacjabedzin.pl\/index.php\/2018\/10\/21\/sarmacja-gromi-psary\/\",\"url\":\"https:\/\/sarmacjabedzin.pl\/index.php\/2018\/10\/21\/sarmacja-gromi-psary\/\",\"name\":\"Sarmacja gromi Psary! | BKS Sarmacja B\u0119dzin\",\"isPartOf\":{\"@id\":\"https:\/\/sarmacjabedzin.pl\/#website\"},\"primaryImageOfPage\":{\"@id\":\"https:\/\/sarmacjabedzin.pl\/index.php\/2018\/10\/21\/sarmacja-gromi-psary\/#primaryimage\"},\"image\":{\"@id\":\"https:\/\/sarmacjabedzin.pl\/index.php\/2018\/10\/21\/sarmacja-gromi-psary\/#primaryimage\"},\"thumbnailUrl\":\"https:\/\/sarmacjabedzin.pl\/wp-content\/uploads\/2018\/09\/rezerwy-liga.jpg\",\"datePublished\":\"2018-10-21T19:49:25+00:00\",\"author\":{\"@id\":\"https:\/\/sarmacjabedzin.pl\/#\/schema\/person\/5417ea7b03bcd9adf58298a2265ce03a\"},\"breadcrumb\":{\"@id\":\"https:\/\/sarmacjabedzin.pl\/index.php\/2018\/10\/21\/sarmacja-gromi-psary\/#breadcrumb\"},\"inLanguage\":\"pl-PL\",\"potentialAction\":[{\"@type\":\"ReadAction\",\"target\":[\"https:\/\/sarmacjabedzin.pl\/index.php\/2018\/10\/21\/sarmacja-gromi-psary\/\"]}]},{\"@type\":\"ImageObject\",\"inLanguage\":\"pl-PL\",\"@id\":\"https:\/\/sarmacjabedzin.pl\/index.php\/2018\/10\/21\/sarmacja-gromi-psary\/#primaryimage\",\"url\":\"https:\/\/sarmacjabedzin.pl\/wp-content\/uploads\/2018\/09\/rezerwy-liga.jpg\",\"contentUrl\":\"https:\/\/sarmacjabedzin.pl\/wp-content\/uploads\/2018\/09\/rezerwy-liga.jpg\",\"width\":1280,\"height\":768},{\"@type\":\"BreadcrumbList\",\"@id\":\"https:\/\/sarmacjabedzin.pl\/index.php\/2018\/10\/21\/sarmacja-gromi-psary\/#breadcrumb\",\"itemListElement\":[{\"@type\":\"ListItem\",\"position\":1,\"name\":\"Strona g\u0142\u00f3wna\",\"item\":\"https:\/\/sarmacjabedzin.pl\/\"},{\"@type\":\"ListItem\",\"position\":2,\"name\":\"Sarmacja gromi Psary!\"}]},{\"@type\":\"WebSite\",\"@id\":\"https:\/\/sarmacjabedzin.pl\/#website\",\"url\":\"https:\/\/sarmacjabedzin.pl\/\",\"name\":\"BKS Sarmacja B\u0119dzin \u2013 Nieoficjalny serwis\",\"description\":\"Nieoficjalny serwis B\u0119dzi\u0144skiego Klubu Sportowego &quot;Sarmacja&quot;\",\"potentialAction\":[{\"@type\":\"SearchAction\",\"target\":{\"@type\":\"EntryPoint\",\"urlTemplate\":\"https:\/\/sarmacjabedzin.pl\/?s={search_term_string}\"},\"query-input\":{\"@type\":\"PropertyValueSpecification\",\"valueRequired\":true,\"valueName\":\"search_term_string\"}}],\"inLanguage\":\"pl-PL\"},{\"@type\":\"Person\",\"@id\":\"https:\/\/sarmacjabedzin.pl\/#\/schema\/person\/5417ea7b03bcd9adf58298a2265ce03a\",\"name\":\"tyrtak\",\"image\":{\"@type\":\"ImageObject\",\"inLanguage\":\"pl-PL\",\"@id\":\"https:\/\/sarmacjabedzin.pl\/#\/schema\/person\/image\/\",\"url\":\"https:\/\/secure.gravatar.com\/avatar\/49b7734c6795cf524710e96813a9fedc1ae3816e479d92490236b4cfc47a5ae1?s=96&d=mm&r=g\",\"contentUrl\":\"https:\/\/secure.gravatar.com\/avatar\/49b7734c6795cf524710e96813a9fedc1ae3816e479d92490236b4cfc47a5ae1?s=96&d=mm&r=g\",\"caption\":\"tyrtak\"}}]}<\/script>\n<!-- \/ Yoast SEO plugin. -->","yoast_head_json":{"title":"Sarmacja gromi Psary! | BKS Sarmacja B\u0119dzin","robots":{"index":"index","follow":"follow","max-snippet":"max-snippet:-1","max-image-preview":"max-image-preview:large","max-video-preview":"max-video-preview:-1"},"canonical":"https:\/\/sarmacjabedzin.pl\/index.php\/2018\/10\/21\/sarmacja-gromi-psary\/","og_locale":"pl_PL","og_type":"article","og_title":"Sarmacja gromi Psary! | BKS Sarmacja B\u0119dzin","og_description":"\u00a0 Dzi\u015b 21.10.2018 roku o godz.15.00 pi\u0142karze rezerw Sarmacji B\u0119dzin w ramach rozgrywek ligowych B-klasy go\u015bcili na w\u0142asnym stadionie dru\u017cyn\u0119 Gmina II Psary. Rywale na spotkanie to przyjechali w mocno okrojonym sk\u0142adzie. Na muraw\u0119 wybiegli w dziesi\u0105tk\u0119. Mimo to przez ca\u0142\u0105 pierwsz\u0105 po\u0142ow\u0119 skutecznie stawiali op\u00f3r zdecydowanie szybszej m\u0142odzie\u017cy b\u0119dzi\u0144skiej. Sarmaci maj\u0105c zdecydowan\u0105 przewag\u0119 d\u0142ugo...","og_url":"https:\/\/sarmacjabedzin.pl\/index.php\/2018\/10\/21\/sarmacja-gromi-psary\/","og_site_name":"BKS Sarmacja B\u0119dzin","article_publisher":"https:\/\/www.facebook.com\/SarmacjaBedzin","article_published_time":"2018-10-21T19:49:25+00:00","og_image":[{"width":1280,"height":768,"url":"https:\/\/sarmacjabedzin.pl\/wp-content\/uploads\/2018\/09\/rezerwy-liga.jpg","type":"image\/jpeg"}],"author":"tyrtak","twitter_card":"summary_large_image","twitter_misc":{"Napisane przez":"tyrtak","Szacowany czas czytania":"1 minuta"},"schema":{"@context":"https:\/\/schema.org","@graph":[{"@type":"WebPage","@id":"https:\/\/sarmacjabedzin.pl\/index.php\/2018\/10\/21\/sarmacja-gromi-psary\/","url":"https:\/\/sarmacjabedzin.pl\/index.php\/2018\/10\/21\/sarmacja-gromi-psary\/","name":"Sarmacja gromi Psary! | BKS Sarmacja B\u0119dzin","isPartOf":{"@id":"https:\/\/sarmacjabedzin.pl\/#website"},"primaryImageOfPage":{"@id":"https:\/\/sarmacjabedzin.pl\/index.php\/2018\/10\/21\/sarmacja-gromi-psary\/#primaryimage"},"image":{"@id":"https:\/\/sarmacjabedzin.pl\/index.php\/2018\/10\/21\/sarmacja-gromi-psary\/#primaryimage"},"thumbnailUrl":"https:\/\/sarmacjabedzin.pl\/wp-content\/uploads\/2018\/09\/rezerwy-liga.jpg","datePublished":"2018-10-21T19:49:25+00:00","author":{"@id":"https:\/\/sarmacjabedzin.pl\/#\/schema\/person\/5417ea7b03bcd9adf58298a2265ce03a"},"breadcrumb":{"@id":"https:\/\/sarmacjabedzin.pl\/index.php\/2018\/10\/21\/sarmacja-gromi-psary\/#breadcrumb"},"inLanguage":"pl-PL","potentialAction":[{"@type":"ReadAction","target":["https:\/\/sarmacjabedzin.pl\/index.php\/2018\/10\/21\/sarmacja-gromi-psary\/"]}]},{"@type":"ImageObject","inLanguage":"pl-PL","@id":"https:\/\/sarmacjabedzin.pl\/index.php\/2018\/10\/21\/sarmacja-gromi-psary\/#primaryimage","url":"https:\/\/sarmacjabedzin.pl\/wp-content\/uploads\/2018\/09\/rezerwy-liga.jpg","contentUrl":"https:\/\/sarmacjabedzin.pl\/wp-content\/uploads\/2018\/09\/rezerwy-liga.jpg","width":1280,"height":768},{"@type":"BreadcrumbList","@id":"https:\/\/sarmacjabedzin.pl\/index.php\/2018\/10\/21\/sarmacja-gromi-psary\/#breadcrumb","itemListElement":[{"@type":"ListItem","position":1,"name":"Strona g\u0142\u00f3wna","item":"https:\/\/sarmacjabedzin.pl\/"},{"@type":"ListItem","position":2,"name":"Sarmacja gromi Psary!"}]},{"@type":"WebSite","@id":"https:\/\/sarmacjabedzin.pl\/#website","url":"https:\/\/sarmacjabedzin.pl\/","name":"BKS Sarmacja B\u0119dzin \u2013 Nieoficjalny serwis","description":"Nieoficjalny serwis B\u0119dzi\u0144skiego Klubu Sportowego &quot;Sarmacja&quot;","potentialAction":[{"@type":"SearchAction","target":{"@type":"EntryPoint","urlTemplate":"https:\/\/sarmacjabedzin.pl\/?s={search_term_string}"},"query-input":{"@type":"PropertyValueSpecification","valueRequired":true,"valueName":"search_term_string"}}],"inLanguage":"pl-PL"},{"@type":"Person","@id":"https:\/\/sarmacjabedzin.pl\/#\/schema\/person\/5417ea7b03bcd9adf58298a2265ce03a","name":"tyrtak","image":{"@type":"ImageObject","inLanguage":"pl-PL","@id":"https:\/\/sarmacjabedzin.pl\/#\/schema\/person\/image\/","url":"https:\/\/secure.gravatar.com\/avatar\/49b7734c6795cf524710e96813a9fedc1ae3816e479d92490236b4cfc47a5ae1?s=96&d=mm&r=g","contentUrl":"https:\/\/secure.gravatar.com\/avatar\/49b7734c6795cf524710e96813a9fedc1ae3816e479d92490236b4cfc47a5ae1?s=96&d=mm&r=g","caption":"tyrtak"}}]}},"rttpg_featured_image_url":{"full":["https:\/\/sarmacjabedzin.pl\/wp-content\/uploads\/2018\/09\/rezerwy-liga.jpg",1280,768,false],"landscape":["https:\/\/sarmacjabedzin.pl\/wp-content\/uploads\/2018\/09\/rezerwy-liga.jpg",1280,768,false],"portraits":["https:\/\/sarmacjabedzin.pl\/wp-content\/uploads\/2018\/09\/rezerwy-liga.jpg",1280,768,false],"thumbnail":["https:\/\/sarmacjabedzin.pl\/wp-content\/uploads\/2018\/09\/rezerwy-liga-150x150.jpg",150,150,true],"medium":["https:\/\/sarmacjabedzin.pl\/wp-content\/uploads\/2018\/09\/rezerwy-liga-300x180.jpg",300,180,true],"large":["https:\/\/sarmacjabedzin.pl\/wp-content\/uploads\/2018\/09\/rezerwy-liga-1024x614.jpg",1024,614,true],"1536x1536":["https:\/\/sarmacjabedzin.pl\/wp-content\/uploads\/2018\/09\/rezerwy-liga.jpg",1280,768,false],"2048x2048":["https:\/\/sarmacjabedzin.pl\/wp-content\/uploads\/2018\/09\/rezerwy-liga.jpg",1280,768,false],"sportspress-crop-medium":["https:\/\/sarmacjabedzin.pl\/wp-content\/uploads\/2018\/09\/rezerwy-liga-300x300.jpg",300,300,true],"sportspress-fit-medium":["https:\/\/sarmacjabedzin.pl\/wp-content\/uploads\/2018\/09\/rezerwy-liga-300x180.jpg",300,180,true],"sportspress-fit-icon":["https:\/\/sarmacjabedzin.pl\/wp-content\/uploads\/2018\/09\/rezerwy-liga-128x77.jpg",128,77,true],"sportspress-fit-mini":["https:\/\/sarmacjabedzin.pl\/wp-content\/uploads\/2018\/09\/rezerwy-liga-32x19.jpg",32,19,true],"ultp_layout_landscape_large":["https:\/\/sarmacjabedzin.pl\/wp-content\/uploads\/2018\/09\/rezerwy-liga.jpg",1200,720,false],"ultp_layout_landscape":["https:\/\/sarmacjabedzin.pl\/wp-content\/uploads\/2018\/09\/rezerwy-liga.jpg",870,522,false],"ultp_layout_portrait":["https:\/\/sarmacjabedzin.pl\/wp-content\/uploads\/2018\/09\/rezerwy-liga.jpg",600,360,false],"ultp_layout_square":["https:\/\/sarmacjabedzin.pl\/wp-content\/uploads\/2018\/09\/rezerwy-liga.jpg",600,360,false],"stm-1140-666":["https:\/\/sarmacjabedzin.pl\/wp-content\/uploads\/2018\/09\/rezerwy-liga-1140x666.jpg",1140,666,true],"stm-1170-650":["https:\/\/sarmacjabedzin.pl\/wp-content\/uploads\/2018\/09\/rezerwy-liga-1170x650.jpg",1170,650,true],"stm-570-350":["https:\/\/sarmacjabedzin.pl\/wp-content\/uploads\/2018\/09\/rezerwy-liga-570x350.jpg",570,350,true],"stm-570-250":["https:\/\/sarmacjabedzin.pl\/wp-content\/uploads\/2018\/09\/rezerwy-liga-570x250.jpg",570,250,true],"stm-270-370":["https:\/\/sarmacjabedzin.pl\/wp-content\/uploads\/2018\/09\/rezerwy-liga-270x370.jpg",270,370,true],"stm-540-500":["https:\/\/sarmacjabedzin.pl\/wp-content\/uploads\/2018\/09\/rezerwy-liga-540x500.jpg",540,500,true],"stm-270-530":["https:\/\/sarmacjabedzin.pl\/wp-content\/uploads\/2018\/09\/rezerwy-liga-270x530.jpg",270,530,true],"stm-200-200":["https:\/\/sarmacjabedzin.pl\/wp-content\/uploads\/2018\/09\/rezerwy-liga-200x200.jpg",200,200,true],"stm-85-105":["https:\/\/sarmacjabedzin.pl\/wp-content\/uploads\/2018\/09\/rezerwy-liga-85x105.jpg",85,105,true],"stm-255-255":["https:\/\/sarmacjabedzin.pl\/wp-content\/uploads\/2018\/09\/rezerwy-liga-255x255.jpg",255,255,true],"stm-360-240":["https:\/\/sarmacjabedzin.pl\/wp-content\/uploads\/2018\/09\/rezerwy-liga-360x240.jpg",360,240,true],"stm-360-495":["https:\/\/sarmacjabedzin.pl\/wp-content\/uploads\/2018\/09\/rezerwy-liga-360x495.jpg",360,495,true],"stm-445-400":["https:\/\/sarmacjabedzin.pl\/wp-content\/uploads\/2018\/09\/rezerwy-liga-445x400.jpg",445,400,true],"stm-735-240":["https:\/\/sarmacjabedzin.pl\/wp-content\/uploads\/2018\/09\/rezerwy-liga-735x240.jpg",735,240,true],"stm-255-183":["https:\/\/sarmacjabedzin.pl\/wp-content\/uploads\/2018\/09\/rezerwy-liga-255x183.jpg",255,183,true],"stm-350-250":["https:\/\/sarmacjabedzin.pl\/wp-content\/uploads\/2018\/09\/rezerwy-liga-350x250.jpg",350,250,true],"blog_list":["https:\/\/sarmacjabedzin.pl\/wp-content\/uploads\/2018\/09\/rezerwy-liga-270x220.jpg",270,220,true],"blog_list_medium":["https:\/\/sarmacjabedzin.pl\/wp-content\/uploads\/2018\/09\/rezerwy-liga-390x345.jpg",390,345,true],"gallery_thumbnail":["https:\/\/sarmacjabedzin.pl\/wp-content\/uploads\/2018\/09\/rezerwy-liga-80x80.jpg",80,80,true],"gallery_image":["https:\/\/sarmacjabedzin.pl\/wp-content\/uploads\/2018\/09\/rezerwy-liga-560x367.jpg",560,367,true],"gallery_image_mini":["https:\/\/sarmacjabedzin.pl\/wp-content\/uploads\/2018\/09\/rezerwy-liga-143x116.jpg",143,116,true],"player_photo":["https:\/\/sarmacjabedzin.pl\/wp-content\/uploads\/2018\/09\/rezerwy-liga-740x740.jpg",740,740,true],"team_logo":["https:\/\/sarmacjabedzin.pl\/wp-content\/uploads\/2018\/09\/rezerwy-liga-98x59.jpg",98,59,true],"player_stat_ava":["https:\/\/sarmacjabedzin.pl\/wp-content\/uploads\/2018\/09\/rezerwy-liga-550x580.jpg",550,580,true],"post-350-220":["https:\/\/sarmacjabedzin.pl\/wp-content\/uploads\/2018\/09\/rezerwy-liga-350x220.jpg",350,220,true],"post-275-142":["https:\/\/sarmacjabedzin.pl\/wp-content\/uploads\/2018\/09\/rezerwy-liga-275x142.jpg",275,142,true],"post-160-120":["https:\/\/sarmacjabedzin.pl\/wp-content\/uploads\/2018\/09\/rezerwy-liga-160x120.jpg",160,120,true],"post-110-70":["https:\/\/sarmacjabedzin.pl\/wp-content\/uploads\/2018\/09\/rezerwy-liga-110x70.jpg",110,70,true],"post-770-450":["https:\/\/sarmacjabedzin.pl\/wp-content\/uploads\/2018\/09\/rezerwy-liga-770x450.jpg",770,450,true],"post-370-210":["https:\/\/sarmacjabedzin.pl\/wp-content\/uploads\/2018\/09\/rezerwy-liga-370x210.jpg",370,210,true],"post-457-470":["https:\/\/sarmacjabedzin.pl\/wp-content\/uploads\/2018\/09\/rezerwy-liga-457x470.jpg",457,470,true],"post-370-420":["https:\/\/sarmacjabedzin.pl\/wp-content\/uploads\/2018\/09\/rezerwy-liga-370x420.jpg",370,420,true],"stm-445-445":["https:\/\/sarmacjabedzin.pl\/wp-content\/uploads\/2018\/09\/rezerwy-liga-445x445.jpg",445,445,true],"stm-555-460":["https:\/\/sarmacjabedzin.pl\/wp-content\/uploads\/2018\/09\/rezerwy-liga-555x460.jpg",555,460,true],"stm-350-450":["https:\/\/sarmacjabedzin.pl\/wp-content\/uploads\/2018\/09\/rezerwy-liga-350x450.jpg",350,450,true],"stm-720-440":["https:\/\/sarmacjabedzin.pl\/wp-content\/uploads\/2018\/09\/rezerwy-liga-720x440.jpg",720,440,true],"stm-270-270":["https:\/\/sarmacjabedzin.pl\/wp-content\/uploads\/2018\/09\/rezerwy-liga.jpg",270,162,false],"stm-760-450":["https:\/\/sarmacjabedzin.pl\/wp-content\/uploads\/2018\/09\/rezerwy-liga.jpg",750,450,false]},"rttpg_author":{"display_name":"tyrtak","author_link":false},"rttpg_comment":0,"rttpg_category":"<a href=\"https:\/\/sarmacjabedzin.pl\/index.php\/category\/aktualnosci\/\" rel=\"category tag\">Aktualno\u015bci<\/a>","rttpg_excerpt":"\u00a0 Dzi\u015b 21.10.2018 roku o godz.15.00 pi\u0142karze rezerw Sarmacji B\u0119dzin w ramach rozgrywek ligowych B-klasy go\u015bcili na w\u0142asnym stadionie dru\u017cyn\u0119 Gmina II Psary. Rywale na spotkanie to przyjechali w mocno okrojonym sk\u0142adzie. Na muraw\u0119 wybiegli w dziesi\u0105tk\u0119. Mimo to przez ca\u0142\u0105 pierwsz\u0105 po\u0142ow\u0119 skutecznie stawiali op\u00f3r zdecydowanie szybszej m\u0142odzie\u017cy b\u0119dzi\u0144skiej. Sarmaci maj\u0105c zdecydowan\u0105 przewag\u0119 d\u0142ugo...","_links":{"self":[{"href":"https:\/\/sarmacjabedzin.pl\/index.php\/wp-json\/wp\/v2\/posts\/1262","targetHints":{"allow":["GET"]}}],"collection":[{"href":"https:\/\/sarmacjabedzin.pl\/index.php\/wp-json\/wp\/v2\/posts"}],"about":[{"href":"https:\/\/sarmacjabedzin.pl\/index.php\/wp-json\/wp\/v2\/types\/post"}],"author":[{"embeddable":true,"href":"https:\/\/sarmacjabedzin.pl\/index.php\/wp-json\/wp\/v2\/users\/1"}],"replies":[{"embeddable":true,"href":"https:\/\/sarmacjabedzin.pl\/index.php\/wp-json\/wp\/v2\/comments?post=1262"}],"version-history":[{"count":0,"href":"https:\/\/sarmacjabedzin.pl\/index.php\/wp-json\/wp\/v2\/posts\/1262\/revisions"}],"wp:featuredmedia":[{"embeddable":true,"href":"https:\/\/sarmacjabedzin.pl\/index.php\/wp-json\/wp\/v2\/media\/1244"}],"wp:attachment":[{"href":"https:\/\/sarmacjabedzin.pl\/index.php\/wp-json\/wp\/v2\/media?parent=1262"}],"wp:term":[{"taxonomy":"category","embeddable":true,"href":"https:\/\/sarmacjabedzin.pl\/index.php\/wp-json\/wp\/v2\/categories?post=1262"},{"taxonomy":"post_tag","embeddable":true,"href":"https:\/\/sarmacjabedzin.pl\/index.php\/wp-json\/wp\/v2\/tags?post=1262"}],"curies":[{"name":"wp","href":"https:\/\/api.w.org\/{rel}","templated":true}]}}