{"id":1270,"date":"2018-11-06T07:36:32","date_gmt":"2018-11-06T06:36:32","guid":{"rendered":"http:\/\/sarmacjabedzin.pl\/index.php\/2018\/11\/06\/remis-w-strzyzowicach\/"},"modified":"2018-11-06T07:36:32","modified_gmt":"2018-11-06T06:36:32","slug":"remis-w-strzyzowicach","status":"publish","type":"post","link":"https:\/\/sarmacjabedzin.pl\/index.php\/2018\/11\/06\/remis-w-strzyzowicach\/","title":{"rendered":"Remis w Strzy\u017cowicach!"},"content":{"rendered":"<p class=\"Standard\">Dnia 03.11.2018 roku o godz.14.00 pi\u0142karze rezerw Sarmacji B\u0119dzin rozegrali wyjazdowe spotkanie ligowe B-klasy. Ich rywalem by\u0142a dru\u017cyna Jedno\u015bci Strzy\u017cowice.<\/p>\n<p class=\"Standard\">Maj\u0105cy 5 punkt\u00f3w przewagi w tabeli b\u0119dzinianie pojechali na te zawody z nastawieniem zdobycia kompletu punkt\u00f3w.<\/p>\n<p class=\"Standard\">Niestety po pierwszej po\u0142owie, to gospodarze byli skuteczniejsi i po golu Marcina Krzywka w 22 minucie prowadzili 1:0.<\/p>\n<p class=\"Standard\">W drugiej ods\u0142onie spotkania go\u015bcie ruszyli do odrabiania strat.<\/p>\n<p class=\"Standard\">Wreszcie w 56 minucie zdo\u0142ali doprowadzi\u0107 do wyr\u00f3wnania. \u015awietne podanie Dawida Kukuryka na gola wyr\u00f3wnuj\u0105cego zamieni\u0142 Karol G\u00f3ral, kt\u00f3ry w tym tygodniu zaliczy\u0142 ju\u017c sw\u00f3j debiut w kadrze pierwszej dru\u017cyny Sarmacji.<br \/> M\u0142ody pomocnik b\u0119dzinian zagra\u0142 w meczu pucharowym z Uni\u0105 D\u0105browa G\u00f3rnicza.<br \/> Ambitnie walcz\u0105cy Sarmaci za wszelk\u0105 cen\u0119 pr\u00f3bowali obj\u0105\u0107 prowadzenie.<\/p>\n<p class=\"Standard\">Sztuka ta uda\u0142a im si\u0119 w 75 minucie. <br \/> Wtedy to celnym strza\u0142em z rzutu wolnego popisa\u0142 si\u0119 Marek Kocot, kt\u00f3ry r\u00f3wnie\u017c debiutowa\u0142 w meczu z Uni\u0105. <br \/> Jak wida\u0107 obaj pi\u0142karze udowodnili, \u017ce dalej warto im si\u0119 przygl\u0105da\u0107.<br \/> Niestety pr\u00f3ba utrzymania cennego wyniku zosta\u0142a zniweczona przez arbitra spotkania, kt\u00f3ry w 84 minucie dopatrzy\u0142 si\u0119 faulu na zawodniku gospodarzy w polu karnym b\u0119dzinian.<br \/> Wyr\u00f3wnuj\u0105cego gola z \u201ejedenastego\u201d metra dla miejscowych strzeli\u0142 zdobywca pierwszej bramki Marcin Krzywka.<\/p>\n<p class=\"Standard\">Do ko\u0144ca spotkania wynik nie uleg\u0142 ju\u017c zmianie.<\/p>\n<p class=\"Standard\">Sarmacja II B\u0119dzin zremisowa\u0142a na wyje\u017adzie z dru\u017cyn\u0105 Jedno\u015bci Strzy\u017cowice 2:2 (0:1).<\/p>\n<p class=\"Standard\">\u00a0<\/p>\n<p class=\"Standard\"><strong>Jedno\u015b\u0107 Strzy\u017cowice \u2013 Sarmacja II B\u0119dzin 2:2 (0:1)<\/strong><\/p>\n<p class=\"Standard\"><strong>Bramki:<\/strong><\/p>\n<p class=\"Standard\">56&#8242; G\u00f3ral<\/p>\n<p class=\"Standard\">75&#8242; Kocot<\/p>\n<p class=\"Standard\">______________<\/p>\n<p class=\"Standard\">22&#8242;, 84&#8242; Krzywka<\/p>\n","protected":false},"excerpt":{"rendered":"<p>Dnia 03.11.2018 roku o godz.14.00 pi\u0142karze rezerw Sarmacji B\u0119dzin rozegrali wyjazdowe spotkanie ligowe B-klasy. Ich rywalem by\u0142a dru\u017cyna Jedno\u015bci Strzy\u017cowice. Maj\u0105cy 5 punkt\u00f3w przewagi w tabeli b\u0119dzinianie pojechali na te zawody z nastawieniem zdobycia kompletu punkt\u00f3w. Niestety po pierwszej po\u0142owie, to gospodarze byli skuteczniejsi i po golu Marcina Krzywka w 22 minucie prowadzili 1:0. W&#8230;<\/p>\n","protected":false},"author":1,"featured_media":1244,"comment_status":"open","ping_status":"open","sticky":false,"template":"","format":"standard","meta":{"footnotes":""},"categories":[1],"tags":[],"class_list":["post-1270","post","type-post","status-publish","format-standard","has-post-thumbnail","hentry","category-aktualnosci"],"yoast_head":"<!-- This site is optimized with the Yoast SEO plugin v25.8 - https:\/\/yoast.com\/wordpress\/plugins\/seo\/ -->\n<title>Remis w Strzy\u017cowicach! | BKS Sarmacja B\u0119dzin<\/title>\n<meta name=\"robots\" content=\"index, follow, max-snippet:-1, max-image-preview:large, max-video-preview:-1\" \/>\n<link rel=\"canonical\" href=\"https:\/\/sarmacjabedzin.pl\/index.php\/2018\/11\/06\/remis-w-strzyzowicach\/\" \/>\n<meta property=\"og:locale\" content=\"pl_PL\" \/>\n<meta property=\"og:type\" content=\"article\" \/>\n<meta property=\"og:title\" content=\"Remis w Strzy\u017cowicach! | BKS Sarmacja B\u0119dzin\" \/>\n<meta property=\"og:description\" content=\"Dnia 03.11.2018 roku o godz.14.00 pi\u0142karze rezerw Sarmacji B\u0119dzin rozegrali wyjazdowe spotkanie ligowe B-klasy. Ich rywalem by\u0142a dru\u017cyna Jedno\u015bci Strzy\u017cowice. Maj\u0105cy 5 punkt\u00f3w przewagi w tabeli b\u0119dzinianie pojechali na te zawody z nastawieniem zdobycia kompletu punkt\u00f3w. Niestety po pierwszej po\u0142owie, to gospodarze byli skuteczniejsi i po golu Marcina Krzywka w 22 minucie prowadzili 1:0. W...\" \/>\n<meta property=\"og:url\" content=\"https:\/\/sarmacjabedzin.pl\/index.php\/2018\/11\/06\/remis-w-strzyzowicach\/\" \/>\n<meta property=\"og:site_name\" content=\"BKS Sarmacja B\u0119dzin\" \/>\n<meta property=\"article:publisher\" content=\"https:\/\/www.facebook.com\/SarmacjaBedzin\" \/>\n<meta property=\"article:published_time\" content=\"2018-11-06T06:36:32+00:00\" \/>\n<meta property=\"og:image\" content=\"https:\/\/sarmacjabedzin.pl\/wp-content\/uploads\/2018\/09\/rezerwy-liga.jpg\" \/>\n\t<meta property=\"og:image:width\" content=\"1280\" \/>\n\t<meta property=\"og:image:height\" content=\"768\" \/>\n\t<meta property=\"og:image:type\" content=\"image\/jpeg\" \/>\n<meta name=\"author\" content=\"tyrtak\" \/>\n<meta name=\"twitter:card\" content=\"summary_large_image\" \/>\n<meta name=\"twitter:label1\" content=\"Napisane przez\" \/>\n\t<meta name=\"twitter:data1\" content=\"tyrtak\" \/>\n\t<meta name=\"twitter:label2\" content=\"Szacowany czas czytania\" \/>\n\t<meta name=\"twitter:data2\" content=\"1 minuta\" \/>\n<script type=\"application\/ld+json\" class=\"yoast-schema-graph\">{\"@context\":\"https:\/\/schema.org\",\"@graph\":[{\"@type\":\"WebPage\",\"@id\":\"https:\/\/sarmacjabedzin.pl\/index.php\/2018\/11\/06\/remis-w-strzyzowicach\/\",\"url\":\"https:\/\/sarmacjabedzin.pl\/index.php\/2018\/11\/06\/remis-w-strzyzowicach\/\",\"name\":\"Remis w Strzy\u017cowicach! | BKS Sarmacja B\u0119dzin\",\"isPartOf\":{\"@id\":\"https:\/\/sarmacjabedzin.pl\/#website\"},\"primaryImageOfPage\":{\"@id\":\"https:\/\/sarmacjabedzin.pl\/index.php\/2018\/11\/06\/remis-w-strzyzowicach\/#primaryimage\"},\"image\":{\"@id\":\"https:\/\/sarmacjabedzin.pl\/index.php\/2018\/11\/06\/remis-w-strzyzowicach\/#primaryimage\"},\"thumbnailUrl\":\"https:\/\/sarmacjabedzin.pl\/wp-content\/uploads\/2018\/09\/rezerwy-liga.jpg\",\"datePublished\":\"2018-11-06T06:36:32+00:00\",\"author\":{\"@id\":\"https:\/\/sarmacjabedzin.pl\/#\/schema\/person\/5417ea7b03bcd9adf58298a2265ce03a\"},\"breadcrumb\":{\"@id\":\"https:\/\/sarmacjabedzin.pl\/index.php\/2018\/11\/06\/remis-w-strzyzowicach\/#breadcrumb\"},\"inLanguage\":\"pl-PL\",\"potentialAction\":[{\"@type\":\"ReadAction\",\"target\":[\"https:\/\/sarmacjabedzin.pl\/index.php\/2018\/11\/06\/remis-w-strzyzowicach\/\"]}]},{\"@type\":\"ImageObject\",\"inLanguage\":\"pl-PL\",\"@id\":\"https:\/\/sarmacjabedzin.pl\/index.php\/2018\/11\/06\/remis-w-strzyzowicach\/#primaryimage\",\"url\":\"https:\/\/sarmacjabedzin.pl\/wp-content\/uploads\/2018\/09\/rezerwy-liga.jpg\",\"contentUrl\":\"https:\/\/sarmacjabedzin.pl\/wp-content\/uploads\/2018\/09\/rezerwy-liga.jpg\",\"width\":1280,\"height\":768},{\"@type\":\"BreadcrumbList\",\"@id\":\"https:\/\/sarmacjabedzin.pl\/index.php\/2018\/11\/06\/remis-w-strzyzowicach\/#breadcrumb\",\"itemListElement\":[{\"@type\":\"ListItem\",\"position\":1,\"name\":\"Strona g\u0142\u00f3wna\",\"item\":\"https:\/\/sarmacjabedzin.pl\/\"},{\"@type\":\"ListItem\",\"position\":2,\"name\":\"Remis w Strzy\u017cowicach!\"}]},{\"@type\":\"WebSite\",\"@id\":\"https:\/\/sarmacjabedzin.pl\/#website\",\"url\":\"https:\/\/sarmacjabedzin.pl\/\",\"name\":\"BKS Sarmacja B\u0119dzin \u2013 Nieoficjalny serwis\",\"description\":\"Nieoficjalny serwis B\u0119dzi\u0144skiego Klubu Sportowego &quot;Sarmacja&quot;\",\"potentialAction\":[{\"@type\":\"SearchAction\",\"target\":{\"@type\":\"EntryPoint\",\"urlTemplate\":\"https:\/\/sarmacjabedzin.pl\/?s={search_term_string}\"},\"query-input\":{\"@type\":\"PropertyValueSpecification\",\"valueRequired\":true,\"valueName\":\"search_term_string\"}}],\"inLanguage\":\"pl-PL\"},{\"@type\":\"Person\",\"@id\":\"https:\/\/sarmacjabedzin.pl\/#\/schema\/person\/5417ea7b03bcd9adf58298a2265ce03a\",\"name\":\"tyrtak\",\"image\":{\"@type\":\"ImageObject\",\"inLanguage\":\"pl-PL\",\"@id\":\"https:\/\/sarmacjabedzin.pl\/#\/schema\/person\/image\/\",\"url\":\"https:\/\/secure.gravatar.com\/avatar\/49b7734c6795cf524710e96813a9fedc1ae3816e479d92490236b4cfc47a5ae1?s=96&d=mm&r=g\",\"contentUrl\":\"https:\/\/secure.gravatar.com\/avatar\/49b7734c6795cf524710e96813a9fedc1ae3816e479d92490236b4cfc47a5ae1?s=96&d=mm&r=g\",\"caption\":\"tyrtak\"}}]}<\/script>\n<!-- \/ Yoast SEO plugin. -->","yoast_head_json":{"title":"Remis w Strzy\u017cowicach! | BKS Sarmacja B\u0119dzin","robots":{"index":"index","follow":"follow","max-snippet":"max-snippet:-1","max-image-preview":"max-image-preview:large","max-video-preview":"max-video-preview:-1"},"canonical":"https:\/\/sarmacjabedzin.pl\/index.php\/2018\/11\/06\/remis-w-strzyzowicach\/","og_locale":"pl_PL","og_type":"article","og_title":"Remis w Strzy\u017cowicach! | BKS Sarmacja B\u0119dzin","og_description":"Dnia 03.11.2018 roku o godz.14.00 pi\u0142karze rezerw Sarmacji B\u0119dzin rozegrali wyjazdowe spotkanie ligowe B-klasy. Ich rywalem by\u0142a dru\u017cyna Jedno\u015bci Strzy\u017cowice. Maj\u0105cy 5 punkt\u00f3w przewagi w tabeli b\u0119dzinianie pojechali na te zawody z nastawieniem zdobycia kompletu punkt\u00f3w. Niestety po pierwszej po\u0142owie, to gospodarze byli skuteczniejsi i po golu Marcina Krzywka w 22 minucie prowadzili 1:0. W...","og_url":"https:\/\/sarmacjabedzin.pl\/index.php\/2018\/11\/06\/remis-w-strzyzowicach\/","og_site_name":"BKS Sarmacja B\u0119dzin","article_publisher":"https:\/\/www.facebook.com\/SarmacjaBedzin","article_published_time":"2018-11-06T06:36:32+00:00","og_image":[{"width":1280,"height":768,"url":"https:\/\/sarmacjabedzin.pl\/wp-content\/uploads\/2018\/09\/rezerwy-liga.jpg","type":"image\/jpeg"}],"author":"tyrtak","twitter_card":"summary_large_image","twitter_misc":{"Napisane przez":"tyrtak","Szacowany czas czytania":"1 minuta"},"schema":{"@context":"https:\/\/schema.org","@graph":[{"@type":"WebPage","@id":"https:\/\/sarmacjabedzin.pl\/index.php\/2018\/11\/06\/remis-w-strzyzowicach\/","url":"https:\/\/sarmacjabedzin.pl\/index.php\/2018\/11\/06\/remis-w-strzyzowicach\/","name":"Remis w Strzy\u017cowicach! | BKS Sarmacja B\u0119dzin","isPartOf":{"@id":"https:\/\/sarmacjabedzin.pl\/#website"},"primaryImageOfPage":{"@id":"https:\/\/sarmacjabedzin.pl\/index.php\/2018\/11\/06\/remis-w-strzyzowicach\/#primaryimage"},"image":{"@id":"https:\/\/sarmacjabedzin.pl\/index.php\/2018\/11\/06\/remis-w-strzyzowicach\/#primaryimage"},"thumbnailUrl":"https:\/\/sarmacjabedzin.pl\/wp-content\/uploads\/2018\/09\/rezerwy-liga.jpg","datePublished":"2018-11-06T06:36:32+00:00","author":{"@id":"https:\/\/sarmacjabedzin.pl\/#\/schema\/person\/5417ea7b03bcd9adf58298a2265ce03a"},"breadcrumb":{"@id":"https:\/\/sarmacjabedzin.pl\/index.php\/2018\/11\/06\/remis-w-strzyzowicach\/#breadcrumb"},"inLanguage":"pl-PL","potentialAction":[{"@type":"ReadAction","target":["https:\/\/sarmacjabedzin.pl\/index.php\/2018\/11\/06\/remis-w-strzyzowicach\/"]}]},{"@type":"ImageObject","inLanguage":"pl-PL","@id":"https:\/\/sarmacjabedzin.pl\/index.php\/2018\/11\/06\/remis-w-strzyzowicach\/#primaryimage","url":"https:\/\/sarmacjabedzin.pl\/wp-content\/uploads\/2018\/09\/rezerwy-liga.jpg","contentUrl":"https:\/\/sarmacjabedzin.pl\/wp-content\/uploads\/2018\/09\/rezerwy-liga.jpg","width":1280,"height":768},{"@type":"BreadcrumbList","@id":"https:\/\/sarmacjabedzin.pl\/index.php\/2018\/11\/06\/remis-w-strzyzowicach\/#breadcrumb","itemListElement":[{"@type":"ListItem","position":1,"name":"Strona g\u0142\u00f3wna","item":"https:\/\/sarmacjabedzin.pl\/"},{"@type":"ListItem","position":2,"name":"Remis w Strzy\u017cowicach!"}]},{"@type":"WebSite","@id":"https:\/\/sarmacjabedzin.pl\/#website","url":"https:\/\/sarmacjabedzin.pl\/","name":"BKS Sarmacja B\u0119dzin \u2013 Nieoficjalny serwis","description":"Nieoficjalny serwis B\u0119dzi\u0144skiego Klubu Sportowego &quot;Sarmacja&quot;","potentialAction":[{"@type":"SearchAction","target":{"@type":"EntryPoint","urlTemplate":"https:\/\/sarmacjabedzin.pl\/?s={search_term_string}"},"query-input":{"@type":"PropertyValueSpecification","valueRequired":true,"valueName":"search_term_string"}}],"inLanguage":"pl-PL"},{"@type":"Person","@id":"https:\/\/sarmacjabedzin.pl\/#\/schema\/person\/5417ea7b03bcd9adf58298a2265ce03a","name":"tyrtak","image":{"@type":"ImageObject","inLanguage":"pl-PL","@id":"https:\/\/sarmacjabedzin.pl\/#\/schema\/person\/image\/","url":"https:\/\/secure.gravatar.com\/avatar\/49b7734c6795cf524710e96813a9fedc1ae3816e479d92490236b4cfc47a5ae1?s=96&d=mm&r=g","contentUrl":"https:\/\/secure.gravatar.com\/avatar\/49b7734c6795cf524710e96813a9fedc1ae3816e479d92490236b4cfc47a5ae1?s=96&d=mm&r=g","caption":"tyrtak"}}]}},"rttpg_featured_image_url":{"full":["https:\/\/sarmacjabedzin.pl\/wp-content\/uploads\/2018\/09\/rezerwy-liga.jpg",1280,768,false],"landscape":["https:\/\/sarmacjabedzin.pl\/wp-content\/uploads\/2018\/09\/rezerwy-liga.jpg",1280,768,false],"portraits":["https:\/\/sarmacjabedzin.pl\/wp-content\/uploads\/2018\/09\/rezerwy-liga.jpg",1280,768,false],"thumbnail":["https:\/\/sarmacjabedzin.pl\/wp-content\/uploads\/2018\/09\/rezerwy-liga-150x150.jpg",150,150,true],"medium":["https:\/\/sarmacjabedzin.pl\/wp-content\/uploads\/2018\/09\/rezerwy-liga-300x180.jpg",300,180,true],"large":["https:\/\/sarmacjabedzin.pl\/wp-content\/uploads\/2018\/09\/rezerwy-liga-1024x614.jpg",1024,614,true],"1536x1536":["https:\/\/sarmacjabedzin.pl\/wp-content\/uploads\/2018\/09\/rezerwy-liga.jpg",1280,768,false],"2048x2048":["https:\/\/sarmacjabedzin.pl\/wp-content\/uploads\/2018\/09\/rezerwy-liga.jpg",1280,768,false],"sportspress-crop-medium":["https:\/\/sarmacjabedzin.pl\/wp-content\/uploads\/2018\/09\/rezerwy-liga-300x300.jpg",300,300,true],"sportspress-fit-medium":["https:\/\/sarmacjabedzin.pl\/wp-content\/uploads\/2018\/09\/rezerwy-liga-300x180.jpg",300,180,true],"sportspress-fit-icon":["https:\/\/sarmacjabedzin.pl\/wp-content\/uploads\/2018\/09\/rezerwy-liga-128x77.jpg",128,77,true],"sportspress-fit-mini":["https:\/\/sarmacjabedzin.pl\/wp-content\/uploads\/2018\/09\/rezerwy-liga-32x19.jpg",32,19,true],"ultp_layout_landscape_large":["https:\/\/sarmacjabedzin.pl\/wp-content\/uploads\/2018\/09\/rezerwy-liga.jpg",1200,720,false],"ultp_layout_landscape":["https:\/\/sarmacjabedzin.pl\/wp-content\/uploads\/2018\/09\/rezerwy-liga.jpg",870,522,false],"ultp_layout_portrait":["https:\/\/sarmacjabedzin.pl\/wp-content\/uploads\/2018\/09\/rezerwy-liga.jpg",600,360,false],"ultp_layout_square":["https:\/\/sarmacjabedzin.pl\/wp-content\/uploads\/2018\/09\/rezerwy-liga.jpg",600,360,false],"stm-1140-666":["https:\/\/sarmacjabedzin.pl\/wp-content\/uploads\/2018\/09\/rezerwy-liga-1140x666.jpg",1140,666,true],"stm-1170-650":["https:\/\/sarmacjabedzin.pl\/wp-content\/uploads\/2018\/09\/rezerwy-liga-1170x650.jpg",1170,650,true],"stm-570-350":["https:\/\/sarmacjabedzin.pl\/wp-content\/uploads\/2018\/09\/rezerwy-liga-570x350.jpg",570,350,true],"stm-570-250":["https:\/\/sarmacjabedzin.pl\/wp-content\/uploads\/2018\/09\/rezerwy-liga-570x250.jpg",570,250,true],"stm-270-370":["https:\/\/sarmacjabedzin.pl\/wp-content\/uploads\/2018\/09\/rezerwy-liga-270x370.jpg",270,370,true],"stm-540-500":["https:\/\/sarmacjabedzin.pl\/wp-content\/uploads\/2018\/09\/rezerwy-liga-540x500.jpg",540,500,true],"stm-270-530":["https:\/\/sarmacjabedzin.pl\/wp-content\/uploads\/2018\/09\/rezerwy-liga-270x530.jpg",270,530,true],"stm-200-200":["https:\/\/sarmacjabedzin.pl\/wp-content\/uploads\/2018\/09\/rezerwy-liga-200x200.jpg",200,200,true],"stm-85-105":["https:\/\/sarmacjabedzin.pl\/wp-content\/uploads\/2018\/09\/rezerwy-liga-85x105.jpg",85,105,true],"stm-255-255":["https:\/\/sarmacjabedzin.pl\/wp-content\/uploads\/2018\/09\/rezerwy-liga-255x255.jpg",255,255,true],"stm-360-240":["https:\/\/sarmacjabedzin.pl\/wp-content\/uploads\/2018\/09\/rezerwy-liga-360x240.jpg",360,240,true],"stm-360-495":["https:\/\/sarmacjabedzin.pl\/wp-content\/uploads\/2018\/09\/rezerwy-liga-360x495.jpg",360,495,true],"stm-445-400":["https:\/\/sarmacjabedzin.pl\/wp-content\/uploads\/2018\/09\/rezerwy-liga-445x400.jpg",445,400,true],"stm-735-240":["https:\/\/sarmacjabedzin.pl\/wp-content\/uploads\/2018\/09\/rezerwy-liga-735x240.jpg",735,240,true],"stm-255-183":["https:\/\/sarmacjabedzin.pl\/wp-content\/uploads\/2018\/09\/rezerwy-liga-255x183.jpg",255,183,true],"stm-350-250":["https:\/\/sarmacjabedzin.pl\/wp-content\/uploads\/2018\/09\/rezerwy-liga-350x250.jpg",350,250,true],"blog_list":["https:\/\/sarmacjabedzin.pl\/wp-content\/uploads\/2018\/09\/rezerwy-liga-270x220.jpg",270,220,true],"blog_list_medium":["https:\/\/sarmacjabedzin.pl\/wp-content\/uploads\/2018\/09\/rezerwy-liga-390x345.jpg",390,345,true],"gallery_thumbnail":["https:\/\/sarmacjabedzin.pl\/wp-content\/uploads\/2018\/09\/rezerwy-liga-80x80.jpg",80,80,true],"gallery_image":["https:\/\/sarmacjabedzin.pl\/wp-content\/uploads\/2018\/09\/rezerwy-liga-560x367.jpg",560,367,true],"gallery_image_mini":["https:\/\/sarmacjabedzin.pl\/wp-content\/uploads\/2018\/09\/rezerwy-liga-143x116.jpg",143,116,true],"player_photo":["https:\/\/sarmacjabedzin.pl\/wp-content\/uploads\/2018\/09\/rezerwy-liga-740x740.jpg",740,740,true],"team_logo":["https:\/\/sarmacjabedzin.pl\/wp-content\/uploads\/2018\/09\/rezerwy-liga-98x59.jpg",98,59,true],"player_stat_ava":["https:\/\/sarmacjabedzin.pl\/wp-content\/uploads\/2018\/09\/rezerwy-liga-550x580.jpg",550,580,true],"post-350-220":["https:\/\/sarmacjabedzin.pl\/wp-content\/uploads\/2018\/09\/rezerwy-liga-350x220.jpg",350,220,true],"post-275-142":["https:\/\/sarmacjabedzin.pl\/wp-content\/uploads\/2018\/09\/rezerwy-liga-275x142.jpg",275,142,true],"post-160-120":["https:\/\/sarmacjabedzin.pl\/wp-content\/uploads\/2018\/09\/rezerwy-liga-160x120.jpg",160,120,true],"post-110-70":["https:\/\/sarmacjabedzin.pl\/wp-content\/uploads\/2018\/09\/rezerwy-liga-110x70.jpg",110,70,true],"post-770-450":["https:\/\/sarmacjabedzin.pl\/wp-content\/uploads\/2018\/09\/rezerwy-liga-770x450.jpg",770,450,true],"post-370-210":["https:\/\/sarmacjabedzin.pl\/wp-content\/uploads\/2018\/09\/rezerwy-liga-370x210.jpg",370,210,true],"post-457-470":["https:\/\/sarmacjabedzin.pl\/wp-content\/uploads\/2018\/09\/rezerwy-liga-457x470.jpg",457,470,true],"post-370-420":["https:\/\/sarmacjabedzin.pl\/wp-content\/uploads\/2018\/09\/rezerwy-liga-370x420.jpg",370,420,true],"stm-445-445":["https:\/\/sarmacjabedzin.pl\/wp-content\/uploads\/2018\/09\/rezerwy-liga-445x445.jpg",445,445,true],"stm-555-460":["https:\/\/sarmacjabedzin.pl\/wp-content\/uploads\/2018\/09\/rezerwy-liga-555x460.jpg",555,460,true],"stm-350-450":["https:\/\/sarmacjabedzin.pl\/wp-content\/uploads\/2018\/09\/rezerwy-liga-350x450.jpg",350,450,true],"stm-720-440":["https:\/\/sarmacjabedzin.pl\/wp-content\/uploads\/2018\/09\/rezerwy-liga-720x440.jpg",720,440,true],"stm-270-270":["https:\/\/sarmacjabedzin.pl\/wp-content\/uploads\/2018\/09\/rezerwy-liga.jpg",270,162,false],"stm-760-450":["https:\/\/sarmacjabedzin.pl\/wp-content\/uploads\/2018\/09\/rezerwy-liga.jpg",750,450,false]},"rttpg_author":{"display_name":"tyrtak","author_link":false},"rttpg_comment":0,"rttpg_category":"<a href=\"https:\/\/sarmacjabedzin.pl\/index.php\/category\/aktualnosci\/\" rel=\"category tag\">Aktualno\u015bci<\/a>","rttpg_excerpt":"Dnia 03.11.2018 roku o godz.14.00 pi\u0142karze rezerw Sarmacji B\u0119dzin rozegrali wyjazdowe spotkanie ligowe B-klasy. Ich rywalem by\u0142a dru\u017cyna Jedno\u015bci Strzy\u017cowice. Maj\u0105cy 5 punkt\u00f3w przewagi w tabeli b\u0119dzinianie pojechali na te zawody z nastawieniem zdobycia kompletu punkt\u00f3w. Niestety po pierwszej po\u0142owie, to gospodarze byli skuteczniejsi i po golu Marcina Krzywka w 22 minucie prowadzili 1:0. W...","_links":{"self":[{"href":"https:\/\/sarmacjabedzin.pl\/index.php\/wp-json\/wp\/v2\/posts\/1270","targetHints":{"allow":["GET"]}}],"collection":[{"href":"https:\/\/sarmacjabedzin.pl\/index.php\/wp-json\/wp\/v2\/posts"}],"about":[{"href":"https:\/\/sarmacjabedzin.pl\/index.php\/wp-json\/wp\/v2\/types\/post"}],"author":[{"embeddable":true,"href":"https:\/\/sarmacjabedzin.pl\/index.php\/wp-json\/wp\/v2\/users\/1"}],"replies":[{"embeddable":true,"href":"https:\/\/sarmacjabedzin.pl\/index.php\/wp-json\/wp\/v2\/comments?post=1270"}],"version-history":[{"count":0,"href":"https:\/\/sarmacjabedzin.pl\/index.php\/wp-json\/wp\/v2\/posts\/1270\/revisions"}],"wp:featuredmedia":[{"embeddable":true,"href":"https:\/\/sarmacjabedzin.pl\/index.php\/wp-json\/wp\/v2\/media\/1244"}],"wp:attachment":[{"href":"https:\/\/sarmacjabedzin.pl\/index.php\/wp-json\/wp\/v2\/media?parent=1270"}],"wp:term":[{"taxonomy":"category","embeddable":true,"href":"https:\/\/sarmacjabedzin.pl\/index.php\/wp-json\/wp\/v2\/categories?post=1270"},{"taxonomy":"post_tag","embeddable":true,"href":"https:\/\/sarmacjabedzin.pl\/index.php\/wp-json\/wp\/v2\/tags?post=1270"}],"curies":[{"name":"wp","href":"https:\/\/api.w.org\/{rel}","templated":true}]}}