{"id":1280,"date":"2018-12-28T19:08:19","date_gmt":"2018-12-28T18:08:19","guid":{"rendered":"http:\/\/sarmacjabedzin.pl\/index.php\/2018\/12\/28\/ostatnie-pozegnanie-krzysztofa-kozeranskiego\/"},"modified":"2018-12-28T19:08:19","modified_gmt":"2018-12-28T18:08:19","slug":"ostatnie-pozegnanie-krzysztofa-kozeranskiego","status":"publish","type":"post","link":"https:\/\/sarmacjabedzin.pl\/index.php\/2018\/12\/28\/ostatnie-pozegnanie-krzysztofa-kozeranskiego\/","title":{"rendered":"Ostatnie po\u017cegnanie Krzysztofa Kozera\u0144skiego"},"content":{"rendered":"<p style=\"margin-bottom: 0cm;\">Otrzymali\u015bmy smutn\u0105 wiadomo\u015b\u0107 o \u015bmierci naszego by\u0142ego pi\u0142karza &#8211; Krzysztofa Kozera\u0144skiego, kt\u00f3rego pogrzeb odb\u0119dzie si\u0119 29.12.2018 roku o godz.11.00 w Kaplicy \u015awi\u0119tego Tomasza w B\u0119dzinie. <br \/>Urodzi\u0142 si\u0119 7.09.1962 roku. <br \/>Sw\u00f3j debiut w barwach Sarmacji B\u0119dzin zaliczy\u0142 w sezonie 1981\/1982 graj\u0105c w lidze okr\u0119gowej. Zadebiutowa\u0142 jako 19 latek. Pocz\u0105tkowo zaczyna\u0142 gr\u0119 na pozycji obro\u0144cy, a nast\u0119pnie wyst\u0119powa\u0142 w roli pomocnika.<\/p>\n<p style=\"margin-bottom: 0cm;\">Przez kolejne 6 sezon\u00f3w by\u0142 podstawowym zawodnikiem naszego klubu. Wiosn\u0105 1987 roku po\u017cegna\u0142 si\u0119 z dru\u017cyn\u0105.<\/p>\n<p style=\"margin-bottom: 0cm;\">\u00a0<\/p>\n<p style=\"margin-bottom: 0cm;\"><em>\u201eWyrazy szczerego i g\u0142\u0119bokiego wsp\u00f3\u0142czucia Rodzinie i Bliskim Zmar\u0142ego sk\u0142ada: Zarz\u0105d BKS Sarmacja B\u0119dzin, redakcja strony <a href=\"http:\/\/www.Sarmacjabedzin.pl\/\">www.sarmacjabedzin.pl<\/a> oraz kibice naszego Klubu\u201d<\/em><\/p>\n","protected":false},"excerpt":{"rendered":"<p>Otrzymali\u015bmy smutn\u0105 wiadomo\u015b\u0107 o \u015bmierci naszego by\u0142ego pi\u0142karza &#8211; Krzysztofa Kozera\u0144skiego, kt\u00f3rego pogrzeb odb\u0119dzie si\u0119 29.12.2018 roku o godz.11.00 w Kaplicy \u015awi\u0119tego Tomasza w B\u0119dzinie. Urodzi\u0142 si\u0119 7.09.1962 roku. Sw\u00f3j debiut w barwach Sarmacji B\u0119dzin zaliczy\u0142 w sezonie 1981\/1982 graj\u0105c w lidze okr\u0119gowej. Zadebiutowa\u0142 jako 19 latek. Pocz\u0105tkowo zaczyna\u0142 gr\u0119 na pozycji obro\u0144cy, a nast\u0119pnie&#8230;<\/p>\n","protected":false},"author":1,"featured_media":1279,"comment_status":"open","ping_status":"open","sticky":false,"template":"","format":"standard","meta":{"footnotes":""},"categories":[1],"tags":[],"class_list":["post-1280","post","type-post","status-publish","format-standard","has-post-thumbnail","hentry","category-aktualnosci"],"yoast_head":"<!-- This site is optimized with the Yoast SEO plugin v25.8 - https:\/\/yoast.com\/wordpress\/plugins\/seo\/ -->\n<title>Ostatnie po\u017cegnanie Krzysztofa Kozera\u0144skiego | BKS Sarmacja B\u0119dzin<\/title>\n<meta name=\"robots\" content=\"index, follow, max-snippet:-1, max-image-preview:large, max-video-preview:-1\" \/>\n<link rel=\"canonical\" href=\"https:\/\/sarmacjabedzin.pl\/index.php\/2018\/12\/28\/ostatnie-pozegnanie-krzysztofa-kozeranskiego\/\" \/>\n<meta property=\"og:locale\" content=\"pl_PL\" \/>\n<meta property=\"og:type\" content=\"article\" \/>\n<meta property=\"og:title\" content=\"Ostatnie po\u017cegnanie Krzysztofa Kozera\u0144skiego | BKS Sarmacja B\u0119dzin\" \/>\n<meta property=\"og:description\" content=\"Otrzymali\u015bmy smutn\u0105 wiadomo\u015b\u0107 o \u015bmierci naszego by\u0142ego pi\u0142karza &#8211; Krzysztofa Kozera\u0144skiego, kt\u00f3rego pogrzeb odb\u0119dzie si\u0119 29.12.2018 roku o godz.11.00 w Kaplicy \u015awi\u0119tego Tomasza w B\u0119dzinie. Urodzi\u0142 si\u0119 7.09.1962 roku. Sw\u00f3j debiut w barwach Sarmacji B\u0119dzin zaliczy\u0142 w sezonie 1981\/1982 graj\u0105c w lidze okr\u0119gowej. Zadebiutowa\u0142 jako 19 latek. Pocz\u0105tkowo zaczyna\u0142 gr\u0119 na pozycji obro\u0144cy, a nast\u0119pnie...\" \/>\n<meta property=\"og:url\" content=\"https:\/\/sarmacjabedzin.pl\/index.php\/2018\/12\/28\/ostatnie-pozegnanie-krzysztofa-kozeranskiego\/\" \/>\n<meta property=\"og:site_name\" content=\"BKS Sarmacja B\u0119dzin\" \/>\n<meta property=\"article:publisher\" content=\"https:\/\/www.facebook.com\/SarmacjaBedzin\" \/>\n<meta property=\"article:published_time\" content=\"2018-12-28T18:08:19+00:00\" \/>\n<meta property=\"og:image\" content=\"https:\/\/sarmacjabedzin.pl\/wp-content\/uploads\/2018\/12\/pogrzeb.jpg\" \/>\n\t<meta property=\"og:image:width\" content=\"1280\" \/>\n\t<meta property=\"og:image:height\" content=\"768\" \/>\n\t<meta property=\"og:image:type\" content=\"image\/jpeg\" \/>\n<meta name=\"author\" content=\"tyrtak\" \/>\n<meta name=\"twitter:card\" content=\"summary_large_image\" \/>\n<meta name=\"twitter:label1\" content=\"Napisane przez\" \/>\n\t<meta name=\"twitter:data1\" content=\"tyrtak\" \/>\n\t<meta name=\"twitter:label2\" content=\"Szacowany czas czytania\" \/>\n\t<meta name=\"twitter:data2\" content=\"1 minuta\" \/>\n<script type=\"application\/ld+json\" class=\"yoast-schema-graph\">{\"@context\":\"https:\/\/schema.org\",\"@graph\":[{\"@type\":\"WebPage\",\"@id\":\"https:\/\/sarmacjabedzin.pl\/index.php\/2018\/12\/28\/ostatnie-pozegnanie-krzysztofa-kozeranskiego\/\",\"url\":\"https:\/\/sarmacjabedzin.pl\/index.php\/2018\/12\/28\/ostatnie-pozegnanie-krzysztofa-kozeranskiego\/\",\"name\":\"Ostatnie po\u017cegnanie Krzysztofa Kozera\u0144skiego | BKS Sarmacja B\u0119dzin\",\"isPartOf\":{\"@id\":\"https:\/\/sarmacjabedzin.pl\/#website\"},\"primaryImageOfPage\":{\"@id\":\"https:\/\/sarmacjabedzin.pl\/index.php\/2018\/12\/28\/ostatnie-pozegnanie-krzysztofa-kozeranskiego\/#primaryimage\"},\"image\":{\"@id\":\"https:\/\/sarmacjabedzin.pl\/index.php\/2018\/12\/28\/ostatnie-pozegnanie-krzysztofa-kozeranskiego\/#primaryimage\"},\"thumbnailUrl\":\"https:\/\/sarmacjabedzin.pl\/wp-content\/uploads\/2018\/12\/pogrzeb.jpg\",\"datePublished\":\"2018-12-28T18:08:19+00:00\",\"author\":{\"@id\":\"https:\/\/sarmacjabedzin.pl\/#\/schema\/person\/5417ea7b03bcd9adf58298a2265ce03a\"},\"breadcrumb\":{\"@id\":\"https:\/\/sarmacjabedzin.pl\/index.php\/2018\/12\/28\/ostatnie-pozegnanie-krzysztofa-kozeranskiego\/#breadcrumb\"},\"inLanguage\":\"pl-PL\",\"potentialAction\":[{\"@type\":\"ReadAction\",\"target\":[\"https:\/\/sarmacjabedzin.pl\/index.php\/2018\/12\/28\/ostatnie-pozegnanie-krzysztofa-kozeranskiego\/\"]}]},{\"@type\":\"ImageObject\",\"inLanguage\":\"pl-PL\",\"@id\":\"https:\/\/sarmacjabedzin.pl\/index.php\/2018\/12\/28\/ostatnie-pozegnanie-krzysztofa-kozeranskiego\/#primaryimage\",\"url\":\"https:\/\/sarmacjabedzin.pl\/wp-content\/uploads\/2018\/12\/pogrzeb.jpg\",\"contentUrl\":\"https:\/\/sarmacjabedzin.pl\/wp-content\/uploads\/2018\/12\/pogrzeb.jpg\",\"width\":1280,\"height\":768},{\"@type\":\"BreadcrumbList\",\"@id\":\"https:\/\/sarmacjabedzin.pl\/index.php\/2018\/12\/28\/ostatnie-pozegnanie-krzysztofa-kozeranskiego\/#breadcrumb\",\"itemListElement\":[{\"@type\":\"ListItem\",\"position\":1,\"name\":\"Strona g\u0142\u00f3wna\",\"item\":\"https:\/\/sarmacjabedzin.pl\/\"},{\"@type\":\"ListItem\",\"position\":2,\"name\":\"Ostatnie po\u017cegnanie Krzysztofa Kozera\u0144skiego\"}]},{\"@type\":\"WebSite\",\"@id\":\"https:\/\/sarmacjabedzin.pl\/#website\",\"url\":\"https:\/\/sarmacjabedzin.pl\/\",\"name\":\"BKS Sarmacja B\u0119dzin \u2013 Nieoficjalny serwis\",\"description\":\"Nieoficjalny serwis B\u0119dzi\u0144skiego Klubu Sportowego &quot;Sarmacja&quot;\",\"potentialAction\":[{\"@type\":\"SearchAction\",\"target\":{\"@type\":\"EntryPoint\",\"urlTemplate\":\"https:\/\/sarmacjabedzin.pl\/?s={search_term_string}\"},\"query-input\":{\"@type\":\"PropertyValueSpecification\",\"valueRequired\":true,\"valueName\":\"search_term_string\"}}],\"inLanguage\":\"pl-PL\"},{\"@type\":\"Person\",\"@id\":\"https:\/\/sarmacjabedzin.pl\/#\/schema\/person\/5417ea7b03bcd9adf58298a2265ce03a\",\"name\":\"tyrtak\",\"image\":{\"@type\":\"ImageObject\",\"inLanguage\":\"pl-PL\",\"@id\":\"https:\/\/sarmacjabedzin.pl\/#\/schema\/person\/image\/\",\"url\":\"https:\/\/secure.gravatar.com\/avatar\/49b7734c6795cf524710e96813a9fedc1ae3816e479d92490236b4cfc47a5ae1?s=96&d=mm&r=g\",\"contentUrl\":\"https:\/\/secure.gravatar.com\/avatar\/49b7734c6795cf524710e96813a9fedc1ae3816e479d92490236b4cfc47a5ae1?s=96&d=mm&r=g\",\"caption\":\"tyrtak\"}}]}<\/script>\n<!-- \/ Yoast SEO plugin. -->","yoast_head_json":{"title":"Ostatnie po\u017cegnanie Krzysztofa Kozera\u0144skiego | BKS Sarmacja B\u0119dzin","robots":{"index":"index","follow":"follow","max-snippet":"max-snippet:-1","max-image-preview":"max-image-preview:large","max-video-preview":"max-video-preview:-1"},"canonical":"https:\/\/sarmacjabedzin.pl\/index.php\/2018\/12\/28\/ostatnie-pozegnanie-krzysztofa-kozeranskiego\/","og_locale":"pl_PL","og_type":"article","og_title":"Ostatnie po\u017cegnanie Krzysztofa Kozera\u0144skiego | BKS Sarmacja B\u0119dzin","og_description":"Otrzymali\u015bmy smutn\u0105 wiadomo\u015b\u0107 o \u015bmierci naszego by\u0142ego pi\u0142karza &#8211; Krzysztofa Kozera\u0144skiego, kt\u00f3rego pogrzeb odb\u0119dzie si\u0119 29.12.2018 roku o godz.11.00 w Kaplicy \u015awi\u0119tego Tomasza w B\u0119dzinie. Urodzi\u0142 si\u0119 7.09.1962 roku. Sw\u00f3j debiut w barwach Sarmacji B\u0119dzin zaliczy\u0142 w sezonie 1981\/1982 graj\u0105c w lidze okr\u0119gowej. Zadebiutowa\u0142 jako 19 latek. Pocz\u0105tkowo zaczyna\u0142 gr\u0119 na pozycji obro\u0144cy, a nast\u0119pnie...","og_url":"https:\/\/sarmacjabedzin.pl\/index.php\/2018\/12\/28\/ostatnie-pozegnanie-krzysztofa-kozeranskiego\/","og_site_name":"BKS Sarmacja B\u0119dzin","article_publisher":"https:\/\/www.facebook.com\/SarmacjaBedzin","article_published_time":"2018-12-28T18:08:19+00:00","og_image":[{"width":1280,"height":768,"url":"https:\/\/sarmacjabedzin.pl\/wp-content\/uploads\/2018\/12\/pogrzeb.jpg","type":"image\/jpeg"}],"author":"tyrtak","twitter_card":"summary_large_image","twitter_misc":{"Napisane przez":"tyrtak","Szacowany czas czytania":"1 minuta"},"schema":{"@context":"https:\/\/schema.org","@graph":[{"@type":"WebPage","@id":"https:\/\/sarmacjabedzin.pl\/index.php\/2018\/12\/28\/ostatnie-pozegnanie-krzysztofa-kozeranskiego\/","url":"https:\/\/sarmacjabedzin.pl\/index.php\/2018\/12\/28\/ostatnie-pozegnanie-krzysztofa-kozeranskiego\/","name":"Ostatnie po\u017cegnanie Krzysztofa Kozera\u0144skiego | BKS Sarmacja B\u0119dzin","isPartOf":{"@id":"https:\/\/sarmacjabedzin.pl\/#website"},"primaryImageOfPage":{"@id":"https:\/\/sarmacjabedzin.pl\/index.php\/2018\/12\/28\/ostatnie-pozegnanie-krzysztofa-kozeranskiego\/#primaryimage"},"image":{"@id":"https:\/\/sarmacjabedzin.pl\/index.php\/2018\/12\/28\/ostatnie-pozegnanie-krzysztofa-kozeranskiego\/#primaryimage"},"thumbnailUrl":"https:\/\/sarmacjabedzin.pl\/wp-content\/uploads\/2018\/12\/pogrzeb.jpg","datePublished":"2018-12-28T18:08:19+00:00","author":{"@id":"https:\/\/sarmacjabedzin.pl\/#\/schema\/person\/5417ea7b03bcd9adf58298a2265ce03a"},"breadcrumb":{"@id":"https:\/\/sarmacjabedzin.pl\/index.php\/2018\/12\/28\/ostatnie-pozegnanie-krzysztofa-kozeranskiego\/#breadcrumb"},"inLanguage":"pl-PL","potentialAction":[{"@type":"ReadAction","target":["https:\/\/sarmacjabedzin.pl\/index.php\/2018\/12\/28\/ostatnie-pozegnanie-krzysztofa-kozeranskiego\/"]}]},{"@type":"ImageObject","inLanguage":"pl-PL","@id":"https:\/\/sarmacjabedzin.pl\/index.php\/2018\/12\/28\/ostatnie-pozegnanie-krzysztofa-kozeranskiego\/#primaryimage","url":"https:\/\/sarmacjabedzin.pl\/wp-content\/uploads\/2018\/12\/pogrzeb.jpg","contentUrl":"https:\/\/sarmacjabedzin.pl\/wp-content\/uploads\/2018\/12\/pogrzeb.jpg","width":1280,"height":768},{"@type":"BreadcrumbList","@id":"https:\/\/sarmacjabedzin.pl\/index.php\/2018\/12\/28\/ostatnie-pozegnanie-krzysztofa-kozeranskiego\/#breadcrumb","itemListElement":[{"@type":"ListItem","position":1,"name":"Strona g\u0142\u00f3wna","item":"https:\/\/sarmacjabedzin.pl\/"},{"@type":"ListItem","position":2,"name":"Ostatnie po\u017cegnanie Krzysztofa Kozera\u0144skiego"}]},{"@type":"WebSite","@id":"https:\/\/sarmacjabedzin.pl\/#website","url":"https:\/\/sarmacjabedzin.pl\/","name":"BKS Sarmacja B\u0119dzin \u2013 Nieoficjalny serwis","description":"Nieoficjalny serwis B\u0119dzi\u0144skiego Klubu Sportowego &quot;Sarmacja&quot;","potentialAction":[{"@type":"SearchAction","target":{"@type":"EntryPoint","urlTemplate":"https:\/\/sarmacjabedzin.pl\/?s={search_term_string}"},"query-input":{"@type":"PropertyValueSpecification","valueRequired":true,"valueName":"search_term_string"}}],"inLanguage":"pl-PL"},{"@type":"Person","@id":"https:\/\/sarmacjabedzin.pl\/#\/schema\/person\/5417ea7b03bcd9adf58298a2265ce03a","name":"tyrtak","image":{"@type":"ImageObject","inLanguage":"pl-PL","@id":"https:\/\/sarmacjabedzin.pl\/#\/schema\/person\/image\/","url":"https:\/\/secure.gravatar.com\/avatar\/49b7734c6795cf524710e96813a9fedc1ae3816e479d92490236b4cfc47a5ae1?s=96&d=mm&r=g","contentUrl":"https:\/\/secure.gravatar.com\/avatar\/49b7734c6795cf524710e96813a9fedc1ae3816e479d92490236b4cfc47a5ae1?s=96&d=mm&r=g","caption":"tyrtak"}}]}},"rttpg_featured_image_url":{"full":["https:\/\/sarmacjabedzin.pl\/wp-content\/uploads\/2018\/12\/pogrzeb.jpg",1280,768,false],"landscape":["https:\/\/sarmacjabedzin.pl\/wp-content\/uploads\/2018\/12\/pogrzeb.jpg",1280,768,false],"portraits":["https:\/\/sarmacjabedzin.pl\/wp-content\/uploads\/2018\/12\/pogrzeb.jpg",1280,768,false],"thumbnail":["https:\/\/sarmacjabedzin.pl\/wp-content\/uploads\/2018\/12\/pogrzeb-150x150.jpg",150,150,true],"medium":["https:\/\/sarmacjabedzin.pl\/wp-content\/uploads\/2018\/12\/pogrzeb-300x180.jpg",300,180,true],"large":["https:\/\/sarmacjabedzin.pl\/wp-content\/uploads\/2018\/12\/pogrzeb-1024x614.jpg",1024,614,true],"1536x1536":["https:\/\/sarmacjabedzin.pl\/wp-content\/uploads\/2018\/12\/pogrzeb.jpg",1280,768,false],"2048x2048":["https:\/\/sarmacjabedzin.pl\/wp-content\/uploads\/2018\/12\/pogrzeb.jpg",1280,768,false],"sportspress-crop-medium":["https:\/\/sarmacjabedzin.pl\/wp-content\/uploads\/2018\/12\/pogrzeb-300x300.jpg",300,300,true],"sportspress-fit-medium":["https:\/\/sarmacjabedzin.pl\/wp-content\/uploads\/2018\/12\/pogrzeb-300x180.jpg",300,180,true],"sportspress-fit-icon":["https:\/\/sarmacjabedzin.pl\/wp-content\/uploads\/2018\/12\/pogrzeb-128x77.jpg",128,77,true],"sportspress-fit-mini":["https:\/\/sarmacjabedzin.pl\/wp-content\/uploads\/2018\/12\/pogrzeb-32x19.jpg",32,19,true],"ultp_layout_landscape_large":["https:\/\/sarmacjabedzin.pl\/wp-content\/uploads\/2018\/12\/pogrzeb.jpg",1200,720,false],"ultp_layout_landscape":["https:\/\/sarmacjabedzin.pl\/wp-content\/uploads\/2018\/12\/pogrzeb.jpg",870,522,false],"ultp_layout_portrait":["https:\/\/sarmacjabedzin.pl\/wp-content\/uploads\/2018\/12\/pogrzeb.jpg",600,360,false],"ultp_layout_square":["https:\/\/sarmacjabedzin.pl\/wp-content\/uploads\/2018\/12\/pogrzeb.jpg",600,360,false],"stm-1140-666":["https:\/\/sarmacjabedzin.pl\/wp-content\/uploads\/2018\/12\/pogrzeb-1140x666.jpg",1140,666,true],"stm-1170-650":["https:\/\/sarmacjabedzin.pl\/wp-content\/uploads\/2018\/12\/pogrzeb-1170x650.jpg",1170,650,true],"stm-570-350":["https:\/\/sarmacjabedzin.pl\/wp-content\/uploads\/2018\/12\/pogrzeb-570x350.jpg",570,350,true],"stm-570-250":["https:\/\/sarmacjabedzin.pl\/wp-content\/uploads\/2018\/12\/pogrzeb-570x250.jpg",570,250,true],"stm-270-370":["https:\/\/sarmacjabedzin.pl\/wp-content\/uploads\/2018\/12\/pogrzeb-270x370.jpg",270,370,true],"stm-540-500":["https:\/\/sarmacjabedzin.pl\/wp-content\/uploads\/2018\/12\/pogrzeb-540x500.jpg",540,500,true],"stm-270-530":["https:\/\/sarmacjabedzin.pl\/wp-content\/uploads\/2018\/12\/pogrzeb-270x530.jpg",270,530,true],"stm-200-200":["https:\/\/sarmacjabedzin.pl\/wp-content\/uploads\/2018\/12\/pogrzeb-200x200.jpg",200,200,true],"stm-85-105":["https:\/\/sarmacjabedzin.pl\/wp-content\/uploads\/2018\/12\/pogrzeb-85x105.jpg",85,105,true],"stm-255-255":["https:\/\/sarmacjabedzin.pl\/wp-content\/uploads\/2018\/12\/pogrzeb-255x255.jpg",255,255,true],"stm-360-240":["https:\/\/sarmacjabedzin.pl\/wp-content\/uploads\/2018\/12\/pogrzeb-360x240.jpg",360,240,true],"stm-360-495":["https:\/\/sarmacjabedzin.pl\/wp-content\/uploads\/2018\/12\/pogrzeb-360x495.jpg",360,495,true],"stm-445-400":["https:\/\/sarmacjabedzin.pl\/wp-content\/uploads\/2018\/12\/pogrzeb-445x400.jpg",445,400,true],"stm-735-240":["https:\/\/sarmacjabedzin.pl\/wp-content\/uploads\/2018\/12\/pogrzeb-735x240.jpg",735,240,true],"stm-255-183":["https:\/\/sarmacjabedzin.pl\/wp-content\/uploads\/2018\/12\/pogrzeb-255x183.jpg",255,183,true],"stm-350-250":["https:\/\/sarmacjabedzin.pl\/wp-content\/uploads\/2018\/12\/pogrzeb-350x250.jpg",350,250,true],"blog_list":["https:\/\/sarmacjabedzin.pl\/wp-content\/uploads\/2018\/12\/pogrzeb-270x220.jpg",270,220,true],"blog_list_medium":["https:\/\/sarmacjabedzin.pl\/wp-content\/uploads\/2018\/12\/pogrzeb-390x345.jpg",390,345,true],"gallery_thumbnail":["https:\/\/sarmacjabedzin.pl\/wp-content\/uploads\/2018\/12\/pogrzeb-80x80.jpg",80,80,true],"gallery_image":["https:\/\/sarmacjabedzin.pl\/wp-content\/uploads\/2018\/12\/pogrzeb-560x367.jpg",560,367,true],"gallery_image_mini":["https:\/\/sarmacjabedzin.pl\/wp-content\/uploads\/2018\/12\/pogrzeb-143x116.jpg",143,116,true],"player_photo":["https:\/\/sarmacjabedzin.pl\/wp-content\/uploads\/2018\/12\/pogrzeb-740x740.jpg",740,740,true],"team_logo":["https:\/\/sarmacjabedzin.pl\/wp-content\/uploads\/2018\/12\/pogrzeb-98x59.jpg",98,59,true],"player_stat_ava":["https:\/\/sarmacjabedzin.pl\/wp-content\/uploads\/2018\/12\/pogrzeb-550x580.jpg",550,580,true],"post-350-220":["https:\/\/sarmacjabedzin.pl\/wp-content\/uploads\/2018\/12\/pogrzeb-350x220.jpg",350,220,true],"post-275-142":["https:\/\/sarmacjabedzin.pl\/wp-content\/uploads\/2018\/12\/pogrzeb-275x142.jpg",275,142,true],"post-160-120":["https:\/\/sarmacjabedzin.pl\/wp-content\/uploads\/2018\/12\/pogrzeb-160x120.jpg",160,120,true],"post-110-70":["https:\/\/sarmacjabedzin.pl\/wp-content\/uploads\/2018\/12\/pogrzeb-110x70.jpg",110,70,true],"post-770-450":["https:\/\/sarmacjabedzin.pl\/wp-content\/uploads\/2018\/12\/pogrzeb-770x450.jpg",770,450,true],"post-370-210":["https:\/\/sarmacjabedzin.pl\/wp-content\/uploads\/2018\/12\/pogrzeb-370x210.jpg",370,210,true],"post-457-470":["https:\/\/sarmacjabedzin.pl\/wp-content\/uploads\/2018\/12\/pogrzeb-457x470.jpg",457,470,true],"post-370-420":["https:\/\/sarmacjabedzin.pl\/wp-content\/uploads\/2018\/12\/pogrzeb-370x420.jpg",370,420,true],"stm-445-445":["https:\/\/sarmacjabedzin.pl\/wp-content\/uploads\/2018\/12\/pogrzeb-445x445.jpg",445,445,true],"stm-555-460":["https:\/\/sarmacjabedzin.pl\/wp-content\/uploads\/2018\/12\/pogrzeb-555x460.jpg",555,460,true],"stm-350-450":["https:\/\/sarmacjabedzin.pl\/wp-content\/uploads\/2018\/12\/pogrzeb-350x450.jpg",350,450,true],"stm-720-440":["https:\/\/sarmacjabedzin.pl\/wp-content\/uploads\/2018\/12\/pogrzeb-720x440.jpg",720,440,true],"stm-270-270":["https:\/\/sarmacjabedzin.pl\/wp-content\/uploads\/2018\/12\/pogrzeb.jpg",270,162,false],"stm-760-450":["https:\/\/sarmacjabedzin.pl\/wp-content\/uploads\/2018\/12\/pogrzeb.jpg",750,450,false]},"rttpg_author":{"display_name":"tyrtak","author_link":false},"rttpg_comment":0,"rttpg_category":"<a href=\"https:\/\/sarmacjabedzin.pl\/index.php\/category\/aktualnosci\/\" rel=\"category tag\">Aktualno\u015bci<\/a>","rttpg_excerpt":"Otrzymali\u015bmy smutn\u0105 wiadomo\u015b\u0107 o \u015bmierci naszego by\u0142ego pi\u0142karza &#8211; Krzysztofa Kozera\u0144skiego, kt\u00f3rego pogrzeb odb\u0119dzie si\u0119 29.12.2018 roku o godz.11.00 w Kaplicy \u015awi\u0119tego Tomasza w B\u0119dzinie. Urodzi\u0142 si\u0119 7.09.1962 roku. Sw\u00f3j debiut w barwach Sarmacji B\u0119dzin zaliczy\u0142 w sezonie 1981\/1982 graj\u0105c w lidze okr\u0119gowej. Zadebiutowa\u0142 jako 19 latek. Pocz\u0105tkowo zaczyna\u0142 gr\u0119 na pozycji obro\u0144cy, a nast\u0119pnie...","_links":{"self":[{"href":"https:\/\/sarmacjabedzin.pl\/index.php\/wp-json\/wp\/v2\/posts\/1280","targetHints":{"allow":["GET"]}}],"collection":[{"href":"https:\/\/sarmacjabedzin.pl\/index.php\/wp-json\/wp\/v2\/posts"}],"about":[{"href":"https:\/\/sarmacjabedzin.pl\/index.php\/wp-json\/wp\/v2\/types\/post"}],"author":[{"embeddable":true,"href":"https:\/\/sarmacjabedzin.pl\/index.php\/wp-json\/wp\/v2\/users\/1"}],"replies":[{"embeddable":true,"href":"https:\/\/sarmacjabedzin.pl\/index.php\/wp-json\/wp\/v2\/comments?post=1280"}],"version-history":[{"count":0,"href":"https:\/\/sarmacjabedzin.pl\/index.php\/wp-json\/wp\/v2\/posts\/1280\/revisions"}],"wp:featuredmedia":[{"embeddable":true,"href":"https:\/\/sarmacjabedzin.pl\/index.php\/wp-json\/wp\/v2\/media\/1279"}],"wp:attachment":[{"href":"https:\/\/sarmacjabedzin.pl\/index.php\/wp-json\/wp\/v2\/media?parent=1280"}],"wp:term":[{"taxonomy":"category","embeddable":true,"href":"https:\/\/sarmacjabedzin.pl\/index.php\/wp-json\/wp\/v2\/categories?post=1280"},{"taxonomy":"post_tag","embeddable":true,"href":"https:\/\/sarmacjabedzin.pl\/index.php\/wp-json\/wp\/v2\/tags?post=1280"}],"curies":[{"name":"wp","href":"https:\/\/api.w.org\/{rel}","templated":true}]}}