{"id":1303,"date":"2019-03-09T00:05:43","date_gmt":"2019-03-08T23:05:43","guid":{"rendered":"http:\/\/sarmacjabedzin.pl\/index.php\/2019\/03\/09\/ostra-kanonada-na-koniec\/"},"modified":"2019-03-09T00:05:43","modified_gmt":"2019-03-08T23:05:43","slug":"ostra-kanonada-na-koniec","status":"publish","type":"post","link":"https:\/\/sarmacjabedzin.pl\/index.php\/2019\/03\/09\/ostra-kanonada-na-koniec\/","title":{"rendered":"Ostra kanonada na koniec!"},"content":{"rendered":"<p style=\"margin-bottom: 0cm;\">Dzi\u015b 08.03.2019 roku o godz.17.00 pi\u0142karze Sarmacji rozegrali na w\u0142asnym boisku mecz sparingowy z dru\u017cyn\u0105 rezerw. Maj\u0105cy ma\u0142o czasu nowy trener b\u0119dzinian mia\u0142 okazj\u0119 przyjrze\u0107 si\u0119 pi\u0142karzom, kt\u00f3rzy ju\u017c za tydzie\u0144 b\u0119d\u0105 mieli okazj\u0119 wybiegn\u0105\u0107 na pierwszy wiosenny mecz ligowy z Poloni\u0105 Bytom. <br \/>Pierwsza po\u0142owa spotkania zosta\u0142a rozegrana na boisku b\u0119dzi\u0144skiego stadionu.<br \/>Niestety po 45 minutach zapadaj\u0105cy szybko zmrok spowodowa\u0142 przeniesienie tego pojedynku na sztuczn\u0105 muraw\u0119.<\/p>\n<p style=\"margin-bottom: 0cm;\">Sarmaci od pierwszych minut ostro ruszyli na swojego rywala spychaj\u0105c go do g\u0142\u0119bokiej defensywy.<\/p>\n<p style=\"margin-bottom: 0cm;\">Ju\u017c po 13 minutach prowadzili 3:0 daj\u0105c do zrozumienia przeciwnikom, \u017ce w meczu tym nie b\u0119dzie \u017cadnej ulgi. <br \/>Wynik tego spotkania na 1:0 otworzy\u0142 ju\u017c w 4 minucie Wojciech Ba\u0142a, kt\u00f3ry celnym trafieniem wyko\u0144czy\u0142 podanie Arkadiusza Kowalczyka.<\/p>\n<p style=\"margin-bottom: 0cm;\">Dwie minuty p\u00f3\u017aniej do tej samej bramki g\u0142ow\u0105 trafi\u0142 Kacper Zawadzki. Tym razem asystuj\u0105cym by\u0142 Jan Januszek.<\/p>\n<p style=\"margin-bottom: 0cm;\">W 13 minucie Arkadiusz Kowalczyk zagra\u0142 pi\u0142k\u0119 do zdobywcy drugiego gola Kacpra Zawadzkiego, a ten maj\u0105c przed sob\u0105 jedynie golkipera rywala skierowa\u0142 j\u0105 do siatki.<\/p>\n<p style=\"margin-bottom: 0cm;\">W 26 minucie p\u0119dz\u0105cy praw\u0105 stron\u0105 boiska Jan Januszek pos\u0142a\u0142 pi\u0142k\u0119 w pole karne przeciwnika. Pr\u00f3buj\u0105cy j\u0105 wybi\u0107 obro\u0144ca skierowa\u0142 j\u0105 niefortunnie do w\u0142asnej siatki.<\/p>\n<p style=\"margin-bottom: 0cm;\">Trzy minuty p\u00f3\u017aniej ponownie Arkadiusz Kowalczyk obs\u0142u\u017cy\u0142 Kacpra Zawadzkiego, kt\u00f3ry zako\u0144czy\u0142 sw\u00f3j strza\u0142 celnym trafieniem podwy\u017cszaj\u0105c rezultat tego spotkania na 5:0.<\/p>\n<p style=\"margin-bottom: 0cm;\">Chwil\u0119 potem Alex Tyszczak pokona\u0142 golkipera m\u0142odzie\u017cy, ale by\u0142 na spalonym tak samo jak dwie minuty p\u00f3\u017aniej Jan Januszek.<br \/>W 34 minucie Wojciech Ba\u0142a biegn\u0105c praw\u0105 stron\u0105 boiska pos\u0142a\u0142 futbol\u00f3wk\u0119 do Alexa Tyszczaka. Ten natychmiast odda\u0142 strza\u0142 wprost w bramkarza, kt\u00f3ry sparowa\u0142 j\u0105 przed siebie. Dobitka Alexa by\u0142a ju\u017c bardziej precyzyjna i zako\u0144czy\u0142a si\u0119 sz\u00f3stym golem dla Sarmacji.<\/p>\n<p style=\"margin-bottom: 0cm;\">Po przej\u015bciu na mniejsze boisko rezerwy czu\u0142y si\u0119 zdecydowanie lepiej, lecz nie trwa\u0142o to zbyt d\u0142ugo.<br \/>W 75 minucie Alex Tyszczak zdo\u0142a\u0142 skutecznie wyko\u0144czy\u0107 na 7:0 \u015bwietne podanie Arkadiusza Kowalczyka.<\/p>\n<p style=\"margin-bottom: 0cm;\">W 78 minucie rozp\u0119dzony praw\u0105 stron\u0105 boiska pi\u0142karz testowany wpadaj\u0105c w pole karne rywala zagra\u0142 futbol\u00f3wk\u0119 do nadbiegaj\u0105cego Alexa Tyszczaka, a ten zmie\u015bci\u0142 j\u0105 w siatce.<\/p>\n<p style=\"margin-bottom: 0cm;\">Ten sam zawodnik w 88 i 90 minucie zaliczy\u0142 swoje kolejne trafienia ustalaj\u0105c wynik tego spotkania na 10:0 (6:0) dla Sarmacji. <br \/>Tym razem m\u0142odzie\u017c nie mia\u0142a szans na powt\u00f3rzenie ostatniego wyniku z meczu sparingowego pomi\u0119dzy obu dru\u017cynami, kt\u00f3ry jesieni\u0105 zako\u0144czy\u0142 si\u0119 sensacyjnym remisem 3:3.<\/p>\n<p style=\"margin-bottom: 0cm;\">By\u0142 to ju\u017c ostatni mecz kontrolny przed zbli\u017caj\u0105c\u0105 si\u0119 rund\u0105 wiosenn\u0105 sezonu 2018\/2019.<br \/>B\u0119dzinianie urz\u0105dzaj\u0105c dzi\u015b ostre strzelanie udowodnili, \u017ce mimo r\u00f3\u017cnych problem\u00f3w traktuj\u0105 swoja prac\u0119 powa\u017cnie.<br \/>Szczeg\u00f3ln\u0105 skuteczno\u015bci\u0105 w dzisiejszym spotkaniu wykaza\u0142 si\u0119 Alex Tyszczak, kt\u00f3ry zdobywaj\u0105c 5 goli zdo\u0142a\u0142 przy\u0107mi\u0107 \u201ehat-tricka\u201d Kacpra Zawadzkiego.<\/p>\n<p style=\"margin-bottom: 0cm;\">Dzi\u015b zabrak\u0142o na boisku Daniela Majki i Seweryna Pielichowskiego.<\/p>\n<p style=\"margin-bottom: 0cm;\">Teraz pozostaje ju\u017c ostatni tydzie\u0144 treningowy, a w sobot\u0119 16 marca pierwszy pojedynek w meczu wyjazdowym z faworytem rozgrywek Poloni\u0105 Bytom.<\/p>\n<p style=\"margin-bottom: 0cm;\">\u00a0<\/p>\n<p style=\"margin-bottom: 0cm;\"><strong>Sarmacja B\u0119dzin \u2013 Sarmacja II B\u0119dzin 10:0 (6:0)<\/strong><\/p>\n<p style=\"margin-bottom: 0cm;\"><strong>Bramki:<\/strong><\/p>\n<p style=\"margin-bottom: 0cm;\">4<span style=\"font-weight: normal;\">&#8216; Ba\u0142a<br \/>6&#8242;,13&#8242;,29&#8242; Zawadzki <\/span><\/p>\n<p style=\"margin-bottom: 0cm; font-weight: normal;\">26&#8242; samob\u00f3jcza<\/p>\n<p style=\"margin-bottom: 0cm; font-weight: normal;\">34&#8242;,75&#8242;,78&#8242;,88&#8242;,90&#8242; Tyszczak<\/p>\n<p style=\"margin-bottom: 0cm; font-weight: normal;\">\u00a0<\/p>\n<p style=\"margin-bottom: 0cm;\"><strong>Sarmacja B\u0119dzin:<\/strong> Gargasz \u2013 Ba\u0142a (55&#8242; Dul), Dankowski, M.Derlatka (46&#8242; test.), Dul (46&#8242; Maj), Tyszczak (46&#8242; test.), Ku\u0142aga, Barwi\u0144ski, Januszek, Kowalczyk (76&#8242; Zawadzki), Zawadzki (50&#8242; Tyszczak)<\/p>\n","protected":false},"excerpt":{"rendered":"<p>Dzi\u015b 08.03.2019 roku o godz.17.00 pi\u0142karze Sarmacji rozegrali na w\u0142asnym boisku mecz sparingowy z dru\u017cyn\u0105 rezerw. Maj\u0105cy ma\u0142o czasu nowy trener b\u0119dzinian mia\u0142 okazj\u0119 przyjrze\u0107 si\u0119 pi\u0142karzom, kt\u00f3rzy ju\u017c za tydzie\u0144 b\u0119d\u0105 mieli okazj\u0119 wybiegn\u0105\u0107 na pierwszy wiosenny mecz ligowy z Poloni\u0105 Bytom. Pierwsza po\u0142owa spotkania zosta\u0142a rozegrana na boisku b\u0119dzi\u0144skiego stadionu.Niestety po 45 minutach&#8230;<\/p>\n","protected":false},"author":1,"featured_media":1302,"comment_status":"open","ping_status":"open","sticky":false,"template":"","format":"standard","meta":{"footnotes":""},"categories":[1],"tags":[],"class_list":["post-1303","post","type-post","status-publish","format-standard","has-post-thumbnail","hentry","category-aktualnosci"],"yoast_head":"<!-- This site is optimized with the Yoast SEO plugin v25.8 - https:\/\/yoast.com\/wordpress\/plugins\/seo\/ -->\n<title>Ostra kanonada na koniec! | BKS Sarmacja B\u0119dzin<\/title>\n<meta name=\"robots\" content=\"index, follow, max-snippet:-1, max-image-preview:large, max-video-preview:-1\" \/>\n<link rel=\"canonical\" href=\"https:\/\/sarmacjabedzin.pl\/index.php\/2019\/03\/09\/ostra-kanonada-na-koniec\/\" \/>\n<meta property=\"og:locale\" content=\"pl_PL\" \/>\n<meta property=\"og:type\" content=\"article\" \/>\n<meta property=\"og:title\" content=\"Ostra kanonada na koniec! | BKS Sarmacja B\u0119dzin\" \/>\n<meta property=\"og:description\" content=\"Dzi\u015b 08.03.2019 roku o godz.17.00 pi\u0142karze Sarmacji rozegrali na w\u0142asnym boisku mecz sparingowy z dru\u017cyn\u0105 rezerw. Maj\u0105cy ma\u0142o czasu nowy trener b\u0119dzinian mia\u0142 okazj\u0119 przyjrze\u0107 si\u0119 pi\u0142karzom, kt\u00f3rzy ju\u017c za tydzie\u0144 b\u0119d\u0105 mieli okazj\u0119 wybiegn\u0105\u0107 na pierwszy wiosenny mecz ligowy z Poloni\u0105 Bytom. Pierwsza po\u0142owa spotkania zosta\u0142a rozegrana na boisku b\u0119dzi\u0144skiego stadionu.Niestety po 45 minutach...\" \/>\n<meta property=\"og:url\" content=\"https:\/\/sarmacjabedzin.pl\/index.php\/2019\/03\/09\/ostra-kanonada-na-koniec\/\" \/>\n<meta property=\"og:site_name\" content=\"BKS Sarmacja B\u0119dzin\" \/>\n<meta property=\"article:publisher\" content=\"https:\/\/www.facebook.com\/SarmacjaBedzin\" \/>\n<meta property=\"article:published_time\" content=\"2019-03-08T23:05:43+00:00\" \/>\n<meta property=\"og:image\" content=\"https:\/\/sarmacjabedzin.pl\/wp-content\/uploads\/2019\/03\/sparingrezerwy09.jpg\" \/>\n\t<meta property=\"og:image:width\" content=\"1280\" \/>\n\t<meta property=\"og:image:height\" content=\"768\" \/>\n\t<meta property=\"og:image:type\" content=\"image\/jpeg\" \/>\n<meta name=\"author\" content=\"tyrtak\" \/>\n<meta name=\"twitter:card\" content=\"summary_large_image\" \/>\n<meta name=\"twitter:label1\" content=\"Napisane przez\" \/>\n\t<meta name=\"twitter:data1\" content=\"tyrtak\" \/>\n\t<meta name=\"twitter:label2\" content=\"Szacowany czas czytania\" \/>\n\t<meta name=\"twitter:data2\" content=\"3 minuty\" \/>\n<script type=\"application\/ld+json\" class=\"yoast-schema-graph\">{\"@context\":\"https:\/\/schema.org\",\"@graph\":[{\"@type\":\"WebPage\",\"@id\":\"https:\/\/sarmacjabedzin.pl\/index.php\/2019\/03\/09\/ostra-kanonada-na-koniec\/\",\"url\":\"https:\/\/sarmacjabedzin.pl\/index.php\/2019\/03\/09\/ostra-kanonada-na-koniec\/\",\"name\":\"Ostra kanonada na koniec! | BKS Sarmacja B\u0119dzin\",\"isPartOf\":{\"@id\":\"https:\/\/sarmacjabedzin.pl\/#website\"},\"primaryImageOfPage\":{\"@id\":\"https:\/\/sarmacjabedzin.pl\/index.php\/2019\/03\/09\/ostra-kanonada-na-koniec\/#primaryimage\"},\"image\":{\"@id\":\"https:\/\/sarmacjabedzin.pl\/index.php\/2019\/03\/09\/ostra-kanonada-na-koniec\/#primaryimage\"},\"thumbnailUrl\":\"https:\/\/sarmacjabedzin.pl\/wp-content\/uploads\/2019\/03\/sparingrezerwy09.jpg\",\"datePublished\":\"2019-03-08T23:05:43+00:00\",\"author\":{\"@id\":\"https:\/\/sarmacjabedzin.pl\/#\/schema\/person\/5417ea7b03bcd9adf58298a2265ce03a\"},\"breadcrumb\":{\"@id\":\"https:\/\/sarmacjabedzin.pl\/index.php\/2019\/03\/09\/ostra-kanonada-na-koniec\/#breadcrumb\"},\"inLanguage\":\"pl-PL\",\"potentialAction\":[{\"@type\":\"ReadAction\",\"target\":[\"https:\/\/sarmacjabedzin.pl\/index.php\/2019\/03\/09\/ostra-kanonada-na-koniec\/\"]}]},{\"@type\":\"ImageObject\",\"inLanguage\":\"pl-PL\",\"@id\":\"https:\/\/sarmacjabedzin.pl\/index.php\/2019\/03\/09\/ostra-kanonada-na-koniec\/#primaryimage\",\"url\":\"https:\/\/sarmacjabedzin.pl\/wp-content\/uploads\/2019\/03\/sparingrezerwy09.jpg\",\"contentUrl\":\"https:\/\/sarmacjabedzin.pl\/wp-content\/uploads\/2019\/03\/sparingrezerwy09.jpg\",\"width\":1280,\"height\":768},{\"@type\":\"BreadcrumbList\",\"@id\":\"https:\/\/sarmacjabedzin.pl\/index.php\/2019\/03\/09\/ostra-kanonada-na-koniec\/#breadcrumb\",\"itemListElement\":[{\"@type\":\"ListItem\",\"position\":1,\"name\":\"Strona g\u0142\u00f3wna\",\"item\":\"https:\/\/sarmacjabedzin.pl\/\"},{\"@type\":\"ListItem\",\"position\":2,\"name\":\"Ostra kanonada na koniec!\"}]},{\"@type\":\"WebSite\",\"@id\":\"https:\/\/sarmacjabedzin.pl\/#website\",\"url\":\"https:\/\/sarmacjabedzin.pl\/\",\"name\":\"BKS Sarmacja B\u0119dzin \u2013 Nieoficjalny serwis\",\"description\":\"Nieoficjalny serwis B\u0119dzi\u0144skiego Klubu Sportowego &quot;Sarmacja&quot;\",\"potentialAction\":[{\"@type\":\"SearchAction\",\"target\":{\"@type\":\"EntryPoint\",\"urlTemplate\":\"https:\/\/sarmacjabedzin.pl\/?s={search_term_string}\"},\"query-input\":{\"@type\":\"PropertyValueSpecification\",\"valueRequired\":true,\"valueName\":\"search_term_string\"}}],\"inLanguage\":\"pl-PL\"},{\"@type\":\"Person\",\"@id\":\"https:\/\/sarmacjabedzin.pl\/#\/schema\/person\/5417ea7b03bcd9adf58298a2265ce03a\",\"name\":\"tyrtak\",\"image\":{\"@type\":\"ImageObject\",\"inLanguage\":\"pl-PL\",\"@id\":\"https:\/\/sarmacjabedzin.pl\/#\/schema\/person\/image\/\",\"url\":\"https:\/\/secure.gravatar.com\/avatar\/49b7734c6795cf524710e96813a9fedc1ae3816e479d92490236b4cfc47a5ae1?s=96&d=mm&r=g\",\"contentUrl\":\"https:\/\/secure.gravatar.com\/avatar\/49b7734c6795cf524710e96813a9fedc1ae3816e479d92490236b4cfc47a5ae1?s=96&d=mm&r=g\",\"caption\":\"tyrtak\"}}]}<\/script>\n<!-- \/ Yoast SEO plugin. -->","yoast_head_json":{"title":"Ostra kanonada na koniec! | BKS Sarmacja B\u0119dzin","robots":{"index":"index","follow":"follow","max-snippet":"max-snippet:-1","max-image-preview":"max-image-preview:large","max-video-preview":"max-video-preview:-1"},"canonical":"https:\/\/sarmacjabedzin.pl\/index.php\/2019\/03\/09\/ostra-kanonada-na-koniec\/","og_locale":"pl_PL","og_type":"article","og_title":"Ostra kanonada na koniec! | BKS Sarmacja B\u0119dzin","og_description":"Dzi\u015b 08.03.2019 roku o godz.17.00 pi\u0142karze Sarmacji rozegrali na w\u0142asnym boisku mecz sparingowy z dru\u017cyn\u0105 rezerw. Maj\u0105cy ma\u0142o czasu nowy trener b\u0119dzinian mia\u0142 okazj\u0119 przyjrze\u0107 si\u0119 pi\u0142karzom, kt\u00f3rzy ju\u017c za tydzie\u0144 b\u0119d\u0105 mieli okazj\u0119 wybiegn\u0105\u0107 na pierwszy wiosenny mecz ligowy z Poloni\u0105 Bytom. Pierwsza po\u0142owa spotkania zosta\u0142a rozegrana na boisku b\u0119dzi\u0144skiego stadionu.Niestety po 45 minutach...","og_url":"https:\/\/sarmacjabedzin.pl\/index.php\/2019\/03\/09\/ostra-kanonada-na-koniec\/","og_site_name":"BKS Sarmacja B\u0119dzin","article_publisher":"https:\/\/www.facebook.com\/SarmacjaBedzin","article_published_time":"2019-03-08T23:05:43+00:00","og_image":[{"width":1280,"height":768,"url":"https:\/\/sarmacjabedzin.pl\/wp-content\/uploads\/2019\/03\/sparingrezerwy09.jpg","type":"image\/jpeg"}],"author":"tyrtak","twitter_card":"summary_large_image","twitter_misc":{"Napisane przez":"tyrtak","Szacowany czas czytania":"3 minuty"},"schema":{"@context":"https:\/\/schema.org","@graph":[{"@type":"WebPage","@id":"https:\/\/sarmacjabedzin.pl\/index.php\/2019\/03\/09\/ostra-kanonada-na-koniec\/","url":"https:\/\/sarmacjabedzin.pl\/index.php\/2019\/03\/09\/ostra-kanonada-na-koniec\/","name":"Ostra kanonada na koniec! | BKS Sarmacja B\u0119dzin","isPartOf":{"@id":"https:\/\/sarmacjabedzin.pl\/#website"},"primaryImageOfPage":{"@id":"https:\/\/sarmacjabedzin.pl\/index.php\/2019\/03\/09\/ostra-kanonada-na-koniec\/#primaryimage"},"image":{"@id":"https:\/\/sarmacjabedzin.pl\/index.php\/2019\/03\/09\/ostra-kanonada-na-koniec\/#primaryimage"},"thumbnailUrl":"https:\/\/sarmacjabedzin.pl\/wp-content\/uploads\/2019\/03\/sparingrezerwy09.jpg","datePublished":"2019-03-08T23:05:43+00:00","author":{"@id":"https:\/\/sarmacjabedzin.pl\/#\/schema\/person\/5417ea7b03bcd9adf58298a2265ce03a"},"breadcrumb":{"@id":"https:\/\/sarmacjabedzin.pl\/index.php\/2019\/03\/09\/ostra-kanonada-na-koniec\/#breadcrumb"},"inLanguage":"pl-PL","potentialAction":[{"@type":"ReadAction","target":["https:\/\/sarmacjabedzin.pl\/index.php\/2019\/03\/09\/ostra-kanonada-na-koniec\/"]}]},{"@type":"ImageObject","inLanguage":"pl-PL","@id":"https:\/\/sarmacjabedzin.pl\/index.php\/2019\/03\/09\/ostra-kanonada-na-koniec\/#primaryimage","url":"https:\/\/sarmacjabedzin.pl\/wp-content\/uploads\/2019\/03\/sparingrezerwy09.jpg","contentUrl":"https:\/\/sarmacjabedzin.pl\/wp-content\/uploads\/2019\/03\/sparingrezerwy09.jpg","width":1280,"height":768},{"@type":"BreadcrumbList","@id":"https:\/\/sarmacjabedzin.pl\/index.php\/2019\/03\/09\/ostra-kanonada-na-koniec\/#breadcrumb","itemListElement":[{"@type":"ListItem","position":1,"name":"Strona g\u0142\u00f3wna","item":"https:\/\/sarmacjabedzin.pl\/"},{"@type":"ListItem","position":2,"name":"Ostra kanonada na koniec!"}]},{"@type":"WebSite","@id":"https:\/\/sarmacjabedzin.pl\/#website","url":"https:\/\/sarmacjabedzin.pl\/","name":"BKS Sarmacja B\u0119dzin \u2013 Nieoficjalny serwis","description":"Nieoficjalny serwis B\u0119dzi\u0144skiego Klubu Sportowego &quot;Sarmacja&quot;","potentialAction":[{"@type":"SearchAction","target":{"@type":"EntryPoint","urlTemplate":"https:\/\/sarmacjabedzin.pl\/?s={search_term_string}"},"query-input":{"@type":"PropertyValueSpecification","valueRequired":true,"valueName":"search_term_string"}}],"inLanguage":"pl-PL"},{"@type":"Person","@id":"https:\/\/sarmacjabedzin.pl\/#\/schema\/person\/5417ea7b03bcd9adf58298a2265ce03a","name":"tyrtak","image":{"@type":"ImageObject","inLanguage":"pl-PL","@id":"https:\/\/sarmacjabedzin.pl\/#\/schema\/person\/image\/","url":"https:\/\/secure.gravatar.com\/avatar\/49b7734c6795cf524710e96813a9fedc1ae3816e479d92490236b4cfc47a5ae1?s=96&d=mm&r=g","contentUrl":"https:\/\/secure.gravatar.com\/avatar\/49b7734c6795cf524710e96813a9fedc1ae3816e479d92490236b4cfc47a5ae1?s=96&d=mm&r=g","caption":"tyrtak"}}]}},"rttpg_featured_image_url":{"full":["https:\/\/sarmacjabedzin.pl\/wp-content\/uploads\/2019\/03\/sparingrezerwy09.jpg",1280,768,false],"landscape":["https:\/\/sarmacjabedzin.pl\/wp-content\/uploads\/2019\/03\/sparingrezerwy09.jpg",1280,768,false],"portraits":["https:\/\/sarmacjabedzin.pl\/wp-content\/uploads\/2019\/03\/sparingrezerwy09.jpg",1280,768,false],"thumbnail":["https:\/\/sarmacjabedzin.pl\/wp-content\/uploads\/2019\/03\/sparingrezerwy09-150x150.jpg",150,150,true],"medium":["https:\/\/sarmacjabedzin.pl\/wp-content\/uploads\/2019\/03\/sparingrezerwy09-300x180.jpg",300,180,true],"large":["https:\/\/sarmacjabedzin.pl\/wp-content\/uploads\/2019\/03\/sparingrezerwy09-1024x614.jpg",1024,614,true],"1536x1536":["https:\/\/sarmacjabedzin.pl\/wp-content\/uploads\/2019\/03\/sparingrezerwy09.jpg",1280,768,false],"2048x2048":["https:\/\/sarmacjabedzin.pl\/wp-content\/uploads\/2019\/03\/sparingrezerwy09.jpg",1280,768,false],"sportspress-crop-medium":["https:\/\/sarmacjabedzin.pl\/wp-content\/uploads\/2019\/03\/sparingrezerwy09-300x300.jpg",300,300,true],"sportspress-fit-medium":["https:\/\/sarmacjabedzin.pl\/wp-content\/uploads\/2019\/03\/sparingrezerwy09-300x180.jpg",300,180,true],"sportspress-fit-icon":["https:\/\/sarmacjabedzin.pl\/wp-content\/uploads\/2019\/03\/sparingrezerwy09-128x77.jpg",128,77,true],"sportspress-fit-mini":["https:\/\/sarmacjabedzin.pl\/wp-content\/uploads\/2019\/03\/sparingrezerwy09-32x19.jpg",32,19,true],"ultp_layout_landscape_large":["https:\/\/sarmacjabedzin.pl\/wp-content\/uploads\/2019\/03\/sparingrezerwy09.jpg",1200,720,false],"ultp_layout_landscape":["https:\/\/sarmacjabedzin.pl\/wp-content\/uploads\/2019\/03\/sparingrezerwy09.jpg",870,522,false],"ultp_layout_portrait":["https:\/\/sarmacjabedzin.pl\/wp-content\/uploads\/2019\/03\/sparingrezerwy09.jpg",600,360,false],"ultp_layout_square":["https:\/\/sarmacjabedzin.pl\/wp-content\/uploads\/2019\/03\/sparingrezerwy09.jpg",600,360,false],"stm-1140-666":["https:\/\/sarmacjabedzin.pl\/wp-content\/uploads\/2019\/03\/sparingrezerwy09-1140x666.jpg",1140,666,true],"stm-1170-650":["https:\/\/sarmacjabedzin.pl\/wp-content\/uploads\/2019\/03\/sparingrezerwy09-1170x650.jpg",1170,650,true],"stm-570-350":["https:\/\/sarmacjabedzin.pl\/wp-content\/uploads\/2019\/03\/sparingrezerwy09-570x350.jpg",570,350,true],"stm-570-250":["https:\/\/sarmacjabedzin.pl\/wp-content\/uploads\/2019\/03\/sparingrezerwy09-570x250.jpg",570,250,true],"stm-270-370":["https:\/\/sarmacjabedzin.pl\/wp-content\/uploads\/2019\/03\/sparingrezerwy09-270x370.jpg",270,370,true],"stm-540-500":["https:\/\/sarmacjabedzin.pl\/wp-content\/uploads\/2019\/03\/sparingrezerwy09-540x500.jpg",540,500,true],"stm-270-530":["https:\/\/sarmacjabedzin.pl\/wp-content\/uploads\/2019\/03\/sparingrezerwy09-270x530.jpg",270,530,true],"stm-200-200":["https:\/\/sarmacjabedzin.pl\/wp-content\/uploads\/2019\/03\/sparingrezerwy09-200x200.jpg",200,200,true],"stm-85-105":["https:\/\/sarmacjabedzin.pl\/wp-content\/uploads\/2019\/03\/sparingrezerwy09-85x105.jpg",85,105,true],"stm-255-255":["https:\/\/sarmacjabedzin.pl\/wp-content\/uploads\/2019\/03\/sparingrezerwy09-255x255.jpg",255,255,true],"stm-360-240":["https:\/\/sarmacjabedzin.pl\/wp-content\/uploads\/2019\/03\/sparingrezerwy09-360x240.jpg",360,240,true],"stm-360-495":["https:\/\/sarmacjabedzin.pl\/wp-content\/uploads\/2019\/03\/sparingrezerwy09-360x495.jpg",360,495,true],"stm-445-400":["https:\/\/sarmacjabedzin.pl\/wp-content\/uploads\/2019\/03\/sparingrezerwy09-445x400.jpg",445,400,true],"stm-735-240":["https:\/\/sarmacjabedzin.pl\/wp-content\/uploads\/2019\/03\/sparingrezerwy09-735x240.jpg",735,240,true],"stm-255-183":["https:\/\/sarmacjabedzin.pl\/wp-content\/uploads\/2019\/03\/sparingrezerwy09-255x183.jpg",255,183,true],"stm-350-250":["https:\/\/sarmacjabedzin.pl\/wp-content\/uploads\/2019\/03\/sparingrezerwy09-350x250.jpg",350,250,true],"blog_list":["https:\/\/sarmacjabedzin.pl\/wp-content\/uploads\/2019\/03\/sparingrezerwy09-270x220.jpg",270,220,true],"blog_list_medium":["https:\/\/sarmacjabedzin.pl\/wp-content\/uploads\/2019\/03\/sparingrezerwy09-390x345.jpg",390,345,true],"gallery_thumbnail":["https:\/\/sarmacjabedzin.pl\/wp-content\/uploads\/2019\/03\/sparingrezerwy09-80x80.jpg",80,80,true],"gallery_image":["https:\/\/sarmacjabedzin.pl\/wp-content\/uploads\/2019\/03\/sparingrezerwy09-560x367.jpg",560,367,true],"gallery_image_mini":["https:\/\/sarmacjabedzin.pl\/wp-content\/uploads\/2019\/03\/sparingrezerwy09-143x116.jpg",143,116,true],"player_photo":["https:\/\/sarmacjabedzin.pl\/wp-content\/uploads\/2019\/03\/sparingrezerwy09-740x740.jpg",740,740,true],"team_logo":["https:\/\/sarmacjabedzin.pl\/wp-content\/uploads\/2019\/03\/sparingrezerwy09-98x59.jpg",98,59,true],"player_stat_ava":["https:\/\/sarmacjabedzin.pl\/wp-content\/uploads\/2019\/03\/sparingrezerwy09-550x580.jpg",550,580,true],"post-350-220":["https:\/\/sarmacjabedzin.pl\/wp-content\/uploads\/2019\/03\/sparingrezerwy09-350x220.jpg",350,220,true],"post-275-142":["https:\/\/sarmacjabedzin.pl\/wp-content\/uploads\/2019\/03\/sparingrezerwy09-275x142.jpg",275,142,true],"post-160-120":["https:\/\/sarmacjabedzin.pl\/wp-content\/uploads\/2019\/03\/sparingrezerwy09-160x120.jpg",160,120,true],"post-110-70":["https:\/\/sarmacjabedzin.pl\/wp-content\/uploads\/2019\/03\/sparingrezerwy09-110x70.jpg",110,70,true],"post-770-450":["https:\/\/sarmacjabedzin.pl\/wp-content\/uploads\/2019\/03\/sparingrezerwy09-770x450.jpg",770,450,true],"post-370-210":["https:\/\/sarmacjabedzin.pl\/wp-content\/uploads\/2019\/03\/sparingrezerwy09-370x210.jpg",370,210,true],"post-457-470":["https:\/\/sarmacjabedzin.pl\/wp-content\/uploads\/2019\/03\/sparingrezerwy09-457x470.jpg",457,470,true],"post-370-420":["https:\/\/sarmacjabedzin.pl\/wp-content\/uploads\/2019\/03\/sparingrezerwy09-370x420.jpg",370,420,true],"stm-445-445":["https:\/\/sarmacjabedzin.pl\/wp-content\/uploads\/2019\/03\/sparingrezerwy09-445x445.jpg",445,445,true],"stm-555-460":["https:\/\/sarmacjabedzin.pl\/wp-content\/uploads\/2019\/03\/sparingrezerwy09-555x460.jpg",555,460,true],"stm-350-450":["https:\/\/sarmacjabedzin.pl\/wp-content\/uploads\/2019\/03\/sparingrezerwy09-350x450.jpg",350,450,true],"stm-720-440":["https:\/\/sarmacjabedzin.pl\/wp-content\/uploads\/2019\/03\/sparingrezerwy09-720x440.jpg",720,440,true],"stm-270-270":["https:\/\/sarmacjabedzin.pl\/wp-content\/uploads\/2019\/03\/sparingrezerwy09.jpg",270,162,false],"stm-760-450":["https:\/\/sarmacjabedzin.pl\/wp-content\/uploads\/2019\/03\/sparingrezerwy09.jpg",750,450,false]},"rttpg_author":{"display_name":"tyrtak","author_link":false},"rttpg_comment":0,"rttpg_category":"<a href=\"https:\/\/sarmacjabedzin.pl\/index.php\/category\/aktualnosci\/\" rel=\"category tag\">Aktualno\u015bci<\/a>","rttpg_excerpt":"Dzi\u015b 08.03.2019 roku o godz.17.00 pi\u0142karze Sarmacji rozegrali na w\u0142asnym boisku mecz sparingowy z dru\u017cyn\u0105 rezerw. Maj\u0105cy ma\u0142o czasu nowy trener b\u0119dzinian mia\u0142 okazj\u0119 przyjrze\u0107 si\u0119 pi\u0142karzom, kt\u00f3rzy ju\u017c za tydzie\u0144 b\u0119d\u0105 mieli okazj\u0119 wybiegn\u0105\u0107 na pierwszy wiosenny mecz ligowy z Poloni\u0105 Bytom. Pierwsza po\u0142owa spotkania zosta\u0142a rozegrana na boisku b\u0119dzi\u0144skiego stadionu.Niestety po 45 minutach...","_links":{"self":[{"href":"https:\/\/sarmacjabedzin.pl\/index.php\/wp-json\/wp\/v2\/posts\/1303","targetHints":{"allow":["GET"]}}],"collection":[{"href":"https:\/\/sarmacjabedzin.pl\/index.php\/wp-json\/wp\/v2\/posts"}],"about":[{"href":"https:\/\/sarmacjabedzin.pl\/index.php\/wp-json\/wp\/v2\/types\/post"}],"author":[{"embeddable":true,"href":"https:\/\/sarmacjabedzin.pl\/index.php\/wp-json\/wp\/v2\/users\/1"}],"replies":[{"embeddable":true,"href":"https:\/\/sarmacjabedzin.pl\/index.php\/wp-json\/wp\/v2\/comments?post=1303"}],"version-history":[{"count":0,"href":"https:\/\/sarmacjabedzin.pl\/index.php\/wp-json\/wp\/v2\/posts\/1303\/revisions"}],"wp:featuredmedia":[{"embeddable":true,"href":"https:\/\/sarmacjabedzin.pl\/index.php\/wp-json\/wp\/v2\/media\/1302"}],"wp:attachment":[{"href":"https:\/\/sarmacjabedzin.pl\/index.php\/wp-json\/wp\/v2\/media?parent=1303"}],"wp:term":[{"taxonomy":"category","embeddable":true,"href":"https:\/\/sarmacjabedzin.pl\/index.php\/wp-json\/wp\/v2\/categories?post=1303"},{"taxonomy":"post_tag","embeddable":true,"href":"https:\/\/sarmacjabedzin.pl\/index.php\/wp-json\/wp\/v2\/tags?post=1303"}],"curies":[{"name":"wp","href":"https:\/\/api.w.org\/{rel}","templated":true}]}}