{"id":1309,"date":"2019-03-23T20:54:15","date_gmt":"2019-03-23T19:54:15","guid":{"rendered":"http:\/\/sarmacjabedzin.pl\/index.php\/2019\/03\/23\/derby-powiatu-na-remis\/"},"modified":"2019-03-23T20:54:15","modified_gmt":"2019-03-23T19:54:15","slug":"derby-powiatu-na-remis","status":"publish","type":"post","link":"https:\/\/sarmacjabedzin.pl\/index.php\/2019\/03\/23\/derby-powiatu-na-remis\/","title":{"rendered":"DERBY POWIATU NA REMIS!"},"content":{"rendered":"<p style=\"margin-bottom: 0cm;\">Dzi\u015b 23.03.2019 roku o godz. 15.30 pi\u0142karze Sarmacji B\u0119dzin na w\u0142asnym stadionie, w meczu o ligowe punkty podejmowali dru\u017cyn\u0119 G\u00f3rnika Piaski. Rywale zajmuj\u0105cy ostatni\u0105 lokat\u0119 w tabeli wyst\u0105pili pod wodz\u0105 by\u0142ego trenera b\u0119dzinian Krzysztofa Kie\u0142ba. <br \/>W rundzie jesiennej Sarmaci na wyje\u017adzie odnie\u015bli skromne zwyci\u0119stwo 1:0.<\/p>\n<p style=\"margin-bottom: 0cm;\">Niestety w dzisiejszym spotkaniu trener Artur Mosna nie m\u00f3g\u0142 skorzysta\u0107 z czterech pi\u0142karzy z podstawowego sk\u0142adu. Byli to pauzuj\u0105cy za kartki: Jakub Dankowski, Micha\u0142 Szal, Jan Januszek oraz maj\u0105cy uraz Wojciech Ba\u0142a.<br \/>Tak wi\u0119c sytuacja mocno skomplikowa\u0142a plany taktyczne zwi\u0105zane z tym pojedynkiem.<br \/>Pierwszy strza\u0142 na bramk\u0119 rywala oddali go\u015bcie. By\u0142o to w 8 minucie po uderzeniu z rzutu wolnego pi\u0142karza go\u015bci. Pi\u0142k\u0119 bez problemu zdo\u0142a\u0142 wy\u0142apa\u0107 Dawid Gargasz. <br \/>Kolejne minuty up\u0142ywa\u0142y na ma\u0142o ciekawej grze w \u015brodku pola.<\/p>\n<p style=\"margin-bottom: 0cm;\">W 16 minucie przepi\u0119knym strza\u0142em z p\u00f3\u0142obrotu w samo okienko bramki G\u00f3rnika popisa\u0142 si\u0119 Marcin Derlatka znajduj\u0105cy si\u0119 na 15 metrze od \u201e\u015bwi\u0105tyni\u201d przyjezdnych.<\/p>\n<p style=\"margin-bottom: 0cm;\">W 26 minucie dosz\u0142o do gro\u017anie wygl\u0105daj\u0105cego zderzenia Kacpra Zawadzkiego z Piotrem Barwi\u0144skim. Ten ostatni wymaga\u0142 interwencji masa\u017cysty. Na szcz\u0119\u015bcie wszystko zako\u0144czy\u0142o si\u0119 szcz\u0119\u015bliwie.<\/p>\n<p style=\"margin-bottom: 0cm;\">Trzy minuty p\u00f3\u017aniej rywale oddali silny strza\u0142 obok s\u0142upka naszej bramki.<\/p>\n<p style=\"margin-bottom: 0cm;\">W 35 minucie \u015bwietnej okazji na wyr\u00f3wnanie nie wykorzysta\u0142 pi\u0142karz przyjezdnych A.Ngwagwu.<\/p>\n<p style=\"margin-bottom: 0cm;\">Maj\u0105c przed sob\u0105 Dawida Gargasza upad\u0142 trac\u0105c pi\u0142k\u0119. <br \/>W 37 minucie odpowiedzieli Sarmaci. Pi\u0142k\u0119 od Arkadiusza Kowalczyka przej\u0105\u0142 Alex Tyszczak, a nast\u0119pnie pos\u0142a\u0142 j\u0105 tu\u017c obok s\u0142upka bramki rywala.<\/p>\n<p style=\"margin-bottom: 0cm;\">Ten sam zawodnik w 43 minucie nie zdo\u0142a\u0142 wykorzysta\u0107 sporego zamieszania pod bramk\u0105 go\u015bci.<\/p>\n<p style=\"margin-bottom: 0cm;\">Jego strza\u0142 trafi\u0142 wprost w obro\u0144c\u0119.<\/p>\n<p style=\"margin-bottom: 0cm;\">Po przerwie Sarmaci ruszyli ochoczo do ataku. Kacper Zawadzki popisa\u0142 si\u0119 \u015bwietnym dryblingiem mijaj\u0105c lewego obro\u0144c\u0119 G\u00f3rnika, a nast\u0119pnie z ostrego k\u0105ta pr\u00f3bowa\u0142 zaskoczy\u0107 golkipera czeladzian. Ten zdo\u0142a\u0142 jednak sparowa\u0107 pi\u0142k\u0119 na r\u00f3g.<\/p>\n<p style=\"margin-bottom: 0cm;\">Niestety chwil\u0119 potem akcja przenios\u0142a si\u0119 pod nasz\u0105 bramk\u0119, gdzie po wrzutce z prawej strony boiska futbol\u00f3wk\u0119 g\u0142ow\u0105 w naszej siatce umie\u015bci\u0142 Krystian Duda\u0142a. <br \/>Po stracie bramki w szeregi Sarmacji wkrad\u0142a si\u0119 spora nerwowo\u015b\u0107.<\/p>\n<p style=\"margin-bottom: 0cm;\">Kilkana\u015bcie sekund p\u00f3\u017aniej kolejny rajd A.Ngwagwu m\u00f3g\u0142 zako\u0144czy\u0107 si\u0119 strat\u0105 kolejnego gola.<br \/>Szar\u017cuj\u0105cy praw\u0105 stron\u0105 murawy zawodnik zdecydowa\u0142 si\u0119 na strza\u0142 z ostrego k\u0105ta.<\/p>\n<p style=\"margin-bottom: 0cm;\">Na szcz\u0119\u015bcie bramkarz gospodarzy zdo\u0142a\u0142 wybi\u0107 pi\u0142k\u0119 na r\u00f3g.<\/p>\n<p style=\"margin-bottom: 0cm;\">W 52 minucie G\u00f3rnik prowadzi\u0142 niespodziewanie 2:1. Tym razem pi\u0142ka po kolejnej wrzutce z prawej strony boiska spad\u0142a pod nogi zamykaj\u0105cego akcj\u0119 na drugim s\u0142upku bramki zdobywc\u0119 pierwszego gola Krystiana Duda\u0142\u0119.<\/p>\n<p style=\"margin-bottom: 0cm;\">Ten z ostrego k\u0105ta zmie\u015bci\u0142 j\u0105 w naszej siatce. <br \/>Utrata prowadzenia w przeci\u0105gu 4 minut zrobi\u0142a spore wra\u017cenie na naszych zawodnikach, kt\u00f3rzy d\u0142ugo nie mogli otrz\u0105sn\u0105\u0107 si\u0119 z tego szoku.<\/p>\n<p style=\"margin-bottom: 0cm;\">W 57 minucie Seweryn Pielichowski strza\u0142em z rzutu wolnego pr\u00f3bowa\u0142 zaskoczy\u0107 golkipera go\u015bci, kt\u00f3ry z trudem wyekspediowa\u0142 pi\u0142k\u0119 na rzut ro\u017cny.<\/p>\n<p style=\"margin-bottom: 0cm;\">W 72 minucie mimo ogromnego zm\u0119czenia Sarmaci zdo\u0142ali doprowadzi\u0107 do wyr\u00f3wnania. \u015awietn\u0105 wrzutk\u0105 z lewego skrzyd\u0142a w pole karne rywala popisa\u0142 si\u0119 Alex Tyszczak. Pi\u0142ka spad\u0142a wprost na nog\u0119 naszego nowego zawodnika \u0141ukasza Michalskiego. Ten zachowuj\u0105c spok\u00f3j skierowa\u0142 j\u0105 tu\u017c obok pr\u00f3buj\u0105cego interweniowa\u0107 bramkarza przyjezdnych. <br \/>Tym samym zdoby\u0142 swojego debiutanckiego gola ligowego w barwach naszej dru\u017cyny.<br \/>Po tym trafieniu nast\u0105pi\u0142a wymiana cios\u00f3w z obu stron. Maj\u0105cy do dyspozycji tylko trzech zawodnik\u00f3w na \u0142awce, trener Artur Mosna mia\u0142 bardzo ma\u0142o atut\u00f3w do znalezienia sposobu na zwyci\u0119stwo.<\/p>\n<p style=\"margin-bottom: 0cm;\">Dodajmy, \u017ce dwaj rezerwowi to nasi m\u0142odzie\u017cowcy.<br \/>Mimo opadaj\u0105cych si\u0142 zawodnicy Sarmacji do ostatnich sekund ambitnie walczyli o zdobycie kompletu punkt\u00f3w.<br \/>W 74 minucie pi\u0142ka po strzale Seweryna Pielichowskiego z rzutu wolnego poszybowa\u0142a nad poprzeczk\u0105 rywala.<\/p>\n<p style=\"margin-bottom: 0cm;\">W 85 minucie strza\u0142 z dystansu Arkadiusza Kowalczyka z trudem zosta\u0142 wy\u0142apany przez golkipera czeladzian.<\/p>\n<p style=\"margin-bottom: 0cm;\">W 88 minucie w barwach naszego zespo\u0142u zaliczy\u0142 sw\u00f3j debiut ligowy nasz m\u0142odzie\u017cowiec Marek Kocot.<\/p>\n<p style=\"margin-bottom: 0cm;\">Mimo sporego wysi\u0142ku z obu stron \u201eDerby Powiatu\u201d pomi\u0119dzy Sarmacj\u0105 B\u0119dzin, a G\u00f3rnikiem Piaski zako\u0144czy\u0142y si\u0119 podzia\u0142em punkt\u00f3w przy stanie 2:2 (1:0). <br \/>Cenny punkt zdobyty przez naszego rywala broni\u0105cego si\u0119 przed spadkiem da\u0142 im okazj\u0119 na opuszczenie ostatniego miejsca w tabeli, a Sarmacji zapewni\u0142 utrzymanie 10 lokaty.<\/p>\n<p style=\"margin-bottom: 0cm;\">Mimo przeci\u0119tnego widowiska nasi zawodnicy zas\u0142u\u017cyli na pochwa\u0142\u0119 za to, \u017ce w tak trudnej sytuacji kadrowej potrafili przeciwstawi\u0107 si\u0119 bardzo zdeterminowanemu rywalowi.<\/p>\n<p style=\"margin-bottom: 0cm;\">Po szybkiej stracie prowadzenia w ci\u0105gu 4 minut potrafili si\u0119 podnie\u015b\u0107 i powalczy\u0107 o wyr\u00f3wnanie.<br \/>Przez pewien czas w dru\u017cynie naszej gra\u0142o dzi\u015b 4 m\u0142odzie\u017cowc\u00f3w.<br \/>Ju\u017c za tydzie\u0144 b\u0119dzinian czeka ci\u0119\u017cki wyjazd na mecz z Poloni\u0105 Poraj.<\/p>\n<p style=\"margin-bottom: 0cm;\">Mamy jednak nadziej\u0119, \u017ce po powrocie pauzuj\u0105cych dzi\u015b zawodnik\u00f3w b\u0119dziemy ju\u017c du\u017co silniejszym zespo\u0142em. <\/p>\n<p><\/p>\n<p style=\"margin-bottom: 0cm;\"><strong>Sarmacja B\u0119dzin \u2013 G\u00f3rnik Piaski 2:2 (1:0)<\/strong><\/p>\n<p style=\"margin-bottom: 0cm;\"><strong>S\u0119dzia:<\/strong> Piotr Bielecki (Pszczyna)<br \/><strong>Widz\u00f3w:<\/strong> 150<br \/><strong>Bramki:<\/strong><br \/>16&#8242; Derlatka<\/p>\n<p style=\"margin-bottom: 0cm;\">72&#8242; Michalski<\/p>\n<p style=\"margin-bottom: 0cm;\">_______________<\/p>\n<p style=\"margin-bottom: 0cm;\">48&#8242;, 52&#8242; Duda\u0142a<\/p>\n<p style=\"margin-bottom: 0cm;\">\u00a0<\/p>\n<p style=\"margin-bottom: 0cm;\"><strong>Sarmacja B\u0119dzin:<\/strong> Gargasz, Dul, Majka, M.Derlatka (64&#8242; Ku\u0142aga), Maj, Michalski (88&#8242; Kocot), Pielichowski, Barwi\u0144ski, Tyszczak, Kowalczyk, Zawadzki<\/p>\n<p style=\"margin-bottom: 0cm;\">{gallery}gornikpiaski2019{\/gallery}<\/p>\n","protected":false},"excerpt":{"rendered":"<p>Dzi\u015b 23.03.2019 roku o godz. 15.30 pi\u0142karze Sarmacji B\u0119dzin na w\u0142asnym stadionie, w meczu o ligowe punkty podejmowali dru\u017cyn\u0119 G\u00f3rnika Piaski. Rywale zajmuj\u0105cy ostatni\u0105 lokat\u0119 w tabeli wyst\u0105pili pod wodz\u0105 by\u0142ego trenera b\u0119dzinian Krzysztofa Kie\u0142ba. W rundzie jesiennej Sarmaci na wyje\u017adzie odnie\u015bli skromne zwyci\u0119stwo 1:0. Niestety w dzisiejszym spotkaniu trener Artur Mosna nie m\u00f3g\u0142 skorzysta\u0107&#8230;<\/p>\n","protected":false},"author":1,"featured_media":1308,"comment_status":"open","ping_status":"open","sticky":false,"template":"","format":"standard","meta":{"footnotes":""},"categories":[1],"tags":[],"class_list":["post-1309","post","type-post","status-publish","format-standard","has-post-thumbnail","hentry","category-aktualnosci"],"yoast_head":"<!-- This site is optimized with the Yoast SEO plugin v25.8 - https:\/\/yoast.com\/wordpress\/plugins\/seo\/ -->\n<title>DERBY POWIATU NA REMIS! | BKS Sarmacja B\u0119dzin<\/title>\n<meta name=\"robots\" content=\"index, follow, max-snippet:-1, max-image-preview:large, max-video-preview:-1\" \/>\n<link rel=\"canonical\" href=\"https:\/\/sarmacjabedzin.pl\/index.php\/2019\/03\/23\/derby-powiatu-na-remis\/\" \/>\n<meta property=\"og:locale\" content=\"pl_PL\" \/>\n<meta property=\"og:type\" content=\"article\" \/>\n<meta property=\"og:title\" content=\"DERBY POWIATU NA REMIS! | BKS Sarmacja B\u0119dzin\" \/>\n<meta property=\"og:description\" content=\"Dzi\u015b 23.03.2019 roku o godz. 15.30 pi\u0142karze Sarmacji B\u0119dzin na w\u0142asnym stadionie, w meczu o ligowe punkty podejmowali dru\u017cyn\u0119 G\u00f3rnika Piaski. Rywale zajmuj\u0105cy ostatni\u0105 lokat\u0119 w tabeli wyst\u0105pili pod wodz\u0105 by\u0142ego trenera b\u0119dzinian Krzysztofa Kie\u0142ba. W rundzie jesiennej Sarmaci na wyje\u017adzie odnie\u015bli skromne zwyci\u0119stwo 1:0. Niestety w dzisiejszym spotkaniu trener Artur Mosna nie m\u00f3g\u0142 skorzysta\u0107...\" \/>\n<meta property=\"og:url\" content=\"https:\/\/sarmacjabedzin.pl\/index.php\/2019\/03\/23\/derby-powiatu-na-remis\/\" \/>\n<meta property=\"og:site_name\" content=\"BKS Sarmacja B\u0119dzin\" \/>\n<meta property=\"article:publisher\" content=\"https:\/\/www.facebook.com\/SarmacjaBedzin\" \/>\n<meta property=\"article:published_time\" content=\"2019-03-23T19:54:15+00:00\" \/>\n<meta property=\"og:image\" content=\"https:\/\/sarmacjabedzin.pl\/wp-content\/uploads\/2019\/03\/GORNIKPIASKI2019.jpg\" \/>\n\t<meta property=\"og:image:width\" content=\"1280\" \/>\n\t<meta property=\"og:image:height\" content=\"768\" \/>\n\t<meta property=\"og:image:type\" content=\"image\/jpeg\" \/>\n<meta name=\"author\" content=\"tyrtak\" \/>\n<meta name=\"twitter:card\" content=\"summary_large_image\" \/>\n<meta name=\"twitter:label1\" content=\"Napisane przez\" \/>\n\t<meta name=\"twitter:data1\" content=\"tyrtak\" \/>\n\t<meta name=\"twitter:label2\" content=\"Szacowany czas czytania\" \/>\n\t<meta name=\"twitter:data2\" content=\"4 minuty\" \/>\n<script type=\"application\/ld+json\" class=\"yoast-schema-graph\">{\"@context\":\"https:\/\/schema.org\",\"@graph\":[{\"@type\":\"WebPage\",\"@id\":\"https:\/\/sarmacjabedzin.pl\/index.php\/2019\/03\/23\/derby-powiatu-na-remis\/\",\"url\":\"https:\/\/sarmacjabedzin.pl\/index.php\/2019\/03\/23\/derby-powiatu-na-remis\/\",\"name\":\"DERBY POWIATU NA REMIS! | BKS Sarmacja B\u0119dzin\",\"isPartOf\":{\"@id\":\"https:\/\/sarmacjabedzin.pl\/#website\"},\"primaryImageOfPage\":{\"@id\":\"https:\/\/sarmacjabedzin.pl\/index.php\/2019\/03\/23\/derby-powiatu-na-remis\/#primaryimage\"},\"image\":{\"@id\":\"https:\/\/sarmacjabedzin.pl\/index.php\/2019\/03\/23\/derby-powiatu-na-remis\/#primaryimage\"},\"thumbnailUrl\":\"https:\/\/sarmacjabedzin.pl\/wp-content\/uploads\/2019\/03\/GORNIKPIASKI2019.jpg\",\"datePublished\":\"2019-03-23T19:54:15+00:00\",\"author\":{\"@id\":\"https:\/\/sarmacjabedzin.pl\/#\/schema\/person\/5417ea7b03bcd9adf58298a2265ce03a\"},\"breadcrumb\":{\"@id\":\"https:\/\/sarmacjabedzin.pl\/index.php\/2019\/03\/23\/derby-powiatu-na-remis\/#breadcrumb\"},\"inLanguage\":\"pl-PL\",\"potentialAction\":[{\"@type\":\"ReadAction\",\"target\":[\"https:\/\/sarmacjabedzin.pl\/index.php\/2019\/03\/23\/derby-powiatu-na-remis\/\"]}]},{\"@type\":\"ImageObject\",\"inLanguage\":\"pl-PL\",\"@id\":\"https:\/\/sarmacjabedzin.pl\/index.php\/2019\/03\/23\/derby-powiatu-na-remis\/#primaryimage\",\"url\":\"https:\/\/sarmacjabedzin.pl\/wp-content\/uploads\/2019\/03\/GORNIKPIASKI2019.jpg\",\"contentUrl\":\"https:\/\/sarmacjabedzin.pl\/wp-content\/uploads\/2019\/03\/GORNIKPIASKI2019.jpg\",\"width\":1280,\"height\":768},{\"@type\":\"BreadcrumbList\",\"@id\":\"https:\/\/sarmacjabedzin.pl\/index.php\/2019\/03\/23\/derby-powiatu-na-remis\/#breadcrumb\",\"itemListElement\":[{\"@type\":\"ListItem\",\"position\":1,\"name\":\"Strona g\u0142\u00f3wna\",\"item\":\"https:\/\/sarmacjabedzin.pl\/\"},{\"@type\":\"ListItem\",\"position\":2,\"name\":\"DERBY POWIATU NA REMIS!\"}]},{\"@type\":\"WebSite\",\"@id\":\"https:\/\/sarmacjabedzin.pl\/#website\",\"url\":\"https:\/\/sarmacjabedzin.pl\/\",\"name\":\"BKS Sarmacja B\u0119dzin \u2013 Nieoficjalny serwis\",\"description\":\"Nieoficjalny serwis B\u0119dzi\u0144skiego Klubu Sportowego &quot;Sarmacja&quot;\",\"potentialAction\":[{\"@type\":\"SearchAction\",\"target\":{\"@type\":\"EntryPoint\",\"urlTemplate\":\"https:\/\/sarmacjabedzin.pl\/?s={search_term_string}\"},\"query-input\":{\"@type\":\"PropertyValueSpecification\",\"valueRequired\":true,\"valueName\":\"search_term_string\"}}],\"inLanguage\":\"pl-PL\"},{\"@type\":\"Person\",\"@id\":\"https:\/\/sarmacjabedzin.pl\/#\/schema\/person\/5417ea7b03bcd9adf58298a2265ce03a\",\"name\":\"tyrtak\",\"image\":{\"@type\":\"ImageObject\",\"inLanguage\":\"pl-PL\",\"@id\":\"https:\/\/sarmacjabedzin.pl\/#\/schema\/person\/image\/\",\"url\":\"https:\/\/secure.gravatar.com\/avatar\/49b7734c6795cf524710e96813a9fedc1ae3816e479d92490236b4cfc47a5ae1?s=96&d=mm&r=g\",\"contentUrl\":\"https:\/\/secure.gravatar.com\/avatar\/49b7734c6795cf524710e96813a9fedc1ae3816e479d92490236b4cfc47a5ae1?s=96&d=mm&r=g\",\"caption\":\"tyrtak\"}}]}<\/script>\n<!-- \/ Yoast SEO plugin. -->","yoast_head_json":{"title":"DERBY POWIATU NA REMIS! | BKS Sarmacja B\u0119dzin","robots":{"index":"index","follow":"follow","max-snippet":"max-snippet:-1","max-image-preview":"max-image-preview:large","max-video-preview":"max-video-preview:-1"},"canonical":"https:\/\/sarmacjabedzin.pl\/index.php\/2019\/03\/23\/derby-powiatu-na-remis\/","og_locale":"pl_PL","og_type":"article","og_title":"DERBY POWIATU NA REMIS! | BKS Sarmacja B\u0119dzin","og_description":"Dzi\u015b 23.03.2019 roku o godz. 15.30 pi\u0142karze Sarmacji B\u0119dzin na w\u0142asnym stadionie, w meczu o ligowe punkty podejmowali dru\u017cyn\u0119 G\u00f3rnika Piaski. Rywale zajmuj\u0105cy ostatni\u0105 lokat\u0119 w tabeli wyst\u0105pili pod wodz\u0105 by\u0142ego trenera b\u0119dzinian Krzysztofa Kie\u0142ba. W rundzie jesiennej Sarmaci na wyje\u017adzie odnie\u015bli skromne zwyci\u0119stwo 1:0. Niestety w dzisiejszym spotkaniu trener Artur Mosna nie m\u00f3g\u0142 skorzysta\u0107...","og_url":"https:\/\/sarmacjabedzin.pl\/index.php\/2019\/03\/23\/derby-powiatu-na-remis\/","og_site_name":"BKS Sarmacja B\u0119dzin","article_publisher":"https:\/\/www.facebook.com\/SarmacjaBedzin","article_published_time":"2019-03-23T19:54:15+00:00","og_image":[{"width":1280,"height":768,"url":"https:\/\/sarmacjabedzin.pl\/wp-content\/uploads\/2019\/03\/GORNIKPIASKI2019.jpg","type":"image\/jpeg"}],"author":"tyrtak","twitter_card":"summary_large_image","twitter_misc":{"Napisane przez":"tyrtak","Szacowany czas czytania":"4 minuty"},"schema":{"@context":"https:\/\/schema.org","@graph":[{"@type":"WebPage","@id":"https:\/\/sarmacjabedzin.pl\/index.php\/2019\/03\/23\/derby-powiatu-na-remis\/","url":"https:\/\/sarmacjabedzin.pl\/index.php\/2019\/03\/23\/derby-powiatu-na-remis\/","name":"DERBY POWIATU NA REMIS! | BKS Sarmacja B\u0119dzin","isPartOf":{"@id":"https:\/\/sarmacjabedzin.pl\/#website"},"primaryImageOfPage":{"@id":"https:\/\/sarmacjabedzin.pl\/index.php\/2019\/03\/23\/derby-powiatu-na-remis\/#primaryimage"},"image":{"@id":"https:\/\/sarmacjabedzin.pl\/index.php\/2019\/03\/23\/derby-powiatu-na-remis\/#primaryimage"},"thumbnailUrl":"https:\/\/sarmacjabedzin.pl\/wp-content\/uploads\/2019\/03\/GORNIKPIASKI2019.jpg","datePublished":"2019-03-23T19:54:15+00:00","author":{"@id":"https:\/\/sarmacjabedzin.pl\/#\/schema\/person\/5417ea7b03bcd9adf58298a2265ce03a"},"breadcrumb":{"@id":"https:\/\/sarmacjabedzin.pl\/index.php\/2019\/03\/23\/derby-powiatu-na-remis\/#breadcrumb"},"inLanguage":"pl-PL","potentialAction":[{"@type":"ReadAction","target":["https:\/\/sarmacjabedzin.pl\/index.php\/2019\/03\/23\/derby-powiatu-na-remis\/"]}]},{"@type":"ImageObject","inLanguage":"pl-PL","@id":"https:\/\/sarmacjabedzin.pl\/index.php\/2019\/03\/23\/derby-powiatu-na-remis\/#primaryimage","url":"https:\/\/sarmacjabedzin.pl\/wp-content\/uploads\/2019\/03\/GORNIKPIASKI2019.jpg","contentUrl":"https:\/\/sarmacjabedzin.pl\/wp-content\/uploads\/2019\/03\/GORNIKPIASKI2019.jpg","width":1280,"height":768},{"@type":"BreadcrumbList","@id":"https:\/\/sarmacjabedzin.pl\/index.php\/2019\/03\/23\/derby-powiatu-na-remis\/#breadcrumb","itemListElement":[{"@type":"ListItem","position":1,"name":"Strona g\u0142\u00f3wna","item":"https:\/\/sarmacjabedzin.pl\/"},{"@type":"ListItem","position":2,"name":"DERBY POWIATU NA REMIS!"}]},{"@type":"WebSite","@id":"https:\/\/sarmacjabedzin.pl\/#website","url":"https:\/\/sarmacjabedzin.pl\/","name":"BKS Sarmacja B\u0119dzin \u2013 Nieoficjalny serwis","description":"Nieoficjalny serwis B\u0119dzi\u0144skiego Klubu Sportowego &quot;Sarmacja&quot;","potentialAction":[{"@type":"SearchAction","target":{"@type":"EntryPoint","urlTemplate":"https:\/\/sarmacjabedzin.pl\/?s={search_term_string}"},"query-input":{"@type":"PropertyValueSpecification","valueRequired":true,"valueName":"search_term_string"}}],"inLanguage":"pl-PL"},{"@type":"Person","@id":"https:\/\/sarmacjabedzin.pl\/#\/schema\/person\/5417ea7b03bcd9adf58298a2265ce03a","name":"tyrtak","image":{"@type":"ImageObject","inLanguage":"pl-PL","@id":"https:\/\/sarmacjabedzin.pl\/#\/schema\/person\/image\/","url":"https:\/\/secure.gravatar.com\/avatar\/49b7734c6795cf524710e96813a9fedc1ae3816e479d92490236b4cfc47a5ae1?s=96&d=mm&r=g","contentUrl":"https:\/\/secure.gravatar.com\/avatar\/49b7734c6795cf524710e96813a9fedc1ae3816e479d92490236b4cfc47a5ae1?s=96&d=mm&r=g","caption":"tyrtak"}}]}},"rttpg_featured_image_url":{"full":["https:\/\/sarmacjabedzin.pl\/wp-content\/uploads\/2019\/03\/GORNIKPIASKI2019.jpg",1280,768,false],"landscape":["https:\/\/sarmacjabedzin.pl\/wp-content\/uploads\/2019\/03\/GORNIKPIASKI2019.jpg",1280,768,false],"portraits":["https:\/\/sarmacjabedzin.pl\/wp-content\/uploads\/2019\/03\/GORNIKPIASKI2019.jpg",1280,768,false],"thumbnail":["https:\/\/sarmacjabedzin.pl\/wp-content\/uploads\/2019\/03\/GORNIKPIASKI2019-150x150.jpg",150,150,true],"medium":["https:\/\/sarmacjabedzin.pl\/wp-content\/uploads\/2019\/03\/GORNIKPIASKI2019-300x180.jpg",300,180,true],"large":["https:\/\/sarmacjabedzin.pl\/wp-content\/uploads\/2019\/03\/GORNIKPIASKI2019-1024x614.jpg",1024,614,true],"1536x1536":["https:\/\/sarmacjabedzin.pl\/wp-content\/uploads\/2019\/03\/GORNIKPIASKI2019.jpg",1280,768,false],"2048x2048":["https:\/\/sarmacjabedzin.pl\/wp-content\/uploads\/2019\/03\/GORNIKPIASKI2019.jpg",1280,768,false],"sportspress-crop-medium":["https:\/\/sarmacjabedzin.pl\/wp-content\/uploads\/2019\/03\/GORNIKPIASKI2019-300x300.jpg",300,300,true],"sportspress-fit-medium":["https:\/\/sarmacjabedzin.pl\/wp-content\/uploads\/2019\/03\/GORNIKPIASKI2019-300x180.jpg",300,180,true],"sportspress-fit-icon":["https:\/\/sarmacjabedzin.pl\/wp-content\/uploads\/2019\/03\/GORNIKPIASKI2019-128x77.jpg",128,77,true],"sportspress-fit-mini":["https:\/\/sarmacjabedzin.pl\/wp-content\/uploads\/2019\/03\/GORNIKPIASKI2019-32x19.jpg",32,19,true],"ultp_layout_landscape_large":["https:\/\/sarmacjabedzin.pl\/wp-content\/uploads\/2019\/03\/GORNIKPIASKI2019.jpg",1200,720,false],"ultp_layout_landscape":["https:\/\/sarmacjabedzin.pl\/wp-content\/uploads\/2019\/03\/GORNIKPIASKI2019.jpg",870,522,false],"ultp_layout_portrait":["https:\/\/sarmacjabedzin.pl\/wp-content\/uploads\/2019\/03\/GORNIKPIASKI2019.jpg",600,360,false],"ultp_layout_square":["https:\/\/sarmacjabedzin.pl\/wp-content\/uploads\/2019\/03\/GORNIKPIASKI2019.jpg",600,360,false],"stm-1140-666":["https:\/\/sarmacjabedzin.pl\/wp-content\/uploads\/2019\/03\/GORNIKPIASKI2019-1140x666.jpg",1140,666,true],"stm-1170-650":["https:\/\/sarmacjabedzin.pl\/wp-content\/uploads\/2019\/03\/GORNIKPIASKI2019-1170x650.jpg",1170,650,true],"stm-570-350":["https:\/\/sarmacjabedzin.pl\/wp-content\/uploads\/2019\/03\/GORNIKPIASKI2019-570x350.jpg",570,350,true],"stm-570-250":["https:\/\/sarmacjabedzin.pl\/wp-content\/uploads\/2019\/03\/GORNIKPIASKI2019-570x250.jpg",570,250,true],"stm-270-370":["https:\/\/sarmacjabedzin.pl\/wp-content\/uploads\/2019\/03\/GORNIKPIASKI2019-270x370.jpg",270,370,true],"stm-540-500":["https:\/\/sarmacjabedzin.pl\/wp-content\/uploads\/2019\/03\/GORNIKPIASKI2019-540x500.jpg",540,500,true],"stm-270-530":["https:\/\/sarmacjabedzin.pl\/wp-content\/uploads\/2019\/03\/GORNIKPIASKI2019-270x530.jpg",270,530,true],"stm-200-200":["https:\/\/sarmacjabedzin.pl\/wp-content\/uploads\/2019\/03\/GORNIKPIASKI2019-200x200.jpg",200,200,true],"stm-85-105":["https:\/\/sarmacjabedzin.pl\/wp-content\/uploads\/2019\/03\/GORNIKPIASKI2019-85x105.jpg",85,105,true],"stm-255-255":["https:\/\/sarmacjabedzin.pl\/wp-content\/uploads\/2019\/03\/GORNIKPIASKI2019-255x255.jpg",255,255,true],"stm-360-240":["https:\/\/sarmacjabedzin.pl\/wp-content\/uploads\/2019\/03\/GORNIKPIASKI2019-360x240.jpg",360,240,true],"stm-360-495":["https:\/\/sarmacjabedzin.pl\/wp-content\/uploads\/2019\/03\/GORNIKPIASKI2019-360x495.jpg",360,495,true],"stm-445-400":["https:\/\/sarmacjabedzin.pl\/wp-content\/uploads\/2019\/03\/GORNIKPIASKI2019-445x400.jpg",445,400,true],"stm-735-240":["https:\/\/sarmacjabedzin.pl\/wp-content\/uploads\/2019\/03\/GORNIKPIASKI2019-735x240.jpg",735,240,true],"stm-255-183":["https:\/\/sarmacjabedzin.pl\/wp-content\/uploads\/2019\/03\/GORNIKPIASKI2019-255x183.jpg",255,183,true],"stm-350-250":["https:\/\/sarmacjabedzin.pl\/wp-content\/uploads\/2019\/03\/GORNIKPIASKI2019-350x250.jpg",350,250,true],"blog_list":["https:\/\/sarmacjabedzin.pl\/wp-content\/uploads\/2019\/03\/GORNIKPIASKI2019-270x220.jpg",270,220,true],"blog_list_medium":["https:\/\/sarmacjabedzin.pl\/wp-content\/uploads\/2019\/03\/GORNIKPIASKI2019-390x345.jpg",390,345,true],"gallery_thumbnail":["https:\/\/sarmacjabedzin.pl\/wp-content\/uploads\/2019\/03\/GORNIKPIASKI2019-80x80.jpg",80,80,true],"gallery_image":["https:\/\/sarmacjabedzin.pl\/wp-content\/uploads\/2019\/03\/GORNIKPIASKI2019-560x367.jpg",560,367,true],"gallery_image_mini":["https:\/\/sarmacjabedzin.pl\/wp-content\/uploads\/2019\/03\/GORNIKPIASKI2019-143x116.jpg",143,116,true],"player_photo":["https:\/\/sarmacjabedzin.pl\/wp-content\/uploads\/2019\/03\/GORNIKPIASKI2019-740x740.jpg",740,740,true],"team_logo":["https:\/\/sarmacjabedzin.pl\/wp-content\/uploads\/2019\/03\/GORNIKPIASKI2019-98x59.jpg",98,59,true],"player_stat_ava":["https:\/\/sarmacjabedzin.pl\/wp-content\/uploads\/2019\/03\/GORNIKPIASKI2019-550x580.jpg",550,580,true],"post-350-220":["https:\/\/sarmacjabedzin.pl\/wp-content\/uploads\/2019\/03\/GORNIKPIASKI2019-350x220.jpg",350,220,true],"post-275-142":["https:\/\/sarmacjabedzin.pl\/wp-content\/uploads\/2019\/03\/GORNIKPIASKI2019-275x142.jpg",275,142,true],"post-160-120":["https:\/\/sarmacjabedzin.pl\/wp-content\/uploads\/2019\/03\/GORNIKPIASKI2019-160x120.jpg",160,120,true],"post-110-70":["https:\/\/sarmacjabedzin.pl\/wp-content\/uploads\/2019\/03\/GORNIKPIASKI2019-110x70.jpg",110,70,true],"post-770-450":["https:\/\/sarmacjabedzin.pl\/wp-content\/uploads\/2019\/03\/GORNIKPIASKI2019-770x450.jpg",770,450,true],"post-370-210":["https:\/\/sarmacjabedzin.pl\/wp-content\/uploads\/2019\/03\/GORNIKPIASKI2019-370x210.jpg",370,210,true],"post-457-470":["https:\/\/sarmacjabedzin.pl\/wp-content\/uploads\/2019\/03\/GORNIKPIASKI2019-457x470.jpg",457,470,true],"post-370-420":["https:\/\/sarmacjabedzin.pl\/wp-content\/uploads\/2019\/03\/GORNIKPIASKI2019-370x420.jpg",370,420,true],"stm-445-445":["https:\/\/sarmacjabedzin.pl\/wp-content\/uploads\/2019\/03\/GORNIKPIASKI2019-445x445.jpg",445,445,true],"stm-555-460":["https:\/\/sarmacjabedzin.pl\/wp-content\/uploads\/2019\/03\/GORNIKPIASKI2019-555x460.jpg",555,460,true],"stm-350-450":["https:\/\/sarmacjabedzin.pl\/wp-content\/uploads\/2019\/03\/GORNIKPIASKI2019-350x450.jpg",350,450,true],"stm-720-440":["https:\/\/sarmacjabedzin.pl\/wp-content\/uploads\/2019\/03\/GORNIKPIASKI2019-720x440.jpg",720,440,true],"stm-270-270":["https:\/\/sarmacjabedzin.pl\/wp-content\/uploads\/2019\/03\/GORNIKPIASKI2019.jpg",270,162,false],"stm-760-450":["https:\/\/sarmacjabedzin.pl\/wp-content\/uploads\/2019\/03\/GORNIKPIASKI2019.jpg",750,450,false]},"rttpg_author":{"display_name":"tyrtak","author_link":false},"rttpg_comment":0,"rttpg_category":"<a href=\"https:\/\/sarmacjabedzin.pl\/index.php\/category\/aktualnosci\/\" rel=\"category tag\">Aktualno\u015bci<\/a>","rttpg_excerpt":"Dzi\u015b 23.03.2019 roku o godz. 15.30 pi\u0142karze Sarmacji B\u0119dzin na w\u0142asnym stadionie, w meczu o ligowe punkty podejmowali dru\u017cyn\u0119 G\u00f3rnika Piaski. Rywale zajmuj\u0105cy ostatni\u0105 lokat\u0119 w tabeli wyst\u0105pili pod wodz\u0105 by\u0142ego trenera b\u0119dzinian Krzysztofa Kie\u0142ba. W rundzie jesiennej Sarmaci na wyje\u017adzie odnie\u015bli skromne zwyci\u0119stwo 1:0. Niestety w dzisiejszym spotkaniu trener Artur Mosna nie m\u00f3g\u0142 skorzysta\u0107...","_links":{"self":[{"href":"https:\/\/sarmacjabedzin.pl\/index.php\/wp-json\/wp\/v2\/posts\/1309","targetHints":{"allow":["GET"]}}],"collection":[{"href":"https:\/\/sarmacjabedzin.pl\/index.php\/wp-json\/wp\/v2\/posts"}],"about":[{"href":"https:\/\/sarmacjabedzin.pl\/index.php\/wp-json\/wp\/v2\/types\/post"}],"author":[{"embeddable":true,"href":"https:\/\/sarmacjabedzin.pl\/index.php\/wp-json\/wp\/v2\/users\/1"}],"replies":[{"embeddable":true,"href":"https:\/\/sarmacjabedzin.pl\/index.php\/wp-json\/wp\/v2\/comments?post=1309"}],"version-history":[{"count":0,"href":"https:\/\/sarmacjabedzin.pl\/index.php\/wp-json\/wp\/v2\/posts\/1309\/revisions"}],"wp:featuredmedia":[{"embeddable":true,"href":"https:\/\/sarmacjabedzin.pl\/index.php\/wp-json\/wp\/v2\/media\/1308"}],"wp:attachment":[{"href":"https:\/\/sarmacjabedzin.pl\/index.php\/wp-json\/wp\/v2\/media?parent=1309"}],"wp:term":[{"taxonomy":"category","embeddable":true,"href":"https:\/\/sarmacjabedzin.pl\/index.php\/wp-json\/wp\/v2\/categories?post=1309"},{"taxonomy":"post_tag","embeddable":true,"href":"https:\/\/sarmacjabedzin.pl\/index.php\/wp-json\/wp\/v2\/tags?post=1309"}],"curies":[{"name":"wp","href":"https:\/\/api.w.org\/{rel}","templated":true}]}}