{"id":1321,"date":"2019-04-28T21:27:41","date_gmt":"2019-04-28T19:27:41","guid":{"rendered":"http:\/\/sarmacjabedzin.pl\/index.php\/2019\/04\/28\/mlodziez-gromi-kolejnego-rywala\/"},"modified":"2019-04-28T21:27:41","modified_gmt":"2019-04-28T19:27:41","slug":"mlodziez-gromi-kolejnego-rywala","status":"publish","type":"post","link":"https:\/\/sarmacjabedzin.pl\/index.php\/2019\/04\/28\/mlodziez-gromi-kolejnego-rywala\/","title":{"rendered":"M\u0142odzie\u017c gromi kolejnego rywala!"},"content":{"rendered":"<p style=\"margin-bottom: 0cm;\">W niedziel\u0119 28.04.2019 roku o godzinie 17.00 pi\u0142karze rezerw Sarmacji B\u0119dzin podejmowali na w\u0142asnym boisku dru\u017cyn\u0119 UKS S\u0142awk\u00f3w.<\/p>\n<p style=\"margin-bottom: 0cm;\">Wynik tego spotkania na 1:0 dla gospodarzy w 19 minucie otworzy\u0142 Jakub Sito.<\/p>\n<p style=\"margin-bottom: 0cm;\">Trzy minuty p\u00f3\u017aniej go\u015bcie grali ju\u017c w os\u0142abieniu. S\u0119dzia zawod\u00f3w usun\u0105\u0142 z boiska golkipera przyjezdnych, kt\u00f3ry zagra\u0142 pi\u0142k\u0119 r\u0119k\u0105 przed w\u0142asnym polem karnym.<\/p>\n<p style=\"margin-bottom: 0cm;\">W 36 minucie drug\u0105 bramk\u0119 dla b\u0119dzinian przepi\u0119knym strza\u0142em z okolicy \u015brodka boiska zdoby\u0142 Klaudiusz Ku\u0142aga. Cztery minuty p\u00f3\u017aniej wynik tego spotkania na 3:0 podwy\u017cszy\u0142 Marek Kocot.<\/p>\n<p style=\"margin-bottom: 0cm;\">Tu\u017c przed ko\u0144cem pierwszej po\u0142owy swoj\u0105 drug\u0105 bramk\u0119 w tym spotkaniu zdoby\u0142 strzelec pierwszego gola Jakub Sito.<\/p>\n<p style=\"margin-bottom: 0cm;\">Do przerwy b\u0119dzinianie nie dali szans rywalom prowadz\u0105c 4:0.<\/p>\n<p style=\"margin-bottom: 0cm;\">By\u0142a jeszcze \u015bwietna okazja na podwy\u017cszenie tego rezultatu, lecz pi\u0142ka po soczystym uderzeniu Marka Kocota trafi\u0142a w poprzeczk\u0119. <br \/>Na drug\u0105 po\u0142ow\u0119 b\u0119dzinianie wybiegli z du\u017c\u0105 ochot\u0105 na kolejne trafienia do siatki go\u015bci.<\/p>\n<p style=\"margin-bottom: 0cm;\">Kolejne dwa gole zdobyli: Dawid Kukuryk i Daniel Gajda.<\/p>\n<p style=\"margin-bottom: 0cm;\">Niestety w 75 minucie przy stanie 6:0 miejscowi nie ustrzegli si\u0119 b\u0142\u0119du w obronie i pi\u0142karz przyjezdnych znalaz\u0142 si\u0119 w sytuacji sam na sam z golkiperem Sarmacji Kacprem Pieszczkiem.<\/p>\n<p style=\"margin-bottom: 0cm;\">Maj\u0105c znakomit\u0105 sytuacj\u0119 zako\u0144czy\u0142 j\u0105 \u201ehonorowym\u201d trafieniem.<\/p>\n<p style=\"margin-bottom: 0cm;\">Podra\u017cnieni b\u0119dzinianie szybko podwy\u017cszyli wynik tego spotkania na 7:1.<\/p>\n<p style=\"margin-bottom: 0cm;\">Tym razem Jakub Sito zaliczy\u0142 swojego pierwszego ligowego \u201ehat-tricka\u201d.<\/p>\n<p style=\"margin-bottom: 0cm;\">Ostatecznie podopieczni trenera Roberta Kr\u0119ciwilka zdemolowali UKS S\u0142awk\u00f3w 7:1 (4:0).<\/p>\n<p style=\"margin-bottom: 0cm;\">Dzi\u0119ki temu zwyci\u0119stwu awansowali na 5 miejsce w tabeli maj\u0105c jeden mecz zaleg\u0142y.<\/p>\n<p style=\"margin-bottom: 0cm;\">W tej rundzie pi\u0142karze rezerw s\u0105 niepokonani i oby trwa\u0142o to jak najd\u0142u\u017cej.<\/p>\n<p style=\"margin-bottom: 0cm;\">Za tydzie\u0144 na wyje\u017adzie zmierz\u0105 si\u0119 z dru\u017cyn\u0105 Promie\u0144 Strzemieszyce Ma\u0142e.<\/p>\n<p style=\"margin-bottom: 0cm;\">\u00a0<\/p>\n<p style=\"margin-bottom: 0cm;\"><strong>Sarmacja II B\u0119dzin \u2013 UKS S\u0142awk\u00f3w 7:1 (4:0)<\/strong><\/p>\n<p style=\"margin-bottom: 0cm;\"><strong>Bramki:<\/strong><br \/>19&#8242;,45&#8242; 76&#8242; Sito<\/p>\n<p style=\"margin-bottom: 0cm;\">36&#8242; Ku\u0142aga<\/p>\n<p style=\"margin-bottom: 0cm;\">40&#8242; Kocot<\/p>\n<p style=\"margin-bottom: 0cm;\">60&#8242; Kukuryk<\/p>\n<p style=\"margin-bottom: 0cm;\">73&#8242; Gajda<\/p>\n","protected":false},"excerpt":{"rendered":"<p>W niedziel\u0119 28.04.2019 roku o godzinie 17.00 pi\u0142karze rezerw Sarmacji B\u0119dzin podejmowali na w\u0142asnym boisku dru\u017cyn\u0119 UKS S\u0142awk\u00f3w. Wynik tego spotkania na 1:0 dla gospodarzy w 19 minucie otworzy\u0142 Jakub Sito. Trzy minuty p\u00f3\u017aniej go\u015bcie grali ju\u017c w os\u0142abieniu. S\u0119dzia zawod\u00f3w usun\u0105\u0142 z boiska golkipera przyjezdnych, kt\u00f3ry zagra\u0142 pi\u0142k\u0119 r\u0119k\u0105 przed w\u0142asnym polem karnym. W&#8230;<\/p>\n","protected":false},"author":1,"featured_media":1320,"comment_status":"open","ping_status":"open","sticky":false,"template":"","format":"standard","meta":{"footnotes":""},"categories":[1],"tags":[],"class_list":["post-1321","post","type-post","status-publish","format-standard","has-post-thumbnail","hentry","category-aktualnosci"],"yoast_head":"<!-- This site is optimized with the Yoast SEO plugin v25.8 - https:\/\/yoast.com\/wordpress\/plugins\/seo\/ -->\n<title>M\u0142odzie\u017c gromi kolejnego rywala! | BKS Sarmacja B\u0119dzin<\/title>\n<meta name=\"robots\" content=\"index, follow, max-snippet:-1, max-image-preview:large, max-video-preview:-1\" \/>\n<link rel=\"canonical\" href=\"https:\/\/sarmacjabedzin.pl\/index.php\/2019\/04\/28\/mlodziez-gromi-kolejnego-rywala\/\" \/>\n<meta property=\"og:locale\" content=\"pl_PL\" \/>\n<meta property=\"og:type\" content=\"article\" \/>\n<meta property=\"og:title\" content=\"M\u0142odzie\u017c gromi kolejnego rywala! | BKS Sarmacja B\u0119dzin\" \/>\n<meta property=\"og:description\" content=\"W niedziel\u0119 28.04.2019 roku o godzinie 17.00 pi\u0142karze rezerw Sarmacji B\u0119dzin podejmowali na w\u0142asnym boisku dru\u017cyn\u0119 UKS S\u0142awk\u00f3w. Wynik tego spotkania na 1:0 dla gospodarzy w 19 minucie otworzy\u0142 Jakub Sito. Trzy minuty p\u00f3\u017aniej go\u015bcie grali ju\u017c w os\u0142abieniu. S\u0119dzia zawod\u00f3w usun\u0105\u0142 z boiska golkipera przyjezdnych, kt\u00f3ry zagra\u0142 pi\u0142k\u0119 r\u0119k\u0105 przed w\u0142asnym polem karnym. W...\" \/>\n<meta property=\"og:url\" content=\"https:\/\/sarmacjabedzin.pl\/index.php\/2019\/04\/28\/mlodziez-gromi-kolejnego-rywala\/\" \/>\n<meta property=\"og:site_name\" content=\"BKS Sarmacja B\u0119dzin\" \/>\n<meta property=\"article:publisher\" content=\"https:\/\/www.facebook.com\/SarmacjaBedzin\" \/>\n<meta property=\"article:published_time\" content=\"2019-04-28T19:27:41+00:00\" \/>\n<meta property=\"og:image\" content=\"https:\/\/sarmacjabedzin.pl\/wp-content\/uploads\/2019\/04\/uks.png\" \/>\n\t<meta property=\"og:image:width\" content=\"1280\" \/>\n\t<meta property=\"og:image:height\" content=\"768\" \/>\n\t<meta property=\"og:image:type\" content=\"image\/png\" \/>\n<meta name=\"author\" content=\"tyrtak\" \/>\n<meta name=\"twitter:card\" content=\"summary_large_image\" \/>\n<meta name=\"twitter:label1\" content=\"Napisane przez\" \/>\n\t<meta name=\"twitter:data1\" content=\"tyrtak\" \/>\n\t<meta name=\"twitter:label2\" content=\"Szacowany czas czytania\" \/>\n\t<meta name=\"twitter:data2\" content=\"2 minuty\" \/>\n<script type=\"application\/ld+json\" class=\"yoast-schema-graph\">{\"@context\":\"https:\/\/schema.org\",\"@graph\":[{\"@type\":\"WebPage\",\"@id\":\"https:\/\/sarmacjabedzin.pl\/index.php\/2019\/04\/28\/mlodziez-gromi-kolejnego-rywala\/\",\"url\":\"https:\/\/sarmacjabedzin.pl\/index.php\/2019\/04\/28\/mlodziez-gromi-kolejnego-rywala\/\",\"name\":\"M\u0142odzie\u017c gromi kolejnego rywala! | BKS Sarmacja B\u0119dzin\",\"isPartOf\":{\"@id\":\"https:\/\/sarmacjabedzin.pl\/#website\"},\"primaryImageOfPage\":{\"@id\":\"https:\/\/sarmacjabedzin.pl\/index.php\/2019\/04\/28\/mlodziez-gromi-kolejnego-rywala\/#primaryimage\"},\"image\":{\"@id\":\"https:\/\/sarmacjabedzin.pl\/index.php\/2019\/04\/28\/mlodziez-gromi-kolejnego-rywala\/#primaryimage\"},\"thumbnailUrl\":\"https:\/\/sarmacjabedzin.pl\/wp-content\/uploads\/2019\/04\/uks.png\",\"datePublished\":\"2019-04-28T19:27:41+00:00\",\"author\":{\"@id\":\"https:\/\/sarmacjabedzin.pl\/#\/schema\/person\/5417ea7b03bcd9adf58298a2265ce03a\"},\"breadcrumb\":{\"@id\":\"https:\/\/sarmacjabedzin.pl\/index.php\/2019\/04\/28\/mlodziez-gromi-kolejnego-rywala\/#breadcrumb\"},\"inLanguage\":\"pl-PL\",\"potentialAction\":[{\"@type\":\"ReadAction\",\"target\":[\"https:\/\/sarmacjabedzin.pl\/index.php\/2019\/04\/28\/mlodziez-gromi-kolejnego-rywala\/\"]}]},{\"@type\":\"ImageObject\",\"inLanguage\":\"pl-PL\",\"@id\":\"https:\/\/sarmacjabedzin.pl\/index.php\/2019\/04\/28\/mlodziez-gromi-kolejnego-rywala\/#primaryimage\",\"url\":\"https:\/\/sarmacjabedzin.pl\/wp-content\/uploads\/2019\/04\/uks.png\",\"contentUrl\":\"https:\/\/sarmacjabedzin.pl\/wp-content\/uploads\/2019\/04\/uks.png\",\"width\":1280,\"height\":768},{\"@type\":\"BreadcrumbList\",\"@id\":\"https:\/\/sarmacjabedzin.pl\/index.php\/2019\/04\/28\/mlodziez-gromi-kolejnego-rywala\/#breadcrumb\",\"itemListElement\":[{\"@type\":\"ListItem\",\"position\":1,\"name\":\"Strona g\u0142\u00f3wna\",\"item\":\"https:\/\/sarmacjabedzin.pl\/\"},{\"@type\":\"ListItem\",\"position\":2,\"name\":\"M\u0142odzie\u017c gromi kolejnego rywala!\"}]},{\"@type\":\"WebSite\",\"@id\":\"https:\/\/sarmacjabedzin.pl\/#website\",\"url\":\"https:\/\/sarmacjabedzin.pl\/\",\"name\":\"BKS Sarmacja B\u0119dzin \u2013 Nieoficjalny serwis\",\"description\":\"Nieoficjalny serwis B\u0119dzi\u0144skiego Klubu Sportowego &quot;Sarmacja&quot;\",\"potentialAction\":[{\"@type\":\"SearchAction\",\"target\":{\"@type\":\"EntryPoint\",\"urlTemplate\":\"https:\/\/sarmacjabedzin.pl\/?s={search_term_string}\"},\"query-input\":{\"@type\":\"PropertyValueSpecification\",\"valueRequired\":true,\"valueName\":\"search_term_string\"}}],\"inLanguage\":\"pl-PL\"},{\"@type\":\"Person\",\"@id\":\"https:\/\/sarmacjabedzin.pl\/#\/schema\/person\/5417ea7b03bcd9adf58298a2265ce03a\",\"name\":\"tyrtak\",\"image\":{\"@type\":\"ImageObject\",\"inLanguage\":\"pl-PL\",\"@id\":\"https:\/\/sarmacjabedzin.pl\/#\/schema\/person\/image\/\",\"url\":\"https:\/\/secure.gravatar.com\/avatar\/49b7734c6795cf524710e96813a9fedc1ae3816e479d92490236b4cfc47a5ae1?s=96&d=mm&r=g\",\"contentUrl\":\"https:\/\/secure.gravatar.com\/avatar\/49b7734c6795cf524710e96813a9fedc1ae3816e479d92490236b4cfc47a5ae1?s=96&d=mm&r=g\",\"caption\":\"tyrtak\"}}]}<\/script>\n<!-- \/ Yoast SEO plugin. -->","yoast_head_json":{"title":"M\u0142odzie\u017c gromi kolejnego rywala! | BKS Sarmacja B\u0119dzin","robots":{"index":"index","follow":"follow","max-snippet":"max-snippet:-1","max-image-preview":"max-image-preview:large","max-video-preview":"max-video-preview:-1"},"canonical":"https:\/\/sarmacjabedzin.pl\/index.php\/2019\/04\/28\/mlodziez-gromi-kolejnego-rywala\/","og_locale":"pl_PL","og_type":"article","og_title":"M\u0142odzie\u017c gromi kolejnego rywala! | BKS Sarmacja B\u0119dzin","og_description":"W niedziel\u0119 28.04.2019 roku o godzinie 17.00 pi\u0142karze rezerw Sarmacji B\u0119dzin podejmowali na w\u0142asnym boisku dru\u017cyn\u0119 UKS S\u0142awk\u00f3w. Wynik tego spotkania na 1:0 dla gospodarzy w 19 minucie otworzy\u0142 Jakub Sito. Trzy minuty p\u00f3\u017aniej go\u015bcie grali ju\u017c w os\u0142abieniu. S\u0119dzia zawod\u00f3w usun\u0105\u0142 z boiska golkipera przyjezdnych, kt\u00f3ry zagra\u0142 pi\u0142k\u0119 r\u0119k\u0105 przed w\u0142asnym polem karnym. W...","og_url":"https:\/\/sarmacjabedzin.pl\/index.php\/2019\/04\/28\/mlodziez-gromi-kolejnego-rywala\/","og_site_name":"BKS Sarmacja B\u0119dzin","article_publisher":"https:\/\/www.facebook.com\/SarmacjaBedzin","article_published_time":"2019-04-28T19:27:41+00:00","og_image":[{"width":1280,"height":768,"url":"https:\/\/sarmacjabedzin.pl\/wp-content\/uploads\/2019\/04\/uks.png","type":"image\/png"}],"author":"tyrtak","twitter_card":"summary_large_image","twitter_misc":{"Napisane przez":"tyrtak","Szacowany czas czytania":"2 minuty"},"schema":{"@context":"https:\/\/schema.org","@graph":[{"@type":"WebPage","@id":"https:\/\/sarmacjabedzin.pl\/index.php\/2019\/04\/28\/mlodziez-gromi-kolejnego-rywala\/","url":"https:\/\/sarmacjabedzin.pl\/index.php\/2019\/04\/28\/mlodziez-gromi-kolejnego-rywala\/","name":"M\u0142odzie\u017c gromi kolejnego rywala! | BKS Sarmacja B\u0119dzin","isPartOf":{"@id":"https:\/\/sarmacjabedzin.pl\/#website"},"primaryImageOfPage":{"@id":"https:\/\/sarmacjabedzin.pl\/index.php\/2019\/04\/28\/mlodziez-gromi-kolejnego-rywala\/#primaryimage"},"image":{"@id":"https:\/\/sarmacjabedzin.pl\/index.php\/2019\/04\/28\/mlodziez-gromi-kolejnego-rywala\/#primaryimage"},"thumbnailUrl":"https:\/\/sarmacjabedzin.pl\/wp-content\/uploads\/2019\/04\/uks.png","datePublished":"2019-04-28T19:27:41+00:00","author":{"@id":"https:\/\/sarmacjabedzin.pl\/#\/schema\/person\/5417ea7b03bcd9adf58298a2265ce03a"},"breadcrumb":{"@id":"https:\/\/sarmacjabedzin.pl\/index.php\/2019\/04\/28\/mlodziez-gromi-kolejnego-rywala\/#breadcrumb"},"inLanguage":"pl-PL","potentialAction":[{"@type":"ReadAction","target":["https:\/\/sarmacjabedzin.pl\/index.php\/2019\/04\/28\/mlodziez-gromi-kolejnego-rywala\/"]}]},{"@type":"ImageObject","inLanguage":"pl-PL","@id":"https:\/\/sarmacjabedzin.pl\/index.php\/2019\/04\/28\/mlodziez-gromi-kolejnego-rywala\/#primaryimage","url":"https:\/\/sarmacjabedzin.pl\/wp-content\/uploads\/2019\/04\/uks.png","contentUrl":"https:\/\/sarmacjabedzin.pl\/wp-content\/uploads\/2019\/04\/uks.png","width":1280,"height":768},{"@type":"BreadcrumbList","@id":"https:\/\/sarmacjabedzin.pl\/index.php\/2019\/04\/28\/mlodziez-gromi-kolejnego-rywala\/#breadcrumb","itemListElement":[{"@type":"ListItem","position":1,"name":"Strona g\u0142\u00f3wna","item":"https:\/\/sarmacjabedzin.pl\/"},{"@type":"ListItem","position":2,"name":"M\u0142odzie\u017c gromi kolejnego rywala!"}]},{"@type":"WebSite","@id":"https:\/\/sarmacjabedzin.pl\/#website","url":"https:\/\/sarmacjabedzin.pl\/","name":"BKS Sarmacja B\u0119dzin \u2013 Nieoficjalny serwis","description":"Nieoficjalny serwis B\u0119dzi\u0144skiego Klubu Sportowego &quot;Sarmacja&quot;","potentialAction":[{"@type":"SearchAction","target":{"@type":"EntryPoint","urlTemplate":"https:\/\/sarmacjabedzin.pl\/?s={search_term_string}"},"query-input":{"@type":"PropertyValueSpecification","valueRequired":true,"valueName":"search_term_string"}}],"inLanguage":"pl-PL"},{"@type":"Person","@id":"https:\/\/sarmacjabedzin.pl\/#\/schema\/person\/5417ea7b03bcd9adf58298a2265ce03a","name":"tyrtak","image":{"@type":"ImageObject","inLanguage":"pl-PL","@id":"https:\/\/sarmacjabedzin.pl\/#\/schema\/person\/image\/","url":"https:\/\/secure.gravatar.com\/avatar\/49b7734c6795cf524710e96813a9fedc1ae3816e479d92490236b4cfc47a5ae1?s=96&d=mm&r=g","contentUrl":"https:\/\/secure.gravatar.com\/avatar\/49b7734c6795cf524710e96813a9fedc1ae3816e479d92490236b4cfc47a5ae1?s=96&d=mm&r=g","caption":"tyrtak"}}]}},"rttpg_featured_image_url":{"full":["https:\/\/sarmacjabedzin.pl\/wp-content\/uploads\/2019\/04\/uks.png",1280,768,false],"landscape":["https:\/\/sarmacjabedzin.pl\/wp-content\/uploads\/2019\/04\/uks.png",1280,768,false],"portraits":["https:\/\/sarmacjabedzin.pl\/wp-content\/uploads\/2019\/04\/uks.png",1280,768,false],"thumbnail":["https:\/\/sarmacjabedzin.pl\/wp-content\/uploads\/2019\/04\/uks-150x150.png",150,150,true],"medium":["https:\/\/sarmacjabedzin.pl\/wp-content\/uploads\/2019\/04\/uks-300x180.png",300,180,true],"large":["https:\/\/sarmacjabedzin.pl\/wp-content\/uploads\/2019\/04\/uks-1024x614.png",1024,614,true],"1536x1536":["https:\/\/sarmacjabedzin.pl\/wp-content\/uploads\/2019\/04\/uks.png",1280,768,false],"2048x2048":["https:\/\/sarmacjabedzin.pl\/wp-content\/uploads\/2019\/04\/uks.png",1280,768,false],"sportspress-crop-medium":["https:\/\/sarmacjabedzin.pl\/wp-content\/uploads\/2019\/04\/uks-300x300.png",300,300,true],"sportspress-fit-medium":["https:\/\/sarmacjabedzin.pl\/wp-content\/uploads\/2019\/04\/uks-300x180.png",300,180,true],"sportspress-fit-icon":["https:\/\/sarmacjabedzin.pl\/wp-content\/uploads\/2019\/04\/uks-128x77.png",128,77,true],"sportspress-fit-mini":["https:\/\/sarmacjabedzin.pl\/wp-content\/uploads\/2019\/04\/uks-32x19.png",32,19,true],"ultp_layout_landscape_large":["https:\/\/sarmacjabedzin.pl\/wp-content\/uploads\/2019\/04\/uks.png",1200,720,false],"ultp_layout_landscape":["https:\/\/sarmacjabedzin.pl\/wp-content\/uploads\/2019\/04\/uks.png",870,522,false],"ultp_layout_portrait":["https:\/\/sarmacjabedzin.pl\/wp-content\/uploads\/2019\/04\/uks.png",600,360,false],"ultp_layout_square":["https:\/\/sarmacjabedzin.pl\/wp-content\/uploads\/2019\/04\/uks.png",600,360,false],"stm-1140-666":["https:\/\/sarmacjabedzin.pl\/wp-content\/uploads\/2019\/04\/uks-1140x666.png",1140,666,true],"stm-1170-650":["https:\/\/sarmacjabedzin.pl\/wp-content\/uploads\/2019\/04\/uks-1170x650.png",1170,650,true],"stm-570-350":["https:\/\/sarmacjabedzin.pl\/wp-content\/uploads\/2019\/04\/uks-570x350.png",570,350,true],"stm-570-250":["https:\/\/sarmacjabedzin.pl\/wp-content\/uploads\/2019\/04\/uks-570x250.png",570,250,true],"stm-270-370":["https:\/\/sarmacjabedzin.pl\/wp-content\/uploads\/2019\/04\/uks-270x370.png",270,370,true],"stm-540-500":["https:\/\/sarmacjabedzin.pl\/wp-content\/uploads\/2019\/04\/uks-540x500.png",540,500,true],"stm-270-530":["https:\/\/sarmacjabedzin.pl\/wp-content\/uploads\/2019\/04\/uks-270x530.png",270,530,true],"stm-200-200":["https:\/\/sarmacjabedzin.pl\/wp-content\/uploads\/2019\/04\/uks-200x200.png",200,200,true],"stm-85-105":["https:\/\/sarmacjabedzin.pl\/wp-content\/uploads\/2019\/04\/uks-85x105.png",85,105,true],"stm-255-255":["https:\/\/sarmacjabedzin.pl\/wp-content\/uploads\/2019\/04\/uks-255x255.png",255,255,true],"stm-360-240":["https:\/\/sarmacjabedzin.pl\/wp-content\/uploads\/2019\/04\/uks-360x240.png",360,240,true],"stm-360-495":["https:\/\/sarmacjabedzin.pl\/wp-content\/uploads\/2019\/04\/uks-360x495.png",360,495,true],"stm-445-400":["https:\/\/sarmacjabedzin.pl\/wp-content\/uploads\/2019\/04\/uks-445x400.png",445,400,true],"stm-735-240":["https:\/\/sarmacjabedzin.pl\/wp-content\/uploads\/2019\/04\/uks-735x240.png",735,240,true],"stm-255-183":["https:\/\/sarmacjabedzin.pl\/wp-content\/uploads\/2019\/04\/uks-255x183.png",255,183,true],"stm-350-250":["https:\/\/sarmacjabedzin.pl\/wp-content\/uploads\/2019\/04\/uks-350x250.png",350,250,true],"blog_list":["https:\/\/sarmacjabedzin.pl\/wp-content\/uploads\/2019\/04\/uks-270x220.png",270,220,true],"blog_list_medium":["https:\/\/sarmacjabedzin.pl\/wp-content\/uploads\/2019\/04\/uks-390x345.png",390,345,true],"gallery_thumbnail":["https:\/\/sarmacjabedzin.pl\/wp-content\/uploads\/2019\/04\/uks-80x80.png",80,80,true],"gallery_image":["https:\/\/sarmacjabedzin.pl\/wp-content\/uploads\/2019\/04\/uks-560x367.png",560,367,true],"gallery_image_mini":["https:\/\/sarmacjabedzin.pl\/wp-content\/uploads\/2019\/04\/uks-143x116.png",143,116,true],"player_photo":["https:\/\/sarmacjabedzin.pl\/wp-content\/uploads\/2019\/04\/uks-740x740.png",740,740,true],"team_logo":["https:\/\/sarmacjabedzin.pl\/wp-content\/uploads\/2019\/04\/uks-98x59.png",98,59,true],"player_stat_ava":["https:\/\/sarmacjabedzin.pl\/wp-content\/uploads\/2019\/04\/uks-550x580.png",550,580,true],"post-350-220":["https:\/\/sarmacjabedzin.pl\/wp-content\/uploads\/2019\/04\/uks-350x220.png",350,220,true],"post-275-142":["https:\/\/sarmacjabedzin.pl\/wp-content\/uploads\/2019\/04\/uks-275x142.png",275,142,true],"post-160-120":["https:\/\/sarmacjabedzin.pl\/wp-content\/uploads\/2019\/04\/uks-160x120.png",160,120,true],"post-110-70":["https:\/\/sarmacjabedzin.pl\/wp-content\/uploads\/2019\/04\/uks-110x70.png",110,70,true],"post-770-450":["https:\/\/sarmacjabedzin.pl\/wp-content\/uploads\/2019\/04\/uks-770x450.png",770,450,true],"post-370-210":["https:\/\/sarmacjabedzin.pl\/wp-content\/uploads\/2019\/04\/uks-370x210.png",370,210,true],"post-457-470":["https:\/\/sarmacjabedzin.pl\/wp-content\/uploads\/2019\/04\/uks-457x470.png",457,470,true],"post-370-420":["https:\/\/sarmacjabedzin.pl\/wp-content\/uploads\/2019\/04\/uks-370x420.png",370,420,true],"stm-445-445":["https:\/\/sarmacjabedzin.pl\/wp-content\/uploads\/2019\/04\/uks-445x445.png",445,445,true],"stm-555-460":["https:\/\/sarmacjabedzin.pl\/wp-content\/uploads\/2019\/04\/uks-555x460.png",555,460,true],"stm-350-450":["https:\/\/sarmacjabedzin.pl\/wp-content\/uploads\/2019\/04\/uks-350x450.png",350,450,true],"stm-720-440":["https:\/\/sarmacjabedzin.pl\/wp-content\/uploads\/2019\/04\/uks-720x440.png",720,440,true],"stm-270-270":["https:\/\/sarmacjabedzin.pl\/wp-content\/uploads\/2019\/04\/uks.png",270,162,false],"stm-760-450":["https:\/\/sarmacjabedzin.pl\/wp-content\/uploads\/2019\/04\/uks.png",750,450,false]},"rttpg_author":{"display_name":"tyrtak","author_link":false},"rttpg_comment":0,"rttpg_category":"<a href=\"https:\/\/sarmacjabedzin.pl\/index.php\/category\/aktualnosci\/\" rel=\"category tag\">Aktualno\u015bci<\/a>","rttpg_excerpt":"W niedziel\u0119 28.04.2019 roku o godzinie 17.00 pi\u0142karze rezerw Sarmacji B\u0119dzin podejmowali na w\u0142asnym boisku dru\u017cyn\u0119 UKS S\u0142awk\u00f3w. Wynik tego spotkania na 1:0 dla gospodarzy w 19 minucie otworzy\u0142 Jakub Sito. Trzy minuty p\u00f3\u017aniej go\u015bcie grali ju\u017c w os\u0142abieniu. S\u0119dzia zawod\u00f3w usun\u0105\u0142 z boiska golkipera przyjezdnych, kt\u00f3ry zagra\u0142 pi\u0142k\u0119 r\u0119k\u0105 przed w\u0142asnym polem karnym. W...","_links":{"self":[{"href":"https:\/\/sarmacjabedzin.pl\/index.php\/wp-json\/wp\/v2\/posts\/1321","targetHints":{"allow":["GET"]}}],"collection":[{"href":"https:\/\/sarmacjabedzin.pl\/index.php\/wp-json\/wp\/v2\/posts"}],"about":[{"href":"https:\/\/sarmacjabedzin.pl\/index.php\/wp-json\/wp\/v2\/types\/post"}],"author":[{"embeddable":true,"href":"https:\/\/sarmacjabedzin.pl\/index.php\/wp-json\/wp\/v2\/users\/1"}],"replies":[{"embeddable":true,"href":"https:\/\/sarmacjabedzin.pl\/index.php\/wp-json\/wp\/v2\/comments?post=1321"}],"version-history":[{"count":0,"href":"https:\/\/sarmacjabedzin.pl\/index.php\/wp-json\/wp\/v2\/posts\/1321\/revisions"}],"wp:featuredmedia":[{"embeddable":true,"href":"https:\/\/sarmacjabedzin.pl\/index.php\/wp-json\/wp\/v2\/media\/1320"}],"wp:attachment":[{"href":"https:\/\/sarmacjabedzin.pl\/index.php\/wp-json\/wp\/v2\/media?parent=1321"}],"wp:term":[{"taxonomy":"category","embeddable":true,"href":"https:\/\/sarmacjabedzin.pl\/index.php\/wp-json\/wp\/v2\/categories?post=1321"},{"taxonomy":"post_tag","embeddable":true,"href":"https:\/\/sarmacjabedzin.pl\/index.php\/wp-json\/wp\/v2\/tags?post=1321"}],"curies":[{"name":"wp","href":"https:\/\/api.w.org\/{rel}","templated":true}]}}