{"id":1329,"date":"2019-05-18T19:08:31","date_gmt":"2019-05-18T17:08:31","guid":{"rendered":"http:\/\/sarmacjabedzin.pl\/index.php\/2019\/05\/18\/porazka-po-karnym-2-2\/"},"modified":"2019-05-18T19:08:31","modified_gmt":"2019-05-18T17:08:31","slug":"porazka-po-karnym-2-2","status":"publish","type":"post","link":"https:\/\/sarmacjabedzin.pl\/index.php\/2019\/05\/18\/porazka-po-karnym-2-2\/","title":{"rendered":"Pora\u017cka po karnym!"},"content":{"rendered":"<p style=\"margin-bottom: 0cm;\">Dzi\u015b 18.05.2019 roku o godz.17.00 w Grod\u017acu pi\u0142karze Sarmacji B\u0119dzin w kolejnym meczu o ligowe punkty zmierzyli si\u0119 z miejscowym RKS-em. W tym sezonie rywale zajmuj\u0105cy pi\u0105t\u0105 lokat\u0119 w tabeli wyprzedzali b\u0119dzinian 11 punktami. Pierwszy mecz mi\u0119dzy obu dru\u017cynami jesieni\u0105 zako\u0144czy\u0142 si\u0119 zwyci\u0119stwem RKS-u 1:0.<\/p>\n<p style=\"margin-bottom: 0cm;\">Niestety Sarmaci do dzisiejszego spotkania przyst\u0105pili w mocno okrojonym sk\u0142adzie.<\/p>\n<p style=\"margin-bottom: 0cm;\">Dalej z powodu kary na\u0142o\u017conej przez \u015al.ZPN trener Artur Mosna nie m\u00f3g\u0142 skorzysta\u0107 z Seweryna Pielichowskiego oraz Arkadiusza Kowalczyka. Trwaj\u0105ca obecnie kontuzja Daniela Majki wyeliminowa\u0142a go r\u00f3wnie\u017c z dzisiejszych zawod\u00f3w.<\/p>\n<p style=\"margin-bottom: 0cm;\">Pierwszy kwadrans gry nie przyni\u00f3s\u0142 \u017cadnej z dru\u017cyn dogodnej sytuacji na zdobycie gola.<\/p>\n<p style=\"margin-bottom: 0cm;\">W 16 minucie strza\u0142 pi\u0142karza gospodarzy poszybowa\u0142 nad bramk\u0105 Sarmat\u00f3w.<\/p>\n<p style=\"margin-bottom: 0cm;\">W 21 minucie k\u0105\u015bliwe uderzenie, po wrzutce z prawej strony boiska odda\u0142 napastnik miejscowych.<\/p>\n<p style=\"margin-bottom: 0cm;\">Na posterunku by\u0142 Dawid Gargasz, kt\u00f3ry pi\u0105stkuj\u0105c pi\u0142k\u0119 na rzut ro\u017cny uratowa\u0142 sw\u00f3j zesp\u00f3\u0142 przed mo\u017cliw\u0105 strat\u0105 bramki.<\/p>\n<p style=\"margin-bottom: 0cm;\">Trzy minuty p\u00f3\u017aniej nasz golkiper ponownie musia\u0142 interweniowa\u0107 po strzale z dystansu.<\/p>\n<p style=\"margin-bottom: 0cm;\">Maj\u0105cy przewag\u0119 w ataku pi\u0142karze RKS-u wci\u0105\u017c pr\u00f3bowali stworzy\u0107 sobie dogodn\u0105 sytuacj\u0119 na zdobycie gola.<\/p>\n<p style=\"margin-bottom: 0cm;\">W 37 minucie pi\u0142ka po strzale z okolicy 12 metra zn\u00f3w przelecia\u0142a obok bramki go\u015bci.<br \/>Dopiero w 42 minucie Sarmaci zdo\u0142ali odda\u0107 uderzenie z dystansu. Jednak pi\u0142ka po strzale Alexa Tyszczaka przelecia\u0142a obok bramki rywala.<br \/>W 44 minucie futbol\u00f3wka po g\u0142\u00f3wce pi\u0142karza miejscowych wyl\u0105dowa\u0142a w r\u0119kawicach Dawida Gargasza.<\/p>\n<p style=\"margin-bottom: 0cm;\">Do przerwy wynik 0:0 nie uleg\u0142 zmianie.<\/p>\n<p style=\"margin-bottom: 0cm;\">Na drug\u0105 po\u0142ow\u0119 Sarmaci wybiegli z wi\u0119ksz\u0105 determinacj\u0105, pr\u00f3buj\u0105c skonstruowa\u0107 skuteczn\u0105 akcj\u0119 pod bramk\u0105 rywala.<\/p>\n<p style=\"margin-bottom: 0cm;\">Niestety w 59 minucie uciekaj\u0105cego lew\u0105 stron\u0105 boiska zawodnika gospodarzy nieprzepisowo zatrzyma\u0142 we w\u0142asnym polu karnym Micha\u0142 Szal.<\/p>\n<p style=\"margin-bottom: 0cm;\">S\u0119dzia wskaza\u0142 na wapno. Skutecznym egzekutorem rzutu karnego okaza\u0142 si\u0119 by\u0142y zawodnik Sarmacji Pawe\u0142 Krzos.<\/p>\n<p style=\"margin-bottom: 0cm;\">Ten sam zawodnik w 68 minucie m\u00f3g\u0142 podwy\u017cszy\u0107 rezultat tego spotkania na 2:0 dla swojego zespo\u0142u. Na szcz\u0119\u015bcie dla go\u015bci jego g\u0142\u00f3wka z bliskiej odleg\u0142o\u015bci min\u0119\u0142a \u015bwiat\u0142o bramki przyjezdnych.<\/p>\n<p style=\"margin-bottom: 0cm;\">W 84 minucie \u015bwietne uderzenie pi\u0142ki z powietrza przez Alexa Tyszczaka mog\u0142o doprowadzi\u0107 do wyr\u00f3wnania. Niestety pi\u0142k\u0119 skierowan\u0105 do bramki rywala w ostatniej sekundzie g\u0142ow\u0105 na r\u00f3g zdo\u0142a\u0142 wybi\u0107 obro\u0144ca RKS-u.<\/p>\n<p style=\"margin-bottom: 0cm;\">Ostatecznie mecz \u201eDerb\u00f3w B\u0119dzina\u201d po przeci\u0119tym widowisku zako\u0144czy\u0142 si\u0119 pora\u017ck\u0105 Sarmacji 0:1.<\/p>\n<p style=\"margin-bottom: 0cm;\">Szkoda straconych punkt\u00f3w po golu z rzutu karnego. Niestety wy\u017cej notowany rywal wykorzysta\u0142 nasz b\u0142\u0105d zgarniaj\u0105c tym samym pe\u0142n\u0105 pul\u0119.<\/p>\n<p style=\"margin-bottom: 0cm;\">Sarmaci mimo sporego os\u0142abienia walczyli ambitnie. Mamy nadziej\u0119, \u017ce ju\u017c w najbli\u017cszy pi\u0105tek w meczu ze \u015al\u0105skiem \u015awi\u0119toch\u0142owice podopieczni trenera Artura Mosny na w\u0142asnym terenie przysporz\u0105 nam sporo pozytywnych emocji. Wci\u0105\u017c czeka ich ci\u0119\u017cka walka o utrzymanie.<\/p>\n<p style=\"margin-bottom: 0cm;\">\u00a0<\/p>\n<p style=\"margin-bottom: 0cm;\"><strong>RKS Grodziec \u2013 Sarmacja B\u0119dzin 1:0 (0:0)<\/strong><\/p>\n<p style=\"margin-bottom: 0cm;\"><strong>Bramki:<\/strong><\/p>\n<p style=\"margin-bottom: 0cm;\">\u00a0<\/p>\n<p style=\"margin-bottom: 0cm;\">60&#8242; (k) Krzos<\/p>\n<p style=\"margin-bottom: 0cm;\">\u00a0<\/p>\n<p style=\"margin-bottom: 0cm;\"><strong>\u017b\u00f3\u0142te kartki:<\/strong><\/p>\n<p style=\"margin-bottom: 0cm;\">90&#8242; Michalski<\/p>\n<p style=\"margin-bottom: 0cm;\">\u00a0<\/p>\n<p style=\"margin-bottom: 0cm;\">\u00a0<\/p>\n<p style=\"margin-bottom: 0cm;\"><strong>Sarmacja B\u0119dzin:<\/strong> Gargasz \u2013 Michalski, Derlatka, Szal, Dankowski, Maj, Barwi\u0144ski, Ba\u0142a, Januszek (75&#8242; Kocot), Tyszczak, Zawadzki.<\/p>\n<p style=\"margin-bottom: 0cm;\">{gallery}rksgrodziec2019{\/gallery}<\/p>\n","protected":false},"excerpt":{"rendered":"<p>Dzi\u015b 18.05.2019 roku o godz.17.00 w Grod\u017acu pi\u0142karze Sarmacji B\u0119dzin w kolejnym meczu o ligowe punkty zmierzyli si\u0119 z miejscowym RKS-em. W tym sezonie rywale zajmuj\u0105cy pi\u0105t\u0105 lokat\u0119 w tabeli wyprzedzali b\u0119dzinian 11 punktami. Pierwszy mecz mi\u0119dzy obu dru\u017cynami jesieni\u0105 zako\u0144czy\u0142 si\u0119 zwyci\u0119stwem RKS-u 1:0. Niestety Sarmaci do dzisiejszego spotkania przyst\u0105pili w mocno okrojonym sk\u0142adzie&#8230;.<\/p>\n","protected":false},"author":1,"featured_media":1328,"comment_status":"open","ping_status":"open","sticky":false,"template":"","format":"standard","meta":{"footnotes":""},"categories":[64],"tags":[],"class_list":["post-1329","post","type-post","status-publish","format-standard","has-post-thumbnail","hentry","category-soccer"],"yoast_head":"<!-- This site is optimized with the Yoast SEO plugin v25.8 - https:\/\/yoast.com\/wordpress\/plugins\/seo\/ -->\n<title>Pora\u017cka po karnym! | BKS Sarmacja B\u0119dzin<\/title>\n<meta name=\"robots\" content=\"index, follow, max-snippet:-1, max-image-preview:large, max-video-preview:-1\" \/>\n<link rel=\"canonical\" href=\"https:\/\/sarmacjabedzin.pl\/index.php\/2019\/05\/18\/porazka-po-karnym-2-2\/\" \/>\n<meta property=\"og:locale\" content=\"pl_PL\" \/>\n<meta property=\"og:type\" content=\"article\" \/>\n<meta property=\"og:title\" content=\"Pora\u017cka po karnym! | BKS Sarmacja B\u0119dzin\" \/>\n<meta property=\"og:description\" content=\"Dzi\u015b 18.05.2019 roku o godz.17.00 w Grod\u017acu pi\u0142karze Sarmacji B\u0119dzin w kolejnym meczu o ligowe punkty zmierzyli si\u0119 z miejscowym RKS-em. W tym sezonie rywale zajmuj\u0105cy pi\u0105t\u0105 lokat\u0119 w tabeli wyprzedzali b\u0119dzinian 11 punktami. Pierwszy mecz mi\u0119dzy obu dru\u017cynami jesieni\u0105 zako\u0144czy\u0142 si\u0119 zwyci\u0119stwem RKS-u 1:0. Niestety Sarmaci do dzisiejszego spotkania przyst\u0105pili w mocno okrojonym sk\u0142adzie....\" \/>\n<meta property=\"og:url\" content=\"https:\/\/sarmacjabedzin.pl\/index.php\/2019\/05\/18\/porazka-po-karnym-2-2\/\" \/>\n<meta property=\"og:site_name\" content=\"BKS Sarmacja B\u0119dzin\" \/>\n<meta property=\"article:publisher\" content=\"https:\/\/www.facebook.com\/SarmacjaBedzin\" \/>\n<meta property=\"article:published_time\" content=\"2019-05-18T17:08:31+00:00\" \/>\n<meta property=\"og:image\" content=\"https:\/\/sarmacjabedzin.pl\/wp-content\/uploads\/2019\/05\/rksgrodziec2019.jpg\" \/>\n\t<meta property=\"og:image:width\" content=\"1280\" \/>\n\t<meta property=\"og:image:height\" content=\"768\" \/>\n\t<meta property=\"og:image:type\" content=\"image\/jpeg\" \/>\n<meta name=\"author\" content=\"tyrtak\" \/>\n<meta name=\"twitter:card\" content=\"summary_large_image\" \/>\n<meta name=\"twitter:label1\" content=\"Napisane przez\" \/>\n\t<meta name=\"twitter:data1\" content=\"tyrtak\" \/>\n\t<meta name=\"twitter:label2\" content=\"Szacowany czas czytania\" \/>\n\t<meta name=\"twitter:data2\" content=\"3 minuty\" \/>\n<script type=\"application\/ld+json\" class=\"yoast-schema-graph\">{\"@context\":\"https:\/\/schema.org\",\"@graph\":[{\"@type\":\"WebPage\",\"@id\":\"https:\/\/sarmacjabedzin.pl\/index.php\/2019\/05\/18\/porazka-po-karnym-2-2\/\",\"url\":\"https:\/\/sarmacjabedzin.pl\/index.php\/2019\/05\/18\/porazka-po-karnym-2-2\/\",\"name\":\"Pora\u017cka po karnym! | BKS Sarmacja B\u0119dzin\",\"isPartOf\":{\"@id\":\"https:\/\/sarmacjabedzin.pl\/#website\"},\"primaryImageOfPage\":{\"@id\":\"https:\/\/sarmacjabedzin.pl\/index.php\/2019\/05\/18\/porazka-po-karnym-2-2\/#primaryimage\"},\"image\":{\"@id\":\"https:\/\/sarmacjabedzin.pl\/index.php\/2019\/05\/18\/porazka-po-karnym-2-2\/#primaryimage\"},\"thumbnailUrl\":\"https:\/\/sarmacjabedzin.pl\/wp-content\/uploads\/2019\/05\/rksgrodziec2019.jpg\",\"datePublished\":\"2019-05-18T17:08:31+00:00\",\"author\":{\"@id\":\"https:\/\/sarmacjabedzin.pl\/#\/schema\/person\/5417ea7b03bcd9adf58298a2265ce03a\"},\"breadcrumb\":{\"@id\":\"https:\/\/sarmacjabedzin.pl\/index.php\/2019\/05\/18\/porazka-po-karnym-2-2\/#breadcrumb\"},\"inLanguage\":\"pl-PL\",\"potentialAction\":[{\"@type\":\"ReadAction\",\"target\":[\"https:\/\/sarmacjabedzin.pl\/index.php\/2019\/05\/18\/porazka-po-karnym-2-2\/\"]}]},{\"@type\":\"ImageObject\",\"inLanguage\":\"pl-PL\",\"@id\":\"https:\/\/sarmacjabedzin.pl\/index.php\/2019\/05\/18\/porazka-po-karnym-2-2\/#primaryimage\",\"url\":\"https:\/\/sarmacjabedzin.pl\/wp-content\/uploads\/2019\/05\/rksgrodziec2019.jpg\",\"contentUrl\":\"https:\/\/sarmacjabedzin.pl\/wp-content\/uploads\/2019\/05\/rksgrodziec2019.jpg\",\"width\":1280,\"height\":768},{\"@type\":\"BreadcrumbList\",\"@id\":\"https:\/\/sarmacjabedzin.pl\/index.php\/2019\/05\/18\/porazka-po-karnym-2-2\/#breadcrumb\",\"itemListElement\":[{\"@type\":\"ListItem\",\"position\":1,\"name\":\"Strona g\u0142\u00f3wna\",\"item\":\"https:\/\/sarmacjabedzin.pl\/\"},{\"@type\":\"ListItem\",\"position\":2,\"name\":\"Pora\u017cka po karnym!\"}]},{\"@type\":\"WebSite\",\"@id\":\"https:\/\/sarmacjabedzin.pl\/#website\",\"url\":\"https:\/\/sarmacjabedzin.pl\/\",\"name\":\"BKS Sarmacja B\u0119dzin \u2013 Nieoficjalny serwis\",\"description\":\"Nieoficjalny serwis B\u0119dzi\u0144skiego Klubu Sportowego &quot;Sarmacja&quot;\",\"potentialAction\":[{\"@type\":\"SearchAction\",\"target\":{\"@type\":\"EntryPoint\",\"urlTemplate\":\"https:\/\/sarmacjabedzin.pl\/?s={search_term_string}\"},\"query-input\":{\"@type\":\"PropertyValueSpecification\",\"valueRequired\":true,\"valueName\":\"search_term_string\"}}],\"inLanguage\":\"pl-PL\"},{\"@type\":\"Person\",\"@id\":\"https:\/\/sarmacjabedzin.pl\/#\/schema\/person\/5417ea7b03bcd9adf58298a2265ce03a\",\"name\":\"tyrtak\",\"image\":{\"@type\":\"ImageObject\",\"inLanguage\":\"pl-PL\",\"@id\":\"https:\/\/sarmacjabedzin.pl\/#\/schema\/person\/image\/\",\"url\":\"https:\/\/secure.gravatar.com\/avatar\/49b7734c6795cf524710e96813a9fedc1ae3816e479d92490236b4cfc47a5ae1?s=96&d=mm&r=g\",\"contentUrl\":\"https:\/\/secure.gravatar.com\/avatar\/49b7734c6795cf524710e96813a9fedc1ae3816e479d92490236b4cfc47a5ae1?s=96&d=mm&r=g\",\"caption\":\"tyrtak\"}}]}<\/script>\n<!-- \/ Yoast SEO plugin. -->","yoast_head_json":{"title":"Pora\u017cka po karnym! | BKS Sarmacja B\u0119dzin","robots":{"index":"index","follow":"follow","max-snippet":"max-snippet:-1","max-image-preview":"max-image-preview:large","max-video-preview":"max-video-preview:-1"},"canonical":"https:\/\/sarmacjabedzin.pl\/index.php\/2019\/05\/18\/porazka-po-karnym-2-2\/","og_locale":"pl_PL","og_type":"article","og_title":"Pora\u017cka po karnym! | BKS Sarmacja B\u0119dzin","og_description":"Dzi\u015b 18.05.2019 roku o godz.17.00 w Grod\u017acu pi\u0142karze Sarmacji B\u0119dzin w kolejnym meczu o ligowe punkty zmierzyli si\u0119 z miejscowym RKS-em. W tym sezonie rywale zajmuj\u0105cy pi\u0105t\u0105 lokat\u0119 w tabeli wyprzedzali b\u0119dzinian 11 punktami. Pierwszy mecz mi\u0119dzy obu dru\u017cynami jesieni\u0105 zako\u0144czy\u0142 si\u0119 zwyci\u0119stwem RKS-u 1:0. Niestety Sarmaci do dzisiejszego spotkania przyst\u0105pili w mocno okrojonym sk\u0142adzie....","og_url":"https:\/\/sarmacjabedzin.pl\/index.php\/2019\/05\/18\/porazka-po-karnym-2-2\/","og_site_name":"BKS Sarmacja B\u0119dzin","article_publisher":"https:\/\/www.facebook.com\/SarmacjaBedzin","article_published_time":"2019-05-18T17:08:31+00:00","og_image":[{"width":1280,"height":768,"url":"https:\/\/sarmacjabedzin.pl\/wp-content\/uploads\/2019\/05\/rksgrodziec2019.jpg","type":"image\/jpeg"}],"author":"tyrtak","twitter_card":"summary_large_image","twitter_misc":{"Napisane przez":"tyrtak","Szacowany czas czytania":"3 minuty"},"schema":{"@context":"https:\/\/schema.org","@graph":[{"@type":"WebPage","@id":"https:\/\/sarmacjabedzin.pl\/index.php\/2019\/05\/18\/porazka-po-karnym-2-2\/","url":"https:\/\/sarmacjabedzin.pl\/index.php\/2019\/05\/18\/porazka-po-karnym-2-2\/","name":"Pora\u017cka po karnym! | BKS Sarmacja B\u0119dzin","isPartOf":{"@id":"https:\/\/sarmacjabedzin.pl\/#website"},"primaryImageOfPage":{"@id":"https:\/\/sarmacjabedzin.pl\/index.php\/2019\/05\/18\/porazka-po-karnym-2-2\/#primaryimage"},"image":{"@id":"https:\/\/sarmacjabedzin.pl\/index.php\/2019\/05\/18\/porazka-po-karnym-2-2\/#primaryimage"},"thumbnailUrl":"https:\/\/sarmacjabedzin.pl\/wp-content\/uploads\/2019\/05\/rksgrodziec2019.jpg","datePublished":"2019-05-18T17:08:31+00:00","author":{"@id":"https:\/\/sarmacjabedzin.pl\/#\/schema\/person\/5417ea7b03bcd9adf58298a2265ce03a"},"breadcrumb":{"@id":"https:\/\/sarmacjabedzin.pl\/index.php\/2019\/05\/18\/porazka-po-karnym-2-2\/#breadcrumb"},"inLanguage":"pl-PL","potentialAction":[{"@type":"ReadAction","target":["https:\/\/sarmacjabedzin.pl\/index.php\/2019\/05\/18\/porazka-po-karnym-2-2\/"]}]},{"@type":"ImageObject","inLanguage":"pl-PL","@id":"https:\/\/sarmacjabedzin.pl\/index.php\/2019\/05\/18\/porazka-po-karnym-2-2\/#primaryimage","url":"https:\/\/sarmacjabedzin.pl\/wp-content\/uploads\/2019\/05\/rksgrodziec2019.jpg","contentUrl":"https:\/\/sarmacjabedzin.pl\/wp-content\/uploads\/2019\/05\/rksgrodziec2019.jpg","width":1280,"height":768},{"@type":"BreadcrumbList","@id":"https:\/\/sarmacjabedzin.pl\/index.php\/2019\/05\/18\/porazka-po-karnym-2-2\/#breadcrumb","itemListElement":[{"@type":"ListItem","position":1,"name":"Strona g\u0142\u00f3wna","item":"https:\/\/sarmacjabedzin.pl\/"},{"@type":"ListItem","position":2,"name":"Pora\u017cka po karnym!"}]},{"@type":"WebSite","@id":"https:\/\/sarmacjabedzin.pl\/#website","url":"https:\/\/sarmacjabedzin.pl\/","name":"BKS Sarmacja B\u0119dzin \u2013 Nieoficjalny serwis","description":"Nieoficjalny serwis B\u0119dzi\u0144skiego Klubu Sportowego &quot;Sarmacja&quot;","potentialAction":[{"@type":"SearchAction","target":{"@type":"EntryPoint","urlTemplate":"https:\/\/sarmacjabedzin.pl\/?s={search_term_string}"},"query-input":{"@type":"PropertyValueSpecification","valueRequired":true,"valueName":"search_term_string"}}],"inLanguage":"pl-PL"},{"@type":"Person","@id":"https:\/\/sarmacjabedzin.pl\/#\/schema\/person\/5417ea7b03bcd9adf58298a2265ce03a","name":"tyrtak","image":{"@type":"ImageObject","inLanguage":"pl-PL","@id":"https:\/\/sarmacjabedzin.pl\/#\/schema\/person\/image\/","url":"https:\/\/secure.gravatar.com\/avatar\/49b7734c6795cf524710e96813a9fedc1ae3816e479d92490236b4cfc47a5ae1?s=96&d=mm&r=g","contentUrl":"https:\/\/secure.gravatar.com\/avatar\/49b7734c6795cf524710e96813a9fedc1ae3816e479d92490236b4cfc47a5ae1?s=96&d=mm&r=g","caption":"tyrtak"}}]}},"rttpg_featured_image_url":{"full":["https:\/\/sarmacjabedzin.pl\/wp-content\/uploads\/2019\/05\/rksgrodziec2019.jpg",1280,768,false],"landscape":["https:\/\/sarmacjabedzin.pl\/wp-content\/uploads\/2019\/05\/rksgrodziec2019.jpg",1280,768,false],"portraits":["https:\/\/sarmacjabedzin.pl\/wp-content\/uploads\/2019\/05\/rksgrodziec2019.jpg",1280,768,false],"thumbnail":["https:\/\/sarmacjabedzin.pl\/wp-content\/uploads\/2019\/05\/rksgrodziec2019-150x150.jpg",150,150,true],"medium":["https:\/\/sarmacjabedzin.pl\/wp-content\/uploads\/2019\/05\/rksgrodziec2019-300x180.jpg",300,180,true],"large":["https:\/\/sarmacjabedzin.pl\/wp-content\/uploads\/2019\/05\/rksgrodziec2019-1024x614.jpg",1024,614,true],"1536x1536":["https:\/\/sarmacjabedzin.pl\/wp-content\/uploads\/2019\/05\/rksgrodziec2019.jpg",1280,768,false],"2048x2048":["https:\/\/sarmacjabedzin.pl\/wp-content\/uploads\/2019\/05\/rksgrodziec2019.jpg",1280,768,false],"sportspress-crop-medium":["https:\/\/sarmacjabedzin.pl\/wp-content\/uploads\/2019\/05\/rksgrodziec2019-300x300.jpg",300,300,true],"sportspress-fit-medium":["https:\/\/sarmacjabedzin.pl\/wp-content\/uploads\/2019\/05\/rksgrodziec2019-300x180.jpg",300,180,true],"sportspress-fit-icon":["https:\/\/sarmacjabedzin.pl\/wp-content\/uploads\/2019\/05\/rksgrodziec2019-128x77.jpg",128,77,true],"sportspress-fit-mini":["https:\/\/sarmacjabedzin.pl\/wp-content\/uploads\/2019\/05\/rksgrodziec2019-32x19.jpg",32,19,true],"ultp_layout_landscape_large":["https:\/\/sarmacjabedzin.pl\/wp-content\/uploads\/2019\/05\/rksgrodziec2019.jpg",1200,720,false],"ultp_layout_landscape":["https:\/\/sarmacjabedzin.pl\/wp-content\/uploads\/2019\/05\/rksgrodziec2019.jpg",870,522,false],"ultp_layout_portrait":["https:\/\/sarmacjabedzin.pl\/wp-content\/uploads\/2019\/05\/rksgrodziec2019.jpg",600,360,false],"ultp_layout_square":["https:\/\/sarmacjabedzin.pl\/wp-content\/uploads\/2019\/05\/rksgrodziec2019.jpg",600,360,false],"stm-1140-666":["https:\/\/sarmacjabedzin.pl\/wp-content\/uploads\/2019\/05\/rksgrodziec2019-1140x666.jpg",1140,666,true],"stm-1170-650":["https:\/\/sarmacjabedzin.pl\/wp-content\/uploads\/2019\/05\/rksgrodziec2019-1170x650.jpg",1170,650,true],"stm-570-350":["https:\/\/sarmacjabedzin.pl\/wp-content\/uploads\/2019\/05\/rksgrodziec2019-570x350.jpg",570,350,true],"stm-570-250":["https:\/\/sarmacjabedzin.pl\/wp-content\/uploads\/2019\/05\/rksgrodziec2019-570x250.jpg",570,250,true],"stm-270-370":["https:\/\/sarmacjabedzin.pl\/wp-content\/uploads\/2019\/05\/rksgrodziec2019-270x370.jpg",270,370,true],"stm-540-500":["https:\/\/sarmacjabedzin.pl\/wp-content\/uploads\/2019\/05\/rksgrodziec2019-540x500.jpg",540,500,true],"stm-270-530":["https:\/\/sarmacjabedzin.pl\/wp-content\/uploads\/2019\/05\/rksgrodziec2019-270x530.jpg",270,530,true],"stm-200-200":["https:\/\/sarmacjabedzin.pl\/wp-content\/uploads\/2019\/05\/rksgrodziec2019-200x200.jpg",200,200,true],"stm-85-105":["https:\/\/sarmacjabedzin.pl\/wp-content\/uploads\/2019\/05\/rksgrodziec2019-85x105.jpg",85,105,true],"stm-255-255":["https:\/\/sarmacjabedzin.pl\/wp-content\/uploads\/2019\/05\/rksgrodziec2019-255x255.jpg",255,255,true],"stm-360-240":["https:\/\/sarmacjabedzin.pl\/wp-content\/uploads\/2019\/05\/rksgrodziec2019-360x240.jpg",360,240,true],"stm-360-495":["https:\/\/sarmacjabedzin.pl\/wp-content\/uploads\/2019\/05\/rksgrodziec2019-360x495.jpg",360,495,true],"stm-445-400":["https:\/\/sarmacjabedzin.pl\/wp-content\/uploads\/2019\/05\/rksgrodziec2019-445x400.jpg",445,400,true],"stm-735-240":["https:\/\/sarmacjabedzin.pl\/wp-content\/uploads\/2019\/05\/rksgrodziec2019-735x240.jpg",735,240,true],"stm-255-183":["https:\/\/sarmacjabedzin.pl\/wp-content\/uploads\/2019\/05\/rksgrodziec2019-255x183.jpg",255,183,true],"stm-350-250":["https:\/\/sarmacjabedzin.pl\/wp-content\/uploads\/2019\/05\/rksgrodziec2019-350x250.jpg",350,250,true],"blog_list":["https:\/\/sarmacjabedzin.pl\/wp-content\/uploads\/2019\/05\/rksgrodziec2019-270x220.jpg",270,220,true],"blog_list_medium":["https:\/\/sarmacjabedzin.pl\/wp-content\/uploads\/2019\/05\/rksgrodziec2019-390x345.jpg",390,345,true],"gallery_thumbnail":["https:\/\/sarmacjabedzin.pl\/wp-content\/uploads\/2019\/05\/rksgrodziec2019-80x80.jpg",80,80,true],"gallery_image":["https:\/\/sarmacjabedzin.pl\/wp-content\/uploads\/2019\/05\/rksgrodziec2019-560x367.jpg",560,367,true],"gallery_image_mini":["https:\/\/sarmacjabedzin.pl\/wp-content\/uploads\/2019\/05\/rksgrodziec2019-143x116.jpg",143,116,true],"player_photo":["https:\/\/sarmacjabedzin.pl\/wp-content\/uploads\/2019\/05\/rksgrodziec2019-740x740.jpg",740,740,true],"team_logo":["https:\/\/sarmacjabedzin.pl\/wp-content\/uploads\/2019\/05\/rksgrodziec2019-98x59.jpg",98,59,true],"player_stat_ava":["https:\/\/sarmacjabedzin.pl\/wp-content\/uploads\/2019\/05\/rksgrodziec2019-550x580.jpg",550,580,true],"post-350-220":["https:\/\/sarmacjabedzin.pl\/wp-content\/uploads\/2019\/05\/rksgrodziec2019-350x220.jpg",350,220,true],"post-275-142":["https:\/\/sarmacjabedzin.pl\/wp-content\/uploads\/2019\/05\/rksgrodziec2019-275x142.jpg",275,142,true],"post-160-120":["https:\/\/sarmacjabedzin.pl\/wp-content\/uploads\/2019\/05\/rksgrodziec2019-160x120.jpg",160,120,true],"post-110-70":["https:\/\/sarmacjabedzin.pl\/wp-content\/uploads\/2019\/05\/rksgrodziec2019-110x70.jpg",110,70,true],"post-770-450":["https:\/\/sarmacjabedzin.pl\/wp-content\/uploads\/2019\/05\/rksgrodziec2019-770x450.jpg",770,450,true],"post-370-210":["https:\/\/sarmacjabedzin.pl\/wp-content\/uploads\/2019\/05\/rksgrodziec2019-370x210.jpg",370,210,true],"post-457-470":["https:\/\/sarmacjabedzin.pl\/wp-content\/uploads\/2019\/05\/rksgrodziec2019-457x470.jpg",457,470,true],"post-370-420":["https:\/\/sarmacjabedzin.pl\/wp-content\/uploads\/2019\/05\/rksgrodziec2019-370x420.jpg",370,420,true],"stm-445-445":["https:\/\/sarmacjabedzin.pl\/wp-content\/uploads\/2019\/05\/rksgrodziec2019-445x445.jpg",445,445,true],"stm-555-460":["https:\/\/sarmacjabedzin.pl\/wp-content\/uploads\/2019\/05\/rksgrodziec2019-555x460.jpg",555,460,true],"stm-350-450":["https:\/\/sarmacjabedzin.pl\/wp-content\/uploads\/2019\/05\/rksgrodziec2019-350x450.jpg",350,450,true],"stm-720-440":["https:\/\/sarmacjabedzin.pl\/wp-content\/uploads\/2019\/05\/rksgrodziec2019-720x440.jpg",720,440,true],"stm-270-270":["https:\/\/sarmacjabedzin.pl\/wp-content\/uploads\/2019\/05\/rksgrodziec2019.jpg",270,162,false],"stm-760-450":["https:\/\/sarmacjabedzin.pl\/wp-content\/uploads\/2019\/05\/rksgrodziec2019.jpg",750,450,false]},"rttpg_author":{"display_name":"tyrtak","author_link":false},"rttpg_comment":0,"rttpg_category":"<a href=\"https:\/\/sarmacjabedzin.pl\/index.php\/category\/soccer\/\" rel=\"category tag\">Liga<\/a>","rttpg_excerpt":"Dzi\u015b 18.05.2019 roku o godz.17.00 w Grod\u017acu pi\u0142karze Sarmacji B\u0119dzin w kolejnym meczu o ligowe punkty zmierzyli si\u0119 z miejscowym RKS-em. W tym sezonie rywale zajmuj\u0105cy pi\u0105t\u0105 lokat\u0119 w tabeli wyprzedzali b\u0119dzinian 11 punktami. Pierwszy mecz mi\u0119dzy obu dru\u017cynami jesieni\u0105 zako\u0144czy\u0142 si\u0119 zwyci\u0119stwem RKS-u 1:0. Niestety Sarmaci do dzisiejszego spotkania przyst\u0105pili w mocno okrojonym sk\u0142adzie....","_links":{"self":[{"href":"https:\/\/sarmacjabedzin.pl\/index.php\/wp-json\/wp\/v2\/posts\/1329","targetHints":{"allow":["GET"]}}],"collection":[{"href":"https:\/\/sarmacjabedzin.pl\/index.php\/wp-json\/wp\/v2\/posts"}],"about":[{"href":"https:\/\/sarmacjabedzin.pl\/index.php\/wp-json\/wp\/v2\/types\/post"}],"author":[{"embeddable":true,"href":"https:\/\/sarmacjabedzin.pl\/index.php\/wp-json\/wp\/v2\/users\/1"}],"replies":[{"embeddable":true,"href":"https:\/\/sarmacjabedzin.pl\/index.php\/wp-json\/wp\/v2\/comments?post=1329"}],"version-history":[{"count":0,"href":"https:\/\/sarmacjabedzin.pl\/index.php\/wp-json\/wp\/v2\/posts\/1329\/revisions"}],"wp:featuredmedia":[{"embeddable":true,"href":"https:\/\/sarmacjabedzin.pl\/index.php\/wp-json\/wp\/v2\/media\/1328"}],"wp:attachment":[{"href":"https:\/\/sarmacjabedzin.pl\/index.php\/wp-json\/wp\/v2\/media?parent=1329"}],"wp:term":[{"taxonomy":"category","embeddable":true,"href":"https:\/\/sarmacjabedzin.pl\/index.php\/wp-json\/wp\/v2\/categories?post=1329"},{"taxonomy":"post_tag","embeddable":true,"href":"https:\/\/sarmacjabedzin.pl\/index.php\/wp-json\/wp\/v2\/tags?post=1329"}],"curies":[{"name":"wp","href":"https:\/\/api.w.org\/{rel}","templated":true}]}}