{"id":1333,"date":"2019-05-26T20:58:53","date_gmt":"2019-05-26T18:58:53","guid":{"rendered":"http:\/\/sarmacjabedzin.pl\/index.php\/2019\/05\/26\/zwyciestwo-w-meczu-na-szczycie\/"},"modified":"2019-05-26T20:58:53","modified_gmt":"2019-05-26T18:58:53","slug":"zwyciestwo-w-meczu-na-szczycie","status":"publish","type":"post","link":"https:\/\/sarmacjabedzin.pl\/index.php\/2019\/05\/26\/zwyciestwo-w-meczu-na-szczycie\/","title":{"rendered":"Zwyci\u0119stwo w meczu na szczycie!"},"content":{"rendered":"<p style=\"margin-bottom: 0cm;\">Dzi\u015b 26.05.2019 roku o godz.17.00 pi\u0142karze rezerw Sarmacji B\u0119dzin na w\u0142asnym obiekcie zmierzyli si\u0119 z wiceliderem tabeli Zag\u0142\u0119biem D\u0105browa G\u00f3rnicza.<\/p>\n<p style=\"margin-bottom: 0cm;\">Pierwszy kwadrans gry przebiega\u0142 w bardzo szybkim tempie.<\/p>\n<p style=\"margin-bottom: 0cm;\">Niestety w 19 minucie akcja praw\u0105 stron\u0105 boiska przynios\u0142a go\u015bciom niespodziewane prowadzenie.<\/p>\n<p style=\"margin-bottom: 0cm;\">Mimo ambitnej gry naszej m\u0142odzie\u017cy, to Zag\u0142\u0119bie do przerwy prowadzi\u0142o1:0.<\/p>\n<p style=\"margin-bottom: 0cm;\">Po zmianie stron Sarmaci ruszyli do odrabiania strat. Sygna\u0142 do walki da\u0142 w 49 minucie Karol G\u00f3ral, kt\u00f3ry solow\u0105 akcj\u0105 doprowadzi\u0142 do wyr\u00f3wnania.<br \/>Bardzo szybko, bo ju\u017c w 52 minucie Sarmacja obj\u0119\u0142a prowadzenie 2:1. Tym razem dobitka po w\u0142asnym strzale Klaudiusza Ku\u0142agi wyl\u0105dowa\u0142a w siatce rywala.<br \/>Go\u015bcie potrzebowali zaledwie dw\u00f3ch minut by doprowadzi\u0107 do wyr\u00f3wnania 2:2.<\/p>\n<p style=\"margin-bottom: 0cm;\">Szybka i p\u0142ynna gra z obu stron zapowiada\u0142a kolejne gole.<\/p>\n<p style=\"margin-bottom: 0cm;\">W 72 minucie \u0142adnym trafieniem przy s\u0142upku popisa\u0142 si\u0119 Konrad Ce\u015b, kt\u00f3ry dopiero co wybieg\u0142 na boisko.<br \/>Nieust\u0119puj\u0105cy w swych atakach Sarmaci w 78 minucie podwy\u017cszyli swoje prowadzenie na 4:2.<\/p>\n<p style=\"margin-bottom: 0cm;\">Czwartego gola dla b\u0119dzinian zdoby\u0142 Jakub Sito. <br \/>W ostatniej minucie regulaminowego czasu dosz\u0142o do starcia naszego golkipera Kacpra Pieszczka z napastnikiem przyjezdnych. Niestety zako\u0144czy\u0142o si\u0119 ono urazem bramkarza Sarmacji, kt\u00f3ry ju\u017c do ko\u0144ca tego spotkania zmaga\u0142 si\u0119 z ogromnym b\u00f3lem.<\/p>\n<p style=\"margin-bottom: 0cm;\">Rywal tu\u017c po wznowieniu gry wykorzystuj\u0105c t\u0105 sytuacj\u0119 zdoby\u0142 szybkiego gola na 4:3.<br \/>Emocje si\u0119ga\u0142y zenitu. Mimo to wszystko zako\u0144czy\u0142o si\u0119 szcz\u0119\u015bliwie. Sarmacja po bardzo emocjonuj\u0105cym spotkaniu zas\u0142u\u017cenie pokona\u0142a wicelidera tabeli Zag\u0142\u0119bie D\u0105browa G\u00f3rnicza 4:3 (0:1).<br \/>Podopieczni trenera Roberta Kr\u0119ciwilka pokazali gr\u0119 na wysokim poziomie, daj\u0105c tym samym licznie zgromadzonej publiczno\u015bci wiele rado\u015bci.<\/p>\n<p style=\"margin-bottom: 0cm;\">By\u0142 to ju\u017c 12 mecz ligowy bez pora\u017cki. Gratulujemy naszej m\u0142odzie\u017cy, kt\u00f3rej gra z ka\u017cdym meczem wygl\u0105da coraz lepiej. \u015awietna passa na pewno nie jest przypadkiem.<\/p>\n<p style=\"margin-bottom: 0cm;\">Sarmaci maj\u0105c jeden mecz zaleg\u0142y trac\u0105 do drugiego w tabeli Zewu Kazimierz 4 punkty.<\/p>\n<p style=\"margin-bottom: 0cm;\">Przegrana Zag\u0142\u0119bia kosztowa\u0142a ich spadek na 3 pozycj\u0119.<\/p>\n<p><strong>Sarmacja II B\u0119dzin \u2013 Zag\u0142\u0119bie D\u0105browa G\u00f3rnicza 4:3 (0:1)<\/strong><\/p>\n<p style=\"margin-bottom: 0cm;\"><strong>Bramki:<\/strong><br \/>49&#8242; G\u00f3ral<\/p>\n<p style=\"margin-bottom: 0cm;\">52&#8242; Ku\u0142aga<\/p>\n<p style=\"margin-bottom: 0cm;\">72&#8242; Ce\u015b<\/p>\n<p style=\"margin-bottom: 0cm;\">78&#8242; Sito<\/p>\n<p style=\"margin-bottom: 0cm;\">________________<\/p>\n<p style=\"margin-bottom: 0cm;\">19&#8242;<\/p>\n<p style=\"margin-bottom: 0cm;\">54&#8242;<\/p>\n<p style=\"margin-bottom: 0cm;\">90&#8217;+1&#8242;<\/p>\n<p style=\"margin-bottom: 0cm;\">{gallery}zaglebiedg{\/gallery}<\/p>\n","protected":false},"excerpt":{"rendered":"<p>Dzi\u015b 26.05.2019 roku o godz.17.00 pi\u0142karze rezerw Sarmacji B\u0119dzin na w\u0142asnym obiekcie zmierzyli si\u0119 z wiceliderem tabeli Zag\u0142\u0119biem D\u0105browa G\u00f3rnicza. Pierwszy kwadrans gry przebiega\u0142 w bardzo szybkim tempie. Niestety w 19 minucie akcja praw\u0105 stron\u0105 boiska przynios\u0142a go\u015bciom niespodziewane prowadzenie. Mimo ambitnej gry naszej m\u0142odzie\u017cy, to Zag\u0142\u0119bie do przerwy prowadzi\u0142o1:0. Po zmianie stron Sarmaci ruszyli&#8230;<\/p>\n","protected":false},"author":1,"featured_media":1332,"comment_status":"open","ping_status":"open","sticky":false,"template":"","format":"standard","meta":{"footnotes":""},"categories":[1],"tags":[],"class_list":["post-1333","post","type-post","status-publish","format-standard","has-post-thumbnail","hentry","category-aktualnosci"],"yoast_head":"<!-- This site is optimized with the Yoast SEO plugin v25.8 - https:\/\/yoast.com\/wordpress\/plugins\/seo\/ -->\n<title>Zwyci\u0119stwo w meczu na szczycie! | BKS Sarmacja B\u0119dzin<\/title>\n<meta name=\"robots\" content=\"index, follow, max-snippet:-1, max-image-preview:large, max-video-preview:-1\" \/>\n<link rel=\"canonical\" href=\"https:\/\/sarmacjabedzin.pl\/index.php\/2019\/05\/26\/zwyciestwo-w-meczu-na-szczycie\/\" \/>\n<meta property=\"og:locale\" content=\"pl_PL\" \/>\n<meta property=\"og:type\" content=\"article\" \/>\n<meta property=\"og:title\" content=\"Zwyci\u0119stwo w meczu na szczycie! | BKS Sarmacja B\u0119dzin\" \/>\n<meta property=\"og:description\" content=\"Dzi\u015b 26.05.2019 roku o godz.17.00 pi\u0142karze rezerw Sarmacji B\u0119dzin na w\u0142asnym obiekcie zmierzyli si\u0119 z wiceliderem tabeli Zag\u0142\u0119biem D\u0105browa G\u00f3rnicza. Pierwszy kwadrans gry przebiega\u0142 w bardzo szybkim tempie. Niestety w 19 minucie akcja praw\u0105 stron\u0105 boiska przynios\u0142a go\u015bciom niespodziewane prowadzenie. Mimo ambitnej gry naszej m\u0142odzie\u017cy, to Zag\u0142\u0119bie do przerwy prowadzi\u0142o1:0. Po zmianie stron Sarmaci ruszyli...\" \/>\n<meta property=\"og:url\" content=\"https:\/\/sarmacjabedzin.pl\/index.php\/2019\/05\/26\/zwyciestwo-w-meczu-na-szczycie\/\" \/>\n<meta property=\"og:site_name\" content=\"BKS Sarmacja B\u0119dzin\" \/>\n<meta property=\"article:publisher\" content=\"https:\/\/www.facebook.com\/SarmacjaBedzin\" \/>\n<meta property=\"article:published_time\" content=\"2019-05-26T18:58:53+00:00\" \/>\n<meta property=\"og:image\" content=\"https:\/\/sarmacjabedzin.pl\/wp-content\/uploads\/2019\/05\/zaglebiedg.jpg\" \/>\n\t<meta property=\"og:image:width\" content=\"1280\" \/>\n\t<meta property=\"og:image:height\" content=\"768\" \/>\n\t<meta property=\"og:image:type\" content=\"image\/jpeg\" \/>\n<meta name=\"author\" content=\"tyrtak\" \/>\n<meta name=\"twitter:card\" content=\"summary_large_image\" \/>\n<meta name=\"twitter:label1\" content=\"Napisane przez\" \/>\n\t<meta name=\"twitter:data1\" content=\"tyrtak\" \/>\n\t<meta name=\"twitter:label2\" content=\"Szacowany czas czytania\" \/>\n\t<meta name=\"twitter:data2\" content=\"2 minuty\" \/>\n<script type=\"application\/ld+json\" class=\"yoast-schema-graph\">{\"@context\":\"https:\/\/schema.org\",\"@graph\":[{\"@type\":\"WebPage\",\"@id\":\"https:\/\/sarmacjabedzin.pl\/index.php\/2019\/05\/26\/zwyciestwo-w-meczu-na-szczycie\/\",\"url\":\"https:\/\/sarmacjabedzin.pl\/index.php\/2019\/05\/26\/zwyciestwo-w-meczu-na-szczycie\/\",\"name\":\"Zwyci\u0119stwo w meczu na szczycie! | BKS Sarmacja B\u0119dzin\",\"isPartOf\":{\"@id\":\"https:\/\/sarmacjabedzin.pl\/#website\"},\"primaryImageOfPage\":{\"@id\":\"https:\/\/sarmacjabedzin.pl\/index.php\/2019\/05\/26\/zwyciestwo-w-meczu-na-szczycie\/#primaryimage\"},\"image\":{\"@id\":\"https:\/\/sarmacjabedzin.pl\/index.php\/2019\/05\/26\/zwyciestwo-w-meczu-na-szczycie\/#primaryimage\"},\"thumbnailUrl\":\"https:\/\/sarmacjabedzin.pl\/wp-content\/uploads\/2019\/05\/zaglebiedg.jpg\",\"datePublished\":\"2019-05-26T18:58:53+00:00\",\"author\":{\"@id\":\"https:\/\/sarmacjabedzin.pl\/#\/schema\/person\/5417ea7b03bcd9adf58298a2265ce03a\"},\"breadcrumb\":{\"@id\":\"https:\/\/sarmacjabedzin.pl\/index.php\/2019\/05\/26\/zwyciestwo-w-meczu-na-szczycie\/#breadcrumb\"},\"inLanguage\":\"pl-PL\",\"potentialAction\":[{\"@type\":\"ReadAction\",\"target\":[\"https:\/\/sarmacjabedzin.pl\/index.php\/2019\/05\/26\/zwyciestwo-w-meczu-na-szczycie\/\"]}]},{\"@type\":\"ImageObject\",\"inLanguage\":\"pl-PL\",\"@id\":\"https:\/\/sarmacjabedzin.pl\/index.php\/2019\/05\/26\/zwyciestwo-w-meczu-na-szczycie\/#primaryimage\",\"url\":\"https:\/\/sarmacjabedzin.pl\/wp-content\/uploads\/2019\/05\/zaglebiedg.jpg\",\"contentUrl\":\"https:\/\/sarmacjabedzin.pl\/wp-content\/uploads\/2019\/05\/zaglebiedg.jpg\",\"width\":1280,\"height\":768},{\"@type\":\"BreadcrumbList\",\"@id\":\"https:\/\/sarmacjabedzin.pl\/index.php\/2019\/05\/26\/zwyciestwo-w-meczu-na-szczycie\/#breadcrumb\",\"itemListElement\":[{\"@type\":\"ListItem\",\"position\":1,\"name\":\"Strona g\u0142\u00f3wna\",\"item\":\"https:\/\/sarmacjabedzin.pl\/\"},{\"@type\":\"ListItem\",\"position\":2,\"name\":\"Zwyci\u0119stwo w meczu na szczycie!\"}]},{\"@type\":\"WebSite\",\"@id\":\"https:\/\/sarmacjabedzin.pl\/#website\",\"url\":\"https:\/\/sarmacjabedzin.pl\/\",\"name\":\"BKS Sarmacja B\u0119dzin \u2013 Nieoficjalny serwis\",\"description\":\"Nieoficjalny serwis B\u0119dzi\u0144skiego Klubu Sportowego &quot;Sarmacja&quot;\",\"potentialAction\":[{\"@type\":\"SearchAction\",\"target\":{\"@type\":\"EntryPoint\",\"urlTemplate\":\"https:\/\/sarmacjabedzin.pl\/?s={search_term_string}\"},\"query-input\":{\"@type\":\"PropertyValueSpecification\",\"valueRequired\":true,\"valueName\":\"search_term_string\"}}],\"inLanguage\":\"pl-PL\"},{\"@type\":\"Person\",\"@id\":\"https:\/\/sarmacjabedzin.pl\/#\/schema\/person\/5417ea7b03bcd9adf58298a2265ce03a\",\"name\":\"tyrtak\",\"image\":{\"@type\":\"ImageObject\",\"inLanguage\":\"pl-PL\",\"@id\":\"https:\/\/sarmacjabedzin.pl\/#\/schema\/person\/image\/\",\"url\":\"https:\/\/secure.gravatar.com\/avatar\/49b7734c6795cf524710e96813a9fedc1ae3816e479d92490236b4cfc47a5ae1?s=96&d=mm&r=g\",\"contentUrl\":\"https:\/\/secure.gravatar.com\/avatar\/49b7734c6795cf524710e96813a9fedc1ae3816e479d92490236b4cfc47a5ae1?s=96&d=mm&r=g\",\"caption\":\"tyrtak\"}}]}<\/script>\n<!-- \/ Yoast SEO plugin. -->","yoast_head_json":{"title":"Zwyci\u0119stwo w meczu na szczycie! | BKS Sarmacja B\u0119dzin","robots":{"index":"index","follow":"follow","max-snippet":"max-snippet:-1","max-image-preview":"max-image-preview:large","max-video-preview":"max-video-preview:-1"},"canonical":"https:\/\/sarmacjabedzin.pl\/index.php\/2019\/05\/26\/zwyciestwo-w-meczu-na-szczycie\/","og_locale":"pl_PL","og_type":"article","og_title":"Zwyci\u0119stwo w meczu na szczycie! | BKS Sarmacja B\u0119dzin","og_description":"Dzi\u015b 26.05.2019 roku o godz.17.00 pi\u0142karze rezerw Sarmacji B\u0119dzin na w\u0142asnym obiekcie zmierzyli si\u0119 z wiceliderem tabeli Zag\u0142\u0119biem D\u0105browa G\u00f3rnicza. Pierwszy kwadrans gry przebiega\u0142 w bardzo szybkim tempie. Niestety w 19 minucie akcja praw\u0105 stron\u0105 boiska przynios\u0142a go\u015bciom niespodziewane prowadzenie. Mimo ambitnej gry naszej m\u0142odzie\u017cy, to Zag\u0142\u0119bie do przerwy prowadzi\u0142o1:0. Po zmianie stron Sarmaci ruszyli...","og_url":"https:\/\/sarmacjabedzin.pl\/index.php\/2019\/05\/26\/zwyciestwo-w-meczu-na-szczycie\/","og_site_name":"BKS Sarmacja B\u0119dzin","article_publisher":"https:\/\/www.facebook.com\/SarmacjaBedzin","article_published_time":"2019-05-26T18:58:53+00:00","og_image":[{"width":1280,"height":768,"url":"https:\/\/sarmacjabedzin.pl\/wp-content\/uploads\/2019\/05\/zaglebiedg.jpg","type":"image\/jpeg"}],"author":"tyrtak","twitter_card":"summary_large_image","twitter_misc":{"Napisane przez":"tyrtak","Szacowany czas czytania":"2 minuty"},"schema":{"@context":"https:\/\/schema.org","@graph":[{"@type":"WebPage","@id":"https:\/\/sarmacjabedzin.pl\/index.php\/2019\/05\/26\/zwyciestwo-w-meczu-na-szczycie\/","url":"https:\/\/sarmacjabedzin.pl\/index.php\/2019\/05\/26\/zwyciestwo-w-meczu-na-szczycie\/","name":"Zwyci\u0119stwo w meczu na szczycie! | BKS Sarmacja B\u0119dzin","isPartOf":{"@id":"https:\/\/sarmacjabedzin.pl\/#website"},"primaryImageOfPage":{"@id":"https:\/\/sarmacjabedzin.pl\/index.php\/2019\/05\/26\/zwyciestwo-w-meczu-na-szczycie\/#primaryimage"},"image":{"@id":"https:\/\/sarmacjabedzin.pl\/index.php\/2019\/05\/26\/zwyciestwo-w-meczu-na-szczycie\/#primaryimage"},"thumbnailUrl":"https:\/\/sarmacjabedzin.pl\/wp-content\/uploads\/2019\/05\/zaglebiedg.jpg","datePublished":"2019-05-26T18:58:53+00:00","author":{"@id":"https:\/\/sarmacjabedzin.pl\/#\/schema\/person\/5417ea7b03bcd9adf58298a2265ce03a"},"breadcrumb":{"@id":"https:\/\/sarmacjabedzin.pl\/index.php\/2019\/05\/26\/zwyciestwo-w-meczu-na-szczycie\/#breadcrumb"},"inLanguage":"pl-PL","potentialAction":[{"@type":"ReadAction","target":["https:\/\/sarmacjabedzin.pl\/index.php\/2019\/05\/26\/zwyciestwo-w-meczu-na-szczycie\/"]}]},{"@type":"ImageObject","inLanguage":"pl-PL","@id":"https:\/\/sarmacjabedzin.pl\/index.php\/2019\/05\/26\/zwyciestwo-w-meczu-na-szczycie\/#primaryimage","url":"https:\/\/sarmacjabedzin.pl\/wp-content\/uploads\/2019\/05\/zaglebiedg.jpg","contentUrl":"https:\/\/sarmacjabedzin.pl\/wp-content\/uploads\/2019\/05\/zaglebiedg.jpg","width":1280,"height":768},{"@type":"BreadcrumbList","@id":"https:\/\/sarmacjabedzin.pl\/index.php\/2019\/05\/26\/zwyciestwo-w-meczu-na-szczycie\/#breadcrumb","itemListElement":[{"@type":"ListItem","position":1,"name":"Strona g\u0142\u00f3wna","item":"https:\/\/sarmacjabedzin.pl\/"},{"@type":"ListItem","position":2,"name":"Zwyci\u0119stwo w meczu na szczycie!"}]},{"@type":"WebSite","@id":"https:\/\/sarmacjabedzin.pl\/#website","url":"https:\/\/sarmacjabedzin.pl\/","name":"BKS Sarmacja B\u0119dzin \u2013 Nieoficjalny serwis","description":"Nieoficjalny serwis B\u0119dzi\u0144skiego Klubu Sportowego &quot;Sarmacja&quot;","potentialAction":[{"@type":"SearchAction","target":{"@type":"EntryPoint","urlTemplate":"https:\/\/sarmacjabedzin.pl\/?s={search_term_string}"},"query-input":{"@type":"PropertyValueSpecification","valueRequired":true,"valueName":"search_term_string"}}],"inLanguage":"pl-PL"},{"@type":"Person","@id":"https:\/\/sarmacjabedzin.pl\/#\/schema\/person\/5417ea7b03bcd9adf58298a2265ce03a","name":"tyrtak","image":{"@type":"ImageObject","inLanguage":"pl-PL","@id":"https:\/\/sarmacjabedzin.pl\/#\/schema\/person\/image\/","url":"https:\/\/secure.gravatar.com\/avatar\/49b7734c6795cf524710e96813a9fedc1ae3816e479d92490236b4cfc47a5ae1?s=96&d=mm&r=g","contentUrl":"https:\/\/secure.gravatar.com\/avatar\/49b7734c6795cf524710e96813a9fedc1ae3816e479d92490236b4cfc47a5ae1?s=96&d=mm&r=g","caption":"tyrtak"}}]}},"rttpg_featured_image_url":{"full":["https:\/\/sarmacjabedzin.pl\/wp-content\/uploads\/2019\/05\/zaglebiedg.jpg",1280,768,false],"landscape":["https:\/\/sarmacjabedzin.pl\/wp-content\/uploads\/2019\/05\/zaglebiedg.jpg",1280,768,false],"portraits":["https:\/\/sarmacjabedzin.pl\/wp-content\/uploads\/2019\/05\/zaglebiedg.jpg",1280,768,false],"thumbnail":["https:\/\/sarmacjabedzin.pl\/wp-content\/uploads\/2019\/05\/zaglebiedg-150x150.jpg",150,150,true],"medium":["https:\/\/sarmacjabedzin.pl\/wp-content\/uploads\/2019\/05\/zaglebiedg-300x180.jpg",300,180,true],"large":["https:\/\/sarmacjabedzin.pl\/wp-content\/uploads\/2019\/05\/zaglebiedg-1024x614.jpg",1024,614,true],"1536x1536":["https:\/\/sarmacjabedzin.pl\/wp-content\/uploads\/2019\/05\/zaglebiedg.jpg",1280,768,false],"2048x2048":["https:\/\/sarmacjabedzin.pl\/wp-content\/uploads\/2019\/05\/zaglebiedg.jpg",1280,768,false],"sportspress-crop-medium":["https:\/\/sarmacjabedzin.pl\/wp-content\/uploads\/2019\/05\/zaglebiedg-300x300.jpg",300,300,true],"sportspress-fit-medium":["https:\/\/sarmacjabedzin.pl\/wp-content\/uploads\/2019\/05\/zaglebiedg-300x180.jpg",300,180,true],"sportspress-fit-icon":["https:\/\/sarmacjabedzin.pl\/wp-content\/uploads\/2019\/05\/zaglebiedg-128x77.jpg",128,77,true],"sportspress-fit-mini":["https:\/\/sarmacjabedzin.pl\/wp-content\/uploads\/2019\/05\/zaglebiedg-32x19.jpg",32,19,true],"ultp_layout_landscape_large":["https:\/\/sarmacjabedzin.pl\/wp-content\/uploads\/2019\/05\/zaglebiedg.jpg",1200,720,false],"ultp_layout_landscape":["https:\/\/sarmacjabedzin.pl\/wp-content\/uploads\/2019\/05\/zaglebiedg.jpg",870,522,false],"ultp_layout_portrait":["https:\/\/sarmacjabedzin.pl\/wp-content\/uploads\/2019\/05\/zaglebiedg.jpg",600,360,false],"ultp_layout_square":["https:\/\/sarmacjabedzin.pl\/wp-content\/uploads\/2019\/05\/zaglebiedg.jpg",600,360,false],"stm-1140-666":["https:\/\/sarmacjabedzin.pl\/wp-content\/uploads\/2019\/05\/zaglebiedg-1140x666.jpg",1140,666,true],"stm-1170-650":["https:\/\/sarmacjabedzin.pl\/wp-content\/uploads\/2019\/05\/zaglebiedg-1170x650.jpg",1170,650,true],"stm-570-350":["https:\/\/sarmacjabedzin.pl\/wp-content\/uploads\/2019\/05\/zaglebiedg-570x350.jpg",570,350,true],"stm-570-250":["https:\/\/sarmacjabedzin.pl\/wp-content\/uploads\/2019\/05\/zaglebiedg-570x250.jpg",570,250,true],"stm-270-370":["https:\/\/sarmacjabedzin.pl\/wp-content\/uploads\/2019\/05\/zaglebiedg-270x370.jpg",270,370,true],"stm-540-500":["https:\/\/sarmacjabedzin.pl\/wp-content\/uploads\/2019\/05\/zaglebiedg-540x500.jpg",540,500,true],"stm-270-530":["https:\/\/sarmacjabedzin.pl\/wp-content\/uploads\/2019\/05\/zaglebiedg-270x530.jpg",270,530,true],"stm-200-200":["https:\/\/sarmacjabedzin.pl\/wp-content\/uploads\/2019\/05\/zaglebiedg-200x200.jpg",200,200,true],"stm-85-105":["https:\/\/sarmacjabedzin.pl\/wp-content\/uploads\/2019\/05\/zaglebiedg-85x105.jpg",85,105,true],"stm-255-255":["https:\/\/sarmacjabedzin.pl\/wp-content\/uploads\/2019\/05\/zaglebiedg-255x255.jpg",255,255,true],"stm-360-240":["https:\/\/sarmacjabedzin.pl\/wp-content\/uploads\/2019\/05\/zaglebiedg-360x240.jpg",360,240,true],"stm-360-495":["https:\/\/sarmacjabedzin.pl\/wp-content\/uploads\/2019\/05\/zaglebiedg-360x495.jpg",360,495,true],"stm-445-400":["https:\/\/sarmacjabedzin.pl\/wp-content\/uploads\/2019\/05\/zaglebiedg-445x400.jpg",445,400,true],"stm-735-240":["https:\/\/sarmacjabedzin.pl\/wp-content\/uploads\/2019\/05\/zaglebiedg-735x240.jpg",735,240,true],"stm-255-183":["https:\/\/sarmacjabedzin.pl\/wp-content\/uploads\/2019\/05\/zaglebiedg-255x183.jpg",255,183,true],"stm-350-250":["https:\/\/sarmacjabedzin.pl\/wp-content\/uploads\/2019\/05\/zaglebiedg-350x250.jpg",350,250,true],"blog_list":["https:\/\/sarmacjabedzin.pl\/wp-content\/uploads\/2019\/05\/zaglebiedg-270x220.jpg",270,220,true],"blog_list_medium":["https:\/\/sarmacjabedzin.pl\/wp-content\/uploads\/2019\/05\/zaglebiedg-390x345.jpg",390,345,true],"gallery_thumbnail":["https:\/\/sarmacjabedzin.pl\/wp-content\/uploads\/2019\/05\/zaglebiedg-80x80.jpg",80,80,true],"gallery_image":["https:\/\/sarmacjabedzin.pl\/wp-content\/uploads\/2019\/05\/zaglebiedg-560x367.jpg",560,367,true],"gallery_image_mini":["https:\/\/sarmacjabedzin.pl\/wp-content\/uploads\/2019\/05\/zaglebiedg-143x116.jpg",143,116,true],"player_photo":["https:\/\/sarmacjabedzin.pl\/wp-content\/uploads\/2019\/05\/zaglebiedg-740x740.jpg",740,740,true],"team_logo":["https:\/\/sarmacjabedzin.pl\/wp-content\/uploads\/2019\/05\/zaglebiedg-98x59.jpg",98,59,true],"player_stat_ava":["https:\/\/sarmacjabedzin.pl\/wp-content\/uploads\/2019\/05\/zaglebiedg-550x580.jpg",550,580,true],"post-350-220":["https:\/\/sarmacjabedzin.pl\/wp-content\/uploads\/2019\/05\/zaglebiedg-350x220.jpg",350,220,true],"post-275-142":["https:\/\/sarmacjabedzin.pl\/wp-content\/uploads\/2019\/05\/zaglebiedg-275x142.jpg",275,142,true],"post-160-120":["https:\/\/sarmacjabedzin.pl\/wp-content\/uploads\/2019\/05\/zaglebiedg-160x120.jpg",160,120,true],"post-110-70":["https:\/\/sarmacjabedzin.pl\/wp-content\/uploads\/2019\/05\/zaglebiedg-110x70.jpg",110,70,true],"post-770-450":["https:\/\/sarmacjabedzin.pl\/wp-content\/uploads\/2019\/05\/zaglebiedg-770x450.jpg",770,450,true],"post-370-210":["https:\/\/sarmacjabedzin.pl\/wp-content\/uploads\/2019\/05\/zaglebiedg-370x210.jpg",370,210,true],"post-457-470":["https:\/\/sarmacjabedzin.pl\/wp-content\/uploads\/2019\/05\/zaglebiedg-457x470.jpg",457,470,true],"post-370-420":["https:\/\/sarmacjabedzin.pl\/wp-content\/uploads\/2019\/05\/zaglebiedg-370x420.jpg",370,420,true],"stm-445-445":["https:\/\/sarmacjabedzin.pl\/wp-content\/uploads\/2019\/05\/zaglebiedg-445x445.jpg",445,445,true],"stm-555-460":["https:\/\/sarmacjabedzin.pl\/wp-content\/uploads\/2019\/05\/zaglebiedg-555x460.jpg",555,460,true],"stm-350-450":["https:\/\/sarmacjabedzin.pl\/wp-content\/uploads\/2019\/05\/zaglebiedg-350x450.jpg",350,450,true],"stm-720-440":["https:\/\/sarmacjabedzin.pl\/wp-content\/uploads\/2019\/05\/zaglebiedg-720x440.jpg",720,440,true],"stm-270-270":["https:\/\/sarmacjabedzin.pl\/wp-content\/uploads\/2019\/05\/zaglebiedg.jpg",270,162,false],"stm-760-450":["https:\/\/sarmacjabedzin.pl\/wp-content\/uploads\/2019\/05\/zaglebiedg.jpg",750,450,false]},"rttpg_author":{"display_name":"tyrtak","author_link":false},"rttpg_comment":0,"rttpg_category":"<a href=\"https:\/\/sarmacjabedzin.pl\/index.php\/category\/aktualnosci\/\" rel=\"category tag\">Aktualno\u015bci<\/a>","rttpg_excerpt":"Dzi\u015b 26.05.2019 roku o godz.17.00 pi\u0142karze rezerw Sarmacji B\u0119dzin na w\u0142asnym obiekcie zmierzyli si\u0119 z wiceliderem tabeli Zag\u0142\u0119biem D\u0105browa G\u00f3rnicza. Pierwszy kwadrans gry przebiega\u0142 w bardzo szybkim tempie. Niestety w 19 minucie akcja praw\u0105 stron\u0105 boiska przynios\u0142a go\u015bciom niespodziewane prowadzenie. Mimo ambitnej gry naszej m\u0142odzie\u017cy, to Zag\u0142\u0119bie do przerwy prowadzi\u0142o1:0. Po zmianie stron Sarmaci ruszyli...","_links":{"self":[{"href":"https:\/\/sarmacjabedzin.pl\/index.php\/wp-json\/wp\/v2\/posts\/1333","targetHints":{"allow":["GET"]}}],"collection":[{"href":"https:\/\/sarmacjabedzin.pl\/index.php\/wp-json\/wp\/v2\/posts"}],"about":[{"href":"https:\/\/sarmacjabedzin.pl\/index.php\/wp-json\/wp\/v2\/types\/post"}],"author":[{"embeddable":true,"href":"https:\/\/sarmacjabedzin.pl\/index.php\/wp-json\/wp\/v2\/users\/1"}],"replies":[{"embeddable":true,"href":"https:\/\/sarmacjabedzin.pl\/index.php\/wp-json\/wp\/v2\/comments?post=1333"}],"version-history":[{"count":0,"href":"https:\/\/sarmacjabedzin.pl\/index.php\/wp-json\/wp\/v2\/posts\/1333\/revisions"}],"wp:featuredmedia":[{"embeddable":true,"href":"https:\/\/sarmacjabedzin.pl\/index.php\/wp-json\/wp\/v2\/media\/1332"}],"wp:attachment":[{"href":"https:\/\/sarmacjabedzin.pl\/index.php\/wp-json\/wp\/v2\/media?parent=1333"}],"wp:term":[{"taxonomy":"category","embeddable":true,"href":"https:\/\/sarmacjabedzin.pl\/index.php\/wp-json\/wp\/v2\/categories?post=1333"},{"taxonomy":"post_tag","embeddable":true,"href":"https:\/\/sarmacjabedzin.pl\/index.php\/wp-json\/wp\/v2\/tags?post=1333"}],"curies":[{"name":"wp","href":"https:\/\/api.w.org\/{rel}","templated":true}]}}