{"id":1346,"date":"2019-07-01T14:51:27","date_gmt":"2019-07-01T12:51:27","guid":{"rendered":"http:\/\/sarmacjabedzin.pl\/index.php\/2019\/07\/01\/szalony-poscig-zakonczony-awansem\/"},"modified":"2019-07-01T14:51:27","modified_gmt":"2019-07-01T12:51:27","slug":"szalony-poscig-zakonczony-awansem","status":"publish","type":"post","link":"https:\/\/sarmacjabedzin.pl\/index.php\/2019\/07\/01\/szalony-poscig-zakonczony-awansem\/","title":{"rendered":"Szalony po\u015bcig zako\u0144czony awansem!"},"content":{"rendered":"<p style=\"margin-bottom: 0cm;\">M\u0142odzi pi\u0142karze rezerw Sarmacji B\u0119dzin w swoim pierwszym sezonie seniorskim sprawili swoim kibicom ogromn\u0105 niespodziank\u0119. Zajmuj\u0105c na koniec rozgrywek B klasy sezonu 2018\/2019 drugie miejsce wywalczyli zas\u0142u\u017cony awans, ust\u0119puj\u0105c jedynie Zag\u0142\u0119biakowi Tucznawa. <br \/>Pocz\u0105tek sezonu nie nale\u017ca\u0142 do udanych. W pierwszych meczach b\u0119dzinianie ulegli trzykrotnie bardziej do\u015bwiadczonym rywalom. Potem by\u0142o ju\u017c zdecydowanie lepiej. Podopieczni trenera Roberta Kr\u0119ciwilka z ka\u017cdym meczem czynili post\u0119p. Do ko\u0144ca rundy jesiennej doznali tylko jednej pora\u017cki z liderem tabeli. <br \/>Wiosn\u0105 Sarmaci ostro ruszyli z po\u015bcigiem za najlepszymi. Zajmuj\u0105c 6 lokat\u0119 rozpocz\u0119li wspinaczk\u0119 ku g\u00f3rze. Prezentuj\u0105c solidn\u0105 pi\u0142k\u0119 ustalili fantastyczny rekord 15 meczy bez pora\u017cki. Wynik ten budzi ogromny szacunek. Dzi\u0119ki znakomitej ko\u0144c\u00f3wce oraz silnej psychice m\u0142odzie\u017c Sarmacji ostatecznie wywalczy\u0142a awans do A klasy. Tym samym da\u0142a ogromn\u0105 rado\u015b\u0107 kibicom, kt\u00f3rzy zawiedzeni wynikami pierwszej dru\u017cyny mogli by\u0107 dumni ze swoich pi\u0142karzy graj\u0105cych w B klasie.<\/p>\n<p style=\"margin-bottom: 0cm;\">Nale\u017cy nadmieni\u0107, i\u017c trener Robert Kr\u0119ciwilk nie korzysta\u0142 z do\u015bwiadczonych zawodnik\u00f3w pierwszej dru\u017cyny. Swoj\u0105 kadr\u0119 opar\u0142 wy\u0142\u0105cznie na by\u0142ych juniorach. <br \/>Sarmaci pokazali, \u017ce jako dru\u017cyna byli najsilniejsi w lidze. Szybko\u015b\u0107 oraz technika by\u0142a zdecydowanie po ich stronie. Z liderem Zag\u0142\u0119biakiem Tucznawa w pierwszej rundzie ponie\u015bli pora\u017ck\u0119 0:3. Wiosn\u0105 na w\u0142asnym terenie zwyci\u0119\u017cyli 4:1 daj\u0105c wyra\u017any dow\u00f3d swojego ci\u0105g\u0142ego rozwoju.<\/p>\n<p>Najlepszym strzelcem Sarmacji z dorobkiem 11 goli zosta\u0142 Dawid Kukuryk.<br \/>Na drugim miejscu uplasowa\u0142 si\u0119 Marek Kocot zdobywca 9 bramek. <br \/>Trzecim snajperem zosta\u0142 Karol G\u00f3ral, kt\u00f3ry zaliczy\u0142 8 trafie\u0144.<\/p>\n<p><strong>Pi\u0142karze, kt\u00f3rzy wywalczyli awans (wed\u0142ug najwi\u0119kszej ilo\u015bci spotka\u0144) to:<\/strong><\/p>\n<p style=\"margin-bottom: 0cm;\">Karol G\u00f3ral, Marcin Kielan, Kacper Z\u0105bek, Micha\u0142 Dul, Kacper Pieszczek, Dawid Krzykawski, Klaudiusz Ku\u0142aga, Dawid Kukuryk, Marek Kocot, Jakub Sito, Jakub Garbowski, Gracjan Gwizd, Daniel Jaworek, Marcin Zaw\u0142ocki, Daniel Gajda, Jakub Bia\u0142as, Kacper Szostek, Konrad Ce\u015b, Konrad Kr\u00f3l, Jakub Cebo, Kamil Polowczyk, Maciej Matusik, Artur Cz\u0119stochowski, Kacper Trefo\u0144, Krystian Bugaj, Bart\u0142omiej Prucnal. <\/p>\n<p>Wszystkim pi\u0142karzom oraz trenerowi gratulujemy i \u017cyczymy udanego startu w rozgrywkach A klasy.<\/p>\n","protected":false},"excerpt":{"rendered":"<p>M\u0142odzi pi\u0142karze rezerw Sarmacji B\u0119dzin w swoim pierwszym sezonie seniorskim sprawili swoim kibicom ogromn\u0105 niespodziank\u0119. Zajmuj\u0105c na koniec rozgrywek B klasy sezonu 2018\/2019 drugie miejsce wywalczyli zas\u0142u\u017cony awans, ust\u0119puj\u0105c jedynie Zag\u0142\u0119biakowi Tucznawa. Pocz\u0105tek sezonu nie nale\u017ca\u0142 do udanych. W pierwszych meczach b\u0119dzinianie ulegli trzykrotnie bardziej do\u015bwiadczonym rywalom. Potem by\u0142o ju\u017c zdecydowanie lepiej. Podopieczni trenera Roberta&#8230;<\/p>\n","protected":false},"author":1,"featured_media":1345,"comment_status":"open","ping_status":"open","sticky":false,"template":"","format":"standard","meta":{"footnotes":""},"categories":[1],"tags":[],"class_list":["post-1346","post","type-post","status-publish","format-standard","has-post-thumbnail","hentry","category-aktualnosci"],"yoast_head":"<!-- This site is optimized with the Yoast SEO plugin v25.8 - https:\/\/yoast.com\/wordpress\/plugins\/seo\/ -->\n<title>Szalony po\u015bcig zako\u0144czony awansem! | BKS Sarmacja B\u0119dzin<\/title>\n<meta name=\"robots\" content=\"index, follow, max-snippet:-1, max-image-preview:large, max-video-preview:-1\" \/>\n<link rel=\"canonical\" href=\"https:\/\/sarmacjabedzin.pl\/index.php\/2019\/07\/01\/szalony-poscig-zakonczony-awansem\/\" \/>\n<meta property=\"og:locale\" content=\"pl_PL\" \/>\n<meta property=\"og:type\" content=\"article\" \/>\n<meta property=\"og:title\" content=\"Szalony po\u015bcig zako\u0144czony awansem! | BKS Sarmacja B\u0119dzin\" \/>\n<meta property=\"og:description\" content=\"M\u0142odzi pi\u0142karze rezerw Sarmacji B\u0119dzin w swoim pierwszym sezonie seniorskim sprawili swoim kibicom ogromn\u0105 niespodziank\u0119. Zajmuj\u0105c na koniec rozgrywek B klasy sezonu 2018\/2019 drugie miejsce wywalczyli zas\u0142u\u017cony awans, ust\u0119puj\u0105c jedynie Zag\u0142\u0119biakowi Tucznawa. Pocz\u0105tek sezonu nie nale\u017ca\u0142 do udanych. W pierwszych meczach b\u0119dzinianie ulegli trzykrotnie bardziej do\u015bwiadczonym rywalom. Potem by\u0142o ju\u017c zdecydowanie lepiej. Podopieczni trenera Roberta...\" \/>\n<meta property=\"og:url\" content=\"https:\/\/sarmacjabedzin.pl\/index.php\/2019\/07\/01\/szalony-poscig-zakonczony-awansem\/\" \/>\n<meta property=\"og:site_name\" content=\"BKS Sarmacja B\u0119dzin\" \/>\n<meta property=\"article:publisher\" content=\"https:\/\/www.facebook.com\/SarmacjaBedzin\" \/>\n<meta property=\"article:published_time\" content=\"2019-07-01T12:51:27+00:00\" \/>\n<meta property=\"og:image\" content=\"https:\/\/sarmacjabedzin.pl\/wp-content\/uploads\/2019\/07\/Sarmacja-II-Bdzin-2018-2019-Awans-Male.jpg\" \/>\n\t<meta property=\"og:image:width\" content=\"1600\" \/>\n\t<meta property=\"og:image:height\" content=\"1063\" \/>\n\t<meta property=\"og:image:type\" content=\"image\/jpeg\" \/>\n<meta name=\"author\" content=\"tyrtak\" \/>\n<meta name=\"twitter:card\" content=\"summary_large_image\" \/>\n<meta name=\"twitter:label1\" content=\"Napisane przez\" \/>\n\t<meta name=\"twitter:data1\" content=\"tyrtak\" \/>\n\t<meta name=\"twitter:label2\" content=\"Szacowany czas czytania\" \/>\n\t<meta name=\"twitter:data2\" content=\"2 minuty\" \/>\n<script type=\"application\/ld+json\" class=\"yoast-schema-graph\">{\"@context\":\"https:\/\/schema.org\",\"@graph\":[{\"@type\":\"WebPage\",\"@id\":\"https:\/\/sarmacjabedzin.pl\/index.php\/2019\/07\/01\/szalony-poscig-zakonczony-awansem\/\",\"url\":\"https:\/\/sarmacjabedzin.pl\/index.php\/2019\/07\/01\/szalony-poscig-zakonczony-awansem\/\",\"name\":\"Szalony po\u015bcig zako\u0144czony awansem! | BKS Sarmacja B\u0119dzin\",\"isPartOf\":{\"@id\":\"https:\/\/sarmacjabedzin.pl\/#website\"},\"primaryImageOfPage\":{\"@id\":\"https:\/\/sarmacjabedzin.pl\/index.php\/2019\/07\/01\/szalony-poscig-zakonczony-awansem\/#primaryimage\"},\"image\":{\"@id\":\"https:\/\/sarmacjabedzin.pl\/index.php\/2019\/07\/01\/szalony-poscig-zakonczony-awansem\/#primaryimage\"},\"thumbnailUrl\":\"https:\/\/sarmacjabedzin.pl\/wp-content\/uploads\/2019\/07\/Sarmacja-II-Bdzin-2018-2019-Awans-Male.jpg\",\"datePublished\":\"2019-07-01T12:51:27+00:00\",\"author\":{\"@id\":\"https:\/\/sarmacjabedzin.pl\/#\/schema\/person\/5417ea7b03bcd9adf58298a2265ce03a\"},\"breadcrumb\":{\"@id\":\"https:\/\/sarmacjabedzin.pl\/index.php\/2019\/07\/01\/szalony-poscig-zakonczony-awansem\/#breadcrumb\"},\"inLanguage\":\"pl-PL\",\"potentialAction\":[{\"@type\":\"ReadAction\",\"target\":[\"https:\/\/sarmacjabedzin.pl\/index.php\/2019\/07\/01\/szalony-poscig-zakonczony-awansem\/\"]}]},{\"@type\":\"ImageObject\",\"inLanguage\":\"pl-PL\",\"@id\":\"https:\/\/sarmacjabedzin.pl\/index.php\/2019\/07\/01\/szalony-poscig-zakonczony-awansem\/#primaryimage\",\"url\":\"https:\/\/sarmacjabedzin.pl\/wp-content\/uploads\/2019\/07\/Sarmacja-II-Bdzin-2018-2019-Awans-Male.jpg\",\"contentUrl\":\"https:\/\/sarmacjabedzin.pl\/wp-content\/uploads\/2019\/07\/Sarmacja-II-Bdzin-2018-2019-Awans-Male.jpg\",\"width\":1600,\"height\":1063},{\"@type\":\"BreadcrumbList\",\"@id\":\"https:\/\/sarmacjabedzin.pl\/index.php\/2019\/07\/01\/szalony-poscig-zakonczony-awansem\/#breadcrumb\",\"itemListElement\":[{\"@type\":\"ListItem\",\"position\":1,\"name\":\"Strona g\u0142\u00f3wna\",\"item\":\"https:\/\/sarmacjabedzin.pl\/\"},{\"@type\":\"ListItem\",\"position\":2,\"name\":\"Szalony po\u015bcig zako\u0144czony awansem!\"}]},{\"@type\":\"WebSite\",\"@id\":\"https:\/\/sarmacjabedzin.pl\/#website\",\"url\":\"https:\/\/sarmacjabedzin.pl\/\",\"name\":\"BKS Sarmacja B\u0119dzin \u2013 Nieoficjalny serwis\",\"description\":\"Nieoficjalny serwis B\u0119dzi\u0144skiego Klubu Sportowego &quot;Sarmacja&quot;\",\"potentialAction\":[{\"@type\":\"SearchAction\",\"target\":{\"@type\":\"EntryPoint\",\"urlTemplate\":\"https:\/\/sarmacjabedzin.pl\/?s={search_term_string}\"},\"query-input\":{\"@type\":\"PropertyValueSpecification\",\"valueRequired\":true,\"valueName\":\"search_term_string\"}}],\"inLanguage\":\"pl-PL\"},{\"@type\":\"Person\",\"@id\":\"https:\/\/sarmacjabedzin.pl\/#\/schema\/person\/5417ea7b03bcd9adf58298a2265ce03a\",\"name\":\"tyrtak\",\"image\":{\"@type\":\"ImageObject\",\"inLanguage\":\"pl-PL\",\"@id\":\"https:\/\/sarmacjabedzin.pl\/#\/schema\/person\/image\/\",\"url\":\"https:\/\/secure.gravatar.com\/avatar\/49b7734c6795cf524710e96813a9fedc1ae3816e479d92490236b4cfc47a5ae1?s=96&d=mm&r=g\",\"contentUrl\":\"https:\/\/secure.gravatar.com\/avatar\/49b7734c6795cf524710e96813a9fedc1ae3816e479d92490236b4cfc47a5ae1?s=96&d=mm&r=g\",\"caption\":\"tyrtak\"}}]}<\/script>\n<!-- \/ Yoast SEO plugin. -->","yoast_head_json":{"title":"Szalony po\u015bcig zako\u0144czony awansem! | BKS Sarmacja B\u0119dzin","robots":{"index":"index","follow":"follow","max-snippet":"max-snippet:-1","max-image-preview":"max-image-preview:large","max-video-preview":"max-video-preview:-1"},"canonical":"https:\/\/sarmacjabedzin.pl\/index.php\/2019\/07\/01\/szalony-poscig-zakonczony-awansem\/","og_locale":"pl_PL","og_type":"article","og_title":"Szalony po\u015bcig zako\u0144czony awansem! | BKS Sarmacja B\u0119dzin","og_description":"M\u0142odzi pi\u0142karze rezerw Sarmacji B\u0119dzin w swoim pierwszym sezonie seniorskim sprawili swoim kibicom ogromn\u0105 niespodziank\u0119. Zajmuj\u0105c na koniec rozgrywek B klasy sezonu 2018\/2019 drugie miejsce wywalczyli zas\u0142u\u017cony awans, ust\u0119puj\u0105c jedynie Zag\u0142\u0119biakowi Tucznawa. Pocz\u0105tek sezonu nie nale\u017ca\u0142 do udanych. W pierwszych meczach b\u0119dzinianie ulegli trzykrotnie bardziej do\u015bwiadczonym rywalom. Potem by\u0142o ju\u017c zdecydowanie lepiej. Podopieczni trenera Roberta...","og_url":"https:\/\/sarmacjabedzin.pl\/index.php\/2019\/07\/01\/szalony-poscig-zakonczony-awansem\/","og_site_name":"BKS Sarmacja B\u0119dzin","article_publisher":"https:\/\/www.facebook.com\/SarmacjaBedzin","article_published_time":"2019-07-01T12:51:27+00:00","og_image":[{"width":1600,"height":1063,"url":"https:\/\/sarmacjabedzin.pl\/wp-content\/uploads\/2019\/07\/Sarmacja-II-Bdzin-2018-2019-Awans-Male.jpg","type":"image\/jpeg"}],"author":"tyrtak","twitter_card":"summary_large_image","twitter_misc":{"Napisane przez":"tyrtak","Szacowany czas czytania":"2 minuty"},"schema":{"@context":"https:\/\/schema.org","@graph":[{"@type":"WebPage","@id":"https:\/\/sarmacjabedzin.pl\/index.php\/2019\/07\/01\/szalony-poscig-zakonczony-awansem\/","url":"https:\/\/sarmacjabedzin.pl\/index.php\/2019\/07\/01\/szalony-poscig-zakonczony-awansem\/","name":"Szalony po\u015bcig zako\u0144czony awansem! | BKS Sarmacja B\u0119dzin","isPartOf":{"@id":"https:\/\/sarmacjabedzin.pl\/#website"},"primaryImageOfPage":{"@id":"https:\/\/sarmacjabedzin.pl\/index.php\/2019\/07\/01\/szalony-poscig-zakonczony-awansem\/#primaryimage"},"image":{"@id":"https:\/\/sarmacjabedzin.pl\/index.php\/2019\/07\/01\/szalony-poscig-zakonczony-awansem\/#primaryimage"},"thumbnailUrl":"https:\/\/sarmacjabedzin.pl\/wp-content\/uploads\/2019\/07\/Sarmacja-II-Bdzin-2018-2019-Awans-Male.jpg","datePublished":"2019-07-01T12:51:27+00:00","author":{"@id":"https:\/\/sarmacjabedzin.pl\/#\/schema\/person\/5417ea7b03bcd9adf58298a2265ce03a"},"breadcrumb":{"@id":"https:\/\/sarmacjabedzin.pl\/index.php\/2019\/07\/01\/szalony-poscig-zakonczony-awansem\/#breadcrumb"},"inLanguage":"pl-PL","potentialAction":[{"@type":"ReadAction","target":["https:\/\/sarmacjabedzin.pl\/index.php\/2019\/07\/01\/szalony-poscig-zakonczony-awansem\/"]}]},{"@type":"ImageObject","inLanguage":"pl-PL","@id":"https:\/\/sarmacjabedzin.pl\/index.php\/2019\/07\/01\/szalony-poscig-zakonczony-awansem\/#primaryimage","url":"https:\/\/sarmacjabedzin.pl\/wp-content\/uploads\/2019\/07\/Sarmacja-II-Bdzin-2018-2019-Awans-Male.jpg","contentUrl":"https:\/\/sarmacjabedzin.pl\/wp-content\/uploads\/2019\/07\/Sarmacja-II-Bdzin-2018-2019-Awans-Male.jpg","width":1600,"height":1063},{"@type":"BreadcrumbList","@id":"https:\/\/sarmacjabedzin.pl\/index.php\/2019\/07\/01\/szalony-poscig-zakonczony-awansem\/#breadcrumb","itemListElement":[{"@type":"ListItem","position":1,"name":"Strona g\u0142\u00f3wna","item":"https:\/\/sarmacjabedzin.pl\/"},{"@type":"ListItem","position":2,"name":"Szalony po\u015bcig zako\u0144czony awansem!"}]},{"@type":"WebSite","@id":"https:\/\/sarmacjabedzin.pl\/#website","url":"https:\/\/sarmacjabedzin.pl\/","name":"BKS Sarmacja B\u0119dzin \u2013 Nieoficjalny serwis","description":"Nieoficjalny serwis B\u0119dzi\u0144skiego Klubu Sportowego &quot;Sarmacja&quot;","potentialAction":[{"@type":"SearchAction","target":{"@type":"EntryPoint","urlTemplate":"https:\/\/sarmacjabedzin.pl\/?s={search_term_string}"},"query-input":{"@type":"PropertyValueSpecification","valueRequired":true,"valueName":"search_term_string"}}],"inLanguage":"pl-PL"},{"@type":"Person","@id":"https:\/\/sarmacjabedzin.pl\/#\/schema\/person\/5417ea7b03bcd9adf58298a2265ce03a","name":"tyrtak","image":{"@type":"ImageObject","inLanguage":"pl-PL","@id":"https:\/\/sarmacjabedzin.pl\/#\/schema\/person\/image\/","url":"https:\/\/secure.gravatar.com\/avatar\/49b7734c6795cf524710e96813a9fedc1ae3816e479d92490236b4cfc47a5ae1?s=96&d=mm&r=g","contentUrl":"https:\/\/secure.gravatar.com\/avatar\/49b7734c6795cf524710e96813a9fedc1ae3816e479d92490236b4cfc47a5ae1?s=96&d=mm&r=g","caption":"tyrtak"}}]}},"rttpg_featured_image_url":{"full":["https:\/\/sarmacjabedzin.pl\/wp-content\/uploads\/2019\/07\/Sarmacja-II-Bdzin-2018-2019-Awans-Male.jpg",1600,1063,false],"landscape":["https:\/\/sarmacjabedzin.pl\/wp-content\/uploads\/2019\/07\/Sarmacja-II-Bdzin-2018-2019-Awans-Male.jpg",1600,1063,false],"portraits":["https:\/\/sarmacjabedzin.pl\/wp-content\/uploads\/2019\/07\/Sarmacja-II-Bdzin-2018-2019-Awans-Male.jpg",1600,1063,false],"thumbnail":["https:\/\/sarmacjabedzin.pl\/wp-content\/uploads\/2019\/07\/Sarmacja-II-Bdzin-2018-2019-Awans-Male-150x150.jpg",150,150,true],"medium":["https:\/\/sarmacjabedzin.pl\/wp-content\/uploads\/2019\/07\/Sarmacja-II-Bdzin-2018-2019-Awans-Male-300x199.jpg",300,199,true],"large":["https:\/\/sarmacjabedzin.pl\/wp-content\/uploads\/2019\/07\/Sarmacja-II-Bdzin-2018-2019-Awans-Male-1024x681.jpg",1024,681,true],"1536x1536":["https:\/\/sarmacjabedzin.pl\/wp-content\/uploads\/2019\/07\/Sarmacja-II-Bdzin-2018-2019-Awans-Male-1536x1021.jpg",1536,1021,true],"2048x2048":["https:\/\/sarmacjabedzin.pl\/wp-content\/uploads\/2019\/07\/Sarmacja-II-Bdzin-2018-2019-Awans-Male.jpg",1600,1063,false],"sportspress-crop-medium":["https:\/\/sarmacjabedzin.pl\/wp-content\/uploads\/2019\/07\/Sarmacja-II-Bdzin-2018-2019-Awans-Male-300x300.jpg",300,300,true],"sportspress-fit-medium":["https:\/\/sarmacjabedzin.pl\/wp-content\/uploads\/2019\/07\/Sarmacja-II-Bdzin-2018-2019-Awans-Male-300x199.jpg",300,199,true],"sportspress-fit-icon":["https:\/\/sarmacjabedzin.pl\/wp-content\/uploads\/2019\/07\/Sarmacja-II-Bdzin-2018-2019-Awans-Male-128x85.jpg",128,85,true],"sportspress-fit-mini":["https:\/\/sarmacjabedzin.pl\/wp-content\/uploads\/2019\/07\/Sarmacja-II-Bdzin-2018-2019-Awans-Male-32x21.jpg",32,21,true],"ultp_layout_landscape_large":["https:\/\/sarmacjabedzin.pl\/wp-content\/uploads\/2019\/07\/Sarmacja-II-Bdzin-2018-2019-Awans-Male.jpg",1200,797,false],"ultp_layout_landscape":["https:\/\/sarmacjabedzin.pl\/wp-content\/uploads\/2019\/07\/Sarmacja-II-Bdzin-2018-2019-Awans-Male.jpg",858,570,false],"ultp_layout_portrait":["https:\/\/sarmacjabedzin.pl\/wp-content\/uploads\/2019\/07\/Sarmacja-II-Bdzin-2018-2019-Awans-Male.jpg",600,399,false],"ultp_layout_square":["https:\/\/sarmacjabedzin.pl\/wp-content\/uploads\/2019\/07\/Sarmacja-II-Bdzin-2018-2019-Awans-Male.jpg",600,399,false],"stm-1140-666":["https:\/\/sarmacjabedzin.pl\/wp-content\/uploads\/2019\/07\/Sarmacja-II-Bdzin-2018-2019-Awans-Male-1140x666.jpg",1140,666,true],"stm-1170-650":["https:\/\/sarmacjabedzin.pl\/wp-content\/uploads\/2019\/07\/Sarmacja-II-Bdzin-2018-2019-Awans-Male-1170x650.jpg",1170,650,true],"stm-570-350":["https:\/\/sarmacjabedzin.pl\/wp-content\/uploads\/2019\/07\/Sarmacja-II-Bdzin-2018-2019-Awans-Male-570x350.jpg",570,350,true],"stm-570-250":["https:\/\/sarmacjabedzin.pl\/wp-content\/uploads\/2019\/07\/Sarmacja-II-Bdzin-2018-2019-Awans-Male-570x250.jpg",570,250,true],"stm-270-370":["https:\/\/sarmacjabedzin.pl\/wp-content\/uploads\/2019\/07\/Sarmacja-II-Bdzin-2018-2019-Awans-Male-270x370.jpg",270,370,true],"stm-540-500":["https:\/\/sarmacjabedzin.pl\/wp-content\/uploads\/2019\/07\/Sarmacja-II-Bdzin-2018-2019-Awans-Male-540x500.jpg",540,500,true],"stm-270-530":["https:\/\/sarmacjabedzin.pl\/wp-content\/uploads\/2019\/07\/Sarmacja-II-Bdzin-2018-2019-Awans-Male-270x530.jpg",270,530,true],"stm-200-200":["https:\/\/sarmacjabedzin.pl\/wp-content\/uploads\/2019\/07\/Sarmacja-II-Bdzin-2018-2019-Awans-Male-200x200.jpg",200,200,true],"stm-85-105":["https:\/\/sarmacjabedzin.pl\/wp-content\/uploads\/2019\/07\/Sarmacja-II-Bdzin-2018-2019-Awans-Male-85x105.jpg",85,105,true],"stm-255-255":["https:\/\/sarmacjabedzin.pl\/wp-content\/uploads\/2019\/07\/Sarmacja-II-Bdzin-2018-2019-Awans-Male-255x255.jpg",255,255,true],"stm-360-240":["https:\/\/sarmacjabedzin.pl\/wp-content\/uploads\/2019\/07\/Sarmacja-II-Bdzin-2018-2019-Awans-Male-360x240.jpg",360,240,true],"stm-360-495":["https:\/\/sarmacjabedzin.pl\/wp-content\/uploads\/2019\/07\/Sarmacja-II-Bdzin-2018-2019-Awans-Male-360x495.jpg",360,495,true],"stm-445-400":["https:\/\/sarmacjabedzin.pl\/wp-content\/uploads\/2019\/07\/Sarmacja-II-Bdzin-2018-2019-Awans-Male-445x400.jpg",445,400,true],"stm-735-240":["https:\/\/sarmacjabedzin.pl\/wp-content\/uploads\/2019\/07\/Sarmacja-II-Bdzin-2018-2019-Awans-Male-735x240.jpg",735,240,true],"stm-255-183":["https:\/\/sarmacjabedzin.pl\/wp-content\/uploads\/2019\/07\/Sarmacja-II-Bdzin-2018-2019-Awans-Male-255x183.jpg",255,183,true],"stm-350-250":["https:\/\/sarmacjabedzin.pl\/wp-content\/uploads\/2019\/07\/Sarmacja-II-Bdzin-2018-2019-Awans-Male-350x250.jpg",350,250,true],"blog_list":["https:\/\/sarmacjabedzin.pl\/wp-content\/uploads\/2019\/07\/Sarmacja-II-Bdzin-2018-2019-Awans-Male-270x220.jpg",270,220,true],"blog_list_medium":["https:\/\/sarmacjabedzin.pl\/wp-content\/uploads\/2019\/07\/Sarmacja-II-Bdzin-2018-2019-Awans-Male-390x345.jpg",390,345,true],"gallery_thumbnail":["https:\/\/sarmacjabedzin.pl\/wp-content\/uploads\/2019\/07\/Sarmacja-II-Bdzin-2018-2019-Awans-Male-80x80.jpg",80,80,true],"gallery_image":["https:\/\/sarmacjabedzin.pl\/wp-content\/uploads\/2019\/07\/Sarmacja-II-Bdzin-2018-2019-Awans-Male-560x367.jpg",560,367,true],"gallery_image_mini":["https:\/\/sarmacjabedzin.pl\/wp-content\/uploads\/2019\/07\/Sarmacja-II-Bdzin-2018-2019-Awans-Male-143x116.jpg",143,116,true],"player_photo":["https:\/\/sarmacjabedzin.pl\/wp-content\/uploads\/2019\/07\/Sarmacja-II-Bdzin-2018-2019-Awans-Male-740x740.jpg",740,740,true],"team_logo":["https:\/\/sarmacjabedzin.pl\/wp-content\/uploads\/2019\/07\/Sarmacja-II-Bdzin-2018-2019-Awans-Male-98x65.jpg",98,65,true],"player_stat_ava":["https:\/\/sarmacjabedzin.pl\/wp-content\/uploads\/2019\/07\/Sarmacja-II-Bdzin-2018-2019-Awans-Male-550x580.jpg",550,580,true],"post-350-220":["https:\/\/sarmacjabedzin.pl\/wp-content\/uploads\/2019\/07\/Sarmacja-II-Bdzin-2018-2019-Awans-Male-350x220.jpg",350,220,true],"post-275-142":["https:\/\/sarmacjabedzin.pl\/wp-content\/uploads\/2019\/07\/Sarmacja-II-Bdzin-2018-2019-Awans-Male-275x142.jpg",275,142,true],"post-160-120":["https:\/\/sarmacjabedzin.pl\/wp-content\/uploads\/2019\/07\/Sarmacja-II-Bdzin-2018-2019-Awans-Male-160x120.jpg",160,120,true],"post-110-70":["https:\/\/sarmacjabedzin.pl\/wp-content\/uploads\/2019\/07\/Sarmacja-II-Bdzin-2018-2019-Awans-Male-110x70.jpg",110,70,true],"post-770-450":["https:\/\/sarmacjabedzin.pl\/wp-content\/uploads\/2019\/07\/Sarmacja-II-Bdzin-2018-2019-Awans-Male-770x450.jpg",770,450,true],"post-370-210":["https:\/\/sarmacjabedzin.pl\/wp-content\/uploads\/2019\/07\/Sarmacja-II-Bdzin-2018-2019-Awans-Male-370x210.jpg",370,210,true],"post-457-470":["https:\/\/sarmacjabedzin.pl\/wp-content\/uploads\/2019\/07\/Sarmacja-II-Bdzin-2018-2019-Awans-Male-457x470.jpg",457,470,true],"post-370-420":["https:\/\/sarmacjabedzin.pl\/wp-content\/uploads\/2019\/07\/Sarmacja-II-Bdzin-2018-2019-Awans-Male-370x420.jpg",370,420,true],"stm-445-445":["https:\/\/sarmacjabedzin.pl\/wp-content\/uploads\/2019\/07\/Sarmacja-II-Bdzin-2018-2019-Awans-Male-445x445.jpg",445,445,true],"stm-555-460":["https:\/\/sarmacjabedzin.pl\/wp-content\/uploads\/2019\/07\/Sarmacja-II-Bdzin-2018-2019-Awans-Male-555x460.jpg",555,460,true],"stm-350-450":["https:\/\/sarmacjabedzin.pl\/wp-content\/uploads\/2019\/07\/Sarmacja-II-Bdzin-2018-2019-Awans-Male-350x450.jpg",350,450,true],"stm-720-440":["https:\/\/sarmacjabedzin.pl\/wp-content\/uploads\/2019\/07\/Sarmacja-II-Bdzin-2018-2019-Awans-Male-720x440.jpg",720,440,true],"stm-270-270":["https:\/\/sarmacjabedzin.pl\/wp-content\/uploads\/2019\/07\/Sarmacja-II-Bdzin-2018-2019-Awans-Male.jpg",270,179,false],"stm-760-450":["https:\/\/sarmacjabedzin.pl\/wp-content\/uploads\/2019\/07\/Sarmacja-II-Bdzin-2018-2019-Awans-Male.jpg",677,450,false]},"rttpg_author":{"display_name":"tyrtak","author_link":false},"rttpg_comment":0,"rttpg_category":"<a href=\"https:\/\/sarmacjabedzin.pl\/index.php\/category\/aktualnosci\/\" rel=\"category tag\">Aktualno\u015bci<\/a>","rttpg_excerpt":"M\u0142odzi pi\u0142karze rezerw Sarmacji B\u0119dzin w swoim pierwszym sezonie seniorskim sprawili swoim kibicom ogromn\u0105 niespodziank\u0119. Zajmuj\u0105c na koniec rozgrywek B klasy sezonu 2018\/2019 drugie miejsce wywalczyli zas\u0142u\u017cony awans, ust\u0119puj\u0105c jedynie Zag\u0142\u0119biakowi Tucznawa. Pocz\u0105tek sezonu nie nale\u017ca\u0142 do udanych. W pierwszych meczach b\u0119dzinianie ulegli trzykrotnie bardziej do\u015bwiadczonym rywalom. Potem by\u0142o ju\u017c zdecydowanie lepiej. Podopieczni trenera Roberta...","_links":{"self":[{"href":"https:\/\/sarmacjabedzin.pl\/index.php\/wp-json\/wp\/v2\/posts\/1346","targetHints":{"allow":["GET"]}}],"collection":[{"href":"https:\/\/sarmacjabedzin.pl\/index.php\/wp-json\/wp\/v2\/posts"}],"about":[{"href":"https:\/\/sarmacjabedzin.pl\/index.php\/wp-json\/wp\/v2\/types\/post"}],"author":[{"embeddable":true,"href":"https:\/\/sarmacjabedzin.pl\/index.php\/wp-json\/wp\/v2\/users\/1"}],"replies":[{"embeddable":true,"href":"https:\/\/sarmacjabedzin.pl\/index.php\/wp-json\/wp\/v2\/comments?post=1346"}],"version-history":[{"count":0,"href":"https:\/\/sarmacjabedzin.pl\/index.php\/wp-json\/wp\/v2\/posts\/1346\/revisions"}],"wp:featuredmedia":[{"embeddable":true,"href":"https:\/\/sarmacjabedzin.pl\/index.php\/wp-json\/wp\/v2\/media\/1345"}],"wp:attachment":[{"href":"https:\/\/sarmacjabedzin.pl\/index.php\/wp-json\/wp\/v2\/media?parent=1346"}],"wp:term":[{"taxonomy":"category","embeddable":true,"href":"https:\/\/sarmacjabedzin.pl\/index.php\/wp-json\/wp\/v2\/categories?post=1346"},{"taxonomy":"post_tag","embeddable":true,"href":"https:\/\/sarmacjabedzin.pl\/index.php\/wp-json\/wp\/v2\/tags?post=1346"}],"curies":[{"name":"wp","href":"https:\/\/api.w.org\/{rel}","templated":true}]}}