{"id":1348,"date":"2019-07-13T13:51:48","date_gmt":"2019-07-13T11:51:48","guid":{"rendered":"http:\/\/sarmacjabedzin.pl\/index.php\/2019\/07\/13\/powrot-na-murawe\/"},"modified":"2019-07-13T13:51:48","modified_gmt":"2019-07-13T11:51:48","slug":"powrot-na-murawe","status":"publish","type":"post","link":"https:\/\/sarmacjabedzin.pl\/index.php\/2019\/07\/13\/powrot-na-murawe\/","title":{"rendered":"Powr\u00f3t na muraw\u0119!"},"content":{"rendered":"<p>W czwartek 11.07.2019 roku pi\u0142karze Sarmacji B\u0119dzin rozpocz\u0119li przygotowania do nowego sezonu 2019\/2020. Po kr\u00f3tkiej przewie wakacyjnej wybiegli na muraw\u0119 w\u0142asnego stadionu. Na pierwszym treningu pojawi\u0142o si\u0119 kilku nowych zawodnik\u00f3w, kt\u00f3rym bacznie przypatrywa\u0142 si\u0119 trener Artur Mosna.<\/p>\n<p>Ju\u017c w najbli\u017csz\u0105 niedziel\u0119 o godz.11.00 nasi pi\u0142karze na w\u0142asnym boisku rozegraj\u0105 pierwszy mecz sparingowy. Ich rywalem b\u0119d\u0105 juniorzy Rozwoju Katowice.<\/p>\n","protected":false},"excerpt":{"rendered":"<p>W czwartek 11.07.2019 roku pi\u0142karze Sarmacji B\u0119dzin rozpocz\u0119li przygotowania do nowego sezonu 2019\/2020. Po kr\u00f3tkiej przewie wakacyjnej wybiegli na muraw\u0119 w\u0142asnego stadionu. Na pierwszym treningu pojawi\u0142o si\u0119 kilku nowych zawodnik\u00f3w, kt\u00f3rym bacznie przypatrywa\u0142 si\u0119 trener Artur Mosna. Ju\u017c w najbli\u017csz\u0105 niedziel\u0119 o godz.11.00 nasi pi\u0142karze na w\u0142asnym boisku rozegraj\u0105 pierwszy mecz sparingowy. Ich rywalem b\u0119d\u0105&#8230;<\/p>\n","protected":false},"author":1,"featured_media":1347,"comment_status":"open","ping_status":"open","sticky":false,"template":"","format":"standard","meta":{"footnotes":""},"categories":[1],"tags":[],"class_list":["post-1348","post","type-post","status-publish","format-standard","has-post-thumbnail","hentry","category-aktualnosci"],"yoast_head":"<!-- This site is optimized with the Yoast SEO plugin v25.8 - https:\/\/yoast.com\/wordpress\/plugins\/seo\/ -->\n<title>Powr\u00f3t na muraw\u0119! | BKS Sarmacja B\u0119dzin<\/title>\n<meta name=\"robots\" content=\"index, follow, max-snippet:-1, max-image-preview:large, max-video-preview:-1\" \/>\n<link rel=\"canonical\" href=\"https:\/\/sarmacjabedzin.pl\/index.php\/2019\/07\/13\/powrot-na-murawe\/\" \/>\n<meta property=\"og:locale\" content=\"pl_PL\" \/>\n<meta property=\"og:type\" content=\"article\" \/>\n<meta property=\"og:title\" content=\"Powr\u00f3t na muraw\u0119! | BKS Sarmacja B\u0119dzin\" \/>\n<meta property=\"og:description\" content=\"W czwartek 11.07.2019 roku pi\u0142karze Sarmacji B\u0119dzin rozpocz\u0119li przygotowania do nowego sezonu 2019\/2020. Po kr\u00f3tkiej przewie wakacyjnej wybiegli na muraw\u0119 w\u0142asnego stadionu. Na pierwszym treningu pojawi\u0142o si\u0119 kilku nowych zawodnik\u00f3w, kt\u00f3rym bacznie przypatrywa\u0142 si\u0119 trener Artur Mosna. Ju\u017c w najbli\u017csz\u0105 niedziel\u0119 o godz.11.00 nasi pi\u0142karze na w\u0142asnym boisku rozegraj\u0105 pierwszy mecz sparingowy. Ich rywalem b\u0119d\u0105...\" \/>\n<meta property=\"og:url\" content=\"https:\/\/sarmacjabedzin.pl\/index.php\/2019\/07\/13\/powrot-na-murawe\/\" \/>\n<meta property=\"og:site_name\" content=\"BKS Sarmacja B\u0119dzin\" \/>\n<meta property=\"article:publisher\" content=\"https:\/\/www.facebook.com\/SarmacjaBedzin\" \/>\n<meta property=\"article:published_time\" content=\"2019-07-13T11:51:48+00:00\" \/>\n<meta property=\"og:image\" content=\"https:\/\/sarmacjabedzin.pl\/wp-content\/uploads\/2019\/07\/66463704_415377039319627_5526572670189043712_n.jpg\" \/>\n\t<meta property=\"og:image:width\" content=\"1544\" \/>\n\t<meta property=\"og:image:height\" content=\"910\" \/>\n\t<meta property=\"og:image:type\" content=\"image\/jpeg\" \/>\n<meta name=\"author\" content=\"tyrtak\" \/>\n<meta name=\"twitter:card\" content=\"summary_large_image\" \/>\n<meta name=\"twitter:label1\" content=\"Napisane przez\" \/>\n\t<meta name=\"twitter:data1\" content=\"tyrtak\" \/>\n<script type=\"application\/ld+json\" class=\"yoast-schema-graph\">{\"@context\":\"https:\/\/schema.org\",\"@graph\":[{\"@type\":\"WebPage\",\"@id\":\"https:\/\/sarmacjabedzin.pl\/index.php\/2019\/07\/13\/powrot-na-murawe\/\",\"url\":\"https:\/\/sarmacjabedzin.pl\/index.php\/2019\/07\/13\/powrot-na-murawe\/\",\"name\":\"Powr\u00f3t na muraw\u0119! | BKS Sarmacja B\u0119dzin\",\"isPartOf\":{\"@id\":\"https:\/\/sarmacjabedzin.pl\/#website\"},\"primaryImageOfPage\":{\"@id\":\"https:\/\/sarmacjabedzin.pl\/index.php\/2019\/07\/13\/powrot-na-murawe\/#primaryimage\"},\"image\":{\"@id\":\"https:\/\/sarmacjabedzin.pl\/index.php\/2019\/07\/13\/powrot-na-murawe\/#primaryimage\"},\"thumbnailUrl\":\"https:\/\/sarmacjabedzin.pl\/wp-content\/uploads\/2019\/07\/66463704_415377039319627_5526572670189043712_n.jpg\",\"datePublished\":\"2019-07-13T11:51:48+00:00\",\"author\":{\"@id\":\"https:\/\/sarmacjabedzin.pl\/#\/schema\/person\/5417ea7b03bcd9adf58298a2265ce03a\"},\"breadcrumb\":{\"@id\":\"https:\/\/sarmacjabedzin.pl\/index.php\/2019\/07\/13\/powrot-na-murawe\/#breadcrumb\"},\"inLanguage\":\"pl-PL\",\"potentialAction\":[{\"@type\":\"ReadAction\",\"target\":[\"https:\/\/sarmacjabedzin.pl\/index.php\/2019\/07\/13\/powrot-na-murawe\/\"]}]},{\"@type\":\"ImageObject\",\"inLanguage\":\"pl-PL\",\"@id\":\"https:\/\/sarmacjabedzin.pl\/index.php\/2019\/07\/13\/powrot-na-murawe\/#primaryimage\",\"url\":\"https:\/\/sarmacjabedzin.pl\/wp-content\/uploads\/2019\/07\/66463704_415377039319627_5526572670189043712_n.jpg\",\"contentUrl\":\"https:\/\/sarmacjabedzin.pl\/wp-content\/uploads\/2019\/07\/66463704_415377039319627_5526572670189043712_n.jpg\",\"width\":1544,\"height\":910},{\"@type\":\"BreadcrumbList\",\"@id\":\"https:\/\/sarmacjabedzin.pl\/index.php\/2019\/07\/13\/powrot-na-murawe\/#breadcrumb\",\"itemListElement\":[{\"@type\":\"ListItem\",\"position\":1,\"name\":\"Strona g\u0142\u00f3wna\",\"item\":\"https:\/\/sarmacjabedzin.pl\/\"},{\"@type\":\"ListItem\",\"position\":2,\"name\":\"Powr\u00f3t na muraw\u0119!\"}]},{\"@type\":\"WebSite\",\"@id\":\"https:\/\/sarmacjabedzin.pl\/#website\",\"url\":\"https:\/\/sarmacjabedzin.pl\/\",\"name\":\"BKS Sarmacja B\u0119dzin \u2013 Nieoficjalny serwis\",\"description\":\"Nieoficjalny serwis B\u0119dzi\u0144skiego Klubu Sportowego &quot;Sarmacja&quot;\",\"potentialAction\":[{\"@type\":\"SearchAction\",\"target\":{\"@type\":\"EntryPoint\",\"urlTemplate\":\"https:\/\/sarmacjabedzin.pl\/?s={search_term_string}\"},\"query-input\":{\"@type\":\"PropertyValueSpecification\",\"valueRequired\":true,\"valueName\":\"search_term_string\"}}],\"inLanguage\":\"pl-PL\"},{\"@type\":\"Person\",\"@id\":\"https:\/\/sarmacjabedzin.pl\/#\/schema\/person\/5417ea7b03bcd9adf58298a2265ce03a\",\"name\":\"tyrtak\",\"image\":{\"@type\":\"ImageObject\",\"inLanguage\":\"pl-PL\",\"@id\":\"https:\/\/sarmacjabedzin.pl\/#\/schema\/person\/image\/\",\"url\":\"https:\/\/secure.gravatar.com\/avatar\/49b7734c6795cf524710e96813a9fedc1ae3816e479d92490236b4cfc47a5ae1?s=96&d=mm&r=g\",\"contentUrl\":\"https:\/\/secure.gravatar.com\/avatar\/49b7734c6795cf524710e96813a9fedc1ae3816e479d92490236b4cfc47a5ae1?s=96&d=mm&r=g\",\"caption\":\"tyrtak\"}}]}<\/script>\n<!-- \/ Yoast SEO plugin. -->","yoast_head_json":{"title":"Powr\u00f3t na muraw\u0119! | BKS Sarmacja B\u0119dzin","robots":{"index":"index","follow":"follow","max-snippet":"max-snippet:-1","max-image-preview":"max-image-preview:large","max-video-preview":"max-video-preview:-1"},"canonical":"https:\/\/sarmacjabedzin.pl\/index.php\/2019\/07\/13\/powrot-na-murawe\/","og_locale":"pl_PL","og_type":"article","og_title":"Powr\u00f3t na muraw\u0119! | BKS Sarmacja B\u0119dzin","og_description":"W czwartek 11.07.2019 roku pi\u0142karze Sarmacji B\u0119dzin rozpocz\u0119li przygotowania do nowego sezonu 2019\/2020. Po kr\u00f3tkiej przewie wakacyjnej wybiegli na muraw\u0119 w\u0142asnego stadionu. Na pierwszym treningu pojawi\u0142o si\u0119 kilku nowych zawodnik\u00f3w, kt\u00f3rym bacznie przypatrywa\u0142 si\u0119 trener Artur Mosna. Ju\u017c w najbli\u017csz\u0105 niedziel\u0119 o godz.11.00 nasi pi\u0142karze na w\u0142asnym boisku rozegraj\u0105 pierwszy mecz sparingowy. Ich rywalem b\u0119d\u0105...","og_url":"https:\/\/sarmacjabedzin.pl\/index.php\/2019\/07\/13\/powrot-na-murawe\/","og_site_name":"BKS Sarmacja B\u0119dzin","article_publisher":"https:\/\/www.facebook.com\/SarmacjaBedzin","article_published_time":"2019-07-13T11:51:48+00:00","og_image":[{"width":1544,"height":910,"url":"https:\/\/sarmacjabedzin.pl\/wp-content\/uploads\/2019\/07\/66463704_415377039319627_5526572670189043712_n.jpg","type":"image\/jpeg"}],"author":"tyrtak","twitter_card":"summary_large_image","twitter_misc":{"Napisane przez":"tyrtak"},"schema":{"@context":"https:\/\/schema.org","@graph":[{"@type":"WebPage","@id":"https:\/\/sarmacjabedzin.pl\/index.php\/2019\/07\/13\/powrot-na-murawe\/","url":"https:\/\/sarmacjabedzin.pl\/index.php\/2019\/07\/13\/powrot-na-murawe\/","name":"Powr\u00f3t na muraw\u0119! | BKS Sarmacja B\u0119dzin","isPartOf":{"@id":"https:\/\/sarmacjabedzin.pl\/#website"},"primaryImageOfPage":{"@id":"https:\/\/sarmacjabedzin.pl\/index.php\/2019\/07\/13\/powrot-na-murawe\/#primaryimage"},"image":{"@id":"https:\/\/sarmacjabedzin.pl\/index.php\/2019\/07\/13\/powrot-na-murawe\/#primaryimage"},"thumbnailUrl":"https:\/\/sarmacjabedzin.pl\/wp-content\/uploads\/2019\/07\/66463704_415377039319627_5526572670189043712_n.jpg","datePublished":"2019-07-13T11:51:48+00:00","author":{"@id":"https:\/\/sarmacjabedzin.pl\/#\/schema\/person\/5417ea7b03bcd9adf58298a2265ce03a"},"breadcrumb":{"@id":"https:\/\/sarmacjabedzin.pl\/index.php\/2019\/07\/13\/powrot-na-murawe\/#breadcrumb"},"inLanguage":"pl-PL","potentialAction":[{"@type":"ReadAction","target":["https:\/\/sarmacjabedzin.pl\/index.php\/2019\/07\/13\/powrot-na-murawe\/"]}]},{"@type":"ImageObject","inLanguage":"pl-PL","@id":"https:\/\/sarmacjabedzin.pl\/index.php\/2019\/07\/13\/powrot-na-murawe\/#primaryimage","url":"https:\/\/sarmacjabedzin.pl\/wp-content\/uploads\/2019\/07\/66463704_415377039319627_5526572670189043712_n.jpg","contentUrl":"https:\/\/sarmacjabedzin.pl\/wp-content\/uploads\/2019\/07\/66463704_415377039319627_5526572670189043712_n.jpg","width":1544,"height":910},{"@type":"BreadcrumbList","@id":"https:\/\/sarmacjabedzin.pl\/index.php\/2019\/07\/13\/powrot-na-murawe\/#breadcrumb","itemListElement":[{"@type":"ListItem","position":1,"name":"Strona g\u0142\u00f3wna","item":"https:\/\/sarmacjabedzin.pl\/"},{"@type":"ListItem","position":2,"name":"Powr\u00f3t na muraw\u0119!"}]},{"@type":"WebSite","@id":"https:\/\/sarmacjabedzin.pl\/#website","url":"https:\/\/sarmacjabedzin.pl\/","name":"BKS Sarmacja B\u0119dzin \u2013 Nieoficjalny serwis","description":"Nieoficjalny serwis B\u0119dzi\u0144skiego Klubu Sportowego &quot;Sarmacja&quot;","potentialAction":[{"@type":"SearchAction","target":{"@type":"EntryPoint","urlTemplate":"https:\/\/sarmacjabedzin.pl\/?s={search_term_string}"},"query-input":{"@type":"PropertyValueSpecification","valueRequired":true,"valueName":"search_term_string"}}],"inLanguage":"pl-PL"},{"@type":"Person","@id":"https:\/\/sarmacjabedzin.pl\/#\/schema\/person\/5417ea7b03bcd9adf58298a2265ce03a","name":"tyrtak","image":{"@type":"ImageObject","inLanguage":"pl-PL","@id":"https:\/\/sarmacjabedzin.pl\/#\/schema\/person\/image\/","url":"https:\/\/secure.gravatar.com\/avatar\/49b7734c6795cf524710e96813a9fedc1ae3816e479d92490236b4cfc47a5ae1?s=96&d=mm&r=g","contentUrl":"https:\/\/secure.gravatar.com\/avatar\/49b7734c6795cf524710e96813a9fedc1ae3816e479d92490236b4cfc47a5ae1?s=96&d=mm&r=g","caption":"tyrtak"}}]}},"rttpg_featured_image_url":{"full":["https:\/\/sarmacjabedzin.pl\/wp-content\/uploads\/2019\/07\/66463704_415377039319627_5526572670189043712_n.jpg",1544,910,false],"landscape":["https:\/\/sarmacjabedzin.pl\/wp-content\/uploads\/2019\/07\/66463704_415377039319627_5526572670189043712_n.jpg",1544,910,false],"portraits":["https:\/\/sarmacjabedzin.pl\/wp-content\/uploads\/2019\/07\/66463704_415377039319627_5526572670189043712_n.jpg",1544,910,false],"thumbnail":["https:\/\/sarmacjabedzin.pl\/wp-content\/uploads\/2019\/07\/66463704_415377039319627_5526572670189043712_n-150x150.jpg",150,150,true],"medium":["https:\/\/sarmacjabedzin.pl\/wp-content\/uploads\/2019\/07\/66463704_415377039319627_5526572670189043712_n-300x177.jpg",300,177,true],"large":["https:\/\/sarmacjabedzin.pl\/wp-content\/uploads\/2019\/07\/66463704_415377039319627_5526572670189043712_n-1024x604.jpg",1024,604,true],"1536x1536":["https:\/\/sarmacjabedzin.pl\/wp-content\/uploads\/2019\/07\/66463704_415377039319627_5526572670189043712_n-1536x905.jpg",1536,905,true],"2048x2048":["https:\/\/sarmacjabedzin.pl\/wp-content\/uploads\/2019\/07\/66463704_415377039319627_5526572670189043712_n.jpg",1544,910,false],"sportspress-crop-medium":["https:\/\/sarmacjabedzin.pl\/wp-content\/uploads\/2019\/07\/66463704_415377039319627_5526572670189043712_n-300x300.jpg",300,300,true],"sportspress-fit-medium":["https:\/\/sarmacjabedzin.pl\/wp-content\/uploads\/2019\/07\/66463704_415377039319627_5526572670189043712_n-300x177.jpg",300,177,true],"sportspress-fit-icon":["https:\/\/sarmacjabedzin.pl\/wp-content\/uploads\/2019\/07\/66463704_415377039319627_5526572670189043712_n-128x75.jpg",128,75,true],"sportspress-fit-mini":["https:\/\/sarmacjabedzin.pl\/wp-content\/uploads\/2019\/07\/66463704_415377039319627_5526572670189043712_n-32x19.jpg",32,19,true],"ultp_layout_landscape_large":["https:\/\/sarmacjabedzin.pl\/wp-content\/uploads\/2019\/07\/66463704_415377039319627_5526572670189043712_n.jpg",1200,707,false],"ultp_layout_landscape":["https:\/\/sarmacjabedzin.pl\/wp-content\/uploads\/2019\/07\/66463704_415377039319627_5526572670189043712_n.jpg",870,513,false],"ultp_layout_portrait":["https:\/\/sarmacjabedzin.pl\/wp-content\/uploads\/2019\/07\/66463704_415377039319627_5526572670189043712_n.jpg",600,354,false],"ultp_layout_square":["https:\/\/sarmacjabedzin.pl\/wp-content\/uploads\/2019\/07\/66463704_415377039319627_5526572670189043712_n.jpg",600,354,false],"stm-1140-666":["https:\/\/sarmacjabedzin.pl\/wp-content\/uploads\/2019\/07\/66463704_415377039319627_5526572670189043712_n-1140x666.jpg",1140,666,true],"stm-1170-650":["https:\/\/sarmacjabedzin.pl\/wp-content\/uploads\/2019\/07\/66463704_415377039319627_5526572670189043712_n-1170x650.jpg",1170,650,true],"stm-570-350":["https:\/\/sarmacjabedzin.pl\/wp-content\/uploads\/2019\/07\/66463704_415377039319627_5526572670189043712_n-570x350.jpg",570,350,true],"stm-570-250":["https:\/\/sarmacjabedzin.pl\/wp-content\/uploads\/2019\/07\/66463704_415377039319627_5526572670189043712_n-570x250.jpg",570,250,true],"stm-270-370":["https:\/\/sarmacjabedzin.pl\/wp-content\/uploads\/2019\/07\/66463704_415377039319627_5526572670189043712_n-270x370.jpg",270,370,true],"stm-540-500":["https:\/\/sarmacjabedzin.pl\/wp-content\/uploads\/2019\/07\/66463704_415377039319627_5526572670189043712_n-540x500.jpg",540,500,true],"stm-270-530":["https:\/\/sarmacjabedzin.pl\/wp-content\/uploads\/2019\/07\/66463704_415377039319627_5526572670189043712_n-270x530.jpg",270,530,true],"stm-200-200":["https:\/\/sarmacjabedzin.pl\/wp-content\/uploads\/2019\/07\/66463704_415377039319627_5526572670189043712_n-200x200.jpg",200,200,true],"stm-85-105":["https:\/\/sarmacjabedzin.pl\/wp-content\/uploads\/2019\/07\/66463704_415377039319627_5526572670189043712_n-85x105.jpg",85,105,true],"stm-255-255":["https:\/\/sarmacjabedzin.pl\/wp-content\/uploads\/2019\/07\/66463704_415377039319627_5526572670189043712_n-255x255.jpg",255,255,true],"stm-360-240":["https:\/\/sarmacjabedzin.pl\/wp-content\/uploads\/2019\/07\/66463704_415377039319627_5526572670189043712_n-360x240.jpg",360,240,true],"stm-360-495":["https:\/\/sarmacjabedzin.pl\/wp-content\/uploads\/2019\/07\/66463704_415377039319627_5526572670189043712_n-360x495.jpg",360,495,true],"stm-445-400":["https:\/\/sarmacjabedzin.pl\/wp-content\/uploads\/2019\/07\/66463704_415377039319627_5526572670189043712_n-445x400.jpg",445,400,true],"stm-735-240":["https:\/\/sarmacjabedzin.pl\/wp-content\/uploads\/2019\/07\/66463704_415377039319627_5526572670189043712_n-735x240.jpg",735,240,true],"stm-255-183":["https:\/\/sarmacjabedzin.pl\/wp-content\/uploads\/2019\/07\/66463704_415377039319627_5526572670189043712_n-255x183.jpg",255,183,true],"stm-350-250":["https:\/\/sarmacjabedzin.pl\/wp-content\/uploads\/2019\/07\/66463704_415377039319627_5526572670189043712_n-350x250.jpg",350,250,true],"blog_list":["https:\/\/sarmacjabedzin.pl\/wp-content\/uploads\/2019\/07\/66463704_415377039319627_5526572670189043712_n-270x220.jpg",270,220,true],"blog_list_medium":["https:\/\/sarmacjabedzin.pl\/wp-content\/uploads\/2019\/07\/66463704_415377039319627_5526572670189043712_n-390x345.jpg",390,345,true],"gallery_thumbnail":["https:\/\/sarmacjabedzin.pl\/wp-content\/uploads\/2019\/07\/66463704_415377039319627_5526572670189043712_n-80x80.jpg",80,80,true],"gallery_image":["https:\/\/sarmacjabedzin.pl\/wp-content\/uploads\/2019\/07\/66463704_415377039319627_5526572670189043712_n-560x367.jpg",560,367,true],"gallery_image_mini":["https:\/\/sarmacjabedzin.pl\/wp-content\/uploads\/2019\/07\/66463704_415377039319627_5526572670189043712_n-143x116.jpg",143,116,true],"player_photo":["https:\/\/sarmacjabedzin.pl\/wp-content\/uploads\/2019\/07\/66463704_415377039319627_5526572670189043712_n-740x740.jpg",740,740,true],"team_logo":["https:\/\/sarmacjabedzin.pl\/wp-content\/uploads\/2019\/07\/66463704_415377039319627_5526572670189043712_n-98x58.jpg",98,58,true],"player_stat_ava":["https:\/\/sarmacjabedzin.pl\/wp-content\/uploads\/2019\/07\/66463704_415377039319627_5526572670189043712_n-550x580.jpg",550,580,true],"post-350-220":["https:\/\/sarmacjabedzin.pl\/wp-content\/uploads\/2019\/07\/66463704_415377039319627_5526572670189043712_n-350x220.jpg",350,220,true],"post-275-142":["https:\/\/sarmacjabedzin.pl\/wp-content\/uploads\/2019\/07\/66463704_415377039319627_5526572670189043712_n-275x142.jpg",275,142,true],"post-160-120":["https:\/\/sarmacjabedzin.pl\/wp-content\/uploads\/2019\/07\/66463704_415377039319627_5526572670189043712_n-160x120.jpg",160,120,true],"post-110-70":["https:\/\/sarmacjabedzin.pl\/wp-content\/uploads\/2019\/07\/66463704_415377039319627_5526572670189043712_n-110x70.jpg",110,70,true],"post-770-450":["https:\/\/sarmacjabedzin.pl\/wp-content\/uploads\/2019\/07\/66463704_415377039319627_5526572670189043712_n-770x450.jpg",770,450,true],"post-370-210":["https:\/\/sarmacjabedzin.pl\/wp-content\/uploads\/2019\/07\/66463704_415377039319627_5526572670189043712_n-370x210.jpg",370,210,true],"post-457-470":["https:\/\/sarmacjabedzin.pl\/wp-content\/uploads\/2019\/07\/66463704_415377039319627_5526572670189043712_n-457x470.jpg",457,470,true],"post-370-420":["https:\/\/sarmacjabedzin.pl\/wp-content\/uploads\/2019\/07\/66463704_415377039319627_5526572670189043712_n-370x420.jpg",370,420,true],"stm-445-445":["https:\/\/sarmacjabedzin.pl\/wp-content\/uploads\/2019\/07\/66463704_415377039319627_5526572670189043712_n-445x445.jpg",445,445,true],"stm-555-460":["https:\/\/sarmacjabedzin.pl\/wp-content\/uploads\/2019\/07\/66463704_415377039319627_5526572670189043712_n-555x460.jpg",555,460,true],"stm-350-450":["https:\/\/sarmacjabedzin.pl\/wp-content\/uploads\/2019\/07\/66463704_415377039319627_5526572670189043712_n-350x450.jpg",350,450,true],"stm-720-440":["https:\/\/sarmacjabedzin.pl\/wp-content\/uploads\/2019\/07\/66463704_415377039319627_5526572670189043712_n-720x440.jpg",720,440,true],"stm-270-270":["https:\/\/sarmacjabedzin.pl\/wp-content\/uploads\/2019\/07\/66463704_415377039319627_5526572670189043712_n.jpg",270,159,false],"stm-760-450":["https:\/\/sarmacjabedzin.pl\/wp-content\/uploads\/2019\/07\/66463704_415377039319627_5526572670189043712_n.jpg",760,448,false]},"rttpg_author":{"display_name":"tyrtak","author_link":false},"rttpg_comment":0,"rttpg_category":"<a href=\"https:\/\/sarmacjabedzin.pl\/index.php\/category\/aktualnosci\/\" rel=\"category tag\">Aktualno\u015bci<\/a>","rttpg_excerpt":"W czwartek 11.07.2019 roku pi\u0142karze Sarmacji B\u0119dzin rozpocz\u0119li przygotowania do nowego sezonu 2019\/2020. Po kr\u00f3tkiej przewie wakacyjnej wybiegli na muraw\u0119 w\u0142asnego stadionu. Na pierwszym treningu pojawi\u0142o si\u0119 kilku nowych zawodnik\u00f3w, kt\u00f3rym bacznie przypatrywa\u0142 si\u0119 trener Artur Mosna. Ju\u017c w najbli\u017csz\u0105 niedziel\u0119 o godz.11.00 nasi pi\u0142karze na w\u0142asnym boisku rozegraj\u0105 pierwszy mecz sparingowy. Ich rywalem b\u0119d\u0105...","_links":{"self":[{"href":"https:\/\/sarmacjabedzin.pl\/index.php\/wp-json\/wp\/v2\/posts\/1348","targetHints":{"allow":["GET"]}}],"collection":[{"href":"https:\/\/sarmacjabedzin.pl\/index.php\/wp-json\/wp\/v2\/posts"}],"about":[{"href":"https:\/\/sarmacjabedzin.pl\/index.php\/wp-json\/wp\/v2\/types\/post"}],"author":[{"embeddable":true,"href":"https:\/\/sarmacjabedzin.pl\/index.php\/wp-json\/wp\/v2\/users\/1"}],"replies":[{"embeddable":true,"href":"https:\/\/sarmacjabedzin.pl\/index.php\/wp-json\/wp\/v2\/comments?post=1348"}],"version-history":[{"count":0,"href":"https:\/\/sarmacjabedzin.pl\/index.php\/wp-json\/wp\/v2\/posts\/1348\/revisions"}],"wp:featuredmedia":[{"embeddable":true,"href":"https:\/\/sarmacjabedzin.pl\/index.php\/wp-json\/wp\/v2\/media\/1347"}],"wp:attachment":[{"href":"https:\/\/sarmacjabedzin.pl\/index.php\/wp-json\/wp\/v2\/media?parent=1348"}],"wp:term":[{"taxonomy":"category","embeddable":true,"href":"https:\/\/sarmacjabedzin.pl\/index.php\/wp-json\/wp\/v2\/categories?post=1348"},{"taxonomy":"post_tag","embeddable":true,"href":"https:\/\/sarmacjabedzin.pl\/index.php\/wp-json\/wp\/v2\/tags?post=1348"}],"curies":[{"name":"wp","href":"https:\/\/api.w.org\/{rel}","templated":true}]}}