{"id":1379,"date":"2019-09-08T12:22:13","date_gmt":"2019-09-08T10:22:13","guid":{"rendered":"http:\/\/sarmacjabedzin.pl\/index.php\/2019\/09\/08\/pierwsza-porazka-2\/"},"modified":"2019-09-08T12:22:13","modified_gmt":"2019-09-08T10:22:13","slug":"pierwsza-porazka-2","status":"publish","type":"post","link":"https:\/\/sarmacjabedzin.pl\/index.php\/2019\/09\/08\/pierwsza-porazka-2\/","title":{"rendered":"Pierwsza pora\u017cka!"},"content":{"rendered":"<p style=\"margin-bottom: 0cm;\">Dzi\u015b 08.09.2019 roku w niedziel\u0119 o godz.11.00 pi\u0142karze Sarmacji B\u0119dzin na wyje\u017adzie rozegrali kolejny mecz ligowy. Tym razem ich rywalem by\u0142a dru\u017cyna Szombierek Bytom, kt\u00f3ra uznawana jest za jednego z faworyt\u00f3w do awansu. Podopieczni trenera Artura Mosny do tej pory zebrali 8 punkt\u00f3w, tyle samo co rywale. Ewentualne zwyci\u0119stwo w tym spotkaniu ka\u017cdej z dru\u017cyn zapewnia\u0142o drugie lub przy wy\u017cszym wyniku pierwsze miejsce w tabeli.<\/p>\n<p style=\"margin-bottom: 0cm;\">Ju\u017c od pierwszych minut gospodarze ruszyli do ataku, uzyskuj\u0105c spor\u0105 przewag\u0119.<\/p>\n<p style=\"margin-bottom: 0cm;\">W 10 minucie przynios\u0142a im szybkie prowadzenie. Po wrzutce w pole karne Sarmat\u00f3w pierwszy do pi\u0142ki doskoczy\u0142 pi\u0142karz bytomian Mateusz Kaiser, a nast\u0119pnie z bliskiej odleg\u0142o\u015bci umie\u015bci\u0142 j\u0105 w naszej siatce. Stracony gol wprowadzi\u0142 jeszcze wi\u0119ksz\u0105 nerwowo\u015b\u0107 w szeregach go\u015bci, kt\u00f3rzy zbyt \u0142atwo dali si\u0119 zepchn\u0105\u0107 do defensywy. W 13 minucie futbol\u00f3wka po uderzeniu g\u0142ow\u0105 przelecia\u0142a obok bramki przyjezdnych. <br \/>Nap\u00f3r miejscowych zwi\u0119ksza\u0142 si\u0119 z up\u0142ywem czasu. W 21 minucie zdobywca pierwszego gola popisa\u0142 si\u0119 precyzyjnym strza\u0142em zza pola karnego tu\u017c przy samym s\u0142upku bramki Adama Bensza.<br \/>Cztery minuty p\u00f3\u017aniej gospodarze mogli prowadzi\u0107 ju\u017c 3:0. Kolejna g\u0142\u00f3wka poszybowa\u0142a obok naszej bramki. By\u0142o gro\u017anie, gdy\u017c bramkarz b\u0119dzinian niebezpiecznie po\u015blizgn\u0105\u0142 si\u0119, co mog\u0142o utrudni\u0107 mu ewentualn\u0105 interwencj\u0119.<br \/>W 28 minucie nasz golkiper zdo\u0142a\u0142 wybi\u0107 strza\u0142 z bliskiej odleg\u0142o\u015bci na r\u00f3g.<\/p>\n<p style=\"margin-bottom: 0cm;\">Dopiero w 31 minucie b\u0119dzinianie otrz\u0105sn\u0119li si\u0119 z letargu przeprowadzaj\u0105c pierwsz\u0105 akcj\u0119.<\/p>\n<p style=\"margin-bottom: 0cm;\">Niestety szybka kontra Jana Januszka zako\u0144czy\u0142a si\u0119 jego niecelnym strza\u0142em.<\/p>\n<p style=\"margin-bottom: 0cm;\">Prowadz\u0105cy 2:0 bytomianie w ko\u0144c\u00f3wce pierwszej po\u0142owy pozwolili na wi\u0119cej naszym pi\u0142karzom.<\/p>\n<p style=\"margin-bottom: 0cm;\">W 40 minucie zbyt s\u0142abe uderzenie Miko\u0142aja G\u0105dka zdo\u0142a\u0142 wy\u0142apa\u0107 golkiper gospodarzy.<br \/>Chwil\u0119 potem kolejny strza\u0142 Jana Januszka nie sprawi\u0142 k\u0142opotu bramkarzowi Szombierek.<br \/>W 42 minucie Seweryn Pielichowski pos\u0142a\u0142 pi\u0142k\u0119 obok bramki rywala. <br \/>W 43 minucie Sarmaci powinni cieszy\u0107 si\u0119 z pierwszego gola. Biegn\u0105cy praw\u0105 stron\u0105 boiska Dawid Skrzypi\u0144ski zagra\u0142 futbol\u00f3wk\u0119 w pole karne miejscowych do Kacpra Zawadzkiego. Ten maj\u0105c trudno\u015bci z jej przechwytem przepu\u015bci\u0142 j\u0105 do Jana Januszka. Niestety strza\u0142 naszego pomocnika golkiper bytomian zdo\u0142a\u0142 sparowa\u0107 na korner. <br \/>Po zmianie stron obraz gry nie uleg\u0142 wi\u0119kszej poprawie.<br \/>W 49 minucie pi\u0142ka po uderzeniu g\u0142ow\u0105 przelecia\u0142a nad nasz\u0105 bramk\u0105.<br \/>W 62 minucie k\u0105\u015bliwy strza\u0142 z linii pola karnego zdo\u0142a\u0142 wybroni\u0107 Adam Bensz. Dwie minuty p\u00f3\u017aniej zn\u00f3w mia\u0142 sporo pracy. Tym razem obroni\u0142 silny strza\u0142.<br \/>Chwil\u0119 potem zn\u00f3w by\u0142 na posterunku, za\u017cegnuj\u0105c utracie gola.<br \/>W 71 minucie swoje wcze\u015bniejsze wej\u015bcie na boisko zasygnalizowa\u0142 Wojciech Ba\u0142a. Pi\u0142ka po jego strzale odbi\u0142a si\u0119 od obro\u0144cy miejscowych i wysz\u0142a na r\u00f3g.<br \/>W 80 minucie kolejn\u0105 kapitaln\u0105 interwencj\u0105 popisa\u0142 si\u0119 Adam Bensz, kt\u00f3ry pi\u0142k\u0119 po strzale z rzutu wolnego zdo\u0142a\u0142 wybi\u0107 na r\u00f3g.<br \/>W 83 minucie b\u0142\u0105d obrony miejscowych wykorzysta\u0142 Wojciech Ba\u0142a, kt\u00f3ry uprzedzi\u0142 obro\u0144c\u0119, a nast\u0119pnie sprytnym strza\u0142em przy s\u0142upku umie\u015bci\u0142 j\u0105 w siatce rywala. Po tej bramce zadowolenia nie kry\u0142 jego tata Adam Ba\u0142a, obserwuj\u0105cy ten pojedynek.<\/p>\n<p style=\"margin-bottom: 0cm;\">Chwil\u0119 potem miejscowi odpowiedzieli strza\u0142em w poprzeczk\u0119. Ko\u0144cowe minuty meczu nale\u017ca\u0142y do Sarmacji, kt\u00f3ra szuka\u0142a swoich szans na wyr\u00f3wnanie. Ostatecznie Szombierki Bytom zas\u0142u\u017cenie pokona\u0142y Sarmacj\u0119 B\u0119dzin 2:1 (2:0). Wynik ten jest zdecydowanie lepszy od gry naszych zawodnik\u00f3w, kt\u00f3rzy mimo walki zdecydowanie ust\u0119powali swojemu rywalowi. <br \/>Niestety zbyt boja\u017aliwa gra w pierwszych dw\u00f3ch kwadransach gry kosztowa\u0142a nas strat\u0119 punkt\u00f3w.<\/p>\n<p style=\"margin-bottom: 0cm;\">Jest to pierwsza pora\u017cka Sarmacji w sezonie 2019\/2020. Ju\u017c za tydzie\u0144 b\u0119dzie spora okazja na powr\u00f3t na w\u0142a\u015bciwe tory. Nasi pi\u0142karze podejmowa\u0107 b\u0119d\u0105 na w\u0142asnym stadionie beniaminka ligi, dru\u017cyn\u0119 Znicza K\u0142obuck. Zapraszamy na mecz.<\/p>\n<p style=\"margin-bottom: 0cm;\">\u00a0<\/p>\n<p style=\"margin-bottom: 0cm;\"><strong>Szombierki Bytom \u2013 Sarmacja B\u0119dzin 2:1 (2:0)<\/strong><\/p>\n<p style=\"margin-bottom: 0cm;\"><strong>Bramki:<\/strong><\/p>\n<p style=\"margin-bottom: 0cm;\">83&#8242; Ba\u0142a<\/p>\n<p style=\"margin-bottom: 0cm;\">____________<\/p>\n<p style=\"margin-bottom: 0cm;\">10&#8242;, 21&#8242; Kaiser<\/p>\n<p style=\"margin-bottom: 0cm;\">\u00a0<\/p>\n<p style=\"margin-bottom: 0cm;\"><strong>\u017b\u00f3\u0142te kartki:<\/strong><\/p>\n<p style=\"margin-bottom: 0cm;\">55&#8242; Pielichowski<\/p>\n<p style=\"margin-bottom: 0cm;\">\u00a0<\/p>\n<p style=\"margin-bottom: 0cm;\"><strong>Sarmacja B\u0119dzin:<\/strong> Bensz \u2013 Skrzypi\u0144ski, Majka, Duda\u0142a, Koz\u0142owski, Adamczyk (68&#8242; R\u00f3\u017ca\u0144ski), Barwi\u0144ski, Pielichowski, Januszek (70&#8242; Tyszczak), G\u0105dek (78&#8242; Widurski), Zawadzki (63&#8242; Ba\u0142a)<\/p>\n<p style=\"margin-bottom: 0cm;\">\u00a0{gallery}szombierki2020{\/gallery}<\/p>\n","protected":false},"excerpt":{"rendered":"<p>Dzi\u015b 08.09.2019 roku w niedziel\u0119 o godz.11.00 pi\u0142karze Sarmacji B\u0119dzin na wyje\u017adzie rozegrali kolejny mecz ligowy. Tym razem ich rywalem by\u0142a dru\u017cyna Szombierek Bytom, kt\u00f3ra uznawana jest za jednego z faworyt\u00f3w do awansu. Podopieczni trenera Artura Mosny do tej pory zebrali 8 punkt\u00f3w, tyle samo co rywale. Ewentualne zwyci\u0119stwo w tym spotkaniu ka\u017cdej z dru\u017cyn&#8230;<\/p>\n","protected":false},"author":1,"featured_media":1378,"comment_status":"open","ping_status":"open","sticky":false,"template":"","format":"standard","meta":{"footnotes":""},"categories":[64],"tags":[],"class_list":["post-1379","post","type-post","status-publish","format-standard","has-post-thumbnail","hentry","category-soccer"],"yoast_head":"<!-- This site is optimized with the Yoast SEO plugin v25.8 - https:\/\/yoast.com\/wordpress\/plugins\/seo\/ -->\n<title>Pierwsza pora\u017cka! | BKS Sarmacja B\u0119dzin<\/title>\n<meta name=\"robots\" content=\"index, follow, max-snippet:-1, max-image-preview:large, max-video-preview:-1\" \/>\n<link rel=\"canonical\" href=\"https:\/\/sarmacjabedzin.pl\/index.php\/2019\/09\/08\/pierwsza-porazka-2\/\" \/>\n<meta property=\"og:locale\" content=\"pl_PL\" \/>\n<meta property=\"og:type\" content=\"article\" \/>\n<meta property=\"og:title\" content=\"Pierwsza pora\u017cka! | BKS Sarmacja B\u0119dzin\" \/>\n<meta property=\"og:description\" content=\"Dzi\u015b 08.09.2019 roku w niedziel\u0119 o godz.11.00 pi\u0142karze Sarmacji B\u0119dzin na wyje\u017adzie rozegrali kolejny mecz ligowy. Tym razem ich rywalem by\u0142a dru\u017cyna Szombierek Bytom, kt\u00f3ra uznawana jest za jednego z faworyt\u00f3w do awansu. Podopieczni trenera Artura Mosny do tej pory zebrali 8 punkt\u00f3w, tyle samo co rywale. Ewentualne zwyci\u0119stwo w tym spotkaniu ka\u017cdej z dru\u017cyn...\" \/>\n<meta property=\"og:url\" content=\"https:\/\/sarmacjabedzin.pl\/index.php\/2019\/09\/08\/pierwsza-porazka-2\/\" \/>\n<meta property=\"og:site_name\" content=\"BKS Sarmacja B\u0119dzin\" \/>\n<meta property=\"article:publisher\" content=\"https:\/\/www.facebook.com\/SarmacjaBedzin\" \/>\n<meta property=\"article:published_time\" content=\"2019-09-08T10:22:13+00:00\" \/>\n<meta property=\"og:image\" content=\"https:\/\/sarmacjabedzin.pl\/wp-content\/uploads\/2019\/09\/szombierki2020.jpg\" \/>\n\t<meta property=\"og:image:width\" content=\"1280\" \/>\n\t<meta property=\"og:image:height\" content=\"768\" \/>\n\t<meta property=\"og:image:type\" content=\"image\/jpeg\" \/>\n<meta name=\"author\" content=\"tyrtak\" \/>\n<meta name=\"twitter:card\" content=\"summary_large_image\" \/>\n<meta name=\"twitter:label1\" content=\"Napisane przez\" \/>\n\t<meta name=\"twitter:data1\" content=\"tyrtak\" \/>\n\t<meta name=\"twitter:label2\" content=\"Szacowany czas czytania\" \/>\n\t<meta name=\"twitter:data2\" content=\"4 minuty\" \/>\n<script type=\"application\/ld+json\" class=\"yoast-schema-graph\">{\"@context\":\"https:\/\/schema.org\",\"@graph\":[{\"@type\":\"WebPage\",\"@id\":\"https:\/\/sarmacjabedzin.pl\/index.php\/2019\/09\/08\/pierwsza-porazka-2\/\",\"url\":\"https:\/\/sarmacjabedzin.pl\/index.php\/2019\/09\/08\/pierwsza-porazka-2\/\",\"name\":\"Pierwsza pora\u017cka! | BKS Sarmacja B\u0119dzin\",\"isPartOf\":{\"@id\":\"https:\/\/sarmacjabedzin.pl\/#website\"},\"primaryImageOfPage\":{\"@id\":\"https:\/\/sarmacjabedzin.pl\/index.php\/2019\/09\/08\/pierwsza-porazka-2\/#primaryimage\"},\"image\":{\"@id\":\"https:\/\/sarmacjabedzin.pl\/index.php\/2019\/09\/08\/pierwsza-porazka-2\/#primaryimage\"},\"thumbnailUrl\":\"https:\/\/sarmacjabedzin.pl\/wp-content\/uploads\/2019\/09\/szombierki2020.jpg\",\"datePublished\":\"2019-09-08T10:22:13+00:00\",\"author\":{\"@id\":\"https:\/\/sarmacjabedzin.pl\/#\/schema\/person\/5417ea7b03bcd9adf58298a2265ce03a\"},\"breadcrumb\":{\"@id\":\"https:\/\/sarmacjabedzin.pl\/index.php\/2019\/09\/08\/pierwsza-porazka-2\/#breadcrumb\"},\"inLanguage\":\"pl-PL\",\"potentialAction\":[{\"@type\":\"ReadAction\",\"target\":[\"https:\/\/sarmacjabedzin.pl\/index.php\/2019\/09\/08\/pierwsza-porazka-2\/\"]}]},{\"@type\":\"ImageObject\",\"inLanguage\":\"pl-PL\",\"@id\":\"https:\/\/sarmacjabedzin.pl\/index.php\/2019\/09\/08\/pierwsza-porazka-2\/#primaryimage\",\"url\":\"https:\/\/sarmacjabedzin.pl\/wp-content\/uploads\/2019\/09\/szombierki2020.jpg\",\"contentUrl\":\"https:\/\/sarmacjabedzin.pl\/wp-content\/uploads\/2019\/09\/szombierki2020.jpg\",\"width\":1280,\"height\":768},{\"@type\":\"BreadcrumbList\",\"@id\":\"https:\/\/sarmacjabedzin.pl\/index.php\/2019\/09\/08\/pierwsza-porazka-2\/#breadcrumb\",\"itemListElement\":[{\"@type\":\"ListItem\",\"position\":1,\"name\":\"Strona g\u0142\u00f3wna\",\"item\":\"https:\/\/sarmacjabedzin.pl\/\"},{\"@type\":\"ListItem\",\"position\":2,\"name\":\"Pierwsza pora\u017cka!\"}]},{\"@type\":\"WebSite\",\"@id\":\"https:\/\/sarmacjabedzin.pl\/#website\",\"url\":\"https:\/\/sarmacjabedzin.pl\/\",\"name\":\"BKS Sarmacja B\u0119dzin \u2013 Nieoficjalny serwis\",\"description\":\"Nieoficjalny serwis B\u0119dzi\u0144skiego Klubu Sportowego &quot;Sarmacja&quot;\",\"potentialAction\":[{\"@type\":\"SearchAction\",\"target\":{\"@type\":\"EntryPoint\",\"urlTemplate\":\"https:\/\/sarmacjabedzin.pl\/?s={search_term_string}\"},\"query-input\":{\"@type\":\"PropertyValueSpecification\",\"valueRequired\":true,\"valueName\":\"search_term_string\"}}],\"inLanguage\":\"pl-PL\"},{\"@type\":\"Person\",\"@id\":\"https:\/\/sarmacjabedzin.pl\/#\/schema\/person\/5417ea7b03bcd9adf58298a2265ce03a\",\"name\":\"tyrtak\",\"image\":{\"@type\":\"ImageObject\",\"inLanguage\":\"pl-PL\",\"@id\":\"https:\/\/sarmacjabedzin.pl\/#\/schema\/person\/image\/\",\"url\":\"https:\/\/secure.gravatar.com\/avatar\/49b7734c6795cf524710e96813a9fedc1ae3816e479d92490236b4cfc47a5ae1?s=96&d=mm&r=g\",\"contentUrl\":\"https:\/\/secure.gravatar.com\/avatar\/49b7734c6795cf524710e96813a9fedc1ae3816e479d92490236b4cfc47a5ae1?s=96&d=mm&r=g\",\"caption\":\"tyrtak\"}}]}<\/script>\n<!-- \/ Yoast SEO plugin. -->","yoast_head_json":{"title":"Pierwsza pora\u017cka! | BKS Sarmacja B\u0119dzin","robots":{"index":"index","follow":"follow","max-snippet":"max-snippet:-1","max-image-preview":"max-image-preview:large","max-video-preview":"max-video-preview:-1"},"canonical":"https:\/\/sarmacjabedzin.pl\/index.php\/2019\/09\/08\/pierwsza-porazka-2\/","og_locale":"pl_PL","og_type":"article","og_title":"Pierwsza pora\u017cka! | BKS Sarmacja B\u0119dzin","og_description":"Dzi\u015b 08.09.2019 roku w niedziel\u0119 o godz.11.00 pi\u0142karze Sarmacji B\u0119dzin na wyje\u017adzie rozegrali kolejny mecz ligowy. Tym razem ich rywalem by\u0142a dru\u017cyna Szombierek Bytom, kt\u00f3ra uznawana jest za jednego z faworyt\u00f3w do awansu. Podopieczni trenera Artura Mosny do tej pory zebrali 8 punkt\u00f3w, tyle samo co rywale. Ewentualne zwyci\u0119stwo w tym spotkaniu ka\u017cdej z dru\u017cyn...","og_url":"https:\/\/sarmacjabedzin.pl\/index.php\/2019\/09\/08\/pierwsza-porazka-2\/","og_site_name":"BKS Sarmacja B\u0119dzin","article_publisher":"https:\/\/www.facebook.com\/SarmacjaBedzin","article_published_time":"2019-09-08T10:22:13+00:00","og_image":[{"width":1280,"height":768,"url":"https:\/\/sarmacjabedzin.pl\/wp-content\/uploads\/2019\/09\/szombierki2020.jpg","type":"image\/jpeg"}],"author":"tyrtak","twitter_card":"summary_large_image","twitter_misc":{"Napisane przez":"tyrtak","Szacowany czas czytania":"4 minuty"},"schema":{"@context":"https:\/\/schema.org","@graph":[{"@type":"WebPage","@id":"https:\/\/sarmacjabedzin.pl\/index.php\/2019\/09\/08\/pierwsza-porazka-2\/","url":"https:\/\/sarmacjabedzin.pl\/index.php\/2019\/09\/08\/pierwsza-porazka-2\/","name":"Pierwsza pora\u017cka! | BKS Sarmacja B\u0119dzin","isPartOf":{"@id":"https:\/\/sarmacjabedzin.pl\/#website"},"primaryImageOfPage":{"@id":"https:\/\/sarmacjabedzin.pl\/index.php\/2019\/09\/08\/pierwsza-porazka-2\/#primaryimage"},"image":{"@id":"https:\/\/sarmacjabedzin.pl\/index.php\/2019\/09\/08\/pierwsza-porazka-2\/#primaryimage"},"thumbnailUrl":"https:\/\/sarmacjabedzin.pl\/wp-content\/uploads\/2019\/09\/szombierki2020.jpg","datePublished":"2019-09-08T10:22:13+00:00","author":{"@id":"https:\/\/sarmacjabedzin.pl\/#\/schema\/person\/5417ea7b03bcd9adf58298a2265ce03a"},"breadcrumb":{"@id":"https:\/\/sarmacjabedzin.pl\/index.php\/2019\/09\/08\/pierwsza-porazka-2\/#breadcrumb"},"inLanguage":"pl-PL","potentialAction":[{"@type":"ReadAction","target":["https:\/\/sarmacjabedzin.pl\/index.php\/2019\/09\/08\/pierwsza-porazka-2\/"]}]},{"@type":"ImageObject","inLanguage":"pl-PL","@id":"https:\/\/sarmacjabedzin.pl\/index.php\/2019\/09\/08\/pierwsza-porazka-2\/#primaryimage","url":"https:\/\/sarmacjabedzin.pl\/wp-content\/uploads\/2019\/09\/szombierki2020.jpg","contentUrl":"https:\/\/sarmacjabedzin.pl\/wp-content\/uploads\/2019\/09\/szombierki2020.jpg","width":1280,"height":768},{"@type":"BreadcrumbList","@id":"https:\/\/sarmacjabedzin.pl\/index.php\/2019\/09\/08\/pierwsza-porazka-2\/#breadcrumb","itemListElement":[{"@type":"ListItem","position":1,"name":"Strona g\u0142\u00f3wna","item":"https:\/\/sarmacjabedzin.pl\/"},{"@type":"ListItem","position":2,"name":"Pierwsza pora\u017cka!"}]},{"@type":"WebSite","@id":"https:\/\/sarmacjabedzin.pl\/#website","url":"https:\/\/sarmacjabedzin.pl\/","name":"BKS Sarmacja B\u0119dzin \u2013 Nieoficjalny serwis","description":"Nieoficjalny serwis B\u0119dzi\u0144skiego Klubu Sportowego &quot;Sarmacja&quot;","potentialAction":[{"@type":"SearchAction","target":{"@type":"EntryPoint","urlTemplate":"https:\/\/sarmacjabedzin.pl\/?s={search_term_string}"},"query-input":{"@type":"PropertyValueSpecification","valueRequired":true,"valueName":"search_term_string"}}],"inLanguage":"pl-PL"},{"@type":"Person","@id":"https:\/\/sarmacjabedzin.pl\/#\/schema\/person\/5417ea7b03bcd9adf58298a2265ce03a","name":"tyrtak","image":{"@type":"ImageObject","inLanguage":"pl-PL","@id":"https:\/\/sarmacjabedzin.pl\/#\/schema\/person\/image\/","url":"https:\/\/secure.gravatar.com\/avatar\/49b7734c6795cf524710e96813a9fedc1ae3816e479d92490236b4cfc47a5ae1?s=96&d=mm&r=g","contentUrl":"https:\/\/secure.gravatar.com\/avatar\/49b7734c6795cf524710e96813a9fedc1ae3816e479d92490236b4cfc47a5ae1?s=96&d=mm&r=g","caption":"tyrtak"}}]}},"rttpg_featured_image_url":{"full":["https:\/\/sarmacjabedzin.pl\/wp-content\/uploads\/2019\/09\/szombierki2020.jpg",1280,768,false],"landscape":["https:\/\/sarmacjabedzin.pl\/wp-content\/uploads\/2019\/09\/szombierki2020.jpg",1280,768,false],"portraits":["https:\/\/sarmacjabedzin.pl\/wp-content\/uploads\/2019\/09\/szombierki2020.jpg",1280,768,false],"thumbnail":["https:\/\/sarmacjabedzin.pl\/wp-content\/uploads\/2019\/09\/szombierki2020-150x150.jpg",150,150,true],"medium":["https:\/\/sarmacjabedzin.pl\/wp-content\/uploads\/2019\/09\/szombierki2020-300x180.jpg",300,180,true],"large":["https:\/\/sarmacjabedzin.pl\/wp-content\/uploads\/2019\/09\/szombierki2020-1024x614.jpg",1024,614,true],"1536x1536":["https:\/\/sarmacjabedzin.pl\/wp-content\/uploads\/2019\/09\/szombierki2020.jpg",1280,768,false],"2048x2048":["https:\/\/sarmacjabedzin.pl\/wp-content\/uploads\/2019\/09\/szombierki2020.jpg",1280,768,false],"sportspress-crop-medium":["https:\/\/sarmacjabedzin.pl\/wp-content\/uploads\/2019\/09\/szombierki2020-300x300.jpg",300,300,true],"sportspress-fit-medium":["https:\/\/sarmacjabedzin.pl\/wp-content\/uploads\/2019\/09\/szombierki2020-300x180.jpg",300,180,true],"sportspress-fit-icon":["https:\/\/sarmacjabedzin.pl\/wp-content\/uploads\/2019\/09\/szombierki2020-128x77.jpg",128,77,true],"sportspress-fit-mini":["https:\/\/sarmacjabedzin.pl\/wp-content\/uploads\/2019\/09\/szombierki2020-32x19.jpg",32,19,true],"ultp_layout_landscape_large":["https:\/\/sarmacjabedzin.pl\/wp-content\/uploads\/2019\/09\/szombierki2020.jpg",1200,720,false],"ultp_layout_landscape":["https:\/\/sarmacjabedzin.pl\/wp-content\/uploads\/2019\/09\/szombierki2020.jpg",870,522,false],"ultp_layout_portrait":["https:\/\/sarmacjabedzin.pl\/wp-content\/uploads\/2019\/09\/szombierki2020.jpg",600,360,false],"ultp_layout_square":["https:\/\/sarmacjabedzin.pl\/wp-content\/uploads\/2019\/09\/szombierki2020.jpg",600,360,false],"stm-1140-666":["https:\/\/sarmacjabedzin.pl\/wp-content\/uploads\/2019\/09\/szombierki2020-1140x666.jpg",1140,666,true],"stm-1170-650":["https:\/\/sarmacjabedzin.pl\/wp-content\/uploads\/2019\/09\/szombierki2020-1170x650.jpg",1170,650,true],"stm-570-350":["https:\/\/sarmacjabedzin.pl\/wp-content\/uploads\/2019\/09\/szombierki2020-570x350.jpg",570,350,true],"stm-570-250":["https:\/\/sarmacjabedzin.pl\/wp-content\/uploads\/2019\/09\/szombierki2020-570x250.jpg",570,250,true],"stm-270-370":["https:\/\/sarmacjabedzin.pl\/wp-content\/uploads\/2019\/09\/szombierki2020-270x370.jpg",270,370,true],"stm-540-500":["https:\/\/sarmacjabedzin.pl\/wp-content\/uploads\/2019\/09\/szombierki2020-540x500.jpg",540,500,true],"stm-270-530":["https:\/\/sarmacjabedzin.pl\/wp-content\/uploads\/2019\/09\/szombierki2020-270x530.jpg",270,530,true],"stm-200-200":["https:\/\/sarmacjabedzin.pl\/wp-content\/uploads\/2019\/09\/szombierki2020-200x200.jpg",200,200,true],"stm-85-105":["https:\/\/sarmacjabedzin.pl\/wp-content\/uploads\/2019\/09\/szombierki2020-85x105.jpg",85,105,true],"stm-255-255":["https:\/\/sarmacjabedzin.pl\/wp-content\/uploads\/2019\/09\/szombierki2020-255x255.jpg",255,255,true],"stm-360-240":["https:\/\/sarmacjabedzin.pl\/wp-content\/uploads\/2019\/09\/szombierki2020-360x240.jpg",360,240,true],"stm-360-495":["https:\/\/sarmacjabedzin.pl\/wp-content\/uploads\/2019\/09\/szombierki2020-360x495.jpg",360,495,true],"stm-445-400":["https:\/\/sarmacjabedzin.pl\/wp-content\/uploads\/2019\/09\/szombierki2020-445x400.jpg",445,400,true],"stm-735-240":["https:\/\/sarmacjabedzin.pl\/wp-content\/uploads\/2019\/09\/szombierki2020-735x240.jpg",735,240,true],"stm-255-183":["https:\/\/sarmacjabedzin.pl\/wp-content\/uploads\/2019\/09\/szombierki2020-255x183.jpg",255,183,true],"stm-350-250":["https:\/\/sarmacjabedzin.pl\/wp-content\/uploads\/2019\/09\/szombierki2020-350x250.jpg",350,250,true],"blog_list":["https:\/\/sarmacjabedzin.pl\/wp-content\/uploads\/2019\/09\/szombierki2020-270x220.jpg",270,220,true],"blog_list_medium":["https:\/\/sarmacjabedzin.pl\/wp-content\/uploads\/2019\/09\/szombierki2020-390x345.jpg",390,345,true],"gallery_thumbnail":["https:\/\/sarmacjabedzin.pl\/wp-content\/uploads\/2019\/09\/szombierki2020-80x80.jpg",80,80,true],"gallery_image":["https:\/\/sarmacjabedzin.pl\/wp-content\/uploads\/2019\/09\/szombierki2020-560x367.jpg",560,367,true],"gallery_image_mini":["https:\/\/sarmacjabedzin.pl\/wp-content\/uploads\/2019\/09\/szombierki2020-143x116.jpg",143,116,true],"player_photo":["https:\/\/sarmacjabedzin.pl\/wp-content\/uploads\/2019\/09\/szombierki2020-740x740.jpg",740,740,true],"team_logo":["https:\/\/sarmacjabedzin.pl\/wp-content\/uploads\/2019\/09\/szombierki2020-98x59.jpg",98,59,true],"player_stat_ava":["https:\/\/sarmacjabedzin.pl\/wp-content\/uploads\/2019\/09\/szombierki2020-550x580.jpg",550,580,true],"post-350-220":["https:\/\/sarmacjabedzin.pl\/wp-content\/uploads\/2019\/09\/szombierki2020-350x220.jpg",350,220,true],"post-275-142":["https:\/\/sarmacjabedzin.pl\/wp-content\/uploads\/2019\/09\/szombierki2020-275x142.jpg",275,142,true],"post-160-120":["https:\/\/sarmacjabedzin.pl\/wp-content\/uploads\/2019\/09\/szombierki2020-160x120.jpg",160,120,true],"post-110-70":["https:\/\/sarmacjabedzin.pl\/wp-content\/uploads\/2019\/09\/szombierki2020-110x70.jpg",110,70,true],"post-770-450":["https:\/\/sarmacjabedzin.pl\/wp-content\/uploads\/2019\/09\/szombierki2020-770x450.jpg",770,450,true],"post-370-210":["https:\/\/sarmacjabedzin.pl\/wp-content\/uploads\/2019\/09\/szombierki2020-370x210.jpg",370,210,true],"post-457-470":["https:\/\/sarmacjabedzin.pl\/wp-content\/uploads\/2019\/09\/szombierki2020-457x470.jpg",457,470,true],"post-370-420":["https:\/\/sarmacjabedzin.pl\/wp-content\/uploads\/2019\/09\/szombierki2020-370x420.jpg",370,420,true],"stm-445-445":["https:\/\/sarmacjabedzin.pl\/wp-content\/uploads\/2019\/09\/szombierki2020-445x445.jpg",445,445,true],"stm-555-460":["https:\/\/sarmacjabedzin.pl\/wp-content\/uploads\/2019\/09\/szombierki2020-555x460.jpg",555,460,true],"stm-350-450":["https:\/\/sarmacjabedzin.pl\/wp-content\/uploads\/2019\/09\/szombierki2020-350x450.jpg",350,450,true],"stm-720-440":["https:\/\/sarmacjabedzin.pl\/wp-content\/uploads\/2019\/09\/szombierki2020-720x440.jpg",720,440,true],"stm-270-270":["https:\/\/sarmacjabedzin.pl\/wp-content\/uploads\/2019\/09\/szombierki2020.jpg",270,162,false],"stm-760-450":["https:\/\/sarmacjabedzin.pl\/wp-content\/uploads\/2019\/09\/szombierki2020.jpg",750,450,false]},"rttpg_author":{"display_name":"tyrtak","author_link":false},"rttpg_comment":0,"rttpg_category":"<a href=\"https:\/\/sarmacjabedzin.pl\/index.php\/category\/soccer\/\" rel=\"category tag\">Liga<\/a>","rttpg_excerpt":"Dzi\u015b 08.09.2019 roku w niedziel\u0119 o godz.11.00 pi\u0142karze Sarmacji B\u0119dzin na wyje\u017adzie rozegrali kolejny mecz ligowy. Tym razem ich rywalem by\u0142a dru\u017cyna Szombierek Bytom, kt\u00f3ra uznawana jest za jednego z faworyt\u00f3w do awansu. Podopieczni trenera Artura Mosny do tej pory zebrali 8 punkt\u00f3w, tyle samo co rywale. Ewentualne zwyci\u0119stwo w tym spotkaniu ka\u017cdej z dru\u017cyn...","_links":{"self":[{"href":"https:\/\/sarmacjabedzin.pl\/index.php\/wp-json\/wp\/v2\/posts\/1379","targetHints":{"allow":["GET"]}}],"collection":[{"href":"https:\/\/sarmacjabedzin.pl\/index.php\/wp-json\/wp\/v2\/posts"}],"about":[{"href":"https:\/\/sarmacjabedzin.pl\/index.php\/wp-json\/wp\/v2\/types\/post"}],"author":[{"embeddable":true,"href":"https:\/\/sarmacjabedzin.pl\/index.php\/wp-json\/wp\/v2\/users\/1"}],"replies":[{"embeddable":true,"href":"https:\/\/sarmacjabedzin.pl\/index.php\/wp-json\/wp\/v2\/comments?post=1379"}],"version-history":[{"count":0,"href":"https:\/\/sarmacjabedzin.pl\/index.php\/wp-json\/wp\/v2\/posts\/1379\/revisions"}],"wp:featuredmedia":[{"embeddable":true,"href":"https:\/\/sarmacjabedzin.pl\/index.php\/wp-json\/wp\/v2\/media\/1378"}],"wp:attachment":[{"href":"https:\/\/sarmacjabedzin.pl\/index.php\/wp-json\/wp\/v2\/media?parent=1379"}],"wp:term":[{"taxonomy":"category","embeddable":true,"href":"https:\/\/sarmacjabedzin.pl\/index.php\/wp-json\/wp\/v2\/categories?post=1379"},{"taxonomy":"post_tag","embeddable":true,"href":"https:\/\/sarmacjabedzin.pl\/index.php\/wp-json\/wp\/v2\/tags?post=1379"}],"curies":[{"name":"wp","href":"https:\/\/api.w.org\/{rel}","templated":true}]}}