{"id":1381,"date":"2019-09-12T16:07:12","date_gmt":"2019-09-12T14:07:12","guid":{"rendered":"http:\/\/sarmacjabedzin.pl\/index.php\/2019\/09\/12\/mecz-pamieci-sarmacja-hakoach\/"},"modified":"2019-09-12T16:07:12","modified_gmt":"2019-09-12T14:07:12","slug":"mecz-pamieci-sarmacja-hakoach","status":"publish","type":"post","link":"https:\/\/sarmacjabedzin.pl\/index.php\/2019\/09\/12\/mecz-pamieci-sarmacja-hakoach\/","title":{"rendered":"Mecz pami\u0119ci: Sarmacja \u2013 Hakoach"},"content":{"rendered":"<p style=\"margin-bottom: 0cm;\">W niedziel\u0119 08.09.2019 roku o godz.16.00 na stadionie Sarmacji B\u0119dzin odby\u0142o si\u0119 historyczne widowisko pi\u0142karskie. Po 81 latach dosz\u0142o do rewan\u017cowego spotkania pomi\u0119dzy dwoma b\u0119dzi\u0144skimi klubami. Rywalem Sarmacji by\u0142a dru\u017cyna \u017cydowskiego Hakoacha, kt\u00f3rej historia zosta\u0142a brutalnie przerwana z dniem wybuchu II wojny \u015bwiatowej. Dok\u0142adnie 11 listopada 1938 roku obie dru\u017cyny mierz\u0105c si\u0119 w meczu towarzyskim osi\u0105gn\u0119\u0142y remis 2:2. W niedziel\u0119 odby\u0142 si\u0119 symboliczny rewan\u017c, kt\u00f3ry by\u0142 meczem pami\u0119ci po\u015bwi\u0119conym pi\u0142karzom graj\u0105cym w tamtym okresie. Pomys\u0142odawc\u0105 tego \u201epojedynku\u201d by\u0142 p.Adam Szyd\u0142owski \u2013 cz\u0142onek Zarz\u0105du Starostwa Powiatowego. Zawodnicy oraz s\u0119dziowie wyst\u0105pili w odwzorowanych strojach z tamtej epoki. Na ich plecach widnia\u0142y nazwiska pi\u0142karzy graj\u0105cych przed wojn\u0105.<\/p>\n<p style=\"margin-bottom: 0cm;\">Dru\u017cyna Sarmacji sk\u0142ada\u0142a si\u0119 w wi\u0119kszo\u015bci z oldboj\u00f3w graj\u0105cych kiedy\u015b w naszym klubie, natomiast kadr\u0119 Hakoacha tworzyli wolontariusze. <br \/>Na widowni znale\u017ali si\u0119 go\u015bcie z zagranicy, kt\u00f3rzy przyjechali do B\u0119dzina w celu uczczenia 80 rocznicy zniszczenia synagogi \u017cydowskiej.<br \/>Mecz rozpocz\u0105\u0142 si\u0119 od odegrania hymnu Izraela oraz Polski.<br \/>Spotkanie to trwa\u0142o 2&#215;30 minut.<br \/>Ju\u017c od pierwszego gwizdka s\u0119dziego Sarmaci ruszyli do ataku.<\/p>\n<p style=\"margin-bottom: 0cm;\">W 9 minucie przynios\u0142o to efekt w postaci pierwszego gola. Wtedy to celnym trafieniem do bramki go\u015bci popisa\u0142 si\u0119 Gw\u00f3\u017ad\u017a (R.Pilnicki). Dwie minuty p\u00f3\u017aniej gospodarze byli dwukrotnie bliscy podwy\u017cszenia rezultatu na 2:0.<\/p>\n<p style=\"margin-bottom: 0cm;\">Najpierw pi\u0142ka po strzale Winsztala (G.Zi\u0119ba), a chwil\u0119 potem P\u0142achty (G.Kobuszewski) trafi\u0142a w s\u0142upek.<\/p>\n<p style=\"margin-bottom: 0cm;\">W 20 minucie bramkarz Hakoachu Nunberg (J.Komenda) zatrzyma\u0142 gro\u017any strza\u0142 Lewi\u0144skiego (T.Krzykawski). W 25 i 26 minucie bliski zdobycia drugiego gola dla Sarmacji by\u0142 P\u0142achta (G.Kobuszewski). Za pierwszym razem pi\u0142ka po uderzeniu g\u0142\u00f3wk\u0105 poszybowa\u0142a nad poprzeczk\u0105 bramki rywala, a drugim po strzale przelecia\u0142a obok s\u0142upka.<\/p>\n<p style=\"margin-bottom: 0cm;\">Do przerwy Sarmacja prowadzi\u0142a z Hakoachem 1:0.<br \/>Tu\u017c po wznowieniu gry podwy\u017cszy\u0142a rezultat na 2:0. Strzelcem gola by\u0142 Jurczyk (K.Biedro\u0144).<\/p>\n<p style=\"margin-bottom: 0cm;\">W 33 minucie kapitaln\u0105 interwencj\u0105 popisa\u0142 si\u0119 golkiper Sarmacji Koszowski (G.\u017bak), kt\u00f3ry tym samym uchroni\u0142 swoj\u0105 dru\u017cyn\u0119 przed strat\u0105 gola.<\/p>\n<p style=\"margin-bottom: 0cm;\">W drugiej po\u0142owie Hakoach coraz odwa\u017cniej zap\u0119dza\u0142 si\u0119 pod nasz\u0105 bramk\u0119.<br \/>Mimo to w 40 minucie gola na 3:0 dla Sarmacji zdoby\u0142 Jurczyk (K.Biedro\u0144).<br \/>Dwie minuty p\u00f3\u017aniej faul we w\u0142asnym polu karnym Michalika (S.Janus) na Skopickim (A.Kucharczyk) kosztowa\u0142 nas rzut karny.<\/p>\n<p style=\"margin-bottom: 0cm;\">Do strza\u0142u z jedenastego metra podszed\u0142 Y.Rozen (\u0141.Osadzi\u0144ski). \u015awietn\u0105 interwencj\u0105 popisa\u0142 si\u0119 bramkarz Sarmacji Koszowski, kt\u00f3ry wyczu\u0142 intencj\u0119 strzelaj\u0105cego. Niestety s\u0119dzia nakaza\u0142 powt\u00f3rzenia rzutu karnego. Tym razem Y.Rozen (\u0141.Osadzi\u0144ski) pokona\u0142 naszego golkipera, zmniejszaj\u0105c rozmiary pora\u017cki swojej dru\u017cyny na 1:3.<\/p>\n<p style=\"margin-bottom: 0cm;\">Ju\u017c trzy minuty p\u00f3\u017aniej gospodarze odpowiedzieli celnym trafieniem P\u0142achty (G.Kobuszewski). <br \/>W 50 minucie Hakoach zdoby\u0142 drugiego gola, kt\u00f3ry doda\u0142 im chwilowo wiary na odrobienie strat. <br \/>Szybk\u0105 kontr\u0119 trzech na jednego bramkarza Sarmacji celnym trafieniem zako\u0144czy\u0142 Prajzer (A.Bula).<\/p>\n<p style=\"margin-bottom: 0cm;\">W 55 minucie wynik tego spotkania na 5:2 dla gospodarzy ustali\u0142 P\u0142achta (G.Kobuszewski).<\/p>\n<p style=\"margin-bottom: 0cm;\">Ostatecznie rewan\u017cowe \u201eDerby B\u0119dzina\u201d pomi\u0119dzy Sarmacj\u0105, a Hakoachem zako\u0144czy\u0142y si\u0119 zwyci\u0119stwem gospodarzy 5:2 (1:0).<\/p>\n<p style=\"margin-bottom: 0cm;\">\n<p><b>Sarmacja B\u0119dzin \u2013 Hakoach B\u0119dzin 5:2 (1:0)<\/b><\/p>\n<p style=\"margin-bottom: 0cm;\"><b>S\u0119dziowie:<\/b><br \/>Jan Grabi\u0144ski<br \/>Antoni Trzmiel<br \/>Samuel Moszkowicz<\/p>\n<p style=\"margin-bottom: 0cm;\">\u00a0<\/p>\n<p style=\"margin-bottom: 0cm;\"><b>Bramki:<\/b><br \/>9&#8242; Gw\u00f3\u017ad\u017a (R.Pilnicki)<\/p>\n<p style=\"margin-bottom: 0cm;\">31&#8242;, 40&#8242; Jurczyk (K.Biedro\u0144)<\/p>\n<p style=\"margin-bottom: 0cm;\">45&#8242;, 55&#8242; P\u0142achta (G.Kobuszewski)<\/p>\n<p style=\"margin-bottom: 0cm;\">__________________________<\/p>\n<p style=\"margin-bottom: 0cm;\">42&#8242; (k) Y.Rozen (\u0141.Osadzi\u0144ski)<\/p>\n<p style=\"margin-bottom: 0cm;\">50&#8242; Prajzer (A.Bula)<\/p>\n<p style=\"margin-bottom: 0cm;\">\u00a0<\/p>\n<p style=\"margin-bottom: 0cm;\"><b>Sarmacja B\u0119dzin: <\/b>Koszowski (G.\u017bak) \u2013 Jurczyk (K.Biedro\u0144), Jelonkiewicz (R.Kr\u0119ciwilk), P\u0142achta (G.Kobuszewski), Winsztal (G.Zi\u0119ba), Michalik (S.Janus), \u015al\u0119zak (R.Krupi\u0144ski), Lewi\u0144ski (T.Krzykawski), Gw\u00f3\u017ad\u017a (R.Pilnicki), Kuzior (P.J\u0119drusik), Geiger (Cz.Papie\u017c), Nowak (J.Skrzypiec), R\u0105czka (T.Har\u0105\u017cka), Cicho\u0144 (J.Czech)<\/p>\n<p><b>Hakoach B\u0119dzin: <\/b><span style=\"font-weight: normal;\">Nunberg (J.Komenda) \u2013 M.Rozen (B.Broen), Janklewicz (S.Ferach), Prajzer (A.Bula), Sz.Ber (J.Migo\u0144), Brumer (P.\u017barski), Rappaport (Avi Esposito), Kranzman (J.Nowak), Fiszel (D.Rosa), Birencweig (A.Szyd\u0142owski), Gliksztajn (G.Majzel), Piwko (Sean Hill), Skopicki (A.Kucharczyk), Y.Rozen (\u0141.Osadzi\u0144ski)<\/p>\n<p><\/span><\/p>\n<p style=\"margin-bottom: 0cm;\">W okresie przedwojennym obie dru\u017cyny cz\u0119sto ze sob\u0105 rywalizowa\u0142y.<\/p>\n<p style=\"margin-bottom: 0cm;\">Mecze te cieszy\u0142y si\u0119 ogromnym zainteresowaniem miejscowej publiczno\u015bci, wywo\u0142uj\u0105c wiele emocji nie zawsze sportowych.<\/p>\n<p style=\"margin-bottom: 0cm;\">Obie dru\u017cyny gra\u0142y ze sob\u0105 w lidze przez 9 sezon\u00f3w.<\/p>\n<p style=\"margin-bottom: 0cm;\">W sumie rozegrali 19 spotka\u0144. Lepszym bilansem mo\u017ce pochwali\u0107 si\u0119 Sarmacja, kt\u00f3ra odnios\u0142a 11 zwyci\u0119stw, 2 remisy i 6 pora\u017cek. Stosunek bramkowy 43:27.<\/p>\n<p style=\"margin-bottom: 0cm;\">\u00a0<\/p>\n<p style=\"margin-bottom: 0cm;\"><strong>Pomeczowa wypowied\u017a organizatora tego widowiska Pana Adama Szyd\u0142owskiego \u2013 cz\u0142onka zarz\u0105du powiatu b\u0119dzi\u0144skiego, lokalnego dzia\u0142acza i badacza historii B\u0119dzina:<\/strong><\/p>\n<p style=\"margin-bottom: 0cm;\">\u201eAtmosfera spotkania oraz samo wydarzenie przeros\u0142o moje naj\u015bmielsze oczekiwania. Jestem szcz\u0119\u015bliwy, \u017ce uda\u0142o si\u0119 wok\u00f3\u0142 tego wydarzenia skupi\u0107 tyle fantastycznych os\u00f3b ze \u015brodowiska sportowego. Podczas rywalizacji sportowej by\u0142o wida\u0107 du\u017co pozytywnej energii i du\u017co dobrych emocji. A \u015bwiadomo\u015b\u0107 upami\u0119tnienia, tak wa\u017cnej daty dla historii naszego miasta i jego mieszka\u0144c\u00f3w by\u0142a dodatkowym czynnikiem, kt\u00f3ry motywowa\u0142 wszystkich do obejrzenia \u201eMeczu Pami\u0119ci\u201d rozegranego pomi\u0119dzy T. S Sarmacja i Hakoach B\u0119dzin\u201d.<\/p>\n<p style=\"margin-bottom: 0cm;\">\u00a0<\/p>\n<p style=\"margin-bottom: 0cm;\">{gallery}hakoah{\/gallery}<\/p>\n<p style=\"margin-bottom: 0cm;\">\u00a0<\/p>\n<p style=\"margin-bottom: 0cm;\">\u00a0<\/p>\n<p style=\"margin-bottom: 0cm;\">\u00a0<\/p>\n<p style=\"margin-bottom: 0cm;\">\u00a0<\/p>\n<p style=\"margin-bottom: 0cm;\">\u00a0<\/p>\n","protected":false},"excerpt":{"rendered":"<p>W niedziel\u0119 08.09.2019 roku o godz.16.00 na stadionie Sarmacji B\u0119dzin odby\u0142o si\u0119 historyczne widowisko pi\u0142karskie. Po 81 latach dosz\u0142o do rewan\u017cowego spotkania pomi\u0119dzy dwoma b\u0119dzi\u0144skimi klubami. Rywalem Sarmacji by\u0142a dru\u017cyna \u017cydowskiego Hakoacha, kt\u00f3rej historia zosta\u0142a brutalnie przerwana z dniem wybuchu II wojny \u015bwiatowej. Dok\u0142adnie 11 listopada 1938 roku obie dru\u017cyny mierz\u0105c si\u0119 w meczu towarzyskim&#8230;<\/p>\n","protected":false},"author":1,"featured_media":1380,"comment_status":"open","ping_status":"open","sticky":false,"template":"","format":"standard","meta":{"footnotes":""},"categories":[1],"tags":[],"class_list":["post-1381","post","type-post","status-publish","format-standard","has-post-thumbnail","hentry","category-aktualnosci"],"yoast_head":"<!-- This site is optimized with the Yoast SEO plugin v25.8 - https:\/\/yoast.com\/wordpress\/plugins\/seo\/ -->\n<title>Mecz pami\u0119ci: Sarmacja \u2013 Hakoach | BKS Sarmacja B\u0119dzin<\/title>\n<meta name=\"robots\" content=\"index, follow, max-snippet:-1, max-image-preview:large, max-video-preview:-1\" \/>\n<link rel=\"canonical\" href=\"https:\/\/sarmacjabedzin.pl\/index.php\/2019\/09\/12\/mecz-pamieci-sarmacja-hakoach\/\" \/>\n<meta property=\"og:locale\" content=\"pl_PL\" \/>\n<meta property=\"og:type\" content=\"article\" \/>\n<meta property=\"og:title\" content=\"Mecz pami\u0119ci: Sarmacja \u2013 Hakoach | BKS Sarmacja B\u0119dzin\" \/>\n<meta property=\"og:description\" content=\"W niedziel\u0119 08.09.2019 roku o godz.16.00 na stadionie Sarmacji B\u0119dzin odby\u0142o si\u0119 historyczne widowisko pi\u0142karskie. Po 81 latach dosz\u0142o do rewan\u017cowego spotkania pomi\u0119dzy dwoma b\u0119dzi\u0144skimi klubami. Rywalem Sarmacji by\u0142a dru\u017cyna \u017cydowskiego Hakoacha, kt\u00f3rej historia zosta\u0142a brutalnie przerwana z dniem wybuchu II wojny \u015bwiatowej. Dok\u0142adnie 11 listopada 1938 roku obie dru\u017cyny mierz\u0105c si\u0119 w meczu towarzyskim...\" \/>\n<meta property=\"og:url\" content=\"https:\/\/sarmacjabedzin.pl\/index.php\/2019\/09\/12\/mecz-pamieci-sarmacja-hakoach\/\" \/>\n<meta property=\"og:site_name\" content=\"BKS Sarmacja B\u0119dzin\" \/>\n<meta property=\"article:publisher\" content=\"https:\/\/www.facebook.com\/SarmacjaBedzin\" \/>\n<meta property=\"article:published_time\" content=\"2019-09-12T14:07:12+00:00\" \/>\n<meta property=\"og:image\" content=\"https:\/\/sarmacjabedzin.pl\/wp-content\/uploads\/2019\/09\/hakoah.jpg\" \/>\n\t<meta property=\"og:image:width\" content=\"1280\" \/>\n\t<meta property=\"og:image:height\" content=\"768\" \/>\n\t<meta property=\"og:image:type\" content=\"image\/jpeg\" \/>\n<meta name=\"author\" content=\"tyrtak\" \/>\n<meta name=\"twitter:card\" content=\"summary_large_image\" \/>\n<meta name=\"twitter:label1\" content=\"Napisane przez\" \/>\n\t<meta name=\"twitter:data1\" content=\"tyrtak\" \/>\n\t<meta name=\"twitter:label2\" content=\"Szacowany czas czytania\" \/>\n\t<meta name=\"twitter:data2\" content=\"4 minuty\" \/>\n<script type=\"application\/ld+json\" class=\"yoast-schema-graph\">{\"@context\":\"https:\/\/schema.org\",\"@graph\":[{\"@type\":\"WebPage\",\"@id\":\"https:\/\/sarmacjabedzin.pl\/index.php\/2019\/09\/12\/mecz-pamieci-sarmacja-hakoach\/\",\"url\":\"https:\/\/sarmacjabedzin.pl\/index.php\/2019\/09\/12\/mecz-pamieci-sarmacja-hakoach\/\",\"name\":\"Mecz pami\u0119ci: Sarmacja \u2013 Hakoach | BKS Sarmacja B\u0119dzin\",\"isPartOf\":{\"@id\":\"https:\/\/sarmacjabedzin.pl\/#website\"},\"primaryImageOfPage\":{\"@id\":\"https:\/\/sarmacjabedzin.pl\/index.php\/2019\/09\/12\/mecz-pamieci-sarmacja-hakoach\/#primaryimage\"},\"image\":{\"@id\":\"https:\/\/sarmacjabedzin.pl\/index.php\/2019\/09\/12\/mecz-pamieci-sarmacja-hakoach\/#primaryimage\"},\"thumbnailUrl\":\"https:\/\/sarmacjabedzin.pl\/wp-content\/uploads\/2019\/09\/hakoah.jpg\",\"datePublished\":\"2019-09-12T14:07:12+00:00\",\"author\":{\"@id\":\"https:\/\/sarmacjabedzin.pl\/#\/schema\/person\/5417ea7b03bcd9adf58298a2265ce03a\"},\"breadcrumb\":{\"@id\":\"https:\/\/sarmacjabedzin.pl\/index.php\/2019\/09\/12\/mecz-pamieci-sarmacja-hakoach\/#breadcrumb\"},\"inLanguage\":\"pl-PL\",\"potentialAction\":[{\"@type\":\"ReadAction\",\"target\":[\"https:\/\/sarmacjabedzin.pl\/index.php\/2019\/09\/12\/mecz-pamieci-sarmacja-hakoach\/\"]}]},{\"@type\":\"ImageObject\",\"inLanguage\":\"pl-PL\",\"@id\":\"https:\/\/sarmacjabedzin.pl\/index.php\/2019\/09\/12\/mecz-pamieci-sarmacja-hakoach\/#primaryimage\",\"url\":\"https:\/\/sarmacjabedzin.pl\/wp-content\/uploads\/2019\/09\/hakoah.jpg\",\"contentUrl\":\"https:\/\/sarmacjabedzin.pl\/wp-content\/uploads\/2019\/09\/hakoah.jpg\",\"width\":1280,\"height\":768},{\"@type\":\"BreadcrumbList\",\"@id\":\"https:\/\/sarmacjabedzin.pl\/index.php\/2019\/09\/12\/mecz-pamieci-sarmacja-hakoach\/#breadcrumb\",\"itemListElement\":[{\"@type\":\"ListItem\",\"position\":1,\"name\":\"Strona g\u0142\u00f3wna\",\"item\":\"https:\/\/sarmacjabedzin.pl\/\"},{\"@type\":\"ListItem\",\"position\":2,\"name\":\"Mecz pami\u0119ci: Sarmacja \u2013 Hakoach\"}]},{\"@type\":\"WebSite\",\"@id\":\"https:\/\/sarmacjabedzin.pl\/#website\",\"url\":\"https:\/\/sarmacjabedzin.pl\/\",\"name\":\"BKS Sarmacja B\u0119dzin \u2013 Nieoficjalny serwis\",\"description\":\"Nieoficjalny serwis B\u0119dzi\u0144skiego Klubu Sportowego &quot;Sarmacja&quot;\",\"potentialAction\":[{\"@type\":\"SearchAction\",\"target\":{\"@type\":\"EntryPoint\",\"urlTemplate\":\"https:\/\/sarmacjabedzin.pl\/?s={search_term_string}\"},\"query-input\":{\"@type\":\"PropertyValueSpecification\",\"valueRequired\":true,\"valueName\":\"search_term_string\"}}],\"inLanguage\":\"pl-PL\"},{\"@type\":\"Person\",\"@id\":\"https:\/\/sarmacjabedzin.pl\/#\/schema\/person\/5417ea7b03bcd9adf58298a2265ce03a\",\"name\":\"tyrtak\",\"image\":{\"@type\":\"ImageObject\",\"inLanguage\":\"pl-PL\",\"@id\":\"https:\/\/sarmacjabedzin.pl\/#\/schema\/person\/image\/\",\"url\":\"https:\/\/secure.gravatar.com\/avatar\/49b7734c6795cf524710e96813a9fedc1ae3816e479d92490236b4cfc47a5ae1?s=96&d=mm&r=g\",\"contentUrl\":\"https:\/\/secure.gravatar.com\/avatar\/49b7734c6795cf524710e96813a9fedc1ae3816e479d92490236b4cfc47a5ae1?s=96&d=mm&r=g\",\"caption\":\"tyrtak\"}}]}<\/script>\n<!-- \/ Yoast SEO plugin. -->","yoast_head_json":{"title":"Mecz pami\u0119ci: Sarmacja \u2013 Hakoach | BKS Sarmacja B\u0119dzin","robots":{"index":"index","follow":"follow","max-snippet":"max-snippet:-1","max-image-preview":"max-image-preview:large","max-video-preview":"max-video-preview:-1"},"canonical":"https:\/\/sarmacjabedzin.pl\/index.php\/2019\/09\/12\/mecz-pamieci-sarmacja-hakoach\/","og_locale":"pl_PL","og_type":"article","og_title":"Mecz pami\u0119ci: Sarmacja \u2013 Hakoach | BKS Sarmacja B\u0119dzin","og_description":"W niedziel\u0119 08.09.2019 roku o godz.16.00 na stadionie Sarmacji B\u0119dzin odby\u0142o si\u0119 historyczne widowisko pi\u0142karskie. Po 81 latach dosz\u0142o do rewan\u017cowego spotkania pomi\u0119dzy dwoma b\u0119dzi\u0144skimi klubami. Rywalem Sarmacji by\u0142a dru\u017cyna \u017cydowskiego Hakoacha, kt\u00f3rej historia zosta\u0142a brutalnie przerwana z dniem wybuchu II wojny \u015bwiatowej. Dok\u0142adnie 11 listopada 1938 roku obie dru\u017cyny mierz\u0105c si\u0119 w meczu towarzyskim...","og_url":"https:\/\/sarmacjabedzin.pl\/index.php\/2019\/09\/12\/mecz-pamieci-sarmacja-hakoach\/","og_site_name":"BKS Sarmacja B\u0119dzin","article_publisher":"https:\/\/www.facebook.com\/SarmacjaBedzin","article_published_time":"2019-09-12T14:07:12+00:00","og_image":[{"width":1280,"height":768,"url":"https:\/\/sarmacjabedzin.pl\/wp-content\/uploads\/2019\/09\/hakoah.jpg","type":"image\/jpeg"}],"author":"tyrtak","twitter_card":"summary_large_image","twitter_misc":{"Napisane przez":"tyrtak","Szacowany czas czytania":"4 minuty"},"schema":{"@context":"https:\/\/schema.org","@graph":[{"@type":"WebPage","@id":"https:\/\/sarmacjabedzin.pl\/index.php\/2019\/09\/12\/mecz-pamieci-sarmacja-hakoach\/","url":"https:\/\/sarmacjabedzin.pl\/index.php\/2019\/09\/12\/mecz-pamieci-sarmacja-hakoach\/","name":"Mecz pami\u0119ci: Sarmacja \u2013 Hakoach | BKS Sarmacja B\u0119dzin","isPartOf":{"@id":"https:\/\/sarmacjabedzin.pl\/#website"},"primaryImageOfPage":{"@id":"https:\/\/sarmacjabedzin.pl\/index.php\/2019\/09\/12\/mecz-pamieci-sarmacja-hakoach\/#primaryimage"},"image":{"@id":"https:\/\/sarmacjabedzin.pl\/index.php\/2019\/09\/12\/mecz-pamieci-sarmacja-hakoach\/#primaryimage"},"thumbnailUrl":"https:\/\/sarmacjabedzin.pl\/wp-content\/uploads\/2019\/09\/hakoah.jpg","datePublished":"2019-09-12T14:07:12+00:00","author":{"@id":"https:\/\/sarmacjabedzin.pl\/#\/schema\/person\/5417ea7b03bcd9adf58298a2265ce03a"},"breadcrumb":{"@id":"https:\/\/sarmacjabedzin.pl\/index.php\/2019\/09\/12\/mecz-pamieci-sarmacja-hakoach\/#breadcrumb"},"inLanguage":"pl-PL","potentialAction":[{"@type":"ReadAction","target":["https:\/\/sarmacjabedzin.pl\/index.php\/2019\/09\/12\/mecz-pamieci-sarmacja-hakoach\/"]}]},{"@type":"ImageObject","inLanguage":"pl-PL","@id":"https:\/\/sarmacjabedzin.pl\/index.php\/2019\/09\/12\/mecz-pamieci-sarmacja-hakoach\/#primaryimage","url":"https:\/\/sarmacjabedzin.pl\/wp-content\/uploads\/2019\/09\/hakoah.jpg","contentUrl":"https:\/\/sarmacjabedzin.pl\/wp-content\/uploads\/2019\/09\/hakoah.jpg","width":1280,"height":768},{"@type":"BreadcrumbList","@id":"https:\/\/sarmacjabedzin.pl\/index.php\/2019\/09\/12\/mecz-pamieci-sarmacja-hakoach\/#breadcrumb","itemListElement":[{"@type":"ListItem","position":1,"name":"Strona g\u0142\u00f3wna","item":"https:\/\/sarmacjabedzin.pl\/"},{"@type":"ListItem","position":2,"name":"Mecz pami\u0119ci: Sarmacja \u2013 Hakoach"}]},{"@type":"WebSite","@id":"https:\/\/sarmacjabedzin.pl\/#website","url":"https:\/\/sarmacjabedzin.pl\/","name":"BKS Sarmacja B\u0119dzin \u2013 Nieoficjalny serwis","description":"Nieoficjalny serwis B\u0119dzi\u0144skiego Klubu Sportowego &quot;Sarmacja&quot;","potentialAction":[{"@type":"SearchAction","target":{"@type":"EntryPoint","urlTemplate":"https:\/\/sarmacjabedzin.pl\/?s={search_term_string}"},"query-input":{"@type":"PropertyValueSpecification","valueRequired":true,"valueName":"search_term_string"}}],"inLanguage":"pl-PL"},{"@type":"Person","@id":"https:\/\/sarmacjabedzin.pl\/#\/schema\/person\/5417ea7b03bcd9adf58298a2265ce03a","name":"tyrtak","image":{"@type":"ImageObject","inLanguage":"pl-PL","@id":"https:\/\/sarmacjabedzin.pl\/#\/schema\/person\/image\/","url":"https:\/\/secure.gravatar.com\/avatar\/49b7734c6795cf524710e96813a9fedc1ae3816e479d92490236b4cfc47a5ae1?s=96&d=mm&r=g","contentUrl":"https:\/\/secure.gravatar.com\/avatar\/49b7734c6795cf524710e96813a9fedc1ae3816e479d92490236b4cfc47a5ae1?s=96&d=mm&r=g","caption":"tyrtak"}}]}},"rttpg_featured_image_url":{"full":["https:\/\/sarmacjabedzin.pl\/wp-content\/uploads\/2019\/09\/hakoah.jpg",1280,768,false],"landscape":["https:\/\/sarmacjabedzin.pl\/wp-content\/uploads\/2019\/09\/hakoah.jpg",1280,768,false],"portraits":["https:\/\/sarmacjabedzin.pl\/wp-content\/uploads\/2019\/09\/hakoah.jpg",1280,768,false],"thumbnail":["https:\/\/sarmacjabedzin.pl\/wp-content\/uploads\/2019\/09\/hakoah-150x150.jpg",150,150,true],"medium":["https:\/\/sarmacjabedzin.pl\/wp-content\/uploads\/2019\/09\/hakoah-300x180.jpg",300,180,true],"large":["https:\/\/sarmacjabedzin.pl\/wp-content\/uploads\/2019\/09\/hakoah-1024x614.jpg",1024,614,true],"1536x1536":["https:\/\/sarmacjabedzin.pl\/wp-content\/uploads\/2019\/09\/hakoah.jpg",1280,768,false],"2048x2048":["https:\/\/sarmacjabedzin.pl\/wp-content\/uploads\/2019\/09\/hakoah.jpg",1280,768,false],"sportspress-crop-medium":["https:\/\/sarmacjabedzin.pl\/wp-content\/uploads\/2019\/09\/hakoah-300x300.jpg",300,300,true],"sportspress-fit-medium":["https:\/\/sarmacjabedzin.pl\/wp-content\/uploads\/2019\/09\/hakoah-300x180.jpg",300,180,true],"sportspress-fit-icon":["https:\/\/sarmacjabedzin.pl\/wp-content\/uploads\/2019\/09\/hakoah-128x77.jpg",128,77,true],"sportspress-fit-mini":["https:\/\/sarmacjabedzin.pl\/wp-content\/uploads\/2019\/09\/hakoah-32x19.jpg",32,19,true],"ultp_layout_landscape_large":["https:\/\/sarmacjabedzin.pl\/wp-content\/uploads\/2019\/09\/hakoah.jpg",1200,720,false],"ultp_layout_landscape":["https:\/\/sarmacjabedzin.pl\/wp-content\/uploads\/2019\/09\/hakoah.jpg",870,522,false],"ultp_layout_portrait":["https:\/\/sarmacjabedzin.pl\/wp-content\/uploads\/2019\/09\/hakoah.jpg",600,360,false],"ultp_layout_square":["https:\/\/sarmacjabedzin.pl\/wp-content\/uploads\/2019\/09\/hakoah.jpg",600,360,false],"stm-1140-666":["https:\/\/sarmacjabedzin.pl\/wp-content\/uploads\/2019\/09\/hakoah-1140x666.jpg",1140,666,true],"stm-1170-650":["https:\/\/sarmacjabedzin.pl\/wp-content\/uploads\/2019\/09\/hakoah-1170x650.jpg",1170,650,true],"stm-570-350":["https:\/\/sarmacjabedzin.pl\/wp-content\/uploads\/2019\/09\/hakoah-570x350.jpg",570,350,true],"stm-570-250":["https:\/\/sarmacjabedzin.pl\/wp-content\/uploads\/2019\/09\/hakoah-570x250.jpg",570,250,true],"stm-270-370":["https:\/\/sarmacjabedzin.pl\/wp-content\/uploads\/2019\/09\/hakoah-270x370.jpg",270,370,true],"stm-540-500":["https:\/\/sarmacjabedzin.pl\/wp-content\/uploads\/2019\/09\/hakoah-540x500.jpg",540,500,true],"stm-270-530":["https:\/\/sarmacjabedzin.pl\/wp-content\/uploads\/2019\/09\/hakoah-270x530.jpg",270,530,true],"stm-200-200":["https:\/\/sarmacjabedzin.pl\/wp-content\/uploads\/2019\/09\/hakoah-200x200.jpg",200,200,true],"stm-85-105":["https:\/\/sarmacjabedzin.pl\/wp-content\/uploads\/2019\/09\/hakoah-85x105.jpg",85,105,true],"stm-255-255":["https:\/\/sarmacjabedzin.pl\/wp-content\/uploads\/2019\/09\/hakoah-255x255.jpg",255,255,true],"stm-360-240":["https:\/\/sarmacjabedzin.pl\/wp-content\/uploads\/2019\/09\/hakoah-360x240.jpg",360,240,true],"stm-360-495":["https:\/\/sarmacjabedzin.pl\/wp-content\/uploads\/2019\/09\/hakoah-360x495.jpg",360,495,true],"stm-445-400":["https:\/\/sarmacjabedzin.pl\/wp-content\/uploads\/2019\/09\/hakoah-445x400.jpg",445,400,true],"stm-735-240":["https:\/\/sarmacjabedzin.pl\/wp-content\/uploads\/2019\/09\/hakoah-735x240.jpg",735,240,true],"stm-255-183":["https:\/\/sarmacjabedzin.pl\/wp-content\/uploads\/2019\/09\/hakoah-255x183.jpg",255,183,true],"stm-350-250":["https:\/\/sarmacjabedzin.pl\/wp-content\/uploads\/2019\/09\/hakoah-350x250.jpg",350,250,true],"blog_list":["https:\/\/sarmacjabedzin.pl\/wp-content\/uploads\/2019\/09\/hakoah-270x220.jpg",270,220,true],"blog_list_medium":["https:\/\/sarmacjabedzin.pl\/wp-content\/uploads\/2019\/09\/hakoah-390x345.jpg",390,345,true],"gallery_thumbnail":["https:\/\/sarmacjabedzin.pl\/wp-content\/uploads\/2019\/09\/hakoah-80x80.jpg",80,80,true],"gallery_image":["https:\/\/sarmacjabedzin.pl\/wp-content\/uploads\/2019\/09\/hakoah-560x367.jpg",560,367,true],"gallery_image_mini":["https:\/\/sarmacjabedzin.pl\/wp-content\/uploads\/2019\/09\/hakoah-143x116.jpg",143,116,true],"player_photo":["https:\/\/sarmacjabedzin.pl\/wp-content\/uploads\/2019\/09\/hakoah-740x740.jpg",740,740,true],"team_logo":["https:\/\/sarmacjabedzin.pl\/wp-content\/uploads\/2019\/09\/hakoah-98x59.jpg",98,59,true],"player_stat_ava":["https:\/\/sarmacjabedzin.pl\/wp-content\/uploads\/2019\/09\/hakoah-550x580.jpg",550,580,true],"post-350-220":["https:\/\/sarmacjabedzin.pl\/wp-content\/uploads\/2019\/09\/hakoah-350x220.jpg",350,220,true],"post-275-142":["https:\/\/sarmacjabedzin.pl\/wp-content\/uploads\/2019\/09\/hakoah-275x142.jpg",275,142,true],"post-160-120":["https:\/\/sarmacjabedzin.pl\/wp-content\/uploads\/2019\/09\/hakoah-160x120.jpg",160,120,true],"post-110-70":["https:\/\/sarmacjabedzin.pl\/wp-content\/uploads\/2019\/09\/hakoah-110x70.jpg",110,70,true],"post-770-450":["https:\/\/sarmacjabedzin.pl\/wp-content\/uploads\/2019\/09\/hakoah-770x450.jpg",770,450,true],"post-370-210":["https:\/\/sarmacjabedzin.pl\/wp-content\/uploads\/2019\/09\/hakoah-370x210.jpg",370,210,true],"post-457-470":["https:\/\/sarmacjabedzin.pl\/wp-content\/uploads\/2019\/09\/hakoah-457x470.jpg",457,470,true],"post-370-420":["https:\/\/sarmacjabedzin.pl\/wp-content\/uploads\/2019\/09\/hakoah-370x420.jpg",370,420,true],"stm-445-445":["https:\/\/sarmacjabedzin.pl\/wp-content\/uploads\/2019\/09\/hakoah-445x445.jpg",445,445,true],"stm-555-460":["https:\/\/sarmacjabedzin.pl\/wp-content\/uploads\/2019\/09\/hakoah-555x460.jpg",555,460,true],"stm-350-450":["https:\/\/sarmacjabedzin.pl\/wp-content\/uploads\/2019\/09\/hakoah-350x450.jpg",350,450,true],"stm-720-440":["https:\/\/sarmacjabedzin.pl\/wp-content\/uploads\/2019\/09\/hakoah-720x440.jpg",720,440,true],"stm-270-270":["https:\/\/sarmacjabedzin.pl\/wp-content\/uploads\/2019\/09\/hakoah.jpg",270,162,false],"stm-760-450":["https:\/\/sarmacjabedzin.pl\/wp-content\/uploads\/2019\/09\/hakoah.jpg",750,450,false]},"rttpg_author":{"display_name":"tyrtak","author_link":false},"rttpg_comment":0,"rttpg_category":"<a href=\"https:\/\/sarmacjabedzin.pl\/index.php\/category\/aktualnosci\/\" rel=\"category tag\">Aktualno\u015bci<\/a>","rttpg_excerpt":"W niedziel\u0119 08.09.2019 roku o godz.16.00 na stadionie Sarmacji B\u0119dzin odby\u0142o si\u0119 historyczne widowisko pi\u0142karskie. Po 81 latach dosz\u0142o do rewan\u017cowego spotkania pomi\u0119dzy dwoma b\u0119dzi\u0144skimi klubami. Rywalem Sarmacji by\u0142a dru\u017cyna \u017cydowskiego Hakoacha, kt\u00f3rej historia zosta\u0142a brutalnie przerwana z dniem wybuchu II wojny \u015bwiatowej. Dok\u0142adnie 11 listopada 1938 roku obie dru\u017cyny mierz\u0105c si\u0119 w meczu towarzyskim...","_links":{"self":[{"href":"https:\/\/sarmacjabedzin.pl\/index.php\/wp-json\/wp\/v2\/posts\/1381","targetHints":{"allow":["GET"]}}],"collection":[{"href":"https:\/\/sarmacjabedzin.pl\/index.php\/wp-json\/wp\/v2\/posts"}],"about":[{"href":"https:\/\/sarmacjabedzin.pl\/index.php\/wp-json\/wp\/v2\/types\/post"}],"author":[{"embeddable":true,"href":"https:\/\/sarmacjabedzin.pl\/index.php\/wp-json\/wp\/v2\/users\/1"}],"replies":[{"embeddable":true,"href":"https:\/\/sarmacjabedzin.pl\/index.php\/wp-json\/wp\/v2\/comments?post=1381"}],"version-history":[{"count":0,"href":"https:\/\/sarmacjabedzin.pl\/index.php\/wp-json\/wp\/v2\/posts\/1381\/revisions"}],"wp:featuredmedia":[{"embeddable":true,"href":"https:\/\/sarmacjabedzin.pl\/index.php\/wp-json\/wp\/v2\/media\/1380"}],"wp:attachment":[{"href":"https:\/\/sarmacjabedzin.pl\/index.php\/wp-json\/wp\/v2\/media?parent=1381"}],"wp:term":[{"taxonomy":"category","embeddable":true,"href":"https:\/\/sarmacjabedzin.pl\/index.php\/wp-json\/wp\/v2\/categories?post=1381"},{"taxonomy":"post_tag","embeddable":true,"href":"https:\/\/sarmacjabedzin.pl\/index.php\/wp-json\/wp\/v2\/tags?post=1381"}],"curies":[{"name":"wp","href":"https:\/\/api.w.org\/{rel}","templated":true}]}}