{"id":1421,"date":"2020-02-01T23:00:14","date_gmt":"2020-02-01T22:00:14","guid":{"rendered":"http:\/\/sarmacjabedzin.pl\/index.php\/2020\/02\/01\/porazka-z-gwarkiem\/"},"modified":"2020-02-01T23:00:14","modified_gmt":"2020-02-01T22:00:14","slug":"porazka-z-gwarkiem","status":"publish","type":"post","link":"https:\/\/sarmacjabedzin.pl\/index.php\/2020\/02\/01\/porazka-z-gwarkiem\/","title":{"rendered":"Pora\u017cka z Gwarkiem"},"content":{"rendered":"<p>\u00a0<\/p>\n<p style=\"margin-bottom: 0cm;\">Dzi\u015b 01.02.2020 roku o godz.13.00 w Piekarach \u015al\u0105skich pi\u0142karze Sarmacji B\u0119dzin rozegrali sw\u00f3j pierwszy tegoroczny mecz sparingowy. Rywalem ich by\u0142 III ligowy Gwarek Tarnowskie G\u00f3ry, kt\u00f3ry wyst\u0119powa\u0142 w roli gospodarza.<br \/>Trener Artur Mosna na pierwsz\u0105 po\u0142ow\u0119 pos\u0142a\u0142 do boju sw\u00f3j najlepszy sk\u0142ad. I jak si\u0119 okaza\u0142o rywale mieli ci\u0119\u017cki orzech do zgryzienia.<br \/>Pierwszy strza\u0142 na bramk\u0119 w 5 minucie oddali gospodarze. <br \/>Ju\u017c dwie minuty p\u00f3\u017aniej tym samym odpowiedzieli Sarmaci. Tym razem Mateusz Koz\u0142owski zdecydowa\u0142 si\u0119 na uderzenie z ostrego k\u0105ta. Pi\u0142ka min\u0119\u0142a jednak \u015bwiat\u0142o bramki.<br \/>W 12 minucie strza\u0142em nad poprzeczk\u0105 postraszy\u0142 rywali Alex Tyszczak.<br \/>Chwil\u0119 potem ten sam zawodnik zagra\u0142 futbol\u00f3wk\u0119 do b\u0119d\u0105cego w znakomitej sytuacji Wojciecha Ba\u0142y. Niestety strza\u0142 naszego pomocnika trafi\u0142 wprost w golkipera Gwarka.<br \/>W 16 minucie ponownie pokaza\u0142 si\u0119 Alex Tyszczak, kt\u00f3ry wykazywa\u0142 ogromn\u0105 ochot\u0119 do gry. <br \/>I tym razem pi\u0142ka przelecia\u0142a obok s\u0142upka.<br \/>Dwie minuty p\u00f3\u017aniej rywale oddali niecelny strza\u0142 z dystansu.<br \/>W 22 minucie fenomenaln\u0105 akcj\u0105 solow\u0105 popisa\u0142 si\u0119 Mateusz Koz\u0142owski, kt\u00f3ry p\u0119dz\u0105c lew\u0105 stron\u0105 boiska min\u0105\u0142 \u0142atwo czterech rywali. Wpadaj\u0105c na pi\u0105ty metr od bramki zdecydowa\u0142 si\u0119 na silne podanie do partnera. Pi\u0142ka trafi\u0142a w interweniuj\u0105cego obro\u0144c\u0119, a nast\u0119pnie za\u0142opota\u0142a w siatce rywala. Sarmacja niespodziewanie, acz zas\u0142u\u017cenie wysz\u0142a na prowadzenie 1:0.<br \/>T\u0105 akcj\u0105 nasz popularny \u201eKali\u201d zas\u0142u\u017cy\u0142 na szczeg\u00f3lne uznanie. Taka gra podziwiana jest na najwi\u0119kszych stadionach \u015bwiata.<br \/>W 32 minucie g\u0142odny zdobycia gola Alex Tyszczak zdecydowa\u0142 si\u0119 na strza\u0142 z wysoko\u015bci pola karnego. Niestety i tym razem pi\u0142ka poszybowa\u0142a nad poprzeczk\u0105.<br \/>W 43 minucie Sarmaci maj\u0105cy przewag\u0119 zdo\u0142ali podwy\u017cszy\u0107 wynik na 2:0.<br \/>Biegn\u0105cy z pi\u0142k\u0105 Dawid Skrzypi\u0144ski dostrzeg\u0142 dobrze ustawionego Alexa Tyszczaka, a nast\u0119pnie zagra\u0142 j\u0105 do niego. Tym razem nasz napastnik popisa\u0142 si\u0119 instynktem strzeleckim i celnym trafieniem pokona\u0142 golkipera Gwarka.<\/p>\n<p style=\"margin-bottom: 0cm;\">Po pierwszej po\u0142owie Sarmaci zas\u0142u\u017cenie prowadzili z wy\u017cej notowanym rywalem 2:0. Zaskoczony takim obrotem sprawy przeciwnik postanowi\u0142 w drugiej po\u0142owie rzuci\u0107 si\u0119 do odrabiania strat.<br \/>Trener Artur Mosna po zmianie stron zdecydowa\u0142 si\u0119 da\u0107 szans\u0119 pi\u0142karzom rezerwowym. W ataku zgrali mi\u0119dzy innymi dwaj m\u0142odzie\u017cowcy Marek Kocot oraz Maciej Widurski.<br \/>Niestety po przerwie rywale natychmiast ruszyli do ataku. Nasi pi\u0142karze dali si\u0119 zbyt \u0142atwo zepchn\u0105\u0107 do defensywy, daj\u0105c tym samym do\u015bwiadczonemu rywalowi zbyt du\u017c\u0105 swobod\u0119.<\/p>\n<p style=\"margin-bottom: 0cm;\">Na efekty nie trzeba by\u0142o d\u0142ugo czeka\u0107. Ju\u017c w 52 minucie Gwarek zdo\u0142a\u0142 wykorzysta\u0107 b\u0142\u0105d naszej obrony. Pi\u0142k\u0119 wrzucon\u0105 z rogu na drugi s\u0142upek, z bliskiej odleg\u0142o\u015bci g\u0142ow\u0105 do naszej siatki skierowa\u0142 niepilnowany zawodnik rywala. Bramkarz nie mia\u0142 \u017cadnych szans.<\/p>\n<p style=\"margin-bottom: 0cm;\">Szybka strata gola wprowadzi\u0142a w nasze szeregi sporo zamieszania.<br \/>Ju\u017c cztery minuty p\u00f3\u017aniej remis 2:2 sta\u0142 si\u0119 faktem. Kolejny raz zawodnik przeciwnika bez problemu zdo\u0142a\u0142 sobie prze\u0142o\u017cy\u0107 pi\u0142k\u0119, a nast\u0119pnie odda\u0107 kapitalny strza\u0142 w kierunku naszej bramki.<br \/>Pi\u0142ka odbijaj\u0105c si\u0119 od poprzeczki wpad\u0142a za plecy naszego bramkarza Rafa\u0142a Dawida.<br \/>Ten sam zawodnik w 69 minucie zdo\u0142a\u0142 sparowa\u0107 silny strza\u0142 rywala, dobitka poszybowa\u0142a nad poprzeczk\u0105.<br \/>W 79 minucie Gwarek zdoby\u0142 trzeciego gola. Na szcz\u0119\u015bcie s\u0119dzia liniowy dopatrzy\u0142 si\u0119 spalonego.<br \/>Niestety w 83 minucie wszystko odby\u0142o si\u0119 zgodnie z przepisami. Rywale zdobyli zwyci\u0119skiego gola, wykorzystuj\u0105c kolejny b\u0142\u0105d obrony. I tym razem g\u0142\u00f3wka z bliskiej odleg\u0142o\u015bci przynios\u0142a im celne trafienie. W tym czasie nasza obrona gra\u0142a ju\u017c w bardzo eksperymentalnym sk\u0142adzie bez dw\u00f3ch podstawowych stoper\u00f3w.<\/p>\n<p style=\"margin-bottom: 0cm;\">Ostatecznie mecz Sarmacji z Gwarkiem Tarnowskie G\u00f3ry zako\u0144czy\u0142 si\u0119 pora\u017ck\u0105 3:2 (0:2).<br \/>Pierwsza po\u0142owa w wykonaniu naszej dru\u017cyny by\u0142a znakomita. Niestety w drugiej by\u0142o ju\u017c zdecydowanie gorzej. Dzi\u015b na pierwszym sparingu zameldowa\u0142a si\u0119 praktycznie ca\u0142a kadra.<br \/>Brak\u0142o jedynie bramkarza rezerwowego Piotra Wo\u017anicy. Na \u0142awce zasiedli r\u00f3wnie\u017c dwaj zawodnicy lecz\u0105cy kontuzje: Adam Bensz i \u0141ukasz Michalski.<\/p>\n<p style=\"margin-bottom: 0cm;\">Ciekawostk\u0105 jest fakt, \u017ce w naszym zespole brak\u0142o zawodnik\u00f3w testowanych.<br \/>Spotkanie z rywalem z wy\u017cszej klasy z ca\u0142\u0105 pewno\u015bci\u0105 b\u0119dzie cenn\u0105 nauk\u0105 dla naszych pi\u0142karzy.<br \/>Ju\u017c w najbli\u017csz\u0105 \u015brod\u0119 czeka nas kolejny silny rywal Polonia Bytom.<\/p>\n<p style=\"margin-bottom: 0cm;\">\u00a0<\/p>\n<p style=\"margin-bottom: 0cm;\"><strong>Gwarek Tarnowskie G\u00f3ry \u2013 Sarmacja B\u0119dzin 3:2 (0:2)<\/strong><br \/><strong>Bramki:<\/strong><\/p>\n<p style=\"margin-bottom: 0cm;\">22&#8242; samob\u00f3jcza<\/p>\n<p style=\"margin-bottom: 0cm;\">43&#8242; Tyszczak<\/p>\n<p style=\"margin-bottom: 0cm;\">________________<\/p>\n<p style=\"margin-bottom: 0cm;\">52&#8242; P\u0105czko<\/p>\n<p style=\"margin-bottom: 0cm;\">56&#8242; Mazurek<\/p>\n<p style=\"margin-bottom: 0cm;\">83&#8242; Zawodnik testowany\u00a0<\/p>\n<p><strong>Sarmacja B\u0119dzin:<\/strong> Dawid \u2013 Skrzypi\u0144ski, Majka (75&#8242; Ba\u0142a), Duda\u0142a (75&#8242; Duda\u0142a), Koz\u0142owski (86&#8242; Maj), R\u00f3\u017ca\u0144ski (46&#8242; Adamczyk), Ba\u0142a (46&#8242; G\u0105dek), Barwi\u0144ski (46&#8242; Pielichowski), Maj (46&#8242; Januszek), Tyszczak (46&#8242; Widurski), Zawadzki (46&#8242; Kocot).<\/p>\n<p>\u00a0<\/p>\n","protected":false},"excerpt":{"rendered":"<p>\u00a0 Dzi\u015b 01.02.2020 roku o godz.13.00 w Piekarach \u015al\u0105skich pi\u0142karze Sarmacji B\u0119dzin rozegrali sw\u00f3j pierwszy tegoroczny mecz sparingowy. Rywalem ich by\u0142 III ligowy Gwarek Tarnowskie G\u00f3ry, kt\u00f3ry wyst\u0119powa\u0142 w roli gospodarza.Trener Artur Mosna na pierwsz\u0105 po\u0142ow\u0119 pos\u0142a\u0142 do boju sw\u00f3j najlepszy sk\u0142ad. I jak si\u0119 okaza\u0142o rywale mieli ci\u0119\u017cki orzech do zgryzienia.Pierwszy strza\u0142 na bramk\u0119&#8230;<\/p>\n","protected":false},"author":1,"featured_media":1420,"comment_status":"open","ping_status":"open","sticky":false,"template":"","format":"standard","meta":{"footnotes":""},"categories":[59],"tags":[],"class_list":["post-1421","post","type-post","status-publish","format-standard","has-post-thumbnail","hentry","category-blog"],"yoast_head":"<!-- This site is optimized with the Yoast SEO plugin v25.8 - https:\/\/yoast.com\/wordpress\/plugins\/seo\/ -->\n<title>Pora\u017cka z Gwarkiem | BKS Sarmacja B\u0119dzin<\/title>\n<meta name=\"robots\" content=\"index, follow, max-snippet:-1, max-image-preview:large, max-video-preview:-1\" \/>\n<link rel=\"canonical\" href=\"https:\/\/sarmacjabedzin.pl\/index.php\/2020\/02\/01\/porazka-z-gwarkiem\/\" \/>\n<meta property=\"og:locale\" content=\"pl_PL\" \/>\n<meta property=\"og:type\" content=\"article\" \/>\n<meta property=\"og:title\" content=\"Pora\u017cka z Gwarkiem | BKS Sarmacja B\u0119dzin\" \/>\n<meta property=\"og:description\" content=\"\u00a0 Dzi\u015b 01.02.2020 roku o godz.13.00 w Piekarach \u015al\u0105skich pi\u0142karze Sarmacji B\u0119dzin rozegrali sw\u00f3j pierwszy tegoroczny mecz sparingowy. Rywalem ich by\u0142 III ligowy Gwarek Tarnowskie G\u00f3ry, kt\u00f3ry wyst\u0119powa\u0142 w roli gospodarza.Trener Artur Mosna na pierwsz\u0105 po\u0142ow\u0119 pos\u0142a\u0142 do boju sw\u00f3j najlepszy sk\u0142ad. I jak si\u0119 okaza\u0142o rywale mieli ci\u0119\u017cki orzech do zgryzienia.Pierwszy strza\u0142 na bramk\u0119...\" \/>\n<meta property=\"og:url\" content=\"https:\/\/sarmacjabedzin.pl\/index.php\/2020\/02\/01\/porazka-z-gwarkiem\/\" \/>\n<meta property=\"og:site_name\" content=\"BKS Sarmacja B\u0119dzin\" \/>\n<meta property=\"article:publisher\" content=\"https:\/\/www.facebook.com\/SarmacjaBedzin\" \/>\n<meta property=\"article:published_time\" content=\"2020-02-01T22:00:14+00:00\" \/>\n<meta property=\"og:image\" content=\"https:\/\/sarmacjabedzin.pl\/wp-content\/uploads\/2020\/02\/84473723_473162163364272_2507759463432192000_n.jpg\" \/>\n\t<meta property=\"og:image:width\" content=\"1600\" \/>\n\t<meta property=\"og:image:height\" content=\"976\" \/>\n\t<meta property=\"og:image:type\" content=\"image\/jpeg\" \/>\n<meta name=\"author\" content=\"tyrtak\" \/>\n<meta name=\"twitter:card\" content=\"summary_large_image\" \/>\n<meta name=\"twitter:label1\" content=\"Napisane przez\" \/>\n\t<meta name=\"twitter:data1\" content=\"tyrtak\" \/>\n\t<meta name=\"twitter:label2\" content=\"Szacowany czas czytania\" \/>\n\t<meta name=\"twitter:data2\" content=\"4 minuty\" \/>\n<script type=\"application\/ld+json\" class=\"yoast-schema-graph\">{\"@context\":\"https:\/\/schema.org\",\"@graph\":[{\"@type\":\"WebPage\",\"@id\":\"https:\/\/sarmacjabedzin.pl\/index.php\/2020\/02\/01\/porazka-z-gwarkiem\/\",\"url\":\"https:\/\/sarmacjabedzin.pl\/index.php\/2020\/02\/01\/porazka-z-gwarkiem\/\",\"name\":\"Pora\u017cka z Gwarkiem | BKS Sarmacja B\u0119dzin\",\"isPartOf\":{\"@id\":\"https:\/\/sarmacjabedzin.pl\/#website\"},\"primaryImageOfPage\":{\"@id\":\"https:\/\/sarmacjabedzin.pl\/index.php\/2020\/02\/01\/porazka-z-gwarkiem\/#primaryimage\"},\"image\":{\"@id\":\"https:\/\/sarmacjabedzin.pl\/index.php\/2020\/02\/01\/porazka-z-gwarkiem\/#primaryimage\"},\"thumbnailUrl\":\"https:\/\/sarmacjabedzin.pl\/wp-content\/uploads\/2020\/02\/84473723_473162163364272_2507759463432192000_n.jpg\",\"datePublished\":\"2020-02-01T22:00:14+00:00\",\"author\":{\"@id\":\"https:\/\/sarmacjabedzin.pl\/#\/schema\/person\/5417ea7b03bcd9adf58298a2265ce03a\"},\"breadcrumb\":{\"@id\":\"https:\/\/sarmacjabedzin.pl\/index.php\/2020\/02\/01\/porazka-z-gwarkiem\/#breadcrumb\"},\"inLanguage\":\"pl-PL\",\"potentialAction\":[{\"@type\":\"ReadAction\",\"target\":[\"https:\/\/sarmacjabedzin.pl\/index.php\/2020\/02\/01\/porazka-z-gwarkiem\/\"]}]},{\"@type\":\"ImageObject\",\"inLanguage\":\"pl-PL\",\"@id\":\"https:\/\/sarmacjabedzin.pl\/index.php\/2020\/02\/01\/porazka-z-gwarkiem\/#primaryimage\",\"url\":\"https:\/\/sarmacjabedzin.pl\/wp-content\/uploads\/2020\/02\/84473723_473162163364272_2507759463432192000_n.jpg\",\"contentUrl\":\"https:\/\/sarmacjabedzin.pl\/wp-content\/uploads\/2020\/02\/84473723_473162163364272_2507759463432192000_n.jpg\",\"width\":1600,\"height\":976},{\"@type\":\"BreadcrumbList\",\"@id\":\"https:\/\/sarmacjabedzin.pl\/index.php\/2020\/02\/01\/porazka-z-gwarkiem\/#breadcrumb\",\"itemListElement\":[{\"@type\":\"ListItem\",\"position\":1,\"name\":\"Strona g\u0142\u00f3wna\",\"item\":\"https:\/\/sarmacjabedzin.pl\/\"},{\"@type\":\"ListItem\",\"position\":2,\"name\":\"Pora\u017cka z Gwarkiem\"}]},{\"@type\":\"WebSite\",\"@id\":\"https:\/\/sarmacjabedzin.pl\/#website\",\"url\":\"https:\/\/sarmacjabedzin.pl\/\",\"name\":\"BKS Sarmacja B\u0119dzin \u2013 Nieoficjalny serwis\",\"description\":\"Nieoficjalny serwis B\u0119dzi\u0144skiego Klubu Sportowego &quot;Sarmacja&quot;\",\"potentialAction\":[{\"@type\":\"SearchAction\",\"target\":{\"@type\":\"EntryPoint\",\"urlTemplate\":\"https:\/\/sarmacjabedzin.pl\/?s={search_term_string}\"},\"query-input\":{\"@type\":\"PropertyValueSpecification\",\"valueRequired\":true,\"valueName\":\"search_term_string\"}}],\"inLanguage\":\"pl-PL\"},{\"@type\":\"Person\",\"@id\":\"https:\/\/sarmacjabedzin.pl\/#\/schema\/person\/5417ea7b03bcd9adf58298a2265ce03a\",\"name\":\"tyrtak\",\"image\":{\"@type\":\"ImageObject\",\"inLanguage\":\"pl-PL\",\"@id\":\"https:\/\/sarmacjabedzin.pl\/#\/schema\/person\/image\/\",\"url\":\"https:\/\/secure.gravatar.com\/avatar\/49b7734c6795cf524710e96813a9fedc1ae3816e479d92490236b4cfc47a5ae1?s=96&d=mm&r=g\",\"contentUrl\":\"https:\/\/secure.gravatar.com\/avatar\/49b7734c6795cf524710e96813a9fedc1ae3816e479d92490236b4cfc47a5ae1?s=96&d=mm&r=g\",\"caption\":\"tyrtak\"}}]}<\/script>\n<!-- \/ Yoast SEO plugin. -->","yoast_head_json":{"title":"Pora\u017cka z Gwarkiem | BKS Sarmacja B\u0119dzin","robots":{"index":"index","follow":"follow","max-snippet":"max-snippet:-1","max-image-preview":"max-image-preview:large","max-video-preview":"max-video-preview:-1"},"canonical":"https:\/\/sarmacjabedzin.pl\/index.php\/2020\/02\/01\/porazka-z-gwarkiem\/","og_locale":"pl_PL","og_type":"article","og_title":"Pora\u017cka z Gwarkiem | BKS Sarmacja B\u0119dzin","og_description":"\u00a0 Dzi\u015b 01.02.2020 roku o godz.13.00 w Piekarach \u015al\u0105skich pi\u0142karze Sarmacji B\u0119dzin rozegrali sw\u00f3j pierwszy tegoroczny mecz sparingowy. Rywalem ich by\u0142 III ligowy Gwarek Tarnowskie G\u00f3ry, kt\u00f3ry wyst\u0119powa\u0142 w roli gospodarza.Trener Artur Mosna na pierwsz\u0105 po\u0142ow\u0119 pos\u0142a\u0142 do boju sw\u00f3j najlepszy sk\u0142ad. I jak si\u0119 okaza\u0142o rywale mieli ci\u0119\u017cki orzech do zgryzienia.Pierwszy strza\u0142 na bramk\u0119...","og_url":"https:\/\/sarmacjabedzin.pl\/index.php\/2020\/02\/01\/porazka-z-gwarkiem\/","og_site_name":"BKS Sarmacja B\u0119dzin","article_publisher":"https:\/\/www.facebook.com\/SarmacjaBedzin","article_published_time":"2020-02-01T22:00:14+00:00","og_image":[{"width":1600,"height":976,"url":"https:\/\/sarmacjabedzin.pl\/wp-content\/uploads\/2020\/02\/84473723_473162163364272_2507759463432192000_n.jpg","type":"image\/jpeg"}],"author":"tyrtak","twitter_card":"summary_large_image","twitter_misc":{"Napisane przez":"tyrtak","Szacowany czas czytania":"4 minuty"},"schema":{"@context":"https:\/\/schema.org","@graph":[{"@type":"WebPage","@id":"https:\/\/sarmacjabedzin.pl\/index.php\/2020\/02\/01\/porazka-z-gwarkiem\/","url":"https:\/\/sarmacjabedzin.pl\/index.php\/2020\/02\/01\/porazka-z-gwarkiem\/","name":"Pora\u017cka z Gwarkiem | BKS Sarmacja B\u0119dzin","isPartOf":{"@id":"https:\/\/sarmacjabedzin.pl\/#website"},"primaryImageOfPage":{"@id":"https:\/\/sarmacjabedzin.pl\/index.php\/2020\/02\/01\/porazka-z-gwarkiem\/#primaryimage"},"image":{"@id":"https:\/\/sarmacjabedzin.pl\/index.php\/2020\/02\/01\/porazka-z-gwarkiem\/#primaryimage"},"thumbnailUrl":"https:\/\/sarmacjabedzin.pl\/wp-content\/uploads\/2020\/02\/84473723_473162163364272_2507759463432192000_n.jpg","datePublished":"2020-02-01T22:00:14+00:00","author":{"@id":"https:\/\/sarmacjabedzin.pl\/#\/schema\/person\/5417ea7b03bcd9adf58298a2265ce03a"},"breadcrumb":{"@id":"https:\/\/sarmacjabedzin.pl\/index.php\/2020\/02\/01\/porazka-z-gwarkiem\/#breadcrumb"},"inLanguage":"pl-PL","potentialAction":[{"@type":"ReadAction","target":["https:\/\/sarmacjabedzin.pl\/index.php\/2020\/02\/01\/porazka-z-gwarkiem\/"]}]},{"@type":"ImageObject","inLanguage":"pl-PL","@id":"https:\/\/sarmacjabedzin.pl\/index.php\/2020\/02\/01\/porazka-z-gwarkiem\/#primaryimage","url":"https:\/\/sarmacjabedzin.pl\/wp-content\/uploads\/2020\/02\/84473723_473162163364272_2507759463432192000_n.jpg","contentUrl":"https:\/\/sarmacjabedzin.pl\/wp-content\/uploads\/2020\/02\/84473723_473162163364272_2507759463432192000_n.jpg","width":1600,"height":976},{"@type":"BreadcrumbList","@id":"https:\/\/sarmacjabedzin.pl\/index.php\/2020\/02\/01\/porazka-z-gwarkiem\/#breadcrumb","itemListElement":[{"@type":"ListItem","position":1,"name":"Strona g\u0142\u00f3wna","item":"https:\/\/sarmacjabedzin.pl\/"},{"@type":"ListItem","position":2,"name":"Pora\u017cka z Gwarkiem"}]},{"@type":"WebSite","@id":"https:\/\/sarmacjabedzin.pl\/#website","url":"https:\/\/sarmacjabedzin.pl\/","name":"BKS Sarmacja B\u0119dzin \u2013 Nieoficjalny serwis","description":"Nieoficjalny serwis B\u0119dzi\u0144skiego Klubu Sportowego &quot;Sarmacja&quot;","potentialAction":[{"@type":"SearchAction","target":{"@type":"EntryPoint","urlTemplate":"https:\/\/sarmacjabedzin.pl\/?s={search_term_string}"},"query-input":{"@type":"PropertyValueSpecification","valueRequired":true,"valueName":"search_term_string"}}],"inLanguage":"pl-PL"},{"@type":"Person","@id":"https:\/\/sarmacjabedzin.pl\/#\/schema\/person\/5417ea7b03bcd9adf58298a2265ce03a","name":"tyrtak","image":{"@type":"ImageObject","inLanguage":"pl-PL","@id":"https:\/\/sarmacjabedzin.pl\/#\/schema\/person\/image\/","url":"https:\/\/secure.gravatar.com\/avatar\/49b7734c6795cf524710e96813a9fedc1ae3816e479d92490236b4cfc47a5ae1?s=96&d=mm&r=g","contentUrl":"https:\/\/secure.gravatar.com\/avatar\/49b7734c6795cf524710e96813a9fedc1ae3816e479d92490236b4cfc47a5ae1?s=96&d=mm&r=g","caption":"tyrtak"}}]}},"rttpg_featured_image_url":{"full":["https:\/\/sarmacjabedzin.pl\/wp-content\/uploads\/2020\/02\/84473723_473162163364272_2507759463432192000_n.jpg",1600,976,false],"landscape":["https:\/\/sarmacjabedzin.pl\/wp-content\/uploads\/2020\/02\/84473723_473162163364272_2507759463432192000_n.jpg",1600,976,false],"portraits":["https:\/\/sarmacjabedzin.pl\/wp-content\/uploads\/2020\/02\/84473723_473162163364272_2507759463432192000_n.jpg",1600,976,false],"thumbnail":["https:\/\/sarmacjabedzin.pl\/wp-content\/uploads\/2020\/02\/84473723_473162163364272_2507759463432192000_n-150x150.jpg",150,150,true],"medium":["https:\/\/sarmacjabedzin.pl\/wp-content\/uploads\/2020\/02\/84473723_473162163364272_2507759463432192000_n-300x183.jpg",300,183,true],"large":["https:\/\/sarmacjabedzin.pl\/wp-content\/uploads\/2020\/02\/84473723_473162163364272_2507759463432192000_n-1024x625.jpg",1024,625,true],"1536x1536":["https:\/\/sarmacjabedzin.pl\/wp-content\/uploads\/2020\/02\/84473723_473162163364272_2507759463432192000_n-1536x937.jpg",1536,937,true],"2048x2048":["https:\/\/sarmacjabedzin.pl\/wp-content\/uploads\/2020\/02\/84473723_473162163364272_2507759463432192000_n.jpg",1600,976,false],"sportspress-crop-medium":["https:\/\/sarmacjabedzin.pl\/wp-content\/uploads\/2020\/02\/84473723_473162163364272_2507759463432192000_n-300x300.jpg",300,300,true],"sportspress-fit-medium":["https:\/\/sarmacjabedzin.pl\/wp-content\/uploads\/2020\/02\/84473723_473162163364272_2507759463432192000_n-300x183.jpg",300,183,true],"sportspress-fit-icon":["https:\/\/sarmacjabedzin.pl\/wp-content\/uploads\/2020\/02\/84473723_473162163364272_2507759463432192000_n-128x78.jpg",128,78,true],"sportspress-fit-mini":["https:\/\/sarmacjabedzin.pl\/wp-content\/uploads\/2020\/02\/84473723_473162163364272_2507759463432192000_n-32x20.jpg",32,20,true],"ultp_layout_landscape_large":["https:\/\/sarmacjabedzin.pl\/wp-content\/uploads\/2020\/02\/84473723_473162163364272_2507759463432192000_n.jpg",1200,732,false],"ultp_layout_landscape":["https:\/\/sarmacjabedzin.pl\/wp-content\/uploads\/2020\/02\/84473723_473162163364272_2507759463432192000_n.jpg",870,531,false],"ultp_layout_portrait":["https:\/\/sarmacjabedzin.pl\/wp-content\/uploads\/2020\/02\/84473723_473162163364272_2507759463432192000_n.jpg",600,366,false],"ultp_layout_square":["https:\/\/sarmacjabedzin.pl\/wp-content\/uploads\/2020\/02\/84473723_473162163364272_2507759463432192000_n.jpg",600,366,false],"stm-1140-666":["https:\/\/sarmacjabedzin.pl\/wp-content\/uploads\/2020\/02\/84473723_473162163364272_2507759463432192000_n-1140x666.jpg",1140,666,true],"stm-1170-650":["https:\/\/sarmacjabedzin.pl\/wp-content\/uploads\/2020\/02\/84473723_473162163364272_2507759463432192000_n-1170x650.jpg",1170,650,true],"stm-570-350":["https:\/\/sarmacjabedzin.pl\/wp-content\/uploads\/2020\/02\/84473723_473162163364272_2507759463432192000_n-570x350.jpg",570,350,true],"stm-570-250":["https:\/\/sarmacjabedzin.pl\/wp-content\/uploads\/2020\/02\/84473723_473162163364272_2507759463432192000_n-570x250.jpg",570,250,true],"stm-270-370":["https:\/\/sarmacjabedzin.pl\/wp-content\/uploads\/2020\/02\/84473723_473162163364272_2507759463432192000_n-270x370.jpg",270,370,true],"stm-540-500":["https:\/\/sarmacjabedzin.pl\/wp-content\/uploads\/2020\/02\/84473723_473162163364272_2507759463432192000_n-540x500.jpg",540,500,true],"stm-270-530":["https:\/\/sarmacjabedzin.pl\/wp-content\/uploads\/2020\/02\/84473723_473162163364272_2507759463432192000_n-270x530.jpg",270,530,true],"stm-200-200":["https:\/\/sarmacjabedzin.pl\/wp-content\/uploads\/2020\/02\/84473723_473162163364272_2507759463432192000_n-200x200.jpg",200,200,true],"stm-85-105":["https:\/\/sarmacjabedzin.pl\/wp-content\/uploads\/2020\/02\/84473723_473162163364272_2507759463432192000_n-85x105.jpg",85,105,true],"stm-255-255":["https:\/\/sarmacjabedzin.pl\/wp-content\/uploads\/2020\/02\/84473723_473162163364272_2507759463432192000_n-255x255.jpg",255,255,true],"stm-360-240":["https:\/\/sarmacjabedzin.pl\/wp-content\/uploads\/2020\/02\/84473723_473162163364272_2507759463432192000_n-360x240.jpg",360,240,true],"stm-360-495":["https:\/\/sarmacjabedzin.pl\/wp-content\/uploads\/2020\/02\/84473723_473162163364272_2507759463432192000_n-360x495.jpg",360,495,true],"stm-445-400":["https:\/\/sarmacjabedzin.pl\/wp-content\/uploads\/2020\/02\/84473723_473162163364272_2507759463432192000_n-445x400.jpg",445,400,true],"stm-735-240":["https:\/\/sarmacjabedzin.pl\/wp-content\/uploads\/2020\/02\/84473723_473162163364272_2507759463432192000_n-735x240.jpg",735,240,true],"stm-255-183":["https:\/\/sarmacjabedzin.pl\/wp-content\/uploads\/2020\/02\/84473723_473162163364272_2507759463432192000_n-255x183.jpg",255,183,true],"stm-350-250":["https:\/\/sarmacjabedzin.pl\/wp-content\/uploads\/2020\/02\/84473723_473162163364272_2507759463432192000_n-350x250.jpg",350,250,true],"blog_list":["https:\/\/sarmacjabedzin.pl\/wp-content\/uploads\/2020\/02\/84473723_473162163364272_2507759463432192000_n-270x220.jpg",270,220,true],"blog_list_medium":["https:\/\/sarmacjabedzin.pl\/wp-content\/uploads\/2020\/02\/84473723_473162163364272_2507759463432192000_n-390x345.jpg",390,345,true],"gallery_thumbnail":["https:\/\/sarmacjabedzin.pl\/wp-content\/uploads\/2020\/02\/84473723_473162163364272_2507759463432192000_n-80x80.jpg",80,80,true],"gallery_image":["https:\/\/sarmacjabedzin.pl\/wp-content\/uploads\/2020\/02\/84473723_473162163364272_2507759463432192000_n-560x367.jpg",560,367,true],"gallery_image_mini":["https:\/\/sarmacjabedzin.pl\/wp-content\/uploads\/2020\/02\/84473723_473162163364272_2507759463432192000_n-143x116.jpg",143,116,true],"player_photo":["https:\/\/sarmacjabedzin.pl\/wp-content\/uploads\/2020\/02\/84473723_473162163364272_2507759463432192000_n-740x740.jpg",740,740,true],"team_logo":["https:\/\/sarmacjabedzin.pl\/wp-content\/uploads\/2020\/02\/84473723_473162163364272_2507759463432192000_n-98x60.jpg",98,60,true],"player_stat_ava":["https:\/\/sarmacjabedzin.pl\/wp-content\/uploads\/2020\/02\/84473723_473162163364272_2507759463432192000_n-550x580.jpg",550,580,true],"post-350-220":["https:\/\/sarmacjabedzin.pl\/wp-content\/uploads\/2020\/02\/84473723_473162163364272_2507759463432192000_n-350x220.jpg",350,220,true],"post-275-142":["https:\/\/sarmacjabedzin.pl\/wp-content\/uploads\/2020\/02\/84473723_473162163364272_2507759463432192000_n-275x142.jpg",275,142,true],"post-160-120":["https:\/\/sarmacjabedzin.pl\/wp-content\/uploads\/2020\/02\/84473723_473162163364272_2507759463432192000_n-160x120.jpg",160,120,true],"post-110-70":["https:\/\/sarmacjabedzin.pl\/wp-content\/uploads\/2020\/02\/84473723_473162163364272_2507759463432192000_n-110x70.jpg",110,70,true],"post-770-450":["https:\/\/sarmacjabedzin.pl\/wp-content\/uploads\/2020\/02\/84473723_473162163364272_2507759463432192000_n-770x450.jpg",770,450,true],"post-370-210":["https:\/\/sarmacjabedzin.pl\/wp-content\/uploads\/2020\/02\/84473723_473162163364272_2507759463432192000_n-370x210.jpg",370,210,true],"post-457-470":["https:\/\/sarmacjabedzin.pl\/wp-content\/uploads\/2020\/02\/84473723_473162163364272_2507759463432192000_n-457x470.jpg",457,470,true],"post-370-420":["https:\/\/sarmacjabedzin.pl\/wp-content\/uploads\/2020\/02\/84473723_473162163364272_2507759463432192000_n-370x420.jpg",370,420,true],"stm-445-445":["https:\/\/sarmacjabedzin.pl\/wp-content\/uploads\/2020\/02\/84473723_473162163364272_2507759463432192000_n-445x445.jpg",445,445,true],"stm-555-460":["https:\/\/sarmacjabedzin.pl\/wp-content\/uploads\/2020\/02\/84473723_473162163364272_2507759463432192000_n-555x460.jpg",555,460,true],"stm-350-450":["https:\/\/sarmacjabedzin.pl\/wp-content\/uploads\/2020\/02\/84473723_473162163364272_2507759463432192000_n-350x450.jpg",350,450,true],"stm-720-440":["https:\/\/sarmacjabedzin.pl\/wp-content\/uploads\/2020\/02\/84473723_473162163364272_2507759463432192000_n-720x440.jpg",720,440,true],"stm-270-270":["https:\/\/sarmacjabedzin.pl\/wp-content\/uploads\/2020\/02\/84473723_473162163364272_2507759463432192000_n.jpg",270,165,false],"stm-760-450":["https:\/\/sarmacjabedzin.pl\/wp-content\/uploads\/2020\/02\/84473723_473162163364272_2507759463432192000_n.jpg",738,450,false]},"rttpg_author":{"display_name":"tyrtak","author_link":false},"rttpg_comment":0,"rttpg_category":"<a href=\"https:\/\/sarmacjabedzin.pl\/index.php\/category\/blog\/\" rel=\"category tag\">Sparingi<\/a>","rttpg_excerpt":"\u00a0 Dzi\u015b 01.02.2020 roku o godz.13.00 w Piekarach \u015al\u0105skich pi\u0142karze Sarmacji B\u0119dzin rozegrali sw\u00f3j pierwszy tegoroczny mecz sparingowy. Rywalem ich by\u0142 III ligowy Gwarek Tarnowskie G\u00f3ry, kt\u00f3ry wyst\u0119powa\u0142 w roli gospodarza.Trener Artur Mosna na pierwsz\u0105 po\u0142ow\u0119 pos\u0142a\u0142 do boju sw\u00f3j najlepszy sk\u0142ad. I jak si\u0119 okaza\u0142o rywale mieli ci\u0119\u017cki orzech do zgryzienia.Pierwszy strza\u0142 na bramk\u0119...","_links":{"self":[{"href":"https:\/\/sarmacjabedzin.pl\/index.php\/wp-json\/wp\/v2\/posts\/1421","targetHints":{"allow":["GET"]}}],"collection":[{"href":"https:\/\/sarmacjabedzin.pl\/index.php\/wp-json\/wp\/v2\/posts"}],"about":[{"href":"https:\/\/sarmacjabedzin.pl\/index.php\/wp-json\/wp\/v2\/types\/post"}],"author":[{"embeddable":true,"href":"https:\/\/sarmacjabedzin.pl\/index.php\/wp-json\/wp\/v2\/users\/1"}],"replies":[{"embeddable":true,"href":"https:\/\/sarmacjabedzin.pl\/index.php\/wp-json\/wp\/v2\/comments?post=1421"}],"version-history":[{"count":0,"href":"https:\/\/sarmacjabedzin.pl\/index.php\/wp-json\/wp\/v2\/posts\/1421\/revisions"}],"wp:featuredmedia":[{"embeddable":true,"href":"https:\/\/sarmacjabedzin.pl\/index.php\/wp-json\/wp\/v2\/media\/1420"}],"wp:attachment":[{"href":"https:\/\/sarmacjabedzin.pl\/index.php\/wp-json\/wp\/v2\/media?parent=1421"}],"wp:term":[{"taxonomy":"category","embeddable":true,"href":"https:\/\/sarmacjabedzin.pl\/index.php\/wp-json\/wp\/v2\/categories?post=1421"},{"taxonomy":"post_tag","embeddable":true,"href":"https:\/\/sarmacjabedzin.pl\/index.php\/wp-json\/wp\/v2\/tags?post=1421"}],"curies":[{"name":"wp","href":"https:\/\/api.w.org\/{rel}","templated":true}]}}