{"id":2378,"date":"2020-09-03T22:37:28","date_gmt":"2020-09-03T20:37:28","guid":{"rendered":"http:\/\/sarmacjabedzin.pl\/?p=2378"},"modified":"2021-01-20T22:40:20","modified_gmt":"2021-01-20T21:40:20","slug":"przegrana-po-dwoch-karnych","status":"publish","type":"post","link":"https:\/\/sarmacjabedzin.pl\/index.php\/2020\/09\/03\/przegrana-po-dwoch-karnych\/","title":{"rendered":"Przegrana po dw\u00f3ch karnych!"},"content":{"rendered":"<div class=\"o9v6fnle cxmmr5t8 oygrvhab hcukyx3x c1et5uql ii04i59q\">\n<div dir=\"auto\">Dnia 02.09.2020 roku o godz.17.00 pi\u0142karze Sarmacji B\u0119dzin rozegrali mecz zaleg\u0142ej II kolejki ligowej z dru\u017cyn\u0105 \u015al\u0105ska \u015awi\u0119toch\u0142owice. Pierwotnie spotkanie to mia\u0142o si\u0119 odby\u0107 1 sierpnia, lecz zosta\u0142o odwo\u0142ane z powodu zagro\u017cenia epidemicznego. W ostatniej kolejce oba zespo\u0142y odnios\u0142y cenne zwyci\u0119stwa. Sarmacja pokona\u0142a na w\u0142asnym terenie Szczakowiank\u0119 Jaworzno 2:0, natomiast \u015al\u0105sk na wyje\u017adzie po dramatycznym spotkaniu pokona\u0142 Szombierki Bytom 3:2. Tu\u017c przed rozpocz\u0119ciem tego spotkania uhonorowano jubileusz 200 meczu ligowego w barwach Sarmacji naszego kapitana Daniela Majki. W\u015br\u00f3d sk\u0142adaj\u0105cych gratulacje by\u0142 Prezes Podokr\u0119gu Sosnowiec J\u00f3zef Grz\u0105ba. Pierwsz\u0105 gro\u017an\u0105 sytuacj\u0119 pod bramk\u0105 rywali przeprowadzili gospodarze. W 7 minucie po g\u0142\u00f3wce Romana Terbalyana pi\u0142ka przelecia\u0142a obok bramki \u015bwi\u0119toch\u0142owiczan. Niestety w 11 minucie szybka akcja lew\u0105 stron\u0105 boiska przynios\u0142a go\u015bciom niespodziewany prezent. Znajduj\u0105cy si\u0119 w naszym polu karnym zawodnik \u015al\u0105ska zosta\u0142 nieprzepisowo powstrzymany przez naszego golkipera Rafa\u0142a Dawida, kt\u00f3ry nieszcz\u0119\u015bliwie zahaczy\u0142 go nogami. S\u0119dzia wskaza\u0142 na wapno, dyktuj\u0105c rzut karny dla przyjezdnych. Po chwili Sarmaci przegrywali 0:1. Niefortunnie stracona bramka chwilowo podci\u0119\u0142a skrzyd\u0142a naszej dru\u017cynie, kt\u00f3ra szybko musia\u0142a wr\u00f3ci\u0107 do swojego stylu gry. W 15 minucie \u015bwietna wrzutka z lewej strony Kamila Adamczyka wprost na g\u0142ow\u0119 Kacpra Zawadzkiego mog\u0142a przynie\u015b\u0107 nam wyr\u00f3wnuj\u0105cego gola. Tylko kapitalna interwencja golkipera go\u015bci, kt\u00f3ry przerzuci\u0142 pi\u0142k\u0119 nad w\u0142asn\u0105 poprzeczk\u0105, uchroni\u0142a \u015al\u0105sk od straty pewnej bramki. W 21 minucie szcz\u0119\u015bcie dopisa\u0142o miejscowym. Tym razem wrzutka z prawej strony murawy Dawida Skrzypi\u0144skiego poszybowa\u0142a wprost do Kacpra Zawadzkiego. Ten mimo odchodz\u0105cej pi\u0142ki potrafi\u0142 j\u0105 pos\u0142a\u0107 po d\u0142ugim rogu bramki przyjezdnych. Szybkie wyr\u00f3wnanie napawa\u0142o optymizmem przed kolejnymi minutami meczu. Dwie minuty p\u00f3\u017aniej zdobywca pierwszej bramki dla b\u0119dzinian mia\u0142 znakomit\u0105 okazj\u0119 na kolejnego gola. Niestety w sporym zamieszaniu podbramkowym pos\u0142a\u0142 futbol\u00f3wk\u0119 obok s\u0142upka. W 29 minucie zawodnik \u015al\u0105ska za dwie kolejne \u201epysk\u00f3wki\u201d w stosunku do s\u0119dziego ujrza\u0142 dwie \u017c\u00f3\u0142te kartki, a w nast\u0119pstwie ich czerwon\u0105. Od tego momentu rywale zmuszeni byli gra\u0107 w \u201edziesi\u0105tk\u0119\u201d, co dawa\u0142o b\u0119dzinianom spor\u0105 szans\u0119 na zwyci\u0119stwo. W 37 minucie pi\u0142ka po g\u0142\u00f3wce naszego zawodnika lecia\u0142a ju\u017c w kierunku siatki przyjezdnych. Niestety w ostatniej chwili obro\u0144ca \u015bwi\u0119toch\u0142owiczan zdo\u0142a\u0142 j\u0105 wybi\u0107 tu\u017c przed lini\u0105 bramkow\u0105. W 38 minucie kolejne silne wstrzelenie pi\u0142ki w pole karne rywala przez znajduj\u0105cego si\u0119 na prawym skrzydle Dawida Skrzypi\u0144skiego zako\u0144czy\u0142o si\u0119 trafieniem w Kacpra Zawadzkiego. Futbol\u00f3wka odbita od jego barku wyl\u0105dowa\u0142a w siatce. Mimo rado\u015bci miejscowych s\u0119dzia gola nie uzna\u0142, pokazuj\u0105c na zagranie r\u0119k\u0105. W 48 i 53 minucie dwa strza\u0142y Macieja Widurskiego i Romana Terbalyana pad\u0142y \u0142upem golkipera \u015bwi\u0119toch\u0142owiczan. Chwil\u0119 potem go\u015bcie postraszyli naszego bramkarza uderzeniem obok jego s\u0142upka. W 56 minucie pi\u0142ka po strzale Miko\u0142aj G\u0105dka poszybowa\u0142a nad poprzeczk\u0105. W 67 minucie znajduj\u0105cy si\u0119 w polu karnym rywala Kamil Adamczyk pad\u0142 na muraw\u0119 podczas starcia z przeciwnikiem. S\u0119dzia gry nie przerwa\u0142, a przyjezdni wyprowadzili gro\u017an\u0105 kontr\u0119. Ta mog\u0142a zako\u0144czy\u0107 si\u0119 strat\u0105 gola. Na szcz\u0119\u015bcie nasz bramkarz Rafa\u0142 Dawid wykaza\u0142 si\u0119 znakomit\u0105 interwencj\u0105. Dwie minuty p\u00f3\u017aniej pi\u0142ka po strzale Kacpra Zawadzkiego min\u0119\u0142a \u015bwiat\u0142o bramki rywala. W 79 minucie ten sam zawodnik pos\u0142a\u0142 futbol\u00f3wk\u0119 nad poprzeczk\u0105. Pr\u00f3buj\u0105cy atakowa\u0107 rywala nasi pi\u0142karze nara\u017cali si\u0119 na ich gro\u017ane kontry. W 87 minucie kolejna interwencja Rafa\u0142a Dawida uchroni\u0142a nas przed strat\u0105 gola. Niestety w 88 minucie Wojciech Ba\u0142a pr\u00f3buj\u0105cy powstrzyma\u0107 w naszym polu karnym akcj\u0119 rywala da\u0142 s\u0119dziemu mo\u017cliwo\u015b\u0107 odgwizdania karnego. Zawodnik \u015al\u0105ska, czuj\u0105c kontakt z naszym zawodnikiem, pad\u0142 na muraw\u0119 jak ra\u017cony piorunem. Mimo wyczucia rywala Rafa\u0142 Dawid musia\u0142 wyci\u0105gn\u0105\u0107 pi\u0142k\u0119 z w\u0142asnej siatki. Rado\u015b\u0107 go\u015bci po zdobyciu zwyci\u0119skiego gola by\u0142a ogromna. Nasi pi\u0142karze mimo sporego wysi\u0142ku oraz chwilami bardzo ciekawej gry nie zdo\u0142ali doprowadzi\u0107 do wyr\u00f3wnania. Szkoda, bo dzi\u015b by\u0142a ogromna szansa zdobycia kompletu punkt\u00f3w. Go\u015bcie na czele z ich trenerem przez ca\u0142e spotkanie wyra\u017cali swoje niezadowolenie z decyzji s\u0119dziego g\u0142\u00f3wnego. O dziwo to przeciwko naszej dru\u017cynie podyktowa\u0142 on dwa rzuty karne oraz nie uznan\u0142 zdobytego gola ! Mimo sporej przewagi Sarmacja uleg\u0142a \u015al\u0105skowi \u015awi\u0119toch\u0142owice 1:2 (1:1). Szkoda tych straconych punkt\u00f3w, ale ju\u017c w najbli\u017csz\u0105 sobot\u0119 b\u0119dzie szansa na odrobienie strat w meczu wyjazdowym z AKS-em Miko\u0142\u00f3w.<\/div>\n<div dir=\"auto\">&nbsp;<\/div>\n<div dir=\"auto\"><strong>Sarmacja B\u0119dzin \u2013 \u015al\u0105sk \u015awi\u0119toch\u0142owice 1:2 (1:1)<\/strong><\/div>\n<div dir=\"auto\">&nbsp;<\/div>\n<div dir=\"auto\"><strong>S\u0119dzia:<\/strong> Jakub Ko\u0142odziejczyk (Bytom)<\/div>\n<div dir=\"auto\">&nbsp;<\/div>\n<div dir=\"auto\"><strong>Bramki:<\/strong><\/div>\n<\/div>\n<div class=\"o9v6fnle cxmmr5t8 oygrvhab hcukyx3x c1et5uql ii04i59q\">\n<div dir=\"auto\">21&#8242; Zawadzki<\/div>\n<\/div>\n<div class=\"o9v6fnle cxmmr5t8 oygrvhab hcukyx3x c1et5uql ii04i59q\">\n<div dir=\"auto\">11&#8242; (k) 88&#8242; (k) A.Lesik<\/div>\n<div dir=\"auto\">&nbsp;<\/div>\n<div dir=\"auto\"><strong>Sarmacja B\u0119dzin:<\/strong> Dawid \u2013 D.Skrzypi\u0144ski, Majka, Duda\u0142a, Koz\u0142owski,, G\u0105dek, Fulianty (56&#8242; Ba\u0142a), Terbalyan, Adamczyk (80&#8242; Januszek), Widurski (69&#8242; K.Skrzypi\u0144ski), Zawadzki (80&#8242; Tyszczak)<\/div>\n<\/div>\n","protected":false},"excerpt":{"rendered":"<p>Dnia 02.09.2020 roku o godz.17.00 pi\u0142karze Sarmacji B\u0119dzin rozegrali mecz zaleg\u0142ej II kolejki ligowej z dru\u017cyn\u0105 \u015al\u0105ska \u015awi\u0119toch\u0142owice. Pierwotnie spotkanie to mia\u0142o si\u0119 odby\u0107 1 sierpnia, lecz zosta\u0142o odwo\u0142ane z powodu zagro\u017cenia epidemicznego. W ostatniej kolejce oba zespo\u0142y odnios\u0142y cenne zwyci\u0119stwa. Sarmacja pokona\u0142a na w\u0142asnym terenie Szczakowiank\u0119 Jaworzno 2:0, natomiast \u015al\u0105sk na wyje\u017adzie po dramatycznym&#8230;<\/p>\n","protected":false},"author":1,"featured_media":2379,"comment_status":"open","ping_status":"open","sticky":false,"template":"","format":"standard","meta":{"footnotes":""},"categories":[64],"tags":[],"class_list":["post-2378","post","type-post","status-publish","format-standard","has-post-thumbnail","hentry","category-soccer"],"yoast_head":"<!-- This site is optimized with the Yoast SEO plugin v25.8 - https:\/\/yoast.com\/wordpress\/plugins\/seo\/ -->\n<title>Przegrana po dw\u00f3ch karnych! | BKS Sarmacja B\u0119dzin<\/title>\n<meta name=\"robots\" content=\"index, follow, max-snippet:-1, max-image-preview:large, max-video-preview:-1\" \/>\n<link rel=\"canonical\" href=\"https:\/\/sarmacjabedzin.pl\/index.php\/2020\/09\/03\/przegrana-po-dwoch-karnych\/\" \/>\n<meta property=\"og:locale\" content=\"pl_PL\" \/>\n<meta property=\"og:type\" content=\"article\" \/>\n<meta property=\"og:title\" content=\"Przegrana po dw\u00f3ch karnych! | BKS Sarmacja B\u0119dzin\" \/>\n<meta property=\"og:description\" content=\"Dnia 02.09.2020 roku o godz.17.00 pi\u0142karze Sarmacji B\u0119dzin rozegrali mecz zaleg\u0142ej II kolejki ligowej z dru\u017cyn\u0105 \u015al\u0105ska \u015awi\u0119toch\u0142owice. Pierwotnie spotkanie to mia\u0142o si\u0119 odby\u0107 1 sierpnia, lecz zosta\u0142o odwo\u0142ane z powodu zagro\u017cenia epidemicznego. W ostatniej kolejce oba zespo\u0142y odnios\u0142y cenne zwyci\u0119stwa. Sarmacja pokona\u0142a na w\u0142asnym terenie Szczakowiank\u0119 Jaworzno 2:0, natomiast \u015al\u0105sk na wyje\u017adzie po dramatycznym...\" \/>\n<meta property=\"og:url\" content=\"https:\/\/sarmacjabedzin.pl\/index.php\/2020\/09\/03\/przegrana-po-dwoch-karnych\/\" \/>\n<meta property=\"og:site_name\" content=\"BKS Sarmacja B\u0119dzin\" \/>\n<meta property=\"article:publisher\" content=\"https:\/\/www.facebook.com\/SarmacjaBedzin\" \/>\n<meta property=\"article:published_time\" content=\"2020-09-03T20:37:28+00:00\" \/>\n<meta property=\"article:modified_time\" content=\"2021-01-20T21:40:20+00:00\" \/>\n<meta property=\"og:image\" content=\"https:\/\/sarmacjabedzin.pl\/wp-content\/uploads\/2021\/01\/118843373_3588881744476495_2914672073549967231_o.jpg\" \/>\n\t<meta property=\"og:image:width\" content=\"1596\" \/>\n\t<meta property=\"og:image:height\" content=\"1100\" \/>\n\t<meta property=\"og:image:type\" content=\"image\/jpeg\" \/>\n<meta name=\"author\" content=\"tyrtak\" \/>\n<meta name=\"twitter:card\" content=\"summary_large_image\" \/>\n<meta name=\"twitter:label1\" content=\"Napisane przez\" \/>\n\t<meta name=\"twitter:data1\" content=\"tyrtak\" \/>\n\t<meta name=\"twitter:label2\" content=\"Szacowany czas czytania\" \/>\n\t<meta name=\"twitter:data2\" content=\"4 minuty\" \/>\n<script type=\"application\/ld+json\" class=\"yoast-schema-graph\">{\"@context\":\"https:\/\/schema.org\",\"@graph\":[{\"@type\":\"WebPage\",\"@id\":\"https:\/\/sarmacjabedzin.pl\/index.php\/2020\/09\/03\/przegrana-po-dwoch-karnych\/\",\"url\":\"https:\/\/sarmacjabedzin.pl\/index.php\/2020\/09\/03\/przegrana-po-dwoch-karnych\/\",\"name\":\"Przegrana po dw\u00f3ch karnych! | BKS Sarmacja B\u0119dzin\",\"isPartOf\":{\"@id\":\"https:\/\/sarmacjabedzin.pl\/#website\"},\"primaryImageOfPage\":{\"@id\":\"https:\/\/sarmacjabedzin.pl\/index.php\/2020\/09\/03\/przegrana-po-dwoch-karnych\/#primaryimage\"},\"image\":{\"@id\":\"https:\/\/sarmacjabedzin.pl\/index.php\/2020\/09\/03\/przegrana-po-dwoch-karnych\/#primaryimage\"},\"thumbnailUrl\":\"https:\/\/sarmacjabedzin.pl\/wp-content\/uploads\/2021\/01\/118843373_3588881744476495_2914672073549967231_o.jpg\",\"datePublished\":\"2020-09-03T20:37:28+00:00\",\"dateModified\":\"2021-01-20T21:40:20+00:00\",\"author\":{\"@id\":\"https:\/\/sarmacjabedzin.pl\/#\/schema\/person\/5417ea7b03bcd9adf58298a2265ce03a\"},\"breadcrumb\":{\"@id\":\"https:\/\/sarmacjabedzin.pl\/index.php\/2020\/09\/03\/przegrana-po-dwoch-karnych\/#breadcrumb\"},\"inLanguage\":\"pl-PL\",\"potentialAction\":[{\"@type\":\"ReadAction\",\"target\":[\"https:\/\/sarmacjabedzin.pl\/index.php\/2020\/09\/03\/przegrana-po-dwoch-karnych\/\"]}]},{\"@type\":\"ImageObject\",\"inLanguage\":\"pl-PL\",\"@id\":\"https:\/\/sarmacjabedzin.pl\/index.php\/2020\/09\/03\/przegrana-po-dwoch-karnych\/#primaryimage\",\"url\":\"https:\/\/sarmacjabedzin.pl\/wp-content\/uploads\/2021\/01\/118843373_3588881744476495_2914672073549967231_o.jpg\",\"contentUrl\":\"https:\/\/sarmacjabedzin.pl\/wp-content\/uploads\/2021\/01\/118843373_3588881744476495_2914672073549967231_o.jpg\",\"width\":1596,\"height\":1100},{\"@type\":\"BreadcrumbList\",\"@id\":\"https:\/\/sarmacjabedzin.pl\/index.php\/2020\/09\/03\/przegrana-po-dwoch-karnych\/#breadcrumb\",\"itemListElement\":[{\"@type\":\"ListItem\",\"position\":1,\"name\":\"Strona g\u0142\u00f3wna\",\"item\":\"https:\/\/sarmacjabedzin.pl\/\"},{\"@type\":\"ListItem\",\"position\":2,\"name\":\"Przegrana po dw\u00f3ch karnych!\"}]},{\"@type\":\"WebSite\",\"@id\":\"https:\/\/sarmacjabedzin.pl\/#website\",\"url\":\"https:\/\/sarmacjabedzin.pl\/\",\"name\":\"BKS Sarmacja B\u0119dzin \u2013 Nieoficjalny serwis\",\"description\":\"Nieoficjalny serwis B\u0119dzi\u0144skiego Klubu Sportowego &quot;Sarmacja&quot;\",\"potentialAction\":[{\"@type\":\"SearchAction\",\"target\":{\"@type\":\"EntryPoint\",\"urlTemplate\":\"https:\/\/sarmacjabedzin.pl\/?s={search_term_string}\"},\"query-input\":{\"@type\":\"PropertyValueSpecification\",\"valueRequired\":true,\"valueName\":\"search_term_string\"}}],\"inLanguage\":\"pl-PL\"},{\"@type\":\"Person\",\"@id\":\"https:\/\/sarmacjabedzin.pl\/#\/schema\/person\/5417ea7b03bcd9adf58298a2265ce03a\",\"name\":\"tyrtak\",\"image\":{\"@type\":\"ImageObject\",\"inLanguage\":\"pl-PL\",\"@id\":\"https:\/\/sarmacjabedzin.pl\/#\/schema\/person\/image\/\",\"url\":\"https:\/\/secure.gravatar.com\/avatar\/49b7734c6795cf524710e96813a9fedc1ae3816e479d92490236b4cfc47a5ae1?s=96&d=mm&r=g\",\"contentUrl\":\"https:\/\/secure.gravatar.com\/avatar\/49b7734c6795cf524710e96813a9fedc1ae3816e479d92490236b4cfc47a5ae1?s=96&d=mm&r=g\",\"caption\":\"tyrtak\"}}]}<\/script>\n<!-- \/ Yoast SEO plugin. -->","yoast_head_json":{"title":"Przegrana po dw\u00f3ch karnych! | BKS Sarmacja B\u0119dzin","robots":{"index":"index","follow":"follow","max-snippet":"max-snippet:-1","max-image-preview":"max-image-preview:large","max-video-preview":"max-video-preview:-1"},"canonical":"https:\/\/sarmacjabedzin.pl\/index.php\/2020\/09\/03\/przegrana-po-dwoch-karnych\/","og_locale":"pl_PL","og_type":"article","og_title":"Przegrana po dw\u00f3ch karnych! | BKS Sarmacja B\u0119dzin","og_description":"Dnia 02.09.2020 roku o godz.17.00 pi\u0142karze Sarmacji B\u0119dzin rozegrali mecz zaleg\u0142ej II kolejki ligowej z dru\u017cyn\u0105 \u015al\u0105ska \u015awi\u0119toch\u0142owice. Pierwotnie spotkanie to mia\u0142o si\u0119 odby\u0107 1 sierpnia, lecz zosta\u0142o odwo\u0142ane z powodu zagro\u017cenia epidemicznego. W ostatniej kolejce oba zespo\u0142y odnios\u0142y cenne zwyci\u0119stwa. Sarmacja pokona\u0142a na w\u0142asnym terenie Szczakowiank\u0119 Jaworzno 2:0, natomiast \u015al\u0105sk na wyje\u017adzie po dramatycznym...","og_url":"https:\/\/sarmacjabedzin.pl\/index.php\/2020\/09\/03\/przegrana-po-dwoch-karnych\/","og_site_name":"BKS Sarmacja B\u0119dzin","article_publisher":"https:\/\/www.facebook.com\/SarmacjaBedzin","article_published_time":"2020-09-03T20:37:28+00:00","article_modified_time":"2021-01-20T21:40:20+00:00","og_image":[{"width":1596,"height":1100,"url":"https:\/\/sarmacjabedzin.pl\/wp-content\/uploads\/2021\/01\/118843373_3588881744476495_2914672073549967231_o.jpg","type":"image\/jpeg"}],"author":"tyrtak","twitter_card":"summary_large_image","twitter_misc":{"Napisane przez":"tyrtak","Szacowany czas czytania":"4 minuty"},"schema":{"@context":"https:\/\/schema.org","@graph":[{"@type":"WebPage","@id":"https:\/\/sarmacjabedzin.pl\/index.php\/2020\/09\/03\/przegrana-po-dwoch-karnych\/","url":"https:\/\/sarmacjabedzin.pl\/index.php\/2020\/09\/03\/przegrana-po-dwoch-karnych\/","name":"Przegrana po dw\u00f3ch karnych! | BKS Sarmacja B\u0119dzin","isPartOf":{"@id":"https:\/\/sarmacjabedzin.pl\/#website"},"primaryImageOfPage":{"@id":"https:\/\/sarmacjabedzin.pl\/index.php\/2020\/09\/03\/przegrana-po-dwoch-karnych\/#primaryimage"},"image":{"@id":"https:\/\/sarmacjabedzin.pl\/index.php\/2020\/09\/03\/przegrana-po-dwoch-karnych\/#primaryimage"},"thumbnailUrl":"https:\/\/sarmacjabedzin.pl\/wp-content\/uploads\/2021\/01\/118843373_3588881744476495_2914672073549967231_o.jpg","datePublished":"2020-09-03T20:37:28+00:00","dateModified":"2021-01-20T21:40:20+00:00","author":{"@id":"https:\/\/sarmacjabedzin.pl\/#\/schema\/person\/5417ea7b03bcd9adf58298a2265ce03a"},"breadcrumb":{"@id":"https:\/\/sarmacjabedzin.pl\/index.php\/2020\/09\/03\/przegrana-po-dwoch-karnych\/#breadcrumb"},"inLanguage":"pl-PL","potentialAction":[{"@type":"ReadAction","target":["https:\/\/sarmacjabedzin.pl\/index.php\/2020\/09\/03\/przegrana-po-dwoch-karnych\/"]}]},{"@type":"ImageObject","inLanguage":"pl-PL","@id":"https:\/\/sarmacjabedzin.pl\/index.php\/2020\/09\/03\/przegrana-po-dwoch-karnych\/#primaryimage","url":"https:\/\/sarmacjabedzin.pl\/wp-content\/uploads\/2021\/01\/118843373_3588881744476495_2914672073549967231_o.jpg","contentUrl":"https:\/\/sarmacjabedzin.pl\/wp-content\/uploads\/2021\/01\/118843373_3588881744476495_2914672073549967231_o.jpg","width":1596,"height":1100},{"@type":"BreadcrumbList","@id":"https:\/\/sarmacjabedzin.pl\/index.php\/2020\/09\/03\/przegrana-po-dwoch-karnych\/#breadcrumb","itemListElement":[{"@type":"ListItem","position":1,"name":"Strona g\u0142\u00f3wna","item":"https:\/\/sarmacjabedzin.pl\/"},{"@type":"ListItem","position":2,"name":"Przegrana po dw\u00f3ch karnych!"}]},{"@type":"WebSite","@id":"https:\/\/sarmacjabedzin.pl\/#website","url":"https:\/\/sarmacjabedzin.pl\/","name":"BKS Sarmacja B\u0119dzin \u2013 Nieoficjalny serwis","description":"Nieoficjalny serwis B\u0119dzi\u0144skiego Klubu Sportowego &quot;Sarmacja&quot;","potentialAction":[{"@type":"SearchAction","target":{"@type":"EntryPoint","urlTemplate":"https:\/\/sarmacjabedzin.pl\/?s={search_term_string}"},"query-input":{"@type":"PropertyValueSpecification","valueRequired":true,"valueName":"search_term_string"}}],"inLanguage":"pl-PL"},{"@type":"Person","@id":"https:\/\/sarmacjabedzin.pl\/#\/schema\/person\/5417ea7b03bcd9adf58298a2265ce03a","name":"tyrtak","image":{"@type":"ImageObject","inLanguage":"pl-PL","@id":"https:\/\/sarmacjabedzin.pl\/#\/schema\/person\/image\/","url":"https:\/\/secure.gravatar.com\/avatar\/49b7734c6795cf524710e96813a9fedc1ae3816e479d92490236b4cfc47a5ae1?s=96&d=mm&r=g","contentUrl":"https:\/\/secure.gravatar.com\/avatar\/49b7734c6795cf524710e96813a9fedc1ae3816e479d92490236b4cfc47a5ae1?s=96&d=mm&r=g","caption":"tyrtak"}}]}},"rttpg_featured_image_url":{"full":["https:\/\/sarmacjabedzin.pl\/wp-content\/uploads\/2021\/01\/118843373_3588881744476495_2914672073549967231_o.jpg",1596,1100,false],"landscape":["https:\/\/sarmacjabedzin.pl\/wp-content\/uploads\/2021\/01\/118843373_3588881744476495_2914672073549967231_o.jpg",1596,1100,false],"portraits":["https:\/\/sarmacjabedzin.pl\/wp-content\/uploads\/2021\/01\/118843373_3588881744476495_2914672073549967231_o.jpg",1596,1100,false],"thumbnail":["https:\/\/sarmacjabedzin.pl\/wp-content\/uploads\/2021\/01\/118843373_3588881744476495_2914672073549967231_o-150x150.jpg",150,150,true],"medium":["https:\/\/sarmacjabedzin.pl\/wp-content\/uploads\/2021\/01\/118843373_3588881744476495_2914672073549967231_o-300x207.jpg",300,207,true],"large":["https:\/\/sarmacjabedzin.pl\/wp-content\/uploads\/2021\/01\/118843373_3588881744476495_2914672073549967231_o-1024x706.jpg",1024,706,true],"1536x1536":["https:\/\/sarmacjabedzin.pl\/wp-content\/uploads\/2021\/01\/118843373_3588881744476495_2914672073549967231_o-1536x1059.jpg",1536,1059,true],"2048x2048":["https:\/\/sarmacjabedzin.pl\/wp-content\/uploads\/2021\/01\/118843373_3588881744476495_2914672073549967231_o.jpg",1596,1100,false],"sportspress-crop-medium":["https:\/\/sarmacjabedzin.pl\/wp-content\/uploads\/2021\/01\/118843373_3588881744476495_2914672073549967231_o-300x300.jpg",300,300,true],"sportspress-fit-medium":["https:\/\/sarmacjabedzin.pl\/wp-content\/uploads\/2021\/01\/118843373_3588881744476495_2914672073549967231_o-300x207.jpg",300,207,true],"sportspress-fit-icon":["https:\/\/sarmacjabedzin.pl\/wp-content\/uploads\/2021\/01\/118843373_3588881744476495_2914672073549967231_o-128x88.jpg",128,88,true],"sportspress-fit-mini":["https:\/\/sarmacjabedzin.pl\/wp-content\/uploads\/2021\/01\/118843373_3588881744476495_2914672073549967231_o-32x22.jpg",32,22,true],"ultp_layout_landscape_large":["https:\/\/sarmacjabedzin.pl\/wp-content\/uploads\/2021\/01\/118843373_3588881744476495_2914672073549967231_o-1200x800.jpg",1200,800,true],"ultp_layout_landscape":["https:\/\/sarmacjabedzin.pl\/wp-content\/uploads\/2021\/01\/118843373_3588881744476495_2914672073549967231_o-870x570.jpg",870,570,true],"ultp_layout_portrait":["https:\/\/sarmacjabedzin.pl\/wp-content\/uploads\/2021\/01\/118843373_3588881744476495_2914672073549967231_o-600x900.jpg",600,900,true],"ultp_layout_square":["https:\/\/sarmacjabedzin.pl\/wp-content\/uploads\/2021\/01\/118843373_3588881744476495_2914672073549967231_o-600x600.jpg",600,600,true],"stm-1140-666":["https:\/\/sarmacjabedzin.pl\/wp-content\/uploads\/2021\/01\/118843373_3588881744476495_2914672073549967231_o-1140x666.jpg",1140,666,true],"stm-1170-650":["https:\/\/sarmacjabedzin.pl\/wp-content\/uploads\/2021\/01\/118843373_3588881744476495_2914672073549967231_o-1170x650.jpg",1170,650,true],"stm-570-350":["https:\/\/sarmacjabedzin.pl\/wp-content\/uploads\/2021\/01\/118843373_3588881744476495_2914672073549967231_o-570x350.jpg",570,350,true],"stm-570-250":["https:\/\/sarmacjabedzin.pl\/wp-content\/uploads\/2021\/01\/118843373_3588881744476495_2914672073549967231_o-570x250.jpg",570,250,true],"stm-270-370":["https:\/\/sarmacjabedzin.pl\/wp-content\/uploads\/2021\/01\/118843373_3588881744476495_2914672073549967231_o-270x370.jpg",270,370,true],"stm-540-500":["https:\/\/sarmacjabedzin.pl\/wp-content\/uploads\/2021\/01\/118843373_3588881744476495_2914672073549967231_o-540x500.jpg",540,500,true],"stm-270-530":["https:\/\/sarmacjabedzin.pl\/wp-content\/uploads\/2021\/01\/118843373_3588881744476495_2914672073549967231_o-270x530.jpg",270,530,true],"stm-200-200":["https:\/\/sarmacjabedzin.pl\/wp-content\/uploads\/2021\/01\/118843373_3588881744476495_2914672073549967231_o-200x200.jpg",200,200,true],"stm-85-105":["https:\/\/sarmacjabedzin.pl\/wp-content\/uploads\/2021\/01\/118843373_3588881744476495_2914672073549967231_o-85x105.jpg",85,105,true],"stm-255-255":["https:\/\/sarmacjabedzin.pl\/wp-content\/uploads\/2021\/01\/118843373_3588881744476495_2914672073549967231_o-255x255.jpg",255,255,true],"stm-360-240":["https:\/\/sarmacjabedzin.pl\/wp-content\/uploads\/2021\/01\/118843373_3588881744476495_2914672073549967231_o-360x240.jpg",360,240,true],"stm-360-495":["https:\/\/sarmacjabedzin.pl\/wp-content\/uploads\/2021\/01\/118843373_3588881744476495_2914672073549967231_o-360x495.jpg",360,495,true],"stm-445-400":["https:\/\/sarmacjabedzin.pl\/wp-content\/uploads\/2021\/01\/118843373_3588881744476495_2914672073549967231_o-445x400.jpg",445,400,true],"stm-735-240":["https:\/\/sarmacjabedzin.pl\/wp-content\/uploads\/2021\/01\/118843373_3588881744476495_2914672073549967231_o-735x240.jpg",735,240,true],"stm-255-183":["https:\/\/sarmacjabedzin.pl\/wp-content\/uploads\/2021\/01\/118843373_3588881744476495_2914672073549967231_o-255x183.jpg",255,183,true],"stm-350-250":["https:\/\/sarmacjabedzin.pl\/wp-content\/uploads\/2021\/01\/118843373_3588881744476495_2914672073549967231_o-350x250.jpg",350,250,true],"blog_list":["https:\/\/sarmacjabedzin.pl\/wp-content\/uploads\/2021\/01\/118843373_3588881744476495_2914672073549967231_o-270x220.jpg",270,220,true],"blog_list_medium":["https:\/\/sarmacjabedzin.pl\/wp-content\/uploads\/2021\/01\/118843373_3588881744476495_2914672073549967231_o-390x345.jpg",390,345,true],"gallery_thumbnail":["https:\/\/sarmacjabedzin.pl\/wp-content\/uploads\/2021\/01\/118843373_3588881744476495_2914672073549967231_o-80x80.jpg",80,80,true],"gallery_image":["https:\/\/sarmacjabedzin.pl\/wp-content\/uploads\/2021\/01\/118843373_3588881744476495_2914672073549967231_o-560x367.jpg",560,367,true],"gallery_image_mini":["https:\/\/sarmacjabedzin.pl\/wp-content\/uploads\/2021\/01\/118843373_3588881744476495_2914672073549967231_o-143x116.jpg",143,116,true],"player_photo":["https:\/\/sarmacjabedzin.pl\/wp-content\/uploads\/2021\/01\/118843373_3588881744476495_2914672073549967231_o-740x740.jpg",740,740,true],"team_logo":["https:\/\/sarmacjabedzin.pl\/wp-content\/uploads\/2021\/01\/118843373_3588881744476495_2914672073549967231_o-98x68.jpg",98,68,true],"player_stat_ava":["https:\/\/sarmacjabedzin.pl\/wp-content\/uploads\/2021\/01\/118843373_3588881744476495_2914672073549967231_o-550x580.jpg",550,580,true],"post-350-220":["https:\/\/sarmacjabedzin.pl\/wp-content\/uploads\/2021\/01\/118843373_3588881744476495_2914672073549967231_o-350x220.jpg",350,220,true],"post-275-142":["https:\/\/sarmacjabedzin.pl\/wp-content\/uploads\/2021\/01\/118843373_3588881744476495_2914672073549967231_o-275x142.jpg",275,142,true],"post-160-120":["https:\/\/sarmacjabedzin.pl\/wp-content\/uploads\/2021\/01\/118843373_3588881744476495_2914672073549967231_o-160x120.jpg",160,120,true],"post-110-70":["https:\/\/sarmacjabedzin.pl\/wp-content\/uploads\/2021\/01\/118843373_3588881744476495_2914672073549967231_o-110x70.jpg",110,70,true],"post-770-450":["https:\/\/sarmacjabedzin.pl\/wp-content\/uploads\/2021\/01\/118843373_3588881744476495_2914672073549967231_o-770x450.jpg",770,450,true],"post-370-210":["https:\/\/sarmacjabedzin.pl\/wp-content\/uploads\/2021\/01\/118843373_3588881744476495_2914672073549967231_o-370x210.jpg",370,210,true],"post-457-470":["https:\/\/sarmacjabedzin.pl\/wp-content\/uploads\/2021\/01\/118843373_3588881744476495_2914672073549967231_o-457x470.jpg",457,470,true],"post-370-420":["https:\/\/sarmacjabedzin.pl\/wp-content\/uploads\/2021\/01\/118843373_3588881744476495_2914672073549967231_o-370x420.jpg",370,420,true],"stm-445-445":["https:\/\/sarmacjabedzin.pl\/wp-content\/uploads\/2021\/01\/118843373_3588881744476495_2914672073549967231_o-445x445.jpg",445,445,true],"stm-555-460":["https:\/\/sarmacjabedzin.pl\/wp-content\/uploads\/2021\/01\/118843373_3588881744476495_2914672073549967231_o-555x460.jpg",555,460,true],"stm-350-450":["https:\/\/sarmacjabedzin.pl\/wp-content\/uploads\/2021\/01\/118843373_3588881744476495_2914672073549967231_o-350x450.jpg",350,450,true],"stm-720-440":["https:\/\/sarmacjabedzin.pl\/wp-content\/uploads\/2021\/01\/118843373_3588881744476495_2914672073549967231_o-720x440.jpg",720,440,true],"stm-270-270":["https:\/\/sarmacjabedzin.pl\/wp-content\/uploads\/2021\/01\/118843373_3588881744476495_2914672073549967231_o.jpg",270,186,false],"stm-760-450":["https:\/\/sarmacjabedzin.pl\/wp-content\/uploads\/2021\/01\/118843373_3588881744476495_2914672073549967231_o.jpg",653,450,false]},"rttpg_author":{"display_name":"tyrtak","author_link":false},"rttpg_comment":0,"rttpg_category":"<a href=\"https:\/\/sarmacjabedzin.pl\/index.php\/category\/soccer\/\" rel=\"category tag\">Liga<\/a>","rttpg_excerpt":"Dnia 02.09.2020 roku o godz.17.00 pi\u0142karze Sarmacji B\u0119dzin rozegrali mecz zaleg\u0142ej II kolejki ligowej z dru\u017cyn\u0105 \u015al\u0105ska \u015awi\u0119toch\u0142owice. Pierwotnie spotkanie to mia\u0142o si\u0119 odby\u0107 1 sierpnia, lecz zosta\u0142o odwo\u0142ane z powodu zagro\u017cenia epidemicznego. W ostatniej kolejce oba zespo\u0142y odnios\u0142y cenne zwyci\u0119stwa. Sarmacja pokona\u0142a na w\u0142asnym terenie Szczakowiank\u0119 Jaworzno 2:0, natomiast \u015al\u0105sk na wyje\u017adzie po dramatycznym...","_links":{"self":[{"href":"https:\/\/sarmacjabedzin.pl\/index.php\/wp-json\/wp\/v2\/posts\/2378","targetHints":{"allow":["GET"]}}],"collection":[{"href":"https:\/\/sarmacjabedzin.pl\/index.php\/wp-json\/wp\/v2\/posts"}],"about":[{"href":"https:\/\/sarmacjabedzin.pl\/index.php\/wp-json\/wp\/v2\/types\/post"}],"author":[{"embeddable":true,"href":"https:\/\/sarmacjabedzin.pl\/index.php\/wp-json\/wp\/v2\/users\/1"}],"replies":[{"embeddable":true,"href":"https:\/\/sarmacjabedzin.pl\/index.php\/wp-json\/wp\/v2\/comments?post=2378"}],"version-history":[{"count":0,"href":"https:\/\/sarmacjabedzin.pl\/index.php\/wp-json\/wp\/v2\/posts\/2378\/revisions"}],"wp:featuredmedia":[{"embeddable":true,"href":"https:\/\/sarmacjabedzin.pl\/index.php\/wp-json\/wp\/v2\/media\/2379"}],"wp:attachment":[{"href":"https:\/\/sarmacjabedzin.pl\/index.php\/wp-json\/wp\/v2\/media?parent=2378"}],"wp:term":[{"taxonomy":"category","embeddable":true,"href":"https:\/\/sarmacjabedzin.pl\/index.php\/wp-json\/wp\/v2\/categories?post=2378"},{"taxonomy":"post_tag","embeddable":true,"href":"https:\/\/sarmacjabedzin.pl\/index.php\/wp-json\/wp\/v2\/tags?post=2378"}],"curies":[{"name":"wp","href":"https:\/\/api.w.org\/{rel}","templated":true}]}}