{"id":2403,"date":"2020-09-26T23:01:31","date_gmt":"2020-09-26T21:01:31","guid":{"rendered":"http:\/\/sarmacjabedzin.pl\/?p=2403"},"modified":"2021-01-20T23:03:13","modified_gmt":"2021-01-20T22:03:13","slug":"zwyciestwo-po-koncertowej-drugiej-polowie","status":"publish","type":"post","link":"https:\/\/sarmacjabedzin.pl\/index.php\/2020\/09\/26\/zwyciestwo-po-koncertowej-drugiej-polowie\/","title":{"rendered":"Zwyci\u0119stwo po koncertowej drugiej po\u0142owie!"},"content":{"rendered":"<div class=\"o9v6fnle cxmmr5t8 oygrvhab hcukyx3x c1et5uql ii04i59q\">\n<div dir=\"auto\">Dnia 26.09.2020 roku o godz.13.00 pi\u0142karze Sarmacji B\u0119dzin w meczu o ligowe punkty podejmowali na w\u0142asnym boisku dru\u017cyn\u0119 rezerw Rakowa Cz\u0119stochowa. Przed tym spotkaniem rywale zajmowali wysokie 3 miejsce w tabeli. W ubieg\u0142\u0105 sobot\u0119 przed w\u0142asn\u0105 publiczno\u015bci\u0105 zremisowali z Wart\u0105 Zawiercie 1:1.<\/div>\n<div dir=\"auto\">Sarmaci na wyje\u017adzie doznali kolejnej pora\u017cki z dru\u017cyn\u0105 Unii D\u0105browa G\u00f3rnicza 1:2.<\/div>\n<div dir=\"auto\">Sobotni pojedynek z cz\u0119stochowianami mia\u0142 ogromne znaczenie dla naszej dru\u017cyny. Ewentualna pora\u017cka skutkowa\u0142a spadkiem na dno tabeli.<\/div>\n<div dir=\"auto\">Niestety nerwowo\u015b\u0107 w naszych szeregach da\u0142a si\u0119 odczu\u0107 ju\u017c od pierwszych minut spotkania i<\/div>\n<div dir=\"auto\">pocz\u0105tek tego pojedynku u\u0142o\u017cy\u0142 si\u0119 katastrofalnie.<\/div>\n<div dir=\"auto\">Ju\u017c po 12 sekundach przyjezdni fetowali zdobycie pierwszego gola. Zbyt \u0142atwa strata pi\u0142ki z lewej strony boiska zako\u0144czy\u0142a si\u0119 precyzyjnym strza\u0142em zza pola karnego, tu\u017c przy s\u0142upku naszej bramki.<\/div>\n<div dir=\"auto\">Sarmaci rozpami\u0119tuj\u0105cy jeszcze utrat\u0119 pierwszego gola, ju\u017c w 4 minucie zdo\u0142ali si\u0119 da\u0107 ponownie zaskoczy\u0107 rywalowi. Tym razem pi\u0142k\u0119 po strzale przyjezdnych zdo\u0142a\u0142 wybi\u0107 przed siebie golkiper b\u0119dzinian. Niestety dobitka okaza\u0142a si\u0119 ju\u017c na tyle precyzyjna, \u017ce futbol\u00f3wka ponownie znalaz\u0142a miejsce w siatce gospodarzy.<\/div>\n<div dir=\"auto\">Strata dw\u00f3ch goli w okresie 4 minut by\u0142a ci\u0119\u017ckim nokautem dla podopiecznych trenera Micha\u0142a Pluty.<\/div>\n<div dir=\"auto\">W 21 minucie fatalne zagranie do ty\u0142u Kamila Adamczyka zako\u0144czy\u0142o si\u0119 przej\u0119ciem pi\u0142ki przez zawodnika cz\u0119stochowian, kt\u00f3ry wybieg\u0142 na pozycj\u0119 sam na sam z Rafa\u0142em Dawidem.<\/div>\n<div dir=\"auto\">Golkiper b\u0119dzinian zachowa\u0142 zimn\u0105 krew i wyszed\u0142 z tego pojedynku obronn\u0105 r\u0119k\u0105.<\/div>\n<div dir=\"auto\">W 26 minucie Kacper Zawadzki stan\u0105\u0142 w podobnej sytuacji z bramkarzem przyjezdnych.<\/div>\n<div dir=\"auto\">Pr\u00f3buj\u0105c go lobowa\u0107, straci\u0142 futbol\u00f3wk\u0119, kt\u00f3ra potem trafi\u0142a do Romana Terbalyana.<\/div>\n<div dir=\"auto\">Ten w znakomitej sytuacji oddaj\u0105c strza\u0142 na bramk\u0119 rywala, trafi\u0142 pechowo w obro\u0144c\u0119 Rakowa.<\/div>\n<div dir=\"auto\">Chwil\u0119 p\u00f3\u017aniej pi\u0142ka po g\u0142\u00f3wce Krystiana Duda\u0142y wyl\u0105dowa\u0142a w r\u0119kawicach bramkarza go\u015bci.<\/div>\n<div dir=\"auto\">W 37 minucie pr\u00f3ba strza\u0142u z rzutu wolnego przez Mateusza Koz\u0142owskiego zako\u0144czy\u0142a si\u0119 udan\u0105 interwencj\u0105 golkipera cz\u0119stochowian.<\/div>\n<div dir=\"auto\">W 43 minucie znakomitym pi\u0105stkowaniem popisa\u0142 si\u0119 Rafa\u0142 Dawid, kt\u00f3ry za\u017cegna\u0142 gro\u017anej sytuacji.<\/div>\n<div dir=\"auto\">Chwil\u0119 potem ponownie zachowa\u0142 si\u0119 wy\u015bmienicie, zatrzymuj\u0105c nogami silny strza\u0142 rywala.<\/div>\n<div dir=\"auto\">Do szatni na przerw\u0119 nasi pi\u0142karze zeszli ze spuszczonymi g\u0142owami.<\/div>\n<div dir=\"auto\">Na drug\u0105 po\u0142ow\u0119 wybiegli ju\u017c w pe\u0142ni zmobilizowani przez trenera.<\/div>\n<div dir=\"auto\">Od tego momentu obraz gry uleg\u0142 ca\u0142kowitej zmianie. Gospodarze ruszyli do odrabiania strat, natomiast go\u015bcie zadowoleni z prowadzenie 2:0 skupili si\u0119 na obronie korzystnego wyniku.<\/div>\n<div dir=\"auto\">Ju\u017c w 47 minucie znak do ataku da\u0142 Wojciech Ba\u0142a, kt\u00f3rego strza\u0142 dystansu, bramkarz przyjezdnych z trudem wypi\u0105stkowa\u0142 przed siebie.<\/div>\n<div dir=\"auto\">Ten sam zawodnik w 53 minucie pos\u0142a\u0142 futbol\u00f3wk\u0119 nad poprzeczk\u0105 bramki rywala.<\/div>\n<div dir=\"auto\">W 63 minucie kolejn\u0105 \u015bwietn\u0105 interwencj\u0105 po rzucie wolnym popisa\u0142 si\u0119 nasz golkiper.<\/div>\n<div dir=\"auto\">Dwie minuty p\u00f3\u017aniej pi\u0142k\u0119 z prawej strony w pole karne rywala pos\u0142a\u0142 Kamil Adamczyk.<\/div>\n<div dir=\"auto\">Znajduj\u0105cy si\u0119 tam Roman Terbalyan pr\u00f3buj\u0105c g\u0142\u00f3wkowa\u0107, uderzy\u0142 j\u0105 nieczysto, w wyniku czego przelecia\u0142a ona obok s\u0142upka.<\/div>\n<div dir=\"auto\">Cz\u0119ste ataki b\u0119dzinian zapowiada\u0142y ciekaw\u0105 ko\u0144c\u00f3wk\u0119 tego spotkania.<\/div>\n<div dir=\"auto\">W 70 minucie pi\u0142k\u0119 po strzale Kamila Adamczyka z dystansu z trudem wy\u0142apa\u0142 bramkarz go\u015bci.<\/div>\n<div dir=\"auto\">Dwie minuty p\u00f3\u017aniej kapitalnym zagraniem do Romana Terbalyana popisa\u0142 si\u0119 \u015bwietnie graj\u0105cy dzi\u015b Wojciech Ba\u0142a. Nasz pomocnik schodz\u0105c na prawo, odda\u0142 precyzyjny strza\u0142 z ostrego k\u0105ta po d\u0142ugim s\u0142upku. Futbol\u00f3wka bez przeszk\u00f3d wyl\u0105dowa\u0142a w siatce zaskoczonego rywala.<\/div>\n<div dir=\"auto\">Ta bramka przywr\u00f3ci\u0142a wiar\u0119 naszej dru\u017cynie w osi\u0105gni\u0119cie korzystnego rezultatu.<\/div>\n<div dir=\"auto\">W 75 minucie Wojciech Ba\u0142a skorzysta\u0142 z zamieszania pod bramk\u0105 cz\u0119stochowian, oddaj\u0105c strza\u0142.<\/div>\n<div dir=\"auto\">Niestety brak\u0142o precyzji, a pi\u0142ka przelecia\u0142a obok s\u0142upka.<\/div>\n<div dir=\"auto\">Nasz pomocnik maj\u0105cy dzi\u015b ogromn\u0105 ochot\u0119 na zdobycie gola, w 77 minucie wznosi\u0142 r\u0119ce w ge\u015bcie rado\u015bci.<\/div>\n<div dir=\"auto\">Kapitaln\u0105 akcj\u0119 zainicjowa\u0142 p\u0119dz\u0105cy lew\u0105 stron\u0105 boiska Mateusz Koz\u0142owski, kt\u00f3ry gubi\u0105c rywala, zagra\u0142 pi\u0142k\u0119 do Romana Terbalyana. Nasz pomocnik natychmiast wy\u0142o\u017cy\u0142 j\u0105 do Wojciecha Ba\u0142y, a ten przek\u0142adaj\u0105c pi\u0142k\u0119 na lew\u0105 nog\u0119, odda\u0142 kapitalny strza\u0142, po kt\u00f3rym bramkarzowi Rakowa nie pozosta\u0142o nic innego jak wyjmowa\u0107 pi\u0142k\u0119 z w\u0142asnej siatki.<\/div>\n<div dir=\"auto\">Czuj\u0105cy wymykaj\u0105ce si\u0119 zwyci\u0119stwo rywale grali z ogromn\u0105 nerwowo\u015bci\u0105.<\/div>\n<div dir=\"auto\">Natomiast Sarmaci, czuj\u0105c swoj\u0105 szans\u0119 nie cofn\u0119li si\u0119, id\u0105c po swoje.<\/div>\n<div dir=\"auto\">W 80 minucie zostali za to nagrodzeni zwyci\u0119skim golem. Strzelcem bramki by\u0142 Roman Terbalyan.<\/div>\n<div dir=\"auto\">Maj\u0105cy sporo swobody z prawej strony boiska Kamil Adamczyk zbieg\u0142 do \u015brodka pola, a nast\u0119pnie zagra\u0142 futbol\u00f3wk\u0119 do Kacpra Zawadzkiego. Ten z trudem przekaza\u0142 j\u0105 Romanowi Terbalyanowi, kt\u00f3ry pos\u0142a\u0142 j\u0105 do siatki gospodarzy mimo rozpaczliwej interwencji obro\u0144cy.<\/div>\n<div dir=\"auto\">Rado\u015b\u0107 po zdobyciu tego gola by\u0142a ogromna.<\/div>\n<div dir=\"auto\">Mimo odrobienia strat i prowadzenia 3:2 Sarmaci dalej parli do przodu.<\/div>\n<div dir=\"auto\">W 88 minucie powinno by\u0107 4:2. Niestety b\u0119d\u0105cy obecnie w s\u0142abej dyspozycji Alex Tyszczak zmarnowa\u0142 idealn\u0105 sytuacj\u0119 sam na sam z golkiperem przyjezdnych.<\/div>\n<div dir=\"auto\">Ostatecznie Sarmacja pokona\u0142a siln\u0105 dru\u017cyn\u0119 rezerw Rakowa Cz\u0119stochowa 3:2 (0:2).<\/div>\n<div dir=\"auto\">Za drug\u0105 po\u0142ow\u0119 w wykonaniu naszej dru\u017cyny nale\u017c\u0105 si\u0119 s\u0142owa uznania dla naszych pi\u0142karzy, kt\u00f3rzy z tak silnym rywalem potrafili odwr\u00f3ci\u0107 losy tego spotkania.<\/div>\n<div dir=\"auto\">Przegrywaj\u0105c 0:2, wygra\u0107 3:2 to wyczyn godny odnotowania.<\/div>\n<div dir=\"auto\">Ciesz\u0105 wywalczone ci\u0119\u017cko 3 punkty, kt\u00f3re maj\u0105 dla nas ogromne znaczenie.<\/div>\n<div dir=\"auto\">Mamy nadziej\u0119, \u017ce podopieczni trenera Micha\u0142a Pluty wreszcie uwierz\u0105 w swoje umiej\u0119tno\u015bci i w kolejnych spotkaniach postaraj\u0105 si\u0119 zagra\u0107 90 minut na swoim najwy\u017cszym poziomie.<\/div>\n<div dir=\"auto\">Za ca\u0142\u0105 pewno\u015bci\u0105 ich na to sta\u0107.<\/div>\n<div dir=\"auto\">Ju\u017c za tydzie\u0144 Sarmaci zmierz\u0105 si\u0119 na wyje\u017adzie z dru\u017cyn\u0105 Warty Zawiercie.<\/div>\n<div dir=\"auto\">&nbsp;<\/div>\n<div dir=\"auto\"><strong>Sarmacja B\u0119dzin \u2013 Rak\u00f3w II Cz\u0119stochowa 3:2 (0:2)<\/strong><\/div>\n<div dir=\"auto\">&nbsp;<\/div>\n<div dir=\"auto\"><strong>S\u0119dzia:<\/strong> Andrzej Majcher (Zabrze)<\/div>\n<div dir=\"auto\">&nbsp;<\/div>\n<div dir=\"auto\"><strong>Bramki:<\/strong><\/div>\n<\/div>\n<div class=\"o9v6fnle cxmmr5t8 oygrvhab hcukyx3x c1et5uql ii04i59q\">\n<div dir=\"auto\">72&#8242;, 80&#8242; Terbalyan<\/div>\n<div dir=\"auto\">77&#8242; Ba\u0142a<\/div>\n<div dir=\"auto\">___________<\/div>\n<div dir=\"auto\">1&#8242; Budnicki<\/div>\n<\/div>\n<div class=\"o9v6fnle cxmmr5t8 oygrvhab hcukyx3x c1et5uql ii04i59q\">\n<div dir=\"auto\">4&#8242; Chili\u0144ski<\/div>\n<div dir=\"auto\">&nbsp;<\/div>\n<div dir=\"auto\"><strong>\u017b\u00f3\u0142te kartki:<\/strong><\/div>\n<\/div>\n<div class=\"o9v6fnle cxmmr5t8 oygrvhab hcukyx3x c1et5uql ii04i59q\">\n<div dir=\"auto\">75&#8242; G\u0105dek<\/div>\n<div dir=\"auto\">79&#8242; Zawadzki<\/div>\n<div dir=\"auto\">&nbsp;<\/div>\n<div dir=\"auto\"><strong>Sarmacja B\u0119dzin:<\/strong> Dawid \u2013 D.Skrzypi\u0144ski, Majka, Duda\u0142a, Koz\u0142owski, Terbalyan, G\u0105dek, Ba\u0142a (93&#8242; Bolek), Adamczyk (81&#8242; K.Skrzypi\u0144ski), Widurski (62&#8242; Fulianty), Zawadzki (84&#8242; Tyszczak)<\/div>\n<\/div>\n","protected":false},"excerpt":{"rendered":"<p>Dnia 26.09.2020 roku o godz.13.00 pi\u0142karze Sarmacji B\u0119dzin w meczu o ligowe punkty podejmowali na w\u0142asnym boisku dru\u017cyn\u0119 rezerw Rakowa Cz\u0119stochowa. Przed tym spotkaniem rywale zajmowali wysokie 3 miejsce w tabeli. W ubieg\u0142\u0105 sobot\u0119 przed w\u0142asn\u0105 publiczno\u015bci\u0105 zremisowali z Wart\u0105 Zawiercie 1:1. Sarmaci na wyje\u017adzie doznali kolejnej pora\u017cki z dru\u017cyn\u0105 Unii D\u0105browa G\u00f3rnicza 1:2. Sobotni&#8230;<\/p>\n","protected":false},"author":1,"featured_media":2404,"comment_status":"open","ping_status":"open","sticky":false,"template":"","format":"standard","meta":{"footnotes":""},"categories":[64],"tags":[],"class_list":["post-2403","post","type-post","status-publish","format-standard","has-post-thumbnail","hentry","category-soccer"],"yoast_head":"<!-- This site is optimized with the Yoast SEO plugin v25.8 - https:\/\/yoast.com\/wordpress\/plugins\/seo\/ -->\n<title>Zwyci\u0119stwo po koncertowej drugiej po\u0142owie! | BKS Sarmacja B\u0119dzin<\/title>\n<meta name=\"robots\" content=\"index, follow, max-snippet:-1, max-image-preview:large, max-video-preview:-1\" \/>\n<link rel=\"canonical\" href=\"https:\/\/sarmacjabedzin.pl\/index.php\/2020\/09\/26\/zwyciestwo-po-koncertowej-drugiej-polowie\/\" \/>\n<meta property=\"og:locale\" content=\"pl_PL\" \/>\n<meta property=\"og:type\" content=\"article\" \/>\n<meta property=\"og:title\" content=\"Zwyci\u0119stwo po koncertowej drugiej po\u0142owie! | BKS Sarmacja B\u0119dzin\" \/>\n<meta property=\"og:description\" content=\"Dnia 26.09.2020 roku o godz.13.00 pi\u0142karze Sarmacji B\u0119dzin w meczu o ligowe punkty podejmowali na w\u0142asnym boisku dru\u017cyn\u0119 rezerw Rakowa Cz\u0119stochowa. Przed tym spotkaniem rywale zajmowali wysokie 3 miejsce w tabeli. W ubieg\u0142\u0105 sobot\u0119 przed w\u0142asn\u0105 publiczno\u015bci\u0105 zremisowali z Wart\u0105 Zawiercie 1:1. Sarmaci na wyje\u017adzie doznali kolejnej pora\u017cki z dru\u017cyn\u0105 Unii D\u0105browa G\u00f3rnicza 1:2. Sobotni...\" \/>\n<meta property=\"og:url\" content=\"https:\/\/sarmacjabedzin.pl\/index.php\/2020\/09\/26\/zwyciestwo-po-koncertowej-drugiej-polowie\/\" \/>\n<meta property=\"og:site_name\" content=\"BKS Sarmacja B\u0119dzin\" \/>\n<meta property=\"article:publisher\" content=\"https:\/\/www.facebook.com\/SarmacjaBedzin\" \/>\n<meta property=\"article:published_time\" content=\"2020-09-26T21:01:31+00:00\" \/>\n<meta property=\"article:modified_time\" content=\"2021-01-20T22:03:13+00:00\" \/>\n<meta property=\"og:image\" content=\"https:\/\/sarmacjabedzin.pl\/wp-content\/uploads\/2021\/01\/120276411_3662203277144341_7365093555506628218_o.jpg\" \/>\n\t<meta property=\"og:image:width\" content=\"1600\" \/>\n\t<meta property=\"og:image:height\" content=\"1064\" \/>\n\t<meta property=\"og:image:type\" content=\"image\/jpeg\" \/>\n<meta name=\"author\" content=\"tyrtak\" \/>\n<meta name=\"twitter:card\" content=\"summary_large_image\" \/>\n<meta name=\"twitter:label1\" content=\"Napisane przez\" \/>\n\t<meta name=\"twitter:data1\" content=\"tyrtak\" \/>\n\t<meta name=\"twitter:label2\" content=\"Szacowany czas czytania\" \/>\n\t<meta name=\"twitter:data2\" content=\"5 minut\" \/>\n<script type=\"application\/ld+json\" class=\"yoast-schema-graph\">{\"@context\":\"https:\/\/schema.org\",\"@graph\":[{\"@type\":\"WebPage\",\"@id\":\"https:\/\/sarmacjabedzin.pl\/index.php\/2020\/09\/26\/zwyciestwo-po-koncertowej-drugiej-polowie\/\",\"url\":\"https:\/\/sarmacjabedzin.pl\/index.php\/2020\/09\/26\/zwyciestwo-po-koncertowej-drugiej-polowie\/\",\"name\":\"Zwyci\u0119stwo po koncertowej drugiej po\u0142owie! | BKS Sarmacja B\u0119dzin\",\"isPartOf\":{\"@id\":\"https:\/\/sarmacjabedzin.pl\/#website\"},\"primaryImageOfPage\":{\"@id\":\"https:\/\/sarmacjabedzin.pl\/index.php\/2020\/09\/26\/zwyciestwo-po-koncertowej-drugiej-polowie\/#primaryimage\"},\"image\":{\"@id\":\"https:\/\/sarmacjabedzin.pl\/index.php\/2020\/09\/26\/zwyciestwo-po-koncertowej-drugiej-polowie\/#primaryimage\"},\"thumbnailUrl\":\"https:\/\/sarmacjabedzin.pl\/wp-content\/uploads\/2021\/01\/120276411_3662203277144341_7365093555506628218_o.jpg\",\"datePublished\":\"2020-09-26T21:01:31+00:00\",\"dateModified\":\"2021-01-20T22:03:13+00:00\",\"author\":{\"@id\":\"https:\/\/sarmacjabedzin.pl\/#\/schema\/person\/5417ea7b03bcd9adf58298a2265ce03a\"},\"breadcrumb\":{\"@id\":\"https:\/\/sarmacjabedzin.pl\/index.php\/2020\/09\/26\/zwyciestwo-po-koncertowej-drugiej-polowie\/#breadcrumb\"},\"inLanguage\":\"pl-PL\",\"potentialAction\":[{\"@type\":\"ReadAction\",\"target\":[\"https:\/\/sarmacjabedzin.pl\/index.php\/2020\/09\/26\/zwyciestwo-po-koncertowej-drugiej-polowie\/\"]}]},{\"@type\":\"ImageObject\",\"inLanguage\":\"pl-PL\",\"@id\":\"https:\/\/sarmacjabedzin.pl\/index.php\/2020\/09\/26\/zwyciestwo-po-koncertowej-drugiej-polowie\/#primaryimage\",\"url\":\"https:\/\/sarmacjabedzin.pl\/wp-content\/uploads\/2021\/01\/120276411_3662203277144341_7365093555506628218_o.jpg\",\"contentUrl\":\"https:\/\/sarmacjabedzin.pl\/wp-content\/uploads\/2021\/01\/120276411_3662203277144341_7365093555506628218_o.jpg\",\"width\":1600,\"height\":1064},{\"@type\":\"BreadcrumbList\",\"@id\":\"https:\/\/sarmacjabedzin.pl\/index.php\/2020\/09\/26\/zwyciestwo-po-koncertowej-drugiej-polowie\/#breadcrumb\",\"itemListElement\":[{\"@type\":\"ListItem\",\"position\":1,\"name\":\"Strona g\u0142\u00f3wna\",\"item\":\"https:\/\/sarmacjabedzin.pl\/\"},{\"@type\":\"ListItem\",\"position\":2,\"name\":\"Zwyci\u0119stwo po koncertowej drugiej po\u0142owie!\"}]},{\"@type\":\"WebSite\",\"@id\":\"https:\/\/sarmacjabedzin.pl\/#website\",\"url\":\"https:\/\/sarmacjabedzin.pl\/\",\"name\":\"BKS Sarmacja B\u0119dzin \u2013 Nieoficjalny serwis\",\"description\":\"Nieoficjalny serwis B\u0119dzi\u0144skiego Klubu Sportowego &quot;Sarmacja&quot;\",\"potentialAction\":[{\"@type\":\"SearchAction\",\"target\":{\"@type\":\"EntryPoint\",\"urlTemplate\":\"https:\/\/sarmacjabedzin.pl\/?s={search_term_string}\"},\"query-input\":{\"@type\":\"PropertyValueSpecification\",\"valueRequired\":true,\"valueName\":\"search_term_string\"}}],\"inLanguage\":\"pl-PL\"},{\"@type\":\"Person\",\"@id\":\"https:\/\/sarmacjabedzin.pl\/#\/schema\/person\/5417ea7b03bcd9adf58298a2265ce03a\",\"name\":\"tyrtak\",\"image\":{\"@type\":\"ImageObject\",\"inLanguage\":\"pl-PL\",\"@id\":\"https:\/\/sarmacjabedzin.pl\/#\/schema\/person\/image\/\",\"url\":\"https:\/\/secure.gravatar.com\/avatar\/49b7734c6795cf524710e96813a9fedc1ae3816e479d92490236b4cfc47a5ae1?s=96&d=mm&r=g\",\"contentUrl\":\"https:\/\/secure.gravatar.com\/avatar\/49b7734c6795cf524710e96813a9fedc1ae3816e479d92490236b4cfc47a5ae1?s=96&d=mm&r=g\",\"caption\":\"tyrtak\"}}]}<\/script>\n<!-- \/ Yoast SEO plugin. -->","yoast_head_json":{"title":"Zwyci\u0119stwo po koncertowej drugiej po\u0142owie! | BKS Sarmacja B\u0119dzin","robots":{"index":"index","follow":"follow","max-snippet":"max-snippet:-1","max-image-preview":"max-image-preview:large","max-video-preview":"max-video-preview:-1"},"canonical":"https:\/\/sarmacjabedzin.pl\/index.php\/2020\/09\/26\/zwyciestwo-po-koncertowej-drugiej-polowie\/","og_locale":"pl_PL","og_type":"article","og_title":"Zwyci\u0119stwo po koncertowej drugiej po\u0142owie! | BKS Sarmacja B\u0119dzin","og_description":"Dnia 26.09.2020 roku o godz.13.00 pi\u0142karze Sarmacji B\u0119dzin w meczu o ligowe punkty podejmowali na w\u0142asnym boisku dru\u017cyn\u0119 rezerw Rakowa Cz\u0119stochowa. Przed tym spotkaniem rywale zajmowali wysokie 3 miejsce w tabeli. W ubieg\u0142\u0105 sobot\u0119 przed w\u0142asn\u0105 publiczno\u015bci\u0105 zremisowali z Wart\u0105 Zawiercie 1:1. Sarmaci na wyje\u017adzie doznali kolejnej pora\u017cki z dru\u017cyn\u0105 Unii D\u0105browa G\u00f3rnicza 1:2. Sobotni...","og_url":"https:\/\/sarmacjabedzin.pl\/index.php\/2020\/09\/26\/zwyciestwo-po-koncertowej-drugiej-polowie\/","og_site_name":"BKS Sarmacja B\u0119dzin","article_publisher":"https:\/\/www.facebook.com\/SarmacjaBedzin","article_published_time":"2020-09-26T21:01:31+00:00","article_modified_time":"2021-01-20T22:03:13+00:00","og_image":[{"width":1600,"height":1064,"url":"https:\/\/sarmacjabedzin.pl\/wp-content\/uploads\/2021\/01\/120276411_3662203277144341_7365093555506628218_o.jpg","type":"image\/jpeg"}],"author":"tyrtak","twitter_card":"summary_large_image","twitter_misc":{"Napisane przez":"tyrtak","Szacowany czas czytania":"5 minut"},"schema":{"@context":"https:\/\/schema.org","@graph":[{"@type":"WebPage","@id":"https:\/\/sarmacjabedzin.pl\/index.php\/2020\/09\/26\/zwyciestwo-po-koncertowej-drugiej-polowie\/","url":"https:\/\/sarmacjabedzin.pl\/index.php\/2020\/09\/26\/zwyciestwo-po-koncertowej-drugiej-polowie\/","name":"Zwyci\u0119stwo po koncertowej drugiej po\u0142owie! | BKS Sarmacja B\u0119dzin","isPartOf":{"@id":"https:\/\/sarmacjabedzin.pl\/#website"},"primaryImageOfPage":{"@id":"https:\/\/sarmacjabedzin.pl\/index.php\/2020\/09\/26\/zwyciestwo-po-koncertowej-drugiej-polowie\/#primaryimage"},"image":{"@id":"https:\/\/sarmacjabedzin.pl\/index.php\/2020\/09\/26\/zwyciestwo-po-koncertowej-drugiej-polowie\/#primaryimage"},"thumbnailUrl":"https:\/\/sarmacjabedzin.pl\/wp-content\/uploads\/2021\/01\/120276411_3662203277144341_7365093555506628218_o.jpg","datePublished":"2020-09-26T21:01:31+00:00","dateModified":"2021-01-20T22:03:13+00:00","author":{"@id":"https:\/\/sarmacjabedzin.pl\/#\/schema\/person\/5417ea7b03bcd9adf58298a2265ce03a"},"breadcrumb":{"@id":"https:\/\/sarmacjabedzin.pl\/index.php\/2020\/09\/26\/zwyciestwo-po-koncertowej-drugiej-polowie\/#breadcrumb"},"inLanguage":"pl-PL","potentialAction":[{"@type":"ReadAction","target":["https:\/\/sarmacjabedzin.pl\/index.php\/2020\/09\/26\/zwyciestwo-po-koncertowej-drugiej-polowie\/"]}]},{"@type":"ImageObject","inLanguage":"pl-PL","@id":"https:\/\/sarmacjabedzin.pl\/index.php\/2020\/09\/26\/zwyciestwo-po-koncertowej-drugiej-polowie\/#primaryimage","url":"https:\/\/sarmacjabedzin.pl\/wp-content\/uploads\/2021\/01\/120276411_3662203277144341_7365093555506628218_o.jpg","contentUrl":"https:\/\/sarmacjabedzin.pl\/wp-content\/uploads\/2021\/01\/120276411_3662203277144341_7365093555506628218_o.jpg","width":1600,"height":1064},{"@type":"BreadcrumbList","@id":"https:\/\/sarmacjabedzin.pl\/index.php\/2020\/09\/26\/zwyciestwo-po-koncertowej-drugiej-polowie\/#breadcrumb","itemListElement":[{"@type":"ListItem","position":1,"name":"Strona g\u0142\u00f3wna","item":"https:\/\/sarmacjabedzin.pl\/"},{"@type":"ListItem","position":2,"name":"Zwyci\u0119stwo po koncertowej drugiej po\u0142owie!"}]},{"@type":"WebSite","@id":"https:\/\/sarmacjabedzin.pl\/#website","url":"https:\/\/sarmacjabedzin.pl\/","name":"BKS Sarmacja B\u0119dzin \u2013 Nieoficjalny serwis","description":"Nieoficjalny serwis B\u0119dzi\u0144skiego Klubu Sportowego &quot;Sarmacja&quot;","potentialAction":[{"@type":"SearchAction","target":{"@type":"EntryPoint","urlTemplate":"https:\/\/sarmacjabedzin.pl\/?s={search_term_string}"},"query-input":{"@type":"PropertyValueSpecification","valueRequired":true,"valueName":"search_term_string"}}],"inLanguage":"pl-PL"},{"@type":"Person","@id":"https:\/\/sarmacjabedzin.pl\/#\/schema\/person\/5417ea7b03bcd9adf58298a2265ce03a","name":"tyrtak","image":{"@type":"ImageObject","inLanguage":"pl-PL","@id":"https:\/\/sarmacjabedzin.pl\/#\/schema\/person\/image\/","url":"https:\/\/secure.gravatar.com\/avatar\/49b7734c6795cf524710e96813a9fedc1ae3816e479d92490236b4cfc47a5ae1?s=96&d=mm&r=g","contentUrl":"https:\/\/secure.gravatar.com\/avatar\/49b7734c6795cf524710e96813a9fedc1ae3816e479d92490236b4cfc47a5ae1?s=96&d=mm&r=g","caption":"tyrtak"}}]}},"rttpg_featured_image_url":{"full":["https:\/\/sarmacjabedzin.pl\/wp-content\/uploads\/2021\/01\/120276411_3662203277144341_7365093555506628218_o.jpg",1600,1064,false],"landscape":["https:\/\/sarmacjabedzin.pl\/wp-content\/uploads\/2021\/01\/120276411_3662203277144341_7365093555506628218_o.jpg",1600,1064,false],"portraits":["https:\/\/sarmacjabedzin.pl\/wp-content\/uploads\/2021\/01\/120276411_3662203277144341_7365093555506628218_o.jpg",1600,1064,false],"thumbnail":["https:\/\/sarmacjabedzin.pl\/wp-content\/uploads\/2021\/01\/120276411_3662203277144341_7365093555506628218_o-150x150.jpg",150,150,true],"medium":["https:\/\/sarmacjabedzin.pl\/wp-content\/uploads\/2021\/01\/120276411_3662203277144341_7365093555506628218_o-300x200.jpg",300,200,true],"large":["https:\/\/sarmacjabedzin.pl\/wp-content\/uploads\/2021\/01\/120276411_3662203277144341_7365093555506628218_o-1024x681.jpg",1024,681,true],"1536x1536":["https:\/\/sarmacjabedzin.pl\/wp-content\/uploads\/2021\/01\/120276411_3662203277144341_7365093555506628218_o-1536x1022.jpg",1536,1022,true],"2048x2048":["https:\/\/sarmacjabedzin.pl\/wp-content\/uploads\/2021\/01\/120276411_3662203277144341_7365093555506628218_o.jpg",1600,1064,false],"sportspress-crop-medium":["https:\/\/sarmacjabedzin.pl\/wp-content\/uploads\/2021\/01\/120276411_3662203277144341_7365093555506628218_o-300x300.jpg",300,300,true],"sportspress-fit-medium":["https:\/\/sarmacjabedzin.pl\/wp-content\/uploads\/2021\/01\/120276411_3662203277144341_7365093555506628218_o-300x200.jpg",300,200,true],"sportspress-fit-icon":["https:\/\/sarmacjabedzin.pl\/wp-content\/uploads\/2021\/01\/120276411_3662203277144341_7365093555506628218_o-128x85.jpg",128,85,true],"sportspress-fit-mini":["https:\/\/sarmacjabedzin.pl\/wp-content\/uploads\/2021\/01\/120276411_3662203277144341_7365093555506628218_o-32x21.jpg",32,21,true],"ultp_layout_landscape_large":["https:\/\/sarmacjabedzin.pl\/wp-content\/uploads\/2021\/01\/120276411_3662203277144341_7365093555506628218_o-1200x800.jpg",1200,800,true],"ultp_layout_landscape":["https:\/\/sarmacjabedzin.pl\/wp-content\/uploads\/2021\/01\/120276411_3662203277144341_7365093555506628218_o-870x570.jpg",870,570,true],"ultp_layout_portrait":["https:\/\/sarmacjabedzin.pl\/wp-content\/uploads\/2021\/01\/120276411_3662203277144341_7365093555506628218_o-600x900.jpg",600,900,true],"ultp_layout_square":["https:\/\/sarmacjabedzin.pl\/wp-content\/uploads\/2021\/01\/120276411_3662203277144341_7365093555506628218_o-600x600.jpg",600,600,true],"stm-1140-666":["https:\/\/sarmacjabedzin.pl\/wp-content\/uploads\/2021\/01\/120276411_3662203277144341_7365093555506628218_o-1140x666.jpg",1140,666,true],"stm-1170-650":["https:\/\/sarmacjabedzin.pl\/wp-content\/uploads\/2021\/01\/120276411_3662203277144341_7365093555506628218_o-1170x650.jpg",1170,650,true],"stm-570-350":["https:\/\/sarmacjabedzin.pl\/wp-content\/uploads\/2021\/01\/120276411_3662203277144341_7365093555506628218_o-570x350.jpg",570,350,true],"stm-570-250":["https:\/\/sarmacjabedzin.pl\/wp-content\/uploads\/2021\/01\/120276411_3662203277144341_7365093555506628218_o-570x250.jpg",570,250,true],"stm-270-370":["https:\/\/sarmacjabedzin.pl\/wp-content\/uploads\/2021\/01\/120276411_3662203277144341_7365093555506628218_o-270x370.jpg",270,370,true],"stm-540-500":["https:\/\/sarmacjabedzin.pl\/wp-content\/uploads\/2021\/01\/120276411_3662203277144341_7365093555506628218_o-540x500.jpg",540,500,true],"stm-270-530":["https:\/\/sarmacjabedzin.pl\/wp-content\/uploads\/2021\/01\/120276411_3662203277144341_7365093555506628218_o-270x530.jpg",270,530,true],"stm-200-200":["https:\/\/sarmacjabedzin.pl\/wp-content\/uploads\/2021\/01\/120276411_3662203277144341_7365093555506628218_o-200x200.jpg",200,200,true],"stm-85-105":["https:\/\/sarmacjabedzin.pl\/wp-content\/uploads\/2021\/01\/120276411_3662203277144341_7365093555506628218_o-85x105.jpg",85,105,true],"stm-255-255":["https:\/\/sarmacjabedzin.pl\/wp-content\/uploads\/2021\/01\/120276411_3662203277144341_7365093555506628218_o-255x255.jpg",255,255,true],"stm-360-240":["https:\/\/sarmacjabedzin.pl\/wp-content\/uploads\/2021\/01\/120276411_3662203277144341_7365093555506628218_o-360x240.jpg",360,240,true],"stm-360-495":["https:\/\/sarmacjabedzin.pl\/wp-content\/uploads\/2021\/01\/120276411_3662203277144341_7365093555506628218_o-360x495.jpg",360,495,true],"stm-445-400":["https:\/\/sarmacjabedzin.pl\/wp-content\/uploads\/2021\/01\/120276411_3662203277144341_7365093555506628218_o-445x400.jpg",445,400,true],"stm-735-240":["https:\/\/sarmacjabedzin.pl\/wp-content\/uploads\/2021\/01\/120276411_3662203277144341_7365093555506628218_o-735x240.jpg",735,240,true],"stm-255-183":["https:\/\/sarmacjabedzin.pl\/wp-content\/uploads\/2021\/01\/120276411_3662203277144341_7365093555506628218_o-255x183.jpg",255,183,true],"stm-350-250":["https:\/\/sarmacjabedzin.pl\/wp-content\/uploads\/2021\/01\/120276411_3662203277144341_7365093555506628218_o-350x250.jpg",350,250,true],"blog_list":["https:\/\/sarmacjabedzin.pl\/wp-content\/uploads\/2021\/01\/120276411_3662203277144341_7365093555506628218_o-270x220.jpg",270,220,true],"blog_list_medium":["https:\/\/sarmacjabedzin.pl\/wp-content\/uploads\/2021\/01\/120276411_3662203277144341_7365093555506628218_o-390x345.jpg",390,345,true],"gallery_thumbnail":["https:\/\/sarmacjabedzin.pl\/wp-content\/uploads\/2021\/01\/120276411_3662203277144341_7365093555506628218_o-80x80.jpg",80,80,true],"gallery_image":["https:\/\/sarmacjabedzin.pl\/wp-content\/uploads\/2021\/01\/120276411_3662203277144341_7365093555506628218_o-560x367.jpg",560,367,true],"gallery_image_mini":["https:\/\/sarmacjabedzin.pl\/wp-content\/uploads\/2021\/01\/120276411_3662203277144341_7365093555506628218_o-143x116.jpg",143,116,true],"player_photo":["https:\/\/sarmacjabedzin.pl\/wp-content\/uploads\/2021\/01\/120276411_3662203277144341_7365093555506628218_o-740x740.jpg",740,740,true],"team_logo":["https:\/\/sarmacjabedzin.pl\/wp-content\/uploads\/2021\/01\/120276411_3662203277144341_7365093555506628218_o-98x65.jpg",98,65,true],"player_stat_ava":["https:\/\/sarmacjabedzin.pl\/wp-content\/uploads\/2021\/01\/120276411_3662203277144341_7365093555506628218_o-550x580.jpg",550,580,true],"post-350-220":["https:\/\/sarmacjabedzin.pl\/wp-content\/uploads\/2021\/01\/120276411_3662203277144341_7365093555506628218_o-350x220.jpg",350,220,true],"post-275-142":["https:\/\/sarmacjabedzin.pl\/wp-content\/uploads\/2021\/01\/120276411_3662203277144341_7365093555506628218_o-275x142.jpg",275,142,true],"post-160-120":["https:\/\/sarmacjabedzin.pl\/wp-content\/uploads\/2021\/01\/120276411_3662203277144341_7365093555506628218_o-160x120.jpg",160,120,true],"post-110-70":["https:\/\/sarmacjabedzin.pl\/wp-content\/uploads\/2021\/01\/120276411_3662203277144341_7365093555506628218_o-110x70.jpg",110,70,true],"post-770-450":["https:\/\/sarmacjabedzin.pl\/wp-content\/uploads\/2021\/01\/120276411_3662203277144341_7365093555506628218_o-770x450.jpg",770,450,true],"post-370-210":["https:\/\/sarmacjabedzin.pl\/wp-content\/uploads\/2021\/01\/120276411_3662203277144341_7365093555506628218_o-370x210.jpg",370,210,true],"post-457-470":["https:\/\/sarmacjabedzin.pl\/wp-content\/uploads\/2021\/01\/120276411_3662203277144341_7365093555506628218_o-457x470.jpg",457,470,true],"post-370-420":["https:\/\/sarmacjabedzin.pl\/wp-content\/uploads\/2021\/01\/120276411_3662203277144341_7365093555506628218_o-370x420.jpg",370,420,true],"stm-445-445":["https:\/\/sarmacjabedzin.pl\/wp-content\/uploads\/2021\/01\/120276411_3662203277144341_7365093555506628218_o-445x445.jpg",445,445,true],"stm-555-460":["https:\/\/sarmacjabedzin.pl\/wp-content\/uploads\/2021\/01\/120276411_3662203277144341_7365093555506628218_o-555x460.jpg",555,460,true],"stm-350-450":["https:\/\/sarmacjabedzin.pl\/wp-content\/uploads\/2021\/01\/120276411_3662203277144341_7365093555506628218_o-350x450.jpg",350,450,true],"stm-720-440":["https:\/\/sarmacjabedzin.pl\/wp-content\/uploads\/2021\/01\/120276411_3662203277144341_7365093555506628218_o-720x440.jpg",720,440,true],"stm-270-270":["https:\/\/sarmacjabedzin.pl\/wp-content\/uploads\/2021\/01\/120276411_3662203277144341_7365093555506628218_o.jpg",270,180,false],"stm-760-450":["https:\/\/sarmacjabedzin.pl\/wp-content\/uploads\/2021\/01\/120276411_3662203277144341_7365093555506628218_o.jpg",677,450,false]},"rttpg_author":{"display_name":"tyrtak","author_link":false},"rttpg_comment":0,"rttpg_category":"<a href=\"https:\/\/sarmacjabedzin.pl\/index.php\/category\/soccer\/\" rel=\"category tag\">Liga<\/a>","rttpg_excerpt":"Dnia 26.09.2020 roku o godz.13.00 pi\u0142karze Sarmacji B\u0119dzin w meczu o ligowe punkty podejmowali na w\u0142asnym boisku dru\u017cyn\u0119 rezerw Rakowa Cz\u0119stochowa. Przed tym spotkaniem rywale zajmowali wysokie 3 miejsce w tabeli. W ubieg\u0142\u0105 sobot\u0119 przed w\u0142asn\u0105 publiczno\u015bci\u0105 zremisowali z Wart\u0105 Zawiercie 1:1. Sarmaci na wyje\u017adzie doznali kolejnej pora\u017cki z dru\u017cyn\u0105 Unii D\u0105browa G\u00f3rnicza 1:2. Sobotni...","_links":{"self":[{"href":"https:\/\/sarmacjabedzin.pl\/index.php\/wp-json\/wp\/v2\/posts\/2403","targetHints":{"allow":["GET"]}}],"collection":[{"href":"https:\/\/sarmacjabedzin.pl\/index.php\/wp-json\/wp\/v2\/posts"}],"about":[{"href":"https:\/\/sarmacjabedzin.pl\/index.php\/wp-json\/wp\/v2\/types\/post"}],"author":[{"embeddable":true,"href":"https:\/\/sarmacjabedzin.pl\/index.php\/wp-json\/wp\/v2\/users\/1"}],"replies":[{"embeddable":true,"href":"https:\/\/sarmacjabedzin.pl\/index.php\/wp-json\/wp\/v2\/comments?post=2403"}],"version-history":[{"count":0,"href":"https:\/\/sarmacjabedzin.pl\/index.php\/wp-json\/wp\/v2\/posts\/2403\/revisions"}],"wp:featuredmedia":[{"embeddable":true,"href":"https:\/\/sarmacjabedzin.pl\/index.php\/wp-json\/wp\/v2\/media\/2404"}],"wp:attachment":[{"href":"https:\/\/sarmacjabedzin.pl\/index.php\/wp-json\/wp\/v2\/media?parent=2403"}],"wp:term":[{"taxonomy":"category","embeddable":true,"href":"https:\/\/sarmacjabedzin.pl\/index.php\/wp-json\/wp\/v2\/categories?post=2403"},{"taxonomy":"post_tag","embeddable":true,"href":"https:\/\/sarmacjabedzin.pl\/index.php\/wp-json\/wp\/v2\/tags?post=2403"}],"curies":[{"name":"wp","href":"https:\/\/api.w.org\/{rel}","templated":true}]}}