{"id":2430,"date":"2020-10-31T23:23:16","date_gmt":"2020-10-31T22:23:16","guid":{"rendered":"http:\/\/sarmacjabedzin.pl\/?p=2430"},"modified":"2021-01-20T23:24:23","modified_gmt":"2021-01-20T22:24:23","slug":"zdobyty-punkt-z-polonia","status":"publish","type":"post","link":"https:\/\/sarmacjabedzin.pl\/index.php\/2020\/10\/31\/zdobyty-punkt-z-polonia\/","title":{"rendered":"Zdobyty punkt z Poloni\u0105!"},"content":{"rendered":"<div class=\"o9v6fnle cxmmr5t8 oygrvhab hcukyx3x c1et5uql ii04i59q\">\n<div dir=\"auto\">Dzi\u015b 31.10.2017 roku o godz.11.00 pi\u0142karze Sarmacji B\u0119dzin w meczu o punkty podejmowali na w\u0142asnym stadionie dru\u017cyn\u0119 Polonii \u0141aziska G\u00f3rne.<\/div>\n<div dir=\"auto\">Podopieczni trenera Micha\u0142a Pluty wreszcie mogli wybiegn\u0105\u0107 na muraw\u0119.<\/div>\n<div dir=\"auto\">Dwa ostatnie mecze ligowe z MKS Myszk\u00f3w i Ruchem Radzionk\u00f3w z powod\u00f3w epidemiologicznych zosta\u0142y prze\u0142o\u017cone na inny termin.<\/div>\n<div dir=\"auto\">Po tak d\u0142ugiej przerwie forma b\u0119dzinian stawa\u0142a pod znakiem zapytania.<\/div>\n<div dir=\"auto\">Go\u015bcie zajmuj\u0105cy w tabeli 7 miejsce tydzie\u0144 temu ulegli na w\u0142asnym terenie Warcie Zawiercie 1:4.<\/div>\n<div dir=\"auto\">Dzisiejszy mecz z powodu pandemii covid-19 odby\u0142 si\u0119 bez udzia\u0142u publiczno\u015bci.<\/div>\n<div dir=\"auto\">W pierwszej po\u0142owie gry Sarmaci byli bardziej przekonywaj\u0105cy w ataku.<\/div>\n<div dir=\"auto\">W 9 minucie do pi\u0142ki podszed\u0142 Roman Terbalyan, kt\u00f3ry z rzutu wolnego pos\u0142a\u0142 j\u0105 w pole karne rywala. Tam do g\u0142\u00f3wki najwy\u017cej wyskoczy\u0142 Kacper Zawadzki. Niestety futbol\u00f3wka po jego uderzeniu poszybowa\u0142a nad bramk\u0105 go\u015bci.<\/div>\n<div dir=\"auto\">W 15 minucie strza\u0142 Kamila Adamczyka min\u0105\u0142 \u015bwiat\u0142o bramki przyjezdnych.<\/div>\n<div dir=\"auto\">Chwil\u0119 potem przed znakomit\u0105 szans\u0105 na otwarcie wyniku stan\u0105\u0142 Kacper Zawadzki.<\/div>\n<div dir=\"auto\">Biegn\u0105c z pi\u0142k\u0105 lew\u0105 stron\u0105 boiska, mimo przepychanki zdo\u0142a\u0142 wywalczy\u0107 sobie dogodn\u0105 sytuacj\u0119 w polu karnym Polonii.<\/div>\n<div dir=\"auto\">B\u0119d\u0105c sam na sam z golkiperem przeciwnika, trafi\u0142 ni\u0105 wprost w niego.<\/div>\n<div dir=\"auto\">Dopiero w 17 minucie pierwszy strza\u0142 na nasz\u0105 bramk\u0105 poszybowa\u0142 nad poprzeczk\u0105 Rafa\u0142a Dawida. By\u0142o to bezpo\u015brednie uderzenie z rzutu wolnego.<\/div>\n<div dir=\"auto\">W 30 minucie p\u0119dz\u0105cy lew\u0105 stron\u0105 murawy Kamil Adamczyk zagra\u0142 pi\u0142k\u0119 w pole karne go\u015bci. Zamykaj\u0105cy akcj\u0119 na drugim s\u0142upku Roman Terbalyan zgra\u0142 j\u0105 do Macieja Widurskiego. Ten na raty zdo\u0142a\u0142 zdoby\u0107 gola. Najpierw trafi\u0142 w bramkarza, a nast\u0119pnie celn\u0105 dobitk\u0105 wyprowadzi\u0142 sw\u00f3j zesp\u00f3\u0142 na prowadzenie.<\/div>\n<div dir=\"auto\">Gdy wydawa\u0142o si\u0119, \u017ce nasi pi\u0142karze maj\u0105 wszystko pod kontrol\u0105, nast\u0105pi\u0142 b\u0142\u0105d w szeregach naszej obrony.<\/div>\n<div dir=\"auto\">W 43 minucie szybka kontra go\u015bci przynios\u0142a im wyr\u00f3wnanie.<\/div>\n<div dir=\"auto\">P\u0119dz\u0105cy lew\u0105 stron\u0105 boiska zawodnik Polonii mimo asysty Krystiana Duda\u0142y zdo\u0142a\u0142 go wymin\u0105\u0107, a nast\u0119pnie oda\u0107 pot\u0119\u017cny strza\u0142 pod poprzeczk\u0119 bramki b\u0119dzinian. W pierwszym momencie wszyscy my\u015bleli, \u017ce pi\u0142ka trafi\u0142a w boczn\u0105 siatk\u0119. Niestety ta znalaz\u0142a swoje miejsce w naszej bramce.<\/div>\n<div dir=\"auto\">Gol do szatni by\u0142 du\u017cym zaskoczeniem, gdy\u017c przez 45 minut rywale nie potrafili stworzy\u0107 sobie \u017cadnej okazji na zdobycie bramki.<\/div>\n<div dir=\"auto\">W drugiej po\u0142owie go\u015bcie ju\u017c odwa\u017cniej i du\u017co agresywniej przeciwstawiali si\u0119 naszej dru\u017cynie, kt\u00f3ra szuka\u0142a zwyci\u0119skiego gola.<\/div>\n<div dir=\"auto\">W 48 minucie pi\u0142ka po g\u0142\u00f3wce Macieja Widurskiego pad\u0142a \u0142upem golkipera przyjezdnych.<\/div>\n<div dir=\"auto\">W 58 minucie biegn\u0105cy praw\u0105 stron\u0105 boiska Dawid Skrzypi\u0144ski zdecydowa\u0142 si\u0119 na wrzutk\u0119 w pole karne rywala. Tam g\u0142ow\u0105 si\u0119gn\u0105\u0142 j\u0105 Wojciech Ba\u0142a. Niestety pi\u0142ka przelecia\u0142a nad poprzeczk\u0105.<\/div>\n<div dir=\"auto\">W 66 minucie go\u015bcie byli bliscy obj\u0119cia prowadzenia. Na szcz\u0119\u015bcie na posterunku by\u0142 nasz bramkarz Rafa\u0142 Dawid, kt\u00f3ry popisa\u0142 si\u0119 sporymi umiej\u0119tno\u015bciami.<\/div>\n<div dir=\"auto\">Pi\u0142k\u0119 uderzon\u0105 g\u0142ow\u0105, po wrzutce z rzutu wolnego zdo\u0142a\u0142 wypi\u0105stkowa\u0107 w bok boiska.<\/div>\n<div dir=\"auto\">W 75 minucie rywale postraszyli Sarmat\u00f3w strza\u0142em nad nasz\u0105 bramk\u0105.<\/div>\n<div dir=\"auto\">W ostatniej minucie regulaminowego czasu znajduj\u0105cy si\u0119 z prawej strony Jan Januszek pos\u0142a\u0142 pi\u0142k\u0119 wprost na g\u0142ow\u0119 zdobywcy pierwszego gola Macieja Widurskiego.<\/div>\n<div dir=\"auto\">Bramkarz Polonii zdo\u0142a\u0142 j\u0105 wy\u0142apa\u0107 bez \u017cadnego problemu.<\/div>\n<div dir=\"auto\">Mimo stara\u0144 obu dru\u017cyn mecz zako\u0144czy\u0142 si\u0119 sprawiedliwym podzia\u0142em punkt\u00f3w przy stanie remisowym 1:1 (1:1).<\/div>\n<div dir=\"auto\">Szkoda straty dw\u00f3ch punkt\u00f3w, kt\u00f3re po pierwszej po\u0142owie wydawa\u0142y si\u0119 w naszym zasi\u0119gu.<\/div>\n<div dir=\"auto\">Niestety zmiany zawodnik\u00f3w przeprowadzone przez trenera Micha\u0142a Plut\u0119 nie przynios\u0142y oczekiwanych rezultat\u00f3w i nie poprawi\u0142y jako\u015bci naszej gry.<\/div>\n<div dir=\"auto\">Dzi\u015b zn\u00f3w nie m\u00f3g\u0142 wyst\u0105pi\u0107 nasz kapitan Daniel Majka, kt\u00f3ry podczas ostatniego treningu na sztucznej murawie odczu\u0142 ponownie skutki ostatniego urazu kolana.<\/div>\n<div dir=\"auto\">Teraz przed naszym zespo\u0142em szykuje si\u0119 ma\u0142y maraton spotka\u0144 sobota \u2013 \u015broda.<\/div>\n<div dir=\"auto\">Mamy nadziej\u0119, \u017ce starczy kondycji i zdrowia i mimo to powalczymy jeszcze o kilka cennych punkt\u00f3w.<\/div>\n<div dir=\"auto\">Ju\u017c w najbli\u017csz\u0105 \u015brod\u0119 Sarmaci rozegraj\u0105 wyjazdowe zaleg\u0142e spotkanie z dru\u017cyn\u0105 Ruchu Radzionk\u00f3w.<\/div>\n<div dir=\"auto\">&nbsp;<\/div>\n<div dir=\"auto\"><strong>Sarmacja B\u0119dzin \u2013 Polonia \u0141aziska G\u00f3rne 1:1 (1:1)<\/strong><\/div>\n<\/div>\n<div class=\"o9v6fnle cxmmr5t8 oygrvhab hcukyx3x c1et5uql ii04i59q\">\n<div dir=\"auto\">&nbsp;<\/div>\n<div dir=\"auto\"><strong>S\u0119dzia:<\/strong> Dawid Cie\u015blok (Ruda \u015al\u0105ska)<\/div>\n<div dir=\"auto\">&nbsp;<\/div>\n<div dir=\"auto\"><strong>Bramki:<\/strong><\/div>\n<div dir=\"auto\">30&#8242; Widurski<\/div>\n<div dir=\"auto\">____________<\/div>\n<\/div>\n<div class=\"o9v6fnle cxmmr5t8 oygrvhab hcukyx3x c1et5uql ii04i59q\">\n<div dir=\"auto\">43&#8242;<\/div>\n<\/div>\n<div class=\"o9v6fnle cxmmr5t8 oygrvhab hcukyx3x c1et5uql ii04i59q\">\n<div dir=\"auto\">&nbsp;<\/div>\n<div dir=\"auto\"><strong>\u017b\u00f3\u0142te kartki:<\/strong><\/div>\n<div dir=\"auto\">65&#8242; Ba\u0142a<\/div>\n<div dir=\"auto\">&nbsp;<\/div>\n<\/div>\n<div class=\"o9v6fnle cxmmr5t8 oygrvhab hcukyx3x c1et5uql ii04i59q\">\n<div dir=\"auto\"><strong>Sarmacja B\u0119dzin:<\/strong> Dawid \u2013 D.Skrzypi\u0144ski, Duda\u0142a, Fulianty, Koz\u0142owski, Adamczyk (82&#8242; Januszek), G\u0105dek, Ba\u0142a, , Terbalyan (70&#8242; K.Skrzypi\u0144ski), Widurski (90&#8242; Bolek), Zawadzki (60&#8242; Tyszczak)<\/div>\n<\/div>\n","protected":false},"excerpt":{"rendered":"<p>Dzi\u015b 31.10.2017 roku o godz.11.00 pi\u0142karze Sarmacji B\u0119dzin w meczu o punkty podejmowali na w\u0142asnym stadionie dru\u017cyn\u0119 Polonii \u0141aziska G\u00f3rne. Podopieczni trenera Micha\u0142a Pluty wreszcie mogli wybiegn\u0105\u0107 na muraw\u0119. Dwa ostatnie mecze ligowe z MKS Myszk\u00f3w i Ruchem Radzionk\u00f3w z powod\u00f3w epidemiologicznych zosta\u0142y prze\u0142o\u017cone na inny termin. Po tak d\u0142ugiej przerwie forma b\u0119dzinian stawa\u0142a pod&#8230;<\/p>\n","protected":false},"author":1,"featured_media":2431,"comment_status":"open","ping_status":"open","sticky":false,"template":"","format":"standard","meta":{"footnotes":""},"categories":[64],"tags":[],"class_list":["post-2430","post","type-post","status-publish","format-standard","has-post-thumbnail","hentry","category-soccer"],"yoast_head":"<!-- This site is optimized with the Yoast SEO plugin v25.8 - https:\/\/yoast.com\/wordpress\/plugins\/seo\/ -->\n<title>Zdobyty punkt z Poloni\u0105! | BKS Sarmacja B\u0119dzin<\/title>\n<meta name=\"robots\" content=\"index, follow, max-snippet:-1, max-image-preview:large, max-video-preview:-1\" \/>\n<link rel=\"canonical\" href=\"https:\/\/sarmacjabedzin.pl\/index.php\/2020\/10\/31\/zdobyty-punkt-z-polonia\/\" \/>\n<meta property=\"og:locale\" content=\"pl_PL\" \/>\n<meta property=\"og:type\" content=\"article\" \/>\n<meta property=\"og:title\" content=\"Zdobyty punkt z Poloni\u0105! | BKS Sarmacja B\u0119dzin\" \/>\n<meta property=\"og:description\" content=\"Dzi\u015b 31.10.2017 roku o godz.11.00 pi\u0142karze Sarmacji B\u0119dzin w meczu o punkty podejmowali na w\u0142asnym stadionie dru\u017cyn\u0119 Polonii \u0141aziska G\u00f3rne. Podopieczni trenera Micha\u0142a Pluty wreszcie mogli wybiegn\u0105\u0107 na muraw\u0119. Dwa ostatnie mecze ligowe z MKS Myszk\u00f3w i Ruchem Radzionk\u00f3w z powod\u00f3w epidemiologicznych zosta\u0142y prze\u0142o\u017cone na inny termin. Po tak d\u0142ugiej przerwie forma b\u0119dzinian stawa\u0142a pod...\" \/>\n<meta property=\"og:url\" content=\"https:\/\/sarmacjabedzin.pl\/index.php\/2020\/10\/31\/zdobyty-punkt-z-polonia\/\" \/>\n<meta property=\"og:site_name\" content=\"BKS Sarmacja B\u0119dzin\" \/>\n<meta property=\"article:publisher\" content=\"https:\/\/www.facebook.com\/SarmacjaBedzin\" \/>\n<meta property=\"article:published_time\" content=\"2020-10-31T22:23:16+00:00\" \/>\n<meta property=\"article:modified_time\" content=\"2021-01-20T22:24:23+00:00\" \/>\n<meta property=\"og:image\" content=\"https:\/\/sarmacjabedzin.pl\/wp-content\/uploads\/2021\/01\/123368138_3765605616804106_7009071788873873187_o.jpg\" \/>\n\t<meta property=\"og:image:width\" content=\"1600\" \/>\n\t<meta property=\"og:image:height\" content=\"1064\" \/>\n\t<meta property=\"og:image:type\" content=\"image\/jpeg\" \/>\n<meta name=\"author\" content=\"tyrtak\" \/>\n<meta name=\"twitter:card\" content=\"summary_large_image\" \/>\n<meta name=\"twitter:label1\" content=\"Napisane przez\" \/>\n\t<meta name=\"twitter:data1\" content=\"tyrtak\" \/>\n\t<meta name=\"twitter:label2\" content=\"Szacowany czas czytania\" \/>\n\t<meta name=\"twitter:data2\" content=\"4 minuty\" \/>\n<script type=\"application\/ld+json\" class=\"yoast-schema-graph\">{\"@context\":\"https:\/\/schema.org\",\"@graph\":[{\"@type\":\"WebPage\",\"@id\":\"https:\/\/sarmacjabedzin.pl\/index.php\/2020\/10\/31\/zdobyty-punkt-z-polonia\/\",\"url\":\"https:\/\/sarmacjabedzin.pl\/index.php\/2020\/10\/31\/zdobyty-punkt-z-polonia\/\",\"name\":\"Zdobyty punkt z Poloni\u0105! | BKS Sarmacja B\u0119dzin\",\"isPartOf\":{\"@id\":\"https:\/\/sarmacjabedzin.pl\/#website\"},\"primaryImageOfPage\":{\"@id\":\"https:\/\/sarmacjabedzin.pl\/index.php\/2020\/10\/31\/zdobyty-punkt-z-polonia\/#primaryimage\"},\"image\":{\"@id\":\"https:\/\/sarmacjabedzin.pl\/index.php\/2020\/10\/31\/zdobyty-punkt-z-polonia\/#primaryimage\"},\"thumbnailUrl\":\"https:\/\/sarmacjabedzin.pl\/wp-content\/uploads\/2021\/01\/123368138_3765605616804106_7009071788873873187_o.jpg\",\"datePublished\":\"2020-10-31T22:23:16+00:00\",\"dateModified\":\"2021-01-20T22:24:23+00:00\",\"author\":{\"@id\":\"https:\/\/sarmacjabedzin.pl\/#\/schema\/person\/5417ea7b03bcd9adf58298a2265ce03a\"},\"breadcrumb\":{\"@id\":\"https:\/\/sarmacjabedzin.pl\/index.php\/2020\/10\/31\/zdobyty-punkt-z-polonia\/#breadcrumb\"},\"inLanguage\":\"pl-PL\",\"potentialAction\":[{\"@type\":\"ReadAction\",\"target\":[\"https:\/\/sarmacjabedzin.pl\/index.php\/2020\/10\/31\/zdobyty-punkt-z-polonia\/\"]}]},{\"@type\":\"ImageObject\",\"inLanguage\":\"pl-PL\",\"@id\":\"https:\/\/sarmacjabedzin.pl\/index.php\/2020\/10\/31\/zdobyty-punkt-z-polonia\/#primaryimage\",\"url\":\"https:\/\/sarmacjabedzin.pl\/wp-content\/uploads\/2021\/01\/123368138_3765605616804106_7009071788873873187_o.jpg\",\"contentUrl\":\"https:\/\/sarmacjabedzin.pl\/wp-content\/uploads\/2021\/01\/123368138_3765605616804106_7009071788873873187_o.jpg\",\"width\":1600,\"height\":1064},{\"@type\":\"BreadcrumbList\",\"@id\":\"https:\/\/sarmacjabedzin.pl\/index.php\/2020\/10\/31\/zdobyty-punkt-z-polonia\/#breadcrumb\",\"itemListElement\":[{\"@type\":\"ListItem\",\"position\":1,\"name\":\"Strona g\u0142\u00f3wna\",\"item\":\"https:\/\/sarmacjabedzin.pl\/\"},{\"@type\":\"ListItem\",\"position\":2,\"name\":\"Zdobyty punkt z Poloni\u0105!\"}]},{\"@type\":\"WebSite\",\"@id\":\"https:\/\/sarmacjabedzin.pl\/#website\",\"url\":\"https:\/\/sarmacjabedzin.pl\/\",\"name\":\"BKS Sarmacja B\u0119dzin \u2013 Nieoficjalny serwis\",\"description\":\"Nieoficjalny serwis B\u0119dzi\u0144skiego Klubu Sportowego &quot;Sarmacja&quot;\",\"potentialAction\":[{\"@type\":\"SearchAction\",\"target\":{\"@type\":\"EntryPoint\",\"urlTemplate\":\"https:\/\/sarmacjabedzin.pl\/?s={search_term_string}\"},\"query-input\":{\"@type\":\"PropertyValueSpecification\",\"valueRequired\":true,\"valueName\":\"search_term_string\"}}],\"inLanguage\":\"pl-PL\"},{\"@type\":\"Person\",\"@id\":\"https:\/\/sarmacjabedzin.pl\/#\/schema\/person\/5417ea7b03bcd9adf58298a2265ce03a\",\"name\":\"tyrtak\",\"image\":{\"@type\":\"ImageObject\",\"inLanguage\":\"pl-PL\",\"@id\":\"https:\/\/sarmacjabedzin.pl\/#\/schema\/person\/image\/\",\"url\":\"https:\/\/secure.gravatar.com\/avatar\/49b7734c6795cf524710e96813a9fedc1ae3816e479d92490236b4cfc47a5ae1?s=96&d=mm&r=g\",\"contentUrl\":\"https:\/\/secure.gravatar.com\/avatar\/49b7734c6795cf524710e96813a9fedc1ae3816e479d92490236b4cfc47a5ae1?s=96&d=mm&r=g\",\"caption\":\"tyrtak\"}}]}<\/script>\n<!-- \/ Yoast SEO plugin. -->","yoast_head_json":{"title":"Zdobyty punkt z Poloni\u0105! | BKS Sarmacja B\u0119dzin","robots":{"index":"index","follow":"follow","max-snippet":"max-snippet:-1","max-image-preview":"max-image-preview:large","max-video-preview":"max-video-preview:-1"},"canonical":"https:\/\/sarmacjabedzin.pl\/index.php\/2020\/10\/31\/zdobyty-punkt-z-polonia\/","og_locale":"pl_PL","og_type":"article","og_title":"Zdobyty punkt z Poloni\u0105! | BKS Sarmacja B\u0119dzin","og_description":"Dzi\u015b 31.10.2017 roku o godz.11.00 pi\u0142karze Sarmacji B\u0119dzin w meczu o punkty podejmowali na w\u0142asnym stadionie dru\u017cyn\u0119 Polonii \u0141aziska G\u00f3rne. Podopieczni trenera Micha\u0142a Pluty wreszcie mogli wybiegn\u0105\u0107 na muraw\u0119. Dwa ostatnie mecze ligowe z MKS Myszk\u00f3w i Ruchem Radzionk\u00f3w z powod\u00f3w epidemiologicznych zosta\u0142y prze\u0142o\u017cone na inny termin. Po tak d\u0142ugiej przerwie forma b\u0119dzinian stawa\u0142a pod...","og_url":"https:\/\/sarmacjabedzin.pl\/index.php\/2020\/10\/31\/zdobyty-punkt-z-polonia\/","og_site_name":"BKS Sarmacja B\u0119dzin","article_publisher":"https:\/\/www.facebook.com\/SarmacjaBedzin","article_published_time":"2020-10-31T22:23:16+00:00","article_modified_time":"2021-01-20T22:24:23+00:00","og_image":[{"width":1600,"height":1064,"url":"https:\/\/sarmacjabedzin.pl\/wp-content\/uploads\/2021\/01\/123368138_3765605616804106_7009071788873873187_o.jpg","type":"image\/jpeg"}],"author":"tyrtak","twitter_card":"summary_large_image","twitter_misc":{"Napisane przez":"tyrtak","Szacowany czas czytania":"4 minuty"},"schema":{"@context":"https:\/\/schema.org","@graph":[{"@type":"WebPage","@id":"https:\/\/sarmacjabedzin.pl\/index.php\/2020\/10\/31\/zdobyty-punkt-z-polonia\/","url":"https:\/\/sarmacjabedzin.pl\/index.php\/2020\/10\/31\/zdobyty-punkt-z-polonia\/","name":"Zdobyty punkt z Poloni\u0105! | BKS Sarmacja B\u0119dzin","isPartOf":{"@id":"https:\/\/sarmacjabedzin.pl\/#website"},"primaryImageOfPage":{"@id":"https:\/\/sarmacjabedzin.pl\/index.php\/2020\/10\/31\/zdobyty-punkt-z-polonia\/#primaryimage"},"image":{"@id":"https:\/\/sarmacjabedzin.pl\/index.php\/2020\/10\/31\/zdobyty-punkt-z-polonia\/#primaryimage"},"thumbnailUrl":"https:\/\/sarmacjabedzin.pl\/wp-content\/uploads\/2021\/01\/123368138_3765605616804106_7009071788873873187_o.jpg","datePublished":"2020-10-31T22:23:16+00:00","dateModified":"2021-01-20T22:24:23+00:00","author":{"@id":"https:\/\/sarmacjabedzin.pl\/#\/schema\/person\/5417ea7b03bcd9adf58298a2265ce03a"},"breadcrumb":{"@id":"https:\/\/sarmacjabedzin.pl\/index.php\/2020\/10\/31\/zdobyty-punkt-z-polonia\/#breadcrumb"},"inLanguage":"pl-PL","potentialAction":[{"@type":"ReadAction","target":["https:\/\/sarmacjabedzin.pl\/index.php\/2020\/10\/31\/zdobyty-punkt-z-polonia\/"]}]},{"@type":"ImageObject","inLanguage":"pl-PL","@id":"https:\/\/sarmacjabedzin.pl\/index.php\/2020\/10\/31\/zdobyty-punkt-z-polonia\/#primaryimage","url":"https:\/\/sarmacjabedzin.pl\/wp-content\/uploads\/2021\/01\/123368138_3765605616804106_7009071788873873187_o.jpg","contentUrl":"https:\/\/sarmacjabedzin.pl\/wp-content\/uploads\/2021\/01\/123368138_3765605616804106_7009071788873873187_o.jpg","width":1600,"height":1064},{"@type":"BreadcrumbList","@id":"https:\/\/sarmacjabedzin.pl\/index.php\/2020\/10\/31\/zdobyty-punkt-z-polonia\/#breadcrumb","itemListElement":[{"@type":"ListItem","position":1,"name":"Strona g\u0142\u00f3wna","item":"https:\/\/sarmacjabedzin.pl\/"},{"@type":"ListItem","position":2,"name":"Zdobyty punkt z Poloni\u0105!"}]},{"@type":"WebSite","@id":"https:\/\/sarmacjabedzin.pl\/#website","url":"https:\/\/sarmacjabedzin.pl\/","name":"BKS Sarmacja B\u0119dzin \u2013 Nieoficjalny serwis","description":"Nieoficjalny serwis B\u0119dzi\u0144skiego Klubu Sportowego &quot;Sarmacja&quot;","potentialAction":[{"@type":"SearchAction","target":{"@type":"EntryPoint","urlTemplate":"https:\/\/sarmacjabedzin.pl\/?s={search_term_string}"},"query-input":{"@type":"PropertyValueSpecification","valueRequired":true,"valueName":"search_term_string"}}],"inLanguage":"pl-PL"},{"@type":"Person","@id":"https:\/\/sarmacjabedzin.pl\/#\/schema\/person\/5417ea7b03bcd9adf58298a2265ce03a","name":"tyrtak","image":{"@type":"ImageObject","inLanguage":"pl-PL","@id":"https:\/\/sarmacjabedzin.pl\/#\/schema\/person\/image\/","url":"https:\/\/secure.gravatar.com\/avatar\/49b7734c6795cf524710e96813a9fedc1ae3816e479d92490236b4cfc47a5ae1?s=96&d=mm&r=g","contentUrl":"https:\/\/secure.gravatar.com\/avatar\/49b7734c6795cf524710e96813a9fedc1ae3816e479d92490236b4cfc47a5ae1?s=96&d=mm&r=g","caption":"tyrtak"}}]}},"rttpg_featured_image_url":{"full":["https:\/\/sarmacjabedzin.pl\/wp-content\/uploads\/2021\/01\/123368138_3765605616804106_7009071788873873187_o.jpg",1600,1064,false],"landscape":["https:\/\/sarmacjabedzin.pl\/wp-content\/uploads\/2021\/01\/123368138_3765605616804106_7009071788873873187_o.jpg",1600,1064,false],"portraits":["https:\/\/sarmacjabedzin.pl\/wp-content\/uploads\/2021\/01\/123368138_3765605616804106_7009071788873873187_o.jpg",1600,1064,false],"thumbnail":["https:\/\/sarmacjabedzin.pl\/wp-content\/uploads\/2021\/01\/123368138_3765605616804106_7009071788873873187_o-150x150.jpg",150,150,true],"medium":["https:\/\/sarmacjabedzin.pl\/wp-content\/uploads\/2021\/01\/123368138_3765605616804106_7009071788873873187_o-300x200.jpg",300,200,true],"large":["https:\/\/sarmacjabedzin.pl\/wp-content\/uploads\/2021\/01\/123368138_3765605616804106_7009071788873873187_o-1024x681.jpg",1024,681,true],"1536x1536":["https:\/\/sarmacjabedzin.pl\/wp-content\/uploads\/2021\/01\/123368138_3765605616804106_7009071788873873187_o-1536x1022.jpg",1536,1022,true],"2048x2048":["https:\/\/sarmacjabedzin.pl\/wp-content\/uploads\/2021\/01\/123368138_3765605616804106_7009071788873873187_o.jpg",1600,1064,false],"sportspress-crop-medium":["https:\/\/sarmacjabedzin.pl\/wp-content\/uploads\/2021\/01\/123368138_3765605616804106_7009071788873873187_o-300x300.jpg",300,300,true],"sportspress-fit-medium":["https:\/\/sarmacjabedzin.pl\/wp-content\/uploads\/2021\/01\/123368138_3765605616804106_7009071788873873187_o-300x200.jpg",300,200,true],"sportspress-fit-icon":["https:\/\/sarmacjabedzin.pl\/wp-content\/uploads\/2021\/01\/123368138_3765605616804106_7009071788873873187_o-128x85.jpg",128,85,true],"sportspress-fit-mini":["https:\/\/sarmacjabedzin.pl\/wp-content\/uploads\/2021\/01\/123368138_3765605616804106_7009071788873873187_o-32x21.jpg",32,21,true],"ultp_layout_landscape_large":["https:\/\/sarmacjabedzin.pl\/wp-content\/uploads\/2021\/01\/123368138_3765605616804106_7009071788873873187_o-1200x800.jpg",1200,800,true],"ultp_layout_landscape":["https:\/\/sarmacjabedzin.pl\/wp-content\/uploads\/2021\/01\/123368138_3765605616804106_7009071788873873187_o-870x570.jpg",870,570,true],"ultp_layout_portrait":["https:\/\/sarmacjabedzin.pl\/wp-content\/uploads\/2021\/01\/123368138_3765605616804106_7009071788873873187_o-600x900.jpg",600,900,true],"ultp_layout_square":["https:\/\/sarmacjabedzin.pl\/wp-content\/uploads\/2021\/01\/123368138_3765605616804106_7009071788873873187_o-600x600.jpg",600,600,true],"stm-1140-666":["https:\/\/sarmacjabedzin.pl\/wp-content\/uploads\/2021\/01\/123368138_3765605616804106_7009071788873873187_o-1140x666.jpg",1140,666,true],"stm-1170-650":["https:\/\/sarmacjabedzin.pl\/wp-content\/uploads\/2021\/01\/123368138_3765605616804106_7009071788873873187_o-1170x650.jpg",1170,650,true],"stm-570-350":["https:\/\/sarmacjabedzin.pl\/wp-content\/uploads\/2021\/01\/123368138_3765605616804106_7009071788873873187_o-570x350.jpg",570,350,true],"stm-570-250":["https:\/\/sarmacjabedzin.pl\/wp-content\/uploads\/2021\/01\/123368138_3765605616804106_7009071788873873187_o-570x250.jpg",570,250,true],"stm-270-370":["https:\/\/sarmacjabedzin.pl\/wp-content\/uploads\/2021\/01\/123368138_3765605616804106_7009071788873873187_o-270x370.jpg",270,370,true],"stm-540-500":["https:\/\/sarmacjabedzin.pl\/wp-content\/uploads\/2021\/01\/123368138_3765605616804106_7009071788873873187_o-540x500.jpg",540,500,true],"stm-270-530":["https:\/\/sarmacjabedzin.pl\/wp-content\/uploads\/2021\/01\/123368138_3765605616804106_7009071788873873187_o-270x530.jpg",270,530,true],"stm-200-200":["https:\/\/sarmacjabedzin.pl\/wp-content\/uploads\/2021\/01\/123368138_3765605616804106_7009071788873873187_o-200x200.jpg",200,200,true],"stm-85-105":["https:\/\/sarmacjabedzin.pl\/wp-content\/uploads\/2021\/01\/123368138_3765605616804106_7009071788873873187_o-85x105.jpg",85,105,true],"stm-255-255":["https:\/\/sarmacjabedzin.pl\/wp-content\/uploads\/2021\/01\/123368138_3765605616804106_7009071788873873187_o-255x255.jpg",255,255,true],"stm-360-240":["https:\/\/sarmacjabedzin.pl\/wp-content\/uploads\/2021\/01\/123368138_3765605616804106_7009071788873873187_o-360x240.jpg",360,240,true],"stm-360-495":["https:\/\/sarmacjabedzin.pl\/wp-content\/uploads\/2021\/01\/123368138_3765605616804106_7009071788873873187_o-360x495.jpg",360,495,true],"stm-445-400":["https:\/\/sarmacjabedzin.pl\/wp-content\/uploads\/2021\/01\/123368138_3765605616804106_7009071788873873187_o-445x400.jpg",445,400,true],"stm-735-240":["https:\/\/sarmacjabedzin.pl\/wp-content\/uploads\/2021\/01\/123368138_3765605616804106_7009071788873873187_o-735x240.jpg",735,240,true],"stm-255-183":["https:\/\/sarmacjabedzin.pl\/wp-content\/uploads\/2021\/01\/123368138_3765605616804106_7009071788873873187_o-255x183.jpg",255,183,true],"stm-350-250":["https:\/\/sarmacjabedzin.pl\/wp-content\/uploads\/2021\/01\/123368138_3765605616804106_7009071788873873187_o-350x250.jpg",350,250,true],"blog_list":["https:\/\/sarmacjabedzin.pl\/wp-content\/uploads\/2021\/01\/123368138_3765605616804106_7009071788873873187_o-270x220.jpg",270,220,true],"blog_list_medium":["https:\/\/sarmacjabedzin.pl\/wp-content\/uploads\/2021\/01\/123368138_3765605616804106_7009071788873873187_o-390x345.jpg",390,345,true],"gallery_thumbnail":["https:\/\/sarmacjabedzin.pl\/wp-content\/uploads\/2021\/01\/123368138_3765605616804106_7009071788873873187_o-80x80.jpg",80,80,true],"gallery_image":["https:\/\/sarmacjabedzin.pl\/wp-content\/uploads\/2021\/01\/123368138_3765605616804106_7009071788873873187_o-560x367.jpg",560,367,true],"gallery_image_mini":["https:\/\/sarmacjabedzin.pl\/wp-content\/uploads\/2021\/01\/123368138_3765605616804106_7009071788873873187_o-143x116.jpg",143,116,true],"player_photo":["https:\/\/sarmacjabedzin.pl\/wp-content\/uploads\/2021\/01\/123368138_3765605616804106_7009071788873873187_o-740x740.jpg",740,740,true],"team_logo":["https:\/\/sarmacjabedzin.pl\/wp-content\/uploads\/2021\/01\/123368138_3765605616804106_7009071788873873187_o-98x65.jpg",98,65,true],"player_stat_ava":["https:\/\/sarmacjabedzin.pl\/wp-content\/uploads\/2021\/01\/123368138_3765605616804106_7009071788873873187_o-550x580.jpg",550,580,true],"post-350-220":["https:\/\/sarmacjabedzin.pl\/wp-content\/uploads\/2021\/01\/123368138_3765605616804106_7009071788873873187_o-350x220.jpg",350,220,true],"post-275-142":["https:\/\/sarmacjabedzin.pl\/wp-content\/uploads\/2021\/01\/123368138_3765605616804106_7009071788873873187_o-275x142.jpg",275,142,true],"post-160-120":["https:\/\/sarmacjabedzin.pl\/wp-content\/uploads\/2021\/01\/123368138_3765605616804106_7009071788873873187_o-160x120.jpg",160,120,true],"post-110-70":["https:\/\/sarmacjabedzin.pl\/wp-content\/uploads\/2021\/01\/123368138_3765605616804106_7009071788873873187_o-110x70.jpg",110,70,true],"post-770-450":["https:\/\/sarmacjabedzin.pl\/wp-content\/uploads\/2021\/01\/123368138_3765605616804106_7009071788873873187_o-770x450.jpg",770,450,true],"post-370-210":["https:\/\/sarmacjabedzin.pl\/wp-content\/uploads\/2021\/01\/123368138_3765605616804106_7009071788873873187_o-370x210.jpg",370,210,true],"post-457-470":["https:\/\/sarmacjabedzin.pl\/wp-content\/uploads\/2021\/01\/123368138_3765605616804106_7009071788873873187_o-457x470.jpg",457,470,true],"post-370-420":["https:\/\/sarmacjabedzin.pl\/wp-content\/uploads\/2021\/01\/123368138_3765605616804106_7009071788873873187_o-370x420.jpg",370,420,true],"stm-445-445":["https:\/\/sarmacjabedzin.pl\/wp-content\/uploads\/2021\/01\/123368138_3765605616804106_7009071788873873187_o-445x445.jpg",445,445,true],"stm-555-460":["https:\/\/sarmacjabedzin.pl\/wp-content\/uploads\/2021\/01\/123368138_3765605616804106_7009071788873873187_o-555x460.jpg",555,460,true],"stm-350-450":["https:\/\/sarmacjabedzin.pl\/wp-content\/uploads\/2021\/01\/123368138_3765605616804106_7009071788873873187_o-350x450.jpg",350,450,true],"stm-720-440":["https:\/\/sarmacjabedzin.pl\/wp-content\/uploads\/2021\/01\/123368138_3765605616804106_7009071788873873187_o-720x440.jpg",720,440,true],"stm-270-270":["https:\/\/sarmacjabedzin.pl\/wp-content\/uploads\/2021\/01\/123368138_3765605616804106_7009071788873873187_o.jpg",270,180,false],"stm-760-450":["https:\/\/sarmacjabedzin.pl\/wp-content\/uploads\/2021\/01\/123368138_3765605616804106_7009071788873873187_o.jpg",677,450,false]},"rttpg_author":{"display_name":"tyrtak","author_link":false},"rttpg_comment":0,"rttpg_category":"<a href=\"https:\/\/sarmacjabedzin.pl\/index.php\/category\/soccer\/\" rel=\"category tag\">Liga<\/a>","rttpg_excerpt":"Dzi\u015b 31.10.2017 roku o godz.11.00 pi\u0142karze Sarmacji B\u0119dzin w meczu o punkty podejmowali na w\u0142asnym stadionie dru\u017cyn\u0119 Polonii \u0141aziska G\u00f3rne. Podopieczni trenera Micha\u0142a Pluty wreszcie mogli wybiegn\u0105\u0107 na muraw\u0119. Dwa ostatnie mecze ligowe z MKS Myszk\u00f3w i Ruchem Radzionk\u00f3w z powod\u00f3w epidemiologicznych zosta\u0142y prze\u0142o\u017cone na inny termin. Po tak d\u0142ugiej przerwie forma b\u0119dzinian stawa\u0142a pod...","_links":{"self":[{"href":"https:\/\/sarmacjabedzin.pl\/index.php\/wp-json\/wp\/v2\/posts\/2430","targetHints":{"allow":["GET"]}}],"collection":[{"href":"https:\/\/sarmacjabedzin.pl\/index.php\/wp-json\/wp\/v2\/posts"}],"about":[{"href":"https:\/\/sarmacjabedzin.pl\/index.php\/wp-json\/wp\/v2\/types\/post"}],"author":[{"embeddable":true,"href":"https:\/\/sarmacjabedzin.pl\/index.php\/wp-json\/wp\/v2\/users\/1"}],"replies":[{"embeddable":true,"href":"https:\/\/sarmacjabedzin.pl\/index.php\/wp-json\/wp\/v2\/comments?post=2430"}],"version-history":[{"count":0,"href":"https:\/\/sarmacjabedzin.pl\/index.php\/wp-json\/wp\/v2\/posts\/2430\/revisions"}],"wp:featuredmedia":[{"embeddable":true,"href":"https:\/\/sarmacjabedzin.pl\/index.php\/wp-json\/wp\/v2\/media\/2431"}],"wp:attachment":[{"href":"https:\/\/sarmacjabedzin.pl\/index.php\/wp-json\/wp\/v2\/media?parent=2430"}],"wp:term":[{"taxonomy":"category","embeddable":true,"href":"https:\/\/sarmacjabedzin.pl\/index.php\/wp-json\/wp\/v2\/categories?post=2430"},{"taxonomy":"post_tag","embeddable":true,"href":"https:\/\/sarmacjabedzin.pl\/index.php\/wp-json\/wp\/v2\/tags?post=2430"}],"curies":[{"name":"wp","href":"https:\/\/api.w.org\/{rel}","templated":true}]}}