{"id":3112,"date":"2021-05-15T18:58:40","date_gmt":"2021-05-15T16:58:40","guid":{"rendered":"https:\/\/sarmacjabedzin.pl\/?p=3112"},"modified":"2021-05-15T18:59:57","modified_gmt":"2021-05-15T16:59:57","slug":"smutna-porazka","status":"publish","type":"post","link":"https:\/\/sarmacjabedzin.pl\/index.php\/2021\/05\/15\/smutna-porazka\/","title":{"rendered":"Smutna pora\u017cka!"},"content":{"rendered":"<p class=\"Standard\">Dzi\u015b 15.05.2021 roku o godz.13.00 pi\u0142karze Sarmacji B\u0119dzin zmierzyli si\u0119 na w\u0142asnym obiekcie z zajmuj\u0105c\u0105 5 miejsce w tabeli Wart\u0105 Zawiercie. W ostatniej kolejce ligowej zawiercianie u siebie ulegli Przemszy Siewierz 0:4, natomiast Sarmaci doznali dotkliwej pora\u017cki wyjazdowej z rezerwami Rakowa Cz\u0119stochowa 1:6. Jesieni\u0105 mecz pomi\u0119dzy tymi dru\u017cynami zako\u0144czy\u0142 si\u0119 bezbramkowym remisem. Dzisiejsze spotkanie cieszy\u0142o si\u0119 sporym zainteresowaniem publiczno\u015bci, kt\u00f3ra od dzi\u015b mog\u0142a uczestniczy\u0107 w zawodach (w ograniczonej ilo\u015bci).<\/p>\n<p class=\"Standard\">W 7 minucie pierwsz\u0105 gro\u017an\u0105 akcj\u0119 pod bramk\u0105 rywala przeprowadzili gospodarze. Wtedy to Kamil Adamczyk zagrywa\u0142 pi\u0142k\u0119 do Romana Terbalyana, ale nasz napastnik mia\u0142 k\u0142opot z jej opanowaniem.<br \/>\nDwie minuty p\u00f3\u017aniej go\u015bcie odpowiedzieli strza\u0142em z wolnego obok naszej bramki.<br \/>\nW 12 minucie Sarmaci zmarnowali doskona\u0142\u0105 sytuacj\u0119 na otwarcie wyniku. Znajduj\u0105cy si\u0119 z lewej strony pola karnego rywala Tomasz Maj zagra\u0142 futbol\u00f3wk\u0119 do Dominika Mazura. Ten oddaj\u0105c strza\u0142, trafi\u0142 ni\u0105 pod nogi Kacpra Zawadzkiego. Niestety nasz najlepszy snajper, maj\u0105c przed sob\u0105 jedynie golkipera zawiercian, pos\u0142a\u0142 pi\u0142k\u0119 wprost w niego.<br \/>\nW 15 minucie Filip Czapla odda\u0142 niecelny strza\u0142 z dystansu nad poprzeczk\u0105 przeciwnika.<br \/>\nW 22 minucie pi\u0142k\u0119 wrzucon\u0105 z rogu przez Kamila Adamczyka g\u0142ow\u0105 do siatki Warty pr\u00f3bowa\u0142 skierowa\u0107 nasz kapitan Daniel Majka. Tym razem r\u00f3wnie\u017c futbol\u00f3wka poszybowa\u0142a wysoko nad bramk\u0105.<br \/>\nW 41 minucie Sarmacja powinna ju\u017c prowadzi\u0107 1:0. Niestety tylko ogromne szcz\u0119\u015bcie przyjezdnych uchroni\u0142o ich przed strat\u0105 gola. Znajduj\u0105cy si\u0119 w polu karnym go\u015bci Kacper Zawadzki zagra\u0142 pi\u0142k\u0119 wprost na g\u0142ow\u0119 Filipa Czapli. Ta zmierzaj\u0105c ju\u017c do siatki rywala, trafi\u0142a nieszcz\u0119\u015bliwie w naszego obro\u0144c\u0119 Krystiana Duda\u0142\u0119, kt\u00f3ry tym sposobem uchroni\u0142 zawiercian przed strat\u0105 bramki.<br \/>\nW samej ko\u0144c\u00f3wce pierwszej po\u0142owy przyjezdni nap\u0119dzili stracha naszej defensywie. Na szcz\u0119\u015bcie dla nas \u015bwietna interwencja Daniela Majki, kt\u00f3ry zablokowa\u0142 gro\u017ane uderzenie rywala zapobieg\u0142a ewentualnej stracie gola. Mimo przewagi b\u0119dzinian pierwsza po\u0142owa zako\u0144czy\u0142a si\u0119 bezbramkowym remisem.<\/p>\n<p class=\"Standard\">W 49 minucie \u015bwietnego podania Kamila Adamczyka nie zdo\u0142a\u0142 wykorzysta\u0107 wchodz\u0105cy na boisko, po przerwie Miko\u0142aj G\u0105dek. Pi\u0142ka po jego strzale poszybowa\u0142a wysoko nad bramk\u0105 Warty.<br \/>\nW 55 minucie Roman Terbalyan zagra\u0142 na praw\u0105 stron\u0105 boiska do Kamila Adamczyka. Ten zdecydowa\u0142 si\u0119 na strza\u0142, po kt\u00f3rym golkiper zawiercian mia\u0142 wiele k\u0142opot\u00f3w, \u0142api\u0105c pi\u0142k\u0119 ju\u017c za lini\u0105 ko\u0144cow\u0105 boiska.<br \/>\nNiestety w 57 minucie przyjezdni zdobyli prowadzenie 1:0. Pi\u0142k\u0119 wrzucon\u0105 z rzutu ro\u017cnego g\u0142ow\u0105 do naszej siatki skierowa\u0142 Patryk Bartusiak. Niestety nasz golkiper, daj\u0105c si\u0119 \u0142atwo uprzedzi\u0107 zawodnikowi zawiercian, umo\u017cliwi\u0142 mu zdobycie zwyci\u0119skiego gola.<br \/>\nW 63 minucie Kamil Adamczyk pos\u0142a\u0142 pi\u0142k\u0119 na g\u0142ow\u0119 nadbiegaj\u0105cego Romana Terbalyana. Niestety zn\u00f3w zabrak\u0142o precyzji, a futbol\u00f3wka przelecia\u0142a obok s\u0142upka bramki rywala.<br \/>\nW 66 minucie Kacper Zawadzki by\u0142 bardzo blisko zdobycia wyr\u00f3wnania. Kolejne celne zagranie Kamila Adamczyka umo\u017cliwi\u0142o mu stani\u0119cie sam na sam z bramkarzem przyjezdnych. I tym razem brak\u0142o szcz\u0119\u015bcia, a jego pr\u00f3ba lobowania zosta\u0142a zaprzepaszczona przez obro\u0144c\u0119 zawiercian, kt\u00f3ry w ostatniej chwili zdo\u0142a\u0142 wybi\u0107 futbol\u00f3wk\u0119 zmierzaj\u0105c\u0105 do siatki go\u015bci.<br \/>\nW 85 minucie strza\u0142em z okolicy 12 metra od bramki rywala pr\u00f3bowa\u0142 zaskoczy\u0107 golkipera Warty Mi\u0142osz Pietrowski. Niestety pi\u0142ka zn\u00f3w min\u0119\u0142a \u015bwiat\u0142o bramki.<\/p>\n<p class=\"Standard\">Ostatecznie Sarmacja uleg\u0142a os\u0142abionej kadrowo Warcie Zawiercie 0:1 (0:0). Go\u015bcie przybyli na to spotkanie w mocno okrojonym sk\u0142adzie, mimo to zdo\u0142ali dzi\u015b pokona\u0107 broni\u0105c\u0105 si\u0119 przed spadkiem Sarmacj\u0119. Mecz ten z trybun ogl\u0105da\u0142 nasz by\u0142y szkoleniowiec, obecnie trener Przemszy Siewierz -Artur&nbsp;Mosna, kt\u00f3ry ju\u017c za tydzie\u0144 b\u0119dzie mia\u0142 szans\u0119 konfrontacji z nasz\u0105 dru\u017cyn\u0105.Niestety dzisiejsza pora\u017cka b\u0119dzinian znacznie skomplikowa\u0142a sytuacj\u0119. Utrzymanie si\u0119 w IV lidze b\u0119dzie wyj\u0105tkowo ci\u0119\u017ckie. Podopieczni trenera Micha\u0142a Pluty zawiedli, prezentuj\u0105c bardzo s\u0142abe widowisko oraz fataln\u0105 skuteczno\u015b\u0107.<\/p>\n<h4 class=\"Standard\"><strong>Sarmacja B\u0119dzin \u2013 Warta Zawiercie 0:1 (0:0)<\/strong><\/h4>\n<p class=\"Standard\"><strong>S\u0119dzia:<\/strong> Jacek Ko\u0142odziejczyk (Bytom)<\/p>\n<p class=\"Standard\"><strong>Bramki:<\/strong><br \/>\n57&#8242; (g) Bartusiak<\/p>\n<p class=\"Standard\"><strong>Sarmacja B\u0119dzin:<\/strong> Dawid \u2013 Czapla, Majka, Duda\u0142a, Koz\u0142owski, Adamczyk, Mazur, (79&#8242; Tomko) Widurski (77&#8242; Pietrowski), Maj (46&#8242; G\u0105dek), Zawadzki (81&#8242; Ba\u0142a), Terbalyan<\/p>\n<p><strong>Galeria zdj\u0119\u0107:<\/strong><\/p>\n<p>[ngg src=&#8221;galleries&#8221; ids=&#8221;7&#8243; display=&#8221;basic_thumbnail&#8221; thumbnail_crop=&#8221;0&#8243;]<strong>Bramka dla Warty:<\/strong><\/p>\n<p><iframe loading=\"lazy\" title=\"YouTube video player\" src=\"https:\/\/www.youtube.com\/embed\/H2YvdRu-G4w\" width=\"560\" height=\"315\" frameborder=\"0\" allowfullscreen=\"allowfullscreen\"><\/iframe><\/p>\n","protected":false},"excerpt":{"rendered":"<p>Dzi\u015b 15.05.2021 roku o godz.13.00 pi\u0142karze Sarmacji B\u0119dzin zmierzyli si\u0119 na w\u0142asnym obiekcie z zajmuj\u0105c\u0105 5 miejsce w tabeli Wart\u0105 Zawiercie. W ostatniej kolejce ligowej zawiercianie u siebie ulegli Przemszy Siewierz 0:4, natomiast Sarmaci doznali dotkliwej pora\u017cki wyjazdowej z rezerwami Rakowa Cz\u0119stochowa 1:6. Jesieni\u0105 mecz pomi\u0119dzy tymi dru\u017cynami zako\u0144czy\u0142 si\u0119 bezbramkowym remisem. Dzisiejsze spotkanie cieszy\u0142o&#8230;<\/p>\n","protected":false},"author":1,"featured_media":3113,"comment_status":"closed","ping_status":"closed","sticky":false,"template":"","format":"standard","meta":{"footnotes":""},"categories":[64],"tags":[],"class_list":["post-3112","post","type-post","status-publish","format-standard","has-post-thumbnail","hentry","category-soccer"],"yoast_head":"<!-- This site is optimized with the Yoast SEO plugin v25.8 - https:\/\/yoast.com\/wordpress\/plugins\/seo\/ -->\n<title>Smutna pora\u017cka! | BKS Sarmacja B\u0119dzin<\/title>\n<meta name=\"robots\" content=\"index, follow, max-snippet:-1, max-image-preview:large, max-video-preview:-1\" \/>\n<link rel=\"canonical\" href=\"https:\/\/sarmacjabedzin.pl\/index.php\/2021\/05\/15\/smutna-porazka\/\" \/>\n<meta property=\"og:locale\" content=\"pl_PL\" \/>\n<meta property=\"og:type\" content=\"article\" \/>\n<meta property=\"og:title\" content=\"Smutna pora\u017cka! | BKS Sarmacja B\u0119dzin\" \/>\n<meta property=\"og:description\" content=\"Dzi\u015b 15.05.2021 roku o godz.13.00 pi\u0142karze Sarmacji B\u0119dzin zmierzyli si\u0119 na w\u0142asnym obiekcie z zajmuj\u0105c\u0105 5 miejsce w tabeli Wart\u0105 Zawiercie. W ostatniej kolejce ligowej zawiercianie u siebie ulegli Przemszy Siewierz 0:4, natomiast Sarmaci doznali dotkliwej pora\u017cki wyjazdowej z rezerwami Rakowa Cz\u0119stochowa 1:6. Jesieni\u0105 mecz pomi\u0119dzy tymi dru\u017cynami zako\u0144czy\u0142 si\u0119 bezbramkowym remisem. Dzisiejsze spotkanie cieszy\u0142o...\" \/>\n<meta property=\"og:url\" content=\"https:\/\/sarmacjabedzin.pl\/index.php\/2021\/05\/15\/smutna-porazka\/\" \/>\n<meta property=\"og:site_name\" content=\"BKS Sarmacja B\u0119dzin\" \/>\n<meta property=\"article:publisher\" content=\"https:\/\/www.facebook.com\/SarmacjaBedzin\" \/>\n<meta property=\"article:published_time\" content=\"2021-05-15T16:58:40+00:00\" \/>\n<meta property=\"article:modified_time\" content=\"2021-05-15T16:59:57+00:00\" \/>\n<meta property=\"og:image\" content=\"https:\/\/sarmacjabedzin.pl\/wp-content\/uploads\/2021\/05\/DSC_1612.jpg\" \/>\n\t<meta property=\"og:image:width\" content=\"1600\" \/>\n\t<meta property=\"og:image:height\" content=\"1064\" \/>\n\t<meta property=\"og:image:type\" content=\"image\/jpeg\" \/>\n<meta name=\"author\" content=\"tyrtak\" \/>\n<meta name=\"twitter:card\" content=\"summary_large_image\" \/>\n<meta name=\"twitter:label1\" content=\"Napisane przez\" \/>\n\t<meta name=\"twitter:data1\" content=\"tyrtak\" \/>\n\t<meta name=\"twitter:label2\" content=\"Szacowany czas czytania\" \/>\n\t<meta name=\"twitter:data2\" content=\"4 minuty\" \/>\n<script type=\"application\/ld+json\" class=\"yoast-schema-graph\">{\"@context\":\"https:\/\/schema.org\",\"@graph\":[{\"@type\":\"WebPage\",\"@id\":\"https:\/\/sarmacjabedzin.pl\/index.php\/2021\/05\/15\/smutna-porazka\/\",\"url\":\"https:\/\/sarmacjabedzin.pl\/index.php\/2021\/05\/15\/smutna-porazka\/\",\"name\":\"Smutna pora\u017cka! | BKS Sarmacja B\u0119dzin\",\"isPartOf\":{\"@id\":\"https:\/\/sarmacjabedzin.pl\/#website\"},\"primaryImageOfPage\":{\"@id\":\"https:\/\/sarmacjabedzin.pl\/index.php\/2021\/05\/15\/smutna-porazka\/#primaryimage\"},\"image\":{\"@id\":\"https:\/\/sarmacjabedzin.pl\/index.php\/2021\/05\/15\/smutna-porazka\/#primaryimage\"},\"thumbnailUrl\":\"https:\/\/sarmacjabedzin.pl\/wp-content\/uploads\/2021\/05\/DSC_1612.jpg\",\"datePublished\":\"2021-05-15T16:58:40+00:00\",\"dateModified\":\"2021-05-15T16:59:57+00:00\",\"author\":{\"@id\":\"https:\/\/sarmacjabedzin.pl\/#\/schema\/person\/5417ea7b03bcd9adf58298a2265ce03a\"},\"breadcrumb\":{\"@id\":\"https:\/\/sarmacjabedzin.pl\/index.php\/2021\/05\/15\/smutna-porazka\/#breadcrumb\"},\"inLanguage\":\"pl-PL\",\"potentialAction\":[{\"@type\":\"ReadAction\",\"target\":[\"https:\/\/sarmacjabedzin.pl\/index.php\/2021\/05\/15\/smutna-porazka\/\"]}]},{\"@type\":\"ImageObject\",\"inLanguage\":\"pl-PL\",\"@id\":\"https:\/\/sarmacjabedzin.pl\/index.php\/2021\/05\/15\/smutna-porazka\/#primaryimage\",\"url\":\"https:\/\/sarmacjabedzin.pl\/wp-content\/uploads\/2021\/05\/DSC_1612.jpg\",\"contentUrl\":\"https:\/\/sarmacjabedzin.pl\/wp-content\/uploads\/2021\/05\/DSC_1612.jpg\",\"width\":1600,\"height\":1064},{\"@type\":\"BreadcrumbList\",\"@id\":\"https:\/\/sarmacjabedzin.pl\/index.php\/2021\/05\/15\/smutna-porazka\/#breadcrumb\",\"itemListElement\":[{\"@type\":\"ListItem\",\"position\":1,\"name\":\"Strona g\u0142\u00f3wna\",\"item\":\"https:\/\/sarmacjabedzin.pl\/\"},{\"@type\":\"ListItem\",\"position\":2,\"name\":\"Smutna pora\u017cka!\"}]},{\"@type\":\"WebSite\",\"@id\":\"https:\/\/sarmacjabedzin.pl\/#website\",\"url\":\"https:\/\/sarmacjabedzin.pl\/\",\"name\":\"BKS Sarmacja B\u0119dzin \u2013 Nieoficjalny serwis\",\"description\":\"Nieoficjalny serwis B\u0119dzi\u0144skiego Klubu Sportowego &quot;Sarmacja&quot;\",\"potentialAction\":[{\"@type\":\"SearchAction\",\"target\":{\"@type\":\"EntryPoint\",\"urlTemplate\":\"https:\/\/sarmacjabedzin.pl\/?s={search_term_string}\"},\"query-input\":{\"@type\":\"PropertyValueSpecification\",\"valueRequired\":true,\"valueName\":\"search_term_string\"}}],\"inLanguage\":\"pl-PL\"},{\"@type\":\"Person\",\"@id\":\"https:\/\/sarmacjabedzin.pl\/#\/schema\/person\/5417ea7b03bcd9adf58298a2265ce03a\",\"name\":\"tyrtak\",\"image\":{\"@type\":\"ImageObject\",\"inLanguage\":\"pl-PL\",\"@id\":\"https:\/\/sarmacjabedzin.pl\/#\/schema\/person\/image\/\",\"url\":\"https:\/\/secure.gravatar.com\/avatar\/49b7734c6795cf524710e96813a9fedc1ae3816e479d92490236b4cfc47a5ae1?s=96&d=mm&r=g\",\"contentUrl\":\"https:\/\/secure.gravatar.com\/avatar\/49b7734c6795cf524710e96813a9fedc1ae3816e479d92490236b4cfc47a5ae1?s=96&d=mm&r=g\",\"caption\":\"tyrtak\"}}]}<\/script>\n<!-- \/ Yoast SEO plugin. -->","yoast_head_json":{"title":"Smutna pora\u017cka! | BKS Sarmacja B\u0119dzin","robots":{"index":"index","follow":"follow","max-snippet":"max-snippet:-1","max-image-preview":"max-image-preview:large","max-video-preview":"max-video-preview:-1"},"canonical":"https:\/\/sarmacjabedzin.pl\/index.php\/2021\/05\/15\/smutna-porazka\/","og_locale":"pl_PL","og_type":"article","og_title":"Smutna pora\u017cka! | BKS Sarmacja B\u0119dzin","og_description":"Dzi\u015b 15.05.2021 roku o godz.13.00 pi\u0142karze Sarmacji B\u0119dzin zmierzyli si\u0119 na w\u0142asnym obiekcie z zajmuj\u0105c\u0105 5 miejsce w tabeli Wart\u0105 Zawiercie. W ostatniej kolejce ligowej zawiercianie u siebie ulegli Przemszy Siewierz 0:4, natomiast Sarmaci doznali dotkliwej pora\u017cki wyjazdowej z rezerwami Rakowa Cz\u0119stochowa 1:6. Jesieni\u0105 mecz pomi\u0119dzy tymi dru\u017cynami zako\u0144czy\u0142 si\u0119 bezbramkowym remisem. Dzisiejsze spotkanie cieszy\u0142o...","og_url":"https:\/\/sarmacjabedzin.pl\/index.php\/2021\/05\/15\/smutna-porazka\/","og_site_name":"BKS Sarmacja B\u0119dzin","article_publisher":"https:\/\/www.facebook.com\/SarmacjaBedzin","article_published_time":"2021-05-15T16:58:40+00:00","article_modified_time":"2021-05-15T16:59:57+00:00","og_image":[{"width":1600,"height":1064,"url":"https:\/\/sarmacjabedzin.pl\/wp-content\/uploads\/2021\/05\/DSC_1612.jpg","type":"image\/jpeg"}],"author":"tyrtak","twitter_card":"summary_large_image","twitter_misc":{"Napisane przez":"tyrtak","Szacowany czas czytania":"4 minuty"},"schema":{"@context":"https:\/\/schema.org","@graph":[{"@type":"WebPage","@id":"https:\/\/sarmacjabedzin.pl\/index.php\/2021\/05\/15\/smutna-porazka\/","url":"https:\/\/sarmacjabedzin.pl\/index.php\/2021\/05\/15\/smutna-porazka\/","name":"Smutna pora\u017cka! | BKS Sarmacja B\u0119dzin","isPartOf":{"@id":"https:\/\/sarmacjabedzin.pl\/#website"},"primaryImageOfPage":{"@id":"https:\/\/sarmacjabedzin.pl\/index.php\/2021\/05\/15\/smutna-porazka\/#primaryimage"},"image":{"@id":"https:\/\/sarmacjabedzin.pl\/index.php\/2021\/05\/15\/smutna-porazka\/#primaryimage"},"thumbnailUrl":"https:\/\/sarmacjabedzin.pl\/wp-content\/uploads\/2021\/05\/DSC_1612.jpg","datePublished":"2021-05-15T16:58:40+00:00","dateModified":"2021-05-15T16:59:57+00:00","author":{"@id":"https:\/\/sarmacjabedzin.pl\/#\/schema\/person\/5417ea7b03bcd9adf58298a2265ce03a"},"breadcrumb":{"@id":"https:\/\/sarmacjabedzin.pl\/index.php\/2021\/05\/15\/smutna-porazka\/#breadcrumb"},"inLanguage":"pl-PL","potentialAction":[{"@type":"ReadAction","target":["https:\/\/sarmacjabedzin.pl\/index.php\/2021\/05\/15\/smutna-porazka\/"]}]},{"@type":"ImageObject","inLanguage":"pl-PL","@id":"https:\/\/sarmacjabedzin.pl\/index.php\/2021\/05\/15\/smutna-porazka\/#primaryimage","url":"https:\/\/sarmacjabedzin.pl\/wp-content\/uploads\/2021\/05\/DSC_1612.jpg","contentUrl":"https:\/\/sarmacjabedzin.pl\/wp-content\/uploads\/2021\/05\/DSC_1612.jpg","width":1600,"height":1064},{"@type":"BreadcrumbList","@id":"https:\/\/sarmacjabedzin.pl\/index.php\/2021\/05\/15\/smutna-porazka\/#breadcrumb","itemListElement":[{"@type":"ListItem","position":1,"name":"Strona g\u0142\u00f3wna","item":"https:\/\/sarmacjabedzin.pl\/"},{"@type":"ListItem","position":2,"name":"Smutna pora\u017cka!"}]},{"@type":"WebSite","@id":"https:\/\/sarmacjabedzin.pl\/#website","url":"https:\/\/sarmacjabedzin.pl\/","name":"BKS Sarmacja B\u0119dzin \u2013 Nieoficjalny serwis","description":"Nieoficjalny serwis B\u0119dzi\u0144skiego Klubu Sportowego &quot;Sarmacja&quot;","potentialAction":[{"@type":"SearchAction","target":{"@type":"EntryPoint","urlTemplate":"https:\/\/sarmacjabedzin.pl\/?s={search_term_string}"},"query-input":{"@type":"PropertyValueSpecification","valueRequired":true,"valueName":"search_term_string"}}],"inLanguage":"pl-PL"},{"@type":"Person","@id":"https:\/\/sarmacjabedzin.pl\/#\/schema\/person\/5417ea7b03bcd9adf58298a2265ce03a","name":"tyrtak","image":{"@type":"ImageObject","inLanguage":"pl-PL","@id":"https:\/\/sarmacjabedzin.pl\/#\/schema\/person\/image\/","url":"https:\/\/secure.gravatar.com\/avatar\/49b7734c6795cf524710e96813a9fedc1ae3816e479d92490236b4cfc47a5ae1?s=96&d=mm&r=g","contentUrl":"https:\/\/secure.gravatar.com\/avatar\/49b7734c6795cf524710e96813a9fedc1ae3816e479d92490236b4cfc47a5ae1?s=96&d=mm&r=g","caption":"tyrtak"}}]}},"rttpg_featured_image_url":{"full":["https:\/\/sarmacjabedzin.pl\/wp-content\/uploads\/2021\/05\/DSC_1612.jpg",1600,1064,false],"landscape":["https:\/\/sarmacjabedzin.pl\/wp-content\/uploads\/2021\/05\/DSC_1612.jpg",1600,1064,false],"portraits":["https:\/\/sarmacjabedzin.pl\/wp-content\/uploads\/2021\/05\/DSC_1612.jpg",1600,1064,false],"thumbnail":["https:\/\/sarmacjabedzin.pl\/wp-content\/uploads\/2021\/05\/DSC_1612-150x150.jpg",150,150,true],"medium":["https:\/\/sarmacjabedzin.pl\/wp-content\/uploads\/2021\/05\/DSC_1612-300x200.jpg",300,200,true],"large":["https:\/\/sarmacjabedzin.pl\/wp-content\/uploads\/2021\/05\/DSC_1612-1024x681.jpg",1024,681,true],"1536x1536":["https:\/\/sarmacjabedzin.pl\/wp-content\/uploads\/2021\/05\/DSC_1612-1536x1022.jpg",1536,1022,true],"2048x2048":["https:\/\/sarmacjabedzin.pl\/wp-content\/uploads\/2021\/05\/DSC_1612.jpg",1600,1064,false],"sportspress-crop-medium":["https:\/\/sarmacjabedzin.pl\/wp-content\/uploads\/2021\/05\/DSC_1612-300x300.jpg",300,300,true],"sportspress-fit-medium":["https:\/\/sarmacjabedzin.pl\/wp-content\/uploads\/2021\/05\/DSC_1612-300x200.jpg",300,200,true],"sportspress-fit-icon":["https:\/\/sarmacjabedzin.pl\/wp-content\/uploads\/2021\/05\/DSC_1612-128x85.jpg",128,85,true],"sportspress-fit-mini":["https:\/\/sarmacjabedzin.pl\/wp-content\/uploads\/2021\/05\/DSC_1612-32x21.jpg",32,21,true],"ultp_layout_landscape_large":["https:\/\/sarmacjabedzin.pl\/wp-content\/uploads\/2021\/05\/DSC_1612-1200x800.jpg",1200,800,true],"ultp_layout_landscape":["https:\/\/sarmacjabedzin.pl\/wp-content\/uploads\/2021\/05\/DSC_1612-870x570.jpg",870,570,true],"ultp_layout_portrait":["https:\/\/sarmacjabedzin.pl\/wp-content\/uploads\/2021\/05\/DSC_1612-600x900.jpg",600,900,true],"ultp_layout_square":["https:\/\/sarmacjabedzin.pl\/wp-content\/uploads\/2021\/05\/DSC_1612-600x600.jpg",600,600,true],"stm-1140-666":["https:\/\/sarmacjabedzin.pl\/wp-content\/uploads\/2021\/05\/DSC_1612-1140x666.jpg",1140,666,true],"stm-1170-650":["https:\/\/sarmacjabedzin.pl\/wp-content\/uploads\/2021\/05\/DSC_1612-1170x650.jpg",1170,650,true],"stm-570-350":["https:\/\/sarmacjabedzin.pl\/wp-content\/uploads\/2021\/05\/DSC_1612-570x350.jpg",570,350,true],"stm-570-250":["https:\/\/sarmacjabedzin.pl\/wp-content\/uploads\/2021\/05\/DSC_1612-570x250.jpg",570,250,true],"stm-270-370":["https:\/\/sarmacjabedzin.pl\/wp-content\/uploads\/2021\/05\/DSC_1612-270x370.jpg",270,370,true],"stm-540-500":["https:\/\/sarmacjabedzin.pl\/wp-content\/uploads\/2021\/05\/DSC_1612-540x500.jpg",540,500,true],"stm-270-530":["https:\/\/sarmacjabedzin.pl\/wp-content\/uploads\/2021\/05\/DSC_1612-270x530.jpg",270,530,true],"stm-200-200":["https:\/\/sarmacjabedzin.pl\/wp-content\/uploads\/2021\/05\/DSC_1612-200x200.jpg",200,200,true],"stm-85-105":["https:\/\/sarmacjabedzin.pl\/wp-content\/uploads\/2021\/05\/DSC_1612-85x105.jpg",85,105,true],"stm-255-255":["https:\/\/sarmacjabedzin.pl\/wp-content\/uploads\/2021\/05\/DSC_1612-255x255.jpg",255,255,true],"stm-360-240":["https:\/\/sarmacjabedzin.pl\/wp-content\/uploads\/2021\/05\/DSC_1612-360x240.jpg",360,240,true],"stm-360-495":["https:\/\/sarmacjabedzin.pl\/wp-content\/uploads\/2021\/05\/DSC_1612-360x495.jpg",360,495,true],"stm-445-400":["https:\/\/sarmacjabedzin.pl\/wp-content\/uploads\/2021\/05\/DSC_1612-445x400.jpg",445,400,true],"stm-735-240":["https:\/\/sarmacjabedzin.pl\/wp-content\/uploads\/2021\/05\/DSC_1612-735x240.jpg",735,240,true],"stm-255-183":["https:\/\/sarmacjabedzin.pl\/wp-content\/uploads\/2021\/05\/DSC_1612-255x183.jpg",255,183,true],"stm-350-250":["https:\/\/sarmacjabedzin.pl\/wp-content\/uploads\/2021\/05\/DSC_1612-350x250.jpg",350,250,true],"blog_list":["https:\/\/sarmacjabedzin.pl\/wp-content\/uploads\/2021\/05\/DSC_1612-270x220.jpg",270,220,true],"blog_list_medium":["https:\/\/sarmacjabedzin.pl\/wp-content\/uploads\/2021\/05\/DSC_1612-390x345.jpg",390,345,true],"gallery_thumbnail":["https:\/\/sarmacjabedzin.pl\/wp-content\/uploads\/2021\/05\/DSC_1612-80x80.jpg",80,80,true],"gallery_image":["https:\/\/sarmacjabedzin.pl\/wp-content\/uploads\/2021\/05\/DSC_1612-560x367.jpg",560,367,true],"gallery_image_mini":["https:\/\/sarmacjabedzin.pl\/wp-content\/uploads\/2021\/05\/DSC_1612-143x116.jpg",143,116,true],"player_photo":["https:\/\/sarmacjabedzin.pl\/wp-content\/uploads\/2021\/05\/DSC_1612-740x740.jpg",740,740,true],"team_logo":["https:\/\/sarmacjabedzin.pl\/wp-content\/uploads\/2021\/05\/DSC_1612-98x65.jpg",98,65,true],"player_stat_ava":["https:\/\/sarmacjabedzin.pl\/wp-content\/uploads\/2021\/05\/DSC_1612-550x580.jpg",550,580,true],"post-350-220":["https:\/\/sarmacjabedzin.pl\/wp-content\/uploads\/2021\/05\/DSC_1612-350x220.jpg",350,220,true],"post-275-142":["https:\/\/sarmacjabedzin.pl\/wp-content\/uploads\/2021\/05\/DSC_1612-275x142.jpg",275,142,true],"post-160-120":["https:\/\/sarmacjabedzin.pl\/wp-content\/uploads\/2021\/05\/DSC_1612-160x120.jpg",160,120,true],"post-110-70":["https:\/\/sarmacjabedzin.pl\/wp-content\/uploads\/2021\/05\/DSC_1612-110x70.jpg",110,70,true],"post-770-450":["https:\/\/sarmacjabedzin.pl\/wp-content\/uploads\/2021\/05\/DSC_1612-770x450.jpg",770,450,true],"post-370-210":["https:\/\/sarmacjabedzin.pl\/wp-content\/uploads\/2021\/05\/DSC_1612-370x210.jpg",370,210,true],"post-457-470":["https:\/\/sarmacjabedzin.pl\/wp-content\/uploads\/2021\/05\/DSC_1612-457x470.jpg",457,470,true],"post-370-420":["https:\/\/sarmacjabedzin.pl\/wp-content\/uploads\/2021\/05\/DSC_1612-370x420.jpg",370,420,true],"stm-445-445":["https:\/\/sarmacjabedzin.pl\/wp-content\/uploads\/2021\/05\/DSC_1612-445x445.jpg",445,445,true],"stm-555-460":["https:\/\/sarmacjabedzin.pl\/wp-content\/uploads\/2021\/05\/DSC_1612-555x460.jpg",555,460,true],"stm-350-450":["https:\/\/sarmacjabedzin.pl\/wp-content\/uploads\/2021\/05\/DSC_1612-350x450.jpg",350,450,true],"stm-720-440":["https:\/\/sarmacjabedzin.pl\/wp-content\/uploads\/2021\/05\/DSC_1612-720x440.jpg",720,440,true],"stm-270-270":["https:\/\/sarmacjabedzin.pl\/wp-content\/uploads\/2021\/05\/DSC_1612.jpg",270,180,false],"stm-760-450":["https:\/\/sarmacjabedzin.pl\/wp-content\/uploads\/2021\/05\/DSC_1612.jpg",677,450,false]},"rttpg_author":{"display_name":"tyrtak","author_link":false},"rttpg_comment":0,"rttpg_category":"<a href=\"https:\/\/sarmacjabedzin.pl\/index.php\/category\/soccer\/\" rel=\"category tag\">Liga<\/a>","rttpg_excerpt":"Dzi\u015b 15.05.2021 roku o godz.13.00 pi\u0142karze Sarmacji B\u0119dzin zmierzyli si\u0119 na w\u0142asnym obiekcie z zajmuj\u0105c\u0105 5 miejsce w tabeli Wart\u0105 Zawiercie. W ostatniej kolejce ligowej zawiercianie u siebie ulegli Przemszy Siewierz 0:4, natomiast Sarmaci doznali dotkliwej pora\u017cki wyjazdowej z rezerwami Rakowa Cz\u0119stochowa 1:6. Jesieni\u0105 mecz pomi\u0119dzy tymi dru\u017cynami zako\u0144czy\u0142 si\u0119 bezbramkowym remisem. Dzisiejsze spotkanie cieszy\u0142o...","_links":{"self":[{"href":"https:\/\/sarmacjabedzin.pl\/index.php\/wp-json\/wp\/v2\/posts\/3112","targetHints":{"allow":["GET"]}}],"collection":[{"href":"https:\/\/sarmacjabedzin.pl\/index.php\/wp-json\/wp\/v2\/posts"}],"about":[{"href":"https:\/\/sarmacjabedzin.pl\/index.php\/wp-json\/wp\/v2\/types\/post"}],"author":[{"embeddable":true,"href":"https:\/\/sarmacjabedzin.pl\/index.php\/wp-json\/wp\/v2\/users\/1"}],"replies":[{"embeddable":true,"href":"https:\/\/sarmacjabedzin.pl\/index.php\/wp-json\/wp\/v2\/comments?post=3112"}],"version-history":[{"count":0,"href":"https:\/\/sarmacjabedzin.pl\/index.php\/wp-json\/wp\/v2\/posts\/3112\/revisions"}],"wp:featuredmedia":[{"embeddable":true,"href":"https:\/\/sarmacjabedzin.pl\/index.php\/wp-json\/wp\/v2\/media\/3113"}],"wp:attachment":[{"href":"https:\/\/sarmacjabedzin.pl\/index.php\/wp-json\/wp\/v2\/media?parent=3112"}],"wp:term":[{"taxonomy":"category","embeddable":true,"href":"https:\/\/sarmacjabedzin.pl\/index.php\/wp-json\/wp\/v2\/categories?post=3112"},{"taxonomy":"post_tag","embeddable":true,"href":"https:\/\/sarmacjabedzin.pl\/index.php\/wp-json\/wp\/v2\/tags?post=3112"}],"curies":[{"name":"wp","href":"https:\/\/api.w.org\/{rel}","templated":true}]}}