{"id":3188,"date":"2021-05-22T17:31:04","date_gmt":"2021-05-22T15:31:04","guid":{"rendered":"https:\/\/sarmacjabedzin.pl\/?p=3188"},"modified":"2021-05-23T22:44:09","modified_gmt":"2021-05-23T20:44:09","slug":"3188","status":"publish","type":"post","link":"https:\/\/sarmacjabedzin.pl\/index.php\/2021\/05\/22\/3188\/","title":{"rendered":"Derby Powiatu dla Sarmacji!"},"content":{"rendered":"<p class=\"Standard\">Dzi\u015b 22.05.2021 roku o godz. 13.00 pi\u0142karze Sarmacji B\u0119dzin go\u015bcili na w\u0142asnym stadionie dru\u017cyn\u0119 Przemszy Siewierz. W rundzie jesiennej b\u0119dzinianie na wyje\u017adzie odnie\u015bli zwyci\u0119stwo 2:0. Bramki dla naszej dru\u017cyny zdobyli Roman Terbalyan i Kamil Adamczyk. W ostatniej kolejce ligowej Przemsza na w\u0142asnym terenie pokona\u0142a RKS Grodziec 4:1, natomiast b\u0119dzinianie ulegli mocno os\u0142abionej kadrowo Warcie Zawiercie 0:1. Stawk\u0105 tego meczu dla obu dru\u017cyn by\u0142a walka o utrzymanie w IV lidze. Po podaniu si\u0119 do dymisji dotychczasowego trenera Sarmacji, gospodarzy do tego spotkania przygotowywa\u0142 jego by\u0142y asystent &#8211; Piotr \u015alusarczyk.<\/p>\n<p class=\"Standard\">Mecz rozpocz\u0105\u0142 si\u0119 znakomicie dla b\u0119dzinian, kt\u00f3rzy ju\u017c w 3 minucie wywalczyli rzut karny. Wpadaj\u0105cy w pole karne rywala Roman Terbalyan zosta\u0142 sfaulowany przez obro\u0144c\u0119 go\u015bci. Sam poszkodowany okaza\u0142 si\u0119 skutecznym egzekutorem, dzi\u0119ki kt\u00f3remu Sarmaci wyszli bardzo szybko na prowadzenie 1:0.<br \/>\nW 13 minucie Miko\u0142aj G\u0105dek odda\u0142 niecelny strza\u0142 z dystansu.<br \/>\nTrzy minuty p\u00f3\u017aniej Roman Terbalyan, po podaniu Mateusza Koz\u0142owskiego odda\u0142 strza\u0142 z bliskiej odleg\u0142o\u015bci wprost w golkipera przyjezdnych.<br \/>\nW 19 minucie zbyt lekkie uderzenie z dystansu zawodnika Przemszy nie by\u0142o w stanie zaskoczy\u0107 naszego bramkarza.<br \/>\nW 23 minucie ponownie golkiper b\u0119dzinian Rafa\u0142 Dawid mia\u0142 wiele pracy. Tym razem kapitaln\u0105 obron\u0105 nogami ustrzeg\u0142 nasz\u0105 dru\u017cyn\u0119 przed strat\u0105 wyr\u00f3wnuj\u0105cego gola.<br \/>\nChwil\u0119 potem by\u0142y zawodnik Sarmacji \u0141ukasz Burczyk pr\u00f3bowa\u0142 z bliskiej odleg\u0142o\u015bci trafi\u0107 do naszej siatki. Na szcz\u0119\u015bcie nie zdo\u0142a\u0142 odda\u0107 czystego strza\u0142u po podaniu swojego kolegi. Pi\u0142ka przelecia\u0142a daleko obok bramki miejscowych.<br \/>\nTen sam zawodnik w 29 minucie odda\u0142 kolejny niecelny strza\u0142 z okolicy 11 metra.<br \/>\nDo przerwy Sarmacja zas\u0142u\u017cenie prowadzi\u0142a 1:0.<\/p>\n<p class=\"Standard\">W 48 minucie uderzenie z dystansu rywala nie sprawi\u0142o wi\u0119kszych k\u0142opot\u00f3w Rafa\u0142owi Dawidowi.<br \/>\nW 59 minucie zagotowa\u0142o si\u0119 pod nasz\u0105 bramk\u0105. Na szcz\u0119\u015bcie dla gospodarzy strza\u0142 jednego z pi\u0142karzy siewierzan zosta\u0142 w por\u0119 zablokowany przez naszego obro\u0144c\u0119.<br \/>\nW 61 minucie przed szans\u0105 na zdobycie drugiego gola dla miejscowych stan\u0105\u0142 Daniel Majka. Niestety jego strza\u0142 z bliskiej odleg\u0142o\u015bci poszybowa\u0142 wysoko nad bramk\u0105 rywala.<br \/>\nOsiem minut p\u00f3\u017aniej nasz napastnik Roman Terbalyan, w ostatniej chwili zosta\u0142 uprzedzony przez bramkarza Przemszy, kt\u00f3ry silnym wykopem wyeksportowa\u0142 pi\u0142k\u0119 w okolice \u015brodka boiska.<br \/>\nW 72 minucie futbol\u00f3wka po g\u0142\u00f3wce zawodnika przyjezdnych przelecia\u0142a obok bramki b\u0119dzinian.<br \/>\nW 78 minucie serca kibic\u00f3w Sarmacji zabi\u0142y do\u015b\u0107 mocno. Na szcz\u0119\u015bcie dla naszej dru\u017cyny strza\u0142 z bliskiej odleg\u0142o\u015bci trafi\u0142 w boczn\u0105 siatk\u0119 bramki Rafa\u0142a Dawida.<br \/>\nW 85 minucie pi\u0142ka po g\u0142\u00f3wce z bliskiej odleg\u0142o\u015bci Kacpra Zawadzkiego przelecia\u0142a obok s\u0142upka.<br \/>\nTrzy minuty p\u00f3\u017aniej futbol\u00f3wk\u0119 g\u0142ow\u0105, po wrzutce z rzutu ro\u017cnego obok bramki pos\u0142a\u0142 nasz kapitan Daniel Majka.<br \/>\nMimo doliczonych czterech minut wynik spotkania nie uleg\u0142 ju\u017c zmianie. W \u201eDerbach Powiatu\u201d dru\u017cyn\u0105 lepsz\u0105 okaza\u0142a si\u0119 Sarmacja B\u0119dzin, kt\u00f3ra pokona\u0142a zas\u0142u\u017cenie Przemsz\u0119 Siewierz 1:0 (1:0). Dzi\u015b nasi pi\u0142karze graj\u0105cy pod wodz\u0105 nowego trenera Piotra \u015alusarczyka pokazali wol\u0119 walki oraz ogromn\u0105 determinacj\u0119 w uzyskaniu cennego zwyci\u0119stwa. W meczu za 6 punkt\u00f3w okazali si\u0119 skuteczniejsi. Brawa dla ca\u0142ego sztabu szkoleniowego oraz pi\u0142karzy, kt\u00f3rzy z g\u00f3ry skazywani na pora\u017ck\u0119 pokazali swoje umiej\u0119tno\u015bci. Zwyci\u0119stwo nad b\u0119d\u0105c\u0105 ostatnio w gazie Przemsz\u0105 Siewierz mo\u017ce bardzo cieszy\u0107, tym bardziej \u017ce zrobili to pod ogromn\u0105 presj\u0105. W dru\u017cynie go\u015bci grali dzi\u015b nasi byli pi\u0142karze: \u0141ukasz Burczyk, Kamil Skrzypi\u0144ski, Dawid Skrzypi\u0144ski oraz Alex Tyszczak.<br \/>\nBrawa dla Sarmat\u00f3w, kt\u00f3rzy mimo ci\u0119\u017ckiej sytuacji dali dzi\u015b swoim kibicom wiele powod\u00f3w do zadowolenia. Ju\u017c w najbli\u017cszy wtorek czeka nas kolejne trudne starcie z MKS-em Myszk\u00f3w na ich terenie. Liczymy na r\u00f3wnie dobr\u0105 postaw\u0119 naszej dru\u017cyny. \u201eJeszcze Sarmacja nie zgin\u0119\u0142a&#8230;!\u201d<\/p>\n<h4 class=\"Standard\"><strong>Sarmacja B\u0119dzin \u2013 Przemsza Siewierz 1:0 (1:0)<\/strong><\/h4>\n<p class=\"Standard\"><strong>S\u0119dzia:<\/strong> Marcin Mi\u015bta (Zawiercie)<\/p>\n<p class=\"Standard\"><strong>Bramki:<\/strong><br \/>\n3&#8242; (k) Terbalyan<\/p>\n<p class=\"Standard\"><strong>\u017b\u00f3\u0142te kartki:<br \/>\n<\/strong>63&#8242; Duda\u0142a<br \/>\n76&#8242; Czapla<br \/>\n90&#8217;+ Adamczyk<\/p>\n<p class=\"Standard\"><strong>Sarmacja B\u0119dzin:<\/strong> Dawid \u2013 Czapla, Majka, Duda\u0142a, Koz\u0142owski, Pietrowski (80&#8242; Tomko), G\u0105dek (90&#8217;+3&#8242; Mazur), Ba\u0142a (70&#8242; Zawadzki), Widurski, Maj (56&#8242; Adamczyk), Terbalyan<\/p>\n<p><strong>Galeria zdj\u0119\u0107:<\/strong><\/p>\n<p>[ngg src=&#8221;galleries&#8221; ids=&#8221;8&#8243; display=&#8221;basic_thumbnail&#8221; thumbnail_crop=&#8221;0&#8243;]<strong>Bramka dla Sarmacji:<\/strong><\/p>\n<p><iframe loading=\"lazy\" title=\"YouTube video player\" src=\"https:\/\/www.youtube.com\/embed\/YCLw0-JyOO8\" width=\"560\" height=\"315\" frameborder=\"0\" allowfullscreen=\"allowfullscreen\"><\/iframe><\/p>\n<p><strong>Rado\u015b\u0107 po zwyci\u0119stwie:<\/strong><\/p>\n<p><iframe loading=\"lazy\" style=\"border: none; overflow: hidden;\" src=\"https:\/\/www.facebook.com\/plugins\/video.php?height=314&amp;href=https%3A%2F%2Fwww.facebook.com%2FSarmacjaBedzin%2Fvideos%2F1156755121467471%2F&amp;show_text=false&amp;width=560\" width=\"560\" height=\"314\" frameborder=\"0\" scrolling=\"no\" allowfullscreen=\"allowfullscreen\"><\/iframe><\/p>\n","protected":false},"excerpt":{"rendered":"<p>Dzi\u015b 22.05.2021 roku o godz. 13.00 pi\u0142karze Sarmacji B\u0119dzin go\u015bcili na w\u0142asnym stadionie dru\u017cyn\u0119 Przemszy Siewierz. W rundzie jesiennej b\u0119dzinianie na wyje\u017adzie odnie\u015bli zwyci\u0119stwo 2:0. Bramki dla naszej dru\u017cyny zdobyli Roman Terbalyan i Kamil Adamczyk. W ostatniej kolejce ligowej Przemsza na w\u0142asnym terenie pokona\u0142a RKS Grodziec 4:1, natomiast b\u0119dzinianie ulegli mocno os\u0142abionej kadrowo Warcie Zawiercie&#8230;<\/p>\n","protected":false},"author":1,"featured_media":3189,"comment_status":"closed","ping_status":"closed","sticky":false,"template":"","format":"standard","meta":{"footnotes":""},"categories":[64],"tags":[],"class_list":["post-3188","post","type-post","status-publish","format-standard","has-post-thumbnail","hentry","category-soccer"],"yoast_head":"<!-- This site is optimized with the Yoast SEO plugin v25.8 - https:\/\/yoast.com\/wordpress\/plugins\/seo\/ -->\n<title>Derby Powiatu dla Sarmacji! | BKS Sarmacja B\u0119dzin<\/title>\n<meta name=\"robots\" content=\"index, follow, max-snippet:-1, max-image-preview:large, max-video-preview:-1\" \/>\n<link rel=\"canonical\" href=\"https:\/\/sarmacjabedzin.pl\/index.php\/2021\/05\/22\/3188\/\" \/>\n<meta property=\"og:locale\" content=\"pl_PL\" \/>\n<meta property=\"og:type\" content=\"article\" \/>\n<meta property=\"og:title\" content=\"Derby Powiatu dla Sarmacji! | BKS Sarmacja B\u0119dzin\" \/>\n<meta property=\"og:description\" content=\"Dzi\u015b 22.05.2021 roku o godz. 13.00 pi\u0142karze Sarmacji B\u0119dzin go\u015bcili na w\u0142asnym stadionie dru\u017cyn\u0119 Przemszy Siewierz. W rundzie jesiennej b\u0119dzinianie na wyje\u017adzie odnie\u015bli zwyci\u0119stwo 2:0. Bramki dla naszej dru\u017cyny zdobyli Roman Terbalyan i Kamil Adamczyk. W ostatniej kolejce ligowej Przemsza na w\u0142asnym terenie pokona\u0142a RKS Grodziec 4:1, natomiast b\u0119dzinianie ulegli mocno os\u0142abionej kadrowo Warcie Zawiercie...\" \/>\n<meta property=\"og:url\" content=\"https:\/\/sarmacjabedzin.pl\/index.php\/2021\/05\/22\/3188\/\" \/>\n<meta property=\"og:site_name\" content=\"BKS Sarmacja B\u0119dzin\" \/>\n<meta property=\"article:publisher\" content=\"https:\/\/www.facebook.com\/SarmacjaBedzin\" \/>\n<meta property=\"article:published_time\" content=\"2021-05-22T15:31:04+00:00\" \/>\n<meta property=\"article:modified_time\" content=\"2021-05-23T20:44:09+00:00\" \/>\n<meta property=\"og:image\" content=\"https:\/\/sarmacjabedzin.pl\/wp-content\/uploads\/2021\/05\/DSC_1653.jpg\" \/>\n\t<meta property=\"og:image:width\" content=\"1600\" \/>\n\t<meta property=\"og:image:height\" content=\"1064\" \/>\n\t<meta property=\"og:image:type\" content=\"image\/jpeg\" \/>\n<meta name=\"author\" content=\"tyrtak\" \/>\n<meta name=\"twitter:card\" content=\"summary_large_image\" \/>\n<meta name=\"twitter:label1\" content=\"Napisane przez\" \/>\n\t<meta name=\"twitter:data1\" content=\"tyrtak\" \/>\n\t<meta name=\"twitter:label2\" content=\"Szacowany czas czytania\" \/>\n\t<meta name=\"twitter:data2\" content=\"4 minuty\" \/>\n<script type=\"application\/ld+json\" class=\"yoast-schema-graph\">{\"@context\":\"https:\/\/schema.org\",\"@graph\":[{\"@type\":\"WebPage\",\"@id\":\"https:\/\/sarmacjabedzin.pl\/index.php\/2021\/05\/22\/3188\/\",\"url\":\"https:\/\/sarmacjabedzin.pl\/index.php\/2021\/05\/22\/3188\/\",\"name\":\"Derby Powiatu dla Sarmacji! | BKS Sarmacja B\u0119dzin\",\"isPartOf\":{\"@id\":\"https:\/\/sarmacjabedzin.pl\/#website\"},\"primaryImageOfPage\":{\"@id\":\"https:\/\/sarmacjabedzin.pl\/index.php\/2021\/05\/22\/3188\/#primaryimage\"},\"image\":{\"@id\":\"https:\/\/sarmacjabedzin.pl\/index.php\/2021\/05\/22\/3188\/#primaryimage\"},\"thumbnailUrl\":\"https:\/\/sarmacjabedzin.pl\/wp-content\/uploads\/2021\/05\/DSC_1653.jpg\",\"datePublished\":\"2021-05-22T15:31:04+00:00\",\"dateModified\":\"2021-05-23T20:44:09+00:00\",\"author\":{\"@id\":\"https:\/\/sarmacjabedzin.pl\/#\/schema\/person\/5417ea7b03bcd9adf58298a2265ce03a\"},\"breadcrumb\":{\"@id\":\"https:\/\/sarmacjabedzin.pl\/index.php\/2021\/05\/22\/3188\/#breadcrumb\"},\"inLanguage\":\"pl-PL\",\"potentialAction\":[{\"@type\":\"ReadAction\",\"target\":[\"https:\/\/sarmacjabedzin.pl\/index.php\/2021\/05\/22\/3188\/\"]}]},{\"@type\":\"ImageObject\",\"inLanguage\":\"pl-PL\",\"@id\":\"https:\/\/sarmacjabedzin.pl\/index.php\/2021\/05\/22\/3188\/#primaryimage\",\"url\":\"https:\/\/sarmacjabedzin.pl\/wp-content\/uploads\/2021\/05\/DSC_1653.jpg\",\"contentUrl\":\"https:\/\/sarmacjabedzin.pl\/wp-content\/uploads\/2021\/05\/DSC_1653.jpg\",\"width\":1600,\"height\":1064},{\"@type\":\"BreadcrumbList\",\"@id\":\"https:\/\/sarmacjabedzin.pl\/index.php\/2021\/05\/22\/3188\/#breadcrumb\",\"itemListElement\":[{\"@type\":\"ListItem\",\"position\":1,\"name\":\"Strona g\u0142\u00f3wna\",\"item\":\"https:\/\/sarmacjabedzin.pl\/\"},{\"@type\":\"ListItem\",\"position\":2,\"name\":\"Derby Powiatu dla Sarmacji!\"}]},{\"@type\":\"WebSite\",\"@id\":\"https:\/\/sarmacjabedzin.pl\/#website\",\"url\":\"https:\/\/sarmacjabedzin.pl\/\",\"name\":\"BKS Sarmacja B\u0119dzin \u2013 Nieoficjalny serwis\",\"description\":\"Nieoficjalny serwis B\u0119dzi\u0144skiego Klubu Sportowego &quot;Sarmacja&quot;\",\"potentialAction\":[{\"@type\":\"SearchAction\",\"target\":{\"@type\":\"EntryPoint\",\"urlTemplate\":\"https:\/\/sarmacjabedzin.pl\/?s={search_term_string}\"},\"query-input\":{\"@type\":\"PropertyValueSpecification\",\"valueRequired\":true,\"valueName\":\"search_term_string\"}}],\"inLanguage\":\"pl-PL\"},{\"@type\":\"Person\",\"@id\":\"https:\/\/sarmacjabedzin.pl\/#\/schema\/person\/5417ea7b03bcd9adf58298a2265ce03a\",\"name\":\"tyrtak\",\"image\":{\"@type\":\"ImageObject\",\"inLanguage\":\"pl-PL\",\"@id\":\"https:\/\/sarmacjabedzin.pl\/#\/schema\/person\/image\/\",\"url\":\"https:\/\/secure.gravatar.com\/avatar\/49b7734c6795cf524710e96813a9fedc1ae3816e479d92490236b4cfc47a5ae1?s=96&d=mm&r=g\",\"contentUrl\":\"https:\/\/secure.gravatar.com\/avatar\/49b7734c6795cf524710e96813a9fedc1ae3816e479d92490236b4cfc47a5ae1?s=96&d=mm&r=g\",\"caption\":\"tyrtak\"}}]}<\/script>\n<!-- \/ Yoast SEO plugin. -->","yoast_head_json":{"title":"Derby Powiatu dla Sarmacji! | BKS Sarmacja B\u0119dzin","robots":{"index":"index","follow":"follow","max-snippet":"max-snippet:-1","max-image-preview":"max-image-preview:large","max-video-preview":"max-video-preview:-1"},"canonical":"https:\/\/sarmacjabedzin.pl\/index.php\/2021\/05\/22\/3188\/","og_locale":"pl_PL","og_type":"article","og_title":"Derby Powiatu dla Sarmacji! | BKS Sarmacja B\u0119dzin","og_description":"Dzi\u015b 22.05.2021 roku o godz. 13.00 pi\u0142karze Sarmacji B\u0119dzin go\u015bcili na w\u0142asnym stadionie dru\u017cyn\u0119 Przemszy Siewierz. W rundzie jesiennej b\u0119dzinianie na wyje\u017adzie odnie\u015bli zwyci\u0119stwo 2:0. Bramki dla naszej dru\u017cyny zdobyli Roman Terbalyan i Kamil Adamczyk. W ostatniej kolejce ligowej Przemsza na w\u0142asnym terenie pokona\u0142a RKS Grodziec 4:1, natomiast b\u0119dzinianie ulegli mocno os\u0142abionej kadrowo Warcie Zawiercie...","og_url":"https:\/\/sarmacjabedzin.pl\/index.php\/2021\/05\/22\/3188\/","og_site_name":"BKS Sarmacja B\u0119dzin","article_publisher":"https:\/\/www.facebook.com\/SarmacjaBedzin","article_published_time":"2021-05-22T15:31:04+00:00","article_modified_time":"2021-05-23T20:44:09+00:00","og_image":[{"width":1600,"height":1064,"url":"https:\/\/sarmacjabedzin.pl\/wp-content\/uploads\/2021\/05\/DSC_1653.jpg","type":"image\/jpeg"}],"author":"tyrtak","twitter_card":"summary_large_image","twitter_misc":{"Napisane przez":"tyrtak","Szacowany czas czytania":"4 minuty"},"schema":{"@context":"https:\/\/schema.org","@graph":[{"@type":"WebPage","@id":"https:\/\/sarmacjabedzin.pl\/index.php\/2021\/05\/22\/3188\/","url":"https:\/\/sarmacjabedzin.pl\/index.php\/2021\/05\/22\/3188\/","name":"Derby Powiatu dla Sarmacji! | BKS Sarmacja B\u0119dzin","isPartOf":{"@id":"https:\/\/sarmacjabedzin.pl\/#website"},"primaryImageOfPage":{"@id":"https:\/\/sarmacjabedzin.pl\/index.php\/2021\/05\/22\/3188\/#primaryimage"},"image":{"@id":"https:\/\/sarmacjabedzin.pl\/index.php\/2021\/05\/22\/3188\/#primaryimage"},"thumbnailUrl":"https:\/\/sarmacjabedzin.pl\/wp-content\/uploads\/2021\/05\/DSC_1653.jpg","datePublished":"2021-05-22T15:31:04+00:00","dateModified":"2021-05-23T20:44:09+00:00","author":{"@id":"https:\/\/sarmacjabedzin.pl\/#\/schema\/person\/5417ea7b03bcd9adf58298a2265ce03a"},"breadcrumb":{"@id":"https:\/\/sarmacjabedzin.pl\/index.php\/2021\/05\/22\/3188\/#breadcrumb"},"inLanguage":"pl-PL","potentialAction":[{"@type":"ReadAction","target":["https:\/\/sarmacjabedzin.pl\/index.php\/2021\/05\/22\/3188\/"]}]},{"@type":"ImageObject","inLanguage":"pl-PL","@id":"https:\/\/sarmacjabedzin.pl\/index.php\/2021\/05\/22\/3188\/#primaryimage","url":"https:\/\/sarmacjabedzin.pl\/wp-content\/uploads\/2021\/05\/DSC_1653.jpg","contentUrl":"https:\/\/sarmacjabedzin.pl\/wp-content\/uploads\/2021\/05\/DSC_1653.jpg","width":1600,"height":1064},{"@type":"BreadcrumbList","@id":"https:\/\/sarmacjabedzin.pl\/index.php\/2021\/05\/22\/3188\/#breadcrumb","itemListElement":[{"@type":"ListItem","position":1,"name":"Strona g\u0142\u00f3wna","item":"https:\/\/sarmacjabedzin.pl\/"},{"@type":"ListItem","position":2,"name":"Derby Powiatu dla Sarmacji!"}]},{"@type":"WebSite","@id":"https:\/\/sarmacjabedzin.pl\/#website","url":"https:\/\/sarmacjabedzin.pl\/","name":"BKS Sarmacja B\u0119dzin \u2013 Nieoficjalny serwis","description":"Nieoficjalny serwis B\u0119dzi\u0144skiego Klubu Sportowego &quot;Sarmacja&quot;","potentialAction":[{"@type":"SearchAction","target":{"@type":"EntryPoint","urlTemplate":"https:\/\/sarmacjabedzin.pl\/?s={search_term_string}"},"query-input":{"@type":"PropertyValueSpecification","valueRequired":true,"valueName":"search_term_string"}}],"inLanguage":"pl-PL"},{"@type":"Person","@id":"https:\/\/sarmacjabedzin.pl\/#\/schema\/person\/5417ea7b03bcd9adf58298a2265ce03a","name":"tyrtak","image":{"@type":"ImageObject","inLanguage":"pl-PL","@id":"https:\/\/sarmacjabedzin.pl\/#\/schema\/person\/image\/","url":"https:\/\/secure.gravatar.com\/avatar\/49b7734c6795cf524710e96813a9fedc1ae3816e479d92490236b4cfc47a5ae1?s=96&d=mm&r=g","contentUrl":"https:\/\/secure.gravatar.com\/avatar\/49b7734c6795cf524710e96813a9fedc1ae3816e479d92490236b4cfc47a5ae1?s=96&d=mm&r=g","caption":"tyrtak"}}]}},"rttpg_featured_image_url":{"full":["https:\/\/sarmacjabedzin.pl\/wp-content\/uploads\/2021\/05\/DSC_1653.jpg",1600,1064,false],"landscape":["https:\/\/sarmacjabedzin.pl\/wp-content\/uploads\/2021\/05\/DSC_1653.jpg",1600,1064,false],"portraits":["https:\/\/sarmacjabedzin.pl\/wp-content\/uploads\/2021\/05\/DSC_1653.jpg",1600,1064,false],"thumbnail":["https:\/\/sarmacjabedzin.pl\/wp-content\/uploads\/2021\/05\/DSC_1653-150x150.jpg",150,150,true],"medium":["https:\/\/sarmacjabedzin.pl\/wp-content\/uploads\/2021\/05\/DSC_1653-300x200.jpg",300,200,true],"large":["https:\/\/sarmacjabedzin.pl\/wp-content\/uploads\/2021\/05\/DSC_1653-1024x681.jpg",1024,681,true],"1536x1536":["https:\/\/sarmacjabedzin.pl\/wp-content\/uploads\/2021\/05\/DSC_1653-1536x1022.jpg",1536,1022,true],"2048x2048":["https:\/\/sarmacjabedzin.pl\/wp-content\/uploads\/2021\/05\/DSC_1653.jpg",1600,1064,false],"sportspress-crop-medium":["https:\/\/sarmacjabedzin.pl\/wp-content\/uploads\/2021\/05\/DSC_1653-300x300.jpg",300,300,true],"sportspress-fit-medium":["https:\/\/sarmacjabedzin.pl\/wp-content\/uploads\/2021\/05\/DSC_1653-300x200.jpg",300,200,true],"sportspress-fit-icon":["https:\/\/sarmacjabedzin.pl\/wp-content\/uploads\/2021\/05\/DSC_1653-128x85.jpg",128,85,true],"sportspress-fit-mini":["https:\/\/sarmacjabedzin.pl\/wp-content\/uploads\/2021\/05\/DSC_1653-32x21.jpg",32,21,true],"ultp_layout_landscape_large":["https:\/\/sarmacjabedzin.pl\/wp-content\/uploads\/2021\/05\/DSC_1653-1200x800.jpg",1200,800,true],"ultp_layout_landscape":["https:\/\/sarmacjabedzin.pl\/wp-content\/uploads\/2021\/05\/DSC_1653-870x570.jpg",870,570,true],"ultp_layout_portrait":["https:\/\/sarmacjabedzin.pl\/wp-content\/uploads\/2021\/05\/DSC_1653-600x900.jpg",600,900,true],"ultp_layout_square":["https:\/\/sarmacjabedzin.pl\/wp-content\/uploads\/2021\/05\/DSC_1653-600x600.jpg",600,600,true],"stm-1140-666":["https:\/\/sarmacjabedzin.pl\/wp-content\/uploads\/2021\/05\/DSC_1653-1140x666.jpg",1140,666,true],"stm-1170-650":["https:\/\/sarmacjabedzin.pl\/wp-content\/uploads\/2021\/05\/DSC_1653-1170x650.jpg",1170,650,true],"stm-570-350":["https:\/\/sarmacjabedzin.pl\/wp-content\/uploads\/2021\/05\/DSC_1653-570x350.jpg",570,350,true],"stm-570-250":["https:\/\/sarmacjabedzin.pl\/wp-content\/uploads\/2021\/05\/DSC_1653-570x250.jpg",570,250,true],"stm-270-370":["https:\/\/sarmacjabedzin.pl\/wp-content\/uploads\/2021\/05\/DSC_1653-270x370.jpg",270,370,true],"stm-540-500":["https:\/\/sarmacjabedzin.pl\/wp-content\/uploads\/2021\/05\/DSC_1653-540x500.jpg",540,500,true],"stm-270-530":["https:\/\/sarmacjabedzin.pl\/wp-content\/uploads\/2021\/05\/DSC_1653-270x530.jpg",270,530,true],"stm-200-200":["https:\/\/sarmacjabedzin.pl\/wp-content\/uploads\/2021\/05\/DSC_1653-200x200.jpg",200,200,true],"stm-85-105":["https:\/\/sarmacjabedzin.pl\/wp-content\/uploads\/2021\/05\/DSC_1653-85x105.jpg",85,105,true],"stm-255-255":["https:\/\/sarmacjabedzin.pl\/wp-content\/uploads\/2021\/05\/DSC_1653-255x255.jpg",255,255,true],"stm-360-240":["https:\/\/sarmacjabedzin.pl\/wp-content\/uploads\/2021\/05\/DSC_1653-360x240.jpg",360,240,true],"stm-360-495":["https:\/\/sarmacjabedzin.pl\/wp-content\/uploads\/2021\/05\/DSC_1653-360x495.jpg",360,495,true],"stm-445-400":["https:\/\/sarmacjabedzin.pl\/wp-content\/uploads\/2021\/05\/DSC_1653-445x400.jpg",445,400,true],"stm-735-240":["https:\/\/sarmacjabedzin.pl\/wp-content\/uploads\/2021\/05\/DSC_1653-735x240.jpg",735,240,true],"stm-255-183":["https:\/\/sarmacjabedzin.pl\/wp-content\/uploads\/2021\/05\/DSC_1653-255x183.jpg",255,183,true],"stm-350-250":["https:\/\/sarmacjabedzin.pl\/wp-content\/uploads\/2021\/05\/DSC_1653-350x250.jpg",350,250,true],"blog_list":["https:\/\/sarmacjabedzin.pl\/wp-content\/uploads\/2021\/05\/DSC_1653-270x220.jpg",270,220,true],"blog_list_medium":["https:\/\/sarmacjabedzin.pl\/wp-content\/uploads\/2021\/05\/DSC_1653-390x345.jpg",390,345,true],"gallery_thumbnail":["https:\/\/sarmacjabedzin.pl\/wp-content\/uploads\/2021\/05\/DSC_1653-80x80.jpg",80,80,true],"gallery_image":["https:\/\/sarmacjabedzin.pl\/wp-content\/uploads\/2021\/05\/DSC_1653-560x367.jpg",560,367,true],"gallery_image_mini":["https:\/\/sarmacjabedzin.pl\/wp-content\/uploads\/2021\/05\/DSC_1653-143x116.jpg",143,116,true],"player_photo":["https:\/\/sarmacjabedzin.pl\/wp-content\/uploads\/2021\/05\/DSC_1653-740x740.jpg",740,740,true],"team_logo":["https:\/\/sarmacjabedzin.pl\/wp-content\/uploads\/2021\/05\/DSC_1653-98x65.jpg",98,65,true],"player_stat_ava":["https:\/\/sarmacjabedzin.pl\/wp-content\/uploads\/2021\/05\/DSC_1653-550x580.jpg",550,580,true],"post-350-220":["https:\/\/sarmacjabedzin.pl\/wp-content\/uploads\/2021\/05\/DSC_1653-350x220.jpg",350,220,true],"post-275-142":["https:\/\/sarmacjabedzin.pl\/wp-content\/uploads\/2021\/05\/DSC_1653-275x142.jpg",275,142,true],"post-160-120":["https:\/\/sarmacjabedzin.pl\/wp-content\/uploads\/2021\/05\/DSC_1653-160x120.jpg",160,120,true],"post-110-70":["https:\/\/sarmacjabedzin.pl\/wp-content\/uploads\/2021\/05\/DSC_1653-110x70.jpg",110,70,true],"post-770-450":["https:\/\/sarmacjabedzin.pl\/wp-content\/uploads\/2021\/05\/DSC_1653-770x450.jpg",770,450,true],"post-370-210":["https:\/\/sarmacjabedzin.pl\/wp-content\/uploads\/2021\/05\/DSC_1653-370x210.jpg",370,210,true],"post-457-470":["https:\/\/sarmacjabedzin.pl\/wp-content\/uploads\/2021\/05\/DSC_1653-457x470.jpg",457,470,true],"post-370-420":["https:\/\/sarmacjabedzin.pl\/wp-content\/uploads\/2021\/05\/DSC_1653-370x420.jpg",370,420,true],"stm-445-445":["https:\/\/sarmacjabedzin.pl\/wp-content\/uploads\/2021\/05\/DSC_1653-445x445.jpg",445,445,true],"stm-555-460":["https:\/\/sarmacjabedzin.pl\/wp-content\/uploads\/2021\/05\/DSC_1653-555x460.jpg",555,460,true],"stm-350-450":["https:\/\/sarmacjabedzin.pl\/wp-content\/uploads\/2021\/05\/DSC_1653-350x450.jpg",350,450,true],"stm-720-440":["https:\/\/sarmacjabedzin.pl\/wp-content\/uploads\/2021\/05\/DSC_1653-720x440.jpg",720,440,true],"stm-270-270":["https:\/\/sarmacjabedzin.pl\/wp-content\/uploads\/2021\/05\/DSC_1653.jpg",270,180,false],"stm-760-450":["https:\/\/sarmacjabedzin.pl\/wp-content\/uploads\/2021\/05\/DSC_1653.jpg",677,450,false]},"rttpg_author":{"display_name":"tyrtak","author_link":false},"rttpg_comment":0,"rttpg_category":"<a href=\"https:\/\/sarmacjabedzin.pl\/index.php\/category\/soccer\/\" rel=\"category tag\">Liga<\/a>","rttpg_excerpt":"Dzi\u015b 22.05.2021 roku o godz. 13.00 pi\u0142karze Sarmacji B\u0119dzin go\u015bcili na w\u0142asnym stadionie dru\u017cyn\u0119 Przemszy Siewierz. W rundzie jesiennej b\u0119dzinianie na wyje\u017adzie odnie\u015bli zwyci\u0119stwo 2:0. Bramki dla naszej dru\u017cyny zdobyli Roman Terbalyan i Kamil Adamczyk. W ostatniej kolejce ligowej Przemsza na w\u0142asnym terenie pokona\u0142a RKS Grodziec 4:1, natomiast b\u0119dzinianie ulegli mocno os\u0142abionej kadrowo Warcie Zawiercie...","_links":{"self":[{"href":"https:\/\/sarmacjabedzin.pl\/index.php\/wp-json\/wp\/v2\/posts\/3188","targetHints":{"allow":["GET"]}}],"collection":[{"href":"https:\/\/sarmacjabedzin.pl\/index.php\/wp-json\/wp\/v2\/posts"}],"about":[{"href":"https:\/\/sarmacjabedzin.pl\/index.php\/wp-json\/wp\/v2\/types\/post"}],"author":[{"embeddable":true,"href":"https:\/\/sarmacjabedzin.pl\/index.php\/wp-json\/wp\/v2\/users\/1"}],"replies":[{"embeddable":true,"href":"https:\/\/sarmacjabedzin.pl\/index.php\/wp-json\/wp\/v2\/comments?post=3188"}],"version-history":[{"count":0,"href":"https:\/\/sarmacjabedzin.pl\/index.php\/wp-json\/wp\/v2\/posts\/3188\/revisions"}],"wp:featuredmedia":[{"embeddable":true,"href":"https:\/\/sarmacjabedzin.pl\/index.php\/wp-json\/wp\/v2\/media\/3189"}],"wp:attachment":[{"href":"https:\/\/sarmacjabedzin.pl\/index.php\/wp-json\/wp\/v2\/media?parent=3188"}],"wp:term":[{"taxonomy":"category","embeddable":true,"href":"https:\/\/sarmacjabedzin.pl\/index.php\/wp-json\/wp\/v2\/categories?post=3188"},{"taxonomy":"post_tag","embeddable":true,"href":"https:\/\/sarmacjabedzin.pl\/index.php\/wp-json\/wp\/v2\/tags?post=3188"}],"curies":[{"name":"wp","href":"https:\/\/api.w.org\/{rel}","templated":true}]}}