{"id":3393,"date":"2021-07-02T15:53:55","date_gmt":"2021-07-02T13:53:55","guid":{"rendered":"https:\/\/sarmacjabedzin.pl\/?p=3393"},"modified":"2021-07-02T18:05:04","modified_gmt":"2021-07-02T16:05:04","slug":"nowy-trener","status":"publish","type":"post","link":"https:\/\/sarmacjabedzin.pl\/index.php\/2021\/07\/02\/nowy-trener\/","title":{"rendered":"Nowy Trener!"},"content":{"rendered":"<p class=\"Standard\">Znamy ju\u017c nazwisko nowego trenera BKS Sarmacja B\u0119dzin, kt\u00f3ry poprowadzi nasz\u0105 dru\u017cyn\u0119 w sezonie 2021\/2022. Szkoleniowcem b\u0119dzinian zosta\u0142 Janusz I\u0142czyk, kt\u00f3ry wcze\u015bniej prowadzi\u0142 takie kluby jak: Piast Gliwice (m\u0142oda ekstraklasa), Unia D\u0105browa G\u00f3rnicza, T\u0119cza B\u0142\u0119d\u00f3w, CKS Czelad\u017a, Unia Kosztowy, Cyklon Rogo\u017anik. W sezonie 2019\/2020 wraz z dru\u017cyn\u0105 Iskra Pszczyna wywalczy\u0142 awans do IV ligi.<\/p>\n<p class=\"Standard\">Nowemu trenerowi Sarmacji \u017cyczymy szybkiego powrotu w szeregi czwartoligowc\u00f3w.<\/p>\n<p>Foto: lokalnapilka.pl<\/p>\n","protected":false},"excerpt":{"rendered":"<p>Znamy ju\u017c nazwisko nowego trenera BKS Sarmacja B\u0119dzin, kt\u00f3ry poprowadzi nasz\u0105 dru\u017cyn\u0119 w sezonie 2021\/2022. Szkoleniowcem b\u0119dzinian zosta\u0142 Janusz I\u0142czyk, kt\u00f3ry wcze\u015bniej prowadzi\u0142 takie kluby jak: Piast Gliwice (m\u0142oda ekstraklasa), Unia D\u0105browa G\u00f3rnicza, T\u0119cza B\u0142\u0119d\u00f3w, CKS Czelad\u017a, Unia Kosztowy, Cyklon Rogo\u017anik. W sezonie 2019\/2020 wraz z dru\u017cyn\u0105 Iskra Pszczyna wywalczy\u0142 awans do IV ligi. Nowemu&#8230;<\/p>\n","protected":false},"author":1,"featured_media":3394,"comment_status":"closed","ping_status":"closed","sticky":false,"template":"","format":"standard","meta":{"footnotes":""},"categories":[1],"tags":[],"class_list":["post-3393","post","type-post","status-publish","format-standard","has-post-thumbnail","hentry","category-aktualnosci"],"yoast_head":"<!-- This site is optimized with the Yoast SEO plugin v25.8 - https:\/\/yoast.com\/wordpress\/plugins\/seo\/ -->\n<title>Nowy Trener! | BKS Sarmacja B\u0119dzin<\/title>\n<meta name=\"robots\" content=\"index, follow, max-snippet:-1, max-image-preview:large, max-video-preview:-1\" \/>\n<link rel=\"canonical\" href=\"https:\/\/sarmacjabedzin.pl\/index.php\/2021\/07\/02\/nowy-trener\/\" \/>\n<meta property=\"og:locale\" content=\"pl_PL\" \/>\n<meta property=\"og:type\" content=\"article\" \/>\n<meta property=\"og:title\" content=\"Nowy Trener! | BKS Sarmacja B\u0119dzin\" \/>\n<meta property=\"og:description\" content=\"Znamy ju\u017c nazwisko nowego trenera BKS Sarmacja B\u0119dzin, kt\u00f3ry poprowadzi nasz\u0105 dru\u017cyn\u0119 w sezonie 2021\/2022. Szkoleniowcem b\u0119dzinian zosta\u0142 Janusz I\u0142czyk, kt\u00f3ry wcze\u015bniej prowadzi\u0142 takie kluby jak: Piast Gliwice (m\u0142oda ekstraklasa), Unia D\u0105browa G\u00f3rnicza, T\u0119cza B\u0142\u0119d\u00f3w, CKS Czelad\u017a, Unia Kosztowy, Cyklon Rogo\u017anik. W sezonie 2019\/2020 wraz z dru\u017cyn\u0105 Iskra Pszczyna wywalczy\u0142 awans do IV ligi. Nowemu...\" \/>\n<meta property=\"og:url\" content=\"https:\/\/sarmacjabedzin.pl\/index.php\/2021\/07\/02\/nowy-trener\/\" \/>\n<meta property=\"og:site_name\" content=\"BKS Sarmacja B\u0119dzin\" \/>\n<meta property=\"article:publisher\" content=\"https:\/\/www.facebook.com\/SarmacjaBedzin\" \/>\n<meta property=\"article:published_time\" content=\"2021-07-02T13:53:55+00:00\" \/>\n<meta property=\"article:modified_time\" content=\"2021-07-02T16:05:04+00:00\" \/>\n<meta property=\"og:image\" content=\"https:\/\/sarmacjabedzin.pl\/wp-content\/uploads\/2021\/07\/Ilczyk.jpg\" \/>\n\t<meta property=\"og:image:width\" content=\"870\" \/>\n\t<meta property=\"og:image:height\" content=\"490\" \/>\n\t<meta property=\"og:image:type\" content=\"image\/jpeg\" \/>\n<meta name=\"author\" content=\"tyrtak\" \/>\n<meta name=\"twitter:card\" content=\"summary_large_image\" \/>\n<meta name=\"twitter:label1\" content=\"Napisane przez\" \/>\n\t<meta name=\"twitter:data1\" content=\"tyrtak\" \/>\n<script type=\"application\/ld+json\" class=\"yoast-schema-graph\">{\"@context\":\"https:\/\/schema.org\",\"@graph\":[{\"@type\":\"WebPage\",\"@id\":\"https:\/\/sarmacjabedzin.pl\/index.php\/2021\/07\/02\/nowy-trener\/\",\"url\":\"https:\/\/sarmacjabedzin.pl\/index.php\/2021\/07\/02\/nowy-trener\/\",\"name\":\"Nowy Trener! | BKS Sarmacja B\u0119dzin\",\"isPartOf\":{\"@id\":\"https:\/\/sarmacjabedzin.pl\/#website\"},\"primaryImageOfPage\":{\"@id\":\"https:\/\/sarmacjabedzin.pl\/index.php\/2021\/07\/02\/nowy-trener\/#primaryimage\"},\"image\":{\"@id\":\"https:\/\/sarmacjabedzin.pl\/index.php\/2021\/07\/02\/nowy-trener\/#primaryimage\"},\"thumbnailUrl\":\"https:\/\/sarmacjabedzin.pl\/wp-content\/uploads\/2021\/07\/Ilczyk.jpg\",\"datePublished\":\"2021-07-02T13:53:55+00:00\",\"dateModified\":\"2021-07-02T16:05:04+00:00\",\"author\":{\"@id\":\"https:\/\/sarmacjabedzin.pl\/#\/schema\/person\/5417ea7b03bcd9adf58298a2265ce03a\"},\"breadcrumb\":{\"@id\":\"https:\/\/sarmacjabedzin.pl\/index.php\/2021\/07\/02\/nowy-trener\/#breadcrumb\"},\"inLanguage\":\"pl-PL\",\"potentialAction\":[{\"@type\":\"ReadAction\",\"target\":[\"https:\/\/sarmacjabedzin.pl\/index.php\/2021\/07\/02\/nowy-trener\/\"]}]},{\"@type\":\"ImageObject\",\"inLanguage\":\"pl-PL\",\"@id\":\"https:\/\/sarmacjabedzin.pl\/index.php\/2021\/07\/02\/nowy-trener\/#primaryimage\",\"url\":\"https:\/\/sarmacjabedzin.pl\/wp-content\/uploads\/2021\/07\/Ilczyk.jpg\",\"contentUrl\":\"https:\/\/sarmacjabedzin.pl\/wp-content\/uploads\/2021\/07\/Ilczyk.jpg\",\"width\":870,\"height\":490},{\"@type\":\"BreadcrumbList\",\"@id\":\"https:\/\/sarmacjabedzin.pl\/index.php\/2021\/07\/02\/nowy-trener\/#breadcrumb\",\"itemListElement\":[{\"@type\":\"ListItem\",\"position\":1,\"name\":\"Strona g\u0142\u00f3wna\",\"item\":\"https:\/\/sarmacjabedzin.pl\/\"},{\"@type\":\"ListItem\",\"position\":2,\"name\":\"Nowy Trener!\"}]},{\"@type\":\"WebSite\",\"@id\":\"https:\/\/sarmacjabedzin.pl\/#website\",\"url\":\"https:\/\/sarmacjabedzin.pl\/\",\"name\":\"BKS Sarmacja B\u0119dzin \u2013 Nieoficjalny serwis\",\"description\":\"Nieoficjalny serwis B\u0119dzi\u0144skiego Klubu Sportowego &quot;Sarmacja&quot;\",\"potentialAction\":[{\"@type\":\"SearchAction\",\"target\":{\"@type\":\"EntryPoint\",\"urlTemplate\":\"https:\/\/sarmacjabedzin.pl\/?s={search_term_string}\"},\"query-input\":{\"@type\":\"PropertyValueSpecification\",\"valueRequired\":true,\"valueName\":\"search_term_string\"}}],\"inLanguage\":\"pl-PL\"},{\"@type\":\"Person\",\"@id\":\"https:\/\/sarmacjabedzin.pl\/#\/schema\/person\/5417ea7b03bcd9adf58298a2265ce03a\",\"name\":\"tyrtak\",\"image\":{\"@type\":\"ImageObject\",\"inLanguage\":\"pl-PL\",\"@id\":\"https:\/\/sarmacjabedzin.pl\/#\/schema\/person\/image\/\",\"url\":\"https:\/\/secure.gravatar.com\/avatar\/49b7734c6795cf524710e96813a9fedc1ae3816e479d92490236b4cfc47a5ae1?s=96&d=mm&r=g\",\"contentUrl\":\"https:\/\/secure.gravatar.com\/avatar\/49b7734c6795cf524710e96813a9fedc1ae3816e479d92490236b4cfc47a5ae1?s=96&d=mm&r=g\",\"caption\":\"tyrtak\"}}]}<\/script>\n<!-- \/ Yoast SEO plugin. -->","yoast_head_json":{"title":"Nowy Trener! | BKS Sarmacja B\u0119dzin","robots":{"index":"index","follow":"follow","max-snippet":"max-snippet:-1","max-image-preview":"max-image-preview:large","max-video-preview":"max-video-preview:-1"},"canonical":"https:\/\/sarmacjabedzin.pl\/index.php\/2021\/07\/02\/nowy-trener\/","og_locale":"pl_PL","og_type":"article","og_title":"Nowy Trener! | BKS Sarmacja B\u0119dzin","og_description":"Znamy ju\u017c nazwisko nowego trenera BKS Sarmacja B\u0119dzin, kt\u00f3ry poprowadzi nasz\u0105 dru\u017cyn\u0119 w sezonie 2021\/2022. Szkoleniowcem b\u0119dzinian zosta\u0142 Janusz I\u0142czyk, kt\u00f3ry wcze\u015bniej prowadzi\u0142 takie kluby jak: Piast Gliwice (m\u0142oda ekstraklasa), Unia D\u0105browa G\u00f3rnicza, T\u0119cza B\u0142\u0119d\u00f3w, CKS Czelad\u017a, Unia Kosztowy, Cyklon Rogo\u017anik. W sezonie 2019\/2020 wraz z dru\u017cyn\u0105 Iskra Pszczyna wywalczy\u0142 awans do IV ligi. Nowemu...","og_url":"https:\/\/sarmacjabedzin.pl\/index.php\/2021\/07\/02\/nowy-trener\/","og_site_name":"BKS Sarmacja B\u0119dzin","article_publisher":"https:\/\/www.facebook.com\/SarmacjaBedzin","article_published_time":"2021-07-02T13:53:55+00:00","article_modified_time":"2021-07-02T16:05:04+00:00","og_image":[{"width":870,"height":490,"url":"https:\/\/sarmacjabedzin.pl\/wp-content\/uploads\/2021\/07\/Ilczyk.jpg","type":"image\/jpeg"}],"author":"tyrtak","twitter_card":"summary_large_image","twitter_misc":{"Napisane przez":"tyrtak"},"schema":{"@context":"https:\/\/schema.org","@graph":[{"@type":"WebPage","@id":"https:\/\/sarmacjabedzin.pl\/index.php\/2021\/07\/02\/nowy-trener\/","url":"https:\/\/sarmacjabedzin.pl\/index.php\/2021\/07\/02\/nowy-trener\/","name":"Nowy Trener! | BKS Sarmacja B\u0119dzin","isPartOf":{"@id":"https:\/\/sarmacjabedzin.pl\/#website"},"primaryImageOfPage":{"@id":"https:\/\/sarmacjabedzin.pl\/index.php\/2021\/07\/02\/nowy-trener\/#primaryimage"},"image":{"@id":"https:\/\/sarmacjabedzin.pl\/index.php\/2021\/07\/02\/nowy-trener\/#primaryimage"},"thumbnailUrl":"https:\/\/sarmacjabedzin.pl\/wp-content\/uploads\/2021\/07\/Ilczyk.jpg","datePublished":"2021-07-02T13:53:55+00:00","dateModified":"2021-07-02T16:05:04+00:00","author":{"@id":"https:\/\/sarmacjabedzin.pl\/#\/schema\/person\/5417ea7b03bcd9adf58298a2265ce03a"},"breadcrumb":{"@id":"https:\/\/sarmacjabedzin.pl\/index.php\/2021\/07\/02\/nowy-trener\/#breadcrumb"},"inLanguage":"pl-PL","potentialAction":[{"@type":"ReadAction","target":["https:\/\/sarmacjabedzin.pl\/index.php\/2021\/07\/02\/nowy-trener\/"]}]},{"@type":"ImageObject","inLanguage":"pl-PL","@id":"https:\/\/sarmacjabedzin.pl\/index.php\/2021\/07\/02\/nowy-trener\/#primaryimage","url":"https:\/\/sarmacjabedzin.pl\/wp-content\/uploads\/2021\/07\/Ilczyk.jpg","contentUrl":"https:\/\/sarmacjabedzin.pl\/wp-content\/uploads\/2021\/07\/Ilczyk.jpg","width":870,"height":490},{"@type":"BreadcrumbList","@id":"https:\/\/sarmacjabedzin.pl\/index.php\/2021\/07\/02\/nowy-trener\/#breadcrumb","itemListElement":[{"@type":"ListItem","position":1,"name":"Strona g\u0142\u00f3wna","item":"https:\/\/sarmacjabedzin.pl\/"},{"@type":"ListItem","position":2,"name":"Nowy Trener!"}]},{"@type":"WebSite","@id":"https:\/\/sarmacjabedzin.pl\/#website","url":"https:\/\/sarmacjabedzin.pl\/","name":"BKS Sarmacja B\u0119dzin \u2013 Nieoficjalny serwis","description":"Nieoficjalny serwis B\u0119dzi\u0144skiego Klubu Sportowego &quot;Sarmacja&quot;","potentialAction":[{"@type":"SearchAction","target":{"@type":"EntryPoint","urlTemplate":"https:\/\/sarmacjabedzin.pl\/?s={search_term_string}"},"query-input":{"@type":"PropertyValueSpecification","valueRequired":true,"valueName":"search_term_string"}}],"inLanguage":"pl-PL"},{"@type":"Person","@id":"https:\/\/sarmacjabedzin.pl\/#\/schema\/person\/5417ea7b03bcd9adf58298a2265ce03a","name":"tyrtak","image":{"@type":"ImageObject","inLanguage":"pl-PL","@id":"https:\/\/sarmacjabedzin.pl\/#\/schema\/person\/image\/","url":"https:\/\/secure.gravatar.com\/avatar\/49b7734c6795cf524710e96813a9fedc1ae3816e479d92490236b4cfc47a5ae1?s=96&d=mm&r=g","contentUrl":"https:\/\/secure.gravatar.com\/avatar\/49b7734c6795cf524710e96813a9fedc1ae3816e479d92490236b4cfc47a5ae1?s=96&d=mm&r=g","caption":"tyrtak"}}]}},"rttpg_featured_image_url":{"full":["https:\/\/sarmacjabedzin.pl\/wp-content\/uploads\/2021\/07\/Ilczyk.jpg",870,490,false],"landscape":["https:\/\/sarmacjabedzin.pl\/wp-content\/uploads\/2021\/07\/Ilczyk.jpg",870,490,false],"portraits":["https:\/\/sarmacjabedzin.pl\/wp-content\/uploads\/2021\/07\/Ilczyk.jpg",870,490,false],"thumbnail":["https:\/\/sarmacjabedzin.pl\/wp-content\/uploads\/2021\/07\/Ilczyk-150x150.jpg",150,150,true],"medium":["https:\/\/sarmacjabedzin.pl\/wp-content\/uploads\/2021\/07\/Ilczyk-300x169.jpg",300,169,true],"large":["https:\/\/sarmacjabedzin.pl\/wp-content\/uploads\/2021\/07\/Ilczyk.jpg",870,490,false],"1536x1536":["https:\/\/sarmacjabedzin.pl\/wp-content\/uploads\/2021\/07\/Ilczyk.jpg",870,490,false],"2048x2048":["https:\/\/sarmacjabedzin.pl\/wp-content\/uploads\/2021\/07\/Ilczyk.jpg",870,490,false],"sportspress-crop-medium":["https:\/\/sarmacjabedzin.pl\/wp-content\/uploads\/2021\/07\/Ilczyk-300x300.jpg",300,300,true],"sportspress-fit-medium":["https:\/\/sarmacjabedzin.pl\/wp-content\/uploads\/2021\/07\/Ilczyk-300x169.jpg",300,169,true],"sportspress-fit-icon":["https:\/\/sarmacjabedzin.pl\/wp-content\/uploads\/2021\/07\/Ilczyk-128x72.jpg",128,72,true],"sportspress-fit-mini":["https:\/\/sarmacjabedzin.pl\/wp-content\/uploads\/2021\/07\/Ilczyk-32x18.jpg",32,18,true],"ultp_layout_landscape_large":["https:\/\/sarmacjabedzin.pl\/wp-content\/uploads\/2021\/07\/Ilczyk.jpg",870,490,false],"ultp_layout_landscape":["https:\/\/sarmacjabedzin.pl\/wp-content\/uploads\/2021\/07\/Ilczyk.jpg",870,490,false],"ultp_layout_portrait":["https:\/\/sarmacjabedzin.pl\/wp-content\/uploads\/2021\/07\/Ilczyk-600x490.jpg",600,490,true],"ultp_layout_square":["https:\/\/sarmacjabedzin.pl\/wp-content\/uploads\/2021\/07\/Ilczyk-600x490.jpg",600,490,true],"stm-1140-666":["https:\/\/sarmacjabedzin.pl\/wp-content\/uploads\/2021\/07\/Ilczyk.jpg",870,490,false],"stm-1170-650":["https:\/\/sarmacjabedzin.pl\/wp-content\/uploads\/2021\/07\/Ilczyk.jpg",870,490,false],"stm-570-350":["https:\/\/sarmacjabedzin.pl\/wp-content\/uploads\/2021\/07\/Ilczyk-570x350.jpg",570,350,true],"stm-570-250":["https:\/\/sarmacjabedzin.pl\/wp-content\/uploads\/2021\/07\/Ilczyk-570x250.jpg",570,250,true],"stm-270-370":["https:\/\/sarmacjabedzin.pl\/wp-content\/uploads\/2021\/07\/Ilczyk-270x370.jpg",270,370,true],"stm-540-500":["https:\/\/sarmacjabedzin.pl\/wp-content\/uploads\/2021\/07\/Ilczyk-540x490.jpg",540,490,true],"stm-270-530":["https:\/\/sarmacjabedzin.pl\/wp-content\/uploads\/2021\/07\/Ilczyk-270x490.jpg",270,490,true],"stm-200-200":["https:\/\/sarmacjabedzin.pl\/wp-content\/uploads\/2021\/07\/Ilczyk-200x200.jpg",200,200,true],"stm-85-105":["https:\/\/sarmacjabedzin.pl\/wp-content\/uploads\/2021\/07\/Ilczyk-85x105.jpg",85,105,true],"stm-255-255":["https:\/\/sarmacjabedzin.pl\/wp-content\/uploads\/2021\/07\/Ilczyk-255x255.jpg",255,255,true],"stm-360-240":["https:\/\/sarmacjabedzin.pl\/wp-content\/uploads\/2021\/07\/Ilczyk-360x240.jpg",360,240,true],"stm-360-495":["https:\/\/sarmacjabedzin.pl\/wp-content\/uploads\/2021\/07\/Ilczyk-360x490.jpg",360,490,true],"stm-445-400":["https:\/\/sarmacjabedzin.pl\/wp-content\/uploads\/2021\/07\/Ilczyk-445x400.jpg",445,400,true],"stm-735-240":["https:\/\/sarmacjabedzin.pl\/wp-content\/uploads\/2021\/07\/Ilczyk-735x240.jpg",735,240,true],"stm-255-183":["https:\/\/sarmacjabedzin.pl\/wp-content\/uploads\/2021\/07\/Ilczyk-255x183.jpg",255,183,true],"stm-350-250":["https:\/\/sarmacjabedzin.pl\/wp-content\/uploads\/2021\/07\/Ilczyk-350x250.jpg",350,250,true],"blog_list":["https:\/\/sarmacjabedzin.pl\/wp-content\/uploads\/2021\/07\/Ilczyk-270x220.jpg",270,220,true],"blog_list_medium":["https:\/\/sarmacjabedzin.pl\/wp-content\/uploads\/2021\/07\/Ilczyk-390x345.jpg",390,345,true],"gallery_thumbnail":["https:\/\/sarmacjabedzin.pl\/wp-content\/uploads\/2021\/07\/Ilczyk-80x80.jpg",80,80,true],"gallery_image":["https:\/\/sarmacjabedzin.pl\/wp-content\/uploads\/2021\/07\/Ilczyk-560x367.jpg",560,367,true],"gallery_image_mini":["https:\/\/sarmacjabedzin.pl\/wp-content\/uploads\/2021\/07\/Ilczyk-143x116.jpg",143,116,true],"player_photo":["https:\/\/sarmacjabedzin.pl\/wp-content\/uploads\/2021\/07\/Ilczyk-740x490.jpg",740,490,true],"team_logo":["https:\/\/sarmacjabedzin.pl\/wp-content\/uploads\/2021\/07\/Ilczyk-98x55.jpg",98,55,true],"player_stat_ava":["https:\/\/sarmacjabedzin.pl\/wp-content\/uploads\/2021\/07\/Ilczyk-550x490.jpg",550,490,true],"post-350-220":["https:\/\/sarmacjabedzin.pl\/wp-content\/uploads\/2021\/07\/Ilczyk-350x220.jpg",350,220,true],"post-275-142":["https:\/\/sarmacjabedzin.pl\/wp-content\/uploads\/2021\/07\/Ilczyk-275x142.jpg",275,142,true],"post-160-120":["https:\/\/sarmacjabedzin.pl\/wp-content\/uploads\/2021\/07\/Ilczyk-160x120.jpg",160,120,true],"post-110-70":["https:\/\/sarmacjabedzin.pl\/wp-content\/uploads\/2021\/07\/Ilczyk-110x70.jpg",110,70,true],"post-770-450":["https:\/\/sarmacjabedzin.pl\/wp-content\/uploads\/2021\/07\/Ilczyk-770x450.jpg",770,450,true],"post-370-210":["https:\/\/sarmacjabedzin.pl\/wp-content\/uploads\/2021\/07\/Ilczyk-370x210.jpg",370,210,true],"post-457-470":["https:\/\/sarmacjabedzin.pl\/wp-content\/uploads\/2021\/07\/Ilczyk-457x470.jpg",457,470,true],"post-370-420":["https:\/\/sarmacjabedzin.pl\/wp-content\/uploads\/2021\/07\/Ilczyk-370x420.jpg",370,420,true],"stm-445-445":["https:\/\/sarmacjabedzin.pl\/wp-content\/uploads\/2021\/07\/Ilczyk-445x445.jpg",445,445,true],"stm-555-460":["https:\/\/sarmacjabedzin.pl\/wp-content\/uploads\/2021\/07\/Ilczyk-555x460.jpg",555,460,true],"stm-350-450":["https:\/\/sarmacjabedzin.pl\/wp-content\/uploads\/2021\/07\/Ilczyk-350x450.jpg",350,450,true],"stm-720-440":["https:\/\/sarmacjabedzin.pl\/wp-content\/uploads\/2021\/07\/Ilczyk-720x440.jpg",720,440,true],"stm-270-270":["https:\/\/sarmacjabedzin.pl\/wp-content\/uploads\/2021\/07\/Ilczyk.jpg",270,152,false],"stm-760-450":["https:\/\/sarmacjabedzin.pl\/wp-content\/uploads\/2021\/07\/Ilczyk.jpg",760,428,false]},"rttpg_author":{"display_name":"tyrtak","author_link":false},"rttpg_comment":0,"rttpg_category":"<a href=\"https:\/\/sarmacjabedzin.pl\/index.php\/category\/aktualnosci\/\" rel=\"category tag\">Aktualno\u015bci<\/a>","rttpg_excerpt":"Znamy ju\u017c nazwisko nowego trenera BKS Sarmacja B\u0119dzin, kt\u00f3ry poprowadzi nasz\u0105 dru\u017cyn\u0119 w sezonie 2021\/2022. Szkoleniowcem b\u0119dzinian zosta\u0142 Janusz I\u0142czyk, kt\u00f3ry wcze\u015bniej prowadzi\u0142 takie kluby jak: Piast Gliwice (m\u0142oda ekstraklasa), Unia D\u0105browa G\u00f3rnicza, T\u0119cza B\u0142\u0119d\u00f3w, CKS Czelad\u017a, Unia Kosztowy, Cyklon Rogo\u017anik. W sezonie 2019\/2020 wraz z dru\u017cyn\u0105 Iskra Pszczyna wywalczy\u0142 awans do IV ligi. Nowemu...","_links":{"self":[{"href":"https:\/\/sarmacjabedzin.pl\/index.php\/wp-json\/wp\/v2\/posts\/3393","targetHints":{"allow":["GET"]}}],"collection":[{"href":"https:\/\/sarmacjabedzin.pl\/index.php\/wp-json\/wp\/v2\/posts"}],"about":[{"href":"https:\/\/sarmacjabedzin.pl\/index.php\/wp-json\/wp\/v2\/types\/post"}],"author":[{"embeddable":true,"href":"https:\/\/sarmacjabedzin.pl\/index.php\/wp-json\/wp\/v2\/users\/1"}],"replies":[{"embeddable":true,"href":"https:\/\/sarmacjabedzin.pl\/index.php\/wp-json\/wp\/v2\/comments?post=3393"}],"version-history":[{"count":0,"href":"https:\/\/sarmacjabedzin.pl\/index.php\/wp-json\/wp\/v2\/posts\/3393\/revisions"}],"wp:featuredmedia":[{"embeddable":true,"href":"https:\/\/sarmacjabedzin.pl\/index.php\/wp-json\/wp\/v2\/media\/3394"}],"wp:attachment":[{"href":"https:\/\/sarmacjabedzin.pl\/index.php\/wp-json\/wp\/v2\/media?parent=3393"}],"wp:term":[{"taxonomy":"category","embeddable":true,"href":"https:\/\/sarmacjabedzin.pl\/index.php\/wp-json\/wp\/v2\/categories?post=3393"},{"taxonomy":"post_tag","embeddable":true,"href":"https:\/\/sarmacjabedzin.pl\/index.php\/wp-json\/wp\/v2\/tags?post=3393"}],"curies":[{"name":"wp","href":"https:\/\/api.w.org\/{rel}","templated":true}]}}