{"id":4272,"date":"2021-08-18T08:22:11","date_gmt":"2021-08-18T06:22:11","guid":{"rendered":"https:\/\/sarmacjabedzin.pl\/?p=4272"},"modified":"2021-08-18T08:22:11","modified_gmt":"2021-08-18T06:22:11","slug":"pomeczowa-wypowiedz-3","status":"publish","type":"post","link":"https:\/\/sarmacjabedzin.pl\/index.php\/2021\/08\/18\/pomeczowa-wypowiedz-3\/","title":{"rendered":"Pomeczowa wypowied\u017a"},"content":{"rendered":"<p class=\"Standard\">Mamy ju\u017c za sob\u0105 pierwsz\u0105 kolejk\u0119 sezonu 2021\/2022, w kt\u00f3rej to Sarmacja zaliczy\u0142a imponuj\u0105cy start, pokonuj\u0105c na w\u0142asnym obiekcie faworyzowan\u0105 dru\u017cyn\u0119 G\u00f3rnika 09 Mys\u0142owice 2:0 (0:0).<br \/>\nPo zako\u0144czonym spotkaniu kilka s\u0142\u00f3w podsumowania dokona\u0142 debiutuj\u0105cy w naszej bramce <b>Norbert \u017buchowski<\/b>. To mi\u0119dzy innymi on kilkoma kapitalnymi interwencjami przyczyni\u0142 si\u0119 do naszego cennego zwyci\u0119stwa, staj\u0105c si\u0119 jednym z bohater\u00f3w tego pojedynku.<\/p>\n<blockquote>\n<p class=\"Standard\">\u201ePrzeciwnik od pocz\u0105tku meczu narzuci\u0142 nam sw\u00f3j styl gry, przez co byli\u015bmy zmuszeni do gry defensywnej \u2013 mocno cofni\u0119ci. Przez wi\u0119ksza cz\u0119\u015b\u0107 meczu obydwa zespo\u0142y nie stworzy\u0142y sobie dogodnych sytuacji. Mo\u017cna powiedzie\u0107, \u017ce mecz na dobre rozpocz\u0105\u0142 si\u0119 w okolicach 70 minuty. By\u0142o po nas dzisiaj wida\u0107 ch\u0119ci i agresj\u0119 boiskow\u0105 przez co, uda\u0142o nam si\u0119 wywalczy\u0107 3 punkty\u201d.<\/p>\n<\/blockquote>\n<p class=\"Standard\">Naszemu utalentowanemu i sympatycznemu golkiperowi \u017cyczymy kolejnych fantastycznych wyst\u0119p\u00f3w w barwach Sarmacji B\u0119dzin.<\/p>\n","protected":false},"excerpt":{"rendered":"<p>Mamy ju\u017c za sob\u0105 pierwsz\u0105 kolejk\u0119 sezonu 2021\/2022, w kt\u00f3rej to Sarmacja zaliczy\u0142a imponuj\u0105cy start, pokonuj\u0105c na w\u0142asnym obiekcie faworyzowan\u0105 dru\u017cyn\u0119 G\u00f3rnika 09 Mys\u0142owice 2:0 (0:0). Po zako\u0144czonym spotkaniu kilka s\u0142\u00f3w podsumowania dokona\u0142 debiutuj\u0105cy w naszej bramce Norbert \u017buchowski. To mi\u0119dzy innymi on kilkoma kapitalnymi interwencjami przyczyni\u0142 si\u0119 do naszego cennego zwyci\u0119stwa, staj\u0105c si\u0119 jednym&#8230;<\/p>\n","protected":false},"author":1,"featured_media":3949,"comment_status":"closed","ping_status":"closed","sticky":false,"template":"","format":"standard","meta":{"footnotes":""},"categories":[1],"tags":[],"class_list":["post-4272","post","type-post","status-publish","format-standard","has-post-thumbnail","hentry","category-aktualnosci"],"yoast_head":"<!-- This site is optimized with the Yoast SEO plugin v25.8 - https:\/\/yoast.com\/wordpress\/plugins\/seo\/ -->\n<title>Pomeczowa wypowied\u017a | BKS Sarmacja B\u0119dzin<\/title>\n<meta name=\"robots\" content=\"index, follow, max-snippet:-1, max-image-preview:large, max-video-preview:-1\" \/>\n<link rel=\"canonical\" href=\"https:\/\/sarmacjabedzin.pl\/index.php\/2021\/08\/18\/pomeczowa-wypowiedz-3\/\" \/>\n<meta property=\"og:locale\" content=\"pl_PL\" \/>\n<meta property=\"og:type\" content=\"article\" \/>\n<meta property=\"og:title\" content=\"Pomeczowa wypowied\u017a | BKS Sarmacja B\u0119dzin\" \/>\n<meta property=\"og:description\" content=\"Mamy ju\u017c za sob\u0105 pierwsz\u0105 kolejk\u0119 sezonu 2021\/2022, w kt\u00f3rej to Sarmacja zaliczy\u0142a imponuj\u0105cy start, pokonuj\u0105c na w\u0142asnym obiekcie faworyzowan\u0105 dru\u017cyn\u0119 G\u00f3rnika 09 Mys\u0142owice 2:0 (0:0). Po zako\u0144czonym spotkaniu kilka s\u0142\u00f3w podsumowania dokona\u0142 debiutuj\u0105cy w naszej bramce Norbert \u017buchowski. To mi\u0119dzy innymi on kilkoma kapitalnymi interwencjami przyczyni\u0142 si\u0119 do naszego cennego zwyci\u0119stwa, staj\u0105c si\u0119 jednym...\" \/>\n<meta property=\"og:url\" content=\"https:\/\/sarmacjabedzin.pl\/index.php\/2021\/08\/18\/pomeczowa-wypowiedz-3\/\" \/>\n<meta property=\"og:site_name\" content=\"BKS Sarmacja B\u0119dzin\" \/>\n<meta property=\"article:publisher\" content=\"https:\/\/www.facebook.com\/SarmacjaBedzin\" \/>\n<meta property=\"article:published_time\" content=\"2021-08-18T06:22:11+00:00\" \/>\n<meta property=\"og:image\" content=\"https:\/\/sarmacjabedzin.pl\/wp-content\/uploads\/2021\/08\/Zuchowski.jpg\" \/>\n\t<meta property=\"og:image:width\" content=\"1600\" \/>\n\t<meta property=\"og:image:height\" content=\"900\" \/>\n\t<meta property=\"og:image:type\" content=\"image\/jpeg\" \/>\n<meta name=\"author\" content=\"tyrtak\" \/>\n<meta name=\"twitter:card\" content=\"summary_large_image\" \/>\n<meta name=\"twitter:label1\" content=\"Napisane przez\" \/>\n\t<meta name=\"twitter:data1\" content=\"tyrtak\" \/>\n\t<meta name=\"twitter:label2\" content=\"Szacowany czas czytania\" \/>\n\t<meta name=\"twitter:data2\" content=\"1 minuta\" \/>\n<script type=\"application\/ld+json\" class=\"yoast-schema-graph\">{\"@context\":\"https:\/\/schema.org\",\"@graph\":[{\"@type\":\"WebPage\",\"@id\":\"https:\/\/sarmacjabedzin.pl\/index.php\/2021\/08\/18\/pomeczowa-wypowiedz-3\/\",\"url\":\"https:\/\/sarmacjabedzin.pl\/index.php\/2021\/08\/18\/pomeczowa-wypowiedz-3\/\",\"name\":\"Pomeczowa wypowied\u017a | BKS Sarmacja B\u0119dzin\",\"isPartOf\":{\"@id\":\"https:\/\/sarmacjabedzin.pl\/#website\"},\"primaryImageOfPage\":{\"@id\":\"https:\/\/sarmacjabedzin.pl\/index.php\/2021\/08\/18\/pomeczowa-wypowiedz-3\/#primaryimage\"},\"image\":{\"@id\":\"https:\/\/sarmacjabedzin.pl\/index.php\/2021\/08\/18\/pomeczowa-wypowiedz-3\/#primaryimage\"},\"thumbnailUrl\":\"https:\/\/sarmacjabedzin.pl\/wp-content\/uploads\/2021\/08\/Zuchowski.jpg\",\"datePublished\":\"2021-08-18T06:22:11+00:00\",\"author\":{\"@id\":\"https:\/\/sarmacjabedzin.pl\/#\/schema\/person\/5417ea7b03bcd9adf58298a2265ce03a\"},\"breadcrumb\":{\"@id\":\"https:\/\/sarmacjabedzin.pl\/index.php\/2021\/08\/18\/pomeczowa-wypowiedz-3\/#breadcrumb\"},\"inLanguage\":\"pl-PL\",\"potentialAction\":[{\"@type\":\"ReadAction\",\"target\":[\"https:\/\/sarmacjabedzin.pl\/index.php\/2021\/08\/18\/pomeczowa-wypowiedz-3\/\"]}]},{\"@type\":\"ImageObject\",\"inLanguage\":\"pl-PL\",\"@id\":\"https:\/\/sarmacjabedzin.pl\/index.php\/2021\/08\/18\/pomeczowa-wypowiedz-3\/#primaryimage\",\"url\":\"https:\/\/sarmacjabedzin.pl\/wp-content\/uploads\/2021\/08\/Zuchowski.jpg\",\"contentUrl\":\"https:\/\/sarmacjabedzin.pl\/wp-content\/uploads\/2021\/08\/Zuchowski.jpg\",\"width\":1600,\"height\":900},{\"@type\":\"BreadcrumbList\",\"@id\":\"https:\/\/sarmacjabedzin.pl\/index.php\/2021\/08\/18\/pomeczowa-wypowiedz-3\/#breadcrumb\",\"itemListElement\":[{\"@type\":\"ListItem\",\"position\":1,\"name\":\"Strona g\u0142\u00f3wna\",\"item\":\"https:\/\/sarmacjabedzin.pl\/\"},{\"@type\":\"ListItem\",\"position\":2,\"name\":\"Pomeczowa wypowied\u017a\"}]},{\"@type\":\"WebSite\",\"@id\":\"https:\/\/sarmacjabedzin.pl\/#website\",\"url\":\"https:\/\/sarmacjabedzin.pl\/\",\"name\":\"BKS Sarmacja B\u0119dzin \u2013 Nieoficjalny serwis\",\"description\":\"Nieoficjalny serwis B\u0119dzi\u0144skiego Klubu Sportowego &quot;Sarmacja&quot;\",\"potentialAction\":[{\"@type\":\"SearchAction\",\"target\":{\"@type\":\"EntryPoint\",\"urlTemplate\":\"https:\/\/sarmacjabedzin.pl\/?s={search_term_string}\"},\"query-input\":{\"@type\":\"PropertyValueSpecification\",\"valueRequired\":true,\"valueName\":\"search_term_string\"}}],\"inLanguage\":\"pl-PL\"},{\"@type\":\"Person\",\"@id\":\"https:\/\/sarmacjabedzin.pl\/#\/schema\/person\/5417ea7b03bcd9adf58298a2265ce03a\",\"name\":\"tyrtak\",\"image\":{\"@type\":\"ImageObject\",\"inLanguage\":\"pl-PL\",\"@id\":\"https:\/\/sarmacjabedzin.pl\/#\/schema\/person\/image\/\",\"url\":\"https:\/\/secure.gravatar.com\/avatar\/49b7734c6795cf524710e96813a9fedc1ae3816e479d92490236b4cfc47a5ae1?s=96&d=mm&r=g\",\"contentUrl\":\"https:\/\/secure.gravatar.com\/avatar\/49b7734c6795cf524710e96813a9fedc1ae3816e479d92490236b4cfc47a5ae1?s=96&d=mm&r=g\",\"caption\":\"tyrtak\"}}]}<\/script>\n<!-- \/ Yoast SEO plugin. -->","yoast_head_json":{"title":"Pomeczowa wypowied\u017a | BKS Sarmacja B\u0119dzin","robots":{"index":"index","follow":"follow","max-snippet":"max-snippet:-1","max-image-preview":"max-image-preview:large","max-video-preview":"max-video-preview:-1"},"canonical":"https:\/\/sarmacjabedzin.pl\/index.php\/2021\/08\/18\/pomeczowa-wypowiedz-3\/","og_locale":"pl_PL","og_type":"article","og_title":"Pomeczowa wypowied\u017a | BKS Sarmacja B\u0119dzin","og_description":"Mamy ju\u017c za sob\u0105 pierwsz\u0105 kolejk\u0119 sezonu 2021\/2022, w kt\u00f3rej to Sarmacja zaliczy\u0142a imponuj\u0105cy start, pokonuj\u0105c na w\u0142asnym obiekcie faworyzowan\u0105 dru\u017cyn\u0119 G\u00f3rnika 09 Mys\u0142owice 2:0 (0:0). Po zako\u0144czonym spotkaniu kilka s\u0142\u00f3w podsumowania dokona\u0142 debiutuj\u0105cy w naszej bramce Norbert \u017buchowski. To mi\u0119dzy innymi on kilkoma kapitalnymi interwencjami przyczyni\u0142 si\u0119 do naszego cennego zwyci\u0119stwa, staj\u0105c si\u0119 jednym...","og_url":"https:\/\/sarmacjabedzin.pl\/index.php\/2021\/08\/18\/pomeczowa-wypowiedz-3\/","og_site_name":"BKS Sarmacja B\u0119dzin","article_publisher":"https:\/\/www.facebook.com\/SarmacjaBedzin","article_published_time":"2021-08-18T06:22:11+00:00","og_image":[{"width":1600,"height":900,"url":"https:\/\/sarmacjabedzin.pl\/wp-content\/uploads\/2021\/08\/Zuchowski.jpg","type":"image\/jpeg"}],"author":"tyrtak","twitter_card":"summary_large_image","twitter_misc":{"Napisane przez":"tyrtak","Szacowany czas czytania":"1 minuta"},"schema":{"@context":"https:\/\/schema.org","@graph":[{"@type":"WebPage","@id":"https:\/\/sarmacjabedzin.pl\/index.php\/2021\/08\/18\/pomeczowa-wypowiedz-3\/","url":"https:\/\/sarmacjabedzin.pl\/index.php\/2021\/08\/18\/pomeczowa-wypowiedz-3\/","name":"Pomeczowa wypowied\u017a | BKS Sarmacja B\u0119dzin","isPartOf":{"@id":"https:\/\/sarmacjabedzin.pl\/#website"},"primaryImageOfPage":{"@id":"https:\/\/sarmacjabedzin.pl\/index.php\/2021\/08\/18\/pomeczowa-wypowiedz-3\/#primaryimage"},"image":{"@id":"https:\/\/sarmacjabedzin.pl\/index.php\/2021\/08\/18\/pomeczowa-wypowiedz-3\/#primaryimage"},"thumbnailUrl":"https:\/\/sarmacjabedzin.pl\/wp-content\/uploads\/2021\/08\/Zuchowski.jpg","datePublished":"2021-08-18T06:22:11+00:00","author":{"@id":"https:\/\/sarmacjabedzin.pl\/#\/schema\/person\/5417ea7b03bcd9adf58298a2265ce03a"},"breadcrumb":{"@id":"https:\/\/sarmacjabedzin.pl\/index.php\/2021\/08\/18\/pomeczowa-wypowiedz-3\/#breadcrumb"},"inLanguage":"pl-PL","potentialAction":[{"@type":"ReadAction","target":["https:\/\/sarmacjabedzin.pl\/index.php\/2021\/08\/18\/pomeczowa-wypowiedz-3\/"]}]},{"@type":"ImageObject","inLanguage":"pl-PL","@id":"https:\/\/sarmacjabedzin.pl\/index.php\/2021\/08\/18\/pomeczowa-wypowiedz-3\/#primaryimage","url":"https:\/\/sarmacjabedzin.pl\/wp-content\/uploads\/2021\/08\/Zuchowski.jpg","contentUrl":"https:\/\/sarmacjabedzin.pl\/wp-content\/uploads\/2021\/08\/Zuchowski.jpg","width":1600,"height":900},{"@type":"BreadcrumbList","@id":"https:\/\/sarmacjabedzin.pl\/index.php\/2021\/08\/18\/pomeczowa-wypowiedz-3\/#breadcrumb","itemListElement":[{"@type":"ListItem","position":1,"name":"Strona g\u0142\u00f3wna","item":"https:\/\/sarmacjabedzin.pl\/"},{"@type":"ListItem","position":2,"name":"Pomeczowa wypowied\u017a"}]},{"@type":"WebSite","@id":"https:\/\/sarmacjabedzin.pl\/#website","url":"https:\/\/sarmacjabedzin.pl\/","name":"BKS Sarmacja B\u0119dzin \u2013 Nieoficjalny serwis","description":"Nieoficjalny serwis B\u0119dzi\u0144skiego Klubu Sportowego &quot;Sarmacja&quot;","potentialAction":[{"@type":"SearchAction","target":{"@type":"EntryPoint","urlTemplate":"https:\/\/sarmacjabedzin.pl\/?s={search_term_string}"},"query-input":{"@type":"PropertyValueSpecification","valueRequired":true,"valueName":"search_term_string"}}],"inLanguage":"pl-PL"},{"@type":"Person","@id":"https:\/\/sarmacjabedzin.pl\/#\/schema\/person\/5417ea7b03bcd9adf58298a2265ce03a","name":"tyrtak","image":{"@type":"ImageObject","inLanguage":"pl-PL","@id":"https:\/\/sarmacjabedzin.pl\/#\/schema\/person\/image\/","url":"https:\/\/secure.gravatar.com\/avatar\/49b7734c6795cf524710e96813a9fedc1ae3816e479d92490236b4cfc47a5ae1?s=96&d=mm&r=g","contentUrl":"https:\/\/secure.gravatar.com\/avatar\/49b7734c6795cf524710e96813a9fedc1ae3816e479d92490236b4cfc47a5ae1?s=96&d=mm&r=g","caption":"tyrtak"}}]}},"rttpg_featured_image_url":{"full":["https:\/\/sarmacjabedzin.pl\/wp-content\/uploads\/2021\/08\/Zuchowski.jpg",1600,900,false],"landscape":["https:\/\/sarmacjabedzin.pl\/wp-content\/uploads\/2021\/08\/Zuchowski.jpg",1600,900,false],"portraits":["https:\/\/sarmacjabedzin.pl\/wp-content\/uploads\/2021\/08\/Zuchowski.jpg",1600,900,false],"thumbnail":["https:\/\/sarmacjabedzin.pl\/wp-content\/uploads\/2021\/08\/Zuchowski-150x150.jpg",150,150,true],"medium":["https:\/\/sarmacjabedzin.pl\/wp-content\/uploads\/2021\/08\/Zuchowski-300x169.jpg",300,169,true],"large":["https:\/\/sarmacjabedzin.pl\/wp-content\/uploads\/2021\/08\/Zuchowski-1024x576.jpg",1024,576,true],"1536x1536":["https:\/\/sarmacjabedzin.pl\/wp-content\/uploads\/2021\/08\/Zuchowski-1536x864.jpg",1536,864,true],"2048x2048":["https:\/\/sarmacjabedzin.pl\/wp-content\/uploads\/2021\/08\/Zuchowski.jpg",1600,900,false],"sportspress-crop-medium":["https:\/\/sarmacjabedzin.pl\/wp-content\/uploads\/2021\/08\/Zuchowski-300x300.jpg",300,300,true],"sportspress-fit-medium":["https:\/\/sarmacjabedzin.pl\/wp-content\/uploads\/2021\/08\/Zuchowski-300x169.jpg",300,169,true],"sportspress-fit-icon":["https:\/\/sarmacjabedzin.pl\/wp-content\/uploads\/2021\/08\/Zuchowski-128x72.jpg",128,72,true],"sportspress-fit-mini":["https:\/\/sarmacjabedzin.pl\/wp-content\/uploads\/2021\/08\/Zuchowski-32x18.jpg",32,18,true],"ultp_layout_landscape_large":["https:\/\/sarmacjabedzin.pl\/wp-content\/uploads\/2021\/08\/Zuchowski-1200x800.jpg",1200,800,true],"ultp_layout_landscape":["https:\/\/sarmacjabedzin.pl\/wp-content\/uploads\/2021\/08\/Zuchowski-870x570.jpg",870,570,true],"ultp_layout_portrait":["https:\/\/sarmacjabedzin.pl\/wp-content\/uploads\/2021\/08\/Zuchowski-600x900.jpg",600,900,true],"ultp_layout_square":["https:\/\/sarmacjabedzin.pl\/wp-content\/uploads\/2021\/08\/Zuchowski-600x600.jpg",600,600,true],"stm-1140-666":["https:\/\/sarmacjabedzin.pl\/wp-content\/uploads\/2021\/08\/Zuchowski-1140x666.jpg",1140,666,true],"stm-1170-650":["https:\/\/sarmacjabedzin.pl\/wp-content\/uploads\/2021\/08\/Zuchowski-1170x650.jpg",1170,650,true],"stm-570-350":["https:\/\/sarmacjabedzin.pl\/wp-content\/uploads\/2021\/08\/Zuchowski-570x350.jpg",570,350,true],"stm-570-250":["https:\/\/sarmacjabedzin.pl\/wp-content\/uploads\/2021\/08\/Zuchowski-570x250.jpg",570,250,true],"stm-270-370":["https:\/\/sarmacjabedzin.pl\/wp-content\/uploads\/2021\/08\/Zuchowski-270x370.jpg",270,370,true],"stm-540-500":["https:\/\/sarmacjabedzin.pl\/wp-content\/uploads\/2021\/08\/Zuchowski-540x500.jpg",540,500,true],"stm-270-530":["https:\/\/sarmacjabedzin.pl\/wp-content\/uploads\/2021\/08\/Zuchowski-270x530.jpg",270,530,true],"stm-200-200":["https:\/\/sarmacjabedzin.pl\/wp-content\/uploads\/2021\/08\/Zuchowski-200x200.jpg",200,200,true],"stm-85-105":["https:\/\/sarmacjabedzin.pl\/wp-content\/uploads\/2021\/08\/Zuchowski-85x105.jpg",85,105,true],"stm-255-255":["https:\/\/sarmacjabedzin.pl\/wp-content\/uploads\/2021\/08\/Zuchowski-255x255.jpg",255,255,true],"stm-360-240":["https:\/\/sarmacjabedzin.pl\/wp-content\/uploads\/2021\/08\/Zuchowski-360x240.jpg",360,240,true],"stm-360-495":["https:\/\/sarmacjabedzin.pl\/wp-content\/uploads\/2021\/08\/Zuchowski-360x495.jpg",360,495,true],"stm-445-400":["https:\/\/sarmacjabedzin.pl\/wp-content\/uploads\/2021\/08\/Zuchowski-445x400.jpg",445,400,true],"stm-735-240":["https:\/\/sarmacjabedzin.pl\/wp-content\/uploads\/2021\/08\/Zuchowski-735x240.jpg",735,240,true],"stm-255-183":["https:\/\/sarmacjabedzin.pl\/wp-content\/uploads\/2021\/08\/Zuchowski-255x183.jpg",255,183,true],"stm-350-250":["https:\/\/sarmacjabedzin.pl\/wp-content\/uploads\/2021\/08\/Zuchowski-350x250.jpg",350,250,true],"blog_list":["https:\/\/sarmacjabedzin.pl\/wp-content\/uploads\/2021\/08\/Zuchowski-270x220.jpg",270,220,true],"blog_list_medium":["https:\/\/sarmacjabedzin.pl\/wp-content\/uploads\/2021\/08\/Zuchowski-390x345.jpg",390,345,true],"gallery_thumbnail":["https:\/\/sarmacjabedzin.pl\/wp-content\/uploads\/2021\/08\/Zuchowski-80x80.jpg",80,80,true],"gallery_image":["https:\/\/sarmacjabedzin.pl\/wp-content\/uploads\/2021\/08\/Zuchowski-560x367.jpg",560,367,true],"gallery_image_mini":["https:\/\/sarmacjabedzin.pl\/wp-content\/uploads\/2021\/08\/Zuchowski-143x116.jpg",143,116,true],"player_photo":["https:\/\/sarmacjabedzin.pl\/wp-content\/uploads\/2021\/08\/Zuchowski-740x740.jpg",740,740,true],"team_logo":["https:\/\/sarmacjabedzin.pl\/wp-content\/uploads\/2021\/08\/Zuchowski-98x55.jpg",98,55,true],"player_stat_ava":["https:\/\/sarmacjabedzin.pl\/wp-content\/uploads\/2021\/08\/Zuchowski-550x580.jpg",550,580,true],"post-350-220":["https:\/\/sarmacjabedzin.pl\/wp-content\/uploads\/2021\/08\/Zuchowski-350x220.jpg",350,220,true],"post-275-142":["https:\/\/sarmacjabedzin.pl\/wp-content\/uploads\/2021\/08\/Zuchowski-275x142.jpg",275,142,true],"post-160-120":["https:\/\/sarmacjabedzin.pl\/wp-content\/uploads\/2021\/08\/Zuchowski-160x120.jpg",160,120,true],"post-110-70":["https:\/\/sarmacjabedzin.pl\/wp-content\/uploads\/2021\/08\/Zuchowski-110x70.jpg",110,70,true],"post-770-450":["https:\/\/sarmacjabedzin.pl\/wp-content\/uploads\/2021\/08\/Zuchowski-770x450.jpg",770,450,true],"post-370-210":["https:\/\/sarmacjabedzin.pl\/wp-content\/uploads\/2021\/08\/Zuchowski-370x210.jpg",370,210,true],"post-457-470":["https:\/\/sarmacjabedzin.pl\/wp-content\/uploads\/2021\/08\/Zuchowski-457x470.jpg",457,470,true],"post-370-420":["https:\/\/sarmacjabedzin.pl\/wp-content\/uploads\/2021\/08\/Zuchowski-370x420.jpg",370,420,true],"stm-445-445":["https:\/\/sarmacjabedzin.pl\/wp-content\/uploads\/2021\/08\/Zuchowski-445x445.jpg",445,445,true],"stm-555-460":["https:\/\/sarmacjabedzin.pl\/wp-content\/uploads\/2021\/08\/Zuchowski-555x460.jpg",555,460,true],"stm-350-450":["https:\/\/sarmacjabedzin.pl\/wp-content\/uploads\/2021\/08\/Zuchowski-350x450.jpg",350,450,true],"stm-720-440":["https:\/\/sarmacjabedzin.pl\/wp-content\/uploads\/2021\/08\/Zuchowski-720x440.jpg",720,440,true],"stm-270-270":["https:\/\/sarmacjabedzin.pl\/wp-content\/uploads\/2021\/08\/Zuchowski.jpg",270,152,false],"stm-760-450":["https:\/\/sarmacjabedzin.pl\/wp-content\/uploads\/2021\/08\/Zuchowski.jpg",760,428,false]},"rttpg_author":{"display_name":"tyrtak","author_link":false},"rttpg_comment":0,"rttpg_category":"<a href=\"https:\/\/sarmacjabedzin.pl\/index.php\/category\/aktualnosci\/\" rel=\"category tag\">Aktualno\u015bci<\/a>","rttpg_excerpt":"Mamy ju\u017c za sob\u0105 pierwsz\u0105 kolejk\u0119 sezonu 2021\/2022, w kt\u00f3rej to Sarmacja zaliczy\u0142a imponuj\u0105cy start, pokonuj\u0105c na w\u0142asnym obiekcie faworyzowan\u0105 dru\u017cyn\u0119 G\u00f3rnika 09 Mys\u0142owice 2:0 (0:0). Po zako\u0144czonym spotkaniu kilka s\u0142\u00f3w podsumowania dokona\u0142 debiutuj\u0105cy w naszej bramce Norbert \u017buchowski. To mi\u0119dzy innymi on kilkoma kapitalnymi interwencjami przyczyni\u0142 si\u0119 do naszego cennego zwyci\u0119stwa, staj\u0105c si\u0119 jednym...","_links":{"self":[{"href":"https:\/\/sarmacjabedzin.pl\/index.php\/wp-json\/wp\/v2\/posts\/4272","targetHints":{"allow":["GET"]}}],"collection":[{"href":"https:\/\/sarmacjabedzin.pl\/index.php\/wp-json\/wp\/v2\/posts"}],"about":[{"href":"https:\/\/sarmacjabedzin.pl\/index.php\/wp-json\/wp\/v2\/types\/post"}],"author":[{"embeddable":true,"href":"https:\/\/sarmacjabedzin.pl\/index.php\/wp-json\/wp\/v2\/users\/1"}],"replies":[{"embeddable":true,"href":"https:\/\/sarmacjabedzin.pl\/index.php\/wp-json\/wp\/v2\/comments?post=4272"}],"version-history":[{"count":0,"href":"https:\/\/sarmacjabedzin.pl\/index.php\/wp-json\/wp\/v2\/posts\/4272\/revisions"}],"wp:featuredmedia":[{"embeddable":true,"href":"https:\/\/sarmacjabedzin.pl\/index.php\/wp-json\/wp\/v2\/media\/3949"}],"wp:attachment":[{"href":"https:\/\/sarmacjabedzin.pl\/index.php\/wp-json\/wp\/v2\/media?parent=4272"}],"wp:term":[{"taxonomy":"category","embeddable":true,"href":"https:\/\/sarmacjabedzin.pl\/index.php\/wp-json\/wp\/v2\/categories?post=4272"},{"taxonomy":"post_tag","embeddable":true,"href":"https:\/\/sarmacjabedzin.pl\/index.php\/wp-json\/wp\/v2\/tags?post=4272"}],"curies":[{"name":"wp","href":"https:\/\/api.w.org\/{rel}","templated":true}]}}