{"id":4286,"date":"2021-08-23T09:50:40","date_gmt":"2021-08-23T07:50:40","guid":{"rendered":"https:\/\/sarmacjabedzin.pl\/?p=4286"},"modified":"2021-08-23T09:50:40","modified_gmt":"2021-08-23T07:50:40","slug":"wypowiedzi-trenera-i-zawodnikow","status":"publish","type":"post","link":"https:\/\/sarmacjabedzin.pl\/index.php\/2021\/08\/23\/wypowiedzi-trenera-i-zawodnikow\/","title":{"rendered":"Wypowiedzi trenera i zawodnik\u00f3w"},"content":{"rendered":"<p>Po wyjazdowym remisie z dru\u017cyn\u0105 \u0179r\u00f3d\u0142a Kromo\u0142\u00f3w 2:2 (0:1) kilka s\u0142\u00f3w podsumowania dokona\u0142 nasz trener Janusz I\u0142czyk oraz zdobywcy dw\u00f3ch goli: Daniel Majka i Marek Kocot.<\/p>\n<p><img loading=\"lazy\" decoding=\"async\" class=\"alignnone size-large wp-image-3978\" src=\"https:\/\/sarmacjabedzin.pl\/wp-content\/uploads\/2021\/08\/Ilczyk-1024x576.jpg\" alt=\"\" width=\"1024\" height=\"576\" srcset=\"https:\/\/sarmacjabedzin.pl\/wp-content\/uploads\/2021\/08\/Ilczyk-1024x576.jpg 1024w, https:\/\/sarmacjabedzin.pl\/wp-content\/uploads\/2021\/08\/Ilczyk-300x169.jpg 300w, https:\/\/sarmacjabedzin.pl\/wp-content\/uploads\/2021\/08\/Ilczyk-768x432.jpg 768w, https:\/\/sarmacjabedzin.pl\/wp-content\/uploads\/2021\/08\/Ilczyk-1536x864.jpg 1536w, https:\/\/sarmacjabedzin.pl\/wp-content\/uploads\/2021\/08\/Ilczyk-128x72.jpg 128w, https:\/\/sarmacjabedzin.pl\/wp-content\/uploads\/2021\/08\/Ilczyk-32x18.jpg 32w, https:\/\/sarmacjabedzin.pl\/wp-content\/uploads\/2021\/08\/Ilczyk-98x55.jpg 98w, https:\/\/sarmacjabedzin.pl\/wp-content\/uploads\/2021\/08\/Ilczyk.jpg 1600w\" sizes=\"auto, (max-width: 1024px) 100vw, 1024px\" \/><br \/>\n<strong>Trener Janusz I\u0142czyk:<\/strong><\/p>\n<blockquote><p>\u201eB\u0119d\u0105c trenerem innych zespo\u0142\u00f3w zag\u0142\u0119biowskich, gra\u0142em w Kromo\u0142owie i by\u0142y to mecze bardzo trudne w konstruowaniu gry na tak specyficznym boisku. Tak by\u0142o i teraz. Do przerwy tracimy gola, maj\u0105c dwie sytuacje, kt\u00f3re powinny zako\u0144czy\u0107 si\u0119 bramkami. &nbsp;W drugiej po\u0142owie mogli\u015bmy dosta\u0107 na 2:0, jednak strzelamy na 1:1 i 2:1. Mamy dwie setki i niestety nie dobijamy przeciwnika, co w ko\u0144c\u00f3wce meczu si\u0119 m\u015bci i jest 2:2. Jednak z pokor\u0105 nale\u017cy ten punkt przyj\u0105\u0107. Wiemy co poprawi\u0107 i nad tym b\u0119dziemy pracowa\u0107. Gratulacje dla ch\u0142opak\u00f3w za tylko i a\u017c 1 punkt wywieziony z bardzo trudnego terenu\u201d.<\/p>\n<p>&nbsp;<\/p><\/blockquote>\n<p>Jednym z bohater\u00f3w meczu ze \u0179r\u00f3d\u0142em Kromo\u0142\u00f3w by\u0142 nasz kapitan Daniel Majka, kt\u00f3ry nie tylko ratowa\u0142 nasz zesp\u00f3\u0142 w defensywie, ale r\u00f3wnie\u017c zdoby\u0142 wyr\u00f3wnuj\u0105cego gola na 1:1. Pami\u0119tajmy, \u017ce nasz obro\u0144ca mimo bolesnego spadku do ligi okr\u0119gowej nie opu\u015bci\u0142 klubu, staraj\u0105c si\u0119, pom\u00f3c w bardzo trudnej sytuacji \u2013 jeste\u015bmy pe\u0142ni szacunku. Po zremisowanym spotkaniu wyjazdowym z dru\u017cyn\u0105 \u0179r\u00f3d\u0142a Kromo\u0142\u00f3w dokona\u0142 kilku s\u0142\u00f3w podsumowania.<\/p>\n<p><strong><img loading=\"lazy\" decoding=\"async\" class=\"alignnone size-large wp-image-3986\" src=\"https:\/\/sarmacjabedzin.pl\/wp-content\/uploads\/2021\/08\/Majka-1024x576.jpg\" alt=\"\" width=\"1024\" height=\"576\" srcset=\"https:\/\/sarmacjabedzin.pl\/wp-content\/uploads\/2021\/08\/Majka-1024x576.jpg 1024w, https:\/\/sarmacjabedzin.pl\/wp-content\/uploads\/2021\/08\/Majka-300x169.jpg 300w, https:\/\/sarmacjabedzin.pl\/wp-content\/uploads\/2021\/08\/Majka-768x432.jpg 768w, https:\/\/sarmacjabedzin.pl\/wp-content\/uploads\/2021\/08\/Majka-1536x864.jpg 1536w, https:\/\/sarmacjabedzin.pl\/wp-content\/uploads\/2021\/08\/Majka-128x72.jpg 128w, https:\/\/sarmacjabedzin.pl\/wp-content\/uploads\/2021\/08\/Majka-32x18.jpg 32w, https:\/\/sarmacjabedzin.pl\/wp-content\/uploads\/2021\/08\/Majka-98x55.jpg 98w, https:\/\/sarmacjabedzin.pl\/wp-content\/uploads\/2021\/08\/Majka.jpg 1600w\" sizes=\"auto, (max-width: 1024px) 100vw, 1024px\" \/><\/strong><\/p>\n<p><strong>Daniel Majka:<\/strong><\/p>\n<blockquote><p>\u201eMy\u015bl\u0119, \u017ce pierwsza po\u0142owa przy lepszej skuteczno\u015bci powinna zako\u0144czy\u0107 si\u0119 0:2 lub 0:3 i by by\u0142o po meczu. Niestety sko\u0144czy\u0142o si\u0119 1:0 dla przeciwnika. W szatni powiedzieli\u015bmy sobie kilka gorzkich s\u0142\u00f3w. Jak wida\u0107, poskutkowa\u0142o i na drug\u0105 po\u0142\u00f3wk\u0119 wysz\u0142a ju\u017c inna dru\u017cyna. Stworzyli\u015bmy kilka sytuacji, po kt\u00f3rych zdobyli\u015bmy dwa gole. B\u0142\u0105d w ko\u0144c\u00f3wce zawa\u017cy\u0142 na tym, \u017ce stracili\u015bmy pewne 3 punkty. W sumie wywie\u017ali\u015bmy 1 z trudnego terenu, ale mo\u017cna si\u0119 by\u0142o spokojnie pokusi\u0107 o zwyci\u0119stwo\u201d.<\/p><\/blockquote>\n<p>Drugiego gola dla Sarmacji zdoby\u0142 Marek Kocot.&nbsp; Przypomnijmy, \u017ce przy odrobinie szcz\u0119\u015bcia mia\u0142 znakomit\u0105 szans\u0119 na skompletowanie hat-tricka.<\/p>\n<p><strong><img loading=\"lazy\" decoding=\"async\" class=\"alignnone size-large wp-image-3980\" src=\"https:\/\/sarmacjabedzin.pl\/wp-content\/uploads\/2021\/08\/Kocot-1024x576.jpg\" alt=\"\" width=\"1024\" height=\"576\" srcset=\"https:\/\/sarmacjabedzin.pl\/wp-content\/uploads\/2021\/08\/Kocot-1024x576.jpg 1024w, https:\/\/sarmacjabedzin.pl\/wp-content\/uploads\/2021\/08\/Kocot-300x169.jpg 300w, https:\/\/sarmacjabedzin.pl\/wp-content\/uploads\/2021\/08\/Kocot-768x432.jpg 768w, https:\/\/sarmacjabedzin.pl\/wp-content\/uploads\/2021\/08\/Kocot-1536x864.jpg 1536w, https:\/\/sarmacjabedzin.pl\/wp-content\/uploads\/2021\/08\/Kocot-128x72.jpg 128w, https:\/\/sarmacjabedzin.pl\/wp-content\/uploads\/2021\/08\/Kocot-32x18.jpg 32w, https:\/\/sarmacjabedzin.pl\/wp-content\/uploads\/2021\/08\/Kocot-98x55.jpg 98w, https:\/\/sarmacjabedzin.pl\/wp-content\/uploads\/2021\/08\/Kocot.jpg 1600w\" sizes=\"auto, (max-width: 1024px) 100vw, 1024px\" \/><\/strong><\/p>\n<p><strong>Marek Kocot:<\/strong><\/p>\n<blockquote><p>\u201eMecz by\u0142 bardzo ci\u0119\u017cki. Od pierwszych minut gospodarze mieli przewag\u0119 przez sw\u00f3j plac gry, kt\u00f3ry by\u0142 bardzo w\u0105ski, przez co tworzyli wi\u0119kszo\u015b\u0107 swoich sytuacji ze sta\u0142ych fragment\u00f3w gry. Jednak mimo straty bramki, dru\u017cyna podnios\u0142a si\u0119 z kolan i pokazali\u015bmy, na co nas sta\u0107 mimo ci\u0119\u017ckich warunk\u00f3w. Ciesz\u0119 si\u0119 ze strzelonej bramki. Mog\u0142em mecz zako\u0144czy\u0107, ale brak\u0142o troch\u0119 szcz\u0119\u015bcia. Szkoda r\u00f3wnie\u017c tej straconej bramki w ostatniej minucie regulaminowego czasu gry. Mimo to trzeba szanowa\u0107 punkt, bo rywal by\u0142 wymagaj\u0105cy i nale\u017cy si\u0119 teraz skupi\u0107 na meczu \u015brodowym. Ciesz\u0119 si\u0119, \u017ce dru\u017cyna zacisn\u0119\u0142a z\u0119by i pokaza\u0142a ch\u0119\u0107 do gry i zaanga\u017cowanie\u201d.<\/p><\/blockquote>\n","protected":false},"excerpt":{"rendered":"<p>Po wyjazdowym remisie z dru\u017cyn\u0105 \u0179r\u00f3d\u0142a Kromo\u0142\u00f3w 2:2 (0:1) kilka s\u0142\u00f3w podsumowania dokona\u0142 nasz trener Janusz I\u0142czyk oraz zdobywcy dw\u00f3ch goli: Daniel Majka i Marek Kocot. Trener Janusz I\u0142czyk: \u201eB\u0119d\u0105c trenerem innych zespo\u0142\u00f3w zag\u0142\u0119biowskich, gra\u0142em w Kromo\u0142owie i by\u0142y to mecze bardzo trudne w konstruowaniu gry na tak specyficznym boisku. Tak by\u0142o i teraz. Do&#8230;<\/p>\n","protected":false},"author":1,"featured_media":4287,"comment_status":"closed","ping_status":"closed","sticky":false,"template":"","format":"standard","meta":{"footnotes":""},"categories":[64],"tags":[],"class_list":["post-4286","post","type-post","status-publish","format-standard","has-post-thumbnail","hentry","category-soccer"],"yoast_head":"<!-- This site is optimized with the Yoast SEO plugin v25.8 - https:\/\/yoast.com\/wordpress\/plugins\/seo\/ -->\n<title>Wypowiedzi trenera i zawodnik\u00f3w | BKS Sarmacja B\u0119dzin<\/title>\n<meta name=\"robots\" content=\"index, follow, max-snippet:-1, max-image-preview:large, max-video-preview:-1\" \/>\n<link rel=\"canonical\" href=\"https:\/\/sarmacjabedzin.pl\/index.php\/2021\/08\/23\/wypowiedzi-trenera-i-zawodnikow\/\" \/>\n<meta property=\"og:locale\" content=\"pl_PL\" \/>\n<meta property=\"og:type\" content=\"article\" \/>\n<meta property=\"og:title\" content=\"Wypowiedzi trenera i zawodnik\u00f3w | BKS Sarmacja B\u0119dzin\" \/>\n<meta property=\"og:description\" content=\"Po wyjazdowym remisie z dru\u017cyn\u0105 \u0179r\u00f3d\u0142a Kromo\u0142\u00f3w 2:2 (0:1) kilka s\u0142\u00f3w podsumowania dokona\u0142 nasz trener Janusz I\u0142czyk oraz zdobywcy dw\u00f3ch goli: Daniel Majka i Marek Kocot. Trener Janusz I\u0142czyk: \u201eB\u0119d\u0105c trenerem innych zespo\u0142\u00f3w zag\u0142\u0119biowskich, gra\u0142em w Kromo\u0142owie i by\u0142y to mecze bardzo trudne w konstruowaniu gry na tak specyficznym boisku. Tak by\u0142o i teraz. Do...\" \/>\n<meta property=\"og:url\" content=\"https:\/\/sarmacjabedzin.pl\/index.php\/2021\/08\/23\/wypowiedzi-trenera-i-zawodnikow\/\" \/>\n<meta property=\"og:site_name\" content=\"BKS Sarmacja B\u0119dzin\" \/>\n<meta property=\"article:publisher\" content=\"https:\/\/www.facebook.com\/SarmacjaBedzin\" \/>\n<meta property=\"article:published_time\" content=\"2021-08-23T07:50:40+00:00\" \/>\n<meta property=\"og:image\" content=\"https:\/\/sarmacjabedzin.pl\/wp-content\/uploads\/2021\/08\/Wypowiedzi_Zrodlo.jpg\" \/>\n\t<meta property=\"og:image:width\" content=\"1600\" \/>\n\t<meta property=\"og:image:height\" content=\"900\" \/>\n\t<meta property=\"og:image:type\" content=\"image\/jpeg\" \/>\n<meta name=\"author\" content=\"tyrtak\" \/>\n<meta name=\"twitter:card\" content=\"summary_large_image\" \/>\n<meta name=\"twitter:label1\" content=\"Napisane przez\" \/>\n\t<meta name=\"twitter:data1\" content=\"tyrtak\" \/>\n\t<meta name=\"twitter:label2\" content=\"Szacowany czas czytania\" \/>\n\t<meta name=\"twitter:data2\" content=\"2 minuty\" \/>\n<script type=\"application\/ld+json\" class=\"yoast-schema-graph\">{\"@context\":\"https:\/\/schema.org\",\"@graph\":[{\"@type\":\"WebPage\",\"@id\":\"https:\/\/sarmacjabedzin.pl\/index.php\/2021\/08\/23\/wypowiedzi-trenera-i-zawodnikow\/\",\"url\":\"https:\/\/sarmacjabedzin.pl\/index.php\/2021\/08\/23\/wypowiedzi-trenera-i-zawodnikow\/\",\"name\":\"Wypowiedzi trenera i zawodnik\u00f3w | BKS Sarmacja B\u0119dzin\",\"isPartOf\":{\"@id\":\"https:\/\/sarmacjabedzin.pl\/#website\"},\"primaryImageOfPage\":{\"@id\":\"https:\/\/sarmacjabedzin.pl\/index.php\/2021\/08\/23\/wypowiedzi-trenera-i-zawodnikow\/#primaryimage\"},\"image\":{\"@id\":\"https:\/\/sarmacjabedzin.pl\/index.php\/2021\/08\/23\/wypowiedzi-trenera-i-zawodnikow\/#primaryimage\"},\"thumbnailUrl\":\"https:\/\/sarmacjabedzin.pl\/wp-content\/uploads\/2021\/08\/Wypowiedzi_Zrodlo.jpg\",\"datePublished\":\"2021-08-23T07:50:40+00:00\",\"author\":{\"@id\":\"https:\/\/sarmacjabedzin.pl\/#\/schema\/person\/5417ea7b03bcd9adf58298a2265ce03a\"},\"breadcrumb\":{\"@id\":\"https:\/\/sarmacjabedzin.pl\/index.php\/2021\/08\/23\/wypowiedzi-trenera-i-zawodnikow\/#breadcrumb\"},\"inLanguage\":\"pl-PL\",\"potentialAction\":[{\"@type\":\"ReadAction\",\"target\":[\"https:\/\/sarmacjabedzin.pl\/index.php\/2021\/08\/23\/wypowiedzi-trenera-i-zawodnikow\/\"]}]},{\"@type\":\"ImageObject\",\"inLanguage\":\"pl-PL\",\"@id\":\"https:\/\/sarmacjabedzin.pl\/index.php\/2021\/08\/23\/wypowiedzi-trenera-i-zawodnikow\/#primaryimage\",\"url\":\"https:\/\/sarmacjabedzin.pl\/wp-content\/uploads\/2021\/08\/Wypowiedzi_Zrodlo.jpg\",\"contentUrl\":\"https:\/\/sarmacjabedzin.pl\/wp-content\/uploads\/2021\/08\/Wypowiedzi_Zrodlo.jpg\",\"width\":1600,\"height\":900},{\"@type\":\"BreadcrumbList\",\"@id\":\"https:\/\/sarmacjabedzin.pl\/index.php\/2021\/08\/23\/wypowiedzi-trenera-i-zawodnikow\/#breadcrumb\",\"itemListElement\":[{\"@type\":\"ListItem\",\"position\":1,\"name\":\"Strona g\u0142\u00f3wna\",\"item\":\"https:\/\/sarmacjabedzin.pl\/\"},{\"@type\":\"ListItem\",\"position\":2,\"name\":\"Wypowiedzi trenera i zawodnik\u00f3w\"}]},{\"@type\":\"WebSite\",\"@id\":\"https:\/\/sarmacjabedzin.pl\/#website\",\"url\":\"https:\/\/sarmacjabedzin.pl\/\",\"name\":\"BKS Sarmacja B\u0119dzin \u2013 Nieoficjalny serwis\",\"description\":\"Nieoficjalny serwis B\u0119dzi\u0144skiego Klubu Sportowego &quot;Sarmacja&quot;\",\"potentialAction\":[{\"@type\":\"SearchAction\",\"target\":{\"@type\":\"EntryPoint\",\"urlTemplate\":\"https:\/\/sarmacjabedzin.pl\/?s={search_term_string}\"},\"query-input\":{\"@type\":\"PropertyValueSpecification\",\"valueRequired\":true,\"valueName\":\"search_term_string\"}}],\"inLanguage\":\"pl-PL\"},{\"@type\":\"Person\",\"@id\":\"https:\/\/sarmacjabedzin.pl\/#\/schema\/person\/5417ea7b03bcd9adf58298a2265ce03a\",\"name\":\"tyrtak\",\"image\":{\"@type\":\"ImageObject\",\"inLanguage\":\"pl-PL\",\"@id\":\"https:\/\/sarmacjabedzin.pl\/#\/schema\/person\/image\/\",\"url\":\"https:\/\/secure.gravatar.com\/avatar\/49b7734c6795cf524710e96813a9fedc1ae3816e479d92490236b4cfc47a5ae1?s=96&d=mm&r=g\",\"contentUrl\":\"https:\/\/secure.gravatar.com\/avatar\/49b7734c6795cf524710e96813a9fedc1ae3816e479d92490236b4cfc47a5ae1?s=96&d=mm&r=g\",\"caption\":\"tyrtak\"}}]}<\/script>\n<!-- \/ Yoast SEO plugin. -->","yoast_head_json":{"title":"Wypowiedzi trenera i zawodnik\u00f3w | BKS Sarmacja B\u0119dzin","robots":{"index":"index","follow":"follow","max-snippet":"max-snippet:-1","max-image-preview":"max-image-preview:large","max-video-preview":"max-video-preview:-1"},"canonical":"https:\/\/sarmacjabedzin.pl\/index.php\/2021\/08\/23\/wypowiedzi-trenera-i-zawodnikow\/","og_locale":"pl_PL","og_type":"article","og_title":"Wypowiedzi trenera i zawodnik\u00f3w | BKS Sarmacja B\u0119dzin","og_description":"Po wyjazdowym remisie z dru\u017cyn\u0105 \u0179r\u00f3d\u0142a Kromo\u0142\u00f3w 2:2 (0:1) kilka s\u0142\u00f3w podsumowania dokona\u0142 nasz trener Janusz I\u0142czyk oraz zdobywcy dw\u00f3ch goli: Daniel Majka i Marek Kocot. Trener Janusz I\u0142czyk: \u201eB\u0119d\u0105c trenerem innych zespo\u0142\u00f3w zag\u0142\u0119biowskich, gra\u0142em w Kromo\u0142owie i by\u0142y to mecze bardzo trudne w konstruowaniu gry na tak specyficznym boisku. Tak by\u0142o i teraz. Do...","og_url":"https:\/\/sarmacjabedzin.pl\/index.php\/2021\/08\/23\/wypowiedzi-trenera-i-zawodnikow\/","og_site_name":"BKS Sarmacja B\u0119dzin","article_publisher":"https:\/\/www.facebook.com\/SarmacjaBedzin","article_published_time":"2021-08-23T07:50:40+00:00","og_image":[{"width":1600,"height":900,"url":"https:\/\/sarmacjabedzin.pl\/wp-content\/uploads\/2021\/08\/Wypowiedzi_Zrodlo.jpg","type":"image\/jpeg"}],"author":"tyrtak","twitter_card":"summary_large_image","twitter_misc":{"Napisane przez":"tyrtak","Szacowany czas czytania":"2 minuty"},"schema":{"@context":"https:\/\/schema.org","@graph":[{"@type":"WebPage","@id":"https:\/\/sarmacjabedzin.pl\/index.php\/2021\/08\/23\/wypowiedzi-trenera-i-zawodnikow\/","url":"https:\/\/sarmacjabedzin.pl\/index.php\/2021\/08\/23\/wypowiedzi-trenera-i-zawodnikow\/","name":"Wypowiedzi trenera i zawodnik\u00f3w | BKS Sarmacja B\u0119dzin","isPartOf":{"@id":"https:\/\/sarmacjabedzin.pl\/#website"},"primaryImageOfPage":{"@id":"https:\/\/sarmacjabedzin.pl\/index.php\/2021\/08\/23\/wypowiedzi-trenera-i-zawodnikow\/#primaryimage"},"image":{"@id":"https:\/\/sarmacjabedzin.pl\/index.php\/2021\/08\/23\/wypowiedzi-trenera-i-zawodnikow\/#primaryimage"},"thumbnailUrl":"https:\/\/sarmacjabedzin.pl\/wp-content\/uploads\/2021\/08\/Wypowiedzi_Zrodlo.jpg","datePublished":"2021-08-23T07:50:40+00:00","author":{"@id":"https:\/\/sarmacjabedzin.pl\/#\/schema\/person\/5417ea7b03bcd9adf58298a2265ce03a"},"breadcrumb":{"@id":"https:\/\/sarmacjabedzin.pl\/index.php\/2021\/08\/23\/wypowiedzi-trenera-i-zawodnikow\/#breadcrumb"},"inLanguage":"pl-PL","potentialAction":[{"@type":"ReadAction","target":["https:\/\/sarmacjabedzin.pl\/index.php\/2021\/08\/23\/wypowiedzi-trenera-i-zawodnikow\/"]}]},{"@type":"ImageObject","inLanguage":"pl-PL","@id":"https:\/\/sarmacjabedzin.pl\/index.php\/2021\/08\/23\/wypowiedzi-trenera-i-zawodnikow\/#primaryimage","url":"https:\/\/sarmacjabedzin.pl\/wp-content\/uploads\/2021\/08\/Wypowiedzi_Zrodlo.jpg","contentUrl":"https:\/\/sarmacjabedzin.pl\/wp-content\/uploads\/2021\/08\/Wypowiedzi_Zrodlo.jpg","width":1600,"height":900},{"@type":"BreadcrumbList","@id":"https:\/\/sarmacjabedzin.pl\/index.php\/2021\/08\/23\/wypowiedzi-trenera-i-zawodnikow\/#breadcrumb","itemListElement":[{"@type":"ListItem","position":1,"name":"Strona g\u0142\u00f3wna","item":"https:\/\/sarmacjabedzin.pl\/"},{"@type":"ListItem","position":2,"name":"Wypowiedzi trenera i zawodnik\u00f3w"}]},{"@type":"WebSite","@id":"https:\/\/sarmacjabedzin.pl\/#website","url":"https:\/\/sarmacjabedzin.pl\/","name":"BKS Sarmacja B\u0119dzin \u2013 Nieoficjalny serwis","description":"Nieoficjalny serwis B\u0119dzi\u0144skiego Klubu Sportowego &quot;Sarmacja&quot;","potentialAction":[{"@type":"SearchAction","target":{"@type":"EntryPoint","urlTemplate":"https:\/\/sarmacjabedzin.pl\/?s={search_term_string}"},"query-input":{"@type":"PropertyValueSpecification","valueRequired":true,"valueName":"search_term_string"}}],"inLanguage":"pl-PL"},{"@type":"Person","@id":"https:\/\/sarmacjabedzin.pl\/#\/schema\/person\/5417ea7b03bcd9adf58298a2265ce03a","name":"tyrtak","image":{"@type":"ImageObject","inLanguage":"pl-PL","@id":"https:\/\/sarmacjabedzin.pl\/#\/schema\/person\/image\/","url":"https:\/\/secure.gravatar.com\/avatar\/49b7734c6795cf524710e96813a9fedc1ae3816e479d92490236b4cfc47a5ae1?s=96&d=mm&r=g","contentUrl":"https:\/\/secure.gravatar.com\/avatar\/49b7734c6795cf524710e96813a9fedc1ae3816e479d92490236b4cfc47a5ae1?s=96&d=mm&r=g","caption":"tyrtak"}}]}},"rttpg_featured_image_url":{"full":["https:\/\/sarmacjabedzin.pl\/wp-content\/uploads\/2021\/08\/Wypowiedzi_Zrodlo.jpg",1600,900,false],"landscape":["https:\/\/sarmacjabedzin.pl\/wp-content\/uploads\/2021\/08\/Wypowiedzi_Zrodlo.jpg",1600,900,false],"portraits":["https:\/\/sarmacjabedzin.pl\/wp-content\/uploads\/2021\/08\/Wypowiedzi_Zrodlo.jpg",1600,900,false],"thumbnail":["https:\/\/sarmacjabedzin.pl\/wp-content\/uploads\/2021\/08\/Wypowiedzi_Zrodlo-150x150.jpg",150,150,true],"medium":["https:\/\/sarmacjabedzin.pl\/wp-content\/uploads\/2021\/08\/Wypowiedzi_Zrodlo-300x169.jpg",300,169,true],"large":["https:\/\/sarmacjabedzin.pl\/wp-content\/uploads\/2021\/08\/Wypowiedzi_Zrodlo-1024x576.jpg",1024,576,true],"1536x1536":["https:\/\/sarmacjabedzin.pl\/wp-content\/uploads\/2021\/08\/Wypowiedzi_Zrodlo-1536x864.jpg",1536,864,true],"2048x2048":["https:\/\/sarmacjabedzin.pl\/wp-content\/uploads\/2021\/08\/Wypowiedzi_Zrodlo.jpg",1600,900,false],"sportspress-crop-medium":["https:\/\/sarmacjabedzin.pl\/wp-content\/uploads\/2021\/08\/Wypowiedzi_Zrodlo-300x300.jpg",300,300,true],"sportspress-fit-medium":["https:\/\/sarmacjabedzin.pl\/wp-content\/uploads\/2021\/08\/Wypowiedzi_Zrodlo-300x169.jpg",300,169,true],"sportspress-fit-icon":["https:\/\/sarmacjabedzin.pl\/wp-content\/uploads\/2021\/08\/Wypowiedzi_Zrodlo-128x72.jpg",128,72,true],"sportspress-fit-mini":["https:\/\/sarmacjabedzin.pl\/wp-content\/uploads\/2021\/08\/Wypowiedzi_Zrodlo-32x18.jpg",32,18,true],"ultp_layout_landscape_large":["https:\/\/sarmacjabedzin.pl\/wp-content\/uploads\/2021\/08\/Wypowiedzi_Zrodlo-1200x800.jpg",1200,800,true],"ultp_layout_landscape":["https:\/\/sarmacjabedzin.pl\/wp-content\/uploads\/2021\/08\/Wypowiedzi_Zrodlo-870x570.jpg",870,570,true],"ultp_layout_portrait":["https:\/\/sarmacjabedzin.pl\/wp-content\/uploads\/2021\/08\/Wypowiedzi_Zrodlo-600x900.jpg",600,900,true],"ultp_layout_square":["https:\/\/sarmacjabedzin.pl\/wp-content\/uploads\/2021\/08\/Wypowiedzi_Zrodlo-600x600.jpg",600,600,true],"stm-1140-666":["https:\/\/sarmacjabedzin.pl\/wp-content\/uploads\/2021\/08\/Wypowiedzi_Zrodlo-1140x666.jpg",1140,666,true],"stm-1170-650":["https:\/\/sarmacjabedzin.pl\/wp-content\/uploads\/2021\/08\/Wypowiedzi_Zrodlo-1170x650.jpg",1170,650,true],"stm-570-350":["https:\/\/sarmacjabedzin.pl\/wp-content\/uploads\/2021\/08\/Wypowiedzi_Zrodlo-570x350.jpg",570,350,true],"stm-570-250":["https:\/\/sarmacjabedzin.pl\/wp-content\/uploads\/2021\/08\/Wypowiedzi_Zrodlo-570x250.jpg",570,250,true],"stm-270-370":["https:\/\/sarmacjabedzin.pl\/wp-content\/uploads\/2021\/08\/Wypowiedzi_Zrodlo-270x370.jpg",270,370,true],"stm-540-500":["https:\/\/sarmacjabedzin.pl\/wp-content\/uploads\/2021\/08\/Wypowiedzi_Zrodlo-540x500.jpg",540,500,true],"stm-270-530":["https:\/\/sarmacjabedzin.pl\/wp-content\/uploads\/2021\/08\/Wypowiedzi_Zrodlo-270x530.jpg",270,530,true],"stm-200-200":["https:\/\/sarmacjabedzin.pl\/wp-content\/uploads\/2021\/08\/Wypowiedzi_Zrodlo-200x200.jpg",200,200,true],"stm-85-105":["https:\/\/sarmacjabedzin.pl\/wp-content\/uploads\/2021\/08\/Wypowiedzi_Zrodlo-85x105.jpg",85,105,true],"stm-255-255":["https:\/\/sarmacjabedzin.pl\/wp-content\/uploads\/2021\/08\/Wypowiedzi_Zrodlo-255x255.jpg",255,255,true],"stm-360-240":["https:\/\/sarmacjabedzin.pl\/wp-content\/uploads\/2021\/08\/Wypowiedzi_Zrodlo-360x240.jpg",360,240,true],"stm-360-495":["https:\/\/sarmacjabedzin.pl\/wp-content\/uploads\/2021\/08\/Wypowiedzi_Zrodlo-360x495.jpg",360,495,true],"stm-445-400":["https:\/\/sarmacjabedzin.pl\/wp-content\/uploads\/2021\/08\/Wypowiedzi_Zrodlo-445x400.jpg",445,400,true],"stm-735-240":["https:\/\/sarmacjabedzin.pl\/wp-content\/uploads\/2021\/08\/Wypowiedzi_Zrodlo-735x240.jpg",735,240,true],"stm-255-183":["https:\/\/sarmacjabedzin.pl\/wp-content\/uploads\/2021\/08\/Wypowiedzi_Zrodlo-255x183.jpg",255,183,true],"stm-350-250":["https:\/\/sarmacjabedzin.pl\/wp-content\/uploads\/2021\/08\/Wypowiedzi_Zrodlo-350x250.jpg",350,250,true],"blog_list":["https:\/\/sarmacjabedzin.pl\/wp-content\/uploads\/2021\/08\/Wypowiedzi_Zrodlo-270x220.jpg",270,220,true],"blog_list_medium":["https:\/\/sarmacjabedzin.pl\/wp-content\/uploads\/2021\/08\/Wypowiedzi_Zrodlo-390x345.jpg",390,345,true],"gallery_thumbnail":["https:\/\/sarmacjabedzin.pl\/wp-content\/uploads\/2021\/08\/Wypowiedzi_Zrodlo-80x80.jpg",80,80,true],"gallery_image":["https:\/\/sarmacjabedzin.pl\/wp-content\/uploads\/2021\/08\/Wypowiedzi_Zrodlo-560x367.jpg",560,367,true],"gallery_image_mini":["https:\/\/sarmacjabedzin.pl\/wp-content\/uploads\/2021\/08\/Wypowiedzi_Zrodlo-143x116.jpg",143,116,true],"player_photo":["https:\/\/sarmacjabedzin.pl\/wp-content\/uploads\/2021\/08\/Wypowiedzi_Zrodlo-740x740.jpg",740,740,true],"team_logo":["https:\/\/sarmacjabedzin.pl\/wp-content\/uploads\/2021\/08\/Wypowiedzi_Zrodlo-98x55.jpg",98,55,true],"player_stat_ava":["https:\/\/sarmacjabedzin.pl\/wp-content\/uploads\/2021\/08\/Wypowiedzi_Zrodlo-550x580.jpg",550,580,true],"post-350-220":["https:\/\/sarmacjabedzin.pl\/wp-content\/uploads\/2021\/08\/Wypowiedzi_Zrodlo-350x220.jpg",350,220,true],"post-275-142":["https:\/\/sarmacjabedzin.pl\/wp-content\/uploads\/2021\/08\/Wypowiedzi_Zrodlo-275x142.jpg",275,142,true],"post-160-120":["https:\/\/sarmacjabedzin.pl\/wp-content\/uploads\/2021\/08\/Wypowiedzi_Zrodlo-160x120.jpg",160,120,true],"post-110-70":["https:\/\/sarmacjabedzin.pl\/wp-content\/uploads\/2021\/08\/Wypowiedzi_Zrodlo-110x70.jpg",110,70,true],"post-770-450":["https:\/\/sarmacjabedzin.pl\/wp-content\/uploads\/2021\/08\/Wypowiedzi_Zrodlo-770x450.jpg",770,450,true],"post-370-210":["https:\/\/sarmacjabedzin.pl\/wp-content\/uploads\/2021\/08\/Wypowiedzi_Zrodlo-370x210.jpg",370,210,true],"post-457-470":["https:\/\/sarmacjabedzin.pl\/wp-content\/uploads\/2021\/08\/Wypowiedzi_Zrodlo-457x470.jpg",457,470,true],"post-370-420":["https:\/\/sarmacjabedzin.pl\/wp-content\/uploads\/2021\/08\/Wypowiedzi_Zrodlo-370x420.jpg",370,420,true],"stm-445-445":["https:\/\/sarmacjabedzin.pl\/wp-content\/uploads\/2021\/08\/Wypowiedzi_Zrodlo-445x445.jpg",445,445,true],"stm-555-460":["https:\/\/sarmacjabedzin.pl\/wp-content\/uploads\/2021\/08\/Wypowiedzi_Zrodlo-555x460.jpg",555,460,true],"stm-350-450":["https:\/\/sarmacjabedzin.pl\/wp-content\/uploads\/2021\/08\/Wypowiedzi_Zrodlo-350x450.jpg",350,450,true],"stm-720-440":["https:\/\/sarmacjabedzin.pl\/wp-content\/uploads\/2021\/08\/Wypowiedzi_Zrodlo-720x440.jpg",720,440,true],"stm-270-270":["https:\/\/sarmacjabedzin.pl\/wp-content\/uploads\/2021\/08\/Wypowiedzi_Zrodlo.jpg",270,152,false],"stm-760-450":["https:\/\/sarmacjabedzin.pl\/wp-content\/uploads\/2021\/08\/Wypowiedzi_Zrodlo.jpg",760,428,false]},"rttpg_author":{"display_name":"tyrtak","author_link":false},"rttpg_comment":0,"rttpg_category":"<a href=\"https:\/\/sarmacjabedzin.pl\/index.php\/category\/soccer\/\" rel=\"category tag\">Liga<\/a>","rttpg_excerpt":"Po wyjazdowym remisie z dru\u017cyn\u0105 \u0179r\u00f3d\u0142a Kromo\u0142\u00f3w 2:2 (0:1) kilka s\u0142\u00f3w podsumowania dokona\u0142 nasz trener Janusz I\u0142czyk oraz zdobywcy dw\u00f3ch goli: Daniel Majka i Marek Kocot. Trener Janusz I\u0142czyk: \u201eB\u0119d\u0105c trenerem innych zespo\u0142\u00f3w zag\u0142\u0119biowskich, gra\u0142em w Kromo\u0142owie i by\u0142y to mecze bardzo trudne w konstruowaniu gry na tak specyficznym boisku. Tak by\u0142o i teraz. Do...","_links":{"self":[{"href":"https:\/\/sarmacjabedzin.pl\/index.php\/wp-json\/wp\/v2\/posts\/4286","targetHints":{"allow":["GET"]}}],"collection":[{"href":"https:\/\/sarmacjabedzin.pl\/index.php\/wp-json\/wp\/v2\/posts"}],"about":[{"href":"https:\/\/sarmacjabedzin.pl\/index.php\/wp-json\/wp\/v2\/types\/post"}],"author":[{"embeddable":true,"href":"https:\/\/sarmacjabedzin.pl\/index.php\/wp-json\/wp\/v2\/users\/1"}],"replies":[{"embeddable":true,"href":"https:\/\/sarmacjabedzin.pl\/index.php\/wp-json\/wp\/v2\/comments?post=4286"}],"version-history":[{"count":0,"href":"https:\/\/sarmacjabedzin.pl\/index.php\/wp-json\/wp\/v2\/posts\/4286\/revisions"}],"wp:featuredmedia":[{"embeddable":true,"href":"https:\/\/sarmacjabedzin.pl\/index.php\/wp-json\/wp\/v2\/media\/4287"}],"wp:attachment":[{"href":"https:\/\/sarmacjabedzin.pl\/index.php\/wp-json\/wp\/v2\/media?parent=4286"}],"wp:term":[{"taxonomy":"category","embeddable":true,"href":"https:\/\/sarmacjabedzin.pl\/index.php\/wp-json\/wp\/v2\/categories?post=4286"},{"taxonomy":"post_tag","embeddable":true,"href":"https:\/\/sarmacjabedzin.pl\/index.php\/wp-json\/wp\/v2\/tags?post=4286"}],"curies":[{"name":"wp","href":"https:\/\/api.w.org\/{rel}","templated":true}]}}