{"id":4651,"date":"2022-03-11T10:15:10","date_gmt":"2022-03-11T09:15:10","guid":{"rendered":"https:\/\/sarmacjabedzin.pl\/?p=4651"},"modified":"2022-03-11T10:16:44","modified_gmt":"2022-03-11T09:16:44","slug":"turniej-im-wladyslawa-binkiewicza","status":"publish","type":"post","link":"https:\/\/sarmacjabedzin.pl\/index.php\/2022\/03\/11\/turniej-im-wladyslawa-binkiewicza\/","title":{"rendered":"Turniej im. W\u0142adys\u0142awa Binkiewicza"},"content":{"rendered":"<p class=\"Standard\">W niedziel\u0119 \u2013 13.03.2022 roku o godz. 9.00 w czeladzkiej Hali Widowiskowo-Sportowej MOSiR odb\u0119dzie si\u0119 Turniej Pi\u0142ki No\u017cnej im. W\u0142adys\u0142awa Binkiewicza. Zawody zosta\u0142y zorganizowane z okazji 105-lecia klubu BKS Sarmacja B\u0119dzin. W wydarzeniu wezm\u0105 udzia\u0142 dru\u017cyny z rocznika 2013. Rywalami Sarmacji b\u0119d\u0105 zespo\u0142y CKS Czelad\u017a, Zag\u0142\u0119bie D\u0105browa G\u00f3rnicza, Zag\u0142\u0119bie Sosnowiec (Akademia im. W\u0142odzimierza Mazura) oraz Czarni Sosnowiec. Impreza ta po\u015bwi\u0119cona b\u0119dzie pami\u0119ci naszego pierwszego prezesa oraz wsp\u00f3\u0142za\u0142o\u017cyciela klubu \u2013 W\u0142adys\u0142awa Binkiewicza, kt\u00f3ry poprzez swoj\u0105 dzia\u0142alno\u015b\u0107 sportow\u0105 sta\u0142 si\u0119 jednym z najwybitniejszych dzia\u0142aczy Sarmacji.<\/p>\n<p class=\"Standard\">Po zako\u0144czonym turnieju i emocjach sportowych odb\u0119dzie si\u0119 uroczysto\u015b\u0107 wr\u0119czenia pami\u0105tkowych nagr\u00f3d dla zas\u0142u\u017conych dzia\u0142aczy oraz pi\u0142karzy naszego klubu.<\/p>\n","protected":false},"excerpt":{"rendered":"<p>W niedziel\u0119 \u2013 13.03.2022 roku o godz. 9.00 w czeladzkiej Hali Widowiskowo-Sportowej MOSiR odb\u0119dzie si\u0119 Turniej Pi\u0142ki No\u017cnej im. W\u0142adys\u0142awa Binkiewicza. Zawody zosta\u0142y zorganizowane z okazji 105-lecia klubu BKS Sarmacja B\u0119dzin. W wydarzeniu wezm\u0105 udzia\u0142 dru\u017cyny z rocznika 2013. Rywalami Sarmacji b\u0119d\u0105 zespo\u0142y CKS Czelad\u017a, Zag\u0142\u0119bie D\u0105browa G\u00f3rnicza, Zag\u0142\u0119bie Sosnowiec (Akademia im. W\u0142odzimierza Mazura) oraz&#8230;<\/p>\n","protected":false},"author":1,"featured_media":4652,"comment_status":"closed","ping_status":"closed","sticky":false,"template":"","format":"standard","meta":{"footnotes":""},"categories":[1],"tags":[],"class_list":["post-4651","post","type-post","status-publish","format-standard","has-post-thumbnail","hentry","category-aktualnosci"],"yoast_head":"<!-- This site is optimized with the Yoast SEO plugin v25.8 - https:\/\/yoast.com\/wordpress\/plugins\/seo\/ -->\n<title>Turniej im. W\u0142adys\u0142awa Binkiewicza | BKS Sarmacja B\u0119dzin<\/title>\n<meta name=\"robots\" content=\"index, follow, max-snippet:-1, max-image-preview:large, max-video-preview:-1\" \/>\n<link rel=\"canonical\" href=\"https:\/\/sarmacjabedzin.pl\/index.php\/2022\/03\/11\/turniej-im-wladyslawa-binkiewicza\/\" \/>\n<meta property=\"og:locale\" content=\"pl_PL\" \/>\n<meta property=\"og:type\" content=\"article\" \/>\n<meta property=\"og:title\" content=\"Turniej im. W\u0142adys\u0142awa Binkiewicza | BKS Sarmacja B\u0119dzin\" \/>\n<meta property=\"og:description\" content=\"W niedziel\u0119 \u2013 13.03.2022 roku o godz. 9.00 w czeladzkiej Hali Widowiskowo-Sportowej MOSiR odb\u0119dzie si\u0119 Turniej Pi\u0142ki No\u017cnej im. W\u0142adys\u0142awa Binkiewicza. Zawody zosta\u0142y zorganizowane z okazji 105-lecia klubu BKS Sarmacja B\u0119dzin. W wydarzeniu wezm\u0105 udzia\u0142 dru\u017cyny z rocznika 2013. Rywalami Sarmacji b\u0119d\u0105 zespo\u0142y CKS Czelad\u017a, Zag\u0142\u0119bie D\u0105browa G\u00f3rnicza, Zag\u0142\u0119bie Sosnowiec (Akademia im. W\u0142odzimierza Mazura) oraz...\" \/>\n<meta property=\"og:url\" content=\"https:\/\/sarmacjabedzin.pl\/index.php\/2022\/03\/11\/turniej-im-wladyslawa-binkiewicza\/\" \/>\n<meta property=\"og:site_name\" content=\"BKS Sarmacja B\u0119dzin\" \/>\n<meta property=\"article:publisher\" content=\"https:\/\/www.facebook.com\/SarmacjaBedzin\" \/>\n<meta property=\"article:published_time\" content=\"2022-03-11T09:15:10+00:00\" \/>\n<meta property=\"article:modified_time\" content=\"2022-03-11T09:16:44+00:00\" \/>\n<meta property=\"og:image\" content=\"https:\/\/sarmacjabedzin.pl\/wp-content\/uploads\/2022\/03\/273036678_1747715562091641_1172748896926885649_n.jpg\" \/>\n\t<meta property=\"og:image:width\" content=\"1600\" \/>\n\t<meta property=\"og:image:height\" content=\"900\" \/>\n\t<meta property=\"og:image:type\" content=\"image\/jpeg\" \/>\n<meta name=\"author\" content=\"tyrtak\" \/>\n<meta name=\"twitter:card\" content=\"summary_large_image\" \/>\n<meta name=\"twitter:label1\" content=\"Napisane przez\" \/>\n\t<meta name=\"twitter:data1\" content=\"tyrtak\" \/>\n\t<meta name=\"twitter:label2\" content=\"Szacowany czas czytania\" \/>\n\t<meta name=\"twitter:data2\" content=\"1 minuta\" \/>\n<script type=\"application\/ld+json\" class=\"yoast-schema-graph\">{\"@context\":\"https:\/\/schema.org\",\"@graph\":[{\"@type\":\"WebPage\",\"@id\":\"https:\/\/sarmacjabedzin.pl\/index.php\/2022\/03\/11\/turniej-im-wladyslawa-binkiewicza\/\",\"url\":\"https:\/\/sarmacjabedzin.pl\/index.php\/2022\/03\/11\/turniej-im-wladyslawa-binkiewicza\/\",\"name\":\"Turniej im. W\u0142adys\u0142awa Binkiewicza | BKS Sarmacja B\u0119dzin\",\"isPartOf\":{\"@id\":\"https:\/\/sarmacjabedzin.pl\/#website\"},\"primaryImageOfPage\":{\"@id\":\"https:\/\/sarmacjabedzin.pl\/index.php\/2022\/03\/11\/turniej-im-wladyslawa-binkiewicza\/#primaryimage\"},\"image\":{\"@id\":\"https:\/\/sarmacjabedzin.pl\/index.php\/2022\/03\/11\/turniej-im-wladyslawa-binkiewicza\/#primaryimage\"},\"thumbnailUrl\":\"https:\/\/sarmacjabedzin.pl\/wp-content\/uploads\/2022\/03\/273036678_1747715562091641_1172748896926885649_n.jpg\",\"datePublished\":\"2022-03-11T09:15:10+00:00\",\"dateModified\":\"2022-03-11T09:16:44+00:00\",\"author\":{\"@id\":\"https:\/\/sarmacjabedzin.pl\/#\/schema\/person\/5417ea7b03bcd9adf58298a2265ce03a\"},\"breadcrumb\":{\"@id\":\"https:\/\/sarmacjabedzin.pl\/index.php\/2022\/03\/11\/turniej-im-wladyslawa-binkiewicza\/#breadcrumb\"},\"inLanguage\":\"pl-PL\",\"potentialAction\":[{\"@type\":\"ReadAction\",\"target\":[\"https:\/\/sarmacjabedzin.pl\/index.php\/2022\/03\/11\/turniej-im-wladyslawa-binkiewicza\/\"]}]},{\"@type\":\"ImageObject\",\"inLanguage\":\"pl-PL\",\"@id\":\"https:\/\/sarmacjabedzin.pl\/index.php\/2022\/03\/11\/turniej-im-wladyslawa-binkiewicza\/#primaryimage\",\"url\":\"https:\/\/sarmacjabedzin.pl\/wp-content\/uploads\/2022\/03\/273036678_1747715562091641_1172748896926885649_n.jpg\",\"contentUrl\":\"https:\/\/sarmacjabedzin.pl\/wp-content\/uploads\/2022\/03\/273036678_1747715562091641_1172748896926885649_n.jpg\",\"width\":1600,\"height\":900},{\"@type\":\"BreadcrumbList\",\"@id\":\"https:\/\/sarmacjabedzin.pl\/index.php\/2022\/03\/11\/turniej-im-wladyslawa-binkiewicza\/#breadcrumb\",\"itemListElement\":[{\"@type\":\"ListItem\",\"position\":1,\"name\":\"Strona g\u0142\u00f3wna\",\"item\":\"https:\/\/sarmacjabedzin.pl\/\"},{\"@type\":\"ListItem\",\"position\":2,\"name\":\"Turniej im. W\u0142adys\u0142awa Binkiewicza\"}]},{\"@type\":\"WebSite\",\"@id\":\"https:\/\/sarmacjabedzin.pl\/#website\",\"url\":\"https:\/\/sarmacjabedzin.pl\/\",\"name\":\"BKS Sarmacja B\u0119dzin \u2013 Nieoficjalny serwis\",\"description\":\"Nieoficjalny serwis B\u0119dzi\u0144skiego Klubu Sportowego &quot;Sarmacja&quot;\",\"potentialAction\":[{\"@type\":\"SearchAction\",\"target\":{\"@type\":\"EntryPoint\",\"urlTemplate\":\"https:\/\/sarmacjabedzin.pl\/?s={search_term_string}\"},\"query-input\":{\"@type\":\"PropertyValueSpecification\",\"valueRequired\":true,\"valueName\":\"search_term_string\"}}],\"inLanguage\":\"pl-PL\"},{\"@type\":\"Person\",\"@id\":\"https:\/\/sarmacjabedzin.pl\/#\/schema\/person\/5417ea7b03bcd9adf58298a2265ce03a\",\"name\":\"tyrtak\",\"image\":{\"@type\":\"ImageObject\",\"inLanguage\":\"pl-PL\",\"@id\":\"https:\/\/sarmacjabedzin.pl\/#\/schema\/person\/image\/\",\"url\":\"https:\/\/secure.gravatar.com\/avatar\/49b7734c6795cf524710e96813a9fedc1ae3816e479d92490236b4cfc47a5ae1?s=96&d=mm&r=g\",\"contentUrl\":\"https:\/\/secure.gravatar.com\/avatar\/49b7734c6795cf524710e96813a9fedc1ae3816e479d92490236b4cfc47a5ae1?s=96&d=mm&r=g\",\"caption\":\"tyrtak\"}}]}<\/script>\n<!-- \/ Yoast SEO plugin. -->","yoast_head_json":{"title":"Turniej im. W\u0142adys\u0142awa Binkiewicza | BKS Sarmacja B\u0119dzin","robots":{"index":"index","follow":"follow","max-snippet":"max-snippet:-1","max-image-preview":"max-image-preview:large","max-video-preview":"max-video-preview:-1"},"canonical":"https:\/\/sarmacjabedzin.pl\/index.php\/2022\/03\/11\/turniej-im-wladyslawa-binkiewicza\/","og_locale":"pl_PL","og_type":"article","og_title":"Turniej im. W\u0142adys\u0142awa Binkiewicza | BKS Sarmacja B\u0119dzin","og_description":"W niedziel\u0119 \u2013 13.03.2022 roku o godz. 9.00 w czeladzkiej Hali Widowiskowo-Sportowej MOSiR odb\u0119dzie si\u0119 Turniej Pi\u0142ki No\u017cnej im. W\u0142adys\u0142awa Binkiewicza. Zawody zosta\u0142y zorganizowane z okazji 105-lecia klubu BKS Sarmacja B\u0119dzin. W wydarzeniu wezm\u0105 udzia\u0142 dru\u017cyny z rocznika 2013. Rywalami Sarmacji b\u0119d\u0105 zespo\u0142y CKS Czelad\u017a, Zag\u0142\u0119bie D\u0105browa G\u00f3rnicza, Zag\u0142\u0119bie Sosnowiec (Akademia im. W\u0142odzimierza Mazura) oraz...","og_url":"https:\/\/sarmacjabedzin.pl\/index.php\/2022\/03\/11\/turniej-im-wladyslawa-binkiewicza\/","og_site_name":"BKS Sarmacja B\u0119dzin","article_publisher":"https:\/\/www.facebook.com\/SarmacjaBedzin","article_published_time":"2022-03-11T09:15:10+00:00","article_modified_time":"2022-03-11T09:16:44+00:00","og_image":[{"width":1600,"height":900,"url":"https:\/\/sarmacjabedzin.pl\/wp-content\/uploads\/2022\/03\/273036678_1747715562091641_1172748896926885649_n.jpg","type":"image\/jpeg"}],"author":"tyrtak","twitter_card":"summary_large_image","twitter_misc":{"Napisane przez":"tyrtak","Szacowany czas czytania":"1 minuta"},"schema":{"@context":"https:\/\/schema.org","@graph":[{"@type":"WebPage","@id":"https:\/\/sarmacjabedzin.pl\/index.php\/2022\/03\/11\/turniej-im-wladyslawa-binkiewicza\/","url":"https:\/\/sarmacjabedzin.pl\/index.php\/2022\/03\/11\/turniej-im-wladyslawa-binkiewicza\/","name":"Turniej im. W\u0142adys\u0142awa Binkiewicza | BKS Sarmacja B\u0119dzin","isPartOf":{"@id":"https:\/\/sarmacjabedzin.pl\/#website"},"primaryImageOfPage":{"@id":"https:\/\/sarmacjabedzin.pl\/index.php\/2022\/03\/11\/turniej-im-wladyslawa-binkiewicza\/#primaryimage"},"image":{"@id":"https:\/\/sarmacjabedzin.pl\/index.php\/2022\/03\/11\/turniej-im-wladyslawa-binkiewicza\/#primaryimage"},"thumbnailUrl":"https:\/\/sarmacjabedzin.pl\/wp-content\/uploads\/2022\/03\/273036678_1747715562091641_1172748896926885649_n.jpg","datePublished":"2022-03-11T09:15:10+00:00","dateModified":"2022-03-11T09:16:44+00:00","author":{"@id":"https:\/\/sarmacjabedzin.pl\/#\/schema\/person\/5417ea7b03bcd9adf58298a2265ce03a"},"breadcrumb":{"@id":"https:\/\/sarmacjabedzin.pl\/index.php\/2022\/03\/11\/turniej-im-wladyslawa-binkiewicza\/#breadcrumb"},"inLanguage":"pl-PL","potentialAction":[{"@type":"ReadAction","target":["https:\/\/sarmacjabedzin.pl\/index.php\/2022\/03\/11\/turniej-im-wladyslawa-binkiewicza\/"]}]},{"@type":"ImageObject","inLanguage":"pl-PL","@id":"https:\/\/sarmacjabedzin.pl\/index.php\/2022\/03\/11\/turniej-im-wladyslawa-binkiewicza\/#primaryimage","url":"https:\/\/sarmacjabedzin.pl\/wp-content\/uploads\/2022\/03\/273036678_1747715562091641_1172748896926885649_n.jpg","contentUrl":"https:\/\/sarmacjabedzin.pl\/wp-content\/uploads\/2022\/03\/273036678_1747715562091641_1172748896926885649_n.jpg","width":1600,"height":900},{"@type":"BreadcrumbList","@id":"https:\/\/sarmacjabedzin.pl\/index.php\/2022\/03\/11\/turniej-im-wladyslawa-binkiewicza\/#breadcrumb","itemListElement":[{"@type":"ListItem","position":1,"name":"Strona g\u0142\u00f3wna","item":"https:\/\/sarmacjabedzin.pl\/"},{"@type":"ListItem","position":2,"name":"Turniej im. W\u0142adys\u0142awa Binkiewicza"}]},{"@type":"WebSite","@id":"https:\/\/sarmacjabedzin.pl\/#website","url":"https:\/\/sarmacjabedzin.pl\/","name":"BKS Sarmacja B\u0119dzin \u2013 Nieoficjalny serwis","description":"Nieoficjalny serwis B\u0119dzi\u0144skiego Klubu Sportowego &quot;Sarmacja&quot;","potentialAction":[{"@type":"SearchAction","target":{"@type":"EntryPoint","urlTemplate":"https:\/\/sarmacjabedzin.pl\/?s={search_term_string}"},"query-input":{"@type":"PropertyValueSpecification","valueRequired":true,"valueName":"search_term_string"}}],"inLanguage":"pl-PL"},{"@type":"Person","@id":"https:\/\/sarmacjabedzin.pl\/#\/schema\/person\/5417ea7b03bcd9adf58298a2265ce03a","name":"tyrtak","image":{"@type":"ImageObject","inLanguage":"pl-PL","@id":"https:\/\/sarmacjabedzin.pl\/#\/schema\/person\/image\/","url":"https:\/\/secure.gravatar.com\/avatar\/49b7734c6795cf524710e96813a9fedc1ae3816e479d92490236b4cfc47a5ae1?s=96&d=mm&r=g","contentUrl":"https:\/\/secure.gravatar.com\/avatar\/49b7734c6795cf524710e96813a9fedc1ae3816e479d92490236b4cfc47a5ae1?s=96&d=mm&r=g","caption":"tyrtak"}}]}},"rttpg_featured_image_url":{"full":["https:\/\/sarmacjabedzin.pl\/wp-content\/uploads\/2022\/03\/273036678_1747715562091641_1172748896926885649_n.jpg",1600,900,false],"landscape":["https:\/\/sarmacjabedzin.pl\/wp-content\/uploads\/2022\/03\/273036678_1747715562091641_1172748896926885649_n.jpg",1600,900,false],"portraits":["https:\/\/sarmacjabedzin.pl\/wp-content\/uploads\/2022\/03\/273036678_1747715562091641_1172748896926885649_n.jpg",1600,900,false],"thumbnail":["https:\/\/sarmacjabedzin.pl\/wp-content\/uploads\/2022\/03\/273036678_1747715562091641_1172748896926885649_n-150x150.jpg",150,150,true],"medium":["https:\/\/sarmacjabedzin.pl\/wp-content\/uploads\/2022\/03\/273036678_1747715562091641_1172748896926885649_n-300x169.jpg",300,169,true],"large":["https:\/\/sarmacjabedzin.pl\/wp-content\/uploads\/2022\/03\/273036678_1747715562091641_1172748896926885649_n-1024x576.jpg",1024,576,true],"1536x1536":["https:\/\/sarmacjabedzin.pl\/wp-content\/uploads\/2022\/03\/273036678_1747715562091641_1172748896926885649_n-1536x864.jpg",1536,864,true],"2048x2048":["https:\/\/sarmacjabedzin.pl\/wp-content\/uploads\/2022\/03\/273036678_1747715562091641_1172748896926885649_n.jpg",1600,900,false],"sportspress-crop-medium":["https:\/\/sarmacjabedzin.pl\/wp-content\/uploads\/2022\/03\/273036678_1747715562091641_1172748896926885649_n-300x300.jpg",300,300,true],"sportspress-fit-medium":["https:\/\/sarmacjabedzin.pl\/wp-content\/uploads\/2022\/03\/273036678_1747715562091641_1172748896926885649_n-300x169.jpg",300,169,true],"sportspress-fit-icon":["https:\/\/sarmacjabedzin.pl\/wp-content\/uploads\/2022\/03\/273036678_1747715562091641_1172748896926885649_n-128x72.jpg",128,72,true],"sportspress-fit-mini":["https:\/\/sarmacjabedzin.pl\/wp-content\/uploads\/2022\/03\/273036678_1747715562091641_1172748896926885649_n-32x18.jpg",32,18,true],"ultp_layout_landscape_large":["https:\/\/sarmacjabedzin.pl\/wp-content\/uploads\/2022\/03\/273036678_1747715562091641_1172748896926885649_n-1200x800.jpg",1200,800,true],"ultp_layout_landscape":["https:\/\/sarmacjabedzin.pl\/wp-content\/uploads\/2022\/03\/273036678_1747715562091641_1172748896926885649_n-870x570.jpg",870,570,true],"ultp_layout_portrait":["https:\/\/sarmacjabedzin.pl\/wp-content\/uploads\/2022\/03\/273036678_1747715562091641_1172748896926885649_n-600x900.jpg",600,900,true],"ultp_layout_square":["https:\/\/sarmacjabedzin.pl\/wp-content\/uploads\/2022\/03\/273036678_1747715562091641_1172748896926885649_n-600x600.jpg",600,600,true],"stm-1140-666":["https:\/\/sarmacjabedzin.pl\/wp-content\/uploads\/2022\/03\/273036678_1747715562091641_1172748896926885649_n-1140x666.jpg",1140,666,true],"stm-1170-650":["https:\/\/sarmacjabedzin.pl\/wp-content\/uploads\/2022\/03\/273036678_1747715562091641_1172748896926885649_n-1170x650.jpg",1170,650,true],"stm-570-350":["https:\/\/sarmacjabedzin.pl\/wp-content\/uploads\/2022\/03\/273036678_1747715562091641_1172748896926885649_n-570x350.jpg",570,350,true],"stm-570-250":["https:\/\/sarmacjabedzin.pl\/wp-content\/uploads\/2022\/03\/273036678_1747715562091641_1172748896926885649_n-570x250.jpg",570,250,true],"stm-270-370":["https:\/\/sarmacjabedzin.pl\/wp-content\/uploads\/2022\/03\/273036678_1747715562091641_1172748896926885649_n-270x370.jpg",270,370,true],"stm-540-500":["https:\/\/sarmacjabedzin.pl\/wp-content\/uploads\/2022\/03\/273036678_1747715562091641_1172748896926885649_n-540x500.jpg",540,500,true],"stm-270-530":["https:\/\/sarmacjabedzin.pl\/wp-content\/uploads\/2022\/03\/273036678_1747715562091641_1172748896926885649_n-270x530.jpg",270,530,true],"stm-200-200":["https:\/\/sarmacjabedzin.pl\/wp-content\/uploads\/2022\/03\/273036678_1747715562091641_1172748896926885649_n-200x200.jpg",200,200,true],"stm-85-105":["https:\/\/sarmacjabedzin.pl\/wp-content\/uploads\/2022\/03\/273036678_1747715562091641_1172748896926885649_n-85x105.jpg",85,105,true],"stm-255-255":["https:\/\/sarmacjabedzin.pl\/wp-content\/uploads\/2022\/03\/273036678_1747715562091641_1172748896926885649_n-255x255.jpg",255,255,true],"stm-360-240":["https:\/\/sarmacjabedzin.pl\/wp-content\/uploads\/2022\/03\/273036678_1747715562091641_1172748896926885649_n-360x240.jpg",360,240,true],"stm-360-495":["https:\/\/sarmacjabedzin.pl\/wp-content\/uploads\/2022\/03\/273036678_1747715562091641_1172748896926885649_n-360x495.jpg",360,495,true],"stm-445-400":["https:\/\/sarmacjabedzin.pl\/wp-content\/uploads\/2022\/03\/273036678_1747715562091641_1172748896926885649_n-445x400.jpg",445,400,true],"stm-735-240":["https:\/\/sarmacjabedzin.pl\/wp-content\/uploads\/2022\/03\/273036678_1747715562091641_1172748896926885649_n-735x240.jpg",735,240,true],"stm-255-183":["https:\/\/sarmacjabedzin.pl\/wp-content\/uploads\/2022\/03\/273036678_1747715562091641_1172748896926885649_n-255x183.jpg",255,183,true],"stm-350-250":["https:\/\/sarmacjabedzin.pl\/wp-content\/uploads\/2022\/03\/273036678_1747715562091641_1172748896926885649_n-350x250.jpg",350,250,true],"blog_list":["https:\/\/sarmacjabedzin.pl\/wp-content\/uploads\/2022\/03\/273036678_1747715562091641_1172748896926885649_n-270x220.jpg",270,220,true],"blog_list_medium":["https:\/\/sarmacjabedzin.pl\/wp-content\/uploads\/2022\/03\/273036678_1747715562091641_1172748896926885649_n-390x345.jpg",390,345,true],"gallery_thumbnail":["https:\/\/sarmacjabedzin.pl\/wp-content\/uploads\/2022\/03\/273036678_1747715562091641_1172748896926885649_n-80x80.jpg",80,80,true],"gallery_image":["https:\/\/sarmacjabedzin.pl\/wp-content\/uploads\/2022\/03\/273036678_1747715562091641_1172748896926885649_n-560x367.jpg",560,367,true],"gallery_image_mini":["https:\/\/sarmacjabedzin.pl\/wp-content\/uploads\/2022\/03\/273036678_1747715562091641_1172748896926885649_n-143x116.jpg",143,116,true],"player_photo":["https:\/\/sarmacjabedzin.pl\/wp-content\/uploads\/2022\/03\/273036678_1747715562091641_1172748896926885649_n-740x740.jpg",740,740,true],"team_logo":["https:\/\/sarmacjabedzin.pl\/wp-content\/uploads\/2022\/03\/273036678_1747715562091641_1172748896926885649_n-98x55.jpg",98,55,true],"player_stat_ava":["https:\/\/sarmacjabedzin.pl\/wp-content\/uploads\/2022\/03\/273036678_1747715562091641_1172748896926885649_n-550x580.jpg",550,580,true],"post-350-220":["https:\/\/sarmacjabedzin.pl\/wp-content\/uploads\/2022\/03\/273036678_1747715562091641_1172748896926885649_n-350x220.jpg",350,220,true],"post-275-142":["https:\/\/sarmacjabedzin.pl\/wp-content\/uploads\/2022\/03\/273036678_1747715562091641_1172748896926885649_n-275x142.jpg",275,142,true],"post-160-120":["https:\/\/sarmacjabedzin.pl\/wp-content\/uploads\/2022\/03\/273036678_1747715562091641_1172748896926885649_n-160x120.jpg",160,120,true],"post-110-70":["https:\/\/sarmacjabedzin.pl\/wp-content\/uploads\/2022\/03\/273036678_1747715562091641_1172748896926885649_n-110x70.jpg",110,70,true],"post-770-450":["https:\/\/sarmacjabedzin.pl\/wp-content\/uploads\/2022\/03\/273036678_1747715562091641_1172748896926885649_n-770x450.jpg",770,450,true],"post-370-210":["https:\/\/sarmacjabedzin.pl\/wp-content\/uploads\/2022\/03\/273036678_1747715562091641_1172748896926885649_n-370x210.jpg",370,210,true],"post-457-470":["https:\/\/sarmacjabedzin.pl\/wp-content\/uploads\/2022\/03\/273036678_1747715562091641_1172748896926885649_n-457x470.jpg",457,470,true],"post-370-420":["https:\/\/sarmacjabedzin.pl\/wp-content\/uploads\/2022\/03\/273036678_1747715562091641_1172748896926885649_n-370x420.jpg",370,420,true],"stm-445-445":["https:\/\/sarmacjabedzin.pl\/wp-content\/uploads\/2022\/03\/273036678_1747715562091641_1172748896926885649_n-445x445.jpg",445,445,true],"stm-555-460":["https:\/\/sarmacjabedzin.pl\/wp-content\/uploads\/2022\/03\/273036678_1747715562091641_1172748896926885649_n-555x460.jpg",555,460,true],"stm-350-450":["https:\/\/sarmacjabedzin.pl\/wp-content\/uploads\/2022\/03\/273036678_1747715562091641_1172748896926885649_n-350x450.jpg",350,450,true],"stm-720-440":["https:\/\/sarmacjabedzin.pl\/wp-content\/uploads\/2022\/03\/273036678_1747715562091641_1172748896926885649_n-720x440.jpg",720,440,true],"stm-270-270":["https:\/\/sarmacjabedzin.pl\/wp-content\/uploads\/2022\/03\/273036678_1747715562091641_1172748896926885649_n-270x270.jpg",270,270,true],"stm-760-450":["https:\/\/sarmacjabedzin.pl\/wp-content\/uploads\/2022\/03\/273036678_1747715562091641_1172748896926885649_n-760x450.jpg",760,450,true]},"rttpg_author":{"display_name":"tyrtak","author_link":false},"rttpg_comment":0,"rttpg_category":"<a href=\"https:\/\/sarmacjabedzin.pl\/index.php\/category\/aktualnosci\/\" rel=\"category tag\">Aktualno\u015bci<\/a>","rttpg_excerpt":"W niedziel\u0119 \u2013 13.03.2022 roku o godz. 9.00 w czeladzkiej Hali Widowiskowo-Sportowej MOSiR odb\u0119dzie si\u0119 Turniej Pi\u0142ki No\u017cnej im. W\u0142adys\u0142awa Binkiewicza. Zawody zosta\u0142y zorganizowane z okazji 105-lecia klubu BKS Sarmacja B\u0119dzin. W wydarzeniu wezm\u0105 udzia\u0142 dru\u017cyny z rocznika 2013. Rywalami Sarmacji b\u0119d\u0105 zespo\u0142y CKS Czelad\u017a, Zag\u0142\u0119bie D\u0105browa G\u00f3rnicza, Zag\u0142\u0119bie Sosnowiec (Akademia im. W\u0142odzimierza Mazura) oraz...","_links":{"self":[{"href":"https:\/\/sarmacjabedzin.pl\/index.php\/wp-json\/wp\/v2\/posts\/4651","targetHints":{"allow":["GET"]}}],"collection":[{"href":"https:\/\/sarmacjabedzin.pl\/index.php\/wp-json\/wp\/v2\/posts"}],"about":[{"href":"https:\/\/sarmacjabedzin.pl\/index.php\/wp-json\/wp\/v2\/types\/post"}],"author":[{"embeddable":true,"href":"https:\/\/sarmacjabedzin.pl\/index.php\/wp-json\/wp\/v2\/users\/1"}],"replies":[{"embeddable":true,"href":"https:\/\/sarmacjabedzin.pl\/index.php\/wp-json\/wp\/v2\/comments?post=4651"}],"version-history":[{"count":0,"href":"https:\/\/sarmacjabedzin.pl\/index.php\/wp-json\/wp\/v2\/posts\/4651\/revisions"}],"wp:featuredmedia":[{"embeddable":true,"href":"https:\/\/sarmacjabedzin.pl\/index.php\/wp-json\/wp\/v2\/media\/4652"}],"wp:attachment":[{"href":"https:\/\/sarmacjabedzin.pl\/index.php\/wp-json\/wp\/v2\/media?parent=4651"}],"wp:term":[{"taxonomy":"category","embeddable":true,"href":"https:\/\/sarmacjabedzin.pl\/index.php\/wp-json\/wp\/v2\/categories?post=4651"},{"taxonomy":"post_tag","embeddable":true,"href":"https:\/\/sarmacjabedzin.pl\/index.php\/wp-json\/wp\/v2\/tags?post=4651"}],"curies":[{"name":"wp","href":"https:\/\/api.w.org\/{rel}","templated":true}]}}