{"id":4710,"date":"2022-04-13T18:32:16","date_gmt":"2022-04-13T16:32:16","guid":{"rendered":"https:\/\/sarmacjabedzin.pl\/?p=4710"},"modified":"2022-04-13T18:32:16","modified_gmt":"2022-04-13T16:32:16","slug":"pomeczowa-wypowiedz-piotra-samborskiego","status":"publish","type":"post","link":"https:\/\/sarmacjabedzin.pl\/index.php\/2022\/04\/13\/pomeczowa-wypowiedz-piotra-samborskiego\/","title":{"rendered":"Pomeczowa wypowied\u017a Piotra Samborskiego!"},"content":{"rendered":"<p>Sobotni mecz o ligowe punkty z dru\u017cyn\u0105 MK G\u00f3rnik Katowice zako\u0144czy\u0142 si\u0119 remisem 2:2 (1:1). Jednym z bohater\u00f3w tego pojedynku by\u0142 zdobywca pierwszego gola dla Sarmacji Piotr Samborski. Jak wida\u0107, katowiczanie le\u017c\u0105 naszemu pomocnikowi, kt\u00f3ry jesieni\u0105 zdobywaj\u0105c dwie bramki, zapewni\u0142 b\u0119dzinianom zwyci\u0119stwo 2:1.<\/p>\n<p><strong>Oto jak podsumowa\u0142 on sobotnie spotkanie:<\/strong><\/p>\n<blockquote><p>\u201eMecz z dru\u017cyn\u0105 z Katowic w pierwszych minutach uk\u0142ada\u0142 si\u0119, tak jak chcieli\u015bmy. By\u0142o kilka strza\u0142\u00f3w, wygranych pojedynk\u00f3w w bocznej strefie, kt\u00f3rych niestety nie uda\u0142o si\u0119 zamieni\u0107 na bramk\u0119. Zamiast tego naszym przeciwnikom wysz\u0142a kontra, kt\u00f3ra zosta\u0142a zamieniona na bramk\u0119. Po straconym golu podnie\u015bli\u015bmy si\u0119 i zacz\u0119li\u015bmy znowu atakowa\u0107. Chwil\u0119 przed ko\u0144cem pierwszej po\u0142owy, po dru\u017cynowej akcji uda\u0142o nam si\u0119 wyr\u00f3wna\u0107. Wychodz\u0105c na boisko po przerwie, wiedzieli\u015bmy, \u017ce wynik meczu jest jeszcze otwarty. Niestety ju\u017c w trzeciej minucie drugiej po\u0142owy stracili\u015bmy gola. Nasza dru\u017cyna ponownie by\u0142a na straconej pozycji. Pomimo tego, ju\u017c po chwili nasz napastnik popisa\u0142 si\u0119 pi\u0119knym strza\u0142em i znowu walczyli\u015bmy o wygran\u0105. W ko\u0144c\u00f3wce meczu go\u015bcie mieli sytuacj\u0119 sam na sam, kt\u00f3ra na nasze szcz\u0119\u015bcie zako\u0144czy\u0142a si\u0119 niecelnym strza\u0142em. My r\u00f3wnie\u017c mieli\u015bmy swoje sytuacje, kt\u00f3re mogli\u015bmy wykorzysta\u0107. Mecz ostatecznie sko\u0144czy\u0142 si\u0119 wynikiem 2:2. Szanujemy ka\u017cdy punkt, wyci\u0105gaj\u0105c lekcje z tego meczu. Z wielk\u0105 wiar\u0105 b\u0119dziemy wychodzili na nasz kolejny sobotni pojedynek z Pogoni\u0105 Imielin.\u201d<\/p><\/blockquote>\n","protected":false},"excerpt":{"rendered":"<p>Sobotni mecz o ligowe punkty z dru\u017cyn\u0105 MK G\u00f3rnik Katowice zako\u0144czy\u0142 si\u0119 remisem 2:2 (1:1). Jednym z bohater\u00f3w tego pojedynku by\u0142 zdobywca pierwszego gola dla Sarmacji Piotr Samborski. Jak wida\u0107, katowiczanie le\u017c\u0105 naszemu pomocnikowi, kt\u00f3ry jesieni\u0105 zdobywaj\u0105c dwie bramki, zapewni\u0142 b\u0119dzinianom zwyci\u0119stwo 2:1. Oto jak podsumowa\u0142 on sobotnie spotkanie: \u201eMecz z dru\u017cyn\u0105 z Katowic w&#8230;<\/p>\n","protected":false},"author":1,"featured_media":3988,"comment_status":"closed","ping_status":"closed","sticky":false,"template":"","format":"standard","meta":{"footnotes":""},"categories":[1],"tags":[],"class_list":["post-4710","post","type-post","status-publish","format-standard","has-post-thumbnail","hentry","category-aktualnosci"],"yoast_head":"<!-- This site is optimized with the Yoast SEO plugin v25.8 - https:\/\/yoast.com\/wordpress\/plugins\/seo\/ -->\n<title>Pomeczowa wypowied\u017a Piotra Samborskiego! | BKS Sarmacja B\u0119dzin<\/title>\n<meta name=\"robots\" content=\"index, follow, max-snippet:-1, max-image-preview:large, max-video-preview:-1\" \/>\n<link rel=\"canonical\" href=\"https:\/\/sarmacjabedzin.pl\/index.php\/2022\/04\/13\/pomeczowa-wypowiedz-piotra-samborskiego\/\" \/>\n<meta property=\"og:locale\" content=\"pl_PL\" \/>\n<meta property=\"og:type\" content=\"article\" \/>\n<meta property=\"og:title\" content=\"Pomeczowa wypowied\u017a Piotra Samborskiego! | BKS Sarmacja B\u0119dzin\" \/>\n<meta property=\"og:description\" content=\"Sobotni mecz o ligowe punkty z dru\u017cyn\u0105 MK G\u00f3rnik Katowice zako\u0144czy\u0142 si\u0119 remisem 2:2 (1:1). Jednym z bohater\u00f3w tego pojedynku by\u0142 zdobywca pierwszego gola dla Sarmacji Piotr Samborski. Jak wida\u0107, katowiczanie le\u017c\u0105 naszemu pomocnikowi, kt\u00f3ry jesieni\u0105 zdobywaj\u0105c dwie bramki, zapewni\u0142 b\u0119dzinianom zwyci\u0119stwo 2:1. Oto jak podsumowa\u0142 on sobotnie spotkanie: \u201eMecz z dru\u017cyn\u0105 z Katowic w...\" \/>\n<meta property=\"og:url\" content=\"https:\/\/sarmacjabedzin.pl\/index.php\/2022\/04\/13\/pomeczowa-wypowiedz-piotra-samborskiego\/\" \/>\n<meta property=\"og:site_name\" content=\"BKS Sarmacja B\u0119dzin\" \/>\n<meta property=\"article:publisher\" content=\"https:\/\/www.facebook.com\/SarmacjaBedzin\" \/>\n<meta property=\"article:published_time\" content=\"2022-04-13T16:32:16+00:00\" \/>\n<meta property=\"og:image\" content=\"https:\/\/sarmacjabedzin.pl\/wp-content\/uploads\/2021\/08\/Samborski.jpg\" \/>\n\t<meta property=\"og:image:width\" content=\"1600\" \/>\n\t<meta property=\"og:image:height\" content=\"900\" \/>\n\t<meta property=\"og:image:type\" content=\"image\/jpeg\" \/>\n<meta name=\"author\" content=\"tyrtak\" \/>\n<meta name=\"twitter:card\" content=\"summary_large_image\" \/>\n<meta name=\"twitter:label1\" content=\"Napisane przez\" \/>\n\t<meta name=\"twitter:data1\" content=\"tyrtak\" \/>\n\t<meta name=\"twitter:label2\" content=\"Szacowany czas czytania\" \/>\n\t<meta name=\"twitter:data2\" content=\"1 minuta\" \/>\n<script type=\"application\/ld+json\" class=\"yoast-schema-graph\">{\"@context\":\"https:\/\/schema.org\",\"@graph\":[{\"@type\":\"WebPage\",\"@id\":\"https:\/\/sarmacjabedzin.pl\/index.php\/2022\/04\/13\/pomeczowa-wypowiedz-piotra-samborskiego\/\",\"url\":\"https:\/\/sarmacjabedzin.pl\/index.php\/2022\/04\/13\/pomeczowa-wypowiedz-piotra-samborskiego\/\",\"name\":\"Pomeczowa wypowied\u017a Piotra Samborskiego! | BKS Sarmacja B\u0119dzin\",\"isPartOf\":{\"@id\":\"https:\/\/sarmacjabedzin.pl\/#website\"},\"primaryImageOfPage\":{\"@id\":\"https:\/\/sarmacjabedzin.pl\/index.php\/2022\/04\/13\/pomeczowa-wypowiedz-piotra-samborskiego\/#primaryimage\"},\"image\":{\"@id\":\"https:\/\/sarmacjabedzin.pl\/index.php\/2022\/04\/13\/pomeczowa-wypowiedz-piotra-samborskiego\/#primaryimage\"},\"thumbnailUrl\":\"https:\/\/sarmacjabedzin.pl\/wp-content\/uploads\/2021\/08\/Samborski.jpg\",\"datePublished\":\"2022-04-13T16:32:16+00:00\",\"author\":{\"@id\":\"https:\/\/sarmacjabedzin.pl\/#\/schema\/person\/5417ea7b03bcd9adf58298a2265ce03a\"},\"breadcrumb\":{\"@id\":\"https:\/\/sarmacjabedzin.pl\/index.php\/2022\/04\/13\/pomeczowa-wypowiedz-piotra-samborskiego\/#breadcrumb\"},\"inLanguage\":\"pl-PL\",\"potentialAction\":[{\"@type\":\"ReadAction\",\"target\":[\"https:\/\/sarmacjabedzin.pl\/index.php\/2022\/04\/13\/pomeczowa-wypowiedz-piotra-samborskiego\/\"]}]},{\"@type\":\"ImageObject\",\"inLanguage\":\"pl-PL\",\"@id\":\"https:\/\/sarmacjabedzin.pl\/index.php\/2022\/04\/13\/pomeczowa-wypowiedz-piotra-samborskiego\/#primaryimage\",\"url\":\"https:\/\/sarmacjabedzin.pl\/wp-content\/uploads\/2021\/08\/Samborski.jpg\",\"contentUrl\":\"https:\/\/sarmacjabedzin.pl\/wp-content\/uploads\/2021\/08\/Samborski.jpg\",\"width\":1600,\"height\":900},{\"@type\":\"BreadcrumbList\",\"@id\":\"https:\/\/sarmacjabedzin.pl\/index.php\/2022\/04\/13\/pomeczowa-wypowiedz-piotra-samborskiego\/#breadcrumb\",\"itemListElement\":[{\"@type\":\"ListItem\",\"position\":1,\"name\":\"Strona g\u0142\u00f3wna\",\"item\":\"https:\/\/sarmacjabedzin.pl\/\"},{\"@type\":\"ListItem\",\"position\":2,\"name\":\"Pomeczowa wypowied\u017a Piotra Samborskiego!\"}]},{\"@type\":\"WebSite\",\"@id\":\"https:\/\/sarmacjabedzin.pl\/#website\",\"url\":\"https:\/\/sarmacjabedzin.pl\/\",\"name\":\"BKS Sarmacja B\u0119dzin \u2013 Nieoficjalny serwis\",\"description\":\"Nieoficjalny serwis B\u0119dzi\u0144skiego Klubu Sportowego &quot;Sarmacja&quot;\",\"potentialAction\":[{\"@type\":\"SearchAction\",\"target\":{\"@type\":\"EntryPoint\",\"urlTemplate\":\"https:\/\/sarmacjabedzin.pl\/?s={search_term_string}\"},\"query-input\":{\"@type\":\"PropertyValueSpecification\",\"valueRequired\":true,\"valueName\":\"search_term_string\"}}],\"inLanguage\":\"pl-PL\"},{\"@type\":\"Person\",\"@id\":\"https:\/\/sarmacjabedzin.pl\/#\/schema\/person\/5417ea7b03bcd9adf58298a2265ce03a\",\"name\":\"tyrtak\",\"image\":{\"@type\":\"ImageObject\",\"inLanguage\":\"pl-PL\",\"@id\":\"https:\/\/sarmacjabedzin.pl\/#\/schema\/person\/image\/\",\"url\":\"https:\/\/secure.gravatar.com\/avatar\/49b7734c6795cf524710e96813a9fedc1ae3816e479d92490236b4cfc47a5ae1?s=96&d=mm&r=g\",\"contentUrl\":\"https:\/\/secure.gravatar.com\/avatar\/49b7734c6795cf524710e96813a9fedc1ae3816e479d92490236b4cfc47a5ae1?s=96&d=mm&r=g\",\"caption\":\"tyrtak\"}}]}<\/script>\n<!-- \/ Yoast SEO plugin. -->","yoast_head_json":{"title":"Pomeczowa wypowied\u017a Piotra Samborskiego! | BKS Sarmacja B\u0119dzin","robots":{"index":"index","follow":"follow","max-snippet":"max-snippet:-1","max-image-preview":"max-image-preview:large","max-video-preview":"max-video-preview:-1"},"canonical":"https:\/\/sarmacjabedzin.pl\/index.php\/2022\/04\/13\/pomeczowa-wypowiedz-piotra-samborskiego\/","og_locale":"pl_PL","og_type":"article","og_title":"Pomeczowa wypowied\u017a Piotra Samborskiego! | BKS Sarmacja B\u0119dzin","og_description":"Sobotni mecz o ligowe punkty z dru\u017cyn\u0105 MK G\u00f3rnik Katowice zako\u0144czy\u0142 si\u0119 remisem 2:2 (1:1). Jednym z bohater\u00f3w tego pojedynku by\u0142 zdobywca pierwszego gola dla Sarmacji Piotr Samborski. Jak wida\u0107, katowiczanie le\u017c\u0105 naszemu pomocnikowi, kt\u00f3ry jesieni\u0105 zdobywaj\u0105c dwie bramki, zapewni\u0142 b\u0119dzinianom zwyci\u0119stwo 2:1. Oto jak podsumowa\u0142 on sobotnie spotkanie: \u201eMecz z dru\u017cyn\u0105 z Katowic w...","og_url":"https:\/\/sarmacjabedzin.pl\/index.php\/2022\/04\/13\/pomeczowa-wypowiedz-piotra-samborskiego\/","og_site_name":"BKS Sarmacja B\u0119dzin","article_publisher":"https:\/\/www.facebook.com\/SarmacjaBedzin","article_published_time":"2022-04-13T16:32:16+00:00","og_image":[{"width":1600,"height":900,"url":"https:\/\/sarmacjabedzin.pl\/wp-content\/uploads\/2021\/08\/Samborski.jpg","type":"image\/jpeg"}],"author":"tyrtak","twitter_card":"summary_large_image","twitter_misc":{"Napisane przez":"tyrtak","Szacowany czas czytania":"1 minuta"},"schema":{"@context":"https:\/\/schema.org","@graph":[{"@type":"WebPage","@id":"https:\/\/sarmacjabedzin.pl\/index.php\/2022\/04\/13\/pomeczowa-wypowiedz-piotra-samborskiego\/","url":"https:\/\/sarmacjabedzin.pl\/index.php\/2022\/04\/13\/pomeczowa-wypowiedz-piotra-samborskiego\/","name":"Pomeczowa wypowied\u017a Piotra Samborskiego! | BKS Sarmacja B\u0119dzin","isPartOf":{"@id":"https:\/\/sarmacjabedzin.pl\/#website"},"primaryImageOfPage":{"@id":"https:\/\/sarmacjabedzin.pl\/index.php\/2022\/04\/13\/pomeczowa-wypowiedz-piotra-samborskiego\/#primaryimage"},"image":{"@id":"https:\/\/sarmacjabedzin.pl\/index.php\/2022\/04\/13\/pomeczowa-wypowiedz-piotra-samborskiego\/#primaryimage"},"thumbnailUrl":"https:\/\/sarmacjabedzin.pl\/wp-content\/uploads\/2021\/08\/Samborski.jpg","datePublished":"2022-04-13T16:32:16+00:00","author":{"@id":"https:\/\/sarmacjabedzin.pl\/#\/schema\/person\/5417ea7b03bcd9adf58298a2265ce03a"},"breadcrumb":{"@id":"https:\/\/sarmacjabedzin.pl\/index.php\/2022\/04\/13\/pomeczowa-wypowiedz-piotra-samborskiego\/#breadcrumb"},"inLanguage":"pl-PL","potentialAction":[{"@type":"ReadAction","target":["https:\/\/sarmacjabedzin.pl\/index.php\/2022\/04\/13\/pomeczowa-wypowiedz-piotra-samborskiego\/"]}]},{"@type":"ImageObject","inLanguage":"pl-PL","@id":"https:\/\/sarmacjabedzin.pl\/index.php\/2022\/04\/13\/pomeczowa-wypowiedz-piotra-samborskiego\/#primaryimage","url":"https:\/\/sarmacjabedzin.pl\/wp-content\/uploads\/2021\/08\/Samborski.jpg","contentUrl":"https:\/\/sarmacjabedzin.pl\/wp-content\/uploads\/2021\/08\/Samborski.jpg","width":1600,"height":900},{"@type":"BreadcrumbList","@id":"https:\/\/sarmacjabedzin.pl\/index.php\/2022\/04\/13\/pomeczowa-wypowiedz-piotra-samborskiego\/#breadcrumb","itemListElement":[{"@type":"ListItem","position":1,"name":"Strona g\u0142\u00f3wna","item":"https:\/\/sarmacjabedzin.pl\/"},{"@type":"ListItem","position":2,"name":"Pomeczowa wypowied\u017a Piotra Samborskiego!"}]},{"@type":"WebSite","@id":"https:\/\/sarmacjabedzin.pl\/#website","url":"https:\/\/sarmacjabedzin.pl\/","name":"BKS Sarmacja B\u0119dzin \u2013 Nieoficjalny serwis","description":"Nieoficjalny serwis B\u0119dzi\u0144skiego Klubu Sportowego &quot;Sarmacja&quot;","potentialAction":[{"@type":"SearchAction","target":{"@type":"EntryPoint","urlTemplate":"https:\/\/sarmacjabedzin.pl\/?s={search_term_string}"},"query-input":{"@type":"PropertyValueSpecification","valueRequired":true,"valueName":"search_term_string"}}],"inLanguage":"pl-PL"},{"@type":"Person","@id":"https:\/\/sarmacjabedzin.pl\/#\/schema\/person\/5417ea7b03bcd9adf58298a2265ce03a","name":"tyrtak","image":{"@type":"ImageObject","inLanguage":"pl-PL","@id":"https:\/\/sarmacjabedzin.pl\/#\/schema\/person\/image\/","url":"https:\/\/secure.gravatar.com\/avatar\/49b7734c6795cf524710e96813a9fedc1ae3816e479d92490236b4cfc47a5ae1?s=96&d=mm&r=g","contentUrl":"https:\/\/secure.gravatar.com\/avatar\/49b7734c6795cf524710e96813a9fedc1ae3816e479d92490236b4cfc47a5ae1?s=96&d=mm&r=g","caption":"tyrtak"}}]}},"rttpg_featured_image_url":{"full":["https:\/\/sarmacjabedzin.pl\/wp-content\/uploads\/2021\/08\/Samborski.jpg",1600,900,false],"landscape":["https:\/\/sarmacjabedzin.pl\/wp-content\/uploads\/2021\/08\/Samborski.jpg",1600,900,false],"portraits":["https:\/\/sarmacjabedzin.pl\/wp-content\/uploads\/2021\/08\/Samborski.jpg",1600,900,false],"thumbnail":["https:\/\/sarmacjabedzin.pl\/wp-content\/uploads\/2021\/08\/Samborski-150x150.jpg",150,150,true],"medium":["https:\/\/sarmacjabedzin.pl\/wp-content\/uploads\/2021\/08\/Samborski-300x169.jpg",300,169,true],"large":["https:\/\/sarmacjabedzin.pl\/wp-content\/uploads\/2021\/08\/Samborski-1024x576.jpg",1024,576,true],"1536x1536":["https:\/\/sarmacjabedzin.pl\/wp-content\/uploads\/2021\/08\/Samborski-1536x864.jpg",1536,864,true],"2048x2048":["https:\/\/sarmacjabedzin.pl\/wp-content\/uploads\/2021\/08\/Samborski.jpg",1600,900,false],"sportspress-crop-medium":["https:\/\/sarmacjabedzin.pl\/wp-content\/uploads\/2021\/08\/Samborski-300x300.jpg",300,300,true],"sportspress-fit-medium":["https:\/\/sarmacjabedzin.pl\/wp-content\/uploads\/2021\/08\/Samborski-300x169.jpg",300,169,true],"sportspress-fit-icon":["https:\/\/sarmacjabedzin.pl\/wp-content\/uploads\/2021\/08\/Samborski-128x72.jpg",128,72,true],"sportspress-fit-mini":["https:\/\/sarmacjabedzin.pl\/wp-content\/uploads\/2021\/08\/Samborski-32x18.jpg",32,18,true],"ultp_layout_landscape_large":["https:\/\/sarmacjabedzin.pl\/wp-content\/uploads\/2021\/08\/Samborski-1200x800.jpg",1200,800,true],"ultp_layout_landscape":["https:\/\/sarmacjabedzin.pl\/wp-content\/uploads\/2021\/08\/Samborski-870x570.jpg",870,570,true],"ultp_layout_portrait":["https:\/\/sarmacjabedzin.pl\/wp-content\/uploads\/2021\/08\/Samborski-600x900.jpg",600,900,true],"ultp_layout_square":["https:\/\/sarmacjabedzin.pl\/wp-content\/uploads\/2021\/08\/Samborski-600x600.jpg",600,600,true],"stm-1140-666":["https:\/\/sarmacjabedzin.pl\/wp-content\/uploads\/2021\/08\/Samborski-1140x666.jpg",1140,666,true],"stm-1170-650":["https:\/\/sarmacjabedzin.pl\/wp-content\/uploads\/2021\/08\/Samborski-1170x650.jpg",1170,650,true],"stm-570-350":["https:\/\/sarmacjabedzin.pl\/wp-content\/uploads\/2021\/08\/Samborski-570x350.jpg",570,350,true],"stm-570-250":["https:\/\/sarmacjabedzin.pl\/wp-content\/uploads\/2021\/08\/Samborski-570x250.jpg",570,250,true],"stm-270-370":["https:\/\/sarmacjabedzin.pl\/wp-content\/uploads\/2021\/08\/Samborski-270x370.jpg",270,370,true],"stm-540-500":["https:\/\/sarmacjabedzin.pl\/wp-content\/uploads\/2021\/08\/Samborski-540x500.jpg",540,500,true],"stm-270-530":["https:\/\/sarmacjabedzin.pl\/wp-content\/uploads\/2021\/08\/Samborski-270x530.jpg",270,530,true],"stm-200-200":["https:\/\/sarmacjabedzin.pl\/wp-content\/uploads\/2021\/08\/Samborski-200x200.jpg",200,200,true],"stm-85-105":["https:\/\/sarmacjabedzin.pl\/wp-content\/uploads\/2021\/08\/Samborski-85x105.jpg",85,105,true],"stm-255-255":["https:\/\/sarmacjabedzin.pl\/wp-content\/uploads\/2021\/08\/Samborski-255x255.jpg",255,255,true],"stm-360-240":["https:\/\/sarmacjabedzin.pl\/wp-content\/uploads\/2021\/08\/Samborski-360x240.jpg",360,240,true],"stm-360-495":["https:\/\/sarmacjabedzin.pl\/wp-content\/uploads\/2021\/08\/Samborski-360x495.jpg",360,495,true],"stm-445-400":["https:\/\/sarmacjabedzin.pl\/wp-content\/uploads\/2021\/08\/Samborski-445x400.jpg",445,400,true],"stm-735-240":["https:\/\/sarmacjabedzin.pl\/wp-content\/uploads\/2021\/08\/Samborski-735x240.jpg",735,240,true],"stm-255-183":["https:\/\/sarmacjabedzin.pl\/wp-content\/uploads\/2021\/08\/Samborski-255x183.jpg",255,183,true],"stm-350-250":["https:\/\/sarmacjabedzin.pl\/wp-content\/uploads\/2021\/08\/Samborski-350x250.jpg",350,250,true],"blog_list":["https:\/\/sarmacjabedzin.pl\/wp-content\/uploads\/2021\/08\/Samborski-270x220.jpg",270,220,true],"blog_list_medium":["https:\/\/sarmacjabedzin.pl\/wp-content\/uploads\/2021\/08\/Samborski-390x345.jpg",390,345,true],"gallery_thumbnail":["https:\/\/sarmacjabedzin.pl\/wp-content\/uploads\/2021\/08\/Samborski-80x80.jpg",80,80,true],"gallery_image":["https:\/\/sarmacjabedzin.pl\/wp-content\/uploads\/2021\/08\/Samborski-560x367.jpg",560,367,true],"gallery_image_mini":["https:\/\/sarmacjabedzin.pl\/wp-content\/uploads\/2021\/08\/Samborski-143x116.jpg",143,116,true],"player_photo":["https:\/\/sarmacjabedzin.pl\/wp-content\/uploads\/2021\/08\/Samborski-740x740.jpg",740,740,true],"team_logo":["https:\/\/sarmacjabedzin.pl\/wp-content\/uploads\/2021\/08\/Samborski-98x55.jpg",98,55,true],"player_stat_ava":["https:\/\/sarmacjabedzin.pl\/wp-content\/uploads\/2021\/08\/Samborski-550x580.jpg",550,580,true],"post-350-220":["https:\/\/sarmacjabedzin.pl\/wp-content\/uploads\/2021\/08\/Samborski-350x220.jpg",350,220,true],"post-275-142":["https:\/\/sarmacjabedzin.pl\/wp-content\/uploads\/2021\/08\/Samborski-275x142.jpg",275,142,true],"post-160-120":["https:\/\/sarmacjabedzin.pl\/wp-content\/uploads\/2021\/08\/Samborski-160x120.jpg",160,120,true],"post-110-70":["https:\/\/sarmacjabedzin.pl\/wp-content\/uploads\/2021\/08\/Samborski-110x70.jpg",110,70,true],"post-770-450":["https:\/\/sarmacjabedzin.pl\/wp-content\/uploads\/2021\/08\/Samborski-770x450.jpg",770,450,true],"post-370-210":["https:\/\/sarmacjabedzin.pl\/wp-content\/uploads\/2021\/08\/Samborski-370x210.jpg",370,210,true],"post-457-470":["https:\/\/sarmacjabedzin.pl\/wp-content\/uploads\/2021\/08\/Samborski-457x470.jpg",457,470,true],"post-370-420":["https:\/\/sarmacjabedzin.pl\/wp-content\/uploads\/2021\/08\/Samborski-370x420.jpg",370,420,true],"stm-445-445":["https:\/\/sarmacjabedzin.pl\/wp-content\/uploads\/2021\/08\/Samborski-445x445.jpg",445,445,true],"stm-555-460":["https:\/\/sarmacjabedzin.pl\/wp-content\/uploads\/2021\/08\/Samborski-555x460.jpg",555,460,true],"stm-350-450":["https:\/\/sarmacjabedzin.pl\/wp-content\/uploads\/2021\/08\/Samborski-350x450.jpg",350,450,true],"stm-720-440":["https:\/\/sarmacjabedzin.pl\/wp-content\/uploads\/2021\/08\/Samborski-720x440.jpg",720,440,true],"stm-270-270":["https:\/\/sarmacjabedzin.pl\/wp-content\/uploads\/2021\/08\/Samborski.jpg",270,152,false],"stm-760-450":["https:\/\/sarmacjabedzin.pl\/wp-content\/uploads\/2021\/08\/Samborski.jpg",760,428,false]},"rttpg_author":{"display_name":"tyrtak","author_link":false},"rttpg_comment":0,"rttpg_category":"<a href=\"https:\/\/sarmacjabedzin.pl\/index.php\/category\/aktualnosci\/\" rel=\"category tag\">Aktualno\u015bci<\/a>","rttpg_excerpt":"Sobotni mecz o ligowe punkty z dru\u017cyn\u0105 MK G\u00f3rnik Katowice zako\u0144czy\u0142 si\u0119 remisem 2:2 (1:1). Jednym z bohater\u00f3w tego pojedynku by\u0142 zdobywca pierwszego gola dla Sarmacji Piotr Samborski. Jak wida\u0107, katowiczanie le\u017c\u0105 naszemu pomocnikowi, kt\u00f3ry jesieni\u0105 zdobywaj\u0105c dwie bramki, zapewni\u0142 b\u0119dzinianom zwyci\u0119stwo 2:1. Oto jak podsumowa\u0142 on sobotnie spotkanie: \u201eMecz z dru\u017cyn\u0105 z Katowic w...","_links":{"self":[{"href":"https:\/\/sarmacjabedzin.pl\/index.php\/wp-json\/wp\/v2\/posts\/4710","targetHints":{"allow":["GET"]}}],"collection":[{"href":"https:\/\/sarmacjabedzin.pl\/index.php\/wp-json\/wp\/v2\/posts"}],"about":[{"href":"https:\/\/sarmacjabedzin.pl\/index.php\/wp-json\/wp\/v2\/types\/post"}],"author":[{"embeddable":true,"href":"https:\/\/sarmacjabedzin.pl\/index.php\/wp-json\/wp\/v2\/users\/1"}],"replies":[{"embeddable":true,"href":"https:\/\/sarmacjabedzin.pl\/index.php\/wp-json\/wp\/v2\/comments?post=4710"}],"version-history":[{"count":0,"href":"https:\/\/sarmacjabedzin.pl\/index.php\/wp-json\/wp\/v2\/posts\/4710\/revisions"}],"wp:featuredmedia":[{"embeddable":true,"href":"https:\/\/sarmacjabedzin.pl\/index.php\/wp-json\/wp\/v2\/media\/3988"}],"wp:attachment":[{"href":"https:\/\/sarmacjabedzin.pl\/index.php\/wp-json\/wp\/v2\/media?parent=4710"}],"wp:term":[{"taxonomy":"category","embeddable":true,"href":"https:\/\/sarmacjabedzin.pl\/index.php\/wp-json\/wp\/v2\/categories?post=4710"},{"taxonomy":"post_tag","embeddable":true,"href":"https:\/\/sarmacjabedzin.pl\/index.php\/wp-json\/wp\/v2\/tags?post=4710"}],"curies":[{"name":"wp","href":"https:\/\/api.w.org\/{rel}","templated":true}]}}