{"id":4835,"date":"2022-05-28T21:40:49","date_gmt":"2022-05-28T19:40:49","guid":{"rendered":"https:\/\/sarmacjabedzin.pl\/?p=4835"},"modified":"2022-05-28T21:40:49","modified_gmt":"2022-05-28T19:40:49","slug":"przegrana-w-rogozniku","status":"publish","type":"post","link":"https:\/\/sarmacjabedzin.pl\/index.php\/2022\/05\/28\/przegrana-w-rogozniku\/","title":{"rendered":"Przegrana w Rogo\u017aniku"},"content":{"rendered":"<p class=\"p1\">Dnia 28.05.2022 roku o godz.17.00 Sarmacja B\u0119dzin na wyje\u017adzie zmierzy\u0142a si\u0119 z dru\u017cyn\u0105 Cyklon Rogo\u017anik. Gospodarze znajduj\u0105cy si\u0119 na 4 miejscu w tabeli zgromadzili do tej pory 59 punkt\u00f3w, natomiast b\u0119dzinianie z dorobkiem 41 oczek zajmuj\u0105 7 miejsce.<span class=\"Apple-converted-space\">&nbsp;<\/span>W ostatniej kolejce ligowej Sarmaci ulegli przed w\u0142asn\u0105 publiczno\u015bci\u0105 rezerwie Zag\u0142\u0119bia Sosnowiec 0:6, natomiast rogo\u017aniczanie na wyje\u017adzie pokonali MK G\u00f3rnik Katowice 1:0. Jesieni\u0105 na w\u0142asnym stadionie b\u0119dzinianie ulegli Cyklonowi 0:2. Gole dla rywala zdobyli: Wolniewicz i Barchan. Liczymy na spore emocje. Przed meczem wszyscy mieli ogromn\u0105 nadziej\u0119, \u017ce po trzech pora\u017ckach podopieczni trenera Janusza I\u0142czyka wreszcie si\u0119 prze\u0142ami\u0105 i powalcz\u0105 o punkty.<\/p>\n<p class=\"p1\">Ju\u017c w 2 minucie miejscowi postraszyli b\u0119dzinian strza\u0142em w poprzeczk\u0119.<br \/>\nKolejne minuty pokaza\u0142y, \u017ce gospodarze bardzo szybko chcieli otworzy\u0107 wynik tego spotkania. Niestety tak si\u0119 sta\u0142o.<span class=\"Apple-converted-space\">&nbsp;<\/span>Ju\u017c w 12 minucie obj\u0119li prowadzenie. Pi\u0142k\u0119 wrzucon\u0105 z rzutu ro\u017cnego z ostrego k\u0105ta, g\u0142ow\u0105 do naszej siatki skierowa\u0142 Robert Wolniewicz. Sytuacj\u0119 pr\u00f3bowa\u0142 jeszcze naprawi\u0107 Daniel Majka, wybijaj\u0105c pi\u0142k\u0119 w pole. Ta jednak zdaniem s\u0119dziego przekroczy\u0142a ju\u017c lini\u0119 bramkow\u0105.<br \/>\nSzybko obj\u0119te prowadzenie przez rywala wprowadzi\u0142o sporo nerwowo\u015bci w poczynaniach naszych pi\u0142karzy.<br \/>\nW 26 minucie pi\u0142ka po strzale zawodnika gospodarzy poszybowa\u0142a wysoko nad poprzeczk\u0105 b\u0119dzinian.<br \/>\nW 30 minucie Cyklon prowadzi\u0142 2:0 po szybkiej akcji praw\u0105 stron\u0105 boiska. Pi\u0142k\u0119 zagran\u0105 z tej strony murawy otrzyma\u0142 Robert Wojsyk, kt\u00f3ry wykorzystuj\u0105c spore do\u015bwiadczenie, wpakowa\u0142 j\u0105 do naszej bramki.<br \/>\nOsiem minut p\u00f3\u017aniej rozp\u0119dzony lewym skrzyd\u0142em Karol G\u00f3ral odda\u0142 strza\u0142 wprost w bramkarza rogo\u017aniczan. Po pierwszej s\u0142abej po\u0142owie Sarmacja przegrywa\u0142a 0:2.<\/p>\n<p class=\"p1\">Po zmianie stron gra b\u0119dzinian wygl\u0105da\u0142a ju\u017c nieco lepiej. Uda\u0142o si\u0119 im przeprowadzi\u0107 kilka gro\u017anych akcji.<br \/>\nW 50 minucie \u015bwietn\u0105 interwencj\u0105, po uderzeniu g\u0142ow\u0105 popisa\u0142 si\u0119 Hubert Koz\u0142owski, kt\u00f3ry zdo\u0142a\u0142 z trudem wybi\u0107 pi\u0142k\u0119 zmierzaj\u0105c\u0105 w kierunku siatki.<br \/>\nTrzy minuty p\u00f3\u017aniej, to Sarmaci cieszyli si\u0119 z kontaktowego gola. Wtedy to Karol G\u00f3ral znajduj\u0105cy si\u0119 w polu karnym rywala zdo\u0142a\u0142 przelobowa\u0107 bramkarza miejscowych. Pr\u00f3buj\u0105cy jeszcze wybi\u0107 pi\u0142k\u0119 zawodnik Cyklonu wpakowa\u0142 j\u0105 do w\u0142asnej siatki. Ta jednak by\u0142a ju\u017c za lini\u0105 bramkow\u0105.<br \/>\nW 62 minucie zn\u00f3w sporo pracy mia\u0142 nasz golkiper, kt\u00f3ry zdo\u0142a\u0142 wybroni\u0107 silny strza\u0142.<br \/>\nW 72 minucie s\u0142upek uchroni\u0142 nas od straty gola. Pi\u0119\u0107 minut potem na wysoko\u015bci zadanie stan\u0105\u0142 nasz kapitan Daniel Majka. Tym razem w ostatniej chwili zdo\u0142a\u0142 wybi\u0107 pi\u0142k\u0119 zmierzaj\u0105c\u0105 do naszej siatki.<br \/>\nW 90 minucie futbol\u00f3wk\u0119 po strzale Klaudiusza Ku\u0142agi, bramkarz gospodarzy zdo\u0142a\u0142 wypi\u0105stkowa\u0107 przed siebie. Chwil\u0119 potem pi\u0142ka po g\u0142\u00f3wce Krystiana Duda\u0142y trafi\u0142a w boczny s\u0142upek bramki Cyklonu.<\/p>\n<p class=\"p1\">Ostatecznie Sarmacja dozna\u0142a kolejnej pora\u017cki. Tym razem 1:2. Szkoda, bo mimo przeci\u0119tnej gry naszego zespo\u0142u by\u0142a dzi\u015b szansa na wywalczenie remisu. W dru\u017cynie Cyklonu wida\u0107 by\u0142o wi\u0119ksze do\u015bwiadczenie, kt\u00f3re pozwoli\u0142o im mimo chwilowych opresji wyj\u015b\u0107 z nich bez szwanku. Niestety ostatnie mecze z czterema pierwszymi dru\u017cynami w lidze obna\u017cy\u0142y wszystkie nasze s\u0142abo\u015bci. Dzi\u015b sporo roszad kadrowych w naszym sk\u0142adzie podyktowane by\u0142o absencj\u0105 kilku zawodnik\u00f3w (Wojciech Ba\u0142a, \u0141ukasz \u017bmuda, Kacper Z\u0105bek). Trener Janusz I\u0142czyk wprowadzi\u0142 kilka zmian w ustawieniu naszej dru\u017cyny. Niespodziewanie na szpicy zagra\u0142 Klaudiusz Ku\u0142aga. Co ciekawe, w drugiej po\u0142owie wchodz\u0105cy na boisko z \u0142awki rezerwowych Tomasz Maj, pojawi\u0142 si\u0119 w roli napastnika. Niestety nie przynios\u0142o to efektu w postaci wyr\u00f3wnuj\u0105cego gola. Ju\u017c za tydzie\u0144 Sarmaci stan\u0105 przed du\u017c\u0105 szans\u0105 na oczekiwane prze\u0142amanie. Na w\u0142asnym boisku podejmowa\u0107 b\u0119d\u0105 Ostoj\u0105 \u017belis\u0142awice, kt\u00f3ra ju\u017c ma iluzoryczne szanse na utrzymanie w lidze.<span class=\"Apple-converted-space\">&nbsp;<\/span><\/p>\n<p class=\"p1\"><strong>Cyklon Rogo\u017anik \u2013 Sarmacja B\u0119dzin 2:1 (2:0)<\/strong><\/p>\n<p class=\"p1\"><strong>S\u0119dzia:<\/strong> Pawe\u0142 Kami\u0144ski (Ogrodzieniec)<\/p>\n<p class=\"p1\"><strong>Bramki:<\/strong><br \/>\n53&#8242; G\u00f3ral<br \/>\n____________<br \/>\n12&#8242; Wolniewicz<br \/>\n30&#8242; Wojsyk<\/p>\n<p class=\"p1\"><strong>\u017b\u00f3\u0142te kartki:<\/strong><br \/>\n67&#8242; Duda\u0142a<\/p>\n<p class=\"p1\"><strong>Sarmacja B\u0119dzin:<\/strong> Koz\u0142owski, Dul, Majka, Duda\u0142a, Ignalski, Wrzal-Kosowski (68&#8242; Maj), G\u0142adkowski, Samborski, Kocot, G\u00f3ral, Ku\u0142aga<span class=\"Apple-converted-space\">&nbsp;<\/span><\/p>\n","protected":false},"excerpt":{"rendered":"<p>Dnia 28.05.2022 roku o godz.17.00 Sarmacja B\u0119dzin na wyje\u017adzie zmierzy\u0142a si\u0119 z dru\u017cyn\u0105 Cyklon Rogo\u017anik. Gospodarze znajduj\u0105cy si\u0119 na 4 miejscu w tabeli zgromadzili do tej pory 59 punkt\u00f3w, natomiast b\u0119dzinianie z dorobkiem 41 oczek zajmuj\u0105 7 miejsce.&nbsp;W ostatniej kolejce ligowej Sarmaci ulegli przed w\u0142asn\u0105 publiczno\u015bci\u0105 rezerwie Zag\u0142\u0119bia Sosnowiec 0:6, natomiast rogo\u017aniczanie na wyje\u017adzie pokonali&#8230;<\/p>\n","protected":false},"author":1,"featured_media":4836,"comment_status":"closed","ping_status":"closed","sticky":false,"template":"","format":"standard","meta":{"footnotes":""},"categories":[64],"tags":[],"class_list":["post-4835","post","type-post","status-publish","format-standard","has-post-thumbnail","hentry","category-soccer"],"yoast_head":"<!-- This site is optimized with the Yoast SEO plugin v25.8 - https:\/\/yoast.com\/wordpress\/plugins\/seo\/ -->\n<title>Przegrana w Rogo\u017aniku | BKS Sarmacja B\u0119dzin<\/title>\n<meta name=\"robots\" content=\"index, follow, max-snippet:-1, max-image-preview:large, max-video-preview:-1\" \/>\n<link rel=\"canonical\" href=\"https:\/\/sarmacjabedzin.pl\/index.php\/2022\/05\/28\/przegrana-w-rogozniku\/\" \/>\n<meta property=\"og:locale\" content=\"pl_PL\" \/>\n<meta property=\"og:type\" content=\"article\" \/>\n<meta property=\"og:title\" content=\"Przegrana w Rogo\u017aniku | BKS Sarmacja B\u0119dzin\" \/>\n<meta property=\"og:description\" content=\"Dnia 28.05.2022 roku o godz.17.00 Sarmacja B\u0119dzin na wyje\u017adzie zmierzy\u0142a si\u0119 z dru\u017cyn\u0105 Cyklon Rogo\u017anik. Gospodarze znajduj\u0105cy si\u0119 na 4 miejscu w tabeli zgromadzili do tej pory 59 punkt\u00f3w, natomiast b\u0119dzinianie z dorobkiem 41 oczek zajmuj\u0105 7 miejsce.&nbsp;W ostatniej kolejce ligowej Sarmaci ulegli przed w\u0142asn\u0105 publiczno\u015bci\u0105 rezerwie Zag\u0142\u0119bia Sosnowiec 0:6, natomiast rogo\u017aniczanie na wyje\u017adzie pokonali...\" \/>\n<meta property=\"og:url\" content=\"https:\/\/sarmacjabedzin.pl\/index.php\/2022\/05\/28\/przegrana-w-rogozniku\/\" \/>\n<meta property=\"og:site_name\" content=\"BKS Sarmacja B\u0119dzin\" \/>\n<meta property=\"article:publisher\" content=\"https:\/\/www.facebook.com\/SarmacjaBedzin\" \/>\n<meta property=\"article:published_time\" content=\"2022-05-28T19:40:49+00:00\" \/>\n<meta property=\"og:image\" content=\"https:\/\/sarmacjabedzin.pl\/wp-content\/uploads\/2022\/05\/Cyklon_Sarmacja.jpg\" \/>\n\t<meta property=\"og:image:width\" content=\"1920\" \/>\n\t<meta property=\"og:image:height\" content=\"1080\" \/>\n\t<meta property=\"og:image:type\" content=\"image\/jpeg\" \/>\n<meta name=\"author\" content=\"tyrtak\" \/>\n<meta name=\"twitter:card\" content=\"summary_large_image\" \/>\n<meta name=\"twitter:label1\" content=\"Napisane przez\" \/>\n\t<meta name=\"twitter:data1\" content=\"tyrtak\" \/>\n\t<meta name=\"twitter:label2\" content=\"Szacowany czas czytania\" \/>\n\t<meta name=\"twitter:data2\" content=\"3 minuty\" \/>\n<script type=\"application\/ld+json\" class=\"yoast-schema-graph\">{\"@context\":\"https:\/\/schema.org\",\"@graph\":[{\"@type\":\"WebPage\",\"@id\":\"https:\/\/sarmacjabedzin.pl\/index.php\/2022\/05\/28\/przegrana-w-rogozniku\/\",\"url\":\"https:\/\/sarmacjabedzin.pl\/index.php\/2022\/05\/28\/przegrana-w-rogozniku\/\",\"name\":\"Przegrana w Rogo\u017aniku | BKS Sarmacja B\u0119dzin\",\"isPartOf\":{\"@id\":\"https:\/\/sarmacjabedzin.pl\/#website\"},\"primaryImageOfPage\":{\"@id\":\"https:\/\/sarmacjabedzin.pl\/index.php\/2022\/05\/28\/przegrana-w-rogozniku\/#primaryimage\"},\"image\":{\"@id\":\"https:\/\/sarmacjabedzin.pl\/index.php\/2022\/05\/28\/przegrana-w-rogozniku\/#primaryimage\"},\"thumbnailUrl\":\"https:\/\/sarmacjabedzin.pl\/wp-content\/uploads\/2022\/05\/Cyklon_Sarmacja.jpg\",\"datePublished\":\"2022-05-28T19:40:49+00:00\",\"author\":{\"@id\":\"https:\/\/sarmacjabedzin.pl\/#\/schema\/person\/5417ea7b03bcd9adf58298a2265ce03a\"},\"breadcrumb\":{\"@id\":\"https:\/\/sarmacjabedzin.pl\/index.php\/2022\/05\/28\/przegrana-w-rogozniku\/#breadcrumb\"},\"inLanguage\":\"pl-PL\",\"potentialAction\":[{\"@type\":\"ReadAction\",\"target\":[\"https:\/\/sarmacjabedzin.pl\/index.php\/2022\/05\/28\/przegrana-w-rogozniku\/\"]}]},{\"@type\":\"ImageObject\",\"inLanguage\":\"pl-PL\",\"@id\":\"https:\/\/sarmacjabedzin.pl\/index.php\/2022\/05\/28\/przegrana-w-rogozniku\/#primaryimage\",\"url\":\"https:\/\/sarmacjabedzin.pl\/wp-content\/uploads\/2022\/05\/Cyklon_Sarmacja.jpg\",\"contentUrl\":\"https:\/\/sarmacjabedzin.pl\/wp-content\/uploads\/2022\/05\/Cyklon_Sarmacja.jpg\",\"width\":1920,\"height\":1080},{\"@type\":\"BreadcrumbList\",\"@id\":\"https:\/\/sarmacjabedzin.pl\/index.php\/2022\/05\/28\/przegrana-w-rogozniku\/#breadcrumb\",\"itemListElement\":[{\"@type\":\"ListItem\",\"position\":1,\"name\":\"Strona g\u0142\u00f3wna\",\"item\":\"https:\/\/sarmacjabedzin.pl\/\"},{\"@type\":\"ListItem\",\"position\":2,\"name\":\"Przegrana w Rogo\u017aniku\"}]},{\"@type\":\"WebSite\",\"@id\":\"https:\/\/sarmacjabedzin.pl\/#website\",\"url\":\"https:\/\/sarmacjabedzin.pl\/\",\"name\":\"BKS Sarmacja B\u0119dzin \u2013 Nieoficjalny serwis\",\"description\":\"Nieoficjalny serwis B\u0119dzi\u0144skiego Klubu Sportowego &quot;Sarmacja&quot;\",\"potentialAction\":[{\"@type\":\"SearchAction\",\"target\":{\"@type\":\"EntryPoint\",\"urlTemplate\":\"https:\/\/sarmacjabedzin.pl\/?s={search_term_string}\"},\"query-input\":{\"@type\":\"PropertyValueSpecification\",\"valueRequired\":true,\"valueName\":\"search_term_string\"}}],\"inLanguage\":\"pl-PL\"},{\"@type\":\"Person\",\"@id\":\"https:\/\/sarmacjabedzin.pl\/#\/schema\/person\/5417ea7b03bcd9adf58298a2265ce03a\",\"name\":\"tyrtak\",\"image\":{\"@type\":\"ImageObject\",\"inLanguage\":\"pl-PL\",\"@id\":\"https:\/\/sarmacjabedzin.pl\/#\/schema\/person\/image\/\",\"url\":\"https:\/\/secure.gravatar.com\/avatar\/49b7734c6795cf524710e96813a9fedc1ae3816e479d92490236b4cfc47a5ae1?s=96&d=mm&r=g\",\"contentUrl\":\"https:\/\/secure.gravatar.com\/avatar\/49b7734c6795cf524710e96813a9fedc1ae3816e479d92490236b4cfc47a5ae1?s=96&d=mm&r=g\",\"caption\":\"tyrtak\"}}]}<\/script>\n<!-- \/ Yoast SEO plugin. -->","yoast_head_json":{"title":"Przegrana w Rogo\u017aniku | BKS Sarmacja B\u0119dzin","robots":{"index":"index","follow":"follow","max-snippet":"max-snippet:-1","max-image-preview":"max-image-preview:large","max-video-preview":"max-video-preview:-1"},"canonical":"https:\/\/sarmacjabedzin.pl\/index.php\/2022\/05\/28\/przegrana-w-rogozniku\/","og_locale":"pl_PL","og_type":"article","og_title":"Przegrana w Rogo\u017aniku | BKS Sarmacja B\u0119dzin","og_description":"Dnia 28.05.2022 roku o godz.17.00 Sarmacja B\u0119dzin na wyje\u017adzie zmierzy\u0142a si\u0119 z dru\u017cyn\u0105 Cyklon Rogo\u017anik. Gospodarze znajduj\u0105cy si\u0119 na 4 miejscu w tabeli zgromadzili do tej pory 59 punkt\u00f3w, natomiast b\u0119dzinianie z dorobkiem 41 oczek zajmuj\u0105 7 miejsce.&nbsp;W ostatniej kolejce ligowej Sarmaci ulegli przed w\u0142asn\u0105 publiczno\u015bci\u0105 rezerwie Zag\u0142\u0119bia Sosnowiec 0:6, natomiast rogo\u017aniczanie na wyje\u017adzie pokonali...","og_url":"https:\/\/sarmacjabedzin.pl\/index.php\/2022\/05\/28\/przegrana-w-rogozniku\/","og_site_name":"BKS Sarmacja B\u0119dzin","article_publisher":"https:\/\/www.facebook.com\/SarmacjaBedzin","article_published_time":"2022-05-28T19:40:49+00:00","og_image":[{"width":1920,"height":1080,"url":"https:\/\/sarmacjabedzin.pl\/wp-content\/uploads\/2022\/05\/Cyklon_Sarmacja.jpg","type":"image\/jpeg"}],"author":"tyrtak","twitter_card":"summary_large_image","twitter_misc":{"Napisane przez":"tyrtak","Szacowany czas czytania":"3 minuty"},"schema":{"@context":"https:\/\/schema.org","@graph":[{"@type":"WebPage","@id":"https:\/\/sarmacjabedzin.pl\/index.php\/2022\/05\/28\/przegrana-w-rogozniku\/","url":"https:\/\/sarmacjabedzin.pl\/index.php\/2022\/05\/28\/przegrana-w-rogozniku\/","name":"Przegrana w Rogo\u017aniku | BKS Sarmacja B\u0119dzin","isPartOf":{"@id":"https:\/\/sarmacjabedzin.pl\/#website"},"primaryImageOfPage":{"@id":"https:\/\/sarmacjabedzin.pl\/index.php\/2022\/05\/28\/przegrana-w-rogozniku\/#primaryimage"},"image":{"@id":"https:\/\/sarmacjabedzin.pl\/index.php\/2022\/05\/28\/przegrana-w-rogozniku\/#primaryimage"},"thumbnailUrl":"https:\/\/sarmacjabedzin.pl\/wp-content\/uploads\/2022\/05\/Cyklon_Sarmacja.jpg","datePublished":"2022-05-28T19:40:49+00:00","author":{"@id":"https:\/\/sarmacjabedzin.pl\/#\/schema\/person\/5417ea7b03bcd9adf58298a2265ce03a"},"breadcrumb":{"@id":"https:\/\/sarmacjabedzin.pl\/index.php\/2022\/05\/28\/przegrana-w-rogozniku\/#breadcrumb"},"inLanguage":"pl-PL","potentialAction":[{"@type":"ReadAction","target":["https:\/\/sarmacjabedzin.pl\/index.php\/2022\/05\/28\/przegrana-w-rogozniku\/"]}]},{"@type":"ImageObject","inLanguage":"pl-PL","@id":"https:\/\/sarmacjabedzin.pl\/index.php\/2022\/05\/28\/przegrana-w-rogozniku\/#primaryimage","url":"https:\/\/sarmacjabedzin.pl\/wp-content\/uploads\/2022\/05\/Cyklon_Sarmacja.jpg","contentUrl":"https:\/\/sarmacjabedzin.pl\/wp-content\/uploads\/2022\/05\/Cyklon_Sarmacja.jpg","width":1920,"height":1080},{"@type":"BreadcrumbList","@id":"https:\/\/sarmacjabedzin.pl\/index.php\/2022\/05\/28\/przegrana-w-rogozniku\/#breadcrumb","itemListElement":[{"@type":"ListItem","position":1,"name":"Strona g\u0142\u00f3wna","item":"https:\/\/sarmacjabedzin.pl\/"},{"@type":"ListItem","position":2,"name":"Przegrana w Rogo\u017aniku"}]},{"@type":"WebSite","@id":"https:\/\/sarmacjabedzin.pl\/#website","url":"https:\/\/sarmacjabedzin.pl\/","name":"BKS Sarmacja B\u0119dzin \u2013 Nieoficjalny serwis","description":"Nieoficjalny serwis B\u0119dzi\u0144skiego Klubu Sportowego &quot;Sarmacja&quot;","potentialAction":[{"@type":"SearchAction","target":{"@type":"EntryPoint","urlTemplate":"https:\/\/sarmacjabedzin.pl\/?s={search_term_string}"},"query-input":{"@type":"PropertyValueSpecification","valueRequired":true,"valueName":"search_term_string"}}],"inLanguage":"pl-PL"},{"@type":"Person","@id":"https:\/\/sarmacjabedzin.pl\/#\/schema\/person\/5417ea7b03bcd9adf58298a2265ce03a","name":"tyrtak","image":{"@type":"ImageObject","inLanguage":"pl-PL","@id":"https:\/\/sarmacjabedzin.pl\/#\/schema\/person\/image\/","url":"https:\/\/secure.gravatar.com\/avatar\/49b7734c6795cf524710e96813a9fedc1ae3816e479d92490236b4cfc47a5ae1?s=96&d=mm&r=g","contentUrl":"https:\/\/secure.gravatar.com\/avatar\/49b7734c6795cf524710e96813a9fedc1ae3816e479d92490236b4cfc47a5ae1?s=96&d=mm&r=g","caption":"tyrtak"}}]}},"rttpg_featured_image_url":{"full":["https:\/\/sarmacjabedzin.pl\/wp-content\/uploads\/2022\/05\/Cyklon_Sarmacja.jpg",1920,1080,false],"landscape":["https:\/\/sarmacjabedzin.pl\/wp-content\/uploads\/2022\/05\/Cyklon_Sarmacja.jpg",1920,1080,false],"portraits":["https:\/\/sarmacjabedzin.pl\/wp-content\/uploads\/2022\/05\/Cyklon_Sarmacja.jpg",1920,1080,false],"thumbnail":["https:\/\/sarmacjabedzin.pl\/wp-content\/uploads\/2022\/05\/Cyklon_Sarmacja-150x150.jpg",150,150,true],"medium":["https:\/\/sarmacjabedzin.pl\/wp-content\/uploads\/2022\/05\/Cyklon_Sarmacja-300x169.jpg",300,169,true],"large":["https:\/\/sarmacjabedzin.pl\/wp-content\/uploads\/2022\/05\/Cyklon_Sarmacja-1024x576.jpg",1024,576,true],"1536x1536":["https:\/\/sarmacjabedzin.pl\/wp-content\/uploads\/2022\/05\/Cyklon_Sarmacja-1536x864.jpg",1536,864,true],"2048x2048":["https:\/\/sarmacjabedzin.pl\/wp-content\/uploads\/2022\/05\/Cyklon_Sarmacja.jpg",1920,1080,false],"sportspress-crop-medium":["https:\/\/sarmacjabedzin.pl\/wp-content\/uploads\/2022\/05\/Cyklon_Sarmacja-300x300.jpg",300,300,true],"sportspress-fit-medium":["https:\/\/sarmacjabedzin.pl\/wp-content\/uploads\/2022\/05\/Cyklon_Sarmacja-300x169.jpg",300,169,true],"sportspress-fit-icon":["https:\/\/sarmacjabedzin.pl\/wp-content\/uploads\/2022\/05\/Cyklon_Sarmacja-128x72.jpg",128,72,true],"sportspress-fit-mini":["https:\/\/sarmacjabedzin.pl\/wp-content\/uploads\/2022\/05\/Cyklon_Sarmacja-32x18.jpg",32,18,true],"ultp_layout_landscape_large":["https:\/\/sarmacjabedzin.pl\/wp-content\/uploads\/2022\/05\/Cyklon_Sarmacja-1200x800.jpg",1200,800,true],"ultp_layout_landscape":["https:\/\/sarmacjabedzin.pl\/wp-content\/uploads\/2022\/05\/Cyklon_Sarmacja-870x570.jpg",870,570,true],"ultp_layout_portrait":["https:\/\/sarmacjabedzin.pl\/wp-content\/uploads\/2022\/05\/Cyklon_Sarmacja-600x900.jpg",600,900,true],"ultp_layout_square":["https:\/\/sarmacjabedzin.pl\/wp-content\/uploads\/2022\/05\/Cyklon_Sarmacja-600x600.jpg",600,600,true],"stm-1140-666":["https:\/\/sarmacjabedzin.pl\/wp-content\/uploads\/2022\/05\/Cyklon_Sarmacja-1140x666.jpg",1140,666,true],"stm-1170-650":["https:\/\/sarmacjabedzin.pl\/wp-content\/uploads\/2022\/05\/Cyklon_Sarmacja-1170x650.jpg",1170,650,true],"stm-570-350":["https:\/\/sarmacjabedzin.pl\/wp-content\/uploads\/2022\/05\/Cyklon_Sarmacja-570x350.jpg",570,350,true],"stm-570-250":["https:\/\/sarmacjabedzin.pl\/wp-content\/uploads\/2022\/05\/Cyklon_Sarmacja-570x250.jpg",570,250,true],"stm-270-370":["https:\/\/sarmacjabedzin.pl\/wp-content\/uploads\/2022\/05\/Cyklon_Sarmacja-270x370.jpg",270,370,true],"stm-540-500":["https:\/\/sarmacjabedzin.pl\/wp-content\/uploads\/2022\/05\/Cyklon_Sarmacja-540x500.jpg",540,500,true],"stm-270-530":["https:\/\/sarmacjabedzin.pl\/wp-content\/uploads\/2022\/05\/Cyklon_Sarmacja-270x530.jpg",270,530,true],"stm-200-200":["https:\/\/sarmacjabedzin.pl\/wp-content\/uploads\/2022\/05\/Cyklon_Sarmacja-200x200.jpg",200,200,true],"stm-85-105":["https:\/\/sarmacjabedzin.pl\/wp-content\/uploads\/2022\/05\/Cyklon_Sarmacja-85x105.jpg",85,105,true],"stm-255-255":["https:\/\/sarmacjabedzin.pl\/wp-content\/uploads\/2022\/05\/Cyklon_Sarmacja-255x255.jpg",255,255,true],"stm-360-240":["https:\/\/sarmacjabedzin.pl\/wp-content\/uploads\/2022\/05\/Cyklon_Sarmacja-360x240.jpg",360,240,true],"stm-360-495":["https:\/\/sarmacjabedzin.pl\/wp-content\/uploads\/2022\/05\/Cyklon_Sarmacja-360x495.jpg",360,495,true],"stm-445-400":["https:\/\/sarmacjabedzin.pl\/wp-content\/uploads\/2022\/05\/Cyklon_Sarmacja-445x400.jpg",445,400,true],"stm-735-240":["https:\/\/sarmacjabedzin.pl\/wp-content\/uploads\/2022\/05\/Cyklon_Sarmacja-735x240.jpg",735,240,true],"stm-255-183":["https:\/\/sarmacjabedzin.pl\/wp-content\/uploads\/2022\/05\/Cyklon_Sarmacja-255x183.jpg",255,183,true],"stm-350-250":["https:\/\/sarmacjabedzin.pl\/wp-content\/uploads\/2022\/05\/Cyklon_Sarmacja-350x250.jpg",350,250,true],"blog_list":["https:\/\/sarmacjabedzin.pl\/wp-content\/uploads\/2022\/05\/Cyklon_Sarmacja-270x220.jpg",270,220,true],"blog_list_medium":["https:\/\/sarmacjabedzin.pl\/wp-content\/uploads\/2022\/05\/Cyklon_Sarmacja-390x345.jpg",390,345,true],"gallery_thumbnail":["https:\/\/sarmacjabedzin.pl\/wp-content\/uploads\/2022\/05\/Cyklon_Sarmacja-80x80.jpg",80,80,true],"gallery_image":["https:\/\/sarmacjabedzin.pl\/wp-content\/uploads\/2022\/05\/Cyklon_Sarmacja-560x367.jpg",560,367,true],"gallery_image_mini":["https:\/\/sarmacjabedzin.pl\/wp-content\/uploads\/2022\/05\/Cyklon_Sarmacja-143x116.jpg",143,116,true],"player_photo":["https:\/\/sarmacjabedzin.pl\/wp-content\/uploads\/2022\/05\/Cyklon_Sarmacja-740x740.jpg",740,740,true],"team_logo":["https:\/\/sarmacjabedzin.pl\/wp-content\/uploads\/2022\/05\/Cyklon_Sarmacja-98x55.jpg",98,55,true],"player_stat_ava":["https:\/\/sarmacjabedzin.pl\/wp-content\/uploads\/2022\/05\/Cyklon_Sarmacja-550x580.jpg",550,580,true],"post-350-220":["https:\/\/sarmacjabedzin.pl\/wp-content\/uploads\/2022\/05\/Cyklon_Sarmacja-350x220.jpg",350,220,true],"post-275-142":["https:\/\/sarmacjabedzin.pl\/wp-content\/uploads\/2022\/05\/Cyklon_Sarmacja-275x142.jpg",275,142,true],"post-160-120":["https:\/\/sarmacjabedzin.pl\/wp-content\/uploads\/2022\/05\/Cyklon_Sarmacja-160x120.jpg",160,120,true],"post-110-70":["https:\/\/sarmacjabedzin.pl\/wp-content\/uploads\/2022\/05\/Cyklon_Sarmacja-110x70.jpg",110,70,true],"post-770-450":["https:\/\/sarmacjabedzin.pl\/wp-content\/uploads\/2022\/05\/Cyklon_Sarmacja-770x450.jpg",770,450,true],"post-370-210":["https:\/\/sarmacjabedzin.pl\/wp-content\/uploads\/2022\/05\/Cyklon_Sarmacja-370x210.jpg",370,210,true],"post-457-470":["https:\/\/sarmacjabedzin.pl\/wp-content\/uploads\/2022\/05\/Cyklon_Sarmacja-457x470.jpg",457,470,true],"post-370-420":["https:\/\/sarmacjabedzin.pl\/wp-content\/uploads\/2022\/05\/Cyklon_Sarmacja-370x420.jpg",370,420,true],"stm-445-445":["https:\/\/sarmacjabedzin.pl\/wp-content\/uploads\/2022\/05\/Cyklon_Sarmacja-445x445.jpg",445,445,true],"stm-555-460":["https:\/\/sarmacjabedzin.pl\/wp-content\/uploads\/2022\/05\/Cyklon_Sarmacja-555x460.jpg",555,460,true],"stm-350-450":["https:\/\/sarmacjabedzin.pl\/wp-content\/uploads\/2022\/05\/Cyklon_Sarmacja-350x450.jpg",350,450,true],"stm-720-440":["https:\/\/sarmacjabedzin.pl\/wp-content\/uploads\/2022\/05\/Cyklon_Sarmacja-720x440.jpg",720,440,true],"stm-270-270":["https:\/\/sarmacjabedzin.pl\/wp-content\/uploads\/2022\/05\/Cyklon_Sarmacja-270x270.jpg",270,270,true],"stm-760-450":["https:\/\/sarmacjabedzin.pl\/wp-content\/uploads\/2022\/05\/Cyklon_Sarmacja-760x450.jpg",760,450,true]},"rttpg_author":{"display_name":"tyrtak","author_link":false},"rttpg_comment":0,"rttpg_category":"<a href=\"https:\/\/sarmacjabedzin.pl\/index.php\/category\/soccer\/\" rel=\"category tag\">Liga<\/a>","rttpg_excerpt":"Dnia 28.05.2022 roku o godz.17.00 Sarmacja B\u0119dzin na wyje\u017adzie zmierzy\u0142a si\u0119 z dru\u017cyn\u0105 Cyklon Rogo\u017anik. Gospodarze znajduj\u0105cy si\u0119 na 4 miejscu w tabeli zgromadzili do tej pory 59 punkt\u00f3w, natomiast b\u0119dzinianie z dorobkiem 41 oczek zajmuj\u0105 7 miejsce.&nbsp;W ostatniej kolejce ligowej Sarmaci ulegli przed w\u0142asn\u0105 publiczno\u015bci\u0105 rezerwie Zag\u0142\u0119bia Sosnowiec 0:6, natomiast rogo\u017aniczanie na wyje\u017adzie pokonali...","_links":{"self":[{"href":"https:\/\/sarmacjabedzin.pl\/index.php\/wp-json\/wp\/v2\/posts\/4835","targetHints":{"allow":["GET"]}}],"collection":[{"href":"https:\/\/sarmacjabedzin.pl\/index.php\/wp-json\/wp\/v2\/posts"}],"about":[{"href":"https:\/\/sarmacjabedzin.pl\/index.php\/wp-json\/wp\/v2\/types\/post"}],"author":[{"embeddable":true,"href":"https:\/\/sarmacjabedzin.pl\/index.php\/wp-json\/wp\/v2\/users\/1"}],"replies":[{"embeddable":true,"href":"https:\/\/sarmacjabedzin.pl\/index.php\/wp-json\/wp\/v2\/comments?post=4835"}],"version-history":[{"count":0,"href":"https:\/\/sarmacjabedzin.pl\/index.php\/wp-json\/wp\/v2\/posts\/4835\/revisions"}],"wp:featuredmedia":[{"embeddable":true,"href":"https:\/\/sarmacjabedzin.pl\/index.php\/wp-json\/wp\/v2\/media\/4836"}],"wp:attachment":[{"href":"https:\/\/sarmacjabedzin.pl\/index.php\/wp-json\/wp\/v2\/media?parent=4835"}],"wp:term":[{"taxonomy":"category","embeddable":true,"href":"https:\/\/sarmacjabedzin.pl\/index.php\/wp-json\/wp\/v2\/categories?post=4835"},{"taxonomy":"post_tag","embeddable":true,"href":"https:\/\/sarmacjabedzin.pl\/index.php\/wp-json\/wp\/v2\/tags?post=4835"}],"curies":[{"name":"wp","href":"https:\/\/api.w.org\/{rel}","templated":true}]}}