{"id":4888,"date":"2022-06-15T22:08:47","date_gmt":"2022-06-15T20:08:47","guid":{"rendered":"https:\/\/sarmacjabedzin.pl\/?p=4888"},"modified":"2022-06-15T22:08:47","modified_gmt":"2022-06-15T20:08:47","slug":"deklasacja-w-wielkich-derbach-bedzina","status":"publish","type":"post","link":"https:\/\/sarmacjabedzin.pl\/index.php\/2022\/06\/15\/deklasacja-w-wielkich-derbach-bedzina\/","title":{"rendered":"Deklasacja w Wielkich Derbach B\u0119dzina!"},"content":{"rendered":"<p class=\"p1\">Dnia 15.06.2022 roku o godz. 18.00 Sarmacja B\u0119dzin na w\u0142asnym stadionie zmierzy\u0142a si\u0119 w \u201eWielkich Derbach B\u0119dzina\u201d z broni\u0105cym si\u0119 przed spadkiem RKS-em Grodziec. Rywale znajduj\u0105cy si\u0119 na 15 miejscu w tabeli zgromadzili na swoim koncie 26 punkt\u00f3w, natomiast Sarmacja zajmuj\u0105ca 7 lokat\u0119 ma ich 47. W ostatniej kolejce ligowej b\u0119dzinianie na wyje\u017adzie pokonali, Niwy Brudzowice 2:1.<span class=\"Apple-converted-space\"> &nbsp;<\/span>RKS Grodziec przed w\u0142asn\u0105 publiczno\u015bci\u0105 uleg\u0142 dru\u017cynie MK Katowice 2:3. Jesieni\u0105 b\u0119dzinianie w Grod\u017acu, po emocjonuj\u0105cym pojedynku zremisowali 3:3. Wszystkie gole dla naszego zespo\u0142u zdoby\u0142 Marek G\u0142adkowski, kt\u00f3ry tym samym odnotowa\u0142 swojego \u201ehat-tricka\u201d. Celne trafienia dla RKS-u zaliczyli: 2xKrakowski oraz Wanatowicz. Sarmacja zwyci\u0119stwo straci\u0142a w 95 minucie, po doliczonym czasie gry.<\/p>\n<p class=\"p1\">Jak przysta\u0142o na \u201eWielkie Derby\u201d, na trybunach pojawi\u0142a si\u0119 wi\u0119ksza ilo\u015b\u0107 kibic\u00f3w oczekuj\u0105cych ciekawego i emocjonuj\u0105cego widowiska.<br \/>\nPierwszy strza\u0142 na bramk\u0119 rywala Sarmaci oddali w 9 minucie. Wtedy to zbyt lekkie uderzenie Karola G\u00f3rala nie zaskoczy\u0142o golkipera RKS-u.<br \/>\nNa kolejny strza\u0142 czekali\u015bmy do 16 minuty, kiedy to Marek G\u0142adkowski uderzeniem z dystansu pos\u0142a\u0142 futbol\u00f3wk\u0119 tu\u017c nad poprzeczk\u0105 przeciwnika.<br \/>\nDopiero w 20 minucie swoj\u0105 przewag\u0119, Sarmaci udokumentowali celnym trafieniem. Nasz najlepszy snajper Marek Kocot kapitalnie zgubi\u0142 zwodem dw\u00f3ch obro\u0144c\u00f3w rywala, a nast\u0119pnie pos\u0142a\u0142 pi\u0142k\u0119 do siatki. Bramkarz by\u0142 bez szans przy jego precyzyjnym uderzeniu tu\u017c przy s\u0142upku. Prowadzenie gospodarzy wprowadzi\u0142o lekkie uspokojenie gry.<br \/>\nW 24 i 26 minucie pokaza\u0142 si\u0119 Klaudiusz Ku\u0142aga, kt\u00f3ry najpierw pos\u0142a\u0142 futbol\u00f3wk\u0119 nad poprzeczk\u0105, a potem z wolnego tu\u017c przy s\u0142upku.<br \/>\nW 35 minucie miejscowi powinni prowadzi\u0107 ju\u017c 2:0. \u015awietne podanie z lewej strony boiska od Karola G\u00f3rala otrzyma\u0142 Marek G\u0142adkowski. Niestety z bliskiej odleg\u0142o\u015bci odda\u0142 bardzo lekki strza\u0142 wprost w bramkarza.<br \/>\nChwil\u0119 potem go\u015bcie zaliczyli pierwsze uderzenie na nasz\u0105 bramk\u0119, jednak pi\u0142ka poszybowa\u0142a wysoko nad ni\u0105.<br \/>\nKilkana\u015bcie sekund p\u00f3\u017aniej Piotr Samborski odda\u0142 soczyste uderzenie, kt\u00f3re z trudem golkiper przyjezdnych wybi\u0142 na r\u00f3g.<br \/>\nJeszcze w 45 minucie Klaudiusz Ku\u0142aga przegra\u0142 pojedynek z bramkarzem RKS-u. Do przerwy Sarmacja prowadzi\u0142a 1:0. Z dotychczasowego przebiegu gry by\u0142 to bardzo skromny wynik, kt\u00f3ry powinien by\u0107 o wiele wi\u0119kszy. Go\u015bcie wci\u0105\u017c mieli nadziej\u0119 na odwr\u00f3cenie los\u00f3w tego spotkania. Broni\u0105c si\u0119 przed spadkiem, pr\u00f3bowali nawi\u0105za\u0107 r\u00f3wn\u0105 gr\u0119 z naszym zespo\u0142em, lecz to nie by\u0142o dzi\u015b \u0142atwe dla nich zadanie. Miejscowi nastawieni na kolejn\u0105 zdobycz punktow\u0105 wci\u0105\u017c szukali kolejnych okazji na podwy\u017cszenie wyniku.<span class=\"Apple-converted-space\">&nbsp;<\/span><\/p>\n<p class=\"p1\">W 46 i 55 minucie zn\u00f3w w roli g\u0142\u00f3wnej pokaza\u0142 si\u0119 Klaudiusz Ku\u0142aga. Za pierwszym razem odda\u0142 niecelny strza\u0142, a drugim bramkarz go\u015bci zdo\u0142a\u0142 wybi\u0107 pi\u0142k\u0119 na r\u00f3g.<br \/>\nWreszcie w 55 minucie miejscowi prowadzili 2:0. Silny strza\u0142 z rzutu wolnego Marka Kocota, bramkarz RKS-u zdo\u0142a\u0142 wybi\u0107 przed siebie. Do pi\u0142ki jednak doskoczy\u0142 Piotr Samborski, a chwil\u0119 potem ta wyl\u0105dowa\u0142a w siatce.<br \/>\nW 61 minucie bardzo aktywny w tym spotkaniu Klaudiusz Ku\u0142aga by\u0142 bliski podwy\u017cszenia rezultatu na 3:0. Niestety na drodze do szcz\u0119\u015bcia stan\u0105\u0142 s\u0142upek.<br \/>\nSze\u015b\u0107 minut p\u00f3\u017aniej ten sam zawodnik kapitalnie obs\u0142u\u017cy\u0142 Krystiana Duda\u0142\u0119, kt\u00f3ry w polu karnym rywala zachowa\u0142 si\u0119 jak rasowy snajper i wpakowa\u0142 futbol\u00f3wk\u0119 do siatki. Sarmacja prowadzi\u0142a 3:0, odbieraj\u0105c tym samym rywalom nadziej\u0119 na punkty w tym pojedynku.<br \/>\nW 71 minucie Klaudiusz Ku\u0142aga trafi\u0142 pi\u0142k\u0105 wprost w bramkarza.<br \/>\nW 76 minucie rozp\u0119dzony praw\u0105 stron\u0105 boiska \u0141ukasz \u017bmuda, zagra\u0142 futbol\u00f3wk\u0119 po ziemi do nadbiegaj\u0105cego Piotra Samborskiego. Ten bez problemu podwy\u017cszy\u0142 rezultat na 4:0.<br \/>\nW ostatniej regulaminowej minucie gry b\u0119dzinianie zdo\u0142ali jeszcze dobi\u0107 swojego rywala. Do rzutu wolnego podszed\u0142 Piotr Samborski, kt\u00f3ry silnym uderzeniem zdoby\u0142 swojego trzeciego gola. Tym samym zaliczy\u0142 klasycznego \u201ehat-tricka\u201d. Gratulujemy kapitalnego instynktu strzeleckiego.<br \/>\nOstatecznie Sarmacja B\u0119dzin w \u201eWielkich Derbach B\u0119dzina\u201d, sprawiaj\u0105c swoim kibicom ogromn\u0105 rado\u015b\u0107, zdeklasowa\u0142a dru\u017cyn\u0119 RKSu Grodziec 5:0 (1:0). Brawa dla trenera oraz ca\u0142ego zespo\u0142u. Zwyci\u0119stwo w tak \u201epresti\u017cowym\u201d pojedynku zawsze smakuje podw\u00f3jnie. Po pora\u017cce w tym spotkaniu sytuacja rywala \u201ezza miedzy\u201d jest ju\u017c bardzo powa\u017cna.<\/p>\n<p class=\"p1\">Dzi\u015b b\u0119dzinianie zapewnili ju\u017c sobie 7 miejsce w tabeli na koniec sezonu 2021\/2022. Szanse na 6 lokat\u0119 s\u0105 ju\u017c tylko matematyczne. Potrzebujemy dw\u00f3ch zwyci\u0119stw, przy dw\u00f3ch pora\u017ckach CKS Czelad\u017a. Mimo to, dop\u00f3ki pi\u0142ka w grze wszystko si\u0119 mo\u017ce zdarzy\u0107. Podopieczni trenera Janusza I\u0142czyka wci\u0105\u017c walcz\u0105 o jak najwi\u0119ksz\u0105 ilo\u015b\u0107 punktow\u0105. Przed nimi jeszcze dwa mecze ligowe. Ju\u017c w najbli\u017csz\u0105 sobot\u0119 zmierz\u0105 si\u0119 na wyje\u017adzie z rezerwami GKS-u Katowice, a na koniec u siebie podejm\u0105 G\u00f3rnik Wojkowice.<\/p>\n<p class=\"p1\"><strong>Sarmacja B\u0119dzin \u2013 RKS Grodziec 5:0 (1:0)<\/strong><\/p>\n<p class=\"p1\"><strong>Bramki:<\/strong><br \/>\n20&#8242; Kocot<br \/>\n58&#8242;, 76&#8242;, 90&#8242; Samborski<br \/>\n67&#8242; Duda\u0142a<\/p>\n<p class=\"p1\"><strong>\u017b\u00f3\u0142te kartki:<br \/>\n<\/strong>74&#8242; Samborski<br \/>\n84&#8242; \u017bmuda<\/p>\n<p class=\"p1\"><strong>Sarmacja B\u0119dzin:<\/strong> Koz\u0142owski, Dul (65&#8242; \u017bmuda), Majka (77&#8242; Ba\u0142a), Duda\u0142a, Ignalski, Ku\u0142aga, Kulesza, Samborski, G\u0142adkowski, G\u00f3ral (77&#8242; Wrzal-Kosowski), Kocot (76&#8242; Maj). Trener Janusz I\u0142czyk.<\/p>\n","protected":false},"excerpt":{"rendered":"<p>Dnia 15.06.2022 roku o godz. 18.00 Sarmacja B\u0119dzin na w\u0142asnym stadionie zmierzy\u0142a si\u0119 w \u201eWielkich Derbach B\u0119dzina\u201d z broni\u0105cym si\u0119 przed spadkiem RKS-em Grodziec. Rywale znajduj\u0105cy si\u0119 na 15 miejscu w tabeli zgromadzili na swoim koncie 26 punkt\u00f3w, natomiast Sarmacja zajmuj\u0105ca 7 lokat\u0119 ma ich 47. W ostatniej kolejce ligowej b\u0119dzinianie na wyje\u017adzie pokonali, Niwy&#8230;<\/p>\n","protected":false},"author":1,"featured_media":4886,"comment_status":"closed","ping_status":"closed","sticky":false,"template":"","format":"standard","meta":{"footnotes":""},"categories":[64],"tags":[],"class_list":["post-4888","post","type-post","status-publish","format-standard","has-post-thumbnail","hentry","category-soccer"],"yoast_head":"<!-- This site is optimized with the Yoast SEO plugin v25.8 - https:\/\/yoast.com\/wordpress\/plugins\/seo\/ -->\n<title>Deklasacja w Wielkich Derbach B\u0119dzina! | BKS Sarmacja B\u0119dzin<\/title>\n<meta name=\"robots\" content=\"index, follow, max-snippet:-1, max-image-preview:large, max-video-preview:-1\" \/>\n<link rel=\"canonical\" href=\"https:\/\/sarmacjabedzin.pl\/index.php\/2022\/06\/15\/deklasacja-w-wielkich-derbach-bedzina\/\" \/>\n<meta property=\"og:locale\" content=\"pl_PL\" \/>\n<meta property=\"og:type\" content=\"article\" \/>\n<meta property=\"og:title\" content=\"Deklasacja w Wielkich Derbach B\u0119dzina! | BKS Sarmacja B\u0119dzin\" \/>\n<meta property=\"og:description\" content=\"Dnia 15.06.2022 roku o godz. 18.00 Sarmacja B\u0119dzin na w\u0142asnym stadionie zmierzy\u0142a si\u0119 w \u201eWielkich Derbach B\u0119dzina\u201d z broni\u0105cym si\u0119 przed spadkiem RKS-em Grodziec. Rywale znajduj\u0105cy si\u0119 na 15 miejscu w tabeli zgromadzili na swoim koncie 26 punkt\u00f3w, natomiast Sarmacja zajmuj\u0105ca 7 lokat\u0119 ma ich 47. W ostatniej kolejce ligowej b\u0119dzinianie na wyje\u017adzie pokonali, Niwy...\" \/>\n<meta property=\"og:url\" content=\"https:\/\/sarmacjabedzin.pl\/index.php\/2022\/06\/15\/deklasacja-w-wielkich-derbach-bedzina\/\" \/>\n<meta property=\"og:site_name\" content=\"BKS Sarmacja B\u0119dzin\" \/>\n<meta property=\"article:publisher\" content=\"https:\/\/www.facebook.com\/SarmacjaBedzin\" \/>\n<meta property=\"article:published_time\" content=\"2022-06-15T20:08:47+00:00\" \/>\n<meta property=\"og:image\" content=\"https:\/\/sarmacjabedzin.pl\/wp-content\/uploads\/2022\/06\/RKS_Grodziec_5_0.jpg\" \/>\n\t<meta property=\"og:image:width\" content=\"1920\" \/>\n\t<meta property=\"og:image:height\" content=\"1080\" \/>\n\t<meta property=\"og:image:type\" content=\"image\/jpeg\" \/>\n<meta name=\"author\" content=\"tyrtak\" \/>\n<meta name=\"twitter:card\" content=\"summary_large_image\" \/>\n<meta name=\"twitter:label1\" content=\"Napisane przez\" \/>\n\t<meta name=\"twitter:data1\" content=\"tyrtak\" \/>\n\t<meta name=\"twitter:label2\" content=\"Szacowany czas czytania\" \/>\n\t<meta name=\"twitter:data2\" content=\"4 minuty\" \/>\n<script type=\"application\/ld+json\" class=\"yoast-schema-graph\">{\"@context\":\"https:\/\/schema.org\",\"@graph\":[{\"@type\":\"WebPage\",\"@id\":\"https:\/\/sarmacjabedzin.pl\/index.php\/2022\/06\/15\/deklasacja-w-wielkich-derbach-bedzina\/\",\"url\":\"https:\/\/sarmacjabedzin.pl\/index.php\/2022\/06\/15\/deklasacja-w-wielkich-derbach-bedzina\/\",\"name\":\"Deklasacja w Wielkich Derbach B\u0119dzina! | BKS Sarmacja B\u0119dzin\",\"isPartOf\":{\"@id\":\"https:\/\/sarmacjabedzin.pl\/#website\"},\"primaryImageOfPage\":{\"@id\":\"https:\/\/sarmacjabedzin.pl\/index.php\/2022\/06\/15\/deklasacja-w-wielkich-derbach-bedzina\/#primaryimage\"},\"image\":{\"@id\":\"https:\/\/sarmacjabedzin.pl\/index.php\/2022\/06\/15\/deklasacja-w-wielkich-derbach-bedzina\/#primaryimage\"},\"thumbnailUrl\":\"https:\/\/sarmacjabedzin.pl\/wp-content\/uploads\/2022\/06\/RKS_Grodziec_5_0.jpg\",\"datePublished\":\"2022-06-15T20:08:47+00:00\",\"author\":{\"@id\":\"https:\/\/sarmacjabedzin.pl\/#\/schema\/person\/5417ea7b03bcd9adf58298a2265ce03a\"},\"breadcrumb\":{\"@id\":\"https:\/\/sarmacjabedzin.pl\/index.php\/2022\/06\/15\/deklasacja-w-wielkich-derbach-bedzina\/#breadcrumb\"},\"inLanguage\":\"pl-PL\",\"potentialAction\":[{\"@type\":\"ReadAction\",\"target\":[\"https:\/\/sarmacjabedzin.pl\/index.php\/2022\/06\/15\/deklasacja-w-wielkich-derbach-bedzina\/\"]}]},{\"@type\":\"ImageObject\",\"inLanguage\":\"pl-PL\",\"@id\":\"https:\/\/sarmacjabedzin.pl\/index.php\/2022\/06\/15\/deklasacja-w-wielkich-derbach-bedzina\/#primaryimage\",\"url\":\"https:\/\/sarmacjabedzin.pl\/wp-content\/uploads\/2022\/06\/RKS_Grodziec_5_0.jpg\",\"contentUrl\":\"https:\/\/sarmacjabedzin.pl\/wp-content\/uploads\/2022\/06\/RKS_Grodziec_5_0.jpg\",\"width\":1920,\"height\":1080},{\"@type\":\"BreadcrumbList\",\"@id\":\"https:\/\/sarmacjabedzin.pl\/index.php\/2022\/06\/15\/deklasacja-w-wielkich-derbach-bedzina\/#breadcrumb\",\"itemListElement\":[{\"@type\":\"ListItem\",\"position\":1,\"name\":\"Strona g\u0142\u00f3wna\",\"item\":\"https:\/\/sarmacjabedzin.pl\/\"},{\"@type\":\"ListItem\",\"position\":2,\"name\":\"Deklasacja w Wielkich Derbach B\u0119dzina!\"}]},{\"@type\":\"WebSite\",\"@id\":\"https:\/\/sarmacjabedzin.pl\/#website\",\"url\":\"https:\/\/sarmacjabedzin.pl\/\",\"name\":\"BKS Sarmacja B\u0119dzin \u2013 Nieoficjalny serwis\",\"description\":\"Nieoficjalny serwis B\u0119dzi\u0144skiego Klubu Sportowego &quot;Sarmacja&quot;\",\"potentialAction\":[{\"@type\":\"SearchAction\",\"target\":{\"@type\":\"EntryPoint\",\"urlTemplate\":\"https:\/\/sarmacjabedzin.pl\/?s={search_term_string}\"},\"query-input\":{\"@type\":\"PropertyValueSpecification\",\"valueRequired\":true,\"valueName\":\"search_term_string\"}}],\"inLanguage\":\"pl-PL\"},{\"@type\":\"Person\",\"@id\":\"https:\/\/sarmacjabedzin.pl\/#\/schema\/person\/5417ea7b03bcd9adf58298a2265ce03a\",\"name\":\"tyrtak\",\"image\":{\"@type\":\"ImageObject\",\"inLanguage\":\"pl-PL\",\"@id\":\"https:\/\/sarmacjabedzin.pl\/#\/schema\/person\/image\/\",\"url\":\"https:\/\/secure.gravatar.com\/avatar\/49b7734c6795cf524710e96813a9fedc1ae3816e479d92490236b4cfc47a5ae1?s=96&d=mm&r=g\",\"contentUrl\":\"https:\/\/secure.gravatar.com\/avatar\/49b7734c6795cf524710e96813a9fedc1ae3816e479d92490236b4cfc47a5ae1?s=96&d=mm&r=g\",\"caption\":\"tyrtak\"}}]}<\/script>\n<!-- \/ Yoast SEO plugin. -->","yoast_head_json":{"title":"Deklasacja w Wielkich Derbach B\u0119dzina! | BKS Sarmacja B\u0119dzin","robots":{"index":"index","follow":"follow","max-snippet":"max-snippet:-1","max-image-preview":"max-image-preview:large","max-video-preview":"max-video-preview:-1"},"canonical":"https:\/\/sarmacjabedzin.pl\/index.php\/2022\/06\/15\/deklasacja-w-wielkich-derbach-bedzina\/","og_locale":"pl_PL","og_type":"article","og_title":"Deklasacja w Wielkich Derbach B\u0119dzina! | BKS Sarmacja B\u0119dzin","og_description":"Dnia 15.06.2022 roku o godz. 18.00 Sarmacja B\u0119dzin na w\u0142asnym stadionie zmierzy\u0142a si\u0119 w \u201eWielkich Derbach B\u0119dzina\u201d z broni\u0105cym si\u0119 przed spadkiem RKS-em Grodziec. Rywale znajduj\u0105cy si\u0119 na 15 miejscu w tabeli zgromadzili na swoim koncie 26 punkt\u00f3w, natomiast Sarmacja zajmuj\u0105ca 7 lokat\u0119 ma ich 47. W ostatniej kolejce ligowej b\u0119dzinianie na wyje\u017adzie pokonali, Niwy...","og_url":"https:\/\/sarmacjabedzin.pl\/index.php\/2022\/06\/15\/deklasacja-w-wielkich-derbach-bedzina\/","og_site_name":"BKS Sarmacja B\u0119dzin","article_publisher":"https:\/\/www.facebook.com\/SarmacjaBedzin","article_published_time":"2022-06-15T20:08:47+00:00","og_image":[{"width":1920,"height":1080,"url":"https:\/\/sarmacjabedzin.pl\/wp-content\/uploads\/2022\/06\/RKS_Grodziec_5_0.jpg","type":"image\/jpeg"}],"author":"tyrtak","twitter_card":"summary_large_image","twitter_misc":{"Napisane przez":"tyrtak","Szacowany czas czytania":"4 minuty"},"schema":{"@context":"https:\/\/schema.org","@graph":[{"@type":"WebPage","@id":"https:\/\/sarmacjabedzin.pl\/index.php\/2022\/06\/15\/deklasacja-w-wielkich-derbach-bedzina\/","url":"https:\/\/sarmacjabedzin.pl\/index.php\/2022\/06\/15\/deklasacja-w-wielkich-derbach-bedzina\/","name":"Deklasacja w Wielkich Derbach B\u0119dzina! | BKS Sarmacja B\u0119dzin","isPartOf":{"@id":"https:\/\/sarmacjabedzin.pl\/#website"},"primaryImageOfPage":{"@id":"https:\/\/sarmacjabedzin.pl\/index.php\/2022\/06\/15\/deklasacja-w-wielkich-derbach-bedzina\/#primaryimage"},"image":{"@id":"https:\/\/sarmacjabedzin.pl\/index.php\/2022\/06\/15\/deklasacja-w-wielkich-derbach-bedzina\/#primaryimage"},"thumbnailUrl":"https:\/\/sarmacjabedzin.pl\/wp-content\/uploads\/2022\/06\/RKS_Grodziec_5_0.jpg","datePublished":"2022-06-15T20:08:47+00:00","author":{"@id":"https:\/\/sarmacjabedzin.pl\/#\/schema\/person\/5417ea7b03bcd9adf58298a2265ce03a"},"breadcrumb":{"@id":"https:\/\/sarmacjabedzin.pl\/index.php\/2022\/06\/15\/deklasacja-w-wielkich-derbach-bedzina\/#breadcrumb"},"inLanguage":"pl-PL","potentialAction":[{"@type":"ReadAction","target":["https:\/\/sarmacjabedzin.pl\/index.php\/2022\/06\/15\/deklasacja-w-wielkich-derbach-bedzina\/"]}]},{"@type":"ImageObject","inLanguage":"pl-PL","@id":"https:\/\/sarmacjabedzin.pl\/index.php\/2022\/06\/15\/deklasacja-w-wielkich-derbach-bedzina\/#primaryimage","url":"https:\/\/sarmacjabedzin.pl\/wp-content\/uploads\/2022\/06\/RKS_Grodziec_5_0.jpg","contentUrl":"https:\/\/sarmacjabedzin.pl\/wp-content\/uploads\/2022\/06\/RKS_Grodziec_5_0.jpg","width":1920,"height":1080},{"@type":"BreadcrumbList","@id":"https:\/\/sarmacjabedzin.pl\/index.php\/2022\/06\/15\/deklasacja-w-wielkich-derbach-bedzina\/#breadcrumb","itemListElement":[{"@type":"ListItem","position":1,"name":"Strona g\u0142\u00f3wna","item":"https:\/\/sarmacjabedzin.pl\/"},{"@type":"ListItem","position":2,"name":"Deklasacja w Wielkich Derbach B\u0119dzina!"}]},{"@type":"WebSite","@id":"https:\/\/sarmacjabedzin.pl\/#website","url":"https:\/\/sarmacjabedzin.pl\/","name":"BKS Sarmacja B\u0119dzin \u2013 Nieoficjalny serwis","description":"Nieoficjalny serwis B\u0119dzi\u0144skiego Klubu Sportowego &quot;Sarmacja&quot;","potentialAction":[{"@type":"SearchAction","target":{"@type":"EntryPoint","urlTemplate":"https:\/\/sarmacjabedzin.pl\/?s={search_term_string}"},"query-input":{"@type":"PropertyValueSpecification","valueRequired":true,"valueName":"search_term_string"}}],"inLanguage":"pl-PL"},{"@type":"Person","@id":"https:\/\/sarmacjabedzin.pl\/#\/schema\/person\/5417ea7b03bcd9adf58298a2265ce03a","name":"tyrtak","image":{"@type":"ImageObject","inLanguage":"pl-PL","@id":"https:\/\/sarmacjabedzin.pl\/#\/schema\/person\/image\/","url":"https:\/\/secure.gravatar.com\/avatar\/49b7734c6795cf524710e96813a9fedc1ae3816e479d92490236b4cfc47a5ae1?s=96&d=mm&r=g","contentUrl":"https:\/\/secure.gravatar.com\/avatar\/49b7734c6795cf524710e96813a9fedc1ae3816e479d92490236b4cfc47a5ae1?s=96&d=mm&r=g","caption":"tyrtak"}}]}},"rttpg_featured_image_url":{"full":["https:\/\/sarmacjabedzin.pl\/wp-content\/uploads\/2022\/06\/RKS_Grodziec_5_0.jpg",1920,1080,false],"landscape":["https:\/\/sarmacjabedzin.pl\/wp-content\/uploads\/2022\/06\/RKS_Grodziec_5_0.jpg",1920,1080,false],"portraits":["https:\/\/sarmacjabedzin.pl\/wp-content\/uploads\/2022\/06\/RKS_Grodziec_5_0.jpg",1920,1080,false],"thumbnail":["https:\/\/sarmacjabedzin.pl\/wp-content\/uploads\/2022\/06\/RKS_Grodziec_5_0-150x150.jpg",150,150,true],"medium":["https:\/\/sarmacjabedzin.pl\/wp-content\/uploads\/2022\/06\/RKS_Grodziec_5_0-300x169.jpg",300,169,true],"large":["https:\/\/sarmacjabedzin.pl\/wp-content\/uploads\/2022\/06\/RKS_Grodziec_5_0-1024x576.jpg",1024,576,true],"1536x1536":["https:\/\/sarmacjabedzin.pl\/wp-content\/uploads\/2022\/06\/RKS_Grodziec_5_0-1536x864.jpg",1536,864,true],"2048x2048":["https:\/\/sarmacjabedzin.pl\/wp-content\/uploads\/2022\/06\/RKS_Grodziec_5_0.jpg",1920,1080,false],"sportspress-crop-medium":["https:\/\/sarmacjabedzin.pl\/wp-content\/uploads\/2022\/06\/RKS_Grodziec_5_0-300x300.jpg",300,300,true],"sportspress-fit-medium":["https:\/\/sarmacjabedzin.pl\/wp-content\/uploads\/2022\/06\/RKS_Grodziec_5_0-300x169.jpg",300,169,true],"sportspress-fit-icon":["https:\/\/sarmacjabedzin.pl\/wp-content\/uploads\/2022\/06\/RKS_Grodziec_5_0-128x72.jpg",128,72,true],"sportspress-fit-mini":["https:\/\/sarmacjabedzin.pl\/wp-content\/uploads\/2022\/06\/RKS_Grodziec_5_0-32x18.jpg",32,18,true],"ultp_layout_landscape_large":["https:\/\/sarmacjabedzin.pl\/wp-content\/uploads\/2022\/06\/RKS_Grodziec_5_0-1200x800.jpg",1200,800,true],"ultp_layout_landscape":["https:\/\/sarmacjabedzin.pl\/wp-content\/uploads\/2022\/06\/RKS_Grodziec_5_0-870x570.jpg",870,570,true],"ultp_layout_portrait":["https:\/\/sarmacjabedzin.pl\/wp-content\/uploads\/2022\/06\/RKS_Grodziec_5_0-600x900.jpg",600,900,true],"ultp_layout_square":["https:\/\/sarmacjabedzin.pl\/wp-content\/uploads\/2022\/06\/RKS_Grodziec_5_0-600x600.jpg",600,600,true],"stm-1140-666":["https:\/\/sarmacjabedzin.pl\/wp-content\/uploads\/2022\/06\/RKS_Grodziec_5_0-1140x666.jpg",1140,666,true],"stm-1170-650":["https:\/\/sarmacjabedzin.pl\/wp-content\/uploads\/2022\/06\/RKS_Grodziec_5_0-1170x650.jpg",1170,650,true],"stm-570-350":["https:\/\/sarmacjabedzin.pl\/wp-content\/uploads\/2022\/06\/RKS_Grodziec_5_0-570x350.jpg",570,350,true],"stm-570-250":["https:\/\/sarmacjabedzin.pl\/wp-content\/uploads\/2022\/06\/RKS_Grodziec_5_0-570x250.jpg",570,250,true],"stm-270-370":["https:\/\/sarmacjabedzin.pl\/wp-content\/uploads\/2022\/06\/RKS_Grodziec_5_0-270x370.jpg",270,370,true],"stm-540-500":["https:\/\/sarmacjabedzin.pl\/wp-content\/uploads\/2022\/06\/RKS_Grodziec_5_0-540x500.jpg",540,500,true],"stm-270-530":["https:\/\/sarmacjabedzin.pl\/wp-content\/uploads\/2022\/06\/RKS_Grodziec_5_0-270x530.jpg",270,530,true],"stm-200-200":["https:\/\/sarmacjabedzin.pl\/wp-content\/uploads\/2022\/06\/RKS_Grodziec_5_0-200x200.jpg",200,200,true],"stm-85-105":["https:\/\/sarmacjabedzin.pl\/wp-content\/uploads\/2022\/06\/RKS_Grodziec_5_0-85x105.jpg",85,105,true],"stm-255-255":["https:\/\/sarmacjabedzin.pl\/wp-content\/uploads\/2022\/06\/RKS_Grodziec_5_0-255x255.jpg",255,255,true],"stm-360-240":["https:\/\/sarmacjabedzin.pl\/wp-content\/uploads\/2022\/06\/RKS_Grodziec_5_0-360x240.jpg",360,240,true],"stm-360-495":["https:\/\/sarmacjabedzin.pl\/wp-content\/uploads\/2022\/06\/RKS_Grodziec_5_0-360x495.jpg",360,495,true],"stm-445-400":["https:\/\/sarmacjabedzin.pl\/wp-content\/uploads\/2022\/06\/RKS_Grodziec_5_0-445x400.jpg",445,400,true],"stm-735-240":["https:\/\/sarmacjabedzin.pl\/wp-content\/uploads\/2022\/06\/RKS_Grodziec_5_0-735x240.jpg",735,240,true],"stm-255-183":["https:\/\/sarmacjabedzin.pl\/wp-content\/uploads\/2022\/06\/RKS_Grodziec_5_0-255x183.jpg",255,183,true],"stm-350-250":["https:\/\/sarmacjabedzin.pl\/wp-content\/uploads\/2022\/06\/RKS_Grodziec_5_0-350x250.jpg",350,250,true],"blog_list":["https:\/\/sarmacjabedzin.pl\/wp-content\/uploads\/2022\/06\/RKS_Grodziec_5_0-270x220.jpg",270,220,true],"blog_list_medium":["https:\/\/sarmacjabedzin.pl\/wp-content\/uploads\/2022\/06\/RKS_Grodziec_5_0-390x345.jpg",390,345,true],"gallery_thumbnail":["https:\/\/sarmacjabedzin.pl\/wp-content\/uploads\/2022\/06\/RKS_Grodziec_5_0-80x80.jpg",80,80,true],"gallery_image":["https:\/\/sarmacjabedzin.pl\/wp-content\/uploads\/2022\/06\/RKS_Grodziec_5_0-560x367.jpg",560,367,true],"gallery_image_mini":["https:\/\/sarmacjabedzin.pl\/wp-content\/uploads\/2022\/06\/RKS_Grodziec_5_0-143x116.jpg",143,116,true],"player_photo":["https:\/\/sarmacjabedzin.pl\/wp-content\/uploads\/2022\/06\/RKS_Grodziec_5_0-740x740.jpg",740,740,true],"team_logo":["https:\/\/sarmacjabedzin.pl\/wp-content\/uploads\/2022\/06\/RKS_Grodziec_5_0-98x55.jpg",98,55,true],"player_stat_ava":["https:\/\/sarmacjabedzin.pl\/wp-content\/uploads\/2022\/06\/RKS_Grodziec_5_0-550x580.jpg",550,580,true],"post-350-220":["https:\/\/sarmacjabedzin.pl\/wp-content\/uploads\/2022\/06\/RKS_Grodziec_5_0-350x220.jpg",350,220,true],"post-275-142":["https:\/\/sarmacjabedzin.pl\/wp-content\/uploads\/2022\/06\/RKS_Grodziec_5_0-275x142.jpg",275,142,true],"post-160-120":["https:\/\/sarmacjabedzin.pl\/wp-content\/uploads\/2022\/06\/RKS_Grodziec_5_0-160x120.jpg",160,120,true],"post-110-70":["https:\/\/sarmacjabedzin.pl\/wp-content\/uploads\/2022\/06\/RKS_Grodziec_5_0-110x70.jpg",110,70,true],"post-770-450":["https:\/\/sarmacjabedzin.pl\/wp-content\/uploads\/2022\/06\/RKS_Grodziec_5_0-770x450.jpg",770,450,true],"post-370-210":["https:\/\/sarmacjabedzin.pl\/wp-content\/uploads\/2022\/06\/RKS_Grodziec_5_0-370x210.jpg",370,210,true],"post-457-470":["https:\/\/sarmacjabedzin.pl\/wp-content\/uploads\/2022\/06\/RKS_Grodziec_5_0-457x470.jpg",457,470,true],"post-370-420":["https:\/\/sarmacjabedzin.pl\/wp-content\/uploads\/2022\/06\/RKS_Grodziec_5_0-370x420.jpg",370,420,true],"stm-445-445":["https:\/\/sarmacjabedzin.pl\/wp-content\/uploads\/2022\/06\/RKS_Grodziec_5_0-445x445.jpg",445,445,true],"stm-555-460":["https:\/\/sarmacjabedzin.pl\/wp-content\/uploads\/2022\/06\/RKS_Grodziec_5_0-555x460.jpg",555,460,true],"stm-350-450":["https:\/\/sarmacjabedzin.pl\/wp-content\/uploads\/2022\/06\/RKS_Grodziec_5_0-350x450.jpg",350,450,true],"stm-720-440":["https:\/\/sarmacjabedzin.pl\/wp-content\/uploads\/2022\/06\/RKS_Grodziec_5_0-720x440.jpg",720,440,true],"stm-270-270":["https:\/\/sarmacjabedzin.pl\/wp-content\/uploads\/2022\/06\/RKS_Grodziec_5_0-270x270.jpg",270,270,true],"stm-760-450":["https:\/\/sarmacjabedzin.pl\/wp-content\/uploads\/2022\/06\/RKS_Grodziec_5_0-760x450.jpg",760,450,true]},"rttpg_author":{"display_name":"tyrtak","author_link":false},"rttpg_comment":0,"rttpg_category":"<a href=\"https:\/\/sarmacjabedzin.pl\/index.php\/category\/soccer\/\" rel=\"category tag\">Liga<\/a>","rttpg_excerpt":"Dnia 15.06.2022 roku o godz. 18.00 Sarmacja B\u0119dzin na w\u0142asnym stadionie zmierzy\u0142a si\u0119 w \u201eWielkich Derbach B\u0119dzina\u201d z broni\u0105cym si\u0119 przed spadkiem RKS-em Grodziec. Rywale znajduj\u0105cy si\u0119 na 15 miejscu w tabeli zgromadzili na swoim koncie 26 punkt\u00f3w, natomiast Sarmacja zajmuj\u0105ca 7 lokat\u0119 ma ich 47. W ostatniej kolejce ligowej b\u0119dzinianie na wyje\u017adzie pokonali, Niwy...","_links":{"self":[{"href":"https:\/\/sarmacjabedzin.pl\/index.php\/wp-json\/wp\/v2\/posts\/4888","targetHints":{"allow":["GET"]}}],"collection":[{"href":"https:\/\/sarmacjabedzin.pl\/index.php\/wp-json\/wp\/v2\/posts"}],"about":[{"href":"https:\/\/sarmacjabedzin.pl\/index.php\/wp-json\/wp\/v2\/types\/post"}],"author":[{"embeddable":true,"href":"https:\/\/sarmacjabedzin.pl\/index.php\/wp-json\/wp\/v2\/users\/1"}],"replies":[{"embeddable":true,"href":"https:\/\/sarmacjabedzin.pl\/index.php\/wp-json\/wp\/v2\/comments?post=4888"}],"version-history":[{"count":0,"href":"https:\/\/sarmacjabedzin.pl\/index.php\/wp-json\/wp\/v2\/posts\/4888\/revisions"}],"wp:featuredmedia":[{"embeddable":true,"href":"https:\/\/sarmacjabedzin.pl\/index.php\/wp-json\/wp\/v2\/media\/4886"}],"wp:attachment":[{"href":"https:\/\/sarmacjabedzin.pl\/index.php\/wp-json\/wp\/v2\/media?parent=4888"}],"wp:term":[{"taxonomy":"category","embeddable":true,"href":"https:\/\/sarmacjabedzin.pl\/index.php\/wp-json\/wp\/v2\/categories?post=4888"},{"taxonomy":"post_tag","embeddable":true,"href":"https:\/\/sarmacjabedzin.pl\/index.php\/wp-json\/wp\/v2\/tags?post=4888"}],"curies":[{"name":"wp","href":"https:\/\/api.w.org\/{rel}","templated":true}]}}