{"id":4916,"date":"2022-06-25T22:00:04","date_gmt":"2022-06-25T20:00:04","guid":{"rendered":"https:\/\/sarmacjabedzin.pl\/?p=4916"},"modified":"2022-06-25T22:02:03","modified_gmt":"2022-06-25T20:02:03","slug":"4916","status":"publish","type":"post","link":"https:\/\/sarmacjabedzin.pl\/index.php\/2022\/06\/25\/4916\/","title":{"rendered":"Pora\u017cka na zako\u0144czenie!"},"content":{"rendered":"<p>25.06.2022 roku o&nbsp;godz.18.00 Sarmacja B\u0119dzin na&nbsp;w\u0142asnym stadionie podejmowa\u0142a dru\u017cyn\u0119 G\u00f3rnika Wojkowice. Rywale znajduj\u0105cy si\u0119 na&nbsp;10 miejscu w&nbsp;tabeli zgromadzili na&nbsp;swoim koncie 41 punkt\u00f3w, natomiast Sarmacja zajmuj\u0105ca 7 lokat\u0119 ma&nbsp;ich 53. W&nbsp;ostatniej kolejce ligowej b\u0119dzinianie na&nbsp;wyje\u017adzie pokonali rezerwy GKS-u Katowice 1:0. G\u00f3rnik Wojkowice przed&nbsp;w\u0142asn\u0105 publiczno\u015bci\u0105 odni\u00f3s\u0142 zwyci\u0119stwo 2:0 nad&nbsp;zespo\u0142em MK Katowice. Jesieni\u0105 b\u0119dzinianie w&nbsp;Wojkowicach pokonali rywala 1:0. Zwyci\u0119skiego gola dla naszej dru\u017cyny zdoby\u0142 Piotr Samborski.<\/p>\n<p>Sarmaci mogli otworzy\u0107 wynik spotkania ju\u017c w 1 minucie. Wtedy to po wrzutce z rzutu ro\u017cnego uderza\u0142 g\u0142ow\u0105 Marek Kocot. Pi\u0142k\u0119 zdo\u0142a\u0142 odbi\u0107 bramkarz go\u015bci. Dobija\u0142 jeszcze Daniel Majka, ale ten strza\u0142 r\u00f3wnie\u017c zosta\u0142 obroniony.<br \/>\nW 16 minucie odpowiedzieli go\u015bcie. Wtedy to postraszyli strza\u0142em zza pola karnego. Na nasze szcz\u0119\u015bcie futbol\u00f3wka polecia\u0142a nad bramk\u0105 strze\u017con\u0105 przez Norberta \u017buchowskiego.<br \/>\nKilka minut p\u00f3\u017aniej po wrzutce z rzutu wolnego Klaudiusza Ku\u0142agi \u2013 Micha\u0142 Samborski pr\u00f3bowa\u0142 swoich si\u0142 g\u0142ow\u0105, niestety nad bramk\u0105 wojkowiczan.<br \/>\nJeszcze w 29 minucie meczu przed szans\u0105 zdobycia bramki stan\u0105\u0142 nasz by\u0142y zawodnik \u2013 Micha\u0142 Dyrda, lecz pi\u0142ka po jego uderzeniu polecia\u0142a nad poprzeczk\u0105 bramkarza z B\u0119dzina.<br \/>\nDo szatni zawodnicy schodzili z bezbramkowym remisem. Pomimo kilku klarownych okazji z obu stron \u017cadnej z dru\u017cyn nie uda\u0142o si\u0119 wpakowa\u0107 pi\u0142ki do bramki.<\/p>\n<p>Na drug\u0105 po\u0142ow\u0119 bardziej zmotywowani i g\u0142odni zdobycia gola wyszli Sarmaci. Uda\u0142o im si\u0119 to ju\u017c w 49 minucie spotkania. Wtedy to do pi\u0142ki na prawej stronie boiska doszed\u0142 Klaudiusz Ku\u0142aga, kt\u00f3ry po kapitalnym rajdzie i zej\u015bciu do boku zdo\u0142a\u0142 pos\u0142a\u0107 futbol\u00f3wk\u0119 po d\u0142ugim rogu bramki G\u00f3rnika.<br \/>\nZaraz po wznowieniu gry przed szans\u0105 szybkiego wyr\u00f3wnania stan\u0119li zawodnicy z Wojkowic. Po \u0142adnej akcji lew\u0105 stron\u0105 i wrzutce po ziemi do \u015brodka pola karnego z pi\u0142k\u0105 min\u0105\u0142 si\u0119 napastnik, marnuj\u0105c wy\u015bmienit\u0105 okazj\u0119.<br \/>\nW 53 minucie Marek G\u0142adkowski zagra\u0142 kapitaln\u0105 pi\u0142k\u0119 ze \u015brodka pola gry na lew\u0105 stron\u0119 do Filipa Wrzal-Kosowskiego, a ten postanowi\u0142 wda\u0107 si\u0119 w drybling, a nast\u0119pnie wyko\u0144czy\u0107 akcj\u0119 samodzielnie. Niestety by\u0142a to niezbyt udana decyzja, strza\u0142 by\u0142 zbyt lekki i wprost w bramkarza, a w \u015brodku pola karnego na podanie czeka\u0142o kilku koleg\u00f3w z dru\u017cyny.<br \/>\nNiespe\u0142na 10 minut p\u00f3\u017aniej przed kolejn\u0105 kapitaln\u0105 sytuacj\u0105 bramkow\u0105 stan\u0105\u0142 strzelec pierwszego gola \u2013 Klaudiusz Ku\u0142aga. W sytuacji sam na sam z golkiperem uda\u0142o mu si\u0119 go min\u0105\u0107, niestety zbyt d\u0142uga decyzja poskutkowa\u0142a powrotem obro\u0144c\u00f3w, kt\u00f3rzy zdo\u0142ali zaasekurowa\u0107 bramk\u0119 i oddali\u0107 zagro\u017cenie.<br \/>\nJak m\u00f3wi pi\u0142karskie porzekad\u0142o: \u201eNiewykorzystane sytuacje lubi\u0105 si\u0119 m\u015bci\u0107 podw\u00f3jnie\u201d. W 61 minucie po szybkiej akcji praw\u0105 stron\u0105 boiska i wrzutce w pole karne bramk\u0119 wyr\u00f3wnuj\u0105c\u0105 zdoby\u0142 Micha\u0142 Dyrda. Najpierw pr\u00f3bowa\u0142 uderza\u0107 g\u0142ow\u0105, lecz dobr\u0105 interwencj\u0105 popisa\u0142 si\u0119 nasz m\u0142ody bramkarz \u2013 Kamil Szczurek. Pech chcia\u0142, \u017ce pi\u0142ka ponownie znalaz\u0142a si\u0119 tym razem pod nogami zawodnika z Wojkowic, kt\u00f3ry pewnym strza\u0142em umie\u015bci\u0142 j\u0105 w bramce Sarmacji.<br \/>\nChwil\u0119 po wznowieniu gry ponownie po akcji praw\u0105 stron\u0105 boiska i wrzutce w pole karne kolejn\u0105 bramk\u0119 zdobyli wojkowiczanie. Maciej Kruczek bez problemu uderzy\u0142 futbol\u00f3wk\u0119 g\u0142ow\u0105, kt\u00f3ra znalaz\u0142a swoj\u0105 drog\u0119 do siatki zaskoczonych obrotem spraw sarmat\u00f3w.<br \/>\nSzybko stracone bramki wyra\u017anie zmieni\u0142y oblicze spotkania. W 67 minucie po \u0142adnie wygl\u0105daj\u0105cym strzale z powietrza zawodnika G\u00f3rnika pi\u0142ka uderzy\u0142a w s\u0142upek bramki Sarmacji.<br \/>\nW 72 minucie kolejny raz po akcji duetu G\u0142adkowski \u2013 Wrzal-Kosowski zdo\u0142ali\u015bmy zagrozi\u0107 rywalom. Niestety pi\u0142ka uderzona przez \u201eKos\u0119\u201d polecia\u0142a nad bramk\u0105.<br \/>\n5 minut p\u00f3\u017aniej zn\u00f3w Filip Wrzal-Kosowski pr\u00f3bowa\u0142 poprawi\u0107 sw\u00f3j celownik i zdoby\u0107 upragnion\u0105 bramk\u0119. Niestety tym razem futbol\u00f3wka przelecia\u0142a obok s\u0142upka.<br \/>\nJeszcze w doliczonym czasie gry mogli\u015bmy wyr\u00f3wna\u0107. Wtedy to w sytuacji sam na sam z bramkarzem stan\u0105\u0142 zdobywca pierwszej bramki \u2013 Klaudiusz Ku\u0142aga. Niestety tym razem strzeli\u0142 wprost w bramkarza, kt\u00f3ry dobr\u0105 interwencj\u0105 uchroni\u0142 G\u00f3rnika przed strat\u0105 gola.<\/p>\n<p>Ostatecznie po emocjonuj\u0105cym (zw\u0142aszcza w drugiej po\u0142owie) spotkaniu przegrywamy na zako\u0144czenie sezonu 2021\/2022 z G\u00f3rnikiem Wojkowice 2:1 (0:0). Szkoda, \u017ce po dobrze zapowiadaj\u0105cej si\u0119 od pocz\u0105tku drugiej po\u0142owie meczu, gdzie mieli\u015bmy okazj\u0119 na podwy\u017cszenie rezultatu, oddali\u015bmy inicjatyw\u0119 rywalowi. Ten bezwzgl\u0119dnie nas skarci\u0142 i zdoby\u0142 zwyci\u0119skie bramki. W ko\u0144c\u00f3wce meczu brak\u0142o nieco skuteczno\u015bci oraz szcz\u0119\u015bcia. Sezon ko\u0144czymy z dorobkiem 53 punkt\u00f3w na 7. Miejscu co mo\u017cna uzna\u0107 za spory sukces. Gratulujemy i dzi\u0119kujemy zawodnikom oraz trenerowi.<\/p>\n<p><strong>Sarmacja B\u0119dzin \u2013 G\u00f3rnik Wojkowice 1:2 (0:0)<\/strong><\/p>\n<p><strong>Bramki:<\/strong><br \/>\n49\u2019 Ku\u0142aga<br \/>\n_____________<br \/>\n61\u2019 Dyrda<br \/>\n65\u2019 Kruczek<\/p>\n<p><strong>Sarmacja B\u0119dzin:<\/strong> \u017buchowski (46\u2019 Szczurek), Dul, Ba\u0142a (46\u2019 G\u0142adkowski), Majka, Maj, \u017bmuda, Ku\u0142aga, Kulesza, Samborski, G\u00f3ral (46\u2019 Wrzal-Kosowski), Kocot<\/p>\n<p>&nbsp;<\/p>\n","protected":false},"excerpt":{"rendered":"<p>25.06.2022 roku o&nbsp;godz.18.00 Sarmacja B\u0119dzin na&nbsp;w\u0142asnym stadionie podejmowa\u0142a dru\u017cyn\u0119 G\u00f3rnika Wojkowice. Rywale znajduj\u0105cy si\u0119 na&nbsp;10 miejscu w&nbsp;tabeli zgromadzili na&nbsp;swoim koncie 41 punkt\u00f3w, natomiast Sarmacja zajmuj\u0105ca 7 lokat\u0119 ma&nbsp;ich 53. W&nbsp;ostatniej kolejce ligowej b\u0119dzinianie na&nbsp;wyje\u017adzie pokonali rezerwy GKS-u Katowice 1:0. G\u00f3rnik Wojkowice przed&nbsp;w\u0142asn\u0105 publiczno\u015bci\u0105 odni\u00f3s\u0142 zwyci\u0119stwo 2:0 nad&nbsp;zespo\u0142em MK Katowice. Jesieni\u0105 b\u0119dzinianie w&nbsp;Wojkowicach pokonali rywala 1:0&#8230;.<\/p>\n","protected":false},"author":1,"featured_media":4918,"comment_status":"closed","ping_status":"closed","sticky":false,"template":"","format":"standard","meta":{"footnotes":""},"categories":[64],"tags":[],"class_list":["post-4916","post","type-post","status-publish","format-standard","has-post-thumbnail","hentry","category-soccer"],"yoast_head":"<!-- This site is optimized with the Yoast SEO plugin v25.8 - https:\/\/yoast.com\/wordpress\/plugins\/seo\/ -->\n<title>Pora\u017cka na zako\u0144czenie! | BKS Sarmacja B\u0119dzin<\/title>\n<meta name=\"robots\" content=\"index, follow, max-snippet:-1, max-image-preview:large, max-video-preview:-1\" \/>\n<link rel=\"canonical\" href=\"https:\/\/sarmacjabedzin.pl\/index.php\/2022\/06\/25\/4916\/\" \/>\n<meta property=\"og:locale\" content=\"pl_PL\" \/>\n<meta property=\"og:type\" content=\"article\" \/>\n<meta property=\"og:title\" content=\"Pora\u017cka na zako\u0144czenie! | BKS Sarmacja B\u0119dzin\" \/>\n<meta property=\"og:description\" content=\"25.06.2022 roku o&nbsp;godz.18.00 Sarmacja B\u0119dzin na&nbsp;w\u0142asnym stadionie podejmowa\u0142a dru\u017cyn\u0119 G\u00f3rnika Wojkowice. Rywale znajduj\u0105cy si\u0119 na&nbsp;10 miejscu w&nbsp;tabeli zgromadzili na&nbsp;swoim koncie 41 punkt\u00f3w, natomiast Sarmacja zajmuj\u0105ca 7 lokat\u0119 ma&nbsp;ich 53. W&nbsp;ostatniej kolejce ligowej b\u0119dzinianie na&nbsp;wyje\u017adzie pokonali rezerwy GKS-u Katowice 1:0. G\u00f3rnik Wojkowice przed&nbsp;w\u0142asn\u0105 publiczno\u015bci\u0105 odni\u00f3s\u0142 zwyci\u0119stwo 2:0 nad&nbsp;zespo\u0142em MK Katowice. Jesieni\u0105 b\u0119dzinianie w&nbsp;Wojkowicach pokonali rywala 1:0....\" \/>\n<meta property=\"og:url\" content=\"https:\/\/sarmacjabedzin.pl\/index.php\/2022\/06\/25\/4916\/\" \/>\n<meta property=\"og:site_name\" content=\"BKS Sarmacja B\u0119dzin\" \/>\n<meta property=\"article:publisher\" content=\"https:\/\/www.facebook.com\/SarmacjaBedzin\" \/>\n<meta property=\"article:published_time\" content=\"2022-06-25T20:00:04+00:00\" \/>\n<meta property=\"article:modified_time\" content=\"2022-06-25T20:02:03+00:00\" \/>\n<meta property=\"og:image\" content=\"https:\/\/sarmacjabedzin.pl\/wp-content\/uploads\/2022\/06\/25.06_Gornik_Wojkowice.jpg\" \/>\n\t<meta property=\"og:image:width\" content=\"1920\" \/>\n\t<meta property=\"og:image:height\" content=\"1080\" \/>\n\t<meta property=\"og:image:type\" content=\"image\/jpeg\" \/>\n<meta name=\"author\" content=\"tyrtak\" \/>\n<meta name=\"twitter:card\" content=\"summary_large_image\" \/>\n<meta name=\"twitter:label1\" content=\"Napisane przez\" \/>\n\t<meta name=\"twitter:data1\" content=\"tyrtak\" \/>\n\t<meta name=\"twitter:label2\" content=\"Szacowany czas czytania\" \/>\n\t<meta name=\"twitter:data2\" content=\"4 minuty\" \/>\n<script type=\"application\/ld+json\" class=\"yoast-schema-graph\">{\"@context\":\"https:\/\/schema.org\",\"@graph\":[{\"@type\":\"WebPage\",\"@id\":\"https:\/\/sarmacjabedzin.pl\/index.php\/2022\/06\/25\/4916\/\",\"url\":\"https:\/\/sarmacjabedzin.pl\/index.php\/2022\/06\/25\/4916\/\",\"name\":\"Pora\u017cka na zako\u0144czenie! | BKS Sarmacja B\u0119dzin\",\"isPartOf\":{\"@id\":\"https:\/\/sarmacjabedzin.pl\/#website\"},\"primaryImageOfPage\":{\"@id\":\"https:\/\/sarmacjabedzin.pl\/index.php\/2022\/06\/25\/4916\/#primaryimage\"},\"image\":{\"@id\":\"https:\/\/sarmacjabedzin.pl\/index.php\/2022\/06\/25\/4916\/#primaryimage\"},\"thumbnailUrl\":\"https:\/\/sarmacjabedzin.pl\/wp-content\/uploads\/2022\/06\/25.06_Gornik_Wojkowice.jpg\",\"datePublished\":\"2022-06-25T20:00:04+00:00\",\"dateModified\":\"2022-06-25T20:02:03+00:00\",\"author\":{\"@id\":\"https:\/\/sarmacjabedzin.pl\/#\/schema\/person\/5417ea7b03bcd9adf58298a2265ce03a\"},\"breadcrumb\":{\"@id\":\"https:\/\/sarmacjabedzin.pl\/index.php\/2022\/06\/25\/4916\/#breadcrumb\"},\"inLanguage\":\"pl-PL\",\"potentialAction\":[{\"@type\":\"ReadAction\",\"target\":[\"https:\/\/sarmacjabedzin.pl\/index.php\/2022\/06\/25\/4916\/\"]}]},{\"@type\":\"ImageObject\",\"inLanguage\":\"pl-PL\",\"@id\":\"https:\/\/sarmacjabedzin.pl\/index.php\/2022\/06\/25\/4916\/#primaryimage\",\"url\":\"https:\/\/sarmacjabedzin.pl\/wp-content\/uploads\/2022\/06\/25.06_Gornik_Wojkowice.jpg\",\"contentUrl\":\"https:\/\/sarmacjabedzin.pl\/wp-content\/uploads\/2022\/06\/25.06_Gornik_Wojkowice.jpg\",\"width\":1920,\"height\":1080},{\"@type\":\"BreadcrumbList\",\"@id\":\"https:\/\/sarmacjabedzin.pl\/index.php\/2022\/06\/25\/4916\/#breadcrumb\",\"itemListElement\":[{\"@type\":\"ListItem\",\"position\":1,\"name\":\"Strona g\u0142\u00f3wna\",\"item\":\"https:\/\/sarmacjabedzin.pl\/\"},{\"@type\":\"ListItem\",\"position\":2,\"name\":\"Pora\u017cka na zako\u0144czenie!\"}]},{\"@type\":\"WebSite\",\"@id\":\"https:\/\/sarmacjabedzin.pl\/#website\",\"url\":\"https:\/\/sarmacjabedzin.pl\/\",\"name\":\"BKS Sarmacja B\u0119dzin \u2013 Nieoficjalny serwis\",\"description\":\"Nieoficjalny serwis B\u0119dzi\u0144skiego Klubu Sportowego &quot;Sarmacja&quot;\",\"potentialAction\":[{\"@type\":\"SearchAction\",\"target\":{\"@type\":\"EntryPoint\",\"urlTemplate\":\"https:\/\/sarmacjabedzin.pl\/?s={search_term_string}\"},\"query-input\":{\"@type\":\"PropertyValueSpecification\",\"valueRequired\":true,\"valueName\":\"search_term_string\"}}],\"inLanguage\":\"pl-PL\"},{\"@type\":\"Person\",\"@id\":\"https:\/\/sarmacjabedzin.pl\/#\/schema\/person\/5417ea7b03bcd9adf58298a2265ce03a\",\"name\":\"tyrtak\",\"image\":{\"@type\":\"ImageObject\",\"inLanguage\":\"pl-PL\",\"@id\":\"https:\/\/sarmacjabedzin.pl\/#\/schema\/person\/image\/\",\"url\":\"https:\/\/secure.gravatar.com\/avatar\/49b7734c6795cf524710e96813a9fedc1ae3816e479d92490236b4cfc47a5ae1?s=96&d=mm&r=g\",\"contentUrl\":\"https:\/\/secure.gravatar.com\/avatar\/49b7734c6795cf524710e96813a9fedc1ae3816e479d92490236b4cfc47a5ae1?s=96&d=mm&r=g\",\"caption\":\"tyrtak\"}}]}<\/script>\n<!-- \/ Yoast SEO plugin. -->","yoast_head_json":{"title":"Pora\u017cka na zako\u0144czenie! | BKS Sarmacja B\u0119dzin","robots":{"index":"index","follow":"follow","max-snippet":"max-snippet:-1","max-image-preview":"max-image-preview:large","max-video-preview":"max-video-preview:-1"},"canonical":"https:\/\/sarmacjabedzin.pl\/index.php\/2022\/06\/25\/4916\/","og_locale":"pl_PL","og_type":"article","og_title":"Pora\u017cka na zako\u0144czenie! | BKS Sarmacja B\u0119dzin","og_description":"25.06.2022 roku o&nbsp;godz.18.00 Sarmacja B\u0119dzin na&nbsp;w\u0142asnym stadionie podejmowa\u0142a dru\u017cyn\u0119 G\u00f3rnika Wojkowice. Rywale znajduj\u0105cy si\u0119 na&nbsp;10 miejscu w&nbsp;tabeli zgromadzili na&nbsp;swoim koncie 41 punkt\u00f3w, natomiast Sarmacja zajmuj\u0105ca 7 lokat\u0119 ma&nbsp;ich 53. W&nbsp;ostatniej kolejce ligowej b\u0119dzinianie na&nbsp;wyje\u017adzie pokonali rezerwy GKS-u Katowice 1:0. G\u00f3rnik Wojkowice przed&nbsp;w\u0142asn\u0105 publiczno\u015bci\u0105 odni\u00f3s\u0142 zwyci\u0119stwo 2:0 nad&nbsp;zespo\u0142em MK Katowice. Jesieni\u0105 b\u0119dzinianie w&nbsp;Wojkowicach pokonali rywala 1:0....","og_url":"https:\/\/sarmacjabedzin.pl\/index.php\/2022\/06\/25\/4916\/","og_site_name":"BKS Sarmacja B\u0119dzin","article_publisher":"https:\/\/www.facebook.com\/SarmacjaBedzin","article_published_time":"2022-06-25T20:00:04+00:00","article_modified_time":"2022-06-25T20:02:03+00:00","og_image":[{"width":1920,"height":1080,"url":"https:\/\/sarmacjabedzin.pl\/wp-content\/uploads\/2022\/06\/25.06_Gornik_Wojkowice.jpg","type":"image\/jpeg"}],"author":"tyrtak","twitter_card":"summary_large_image","twitter_misc":{"Napisane przez":"tyrtak","Szacowany czas czytania":"4 minuty"},"schema":{"@context":"https:\/\/schema.org","@graph":[{"@type":"WebPage","@id":"https:\/\/sarmacjabedzin.pl\/index.php\/2022\/06\/25\/4916\/","url":"https:\/\/sarmacjabedzin.pl\/index.php\/2022\/06\/25\/4916\/","name":"Pora\u017cka na zako\u0144czenie! | BKS Sarmacja B\u0119dzin","isPartOf":{"@id":"https:\/\/sarmacjabedzin.pl\/#website"},"primaryImageOfPage":{"@id":"https:\/\/sarmacjabedzin.pl\/index.php\/2022\/06\/25\/4916\/#primaryimage"},"image":{"@id":"https:\/\/sarmacjabedzin.pl\/index.php\/2022\/06\/25\/4916\/#primaryimage"},"thumbnailUrl":"https:\/\/sarmacjabedzin.pl\/wp-content\/uploads\/2022\/06\/25.06_Gornik_Wojkowice.jpg","datePublished":"2022-06-25T20:00:04+00:00","dateModified":"2022-06-25T20:02:03+00:00","author":{"@id":"https:\/\/sarmacjabedzin.pl\/#\/schema\/person\/5417ea7b03bcd9adf58298a2265ce03a"},"breadcrumb":{"@id":"https:\/\/sarmacjabedzin.pl\/index.php\/2022\/06\/25\/4916\/#breadcrumb"},"inLanguage":"pl-PL","potentialAction":[{"@type":"ReadAction","target":["https:\/\/sarmacjabedzin.pl\/index.php\/2022\/06\/25\/4916\/"]}]},{"@type":"ImageObject","inLanguage":"pl-PL","@id":"https:\/\/sarmacjabedzin.pl\/index.php\/2022\/06\/25\/4916\/#primaryimage","url":"https:\/\/sarmacjabedzin.pl\/wp-content\/uploads\/2022\/06\/25.06_Gornik_Wojkowice.jpg","contentUrl":"https:\/\/sarmacjabedzin.pl\/wp-content\/uploads\/2022\/06\/25.06_Gornik_Wojkowice.jpg","width":1920,"height":1080},{"@type":"BreadcrumbList","@id":"https:\/\/sarmacjabedzin.pl\/index.php\/2022\/06\/25\/4916\/#breadcrumb","itemListElement":[{"@type":"ListItem","position":1,"name":"Strona g\u0142\u00f3wna","item":"https:\/\/sarmacjabedzin.pl\/"},{"@type":"ListItem","position":2,"name":"Pora\u017cka na zako\u0144czenie!"}]},{"@type":"WebSite","@id":"https:\/\/sarmacjabedzin.pl\/#website","url":"https:\/\/sarmacjabedzin.pl\/","name":"BKS Sarmacja B\u0119dzin \u2013 Nieoficjalny serwis","description":"Nieoficjalny serwis B\u0119dzi\u0144skiego Klubu Sportowego &quot;Sarmacja&quot;","potentialAction":[{"@type":"SearchAction","target":{"@type":"EntryPoint","urlTemplate":"https:\/\/sarmacjabedzin.pl\/?s={search_term_string}"},"query-input":{"@type":"PropertyValueSpecification","valueRequired":true,"valueName":"search_term_string"}}],"inLanguage":"pl-PL"},{"@type":"Person","@id":"https:\/\/sarmacjabedzin.pl\/#\/schema\/person\/5417ea7b03bcd9adf58298a2265ce03a","name":"tyrtak","image":{"@type":"ImageObject","inLanguage":"pl-PL","@id":"https:\/\/sarmacjabedzin.pl\/#\/schema\/person\/image\/","url":"https:\/\/secure.gravatar.com\/avatar\/49b7734c6795cf524710e96813a9fedc1ae3816e479d92490236b4cfc47a5ae1?s=96&d=mm&r=g","contentUrl":"https:\/\/secure.gravatar.com\/avatar\/49b7734c6795cf524710e96813a9fedc1ae3816e479d92490236b4cfc47a5ae1?s=96&d=mm&r=g","caption":"tyrtak"}}]}},"rttpg_featured_image_url":{"full":["https:\/\/sarmacjabedzin.pl\/wp-content\/uploads\/2022\/06\/25.06_Gornik_Wojkowice.jpg",1920,1080,false],"landscape":["https:\/\/sarmacjabedzin.pl\/wp-content\/uploads\/2022\/06\/25.06_Gornik_Wojkowice.jpg",1920,1080,false],"portraits":["https:\/\/sarmacjabedzin.pl\/wp-content\/uploads\/2022\/06\/25.06_Gornik_Wojkowice.jpg",1920,1080,false],"thumbnail":["https:\/\/sarmacjabedzin.pl\/wp-content\/uploads\/2022\/06\/25.06_Gornik_Wojkowice-150x150.jpg",150,150,true],"medium":["https:\/\/sarmacjabedzin.pl\/wp-content\/uploads\/2022\/06\/25.06_Gornik_Wojkowice-300x169.jpg",300,169,true],"large":["https:\/\/sarmacjabedzin.pl\/wp-content\/uploads\/2022\/06\/25.06_Gornik_Wojkowice-1024x576.jpg",1024,576,true],"1536x1536":["https:\/\/sarmacjabedzin.pl\/wp-content\/uploads\/2022\/06\/25.06_Gornik_Wojkowice-1536x864.jpg",1536,864,true],"2048x2048":["https:\/\/sarmacjabedzin.pl\/wp-content\/uploads\/2022\/06\/25.06_Gornik_Wojkowice.jpg",1920,1080,false],"sportspress-crop-medium":["https:\/\/sarmacjabedzin.pl\/wp-content\/uploads\/2022\/06\/25.06_Gornik_Wojkowice-300x300.jpg",300,300,true],"sportspress-fit-medium":["https:\/\/sarmacjabedzin.pl\/wp-content\/uploads\/2022\/06\/25.06_Gornik_Wojkowice-300x169.jpg",300,169,true],"sportspress-fit-icon":["https:\/\/sarmacjabedzin.pl\/wp-content\/uploads\/2022\/06\/25.06_Gornik_Wojkowice-128x72.jpg",128,72,true],"sportspress-fit-mini":["https:\/\/sarmacjabedzin.pl\/wp-content\/uploads\/2022\/06\/25.06_Gornik_Wojkowice-32x18.jpg",32,18,true],"ultp_layout_landscape_large":["https:\/\/sarmacjabedzin.pl\/wp-content\/uploads\/2022\/06\/25.06_Gornik_Wojkowice-1200x800.jpg",1200,800,true],"ultp_layout_landscape":["https:\/\/sarmacjabedzin.pl\/wp-content\/uploads\/2022\/06\/25.06_Gornik_Wojkowice-870x570.jpg",870,570,true],"ultp_layout_portrait":["https:\/\/sarmacjabedzin.pl\/wp-content\/uploads\/2022\/06\/25.06_Gornik_Wojkowice-600x900.jpg",600,900,true],"ultp_layout_square":["https:\/\/sarmacjabedzin.pl\/wp-content\/uploads\/2022\/06\/25.06_Gornik_Wojkowice-600x600.jpg",600,600,true],"stm-1140-666":["https:\/\/sarmacjabedzin.pl\/wp-content\/uploads\/2022\/06\/25.06_Gornik_Wojkowice-1140x666.jpg",1140,666,true],"stm-1170-650":["https:\/\/sarmacjabedzin.pl\/wp-content\/uploads\/2022\/06\/25.06_Gornik_Wojkowice-1170x650.jpg",1170,650,true],"stm-570-350":["https:\/\/sarmacjabedzin.pl\/wp-content\/uploads\/2022\/06\/25.06_Gornik_Wojkowice-570x350.jpg",570,350,true],"stm-570-250":["https:\/\/sarmacjabedzin.pl\/wp-content\/uploads\/2022\/06\/25.06_Gornik_Wojkowice-570x250.jpg",570,250,true],"stm-270-370":["https:\/\/sarmacjabedzin.pl\/wp-content\/uploads\/2022\/06\/25.06_Gornik_Wojkowice-270x370.jpg",270,370,true],"stm-540-500":["https:\/\/sarmacjabedzin.pl\/wp-content\/uploads\/2022\/06\/25.06_Gornik_Wojkowice-540x500.jpg",540,500,true],"stm-270-530":["https:\/\/sarmacjabedzin.pl\/wp-content\/uploads\/2022\/06\/25.06_Gornik_Wojkowice-270x530.jpg",270,530,true],"stm-200-200":["https:\/\/sarmacjabedzin.pl\/wp-content\/uploads\/2022\/06\/25.06_Gornik_Wojkowice-200x200.jpg",200,200,true],"stm-85-105":["https:\/\/sarmacjabedzin.pl\/wp-content\/uploads\/2022\/06\/25.06_Gornik_Wojkowice-85x105.jpg",85,105,true],"stm-255-255":["https:\/\/sarmacjabedzin.pl\/wp-content\/uploads\/2022\/06\/25.06_Gornik_Wojkowice-255x255.jpg",255,255,true],"stm-360-240":["https:\/\/sarmacjabedzin.pl\/wp-content\/uploads\/2022\/06\/25.06_Gornik_Wojkowice-360x240.jpg",360,240,true],"stm-360-495":["https:\/\/sarmacjabedzin.pl\/wp-content\/uploads\/2022\/06\/25.06_Gornik_Wojkowice-360x495.jpg",360,495,true],"stm-445-400":["https:\/\/sarmacjabedzin.pl\/wp-content\/uploads\/2022\/06\/25.06_Gornik_Wojkowice-445x400.jpg",445,400,true],"stm-735-240":["https:\/\/sarmacjabedzin.pl\/wp-content\/uploads\/2022\/06\/25.06_Gornik_Wojkowice-735x240.jpg",735,240,true],"stm-255-183":["https:\/\/sarmacjabedzin.pl\/wp-content\/uploads\/2022\/06\/25.06_Gornik_Wojkowice-255x183.jpg",255,183,true],"stm-350-250":["https:\/\/sarmacjabedzin.pl\/wp-content\/uploads\/2022\/06\/25.06_Gornik_Wojkowice-350x250.jpg",350,250,true],"blog_list":["https:\/\/sarmacjabedzin.pl\/wp-content\/uploads\/2022\/06\/25.06_Gornik_Wojkowice-270x220.jpg",270,220,true],"blog_list_medium":["https:\/\/sarmacjabedzin.pl\/wp-content\/uploads\/2022\/06\/25.06_Gornik_Wojkowice-390x345.jpg",390,345,true],"gallery_thumbnail":["https:\/\/sarmacjabedzin.pl\/wp-content\/uploads\/2022\/06\/25.06_Gornik_Wojkowice-80x80.jpg",80,80,true],"gallery_image":["https:\/\/sarmacjabedzin.pl\/wp-content\/uploads\/2022\/06\/25.06_Gornik_Wojkowice-560x367.jpg",560,367,true],"gallery_image_mini":["https:\/\/sarmacjabedzin.pl\/wp-content\/uploads\/2022\/06\/25.06_Gornik_Wojkowice-143x116.jpg",143,116,true],"player_photo":["https:\/\/sarmacjabedzin.pl\/wp-content\/uploads\/2022\/06\/25.06_Gornik_Wojkowice-740x740.jpg",740,740,true],"team_logo":["https:\/\/sarmacjabedzin.pl\/wp-content\/uploads\/2022\/06\/25.06_Gornik_Wojkowice-98x55.jpg",98,55,true],"player_stat_ava":["https:\/\/sarmacjabedzin.pl\/wp-content\/uploads\/2022\/06\/25.06_Gornik_Wojkowice-550x580.jpg",550,580,true],"post-350-220":["https:\/\/sarmacjabedzin.pl\/wp-content\/uploads\/2022\/06\/25.06_Gornik_Wojkowice-350x220.jpg",350,220,true],"post-275-142":["https:\/\/sarmacjabedzin.pl\/wp-content\/uploads\/2022\/06\/25.06_Gornik_Wojkowice-275x142.jpg",275,142,true],"post-160-120":["https:\/\/sarmacjabedzin.pl\/wp-content\/uploads\/2022\/06\/25.06_Gornik_Wojkowice-160x120.jpg",160,120,true],"post-110-70":["https:\/\/sarmacjabedzin.pl\/wp-content\/uploads\/2022\/06\/25.06_Gornik_Wojkowice-110x70.jpg",110,70,true],"post-770-450":["https:\/\/sarmacjabedzin.pl\/wp-content\/uploads\/2022\/06\/25.06_Gornik_Wojkowice-770x450.jpg",770,450,true],"post-370-210":["https:\/\/sarmacjabedzin.pl\/wp-content\/uploads\/2022\/06\/25.06_Gornik_Wojkowice-370x210.jpg",370,210,true],"post-457-470":["https:\/\/sarmacjabedzin.pl\/wp-content\/uploads\/2022\/06\/25.06_Gornik_Wojkowice-457x470.jpg",457,470,true],"post-370-420":["https:\/\/sarmacjabedzin.pl\/wp-content\/uploads\/2022\/06\/25.06_Gornik_Wojkowice-370x420.jpg",370,420,true],"stm-445-445":["https:\/\/sarmacjabedzin.pl\/wp-content\/uploads\/2022\/06\/25.06_Gornik_Wojkowice-445x445.jpg",445,445,true],"stm-555-460":["https:\/\/sarmacjabedzin.pl\/wp-content\/uploads\/2022\/06\/25.06_Gornik_Wojkowice-555x460.jpg",555,460,true],"stm-350-450":["https:\/\/sarmacjabedzin.pl\/wp-content\/uploads\/2022\/06\/25.06_Gornik_Wojkowice-350x450.jpg",350,450,true],"stm-720-440":["https:\/\/sarmacjabedzin.pl\/wp-content\/uploads\/2022\/06\/25.06_Gornik_Wojkowice-720x440.jpg",720,440,true],"stm-270-270":["https:\/\/sarmacjabedzin.pl\/wp-content\/uploads\/2022\/06\/25.06_Gornik_Wojkowice-270x270.jpg",270,270,true],"stm-760-450":["https:\/\/sarmacjabedzin.pl\/wp-content\/uploads\/2022\/06\/25.06_Gornik_Wojkowice-760x450.jpg",760,450,true]},"rttpg_author":{"display_name":"tyrtak","author_link":false},"rttpg_comment":0,"rttpg_category":"<a href=\"https:\/\/sarmacjabedzin.pl\/index.php\/category\/soccer\/\" rel=\"category tag\">Liga<\/a>","rttpg_excerpt":"25.06.2022 roku o&nbsp;godz.18.00 Sarmacja B\u0119dzin na&nbsp;w\u0142asnym stadionie podejmowa\u0142a dru\u017cyn\u0119 G\u00f3rnika Wojkowice. Rywale znajduj\u0105cy si\u0119 na&nbsp;10 miejscu w&nbsp;tabeli zgromadzili na&nbsp;swoim koncie 41 punkt\u00f3w, natomiast Sarmacja zajmuj\u0105ca 7 lokat\u0119 ma&nbsp;ich 53. W&nbsp;ostatniej kolejce ligowej b\u0119dzinianie na&nbsp;wyje\u017adzie pokonali rezerwy GKS-u Katowice 1:0. G\u00f3rnik Wojkowice przed&nbsp;w\u0142asn\u0105 publiczno\u015bci\u0105 odni\u00f3s\u0142 zwyci\u0119stwo 2:0 nad&nbsp;zespo\u0142em MK Katowice. Jesieni\u0105 b\u0119dzinianie w&nbsp;Wojkowicach pokonali rywala 1:0....","_links":{"self":[{"href":"https:\/\/sarmacjabedzin.pl\/index.php\/wp-json\/wp\/v2\/posts\/4916","targetHints":{"allow":["GET"]}}],"collection":[{"href":"https:\/\/sarmacjabedzin.pl\/index.php\/wp-json\/wp\/v2\/posts"}],"about":[{"href":"https:\/\/sarmacjabedzin.pl\/index.php\/wp-json\/wp\/v2\/types\/post"}],"author":[{"embeddable":true,"href":"https:\/\/sarmacjabedzin.pl\/index.php\/wp-json\/wp\/v2\/users\/1"}],"replies":[{"embeddable":true,"href":"https:\/\/sarmacjabedzin.pl\/index.php\/wp-json\/wp\/v2\/comments?post=4916"}],"version-history":[{"count":0,"href":"https:\/\/sarmacjabedzin.pl\/index.php\/wp-json\/wp\/v2\/posts\/4916\/revisions"}],"wp:featuredmedia":[{"embeddable":true,"href":"https:\/\/sarmacjabedzin.pl\/index.php\/wp-json\/wp\/v2\/media\/4918"}],"wp:attachment":[{"href":"https:\/\/sarmacjabedzin.pl\/index.php\/wp-json\/wp\/v2\/media?parent=4916"}],"wp:term":[{"taxonomy":"category","embeddable":true,"href":"https:\/\/sarmacjabedzin.pl\/index.php\/wp-json\/wp\/v2\/categories?post=4916"},{"taxonomy":"post_tag","embeddable":true,"href":"https:\/\/sarmacjabedzin.pl\/index.php\/wp-json\/wp\/v2\/tags?post=4916"}],"curies":[{"name":"wp","href":"https:\/\/api.w.org\/{rel}","templated":true}]}}