{"id":5229,"date":"2022-09-17T20:09:02","date_gmt":"2022-09-17T18:09:02","guid":{"rendered":"https:\/\/sarmacjabedzin.pl\/?p=5229"},"modified":"2022-09-17T20:09:02","modified_gmt":"2022-09-17T18:09:02","slug":"kolejne-derby-bedzina-dla-sarmacji","status":"publish","type":"post","link":"https:\/\/sarmacjabedzin.pl\/index.php\/2022\/09\/17\/kolejne-derby-bedzina-dla-sarmacji\/","title":{"rendered":"Kolejne Derby B\u0119dzina dla Sarmacji!"},"content":{"rendered":"<p>17.09.2022 roku o godzinie 15.00 pi\u0142karze Sarmacji B\u0119dzin w VI kolejce ligowej na wyje\u017adzie zmierzyli si\u0119 z dru\u017cyn\u0105 RKS Grodziec. Pierwotnie mecz mia\u0142 odby\u0107 si\u0119 w B\u0119dzinie, ale obie strony wyrazi\u0142y zgod\u0119 na zmian\u0119 miejsca jego rozegrania. Powodem tego by\u0142y odbywaj\u0105ce si\u0119 w tym dniu w Grod\u017acu, obchody 75 rocznicy powstania miejscowego klubu RKS. \u201eWielkie Derby B\u0119dzina\u201d by\u0142y ich g\u0142\u00f3wnym wydarzeniem. Rywale zajmuj\u0105cy 9 miejsce w tabeli zgromadzili do tej pory na swoim koncie 7 punkt\u00f3w. W ubieg\u0142\u0105 niedziel\u0119 b\u0119dzinianie plasuj\u0105cy si\u0119 obecnie na 15 miejscu i maj\u0105cy 2 punkty w swoim dorobku ulegli na wyje\u017adzie rezerwom GKS II Katowice 0:3, natomiast\u00a0 RKS Grodziec przed w\u0142asn\u0105 publiczno\u015bci\u0105 dozna\u0142 pora\u017cki z Pogoni\u0105 Imielin 0:4. Ostatni mecz ligowy pomi\u0119dzy obu dru\u017cynami rozegrany 14.06.2022 roku w B\u0119dzinie zako\u0144czy\u0142 si\u0119 zwyci\u0119stwem Sarmacji 5:0. Gole dla naszej dru\u017cyny zdobyli: 3xSamborski, Kocot oraz Duda\u0142a.<\/p>\n<p>Pierwsze minuty spotkania obu stronom nie przynios\u0142y \u017cadnych gro\u017anych sytuacji podbramkowych. Jednak ju\u017c w 13 minucie Sarmaci zdo\u0142ali obj\u0105\u0107 prowadzenie 1:0. Pi\u0142k\u0119 wrzucon\u0105 z autu, sprytnie ty\u0142em do Kacpra Zawadzkiego zagra\u0142 \u0141ukasz \u017bmuda. Nasz napastnik, wychodz\u0105c na pozycj\u0119 sam na sam z bramkarzem miejscowych, odda\u0142 strza\u0142 wprost w niego. Na szcz\u0119\u015bcie nadarzy\u0142a si\u0119 szybka okazja na dobitk\u0119, kt\u00f3r\u0105 zako\u0144czy\u0142 celnym trafieniem do siatki rywala.<br \/>\nW 17 minucie pi\u0142k\u0119 po g\u0142\u00f3wce go\u015bci zdo\u0142a\u0142 wy\u0142apa\u0107 strzeg\u0105cy dzi\u015b bramki b\u0119dzinian Norbert \u017buchowski, kt\u00f3ry zast\u0119powa\u0142 pauzuj\u0105cego za czerwon\u0105 kartk\u0119 Rafa\u0142a Dawida.<br \/>\nW 25 minucie o ma\u0142y w\u0142os obro\u0144ca RKS-u g\u0142\u00f3wk\u0105 nie pokona\u0142 swojego bramkarza, kt\u00f3ry zdo\u0142a\u0142 z trudem wybi\u0107 pi\u0142k\u0119 na r\u00f3g. Wtedy to Karol G\u00f3ral podszed\u0142 do futbol\u00f3wki, wrzucaj\u0105c j\u0105 w pole karne rywala. Ta spad\u0142a na g\u0142ow\u0119 Daniela Majki, a nast\u0119pnie zatrzyma\u0142a si\u0119 na poprzeczce.<br \/>\nW 34 minucie Marek Kocot odda\u0142 niecelny strza\u0142. Cztery minuty p\u00f3\u017aniej miejscowi zn\u00f3w mieli sporo szcz\u0119\u015bcia. Tym razem pi\u0142ka po g\u0142\u00f3wce Kacpra Zawadzkiego trafi\u0142a w s\u0142upek bramki przeciwnika.<br \/>\nW 42 minucie gospodarze oddali strza\u0142 nad nasz\u0105 bramk\u0105. W odpowiedzi \u0141ukasz \u017bmuda trafi\u0142 futbol\u00f3wk\u0105 wprost w nogi golkipera miejscowych.<br \/>\nW ostatnich sekundach pierwszej po\u0142owy drugiego gola do szatni zdoby\u0142 Kacper Zawadzki, kt\u00f3ry zabawi\u0142 si\u0119 z obro\u0144c\u0105 gospodarzy, a nast\u0119pnie odda\u0142 zaskakuj\u0105cy strza\u0142 po ziemi.<br \/>\nChwil\u0119 potem \u0141ukasz \u017bmuda pos\u0142a\u0142 pi\u0142k\u0119 nad poprzeczk\u0105 bramki RKS-u.<br \/>\nDo przerwy Sarmacja zas\u0142u\u017cenie prowadzi\u0142a 2:0.<\/p>\n<p>W 53 i 55 minucie bramkarz grod\u017aczan dwukrotnie by\u0142 zmuszony interweniowa\u0107 po strza\u0142ach Marka Kocota i Wojciecha Ba\u0142y.<br \/>\nW 62 minucie fantastycznym refleksem wykaza\u0142 si\u0119 nasz kapitan Daniel Majka, kt\u00f3ry w ostatniej chwili zdo\u0142a\u0142 wybi\u0107 pi\u0142k\u0119 zmierzaj\u0105c\u0105 do naszej siatki.<br \/>\nW 70 minucie Marek Kocot dwukrotnie pr\u00f3bowa\u0142 swoich szans. Za pierwszym razem z bliska trafi\u0142 w obro\u0144c\u0119, a za drugim mocno przestrzeli\u0142.<br \/>\nOd 75 minucie gospodarze zmuszeni byli gra\u0107 w dziesi\u0105tk\u0119. Boisko musia\u0142 opu\u015bci\u0107 Damian Wa\u015bniewski, kt\u00f3ry za dwie \u017c\u00f3\u0142te kartki ujrza\u0142 czerwony kartonik.<br \/>\nW 78 minucie Karol G\u00f3ral pos\u0142a\u0142 pi\u0142k\u0119 wprost na g\u0142ow\u0119 \u0141ukasza \u017bmudy, a ta po jego uderzeniu przelecia\u0142a obok bramki.<br \/>\nW 84 minucie Klaudiusz Ku\u0142aga najpierw trafi\u0142 w bramkarza, a potem poprawi\u0142 si\u0119 \u015bwietn\u0105 wrzutk\u0105 na g\u0142ow\u0119 Alexa Tyszczaka. Ten z ostrego k\u0105ta wpakowa\u0142 j\u0105 do siatki miejscowych. By\u0142o to pierwsze trafienie \u201eAlexa\u201d w tym sezonie.<br \/>\nW doliczonym ju\u017c czasie gry Sarmaci zdo\u0142ali dobi\u0107 rywala, zdobywaj\u0105c czwartego gola. Znajduj\u0105cy si\u0119 w polu karnym rywala Kacper Zawadzki zdo\u0142a\u0142 z p\u00f3\u0142obrotu zmie\u015bci\u0107 pi\u0142k\u0119 w siatce za\u0142amanych gospodarzy. Tym samym uda\u0142o mu si\u0119 skompletowa\u0107 swojego drugiego \u201ehat-tricka\u201d ligowego w barwach naszego klubu. W tym sezonie jest to jego 5 gol w tych rozgrywkach.<\/p>\n<p>Dzi\u015b Sarmacja po bardzo dobrym spotkaniu zdo\u0142a\u0142a odnie\u015b\u0107 swoje pierwsze zwyci\u0119stwo ligowe w tym sezonie, pokonuj\u0105c na ci\u0119\u017ckim terenie rywala RKS Grodziec 4:0 (2:0). Smakuje ono, tym bardziej \u017ce zosta\u0142o odniesione w \u201eWielkich Derbach B\u0119dzina\u201d. Mimo os\u0142abie\u0144 brakiem dw\u00f3ch podstawowych zawodnik\u00f3w (Piotr Samborski \u2013 kontuzja, Rafa\u0142 Dawid \u2013 czerwona kartka), podopieczni trenera Janusza I\u0142czyka postawili si\u0119 wy\u017cej notowanemu rywalowi, odnosz\u0105c cenne i jak\u017ce presti\u017cowe zwyci\u0119stwo. Ambitnie graj\u0105cy Sarmaci, kt\u00f3rzy sprawili swoim kibicom wiele rado\u015bci, zas\u0142u\u017cyli na szczeg\u00f3lne s\u0142owa pochwa\u0142y. Dzi\u015b \u0141ukasz \u017bmuda, kt\u00f3ry cz\u0119sto bra\u0142 na swoje barki ci\u0119\u017car gry rozegra\u0142 sw\u00f3j najlepszy mecz w tym sezonie. Kapitan Daniel Majka udowodni\u0142, \u017ce wci\u0105\u017c jest g\u0142\u00f3wn\u0105 podpor\u0105 naszej defensywy, a Kacper Zawadzki ze zdobytym &#8216;hat-trickiem\u201d pokaza\u0142, \u017ce jego instynkt strzelecki z ka\u017cdym dniem ro\u015bnie w si\u0142\u0119. Oby tak dalej.<\/p>\n<p>Ju\u017c za tydzie\u0144 Sarmaci zmierz\u0105 si\u0119 na wyje\u017adzie z beniaminkiem Siemianowiczank\u0105 Siemianowice \u015al\u0105skie. Warto powalczy\u0107 o kolejny komplet punkt\u00f3w!<\/p>\n<p><strong>RKS Grodziec \u2013 Sarmacja B\u0119dzin 0:4 (0:2)<\/strong><\/p>\n<p><strong>S\u0119dzia:<\/strong> Andrzej Majcher (Zabrze)<\/p>\n<p><strong>Bramki:<\/strong><br \/>\n13&#8242;, 45&#8242;, 93&#8242; Zawadzki<br \/>\n84&#8242; (g) Tyszczak<\/p>\n<p><strong>\u017b\u00f3\u0142te kartki:<\/strong><br \/>\n29&#8242; Dul<br \/>\n51&#8242; Majka<br \/>\n79&#8242; \u017bmuda<\/p>\n<p><strong>Sarmacja B\u0119dzin:<\/strong> \u017buchowski \u2013 Dul, Majka, Duda\u0142a, Ignalski, \u017bmuda (88&#8242; Machaj), Kulesza, Ba\u0142a (68&#8242; Tyszczak), Kocot (79&#8242; Ku\u0142aga), G\u00f3ral, Zawadzki<\/p>\n","protected":false},"excerpt":{"rendered":"<p>17.09.2022 roku o godzinie 15.00 pi\u0142karze Sarmacji B\u0119dzin w VI kolejce ligowej na wyje\u017adzie zmierzyli si\u0119 z dru\u017cyn\u0105 RKS Grodziec. Pierwotnie mecz mia\u0142 odby\u0107 si\u0119 w B\u0119dzinie, ale obie strony wyrazi\u0142y zgod\u0119 na zmian\u0119 miejsca jego rozegrania. Powodem tego by\u0142y odbywaj\u0105ce si\u0119 w tym dniu w Grod\u017acu, obchody 75 rocznicy powstania miejscowego klubu RKS. \u201eWielkie&#8230;<\/p>\n","protected":false},"author":1,"featured_media":5230,"comment_status":"closed","ping_status":"closed","sticky":false,"template":"","format":"standard","meta":{"footnotes":""},"categories":[64],"tags":[],"class_list":["post-5229","post","type-post","status-publish","format-standard","has-post-thumbnail","hentry","category-soccer"],"yoast_head":"<!-- This site is optimized with the Yoast SEO plugin v25.8 - https:\/\/yoast.com\/wordpress\/plugins\/seo\/ -->\n<title>Kolejne Derby B\u0119dzina dla Sarmacji! | BKS Sarmacja B\u0119dzin<\/title>\n<meta name=\"robots\" content=\"index, follow, max-snippet:-1, max-image-preview:large, max-video-preview:-1\" \/>\n<link rel=\"canonical\" href=\"https:\/\/sarmacjabedzin.pl\/index.php\/2022\/09\/17\/kolejne-derby-bedzina-dla-sarmacji\/\" \/>\n<meta property=\"og:locale\" content=\"pl_PL\" \/>\n<meta property=\"og:type\" content=\"article\" \/>\n<meta property=\"og:title\" content=\"Kolejne Derby B\u0119dzina dla Sarmacji! | BKS Sarmacja B\u0119dzin\" \/>\n<meta property=\"og:description\" content=\"17.09.2022 roku o godzinie 15.00 pi\u0142karze Sarmacji B\u0119dzin w VI kolejce ligowej na wyje\u017adzie zmierzyli si\u0119 z dru\u017cyn\u0105 RKS Grodziec. Pierwotnie mecz mia\u0142 odby\u0107 si\u0119 w B\u0119dzinie, ale obie strony wyrazi\u0142y zgod\u0119 na zmian\u0119 miejsca jego rozegrania. Powodem tego by\u0142y odbywaj\u0105ce si\u0119 w tym dniu w Grod\u017acu, obchody 75 rocznicy powstania miejscowego klubu RKS. \u201eWielkie...\" \/>\n<meta property=\"og:url\" content=\"https:\/\/sarmacjabedzin.pl\/index.php\/2022\/09\/17\/kolejne-derby-bedzina-dla-sarmacji\/\" \/>\n<meta property=\"og:site_name\" content=\"BKS Sarmacja B\u0119dzin\" \/>\n<meta property=\"article:publisher\" content=\"https:\/\/www.facebook.com\/SarmacjaBedzin\" \/>\n<meta property=\"article:published_time\" content=\"2022-09-17T18:09:02+00:00\" \/>\n<meta property=\"og:image\" content=\"https:\/\/sarmacjabedzin.pl\/wp-content\/uploads\/2022\/09\/17_09_2022_RKS_Grodziec.jpg\" \/>\n\t<meta property=\"og:image:width\" content=\"1920\" \/>\n\t<meta property=\"og:image:height\" content=\"1080\" \/>\n\t<meta property=\"og:image:type\" content=\"image\/jpeg\" \/>\n<meta name=\"author\" content=\"tyrtak\" \/>\n<meta name=\"twitter:card\" content=\"summary_large_image\" \/>\n<meta name=\"twitter:label1\" content=\"Napisane przez\" \/>\n\t<meta name=\"twitter:data1\" content=\"tyrtak\" \/>\n\t<meta name=\"twitter:label2\" content=\"Szacowany czas czytania\" \/>\n\t<meta name=\"twitter:data2\" content=\"4 minuty\" \/>\n<script type=\"application\/ld+json\" class=\"yoast-schema-graph\">{\"@context\":\"https:\/\/schema.org\",\"@graph\":[{\"@type\":\"WebPage\",\"@id\":\"https:\/\/sarmacjabedzin.pl\/index.php\/2022\/09\/17\/kolejne-derby-bedzina-dla-sarmacji\/\",\"url\":\"https:\/\/sarmacjabedzin.pl\/index.php\/2022\/09\/17\/kolejne-derby-bedzina-dla-sarmacji\/\",\"name\":\"Kolejne Derby B\u0119dzina dla Sarmacji! | BKS Sarmacja B\u0119dzin\",\"isPartOf\":{\"@id\":\"https:\/\/sarmacjabedzin.pl\/#website\"},\"primaryImageOfPage\":{\"@id\":\"https:\/\/sarmacjabedzin.pl\/index.php\/2022\/09\/17\/kolejne-derby-bedzina-dla-sarmacji\/#primaryimage\"},\"image\":{\"@id\":\"https:\/\/sarmacjabedzin.pl\/index.php\/2022\/09\/17\/kolejne-derby-bedzina-dla-sarmacji\/#primaryimage\"},\"thumbnailUrl\":\"https:\/\/sarmacjabedzin.pl\/wp-content\/uploads\/2022\/09\/17_09_2022_RKS_Grodziec.jpg\",\"datePublished\":\"2022-09-17T18:09:02+00:00\",\"author\":{\"@id\":\"https:\/\/sarmacjabedzin.pl\/#\/schema\/person\/5417ea7b03bcd9adf58298a2265ce03a\"},\"breadcrumb\":{\"@id\":\"https:\/\/sarmacjabedzin.pl\/index.php\/2022\/09\/17\/kolejne-derby-bedzina-dla-sarmacji\/#breadcrumb\"},\"inLanguage\":\"pl-PL\",\"potentialAction\":[{\"@type\":\"ReadAction\",\"target\":[\"https:\/\/sarmacjabedzin.pl\/index.php\/2022\/09\/17\/kolejne-derby-bedzina-dla-sarmacji\/\"]}]},{\"@type\":\"ImageObject\",\"inLanguage\":\"pl-PL\",\"@id\":\"https:\/\/sarmacjabedzin.pl\/index.php\/2022\/09\/17\/kolejne-derby-bedzina-dla-sarmacji\/#primaryimage\",\"url\":\"https:\/\/sarmacjabedzin.pl\/wp-content\/uploads\/2022\/09\/17_09_2022_RKS_Grodziec.jpg\",\"contentUrl\":\"https:\/\/sarmacjabedzin.pl\/wp-content\/uploads\/2022\/09\/17_09_2022_RKS_Grodziec.jpg\",\"width\":1920,\"height\":1080},{\"@type\":\"BreadcrumbList\",\"@id\":\"https:\/\/sarmacjabedzin.pl\/index.php\/2022\/09\/17\/kolejne-derby-bedzina-dla-sarmacji\/#breadcrumb\",\"itemListElement\":[{\"@type\":\"ListItem\",\"position\":1,\"name\":\"Strona g\u0142\u00f3wna\",\"item\":\"https:\/\/sarmacjabedzin.pl\/\"},{\"@type\":\"ListItem\",\"position\":2,\"name\":\"Kolejne Derby B\u0119dzina dla Sarmacji!\"}]},{\"@type\":\"WebSite\",\"@id\":\"https:\/\/sarmacjabedzin.pl\/#website\",\"url\":\"https:\/\/sarmacjabedzin.pl\/\",\"name\":\"BKS Sarmacja B\u0119dzin \u2013 Nieoficjalny serwis\",\"description\":\"Nieoficjalny serwis B\u0119dzi\u0144skiego Klubu Sportowego &quot;Sarmacja&quot;\",\"potentialAction\":[{\"@type\":\"SearchAction\",\"target\":{\"@type\":\"EntryPoint\",\"urlTemplate\":\"https:\/\/sarmacjabedzin.pl\/?s={search_term_string}\"},\"query-input\":{\"@type\":\"PropertyValueSpecification\",\"valueRequired\":true,\"valueName\":\"search_term_string\"}}],\"inLanguage\":\"pl-PL\"},{\"@type\":\"Person\",\"@id\":\"https:\/\/sarmacjabedzin.pl\/#\/schema\/person\/5417ea7b03bcd9adf58298a2265ce03a\",\"name\":\"tyrtak\",\"image\":{\"@type\":\"ImageObject\",\"inLanguage\":\"pl-PL\",\"@id\":\"https:\/\/sarmacjabedzin.pl\/#\/schema\/person\/image\/\",\"url\":\"https:\/\/secure.gravatar.com\/avatar\/49b7734c6795cf524710e96813a9fedc1ae3816e479d92490236b4cfc47a5ae1?s=96&d=mm&r=g\",\"contentUrl\":\"https:\/\/secure.gravatar.com\/avatar\/49b7734c6795cf524710e96813a9fedc1ae3816e479d92490236b4cfc47a5ae1?s=96&d=mm&r=g\",\"caption\":\"tyrtak\"}}]}<\/script>\n<!-- \/ Yoast SEO plugin. -->","yoast_head_json":{"title":"Kolejne Derby B\u0119dzina dla Sarmacji! | BKS Sarmacja B\u0119dzin","robots":{"index":"index","follow":"follow","max-snippet":"max-snippet:-1","max-image-preview":"max-image-preview:large","max-video-preview":"max-video-preview:-1"},"canonical":"https:\/\/sarmacjabedzin.pl\/index.php\/2022\/09\/17\/kolejne-derby-bedzina-dla-sarmacji\/","og_locale":"pl_PL","og_type":"article","og_title":"Kolejne Derby B\u0119dzina dla Sarmacji! | BKS Sarmacja B\u0119dzin","og_description":"17.09.2022 roku o godzinie 15.00 pi\u0142karze Sarmacji B\u0119dzin w VI kolejce ligowej na wyje\u017adzie zmierzyli si\u0119 z dru\u017cyn\u0105 RKS Grodziec. Pierwotnie mecz mia\u0142 odby\u0107 si\u0119 w B\u0119dzinie, ale obie strony wyrazi\u0142y zgod\u0119 na zmian\u0119 miejsca jego rozegrania. Powodem tego by\u0142y odbywaj\u0105ce si\u0119 w tym dniu w Grod\u017acu, obchody 75 rocznicy powstania miejscowego klubu RKS. \u201eWielkie...","og_url":"https:\/\/sarmacjabedzin.pl\/index.php\/2022\/09\/17\/kolejne-derby-bedzina-dla-sarmacji\/","og_site_name":"BKS Sarmacja B\u0119dzin","article_publisher":"https:\/\/www.facebook.com\/SarmacjaBedzin","article_published_time":"2022-09-17T18:09:02+00:00","og_image":[{"width":1920,"height":1080,"url":"https:\/\/sarmacjabedzin.pl\/wp-content\/uploads\/2022\/09\/17_09_2022_RKS_Grodziec.jpg","type":"image\/jpeg"}],"author":"tyrtak","twitter_card":"summary_large_image","twitter_misc":{"Napisane przez":"tyrtak","Szacowany czas czytania":"4 minuty"},"schema":{"@context":"https:\/\/schema.org","@graph":[{"@type":"WebPage","@id":"https:\/\/sarmacjabedzin.pl\/index.php\/2022\/09\/17\/kolejne-derby-bedzina-dla-sarmacji\/","url":"https:\/\/sarmacjabedzin.pl\/index.php\/2022\/09\/17\/kolejne-derby-bedzina-dla-sarmacji\/","name":"Kolejne Derby B\u0119dzina dla Sarmacji! | BKS Sarmacja B\u0119dzin","isPartOf":{"@id":"https:\/\/sarmacjabedzin.pl\/#website"},"primaryImageOfPage":{"@id":"https:\/\/sarmacjabedzin.pl\/index.php\/2022\/09\/17\/kolejne-derby-bedzina-dla-sarmacji\/#primaryimage"},"image":{"@id":"https:\/\/sarmacjabedzin.pl\/index.php\/2022\/09\/17\/kolejne-derby-bedzina-dla-sarmacji\/#primaryimage"},"thumbnailUrl":"https:\/\/sarmacjabedzin.pl\/wp-content\/uploads\/2022\/09\/17_09_2022_RKS_Grodziec.jpg","datePublished":"2022-09-17T18:09:02+00:00","author":{"@id":"https:\/\/sarmacjabedzin.pl\/#\/schema\/person\/5417ea7b03bcd9adf58298a2265ce03a"},"breadcrumb":{"@id":"https:\/\/sarmacjabedzin.pl\/index.php\/2022\/09\/17\/kolejne-derby-bedzina-dla-sarmacji\/#breadcrumb"},"inLanguage":"pl-PL","potentialAction":[{"@type":"ReadAction","target":["https:\/\/sarmacjabedzin.pl\/index.php\/2022\/09\/17\/kolejne-derby-bedzina-dla-sarmacji\/"]}]},{"@type":"ImageObject","inLanguage":"pl-PL","@id":"https:\/\/sarmacjabedzin.pl\/index.php\/2022\/09\/17\/kolejne-derby-bedzina-dla-sarmacji\/#primaryimage","url":"https:\/\/sarmacjabedzin.pl\/wp-content\/uploads\/2022\/09\/17_09_2022_RKS_Grodziec.jpg","contentUrl":"https:\/\/sarmacjabedzin.pl\/wp-content\/uploads\/2022\/09\/17_09_2022_RKS_Grodziec.jpg","width":1920,"height":1080},{"@type":"BreadcrumbList","@id":"https:\/\/sarmacjabedzin.pl\/index.php\/2022\/09\/17\/kolejne-derby-bedzina-dla-sarmacji\/#breadcrumb","itemListElement":[{"@type":"ListItem","position":1,"name":"Strona g\u0142\u00f3wna","item":"https:\/\/sarmacjabedzin.pl\/"},{"@type":"ListItem","position":2,"name":"Kolejne Derby B\u0119dzina dla Sarmacji!"}]},{"@type":"WebSite","@id":"https:\/\/sarmacjabedzin.pl\/#website","url":"https:\/\/sarmacjabedzin.pl\/","name":"BKS Sarmacja B\u0119dzin \u2013 Nieoficjalny serwis","description":"Nieoficjalny serwis B\u0119dzi\u0144skiego Klubu Sportowego &quot;Sarmacja&quot;","potentialAction":[{"@type":"SearchAction","target":{"@type":"EntryPoint","urlTemplate":"https:\/\/sarmacjabedzin.pl\/?s={search_term_string}"},"query-input":{"@type":"PropertyValueSpecification","valueRequired":true,"valueName":"search_term_string"}}],"inLanguage":"pl-PL"},{"@type":"Person","@id":"https:\/\/sarmacjabedzin.pl\/#\/schema\/person\/5417ea7b03bcd9adf58298a2265ce03a","name":"tyrtak","image":{"@type":"ImageObject","inLanguage":"pl-PL","@id":"https:\/\/sarmacjabedzin.pl\/#\/schema\/person\/image\/","url":"https:\/\/secure.gravatar.com\/avatar\/49b7734c6795cf524710e96813a9fedc1ae3816e479d92490236b4cfc47a5ae1?s=96&d=mm&r=g","contentUrl":"https:\/\/secure.gravatar.com\/avatar\/49b7734c6795cf524710e96813a9fedc1ae3816e479d92490236b4cfc47a5ae1?s=96&d=mm&r=g","caption":"tyrtak"}}]}},"rttpg_featured_image_url":{"full":["https:\/\/sarmacjabedzin.pl\/wp-content\/uploads\/2022\/09\/17_09_2022_RKS_Grodziec.jpg",1920,1080,false],"landscape":["https:\/\/sarmacjabedzin.pl\/wp-content\/uploads\/2022\/09\/17_09_2022_RKS_Grodziec.jpg",1920,1080,false],"portraits":["https:\/\/sarmacjabedzin.pl\/wp-content\/uploads\/2022\/09\/17_09_2022_RKS_Grodziec.jpg",1920,1080,false],"thumbnail":["https:\/\/sarmacjabedzin.pl\/wp-content\/uploads\/2022\/09\/17_09_2022_RKS_Grodziec-150x150.jpg",150,150,true],"medium":["https:\/\/sarmacjabedzin.pl\/wp-content\/uploads\/2022\/09\/17_09_2022_RKS_Grodziec-300x169.jpg",300,169,true],"large":["https:\/\/sarmacjabedzin.pl\/wp-content\/uploads\/2022\/09\/17_09_2022_RKS_Grodziec-1024x576.jpg",1024,576,true],"1536x1536":["https:\/\/sarmacjabedzin.pl\/wp-content\/uploads\/2022\/09\/17_09_2022_RKS_Grodziec-1536x864.jpg",1536,864,true],"2048x2048":["https:\/\/sarmacjabedzin.pl\/wp-content\/uploads\/2022\/09\/17_09_2022_RKS_Grodziec.jpg",1920,1080,false],"sportspress-crop-medium":["https:\/\/sarmacjabedzin.pl\/wp-content\/uploads\/2022\/09\/17_09_2022_RKS_Grodziec-300x300.jpg",300,300,true],"sportspress-fit-medium":["https:\/\/sarmacjabedzin.pl\/wp-content\/uploads\/2022\/09\/17_09_2022_RKS_Grodziec-300x169.jpg",300,169,true],"sportspress-fit-icon":["https:\/\/sarmacjabedzin.pl\/wp-content\/uploads\/2022\/09\/17_09_2022_RKS_Grodziec-128x72.jpg",128,72,true],"sportspress-fit-mini":["https:\/\/sarmacjabedzin.pl\/wp-content\/uploads\/2022\/09\/17_09_2022_RKS_Grodziec-32x18.jpg",32,18,true],"ultp_layout_landscape_large":["https:\/\/sarmacjabedzin.pl\/wp-content\/uploads\/2022\/09\/17_09_2022_RKS_Grodziec-1200x800.jpg",1200,800,true],"ultp_layout_landscape":["https:\/\/sarmacjabedzin.pl\/wp-content\/uploads\/2022\/09\/17_09_2022_RKS_Grodziec-870x570.jpg",870,570,true],"ultp_layout_portrait":["https:\/\/sarmacjabedzin.pl\/wp-content\/uploads\/2022\/09\/17_09_2022_RKS_Grodziec-600x900.jpg",600,900,true],"ultp_layout_square":["https:\/\/sarmacjabedzin.pl\/wp-content\/uploads\/2022\/09\/17_09_2022_RKS_Grodziec-600x600.jpg",600,600,true],"stm-1140-666":["https:\/\/sarmacjabedzin.pl\/wp-content\/uploads\/2022\/09\/17_09_2022_RKS_Grodziec-1140x666.jpg",1140,666,true],"stm-1170-650":["https:\/\/sarmacjabedzin.pl\/wp-content\/uploads\/2022\/09\/17_09_2022_RKS_Grodziec-1170x650.jpg",1170,650,true],"stm-570-350":["https:\/\/sarmacjabedzin.pl\/wp-content\/uploads\/2022\/09\/17_09_2022_RKS_Grodziec-570x350.jpg",570,350,true],"stm-570-250":["https:\/\/sarmacjabedzin.pl\/wp-content\/uploads\/2022\/09\/17_09_2022_RKS_Grodziec-570x250.jpg",570,250,true],"stm-270-370":["https:\/\/sarmacjabedzin.pl\/wp-content\/uploads\/2022\/09\/17_09_2022_RKS_Grodziec-270x370.jpg",270,370,true],"stm-540-500":["https:\/\/sarmacjabedzin.pl\/wp-content\/uploads\/2022\/09\/17_09_2022_RKS_Grodziec-540x500.jpg",540,500,true],"stm-270-530":["https:\/\/sarmacjabedzin.pl\/wp-content\/uploads\/2022\/09\/17_09_2022_RKS_Grodziec-270x530.jpg",270,530,true],"stm-200-200":["https:\/\/sarmacjabedzin.pl\/wp-content\/uploads\/2022\/09\/17_09_2022_RKS_Grodziec-200x200.jpg",200,200,true],"stm-85-105":["https:\/\/sarmacjabedzin.pl\/wp-content\/uploads\/2022\/09\/17_09_2022_RKS_Grodziec-85x105.jpg",85,105,true],"stm-255-255":["https:\/\/sarmacjabedzin.pl\/wp-content\/uploads\/2022\/09\/17_09_2022_RKS_Grodziec-255x255.jpg",255,255,true],"stm-360-240":["https:\/\/sarmacjabedzin.pl\/wp-content\/uploads\/2022\/09\/17_09_2022_RKS_Grodziec-360x240.jpg",360,240,true],"stm-360-495":["https:\/\/sarmacjabedzin.pl\/wp-content\/uploads\/2022\/09\/17_09_2022_RKS_Grodziec-360x495.jpg",360,495,true],"stm-445-400":["https:\/\/sarmacjabedzin.pl\/wp-content\/uploads\/2022\/09\/17_09_2022_RKS_Grodziec-445x400.jpg",445,400,true],"stm-735-240":["https:\/\/sarmacjabedzin.pl\/wp-content\/uploads\/2022\/09\/17_09_2022_RKS_Grodziec-735x240.jpg",735,240,true],"stm-255-183":["https:\/\/sarmacjabedzin.pl\/wp-content\/uploads\/2022\/09\/17_09_2022_RKS_Grodziec-255x183.jpg",255,183,true],"stm-350-250":["https:\/\/sarmacjabedzin.pl\/wp-content\/uploads\/2022\/09\/17_09_2022_RKS_Grodziec-350x250.jpg",350,250,true],"blog_list":["https:\/\/sarmacjabedzin.pl\/wp-content\/uploads\/2022\/09\/17_09_2022_RKS_Grodziec-270x220.jpg",270,220,true],"blog_list_medium":["https:\/\/sarmacjabedzin.pl\/wp-content\/uploads\/2022\/09\/17_09_2022_RKS_Grodziec-390x345.jpg",390,345,true],"gallery_thumbnail":["https:\/\/sarmacjabedzin.pl\/wp-content\/uploads\/2022\/09\/17_09_2022_RKS_Grodziec-80x80.jpg",80,80,true],"gallery_image":["https:\/\/sarmacjabedzin.pl\/wp-content\/uploads\/2022\/09\/17_09_2022_RKS_Grodziec-560x367.jpg",560,367,true],"gallery_image_mini":["https:\/\/sarmacjabedzin.pl\/wp-content\/uploads\/2022\/09\/17_09_2022_RKS_Grodziec-143x116.jpg",143,116,true],"player_photo":["https:\/\/sarmacjabedzin.pl\/wp-content\/uploads\/2022\/09\/17_09_2022_RKS_Grodziec-740x740.jpg",740,740,true],"team_logo":["https:\/\/sarmacjabedzin.pl\/wp-content\/uploads\/2022\/09\/17_09_2022_RKS_Grodziec-98x55.jpg",98,55,true],"player_stat_ava":["https:\/\/sarmacjabedzin.pl\/wp-content\/uploads\/2022\/09\/17_09_2022_RKS_Grodziec-550x580.jpg",550,580,true],"post-350-220":["https:\/\/sarmacjabedzin.pl\/wp-content\/uploads\/2022\/09\/17_09_2022_RKS_Grodziec-350x220.jpg",350,220,true],"post-275-142":["https:\/\/sarmacjabedzin.pl\/wp-content\/uploads\/2022\/09\/17_09_2022_RKS_Grodziec-275x142.jpg",275,142,true],"post-160-120":["https:\/\/sarmacjabedzin.pl\/wp-content\/uploads\/2022\/09\/17_09_2022_RKS_Grodziec-160x120.jpg",160,120,true],"post-110-70":["https:\/\/sarmacjabedzin.pl\/wp-content\/uploads\/2022\/09\/17_09_2022_RKS_Grodziec-110x70.jpg",110,70,true],"post-770-450":["https:\/\/sarmacjabedzin.pl\/wp-content\/uploads\/2022\/09\/17_09_2022_RKS_Grodziec-770x450.jpg",770,450,true],"post-370-210":["https:\/\/sarmacjabedzin.pl\/wp-content\/uploads\/2022\/09\/17_09_2022_RKS_Grodziec-370x210.jpg",370,210,true],"post-457-470":["https:\/\/sarmacjabedzin.pl\/wp-content\/uploads\/2022\/09\/17_09_2022_RKS_Grodziec-457x470.jpg",457,470,true],"post-370-420":["https:\/\/sarmacjabedzin.pl\/wp-content\/uploads\/2022\/09\/17_09_2022_RKS_Grodziec-370x420.jpg",370,420,true],"stm-445-445":["https:\/\/sarmacjabedzin.pl\/wp-content\/uploads\/2022\/09\/17_09_2022_RKS_Grodziec-445x445.jpg",445,445,true],"stm-555-460":["https:\/\/sarmacjabedzin.pl\/wp-content\/uploads\/2022\/09\/17_09_2022_RKS_Grodziec-555x460.jpg",555,460,true],"stm-350-450":["https:\/\/sarmacjabedzin.pl\/wp-content\/uploads\/2022\/09\/17_09_2022_RKS_Grodziec-350x450.jpg",350,450,true],"stm-720-440":["https:\/\/sarmacjabedzin.pl\/wp-content\/uploads\/2022\/09\/17_09_2022_RKS_Grodziec-720x440.jpg",720,440,true],"stm-270-270":["https:\/\/sarmacjabedzin.pl\/wp-content\/uploads\/2022\/09\/17_09_2022_RKS_Grodziec-270x270.jpg",270,270,true],"stm-760-450":["https:\/\/sarmacjabedzin.pl\/wp-content\/uploads\/2022\/09\/17_09_2022_RKS_Grodziec-760x450.jpg",760,450,true]},"rttpg_author":{"display_name":"tyrtak","author_link":false},"rttpg_comment":0,"rttpg_category":"<a href=\"https:\/\/sarmacjabedzin.pl\/index.php\/category\/soccer\/\" rel=\"category tag\">Liga<\/a>","rttpg_excerpt":"17.09.2022 roku o godzinie 15.00 pi\u0142karze Sarmacji B\u0119dzin w VI kolejce ligowej na wyje\u017adzie zmierzyli si\u0119 z dru\u017cyn\u0105 RKS Grodziec. Pierwotnie mecz mia\u0142 odby\u0107 si\u0119 w B\u0119dzinie, ale obie strony wyrazi\u0142y zgod\u0119 na zmian\u0119 miejsca jego rozegrania. Powodem tego by\u0142y odbywaj\u0105ce si\u0119 w tym dniu w Grod\u017acu, obchody 75 rocznicy powstania miejscowego klubu RKS. \u201eWielkie...","_links":{"self":[{"href":"https:\/\/sarmacjabedzin.pl\/index.php\/wp-json\/wp\/v2\/posts\/5229","targetHints":{"allow":["GET"]}}],"collection":[{"href":"https:\/\/sarmacjabedzin.pl\/index.php\/wp-json\/wp\/v2\/posts"}],"about":[{"href":"https:\/\/sarmacjabedzin.pl\/index.php\/wp-json\/wp\/v2\/types\/post"}],"author":[{"embeddable":true,"href":"https:\/\/sarmacjabedzin.pl\/index.php\/wp-json\/wp\/v2\/users\/1"}],"replies":[{"embeddable":true,"href":"https:\/\/sarmacjabedzin.pl\/index.php\/wp-json\/wp\/v2\/comments?post=5229"}],"version-history":[{"count":0,"href":"https:\/\/sarmacjabedzin.pl\/index.php\/wp-json\/wp\/v2\/posts\/5229\/revisions"}],"wp:featuredmedia":[{"embeddable":true,"href":"https:\/\/sarmacjabedzin.pl\/index.php\/wp-json\/wp\/v2\/media\/5230"}],"wp:attachment":[{"href":"https:\/\/sarmacjabedzin.pl\/index.php\/wp-json\/wp\/v2\/media?parent=5229"}],"wp:term":[{"taxonomy":"category","embeddable":true,"href":"https:\/\/sarmacjabedzin.pl\/index.php\/wp-json\/wp\/v2\/categories?post=5229"},{"taxonomy":"post_tag","embeddable":true,"href":"https:\/\/sarmacjabedzin.pl\/index.php\/wp-json\/wp\/v2\/tags?post=5229"}],"curies":[{"name":"wp","href":"https:\/\/api.w.org\/{rel}","templated":true}]}}