{"id":5234,"date":"2022-09-21T21:36:38","date_gmt":"2022-09-21T19:36:38","guid":{"rendered":"https:\/\/sarmacjabedzin.pl\/?p=5234"},"modified":"2022-09-21T23:10:49","modified_gmt":"2022-09-21T21:10:49","slug":"sarmacja-w-polfinale-pucharu","status":"publish","type":"post","link":"https:\/\/sarmacjabedzin.pl\/index.php\/2022\/09\/21\/sarmacja-w-polfinale-pucharu\/","title":{"rendered":"Sarmacja w p\u00f3\u0142finale pucharu!"},"content":{"rendered":"<p>Dzi\u015b 21.09.2022 roku pi\u0142karze Sarmacji B\u0119dzin\u00a0 w II rundzie Pucharu Polski podokr\u0119gu sosnowieckiego zmierzyli si\u0119 na wyje\u017adzie z A klasowym \u0179r\u00f3d\u0142em Kromo\u0142\u00f3w. Gospodarze wyeliminowali tydzie\u0144 temu rezerwy Sarmacji B\u0119dzin, wygrywaj\u0105c 4:2, natomiast nasza dru\u017cyna dwa tygodnie temu pokona\u0142a niespodziewanie rezerwy Zag\u0142\u0119bia Sosnowiec 1:1 (k.5:3).<\/p>\n<p>Przez pierwsze 20 minut meczu obie dru\u017cyny bada\u0142y swoje umiej\u0119tno\u015bci.<br \/>\nW 21 minucie lekki strza\u0142 \u0141ukasza Ignalskiego zdo\u0142a\u0142 wybroni\u0107 bramkarz gospodarzy.<br \/>\nPi\u0119\u0107 minut p\u00f3\u017aniej Rafa\u0142 Dawid strzeg\u0105cy naszej bramki popisa\u0142 si\u0119 pewn\u0105 interwencj\u0105.<br \/>\nW 30 minucie Sarmacja obj\u0119\u0142a prowadzenie 1:0, po indywidualnej akcji w polu karnym rywala Klaudiusza Ku\u0142agi. Nasz skrzyd\u0142owy zbieg\u0142 z lewej strony boiska do \u015brodka, a nast\u0119pnie lew\u0105 nog\u0105 pos\u0142a\u0142 pi\u0142k\u0119 do siatki rywala.<br \/>\nCztery minuty p\u00f3\u017aniej Kacper Zawadzki nie zdo\u0142a\u0142 pokona\u0107 golkipera gospodarzy, kt\u00f3ry wybi\u0142 futbol\u00f3wk\u0119 na r\u00f3g.<br \/>\nW 39 minucie kolejn\u0105 skuteczn\u0105 obron\u0105 popisa\u0142 si\u0119 Rafa\u0142 Dawid.<br \/>\nW 41 minucie wynik na 2:0 dla Sarmacji podwy\u017cszy\u0142 Kacper Zawadzki, kt\u00f3ry skorzysta\u0142 z wrzutki strzelca pierwszego gola Klaudiusza Ku\u0142agi.<br \/>\nDo przerwy wynik nie uleg\u0142 ju\u017c zmianie.<\/p>\n<p>W drugiej po\u0142owie b\u0119dzinianie potrzebowali zaledwie dw\u00f3ch minut, aby zdoby\u0107 trzeciego gola. Tym razem indywidualn\u0105 akcj\u0105 popisa\u0142 si\u0119 Marek Kocot, kt\u00f3ry sam wyko\u0144czy\u0142 j\u0105 celnym trafieniem.<br \/>\nOd 60 minuty losy tego spotkania zacz\u0119\u0142y si\u0119 diametralnie zmienia\u0107. W\u0142a\u015bnie wtedy to faul naszego zawodnika we w\u0142asnym polu karnym zako\u0144czy\u0142 si\u0119 rzutem karnym dla gospodarzy. Jego skutecznym wykonawcom okaza\u0142 si\u0119 Krystian Kowalik, kt\u00f3ry zmyli\u0142 naszego bramkarza, posy\u0142aj\u0105c pi\u0142k\u0119 w jego przeciwleg\u0142\u0105 stron\u0119.<br \/>\nZaledwie osiem minut p\u00f3\u017aniej nasza przewaga zmala\u0142a do jednej bramki. Pechowa interwencja Krystiana Duda\u0142y zako\u0144czy\u0142a si\u0119 strat\u0105 drugiego gola. Po tym samob\u00f3ju go\u015bcie niebezpiecznie zbli\u017cyli si\u0119 do wyr\u00f3wnania.<br \/>\nW 87 minucie o zwyci\u0119stwie m\u00f3g\u0142 ju\u017c przes\u0105dzi\u0107 Klaudiusz Ku\u0142aga. Niestety w pojedynku sam na sam z bramkarzem miejscowych trafi\u0142 pi\u0142k\u0105 w jego nogi.<br \/>\nKo\u0144c\u00f3wka spotkania nale\u017ca\u0142a do gospodarzy, kt\u00f3rzy za wszelk\u0105 cen\u0105 pr\u00f3bowali doprowadzi\u0107 do wyr\u00f3wnania.<br \/>\nW 88 minucie futbol\u00f3wka poszybowa\u0142a tu\u017c obok naszej bramki. W doliczonym ju\u017c czasie gry Rafa\u0142 Dawid popisa\u0142 si\u0119 interwencj\u0105 tego spotkania. Jego kapitalna parada zapobieg\u0142a pewnej utracie gola. Pi\u0142k\u0119 zmierzaj\u0105c\u0105 w samo okienko bramki zdo\u0142a\u0142 wybi\u0107 na r\u00f3g.<\/p>\n<p>Mimo stara\u0144 miejscowych wynik nie uleg\u0142 ju\u017c zmianie. Sarmacja po przeci\u0119tnym spotkaniu pokona\u0142a \u0179r\u00f3d\u0142o Kromo\u0142\u00f3w 3:2 (2:0). O ile w pierwszej po\u0142owie b\u0119dzinianie prowadzili spokojn\u0105 gr\u0119, to po zmianie stron jej obraz pozostawia\u0142 wiele do \u017cyczenia. Mimo to liczy si\u0119 zwyci\u0119stwo i awans do p\u00f3\u0142fina\u0142u rozgrywek Pucharu Polski podokr\u0119gu sosnowieckiego. Dzi\u015b nasz\u0105 dru\u017cyn\u0119 prowadzi\u0142 trener rezerw Pawe\u0142 Gasik, kt\u00f3ry da\u0142 szans\u0119 debiutu w oficjalnym meczu Sarmacji trzem juniorom, a byli to: Micha\u0142 Hupty\u015b, Oskar Zawierucha oraz Dawid Dudek.\u00a0 Teraz czekamy na kolejnego rywala spo\u015br\u00f3d zwyci\u0119zc\u00f3w pozosta\u0142ych pojedynk\u00f3w:<br \/>\nG\u00f3rnik Piaski \u2013 Warta Zawiercie<br \/>\nCKS Czelad\u017a \u2013 Szczakowianka Jaworzno<br \/>\nZew Kazimierz \u2013 Unia D\u0105browa G\u00f3rnicza<\/p>\n<p><strong>\u0179r\u00f3d\u0142o Kromo\u0142\u00f3w \u2013 Sarmacja B\u0119dzin 2:3 (0:2)<\/strong><\/p>\n<p><strong>Bramki:<\/strong><br \/>\n30&#8242; Ku\u0142aga<br \/>\n41&#8242; Zawadzki<br \/>\n47&#8242; Kocot<br \/>\n___________<br \/>\n60&#8242; (k) Kowalik<br \/>\n68&#8242; (sam.) Duda\u0142a<\/p>\n<p><strong>\u017b\u00f3\u0142te kartki:<\/strong><br \/>\n48&#8242; \u017bmuda<br \/>\n90&#8242; Dudek<\/p>\n<p><strong>Sarmacja B\u0119dzin:<\/strong> Dawid \u2013 Dul, Majka, Duda\u0142a, Ignalski, Ku\u0142aga (88&#8242; Zawierucha), Kulesza, Tyszczak (77&#8242; Machaj), G\u00f3ral (46&#8242; \u017bmuda), Kocot (59&#8242; Hupty\u015b), Zawadzki (65\u2019 Dudek).<\/p>\n","protected":false},"excerpt":{"rendered":"<p>Dzi\u015b 21.09.2022 roku pi\u0142karze Sarmacji B\u0119dzin\u00a0 w II rundzie Pucharu Polski podokr\u0119gu sosnowieckiego zmierzyli si\u0119 na wyje\u017adzie z A klasowym \u0179r\u00f3d\u0142em Kromo\u0142\u00f3w. Gospodarze wyeliminowali tydzie\u0144 temu rezerwy Sarmacji B\u0119dzin, wygrywaj\u0105c 4:2, natomiast nasza dru\u017cyna dwa tygodnie temu pokona\u0142a niespodziewanie rezerwy Zag\u0142\u0119bia Sosnowiec 1:1 (k.5:3). Przez pierwsze 20 minut meczu obie dru\u017cyny bada\u0142y swoje umiej\u0119tno\u015bci. W&#8230;<\/p>\n","protected":false},"author":1,"featured_media":5235,"comment_status":"closed","ping_status":"closed","sticky":false,"template":"","format":"standard","meta":{"footnotes":""},"categories":[68],"tags":[],"class_list":["post-5234","post","type-post","status-publish","format-standard","has-post-thumbnail","hentry","category-puchar"],"yoast_head":"<!-- This site is optimized with the Yoast SEO plugin v25.8 - https:\/\/yoast.com\/wordpress\/plugins\/seo\/ -->\n<title>Sarmacja w p\u00f3\u0142finale pucharu! | BKS Sarmacja B\u0119dzin<\/title>\n<meta name=\"robots\" content=\"index, follow, max-snippet:-1, max-image-preview:large, max-video-preview:-1\" \/>\n<link rel=\"canonical\" href=\"https:\/\/sarmacjabedzin.pl\/index.php\/2022\/09\/21\/sarmacja-w-polfinale-pucharu\/\" \/>\n<meta property=\"og:locale\" content=\"pl_PL\" \/>\n<meta property=\"og:type\" content=\"article\" \/>\n<meta property=\"og:title\" content=\"Sarmacja w p\u00f3\u0142finale pucharu! | BKS Sarmacja B\u0119dzin\" \/>\n<meta property=\"og:description\" content=\"Dzi\u015b 21.09.2022 roku pi\u0142karze Sarmacji B\u0119dzin\u00a0 w II rundzie Pucharu Polski podokr\u0119gu sosnowieckiego zmierzyli si\u0119 na wyje\u017adzie z A klasowym \u0179r\u00f3d\u0142em Kromo\u0142\u00f3w. Gospodarze wyeliminowali tydzie\u0144 temu rezerwy Sarmacji B\u0119dzin, wygrywaj\u0105c 4:2, natomiast nasza dru\u017cyna dwa tygodnie temu pokona\u0142a niespodziewanie rezerwy Zag\u0142\u0119bia Sosnowiec 1:1 (k.5:3). Przez pierwsze 20 minut meczu obie dru\u017cyny bada\u0142y swoje umiej\u0119tno\u015bci. W...\" \/>\n<meta property=\"og:url\" content=\"https:\/\/sarmacjabedzin.pl\/index.php\/2022\/09\/21\/sarmacja-w-polfinale-pucharu\/\" \/>\n<meta property=\"og:site_name\" content=\"BKS Sarmacja B\u0119dzin\" \/>\n<meta property=\"article:publisher\" content=\"https:\/\/www.facebook.com\/SarmacjaBedzin\" \/>\n<meta property=\"article:published_time\" content=\"2022-09-21T19:36:38+00:00\" \/>\n<meta property=\"article:modified_time\" content=\"2022-09-21T21:10:49+00:00\" \/>\n<meta property=\"og:image\" content=\"https:\/\/sarmacjabedzin.pl\/wp-content\/uploads\/2022\/09\/Zrodlo_puchar.jpg\" \/>\n\t<meta property=\"og:image:width\" content=\"1920\" \/>\n\t<meta property=\"og:image:height\" content=\"1080\" \/>\n\t<meta property=\"og:image:type\" content=\"image\/jpeg\" \/>\n<meta name=\"author\" content=\"tyrtak\" \/>\n<meta name=\"twitter:card\" content=\"summary_large_image\" \/>\n<meta name=\"twitter:label1\" content=\"Napisane przez\" \/>\n\t<meta name=\"twitter:data1\" content=\"tyrtak\" \/>\n\t<meta name=\"twitter:label2\" content=\"Szacowany czas czytania\" \/>\n\t<meta name=\"twitter:data2\" content=\"3 minuty\" \/>\n<script type=\"application\/ld+json\" class=\"yoast-schema-graph\">{\"@context\":\"https:\/\/schema.org\",\"@graph\":[{\"@type\":\"WebPage\",\"@id\":\"https:\/\/sarmacjabedzin.pl\/index.php\/2022\/09\/21\/sarmacja-w-polfinale-pucharu\/\",\"url\":\"https:\/\/sarmacjabedzin.pl\/index.php\/2022\/09\/21\/sarmacja-w-polfinale-pucharu\/\",\"name\":\"Sarmacja w p\u00f3\u0142finale pucharu! | BKS Sarmacja B\u0119dzin\",\"isPartOf\":{\"@id\":\"https:\/\/sarmacjabedzin.pl\/#website\"},\"primaryImageOfPage\":{\"@id\":\"https:\/\/sarmacjabedzin.pl\/index.php\/2022\/09\/21\/sarmacja-w-polfinale-pucharu\/#primaryimage\"},\"image\":{\"@id\":\"https:\/\/sarmacjabedzin.pl\/index.php\/2022\/09\/21\/sarmacja-w-polfinale-pucharu\/#primaryimage\"},\"thumbnailUrl\":\"https:\/\/sarmacjabedzin.pl\/wp-content\/uploads\/2022\/09\/Zrodlo_puchar.jpg\",\"datePublished\":\"2022-09-21T19:36:38+00:00\",\"dateModified\":\"2022-09-21T21:10:49+00:00\",\"author\":{\"@id\":\"https:\/\/sarmacjabedzin.pl\/#\/schema\/person\/5417ea7b03bcd9adf58298a2265ce03a\"},\"breadcrumb\":{\"@id\":\"https:\/\/sarmacjabedzin.pl\/index.php\/2022\/09\/21\/sarmacja-w-polfinale-pucharu\/#breadcrumb\"},\"inLanguage\":\"pl-PL\",\"potentialAction\":[{\"@type\":\"ReadAction\",\"target\":[\"https:\/\/sarmacjabedzin.pl\/index.php\/2022\/09\/21\/sarmacja-w-polfinale-pucharu\/\"]}]},{\"@type\":\"ImageObject\",\"inLanguage\":\"pl-PL\",\"@id\":\"https:\/\/sarmacjabedzin.pl\/index.php\/2022\/09\/21\/sarmacja-w-polfinale-pucharu\/#primaryimage\",\"url\":\"https:\/\/sarmacjabedzin.pl\/wp-content\/uploads\/2022\/09\/Zrodlo_puchar.jpg\",\"contentUrl\":\"https:\/\/sarmacjabedzin.pl\/wp-content\/uploads\/2022\/09\/Zrodlo_puchar.jpg\",\"width\":1920,\"height\":1080},{\"@type\":\"BreadcrumbList\",\"@id\":\"https:\/\/sarmacjabedzin.pl\/index.php\/2022\/09\/21\/sarmacja-w-polfinale-pucharu\/#breadcrumb\",\"itemListElement\":[{\"@type\":\"ListItem\",\"position\":1,\"name\":\"Strona g\u0142\u00f3wna\",\"item\":\"https:\/\/sarmacjabedzin.pl\/\"},{\"@type\":\"ListItem\",\"position\":2,\"name\":\"Sarmacja w p\u00f3\u0142finale pucharu!\"}]},{\"@type\":\"WebSite\",\"@id\":\"https:\/\/sarmacjabedzin.pl\/#website\",\"url\":\"https:\/\/sarmacjabedzin.pl\/\",\"name\":\"BKS Sarmacja B\u0119dzin \u2013 Nieoficjalny serwis\",\"description\":\"Nieoficjalny serwis B\u0119dzi\u0144skiego Klubu Sportowego &quot;Sarmacja&quot;\",\"potentialAction\":[{\"@type\":\"SearchAction\",\"target\":{\"@type\":\"EntryPoint\",\"urlTemplate\":\"https:\/\/sarmacjabedzin.pl\/?s={search_term_string}\"},\"query-input\":{\"@type\":\"PropertyValueSpecification\",\"valueRequired\":true,\"valueName\":\"search_term_string\"}}],\"inLanguage\":\"pl-PL\"},{\"@type\":\"Person\",\"@id\":\"https:\/\/sarmacjabedzin.pl\/#\/schema\/person\/5417ea7b03bcd9adf58298a2265ce03a\",\"name\":\"tyrtak\",\"image\":{\"@type\":\"ImageObject\",\"inLanguage\":\"pl-PL\",\"@id\":\"https:\/\/sarmacjabedzin.pl\/#\/schema\/person\/image\/\",\"url\":\"https:\/\/secure.gravatar.com\/avatar\/49b7734c6795cf524710e96813a9fedc1ae3816e479d92490236b4cfc47a5ae1?s=96&d=mm&r=g\",\"contentUrl\":\"https:\/\/secure.gravatar.com\/avatar\/49b7734c6795cf524710e96813a9fedc1ae3816e479d92490236b4cfc47a5ae1?s=96&d=mm&r=g\",\"caption\":\"tyrtak\"}}]}<\/script>\n<!-- \/ Yoast SEO plugin. -->","yoast_head_json":{"title":"Sarmacja w p\u00f3\u0142finale pucharu! | BKS Sarmacja B\u0119dzin","robots":{"index":"index","follow":"follow","max-snippet":"max-snippet:-1","max-image-preview":"max-image-preview:large","max-video-preview":"max-video-preview:-1"},"canonical":"https:\/\/sarmacjabedzin.pl\/index.php\/2022\/09\/21\/sarmacja-w-polfinale-pucharu\/","og_locale":"pl_PL","og_type":"article","og_title":"Sarmacja w p\u00f3\u0142finale pucharu! | BKS Sarmacja B\u0119dzin","og_description":"Dzi\u015b 21.09.2022 roku pi\u0142karze Sarmacji B\u0119dzin\u00a0 w II rundzie Pucharu Polski podokr\u0119gu sosnowieckiego zmierzyli si\u0119 na wyje\u017adzie z A klasowym \u0179r\u00f3d\u0142em Kromo\u0142\u00f3w. Gospodarze wyeliminowali tydzie\u0144 temu rezerwy Sarmacji B\u0119dzin, wygrywaj\u0105c 4:2, natomiast nasza dru\u017cyna dwa tygodnie temu pokona\u0142a niespodziewanie rezerwy Zag\u0142\u0119bia Sosnowiec 1:1 (k.5:3). Przez pierwsze 20 minut meczu obie dru\u017cyny bada\u0142y swoje umiej\u0119tno\u015bci. W...","og_url":"https:\/\/sarmacjabedzin.pl\/index.php\/2022\/09\/21\/sarmacja-w-polfinale-pucharu\/","og_site_name":"BKS Sarmacja B\u0119dzin","article_publisher":"https:\/\/www.facebook.com\/SarmacjaBedzin","article_published_time":"2022-09-21T19:36:38+00:00","article_modified_time":"2022-09-21T21:10:49+00:00","og_image":[{"width":1920,"height":1080,"url":"https:\/\/sarmacjabedzin.pl\/wp-content\/uploads\/2022\/09\/Zrodlo_puchar.jpg","type":"image\/jpeg"}],"author":"tyrtak","twitter_card":"summary_large_image","twitter_misc":{"Napisane przez":"tyrtak","Szacowany czas czytania":"3 minuty"},"schema":{"@context":"https:\/\/schema.org","@graph":[{"@type":"WebPage","@id":"https:\/\/sarmacjabedzin.pl\/index.php\/2022\/09\/21\/sarmacja-w-polfinale-pucharu\/","url":"https:\/\/sarmacjabedzin.pl\/index.php\/2022\/09\/21\/sarmacja-w-polfinale-pucharu\/","name":"Sarmacja w p\u00f3\u0142finale pucharu! | BKS Sarmacja B\u0119dzin","isPartOf":{"@id":"https:\/\/sarmacjabedzin.pl\/#website"},"primaryImageOfPage":{"@id":"https:\/\/sarmacjabedzin.pl\/index.php\/2022\/09\/21\/sarmacja-w-polfinale-pucharu\/#primaryimage"},"image":{"@id":"https:\/\/sarmacjabedzin.pl\/index.php\/2022\/09\/21\/sarmacja-w-polfinale-pucharu\/#primaryimage"},"thumbnailUrl":"https:\/\/sarmacjabedzin.pl\/wp-content\/uploads\/2022\/09\/Zrodlo_puchar.jpg","datePublished":"2022-09-21T19:36:38+00:00","dateModified":"2022-09-21T21:10:49+00:00","author":{"@id":"https:\/\/sarmacjabedzin.pl\/#\/schema\/person\/5417ea7b03bcd9adf58298a2265ce03a"},"breadcrumb":{"@id":"https:\/\/sarmacjabedzin.pl\/index.php\/2022\/09\/21\/sarmacja-w-polfinale-pucharu\/#breadcrumb"},"inLanguage":"pl-PL","potentialAction":[{"@type":"ReadAction","target":["https:\/\/sarmacjabedzin.pl\/index.php\/2022\/09\/21\/sarmacja-w-polfinale-pucharu\/"]}]},{"@type":"ImageObject","inLanguage":"pl-PL","@id":"https:\/\/sarmacjabedzin.pl\/index.php\/2022\/09\/21\/sarmacja-w-polfinale-pucharu\/#primaryimage","url":"https:\/\/sarmacjabedzin.pl\/wp-content\/uploads\/2022\/09\/Zrodlo_puchar.jpg","contentUrl":"https:\/\/sarmacjabedzin.pl\/wp-content\/uploads\/2022\/09\/Zrodlo_puchar.jpg","width":1920,"height":1080},{"@type":"BreadcrumbList","@id":"https:\/\/sarmacjabedzin.pl\/index.php\/2022\/09\/21\/sarmacja-w-polfinale-pucharu\/#breadcrumb","itemListElement":[{"@type":"ListItem","position":1,"name":"Strona g\u0142\u00f3wna","item":"https:\/\/sarmacjabedzin.pl\/"},{"@type":"ListItem","position":2,"name":"Sarmacja w p\u00f3\u0142finale pucharu!"}]},{"@type":"WebSite","@id":"https:\/\/sarmacjabedzin.pl\/#website","url":"https:\/\/sarmacjabedzin.pl\/","name":"BKS Sarmacja B\u0119dzin \u2013 Nieoficjalny serwis","description":"Nieoficjalny serwis B\u0119dzi\u0144skiego Klubu Sportowego &quot;Sarmacja&quot;","potentialAction":[{"@type":"SearchAction","target":{"@type":"EntryPoint","urlTemplate":"https:\/\/sarmacjabedzin.pl\/?s={search_term_string}"},"query-input":{"@type":"PropertyValueSpecification","valueRequired":true,"valueName":"search_term_string"}}],"inLanguage":"pl-PL"},{"@type":"Person","@id":"https:\/\/sarmacjabedzin.pl\/#\/schema\/person\/5417ea7b03bcd9adf58298a2265ce03a","name":"tyrtak","image":{"@type":"ImageObject","inLanguage":"pl-PL","@id":"https:\/\/sarmacjabedzin.pl\/#\/schema\/person\/image\/","url":"https:\/\/secure.gravatar.com\/avatar\/49b7734c6795cf524710e96813a9fedc1ae3816e479d92490236b4cfc47a5ae1?s=96&d=mm&r=g","contentUrl":"https:\/\/secure.gravatar.com\/avatar\/49b7734c6795cf524710e96813a9fedc1ae3816e479d92490236b4cfc47a5ae1?s=96&d=mm&r=g","caption":"tyrtak"}}]}},"rttpg_featured_image_url":{"full":["https:\/\/sarmacjabedzin.pl\/wp-content\/uploads\/2022\/09\/Zrodlo_puchar.jpg",1920,1080,false],"landscape":["https:\/\/sarmacjabedzin.pl\/wp-content\/uploads\/2022\/09\/Zrodlo_puchar.jpg",1920,1080,false],"portraits":["https:\/\/sarmacjabedzin.pl\/wp-content\/uploads\/2022\/09\/Zrodlo_puchar.jpg",1920,1080,false],"thumbnail":["https:\/\/sarmacjabedzin.pl\/wp-content\/uploads\/2022\/09\/Zrodlo_puchar-150x150.jpg",150,150,true],"medium":["https:\/\/sarmacjabedzin.pl\/wp-content\/uploads\/2022\/09\/Zrodlo_puchar-300x169.jpg",300,169,true],"large":["https:\/\/sarmacjabedzin.pl\/wp-content\/uploads\/2022\/09\/Zrodlo_puchar-1024x576.jpg",1024,576,true],"1536x1536":["https:\/\/sarmacjabedzin.pl\/wp-content\/uploads\/2022\/09\/Zrodlo_puchar-1536x864.jpg",1536,864,true],"2048x2048":["https:\/\/sarmacjabedzin.pl\/wp-content\/uploads\/2022\/09\/Zrodlo_puchar.jpg",1920,1080,false],"sportspress-crop-medium":["https:\/\/sarmacjabedzin.pl\/wp-content\/uploads\/2022\/09\/Zrodlo_puchar-300x300.jpg",300,300,true],"sportspress-fit-medium":["https:\/\/sarmacjabedzin.pl\/wp-content\/uploads\/2022\/09\/Zrodlo_puchar-300x169.jpg",300,169,true],"sportspress-fit-icon":["https:\/\/sarmacjabedzin.pl\/wp-content\/uploads\/2022\/09\/Zrodlo_puchar-128x72.jpg",128,72,true],"sportspress-fit-mini":["https:\/\/sarmacjabedzin.pl\/wp-content\/uploads\/2022\/09\/Zrodlo_puchar-32x18.jpg",32,18,true],"ultp_layout_landscape_large":["https:\/\/sarmacjabedzin.pl\/wp-content\/uploads\/2022\/09\/Zrodlo_puchar-1200x800.jpg",1200,800,true],"ultp_layout_landscape":["https:\/\/sarmacjabedzin.pl\/wp-content\/uploads\/2022\/09\/Zrodlo_puchar-870x570.jpg",870,570,true],"ultp_layout_portrait":["https:\/\/sarmacjabedzin.pl\/wp-content\/uploads\/2022\/09\/Zrodlo_puchar-600x900.jpg",600,900,true],"ultp_layout_square":["https:\/\/sarmacjabedzin.pl\/wp-content\/uploads\/2022\/09\/Zrodlo_puchar-600x600.jpg",600,600,true],"stm-1140-666":["https:\/\/sarmacjabedzin.pl\/wp-content\/uploads\/2022\/09\/Zrodlo_puchar-1140x666.jpg",1140,666,true],"stm-1170-650":["https:\/\/sarmacjabedzin.pl\/wp-content\/uploads\/2022\/09\/Zrodlo_puchar-1170x650.jpg",1170,650,true],"stm-570-350":["https:\/\/sarmacjabedzin.pl\/wp-content\/uploads\/2022\/09\/Zrodlo_puchar-570x350.jpg",570,350,true],"stm-570-250":["https:\/\/sarmacjabedzin.pl\/wp-content\/uploads\/2022\/09\/Zrodlo_puchar-570x250.jpg",570,250,true],"stm-270-370":["https:\/\/sarmacjabedzin.pl\/wp-content\/uploads\/2022\/09\/Zrodlo_puchar-270x370.jpg",270,370,true],"stm-540-500":["https:\/\/sarmacjabedzin.pl\/wp-content\/uploads\/2022\/09\/Zrodlo_puchar-540x500.jpg",540,500,true],"stm-270-530":["https:\/\/sarmacjabedzin.pl\/wp-content\/uploads\/2022\/09\/Zrodlo_puchar-270x530.jpg",270,530,true],"stm-200-200":["https:\/\/sarmacjabedzin.pl\/wp-content\/uploads\/2022\/09\/Zrodlo_puchar-200x200.jpg",200,200,true],"stm-85-105":["https:\/\/sarmacjabedzin.pl\/wp-content\/uploads\/2022\/09\/Zrodlo_puchar-85x105.jpg",85,105,true],"stm-255-255":["https:\/\/sarmacjabedzin.pl\/wp-content\/uploads\/2022\/09\/Zrodlo_puchar-255x255.jpg",255,255,true],"stm-360-240":["https:\/\/sarmacjabedzin.pl\/wp-content\/uploads\/2022\/09\/Zrodlo_puchar-360x240.jpg",360,240,true],"stm-360-495":["https:\/\/sarmacjabedzin.pl\/wp-content\/uploads\/2022\/09\/Zrodlo_puchar-360x495.jpg",360,495,true],"stm-445-400":["https:\/\/sarmacjabedzin.pl\/wp-content\/uploads\/2022\/09\/Zrodlo_puchar-445x400.jpg",445,400,true],"stm-735-240":["https:\/\/sarmacjabedzin.pl\/wp-content\/uploads\/2022\/09\/Zrodlo_puchar-735x240.jpg",735,240,true],"stm-255-183":["https:\/\/sarmacjabedzin.pl\/wp-content\/uploads\/2022\/09\/Zrodlo_puchar-255x183.jpg",255,183,true],"stm-350-250":["https:\/\/sarmacjabedzin.pl\/wp-content\/uploads\/2022\/09\/Zrodlo_puchar-350x250.jpg",350,250,true],"blog_list":["https:\/\/sarmacjabedzin.pl\/wp-content\/uploads\/2022\/09\/Zrodlo_puchar-270x220.jpg",270,220,true],"blog_list_medium":["https:\/\/sarmacjabedzin.pl\/wp-content\/uploads\/2022\/09\/Zrodlo_puchar-390x345.jpg",390,345,true],"gallery_thumbnail":["https:\/\/sarmacjabedzin.pl\/wp-content\/uploads\/2022\/09\/Zrodlo_puchar-80x80.jpg",80,80,true],"gallery_image":["https:\/\/sarmacjabedzin.pl\/wp-content\/uploads\/2022\/09\/Zrodlo_puchar-560x367.jpg",560,367,true],"gallery_image_mini":["https:\/\/sarmacjabedzin.pl\/wp-content\/uploads\/2022\/09\/Zrodlo_puchar-143x116.jpg",143,116,true],"player_photo":["https:\/\/sarmacjabedzin.pl\/wp-content\/uploads\/2022\/09\/Zrodlo_puchar-740x740.jpg",740,740,true],"team_logo":["https:\/\/sarmacjabedzin.pl\/wp-content\/uploads\/2022\/09\/Zrodlo_puchar-98x55.jpg",98,55,true],"player_stat_ava":["https:\/\/sarmacjabedzin.pl\/wp-content\/uploads\/2022\/09\/Zrodlo_puchar-550x580.jpg",550,580,true],"post-350-220":["https:\/\/sarmacjabedzin.pl\/wp-content\/uploads\/2022\/09\/Zrodlo_puchar-350x220.jpg",350,220,true],"post-275-142":["https:\/\/sarmacjabedzin.pl\/wp-content\/uploads\/2022\/09\/Zrodlo_puchar-275x142.jpg",275,142,true],"post-160-120":["https:\/\/sarmacjabedzin.pl\/wp-content\/uploads\/2022\/09\/Zrodlo_puchar-160x120.jpg",160,120,true],"post-110-70":["https:\/\/sarmacjabedzin.pl\/wp-content\/uploads\/2022\/09\/Zrodlo_puchar-110x70.jpg",110,70,true],"post-770-450":["https:\/\/sarmacjabedzin.pl\/wp-content\/uploads\/2022\/09\/Zrodlo_puchar-770x450.jpg",770,450,true],"post-370-210":["https:\/\/sarmacjabedzin.pl\/wp-content\/uploads\/2022\/09\/Zrodlo_puchar-370x210.jpg",370,210,true],"post-457-470":["https:\/\/sarmacjabedzin.pl\/wp-content\/uploads\/2022\/09\/Zrodlo_puchar-457x470.jpg",457,470,true],"post-370-420":["https:\/\/sarmacjabedzin.pl\/wp-content\/uploads\/2022\/09\/Zrodlo_puchar-370x420.jpg",370,420,true],"stm-445-445":["https:\/\/sarmacjabedzin.pl\/wp-content\/uploads\/2022\/09\/Zrodlo_puchar-445x445.jpg",445,445,true],"stm-555-460":["https:\/\/sarmacjabedzin.pl\/wp-content\/uploads\/2022\/09\/Zrodlo_puchar-555x460.jpg",555,460,true],"stm-350-450":["https:\/\/sarmacjabedzin.pl\/wp-content\/uploads\/2022\/09\/Zrodlo_puchar-350x450.jpg",350,450,true],"stm-720-440":["https:\/\/sarmacjabedzin.pl\/wp-content\/uploads\/2022\/09\/Zrodlo_puchar-720x440.jpg",720,440,true],"stm-270-270":["https:\/\/sarmacjabedzin.pl\/wp-content\/uploads\/2022\/09\/Zrodlo_puchar-270x270.jpg",270,270,true],"stm-760-450":["https:\/\/sarmacjabedzin.pl\/wp-content\/uploads\/2022\/09\/Zrodlo_puchar-760x450.jpg",760,450,true]},"rttpg_author":{"display_name":"tyrtak","author_link":false},"rttpg_comment":0,"rttpg_category":"<a href=\"https:\/\/sarmacjabedzin.pl\/index.php\/category\/puchar\/\" rel=\"category tag\">Puchar<\/a>","rttpg_excerpt":"Dzi\u015b 21.09.2022 roku pi\u0142karze Sarmacji B\u0119dzin\u00a0 w II rundzie Pucharu Polski podokr\u0119gu sosnowieckiego zmierzyli si\u0119 na wyje\u017adzie z A klasowym \u0179r\u00f3d\u0142em Kromo\u0142\u00f3w. Gospodarze wyeliminowali tydzie\u0144 temu rezerwy Sarmacji B\u0119dzin, wygrywaj\u0105c 4:2, natomiast nasza dru\u017cyna dwa tygodnie temu pokona\u0142a niespodziewanie rezerwy Zag\u0142\u0119bia Sosnowiec 1:1 (k.5:3). Przez pierwsze 20 minut meczu obie dru\u017cyny bada\u0142y swoje umiej\u0119tno\u015bci. W...","_links":{"self":[{"href":"https:\/\/sarmacjabedzin.pl\/index.php\/wp-json\/wp\/v2\/posts\/5234","targetHints":{"allow":["GET"]}}],"collection":[{"href":"https:\/\/sarmacjabedzin.pl\/index.php\/wp-json\/wp\/v2\/posts"}],"about":[{"href":"https:\/\/sarmacjabedzin.pl\/index.php\/wp-json\/wp\/v2\/types\/post"}],"author":[{"embeddable":true,"href":"https:\/\/sarmacjabedzin.pl\/index.php\/wp-json\/wp\/v2\/users\/1"}],"replies":[{"embeddable":true,"href":"https:\/\/sarmacjabedzin.pl\/index.php\/wp-json\/wp\/v2\/comments?post=5234"}],"version-history":[{"count":0,"href":"https:\/\/sarmacjabedzin.pl\/index.php\/wp-json\/wp\/v2\/posts\/5234\/revisions"}],"wp:featuredmedia":[{"embeddable":true,"href":"https:\/\/sarmacjabedzin.pl\/index.php\/wp-json\/wp\/v2\/media\/5235"}],"wp:attachment":[{"href":"https:\/\/sarmacjabedzin.pl\/index.php\/wp-json\/wp\/v2\/media?parent=5234"}],"wp:term":[{"taxonomy":"category","embeddable":true,"href":"https:\/\/sarmacjabedzin.pl\/index.php\/wp-json\/wp\/v2\/categories?post=5234"},{"taxonomy":"post_tag","embeddable":true,"href":"https:\/\/sarmacjabedzin.pl\/index.php\/wp-json\/wp\/v2\/tags?post=5234"}],"curies":[{"name":"wp","href":"https:\/\/api.w.org\/{rel}","templated":true}]}}