{"id":5266,"date":"2022-10-01T18:14:33","date_gmt":"2022-10-01T16:14:33","guid":{"rendered":"https:\/\/sarmacjabedzin.pl\/?p=5266"},"modified":"2022-10-01T18:14:33","modified_gmt":"2022-10-01T16:14:33","slug":"dramatyczna-koncowka-meczu","status":"publish","type":"post","link":"https:\/\/sarmacjabedzin.pl\/index.php\/2022\/10\/01\/dramatyczna-koncowka-meczu\/","title":{"rendered":"Dramatyczna ko\u0144c\u00f3wka meczu!"},"content":{"rendered":"<p class=\"p1\">Dnia 1.10.2022 roku o godzinie 13.00 pi\u0142karze Sarmacji B\u0119dzin w VIII kolejce ligowej na w\u0142asnym stadionie zmierzyli si\u0119 z dru\u017cyn\u0105 Slavii Ruda \u015al\u0105ska. Rywale zajmuj\u0105cy 6 miejsce w tabeli zgromadzili do tej pory na swoim koncie 11 punkt\u00f3w.<br \/>\nW ubieg\u0142\u0105 sobot\u0119 b\u0119dzinianie plasuj\u0105cy si\u0119 obecnie na 14 miejscu i maj\u0105cy 5 punkt\u00f3w w swoim dorobku ulegli na wyje\u017adzie beniaminkowi ligi Siemianowiczance Siemianowice \u015al\u0105skie 1:2, natomiast Slavia Ruda \u015al\u0105ska pokona\u0142a przed w\u0142asn\u0105 publiczno\u015bci\u0105 Pogo\u0144 Imielin 2:0. Ostatni mecz ligowy pomi\u0119dzy obu dru\u017cynami rozegrany 30.04.2022 roku w B\u0119dzinie zako\u0144czy\u0142 si\u0119 zwyci\u0119stwem Sarmacji 4:1. Gole dla naszej dru\u017cyny zdobyli: Ku\u0142aga, G\u00f3ral, Ba\u0142a oraz G\u0142adkowski.<span class=\"Apple-converted-space\">\u00a0<\/span><\/p>\n<p class=\"p1\">Po trzech meczach ligowych na wyje\u017adzie wreszcie nasi pi\u0142karze mieli okazj\u0119 zagra\u0107 przed w\u0142asn\u0105 publiczno\u015bci\u0105.<br \/>\nPocz\u0105tek by\u0142 znakomity. Ju\u017c w 3 minucie Sarmacja prowadzi\u0142a 1:0. Pi\u0142k\u0119 wrzucon\u0105 w pole karne przez Klaudiusza Ku\u0142ag\u0119, przej\u0105\u0142 stoj\u0105cy ty\u0142em do bramki Kacper Zawadzki. Nasz najskuteczniejszy snajper zrezygnowa\u0142 z oddania strza\u0142u, wystawiaj\u0105c futbol\u00f3wk\u0119 do nadbiegaj\u0105cego Krystiana Duda\u0142y. Ten bez problemu pos\u0142a\u0142 j\u0105 do siatki rywala.<br \/>\nGo\u015bcie dopiero w 8 minucie oddali niecelny strza\u0142 na nasz\u0105 bramk\u0119. Cztery minuty p\u00f3\u017aniej, pi\u0142ka po uderzeniu \u0141ukasza \u017bmudy otar\u0142a si\u0119 od obro\u0144cy przyjezdnych, wylatuj\u0105c na r\u00f3g.<br \/>\nW 15 minucie Marek Kocot nie zdo\u0142a\u0142 pokona\u0107 golkipera Slavii, kt\u00f3ry zdo\u0142a\u0142 wy\u0142apa\u0107 futbol\u00f3wk\u0119 zmierzaj\u0105c\u0105 wprost w niego.<br \/>\nW 21 minucie b\u0119dzinianie powinni ju\u017c prowadzi\u0107 2:0. Niestety sytuacji sam na sam z golkiperem nie zdo\u0142a\u0142 wykorzysta\u0107 Klaudiusz Ku\u0142aga.<br \/>\nGdy wydawa\u0142o si\u0119, \u017ce Sarmaci maj\u0105 mecz pod kontrol\u0105, w 27 minucie go\u015bcie zdobyli wyr\u00f3wnanie. Wtedy to zawodnik rudzian zabawi\u0142 si\u0119 w naszym polu karnym, ogrywaj\u0105c z \u0142atwo\u015bci\u0105<span class=\"Apple-converted-space\">\u00a0 <\/span>naszych defensor\u00f3w, a nast\u0119pnie z 10 metra pos\u0142a\u0142 pi\u0142k\u0119 do bramki.<br \/>\nNasza dru\u017cyna szybko zareagowa\u0142a i dwie minuty p\u00f3\u017aniej zn\u00f3w wysz\u0142a na prowadzenie 2:1. \u015awietne podanie w pole karne rywala pos\u0142a\u0142 Kacper Zawadzki. Tam znakomitym przyj\u0119ciem, a nast\u0119pnie uderzeniem mimo asysty obro\u0144cy rywala, popisa\u0142 si\u0119 Marek Kocot.<br \/>\nDo przerwy Sarmacja maj\u0105ca lekk\u0105 przewag\u0119 prowadzi\u0142a 2:1.<\/p>\n<p class=\"p1\">W 54 minucie pi\u0142ka po strzale z okolicy 9 metra poszybowa\u0142a nad nasz\u0105 poprzeczk\u0105.<br \/>\nW 58 minucie serca kibic\u00f3w zabi\u0142y g\u0142o\u015bniej. Znajduj\u0105cy si\u0119 poza w\u0142asnym polem karnym Rafa\u0142 Dawid, wybiegaj\u0105c, zdo\u0142a\u0142 wybi\u0107 futbol\u00f3wk\u0119 spod n\u00f3g nadbiegaj\u0105cego do niego rywala. Niestety dosz\u0142o do kontaktu obu zawodnik\u00f3w, w wyniku czego nasz golkiper musia\u0142 skorzysta\u0107 z us\u0142ug masa\u017cystki. Na szcz\u0119\u015bcie lekki uraz pozwoli\u0142 mu na dalsze kontynuowanie gry.<br \/>\nW 64 minucie kolejna interwencja bramkarza gospodarzy uchroni\u0142a nas przed strat\u0105 bramki. Tym razem znajduj\u0105c si\u0119 ju\u017c poza \u201eszesnastk\u0105\u201d, zdo\u0142a\u0142 nogami wybroni\u0107 strza\u0142 przyjezdnych.<br \/>\nNiestety w 76 minucie rywale wyprowadzili zab\u00f3jcz\u0105 kontr\u0119, kt\u00f3ra tym razem zako\u0144czy\u0142a si\u0119 wyr\u00f3wnuj\u0105cym golem na 2:2.<br \/>\nW 81 minucie kapitaln\u0105 parad\u0105 w naszej bramce zn\u00f3w popisa\u0142 si\u0119 Rafa\u0142 Dawid.<br \/>\nNikt nie spodziewa\u0142 si\u0119, \u017ce ko\u0144c\u00f3wka tego spotkania b\u0119dzie mia\u0142a tak dramatyczny przebieg. S\u0119dzia doliczy\u0142 pi\u0119\u0107 minut. Sarmaci do ostatnich sekund podejmowali si\u0119 jeszcze pr\u00f3b zdobycia zwyci\u0119skiego gola. Gdy pozosta\u0142a ju\u017c zaledwie jedna minuta ca\u0142y stadion zaniem\u00f3wi\u0142. Wtedy to Klaudiusz Ku\u0142aga przepi\u0119knym strza\u0142em przy s\u0142upku pokona\u0142 golkipera przyjezdnych.<br \/>\nOgromny wybuch rado\u015bci naszych pi\u0142karzy nie zapowiada\u0142 tego, co si\u0119 za chwil\u0119 wydarzy. Tu\u017c po wznowieniu gry rudzianie w dziecinny spos\u00f3b poradzili sobie z broni\u0105cymi si\u0119 ca\u0142\u0105 jedenastk\u0105 Sarmatami. Pi\u0142ka delikatnie tr\u0105cona w naszym polu karnym spad\u0142a na g\u0142ow\u0119 zawodnika go\u015bci. Ten z ogromn\u0105 \u0142atwo\u015bci\u0105, z bliskiej odleg\u0142o\u015bci zmie\u015bci\u0142 j\u0105 w naszej siatce. Tym samym w ostatniej sekundzie gospodarze stracili ci\u0119\u017cko wywalczone zwyci\u0119stwo.<\/p>\n<p class=\"p1\">Brakuje s\u0142\u00f3w na to, co w ko\u0144c\u00f3wce meczu zrobili nasi zawodnicy. Nasza gra w defensywie wygl\u0105da bardzo \u017ale. Sytuacja poma\u0142u wymyka si\u0119 spod kontroli. Brak oczekiwanych od dawna wynik\u00f3w spycha nas w otch\u0142a\u0144 tabeli. Niestety widz\u0105c form\u0119 naszych zawodnik\u00f3w, to ci\u0119\u017cko o jakikolwiek optymizm. Sama wola walki nie wystarcza, gdy zaczyna brakowa\u0107 umiej\u0119tno\u015bci.\u00a0 Po zako\u0144czonym spotkaniu kibice b\u0119dzinian nie kryli swojego ogromnego niezadowolenia z postawy swoich pi\u0142karzy oraz sztabu szkoleniowego.<span class=\"Apple-converted-space\">\u00a0<\/span><\/p>\n<p class=\"p1\">Dzi\u015b za kartki pauzowa\u0142 Jakub Kulesza, a z urazem wci\u0105\u017c si\u0119 zmaga Piotr Samborski. Z ca\u0142\u0105 pewno\u015bci\u0105 przy bardzo ubogiej \u0142awce rezerwowych, takie absencje nie dzia\u0142aj\u0105 na korzy\u015b\u0107 zespo\u0142u. Ju\u017c za tydzie\u0144 kolejny mecz wyjazdowy. Tym razem podopieczni trenera Janusza I\u0142czyka zmierz\u0105 si\u0119 z dru\u017cyn\u0105 Niwy Brudzowice. Jak wida\u0107, czeka ich kolejna ci\u0119\u017cka batalia o punkty. Trzeba podnie\u015b\u0107 g\u0142ow\u0119 do g\u00f3ry i walczy\u0107 dalej, a afekty ju\u017c wkr\u00f3tce powinny by\u0107 widoczne.<\/p>\n<p class=\"p1\"><strong>Sarmacja B\u0119dzin \u2013 Slavia Ruda \u015al\u0105ska 3:3 (2:1)<\/strong><\/p>\n<p class=\"p1\"><strong>S\u0119dzia:<\/strong> Kamil Wac\u0142awik (Jastrz\u0119bie Zdr\u00f3j)<\/p>\n<p class=\"p1\"><strong>Bramki:<\/strong><br \/>\n3&#8242; Duda\u0142a<br \/>\n29&#8242; Kocot<br \/>\n94&#8242; Ku\u0142aga<br \/>\n_________<br \/>\n27&#8242;<br \/>\n76&#8242;<br \/>\n95&#8242;<\/p>\n<p class=\"p1\"><strong>\u017b\u00f3\u0142te kartki:<\/strong><br \/>\n72&#8242; Dul<\/p>\n<p class=\"p1\"><strong>Sarmacja B\u0119dzin:<\/strong> Dawid \u2013 Dul, Majka, Duda\u0142a, Ignalski, \u017bmuda, Ba\u0142a, G\u00f3ral, Ku\u0142aga, Kocot (82&#8242; Tyszczak), Zawadzki<\/p>\n","protected":false},"excerpt":{"rendered":"<p>Dnia 1.10.2022 roku o godzinie 13.00 pi\u0142karze Sarmacji B\u0119dzin w VIII kolejce ligowej na w\u0142asnym stadionie zmierzyli si\u0119 z dru\u017cyn\u0105 Slavii Ruda \u015al\u0105ska. Rywale zajmuj\u0105cy 6 miejsce w tabeli zgromadzili do tej pory na swoim koncie 11 punkt\u00f3w. W ubieg\u0142\u0105 sobot\u0119 b\u0119dzinianie plasuj\u0105cy si\u0119 obecnie na 14 miejscu i maj\u0105cy 5 punkt\u00f3w w swoim dorobku&#8230;<\/p>\n","protected":false},"author":1,"featured_media":5265,"comment_status":"closed","ping_status":"closed","sticky":false,"template":"","format":"standard","meta":{"footnotes":""},"categories":[64],"tags":[],"class_list":["post-5266","post","type-post","status-publish","format-standard","has-post-thumbnail","hentry","category-soccer"],"yoast_head":"<!-- This site is optimized with the Yoast SEO plugin v25.8 - https:\/\/yoast.com\/wordpress\/plugins\/seo\/ -->\n<title>Dramatyczna ko\u0144c\u00f3wka meczu! | BKS Sarmacja B\u0119dzin<\/title>\n<meta name=\"robots\" content=\"index, follow, max-snippet:-1, max-image-preview:large, max-video-preview:-1\" \/>\n<link rel=\"canonical\" href=\"https:\/\/sarmacjabedzin.pl\/index.php\/2022\/10\/01\/dramatyczna-koncowka-meczu\/\" \/>\n<meta property=\"og:locale\" content=\"pl_PL\" \/>\n<meta property=\"og:type\" content=\"article\" \/>\n<meta property=\"og:title\" content=\"Dramatyczna ko\u0144c\u00f3wka meczu! | BKS Sarmacja B\u0119dzin\" \/>\n<meta property=\"og:description\" content=\"Dnia 1.10.2022 roku o godzinie 13.00 pi\u0142karze Sarmacji B\u0119dzin w VIII kolejce ligowej na w\u0142asnym stadionie zmierzyli si\u0119 z dru\u017cyn\u0105 Slavii Ruda \u015al\u0105ska. Rywale zajmuj\u0105cy 6 miejsce w tabeli zgromadzili do tej pory na swoim koncie 11 punkt\u00f3w. W ubieg\u0142\u0105 sobot\u0119 b\u0119dzinianie plasuj\u0105cy si\u0119 obecnie na 14 miejscu i maj\u0105cy 5 punkt\u00f3w w swoim dorobku...\" \/>\n<meta property=\"og:url\" content=\"https:\/\/sarmacjabedzin.pl\/index.php\/2022\/10\/01\/dramatyczna-koncowka-meczu\/\" \/>\n<meta property=\"og:site_name\" content=\"BKS Sarmacja B\u0119dzin\" \/>\n<meta property=\"article:publisher\" content=\"https:\/\/www.facebook.com\/SarmacjaBedzin\" \/>\n<meta property=\"article:published_time\" content=\"2022-10-01T16:14:33+00:00\" \/>\n<meta property=\"og:image\" content=\"https:\/\/sarmacjabedzin.pl\/wp-content\/uploads\/2022\/10\/01_10_2022_Slavia.jpg\" \/>\n\t<meta property=\"og:image:width\" content=\"1920\" \/>\n\t<meta property=\"og:image:height\" content=\"1080\" \/>\n\t<meta property=\"og:image:type\" content=\"image\/jpeg\" \/>\n<meta name=\"author\" content=\"tyrtak\" \/>\n<meta name=\"twitter:card\" content=\"summary_large_image\" \/>\n<meta name=\"twitter:label1\" content=\"Napisane przez\" \/>\n\t<meta name=\"twitter:data1\" content=\"tyrtak\" \/>\n\t<meta name=\"twitter:label2\" content=\"Szacowany czas czytania\" \/>\n\t<meta name=\"twitter:data2\" content=\"4 minuty\" \/>\n<script type=\"application\/ld+json\" class=\"yoast-schema-graph\">{\"@context\":\"https:\/\/schema.org\",\"@graph\":[{\"@type\":\"WebPage\",\"@id\":\"https:\/\/sarmacjabedzin.pl\/index.php\/2022\/10\/01\/dramatyczna-koncowka-meczu\/\",\"url\":\"https:\/\/sarmacjabedzin.pl\/index.php\/2022\/10\/01\/dramatyczna-koncowka-meczu\/\",\"name\":\"Dramatyczna ko\u0144c\u00f3wka meczu! | BKS Sarmacja B\u0119dzin\",\"isPartOf\":{\"@id\":\"https:\/\/sarmacjabedzin.pl\/#website\"},\"primaryImageOfPage\":{\"@id\":\"https:\/\/sarmacjabedzin.pl\/index.php\/2022\/10\/01\/dramatyczna-koncowka-meczu\/#primaryimage\"},\"image\":{\"@id\":\"https:\/\/sarmacjabedzin.pl\/index.php\/2022\/10\/01\/dramatyczna-koncowka-meczu\/#primaryimage\"},\"thumbnailUrl\":\"https:\/\/sarmacjabedzin.pl\/wp-content\/uploads\/2022\/10\/01_10_2022_Slavia.jpg\",\"datePublished\":\"2022-10-01T16:14:33+00:00\",\"author\":{\"@id\":\"https:\/\/sarmacjabedzin.pl\/#\/schema\/person\/5417ea7b03bcd9adf58298a2265ce03a\"},\"breadcrumb\":{\"@id\":\"https:\/\/sarmacjabedzin.pl\/index.php\/2022\/10\/01\/dramatyczna-koncowka-meczu\/#breadcrumb\"},\"inLanguage\":\"pl-PL\",\"potentialAction\":[{\"@type\":\"ReadAction\",\"target\":[\"https:\/\/sarmacjabedzin.pl\/index.php\/2022\/10\/01\/dramatyczna-koncowka-meczu\/\"]}]},{\"@type\":\"ImageObject\",\"inLanguage\":\"pl-PL\",\"@id\":\"https:\/\/sarmacjabedzin.pl\/index.php\/2022\/10\/01\/dramatyczna-koncowka-meczu\/#primaryimage\",\"url\":\"https:\/\/sarmacjabedzin.pl\/wp-content\/uploads\/2022\/10\/01_10_2022_Slavia.jpg\",\"contentUrl\":\"https:\/\/sarmacjabedzin.pl\/wp-content\/uploads\/2022\/10\/01_10_2022_Slavia.jpg\",\"width\":1920,\"height\":1080},{\"@type\":\"BreadcrumbList\",\"@id\":\"https:\/\/sarmacjabedzin.pl\/index.php\/2022\/10\/01\/dramatyczna-koncowka-meczu\/#breadcrumb\",\"itemListElement\":[{\"@type\":\"ListItem\",\"position\":1,\"name\":\"Strona g\u0142\u00f3wna\",\"item\":\"https:\/\/sarmacjabedzin.pl\/\"},{\"@type\":\"ListItem\",\"position\":2,\"name\":\"Dramatyczna ko\u0144c\u00f3wka meczu!\"}]},{\"@type\":\"WebSite\",\"@id\":\"https:\/\/sarmacjabedzin.pl\/#website\",\"url\":\"https:\/\/sarmacjabedzin.pl\/\",\"name\":\"BKS Sarmacja B\u0119dzin \u2013 Nieoficjalny serwis\",\"description\":\"Nieoficjalny serwis B\u0119dzi\u0144skiego Klubu Sportowego &quot;Sarmacja&quot;\",\"potentialAction\":[{\"@type\":\"SearchAction\",\"target\":{\"@type\":\"EntryPoint\",\"urlTemplate\":\"https:\/\/sarmacjabedzin.pl\/?s={search_term_string}\"},\"query-input\":{\"@type\":\"PropertyValueSpecification\",\"valueRequired\":true,\"valueName\":\"search_term_string\"}}],\"inLanguage\":\"pl-PL\"},{\"@type\":\"Person\",\"@id\":\"https:\/\/sarmacjabedzin.pl\/#\/schema\/person\/5417ea7b03bcd9adf58298a2265ce03a\",\"name\":\"tyrtak\",\"image\":{\"@type\":\"ImageObject\",\"inLanguage\":\"pl-PL\",\"@id\":\"https:\/\/sarmacjabedzin.pl\/#\/schema\/person\/image\/\",\"url\":\"https:\/\/secure.gravatar.com\/avatar\/49b7734c6795cf524710e96813a9fedc1ae3816e479d92490236b4cfc47a5ae1?s=96&d=mm&r=g\",\"contentUrl\":\"https:\/\/secure.gravatar.com\/avatar\/49b7734c6795cf524710e96813a9fedc1ae3816e479d92490236b4cfc47a5ae1?s=96&d=mm&r=g\",\"caption\":\"tyrtak\"}}]}<\/script>\n<!-- \/ Yoast SEO plugin. -->","yoast_head_json":{"title":"Dramatyczna ko\u0144c\u00f3wka meczu! | BKS Sarmacja B\u0119dzin","robots":{"index":"index","follow":"follow","max-snippet":"max-snippet:-1","max-image-preview":"max-image-preview:large","max-video-preview":"max-video-preview:-1"},"canonical":"https:\/\/sarmacjabedzin.pl\/index.php\/2022\/10\/01\/dramatyczna-koncowka-meczu\/","og_locale":"pl_PL","og_type":"article","og_title":"Dramatyczna ko\u0144c\u00f3wka meczu! | BKS Sarmacja B\u0119dzin","og_description":"Dnia 1.10.2022 roku o godzinie 13.00 pi\u0142karze Sarmacji B\u0119dzin w VIII kolejce ligowej na w\u0142asnym stadionie zmierzyli si\u0119 z dru\u017cyn\u0105 Slavii Ruda \u015al\u0105ska. Rywale zajmuj\u0105cy 6 miejsce w tabeli zgromadzili do tej pory na swoim koncie 11 punkt\u00f3w. W ubieg\u0142\u0105 sobot\u0119 b\u0119dzinianie plasuj\u0105cy si\u0119 obecnie na 14 miejscu i maj\u0105cy 5 punkt\u00f3w w swoim dorobku...","og_url":"https:\/\/sarmacjabedzin.pl\/index.php\/2022\/10\/01\/dramatyczna-koncowka-meczu\/","og_site_name":"BKS Sarmacja B\u0119dzin","article_publisher":"https:\/\/www.facebook.com\/SarmacjaBedzin","article_published_time":"2022-10-01T16:14:33+00:00","og_image":[{"width":1920,"height":1080,"url":"https:\/\/sarmacjabedzin.pl\/wp-content\/uploads\/2022\/10\/01_10_2022_Slavia.jpg","type":"image\/jpeg"}],"author":"tyrtak","twitter_card":"summary_large_image","twitter_misc":{"Napisane przez":"tyrtak","Szacowany czas czytania":"4 minuty"},"schema":{"@context":"https:\/\/schema.org","@graph":[{"@type":"WebPage","@id":"https:\/\/sarmacjabedzin.pl\/index.php\/2022\/10\/01\/dramatyczna-koncowka-meczu\/","url":"https:\/\/sarmacjabedzin.pl\/index.php\/2022\/10\/01\/dramatyczna-koncowka-meczu\/","name":"Dramatyczna ko\u0144c\u00f3wka meczu! | BKS Sarmacja B\u0119dzin","isPartOf":{"@id":"https:\/\/sarmacjabedzin.pl\/#website"},"primaryImageOfPage":{"@id":"https:\/\/sarmacjabedzin.pl\/index.php\/2022\/10\/01\/dramatyczna-koncowka-meczu\/#primaryimage"},"image":{"@id":"https:\/\/sarmacjabedzin.pl\/index.php\/2022\/10\/01\/dramatyczna-koncowka-meczu\/#primaryimage"},"thumbnailUrl":"https:\/\/sarmacjabedzin.pl\/wp-content\/uploads\/2022\/10\/01_10_2022_Slavia.jpg","datePublished":"2022-10-01T16:14:33+00:00","author":{"@id":"https:\/\/sarmacjabedzin.pl\/#\/schema\/person\/5417ea7b03bcd9adf58298a2265ce03a"},"breadcrumb":{"@id":"https:\/\/sarmacjabedzin.pl\/index.php\/2022\/10\/01\/dramatyczna-koncowka-meczu\/#breadcrumb"},"inLanguage":"pl-PL","potentialAction":[{"@type":"ReadAction","target":["https:\/\/sarmacjabedzin.pl\/index.php\/2022\/10\/01\/dramatyczna-koncowka-meczu\/"]}]},{"@type":"ImageObject","inLanguage":"pl-PL","@id":"https:\/\/sarmacjabedzin.pl\/index.php\/2022\/10\/01\/dramatyczna-koncowka-meczu\/#primaryimage","url":"https:\/\/sarmacjabedzin.pl\/wp-content\/uploads\/2022\/10\/01_10_2022_Slavia.jpg","contentUrl":"https:\/\/sarmacjabedzin.pl\/wp-content\/uploads\/2022\/10\/01_10_2022_Slavia.jpg","width":1920,"height":1080},{"@type":"BreadcrumbList","@id":"https:\/\/sarmacjabedzin.pl\/index.php\/2022\/10\/01\/dramatyczna-koncowka-meczu\/#breadcrumb","itemListElement":[{"@type":"ListItem","position":1,"name":"Strona g\u0142\u00f3wna","item":"https:\/\/sarmacjabedzin.pl\/"},{"@type":"ListItem","position":2,"name":"Dramatyczna ko\u0144c\u00f3wka meczu!"}]},{"@type":"WebSite","@id":"https:\/\/sarmacjabedzin.pl\/#website","url":"https:\/\/sarmacjabedzin.pl\/","name":"BKS Sarmacja B\u0119dzin \u2013 Nieoficjalny serwis","description":"Nieoficjalny serwis B\u0119dzi\u0144skiego Klubu Sportowego &quot;Sarmacja&quot;","potentialAction":[{"@type":"SearchAction","target":{"@type":"EntryPoint","urlTemplate":"https:\/\/sarmacjabedzin.pl\/?s={search_term_string}"},"query-input":{"@type":"PropertyValueSpecification","valueRequired":true,"valueName":"search_term_string"}}],"inLanguage":"pl-PL"},{"@type":"Person","@id":"https:\/\/sarmacjabedzin.pl\/#\/schema\/person\/5417ea7b03bcd9adf58298a2265ce03a","name":"tyrtak","image":{"@type":"ImageObject","inLanguage":"pl-PL","@id":"https:\/\/sarmacjabedzin.pl\/#\/schema\/person\/image\/","url":"https:\/\/secure.gravatar.com\/avatar\/49b7734c6795cf524710e96813a9fedc1ae3816e479d92490236b4cfc47a5ae1?s=96&d=mm&r=g","contentUrl":"https:\/\/secure.gravatar.com\/avatar\/49b7734c6795cf524710e96813a9fedc1ae3816e479d92490236b4cfc47a5ae1?s=96&d=mm&r=g","caption":"tyrtak"}}]}},"rttpg_featured_image_url":{"full":["https:\/\/sarmacjabedzin.pl\/wp-content\/uploads\/2022\/10\/01_10_2022_Slavia.jpg",1920,1080,false],"landscape":["https:\/\/sarmacjabedzin.pl\/wp-content\/uploads\/2022\/10\/01_10_2022_Slavia.jpg",1920,1080,false],"portraits":["https:\/\/sarmacjabedzin.pl\/wp-content\/uploads\/2022\/10\/01_10_2022_Slavia.jpg",1920,1080,false],"thumbnail":["https:\/\/sarmacjabedzin.pl\/wp-content\/uploads\/2022\/10\/01_10_2022_Slavia-150x150.jpg",150,150,true],"medium":["https:\/\/sarmacjabedzin.pl\/wp-content\/uploads\/2022\/10\/01_10_2022_Slavia-300x169.jpg",300,169,true],"large":["https:\/\/sarmacjabedzin.pl\/wp-content\/uploads\/2022\/10\/01_10_2022_Slavia-1024x576.jpg",1024,576,true],"1536x1536":["https:\/\/sarmacjabedzin.pl\/wp-content\/uploads\/2022\/10\/01_10_2022_Slavia-1536x864.jpg",1536,864,true],"2048x2048":["https:\/\/sarmacjabedzin.pl\/wp-content\/uploads\/2022\/10\/01_10_2022_Slavia.jpg",1920,1080,false],"sportspress-crop-medium":["https:\/\/sarmacjabedzin.pl\/wp-content\/uploads\/2022\/10\/01_10_2022_Slavia-300x300.jpg",300,300,true],"sportspress-fit-medium":["https:\/\/sarmacjabedzin.pl\/wp-content\/uploads\/2022\/10\/01_10_2022_Slavia-300x169.jpg",300,169,true],"sportspress-fit-icon":["https:\/\/sarmacjabedzin.pl\/wp-content\/uploads\/2022\/10\/01_10_2022_Slavia-128x72.jpg",128,72,true],"sportspress-fit-mini":["https:\/\/sarmacjabedzin.pl\/wp-content\/uploads\/2022\/10\/01_10_2022_Slavia-32x18.jpg",32,18,true],"ultp_layout_landscape_large":["https:\/\/sarmacjabedzin.pl\/wp-content\/uploads\/2022\/10\/01_10_2022_Slavia-1200x800.jpg",1200,800,true],"ultp_layout_landscape":["https:\/\/sarmacjabedzin.pl\/wp-content\/uploads\/2022\/10\/01_10_2022_Slavia-870x570.jpg",870,570,true],"ultp_layout_portrait":["https:\/\/sarmacjabedzin.pl\/wp-content\/uploads\/2022\/10\/01_10_2022_Slavia-600x900.jpg",600,900,true],"ultp_layout_square":["https:\/\/sarmacjabedzin.pl\/wp-content\/uploads\/2022\/10\/01_10_2022_Slavia-600x600.jpg",600,600,true],"stm-1140-666":["https:\/\/sarmacjabedzin.pl\/wp-content\/uploads\/2022\/10\/01_10_2022_Slavia-1140x666.jpg",1140,666,true],"stm-1170-650":["https:\/\/sarmacjabedzin.pl\/wp-content\/uploads\/2022\/10\/01_10_2022_Slavia-1170x650.jpg",1170,650,true],"stm-570-350":["https:\/\/sarmacjabedzin.pl\/wp-content\/uploads\/2022\/10\/01_10_2022_Slavia-570x350.jpg",570,350,true],"stm-570-250":["https:\/\/sarmacjabedzin.pl\/wp-content\/uploads\/2022\/10\/01_10_2022_Slavia-570x250.jpg",570,250,true],"stm-270-370":["https:\/\/sarmacjabedzin.pl\/wp-content\/uploads\/2022\/10\/01_10_2022_Slavia-270x370.jpg",270,370,true],"stm-540-500":["https:\/\/sarmacjabedzin.pl\/wp-content\/uploads\/2022\/10\/01_10_2022_Slavia-540x500.jpg",540,500,true],"stm-270-530":["https:\/\/sarmacjabedzin.pl\/wp-content\/uploads\/2022\/10\/01_10_2022_Slavia-270x530.jpg",270,530,true],"stm-200-200":["https:\/\/sarmacjabedzin.pl\/wp-content\/uploads\/2022\/10\/01_10_2022_Slavia-200x200.jpg",200,200,true],"stm-85-105":["https:\/\/sarmacjabedzin.pl\/wp-content\/uploads\/2022\/10\/01_10_2022_Slavia-85x105.jpg",85,105,true],"stm-255-255":["https:\/\/sarmacjabedzin.pl\/wp-content\/uploads\/2022\/10\/01_10_2022_Slavia-255x255.jpg",255,255,true],"stm-360-240":["https:\/\/sarmacjabedzin.pl\/wp-content\/uploads\/2022\/10\/01_10_2022_Slavia-360x240.jpg",360,240,true],"stm-360-495":["https:\/\/sarmacjabedzin.pl\/wp-content\/uploads\/2022\/10\/01_10_2022_Slavia-360x495.jpg",360,495,true],"stm-445-400":["https:\/\/sarmacjabedzin.pl\/wp-content\/uploads\/2022\/10\/01_10_2022_Slavia-445x400.jpg",445,400,true],"stm-735-240":["https:\/\/sarmacjabedzin.pl\/wp-content\/uploads\/2022\/10\/01_10_2022_Slavia-735x240.jpg",735,240,true],"stm-255-183":["https:\/\/sarmacjabedzin.pl\/wp-content\/uploads\/2022\/10\/01_10_2022_Slavia-255x183.jpg",255,183,true],"stm-350-250":["https:\/\/sarmacjabedzin.pl\/wp-content\/uploads\/2022\/10\/01_10_2022_Slavia-350x250.jpg",350,250,true],"blog_list":["https:\/\/sarmacjabedzin.pl\/wp-content\/uploads\/2022\/10\/01_10_2022_Slavia-270x220.jpg",270,220,true],"blog_list_medium":["https:\/\/sarmacjabedzin.pl\/wp-content\/uploads\/2022\/10\/01_10_2022_Slavia-390x345.jpg",390,345,true],"gallery_thumbnail":["https:\/\/sarmacjabedzin.pl\/wp-content\/uploads\/2022\/10\/01_10_2022_Slavia-80x80.jpg",80,80,true],"gallery_image":["https:\/\/sarmacjabedzin.pl\/wp-content\/uploads\/2022\/10\/01_10_2022_Slavia-560x367.jpg",560,367,true],"gallery_image_mini":["https:\/\/sarmacjabedzin.pl\/wp-content\/uploads\/2022\/10\/01_10_2022_Slavia-143x116.jpg",143,116,true],"player_photo":["https:\/\/sarmacjabedzin.pl\/wp-content\/uploads\/2022\/10\/01_10_2022_Slavia-740x740.jpg",740,740,true],"team_logo":["https:\/\/sarmacjabedzin.pl\/wp-content\/uploads\/2022\/10\/01_10_2022_Slavia-98x55.jpg",98,55,true],"player_stat_ava":["https:\/\/sarmacjabedzin.pl\/wp-content\/uploads\/2022\/10\/01_10_2022_Slavia-550x580.jpg",550,580,true],"post-350-220":["https:\/\/sarmacjabedzin.pl\/wp-content\/uploads\/2022\/10\/01_10_2022_Slavia-350x220.jpg",350,220,true],"post-275-142":["https:\/\/sarmacjabedzin.pl\/wp-content\/uploads\/2022\/10\/01_10_2022_Slavia-275x142.jpg",275,142,true],"post-160-120":["https:\/\/sarmacjabedzin.pl\/wp-content\/uploads\/2022\/10\/01_10_2022_Slavia-160x120.jpg",160,120,true],"post-110-70":["https:\/\/sarmacjabedzin.pl\/wp-content\/uploads\/2022\/10\/01_10_2022_Slavia-110x70.jpg",110,70,true],"post-770-450":["https:\/\/sarmacjabedzin.pl\/wp-content\/uploads\/2022\/10\/01_10_2022_Slavia-770x450.jpg",770,450,true],"post-370-210":["https:\/\/sarmacjabedzin.pl\/wp-content\/uploads\/2022\/10\/01_10_2022_Slavia-370x210.jpg",370,210,true],"post-457-470":["https:\/\/sarmacjabedzin.pl\/wp-content\/uploads\/2022\/10\/01_10_2022_Slavia-457x470.jpg",457,470,true],"post-370-420":["https:\/\/sarmacjabedzin.pl\/wp-content\/uploads\/2022\/10\/01_10_2022_Slavia-370x420.jpg",370,420,true],"stm-445-445":["https:\/\/sarmacjabedzin.pl\/wp-content\/uploads\/2022\/10\/01_10_2022_Slavia-445x445.jpg",445,445,true],"stm-555-460":["https:\/\/sarmacjabedzin.pl\/wp-content\/uploads\/2022\/10\/01_10_2022_Slavia-555x460.jpg",555,460,true],"stm-350-450":["https:\/\/sarmacjabedzin.pl\/wp-content\/uploads\/2022\/10\/01_10_2022_Slavia-350x450.jpg",350,450,true],"stm-720-440":["https:\/\/sarmacjabedzin.pl\/wp-content\/uploads\/2022\/10\/01_10_2022_Slavia-720x440.jpg",720,440,true],"stm-270-270":["https:\/\/sarmacjabedzin.pl\/wp-content\/uploads\/2022\/10\/01_10_2022_Slavia-270x270.jpg",270,270,true],"stm-760-450":["https:\/\/sarmacjabedzin.pl\/wp-content\/uploads\/2022\/10\/01_10_2022_Slavia-760x450.jpg",760,450,true]},"rttpg_author":{"display_name":"tyrtak","author_link":false},"rttpg_comment":0,"rttpg_category":"<a href=\"https:\/\/sarmacjabedzin.pl\/index.php\/category\/soccer\/\" rel=\"category tag\">Liga<\/a>","rttpg_excerpt":"Dnia 1.10.2022 roku o godzinie 13.00 pi\u0142karze Sarmacji B\u0119dzin w VIII kolejce ligowej na w\u0142asnym stadionie zmierzyli si\u0119 z dru\u017cyn\u0105 Slavii Ruda \u015al\u0105ska. Rywale zajmuj\u0105cy 6 miejsce w tabeli zgromadzili do tej pory na swoim koncie 11 punkt\u00f3w. W ubieg\u0142\u0105 sobot\u0119 b\u0119dzinianie plasuj\u0105cy si\u0119 obecnie na 14 miejscu i maj\u0105cy 5 punkt\u00f3w w swoim dorobku...","_links":{"self":[{"href":"https:\/\/sarmacjabedzin.pl\/index.php\/wp-json\/wp\/v2\/posts\/5266","targetHints":{"allow":["GET"]}}],"collection":[{"href":"https:\/\/sarmacjabedzin.pl\/index.php\/wp-json\/wp\/v2\/posts"}],"about":[{"href":"https:\/\/sarmacjabedzin.pl\/index.php\/wp-json\/wp\/v2\/types\/post"}],"author":[{"embeddable":true,"href":"https:\/\/sarmacjabedzin.pl\/index.php\/wp-json\/wp\/v2\/users\/1"}],"replies":[{"embeddable":true,"href":"https:\/\/sarmacjabedzin.pl\/index.php\/wp-json\/wp\/v2\/comments?post=5266"}],"version-history":[{"count":0,"href":"https:\/\/sarmacjabedzin.pl\/index.php\/wp-json\/wp\/v2\/posts\/5266\/revisions"}],"wp:featuredmedia":[{"embeddable":true,"href":"https:\/\/sarmacjabedzin.pl\/index.php\/wp-json\/wp\/v2\/media\/5265"}],"wp:attachment":[{"href":"https:\/\/sarmacjabedzin.pl\/index.php\/wp-json\/wp\/v2\/media?parent=5266"}],"wp:term":[{"taxonomy":"category","embeddable":true,"href":"https:\/\/sarmacjabedzin.pl\/index.php\/wp-json\/wp\/v2\/categories?post=5266"},{"taxonomy":"post_tag","embeddable":true,"href":"https:\/\/sarmacjabedzin.pl\/index.php\/wp-json\/wp\/v2\/tags?post=5266"}],"curies":[{"name":"wp","href":"https:\/\/api.w.org\/{rel}","templated":true}]}}