{"id":5693,"date":"2023-03-18T16:27:13","date_gmt":"2023-03-18T15:27:13","guid":{"rendered":"https:\/\/sarmacjabedzin.pl\/?p=5693"},"modified":"2023-03-18T19:56:31","modified_gmt":"2023-03-18T18:56:31","slug":"swietne-wznowienie-rozgrywek","status":"publish","type":"post","link":"https:\/\/sarmacjabedzin.pl\/index.php\/2023\/03\/18\/swietne-wznowienie-rozgrywek\/","title":{"rendered":"\u015awietne wznowienie rozgrywek!"},"content":{"rendered":"<p class=\"p1\">Dnia 18.03.2022 roku o godz. 11.00 pi\u0142karze Sarmacji B\u0119dzin zainaugurowali na w\u0142asnym stadionie rund\u0119 wiosenn\u0105 sezonu 2022\/2023. W pierwszym meczu tych rozgrywek b\u0119dzinianie zmierzyli si\u0119 zajmuj\u0105cym 8 miejsce w tabeli G\u00f3rnikiem Wojkowice, kt\u00f3ry do tej pory zgromadzi\u0142 na swoim koncie 17 punkt\u00f3w. Sarmaci wyprzedzali swojego rywala zaledwie lepszym bilansem bezpo\u015bredniego pojedynku. W rundzie jesiennej zremisowali na wyje\u017adzie 2:2. Dwa gole dla naszego zespo\u0142u zdobyli: Karol G\u00f3ral oraz Marek Kocot. Obie dru\u017cyny za wszelk\u0105 cen\u0119 chcia\u0142y wej\u015b\u0107 w rund\u0119 wiosenn\u0105 z kompletem punkt\u00f3w. Mecz ten z bezpo\u015brednim rywalem w tabeli by\u0142 na wag\u0119 przys\u0142owiowych sze\u015bciu punkt\u00f3w.<\/p>\n<p class=\"p1\">W pierwszej po\u0142owie rywale cz\u0119\u015bciej przebywali na naszej po\u0142owie boiska. Mimo to nie potrafili zagrozi\u0107 naszej defensywie.<br \/>\nPierwszy strza\u0142 na bramk\u0119 w tym spotkaniu, w 11 minucie zanotowali gospodarze. Wtedy to, pi\u0142ka po g\u0142\u00f3wce \u0141ukasza Ignalskiego przelecia\u0142a nad poprzeczk\u0105 rywala.<br \/>\nW 18 minucie G\u00f3rnik r\u00f3wnie\u017c zaliczy\u0142 strza\u0142 nad nasz\u0105 bramk\u0105.<br \/>\nDziesi\u0119\u0107 minut p\u00f3\u017aniej bliski zdobycia gola dla b\u0119dzinian by\u0142 Dawid Dudek. Niestety futbol\u00f3wka po strzale z bliska min\u0119\u0142a \u015bwiat\u0142o bramki.<br \/>\nChwil\u0119 potem Marek Kocot uderzeniem z dystansu pr\u00f3bowa\u0142 zaskoczy\u0107 golkipera go\u015bci. Tym razem r\u00f3wnie\u017c brak\u0142o precyzji, a pi\u0142ka poszybowa\u0142a nad poprzeczk\u0105.<br \/>\nW 33 minucie zawodnicy G\u00f3rnika domagali si\u0119 rzutu karnego za r\u0119k\u0119 naszego obro\u0144cy we w\u0142asnym polu karnym. Ku ogromnemu niezadowoleniu wojkowiczan s\u0119dzia nie dopatrzy\u0142 si\u0119 jednak \u017cadnego przewinienia ze strony defensora gospodarzy.<br \/>\nW 35 minucie napastnik G\u00f3rnika \u0141ukasz Burczyk zmarnowa\u0142 znakomit\u0105 szans\u0119 na zdobycie pierwszego gola. Na szcz\u0119\u015bcie dla miejscowych, uderzaj\u0105c pi\u0142k\u0119 g\u0142ow\u0105 z bliskiej odleg\u0142o\u015bci, pos\u0142a\u0142 j\u0105 nad nasz\u0105 poprzeczk\u0105.<br \/>\nDo przerwy utrzyma\u0142 si\u0119 bezbramkowy remis.<\/p>\n<p class=\"p1\">Po zmianie stron przyjezdni zn\u00f3w pr\u00f3bowali przej\u0105\u0107 inicjatyw\u0119. Tym razem Sarmaci n\u0119kali ich szybkimi i bardziej zdecydowanymi kontrami. Po jednej z nich w 60 minucie gospodarze obj\u0119li prowadzenie 1:0. \u015awietnym podaniem do Karola G\u00f3rala popisa\u0142 si\u0119 Marek Kocot. Nasz boczny pomocnik maj\u0105c przed sob\u0105 wybiegaj\u0105cego do niego bramkarza go\u015bci, zdo\u0142a\u0142 pos\u0142a\u0107 pi\u0142k\u0119 do jego siatki.<br \/>\nTrzy minuty potem silny strza\u0142 wprost w bramkarza odda\u0142 Piotr Samborski.<br \/>\nW 72 minucie serca kibic\u00f3w Sarmacji zabi\u0142y g\u0142o\u015bniej, kiedy to w naszym polu karnym le\u017ca\u0142 zawodnik G\u00f3rnika. S\u0119dzia podyktowa\u0142 rzut wolny, uznaj\u0105c, \u017ce ten by\u0142 faulowany tu\u017c przed polem karnym.<br \/>\nW 78 minucie spore emocje meczowe udzieli\u0142y si\u0119 naszemu trenerowi Paw\u0142owi Gasikowi, kt\u00f3ry za swoj\u0105 ekspresj\u0119 zosta\u0142 \u201enagrodzony\u201d przez s\u0119dziego \u017c\u00f3\u0142tym kartonikiem. Chwil\u0119 wcze\u015bniej to samo spotka\u0142o szkoleniowca go\u015bci.<br \/>\nKo\u0144c\u00f3wka spotkania przebiega\u0142a w bardzo nerwowej atmosferze, a gra jeszcze bardziej si\u0119 zaostrzy\u0142a. Rywale za wszelk\u0105 cen\u0119 d\u0105\u017cyli do zmiany niekorzystnego rezultatu. S\u0119dzia dzieli\u0142 kartkami po obu stronach boiska.<br \/>\nW 81 minucie bliski rozstrzygni\u0119cia tego pojedynku by\u0142 Karol G\u00f3ral. Tym razem pi\u0142ka po jego strzale trafi\u0142a w s\u0142upek.<br \/>\nW 86 minucie bliscy wyr\u00f3wnania byli przyjezdni. Na szcz\u0119\u015bcie dla gospodarzy, futbol\u00f3wka po g\u0142\u00f3wce zawodnika wojkowiczan, przelecia\u0142a tu\u017c obok naszej bramki.<br \/>\nW 93 minucie znakomitej okazji sam na sam z golkiperem nie wykorzysta\u0142 zdobywca pierwszego gola Karol G\u00f3ral. Tym razem bramkarz G\u00f3rnika nie da\u0142 si\u0119 zaskoczy\u0107.<br \/>\nW 96 minucie kolejna szybka kontra przynios\u0142a nam rzut karny. Zn\u00f3w g\u0142\u00f3wnym bohaterem by\u0142 Karol G\u00f3ral, kt\u00f3ry zosta\u0142 sfaulowany przez bramkarza go\u015bci w polu karnym rywala.<br \/>\nPi\u0142k\u0119 na jedenastym metrze ustawi\u0142 Marek Kocot, a nast\u0119pnie skierowa\u0142 j\u0105 do siatki wojkowiczan.<\/p>\n<p class=\"p1\">Ostatecznie Sarmacja w pierwszym meczu rundy wiosennej odnios\u0142a bardzo cenne zwyci\u0119stwo, pokonuj\u0105c G\u00f3rnik Wojkowice 2:0. Dzi\u015b m\u0105dra gra w wykonaniu naszego zespo\u0142u przynios\u0142a nam tak bardzo potrzebny komplet punkt\u00f3w. Dzi\u0119ki temu b\u0119dzinianie umocnili swoj\u0105 pozycj\u0119 w \u015brodkowej strefie tabeli. Mimo absencji naszego kapitana Daniela Majki, spowodowanej kontuzj\u0105, defensywa b\u0119dzinian zachowa\u0142a czyste konto. Gratulacje dla ca\u0142ej dru\u017cyny oraz trenera. Kibice Sarmacji z u\u015bmiechem na twarzy opuszczali trybuny.<\/p>\n<p class=\"p1\">Ju\u017c za tydzie\u0144 naszych pi\u0142karzy czeka bardzo trudny wyjazdowy pojedynek z pretendentem do awansu dru\u017cyn\u0105 Sparty Katowice.<\/p>\n<p class=\"p1\"><strong>Sarmacja B\u0119dzin \u2013 G\u00f3rnik Wojkowice 2:0 (0:0)<\/strong><\/p>\n<p class=\"p1\"><strong>Bramki:<\/strong><br \/>\n60&#8242; G\u00f3ral<br \/>\n90&#8217;+7&#8242; (k) Kocot<\/p>\n<p class=\"p1\"><strong>Sarmacja B\u0119dzin:<\/strong> Borczuch \u2013 \u017bmuda, Dul, Duda\u0142a, Ignalski, Ku\u0142aga, Kulesza, Samborski, Kocot, G\u00f3ral, Dudek (67&#8242; Z\u0105bek)<\/p>\n","protected":false},"excerpt":{"rendered":"<p>Dnia 18.03.2022 roku o godz. 11.00 pi\u0142karze Sarmacji B\u0119dzin zainaugurowali na w\u0142asnym stadionie rund\u0119 wiosenn\u0105 sezonu 2022\/2023. W pierwszym meczu tych rozgrywek b\u0119dzinianie zmierzyli si\u0119 zajmuj\u0105cym 8 miejsce w tabeli G\u00f3rnikiem Wojkowice, kt\u00f3ry do tej pory zgromadzi\u0142 na swoim koncie 17 punkt\u00f3w. Sarmaci wyprzedzali swojego rywala zaledwie lepszym bilansem bezpo\u015bredniego pojedynku. W rundzie jesiennej zremisowali&#8230;<\/p>\n","protected":false},"author":1,"featured_media":5695,"comment_status":"closed","ping_status":"closed","sticky":false,"template":"","format":"standard","meta":{"footnotes":""},"categories":[64],"tags":[],"class_list":["post-5693","post","type-post","status-publish","format-standard","has-post-thumbnail","hentry","category-soccer"],"yoast_head":"<!-- This site is optimized with the Yoast SEO plugin v25.8 - https:\/\/yoast.com\/wordpress\/plugins\/seo\/ -->\n<title>\u015awietne wznowienie rozgrywek! | BKS Sarmacja B\u0119dzin<\/title>\n<meta name=\"robots\" content=\"index, follow, max-snippet:-1, max-image-preview:large, max-video-preview:-1\" \/>\n<link rel=\"canonical\" href=\"https:\/\/sarmacjabedzin.pl\/index.php\/2023\/03\/18\/swietne-wznowienie-rozgrywek\/\" \/>\n<meta property=\"og:locale\" content=\"pl_PL\" \/>\n<meta property=\"og:type\" content=\"article\" \/>\n<meta property=\"og:title\" content=\"\u015awietne wznowienie rozgrywek! | BKS Sarmacja B\u0119dzin\" \/>\n<meta property=\"og:description\" content=\"Dnia 18.03.2022 roku o godz. 11.00 pi\u0142karze Sarmacji B\u0119dzin zainaugurowali na w\u0142asnym stadionie rund\u0119 wiosenn\u0105 sezonu 2022\/2023. W pierwszym meczu tych rozgrywek b\u0119dzinianie zmierzyli si\u0119 zajmuj\u0105cym 8 miejsce w tabeli G\u00f3rnikiem Wojkowice, kt\u00f3ry do tej pory zgromadzi\u0142 na swoim koncie 17 punkt\u00f3w. Sarmaci wyprzedzali swojego rywala zaledwie lepszym bilansem bezpo\u015bredniego pojedynku. W rundzie jesiennej zremisowali...\" \/>\n<meta property=\"og:url\" content=\"https:\/\/sarmacjabedzin.pl\/index.php\/2023\/03\/18\/swietne-wznowienie-rozgrywek\/\" \/>\n<meta property=\"og:site_name\" content=\"BKS Sarmacja B\u0119dzin\" \/>\n<meta property=\"article:publisher\" content=\"https:\/\/www.facebook.com\/SarmacjaBedzin\" \/>\n<meta property=\"article:published_time\" content=\"2023-03-18T15:27:13+00:00\" \/>\n<meta property=\"article:modified_time\" content=\"2023-03-18T18:56:31+00:00\" \/>\n<meta property=\"og:image\" content=\"https:\/\/sarmacjabedzin.pl\/wp-content\/uploads\/2023\/03\/18_03_2023_Gornik_Wojkowice_po_www.jpg\" \/>\n\t<meta property=\"og:image:width\" content=\"1920\" \/>\n\t<meta property=\"og:image:height\" content=\"1080\" \/>\n\t<meta property=\"og:image:type\" content=\"image\/jpeg\" \/>\n<meta name=\"author\" content=\"tyrtak\" \/>\n<meta name=\"twitter:card\" content=\"summary_large_image\" \/>\n<meta name=\"twitter:label1\" content=\"Napisane przez\" \/>\n\t<meta name=\"twitter:data1\" content=\"tyrtak\" \/>\n\t<meta name=\"twitter:label2\" content=\"Szacowany czas czytania\" \/>\n\t<meta name=\"twitter:data2\" content=\"4 minuty\" \/>\n<script type=\"application\/ld+json\" class=\"yoast-schema-graph\">{\"@context\":\"https:\/\/schema.org\",\"@graph\":[{\"@type\":\"WebPage\",\"@id\":\"https:\/\/sarmacjabedzin.pl\/index.php\/2023\/03\/18\/swietne-wznowienie-rozgrywek\/\",\"url\":\"https:\/\/sarmacjabedzin.pl\/index.php\/2023\/03\/18\/swietne-wznowienie-rozgrywek\/\",\"name\":\"\u015awietne wznowienie rozgrywek! | BKS Sarmacja B\u0119dzin\",\"isPartOf\":{\"@id\":\"https:\/\/sarmacjabedzin.pl\/#website\"},\"primaryImageOfPage\":{\"@id\":\"https:\/\/sarmacjabedzin.pl\/index.php\/2023\/03\/18\/swietne-wznowienie-rozgrywek\/#primaryimage\"},\"image\":{\"@id\":\"https:\/\/sarmacjabedzin.pl\/index.php\/2023\/03\/18\/swietne-wznowienie-rozgrywek\/#primaryimage\"},\"thumbnailUrl\":\"https:\/\/sarmacjabedzin.pl\/wp-content\/uploads\/2023\/03\/18_03_2023_Gornik_Wojkowice_po_www.jpg\",\"datePublished\":\"2023-03-18T15:27:13+00:00\",\"dateModified\":\"2023-03-18T18:56:31+00:00\",\"author\":{\"@id\":\"https:\/\/sarmacjabedzin.pl\/#\/schema\/person\/5417ea7b03bcd9adf58298a2265ce03a\"},\"breadcrumb\":{\"@id\":\"https:\/\/sarmacjabedzin.pl\/index.php\/2023\/03\/18\/swietne-wznowienie-rozgrywek\/#breadcrumb\"},\"inLanguage\":\"pl-PL\",\"potentialAction\":[{\"@type\":\"ReadAction\",\"target\":[\"https:\/\/sarmacjabedzin.pl\/index.php\/2023\/03\/18\/swietne-wznowienie-rozgrywek\/\"]}]},{\"@type\":\"ImageObject\",\"inLanguage\":\"pl-PL\",\"@id\":\"https:\/\/sarmacjabedzin.pl\/index.php\/2023\/03\/18\/swietne-wznowienie-rozgrywek\/#primaryimage\",\"url\":\"https:\/\/sarmacjabedzin.pl\/wp-content\/uploads\/2023\/03\/18_03_2023_Gornik_Wojkowice_po_www.jpg\",\"contentUrl\":\"https:\/\/sarmacjabedzin.pl\/wp-content\/uploads\/2023\/03\/18_03_2023_Gornik_Wojkowice_po_www.jpg\",\"width\":1920,\"height\":1080},{\"@type\":\"BreadcrumbList\",\"@id\":\"https:\/\/sarmacjabedzin.pl\/index.php\/2023\/03\/18\/swietne-wznowienie-rozgrywek\/#breadcrumb\",\"itemListElement\":[{\"@type\":\"ListItem\",\"position\":1,\"name\":\"Strona g\u0142\u00f3wna\",\"item\":\"https:\/\/sarmacjabedzin.pl\/\"},{\"@type\":\"ListItem\",\"position\":2,\"name\":\"\u015awietne wznowienie rozgrywek!\"}]},{\"@type\":\"WebSite\",\"@id\":\"https:\/\/sarmacjabedzin.pl\/#website\",\"url\":\"https:\/\/sarmacjabedzin.pl\/\",\"name\":\"BKS Sarmacja B\u0119dzin \u2013 Nieoficjalny serwis\",\"description\":\"Nieoficjalny serwis B\u0119dzi\u0144skiego Klubu Sportowego &quot;Sarmacja&quot;\",\"potentialAction\":[{\"@type\":\"SearchAction\",\"target\":{\"@type\":\"EntryPoint\",\"urlTemplate\":\"https:\/\/sarmacjabedzin.pl\/?s={search_term_string}\"},\"query-input\":{\"@type\":\"PropertyValueSpecification\",\"valueRequired\":true,\"valueName\":\"search_term_string\"}}],\"inLanguage\":\"pl-PL\"},{\"@type\":\"Person\",\"@id\":\"https:\/\/sarmacjabedzin.pl\/#\/schema\/person\/5417ea7b03bcd9adf58298a2265ce03a\",\"name\":\"tyrtak\",\"image\":{\"@type\":\"ImageObject\",\"inLanguage\":\"pl-PL\",\"@id\":\"https:\/\/sarmacjabedzin.pl\/#\/schema\/person\/image\/\",\"url\":\"https:\/\/secure.gravatar.com\/avatar\/49b7734c6795cf524710e96813a9fedc1ae3816e479d92490236b4cfc47a5ae1?s=96&d=mm&r=g\",\"contentUrl\":\"https:\/\/secure.gravatar.com\/avatar\/49b7734c6795cf524710e96813a9fedc1ae3816e479d92490236b4cfc47a5ae1?s=96&d=mm&r=g\",\"caption\":\"tyrtak\"}}]}<\/script>\n<!-- \/ Yoast SEO plugin. -->","yoast_head_json":{"title":"\u015awietne wznowienie rozgrywek! | BKS Sarmacja B\u0119dzin","robots":{"index":"index","follow":"follow","max-snippet":"max-snippet:-1","max-image-preview":"max-image-preview:large","max-video-preview":"max-video-preview:-1"},"canonical":"https:\/\/sarmacjabedzin.pl\/index.php\/2023\/03\/18\/swietne-wznowienie-rozgrywek\/","og_locale":"pl_PL","og_type":"article","og_title":"\u015awietne wznowienie rozgrywek! | BKS Sarmacja B\u0119dzin","og_description":"Dnia 18.03.2022 roku o godz. 11.00 pi\u0142karze Sarmacji B\u0119dzin zainaugurowali na w\u0142asnym stadionie rund\u0119 wiosenn\u0105 sezonu 2022\/2023. W pierwszym meczu tych rozgrywek b\u0119dzinianie zmierzyli si\u0119 zajmuj\u0105cym 8 miejsce w tabeli G\u00f3rnikiem Wojkowice, kt\u00f3ry do tej pory zgromadzi\u0142 na swoim koncie 17 punkt\u00f3w. Sarmaci wyprzedzali swojego rywala zaledwie lepszym bilansem bezpo\u015bredniego pojedynku. W rundzie jesiennej zremisowali...","og_url":"https:\/\/sarmacjabedzin.pl\/index.php\/2023\/03\/18\/swietne-wznowienie-rozgrywek\/","og_site_name":"BKS Sarmacja B\u0119dzin","article_publisher":"https:\/\/www.facebook.com\/SarmacjaBedzin","article_published_time":"2023-03-18T15:27:13+00:00","article_modified_time":"2023-03-18T18:56:31+00:00","og_image":[{"width":1920,"height":1080,"url":"https:\/\/sarmacjabedzin.pl\/wp-content\/uploads\/2023\/03\/18_03_2023_Gornik_Wojkowice_po_www.jpg","type":"image\/jpeg"}],"author":"tyrtak","twitter_card":"summary_large_image","twitter_misc":{"Napisane przez":"tyrtak","Szacowany czas czytania":"4 minuty"},"schema":{"@context":"https:\/\/schema.org","@graph":[{"@type":"WebPage","@id":"https:\/\/sarmacjabedzin.pl\/index.php\/2023\/03\/18\/swietne-wznowienie-rozgrywek\/","url":"https:\/\/sarmacjabedzin.pl\/index.php\/2023\/03\/18\/swietne-wznowienie-rozgrywek\/","name":"\u015awietne wznowienie rozgrywek! | BKS Sarmacja B\u0119dzin","isPartOf":{"@id":"https:\/\/sarmacjabedzin.pl\/#website"},"primaryImageOfPage":{"@id":"https:\/\/sarmacjabedzin.pl\/index.php\/2023\/03\/18\/swietne-wznowienie-rozgrywek\/#primaryimage"},"image":{"@id":"https:\/\/sarmacjabedzin.pl\/index.php\/2023\/03\/18\/swietne-wznowienie-rozgrywek\/#primaryimage"},"thumbnailUrl":"https:\/\/sarmacjabedzin.pl\/wp-content\/uploads\/2023\/03\/18_03_2023_Gornik_Wojkowice_po_www.jpg","datePublished":"2023-03-18T15:27:13+00:00","dateModified":"2023-03-18T18:56:31+00:00","author":{"@id":"https:\/\/sarmacjabedzin.pl\/#\/schema\/person\/5417ea7b03bcd9adf58298a2265ce03a"},"breadcrumb":{"@id":"https:\/\/sarmacjabedzin.pl\/index.php\/2023\/03\/18\/swietne-wznowienie-rozgrywek\/#breadcrumb"},"inLanguage":"pl-PL","potentialAction":[{"@type":"ReadAction","target":["https:\/\/sarmacjabedzin.pl\/index.php\/2023\/03\/18\/swietne-wznowienie-rozgrywek\/"]}]},{"@type":"ImageObject","inLanguage":"pl-PL","@id":"https:\/\/sarmacjabedzin.pl\/index.php\/2023\/03\/18\/swietne-wznowienie-rozgrywek\/#primaryimage","url":"https:\/\/sarmacjabedzin.pl\/wp-content\/uploads\/2023\/03\/18_03_2023_Gornik_Wojkowice_po_www.jpg","contentUrl":"https:\/\/sarmacjabedzin.pl\/wp-content\/uploads\/2023\/03\/18_03_2023_Gornik_Wojkowice_po_www.jpg","width":1920,"height":1080},{"@type":"BreadcrumbList","@id":"https:\/\/sarmacjabedzin.pl\/index.php\/2023\/03\/18\/swietne-wznowienie-rozgrywek\/#breadcrumb","itemListElement":[{"@type":"ListItem","position":1,"name":"Strona g\u0142\u00f3wna","item":"https:\/\/sarmacjabedzin.pl\/"},{"@type":"ListItem","position":2,"name":"\u015awietne wznowienie rozgrywek!"}]},{"@type":"WebSite","@id":"https:\/\/sarmacjabedzin.pl\/#website","url":"https:\/\/sarmacjabedzin.pl\/","name":"BKS Sarmacja B\u0119dzin \u2013 Nieoficjalny serwis","description":"Nieoficjalny serwis B\u0119dzi\u0144skiego Klubu Sportowego &quot;Sarmacja&quot;","potentialAction":[{"@type":"SearchAction","target":{"@type":"EntryPoint","urlTemplate":"https:\/\/sarmacjabedzin.pl\/?s={search_term_string}"},"query-input":{"@type":"PropertyValueSpecification","valueRequired":true,"valueName":"search_term_string"}}],"inLanguage":"pl-PL"},{"@type":"Person","@id":"https:\/\/sarmacjabedzin.pl\/#\/schema\/person\/5417ea7b03bcd9adf58298a2265ce03a","name":"tyrtak","image":{"@type":"ImageObject","inLanguage":"pl-PL","@id":"https:\/\/sarmacjabedzin.pl\/#\/schema\/person\/image\/","url":"https:\/\/secure.gravatar.com\/avatar\/49b7734c6795cf524710e96813a9fedc1ae3816e479d92490236b4cfc47a5ae1?s=96&d=mm&r=g","contentUrl":"https:\/\/secure.gravatar.com\/avatar\/49b7734c6795cf524710e96813a9fedc1ae3816e479d92490236b4cfc47a5ae1?s=96&d=mm&r=g","caption":"tyrtak"}}]}},"rttpg_featured_image_url":{"full":["https:\/\/sarmacjabedzin.pl\/wp-content\/uploads\/2023\/03\/18_03_2023_Gornik_Wojkowice_po_www.jpg",1920,1080,false],"landscape":["https:\/\/sarmacjabedzin.pl\/wp-content\/uploads\/2023\/03\/18_03_2023_Gornik_Wojkowice_po_www.jpg",1920,1080,false],"portraits":["https:\/\/sarmacjabedzin.pl\/wp-content\/uploads\/2023\/03\/18_03_2023_Gornik_Wojkowice_po_www.jpg",1920,1080,false],"thumbnail":["https:\/\/sarmacjabedzin.pl\/wp-content\/uploads\/2023\/03\/18_03_2023_Gornik_Wojkowice_po_www-150x150.jpg",150,150,true],"medium":["https:\/\/sarmacjabedzin.pl\/wp-content\/uploads\/2023\/03\/18_03_2023_Gornik_Wojkowice_po_www-300x169.jpg",300,169,true],"large":["https:\/\/sarmacjabedzin.pl\/wp-content\/uploads\/2023\/03\/18_03_2023_Gornik_Wojkowice_po_www-1024x576.jpg",1024,576,true],"1536x1536":["https:\/\/sarmacjabedzin.pl\/wp-content\/uploads\/2023\/03\/18_03_2023_Gornik_Wojkowice_po_www-1536x864.jpg",1536,864,true],"2048x2048":["https:\/\/sarmacjabedzin.pl\/wp-content\/uploads\/2023\/03\/18_03_2023_Gornik_Wojkowice_po_www.jpg",1920,1080,false],"sportspress-crop-medium":["https:\/\/sarmacjabedzin.pl\/wp-content\/uploads\/2023\/03\/18_03_2023_Gornik_Wojkowice_po_www-300x300.jpg",300,300,true],"sportspress-fit-medium":["https:\/\/sarmacjabedzin.pl\/wp-content\/uploads\/2023\/03\/18_03_2023_Gornik_Wojkowice_po_www-300x169.jpg",300,169,true],"sportspress-fit-icon":["https:\/\/sarmacjabedzin.pl\/wp-content\/uploads\/2023\/03\/18_03_2023_Gornik_Wojkowice_po_www-128x72.jpg",128,72,true],"sportspress-fit-mini":["https:\/\/sarmacjabedzin.pl\/wp-content\/uploads\/2023\/03\/18_03_2023_Gornik_Wojkowice_po_www-32x18.jpg",32,18,true],"ultp_layout_landscape_large":["https:\/\/sarmacjabedzin.pl\/wp-content\/uploads\/2023\/03\/18_03_2023_Gornik_Wojkowice_po_www-1200x800.jpg",1200,800,true],"ultp_layout_landscape":["https:\/\/sarmacjabedzin.pl\/wp-content\/uploads\/2023\/03\/18_03_2023_Gornik_Wojkowice_po_www-870x570.jpg",870,570,true],"ultp_layout_portrait":["https:\/\/sarmacjabedzin.pl\/wp-content\/uploads\/2023\/03\/18_03_2023_Gornik_Wojkowice_po_www-600x900.jpg",600,900,true],"ultp_layout_square":["https:\/\/sarmacjabedzin.pl\/wp-content\/uploads\/2023\/03\/18_03_2023_Gornik_Wojkowice_po_www-600x600.jpg",600,600,true],"stm-1140-666":["https:\/\/sarmacjabedzin.pl\/wp-content\/uploads\/2023\/03\/18_03_2023_Gornik_Wojkowice_po_www-1140x666.jpg",1140,666,true],"stm-1170-650":["https:\/\/sarmacjabedzin.pl\/wp-content\/uploads\/2023\/03\/18_03_2023_Gornik_Wojkowice_po_www-1170x650.jpg",1170,650,true],"stm-570-350":["https:\/\/sarmacjabedzin.pl\/wp-content\/uploads\/2023\/03\/18_03_2023_Gornik_Wojkowice_po_www-570x350.jpg",570,350,true],"stm-570-250":["https:\/\/sarmacjabedzin.pl\/wp-content\/uploads\/2023\/03\/18_03_2023_Gornik_Wojkowice_po_www-570x250.jpg",570,250,true],"stm-270-370":["https:\/\/sarmacjabedzin.pl\/wp-content\/uploads\/2023\/03\/18_03_2023_Gornik_Wojkowice_po_www-270x370.jpg",270,370,true],"stm-540-500":["https:\/\/sarmacjabedzin.pl\/wp-content\/uploads\/2023\/03\/18_03_2023_Gornik_Wojkowice_po_www-540x500.jpg",540,500,true],"stm-270-530":["https:\/\/sarmacjabedzin.pl\/wp-content\/uploads\/2023\/03\/18_03_2023_Gornik_Wojkowice_po_www-270x530.jpg",270,530,true],"stm-200-200":["https:\/\/sarmacjabedzin.pl\/wp-content\/uploads\/2023\/03\/18_03_2023_Gornik_Wojkowice_po_www-200x200.jpg",200,200,true],"stm-85-105":["https:\/\/sarmacjabedzin.pl\/wp-content\/uploads\/2023\/03\/18_03_2023_Gornik_Wojkowice_po_www-85x105.jpg",85,105,true],"stm-255-255":["https:\/\/sarmacjabedzin.pl\/wp-content\/uploads\/2023\/03\/18_03_2023_Gornik_Wojkowice_po_www-255x255.jpg",255,255,true],"stm-360-240":["https:\/\/sarmacjabedzin.pl\/wp-content\/uploads\/2023\/03\/18_03_2023_Gornik_Wojkowice_po_www-360x240.jpg",360,240,true],"stm-360-495":["https:\/\/sarmacjabedzin.pl\/wp-content\/uploads\/2023\/03\/18_03_2023_Gornik_Wojkowice_po_www-360x495.jpg",360,495,true],"stm-445-400":["https:\/\/sarmacjabedzin.pl\/wp-content\/uploads\/2023\/03\/18_03_2023_Gornik_Wojkowice_po_www-445x400.jpg",445,400,true],"stm-735-240":["https:\/\/sarmacjabedzin.pl\/wp-content\/uploads\/2023\/03\/18_03_2023_Gornik_Wojkowice_po_www-735x240.jpg",735,240,true],"stm-255-183":["https:\/\/sarmacjabedzin.pl\/wp-content\/uploads\/2023\/03\/18_03_2023_Gornik_Wojkowice_po_www-255x183.jpg",255,183,true],"stm-350-250":["https:\/\/sarmacjabedzin.pl\/wp-content\/uploads\/2023\/03\/18_03_2023_Gornik_Wojkowice_po_www-350x250.jpg",350,250,true],"blog_list":["https:\/\/sarmacjabedzin.pl\/wp-content\/uploads\/2023\/03\/18_03_2023_Gornik_Wojkowice_po_www-270x220.jpg",270,220,true],"blog_list_medium":["https:\/\/sarmacjabedzin.pl\/wp-content\/uploads\/2023\/03\/18_03_2023_Gornik_Wojkowice_po_www-390x345.jpg",390,345,true],"gallery_thumbnail":["https:\/\/sarmacjabedzin.pl\/wp-content\/uploads\/2023\/03\/18_03_2023_Gornik_Wojkowice_po_www-80x80.jpg",80,80,true],"gallery_image":["https:\/\/sarmacjabedzin.pl\/wp-content\/uploads\/2023\/03\/18_03_2023_Gornik_Wojkowice_po_www-560x367.jpg",560,367,true],"gallery_image_mini":["https:\/\/sarmacjabedzin.pl\/wp-content\/uploads\/2023\/03\/18_03_2023_Gornik_Wojkowice_po_www-143x116.jpg",143,116,true],"player_photo":["https:\/\/sarmacjabedzin.pl\/wp-content\/uploads\/2023\/03\/18_03_2023_Gornik_Wojkowice_po_www-740x740.jpg",740,740,true],"team_logo":["https:\/\/sarmacjabedzin.pl\/wp-content\/uploads\/2023\/03\/18_03_2023_Gornik_Wojkowice_po_www-98x55.jpg",98,55,true],"player_stat_ava":["https:\/\/sarmacjabedzin.pl\/wp-content\/uploads\/2023\/03\/18_03_2023_Gornik_Wojkowice_po_www-550x580.jpg",550,580,true],"post-350-220":["https:\/\/sarmacjabedzin.pl\/wp-content\/uploads\/2023\/03\/18_03_2023_Gornik_Wojkowice_po_www-350x220.jpg",350,220,true],"post-275-142":["https:\/\/sarmacjabedzin.pl\/wp-content\/uploads\/2023\/03\/18_03_2023_Gornik_Wojkowice_po_www-275x142.jpg",275,142,true],"post-160-120":["https:\/\/sarmacjabedzin.pl\/wp-content\/uploads\/2023\/03\/18_03_2023_Gornik_Wojkowice_po_www-160x120.jpg",160,120,true],"post-110-70":["https:\/\/sarmacjabedzin.pl\/wp-content\/uploads\/2023\/03\/18_03_2023_Gornik_Wojkowice_po_www-110x70.jpg",110,70,true],"post-770-450":["https:\/\/sarmacjabedzin.pl\/wp-content\/uploads\/2023\/03\/18_03_2023_Gornik_Wojkowice_po_www-770x450.jpg",770,450,true],"post-370-210":["https:\/\/sarmacjabedzin.pl\/wp-content\/uploads\/2023\/03\/18_03_2023_Gornik_Wojkowice_po_www-370x210.jpg",370,210,true],"post-457-470":["https:\/\/sarmacjabedzin.pl\/wp-content\/uploads\/2023\/03\/18_03_2023_Gornik_Wojkowice_po_www-457x470.jpg",457,470,true],"post-370-420":["https:\/\/sarmacjabedzin.pl\/wp-content\/uploads\/2023\/03\/18_03_2023_Gornik_Wojkowice_po_www-370x420.jpg",370,420,true],"stm-445-445":["https:\/\/sarmacjabedzin.pl\/wp-content\/uploads\/2023\/03\/18_03_2023_Gornik_Wojkowice_po_www-445x445.jpg",445,445,true],"stm-555-460":["https:\/\/sarmacjabedzin.pl\/wp-content\/uploads\/2023\/03\/18_03_2023_Gornik_Wojkowice_po_www-555x460.jpg",555,460,true],"stm-350-450":["https:\/\/sarmacjabedzin.pl\/wp-content\/uploads\/2023\/03\/18_03_2023_Gornik_Wojkowice_po_www-350x450.jpg",350,450,true],"stm-720-440":["https:\/\/sarmacjabedzin.pl\/wp-content\/uploads\/2023\/03\/18_03_2023_Gornik_Wojkowice_po_www-720x440.jpg",720,440,true],"stm-270-270":["https:\/\/sarmacjabedzin.pl\/wp-content\/uploads\/2023\/03\/18_03_2023_Gornik_Wojkowice_po_www-270x270.jpg",270,270,true],"stm-760-450":["https:\/\/sarmacjabedzin.pl\/wp-content\/uploads\/2023\/03\/18_03_2023_Gornik_Wojkowice_po_www-760x450.jpg",760,450,true]},"rttpg_author":{"display_name":"tyrtak","author_link":false},"rttpg_comment":0,"rttpg_category":"<a href=\"https:\/\/sarmacjabedzin.pl\/index.php\/category\/soccer\/\" rel=\"category tag\">Liga<\/a>","rttpg_excerpt":"Dnia 18.03.2022 roku o godz. 11.00 pi\u0142karze Sarmacji B\u0119dzin zainaugurowali na w\u0142asnym stadionie rund\u0119 wiosenn\u0105 sezonu 2022\/2023. W pierwszym meczu tych rozgrywek b\u0119dzinianie zmierzyli si\u0119 zajmuj\u0105cym 8 miejsce w tabeli G\u00f3rnikiem Wojkowice, kt\u00f3ry do tej pory zgromadzi\u0142 na swoim koncie 17 punkt\u00f3w. Sarmaci wyprzedzali swojego rywala zaledwie lepszym bilansem bezpo\u015bredniego pojedynku. W rundzie jesiennej zremisowali...","_links":{"self":[{"href":"https:\/\/sarmacjabedzin.pl\/index.php\/wp-json\/wp\/v2\/posts\/5693","targetHints":{"allow":["GET"]}}],"collection":[{"href":"https:\/\/sarmacjabedzin.pl\/index.php\/wp-json\/wp\/v2\/posts"}],"about":[{"href":"https:\/\/sarmacjabedzin.pl\/index.php\/wp-json\/wp\/v2\/types\/post"}],"author":[{"embeddable":true,"href":"https:\/\/sarmacjabedzin.pl\/index.php\/wp-json\/wp\/v2\/users\/1"}],"replies":[{"embeddable":true,"href":"https:\/\/sarmacjabedzin.pl\/index.php\/wp-json\/wp\/v2\/comments?post=5693"}],"version-history":[{"count":0,"href":"https:\/\/sarmacjabedzin.pl\/index.php\/wp-json\/wp\/v2\/posts\/5693\/revisions"}],"wp:featuredmedia":[{"embeddable":true,"href":"https:\/\/sarmacjabedzin.pl\/index.php\/wp-json\/wp\/v2\/media\/5695"}],"wp:attachment":[{"href":"https:\/\/sarmacjabedzin.pl\/index.php\/wp-json\/wp\/v2\/media?parent=5693"}],"wp:term":[{"taxonomy":"category","embeddable":true,"href":"https:\/\/sarmacjabedzin.pl\/index.php\/wp-json\/wp\/v2\/categories?post=5693"},{"taxonomy":"post_tag","embeddable":true,"href":"https:\/\/sarmacjabedzin.pl\/index.php\/wp-json\/wp\/v2\/tags?post=5693"}],"curies":[{"name":"wp","href":"https:\/\/api.w.org\/{rel}","templated":true}]}}