{"id":5894,"date":"2023-05-10T11:07:09","date_gmt":"2023-05-10T09:07:09","guid":{"rendered":"https:\/\/sarmacjabedzin.pl\/?p=5894"},"modified":"2023-05-10T11:10:47","modified_gmt":"2023-05-10T09:10:47","slug":"pomeczowa-wypowiedz-lukasza-ignalskiego","status":"publish","type":"post","link":"https:\/\/sarmacjabedzin.pl\/index.php\/2023\/05\/10\/pomeczowa-wypowiedz-lukasza-ignalskiego\/","title":{"rendered":"Pomeczowa wypowied\u017a \u0141ukasza Ignalskiego!"},"content":{"rendered":"<p class=\"Standard\">Ostatni wyjazdowy mecz ligowy pomi\u0119dzy Sarmacj\u0105 B\u0119dzin a Slavi\u0105 Ruda \u015al\u0105ska zako\u0144czy\u0142 si\u0119 sprawiedliwym podzia\u0142em punkt\u00f3w. Mimo dwukrotnego prowadzenia gospodarzy b\u0119dzinianie potrafili doprowadzi\u0107 do remisu 2:2. Silne opady deszczu nie przeszkodzi\u0142y obu zespo\u0142om by dostarczy\u0107 kibicom wielu emocji i zwrot\u00f3w akcji. Jednym z najlepszych zawodnik\u00f3w tego pojedynku by\u0142 \u0141ukasz Ignalski, kt\u00f3ry graj\u0105c na pozycji bocznego obro\u0144cy, cz\u0119sto bra\u0142 udzia\u0142 w akcjach ofensywnych naszej dru\u017cyny.<\/p>\n<p class=\"Standard\"><strong>Oto co nam powiedzia\u0142 po meczu:<\/strong><\/p>\n<blockquote>\n<p class=\"Standard\">\u201eWitam, mecz ze Slavi\u0105 uwa\u017cam zar\u00f3wno za szcz\u0119\u015bliwy, jak i pechowy. W pierwszej po\u0142owie zostali\u015bmy w blokach i stracili\u015bmy dwie bramki ze sta\u0142ych fragment\u00f3w gry. Po asy\u015bcie Piotra Samborskiego kosmicznym uderzeniem popisa\u0142 si\u0119 Marek Kocot, kt\u00f3remu uda\u0142o si\u0119 \u015bci\u0105gn\u0105\u0107 paj\u0119czyn\u0119 z okienka. W ko\u0144c\u00f3wce drugiej po\u0142owy, po wrzutce Karola G\u00f3rala i strzale z g\u0142owy Adriana Bie\u0144ka na 2:2 wyr\u00f3wnali\u015bmy wynik tego spotkania. Cieszy nas fakt, \u017ce po paru meczach w ko\u0144cu strzelili\u015bmy bramki z akcji, co \u015bwiadczy o poprawie naszej gry w odniesieniu do poprzednich dw\u00f3ch spotka\u0144. Przed nami mecz z Niwami, a ju\u017c po nim w nast\u0119pny wtorek czeka nas mocne starcie z czo\u0142ow\u0105 dru\u017cyn\u0105 4 ligi w \u0107wier\u0107fina\u0142owym meczu Pucharu Polski na szczeblu wojew\u00f3dzkim, Uni\u0105 Turza \u015al\u0105ska. Serdecznie zapraszamy na oba pojedynki, kt\u00f3re odb\u0119d\u0105 si\u0119 na naszym stadionie. Pozdrawiam\u201d.<\/p>\n<\/blockquote>\n","protected":false},"excerpt":{"rendered":"<p>Ostatni wyjazdowy mecz ligowy pomi\u0119dzy Sarmacj\u0105 B\u0119dzin a Slavi\u0105 Ruda \u015al\u0105ska zako\u0144czy\u0142 si\u0119 sprawiedliwym podzia\u0142em punkt\u00f3w. Mimo dwukrotnego prowadzenia gospodarzy b\u0119dzinianie potrafili doprowadzi\u0107 do remisu 2:2. Silne opady deszczu nie przeszkodzi\u0142y obu zespo\u0142om by dostarczy\u0107 kibicom wielu emocji i zwrot\u00f3w akcji. Jednym z najlepszych zawodnik\u00f3w tego pojedynku by\u0142 \u0141ukasz Ignalski, kt\u00f3ry graj\u0105c na pozycji bocznego&#8230;<\/p>\n","protected":false},"author":1,"featured_media":5896,"comment_status":"closed","ping_status":"closed","sticky":false,"template":"","format":"standard","meta":{"footnotes":""},"categories":[1],"tags":[],"class_list":["post-5894","post","type-post","status-publish","format-standard","has-post-thumbnail","hentry","category-aktualnosci"],"yoast_head":"<!-- This site is optimized with the Yoast SEO plugin v25.8 - https:\/\/yoast.com\/wordpress\/plugins\/seo\/ -->\n<title>Pomeczowa wypowied\u017a \u0141ukasza Ignalskiego! | BKS Sarmacja B\u0119dzin<\/title>\n<meta name=\"robots\" content=\"index, follow, max-snippet:-1, max-image-preview:large, max-video-preview:-1\" \/>\n<link rel=\"canonical\" href=\"https:\/\/sarmacjabedzin.pl\/index.php\/2023\/05\/10\/pomeczowa-wypowiedz-lukasza-ignalskiego\/\" \/>\n<meta property=\"og:locale\" content=\"pl_PL\" \/>\n<meta property=\"og:type\" content=\"article\" \/>\n<meta property=\"og:title\" content=\"Pomeczowa wypowied\u017a \u0141ukasza Ignalskiego! | BKS Sarmacja B\u0119dzin\" \/>\n<meta property=\"og:description\" content=\"Ostatni wyjazdowy mecz ligowy pomi\u0119dzy Sarmacj\u0105 B\u0119dzin a Slavi\u0105 Ruda \u015al\u0105ska zako\u0144czy\u0142 si\u0119 sprawiedliwym podzia\u0142em punkt\u00f3w. Mimo dwukrotnego prowadzenia gospodarzy b\u0119dzinianie potrafili doprowadzi\u0107 do remisu 2:2. Silne opady deszczu nie przeszkodzi\u0142y obu zespo\u0142om by dostarczy\u0107 kibicom wielu emocji i zwrot\u00f3w akcji. Jednym z najlepszych zawodnik\u00f3w tego pojedynku by\u0142 \u0141ukasz Ignalski, kt\u00f3ry graj\u0105c na pozycji bocznego...\" \/>\n<meta property=\"og:url\" content=\"https:\/\/sarmacjabedzin.pl\/index.php\/2023\/05\/10\/pomeczowa-wypowiedz-lukasza-ignalskiego\/\" \/>\n<meta property=\"og:site_name\" content=\"BKS Sarmacja B\u0119dzin\" \/>\n<meta property=\"article:publisher\" content=\"https:\/\/www.facebook.com\/SarmacjaBedzin\" \/>\n<meta property=\"article:published_time\" content=\"2023-05-10T09:07:09+00:00\" \/>\n<meta property=\"article:modified_time\" content=\"2023-05-10T09:10:47+00:00\" \/>\n<meta property=\"og:image\" content=\"https:\/\/sarmacjabedzin.pl\/wp-content\/uploads\/2023\/05\/Cytat_pomeczowy_Slavia_Ignalski_WWW.jpg\" \/>\n\t<meta property=\"og:image:width\" content=\"1920\" \/>\n\t<meta property=\"og:image:height\" content=\"1080\" \/>\n\t<meta property=\"og:image:type\" content=\"image\/jpeg\" \/>\n<meta name=\"author\" content=\"tyrtak\" \/>\n<meta name=\"twitter:card\" content=\"summary_large_image\" \/>\n<meta name=\"twitter:label1\" content=\"Napisane przez\" \/>\n\t<meta name=\"twitter:data1\" content=\"tyrtak\" \/>\n\t<meta name=\"twitter:label2\" content=\"Szacowany czas czytania\" \/>\n\t<meta name=\"twitter:data2\" content=\"1 minuta\" \/>\n<script type=\"application\/ld+json\" class=\"yoast-schema-graph\">{\"@context\":\"https:\/\/schema.org\",\"@graph\":[{\"@type\":\"WebPage\",\"@id\":\"https:\/\/sarmacjabedzin.pl\/index.php\/2023\/05\/10\/pomeczowa-wypowiedz-lukasza-ignalskiego\/\",\"url\":\"https:\/\/sarmacjabedzin.pl\/index.php\/2023\/05\/10\/pomeczowa-wypowiedz-lukasza-ignalskiego\/\",\"name\":\"Pomeczowa wypowied\u017a \u0141ukasza Ignalskiego! | BKS Sarmacja B\u0119dzin\",\"isPartOf\":{\"@id\":\"https:\/\/sarmacjabedzin.pl\/#website\"},\"primaryImageOfPage\":{\"@id\":\"https:\/\/sarmacjabedzin.pl\/index.php\/2023\/05\/10\/pomeczowa-wypowiedz-lukasza-ignalskiego\/#primaryimage\"},\"image\":{\"@id\":\"https:\/\/sarmacjabedzin.pl\/index.php\/2023\/05\/10\/pomeczowa-wypowiedz-lukasza-ignalskiego\/#primaryimage\"},\"thumbnailUrl\":\"https:\/\/sarmacjabedzin.pl\/wp-content\/uploads\/2023\/05\/Cytat_pomeczowy_Slavia_Ignalski_WWW.jpg\",\"datePublished\":\"2023-05-10T09:07:09+00:00\",\"dateModified\":\"2023-05-10T09:10:47+00:00\",\"author\":{\"@id\":\"https:\/\/sarmacjabedzin.pl\/#\/schema\/person\/5417ea7b03bcd9adf58298a2265ce03a\"},\"breadcrumb\":{\"@id\":\"https:\/\/sarmacjabedzin.pl\/index.php\/2023\/05\/10\/pomeczowa-wypowiedz-lukasza-ignalskiego\/#breadcrumb\"},\"inLanguage\":\"pl-PL\",\"potentialAction\":[{\"@type\":\"ReadAction\",\"target\":[\"https:\/\/sarmacjabedzin.pl\/index.php\/2023\/05\/10\/pomeczowa-wypowiedz-lukasza-ignalskiego\/\"]}]},{\"@type\":\"ImageObject\",\"inLanguage\":\"pl-PL\",\"@id\":\"https:\/\/sarmacjabedzin.pl\/index.php\/2023\/05\/10\/pomeczowa-wypowiedz-lukasza-ignalskiego\/#primaryimage\",\"url\":\"https:\/\/sarmacjabedzin.pl\/wp-content\/uploads\/2023\/05\/Cytat_pomeczowy_Slavia_Ignalski_WWW.jpg\",\"contentUrl\":\"https:\/\/sarmacjabedzin.pl\/wp-content\/uploads\/2023\/05\/Cytat_pomeczowy_Slavia_Ignalski_WWW.jpg\",\"width\":1920,\"height\":1080},{\"@type\":\"BreadcrumbList\",\"@id\":\"https:\/\/sarmacjabedzin.pl\/index.php\/2023\/05\/10\/pomeczowa-wypowiedz-lukasza-ignalskiego\/#breadcrumb\",\"itemListElement\":[{\"@type\":\"ListItem\",\"position\":1,\"name\":\"Strona g\u0142\u00f3wna\",\"item\":\"https:\/\/sarmacjabedzin.pl\/\"},{\"@type\":\"ListItem\",\"position\":2,\"name\":\"Pomeczowa wypowied\u017a \u0141ukasza Ignalskiego!\"}]},{\"@type\":\"WebSite\",\"@id\":\"https:\/\/sarmacjabedzin.pl\/#website\",\"url\":\"https:\/\/sarmacjabedzin.pl\/\",\"name\":\"BKS Sarmacja B\u0119dzin \u2013 Nieoficjalny serwis\",\"description\":\"Nieoficjalny serwis B\u0119dzi\u0144skiego Klubu Sportowego &quot;Sarmacja&quot;\",\"potentialAction\":[{\"@type\":\"SearchAction\",\"target\":{\"@type\":\"EntryPoint\",\"urlTemplate\":\"https:\/\/sarmacjabedzin.pl\/?s={search_term_string}\"},\"query-input\":{\"@type\":\"PropertyValueSpecification\",\"valueRequired\":true,\"valueName\":\"search_term_string\"}}],\"inLanguage\":\"pl-PL\"},{\"@type\":\"Person\",\"@id\":\"https:\/\/sarmacjabedzin.pl\/#\/schema\/person\/5417ea7b03bcd9adf58298a2265ce03a\",\"name\":\"tyrtak\",\"image\":{\"@type\":\"ImageObject\",\"inLanguage\":\"pl-PL\",\"@id\":\"https:\/\/sarmacjabedzin.pl\/#\/schema\/person\/image\/\",\"url\":\"https:\/\/secure.gravatar.com\/avatar\/49b7734c6795cf524710e96813a9fedc1ae3816e479d92490236b4cfc47a5ae1?s=96&d=mm&r=g\",\"contentUrl\":\"https:\/\/secure.gravatar.com\/avatar\/49b7734c6795cf524710e96813a9fedc1ae3816e479d92490236b4cfc47a5ae1?s=96&d=mm&r=g\",\"caption\":\"tyrtak\"}}]}<\/script>\n<!-- \/ Yoast SEO plugin. -->","yoast_head_json":{"title":"Pomeczowa wypowied\u017a \u0141ukasza Ignalskiego! | BKS Sarmacja B\u0119dzin","robots":{"index":"index","follow":"follow","max-snippet":"max-snippet:-1","max-image-preview":"max-image-preview:large","max-video-preview":"max-video-preview:-1"},"canonical":"https:\/\/sarmacjabedzin.pl\/index.php\/2023\/05\/10\/pomeczowa-wypowiedz-lukasza-ignalskiego\/","og_locale":"pl_PL","og_type":"article","og_title":"Pomeczowa wypowied\u017a \u0141ukasza Ignalskiego! | BKS Sarmacja B\u0119dzin","og_description":"Ostatni wyjazdowy mecz ligowy pomi\u0119dzy Sarmacj\u0105 B\u0119dzin a Slavi\u0105 Ruda \u015al\u0105ska zako\u0144czy\u0142 si\u0119 sprawiedliwym podzia\u0142em punkt\u00f3w. Mimo dwukrotnego prowadzenia gospodarzy b\u0119dzinianie potrafili doprowadzi\u0107 do remisu 2:2. Silne opady deszczu nie przeszkodzi\u0142y obu zespo\u0142om by dostarczy\u0107 kibicom wielu emocji i zwrot\u00f3w akcji. Jednym z najlepszych zawodnik\u00f3w tego pojedynku by\u0142 \u0141ukasz Ignalski, kt\u00f3ry graj\u0105c na pozycji bocznego...","og_url":"https:\/\/sarmacjabedzin.pl\/index.php\/2023\/05\/10\/pomeczowa-wypowiedz-lukasza-ignalskiego\/","og_site_name":"BKS Sarmacja B\u0119dzin","article_publisher":"https:\/\/www.facebook.com\/SarmacjaBedzin","article_published_time":"2023-05-10T09:07:09+00:00","article_modified_time":"2023-05-10T09:10:47+00:00","og_image":[{"width":1920,"height":1080,"url":"https:\/\/sarmacjabedzin.pl\/wp-content\/uploads\/2023\/05\/Cytat_pomeczowy_Slavia_Ignalski_WWW.jpg","type":"image\/jpeg"}],"author":"tyrtak","twitter_card":"summary_large_image","twitter_misc":{"Napisane przez":"tyrtak","Szacowany czas czytania":"1 minuta"},"schema":{"@context":"https:\/\/schema.org","@graph":[{"@type":"WebPage","@id":"https:\/\/sarmacjabedzin.pl\/index.php\/2023\/05\/10\/pomeczowa-wypowiedz-lukasza-ignalskiego\/","url":"https:\/\/sarmacjabedzin.pl\/index.php\/2023\/05\/10\/pomeczowa-wypowiedz-lukasza-ignalskiego\/","name":"Pomeczowa wypowied\u017a \u0141ukasza Ignalskiego! | BKS Sarmacja B\u0119dzin","isPartOf":{"@id":"https:\/\/sarmacjabedzin.pl\/#website"},"primaryImageOfPage":{"@id":"https:\/\/sarmacjabedzin.pl\/index.php\/2023\/05\/10\/pomeczowa-wypowiedz-lukasza-ignalskiego\/#primaryimage"},"image":{"@id":"https:\/\/sarmacjabedzin.pl\/index.php\/2023\/05\/10\/pomeczowa-wypowiedz-lukasza-ignalskiego\/#primaryimage"},"thumbnailUrl":"https:\/\/sarmacjabedzin.pl\/wp-content\/uploads\/2023\/05\/Cytat_pomeczowy_Slavia_Ignalski_WWW.jpg","datePublished":"2023-05-10T09:07:09+00:00","dateModified":"2023-05-10T09:10:47+00:00","author":{"@id":"https:\/\/sarmacjabedzin.pl\/#\/schema\/person\/5417ea7b03bcd9adf58298a2265ce03a"},"breadcrumb":{"@id":"https:\/\/sarmacjabedzin.pl\/index.php\/2023\/05\/10\/pomeczowa-wypowiedz-lukasza-ignalskiego\/#breadcrumb"},"inLanguage":"pl-PL","potentialAction":[{"@type":"ReadAction","target":["https:\/\/sarmacjabedzin.pl\/index.php\/2023\/05\/10\/pomeczowa-wypowiedz-lukasza-ignalskiego\/"]}]},{"@type":"ImageObject","inLanguage":"pl-PL","@id":"https:\/\/sarmacjabedzin.pl\/index.php\/2023\/05\/10\/pomeczowa-wypowiedz-lukasza-ignalskiego\/#primaryimage","url":"https:\/\/sarmacjabedzin.pl\/wp-content\/uploads\/2023\/05\/Cytat_pomeczowy_Slavia_Ignalski_WWW.jpg","contentUrl":"https:\/\/sarmacjabedzin.pl\/wp-content\/uploads\/2023\/05\/Cytat_pomeczowy_Slavia_Ignalski_WWW.jpg","width":1920,"height":1080},{"@type":"BreadcrumbList","@id":"https:\/\/sarmacjabedzin.pl\/index.php\/2023\/05\/10\/pomeczowa-wypowiedz-lukasza-ignalskiego\/#breadcrumb","itemListElement":[{"@type":"ListItem","position":1,"name":"Strona g\u0142\u00f3wna","item":"https:\/\/sarmacjabedzin.pl\/"},{"@type":"ListItem","position":2,"name":"Pomeczowa wypowied\u017a \u0141ukasza Ignalskiego!"}]},{"@type":"WebSite","@id":"https:\/\/sarmacjabedzin.pl\/#website","url":"https:\/\/sarmacjabedzin.pl\/","name":"BKS Sarmacja B\u0119dzin \u2013 Nieoficjalny serwis","description":"Nieoficjalny serwis B\u0119dzi\u0144skiego Klubu Sportowego &quot;Sarmacja&quot;","potentialAction":[{"@type":"SearchAction","target":{"@type":"EntryPoint","urlTemplate":"https:\/\/sarmacjabedzin.pl\/?s={search_term_string}"},"query-input":{"@type":"PropertyValueSpecification","valueRequired":true,"valueName":"search_term_string"}}],"inLanguage":"pl-PL"},{"@type":"Person","@id":"https:\/\/sarmacjabedzin.pl\/#\/schema\/person\/5417ea7b03bcd9adf58298a2265ce03a","name":"tyrtak","image":{"@type":"ImageObject","inLanguage":"pl-PL","@id":"https:\/\/sarmacjabedzin.pl\/#\/schema\/person\/image\/","url":"https:\/\/secure.gravatar.com\/avatar\/49b7734c6795cf524710e96813a9fedc1ae3816e479d92490236b4cfc47a5ae1?s=96&d=mm&r=g","contentUrl":"https:\/\/secure.gravatar.com\/avatar\/49b7734c6795cf524710e96813a9fedc1ae3816e479d92490236b4cfc47a5ae1?s=96&d=mm&r=g","caption":"tyrtak"}}]}},"rttpg_featured_image_url":{"full":["https:\/\/sarmacjabedzin.pl\/wp-content\/uploads\/2023\/05\/Cytat_pomeczowy_Slavia_Ignalski_WWW.jpg",1920,1080,false],"landscape":["https:\/\/sarmacjabedzin.pl\/wp-content\/uploads\/2023\/05\/Cytat_pomeczowy_Slavia_Ignalski_WWW.jpg",1920,1080,false],"portraits":["https:\/\/sarmacjabedzin.pl\/wp-content\/uploads\/2023\/05\/Cytat_pomeczowy_Slavia_Ignalski_WWW.jpg",1920,1080,false],"thumbnail":["https:\/\/sarmacjabedzin.pl\/wp-content\/uploads\/2023\/05\/Cytat_pomeczowy_Slavia_Ignalski_WWW-150x150.jpg",150,150,true],"medium":["https:\/\/sarmacjabedzin.pl\/wp-content\/uploads\/2023\/05\/Cytat_pomeczowy_Slavia_Ignalski_WWW-300x169.jpg",300,169,true],"large":["https:\/\/sarmacjabedzin.pl\/wp-content\/uploads\/2023\/05\/Cytat_pomeczowy_Slavia_Ignalski_WWW-1024x576.jpg",1024,576,true],"1536x1536":["https:\/\/sarmacjabedzin.pl\/wp-content\/uploads\/2023\/05\/Cytat_pomeczowy_Slavia_Ignalski_WWW-1536x864.jpg",1536,864,true],"2048x2048":["https:\/\/sarmacjabedzin.pl\/wp-content\/uploads\/2023\/05\/Cytat_pomeczowy_Slavia_Ignalski_WWW.jpg",1920,1080,false],"sportspress-crop-medium":["https:\/\/sarmacjabedzin.pl\/wp-content\/uploads\/2023\/05\/Cytat_pomeczowy_Slavia_Ignalski_WWW-300x300.jpg",300,300,true],"sportspress-fit-medium":["https:\/\/sarmacjabedzin.pl\/wp-content\/uploads\/2023\/05\/Cytat_pomeczowy_Slavia_Ignalski_WWW-300x169.jpg",300,169,true],"sportspress-fit-icon":["https:\/\/sarmacjabedzin.pl\/wp-content\/uploads\/2023\/05\/Cytat_pomeczowy_Slavia_Ignalski_WWW-128x72.jpg",128,72,true],"sportspress-fit-mini":["https:\/\/sarmacjabedzin.pl\/wp-content\/uploads\/2023\/05\/Cytat_pomeczowy_Slavia_Ignalski_WWW-32x18.jpg",32,18,true],"ultp_layout_landscape_large":["https:\/\/sarmacjabedzin.pl\/wp-content\/uploads\/2023\/05\/Cytat_pomeczowy_Slavia_Ignalski_WWW-1200x800.jpg",1200,800,true],"ultp_layout_landscape":["https:\/\/sarmacjabedzin.pl\/wp-content\/uploads\/2023\/05\/Cytat_pomeczowy_Slavia_Ignalski_WWW-870x570.jpg",870,570,true],"ultp_layout_portrait":["https:\/\/sarmacjabedzin.pl\/wp-content\/uploads\/2023\/05\/Cytat_pomeczowy_Slavia_Ignalski_WWW-600x900.jpg",600,900,true],"ultp_layout_square":["https:\/\/sarmacjabedzin.pl\/wp-content\/uploads\/2023\/05\/Cytat_pomeczowy_Slavia_Ignalski_WWW-600x600.jpg",600,600,true],"stm-1140-666":["https:\/\/sarmacjabedzin.pl\/wp-content\/uploads\/2023\/05\/Cytat_pomeczowy_Slavia_Ignalski_WWW-1140x666.jpg",1140,666,true],"stm-1170-650":["https:\/\/sarmacjabedzin.pl\/wp-content\/uploads\/2023\/05\/Cytat_pomeczowy_Slavia_Ignalski_WWW-1170x650.jpg",1170,650,true],"stm-570-350":["https:\/\/sarmacjabedzin.pl\/wp-content\/uploads\/2023\/05\/Cytat_pomeczowy_Slavia_Ignalski_WWW-570x350.jpg",570,350,true],"stm-570-250":["https:\/\/sarmacjabedzin.pl\/wp-content\/uploads\/2023\/05\/Cytat_pomeczowy_Slavia_Ignalski_WWW-570x250.jpg",570,250,true],"stm-270-370":["https:\/\/sarmacjabedzin.pl\/wp-content\/uploads\/2023\/05\/Cytat_pomeczowy_Slavia_Ignalski_WWW-270x370.jpg",270,370,true],"stm-540-500":["https:\/\/sarmacjabedzin.pl\/wp-content\/uploads\/2023\/05\/Cytat_pomeczowy_Slavia_Ignalski_WWW-540x500.jpg",540,500,true],"stm-270-530":["https:\/\/sarmacjabedzin.pl\/wp-content\/uploads\/2023\/05\/Cytat_pomeczowy_Slavia_Ignalski_WWW-270x530.jpg",270,530,true],"stm-200-200":["https:\/\/sarmacjabedzin.pl\/wp-content\/uploads\/2023\/05\/Cytat_pomeczowy_Slavia_Ignalski_WWW-200x200.jpg",200,200,true],"stm-85-105":["https:\/\/sarmacjabedzin.pl\/wp-content\/uploads\/2023\/05\/Cytat_pomeczowy_Slavia_Ignalski_WWW-85x105.jpg",85,105,true],"stm-255-255":["https:\/\/sarmacjabedzin.pl\/wp-content\/uploads\/2023\/05\/Cytat_pomeczowy_Slavia_Ignalski_WWW-255x255.jpg",255,255,true],"stm-360-240":["https:\/\/sarmacjabedzin.pl\/wp-content\/uploads\/2023\/05\/Cytat_pomeczowy_Slavia_Ignalski_WWW-360x240.jpg",360,240,true],"stm-360-495":["https:\/\/sarmacjabedzin.pl\/wp-content\/uploads\/2023\/05\/Cytat_pomeczowy_Slavia_Ignalski_WWW-360x495.jpg",360,495,true],"stm-445-400":["https:\/\/sarmacjabedzin.pl\/wp-content\/uploads\/2023\/05\/Cytat_pomeczowy_Slavia_Ignalski_WWW-445x400.jpg",445,400,true],"stm-735-240":["https:\/\/sarmacjabedzin.pl\/wp-content\/uploads\/2023\/05\/Cytat_pomeczowy_Slavia_Ignalski_WWW-735x240.jpg",735,240,true],"stm-255-183":["https:\/\/sarmacjabedzin.pl\/wp-content\/uploads\/2023\/05\/Cytat_pomeczowy_Slavia_Ignalski_WWW-255x183.jpg",255,183,true],"stm-350-250":["https:\/\/sarmacjabedzin.pl\/wp-content\/uploads\/2023\/05\/Cytat_pomeczowy_Slavia_Ignalski_WWW-350x250.jpg",350,250,true],"blog_list":["https:\/\/sarmacjabedzin.pl\/wp-content\/uploads\/2023\/05\/Cytat_pomeczowy_Slavia_Ignalski_WWW-270x220.jpg",270,220,true],"blog_list_medium":["https:\/\/sarmacjabedzin.pl\/wp-content\/uploads\/2023\/05\/Cytat_pomeczowy_Slavia_Ignalski_WWW-390x345.jpg",390,345,true],"gallery_thumbnail":["https:\/\/sarmacjabedzin.pl\/wp-content\/uploads\/2023\/05\/Cytat_pomeczowy_Slavia_Ignalski_WWW-80x80.jpg",80,80,true],"gallery_image":["https:\/\/sarmacjabedzin.pl\/wp-content\/uploads\/2023\/05\/Cytat_pomeczowy_Slavia_Ignalski_WWW-560x367.jpg",560,367,true],"gallery_image_mini":["https:\/\/sarmacjabedzin.pl\/wp-content\/uploads\/2023\/05\/Cytat_pomeczowy_Slavia_Ignalski_WWW-143x116.jpg",143,116,true],"player_photo":["https:\/\/sarmacjabedzin.pl\/wp-content\/uploads\/2023\/05\/Cytat_pomeczowy_Slavia_Ignalski_WWW-740x740.jpg",740,740,true],"team_logo":["https:\/\/sarmacjabedzin.pl\/wp-content\/uploads\/2023\/05\/Cytat_pomeczowy_Slavia_Ignalski_WWW-98x55.jpg",98,55,true],"player_stat_ava":["https:\/\/sarmacjabedzin.pl\/wp-content\/uploads\/2023\/05\/Cytat_pomeczowy_Slavia_Ignalski_WWW-550x580.jpg",550,580,true],"post-350-220":["https:\/\/sarmacjabedzin.pl\/wp-content\/uploads\/2023\/05\/Cytat_pomeczowy_Slavia_Ignalski_WWW-350x220.jpg",350,220,true],"post-275-142":["https:\/\/sarmacjabedzin.pl\/wp-content\/uploads\/2023\/05\/Cytat_pomeczowy_Slavia_Ignalski_WWW-275x142.jpg",275,142,true],"post-160-120":["https:\/\/sarmacjabedzin.pl\/wp-content\/uploads\/2023\/05\/Cytat_pomeczowy_Slavia_Ignalski_WWW-160x120.jpg",160,120,true],"post-110-70":["https:\/\/sarmacjabedzin.pl\/wp-content\/uploads\/2023\/05\/Cytat_pomeczowy_Slavia_Ignalski_WWW-110x70.jpg",110,70,true],"post-770-450":["https:\/\/sarmacjabedzin.pl\/wp-content\/uploads\/2023\/05\/Cytat_pomeczowy_Slavia_Ignalski_WWW-770x450.jpg",770,450,true],"post-370-210":["https:\/\/sarmacjabedzin.pl\/wp-content\/uploads\/2023\/05\/Cytat_pomeczowy_Slavia_Ignalski_WWW-370x210.jpg",370,210,true],"post-457-470":["https:\/\/sarmacjabedzin.pl\/wp-content\/uploads\/2023\/05\/Cytat_pomeczowy_Slavia_Ignalski_WWW-457x470.jpg",457,470,true],"post-370-420":["https:\/\/sarmacjabedzin.pl\/wp-content\/uploads\/2023\/05\/Cytat_pomeczowy_Slavia_Ignalski_WWW-370x420.jpg",370,420,true],"stm-445-445":["https:\/\/sarmacjabedzin.pl\/wp-content\/uploads\/2023\/05\/Cytat_pomeczowy_Slavia_Ignalski_WWW-445x445.jpg",445,445,true],"stm-555-460":["https:\/\/sarmacjabedzin.pl\/wp-content\/uploads\/2023\/05\/Cytat_pomeczowy_Slavia_Ignalski_WWW-555x460.jpg",555,460,true],"stm-350-450":["https:\/\/sarmacjabedzin.pl\/wp-content\/uploads\/2023\/05\/Cytat_pomeczowy_Slavia_Ignalski_WWW-350x450.jpg",350,450,true],"stm-720-440":["https:\/\/sarmacjabedzin.pl\/wp-content\/uploads\/2023\/05\/Cytat_pomeczowy_Slavia_Ignalski_WWW-720x440.jpg",720,440,true],"stm-270-270":["https:\/\/sarmacjabedzin.pl\/wp-content\/uploads\/2023\/05\/Cytat_pomeczowy_Slavia_Ignalski_WWW-270x270.jpg",270,270,true],"stm-760-450":["https:\/\/sarmacjabedzin.pl\/wp-content\/uploads\/2023\/05\/Cytat_pomeczowy_Slavia_Ignalski_WWW-760x450.jpg",760,450,true]},"rttpg_author":{"display_name":"tyrtak","author_link":false},"rttpg_comment":0,"rttpg_category":"<a href=\"https:\/\/sarmacjabedzin.pl\/index.php\/category\/aktualnosci\/\" rel=\"category tag\">Aktualno\u015bci<\/a>","rttpg_excerpt":"Ostatni wyjazdowy mecz ligowy pomi\u0119dzy Sarmacj\u0105 B\u0119dzin a Slavi\u0105 Ruda \u015al\u0105ska zako\u0144czy\u0142 si\u0119 sprawiedliwym podzia\u0142em punkt\u00f3w. Mimo dwukrotnego prowadzenia gospodarzy b\u0119dzinianie potrafili doprowadzi\u0107 do remisu 2:2. Silne opady deszczu nie przeszkodzi\u0142y obu zespo\u0142om by dostarczy\u0107 kibicom wielu emocji i zwrot\u00f3w akcji. Jednym z najlepszych zawodnik\u00f3w tego pojedynku by\u0142 \u0141ukasz Ignalski, kt\u00f3ry graj\u0105c na pozycji bocznego...","_links":{"self":[{"href":"https:\/\/sarmacjabedzin.pl\/index.php\/wp-json\/wp\/v2\/posts\/5894","targetHints":{"allow":["GET"]}}],"collection":[{"href":"https:\/\/sarmacjabedzin.pl\/index.php\/wp-json\/wp\/v2\/posts"}],"about":[{"href":"https:\/\/sarmacjabedzin.pl\/index.php\/wp-json\/wp\/v2\/types\/post"}],"author":[{"embeddable":true,"href":"https:\/\/sarmacjabedzin.pl\/index.php\/wp-json\/wp\/v2\/users\/1"}],"replies":[{"embeddable":true,"href":"https:\/\/sarmacjabedzin.pl\/index.php\/wp-json\/wp\/v2\/comments?post=5894"}],"version-history":[{"count":2,"href":"https:\/\/sarmacjabedzin.pl\/index.php\/wp-json\/wp\/v2\/posts\/5894\/revisions"}],"predecessor-version":[{"id":5898,"href":"https:\/\/sarmacjabedzin.pl\/index.php\/wp-json\/wp\/v2\/posts\/5894\/revisions\/5898"}],"wp:featuredmedia":[{"embeddable":true,"href":"https:\/\/sarmacjabedzin.pl\/index.php\/wp-json\/wp\/v2\/media\/5896"}],"wp:attachment":[{"href":"https:\/\/sarmacjabedzin.pl\/index.php\/wp-json\/wp\/v2\/media?parent=5894"}],"wp:term":[{"taxonomy":"category","embeddable":true,"href":"https:\/\/sarmacjabedzin.pl\/index.php\/wp-json\/wp\/v2\/categories?post=5894"},{"taxonomy":"post_tag","embeddable":true,"href":"https:\/\/sarmacjabedzin.pl\/index.php\/wp-json\/wp\/v2\/tags?post=5894"}],"curies":[{"name":"wp","href":"https:\/\/api.w.org\/{rel}","templated":true}]}}