{"id":6238,"date":"2023-08-09T16:06:46","date_gmt":"2023-08-09T14:06:46","guid":{"rendered":"https:\/\/sarmacjabedzin.pl\/?p=6238"},"modified":"2023-08-09T16:06:46","modified_gmt":"2023-08-09T14:06:46","slug":"transfery","status":"publish","type":"post","link":"https:\/\/sarmacjabedzin.pl\/index.php\/2023\/08\/09\/transfery\/","title":{"rendered":"Transfery!"},"content":{"rendered":"<p class=\"Standard\">Po dramatycznej sytuacji, kiedy to klub zmaga\u0142 si\u0119 z trudno\u015bciami finansowymi, mamy wreszcie prze\u0142om. Z wielk\u0105 rado\u015bci\u0105 mo\u017cemy zauwa\u017cy\u0107, \u017ce w trakcie letniej przerwy od rozgrywek ligowych nowy zarz\u0105d BKS Sarmacja B\u0119dzin nie pr\u00f3\u017cnowa\u0142 dokonuj\u0105c kilku ciekawych transfer\u00f3w. Mamy nadziej\u0119, \u017ce nowi zawodnicy znacz\u0105co zdo\u0142aj\u0105 podnie\u015b\u0107 jako\u015b\u0107 naszej dru\u017cyny w nowym sezonie 2023\/2024.<\/p>\n<p class=\"Standard\"><strong>Oto oni:<\/strong><br \/>\n<strong>1. Dawid Rafa\u0142 \u2013 lat 35.<\/strong> Po po\u0142owie sezonu przerwy zn\u00f3w wraca mi\u0119dzy s\u0142upki naszej bramki.<br \/>\nDo\u015bwiadczony golkiper reprezentowa\u0142 wcze\u015bniej Mechanik Radomsko, Omeg\u0119 Kleszcz\u00f3w oraz Pelikan \u0141owicz. Do naszego klubu trafi\u0142 z G\u00f3rnika Piaski. Liczymy, \u017ce jego fantastyczne interwencje wzmocni\u0105 wyra\u017anie nasz\u0105 defensyw\u0119.<\/p>\n<p class=\"Standard\"><strong>2. Januszek Jan \u2013 lat 23.<\/strong> Graj\u0105c na pozycji pomocnika reprezentowa\u0142 ju\u017c nasze barwy przez 2,5 sezonu, kiedy to Sarmacja wyst\u0119powa\u0142a w IV lidze. Do naszego klubu trafi\u0142 z rezerw Miedzi Legnica. Wcze\u015bniej gra\u0142 w rezerwach Znicza Pruszk\u00f3w oraz Piasta Gliwice. Po odej\u015bciu z BKS w listopadzie 2020 rund\u0119 wiosenn\u0105 sezonu 2020\/2021 sp\u0119dzi\u0142 w AKS Miko\u0142\u00f3w. Od dw\u00f3ch lat mia\u0142 przerw\u0119 w grze. Mamy nadziej\u0119, \u017ce tym razem wykorzystuj\u0105c swoj\u0105 szybko\u015b\u0107 oraz do\u015bwiadczenie pomo\u017ce nam w osi\u0105gni\u0119ciu zamierzonego celu.<\/p>\n<p class=\"Standard\"><strong>3. Czajka Mariusz \u2013 lat 26<\/strong>. Wcze\u015bniej reprezentowa\u0142 barwy UKS S\u0142awk\u00f3w, Unii Z\u0105bkowice oraz Skalniaka Kroczyce. Do naszego klubu trafi\u0142 z Przemszy Okradzion\u00f3w. Mamy nadziej\u0119, \u017ce jego wzrost 191 cm b\u0119dzie wielkim atutem pod bramk\u0105 rywali.<\/p>\n<p class=\"Standard\"><strong>4. Sych Hubert \u2013 lat 20.<\/strong> Utalentowany pomocnik zwi\u0105zany by\u0142 z dru\u017cyn\u0105 Zag\u0142\u0119bia Sosnowiec, gdzie gra\u0142 w juniorach, rezerwach oraz pierwszej dru\u017cynie. Do naszego klubu trafi\u0142 z RKS Grodziec. Liczymy, \u017ce mimo wzrostu 168 cm wykorzysta sw\u00f3j najwi\u0119kszy atut, jakim jest jego szybko\u015b\u0107.<\/p>\n<p class=\"Standard\"><strong>5. Aksamit Piotr \u2013 lat 22.<\/strong> Graj\u0105c na pozycji obro\u0144cy, reprezentowa\u0142 ostatnio barwy IV ligowej Lechii Dzier\u017coni\u00f3w. Wierzymy, \u017ce zawodnik ten b\u0119dzie solidnym ogniwem naszej defensywy.<\/p>\n<p class=\"Standard\"><strong>6. Widurski Maciej \u2013 lat 23<\/strong>. Jest to kolejny powr\u00f3t do Sarmacji. W sezonie 2019\/2020 oraz 2020\/2021 reprezentowa\u0142 ju\u017c barwy naszego klubu graj\u0105cego w IV lidze. Po opuszczeniu Sarmacji gra\u0142 w G\u00f3rniku 09 Mys\u0142owice, a ostatnio w G\u00f3rniku Piaski. Nasz wychowanek graj\u0105cy na pozycji pomocnika powinien znacz\u0105co podnie\u015b\u0107 jako\u015b\u0107 naszej linii \u015brodkowej.<\/p>\n<p class=\"Standard\"><strong>7. Mi\u0142ek Wiktor \u2013 lat 20<\/strong>. Jest wychowankiem Zag\u0142\u0119bia Sosnowiec. Gra na pozycji obro\u0144cy. W zesz\u0142ym sezonie rozegra\u0142 9 spotka\u0144 w CKS Czelad\u017a sk\u0105d przyszed\u0142 do naszego klubu.<\/p>\n<p class=\"Standard\">Jak wida\u0107, w ka\u017cdej formacji pojawi\u0142 si\u0119 nowy zawodnik. Liczymy, \u017ce b\u0119dzie to mia\u0142o pozytywny wp\u0142yw na przysz\u0142e wyniki klubu, o czym b\u0119dziemy si\u0119 mogli przekona\u0107 ju\u017c wkr\u00f3tce. Okienko transferowe trwa dalej. By\u0107 mo\u017ce jeszcze kto\u015b do nas do\u0142\u0105czy. Wszystkim nowo pozyskanym pi\u0142karzom \u017cyczymy samych udanych wyst\u0119p\u00f3w w naszych barwach.<\/p>\n","protected":false},"excerpt":{"rendered":"<p>Po dramatycznej sytuacji, kiedy to klub zmaga\u0142 si\u0119 z trudno\u015bciami finansowymi, mamy wreszcie prze\u0142om. Z wielk\u0105 rado\u015bci\u0105 mo\u017cemy zauwa\u017cy\u0107, \u017ce w trakcie letniej przerwy od rozgrywek ligowych nowy zarz\u0105d BKS Sarmacja B\u0119dzin nie pr\u00f3\u017cnowa\u0142 dokonuj\u0105c kilku ciekawych transfer\u00f3w. Mamy nadziej\u0119, \u017ce nowi zawodnicy znacz\u0105co zdo\u0142aj\u0105 podnie\u015b\u0107 jako\u015b\u0107 naszej dru\u017cyny w nowym sezonie 2023\/2024. Oto oni:&#8230;<\/p>\n","protected":false},"author":1,"featured_media":6239,"comment_status":"closed","ping_status":"closed","sticky":false,"template":"","format":"standard","meta":{"footnotes":""},"categories":[1],"tags":[],"class_list":["post-6238","post","type-post","status-publish","format-standard","has-post-thumbnail","hentry","category-aktualnosci"],"yoast_head":"<!-- This site is optimized with the Yoast SEO plugin v25.8 - https:\/\/yoast.com\/wordpress\/plugins\/seo\/ -->\n<title>Transfery! | BKS Sarmacja B\u0119dzin<\/title>\n<meta name=\"robots\" content=\"index, follow, max-snippet:-1, max-image-preview:large, max-video-preview:-1\" \/>\n<link rel=\"canonical\" href=\"https:\/\/sarmacjabedzin.pl\/index.php\/2023\/08\/09\/transfery\/\" \/>\n<meta property=\"og:locale\" content=\"pl_PL\" \/>\n<meta property=\"og:type\" content=\"article\" \/>\n<meta property=\"og:title\" content=\"Transfery! | BKS Sarmacja B\u0119dzin\" \/>\n<meta property=\"og:description\" content=\"Po dramatycznej sytuacji, kiedy to klub zmaga\u0142 si\u0119 z trudno\u015bciami finansowymi, mamy wreszcie prze\u0142om. Z wielk\u0105 rado\u015bci\u0105 mo\u017cemy zauwa\u017cy\u0107, \u017ce w trakcie letniej przerwy od rozgrywek ligowych nowy zarz\u0105d BKS Sarmacja B\u0119dzin nie pr\u00f3\u017cnowa\u0142 dokonuj\u0105c kilku ciekawych transfer\u00f3w. Mamy nadziej\u0119, \u017ce nowi zawodnicy znacz\u0105co zdo\u0142aj\u0105 podnie\u015b\u0107 jako\u015b\u0107 naszej dru\u017cyny w nowym sezonie 2023\/2024. Oto oni:...\" \/>\n<meta property=\"og:url\" content=\"https:\/\/sarmacjabedzin.pl\/index.php\/2023\/08\/09\/transfery\/\" \/>\n<meta property=\"og:site_name\" content=\"BKS Sarmacja B\u0119dzin\" \/>\n<meta property=\"article:publisher\" content=\"https:\/\/www.facebook.com\/SarmacjaBedzin\" \/>\n<meta property=\"article:published_time\" content=\"2023-08-09T14:06:46+00:00\" \/>\n<meta property=\"og:image\" content=\"https:\/\/sarmacjabedzin.pl\/wp-content\/uploads\/2023\/08\/transfery_2023.jpg\" \/>\n\t<meta property=\"og:image:width\" content=\"1920\" \/>\n\t<meta property=\"og:image:height\" content=\"1080\" \/>\n\t<meta property=\"og:image:type\" content=\"image\/jpeg\" \/>\n<meta name=\"author\" content=\"tyrtak\" \/>\n<meta name=\"twitter:card\" content=\"summary_large_image\" \/>\n<meta name=\"twitter:label1\" content=\"Napisane przez\" \/>\n\t<meta name=\"twitter:data1\" content=\"tyrtak\" \/>\n\t<meta name=\"twitter:label2\" content=\"Szacowany czas czytania\" \/>\n\t<meta name=\"twitter:data2\" content=\"2 minuty\" \/>\n<script type=\"application\/ld+json\" class=\"yoast-schema-graph\">{\"@context\":\"https:\/\/schema.org\",\"@graph\":[{\"@type\":\"WebPage\",\"@id\":\"https:\/\/sarmacjabedzin.pl\/index.php\/2023\/08\/09\/transfery\/\",\"url\":\"https:\/\/sarmacjabedzin.pl\/index.php\/2023\/08\/09\/transfery\/\",\"name\":\"Transfery! | BKS Sarmacja B\u0119dzin\",\"isPartOf\":{\"@id\":\"https:\/\/sarmacjabedzin.pl\/#website\"},\"primaryImageOfPage\":{\"@id\":\"https:\/\/sarmacjabedzin.pl\/index.php\/2023\/08\/09\/transfery\/#primaryimage\"},\"image\":{\"@id\":\"https:\/\/sarmacjabedzin.pl\/index.php\/2023\/08\/09\/transfery\/#primaryimage\"},\"thumbnailUrl\":\"https:\/\/sarmacjabedzin.pl\/wp-content\/uploads\/2023\/08\/transfery_2023.jpg\",\"datePublished\":\"2023-08-09T14:06:46+00:00\",\"author\":{\"@id\":\"https:\/\/sarmacjabedzin.pl\/#\/schema\/person\/5417ea7b03bcd9adf58298a2265ce03a\"},\"breadcrumb\":{\"@id\":\"https:\/\/sarmacjabedzin.pl\/index.php\/2023\/08\/09\/transfery\/#breadcrumb\"},\"inLanguage\":\"pl-PL\",\"potentialAction\":[{\"@type\":\"ReadAction\",\"target\":[\"https:\/\/sarmacjabedzin.pl\/index.php\/2023\/08\/09\/transfery\/\"]}]},{\"@type\":\"ImageObject\",\"inLanguage\":\"pl-PL\",\"@id\":\"https:\/\/sarmacjabedzin.pl\/index.php\/2023\/08\/09\/transfery\/#primaryimage\",\"url\":\"https:\/\/sarmacjabedzin.pl\/wp-content\/uploads\/2023\/08\/transfery_2023.jpg\",\"contentUrl\":\"https:\/\/sarmacjabedzin.pl\/wp-content\/uploads\/2023\/08\/transfery_2023.jpg\",\"width\":1920,\"height\":1080},{\"@type\":\"BreadcrumbList\",\"@id\":\"https:\/\/sarmacjabedzin.pl\/index.php\/2023\/08\/09\/transfery\/#breadcrumb\",\"itemListElement\":[{\"@type\":\"ListItem\",\"position\":1,\"name\":\"Strona g\u0142\u00f3wna\",\"item\":\"https:\/\/sarmacjabedzin.pl\/\"},{\"@type\":\"ListItem\",\"position\":2,\"name\":\"Transfery!\"}]},{\"@type\":\"WebSite\",\"@id\":\"https:\/\/sarmacjabedzin.pl\/#website\",\"url\":\"https:\/\/sarmacjabedzin.pl\/\",\"name\":\"BKS Sarmacja B\u0119dzin \u2013 Nieoficjalny serwis\",\"description\":\"Nieoficjalny serwis B\u0119dzi\u0144skiego Klubu Sportowego &quot;Sarmacja&quot;\",\"potentialAction\":[{\"@type\":\"SearchAction\",\"target\":{\"@type\":\"EntryPoint\",\"urlTemplate\":\"https:\/\/sarmacjabedzin.pl\/?s={search_term_string}\"},\"query-input\":{\"@type\":\"PropertyValueSpecification\",\"valueRequired\":true,\"valueName\":\"search_term_string\"}}],\"inLanguage\":\"pl-PL\"},{\"@type\":\"Person\",\"@id\":\"https:\/\/sarmacjabedzin.pl\/#\/schema\/person\/5417ea7b03bcd9adf58298a2265ce03a\",\"name\":\"tyrtak\",\"image\":{\"@type\":\"ImageObject\",\"inLanguage\":\"pl-PL\",\"@id\":\"https:\/\/sarmacjabedzin.pl\/#\/schema\/person\/image\/\",\"url\":\"https:\/\/secure.gravatar.com\/avatar\/49b7734c6795cf524710e96813a9fedc1ae3816e479d92490236b4cfc47a5ae1?s=96&d=mm&r=g\",\"contentUrl\":\"https:\/\/secure.gravatar.com\/avatar\/49b7734c6795cf524710e96813a9fedc1ae3816e479d92490236b4cfc47a5ae1?s=96&d=mm&r=g\",\"caption\":\"tyrtak\"}}]}<\/script>\n<!-- \/ Yoast SEO plugin. -->","yoast_head_json":{"title":"Transfery! | BKS Sarmacja B\u0119dzin","robots":{"index":"index","follow":"follow","max-snippet":"max-snippet:-1","max-image-preview":"max-image-preview:large","max-video-preview":"max-video-preview:-1"},"canonical":"https:\/\/sarmacjabedzin.pl\/index.php\/2023\/08\/09\/transfery\/","og_locale":"pl_PL","og_type":"article","og_title":"Transfery! | BKS Sarmacja B\u0119dzin","og_description":"Po dramatycznej sytuacji, kiedy to klub zmaga\u0142 si\u0119 z trudno\u015bciami finansowymi, mamy wreszcie prze\u0142om. Z wielk\u0105 rado\u015bci\u0105 mo\u017cemy zauwa\u017cy\u0107, \u017ce w trakcie letniej przerwy od rozgrywek ligowych nowy zarz\u0105d BKS Sarmacja B\u0119dzin nie pr\u00f3\u017cnowa\u0142 dokonuj\u0105c kilku ciekawych transfer\u00f3w. Mamy nadziej\u0119, \u017ce nowi zawodnicy znacz\u0105co zdo\u0142aj\u0105 podnie\u015b\u0107 jako\u015b\u0107 naszej dru\u017cyny w nowym sezonie 2023\/2024. Oto oni:...","og_url":"https:\/\/sarmacjabedzin.pl\/index.php\/2023\/08\/09\/transfery\/","og_site_name":"BKS Sarmacja B\u0119dzin","article_publisher":"https:\/\/www.facebook.com\/SarmacjaBedzin","article_published_time":"2023-08-09T14:06:46+00:00","og_image":[{"width":1920,"height":1080,"url":"https:\/\/sarmacjabedzin.pl\/wp-content\/uploads\/2023\/08\/transfery_2023.jpg","type":"image\/jpeg"}],"author":"tyrtak","twitter_card":"summary_large_image","twitter_misc":{"Napisane przez":"tyrtak","Szacowany czas czytania":"2 minuty"},"schema":{"@context":"https:\/\/schema.org","@graph":[{"@type":"WebPage","@id":"https:\/\/sarmacjabedzin.pl\/index.php\/2023\/08\/09\/transfery\/","url":"https:\/\/sarmacjabedzin.pl\/index.php\/2023\/08\/09\/transfery\/","name":"Transfery! | BKS Sarmacja B\u0119dzin","isPartOf":{"@id":"https:\/\/sarmacjabedzin.pl\/#website"},"primaryImageOfPage":{"@id":"https:\/\/sarmacjabedzin.pl\/index.php\/2023\/08\/09\/transfery\/#primaryimage"},"image":{"@id":"https:\/\/sarmacjabedzin.pl\/index.php\/2023\/08\/09\/transfery\/#primaryimage"},"thumbnailUrl":"https:\/\/sarmacjabedzin.pl\/wp-content\/uploads\/2023\/08\/transfery_2023.jpg","datePublished":"2023-08-09T14:06:46+00:00","author":{"@id":"https:\/\/sarmacjabedzin.pl\/#\/schema\/person\/5417ea7b03bcd9adf58298a2265ce03a"},"breadcrumb":{"@id":"https:\/\/sarmacjabedzin.pl\/index.php\/2023\/08\/09\/transfery\/#breadcrumb"},"inLanguage":"pl-PL","potentialAction":[{"@type":"ReadAction","target":["https:\/\/sarmacjabedzin.pl\/index.php\/2023\/08\/09\/transfery\/"]}]},{"@type":"ImageObject","inLanguage":"pl-PL","@id":"https:\/\/sarmacjabedzin.pl\/index.php\/2023\/08\/09\/transfery\/#primaryimage","url":"https:\/\/sarmacjabedzin.pl\/wp-content\/uploads\/2023\/08\/transfery_2023.jpg","contentUrl":"https:\/\/sarmacjabedzin.pl\/wp-content\/uploads\/2023\/08\/transfery_2023.jpg","width":1920,"height":1080},{"@type":"BreadcrumbList","@id":"https:\/\/sarmacjabedzin.pl\/index.php\/2023\/08\/09\/transfery\/#breadcrumb","itemListElement":[{"@type":"ListItem","position":1,"name":"Strona g\u0142\u00f3wna","item":"https:\/\/sarmacjabedzin.pl\/"},{"@type":"ListItem","position":2,"name":"Transfery!"}]},{"@type":"WebSite","@id":"https:\/\/sarmacjabedzin.pl\/#website","url":"https:\/\/sarmacjabedzin.pl\/","name":"BKS Sarmacja B\u0119dzin \u2013 Nieoficjalny serwis","description":"Nieoficjalny serwis B\u0119dzi\u0144skiego Klubu Sportowego &quot;Sarmacja&quot;","potentialAction":[{"@type":"SearchAction","target":{"@type":"EntryPoint","urlTemplate":"https:\/\/sarmacjabedzin.pl\/?s={search_term_string}"},"query-input":{"@type":"PropertyValueSpecification","valueRequired":true,"valueName":"search_term_string"}}],"inLanguage":"pl-PL"},{"@type":"Person","@id":"https:\/\/sarmacjabedzin.pl\/#\/schema\/person\/5417ea7b03bcd9adf58298a2265ce03a","name":"tyrtak","image":{"@type":"ImageObject","inLanguage":"pl-PL","@id":"https:\/\/sarmacjabedzin.pl\/#\/schema\/person\/image\/","url":"https:\/\/secure.gravatar.com\/avatar\/49b7734c6795cf524710e96813a9fedc1ae3816e479d92490236b4cfc47a5ae1?s=96&d=mm&r=g","contentUrl":"https:\/\/secure.gravatar.com\/avatar\/49b7734c6795cf524710e96813a9fedc1ae3816e479d92490236b4cfc47a5ae1?s=96&d=mm&r=g","caption":"tyrtak"}}]}},"rttpg_featured_image_url":{"full":["https:\/\/sarmacjabedzin.pl\/wp-content\/uploads\/2023\/08\/transfery_2023.jpg",1920,1080,false],"landscape":["https:\/\/sarmacjabedzin.pl\/wp-content\/uploads\/2023\/08\/transfery_2023.jpg",1920,1080,false],"portraits":["https:\/\/sarmacjabedzin.pl\/wp-content\/uploads\/2023\/08\/transfery_2023.jpg",1920,1080,false],"thumbnail":["https:\/\/sarmacjabedzin.pl\/wp-content\/uploads\/2023\/08\/transfery_2023-150x150.jpg",150,150,true],"medium":["https:\/\/sarmacjabedzin.pl\/wp-content\/uploads\/2023\/08\/transfery_2023-300x169.jpg",300,169,true],"large":["https:\/\/sarmacjabedzin.pl\/wp-content\/uploads\/2023\/08\/transfery_2023-1024x576.jpg",1024,576,true],"1536x1536":["https:\/\/sarmacjabedzin.pl\/wp-content\/uploads\/2023\/08\/transfery_2023-1536x864.jpg",1536,864,true],"2048x2048":["https:\/\/sarmacjabedzin.pl\/wp-content\/uploads\/2023\/08\/transfery_2023.jpg",1920,1080,false],"sportspress-crop-medium":["https:\/\/sarmacjabedzin.pl\/wp-content\/uploads\/2023\/08\/transfery_2023-300x300.jpg",300,300,true],"sportspress-fit-medium":["https:\/\/sarmacjabedzin.pl\/wp-content\/uploads\/2023\/08\/transfery_2023-300x169.jpg",300,169,true],"sportspress-fit-icon":["https:\/\/sarmacjabedzin.pl\/wp-content\/uploads\/2023\/08\/transfery_2023-128x72.jpg",128,72,true],"sportspress-fit-mini":["https:\/\/sarmacjabedzin.pl\/wp-content\/uploads\/2023\/08\/transfery_2023-32x18.jpg",32,18,true],"ultp_layout_landscape_large":["https:\/\/sarmacjabedzin.pl\/wp-content\/uploads\/2023\/08\/transfery_2023-1200x800.jpg",1200,800,true],"ultp_layout_landscape":["https:\/\/sarmacjabedzin.pl\/wp-content\/uploads\/2023\/08\/transfery_2023-870x570.jpg",870,570,true],"ultp_layout_portrait":["https:\/\/sarmacjabedzin.pl\/wp-content\/uploads\/2023\/08\/transfery_2023-600x900.jpg",600,900,true],"ultp_layout_square":["https:\/\/sarmacjabedzin.pl\/wp-content\/uploads\/2023\/08\/transfery_2023-600x600.jpg",600,600,true],"stm-1140-666":["https:\/\/sarmacjabedzin.pl\/wp-content\/uploads\/2023\/08\/transfery_2023-1140x666.jpg",1140,666,true],"stm-1170-650":["https:\/\/sarmacjabedzin.pl\/wp-content\/uploads\/2023\/08\/transfery_2023-1170x650.jpg",1170,650,true],"stm-570-350":["https:\/\/sarmacjabedzin.pl\/wp-content\/uploads\/2023\/08\/transfery_2023-570x350.jpg",570,350,true],"stm-570-250":["https:\/\/sarmacjabedzin.pl\/wp-content\/uploads\/2023\/08\/transfery_2023-570x250.jpg",570,250,true],"stm-270-370":["https:\/\/sarmacjabedzin.pl\/wp-content\/uploads\/2023\/08\/transfery_2023-270x370.jpg",270,370,true],"stm-540-500":["https:\/\/sarmacjabedzin.pl\/wp-content\/uploads\/2023\/08\/transfery_2023-540x500.jpg",540,500,true],"stm-270-530":["https:\/\/sarmacjabedzin.pl\/wp-content\/uploads\/2023\/08\/transfery_2023-270x530.jpg",270,530,true],"stm-200-200":["https:\/\/sarmacjabedzin.pl\/wp-content\/uploads\/2023\/08\/transfery_2023-200x200.jpg",200,200,true],"stm-85-105":["https:\/\/sarmacjabedzin.pl\/wp-content\/uploads\/2023\/08\/transfery_2023-85x105.jpg",85,105,true],"stm-255-255":["https:\/\/sarmacjabedzin.pl\/wp-content\/uploads\/2023\/08\/transfery_2023-255x255.jpg",255,255,true],"stm-360-240":["https:\/\/sarmacjabedzin.pl\/wp-content\/uploads\/2023\/08\/transfery_2023-360x240.jpg",360,240,true],"stm-360-495":["https:\/\/sarmacjabedzin.pl\/wp-content\/uploads\/2023\/08\/transfery_2023-360x495.jpg",360,495,true],"stm-445-400":["https:\/\/sarmacjabedzin.pl\/wp-content\/uploads\/2023\/08\/transfery_2023-445x400.jpg",445,400,true],"stm-735-240":["https:\/\/sarmacjabedzin.pl\/wp-content\/uploads\/2023\/08\/transfery_2023-735x240.jpg",735,240,true],"stm-255-183":["https:\/\/sarmacjabedzin.pl\/wp-content\/uploads\/2023\/08\/transfery_2023-255x183.jpg",255,183,true],"stm-350-250":["https:\/\/sarmacjabedzin.pl\/wp-content\/uploads\/2023\/08\/transfery_2023-350x250.jpg",350,250,true],"blog_list":["https:\/\/sarmacjabedzin.pl\/wp-content\/uploads\/2023\/08\/transfery_2023-270x220.jpg",270,220,true],"blog_list_medium":["https:\/\/sarmacjabedzin.pl\/wp-content\/uploads\/2023\/08\/transfery_2023-390x345.jpg",390,345,true],"gallery_thumbnail":["https:\/\/sarmacjabedzin.pl\/wp-content\/uploads\/2023\/08\/transfery_2023-80x80.jpg",80,80,true],"gallery_image":["https:\/\/sarmacjabedzin.pl\/wp-content\/uploads\/2023\/08\/transfery_2023-560x367.jpg",560,367,true],"gallery_image_mini":["https:\/\/sarmacjabedzin.pl\/wp-content\/uploads\/2023\/08\/transfery_2023-143x116.jpg",143,116,true],"player_photo":["https:\/\/sarmacjabedzin.pl\/wp-content\/uploads\/2023\/08\/transfery_2023-740x740.jpg",740,740,true],"team_logo":["https:\/\/sarmacjabedzin.pl\/wp-content\/uploads\/2023\/08\/transfery_2023-98x55.jpg",98,55,true],"player_stat_ava":["https:\/\/sarmacjabedzin.pl\/wp-content\/uploads\/2023\/08\/transfery_2023-550x580.jpg",550,580,true],"post-350-220":["https:\/\/sarmacjabedzin.pl\/wp-content\/uploads\/2023\/08\/transfery_2023-350x220.jpg",350,220,true],"post-275-142":["https:\/\/sarmacjabedzin.pl\/wp-content\/uploads\/2023\/08\/transfery_2023-275x142.jpg",275,142,true],"post-160-120":["https:\/\/sarmacjabedzin.pl\/wp-content\/uploads\/2023\/08\/transfery_2023-160x120.jpg",160,120,true],"post-110-70":["https:\/\/sarmacjabedzin.pl\/wp-content\/uploads\/2023\/08\/transfery_2023-110x70.jpg",110,70,true],"post-770-450":["https:\/\/sarmacjabedzin.pl\/wp-content\/uploads\/2023\/08\/transfery_2023-770x450.jpg",770,450,true],"post-370-210":["https:\/\/sarmacjabedzin.pl\/wp-content\/uploads\/2023\/08\/transfery_2023-370x210.jpg",370,210,true],"post-457-470":["https:\/\/sarmacjabedzin.pl\/wp-content\/uploads\/2023\/08\/transfery_2023-457x470.jpg",457,470,true],"post-370-420":["https:\/\/sarmacjabedzin.pl\/wp-content\/uploads\/2023\/08\/transfery_2023-370x420.jpg",370,420,true],"stm-445-445":["https:\/\/sarmacjabedzin.pl\/wp-content\/uploads\/2023\/08\/transfery_2023-445x445.jpg",445,445,true],"stm-555-460":["https:\/\/sarmacjabedzin.pl\/wp-content\/uploads\/2023\/08\/transfery_2023-555x460.jpg",555,460,true],"stm-350-450":["https:\/\/sarmacjabedzin.pl\/wp-content\/uploads\/2023\/08\/transfery_2023-350x450.jpg",350,450,true],"stm-720-440":["https:\/\/sarmacjabedzin.pl\/wp-content\/uploads\/2023\/08\/transfery_2023-720x440.jpg",720,440,true],"stm-270-270":["https:\/\/sarmacjabedzin.pl\/wp-content\/uploads\/2023\/08\/transfery_2023-270x270.jpg",270,270,true],"stm-760-450":["https:\/\/sarmacjabedzin.pl\/wp-content\/uploads\/2023\/08\/transfery_2023-760x450.jpg",760,450,true]},"rttpg_author":{"display_name":"tyrtak","author_link":false},"rttpg_comment":0,"rttpg_category":"<a href=\"https:\/\/sarmacjabedzin.pl\/index.php\/category\/aktualnosci\/\" rel=\"category tag\">Aktualno\u015bci<\/a>","rttpg_excerpt":"Po dramatycznej sytuacji, kiedy to klub zmaga\u0142 si\u0119 z trudno\u015bciami finansowymi, mamy wreszcie prze\u0142om. Z wielk\u0105 rado\u015bci\u0105 mo\u017cemy zauwa\u017cy\u0107, \u017ce w trakcie letniej przerwy od rozgrywek ligowych nowy zarz\u0105d BKS Sarmacja B\u0119dzin nie pr\u00f3\u017cnowa\u0142 dokonuj\u0105c kilku ciekawych transfer\u00f3w. Mamy nadziej\u0119, \u017ce nowi zawodnicy znacz\u0105co zdo\u0142aj\u0105 podnie\u015b\u0107 jako\u015b\u0107 naszej dru\u017cyny w nowym sezonie 2023\/2024. Oto oni:...","_links":{"self":[{"href":"https:\/\/sarmacjabedzin.pl\/index.php\/wp-json\/wp\/v2\/posts\/6238","targetHints":{"allow":["GET"]}}],"collection":[{"href":"https:\/\/sarmacjabedzin.pl\/index.php\/wp-json\/wp\/v2\/posts"}],"about":[{"href":"https:\/\/sarmacjabedzin.pl\/index.php\/wp-json\/wp\/v2\/types\/post"}],"author":[{"embeddable":true,"href":"https:\/\/sarmacjabedzin.pl\/index.php\/wp-json\/wp\/v2\/users\/1"}],"replies":[{"embeddable":true,"href":"https:\/\/sarmacjabedzin.pl\/index.php\/wp-json\/wp\/v2\/comments?post=6238"}],"version-history":[{"count":1,"href":"https:\/\/sarmacjabedzin.pl\/index.php\/wp-json\/wp\/v2\/posts\/6238\/revisions"}],"predecessor-version":[{"id":6241,"href":"https:\/\/sarmacjabedzin.pl\/index.php\/wp-json\/wp\/v2\/posts\/6238\/revisions\/6241"}],"wp:featuredmedia":[{"embeddable":true,"href":"https:\/\/sarmacjabedzin.pl\/index.php\/wp-json\/wp\/v2\/media\/6239"}],"wp:attachment":[{"href":"https:\/\/sarmacjabedzin.pl\/index.php\/wp-json\/wp\/v2\/media?parent=6238"}],"wp:term":[{"taxonomy":"category","embeddable":true,"href":"https:\/\/sarmacjabedzin.pl\/index.php\/wp-json\/wp\/v2\/categories?post=6238"},{"taxonomy":"post_tag","embeddable":true,"href":"https:\/\/sarmacjabedzin.pl\/index.php\/wp-json\/wp\/v2\/tags?post=6238"}],"curies":[{"name":"wp","href":"https:\/\/api.w.org\/{rel}","templated":true}]}}