{"id":6357,"date":"2023-09-09T16:29:07","date_gmt":"2023-09-09T14:29:07","guid":{"rendered":"https:\/\/sarmacjabedzin.pl\/?p=6357"},"modified":"2023-09-09T16:29:07","modified_gmt":"2023-09-09T14:29:07","slug":"pierwszy-punkt-zdobyty","status":"publish","type":"post","link":"https:\/\/sarmacjabedzin.pl\/index.php\/2023\/09\/09\/pierwszy-punkt-zdobyty\/","title":{"rendered":"Pierwszy punkt zdobyty!"},"content":{"rendered":"<p class=\"Standard\">Dnia 9.09.2023 roku o godz. 12.30 pi\u0142karze Sarmacji B\u0119dzin w sz\u00f3stej kolejce ligowej zmierzyli si\u0119 na wyje\u017adzie z dru\u017cyn\u0105 rezerw GKS-u Katowice.<br \/>\nGospodarze zajmuj\u0105cy 8 miejsce w tabeli zgromadzili do tej pory 8 punkt\u00f3w, natomiast b\u0119dzinianie wci\u0105\u017c bez punktu plasowali si\u0119 na przedostatnim miejscu. W ostatniej kolejce katowiczanie na wyje\u017adzie pokonali Uni\u0119 Kosztowy 3:1. Sarmacja przed w\u0142asn\u0105 publiczno\u015bci\u0105, po zaci\u0119tym pojedynku uleg\u0142a CKS Czelad\u017a 2:3.<br \/>\nOstatnie spotkanie pomi\u0119dzy obu dru\u017cynami rozegrane 15.04.2023 roku w B\u0119dzinie zako\u0144czy\u0142o si\u0119 wysokim zwyci\u0119stwem Sarmat\u00f3w 6:1! Bramki dla naszej dru\u017cyny zdobyli: 3x\u017bmuda, 2xSamborski oraz Ku\u0142aga. Pi\u0142karze Sarmacji podbudowani zwyci\u0119stwem 3:1 w I rundzie Pucharu Polski podokr\u0119gu sosnowieckiego nad dru\u017cyn\u0105 Przemszy Siewierz, przyst\u0105pili do tego spotkania z du\u017cymi nadziejami na prze\u0142amanie z\u0142ej passy ligowej.<\/p>\n<p class=\"Standard\">Pierwsze minuty tego spotkania nale\u017ca\u0142y do gospodarzy, kt\u00f3rzy zepchn\u0119li b\u0119dzinian do g\u0142\u0119bokiej defensywy. W miar\u0119 up\u0142ywu czasu Sarmaci opanowali sytuacj\u0119, pr\u00f3buj\u0105c zaskoczy\u0107 miejscowych.<br \/>\nW 6 minucie znakomitym uderzeniem z dystansu popisa\u0142 si\u0119 Marek Kocot. Niestety pi\u0142ka, trafiaj\u0105c w poprzeczk\u0119, odbi\u0142a si\u0119 od linii bramkowej i wr\u00f3ci\u0142a na plac gry. Mimo protestu naszej dru\u017cyny s\u0119dzia uzna\u0142, \u017ce futbol\u00f3wka nie przekroczy\u0142a linii bramkowej.<br \/>\nW 23 minucie pi\u0142ka po uderzeniu g\u0142ow\u0105 przez Micha\u0142a Dula poszybowa\u0142a obok bramki.<br \/>\nDziesi\u0119\u0107 minut p\u00f3\u017aniej Rafa\u0142 Dawid zdo\u0142a\u0142 wybroni\u0107 strza\u0142 pi\u0142karza GKS-u.<br \/>\nW 35 minucie ogromne zamieszanie w naszym polu karnym sko\u0144czy\u0142o si\u0119 dla nas szcz\u0119\u015bliwie.<br \/>\nMimo lekkiej przewagi gospodarzy, w 42 minucie b\u0119dzinianie zdo\u0142ali wyj\u015b\u0107 na prowadzenie.<br \/>\nBiegn\u0105cy lew\u0105 stron\u0105 boiska Karol G\u00f3ral wy\u015bmienicie poradzi\u0142 sobie z bramkarzem miejscowych, posy\u0142aj\u0105c pi\u0142k\u0119 do jego siatki.<br \/>\nJeszcze w ostatniej sekundzie pierwszej po\u0142owy Marek Kocot pos\u0142a\u0142 futbol\u00f3wk\u0119 nad poprzeczk\u0105 katowiczan.<\/p>\n<p class=\"Standard\">Pierwszy kwadrans drugiej po\u0142owy toczy\u0142 si\u0119 przewa\u017cnie na \u015brodku boiska. Gospodarze b\u0119d\u0105cy w lekkim szoku po stracie pierwszego gola d\u0142ugo nie mogli poradzi\u0107 sobie z defensyw\u0105 naszej dru\u017cyny.<br \/>\nW 64 minucie kolejny szybki rajd Karola G\u00f3rala zako\u0144czy\u0142 si\u0119 strza\u0142em wprost w golkipera katowiczan.<br \/>\nW 71 minucie miejscowi dali pierwszy znak, \u017ce warto jeszcze powalczy\u0107 o korzystny wynik. Na szcz\u0119\u015bcie Rafa\u0142 Dawid, po strzale zawodnika \u201egieksy\u201d znakomicie zdo\u0142a\u0142 przenie\u015b\u0107 pi\u0142k\u0119 nad w\u0142asn\u0105 poprzeczk\u0119. Trzy minuty p\u00f3\u017aniej obroni\u0142 kolejny strza\u0142. Tym razem po ziemi.<br \/>\nNiestety chwil\u0119 wcze\u015bniej mia\u0142 miejsce kluczowy moment tego spotkania. Boisko z powodu urazu musia\u0142 opu\u015bci\u0107 Marek Kocot, kt\u00f3ry dzi\u015b bardzo mocno walczy\u0142 na ca\u0142ej murawie. Jego brak by\u0142 bardzo widoczny.<br \/>\nZaledwie siedem minut p\u00f3\u017aniej gospodarze cieszyli si\u0119 z wyr\u00f3wnuj\u0105cego gola. Zawodnik katowiczan bez problemu poradzi\u0142 sobie z nasz\u0105 defensyw\u0105, a nast\u0119pnie pos\u0142a\u0142 pi\u0142k\u0119 do siatki Rafa\u0142a Dawida. Nasz zawodnik wcze\u015bniej r\u00f3wnie\u017c cierpia\u0142 z powodu urazu, lecz zdo\u0142a\u0142 dogra\u0107 ten mecz do samego ko\u0144ca.<br \/>\nZaraz po zdobyciu gola miejscowi ponownie trafili do naszej bramki. Tym razem s\u0119dzia dopatrzy\u0142 si\u0119 spalonego. Niestety praca arbitra w dzisiejszym pojedynku mia\u0142a wiele mankament\u00f3w. Dochodzi\u0142o do niepotrzebnych spi\u0119\u0107, podyktowanych niekt\u00f3rymi kontrowersyjnymi decyzjami. Na prac\u0119 s\u0119dziego narzeka\u0142y obydwie \u0142awki rezerwowych oraz kibice ogl\u0105daj\u0105cy ten mecz.<br \/>\nW ko\u0144c\u00f3wce spotkania Sarmaci liczyli na szybk\u0105 kontr\u0119. Niestety ogromne zm\u0119czenie oraz upa\u0142 da\u0142y si\u0119 we znaki naszym zawodnikom, kt\u00f3rzy przypomnijmy, w \u015brod\u0119 musieli walczy\u0107 z Przemsz\u0105 Siewierz.<br \/>\nMimo presji rywala, kt\u00f3ry pr\u00f3bowa\u0142 szuka\u0107 zwyci\u0119skiego gola, zdo\u0142ali jeszcze wypracowa\u0107 dwie sytuacje, kt\u00f3re jednak nie przynios\u0142y ko\u0144cowego efektu w postaci zwyci\u0119skiego trafienia. Najpierw Maciej Widurski, a potem Piotr Samborski stan\u0119li przed szans\u0105 szybkiej kontry. Ogromne zm\u0119czenie mia\u0142o jednak ogromny i kluczowy wp\u0142yw na zmarnowanie tych okazji.<br \/>\nMecz pomi\u0119dzy Sarmacj\u0105 B\u0119dzin a GKS-em Katowice zako\u0144czy\u0142 si\u0119 podzia\u0142em punkt\u00f3w przy stanie 1:1. Szkoda straconych punkt\u00f3w. Dzi\u015b nasi pi\u0142karze, tak jak w meczu z Przemsz\u0105 Siewierz zagrali z pe\u0142n\u0105 koncentracj\u0105 i wol\u0105 walki. Zabrak\u0142o odrobin\u0119 szcz\u0119\u015bcia, a pierwsze zwyci\u0119stwo ligowe sta\u0142oby si\u0119 faktem. Mimo to mo\u017cemy by\u0107 zadowoleni, widz\u0105c \u201eodnowion\u0105\u201d dru\u017cyn\u0119, kt\u00f3ra daje z siebie wszystko. Je\u015bli dalej b\u0119d\u0105 wk\u0142ada\u0107 w swoj\u0105 gr\u0119 m\u0105dro\u015b\u0107 taktyczn\u0105 i zaanga\u017cowanie, to wyniki b\u0119d\u0105 coraz lepsze.<\/p>\n<p class=\"Standard\">Na dzi\u015b passa pi\u0119ciu pora\u017cek z rz\u0119du zosta\u0142a prze\u0142amana! Liczymy, \u017ce ju\u017c za tydzie\u0144 Sarmaci na w\u0142asnym stadionie, w meczu z Pogoni\u0105 Imielin zrobi\u0105 kolejny krok i powalcz\u0105 o pierwsze zwyci\u0119stwo w sezonie.<\/p>\n<p class=\"Standard\"><strong>GKS II Katowice \u2013 Sarmacja B\u0119dzin 1:1 (0:1)<\/strong><\/p>\n<p class=\"Standard\"><strong>S\u0119dzia:<\/strong> Dawid \u0141ukaszek (Cz\u0119stochowa)<\/p>\n<p class=\"Standard\"><strong>Bramki:<\/strong><br \/>\n42&#8242; G\u00f3ral<br \/>\n___________<br \/>\n78&#8242;<\/p>\n<p class=\"Standard\"><strong>\u017b\u00f3\u0142te kartki:<\/strong><br \/>\n36&#8242; Kocot<br \/>\n65&#8242; Kulesza<br \/>\n85&#8242; Dul<\/p>\n<p class=\"Standard\"><strong>Sarmacja B\u0119dzin:<\/strong> Dawid \u2013 Dul, Majka, Ignalski, Zawierucha (78&#8242; Mi\u0142ek), Sych, Kulesza, Samborski, Widurski, G\u00f3ral (78&#8242; Januszek), Kocot (71&#8242; D.Dudek)<\/p>\n","protected":false},"excerpt":{"rendered":"<p>Dnia 9.09.2023 roku o godz. 12.30 pi\u0142karze Sarmacji B\u0119dzin w sz\u00f3stej kolejce ligowej zmierzyli si\u0119 na wyje\u017adzie z dru\u017cyn\u0105 rezerw GKS-u Katowice. Gospodarze zajmuj\u0105cy 8 miejsce w tabeli zgromadzili do tej pory 8 punkt\u00f3w, natomiast b\u0119dzinianie wci\u0105\u017c bez punktu plasowali si\u0119 na przedostatnim miejscu. W ostatniej kolejce katowiczanie na wyje\u017adzie pokonali Uni\u0119 Kosztowy 3:1. Sarmacja&#8230;<\/p>\n","protected":false},"author":1,"featured_media":6358,"comment_status":"closed","ping_status":"closed","sticky":false,"template":"","format":"standard","meta":{"footnotes":""},"categories":[64],"tags":[],"class_list":["post-6357","post","type-post","status-publish","format-standard","has-post-thumbnail","hentry","category-soccer"],"yoast_head":"<!-- This site is optimized with the Yoast SEO plugin v25.8 - https:\/\/yoast.com\/wordpress\/plugins\/seo\/ -->\n<title>Pierwszy punkt zdobyty! | BKS Sarmacja B\u0119dzin<\/title>\n<meta name=\"robots\" content=\"index, follow, max-snippet:-1, max-image-preview:large, max-video-preview:-1\" \/>\n<link rel=\"canonical\" href=\"https:\/\/sarmacjabedzin.pl\/index.php\/2023\/09\/09\/pierwszy-punkt-zdobyty\/\" \/>\n<meta property=\"og:locale\" content=\"pl_PL\" \/>\n<meta property=\"og:type\" content=\"article\" \/>\n<meta property=\"og:title\" content=\"Pierwszy punkt zdobyty! | BKS Sarmacja B\u0119dzin\" \/>\n<meta property=\"og:description\" content=\"Dnia 9.09.2023 roku o godz. 12.30 pi\u0142karze Sarmacji B\u0119dzin w sz\u00f3stej kolejce ligowej zmierzyli si\u0119 na wyje\u017adzie z dru\u017cyn\u0105 rezerw GKS-u Katowice. Gospodarze zajmuj\u0105cy 8 miejsce w tabeli zgromadzili do tej pory 8 punkt\u00f3w, natomiast b\u0119dzinianie wci\u0105\u017c bez punktu plasowali si\u0119 na przedostatnim miejscu. W ostatniej kolejce katowiczanie na wyje\u017adzie pokonali Uni\u0119 Kosztowy 3:1. Sarmacja...\" \/>\n<meta property=\"og:url\" content=\"https:\/\/sarmacjabedzin.pl\/index.php\/2023\/09\/09\/pierwszy-punkt-zdobyty\/\" \/>\n<meta property=\"og:site_name\" content=\"BKS Sarmacja B\u0119dzin\" \/>\n<meta property=\"article:publisher\" content=\"https:\/\/www.facebook.com\/SarmacjaBedzin\" \/>\n<meta property=\"article:published_time\" content=\"2023-09-09T14:29:07+00:00\" \/>\n<meta property=\"og:image\" content=\"https:\/\/sarmacjabedzin.pl\/wp-content\/uploads\/2023\/09\/09_09_2023_GKS_Katowice.jpg\" \/>\n\t<meta property=\"og:image:width\" content=\"1920\" \/>\n\t<meta property=\"og:image:height\" content=\"1080\" \/>\n\t<meta property=\"og:image:type\" content=\"image\/jpeg\" \/>\n<meta name=\"author\" content=\"tyrtak\" \/>\n<meta name=\"twitter:card\" content=\"summary_large_image\" \/>\n<meta name=\"twitter:label1\" content=\"Napisane przez\" \/>\n\t<meta name=\"twitter:data1\" content=\"tyrtak\" \/>\n\t<meta name=\"twitter:label2\" content=\"Szacowany czas czytania\" \/>\n\t<meta name=\"twitter:data2\" content=\"4 minuty\" \/>\n<script type=\"application\/ld+json\" class=\"yoast-schema-graph\">{\"@context\":\"https:\/\/schema.org\",\"@graph\":[{\"@type\":\"WebPage\",\"@id\":\"https:\/\/sarmacjabedzin.pl\/index.php\/2023\/09\/09\/pierwszy-punkt-zdobyty\/\",\"url\":\"https:\/\/sarmacjabedzin.pl\/index.php\/2023\/09\/09\/pierwszy-punkt-zdobyty\/\",\"name\":\"Pierwszy punkt zdobyty! | BKS Sarmacja B\u0119dzin\",\"isPartOf\":{\"@id\":\"https:\/\/sarmacjabedzin.pl\/#website\"},\"primaryImageOfPage\":{\"@id\":\"https:\/\/sarmacjabedzin.pl\/index.php\/2023\/09\/09\/pierwszy-punkt-zdobyty\/#primaryimage\"},\"image\":{\"@id\":\"https:\/\/sarmacjabedzin.pl\/index.php\/2023\/09\/09\/pierwszy-punkt-zdobyty\/#primaryimage\"},\"thumbnailUrl\":\"https:\/\/sarmacjabedzin.pl\/wp-content\/uploads\/2023\/09\/09_09_2023_GKS_Katowice.jpg\",\"datePublished\":\"2023-09-09T14:29:07+00:00\",\"author\":{\"@id\":\"https:\/\/sarmacjabedzin.pl\/#\/schema\/person\/5417ea7b03bcd9adf58298a2265ce03a\"},\"breadcrumb\":{\"@id\":\"https:\/\/sarmacjabedzin.pl\/index.php\/2023\/09\/09\/pierwszy-punkt-zdobyty\/#breadcrumb\"},\"inLanguage\":\"pl-PL\",\"potentialAction\":[{\"@type\":\"ReadAction\",\"target\":[\"https:\/\/sarmacjabedzin.pl\/index.php\/2023\/09\/09\/pierwszy-punkt-zdobyty\/\"]}]},{\"@type\":\"ImageObject\",\"inLanguage\":\"pl-PL\",\"@id\":\"https:\/\/sarmacjabedzin.pl\/index.php\/2023\/09\/09\/pierwszy-punkt-zdobyty\/#primaryimage\",\"url\":\"https:\/\/sarmacjabedzin.pl\/wp-content\/uploads\/2023\/09\/09_09_2023_GKS_Katowice.jpg\",\"contentUrl\":\"https:\/\/sarmacjabedzin.pl\/wp-content\/uploads\/2023\/09\/09_09_2023_GKS_Katowice.jpg\",\"width\":1920,\"height\":1080},{\"@type\":\"BreadcrumbList\",\"@id\":\"https:\/\/sarmacjabedzin.pl\/index.php\/2023\/09\/09\/pierwszy-punkt-zdobyty\/#breadcrumb\",\"itemListElement\":[{\"@type\":\"ListItem\",\"position\":1,\"name\":\"Strona g\u0142\u00f3wna\",\"item\":\"https:\/\/sarmacjabedzin.pl\/\"},{\"@type\":\"ListItem\",\"position\":2,\"name\":\"Pierwszy punkt zdobyty!\"}]},{\"@type\":\"WebSite\",\"@id\":\"https:\/\/sarmacjabedzin.pl\/#website\",\"url\":\"https:\/\/sarmacjabedzin.pl\/\",\"name\":\"BKS Sarmacja B\u0119dzin \u2013 Nieoficjalny serwis\",\"description\":\"Nieoficjalny serwis B\u0119dzi\u0144skiego Klubu Sportowego &quot;Sarmacja&quot;\",\"potentialAction\":[{\"@type\":\"SearchAction\",\"target\":{\"@type\":\"EntryPoint\",\"urlTemplate\":\"https:\/\/sarmacjabedzin.pl\/?s={search_term_string}\"},\"query-input\":{\"@type\":\"PropertyValueSpecification\",\"valueRequired\":true,\"valueName\":\"search_term_string\"}}],\"inLanguage\":\"pl-PL\"},{\"@type\":\"Person\",\"@id\":\"https:\/\/sarmacjabedzin.pl\/#\/schema\/person\/5417ea7b03bcd9adf58298a2265ce03a\",\"name\":\"tyrtak\",\"image\":{\"@type\":\"ImageObject\",\"inLanguage\":\"pl-PL\",\"@id\":\"https:\/\/sarmacjabedzin.pl\/#\/schema\/person\/image\/\",\"url\":\"https:\/\/secure.gravatar.com\/avatar\/49b7734c6795cf524710e96813a9fedc1ae3816e479d92490236b4cfc47a5ae1?s=96&d=mm&r=g\",\"contentUrl\":\"https:\/\/secure.gravatar.com\/avatar\/49b7734c6795cf524710e96813a9fedc1ae3816e479d92490236b4cfc47a5ae1?s=96&d=mm&r=g\",\"caption\":\"tyrtak\"}}]}<\/script>\n<!-- \/ Yoast SEO plugin. -->","yoast_head_json":{"title":"Pierwszy punkt zdobyty! | BKS Sarmacja B\u0119dzin","robots":{"index":"index","follow":"follow","max-snippet":"max-snippet:-1","max-image-preview":"max-image-preview:large","max-video-preview":"max-video-preview:-1"},"canonical":"https:\/\/sarmacjabedzin.pl\/index.php\/2023\/09\/09\/pierwszy-punkt-zdobyty\/","og_locale":"pl_PL","og_type":"article","og_title":"Pierwszy punkt zdobyty! | BKS Sarmacja B\u0119dzin","og_description":"Dnia 9.09.2023 roku o godz. 12.30 pi\u0142karze Sarmacji B\u0119dzin w sz\u00f3stej kolejce ligowej zmierzyli si\u0119 na wyje\u017adzie z dru\u017cyn\u0105 rezerw GKS-u Katowice. Gospodarze zajmuj\u0105cy 8 miejsce w tabeli zgromadzili do tej pory 8 punkt\u00f3w, natomiast b\u0119dzinianie wci\u0105\u017c bez punktu plasowali si\u0119 na przedostatnim miejscu. W ostatniej kolejce katowiczanie na wyje\u017adzie pokonali Uni\u0119 Kosztowy 3:1. Sarmacja...","og_url":"https:\/\/sarmacjabedzin.pl\/index.php\/2023\/09\/09\/pierwszy-punkt-zdobyty\/","og_site_name":"BKS Sarmacja B\u0119dzin","article_publisher":"https:\/\/www.facebook.com\/SarmacjaBedzin","article_published_time":"2023-09-09T14:29:07+00:00","og_image":[{"width":1920,"height":1080,"url":"https:\/\/sarmacjabedzin.pl\/wp-content\/uploads\/2023\/09\/09_09_2023_GKS_Katowice.jpg","type":"image\/jpeg"}],"author":"tyrtak","twitter_card":"summary_large_image","twitter_misc":{"Napisane przez":"tyrtak","Szacowany czas czytania":"4 minuty"},"schema":{"@context":"https:\/\/schema.org","@graph":[{"@type":"WebPage","@id":"https:\/\/sarmacjabedzin.pl\/index.php\/2023\/09\/09\/pierwszy-punkt-zdobyty\/","url":"https:\/\/sarmacjabedzin.pl\/index.php\/2023\/09\/09\/pierwszy-punkt-zdobyty\/","name":"Pierwszy punkt zdobyty! | BKS Sarmacja B\u0119dzin","isPartOf":{"@id":"https:\/\/sarmacjabedzin.pl\/#website"},"primaryImageOfPage":{"@id":"https:\/\/sarmacjabedzin.pl\/index.php\/2023\/09\/09\/pierwszy-punkt-zdobyty\/#primaryimage"},"image":{"@id":"https:\/\/sarmacjabedzin.pl\/index.php\/2023\/09\/09\/pierwszy-punkt-zdobyty\/#primaryimage"},"thumbnailUrl":"https:\/\/sarmacjabedzin.pl\/wp-content\/uploads\/2023\/09\/09_09_2023_GKS_Katowice.jpg","datePublished":"2023-09-09T14:29:07+00:00","author":{"@id":"https:\/\/sarmacjabedzin.pl\/#\/schema\/person\/5417ea7b03bcd9adf58298a2265ce03a"},"breadcrumb":{"@id":"https:\/\/sarmacjabedzin.pl\/index.php\/2023\/09\/09\/pierwszy-punkt-zdobyty\/#breadcrumb"},"inLanguage":"pl-PL","potentialAction":[{"@type":"ReadAction","target":["https:\/\/sarmacjabedzin.pl\/index.php\/2023\/09\/09\/pierwszy-punkt-zdobyty\/"]}]},{"@type":"ImageObject","inLanguage":"pl-PL","@id":"https:\/\/sarmacjabedzin.pl\/index.php\/2023\/09\/09\/pierwszy-punkt-zdobyty\/#primaryimage","url":"https:\/\/sarmacjabedzin.pl\/wp-content\/uploads\/2023\/09\/09_09_2023_GKS_Katowice.jpg","contentUrl":"https:\/\/sarmacjabedzin.pl\/wp-content\/uploads\/2023\/09\/09_09_2023_GKS_Katowice.jpg","width":1920,"height":1080},{"@type":"BreadcrumbList","@id":"https:\/\/sarmacjabedzin.pl\/index.php\/2023\/09\/09\/pierwszy-punkt-zdobyty\/#breadcrumb","itemListElement":[{"@type":"ListItem","position":1,"name":"Strona g\u0142\u00f3wna","item":"https:\/\/sarmacjabedzin.pl\/"},{"@type":"ListItem","position":2,"name":"Pierwszy punkt zdobyty!"}]},{"@type":"WebSite","@id":"https:\/\/sarmacjabedzin.pl\/#website","url":"https:\/\/sarmacjabedzin.pl\/","name":"BKS Sarmacja B\u0119dzin \u2013 Nieoficjalny serwis","description":"Nieoficjalny serwis B\u0119dzi\u0144skiego Klubu Sportowego &quot;Sarmacja&quot;","potentialAction":[{"@type":"SearchAction","target":{"@type":"EntryPoint","urlTemplate":"https:\/\/sarmacjabedzin.pl\/?s={search_term_string}"},"query-input":{"@type":"PropertyValueSpecification","valueRequired":true,"valueName":"search_term_string"}}],"inLanguage":"pl-PL"},{"@type":"Person","@id":"https:\/\/sarmacjabedzin.pl\/#\/schema\/person\/5417ea7b03bcd9adf58298a2265ce03a","name":"tyrtak","image":{"@type":"ImageObject","inLanguage":"pl-PL","@id":"https:\/\/sarmacjabedzin.pl\/#\/schema\/person\/image\/","url":"https:\/\/secure.gravatar.com\/avatar\/49b7734c6795cf524710e96813a9fedc1ae3816e479d92490236b4cfc47a5ae1?s=96&d=mm&r=g","contentUrl":"https:\/\/secure.gravatar.com\/avatar\/49b7734c6795cf524710e96813a9fedc1ae3816e479d92490236b4cfc47a5ae1?s=96&d=mm&r=g","caption":"tyrtak"}}]}},"rttpg_featured_image_url":{"full":["https:\/\/sarmacjabedzin.pl\/wp-content\/uploads\/2023\/09\/09_09_2023_GKS_Katowice.jpg",1920,1080,false],"landscape":["https:\/\/sarmacjabedzin.pl\/wp-content\/uploads\/2023\/09\/09_09_2023_GKS_Katowice.jpg",1920,1080,false],"portraits":["https:\/\/sarmacjabedzin.pl\/wp-content\/uploads\/2023\/09\/09_09_2023_GKS_Katowice.jpg",1920,1080,false],"thumbnail":["https:\/\/sarmacjabedzin.pl\/wp-content\/uploads\/2023\/09\/09_09_2023_GKS_Katowice-150x150.jpg",150,150,true],"medium":["https:\/\/sarmacjabedzin.pl\/wp-content\/uploads\/2023\/09\/09_09_2023_GKS_Katowice-300x169.jpg",300,169,true],"large":["https:\/\/sarmacjabedzin.pl\/wp-content\/uploads\/2023\/09\/09_09_2023_GKS_Katowice-1024x576.jpg",1024,576,true],"1536x1536":["https:\/\/sarmacjabedzin.pl\/wp-content\/uploads\/2023\/09\/09_09_2023_GKS_Katowice-1536x864.jpg",1536,864,true],"2048x2048":["https:\/\/sarmacjabedzin.pl\/wp-content\/uploads\/2023\/09\/09_09_2023_GKS_Katowice.jpg",1920,1080,false],"sportspress-crop-medium":["https:\/\/sarmacjabedzin.pl\/wp-content\/uploads\/2023\/09\/09_09_2023_GKS_Katowice-300x300.jpg",300,300,true],"sportspress-fit-medium":["https:\/\/sarmacjabedzin.pl\/wp-content\/uploads\/2023\/09\/09_09_2023_GKS_Katowice-300x169.jpg",300,169,true],"sportspress-fit-icon":["https:\/\/sarmacjabedzin.pl\/wp-content\/uploads\/2023\/09\/09_09_2023_GKS_Katowice-128x72.jpg",128,72,true],"sportspress-fit-mini":["https:\/\/sarmacjabedzin.pl\/wp-content\/uploads\/2023\/09\/09_09_2023_GKS_Katowice-32x18.jpg",32,18,true],"ultp_layout_landscape_large":["https:\/\/sarmacjabedzin.pl\/wp-content\/uploads\/2023\/09\/09_09_2023_GKS_Katowice-1200x800.jpg",1200,800,true],"ultp_layout_landscape":["https:\/\/sarmacjabedzin.pl\/wp-content\/uploads\/2023\/09\/09_09_2023_GKS_Katowice-870x570.jpg",870,570,true],"ultp_layout_portrait":["https:\/\/sarmacjabedzin.pl\/wp-content\/uploads\/2023\/09\/09_09_2023_GKS_Katowice-600x900.jpg",600,900,true],"ultp_layout_square":["https:\/\/sarmacjabedzin.pl\/wp-content\/uploads\/2023\/09\/09_09_2023_GKS_Katowice-600x600.jpg",600,600,true],"stm-1140-666":["https:\/\/sarmacjabedzin.pl\/wp-content\/uploads\/2023\/09\/09_09_2023_GKS_Katowice-1140x666.jpg",1140,666,true],"stm-1170-650":["https:\/\/sarmacjabedzin.pl\/wp-content\/uploads\/2023\/09\/09_09_2023_GKS_Katowice-1170x650.jpg",1170,650,true],"stm-570-350":["https:\/\/sarmacjabedzin.pl\/wp-content\/uploads\/2023\/09\/09_09_2023_GKS_Katowice-570x350.jpg",570,350,true],"stm-570-250":["https:\/\/sarmacjabedzin.pl\/wp-content\/uploads\/2023\/09\/09_09_2023_GKS_Katowice-570x250.jpg",570,250,true],"stm-270-370":["https:\/\/sarmacjabedzin.pl\/wp-content\/uploads\/2023\/09\/09_09_2023_GKS_Katowice-270x370.jpg",270,370,true],"stm-540-500":["https:\/\/sarmacjabedzin.pl\/wp-content\/uploads\/2023\/09\/09_09_2023_GKS_Katowice-540x500.jpg",540,500,true],"stm-270-530":["https:\/\/sarmacjabedzin.pl\/wp-content\/uploads\/2023\/09\/09_09_2023_GKS_Katowice-270x530.jpg",270,530,true],"stm-200-200":["https:\/\/sarmacjabedzin.pl\/wp-content\/uploads\/2023\/09\/09_09_2023_GKS_Katowice-200x200.jpg",200,200,true],"stm-85-105":["https:\/\/sarmacjabedzin.pl\/wp-content\/uploads\/2023\/09\/09_09_2023_GKS_Katowice-85x105.jpg",85,105,true],"stm-255-255":["https:\/\/sarmacjabedzin.pl\/wp-content\/uploads\/2023\/09\/09_09_2023_GKS_Katowice-255x255.jpg",255,255,true],"stm-360-240":["https:\/\/sarmacjabedzin.pl\/wp-content\/uploads\/2023\/09\/09_09_2023_GKS_Katowice-360x240.jpg",360,240,true],"stm-360-495":["https:\/\/sarmacjabedzin.pl\/wp-content\/uploads\/2023\/09\/09_09_2023_GKS_Katowice-360x495.jpg",360,495,true],"stm-445-400":["https:\/\/sarmacjabedzin.pl\/wp-content\/uploads\/2023\/09\/09_09_2023_GKS_Katowice-445x400.jpg",445,400,true],"stm-735-240":["https:\/\/sarmacjabedzin.pl\/wp-content\/uploads\/2023\/09\/09_09_2023_GKS_Katowice-735x240.jpg",735,240,true],"stm-255-183":["https:\/\/sarmacjabedzin.pl\/wp-content\/uploads\/2023\/09\/09_09_2023_GKS_Katowice-255x183.jpg",255,183,true],"stm-350-250":["https:\/\/sarmacjabedzin.pl\/wp-content\/uploads\/2023\/09\/09_09_2023_GKS_Katowice-350x250.jpg",350,250,true],"blog_list":["https:\/\/sarmacjabedzin.pl\/wp-content\/uploads\/2023\/09\/09_09_2023_GKS_Katowice-270x220.jpg",270,220,true],"blog_list_medium":["https:\/\/sarmacjabedzin.pl\/wp-content\/uploads\/2023\/09\/09_09_2023_GKS_Katowice-390x345.jpg",390,345,true],"gallery_thumbnail":["https:\/\/sarmacjabedzin.pl\/wp-content\/uploads\/2023\/09\/09_09_2023_GKS_Katowice-80x80.jpg",80,80,true],"gallery_image":["https:\/\/sarmacjabedzin.pl\/wp-content\/uploads\/2023\/09\/09_09_2023_GKS_Katowice-560x367.jpg",560,367,true],"gallery_image_mini":["https:\/\/sarmacjabedzin.pl\/wp-content\/uploads\/2023\/09\/09_09_2023_GKS_Katowice-143x116.jpg",143,116,true],"player_photo":["https:\/\/sarmacjabedzin.pl\/wp-content\/uploads\/2023\/09\/09_09_2023_GKS_Katowice-740x740.jpg",740,740,true],"team_logo":["https:\/\/sarmacjabedzin.pl\/wp-content\/uploads\/2023\/09\/09_09_2023_GKS_Katowice-98x55.jpg",98,55,true],"player_stat_ava":["https:\/\/sarmacjabedzin.pl\/wp-content\/uploads\/2023\/09\/09_09_2023_GKS_Katowice-550x580.jpg",550,580,true],"post-350-220":["https:\/\/sarmacjabedzin.pl\/wp-content\/uploads\/2023\/09\/09_09_2023_GKS_Katowice-350x220.jpg",350,220,true],"post-275-142":["https:\/\/sarmacjabedzin.pl\/wp-content\/uploads\/2023\/09\/09_09_2023_GKS_Katowice-275x142.jpg",275,142,true],"post-160-120":["https:\/\/sarmacjabedzin.pl\/wp-content\/uploads\/2023\/09\/09_09_2023_GKS_Katowice-160x120.jpg",160,120,true],"post-110-70":["https:\/\/sarmacjabedzin.pl\/wp-content\/uploads\/2023\/09\/09_09_2023_GKS_Katowice-110x70.jpg",110,70,true],"post-770-450":["https:\/\/sarmacjabedzin.pl\/wp-content\/uploads\/2023\/09\/09_09_2023_GKS_Katowice-770x450.jpg",770,450,true],"post-370-210":["https:\/\/sarmacjabedzin.pl\/wp-content\/uploads\/2023\/09\/09_09_2023_GKS_Katowice-370x210.jpg",370,210,true],"post-457-470":["https:\/\/sarmacjabedzin.pl\/wp-content\/uploads\/2023\/09\/09_09_2023_GKS_Katowice-457x470.jpg",457,470,true],"post-370-420":["https:\/\/sarmacjabedzin.pl\/wp-content\/uploads\/2023\/09\/09_09_2023_GKS_Katowice-370x420.jpg",370,420,true],"stm-445-445":["https:\/\/sarmacjabedzin.pl\/wp-content\/uploads\/2023\/09\/09_09_2023_GKS_Katowice-445x445.jpg",445,445,true],"stm-555-460":["https:\/\/sarmacjabedzin.pl\/wp-content\/uploads\/2023\/09\/09_09_2023_GKS_Katowice-555x460.jpg",555,460,true],"stm-350-450":["https:\/\/sarmacjabedzin.pl\/wp-content\/uploads\/2023\/09\/09_09_2023_GKS_Katowice-350x450.jpg",350,450,true],"stm-720-440":["https:\/\/sarmacjabedzin.pl\/wp-content\/uploads\/2023\/09\/09_09_2023_GKS_Katowice-720x440.jpg",720,440,true],"stm-270-270":["https:\/\/sarmacjabedzin.pl\/wp-content\/uploads\/2023\/09\/09_09_2023_GKS_Katowice-270x270.jpg",270,270,true],"stm-760-450":["https:\/\/sarmacjabedzin.pl\/wp-content\/uploads\/2023\/09\/09_09_2023_GKS_Katowice-760x450.jpg",760,450,true]},"rttpg_author":{"display_name":"tyrtak","author_link":false},"rttpg_comment":0,"rttpg_category":"<a href=\"https:\/\/sarmacjabedzin.pl\/index.php\/category\/soccer\/\" rel=\"category tag\">Liga<\/a>","rttpg_excerpt":"Dnia 9.09.2023 roku o godz. 12.30 pi\u0142karze Sarmacji B\u0119dzin w sz\u00f3stej kolejce ligowej zmierzyli si\u0119 na wyje\u017adzie z dru\u017cyn\u0105 rezerw GKS-u Katowice. Gospodarze zajmuj\u0105cy 8 miejsce w tabeli zgromadzili do tej pory 8 punkt\u00f3w, natomiast b\u0119dzinianie wci\u0105\u017c bez punktu plasowali si\u0119 na przedostatnim miejscu. W ostatniej kolejce katowiczanie na wyje\u017adzie pokonali Uni\u0119 Kosztowy 3:1. Sarmacja...","_links":{"self":[{"href":"https:\/\/sarmacjabedzin.pl\/index.php\/wp-json\/wp\/v2\/posts\/6357","targetHints":{"allow":["GET"]}}],"collection":[{"href":"https:\/\/sarmacjabedzin.pl\/index.php\/wp-json\/wp\/v2\/posts"}],"about":[{"href":"https:\/\/sarmacjabedzin.pl\/index.php\/wp-json\/wp\/v2\/types\/post"}],"author":[{"embeddable":true,"href":"https:\/\/sarmacjabedzin.pl\/index.php\/wp-json\/wp\/v2\/users\/1"}],"replies":[{"embeddable":true,"href":"https:\/\/sarmacjabedzin.pl\/index.php\/wp-json\/wp\/v2\/comments?post=6357"}],"version-history":[{"count":1,"href":"https:\/\/sarmacjabedzin.pl\/index.php\/wp-json\/wp\/v2\/posts\/6357\/revisions"}],"predecessor-version":[{"id":6360,"href":"https:\/\/sarmacjabedzin.pl\/index.php\/wp-json\/wp\/v2\/posts\/6357\/revisions\/6360"}],"wp:featuredmedia":[{"embeddable":true,"href":"https:\/\/sarmacjabedzin.pl\/index.php\/wp-json\/wp\/v2\/media\/6358"}],"wp:attachment":[{"href":"https:\/\/sarmacjabedzin.pl\/index.php\/wp-json\/wp\/v2\/media?parent=6357"}],"wp:term":[{"taxonomy":"category","embeddable":true,"href":"https:\/\/sarmacjabedzin.pl\/index.php\/wp-json\/wp\/v2\/categories?post=6357"},{"taxonomy":"post_tag","embeddable":true,"href":"https:\/\/sarmacjabedzin.pl\/index.php\/wp-json\/wp\/v2\/tags?post=6357"}],"curies":[{"name":"wp","href":"https:\/\/api.w.org\/{rel}","templated":true}]}}