{"id":6664,"date":"2024-01-04T11:36:53","date_gmt":"2024-01-04T10:36:53","guid":{"rendered":"https:\/\/sarmacjabedzin.pl\/?p=6664"},"modified":"2024-01-05T13:32:26","modified_gmt":"2024-01-05T12:32:26","slug":"poczatek-przygotowan","status":"publish","type":"post","link":"https:\/\/sarmacjabedzin.pl\/index.php\/2024\/01\/04\/poczatek-przygotowan\/","title":{"rendered":"Pocz\u0105tek przygotowa\u0144!"},"content":{"rendered":"<p>Wkroczyli\u015bmy w Nowy Rok 2024! Wszyscy kibice i mi\u0142o\u015bnicy pi\u0142ki no\u017cnej st\u0119sknieni sportowych emocji, ju\u017c wkr\u00f3tce b\u0119d\u0105 mogli liczy\u0107 na ich szybki powr\u00f3t.<\/p>\n<p>15 stycznia 2024 roku pi\u0142karze Sarmacji B\u0119dzin wznowi\u0105 treningi, przygotowuj\u0105c si\u0119 do rundy wiosennej obecnego sezonu. Zapowiada si\u0119 intensywny okres przygotowawczy. Trener Pawe\u0142 Gasik zaplanowa\u0142 12 spotka\u0144 kontrolnych. Mecze odbywa\u0107 si\u0119 b\u0119d\u0105 z du\u017c\u0105 cz\u0119stotliwo\u015bci\u0105, w soboty i \u015brody.<\/p>\n<p><strong>Plan sparing\u00f3w:<\/strong><br \/>\n<strong>20.01.24 <\/strong>Laskowianka Laski\u00a0 (okr\u0119g\u00f3wka krakowska 12 lokata)<br \/>\n<strong>24.01.24 <\/strong>GKS Katowice (A1)<br \/>\n<strong>27.01.24 <\/strong>Jedno\u015b\u0107 Przyszowice (okr\u0119g\u00f3wka \u015bl\u0105ska I 2 lokata)<br \/>\n<strong>31.01.24 <\/strong>KS Ruch Chorz\u00f3w (A1)<br \/>\n<strong>03.02.24 <\/strong>Chemik K\u0119dzierzyn Ko\u017ale (okr\u0119g\u00f3wka opolska II 5 lokata)<br \/>\n<strong>07.02.24 <\/strong>Zag\u0142\u0119bie II Sosnowiec (IV liga \u015bl\u0105ska I 13 lokata)<br \/>\n<strong>10.02.24<\/strong> SKS \u0141agisza (A Klasa 1 lokata)<br \/>\n<strong>14.02.24 <\/strong>Ruch Radzionk\u00f3w (A1)<br \/>\n<strong>17.02.24<\/strong>\u00a0Przemsza Okradzion\u00f3w (A Klasa 7 lokata)<br \/>\n<strong>24.02.24<\/strong> Victoria Jaworzno (liga okr\u0119gowa Wadowice 3 lokata)<br \/>\n<strong>02.03.24<\/strong> KS Olkusz (V liga ma\u0142opolska 13 lokata)<br \/>\n<strong>09.03.24<\/strong> FK \u010cadca (4 liga s\u0142owacka)<\/p>\n<p>Informacje o miejscu i godzinie spotka\u0144 b\u0119dziemy podawa\u0107 na bie\u017c\u0105co.<\/p>\n","protected":false},"excerpt":{"rendered":"<p>Wkroczyli\u015bmy w Nowy Rok 2024! Wszyscy kibice i mi\u0142o\u015bnicy pi\u0142ki no\u017cnej st\u0119sknieni sportowych emocji, ju\u017c wkr\u00f3tce b\u0119d\u0105 mogli liczy\u0107 na ich szybki powr\u00f3t. 15 stycznia 2024 roku pi\u0142karze Sarmacji B\u0119dzin wznowi\u0105 treningi, przygotowuj\u0105c si\u0119 do rundy wiosennej obecnego sezonu. Zapowiada si\u0119 intensywny okres przygotowawczy. Trener Pawe\u0142 Gasik zaplanowa\u0142 12 spotka\u0144 kontrolnych. Mecze odbywa\u0107 si\u0119 b\u0119d\u0105&#8230;<\/p>\n","protected":false},"author":1,"featured_media":6037,"comment_status":"closed","ping_status":"closed","sticky":false,"template":"","format":"standard","meta":{"footnotes":""},"categories":[1],"tags":[],"class_list":["post-6664","post","type-post","status-publish","format-standard","has-post-thumbnail","hentry","category-aktualnosci"],"yoast_head":"<!-- This site is optimized with the Yoast SEO plugin v25.8 - https:\/\/yoast.com\/wordpress\/plugins\/seo\/ -->\n<title>Pocz\u0105tek przygotowa\u0144! | BKS Sarmacja B\u0119dzin<\/title>\n<meta name=\"robots\" content=\"index, follow, max-snippet:-1, max-image-preview:large, max-video-preview:-1\" \/>\n<link rel=\"canonical\" href=\"https:\/\/sarmacjabedzin.pl\/index.php\/2024\/01\/04\/poczatek-przygotowan\/\" \/>\n<meta property=\"og:locale\" content=\"pl_PL\" \/>\n<meta property=\"og:type\" content=\"article\" \/>\n<meta property=\"og:title\" content=\"Pocz\u0105tek przygotowa\u0144! | BKS Sarmacja B\u0119dzin\" \/>\n<meta property=\"og:description\" content=\"Wkroczyli\u015bmy w Nowy Rok 2024! Wszyscy kibice i mi\u0142o\u015bnicy pi\u0142ki no\u017cnej st\u0119sknieni sportowych emocji, ju\u017c wkr\u00f3tce b\u0119d\u0105 mogli liczy\u0107 na ich szybki powr\u00f3t. 15 stycznia 2024 roku pi\u0142karze Sarmacji B\u0119dzin wznowi\u0105 treningi, przygotowuj\u0105c si\u0119 do rundy wiosennej obecnego sezonu. Zapowiada si\u0119 intensywny okres przygotowawczy. Trener Pawe\u0142 Gasik zaplanowa\u0142 12 spotka\u0144 kontrolnych. Mecze odbywa\u0107 si\u0119 b\u0119d\u0105...\" \/>\n<meta property=\"og:url\" content=\"https:\/\/sarmacjabedzin.pl\/index.php\/2024\/01\/04\/poczatek-przygotowan\/\" \/>\n<meta property=\"og:site_name\" content=\"BKS Sarmacja B\u0119dzin\" \/>\n<meta property=\"article:publisher\" content=\"https:\/\/www.facebook.com\/SarmacjaBedzin\" \/>\n<meta property=\"article:published_time\" content=\"2024-01-04T10:36:53+00:00\" \/>\n<meta property=\"article:modified_time\" content=\"2024-01-05T12:32:26+00:00\" \/>\n<meta property=\"og:image\" content=\"https:\/\/sarmacjabedzin.pl\/wp-content\/uploads\/2023\/07\/przygotowania_rozpoczete.jpg\" \/>\n\t<meta property=\"og:image:width\" content=\"1920\" \/>\n\t<meta property=\"og:image:height\" content=\"1080\" \/>\n\t<meta property=\"og:image:type\" content=\"image\/jpeg\" \/>\n<meta name=\"author\" content=\"tyrtak\" \/>\n<meta name=\"twitter:card\" content=\"summary_large_image\" \/>\n<meta name=\"twitter:label1\" content=\"Napisane przez\" \/>\n\t<meta name=\"twitter:data1\" content=\"tyrtak\" \/>\n\t<meta name=\"twitter:label2\" content=\"Szacowany czas czytania\" \/>\n\t<meta name=\"twitter:data2\" content=\"1 minuta\" \/>\n<script type=\"application\/ld+json\" class=\"yoast-schema-graph\">{\"@context\":\"https:\/\/schema.org\",\"@graph\":[{\"@type\":\"WebPage\",\"@id\":\"https:\/\/sarmacjabedzin.pl\/index.php\/2024\/01\/04\/poczatek-przygotowan\/\",\"url\":\"https:\/\/sarmacjabedzin.pl\/index.php\/2024\/01\/04\/poczatek-przygotowan\/\",\"name\":\"Pocz\u0105tek przygotowa\u0144! | BKS Sarmacja B\u0119dzin\",\"isPartOf\":{\"@id\":\"https:\/\/sarmacjabedzin.pl\/#website\"},\"primaryImageOfPage\":{\"@id\":\"https:\/\/sarmacjabedzin.pl\/index.php\/2024\/01\/04\/poczatek-przygotowan\/#primaryimage\"},\"image\":{\"@id\":\"https:\/\/sarmacjabedzin.pl\/index.php\/2024\/01\/04\/poczatek-przygotowan\/#primaryimage\"},\"thumbnailUrl\":\"https:\/\/sarmacjabedzin.pl\/wp-content\/uploads\/2023\/07\/przygotowania_rozpoczete.jpg\",\"datePublished\":\"2024-01-04T10:36:53+00:00\",\"dateModified\":\"2024-01-05T12:32:26+00:00\",\"author\":{\"@id\":\"https:\/\/sarmacjabedzin.pl\/#\/schema\/person\/5417ea7b03bcd9adf58298a2265ce03a\"},\"breadcrumb\":{\"@id\":\"https:\/\/sarmacjabedzin.pl\/index.php\/2024\/01\/04\/poczatek-przygotowan\/#breadcrumb\"},\"inLanguage\":\"pl-PL\",\"potentialAction\":[{\"@type\":\"ReadAction\",\"target\":[\"https:\/\/sarmacjabedzin.pl\/index.php\/2024\/01\/04\/poczatek-przygotowan\/\"]}]},{\"@type\":\"ImageObject\",\"inLanguage\":\"pl-PL\",\"@id\":\"https:\/\/sarmacjabedzin.pl\/index.php\/2024\/01\/04\/poczatek-przygotowan\/#primaryimage\",\"url\":\"https:\/\/sarmacjabedzin.pl\/wp-content\/uploads\/2023\/07\/przygotowania_rozpoczete.jpg\",\"contentUrl\":\"https:\/\/sarmacjabedzin.pl\/wp-content\/uploads\/2023\/07\/przygotowania_rozpoczete.jpg\",\"width\":1920,\"height\":1080},{\"@type\":\"BreadcrumbList\",\"@id\":\"https:\/\/sarmacjabedzin.pl\/index.php\/2024\/01\/04\/poczatek-przygotowan\/#breadcrumb\",\"itemListElement\":[{\"@type\":\"ListItem\",\"position\":1,\"name\":\"Strona g\u0142\u00f3wna\",\"item\":\"https:\/\/sarmacjabedzin.pl\/\"},{\"@type\":\"ListItem\",\"position\":2,\"name\":\"Pocz\u0105tek przygotowa\u0144!\"}]},{\"@type\":\"WebSite\",\"@id\":\"https:\/\/sarmacjabedzin.pl\/#website\",\"url\":\"https:\/\/sarmacjabedzin.pl\/\",\"name\":\"BKS Sarmacja B\u0119dzin \u2013 Nieoficjalny serwis\",\"description\":\"Nieoficjalny serwis B\u0119dzi\u0144skiego Klubu Sportowego &quot;Sarmacja&quot;\",\"potentialAction\":[{\"@type\":\"SearchAction\",\"target\":{\"@type\":\"EntryPoint\",\"urlTemplate\":\"https:\/\/sarmacjabedzin.pl\/?s={search_term_string}\"},\"query-input\":{\"@type\":\"PropertyValueSpecification\",\"valueRequired\":true,\"valueName\":\"search_term_string\"}}],\"inLanguage\":\"pl-PL\"},{\"@type\":\"Person\",\"@id\":\"https:\/\/sarmacjabedzin.pl\/#\/schema\/person\/5417ea7b03bcd9adf58298a2265ce03a\",\"name\":\"tyrtak\",\"image\":{\"@type\":\"ImageObject\",\"inLanguage\":\"pl-PL\",\"@id\":\"https:\/\/sarmacjabedzin.pl\/#\/schema\/person\/image\/\",\"url\":\"https:\/\/secure.gravatar.com\/avatar\/49b7734c6795cf524710e96813a9fedc1ae3816e479d92490236b4cfc47a5ae1?s=96&d=mm&r=g\",\"contentUrl\":\"https:\/\/secure.gravatar.com\/avatar\/49b7734c6795cf524710e96813a9fedc1ae3816e479d92490236b4cfc47a5ae1?s=96&d=mm&r=g\",\"caption\":\"tyrtak\"}}]}<\/script>\n<!-- \/ Yoast SEO plugin. -->","yoast_head_json":{"title":"Pocz\u0105tek przygotowa\u0144! | BKS Sarmacja B\u0119dzin","robots":{"index":"index","follow":"follow","max-snippet":"max-snippet:-1","max-image-preview":"max-image-preview:large","max-video-preview":"max-video-preview:-1"},"canonical":"https:\/\/sarmacjabedzin.pl\/index.php\/2024\/01\/04\/poczatek-przygotowan\/","og_locale":"pl_PL","og_type":"article","og_title":"Pocz\u0105tek przygotowa\u0144! | BKS Sarmacja B\u0119dzin","og_description":"Wkroczyli\u015bmy w Nowy Rok 2024! Wszyscy kibice i mi\u0142o\u015bnicy pi\u0142ki no\u017cnej st\u0119sknieni sportowych emocji, ju\u017c wkr\u00f3tce b\u0119d\u0105 mogli liczy\u0107 na ich szybki powr\u00f3t. 15 stycznia 2024 roku pi\u0142karze Sarmacji B\u0119dzin wznowi\u0105 treningi, przygotowuj\u0105c si\u0119 do rundy wiosennej obecnego sezonu. Zapowiada si\u0119 intensywny okres przygotowawczy. Trener Pawe\u0142 Gasik zaplanowa\u0142 12 spotka\u0144 kontrolnych. Mecze odbywa\u0107 si\u0119 b\u0119d\u0105...","og_url":"https:\/\/sarmacjabedzin.pl\/index.php\/2024\/01\/04\/poczatek-przygotowan\/","og_site_name":"BKS Sarmacja B\u0119dzin","article_publisher":"https:\/\/www.facebook.com\/SarmacjaBedzin","article_published_time":"2024-01-04T10:36:53+00:00","article_modified_time":"2024-01-05T12:32:26+00:00","og_image":[{"width":1920,"height":1080,"url":"https:\/\/sarmacjabedzin.pl\/wp-content\/uploads\/2023\/07\/przygotowania_rozpoczete.jpg","type":"image\/jpeg"}],"author":"tyrtak","twitter_card":"summary_large_image","twitter_misc":{"Napisane przez":"tyrtak","Szacowany czas czytania":"1 minuta"},"schema":{"@context":"https:\/\/schema.org","@graph":[{"@type":"WebPage","@id":"https:\/\/sarmacjabedzin.pl\/index.php\/2024\/01\/04\/poczatek-przygotowan\/","url":"https:\/\/sarmacjabedzin.pl\/index.php\/2024\/01\/04\/poczatek-przygotowan\/","name":"Pocz\u0105tek przygotowa\u0144! | BKS Sarmacja B\u0119dzin","isPartOf":{"@id":"https:\/\/sarmacjabedzin.pl\/#website"},"primaryImageOfPage":{"@id":"https:\/\/sarmacjabedzin.pl\/index.php\/2024\/01\/04\/poczatek-przygotowan\/#primaryimage"},"image":{"@id":"https:\/\/sarmacjabedzin.pl\/index.php\/2024\/01\/04\/poczatek-przygotowan\/#primaryimage"},"thumbnailUrl":"https:\/\/sarmacjabedzin.pl\/wp-content\/uploads\/2023\/07\/przygotowania_rozpoczete.jpg","datePublished":"2024-01-04T10:36:53+00:00","dateModified":"2024-01-05T12:32:26+00:00","author":{"@id":"https:\/\/sarmacjabedzin.pl\/#\/schema\/person\/5417ea7b03bcd9adf58298a2265ce03a"},"breadcrumb":{"@id":"https:\/\/sarmacjabedzin.pl\/index.php\/2024\/01\/04\/poczatek-przygotowan\/#breadcrumb"},"inLanguage":"pl-PL","potentialAction":[{"@type":"ReadAction","target":["https:\/\/sarmacjabedzin.pl\/index.php\/2024\/01\/04\/poczatek-przygotowan\/"]}]},{"@type":"ImageObject","inLanguage":"pl-PL","@id":"https:\/\/sarmacjabedzin.pl\/index.php\/2024\/01\/04\/poczatek-przygotowan\/#primaryimage","url":"https:\/\/sarmacjabedzin.pl\/wp-content\/uploads\/2023\/07\/przygotowania_rozpoczete.jpg","contentUrl":"https:\/\/sarmacjabedzin.pl\/wp-content\/uploads\/2023\/07\/przygotowania_rozpoczete.jpg","width":1920,"height":1080},{"@type":"BreadcrumbList","@id":"https:\/\/sarmacjabedzin.pl\/index.php\/2024\/01\/04\/poczatek-przygotowan\/#breadcrumb","itemListElement":[{"@type":"ListItem","position":1,"name":"Strona g\u0142\u00f3wna","item":"https:\/\/sarmacjabedzin.pl\/"},{"@type":"ListItem","position":2,"name":"Pocz\u0105tek przygotowa\u0144!"}]},{"@type":"WebSite","@id":"https:\/\/sarmacjabedzin.pl\/#website","url":"https:\/\/sarmacjabedzin.pl\/","name":"BKS Sarmacja B\u0119dzin \u2013 Nieoficjalny serwis","description":"Nieoficjalny serwis B\u0119dzi\u0144skiego Klubu Sportowego &quot;Sarmacja&quot;","potentialAction":[{"@type":"SearchAction","target":{"@type":"EntryPoint","urlTemplate":"https:\/\/sarmacjabedzin.pl\/?s={search_term_string}"},"query-input":{"@type":"PropertyValueSpecification","valueRequired":true,"valueName":"search_term_string"}}],"inLanguage":"pl-PL"},{"@type":"Person","@id":"https:\/\/sarmacjabedzin.pl\/#\/schema\/person\/5417ea7b03bcd9adf58298a2265ce03a","name":"tyrtak","image":{"@type":"ImageObject","inLanguage":"pl-PL","@id":"https:\/\/sarmacjabedzin.pl\/#\/schema\/person\/image\/","url":"https:\/\/secure.gravatar.com\/avatar\/49b7734c6795cf524710e96813a9fedc1ae3816e479d92490236b4cfc47a5ae1?s=96&d=mm&r=g","contentUrl":"https:\/\/secure.gravatar.com\/avatar\/49b7734c6795cf524710e96813a9fedc1ae3816e479d92490236b4cfc47a5ae1?s=96&d=mm&r=g","caption":"tyrtak"}}]}},"rttpg_featured_image_url":{"full":["https:\/\/sarmacjabedzin.pl\/wp-content\/uploads\/2023\/07\/przygotowania_rozpoczete.jpg",1920,1080,false],"landscape":["https:\/\/sarmacjabedzin.pl\/wp-content\/uploads\/2023\/07\/przygotowania_rozpoczete.jpg",1920,1080,false],"portraits":["https:\/\/sarmacjabedzin.pl\/wp-content\/uploads\/2023\/07\/przygotowania_rozpoczete.jpg",1920,1080,false],"thumbnail":["https:\/\/sarmacjabedzin.pl\/wp-content\/uploads\/2023\/07\/przygotowania_rozpoczete-150x150.jpg",150,150,true],"medium":["https:\/\/sarmacjabedzin.pl\/wp-content\/uploads\/2023\/07\/przygotowania_rozpoczete-300x169.jpg",300,169,true],"large":["https:\/\/sarmacjabedzin.pl\/wp-content\/uploads\/2023\/07\/przygotowania_rozpoczete-1024x576.jpg",1024,576,true],"1536x1536":["https:\/\/sarmacjabedzin.pl\/wp-content\/uploads\/2023\/07\/przygotowania_rozpoczete-1536x864.jpg",1536,864,true],"2048x2048":["https:\/\/sarmacjabedzin.pl\/wp-content\/uploads\/2023\/07\/przygotowania_rozpoczete.jpg",1920,1080,false],"sportspress-crop-medium":["https:\/\/sarmacjabedzin.pl\/wp-content\/uploads\/2023\/07\/przygotowania_rozpoczete-300x300.jpg",300,300,true],"sportspress-fit-medium":["https:\/\/sarmacjabedzin.pl\/wp-content\/uploads\/2023\/07\/przygotowania_rozpoczete-300x169.jpg",300,169,true],"sportspress-fit-icon":["https:\/\/sarmacjabedzin.pl\/wp-content\/uploads\/2023\/07\/przygotowania_rozpoczete-128x72.jpg",128,72,true],"sportspress-fit-mini":["https:\/\/sarmacjabedzin.pl\/wp-content\/uploads\/2023\/07\/przygotowania_rozpoczete-32x18.jpg",32,18,true],"ultp_layout_landscape_large":["https:\/\/sarmacjabedzin.pl\/wp-content\/uploads\/2023\/07\/przygotowania_rozpoczete-1200x800.jpg",1200,800,true],"ultp_layout_landscape":["https:\/\/sarmacjabedzin.pl\/wp-content\/uploads\/2023\/07\/przygotowania_rozpoczete-870x570.jpg",870,570,true],"ultp_layout_portrait":["https:\/\/sarmacjabedzin.pl\/wp-content\/uploads\/2023\/07\/przygotowania_rozpoczete-600x900.jpg",600,900,true],"ultp_layout_square":["https:\/\/sarmacjabedzin.pl\/wp-content\/uploads\/2023\/07\/przygotowania_rozpoczete-600x600.jpg",600,600,true],"stm-1140-666":["https:\/\/sarmacjabedzin.pl\/wp-content\/uploads\/2023\/07\/przygotowania_rozpoczete-1140x666.jpg",1140,666,true],"stm-1170-650":["https:\/\/sarmacjabedzin.pl\/wp-content\/uploads\/2023\/07\/przygotowania_rozpoczete-1170x650.jpg",1170,650,true],"stm-570-350":["https:\/\/sarmacjabedzin.pl\/wp-content\/uploads\/2023\/07\/przygotowania_rozpoczete-570x350.jpg",570,350,true],"stm-570-250":["https:\/\/sarmacjabedzin.pl\/wp-content\/uploads\/2023\/07\/przygotowania_rozpoczete-570x250.jpg",570,250,true],"stm-270-370":["https:\/\/sarmacjabedzin.pl\/wp-content\/uploads\/2023\/07\/przygotowania_rozpoczete-270x370.jpg",270,370,true],"stm-540-500":["https:\/\/sarmacjabedzin.pl\/wp-content\/uploads\/2023\/07\/przygotowania_rozpoczete-540x500.jpg",540,500,true],"stm-270-530":["https:\/\/sarmacjabedzin.pl\/wp-content\/uploads\/2023\/07\/przygotowania_rozpoczete-270x530.jpg",270,530,true],"stm-200-200":["https:\/\/sarmacjabedzin.pl\/wp-content\/uploads\/2023\/07\/przygotowania_rozpoczete-200x200.jpg",200,200,true],"stm-85-105":["https:\/\/sarmacjabedzin.pl\/wp-content\/uploads\/2023\/07\/przygotowania_rozpoczete-85x105.jpg",85,105,true],"stm-255-255":["https:\/\/sarmacjabedzin.pl\/wp-content\/uploads\/2023\/07\/przygotowania_rozpoczete-255x255.jpg",255,255,true],"stm-360-240":["https:\/\/sarmacjabedzin.pl\/wp-content\/uploads\/2023\/07\/przygotowania_rozpoczete-360x240.jpg",360,240,true],"stm-360-495":["https:\/\/sarmacjabedzin.pl\/wp-content\/uploads\/2023\/07\/przygotowania_rozpoczete-360x495.jpg",360,495,true],"stm-445-400":["https:\/\/sarmacjabedzin.pl\/wp-content\/uploads\/2023\/07\/przygotowania_rozpoczete-445x400.jpg",445,400,true],"stm-735-240":["https:\/\/sarmacjabedzin.pl\/wp-content\/uploads\/2023\/07\/przygotowania_rozpoczete-735x240.jpg",735,240,true],"stm-255-183":["https:\/\/sarmacjabedzin.pl\/wp-content\/uploads\/2023\/07\/przygotowania_rozpoczete-255x183.jpg",255,183,true],"stm-350-250":["https:\/\/sarmacjabedzin.pl\/wp-content\/uploads\/2023\/07\/przygotowania_rozpoczete-350x250.jpg",350,250,true],"blog_list":["https:\/\/sarmacjabedzin.pl\/wp-content\/uploads\/2023\/07\/przygotowania_rozpoczete-270x220.jpg",270,220,true],"blog_list_medium":["https:\/\/sarmacjabedzin.pl\/wp-content\/uploads\/2023\/07\/przygotowania_rozpoczete-390x345.jpg",390,345,true],"gallery_thumbnail":["https:\/\/sarmacjabedzin.pl\/wp-content\/uploads\/2023\/07\/przygotowania_rozpoczete-80x80.jpg",80,80,true],"gallery_image":["https:\/\/sarmacjabedzin.pl\/wp-content\/uploads\/2023\/07\/przygotowania_rozpoczete-560x367.jpg",560,367,true],"gallery_image_mini":["https:\/\/sarmacjabedzin.pl\/wp-content\/uploads\/2023\/07\/przygotowania_rozpoczete-143x116.jpg",143,116,true],"player_photo":["https:\/\/sarmacjabedzin.pl\/wp-content\/uploads\/2023\/07\/przygotowania_rozpoczete-740x740.jpg",740,740,true],"team_logo":["https:\/\/sarmacjabedzin.pl\/wp-content\/uploads\/2023\/07\/przygotowania_rozpoczete-98x55.jpg",98,55,true],"player_stat_ava":["https:\/\/sarmacjabedzin.pl\/wp-content\/uploads\/2023\/07\/przygotowania_rozpoczete-550x580.jpg",550,580,true],"post-350-220":["https:\/\/sarmacjabedzin.pl\/wp-content\/uploads\/2023\/07\/przygotowania_rozpoczete-350x220.jpg",350,220,true],"post-275-142":["https:\/\/sarmacjabedzin.pl\/wp-content\/uploads\/2023\/07\/przygotowania_rozpoczete-275x142.jpg",275,142,true],"post-160-120":["https:\/\/sarmacjabedzin.pl\/wp-content\/uploads\/2023\/07\/przygotowania_rozpoczete-160x120.jpg",160,120,true],"post-110-70":["https:\/\/sarmacjabedzin.pl\/wp-content\/uploads\/2023\/07\/przygotowania_rozpoczete-110x70.jpg",110,70,true],"post-770-450":["https:\/\/sarmacjabedzin.pl\/wp-content\/uploads\/2023\/07\/przygotowania_rozpoczete-770x450.jpg",770,450,true],"post-370-210":["https:\/\/sarmacjabedzin.pl\/wp-content\/uploads\/2023\/07\/przygotowania_rozpoczete-370x210.jpg",370,210,true],"post-457-470":["https:\/\/sarmacjabedzin.pl\/wp-content\/uploads\/2023\/07\/przygotowania_rozpoczete-457x470.jpg",457,470,true],"post-370-420":["https:\/\/sarmacjabedzin.pl\/wp-content\/uploads\/2023\/07\/przygotowania_rozpoczete-370x420.jpg",370,420,true],"stm-445-445":["https:\/\/sarmacjabedzin.pl\/wp-content\/uploads\/2023\/07\/przygotowania_rozpoczete-445x445.jpg",445,445,true],"stm-555-460":["https:\/\/sarmacjabedzin.pl\/wp-content\/uploads\/2023\/07\/przygotowania_rozpoczete-555x460.jpg",555,460,true],"stm-350-450":["https:\/\/sarmacjabedzin.pl\/wp-content\/uploads\/2023\/07\/przygotowania_rozpoczete-350x450.jpg",350,450,true],"stm-720-440":["https:\/\/sarmacjabedzin.pl\/wp-content\/uploads\/2023\/07\/przygotowania_rozpoczete-720x440.jpg",720,440,true],"stm-270-270":["https:\/\/sarmacjabedzin.pl\/wp-content\/uploads\/2023\/07\/przygotowania_rozpoczete-270x270.jpg",270,270,true],"stm-760-450":["https:\/\/sarmacjabedzin.pl\/wp-content\/uploads\/2023\/07\/przygotowania_rozpoczete-760x450.jpg",760,450,true]},"rttpg_author":{"display_name":"tyrtak","author_link":false},"rttpg_comment":0,"rttpg_category":"<a href=\"https:\/\/sarmacjabedzin.pl\/index.php\/category\/aktualnosci\/\" rel=\"category tag\">Aktualno\u015bci<\/a>","rttpg_excerpt":"Wkroczyli\u015bmy w Nowy Rok 2024! Wszyscy kibice i mi\u0142o\u015bnicy pi\u0142ki no\u017cnej st\u0119sknieni sportowych emocji, ju\u017c wkr\u00f3tce b\u0119d\u0105 mogli liczy\u0107 na ich szybki powr\u00f3t. 15 stycznia 2024 roku pi\u0142karze Sarmacji B\u0119dzin wznowi\u0105 treningi, przygotowuj\u0105c si\u0119 do rundy wiosennej obecnego sezonu. Zapowiada si\u0119 intensywny okres przygotowawczy. Trener Pawe\u0142 Gasik zaplanowa\u0142 12 spotka\u0144 kontrolnych. Mecze odbywa\u0107 si\u0119 b\u0119d\u0105...","_links":{"self":[{"href":"https:\/\/sarmacjabedzin.pl\/index.php\/wp-json\/wp\/v2\/posts\/6664","targetHints":{"allow":["GET"]}}],"collection":[{"href":"https:\/\/sarmacjabedzin.pl\/index.php\/wp-json\/wp\/v2\/posts"}],"about":[{"href":"https:\/\/sarmacjabedzin.pl\/index.php\/wp-json\/wp\/v2\/types\/post"}],"author":[{"embeddable":true,"href":"https:\/\/sarmacjabedzin.pl\/index.php\/wp-json\/wp\/v2\/users\/1"}],"replies":[{"embeddable":true,"href":"https:\/\/sarmacjabedzin.pl\/index.php\/wp-json\/wp\/v2\/comments?post=6664"}],"version-history":[{"count":4,"href":"https:\/\/sarmacjabedzin.pl\/index.php\/wp-json\/wp\/v2\/posts\/6664\/revisions"}],"predecessor-version":[{"id":6692,"href":"https:\/\/sarmacjabedzin.pl\/index.php\/wp-json\/wp\/v2\/posts\/6664\/revisions\/6692"}],"wp:featuredmedia":[{"embeddable":true,"href":"https:\/\/sarmacjabedzin.pl\/index.php\/wp-json\/wp\/v2\/media\/6037"}],"wp:attachment":[{"href":"https:\/\/sarmacjabedzin.pl\/index.php\/wp-json\/wp\/v2\/media?parent=6664"}],"wp:term":[{"taxonomy":"category","embeddable":true,"href":"https:\/\/sarmacjabedzin.pl\/index.php\/wp-json\/wp\/v2\/categories?post=6664"},{"taxonomy":"post_tag","embeddable":true,"href":"https:\/\/sarmacjabedzin.pl\/index.php\/wp-json\/wp\/v2\/tags?post=6664"}],"curies":[{"name":"wp","href":"https:\/\/api.w.org\/{rel}","templated":true}]}}