{"id":7388,"date":"2024-07-02T14:53:56","date_gmt":"2024-07-02T12:53:56","guid":{"rendered":"https:\/\/sarmacjabedzin.pl\/?p=7388"},"modified":"2024-07-02T14:53:56","modified_gmt":"2024-07-02T12:53:56","slug":"koniec-sezonu-2","status":"publish","type":"post","link":"https:\/\/sarmacjabedzin.pl\/index.php\/2024\/07\/02\/koniec-sezonu-2\/","title":{"rendered":"Koniec sezonu!"},"content":{"rendered":"<p>Dnia 22.06.2024 odby\u0142a si\u0119 ostatnia kolejka ligowa o mistrzostwo ligi okr\u0119gowej, lecz Sarmaci zako\u0144czyli te rozgrywki wcze\u015bniej. Sw\u00f3j ostatni mecz z AKS-em Miko\u0142\u00f3w rozegrali 11 czerwca. Mimo zaleg\u0142ego meczu rywale nie wykorzystali okazji na wyprzedzenie b\u0119dzinian. Ostatecznie podopieczni trenera Paw\u0142a Gasika z dorobkiem 34 punkt\u00f3w zako\u0144czyli sezon na 9 miejscu.<\/p>\n<p>Awans do nowopowsta\u0142ej V ligi (zwanej II lig\u0105 \u015bl\u0105sk\u0105) wywalczy\u0142y dru\u017cyny: AKS-u Miko\u0142\u00f3w, Ruchu II Chorz\u00f3w oraz \u015al\u0105ska \u015awi\u0119toch\u0142owice.<\/p>\n<p>Spadek do A klasy odnotowa\u0142 zesp\u00f3\u0142 \u0141azowianki \u0141azy.<\/p>\n<p>W sezonie 2024\/2025 odb\u0119d\u0105 si\u0119 nowe, zreformowane rozgrywki. Dawna IV liga b\u0119dzie sk\u0142ada\u0107 si\u0119 z jednej grupy, w kt\u00f3rej wyst\u0105pi 20 dru\u017cyn i nosi\u0107 b\u0119dzie nazw\u0119 marketingow\u0105 I liga \u015bl\u0105ska.<br \/>\nNowa V liga (II liga \u015bl\u0105ska) sk\u0142ada\u0107 si\u0119 b\u0119dzie z dw\u00f3ch 16 zespo\u0142owych grup: I p\u00f3\u0142nocna i II po\u0142udniowa.<br \/>\nLiga okr\u0119gowa (III liga \u015bl\u0105ska) sk\u0142ada\u0107 si\u0119 b\u0119dzie z pi\u0119ciu 16 zespo\u0142owych i jednej 14 zespo\u0142owej grupy (I Bytom-Zabrze, II Cz\u0119stochowa-Lubliniec, III Racib\u00f3rz-Rybnik, IV Katowice-Sosnowiec, V Bielsko-Bia\u0142a-Tychy oraz VI Skocz\u00f3w-\u017bywiec). Pozosta\u0142e ligi to A Klasa oraz B Klasa.<br \/>\nSarmacja wraz z pozosta\u0142ymi 11 zespo\u0142ami b\u0119dzie gra\u0142a w lidze okr\u0119gowej (Katowice-Sosnowiec) zwanej III lig\u0105 \u015bl\u0105sk\u0105. Do\u0142\u0105cz\u0105 do nich 4 dru\u017cyny, kt\u00f3re wywalczy\u0142y awans w A klasie.<br \/>\nGrupa sosnowiecka: Niwy Brudzowice, SKS \u0141agisza<br \/>\nGrupa katowicka: Jastrz\u0105b Bielszowice (Ruda \u015al.), Slavia Ruda \u015al\u0105ska.<\/p>\n<p>Niestety sezon ten kosztowa\u0142 nas spadek o jedn\u0105 klas\u0119 rozgrywkow\u0105 na szczeblu krajowym. Dla Sarmat\u00f3w oraz pozosta\u0142ych dru\u017cyn ligi okr\u0119gowej b\u0119dzie to si\u00f3dmy poziom. Teraz czeka nas kr\u00f3tka przerwa, a ju\u017c 15 lipca Sarmacja pod wodz\u0105 nowego trenera wznowi treningi do nowego sezonu 2024\/2025.<\/p>\n","protected":false},"excerpt":{"rendered":"<p>Dnia 22.06.2024 odby\u0142a si\u0119 ostatnia kolejka ligowa o mistrzostwo ligi okr\u0119gowej, lecz Sarmaci zako\u0144czyli te rozgrywki wcze\u015bniej. Sw\u00f3j ostatni mecz z AKS-em Miko\u0142\u00f3w rozegrali 11 czerwca. Mimo zaleg\u0142ego meczu rywale nie wykorzystali okazji na wyprzedzenie b\u0119dzinian. Ostatecznie podopieczni trenera Paw\u0142a Gasika z dorobkiem 34 punkt\u00f3w zako\u0144czyli sezon na 9 miejscu. Awans do nowopowsta\u0142ej V ligi&#8230;<\/p>\n","protected":false},"author":1,"featured_media":6028,"comment_status":"closed","ping_status":"closed","sticky":false,"template":"","format":"standard","meta":{"footnotes":""},"categories":[64],"tags":[],"class_list":["post-7388","post","type-post","status-publish","format-standard","has-post-thumbnail","hentry","category-soccer"],"yoast_head":"<!-- This site is optimized with the Yoast SEO plugin v25.8 - https:\/\/yoast.com\/wordpress\/plugins\/seo\/ -->\n<title>Koniec sezonu! | BKS Sarmacja B\u0119dzin<\/title>\n<meta name=\"robots\" content=\"index, follow, max-snippet:-1, max-image-preview:large, max-video-preview:-1\" \/>\n<link rel=\"canonical\" href=\"https:\/\/sarmacjabedzin.pl\/index.php\/2024\/07\/02\/koniec-sezonu-2\/\" \/>\n<meta property=\"og:locale\" content=\"pl_PL\" \/>\n<meta property=\"og:type\" content=\"article\" \/>\n<meta property=\"og:title\" content=\"Koniec sezonu! | BKS Sarmacja B\u0119dzin\" \/>\n<meta property=\"og:description\" content=\"Dnia 22.06.2024 odby\u0142a si\u0119 ostatnia kolejka ligowa o mistrzostwo ligi okr\u0119gowej, lecz Sarmaci zako\u0144czyli te rozgrywki wcze\u015bniej. Sw\u00f3j ostatni mecz z AKS-em Miko\u0142\u00f3w rozegrali 11 czerwca. Mimo zaleg\u0142ego meczu rywale nie wykorzystali okazji na wyprzedzenie b\u0119dzinian. Ostatecznie podopieczni trenera Paw\u0142a Gasika z dorobkiem 34 punkt\u00f3w zako\u0144czyli sezon na 9 miejscu. Awans do nowopowsta\u0142ej V ligi...\" \/>\n<meta property=\"og:url\" content=\"https:\/\/sarmacjabedzin.pl\/index.php\/2024\/07\/02\/koniec-sezonu-2\/\" \/>\n<meta property=\"og:site_name\" content=\"BKS Sarmacja B\u0119dzin\" \/>\n<meta property=\"article:publisher\" content=\"https:\/\/www.facebook.com\/SarmacjaBedzin\" \/>\n<meta property=\"article:published_time\" content=\"2024-07-02T12:53:56+00:00\" \/>\n<meta property=\"og:image\" content=\"https:\/\/sarmacjabedzin.pl\/wp-content\/uploads\/2023\/07\/podsumowanie_sezonu.jpg\" \/>\n\t<meta property=\"og:image:width\" content=\"1920\" \/>\n\t<meta property=\"og:image:height\" content=\"1080\" \/>\n\t<meta property=\"og:image:type\" content=\"image\/jpeg\" \/>\n<meta name=\"author\" content=\"tyrtak\" \/>\n<meta name=\"twitter:card\" content=\"summary_large_image\" \/>\n<meta name=\"twitter:label1\" content=\"Napisane przez\" \/>\n\t<meta name=\"twitter:data1\" content=\"tyrtak\" \/>\n\t<meta name=\"twitter:label2\" content=\"Szacowany czas czytania\" \/>\n\t<meta name=\"twitter:data2\" content=\"2 minuty\" \/>\n<script type=\"application\/ld+json\" class=\"yoast-schema-graph\">{\"@context\":\"https:\/\/schema.org\",\"@graph\":[{\"@type\":\"WebPage\",\"@id\":\"https:\/\/sarmacjabedzin.pl\/index.php\/2024\/07\/02\/koniec-sezonu-2\/\",\"url\":\"https:\/\/sarmacjabedzin.pl\/index.php\/2024\/07\/02\/koniec-sezonu-2\/\",\"name\":\"Koniec sezonu! | BKS Sarmacja B\u0119dzin\",\"isPartOf\":{\"@id\":\"https:\/\/sarmacjabedzin.pl\/#website\"},\"primaryImageOfPage\":{\"@id\":\"https:\/\/sarmacjabedzin.pl\/index.php\/2024\/07\/02\/koniec-sezonu-2\/#primaryimage\"},\"image\":{\"@id\":\"https:\/\/sarmacjabedzin.pl\/index.php\/2024\/07\/02\/koniec-sezonu-2\/#primaryimage\"},\"thumbnailUrl\":\"https:\/\/sarmacjabedzin.pl\/wp-content\/uploads\/2023\/07\/podsumowanie_sezonu.jpg\",\"datePublished\":\"2024-07-02T12:53:56+00:00\",\"author\":{\"@id\":\"https:\/\/sarmacjabedzin.pl\/#\/schema\/person\/5417ea7b03bcd9adf58298a2265ce03a\"},\"breadcrumb\":{\"@id\":\"https:\/\/sarmacjabedzin.pl\/index.php\/2024\/07\/02\/koniec-sezonu-2\/#breadcrumb\"},\"inLanguage\":\"pl-PL\",\"potentialAction\":[{\"@type\":\"ReadAction\",\"target\":[\"https:\/\/sarmacjabedzin.pl\/index.php\/2024\/07\/02\/koniec-sezonu-2\/\"]}]},{\"@type\":\"ImageObject\",\"inLanguage\":\"pl-PL\",\"@id\":\"https:\/\/sarmacjabedzin.pl\/index.php\/2024\/07\/02\/koniec-sezonu-2\/#primaryimage\",\"url\":\"https:\/\/sarmacjabedzin.pl\/wp-content\/uploads\/2023\/07\/podsumowanie_sezonu.jpg\",\"contentUrl\":\"https:\/\/sarmacjabedzin.pl\/wp-content\/uploads\/2023\/07\/podsumowanie_sezonu.jpg\",\"width\":1920,\"height\":1080},{\"@type\":\"BreadcrumbList\",\"@id\":\"https:\/\/sarmacjabedzin.pl\/index.php\/2024\/07\/02\/koniec-sezonu-2\/#breadcrumb\",\"itemListElement\":[{\"@type\":\"ListItem\",\"position\":1,\"name\":\"Strona g\u0142\u00f3wna\",\"item\":\"https:\/\/sarmacjabedzin.pl\/\"},{\"@type\":\"ListItem\",\"position\":2,\"name\":\"Koniec sezonu!\"}]},{\"@type\":\"WebSite\",\"@id\":\"https:\/\/sarmacjabedzin.pl\/#website\",\"url\":\"https:\/\/sarmacjabedzin.pl\/\",\"name\":\"BKS Sarmacja B\u0119dzin \u2013 Nieoficjalny serwis\",\"description\":\"Nieoficjalny serwis B\u0119dzi\u0144skiego Klubu Sportowego &quot;Sarmacja&quot;\",\"potentialAction\":[{\"@type\":\"SearchAction\",\"target\":{\"@type\":\"EntryPoint\",\"urlTemplate\":\"https:\/\/sarmacjabedzin.pl\/?s={search_term_string}\"},\"query-input\":{\"@type\":\"PropertyValueSpecification\",\"valueRequired\":true,\"valueName\":\"search_term_string\"}}],\"inLanguage\":\"pl-PL\"},{\"@type\":\"Person\",\"@id\":\"https:\/\/sarmacjabedzin.pl\/#\/schema\/person\/5417ea7b03bcd9adf58298a2265ce03a\",\"name\":\"tyrtak\",\"image\":{\"@type\":\"ImageObject\",\"inLanguage\":\"pl-PL\",\"@id\":\"https:\/\/sarmacjabedzin.pl\/#\/schema\/person\/image\/\",\"url\":\"https:\/\/secure.gravatar.com\/avatar\/49b7734c6795cf524710e96813a9fedc1ae3816e479d92490236b4cfc47a5ae1?s=96&d=mm&r=g\",\"contentUrl\":\"https:\/\/secure.gravatar.com\/avatar\/49b7734c6795cf524710e96813a9fedc1ae3816e479d92490236b4cfc47a5ae1?s=96&d=mm&r=g\",\"caption\":\"tyrtak\"}}]}<\/script>\n<!-- \/ Yoast SEO plugin. -->","yoast_head_json":{"title":"Koniec sezonu! | BKS Sarmacja B\u0119dzin","robots":{"index":"index","follow":"follow","max-snippet":"max-snippet:-1","max-image-preview":"max-image-preview:large","max-video-preview":"max-video-preview:-1"},"canonical":"https:\/\/sarmacjabedzin.pl\/index.php\/2024\/07\/02\/koniec-sezonu-2\/","og_locale":"pl_PL","og_type":"article","og_title":"Koniec sezonu! | BKS Sarmacja B\u0119dzin","og_description":"Dnia 22.06.2024 odby\u0142a si\u0119 ostatnia kolejka ligowa o mistrzostwo ligi okr\u0119gowej, lecz Sarmaci zako\u0144czyli te rozgrywki wcze\u015bniej. Sw\u00f3j ostatni mecz z AKS-em Miko\u0142\u00f3w rozegrali 11 czerwca. Mimo zaleg\u0142ego meczu rywale nie wykorzystali okazji na wyprzedzenie b\u0119dzinian. Ostatecznie podopieczni trenera Paw\u0142a Gasika z dorobkiem 34 punkt\u00f3w zako\u0144czyli sezon na 9 miejscu. Awans do nowopowsta\u0142ej V ligi...","og_url":"https:\/\/sarmacjabedzin.pl\/index.php\/2024\/07\/02\/koniec-sezonu-2\/","og_site_name":"BKS Sarmacja B\u0119dzin","article_publisher":"https:\/\/www.facebook.com\/SarmacjaBedzin","article_published_time":"2024-07-02T12:53:56+00:00","og_image":[{"width":1920,"height":1080,"url":"https:\/\/sarmacjabedzin.pl\/wp-content\/uploads\/2023\/07\/podsumowanie_sezonu.jpg","type":"image\/jpeg"}],"author":"tyrtak","twitter_card":"summary_large_image","twitter_misc":{"Napisane przez":"tyrtak","Szacowany czas czytania":"2 minuty"},"schema":{"@context":"https:\/\/schema.org","@graph":[{"@type":"WebPage","@id":"https:\/\/sarmacjabedzin.pl\/index.php\/2024\/07\/02\/koniec-sezonu-2\/","url":"https:\/\/sarmacjabedzin.pl\/index.php\/2024\/07\/02\/koniec-sezonu-2\/","name":"Koniec sezonu! | BKS Sarmacja B\u0119dzin","isPartOf":{"@id":"https:\/\/sarmacjabedzin.pl\/#website"},"primaryImageOfPage":{"@id":"https:\/\/sarmacjabedzin.pl\/index.php\/2024\/07\/02\/koniec-sezonu-2\/#primaryimage"},"image":{"@id":"https:\/\/sarmacjabedzin.pl\/index.php\/2024\/07\/02\/koniec-sezonu-2\/#primaryimage"},"thumbnailUrl":"https:\/\/sarmacjabedzin.pl\/wp-content\/uploads\/2023\/07\/podsumowanie_sezonu.jpg","datePublished":"2024-07-02T12:53:56+00:00","author":{"@id":"https:\/\/sarmacjabedzin.pl\/#\/schema\/person\/5417ea7b03bcd9adf58298a2265ce03a"},"breadcrumb":{"@id":"https:\/\/sarmacjabedzin.pl\/index.php\/2024\/07\/02\/koniec-sezonu-2\/#breadcrumb"},"inLanguage":"pl-PL","potentialAction":[{"@type":"ReadAction","target":["https:\/\/sarmacjabedzin.pl\/index.php\/2024\/07\/02\/koniec-sezonu-2\/"]}]},{"@type":"ImageObject","inLanguage":"pl-PL","@id":"https:\/\/sarmacjabedzin.pl\/index.php\/2024\/07\/02\/koniec-sezonu-2\/#primaryimage","url":"https:\/\/sarmacjabedzin.pl\/wp-content\/uploads\/2023\/07\/podsumowanie_sezonu.jpg","contentUrl":"https:\/\/sarmacjabedzin.pl\/wp-content\/uploads\/2023\/07\/podsumowanie_sezonu.jpg","width":1920,"height":1080},{"@type":"BreadcrumbList","@id":"https:\/\/sarmacjabedzin.pl\/index.php\/2024\/07\/02\/koniec-sezonu-2\/#breadcrumb","itemListElement":[{"@type":"ListItem","position":1,"name":"Strona g\u0142\u00f3wna","item":"https:\/\/sarmacjabedzin.pl\/"},{"@type":"ListItem","position":2,"name":"Koniec sezonu!"}]},{"@type":"WebSite","@id":"https:\/\/sarmacjabedzin.pl\/#website","url":"https:\/\/sarmacjabedzin.pl\/","name":"BKS Sarmacja B\u0119dzin \u2013 Nieoficjalny serwis","description":"Nieoficjalny serwis B\u0119dzi\u0144skiego Klubu Sportowego &quot;Sarmacja&quot;","potentialAction":[{"@type":"SearchAction","target":{"@type":"EntryPoint","urlTemplate":"https:\/\/sarmacjabedzin.pl\/?s={search_term_string}"},"query-input":{"@type":"PropertyValueSpecification","valueRequired":true,"valueName":"search_term_string"}}],"inLanguage":"pl-PL"},{"@type":"Person","@id":"https:\/\/sarmacjabedzin.pl\/#\/schema\/person\/5417ea7b03bcd9adf58298a2265ce03a","name":"tyrtak","image":{"@type":"ImageObject","inLanguage":"pl-PL","@id":"https:\/\/sarmacjabedzin.pl\/#\/schema\/person\/image\/","url":"https:\/\/secure.gravatar.com\/avatar\/49b7734c6795cf524710e96813a9fedc1ae3816e479d92490236b4cfc47a5ae1?s=96&d=mm&r=g","contentUrl":"https:\/\/secure.gravatar.com\/avatar\/49b7734c6795cf524710e96813a9fedc1ae3816e479d92490236b4cfc47a5ae1?s=96&d=mm&r=g","caption":"tyrtak"}}]}},"rttpg_featured_image_url":{"full":["https:\/\/sarmacjabedzin.pl\/wp-content\/uploads\/2023\/07\/podsumowanie_sezonu.jpg",1920,1080,false],"landscape":["https:\/\/sarmacjabedzin.pl\/wp-content\/uploads\/2023\/07\/podsumowanie_sezonu.jpg",1920,1080,false],"portraits":["https:\/\/sarmacjabedzin.pl\/wp-content\/uploads\/2023\/07\/podsumowanie_sezonu.jpg",1920,1080,false],"thumbnail":["https:\/\/sarmacjabedzin.pl\/wp-content\/uploads\/2023\/07\/podsumowanie_sezonu-150x150.jpg",150,150,true],"medium":["https:\/\/sarmacjabedzin.pl\/wp-content\/uploads\/2023\/07\/podsumowanie_sezonu-300x169.jpg",300,169,true],"large":["https:\/\/sarmacjabedzin.pl\/wp-content\/uploads\/2023\/07\/podsumowanie_sezonu-1024x576.jpg",1024,576,true],"1536x1536":["https:\/\/sarmacjabedzin.pl\/wp-content\/uploads\/2023\/07\/podsumowanie_sezonu-1536x864.jpg",1536,864,true],"2048x2048":["https:\/\/sarmacjabedzin.pl\/wp-content\/uploads\/2023\/07\/podsumowanie_sezonu.jpg",1920,1080,false],"sportspress-crop-medium":["https:\/\/sarmacjabedzin.pl\/wp-content\/uploads\/2023\/07\/podsumowanie_sezonu-300x300.jpg",300,300,true],"sportspress-fit-medium":["https:\/\/sarmacjabedzin.pl\/wp-content\/uploads\/2023\/07\/podsumowanie_sezonu-300x169.jpg",300,169,true],"sportspress-fit-icon":["https:\/\/sarmacjabedzin.pl\/wp-content\/uploads\/2023\/07\/podsumowanie_sezonu-128x72.jpg",128,72,true],"sportspress-fit-mini":["https:\/\/sarmacjabedzin.pl\/wp-content\/uploads\/2023\/07\/podsumowanie_sezonu-32x18.jpg",32,18,true],"ultp_layout_landscape_large":["https:\/\/sarmacjabedzin.pl\/wp-content\/uploads\/2023\/07\/podsumowanie_sezonu-1200x800.jpg",1200,800,true],"ultp_layout_landscape":["https:\/\/sarmacjabedzin.pl\/wp-content\/uploads\/2023\/07\/podsumowanie_sezonu-870x570.jpg",870,570,true],"ultp_layout_portrait":["https:\/\/sarmacjabedzin.pl\/wp-content\/uploads\/2023\/07\/podsumowanie_sezonu-600x900.jpg",600,900,true],"ultp_layout_square":["https:\/\/sarmacjabedzin.pl\/wp-content\/uploads\/2023\/07\/podsumowanie_sezonu-600x600.jpg",600,600,true],"stm-1140-666":["https:\/\/sarmacjabedzin.pl\/wp-content\/uploads\/2023\/07\/podsumowanie_sezonu-1140x666.jpg",1140,666,true],"stm-1170-650":["https:\/\/sarmacjabedzin.pl\/wp-content\/uploads\/2023\/07\/podsumowanie_sezonu-1170x650.jpg",1170,650,true],"stm-570-350":["https:\/\/sarmacjabedzin.pl\/wp-content\/uploads\/2023\/07\/podsumowanie_sezonu-570x350.jpg",570,350,true],"stm-570-250":["https:\/\/sarmacjabedzin.pl\/wp-content\/uploads\/2023\/07\/podsumowanie_sezonu-570x250.jpg",570,250,true],"stm-270-370":["https:\/\/sarmacjabedzin.pl\/wp-content\/uploads\/2023\/07\/podsumowanie_sezonu-270x370.jpg",270,370,true],"stm-540-500":["https:\/\/sarmacjabedzin.pl\/wp-content\/uploads\/2023\/07\/podsumowanie_sezonu-540x500.jpg",540,500,true],"stm-270-530":["https:\/\/sarmacjabedzin.pl\/wp-content\/uploads\/2023\/07\/podsumowanie_sezonu-270x530.jpg",270,530,true],"stm-200-200":["https:\/\/sarmacjabedzin.pl\/wp-content\/uploads\/2023\/07\/podsumowanie_sezonu-200x200.jpg",200,200,true],"stm-85-105":["https:\/\/sarmacjabedzin.pl\/wp-content\/uploads\/2023\/07\/podsumowanie_sezonu-85x105.jpg",85,105,true],"stm-255-255":["https:\/\/sarmacjabedzin.pl\/wp-content\/uploads\/2023\/07\/podsumowanie_sezonu-255x255.jpg",255,255,true],"stm-360-240":["https:\/\/sarmacjabedzin.pl\/wp-content\/uploads\/2023\/07\/podsumowanie_sezonu-360x240.jpg",360,240,true],"stm-360-495":["https:\/\/sarmacjabedzin.pl\/wp-content\/uploads\/2023\/07\/podsumowanie_sezonu-360x495.jpg",360,495,true],"stm-445-400":["https:\/\/sarmacjabedzin.pl\/wp-content\/uploads\/2023\/07\/podsumowanie_sezonu-445x400.jpg",445,400,true],"stm-735-240":["https:\/\/sarmacjabedzin.pl\/wp-content\/uploads\/2023\/07\/podsumowanie_sezonu-735x240.jpg",735,240,true],"stm-255-183":["https:\/\/sarmacjabedzin.pl\/wp-content\/uploads\/2023\/07\/podsumowanie_sezonu-255x183.jpg",255,183,true],"stm-350-250":["https:\/\/sarmacjabedzin.pl\/wp-content\/uploads\/2023\/07\/podsumowanie_sezonu-350x250.jpg",350,250,true],"blog_list":["https:\/\/sarmacjabedzin.pl\/wp-content\/uploads\/2023\/07\/podsumowanie_sezonu-270x220.jpg",270,220,true],"blog_list_medium":["https:\/\/sarmacjabedzin.pl\/wp-content\/uploads\/2023\/07\/podsumowanie_sezonu-390x345.jpg",390,345,true],"gallery_thumbnail":["https:\/\/sarmacjabedzin.pl\/wp-content\/uploads\/2023\/07\/podsumowanie_sezonu-80x80.jpg",80,80,true],"gallery_image":["https:\/\/sarmacjabedzin.pl\/wp-content\/uploads\/2023\/07\/podsumowanie_sezonu-560x367.jpg",560,367,true],"gallery_image_mini":["https:\/\/sarmacjabedzin.pl\/wp-content\/uploads\/2023\/07\/podsumowanie_sezonu-143x116.jpg",143,116,true],"player_photo":["https:\/\/sarmacjabedzin.pl\/wp-content\/uploads\/2023\/07\/podsumowanie_sezonu-740x740.jpg",740,740,true],"team_logo":["https:\/\/sarmacjabedzin.pl\/wp-content\/uploads\/2023\/07\/podsumowanie_sezonu-98x55.jpg",98,55,true],"player_stat_ava":["https:\/\/sarmacjabedzin.pl\/wp-content\/uploads\/2023\/07\/podsumowanie_sezonu-550x580.jpg",550,580,true],"post-350-220":["https:\/\/sarmacjabedzin.pl\/wp-content\/uploads\/2023\/07\/podsumowanie_sezonu-350x220.jpg",350,220,true],"post-275-142":["https:\/\/sarmacjabedzin.pl\/wp-content\/uploads\/2023\/07\/podsumowanie_sezonu-275x142.jpg",275,142,true],"post-160-120":["https:\/\/sarmacjabedzin.pl\/wp-content\/uploads\/2023\/07\/podsumowanie_sezonu-160x120.jpg",160,120,true],"post-110-70":["https:\/\/sarmacjabedzin.pl\/wp-content\/uploads\/2023\/07\/podsumowanie_sezonu-110x70.jpg",110,70,true],"post-770-450":["https:\/\/sarmacjabedzin.pl\/wp-content\/uploads\/2023\/07\/podsumowanie_sezonu-770x450.jpg",770,450,true],"post-370-210":["https:\/\/sarmacjabedzin.pl\/wp-content\/uploads\/2023\/07\/podsumowanie_sezonu-370x210.jpg",370,210,true],"post-457-470":["https:\/\/sarmacjabedzin.pl\/wp-content\/uploads\/2023\/07\/podsumowanie_sezonu-457x470.jpg",457,470,true],"post-370-420":["https:\/\/sarmacjabedzin.pl\/wp-content\/uploads\/2023\/07\/podsumowanie_sezonu-370x420.jpg",370,420,true],"stm-445-445":["https:\/\/sarmacjabedzin.pl\/wp-content\/uploads\/2023\/07\/podsumowanie_sezonu-445x445.jpg",445,445,true],"stm-555-460":["https:\/\/sarmacjabedzin.pl\/wp-content\/uploads\/2023\/07\/podsumowanie_sezonu-555x460.jpg",555,460,true],"stm-350-450":["https:\/\/sarmacjabedzin.pl\/wp-content\/uploads\/2023\/07\/podsumowanie_sezonu-350x450.jpg",350,450,true],"stm-720-440":["https:\/\/sarmacjabedzin.pl\/wp-content\/uploads\/2023\/07\/podsumowanie_sezonu-720x440.jpg",720,440,true],"stm-270-270":["https:\/\/sarmacjabedzin.pl\/wp-content\/uploads\/2023\/07\/podsumowanie_sezonu-270x270.jpg",270,270,true],"stm-760-450":["https:\/\/sarmacjabedzin.pl\/wp-content\/uploads\/2023\/07\/podsumowanie_sezonu-760x450.jpg",760,450,true]},"rttpg_author":{"display_name":"tyrtak","author_link":false},"rttpg_comment":0,"rttpg_category":"<a href=\"https:\/\/sarmacjabedzin.pl\/index.php\/category\/soccer\/\" rel=\"category tag\">Liga<\/a>","rttpg_excerpt":"Dnia 22.06.2024 odby\u0142a si\u0119 ostatnia kolejka ligowa o mistrzostwo ligi okr\u0119gowej, lecz Sarmaci zako\u0144czyli te rozgrywki wcze\u015bniej. Sw\u00f3j ostatni mecz z AKS-em Miko\u0142\u00f3w rozegrali 11 czerwca. Mimo zaleg\u0142ego meczu rywale nie wykorzystali okazji na wyprzedzenie b\u0119dzinian. Ostatecznie podopieczni trenera Paw\u0142a Gasika z dorobkiem 34 punkt\u00f3w zako\u0144czyli sezon na 9 miejscu. Awans do nowopowsta\u0142ej V ligi...","_links":{"self":[{"href":"https:\/\/sarmacjabedzin.pl\/index.php\/wp-json\/wp\/v2\/posts\/7388","targetHints":{"allow":["GET"]}}],"collection":[{"href":"https:\/\/sarmacjabedzin.pl\/index.php\/wp-json\/wp\/v2\/posts"}],"about":[{"href":"https:\/\/sarmacjabedzin.pl\/index.php\/wp-json\/wp\/v2\/types\/post"}],"author":[{"embeddable":true,"href":"https:\/\/sarmacjabedzin.pl\/index.php\/wp-json\/wp\/v2\/users\/1"}],"replies":[{"embeddable":true,"href":"https:\/\/sarmacjabedzin.pl\/index.php\/wp-json\/wp\/v2\/comments?post=7388"}],"version-history":[{"count":1,"href":"https:\/\/sarmacjabedzin.pl\/index.php\/wp-json\/wp\/v2\/posts\/7388\/revisions"}],"predecessor-version":[{"id":7389,"href":"https:\/\/sarmacjabedzin.pl\/index.php\/wp-json\/wp\/v2\/posts\/7388\/revisions\/7389"}],"wp:featuredmedia":[{"embeddable":true,"href":"https:\/\/sarmacjabedzin.pl\/index.php\/wp-json\/wp\/v2\/media\/6028"}],"wp:attachment":[{"href":"https:\/\/sarmacjabedzin.pl\/index.php\/wp-json\/wp\/v2\/media?parent=7388"}],"wp:term":[{"taxonomy":"category","embeddable":true,"href":"https:\/\/sarmacjabedzin.pl\/index.php\/wp-json\/wp\/v2\/categories?post=7388"},{"taxonomy":"post_tag","embeddable":true,"href":"https:\/\/sarmacjabedzin.pl\/index.php\/wp-json\/wp\/v2\/tags?post=7388"}],"curies":[{"name":"wp","href":"https:\/\/api.w.org\/{rel}","templated":true}]}}