{"id":8147,"date":"2024-10-19T19:23:53","date_gmt":"2024-10-19T17:23:53","guid":{"rendered":"https:\/\/sarmacjabedzin.pl\/?p=8147"},"modified":"2024-10-19T19:23:53","modified_gmt":"2024-10-19T17:23:53","slug":"sedziowska-porazka-w-bedzinie","status":"publish","type":"post","link":"https:\/\/sarmacjabedzin.pl\/index.php\/2024\/10\/19\/sedziowska-porazka-w-bedzinie\/","title":{"rendered":"S\u0119dziowska pora\u017cka w B\u0119dzinie!"},"content":{"rendered":"<p class=\"p1\">Dnia 19.10.2024 roku o godz. 15.00 pi\u0142karze Sarmacji B\u0119dzin w XI kolejce ligowej zmierzyli si\u0119 na w\u0142asnym stadionie z dru\u017cyn\u0105 Slavia Ruda \u015al\u0105ska. Go\u015bcie zajmuj\u0105cy 3 lokat\u0119 w tabeli zgromadzili na swoim koncie 23 punkty, natomiast b\u0119dzinianie plasuj\u0105cy si\u0119 tu\u017c za nimi posiadali trzy oczka mniej. Sarmaci dotychczas rozegrali jeden mecz mniej od rywala. W ostatniej kolejce Slavia przed w\u0142asn\u0105 publiczno\u015bci\u0105 pokona\u0142a zesp\u00f3\u0142 Jastrz\u0119bia Bielszowice 2:0, a Sarmacja na wyje\u017adzie pokona\u0142a Cyklon Rogo\u017anik 4:2. Ostatni mecz ligowy pomi\u0119dzy obu dru\u017cynami rozegrany 6.05.2022 roku w Rudzie \u015al\u0105skiej zako\u0144czy\u0142 si\u0119 remisem 2:2. Gola dla Sarmacji zdoby\u0142 Marek Kocot oraz Adrian Bienek.<\/p>\n<p class=\"p1\">Pierwszy strza\u0142 na bramk\u0119 oddali go\u015bcie. Wtedy to w 4 minucie pi\u0142ka przelecia\u0142a obok naszej bramki. Trzy minuty p\u00f3\u017aniej Sarmaci odpowiedzieli, tym samym po uderzeniu Piotra Samborskiego. W 13 minucie kolejny strza\u0142 Marka Kocota min\u0105\u0142 \u015bwiat\u0142o bramki rywala. Dwie minuty potem nast\u0105pi\u0142a pierwsza kontrowersja s\u0119dziowska. Arbiter g\u0142\u00f3wny dopatrzy\u0142 si\u0119 obr\u0105czki na palcu naszego zawodnika \u0141ukasza \u017bmudy i nakaza\u0142 mu jej \u015bci\u0105gni\u0119cie. Ten czekaj\u0105c na chwil\u0119 przerwy w grze, nagle ujrza\u0142 \u017c\u00f3\u0142t\u0105 kartk\u0119 od s\u0119dziego g\u0142\u00f3wnego, kt\u00f3ry zbyt szybko zareagowa\u0142 na jego opiesza\u0142o\u015b\u0107. Dziwne, aby w trakcie akcji zawodnik schodzi\u0142 z murawy lub rzuca\u0142 obr\u0105czk\u0105 za boisko! W 18 minucie uderzenie z bliskiej odleg\u0142o\u015bci zdo\u0142a\u0142 wy\u0142apa\u0107 Rafa\u0142 Dawid. Chwil\u0119 potem po drugiej stronie boiska Karol G\u00f3ral pos\u0142a\u0142 futbol\u00f3wk\u0119 nad poprzeczk\u0105 go\u015bci. W 25 minucie Sarmaci byli bardzo bliscy obj\u0119cia prowadzenia. Niestety \u0141ukasz Ignalski, po rzucie wolnym bitym przez Karola G\u00f3rala, trafi\u0142 z bliska pi\u0142k\u0105 wprost w golkipera Slavii.<\/p>\n<p class=\"p1\">Mimo przewagi b\u0119dzinian go\u015bcie zdo\u0142ali niespodziewanie wyj\u015b\u0107 na prowadzenie. W 36 minucie przepi\u0119knym uderzeniem z rzutu wolnego popisa\u0142 si\u0119 zawodnik go\u015bci Wagner. Futbol\u00f3wka, odbijaj\u0105c si\u0119 od poprzeczki, niefortunnie trafi\u0142a w plecy naszego golkipera, a nast\u0119pnie wyl\u0105dowa\u0142a w jego siatce. Go\u015bcie d\u0142ugo nie cieszyli si\u0119 z prowadzenia. Ju\u017c w 38 minucie, po rzucie ro\u017cnym \u0141ukasz \u017bmuda, w polu karnym rywala popisa\u0142 si\u0119 instynktem strzeleckim, umieszczaj\u0105c pi\u0142k\u0119 w bramce go\u015bci. Chwil\u0119 potem mog\u0142o by\u0107 ju\u017c 2:1 dla Sarmacji. Tym razem Karol G\u00f3ral pos\u0142a\u0142 pi\u0142k\u0119 wprost na g\u0142ow\u0119 Piotra Samborskiego. Niestety futbol\u00f3wka po jego uderzeniu przelecia\u0142a obok bramki.<\/p>\n<p class=\"p1\">W 42 minucie nast\u0105pi\u0142a kolejna kontrowersja, kt\u00f3ra mia\u0142a ostateczny wp\u0142yw na dalsze losy tego spotkania. Wpadaj\u0105cy w pole karne rywala \u0141ukasz \u017bmuda w kontakcie z rywalem pad\u0142 na muraw\u0119. S\u0119dzia g\u0142\u00f3wny Janusz Mytych bez chwili zastanowienia pokaza\u0142 mu drug\u0105 \u017c\u00f3\u0142t\u0105 kartk\u0119, a w konsekwencji czerwon\u0105. Jego zdaniem ukara\u0142 go za symulowanie faulu. Od tego momentu Sarmaci zmuszeni byli gra\u0107 w os\u0142abieniu. Ciekawe by\u0142o t\u0142umaczenie arbitra, kt\u00f3ry stwierdzi\u0142, \u017ce nie ka\u017cdy kontakt oznacza rzut karny. Oczywi\u015bcie my si\u0119 z tym zgadzamy, tylko jest jedno ale&#8230; Skoro by\u0142 kontakt, to za co ukara\u0142 naszego zawodnika? Przypominamy, \u017ce nie ka\u017cdy upadek w polu karnym jest symulowaniem! Mimo os\u0142abienia Sarmacja w drugiej po\u0142owie pr\u00f3bowa\u0142a przewa\u017cy\u0107 szal\u0119 zwyci\u0119stwa na w\u0142asn\u0105 stron\u0119. Niestety w 54 minucie nasza dru\u017cyna nie ustrzeg\u0142a si\u0119 b\u0142\u0119du, trac\u0105c drugiego gola. Od tego momentu rywale my\u015bleli ju\u017c tylko o dowiezieniu korzystnego dla siebie rezultatu. Nasi pi\u0142karze dwoili si\u0119 i troili, by doprowadzi\u0107 do wyr\u00f3wnania. Go\u015bcie liczyli na szybkie kontry.<\/p>\n<p class=\"p1\">W 60 minucie znakomit\u0105 akcj\u0119 w polu karnym Slavii zainicjowa\u0142 \u0141ukasz Ignalski. Znajduj\u0105cy si\u0119 za polem karnym rywala Jakub Kulesza przej\u0105\u0142 pi\u0142k\u0119, oddaj\u0105c silny strza\u0142 obok bramki przyjezdnych. W 63 minucie kapitaln\u0105 interwencj\u0105 popisa\u0142 si\u0119 Rafa\u0142a Dawid, kt\u00f3ry nogami wybroni\u0142 sytuacj\u0119 sam na sam z zawodnikiem rudzian. W 80 minucie Marek Kocot minimalnie chybi\u0142, posy\u0142aj\u0105c pi\u0142k\u0119 obok bramki. W 85 minucie Mihlali Ugochukwu z ostrego k\u0105ta trafi\u0142 pi\u0142k\u0105 wprost golkipera go\u015bci. Do ostatnich sekund Sarmaci pr\u00f3bowali znale\u017a\u0107 wyr\u00f3wnanie. Niestety bezskutecznie. Ostatecznie Sarmacja uleg\u0142a Slavii Ruda \u015al\u0105ska 1:2 (1:1).<\/p>\n<p class=\"p1\">Spore niezadowolenie widowni oraz dru\u017cyny b\u0119dzinian by\u0142o widoczne po ko\u0144cowym gwizdku s\u0119dziego. Szkoda, \u017ce dobre widowisko czo\u0142owych dru\u017cyn w lidze zosta\u0142o zepsute przez postanowienia arbitra. Mamy jednak nadziej\u0119, \u017ce jego pochopne decyzje by\u0142y spowodowane jedynie bardzo s\u0142ab\u0105 dyspozycj\u0105. Je\u015bli tak, to arbitrowi nale\u017cy si\u0119 zas\u0142u\u017cona przerwa na wypoczynek. Nie chcemy wi\u0119cej, by ogromny wysi\u0142ek walcz\u0105cych na boisku pi\u0142karzy zosta\u0142 tak \u0142atwo zmarnowany. Nasi zawodnicy zaprezentowali si\u0119 dzi\u015b bardzo dobrze, pokazuj\u0105c, \u017ce byli dru\u017cyn\u0105 lepsz\u0105 od rywala. Niestety taki jest sport. Liczy si\u0119 ko\u0144cowy rezultat, a ten by\u0142 korzystniejszy dla go\u015bci. Brawa dla zespo\u0142u, kt\u00f3ry nie za\u0142ama\u0142 si\u0119 i walczy\u0142 ambitnie do ostatnich sekund.<\/p>\n<p class=\"p1\">Dzi\u015b sw\u00f3j debiut ligowy w barwach Sarmacji zaliczy\u0142 udanym wyst\u0119pem drugi Argenty\u0144czyk \u2013 Franco Machado.<\/p>\n<p class=\"p1\">Ju\u017c za tydzie\u0144 Sarmat\u00f3w czeka kolejne trudne spotkanie wyjazdowe z CKS Czelad\u017a. Wcze\u015bniej, bo we wtorek o godz. 15.00 podopieczni trenera Micha\u0142a Pluty rozegraj\u0105 na w\u0142asnym stadionie p\u00f3\u0142fina\u0142owy mecz pucharowy z Uni\u0105 D\u0105browa G\u00f3rnicza.<\/p>\n<p><strong>Sarmacja B\u0119dzin \u2013 Slavia Ruda \u015al\u0105ska 1:2 (1:1)<\/strong><\/p>\n<p class=\"p1\"><strong>S\u0119dzia:<\/strong> Janusz Mytych (Zabrze)<\/p>\n<p class=\"p1\"><strong>Bramki:<\/strong><br \/>\n38&#8242; \u017bmuda<br \/>\n___________<br \/>\n36&#8242; (w) Wagner<br \/>\n54&#8242; Skut<\/p>\n<p class=\"p1\"><strong>\u017b\u00f3\u0142te kartki:<\/strong><br \/>\n15&#8242; \u017bmuda<br \/>\n42&#8242; \u017bmuda<\/p>\n<p><strong>Czerwona kartka:<br \/>\n<\/strong>42&#8242; \u017bmuda<\/p>\n<p><strong>Sarmacja B\u0119dzin:<\/strong> Dawid \u2013 Dul (65&#8242; Jasi\u0144ski), Machado (84&#8242; Z\u0105bek), Wnuk, Habrat, Ignalski, Samborski (46&#8242; Ugochukwu), \u017bmuda, Kulesza (77&#8242; Widurski), G\u00f3ral, Kocot<\/p>\n","protected":false},"excerpt":{"rendered":"<p>Dnia 19.10.2024 roku o godz. 15.00 pi\u0142karze Sarmacji B\u0119dzin w XI kolejce ligowej zmierzyli si\u0119 na w\u0142asnym stadionie z dru\u017cyn\u0105 Slavia Ruda \u015al\u0105ska. Go\u015bcie zajmuj\u0105cy 3 lokat\u0119 w tabeli zgromadzili na swoim koncie 23 punkty, natomiast b\u0119dzinianie plasuj\u0105cy si\u0119 tu\u017c za nimi posiadali trzy oczka mniej. Sarmaci dotychczas rozegrali jeden mecz mniej od rywala. W&#8230;<\/p>\n","protected":false},"author":1,"featured_media":8135,"comment_status":"closed","ping_status":"closed","sticky":false,"template":"","format":"standard","meta":{"footnotes":""},"categories":[64],"tags":[],"class_list":["post-8147","post","type-post","status-publish","format-standard","has-post-thumbnail","hentry","category-soccer"],"yoast_head":"<!-- This site is optimized with the Yoast SEO plugin v25.8 - https:\/\/yoast.com\/wordpress\/plugins\/seo\/ -->\n<title>S\u0119dziowska pora\u017cka w B\u0119dzinie! | BKS Sarmacja B\u0119dzin<\/title>\n<meta name=\"robots\" content=\"index, follow, max-snippet:-1, max-image-preview:large, max-video-preview:-1\" \/>\n<link rel=\"canonical\" href=\"https:\/\/sarmacjabedzin.pl\/index.php\/2024\/10\/19\/sedziowska-porazka-w-bedzinie\/\" \/>\n<meta property=\"og:locale\" content=\"pl_PL\" \/>\n<meta property=\"og:type\" content=\"article\" \/>\n<meta property=\"og:title\" content=\"S\u0119dziowska pora\u017cka w B\u0119dzinie! | BKS Sarmacja B\u0119dzin\" \/>\n<meta property=\"og:description\" content=\"Dnia 19.10.2024 roku o godz. 15.00 pi\u0142karze Sarmacji B\u0119dzin w XI kolejce ligowej zmierzyli si\u0119 na w\u0142asnym stadionie z dru\u017cyn\u0105 Slavia Ruda \u015al\u0105ska. Go\u015bcie zajmuj\u0105cy 3 lokat\u0119 w tabeli zgromadzili na swoim koncie 23 punkty, natomiast b\u0119dzinianie plasuj\u0105cy si\u0119 tu\u017c za nimi posiadali trzy oczka mniej. Sarmaci dotychczas rozegrali jeden mecz mniej od rywala. W...\" \/>\n<meta property=\"og:url\" content=\"https:\/\/sarmacjabedzin.pl\/index.php\/2024\/10\/19\/sedziowska-porazka-w-bedzinie\/\" \/>\n<meta property=\"og:site_name\" content=\"BKS Sarmacja B\u0119dzin\" \/>\n<meta property=\"article:publisher\" content=\"https:\/\/www.facebook.com\/SarmacjaBedzin\" \/>\n<meta property=\"article:published_time\" content=\"2024-10-19T17:23:53+00:00\" \/>\n<meta property=\"og:image\" content=\"https:\/\/sarmacjabedzin.pl\/wp-content\/uploads\/2024\/10\/Slavia_po_meczu.jpg\" \/>\n\t<meta property=\"og:image:width\" content=\"1920\" \/>\n\t<meta property=\"og:image:height\" content=\"1080\" \/>\n\t<meta property=\"og:image:type\" content=\"image\/jpeg\" \/>\n<meta name=\"author\" content=\"tyrtak\" \/>\n<meta name=\"twitter:card\" content=\"summary_large_image\" \/>\n<meta name=\"twitter:label1\" content=\"Napisane przez\" \/>\n\t<meta name=\"twitter:data1\" content=\"tyrtak\" \/>\n\t<meta name=\"twitter:label2\" content=\"Szacowany czas czytania\" \/>\n\t<meta name=\"twitter:data2\" content=\"5 minut\" \/>\n<script type=\"application\/ld+json\" class=\"yoast-schema-graph\">{\"@context\":\"https:\/\/schema.org\",\"@graph\":[{\"@type\":\"WebPage\",\"@id\":\"https:\/\/sarmacjabedzin.pl\/index.php\/2024\/10\/19\/sedziowska-porazka-w-bedzinie\/\",\"url\":\"https:\/\/sarmacjabedzin.pl\/index.php\/2024\/10\/19\/sedziowska-porazka-w-bedzinie\/\",\"name\":\"S\u0119dziowska pora\u017cka w B\u0119dzinie! | BKS Sarmacja B\u0119dzin\",\"isPartOf\":{\"@id\":\"https:\/\/sarmacjabedzin.pl\/#website\"},\"primaryImageOfPage\":{\"@id\":\"https:\/\/sarmacjabedzin.pl\/index.php\/2024\/10\/19\/sedziowska-porazka-w-bedzinie\/#primaryimage\"},\"image\":{\"@id\":\"https:\/\/sarmacjabedzin.pl\/index.php\/2024\/10\/19\/sedziowska-porazka-w-bedzinie\/#primaryimage\"},\"thumbnailUrl\":\"https:\/\/sarmacjabedzin.pl\/wp-content\/uploads\/2024\/10\/Slavia_po_meczu.jpg\",\"datePublished\":\"2024-10-19T17:23:53+00:00\",\"author\":{\"@id\":\"https:\/\/sarmacjabedzin.pl\/#\/schema\/person\/5417ea7b03bcd9adf58298a2265ce03a\"},\"breadcrumb\":{\"@id\":\"https:\/\/sarmacjabedzin.pl\/index.php\/2024\/10\/19\/sedziowska-porazka-w-bedzinie\/#breadcrumb\"},\"inLanguage\":\"pl-PL\",\"potentialAction\":[{\"@type\":\"ReadAction\",\"target\":[\"https:\/\/sarmacjabedzin.pl\/index.php\/2024\/10\/19\/sedziowska-porazka-w-bedzinie\/\"]}]},{\"@type\":\"ImageObject\",\"inLanguage\":\"pl-PL\",\"@id\":\"https:\/\/sarmacjabedzin.pl\/index.php\/2024\/10\/19\/sedziowska-porazka-w-bedzinie\/#primaryimage\",\"url\":\"https:\/\/sarmacjabedzin.pl\/wp-content\/uploads\/2024\/10\/Slavia_po_meczu.jpg\",\"contentUrl\":\"https:\/\/sarmacjabedzin.pl\/wp-content\/uploads\/2024\/10\/Slavia_po_meczu.jpg\",\"width\":1920,\"height\":1080},{\"@type\":\"BreadcrumbList\",\"@id\":\"https:\/\/sarmacjabedzin.pl\/index.php\/2024\/10\/19\/sedziowska-porazka-w-bedzinie\/#breadcrumb\",\"itemListElement\":[{\"@type\":\"ListItem\",\"position\":1,\"name\":\"Strona g\u0142\u00f3wna\",\"item\":\"https:\/\/sarmacjabedzin.pl\/\"},{\"@type\":\"ListItem\",\"position\":2,\"name\":\"S\u0119dziowska pora\u017cka w&nbsp;B\u0119dzinie!\"}]},{\"@type\":\"WebSite\",\"@id\":\"https:\/\/sarmacjabedzin.pl\/#website\",\"url\":\"https:\/\/sarmacjabedzin.pl\/\",\"name\":\"BKS Sarmacja B\u0119dzin \u2013 Nieoficjalny serwis\",\"description\":\"Nieoficjalny serwis B\u0119dzi\u0144skiego Klubu Sportowego &quot;Sarmacja&quot;\",\"potentialAction\":[{\"@type\":\"SearchAction\",\"target\":{\"@type\":\"EntryPoint\",\"urlTemplate\":\"https:\/\/sarmacjabedzin.pl\/?s={search_term_string}\"},\"query-input\":{\"@type\":\"PropertyValueSpecification\",\"valueRequired\":true,\"valueName\":\"search_term_string\"}}],\"inLanguage\":\"pl-PL\"},{\"@type\":\"Person\",\"@id\":\"https:\/\/sarmacjabedzin.pl\/#\/schema\/person\/5417ea7b03bcd9adf58298a2265ce03a\",\"name\":\"tyrtak\",\"image\":{\"@type\":\"ImageObject\",\"inLanguage\":\"pl-PL\",\"@id\":\"https:\/\/sarmacjabedzin.pl\/#\/schema\/person\/image\/\",\"url\":\"https:\/\/secure.gravatar.com\/avatar\/49b7734c6795cf524710e96813a9fedc1ae3816e479d92490236b4cfc47a5ae1?s=96&d=mm&r=g\",\"contentUrl\":\"https:\/\/secure.gravatar.com\/avatar\/49b7734c6795cf524710e96813a9fedc1ae3816e479d92490236b4cfc47a5ae1?s=96&d=mm&r=g\",\"caption\":\"tyrtak\"}}]}<\/script>\n<!-- \/ Yoast SEO plugin. -->","yoast_head_json":{"title":"S\u0119dziowska pora\u017cka w B\u0119dzinie! | BKS Sarmacja B\u0119dzin","robots":{"index":"index","follow":"follow","max-snippet":"max-snippet:-1","max-image-preview":"max-image-preview:large","max-video-preview":"max-video-preview:-1"},"canonical":"https:\/\/sarmacjabedzin.pl\/index.php\/2024\/10\/19\/sedziowska-porazka-w-bedzinie\/","og_locale":"pl_PL","og_type":"article","og_title":"S\u0119dziowska pora\u017cka w B\u0119dzinie! | BKS Sarmacja B\u0119dzin","og_description":"Dnia 19.10.2024 roku o godz. 15.00 pi\u0142karze Sarmacji B\u0119dzin w XI kolejce ligowej zmierzyli si\u0119 na w\u0142asnym stadionie z dru\u017cyn\u0105 Slavia Ruda \u015al\u0105ska. Go\u015bcie zajmuj\u0105cy 3 lokat\u0119 w tabeli zgromadzili na swoim koncie 23 punkty, natomiast b\u0119dzinianie plasuj\u0105cy si\u0119 tu\u017c za nimi posiadali trzy oczka mniej. Sarmaci dotychczas rozegrali jeden mecz mniej od rywala. W...","og_url":"https:\/\/sarmacjabedzin.pl\/index.php\/2024\/10\/19\/sedziowska-porazka-w-bedzinie\/","og_site_name":"BKS Sarmacja B\u0119dzin","article_publisher":"https:\/\/www.facebook.com\/SarmacjaBedzin","article_published_time":"2024-10-19T17:23:53+00:00","og_image":[{"width":1920,"height":1080,"url":"https:\/\/sarmacjabedzin.pl\/wp-content\/uploads\/2024\/10\/Slavia_po_meczu.jpg","type":"image\/jpeg"}],"author":"tyrtak","twitter_card":"summary_large_image","twitter_misc":{"Napisane przez":"tyrtak","Szacowany czas czytania":"5 minut"},"schema":{"@context":"https:\/\/schema.org","@graph":[{"@type":"WebPage","@id":"https:\/\/sarmacjabedzin.pl\/index.php\/2024\/10\/19\/sedziowska-porazka-w-bedzinie\/","url":"https:\/\/sarmacjabedzin.pl\/index.php\/2024\/10\/19\/sedziowska-porazka-w-bedzinie\/","name":"S\u0119dziowska pora\u017cka w B\u0119dzinie! | BKS Sarmacja B\u0119dzin","isPartOf":{"@id":"https:\/\/sarmacjabedzin.pl\/#website"},"primaryImageOfPage":{"@id":"https:\/\/sarmacjabedzin.pl\/index.php\/2024\/10\/19\/sedziowska-porazka-w-bedzinie\/#primaryimage"},"image":{"@id":"https:\/\/sarmacjabedzin.pl\/index.php\/2024\/10\/19\/sedziowska-porazka-w-bedzinie\/#primaryimage"},"thumbnailUrl":"https:\/\/sarmacjabedzin.pl\/wp-content\/uploads\/2024\/10\/Slavia_po_meczu.jpg","datePublished":"2024-10-19T17:23:53+00:00","author":{"@id":"https:\/\/sarmacjabedzin.pl\/#\/schema\/person\/5417ea7b03bcd9adf58298a2265ce03a"},"breadcrumb":{"@id":"https:\/\/sarmacjabedzin.pl\/index.php\/2024\/10\/19\/sedziowska-porazka-w-bedzinie\/#breadcrumb"},"inLanguage":"pl-PL","potentialAction":[{"@type":"ReadAction","target":["https:\/\/sarmacjabedzin.pl\/index.php\/2024\/10\/19\/sedziowska-porazka-w-bedzinie\/"]}]},{"@type":"ImageObject","inLanguage":"pl-PL","@id":"https:\/\/sarmacjabedzin.pl\/index.php\/2024\/10\/19\/sedziowska-porazka-w-bedzinie\/#primaryimage","url":"https:\/\/sarmacjabedzin.pl\/wp-content\/uploads\/2024\/10\/Slavia_po_meczu.jpg","contentUrl":"https:\/\/sarmacjabedzin.pl\/wp-content\/uploads\/2024\/10\/Slavia_po_meczu.jpg","width":1920,"height":1080},{"@type":"BreadcrumbList","@id":"https:\/\/sarmacjabedzin.pl\/index.php\/2024\/10\/19\/sedziowska-porazka-w-bedzinie\/#breadcrumb","itemListElement":[{"@type":"ListItem","position":1,"name":"Strona g\u0142\u00f3wna","item":"https:\/\/sarmacjabedzin.pl\/"},{"@type":"ListItem","position":2,"name":"S\u0119dziowska pora\u017cka w&nbsp;B\u0119dzinie!"}]},{"@type":"WebSite","@id":"https:\/\/sarmacjabedzin.pl\/#website","url":"https:\/\/sarmacjabedzin.pl\/","name":"BKS Sarmacja B\u0119dzin \u2013 Nieoficjalny serwis","description":"Nieoficjalny serwis B\u0119dzi\u0144skiego Klubu Sportowego &quot;Sarmacja&quot;","potentialAction":[{"@type":"SearchAction","target":{"@type":"EntryPoint","urlTemplate":"https:\/\/sarmacjabedzin.pl\/?s={search_term_string}"},"query-input":{"@type":"PropertyValueSpecification","valueRequired":true,"valueName":"search_term_string"}}],"inLanguage":"pl-PL"},{"@type":"Person","@id":"https:\/\/sarmacjabedzin.pl\/#\/schema\/person\/5417ea7b03bcd9adf58298a2265ce03a","name":"tyrtak","image":{"@type":"ImageObject","inLanguage":"pl-PL","@id":"https:\/\/sarmacjabedzin.pl\/#\/schema\/person\/image\/","url":"https:\/\/secure.gravatar.com\/avatar\/49b7734c6795cf524710e96813a9fedc1ae3816e479d92490236b4cfc47a5ae1?s=96&d=mm&r=g","contentUrl":"https:\/\/secure.gravatar.com\/avatar\/49b7734c6795cf524710e96813a9fedc1ae3816e479d92490236b4cfc47a5ae1?s=96&d=mm&r=g","caption":"tyrtak"}}]}},"rttpg_featured_image_url":{"full":["https:\/\/sarmacjabedzin.pl\/wp-content\/uploads\/2024\/10\/Slavia_po_meczu.jpg",1920,1080,false],"landscape":["https:\/\/sarmacjabedzin.pl\/wp-content\/uploads\/2024\/10\/Slavia_po_meczu.jpg",1920,1080,false],"portraits":["https:\/\/sarmacjabedzin.pl\/wp-content\/uploads\/2024\/10\/Slavia_po_meczu.jpg",1920,1080,false],"thumbnail":["https:\/\/sarmacjabedzin.pl\/wp-content\/uploads\/2024\/10\/Slavia_po_meczu-150x150.jpg",150,150,true],"medium":["https:\/\/sarmacjabedzin.pl\/wp-content\/uploads\/2024\/10\/Slavia_po_meczu-300x169.jpg",300,169,true],"large":["https:\/\/sarmacjabedzin.pl\/wp-content\/uploads\/2024\/10\/Slavia_po_meczu-1024x576.jpg",1024,576,true],"1536x1536":["https:\/\/sarmacjabedzin.pl\/wp-content\/uploads\/2024\/10\/Slavia_po_meczu-1536x864.jpg",1536,864,true],"2048x2048":["https:\/\/sarmacjabedzin.pl\/wp-content\/uploads\/2024\/10\/Slavia_po_meczu.jpg",1920,1080,false],"sportspress-crop-medium":["https:\/\/sarmacjabedzin.pl\/wp-content\/uploads\/2024\/10\/Slavia_po_meczu-300x300.jpg",300,300,true],"sportspress-fit-medium":["https:\/\/sarmacjabedzin.pl\/wp-content\/uploads\/2024\/10\/Slavia_po_meczu-300x169.jpg",300,169,true],"sportspress-fit-icon":["https:\/\/sarmacjabedzin.pl\/wp-content\/uploads\/2024\/10\/Slavia_po_meczu-128x72.jpg",128,72,true],"sportspress-fit-mini":["https:\/\/sarmacjabedzin.pl\/wp-content\/uploads\/2024\/10\/Slavia_po_meczu-32x18.jpg",32,18,true],"ultp_layout_landscape_large":["https:\/\/sarmacjabedzin.pl\/wp-content\/uploads\/2024\/10\/Slavia_po_meczu-1200x800.jpg",1200,800,true],"ultp_layout_landscape":["https:\/\/sarmacjabedzin.pl\/wp-content\/uploads\/2024\/10\/Slavia_po_meczu-870x570.jpg",870,570,true],"ultp_layout_portrait":["https:\/\/sarmacjabedzin.pl\/wp-content\/uploads\/2024\/10\/Slavia_po_meczu-600x900.jpg",600,900,true],"ultp_layout_square":["https:\/\/sarmacjabedzin.pl\/wp-content\/uploads\/2024\/10\/Slavia_po_meczu-600x600.jpg",600,600,true],"stm-1140-666":["https:\/\/sarmacjabedzin.pl\/wp-content\/uploads\/2024\/10\/Slavia_po_meczu-1140x666.jpg",1140,666,true],"stm-1170-650":["https:\/\/sarmacjabedzin.pl\/wp-content\/uploads\/2024\/10\/Slavia_po_meczu-1170x650.jpg",1170,650,true],"stm-570-350":["https:\/\/sarmacjabedzin.pl\/wp-content\/uploads\/2024\/10\/Slavia_po_meczu-570x350.jpg",570,350,true],"stm-570-250":["https:\/\/sarmacjabedzin.pl\/wp-content\/uploads\/2024\/10\/Slavia_po_meczu-570x250.jpg",570,250,true],"stm-270-370":["https:\/\/sarmacjabedzin.pl\/wp-content\/uploads\/2024\/10\/Slavia_po_meczu-270x370.jpg",270,370,true],"stm-540-500":["https:\/\/sarmacjabedzin.pl\/wp-content\/uploads\/2024\/10\/Slavia_po_meczu-540x500.jpg",540,500,true],"stm-270-530":["https:\/\/sarmacjabedzin.pl\/wp-content\/uploads\/2024\/10\/Slavia_po_meczu-270x530.jpg",270,530,true],"stm-200-200":["https:\/\/sarmacjabedzin.pl\/wp-content\/uploads\/2024\/10\/Slavia_po_meczu-200x200.jpg",200,200,true],"stm-85-105":["https:\/\/sarmacjabedzin.pl\/wp-content\/uploads\/2024\/10\/Slavia_po_meczu-85x105.jpg",85,105,true],"stm-255-255":["https:\/\/sarmacjabedzin.pl\/wp-content\/uploads\/2024\/10\/Slavia_po_meczu-255x255.jpg",255,255,true],"stm-360-240":["https:\/\/sarmacjabedzin.pl\/wp-content\/uploads\/2024\/10\/Slavia_po_meczu-360x240.jpg",360,240,true],"stm-360-495":["https:\/\/sarmacjabedzin.pl\/wp-content\/uploads\/2024\/10\/Slavia_po_meczu-360x495.jpg",360,495,true],"stm-445-400":["https:\/\/sarmacjabedzin.pl\/wp-content\/uploads\/2024\/10\/Slavia_po_meczu-445x400.jpg",445,400,true],"stm-735-240":["https:\/\/sarmacjabedzin.pl\/wp-content\/uploads\/2024\/10\/Slavia_po_meczu-735x240.jpg",735,240,true],"stm-255-183":["https:\/\/sarmacjabedzin.pl\/wp-content\/uploads\/2024\/10\/Slavia_po_meczu-255x183.jpg",255,183,true],"stm-350-250":["https:\/\/sarmacjabedzin.pl\/wp-content\/uploads\/2024\/10\/Slavia_po_meczu-350x250.jpg",350,250,true],"blog_list":["https:\/\/sarmacjabedzin.pl\/wp-content\/uploads\/2024\/10\/Slavia_po_meczu-270x220.jpg",270,220,true],"blog_list_medium":["https:\/\/sarmacjabedzin.pl\/wp-content\/uploads\/2024\/10\/Slavia_po_meczu-390x345.jpg",390,345,true],"gallery_thumbnail":["https:\/\/sarmacjabedzin.pl\/wp-content\/uploads\/2024\/10\/Slavia_po_meczu-80x80.jpg",80,80,true],"gallery_image":["https:\/\/sarmacjabedzin.pl\/wp-content\/uploads\/2024\/10\/Slavia_po_meczu-560x367.jpg",560,367,true],"gallery_image_mini":["https:\/\/sarmacjabedzin.pl\/wp-content\/uploads\/2024\/10\/Slavia_po_meczu-143x116.jpg",143,116,true],"player_photo":["https:\/\/sarmacjabedzin.pl\/wp-content\/uploads\/2024\/10\/Slavia_po_meczu-740x740.jpg",740,740,true],"team_logo":["https:\/\/sarmacjabedzin.pl\/wp-content\/uploads\/2024\/10\/Slavia_po_meczu-98x55.jpg",98,55,true],"player_stat_ava":["https:\/\/sarmacjabedzin.pl\/wp-content\/uploads\/2024\/10\/Slavia_po_meczu-550x580.jpg",550,580,true],"post-350-220":["https:\/\/sarmacjabedzin.pl\/wp-content\/uploads\/2024\/10\/Slavia_po_meczu-350x220.jpg",350,220,true],"post-275-142":["https:\/\/sarmacjabedzin.pl\/wp-content\/uploads\/2024\/10\/Slavia_po_meczu-275x142.jpg",275,142,true],"post-160-120":["https:\/\/sarmacjabedzin.pl\/wp-content\/uploads\/2024\/10\/Slavia_po_meczu-160x120.jpg",160,120,true],"post-110-70":["https:\/\/sarmacjabedzin.pl\/wp-content\/uploads\/2024\/10\/Slavia_po_meczu-110x70.jpg",110,70,true],"post-770-450":["https:\/\/sarmacjabedzin.pl\/wp-content\/uploads\/2024\/10\/Slavia_po_meczu-770x450.jpg",770,450,true],"post-370-210":["https:\/\/sarmacjabedzin.pl\/wp-content\/uploads\/2024\/10\/Slavia_po_meczu-370x210.jpg",370,210,true],"post-457-470":["https:\/\/sarmacjabedzin.pl\/wp-content\/uploads\/2024\/10\/Slavia_po_meczu-457x470.jpg",457,470,true],"post-370-420":["https:\/\/sarmacjabedzin.pl\/wp-content\/uploads\/2024\/10\/Slavia_po_meczu-370x420.jpg",370,420,true],"stm-445-445":["https:\/\/sarmacjabedzin.pl\/wp-content\/uploads\/2024\/10\/Slavia_po_meczu-445x445.jpg",445,445,true],"stm-555-460":["https:\/\/sarmacjabedzin.pl\/wp-content\/uploads\/2024\/10\/Slavia_po_meczu-555x460.jpg",555,460,true],"stm-350-450":["https:\/\/sarmacjabedzin.pl\/wp-content\/uploads\/2024\/10\/Slavia_po_meczu-350x450.jpg",350,450,true],"stm-720-440":["https:\/\/sarmacjabedzin.pl\/wp-content\/uploads\/2024\/10\/Slavia_po_meczu-720x440.jpg",720,440,true],"stm-270-270":["https:\/\/sarmacjabedzin.pl\/wp-content\/uploads\/2024\/10\/Slavia_po_meczu-270x270.jpg",270,270,true],"stm-760-450":["https:\/\/sarmacjabedzin.pl\/wp-content\/uploads\/2024\/10\/Slavia_po_meczu-760x450.jpg",760,450,true]},"rttpg_author":{"display_name":"tyrtak","author_link":false},"rttpg_comment":0,"rttpg_category":"<a href=\"https:\/\/sarmacjabedzin.pl\/index.php\/category\/soccer\/\" rel=\"category tag\">Liga<\/a>","rttpg_excerpt":"Dnia 19.10.2024 roku o godz. 15.00 pi\u0142karze Sarmacji B\u0119dzin w XI kolejce ligowej zmierzyli si\u0119 na w\u0142asnym stadionie z dru\u017cyn\u0105 Slavia Ruda \u015al\u0105ska. Go\u015bcie zajmuj\u0105cy 3 lokat\u0119 w tabeli zgromadzili na swoim koncie 23 punkty, natomiast b\u0119dzinianie plasuj\u0105cy si\u0119 tu\u017c za nimi posiadali trzy oczka mniej. Sarmaci dotychczas rozegrali jeden mecz mniej od rywala. W...","_links":{"self":[{"href":"https:\/\/sarmacjabedzin.pl\/index.php\/wp-json\/wp\/v2\/posts\/8147","targetHints":{"allow":["GET"]}}],"collection":[{"href":"https:\/\/sarmacjabedzin.pl\/index.php\/wp-json\/wp\/v2\/posts"}],"about":[{"href":"https:\/\/sarmacjabedzin.pl\/index.php\/wp-json\/wp\/v2\/types\/post"}],"author":[{"embeddable":true,"href":"https:\/\/sarmacjabedzin.pl\/index.php\/wp-json\/wp\/v2\/users\/1"}],"replies":[{"embeddable":true,"href":"https:\/\/sarmacjabedzin.pl\/index.php\/wp-json\/wp\/v2\/comments?post=8147"}],"version-history":[{"count":1,"href":"https:\/\/sarmacjabedzin.pl\/index.php\/wp-json\/wp\/v2\/posts\/8147\/revisions"}],"predecessor-version":[{"id":8148,"href":"https:\/\/sarmacjabedzin.pl\/index.php\/wp-json\/wp\/v2\/posts\/8147\/revisions\/8148"}],"wp:featuredmedia":[{"embeddable":true,"href":"https:\/\/sarmacjabedzin.pl\/index.php\/wp-json\/wp\/v2\/media\/8135"}],"wp:attachment":[{"href":"https:\/\/sarmacjabedzin.pl\/index.php\/wp-json\/wp\/v2\/media?parent=8147"}],"wp:term":[{"taxonomy":"category","embeddable":true,"href":"https:\/\/sarmacjabedzin.pl\/index.php\/wp-json\/wp\/v2\/categories?post=8147"},{"taxonomy":"post_tag","embeddable":true,"href":"https:\/\/sarmacjabedzin.pl\/index.php\/wp-json\/wp\/v2\/tags?post=8147"}],"curies":[{"name":"wp","href":"https:\/\/api.w.org\/{rel}","templated":true}]}}