{"id":8196,"date":"2024-11-02T17:54:43","date_gmt":"2024-11-02T16:54:43","guid":{"rendered":"https:\/\/sarmacjabedzin.pl\/?p=8196"},"modified":"2024-11-02T17:57:07","modified_gmt":"2024-11-02T16:57:07","slug":"8196","status":"publish","type":"post","link":"https:\/\/sarmacjabedzin.pl\/index.php\/2024\/11\/02\/8196\/","title":{"rendered":"Podzia\u0142 punkt\u00f3w!"},"content":{"rendered":"<p class=\"p1\">Dnia 2.11.2024 roku o godz. 14.00 pi\u0142karze Sarmacji B\u0119dzin w XIII kolejce ligowej zmierzyli si\u0119 na w\u0142asnym obiekcie z dru\u017cyn\u0105 Warty Zawiercie. Go\u015bcie zajmuj\u0105cy 6 miejsce w tabeli zgromadzili<span class=\"Apple-converted-space\">\u00a0 <\/span>na swoim koncie 19 punkt\u00f3w, natomiast b\u0119dzinianie znajduj\u0105cy si\u0119 tu\u017c przed nimi mieli o jedno oczko wi\u0119cej. W ostatniej kolejce Warta przed w\u0142asn\u0105 publiczno\u015bci\u0105 pokona\u0142a Jastrz\u0105b Bielszowice 3:1, a Sarmacja na wyje\u017adzie uleg\u0142a CKS Czelad\u017a 0:2. Ostatni mecz ligowy pomi\u0119dzy obu dru\u017cynami rozegrany 8.06.2023 roku w Zawierciu zako\u0144czy\u0142 si\u0119 pora\u017ck\u0105 b\u0119dzinian 0:2.<\/p>\n<p class=\"p1\">Przed pierwszym gwizdkiem s\u0119dziego dosz\u0142o do kr\u00f3tkiej uroczysto\u015bci. Pami\u0105tkow\u0105 pater\u0119 za 100 mecz ligowy w barwach Sarmacji B\u0119dzin, z r\u0105k kierownika klubu Paw\u0142a Gasika odebra\u0142 nasz prawy obro\u0144ca Micha\u0142 Dul.<\/p>\n<p class=\"p1\">Dzi\u015b Sarmaci potwierdzili stare pi\u0142karskie przys\u0142owie \u201ejak si\u0119 nie da zwyci\u0119\u017cy\u0107, to trzeba zremisowa\u0107\u201d. Naprzeciw siebie stan\u0119\u0142y dwa r\u00f3wnorz\u0119dne zespo\u0142y, kt\u00f3rych celem by\u0142o tylko zwyci\u0119stwo. Pierwszy strza\u0142 na bramk\u0119 w 6 minucie oddali gospodarze. Wtedy to Marek Kocot<span class=\"Apple-converted-space\">\u00a0 <\/span>strza\u0142em z dystansu pr\u00f3bowa\u0142 zaskoczy\u0107 golkipera Warty. Ten jednak by\u0142 na posterunku, pewnie wy\u0142apuj\u0105c pi\u0142k\u0119. Kolejne minuty nie przynios\u0142y \u017cadnych sytuacji podbramkowych. Dopiero w 18 minucie Mihlali Ugochukwu pos\u0142a\u0142 futbol\u00f3wk\u0119 obok bramki go\u015bci. Chwil\u0119 potem miejscowi byli bliscy otwarcia wyniku. Rozp\u0119dzony praw\u0105 stron\u0105 boiska Kacper Jasi\u0144ski wrzuci\u0142 pi\u0142\u0119 w pole karne rywala. Znajduj\u0105cy si\u0119 na drugim s\u0142upku \u0141ukasz Ignalski pr\u00f3bowa\u0142 j\u0105 si\u0119gn\u0105\u0107 wysoko podniesion\u0105 nog\u0105. Niestety nie by\u0142a to \u0142atwa sztuka, a skierowana przez niego futbol\u00f3wka przelecia\u0142a tu\u017c obok s\u0142upka. W 27 minucie zagotowa\u0142o si\u0119 pod bramk\u0105 b\u0119dzinian, kt\u00f3rzy mimo pr\u00f3b wybicia pi\u0142ki, nie zdo\u0142ali uchroni\u0107 si\u0119 przed utrat\u0105 gola. Najpierw futbol\u00f3wka uderzona przez zawodnika zawiercian trafi\u0142a w poprzeczk\u0119 bramki Rafa\u0142a Dawida, a potem po dobitce ugrz\u0119z\u0142a tu\u017c przy s\u0142upku w jego siatce. W 31 minucie kolejny strza\u0142 rywala z bliskiej odleg\u0142o\u015bci poszybowa\u0142 nad nasz\u0105 bramk\u0105. Chwilk\u0119 potem pi\u0142ka, po uderzeniu z ostrego k\u0105ta trafi\u0142a w poprzeczk\u0119 miejscowych.<\/p>\n<p class=\"p1\">Jeszcze przed przerw\u0105 Sarmaci zdo\u0142ali doprowadzi\u0107 do wyr\u00f3wnania na 1:1. W 37 minucie s\u0119dzia podyktowa\u0142 rzut wolny dla naszej dru\u017cyny. Do pi\u0142ki podszed\u0142 nasz etatowy egzekutor Marek Kocot, kt\u00f3ry z zegarmistrzowsk\u0105 precyzj\u0105 zmie\u015bci\u0142 j\u0105 w siatce pod\u0142amanych go\u015bci. Do przerwy wynik ten nie uleg\u0142 ju\u017c zmianie.<\/p>\n<p class=\"p1\">Po zmianie stron obie dru\u017cyny pr\u00f3bowa\u0142y przechyli\u0107 szal\u0119 zwyci\u0119stwa na w\u0142asn\u0105 stron\u0119. Mimo to nie potrafi\u0142y sobie wypracowa\u0107 dogodnej pozycji do zdobycia decyduj\u0105cego trafienia. W 61 minucie pi\u0142ka po strzale z ostrego k\u0105ta trafi\u0142a w s\u0142upek bramki gospodarzy. Zaledwie trzy minuty p\u00f3\u017aniej Marek Kocot dostrzeg\u0142 b\u0119d\u0105cego z dala od w\u0142asnej bramki golkipera Warty. Bez chwili zawahania si\u0119 pr\u00f3bowa\u0142 to wykorzysta\u0107. Niestety pos\u0142a\u0142 futbol\u00f3wk\u0119 daleko obok bramki rywala. W 79 minucie kolejny silny strza\u0142 z ostrego k\u0105ta zdo\u0142a\u0142 wybroni\u0107 Rafa\u0142 Dawid. Jeszcze w 86 minucie golkiper miejscowych nie da\u0142 si\u0119 zaskoczy\u0107 strza\u0142em z dystansu. Do ostatniego gwizdka s\u0119dziego oba zespo\u0142y walczy\u0142y o zwyci\u0119skiego gola. Mimo to mecz zako\u0144czy\u0142 si\u0119 sprawiedliwym remisem 1:1 (1:1).<\/p>\n<p class=\"p1\">Sarmaci po serii trzech pora\u017cek (dwie liga i raz puchar) pr\u00f3bowali dzi\u015b prze\u0142ama\u0107 si\u0119 zwyci\u0119stwem na w\u0142asnym stadionie. Niestety rywale postawili trudne warunki. Trener Micha\u0142 Pluta w drugiej po\u0142owie pr\u00f3bowa\u0142 wprowadzonymi zmianami postawi\u0107 kropk\u0119 nad i. Nie przynios\u0142o to efektu w postaci zwyci\u0119stwa, ale zdobyty punkt z bezpo\u015brednim rywalem znajduj\u0105cym si\u0119 za naszymi plecami, te\u017c powinien by\u0107 cenny. Wida\u0107, \u017ce nasza dru\u017cyna przechodzi lekki kryzys, kt\u00f3ry musi prze\u0142ama\u0107. Do ko\u0144ca rundy jesiennej pozosta\u0142y ju\u017c tylko trzy spotkania, i te nale\u017cy rozstrzygn\u0105\u0107 na w\u0142asn\u0105 korzy\u015b\u0107. Ju\u017c za tydzie\u0144 czeka nas trudny wyjazdowy mecz z dru\u017cyn\u0105 Jastrz\u0105b Bielszowice.<\/p>\n<p class=\"p1\"><strong>Sarmacja B\u0119dzin \u2013 Warta Zawiercie 1:1 (1:1)<\/strong><\/p>\n<p class=\"p1\"><strong>Bramki:<\/strong><br \/>\n38&#8242; (w) Kocot<br \/>\n__________<br \/>\n27&#8242;<\/p>\n<p class=\"p1\"><strong>\u017b\u00f3\u0142te kartki:<\/strong><br \/>\n39&#8242; Ugochukwu<br \/>\n42&#8242; Jasi\u0144ski<\/p>\n<p class=\"p1\"><strong>Sarmacja B\u0119dzin:<\/strong> Dawid \u2013 Dul, Wnuk, Szumski (60&#8242; Samborski), Ignalski, Habrat, Ugochukwu (60&#8242; \u017bmuda), Kulesza, G\u00f3ral (77&#8242; Machado), Jasi\u0144ski (68&#8242; Widurski), Kocot.<\/p>\n<p class=\"p1\"><strong>Trener:<\/strong> Micha\u0142 Pluta.<\/p>\n","protected":false},"excerpt":{"rendered":"<p>Dnia 2.11.2024 roku o godz. 14.00 pi\u0142karze Sarmacji B\u0119dzin w XIII kolejce ligowej zmierzyli si\u0119 na w\u0142asnym obiekcie z dru\u017cyn\u0105 Warty Zawiercie. Go\u015bcie zajmuj\u0105cy 6 miejsce w tabeli zgromadzili\u00a0 na swoim koncie 19 punkt\u00f3w, natomiast b\u0119dzinianie znajduj\u0105cy si\u0119 tu\u017c przed nimi mieli o jedno oczko wi\u0119cej. W ostatniej kolejce Warta przed w\u0142asn\u0105 publiczno\u015bci\u0105 pokona\u0142a Jastrz\u0105b&#8230;<\/p>\n","protected":false},"author":1,"featured_media":8198,"comment_status":"closed","ping_status":"closed","sticky":false,"template":"","format":"standard","meta":{"footnotes":""},"categories":[64],"tags":[],"class_list":["post-8196","post","type-post","status-publish","format-standard","has-post-thumbnail","hentry","category-soccer"],"yoast_head":"<!-- This site is optimized with the Yoast SEO plugin v25.8 - https:\/\/yoast.com\/wordpress\/plugins\/seo\/ -->\n<title>Podzia\u0142 punkt\u00f3w! | BKS Sarmacja B\u0119dzin<\/title>\n<meta name=\"robots\" content=\"index, follow, max-snippet:-1, max-image-preview:large, max-video-preview:-1\" \/>\n<link rel=\"canonical\" href=\"https:\/\/sarmacjabedzin.pl\/index.php\/2024\/11\/02\/8196\/\" \/>\n<meta property=\"og:locale\" content=\"pl_PL\" \/>\n<meta property=\"og:type\" content=\"article\" \/>\n<meta property=\"og:title\" content=\"Podzia\u0142 punkt\u00f3w! | BKS Sarmacja B\u0119dzin\" \/>\n<meta property=\"og:description\" content=\"Dnia 2.11.2024 roku o godz. 14.00 pi\u0142karze Sarmacji B\u0119dzin w XIII kolejce ligowej zmierzyli si\u0119 na w\u0142asnym obiekcie z dru\u017cyn\u0105 Warty Zawiercie. Go\u015bcie zajmuj\u0105cy 6 miejsce w tabeli zgromadzili\u00a0 na swoim koncie 19 punkt\u00f3w, natomiast b\u0119dzinianie znajduj\u0105cy si\u0119 tu\u017c przed nimi mieli o jedno oczko wi\u0119cej. W ostatniej kolejce Warta przed w\u0142asn\u0105 publiczno\u015bci\u0105 pokona\u0142a Jastrz\u0105b...\" \/>\n<meta property=\"og:url\" content=\"https:\/\/sarmacjabedzin.pl\/index.php\/2024\/11\/02\/8196\/\" \/>\n<meta property=\"og:site_name\" content=\"BKS Sarmacja B\u0119dzin\" \/>\n<meta property=\"article:publisher\" content=\"https:\/\/www.facebook.com\/SarmacjaBedzin\" \/>\n<meta property=\"article:published_time\" content=\"2024-11-02T16:54:43+00:00\" \/>\n<meta property=\"article:modified_time\" content=\"2024-11-02T16:57:07+00:00\" \/>\n<meta property=\"og:image\" content=\"https:\/\/sarmacjabedzin.pl\/wp-content\/uploads\/2024\/11\/warta_po_meczu_www.jpg\" \/>\n\t<meta property=\"og:image:width\" content=\"1920\" \/>\n\t<meta property=\"og:image:height\" content=\"1080\" \/>\n\t<meta property=\"og:image:type\" content=\"image\/jpeg\" \/>\n<meta name=\"author\" content=\"tyrtak\" \/>\n<meta name=\"twitter:card\" content=\"summary_large_image\" \/>\n<meta name=\"twitter:label1\" content=\"Napisane przez\" \/>\n\t<meta name=\"twitter:data1\" content=\"tyrtak\" \/>\n\t<meta name=\"twitter:label2\" content=\"Szacowany czas czytania\" \/>\n\t<meta name=\"twitter:data2\" content=\"4 minuty\" \/>\n<script type=\"application\/ld+json\" class=\"yoast-schema-graph\">{\"@context\":\"https:\/\/schema.org\",\"@graph\":[{\"@type\":\"WebPage\",\"@id\":\"https:\/\/sarmacjabedzin.pl\/index.php\/2024\/11\/02\/8196\/\",\"url\":\"https:\/\/sarmacjabedzin.pl\/index.php\/2024\/11\/02\/8196\/\",\"name\":\"Podzia\u0142 punkt\u00f3w! | BKS Sarmacja B\u0119dzin\",\"isPartOf\":{\"@id\":\"https:\/\/sarmacjabedzin.pl\/#website\"},\"primaryImageOfPage\":{\"@id\":\"https:\/\/sarmacjabedzin.pl\/index.php\/2024\/11\/02\/8196\/#primaryimage\"},\"image\":{\"@id\":\"https:\/\/sarmacjabedzin.pl\/index.php\/2024\/11\/02\/8196\/#primaryimage\"},\"thumbnailUrl\":\"https:\/\/sarmacjabedzin.pl\/wp-content\/uploads\/2024\/11\/warta_po_meczu_www.jpg\",\"datePublished\":\"2024-11-02T16:54:43+00:00\",\"dateModified\":\"2024-11-02T16:57:07+00:00\",\"author\":{\"@id\":\"https:\/\/sarmacjabedzin.pl\/#\/schema\/person\/5417ea7b03bcd9adf58298a2265ce03a\"},\"breadcrumb\":{\"@id\":\"https:\/\/sarmacjabedzin.pl\/index.php\/2024\/11\/02\/8196\/#breadcrumb\"},\"inLanguage\":\"pl-PL\",\"potentialAction\":[{\"@type\":\"ReadAction\",\"target\":[\"https:\/\/sarmacjabedzin.pl\/index.php\/2024\/11\/02\/8196\/\"]}]},{\"@type\":\"ImageObject\",\"inLanguage\":\"pl-PL\",\"@id\":\"https:\/\/sarmacjabedzin.pl\/index.php\/2024\/11\/02\/8196\/#primaryimage\",\"url\":\"https:\/\/sarmacjabedzin.pl\/wp-content\/uploads\/2024\/11\/warta_po_meczu_www.jpg\",\"contentUrl\":\"https:\/\/sarmacjabedzin.pl\/wp-content\/uploads\/2024\/11\/warta_po_meczu_www.jpg\",\"width\":1920,\"height\":1080},{\"@type\":\"BreadcrumbList\",\"@id\":\"https:\/\/sarmacjabedzin.pl\/index.php\/2024\/11\/02\/8196\/#breadcrumb\",\"itemListElement\":[{\"@type\":\"ListItem\",\"position\":1,\"name\":\"Strona g\u0142\u00f3wna\",\"item\":\"https:\/\/sarmacjabedzin.pl\/\"},{\"@type\":\"ListItem\",\"position\":2,\"name\":\"Podzia\u0142 punkt\u00f3w!\"}]},{\"@type\":\"WebSite\",\"@id\":\"https:\/\/sarmacjabedzin.pl\/#website\",\"url\":\"https:\/\/sarmacjabedzin.pl\/\",\"name\":\"BKS Sarmacja B\u0119dzin \u2013 Nieoficjalny serwis\",\"description\":\"Nieoficjalny serwis B\u0119dzi\u0144skiego Klubu Sportowego &quot;Sarmacja&quot;\",\"potentialAction\":[{\"@type\":\"SearchAction\",\"target\":{\"@type\":\"EntryPoint\",\"urlTemplate\":\"https:\/\/sarmacjabedzin.pl\/?s={search_term_string}\"},\"query-input\":{\"@type\":\"PropertyValueSpecification\",\"valueRequired\":true,\"valueName\":\"search_term_string\"}}],\"inLanguage\":\"pl-PL\"},{\"@type\":\"Person\",\"@id\":\"https:\/\/sarmacjabedzin.pl\/#\/schema\/person\/5417ea7b03bcd9adf58298a2265ce03a\",\"name\":\"tyrtak\",\"image\":{\"@type\":\"ImageObject\",\"inLanguage\":\"pl-PL\",\"@id\":\"https:\/\/sarmacjabedzin.pl\/#\/schema\/person\/image\/\",\"url\":\"https:\/\/secure.gravatar.com\/avatar\/49b7734c6795cf524710e96813a9fedc1ae3816e479d92490236b4cfc47a5ae1?s=96&d=mm&r=g\",\"contentUrl\":\"https:\/\/secure.gravatar.com\/avatar\/49b7734c6795cf524710e96813a9fedc1ae3816e479d92490236b4cfc47a5ae1?s=96&d=mm&r=g\",\"caption\":\"tyrtak\"}}]}<\/script>\n<!-- \/ Yoast SEO plugin. -->","yoast_head_json":{"title":"Podzia\u0142 punkt\u00f3w! | BKS Sarmacja B\u0119dzin","robots":{"index":"index","follow":"follow","max-snippet":"max-snippet:-1","max-image-preview":"max-image-preview:large","max-video-preview":"max-video-preview:-1"},"canonical":"https:\/\/sarmacjabedzin.pl\/index.php\/2024\/11\/02\/8196\/","og_locale":"pl_PL","og_type":"article","og_title":"Podzia\u0142 punkt\u00f3w! | BKS Sarmacja B\u0119dzin","og_description":"Dnia 2.11.2024 roku o godz. 14.00 pi\u0142karze Sarmacji B\u0119dzin w XIII kolejce ligowej zmierzyli si\u0119 na w\u0142asnym obiekcie z dru\u017cyn\u0105 Warty Zawiercie. Go\u015bcie zajmuj\u0105cy 6 miejsce w tabeli zgromadzili\u00a0 na swoim koncie 19 punkt\u00f3w, natomiast b\u0119dzinianie znajduj\u0105cy si\u0119 tu\u017c przed nimi mieli o jedno oczko wi\u0119cej. W ostatniej kolejce Warta przed w\u0142asn\u0105 publiczno\u015bci\u0105 pokona\u0142a Jastrz\u0105b...","og_url":"https:\/\/sarmacjabedzin.pl\/index.php\/2024\/11\/02\/8196\/","og_site_name":"BKS Sarmacja B\u0119dzin","article_publisher":"https:\/\/www.facebook.com\/SarmacjaBedzin","article_published_time":"2024-11-02T16:54:43+00:00","article_modified_time":"2024-11-02T16:57:07+00:00","og_image":[{"width":1920,"height":1080,"url":"https:\/\/sarmacjabedzin.pl\/wp-content\/uploads\/2024\/11\/warta_po_meczu_www.jpg","type":"image\/jpeg"}],"author":"tyrtak","twitter_card":"summary_large_image","twitter_misc":{"Napisane przez":"tyrtak","Szacowany czas czytania":"4 minuty"},"schema":{"@context":"https:\/\/schema.org","@graph":[{"@type":"WebPage","@id":"https:\/\/sarmacjabedzin.pl\/index.php\/2024\/11\/02\/8196\/","url":"https:\/\/sarmacjabedzin.pl\/index.php\/2024\/11\/02\/8196\/","name":"Podzia\u0142 punkt\u00f3w! | BKS Sarmacja B\u0119dzin","isPartOf":{"@id":"https:\/\/sarmacjabedzin.pl\/#website"},"primaryImageOfPage":{"@id":"https:\/\/sarmacjabedzin.pl\/index.php\/2024\/11\/02\/8196\/#primaryimage"},"image":{"@id":"https:\/\/sarmacjabedzin.pl\/index.php\/2024\/11\/02\/8196\/#primaryimage"},"thumbnailUrl":"https:\/\/sarmacjabedzin.pl\/wp-content\/uploads\/2024\/11\/warta_po_meczu_www.jpg","datePublished":"2024-11-02T16:54:43+00:00","dateModified":"2024-11-02T16:57:07+00:00","author":{"@id":"https:\/\/sarmacjabedzin.pl\/#\/schema\/person\/5417ea7b03bcd9adf58298a2265ce03a"},"breadcrumb":{"@id":"https:\/\/sarmacjabedzin.pl\/index.php\/2024\/11\/02\/8196\/#breadcrumb"},"inLanguage":"pl-PL","potentialAction":[{"@type":"ReadAction","target":["https:\/\/sarmacjabedzin.pl\/index.php\/2024\/11\/02\/8196\/"]}]},{"@type":"ImageObject","inLanguage":"pl-PL","@id":"https:\/\/sarmacjabedzin.pl\/index.php\/2024\/11\/02\/8196\/#primaryimage","url":"https:\/\/sarmacjabedzin.pl\/wp-content\/uploads\/2024\/11\/warta_po_meczu_www.jpg","contentUrl":"https:\/\/sarmacjabedzin.pl\/wp-content\/uploads\/2024\/11\/warta_po_meczu_www.jpg","width":1920,"height":1080},{"@type":"BreadcrumbList","@id":"https:\/\/sarmacjabedzin.pl\/index.php\/2024\/11\/02\/8196\/#breadcrumb","itemListElement":[{"@type":"ListItem","position":1,"name":"Strona g\u0142\u00f3wna","item":"https:\/\/sarmacjabedzin.pl\/"},{"@type":"ListItem","position":2,"name":"Podzia\u0142 punkt\u00f3w!"}]},{"@type":"WebSite","@id":"https:\/\/sarmacjabedzin.pl\/#website","url":"https:\/\/sarmacjabedzin.pl\/","name":"BKS Sarmacja B\u0119dzin \u2013 Nieoficjalny serwis","description":"Nieoficjalny serwis B\u0119dzi\u0144skiego Klubu Sportowego &quot;Sarmacja&quot;","potentialAction":[{"@type":"SearchAction","target":{"@type":"EntryPoint","urlTemplate":"https:\/\/sarmacjabedzin.pl\/?s={search_term_string}"},"query-input":{"@type":"PropertyValueSpecification","valueRequired":true,"valueName":"search_term_string"}}],"inLanguage":"pl-PL"},{"@type":"Person","@id":"https:\/\/sarmacjabedzin.pl\/#\/schema\/person\/5417ea7b03bcd9adf58298a2265ce03a","name":"tyrtak","image":{"@type":"ImageObject","inLanguage":"pl-PL","@id":"https:\/\/sarmacjabedzin.pl\/#\/schema\/person\/image\/","url":"https:\/\/secure.gravatar.com\/avatar\/49b7734c6795cf524710e96813a9fedc1ae3816e479d92490236b4cfc47a5ae1?s=96&d=mm&r=g","contentUrl":"https:\/\/secure.gravatar.com\/avatar\/49b7734c6795cf524710e96813a9fedc1ae3816e479d92490236b4cfc47a5ae1?s=96&d=mm&r=g","caption":"tyrtak"}}]}},"rttpg_featured_image_url":{"full":["https:\/\/sarmacjabedzin.pl\/wp-content\/uploads\/2024\/11\/warta_po_meczu_www.jpg",1920,1080,false],"landscape":["https:\/\/sarmacjabedzin.pl\/wp-content\/uploads\/2024\/11\/warta_po_meczu_www.jpg",1920,1080,false],"portraits":["https:\/\/sarmacjabedzin.pl\/wp-content\/uploads\/2024\/11\/warta_po_meczu_www.jpg",1920,1080,false],"thumbnail":["https:\/\/sarmacjabedzin.pl\/wp-content\/uploads\/2024\/11\/warta_po_meczu_www-150x150.jpg",150,150,true],"medium":["https:\/\/sarmacjabedzin.pl\/wp-content\/uploads\/2024\/11\/warta_po_meczu_www-300x169.jpg",300,169,true],"large":["https:\/\/sarmacjabedzin.pl\/wp-content\/uploads\/2024\/11\/warta_po_meczu_www-1024x576.jpg",1024,576,true],"1536x1536":["https:\/\/sarmacjabedzin.pl\/wp-content\/uploads\/2024\/11\/warta_po_meczu_www-1536x864.jpg",1536,864,true],"2048x2048":["https:\/\/sarmacjabedzin.pl\/wp-content\/uploads\/2024\/11\/warta_po_meczu_www.jpg",1920,1080,false],"sportspress-crop-medium":["https:\/\/sarmacjabedzin.pl\/wp-content\/uploads\/2024\/11\/warta_po_meczu_www-300x300.jpg",300,300,true],"sportspress-fit-medium":["https:\/\/sarmacjabedzin.pl\/wp-content\/uploads\/2024\/11\/warta_po_meczu_www-300x169.jpg",300,169,true],"sportspress-fit-icon":["https:\/\/sarmacjabedzin.pl\/wp-content\/uploads\/2024\/11\/warta_po_meczu_www-128x72.jpg",128,72,true],"sportspress-fit-mini":["https:\/\/sarmacjabedzin.pl\/wp-content\/uploads\/2024\/11\/warta_po_meczu_www-32x18.jpg",32,18,true],"ultp_layout_landscape_large":["https:\/\/sarmacjabedzin.pl\/wp-content\/uploads\/2024\/11\/warta_po_meczu_www-1200x800.jpg",1200,800,true],"ultp_layout_landscape":["https:\/\/sarmacjabedzin.pl\/wp-content\/uploads\/2024\/11\/warta_po_meczu_www-870x570.jpg",870,570,true],"ultp_layout_portrait":["https:\/\/sarmacjabedzin.pl\/wp-content\/uploads\/2024\/11\/warta_po_meczu_www-600x900.jpg",600,900,true],"ultp_layout_square":["https:\/\/sarmacjabedzin.pl\/wp-content\/uploads\/2024\/11\/warta_po_meczu_www-600x600.jpg",600,600,true],"stm-1140-666":["https:\/\/sarmacjabedzin.pl\/wp-content\/uploads\/2024\/11\/warta_po_meczu_www-1140x666.jpg",1140,666,true],"stm-1170-650":["https:\/\/sarmacjabedzin.pl\/wp-content\/uploads\/2024\/11\/warta_po_meczu_www-1170x650.jpg",1170,650,true],"stm-570-350":["https:\/\/sarmacjabedzin.pl\/wp-content\/uploads\/2024\/11\/warta_po_meczu_www-570x350.jpg",570,350,true],"stm-570-250":["https:\/\/sarmacjabedzin.pl\/wp-content\/uploads\/2024\/11\/warta_po_meczu_www-570x250.jpg",570,250,true],"stm-270-370":["https:\/\/sarmacjabedzin.pl\/wp-content\/uploads\/2024\/11\/warta_po_meczu_www-270x370.jpg",270,370,true],"stm-540-500":["https:\/\/sarmacjabedzin.pl\/wp-content\/uploads\/2024\/11\/warta_po_meczu_www-540x500.jpg",540,500,true],"stm-270-530":["https:\/\/sarmacjabedzin.pl\/wp-content\/uploads\/2024\/11\/warta_po_meczu_www-270x530.jpg",270,530,true],"stm-200-200":["https:\/\/sarmacjabedzin.pl\/wp-content\/uploads\/2024\/11\/warta_po_meczu_www-200x200.jpg",200,200,true],"stm-85-105":["https:\/\/sarmacjabedzin.pl\/wp-content\/uploads\/2024\/11\/warta_po_meczu_www-85x105.jpg",85,105,true],"stm-255-255":["https:\/\/sarmacjabedzin.pl\/wp-content\/uploads\/2024\/11\/warta_po_meczu_www-255x255.jpg",255,255,true],"stm-360-240":["https:\/\/sarmacjabedzin.pl\/wp-content\/uploads\/2024\/11\/warta_po_meczu_www-360x240.jpg",360,240,true],"stm-360-495":["https:\/\/sarmacjabedzin.pl\/wp-content\/uploads\/2024\/11\/warta_po_meczu_www-360x495.jpg",360,495,true],"stm-445-400":["https:\/\/sarmacjabedzin.pl\/wp-content\/uploads\/2024\/11\/warta_po_meczu_www-445x400.jpg",445,400,true],"stm-735-240":["https:\/\/sarmacjabedzin.pl\/wp-content\/uploads\/2024\/11\/warta_po_meczu_www-735x240.jpg",735,240,true],"stm-255-183":["https:\/\/sarmacjabedzin.pl\/wp-content\/uploads\/2024\/11\/warta_po_meczu_www-255x183.jpg",255,183,true],"stm-350-250":["https:\/\/sarmacjabedzin.pl\/wp-content\/uploads\/2024\/11\/warta_po_meczu_www-350x250.jpg",350,250,true],"blog_list":["https:\/\/sarmacjabedzin.pl\/wp-content\/uploads\/2024\/11\/warta_po_meczu_www-270x220.jpg",270,220,true],"blog_list_medium":["https:\/\/sarmacjabedzin.pl\/wp-content\/uploads\/2024\/11\/warta_po_meczu_www-390x345.jpg",390,345,true],"gallery_thumbnail":["https:\/\/sarmacjabedzin.pl\/wp-content\/uploads\/2024\/11\/warta_po_meczu_www-80x80.jpg",80,80,true],"gallery_image":["https:\/\/sarmacjabedzin.pl\/wp-content\/uploads\/2024\/11\/warta_po_meczu_www-560x367.jpg",560,367,true],"gallery_image_mini":["https:\/\/sarmacjabedzin.pl\/wp-content\/uploads\/2024\/11\/warta_po_meczu_www-143x116.jpg",143,116,true],"player_photo":["https:\/\/sarmacjabedzin.pl\/wp-content\/uploads\/2024\/11\/warta_po_meczu_www-740x740.jpg",740,740,true],"team_logo":["https:\/\/sarmacjabedzin.pl\/wp-content\/uploads\/2024\/11\/warta_po_meczu_www-98x55.jpg",98,55,true],"player_stat_ava":["https:\/\/sarmacjabedzin.pl\/wp-content\/uploads\/2024\/11\/warta_po_meczu_www-550x580.jpg",550,580,true],"post-350-220":["https:\/\/sarmacjabedzin.pl\/wp-content\/uploads\/2024\/11\/warta_po_meczu_www-350x220.jpg",350,220,true],"post-275-142":["https:\/\/sarmacjabedzin.pl\/wp-content\/uploads\/2024\/11\/warta_po_meczu_www-275x142.jpg",275,142,true],"post-160-120":["https:\/\/sarmacjabedzin.pl\/wp-content\/uploads\/2024\/11\/warta_po_meczu_www-160x120.jpg",160,120,true],"post-110-70":["https:\/\/sarmacjabedzin.pl\/wp-content\/uploads\/2024\/11\/warta_po_meczu_www-110x70.jpg",110,70,true],"post-770-450":["https:\/\/sarmacjabedzin.pl\/wp-content\/uploads\/2024\/11\/warta_po_meczu_www-770x450.jpg",770,450,true],"post-370-210":["https:\/\/sarmacjabedzin.pl\/wp-content\/uploads\/2024\/11\/warta_po_meczu_www-370x210.jpg",370,210,true],"post-457-470":["https:\/\/sarmacjabedzin.pl\/wp-content\/uploads\/2024\/11\/warta_po_meczu_www-457x470.jpg",457,470,true],"post-370-420":["https:\/\/sarmacjabedzin.pl\/wp-content\/uploads\/2024\/11\/warta_po_meczu_www-370x420.jpg",370,420,true],"stm-445-445":["https:\/\/sarmacjabedzin.pl\/wp-content\/uploads\/2024\/11\/warta_po_meczu_www-445x445.jpg",445,445,true],"stm-555-460":["https:\/\/sarmacjabedzin.pl\/wp-content\/uploads\/2024\/11\/warta_po_meczu_www-555x460.jpg",555,460,true],"stm-350-450":["https:\/\/sarmacjabedzin.pl\/wp-content\/uploads\/2024\/11\/warta_po_meczu_www-350x450.jpg",350,450,true],"stm-720-440":["https:\/\/sarmacjabedzin.pl\/wp-content\/uploads\/2024\/11\/warta_po_meczu_www-720x440.jpg",720,440,true],"stm-270-270":["https:\/\/sarmacjabedzin.pl\/wp-content\/uploads\/2024\/11\/warta_po_meczu_www-270x270.jpg",270,270,true],"stm-760-450":["https:\/\/sarmacjabedzin.pl\/wp-content\/uploads\/2024\/11\/warta_po_meczu_www-760x450.jpg",760,450,true]},"rttpg_author":{"display_name":"tyrtak","author_link":false},"rttpg_comment":0,"rttpg_category":"<a href=\"https:\/\/sarmacjabedzin.pl\/index.php\/category\/soccer\/\" rel=\"category tag\">Liga<\/a>","rttpg_excerpt":"Dnia 2.11.2024 roku o godz. 14.00 pi\u0142karze Sarmacji B\u0119dzin w XIII kolejce ligowej zmierzyli si\u0119 na w\u0142asnym obiekcie z dru\u017cyn\u0105 Warty Zawiercie. Go\u015bcie zajmuj\u0105cy 6 miejsce w tabeli zgromadzili\u00a0 na swoim koncie 19 punkt\u00f3w, natomiast b\u0119dzinianie znajduj\u0105cy si\u0119 tu\u017c przed nimi mieli o jedno oczko wi\u0119cej. W ostatniej kolejce Warta przed w\u0142asn\u0105 publiczno\u015bci\u0105 pokona\u0142a Jastrz\u0105b...","_links":{"self":[{"href":"https:\/\/sarmacjabedzin.pl\/index.php\/wp-json\/wp\/v2\/posts\/8196","targetHints":{"allow":["GET"]}}],"collection":[{"href":"https:\/\/sarmacjabedzin.pl\/index.php\/wp-json\/wp\/v2\/posts"}],"about":[{"href":"https:\/\/sarmacjabedzin.pl\/index.php\/wp-json\/wp\/v2\/types\/post"}],"author":[{"embeddable":true,"href":"https:\/\/sarmacjabedzin.pl\/index.php\/wp-json\/wp\/v2\/users\/1"}],"replies":[{"embeddable":true,"href":"https:\/\/sarmacjabedzin.pl\/index.php\/wp-json\/wp\/v2\/comments?post=8196"}],"version-history":[{"count":2,"href":"https:\/\/sarmacjabedzin.pl\/index.php\/wp-json\/wp\/v2\/posts\/8196\/revisions"}],"predecessor-version":[{"id":8200,"href":"https:\/\/sarmacjabedzin.pl\/index.php\/wp-json\/wp\/v2\/posts\/8196\/revisions\/8200"}],"wp:featuredmedia":[{"embeddable":true,"href":"https:\/\/sarmacjabedzin.pl\/index.php\/wp-json\/wp\/v2\/media\/8198"}],"wp:attachment":[{"href":"https:\/\/sarmacjabedzin.pl\/index.php\/wp-json\/wp\/v2\/media?parent=8196"}],"wp:term":[{"taxonomy":"category","embeddable":true,"href":"https:\/\/sarmacjabedzin.pl\/index.php\/wp-json\/wp\/v2\/categories?post=8196"},{"taxonomy":"post_tag","embeddable":true,"href":"https:\/\/sarmacjabedzin.pl\/index.php\/wp-json\/wp\/v2\/tags?post=8196"}],"curies":[{"name":"wp","href":"https:\/\/api.w.org\/{rel}","templated":true}]}}