{"id":8506,"date":"2025-03-08T20:26:57","date_gmt":"2025-03-08T19:26:57","guid":{"rendered":"https:\/\/sarmacjabedzin.pl\/?p=8506"},"modified":"2025-03-08T20:26:57","modified_gmt":"2025-03-08T19:26:57","slug":"ostatni-sparing-przed-liga","status":"publish","type":"post","link":"https:\/\/sarmacjabedzin.pl\/index.php\/2025\/03\/08\/ostatni-sparing-przed-liga\/","title":{"rendered":"Ostatni sparing przed lig\u0105!"},"content":{"rendered":"<p data-start=\"107\" data-end=\"421\">Dnia 8.03.2025 o godz. 14:15 na sztucznej murawie b\u0119dzi\u0144skiego OSiR-u pi\u0142karze Sarmacji B\u0119dzin zmierzyli si\u0119 w meczu sparingowym z dru\u017cyn\u0105 RKS Grodziec (obecnie rezerwy Sarmacji). By\u0142 to ju\u017c ostatni sprawdzian podopiecznych trenera Micha\u0142a Pluty przed zbli\u017caj\u0105c\u0105 si\u0119 inauguracj\u0105 rundy wiosennej sezonu 2024\/2025.<\/p>\n<p data-start=\"423\" data-end=\"638\">Zgodnie z przypuszczeniami, ju\u017c w 7. minucie Sarmaci prowadzili 1:0. Kamil Koster z rzutu ro\u017cnego pos\u0142a\u0142 pi\u0142k\u0119 w pole karne rywala. Bramkarz RKS nie zdo\u0142a\u0142 jej wy\u0142apa\u0107, a dobitka Patryka Wnuka wyl\u0105dowa\u0142a w siatce.<\/p>\n<p data-start=\"640\" data-end=\"868\">Mimo kilku dogodnych okazji kolejne minuty nie przynios\u0142y zmiany rezultatu. Dw\u00f3ch znakomitych sytuacji nie wykorzysta\u0142 Dylan Carballo. W 9. i 16. minucie w bezpo\u015brednim pojedynku g\u00f3r\u0105 by\u0142 znakomicie spisuj\u0105cy si\u0119 golkiper RKS.<\/p>\n<p data-start=\"870\" data-end=\"1037\">W 20. minucie \u015bwietn\u0105 interwencj\u0105 we w\u0142asnym polu karnym popisa\u0142 si\u0119 Patryk Wnuk, kt\u00f3ry wyr\u0119czaj\u0105c bramkarza Rafa\u0142a Dawida, wybi\u0142 pi\u0142k\u0119 zmierzaj\u0105c\u0105 do pustej bramki.<\/p>\n<p data-start=\"1039\" data-end=\"1391\">W 29. minucie na strza\u0142 z dystansu zdecydowa\u0142 si\u0119 Kamil Koster, jednak golkiper rywala i tym razem nie da\u0142 si\u0119 pokona\u0107. Podobnie by\u0142o dwie minuty p\u00f3\u017aniej, gdy silne uderzenie odda\u0142 Piotr Samborski. Pierwsza po\u0142owa zako\u0144czy\u0142a si\u0119 skromnym prowadzeniem 1:0 dla podopiecznych trenera Micha\u0142a Pluty, g\u0142\u00f3wnie dzi\u0119ki dobrze spisuj\u0105cemu si\u0119 bramkarzowi RKS.<\/p>\n<p data-start=\"1393\" data-end=\"1606\">Tu\u017c po rozpocz\u0119ciu drugiej po\u0142owy Sarmaci nie ustrzegli si\u0119 b\u0142\u0119du w obronie, trac\u0105c niespodziewanie gola. W 52. minucie znakomit\u0105 obron\u0105 nogami popisa\u0142 si\u0119 Kamil Szczurek, kt\u00f3ry zmieni\u0142 w przerwie Rafa\u0142a Dawida.<\/p>\n<p data-start=\"1608\" data-end=\"1857\">W 57. minucie trener Micha\u0142 Pluta dokona\u0142 sze\u015bciu zmian, kt\u00f3re natychmiast wp\u0142yn\u0119\u0142y na gr\u0119. Zaledwie pi\u0119\u0107 minut p\u00f3\u017aniej Sarmacja ponownie wysz\u0142a na prowadzenie. Drugiego gola zdoby\u0142 Kacper Jasi\u0144ski, kt\u00f3ry wyko\u0144czy\u0142 znakomite podanie Karola G\u00f3rala.<\/p>\n<p data-start=\"1859\" data-end=\"1985\">W 76. minucie Karol G\u00f3ral odda\u0142 zaskakuj\u0105cy strza\u0142, kt\u00f3ry z ogromnym trudem bramkarz rywala zdo\u0142a\u0142 przenie\u015b\u0107 nad poprzeczk\u0119.<\/p>\n<p data-start=\"1987\" data-end=\"2130\">W 79. minucie Mihlali Ugochukwu ustali\u0142 wynik na 3:1 dla Sarmacji. B\u0119d\u0105c sam na sam z golkiperem RKS, pos\u0142a\u0142 pi\u0142k\u0119 do siatki tu\u017c przy s\u0142upku.<\/p>\n<p data-start=\"2132\" data-end=\"2340\">Dzi\u015b o sporym pechu m\u00f3g\u0142 m\u00f3wi\u0107 Karol G\u00f3ral. Po znakomitym wej\u015bciu na muraw\u0119 w 57. minucie, ju\u017c w 83. musia\u0142 j\u0105 opu\u015bci\u0107. Wracaj\u0105c do gry po urazie, pechowo nast\u0105pi\u0142 na pi\u0142k\u0119 i z grymasem b\u00f3lu opu\u015bci\u0142 boisko.<\/p>\n<p data-start=\"2342\" data-end=\"2666\">Podopieczni trenera Micha\u0142a Pluty zaprezentowali si\u0119 poni\u017cej oczekiwa\u0144. Na tydzie\u0144 przed wznowieniem rozgrywek ligowych nadal nie wiadomo, na co sta\u0107 dru\u017cyn\u0119. Jest jednak nadzieja, \u017ce wszystko odbywa si\u0119 zgodnie z planem i ju\u017c w najbli\u017csz\u0105 sobot\u0119, w meczu z G\u00f3rnikiem Wojkowice, kibice b\u0119d\u0105 zadowoleni po ko\u0144cowym gwizdku.<\/p>\n<hr data-start=\"2668\" data-end=\"2671\" \/>\n<h3 data-start=\"2673\" data-end=\"2723\"><strong data-start=\"2677\" data-end=\"2721\">Sarmacja B\u0119dzin \u2013 RKS Grodziec 3:1 (1:0)<\/strong><\/h3>\n<p data-start=\"2725\" data-end=\"2785\"><strong data-start=\"2725\" data-end=\"2736\">Bramki:<\/strong><br data-start=\"2736\" data-end=\"2739\" \/>7&#8242; Wnuk<br data-start=\"2746\" data-end=\"2749\" \/>62&#8242; Jasi\u0144ski<br data-start=\"2761\" data-end=\"2764\" \/>79&#8242; Ugochukwu<br \/>\n_______________<br data-start=\"2777\" data-end=\"2780\" \/>47&#8242;<\/p>\n<p data-start=\"2787\" data-end=\"3038\"><strong data-start=\"2787\" data-end=\"2807\">Sarmacja B\u0119dzin: <\/strong>Dawid (46&#8242; Szczurek) \u2013 Machado, Wnuk, Szumski (57&#8242; Mi\u0142ek), Rumi\u0144ski (57&#8242; Dul), Habrat, Kulesza (57&#8242; G\u00f3ral \u2013 83&#8242; Samborski), \u017bmuda (57&#8242; Z\u0105bek), Koster, Samborski (57&#8242; Ugochukwu), Carballo (57&#8242; Jasi\u0144ski).<\/p>\n<p data-start=\"2787\" data-end=\"3038\"><strong>Trener:<\/strong> Micha\u0142 Pluta.<\/p>\n","protected":false},"excerpt":{"rendered":"<p>Dnia 8.03.2025 o godz. 14:15 na sztucznej murawie b\u0119dzi\u0144skiego OSiR-u pi\u0142karze Sarmacji B\u0119dzin zmierzyli si\u0119 w meczu sparingowym z dru\u017cyn\u0105 RKS Grodziec (obecnie rezerwy Sarmacji). By\u0142 to ju\u017c ostatni sprawdzian podopiecznych trenera Micha\u0142a Pluty przed zbli\u017caj\u0105c\u0105 si\u0119 inauguracj\u0105 rundy wiosennej sezonu 2024\/2025. Zgodnie z przypuszczeniami, ju\u017c w 7. minucie Sarmaci prowadzili 1:0. Kamil Koster z&#8230;<\/p>\n","protected":false},"author":1,"featured_media":8507,"comment_status":"closed","ping_status":"closed","sticky":false,"template":"","format":"standard","meta":{"footnotes":""},"categories":[59],"tags":[],"class_list":["post-8506","post","type-post","status-publish","format-standard","has-post-thumbnail","hentry","category-blog"],"yoast_head":"<!-- This site is optimized with the Yoast SEO plugin v25.8 - https:\/\/yoast.com\/wordpress\/plugins\/seo\/ -->\n<title>Ostatni sparing przed lig\u0105! | BKS Sarmacja B\u0119dzin<\/title>\n<meta name=\"robots\" content=\"index, follow, max-snippet:-1, max-image-preview:large, max-video-preview:-1\" \/>\n<link rel=\"canonical\" href=\"https:\/\/sarmacjabedzin.pl\/index.php\/2025\/03\/08\/ostatni-sparing-przed-liga\/\" \/>\n<meta property=\"og:locale\" content=\"pl_PL\" \/>\n<meta property=\"og:type\" content=\"article\" \/>\n<meta property=\"og:title\" content=\"Ostatni sparing przed lig\u0105! | BKS Sarmacja B\u0119dzin\" \/>\n<meta property=\"og:description\" content=\"Dnia 8.03.2025 o godz. 14:15 na sztucznej murawie b\u0119dzi\u0144skiego OSiR-u pi\u0142karze Sarmacji B\u0119dzin zmierzyli si\u0119 w meczu sparingowym z dru\u017cyn\u0105 RKS Grodziec (obecnie rezerwy Sarmacji). By\u0142 to ju\u017c ostatni sprawdzian podopiecznych trenera Micha\u0142a Pluty przed zbli\u017caj\u0105c\u0105 si\u0119 inauguracj\u0105 rundy wiosennej sezonu 2024\/2025. Zgodnie z przypuszczeniami, ju\u017c w 7. minucie Sarmaci prowadzili 1:0. Kamil Koster z...\" \/>\n<meta property=\"og:url\" content=\"https:\/\/sarmacjabedzin.pl\/index.php\/2025\/03\/08\/ostatni-sparing-przed-liga\/\" \/>\n<meta property=\"og:site_name\" content=\"BKS Sarmacja B\u0119dzin\" \/>\n<meta property=\"article:publisher\" content=\"https:\/\/www.facebook.com\/SarmacjaBedzin\" \/>\n<meta property=\"article:published_time\" content=\"2025-03-08T19:26:57+00:00\" \/>\n<meta property=\"og:image\" content=\"https:\/\/sarmacjabedzin.pl\/wp-content\/uploads\/2025\/03\/RKS_Sparing-scaled.jpg\" \/>\n\t<meta property=\"og:image:width\" content=\"2560\" \/>\n\t<meta property=\"og:image:height\" content=\"1702\" \/>\n\t<meta property=\"og:image:type\" content=\"image\/jpeg\" \/>\n<meta name=\"author\" content=\"tyrtak\" \/>\n<meta name=\"twitter:card\" content=\"summary_large_image\" \/>\n<meta name=\"twitter:label1\" content=\"Napisane przez\" \/>\n\t<meta name=\"twitter:data1\" content=\"tyrtak\" \/>\n\t<meta name=\"twitter:label2\" content=\"Szacowany czas czytania\" \/>\n\t<meta name=\"twitter:data2\" content=\"2 minuty\" \/>\n<script type=\"application\/ld+json\" class=\"yoast-schema-graph\">{\"@context\":\"https:\/\/schema.org\",\"@graph\":[{\"@type\":\"WebPage\",\"@id\":\"https:\/\/sarmacjabedzin.pl\/index.php\/2025\/03\/08\/ostatni-sparing-przed-liga\/\",\"url\":\"https:\/\/sarmacjabedzin.pl\/index.php\/2025\/03\/08\/ostatni-sparing-przed-liga\/\",\"name\":\"Ostatni sparing przed lig\u0105! | BKS Sarmacja B\u0119dzin\",\"isPartOf\":{\"@id\":\"https:\/\/sarmacjabedzin.pl\/#website\"},\"primaryImageOfPage\":{\"@id\":\"https:\/\/sarmacjabedzin.pl\/index.php\/2025\/03\/08\/ostatni-sparing-przed-liga\/#primaryimage\"},\"image\":{\"@id\":\"https:\/\/sarmacjabedzin.pl\/index.php\/2025\/03\/08\/ostatni-sparing-przed-liga\/#primaryimage\"},\"thumbnailUrl\":\"https:\/\/sarmacjabedzin.pl\/wp-content\/uploads\/2025\/03\/RKS_Sparing-scaled.jpg\",\"datePublished\":\"2025-03-08T19:26:57+00:00\",\"author\":{\"@id\":\"https:\/\/sarmacjabedzin.pl\/#\/schema\/person\/5417ea7b03bcd9adf58298a2265ce03a\"},\"breadcrumb\":{\"@id\":\"https:\/\/sarmacjabedzin.pl\/index.php\/2025\/03\/08\/ostatni-sparing-przed-liga\/#breadcrumb\"},\"inLanguage\":\"pl-PL\",\"potentialAction\":[{\"@type\":\"ReadAction\",\"target\":[\"https:\/\/sarmacjabedzin.pl\/index.php\/2025\/03\/08\/ostatni-sparing-przed-liga\/\"]}]},{\"@type\":\"ImageObject\",\"inLanguage\":\"pl-PL\",\"@id\":\"https:\/\/sarmacjabedzin.pl\/index.php\/2025\/03\/08\/ostatni-sparing-przed-liga\/#primaryimage\",\"url\":\"https:\/\/sarmacjabedzin.pl\/wp-content\/uploads\/2025\/03\/RKS_Sparing-scaled.jpg\",\"contentUrl\":\"https:\/\/sarmacjabedzin.pl\/wp-content\/uploads\/2025\/03\/RKS_Sparing-scaled.jpg\",\"width\":2560,\"height\":1702},{\"@type\":\"BreadcrumbList\",\"@id\":\"https:\/\/sarmacjabedzin.pl\/index.php\/2025\/03\/08\/ostatni-sparing-przed-liga\/#breadcrumb\",\"itemListElement\":[{\"@type\":\"ListItem\",\"position\":1,\"name\":\"Strona g\u0142\u00f3wna\",\"item\":\"https:\/\/sarmacjabedzin.pl\/\"},{\"@type\":\"ListItem\",\"position\":2,\"name\":\"Ostatni sparing przed&nbsp;lig\u0105!\"}]},{\"@type\":\"WebSite\",\"@id\":\"https:\/\/sarmacjabedzin.pl\/#website\",\"url\":\"https:\/\/sarmacjabedzin.pl\/\",\"name\":\"BKS Sarmacja B\u0119dzin \u2013 Nieoficjalny serwis\",\"description\":\"Nieoficjalny serwis B\u0119dzi\u0144skiego Klubu Sportowego &quot;Sarmacja&quot;\",\"potentialAction\":[{\"@type\":\"SearchAction\",\"target\":{\"@type\":\"EntryPoint\",\"urlTemplate\":\"https:\/\/sarmacjabedzin.pl\/?s={search_term_string}\"},\"query-input\":{\"@type\":\"PropertyValueSpecification\",\"valueRequired\":true,\"valueName\":\"search_term_string\"}}],\"inLanguage\":\"pl-PL\"},{\"@type\":\"Person\",\"@id\":\"https:\/\/sarmacjabedzin.pl\/#\/schema\/person\/5417ea7b03bcd9adf58298a2265ce03a\",\"name\":\"tyrtak\",\"image\":{\"@type\":\"ImageObject\",\"inLanguage\":\"pl-PL\",\"@id\":\"https:\/\/sarmacjabedzin.pl\/#\/schema\/person\/image\/\",\"url\":\"https:\/\/secure.gravatar.com\/avatar\/49b7734c6795cf524710e96813a9fedc1ae3816e479d92490236b4cfc47a5ae1?s=96&d=mm&r=g\",\"contentUrl\":\"https:\/\/secure.gravatar.com\/avatar\/49b7734c6795cf524710e96813a9fedc1ae3816e479d92490236b4cfc47a5ae1?s=96&d=mm&r=g\",\"caption\":\"tyrtak\"}}]}<\/script>\n<!-- \/ Yoast SEO plugin. -->","yoast_head_json":{"title":"Ostatni sparing przed lig\u0105! | BKS Sarmacja B\u0119dzin","robots":{"index":"index","follow":"follow","max-snippet":"max-snippet:-1","max-image-preview":"max-image-preview:large","max-video-preview":"max-video-preview:-1"},"canonical":"https:\/\/sarmacjabedzin.pl\/index.php\/2025\/03\/08\/ostatni-sparing-przed-liga\/","og_locale":"pl_PL","og_type":"article","og_title":"Ostatni sparing przed lig\u0105! | BKS Sarmacja B\u0119dzin","og_description":"Dnia 8.03.2025 o godz. 14:15 na sztucznej murawie b\u0119dzi\u0144skiego OSiR-u pi\u0142karze Sarmacji B\u0119dzin zmierzyli si\u0119 w meczu sparingowym z dru\u017cyn\u0105 RKS Grodziec (obecnie rezerwy Sarmacji). By\u0142 to ju\u017c ostatni sprawdzian podopiecznych trenera Micha\u0142a Pluty przed zbli\u017caj\u0105c\u0105 si\u0119 inauguracj\u0105 rundy wiosennej sezonu 2024\/2025. Zgodnie z przypuszczeniami, ju\u017c w 7. minucie Sarmaci prowadzili 1:0. Kamil Koster z...","og_url":"https:\/\/sarmacjabedzin.pl\/index.php\/2025\/03\/08\/ostatni-sparing-przed-liga\/","og_site_name":"BKS Sarmacja B\u0119dzin","article_publisher":"https:\/\/www.facebook.com\/SarmacjaBedzin","article_published_time":"2025-03-08T19:26:57+00:00","og_image":[{"width":2560,"height":1702,"url":"https:\/\/sarmacjabedzin.pl\/wp-content\/uploads\/2025\/03\/RKS_Sparing-scaled.jpg","type":"image\/jpeg"}],"author":"tyrtak","twitter_card":"summary_large_image","twitter_misc":{"Napisane przez":"tyrtak","Szacowany czas czytania":"2 minuty"},"schema":{"@context":"https:\/\/schema.org","@graph":[{"@type":"WebPage","@id":"https:\/\/sarmacjabedzin.pl\/index.php\/2025\/03\/08\/ostatni-sparing-przed-liga\/","url":"https:\/\/sarmacjabedzin.pl\/index.php\/2025\/03\/08\/ostatni-sparing-przed-liga\/","name":"Ostatni sparing przed lig\u0105! | BKS Sarmacja B\u0119dzin","isPartOf":{"@id":"https:\/\/sarmacjabedzin.pl\/#website"},"primaryImageOfPage":{"@id":"https:\/\/sarmacjabedzin.pl\/index.php\/2025\/03\/08\/ostatni-sparing-przed-liga\/#primaryimage"},"image":{"@id":"https:\/\/sarmacjabedzin.pl\/index.php\/2025\/03\/08\/ostatni-sparing-przed-liga\/#primaryimage"},"thumbnailUrl":"https:\/\/sarmacjabedzin.pl\/wp-content\/uploads\/2025\/03\/RKS_Sparing-scaled.jpg","datePublished":"2025-03-08T19:26:57+00:00","author":{"@id":"https:\/\/sarmacjabedzin.pl\/#\/schema\/person\/5417ea7b03bcd9adf58298a2265ce03a"},"breadcrumb":{"@id":"https:\/\/sarmacjabedzin.pl\/index.php\/2025\/03\/08\/ostatni-sparing-przed-liga\/#breadcrumb"},"inLanguage":"pl-PL","potentialAction":[{"@type":"ReadAction","target":["https:\/\/sarmacjabedzin.pl\/index.php\/2025\/03\/08\/ostatni-sparing-przed-liga\/"]}]},{"@type":"ImageObject","inLanguage":"pl-PL","@id":"https:\/\/sarmacjabedzin.pl\/index.php\/2025\/03\/08\/ostatni-sparing-przed-liga\/#primaryimage","url":"https:\/\/sarmacjabedzin.pl\/wp-content\/uploads\/2025\/03\/RKS_Sparing-scaled.jpg","contentUrl":"https:\/\/sarmacjabedzin.pl\/wp-content\/uploads\/2025\/03\/RKS_Sparing-scaled.jpg","width":2560,"height":1702},{"@type":"BreadcrumbList","@id":"https:\/\/sarmacjabedzin.pl\/index.php\/2025\/03\/08\/ostatni-sparing-przed-liga\/#breadcrumb","itemListElement":[{"@type":"ListItem","position":1,"name":"Strona g\u0142\u00f3wna","item":"https:\/\/sarmacjabedzin.pl\/"},{"@type":"ListItem","position":2,"name":"Ostatni sparing przed&nbsp;lig\u0105!"}]},{"@type":"WebSite","@id":"https:\/\/sarmacjabedzin.pl\/#website","url":"https:\/\/sarmacjabedzin.pl\/","name":"BKS Sarmacja B\u0119dzin \u2013 Nieoficjalny serwis","description":"Nieoficjalny serwis B\u0119dzi\u0144skiego Klubu Sportowego &quot;Sarmacja&quot;","potentialAction":[{"@type":"SearchAction","target":{"@type":"EntryPoint","urlTemplate":"https:\/\/sarmacjabedzin.pl\/?s={search_term_string}"},"query-input":{"@type":"PropertyValueSpecification","valueRequired":true,"valueName":"search_term_string"}}],"inLanguage":"pl-PL"},{"@type":"Person","@id":"https:\/\/sarmacjabedzin.pl\/#\/schema\/person\/5417ea7b03bcd9adf58298a2265ce03a","name":"tyrtak","image":{"@type":"ImageObject","inLanguage":"pl-PL","@id":"https:\/\/sarmacjabedzin.pl\/#\/schema\/person\/image\/","url":"https:\/\/secure.gravatar.com\/avatar\/49b7734c6795cf524710e96813a9fedc1ae3816e479d92490236b4cfc47a5ae1?s=96&d=mm&r=g","contentUrl":"https:\/\/secure.gravatar.com\/avatar\/49b7734c6795cf524710e96813a9fedc1ae3816e479d92490236b4cfc47a5ae1?s=96&d=mm&r=g","caption":"tyrtak"}}]}},"rttpg_featured_image_url":{"full":["https:\/\/sarmacjabedzin.pl\/wp-content\/uploads\/2025\/03\/RKS_Sparing-scaled.jpg",2560,1702,false],"landscape":["https:\/\/sarmacjabedzin.pl\/wp-content\/uploads\/2025\/03\/RKS_Sparing-scaled.jpg",2560,1702,false],"portraits":["https:\/\/sarmacjabedzin.pl\/wp-content\/uploads\/2025\/03\/RKS_Sparing-scaled.jpg",2560,1702,false],"thumbnail":["https:\/\/sarmacjabedzin.pl\/wp-content\/uploads\/2025\/03\/RKS_Sparing-150x150.jpg",150,150,true],"medium":["https:\/\/sarmacjabedzin.pl\/wp-content\/uploads\/2025\/03\/RKS_Sparing-300x199.jpg",300,199,true],"large":["https:\/\/sarmacjabedzin.pl\/wp-content\/uploads\/2025\/03\/RKS_Sparing-1024x681.jpg",1024,681,true],"1536x1536":["https:\/\/sarmacjabedzin.pl\/wp-content\/uploads\/2025\/03\/RKS_Sparing-1536x1021.jpg",1536,1021,true],"2048x2048":["https:\/\/sarmacjabedzin.pl\/wp-content\/uploads\/2025\/03\/RKS_Sparing-2048x1362.jpg",2048,1362,true],"sportspress-crop-medium":["https:\/\/sarmacjabedzin.pl\/wp-content\/uploads\/2025\/03\/RKS_Sparing-300x300.jpg",300,300,true],"sportspress-fit-medium":["https:\/\/sarmacjabedzin.pl\/wp-content\/uploads\/2025\/03\/RKS_Sparing-300x199.jpg",300,199,true],"sportspress-fit-icon":["https:\/\/sarmacjabedzin.pl\/wp-content\/uploads\/2025\/03\/RKS_Sparing-128x85.jpg",128,85,true],"sportspress-fit-mini":["https:\/\/sarmacjabedzin.pl\/wp-content\/uploads\/2025\/03\/RKS_Sparing-32x21.jpg",32,21,true],"ultp_layout_landscape_large":["https:\/\/sarmacjabedzin.pl\/wp-content\/uploads\/2025\/03\/RKS_Sparing-1200x800.jpg",1200,800,true],"ultp_layout_landscape":["https:\/\/sarmacjabedzin.pl\/wp-content\/uploads\/2025\/03\/RKS_Sparing-870x570.jpg",870,570,true],"ultp_layout_portrait":["https:\/\/sarmacjabedzin.pl\/wp-content\/uploads\/2025\/03\/RKS_Sparing-600x900.jpg",600,900,true],"ultp_layout_square":["https:\/\/sarmacjabedzin.pl\/wp-content\/uploads\/2025\/03\/RKS_Sparing-600x600.jpg",600,600,true],"stm-1140-666":["https:\/\/sarmacjabedzin.pl\/wp-content\/uploads\/2025\/03\/RKS_Sparing-1140x666.jpg",1140,666,true],"stm-1170-650":["https:\/\/sarmacjabedzin.pl\/wp-content\/uploads\/2025\/03\/RKS_Sparing-1170x650.jpg",1170,650,true],"stm-570-350":["https:\/\/sarmacjabedzin.pl\/wp-content\/uploads\/2025\/03\/RKS_Sparing-570x350.jpg",570,350,true],"stm-570-250":["https:\/\/sarmacjabedzin.pl\/wp-content\/uploads\/2025\/03\/RKS_Sparing-570x250.jpg",570,250,true],"stm-270-370":["https:\/\/sarmacjabedzin.pl\/wp-content\/uploads\/2025\/03\/RKS_Sparing-270x370.jpg",270,370,true],"stm-540-500":["https:\/\/sarmacjabedzin.pl\/wp-content\/uploads\/2025\/03\/RKS_Sparing-540x500.jpg",540,500,true],"stm-270-530":["https:\/\/sarmacjabedzin.pl\/wp-content\/uploads\/2025\/03\/RKS_Sparing-270x530.jpg",270,530,true],"stm-200-200":["https:\/\/sarmacjabedzin.pl\/wp-content\/uploads\/2025\/03\/RKS_Sparing-200x200.jpg",200,200,true],"stm-85-105":["https:\/\/sarmacjabedzin.pl\/wp-content\/uploads\/2025\/03\/RKS_Sparing-85x105.jpg",85,105,true],"stm-255-255":["https:\/\/sarmacjabedzin.pl\/wp-content\/uploads\/2025\/03\/RKS_Sparing-255x255.jpg",255,255,true],"stm-360-240":["https:\/\/sarmacjabedzin.pl\/wp-content\/uploads\/2025\/03\/RKS_Sparing-360x240.jpg",360,240,true],"stm-360-495":["https:\/\/sarmacjabedzin.pl\/wp-content\/uploads\/2025\/03\/RKS_Sparing-360x495.jpg",360,495,true],"stm-445-400":["https:\/\/sarmacjabedzin.pl\/wp-content\/uploads\/2025\/03\/RKS_Sparing-445x400.jpg",445,400,true],"stm-735-240":["https:\/\/sarmacjabedzin.pl\/wp-content\/uploads\/2025\/03\/RKS_Sparing-735x240.jpg",735,240,true],"stm-255-183":["https:\/\/sarmacjabedzin.pl\/wp-content\/uploads\/2025\/03\/RKS_Sparing-255x183.jpg",255,183,true],"stm-350-250":["https:\/\/sarmacjabedzin.pl\/wp-content\/uploads\/2025\/03\/RKS_Sparing-350x250.jpg",350,250,true],"blog_list":["https:\/\/sarmacjabedzin.pl\/wp-content\/uploads\/2025\/03\/RKS_Sparing-270x220.jpg",270,220,true],"blog_list_medium":["https:\/\/sarmacjabedzin.pl\/wp-content\/uploads\/2025\/03\/RKS_Sparing-390x345.jpg",390,345,true],"gallery_thumbnail":["https:\/\/sarmacjabedzin.pl\/wp-content\/uploads\/2025\/03\/RKS_Sparing-80x80.jpg",80,80,true],"gallery_image":["https:\/\/sarmacjabedzin.pl\/wp-content\/uploads\/2025\/03\/RKS_Sparing-560x367.jpg",560,367,true],"gallery_image_mini":["https:\/\/sarmacjabedzin.pl\/wp-content\/uploads\/2025\/03\/RKS_Sparing-143x116.jpg",143,116,true],"player_photo":["https:\/\/sarmacjabedzin.pl\/wp-content\/uploads\/2025\/03\/RKS_Sparing-740x740.jpg",740,740,true],"team_logo":["https:\/\/sarmacjabedzin.pl\/wp-content\/uploads\/2025\/03\/RKS_Sparing-98x65.jpg",98,65,true],"player_stat_ava":["https:\/\/sarmacjabedzin.pl\/wp-content\/uploads\/2025\/03\/RKS_Sparing-550x580.jpg",550,580,true],"post-350-220":["https:\/\/sarmacjabedzin.pl\/wp-content\/uploads\/2025\/03\/RKS_Sparing-350x220.jpg",350,220,true],"post-275-142":["https:\/\/sarmacjabedzin.pl\/wp-content\/uploads\/2025\/03\/RKS_Sparing-275x142.jpg",275,142,true],"post-160-120":["https:\/\/sarmacjabedzin.pl\/wp-content\/uploads\/2025\/03\/RKS_Sparing-160x120.jpg",160,120,true],"post-110-70":["https:\/\/sarmacjabedzin.pl\/wp-content\/uploads\/2025\/03\/RKS_Sparing-110x70.jpg",110,70,true],"post-770-450":["https:\/\/sarmacjabedzin.pl\/wp-content\/uploads\/2025\/03\/RKS_Sparing-770x450.jpg",770,450,true],"post-370-210":["https:\/\/sarmacjabedzin.pl\/wp-content\/uploads\/2025\/03\/RKS_Sparing-370x210.jpg",370,210,true],"post-457-470":["https:\/\/sarmacjabedzin.pl\/wp-content\/uploads\/2025\/03\/RKS_Sparing-457x470.jpg",457,470,true],"post-370-420":["https:\/\/sarmacjabedzin.pl\/wp-content\/uploads\/2025\/03\/RKS_Sparing-370x420.jpg",370,420,true],"stm-445-445":["https:\/\/sarmacjabedzin.pl\/wp-content\/uploads\/2025\/03\/RKS_Sparing-445x445.jpg",445,445,true],"stm-555-460":["https:\/\/sarmacjabedzin.pl\/wp-content\/uploads\/2025\/03\/RKS_Sparing-555x460.jpg",555,460,true],"stm-350-450":["https:\/\/sarmacjabedzin.pl\/wp-content\/uploads\/2025\/03\/RKS_Sparing-350x450.jpg",350,450,true],"stm-720-440":["https:\/\/sarmacjabedzin.pl\/wp-content\/uploads\/2025\/03\/RKS_Sparing-720x440.jpg",720,440,true],"stm-270-270":["https:\/\/sarmacjabedzin.pl\/wp-content\/uploads\/2025\/03\/RKS_Sparing-270x270.jpg",270,270,true],"stm-760-450":["https:\/\/sarmacjabedzin.pl\/wp-content\/uploads\/2025\/03\/RKS_Sparing-760x450.jpg",760,450,true]},"rttpg_author":{"display_name":"tyrtak","author_link":false},"rttpg_comment":0,"rttpg_category":"<a href=\"https:\/\/sarmacjabedzin.pl\/index.php\/category\/blog\/\" rel=\"category tag\">Sparingi<\/a>","rttpg_excerpt":"Dnia 8.03.2025 o godz. 14:15 na sztucznej murawie b\u0119dzi\u0144skiego OSiR-u pi\u0142karze Sarmacji B\u0119dzin zmierzyli si\u0119 w meczu sparingowym z dru\u017cyn\u0105 RKS Grodziec (obecnie rezerwy Sarmacji). By\u0142 to ju\u017c ostatni sprawdzian podopiecznych trenera Micha\u0142a Pluty przed zbli\u017caj\u0105c\u0105 si\u0119 inauguracj\u0105 rundy wiosennej sezonu 2024\/2025. Zgodnie z przypuszczeniami, ju\u017c w 7. minucie Sarmaci prowadzili 1:0. Kamil Koster z...","_links":{"self":[{"href":"https:\/\/sarmacjabedzin.pl\/index.php\/wp-json\/wp\/v2\/posts\/8506","targetHints":{"allow":["GET"]}}],"collection":[{"href":"https:\/\/sarmacjabedzin.pl\/index.php\/wp-json\/wp\/v2\/posts"}],"about":[{"href":"https:\/\/sarmacjabedzin.pl\/index.php\/wp-json\/wp\/v2\/types\/post"}],"author":[{"embeddable":true,"href":"https:\/\/sarmacjabedzin.pl\/index.php\/wp-json\/wp\/v2\/users\/1"}],"replies":[{"embeddable":true,"href":"https:\/\/sarmacjabedzin.pl\/index.php\/wp-json\/wp\/v2\/comments?post=8506"}],"version-history":[{"count":1,"href":"https:\/\/sarmacjabedzin.pl\/index.php\/wp-json\/wp\/v2\/posts\/8506\/revisions"}],"predecessor-version":[{"id":8509,"href":"https:\/\/sarmacjabedzin.pl\/index.php\/wp-json\/wp\/v2\/posts\/8506\/revisions\/8509"}],"wp:featuredmedia":[{"embeddable":true,"href":"https:\/\/sarmacjabedzin.pl\/index.php\/wp-json\/wp\/v2\/media\/8507"}],"wp:attachment":[{"href":"https:\/\/sarmacjabedzin.pl\/index.php\/wp-json\/wp\/v2\/media?parent=8506"}],"wp:term":[{"taxonomy":"category","embeddable":true,"href":"https:\/\/sarmacjabedzin.pl\/index.php\/wp-json\/wp\/v2\/categories?post=8506"},{"taxonomy":"post_tag","embeddable":true,"href":"https:\/\/sarmacjabedzin.pl\/index.php\/wp-json\/wp\/v2\/tags?post=8506"}],"curies":[{"name":"wp","href":"https:\/\/api.w.org\/{rel}","templated":true}]}}